{"id":297,"date":"2026-09-02T18:30:29","date_gmt":"2026-09-02T21:30:29","guid":{"rendered":"https:\/\/noticiasmercedinas.com\/site\/?p=297"},"modified":"2026-09-02T18:43:38","modified_gmt":"2026-09-02T21:43:38","slug":"gimnasia-vencio-a-quilmes-en-mercedes-y-le-quito-el-invicto","status":"publish","type":"post","link":"https:\/\/noticiasmercedinas.com\/site\/2026\/09\/02\/gimnasia-vencio-a-quilmes-en-mercedes-y-le-quito-el-invicto\/","title":{"rendered":"Gimnasia venci\u00f3 a Quilmes en Mercedes y le quit\u00f3 el invicto"},"content":{"rendered":"<p><img loading=\"lazy\" decoding=\"async\" class=\"alignnone wp-image-298 size-full\" src=\"https:\/\/noticiasmercedinas.com\/site\/wp-content\/uploads\/2026\/09\/4f930921-d3cd-49ab-a43c-1f0465fdb783.jpg\" alt=\"\" width=\"640\" height=\"431\" srcset=\"https:\/\/noticiasmercedinas.com\/site\/wp-content\/uploads\/2026\/09\/4f930921-d3cd-49ab-a43c-1f0465fdb783.jpg 640w, https:\/\/noticiasmercedinas.com\/site\/wp-content\/uploads\/2026\/09\/4f930921-d3cd-49ab-a43c-1f0465fdb783-300x202.jpg 300w, https:\/\/noticiasmercedinas.com\/site\/wp-content\/uploads\/2026\/09\/4f930921-d3cd-49ab-a43c-1f0465fdb783-624x420.jpg 624w\" sizes=\"auto, (max-width: 640px) 100vw, 640px\" \/><\/p>\n<p>Gimnasia de Chivilcoy derrot\u00f3 anoche como visitante a Club Atl\u00e9tico Quilmes por 79 a 65 y le cort\u00f3 la racha positiva al conjunto mercedino, en el partido que marc\u00f3 el cierre de la tercera jornada del Torneo de Primera Divisi\u00f3n organizado por la Asociaci\u00f3n Chivilcoyana de B\u00e1squetbol (ACB).<\/p>\n<p>El encuentro se disput\u00f3 en el gimnasio \u00abRolo\u00bb Cardinal de la ciudad de Mercedes durante la noche del martes 1 de septiembre. La visita logr\u00f3 imponer su juego frente a un Quilmes que ven\u00eda de adjudicarse dos triunfos consecutivos en el arranque del certamen y que no pudo sostener el ritmo en su cancha.<\/p>\n<p>El conjunto local, dirigido por Jos\u00e9 Giallorenzo, salt\u00f3 al campo de juego con un quinteto inicial conformado por Francisco Dinova (12 puntos), Patricio Moner (18) \u2014m\u00e1ximo anotador del elenco cervecero\u2014, Ciro Cosentino (12), Tom\u00e1s Lencioni y Francisco Mc Cormack (13). Durante el desarrollo del cotejo sumaron minutos desde el banco de relevos Joaqu\u00edn Cabanas (6), Gonzalo Alvarez (2), Benjam\u00edn Cortessi (2), Ariel Vallejos, Juan Repetto y Juan Crevani, mientras que Joaqu\u00edn Lisciotto no registr\u00f3 ingresos.<\/p>\n<p>La jornada de la ACB se complet\u00f3 con marcadores abultados en los dem\u00e1s compromisos del certamen local:<\/p>\n<ul>\n<li><strong>Racing<\/strong> 100 \u2013 Sportivo 25 de Mayo 81.<\/li>\n<li><strong>San Lorenzo<\/strong> 87 \u2013 Bragado Club 64.<\/li>\n<li><strong>Col\u00f3n<\/strong> 75 \u2013 Argentino 29.<\/li>\n<\/ul>\n","protected":false},"excerpt":{"rendered":"<p>\u25a0 El equipo chivilcoyano se impuso por 79 a 65 en el gimnasio \u00abRolo\u00bb Cardinal en el cierre de la tercera fecha del torneo de Primera Divisi\u00f3n de la ACB.<\/p>\n","protected":false},"author":2,"featured_media":298,"comment_status":"open","ping_status":"open","sticky":false,"template":"","format":"standard","meta":{"footnotes":""},"categories":[21],"tags":[57,59,58],"class_list":["post-297","post","type-post","status-publish","format-standard","has-post-thumbnail","hentry","category-deportes","tag-achb","tag-asociacion-chivilcoyana-de-basquetbol","tag-quilmes"],"yoast_head":"<!-- This site is optimized with the Yoast SEO plugin v28.4 - https:\/\/yoast.com\/product\/yoast-seo-wordpress\/ -->\n<title>Gimnasia venci\u00f3 a Quilmes en Mercedes y le quit\u00f3 el invicto - Noticias Mercedinas<\/title>\n<meta name=\"description\" content=\"El equipo chivilcoyano se impuso por 79 a 65 en el gimnasio &quot;Rolo&quot; Cardinal en el cierre de la tercera fecha del torneo de Primera Divisi\u00f3n de la ACB.\" \/>\n<meta name=\"robots\" content=\"index, follow, max-snippet:-1, max-image-preview:large, max-video-preview:-1\" \/>\n<link rel=\"canonical\" href=\"https:\/\/noticiasmercedinas.com\/site\/2026\/09\/02\/gimnasia-vencio-a-quilmes-en-mercedes-y-le-quito-el-invicto\/\" \/>\n<meta property=\"og:locale\" content=\"es_ES\" \/>\n<meta property=\"og:type\" content=\"article\" \/>\n<meta property=\"og:title\" content=\"Gimnasia venci\u00f3 a Quilmes en Mercedes y le quit\u00f3 el invicto - Noticias Mercedinas\" \/>\n<meta property=\"og:description\" content=\"El equipo chivilcoyano se impuso por 79 a 65 en el gimnasio &quot;Rolo&quot; Cardinal en el cierre de la tercera fecha del torneo de Primera Divisi\u00f3n de la ACB.\" \/>\n<meta property=\"og:url\" content=\"https:\/\/noticiasmercedinas.com\/site\/2026\/09\/02\/gimnasia-vencio-a-quilmes-en-mercedes-y-le-quito-el-invicto\/\" \/>\n<meta property=\"og:site_name\" content=\"Noticias Mercedinas\" \/>\n<meta property=\"article:published_time\" content=\"2026-09-02T21:30:29+00:00\" \/>\n<meta property=\"article:modified_time\" content=\"2026-09-02T21:43:38+00:00\" \/>\n<meta property=\"og:image\" content=\"https:\/\/noticiasmercedinas.com\/site\/wp-content\/uploads\/2026\/09\/4f930921-d3cd-49ab-a43c-1f0465fdb783.jpg\" \/>\n\t<meta property=\"og:image:width\" content=\"640\" \/>\n\t<meta property=\"og:image:height\" content=\"431\" \/>\n\t<meta property=\"og:image:type\" content=\"image\/jpeg\" \/>\n<meta name=\"author\" content=\"Juan Dagnino\" \/>\n<meta name=\"twitter:card\" content=\"summary_large_image\" \/>\n<meta name=\"twitter:label1\" content=\"Escrito por\" \/>\n\t<meta name=\"twitter:data1\" content=\"Juan Dagnino\" \/>\n\t<meta name=\"twitter:label2\" content=\"Tiempo de lectura\" \/>\n\t<meta name=\"twitter:data2\" content=\"2 minutos\" \/>\n<script type=\"application\/ld+json\" class=\"yoast-schema-graph\">{\"@context\":\"https:\\\/\\\/schema.org\",\"@graph\":[{\"@type\":\"Article\",\"@id\":\"https:\\\/\\\/noticiasmercedinas.com\\\/site\\\/2026\\\/09\\\/02\\\/gimnasia-vencio-a-quilmes-en-mercedes-y-le-quito-el-invicto\\\/#article\",\"isPartOf\":{\"@id\":\"https:\\\/\\\/noticiasmercedinas.com\\\/site\\\/2026\\\/09\\\/02\\\/gimnasia-vencio-a-quilmes-en-mercedes-y-le-quito-el-invicto\\\/\"},\"author\":{\"name\":\"Juan Dagnino\",\"@id\":\"https:\\\/\\\/noticiasmercedinas.com\\\/site\\\/#\\\/schema\\\/person\\\/b25f2883e4fd6f0be6beadb609baaa59\"},\"headline\":\"Gimnasia venci\u00f3 a Quilmes en Mercedes y le quit\u00f3 el invicto\",\"datePublished\":\"2026-09-02T21:30:29+00:00\",\"dateModified\":\"2026-09-02T21:43:38+00:00\",\"mainEntityOfPage\":{\"@id\":\"https:\\\/\\\/noticiasmercedinas.com\\\/site\\\/2026\\\/09\\\/02\\\/gimnasia-vencio-a-quilmes-en-mercedes-y-le-quito-el-invicto\\\/\"},\"wordCount\":217,\"commentCount\":0,\"image\":{\"@id\":\"https:\\\/\\\/noticiasmercedinas.com\\\/site\\\/2026\\\/09\\\/02\\\/gimnasia-vencio-a-quilmes-en-mercedes-y-le-quito-el-invicto\\\/#primaryimage\"},\"thumbnailUrl\":\"https:\\\/\\\/noticiasmercedinas.com\\\/site\\\/wp-content\\\/uploads\\\/2026\\\/09\\\/4f930921-d3cd-49ab-a43c-1f0465fdb783.jpg\",\"keywords\":[\"ACHB\",\"asociacion chivilcoyana de basquetbol\",\"quilmes\"],\"articleSection\":[\"Deportes\"],\"inLanguage\":\"es\",\"potentialAction\":[{\"@type\":\"CommentAction\",\"name\":\"Comment\",\"target\":[\"https:\\\/\\\/noticiasmercedinas.com\\\/site\\\/2026\\\/09\\\/02\\\/gimnasia-vencio-a-quilmes-en-mercedes-y-le-quito-el-invicto\\\/#respond\"]}]},{\"@type\":\"WebPage\",\"@id\":\"https:\\\/\\\/noticiasmercedinas.com\\\/site\\\/2026\\\/09\\\/02\\\/gimnasia-vencio-a-quilmes-en-mercedes-y-le-quito-el-invicto\\\/\",\"url\":\"https:\\\/\\\/noticiasmercedinas.com\\\/site\\\/2026\\\/09\\\/02\\\/gimnasia-vencio-a-quilmes-en-mercedes-y-le-quito-el-invicto\\\/\",\"name\":\"Gimnasia venci\u00f3 a Quilmes en Mercedes y le quit\u00f3 el invicto - Noticias Mercedinas\",\"isPartOf\":{\"@id\":\"https:\\\/\\\/noticiasmercedinas.com\\\/site\\\/#website\"},\"primaryImageOfPage\":{\"@id\":\"https:\\\/\\\/noticiasmercedinas.com\\\/site\\\/2026\\\/09\\\/02\\\/gimnasia-vencio-a-quilmes-en-mercedes-y-le-quito-el-invicto\\\/#primaryimage\"},\"image\":{\"@id\":\"https:\\\/\\\/noticiasmercedinas.com\\\/site\\\/2026\\\/09\\\/02\\\/gimnasia-vencio-a-quilmes-en-mercedes-y-le-quito-el-invicto\\\/#primaryimage\"},\"thumbnailUrl\":\"https:\\\/\\\/noticiasmercedinas.com\\\/site\\\/wp-content\\\/uploads\\\/2026\\\/09\\\/4f930921-d3cd-49ab-a43c-1f0465fdb783.jpg\",\"datePublished\":\"2026-09-02T21:30:29+00:00\",\"dateModified\":\"2026-09-02T21:43:38+00:00\",\"author\":{\"@id\":\"https:\\\/\\\/noticiasmercedinas.com\\\/site\\\/#\\\/schema\\\/person\\\/b25f2883e4fd6f0be6beadb609baaa59\"},\"description\":\"El equipo chivilcoyano se impuso por 79 a 65 en el gimnasio \\\"Rolo\\\" Cardinal en el cierre de la tercera fecha del torneo de Primera Divisi\u00f3n de la ACB.\",\"breadcrumb\":{\"@id\":\"https:\\\/\\\/noticiasmercedinas.com\\\/site\\\/2026\\\/09\\\/02\\\/gimnasia-vencio-a-quilmes-en-mercedes-y-le-quito-el-invicto\\\/#breadcrumb\"},\"inLanguage\":\"es\",\"potentialAction\":[{\"@type\":\"ReadAction\",\"target\":[\"https:\\\/\\\/noticiasmercedinas.com\\\/site\\\/2026\\\/09\\\/02\\\/gimnasia-vencio-a-quilmes-en-mercedes-y-le-quito-el-invicto\\\/\"]}]},{\"@type\":\"ImageObject\",\"inLanguage\":\"es\",\"@id\":\"https:\\\/\\\/noticiasmercedinas.com\\\/site\\\/2026\\\/09\\\/02\\\/gimnasia-vencio-a-quilmes-en-mercedes-y-le-quito-el-invicto\\\/#primaryimage\",\"url\":\"https:\\\/\\\/noticiasmercedinas.com\\\/site\\\/wp-content\\\/uploads\\\/2026\\\/09\\\/4f930921-d3cd-49ab-a43c-1f0465fdb783.jpg\",\"contentUrl\":\"https:\\\/\\\/noticiasmercedinas.com\\\/site\\\/wp-content\\\/uploads\\\/2026\\\/09\\\/4f930921-d3cd-49ab-a43c-1f0465fdb783.jpg\",\"width\":640,\"height\":431},{\"@type\":\"BreadcrumbList\",\"@id\":\"https:\\\/\\\/noticiasmercedinas.com\\\/site\\\/2026\\\/09\\\/02\\\/gimnasia-vencio-a-quilmes-en-mercedes-y-le-quito-el-invicto\\\/#breadcrumb\",\"itemListElement\":[{\"@type\":\"ListItem\",\"position\":1,\"name\":\"Portada\",\"item\":\"https:\\\/\\\/noticiasmercedinas.com\\\/site\\\/\"},{\"@type\":\"ListItem\",\"position\":2,\"name\":\"Gimnasia venci\u00f3 a Quilmes en Mercedes y le quit\u00f3 el invicto\"}]},{\"@type\":\"WebSite\",\"@id\":\"https:\\\/\\\/noticiasmercedinas.com\\\/site\\\/#website\",\"url\":\"https:\\\/\\\/noticiasmercedinas.com\\\/site\\\/\",\"name\":\"Noticias Mercedinas\",\"description\":\"\",\"potentialAction\":[{\"@type\":\"SearchAction\",\"target\":{\"@type\":\"EntryPoint\",\"urlTemplate\":\"https:\\\/\\\/noticiasmercedinas.com\\\/site\\\/?s={search_term_string}\"},\"query-input\":{\"@type\":\"PropertyValueSpecification\",\"valueRequired\":true,\"valueName\":\"search_term_string\"}}],\"inLanguage\":\"es\"},{\"@type\":\"Person\",\"@id\":\"https:\\\/\\\/noticiasmercedinas.com\\\/site\\\/#\\\/schema\\\/person\\\/b25f2883e4fd6f0be6beadb609baaa59\",\"name\":\"Juan Dagnino\",\"image\":{\"@type\":\"ImageObject\",\"inLanguage\":\"es\",\"@id\":\"https:\\\/\\\/secure.gravatar.com\\\/avatar\\\/fc7059a769f5a3cae65fadb228a3e4accf3a64b4b2305020d0a27e6d5333c91b?s=96&d=mm&r=g\",\"url\":\"https:\\\/\\\/secure.gravatar.com\\\/avatar\\\/fc7059a769f5a3cae65fadb228a3e4accf3a64b4b2305020d0a27e6d5333c91b?s=96&d=mm&r=g\",\"contentUrl\":\"https:\\\/\\\/secure.gravatar.com\\\/avatar\\\/fc7059a769f5a3cae65fadb228a3e4accf3a64b4b2305020d0a27e6d5333c91b?s=96&d=mm&r=g\",\"caption\":\"Juan Dagnino\"},\"url\":\"https:\\\/\\\/noticiasmercedinas.com\\\/site\\\/author\\\/juandagnino\\\/\"}]}<\/script>\n<!-- \/ Yoast SEO plugin. -->","yoast_head_json":{"title":"Gimnasia venci\u00f3 a Quilmes en Mercedes y le quit\u00f3 el invicto - Noticias Mercedinas","description":"El equipo chivilcoyano se impuso por 79 a 65 en el gimnasio \"Rolo\" Cardinal en el cierre de la tercera fecha del torneo de Primera Divisi\u00f3n de la ACB.","robots":{"index":"index","follow":"follow","max-snippet":"max-snippet:-1","max-image-preview":"max-image-preview:large","max-video-preview":"max-video-preview:-1"},"canonical":"https:\/\/noticiasmercedinas.com\/site\/2026\/09\/02\/gimnasia-vencio-a-quilmes-en-mercedes-y-le-quito-el-invicto\/","og_locale":"es_ES","og_type":"article","og_title":"Gimnasia venci\u00f3 a Quilmes en Mercedes y le quit\u00f3 el invicto - Noticias Mercedinas","og_description":"El equipo chivilcoyano se impuso por 79 a 65 en el gimnasio \"Rolo\" Cardinal en el cierre de la tercera fecha del torneo de Primera Divisi\u00f3n de la ACB.","og_url":"https:\/\/noticiasmercedinas.com\/site\/2026\/09\/02\/gimnasia-vencio-a-quilmes-en-mercedes-y-le-quito-el-invicto\/","og_site_name":"Noticias Mercedinas","article_published_time":"2026-09-02T21:30:29+00:00","article_modified_time":"2026-09-02T21:43:38+00:00","og_image":[{"width":640,"height":431,"url":"https:\/\/noticiasmercedinas.com\/site\/wp-content\/uploads\/2026\/09\/4f930921-d3cd-49ab-a43c-1f0465fdb783.jpg","type":"image\/jpeg"}],"author":"Juan Dagnino","twitter_card":"summary_large_image","twitter_misc":{"Escrito por":"Juan Dagnino","Tiempo de lectura":"2 minutos"},"schema":{"@context":"https:\/\/schema.org","@graph":[{"@type":"Article","@id":"https:\/\/noticiasmercedinas.com\/site\/2026\/09\/02\/gimnasia-vencio-a-quilmes-en-mercedes-y-le-quito-el-invicto\/#article","isPartOf":{"@id":"https:\/\/noticiasmercedinas.com\/site\/2026\/09\/02\/gimnasia-vencio-a-quilmes-en-mercedes-y-le-quito-el-invicto\/"},"author":{"name":"Juan Dagnino","@id":"https:\/\/noticiasmercedinas.com\/site\/#\/schema\/person\/b25f2883e4fd6f0be6beadb609baaa59"},"headline":"Gimnasia venci\u00f3 a Quilmes en Mercedes y le quit\u00f3 el invicto","datePublished":"2026-09-02T21:30:29+00:00","dateModified":"2026-09-02T21:43:38+00:00","mainEntityOfPage":{"@id":"https:\/\/noticiasmercedinas.com\/site\/2026\/09\/02\/gimnasia-vencio-a-quilmes-en-mercedes-y-le-quito-el-invicto\/"},"wordCount":217,"commentCount":0,"image":{"@id":"https:\/\/noticiasmercedinas.com\/site\/2026\/09\/02\/gimnasia-vencio-a-quilmes-en-mercedes-y-le-quito-el-invicto\/#primaryimage"},"thumbnailUrl":"https:\/\/noticiasmercedinas.com\/site\/wp-content\/uploads\/2026\/09\/4f930921-d3cd-49ab-a43c-1f0465fdb783.jpg","keywords":["ACHB","asociacion chivilcoyana de basquetbol","quilmes"],"articleSection":["Deportes"],"inLanguage":"es","potentialAction":[{"@type":"CommentAction","name":"Comment","target":["https:\/\/noticiasmercedinas.com\/site\/2026\/09\/02\/gimnasia-vencio-a-quilmes-en-mercedes-y-le-quito-el-invicto\/#respond"]}]},{"@type":"WebPage","@id":"https:\/\/noticiasmercedinas.com\/site\/2026\/09\/02\/gimnasia-vencio-a-quilmes-en-mercedes-y-le-quito-el-invicto\/","url":"https:\/\/noticiasmercedinas.com\/site\/2026\/09\/02\/gimnasia-vencio-a-quilmes-en-mercedes-y-le-quito-el-invicto\/","name":"Gimnasia venci\u00f3 a Quilmes en Mercedes y le quit\u00f3 el invicto - Noticias Mercedinas","isPartOf":{"@id":"https:\/\/noticiasmercedinas.com\/site\/#website"},"primaryImageOfPage":{"@id":"https:\/\/noticiasmercedinas.com\/site\/2026\/09\/02\/gimnasia-vencio-a-quilmes-en-mercedes-y-le-quito-el-invicto\/#primaryimage"},"image":{"@id":"https:\/\/noticiasmercedinas.com\/site\/2026\/09\/02\/gimnasia-vencio-a-quilmes-en-mercedes-y-le-quito-el-invicto\/#primaryimage"},"thumbnailUrl":"https:\/\/noticiasmercedinas.com\/site\/wp-content\/uploads\/2026\/09\/4f930921-d3cd-49ab-a43c-1f0465fdb783.jpg","datePublished":"2026-09-02T21:30:29+00:00","dateModified":"2026-09-02T21:43:38+00:00","author":{"@id":"https:\/\/noticiasmercedinas.com\/site\/#\/schema\/person\/b25f2883e4fd6f0be6beadb609baaa59"},"description":"El equipo chivilcoyano se impuso por 79 a 65 en el gimnasio \"Rolo\" Cardinal en el cierre de la tercera fecha del torneo de Primera Divisi\u00f3n de la ACB.","breadcrumb":{"@id":"https:\/\/noticiasmercedinas.com\/site\/2026\/09\/02\/gimnasia-vencio-a-quilmes-en-mercedes-y-le-quito-el-invicto\/#breadcrumb"},"inLanguage":"es","potentialAction":[{"@type":"ReadAction","target":["https:\/\/noticiasmercedinas.com\/site\/2026\/09\/02\/gimnasia-vencio-a-quilmes-en-mercedes-y-le-quito-el-invicto\/"]}]},{"@type":"ImageObject","inLanguage":"es","@id":"https:\/\/noticiasmercedinas.com\/site\/2026\/09\/02\/gimnasia-vencio-a-quilmes-en-mercedes-y-le-quito-el-invicto\/#primaryimage","url":"https:\/\/noticiasmercedinas.com\/site\/wp-content\/uploads\/2026\/09\/4f930921-d3cd-49ab-a43c-1f0465fdb783.jpg","contentUrl":"https:\/\/noticiasmercedinas.com\/site\/wp-content\/uploads\/2026\/09\/4f930921-d3cd-49ab-a43c-1f0465fdb783.jpg","width":640,"height":431},{"@type":"BreadcrumbList","@id":"https:\/\/noticiasmercedinas.com\/site\/2026\/09\/02\/gimnasia-vencio-a-quilmes-en-mercedes-y-le-quito-el-invicto\/#breadcrumb","itemListElement":[{"@type":"ListItem","position":1,"name":"Portada","item":"https:\/\/noticiasmercedinas.com\/site\/"},{"@type":"ListItem","position":2,"name":"Gimnasia venci\u00f3 a Quilmes en Mercedes y le quit\u00f3 el invicto"}]},{"@type":"WebSite","@id":"https:\/\/noticiasmercedinas.com\/site\/#website","url":"https:\/\/noticiasmercedinas.com\/site\/","name":"Noticias Mercedinas","description":"","potentialAction":[{"@type":"SearchAction","target":{"@type":"EntryPoint","urlTemplate":"https:\/\/noticiasmercedinas.com\/site\/?s={search_term_string}"},"query-input":{"@type":"PropertyValueSpecification","valueRequired":true,"valueName":"search_term_string"}}],"inLanguage":"es"},{"@type":"Person","@id":"https:\/\/noticiasmercedinas.com\/site\/#\/schema\/person\/b25f2883e4fd6f0be6beadb609baaa59","name":"Juan Dagnino","image":{"@type":"ImageObject","inLanguage":"es","@id":"https:\/\/secure.gravatar.com\/avatar\/fc7059a769f5a3cae65fadb228a3e4accf3a64b4b2305020d0a27e6d5333c91b?s=96&d=mm&r=g","url":"https:\/\/secure.gravatar.com\/avatar\/fc7059a769f5a3cae65fadb228a3e4accf3a64b4b2305020d0a27e6d5333c91b?s=96&d=mm&r=g","contentUrl":"https:\/\/secure.gravatar.com\/avatar\/fc7059a769f5a3cae65fadb228a3e4accf3a64b4b2305020d0a27e6d5333c91b?s=96&d=mm&r=g","caption":"Juan Dagnino"},"url":"https:\/\/noticiasmercedinas.com\/site\/author\/juandagnino\/"}]}},"_links":{"self":[{"href":"https:\/\/noticiasmercedinas.com\/site\/wp-json\/wp\/v2\/posts\/297","targetHints":{"allow":["GET"]}}],"collection":[{"href":"https:\/\/noticiasmercedinas.com\/site\/wp-json\/wp\/v2\/posts"}],"about":[{"href":"https:\/\/noticiasmercedinas.com\/site\/wp-json\/wp\/v2\/types\/post"}],"author":[{"embeddable":true,"href":"https:\/\/noticiasmercedinas.com\/site\/wp-json\/wp\/v2\/users\/2"}],"replies":[{"embeddable":true,"href":"https:\/\/noticiasmercedinas.com\/site\/wp-json\/wp\/v2\/comments?post=297"}],"version-history":[{"count":2,"href":"https:\/\/noticiasmercedinas.com\/site\/wp-json\/wp\/v2\/posts\/297\/revisions"}],"predecessor-version":[{"id":301,"href":"https:\/\/noticiasmercedinas.com\/site\/wp-json\/wp\/v2\/posts\/297\/revisions\/301"}],"wp:featuredmedia":[{"embeddable":true,"href":"https:\/\/noticiasmercedinas.com\/site\/wp-json\/wp\/v2\/media\/298"}],"wp:attachment":[{"href":"https:\/\/noticiasmercedinas.com\/site\/wp-json\/wp\/v2\/media?parent=297"}],"wp:term":[{"taxonomy":"category","embeddable":true,"href":"https:\/\/noticiasmercedinas.com\/site\/wp-json\/wp\/v2\/categories?post=297"},{"taxonomy":"post_tag","embeddable":true,"href":"https:\/\/noticiasmercedinas.com\/site\/wp-json\/wp\/v2\/tags?post=297"}],"curies":[{"name":"wp","href":"https:\/\/api.w.org\/{rel}","templated":true}]}}