{"id":29726,"date":"2019-10-01T15:12:39","date_gmt":"2019-10-01T18:12:39","guid":{"rendered":"https:\/\/noticiasmercedinas.com\/site\/?p=29726"},"modified":"2019-10-01T15:14:44","modified_gmt":"2019-10-01T18:14:44","slug":"tras-incendio-de-sigma-asamblea-mercedina-por-la-agroecologia-exige-informacion-fidedigna-y-oficial","status":"publish","type":"post","link":"https:\/\/noticiasmercedinas.com\/site\/2019\/10\/01\/tras-incendio-de-sigma-asamblea-mercedina-por-la-agroecologia-exige-informacion-fidedigna-y-oficial\/","title":{"rendered":"Tras incendio de Sigma, Asamblea Mercedina por la Agroecolog\u00eda exige \u201cinformaci\u00f3n fidedigna y oficial\u201d"},"content":{"rendered":"<p><img loading=\"lazy\" decoding=\"async\" class=\"alignnone size-full wp-image-29727\" src=\"https:\/\/noticiasmercedinas.com\/site\/wp-content\/uploads\/2019\/10\/91e23492-bb9b-4795-8081-e820aff640da.jpg\" alt=\"\" width=\"960\" height=\"466\" srcset=\"https:\/\/noticiasmercedinas.com\/site\/wp-content\/uploads\/2019\/10\/91e23492-bb9b-4795-8081-e820aff640da.jpg 960w, https:\/\/noticiasmercedinas.com\/site\/wp-content\/uploads\/2019\/10\/91e23492-bb9b-4795-8081-e820aff640da-300x146.jpg 300w, https:\/\/noticiasmercedinas.com\/site\/wp-content\/uploads\/2019\/10\/91e23492-bb9b-4795-8081-e820aff640da-768x373.jpg 768w, https:\/\/noticiasmercedinas.com\/site\/wp-content\/uploads\/2019\/10\/91e23492-bb9b-4795-8081-e820aff640da-640x311.jpg 640w, https:\/\/noticiasmercedinas.com\/site\/wp-content\/uploads\/2019\/10\/91e23492-bb9b-4795-8081-e820aff640da-681x331.jpg 681w\" sizes=\"auto, (max-width: 960px) 100vw, 960px\" \/><\/p>\n<p>Tras el <a href=\"https:\/\/noticiasmercedinas.com\/site\/2019\/09\/27\/incendio-de-grandes-proporciones-en-planta-de-agroquimicos-de-la-verde-un-herido\/\" target=\"_blank\" rel=\"noopener noreferrer\"><strong><span style=\"color: #000080;\">incendio acontecido en La Verde, Partido de Mercedes, en la planta de agroqu\u00edmicos Sigma<\/span><\/strong><\/a>, la Asamblea Mercedina por la Agroecolog\u00eda (AMA) expres\u00f3 su preocupaci\u00f3n y solicit\u00f3 \u201cinformaci\u00f3n a las autoridades municipales y provinciales, seg\u00fan corresponda la autoridad interviniente\u201d.<\/p>\n<p>\u201cSolicitamos se informe a la poblaci\u00f3n sobre cu\u00e1les son los protocolos vigentes de seguridad en emprendimientos de esta clase, que requieren especial cuidado dado su manejo de agentes qu\u00edmicos de caracter\u00edsticas t\u00f3xicas. As\u00ed como tambi\u00e9n si la planta contaba con medidas anti derrame y de contenci\u00f3n de fuego. Se pide se expongan los certificados de habilitaci\u00f3n que, seg\u00fan entendemos, son provinciales: para qu\u00e9 actividad cuenta con habilitaci\u00f3n la empresa y cu\u00e1les son los requisitos de habilitaci\u00f3n. Tambi\u00e9n cu\u00e1ndo han sido realizadas las \u00faltimas inspecciones\u201d, dijeron y solicitaron \u201cinventario detallado de los productos que se incendiaron, y que se convoque a entidades estatales para elaborar un informe de impacto ambiental disponible para toda la poblaci\u00f3n\u201d.<\/p>\n<p>\u201cTambi\u00e9n que se despliegue un campamento sanitario que pueda evaluar la salud de la poblaci\u00f3n de la zona a trav\u00e9s del tiempo, por la exposici\u00f3n al viento que ha desparramado los productos combustionados en los alrededores. Adem\u00e1s que se informe a la poblaci\u00f3n la situaci\u00f3n de salud y las circunstancias en las que se accident\u00f3 la v\u00edctima del incendio que trabajaba en el predio\u201d, agregaron.<\/p>\n<p>Por \u00faltimo, y \u201ca fin preventivo de la salud de la poblaci\u00f3n, que hasta tanto no se tenga un informe oficial de impacto ambiental se provea a los vecinos de agua potable para consumo humano\u201d.<\/p>\n<p>\u201cLa poblaci\u00f3n de Mercedes merece informaci\u00f3n fidedigna y oficial ya que es un tema de salud p\u00fablica\u201d, indicaron desde la AMA.<\/p>\n","protected":false},"excerpt":{"rendered":"<p>Tras el incendio acontecido en La Verde, Partido de Mercedes, en la planta de agroqu\u00edmicos Sigma, la Asamblea Mercedina por la Agroecolog\u00eda (AMA) expres\u00f3 su preocupaci\u00f3n y solicit\u00f3 \u201cinformaci\u00f3n a las autoridades municipales y provinciales, seg\u00fan corresponda la autoridad interviniente\u201d. \u201cSolicitamos se informe a la poblaci\u00f3n sobre cu\u00e1les son los protocolos vigentes de seguridad en [&hellip;]<\/p>\n","protected":false},"author":16,"featured_media":29727,"comment_status":"open","ping_status":"open","sticky":false,"template":"","format":"standard","meta":{"footnotes":""},"categories":[5754],"tags":[3314,1746,6258,146,6638],"class_list":["post-29726","post","type-post","status-publish","format-standard","has-post-thumbnail","hentry","category-medio-ambiente","tag-agroquimicos","tag-incendio","tag-la-verde","tag-medio-ambiente","tag-sigma"],"yoast_head":"<!-- This site is optimized with the Yoast SEO plugin v27.4 - https:\/\/yoast.com\/product\/yoast-seo-wordpress\/ -->\n<title>Tras incendio de Sigma, Asamblea Mercedina por la Agroecolog\u00eda exige \u201cinformaci\u00f3n fidedigna y oficial\u201d<\/title>\n<meta name=\"robots\" content=\"index, follow, max-snippet:-1, max-image-preview:large, max-video-preview:-1\" \/>\n<link rel=\"canonical\" href=\"https:\/\/noticiasmercedinas.com\/site\/2019\/10\/01\/tras-incendio-de-sigma-asamblea-mercedina-por-la-agroecologia-exige-informacion-fidedigna-y-oficial\/\" \/>\n<meta property=\"og:locale\" content=\"es_ES\" \/>\n<meta property=\"og:type\" content=\"article\" \/>\n<meta property=\"og:title\" content=\"Tras incendio de Sigma, Asamblea Mercedina por la Agroecolog\u00eda exige \u201cinformaci\u00f3n fidedigna y oficial\u201d\" \/>\n<meta property=\"og:description\" content=\"Tras el incendio acontecido en La Verde, Partido de Mercedes, en la planta de agroqu\u00edmicos Sigma, la Asamblea Mercedina por la Agroecolog\u00eda (AMA) expres\u00f3 su preocupaci\u00f3n y solicit\u00f3 \u201cinformaci\u00f3n a las autoridades municipales y provinciales, seg\u00fan corresponda la autoridad interviniente\u201d. \u201cSolicitamos se informe a la poblaci\u00f3n sobre cu\u00e1les son los protocolos vigentes de seguridad en [&hellip;]\" \/>\n<meta property=\"og:url\" content=\"https:\/\/noticiasmercedinas.com\/site\/2019\/10\/01\/tras-incendio-de-sigma-asamblea-mercedina-por-la-agroecologia-exige-informacion-fidedigna-y-oficial\/\" \/>\n<meta property=\"og:site_name\" content=\"NOTICIASMERCEDINAS.COM\" \/>\n<meta property=\"article:publisher\" content=\"https:\/\/www.facebook.com\/noticiasmercedinas\/\" \/>\n<meta property=\"article:published_time\" content=\"2019-10-01T18:12:39+00:00\" \/>\n<meta property=\"article:modified_time\" content=\"2019-10-01T18:14:44+00:00\" \/>\n<meta property=\"og:image\" content=\"https:\/\/noticiasmercedinas.com\/site\/wp-content\/uploads\/2019\/10\/91e23492-bb9b-4795-8081-e820aff640da.jpg\" \/>\n\t<meta property=\"og:image:width\" content=\"960\" \/>\n\t<meta property=\"og:image:height\" content=\"466\" \/>\n\t<meta property=\"og:image:type\" content=\"image\/jpeg\" \/>\n<meta name=\"author\" content=\"NOTICIASMERCEDINAS.COM\" \/>\n<meta name=\"twitter:card\" content=\"summary_large_image\" \/>\n<meta name=\"twitter:creator\" content=\"@notmercedinas\" \/>\n<meta name=\"twitter:site\" content=\"@notmercedinas\" \/>\n<meta name=\"twitter:label1\" content=\"Escrito por\" \/>\n\t<meta name=\"twitter:data1\" content=\"NOTICIASMERCEDINAS.COM\" \/>\n\t<meta name=\"twitter:label2\" content=\"Tiempo de lectura\" \/>\n\t<meta name=\"twitter:data2\" content=\"2 minutos\" \/>\n<script type=\"application\/ld+json\" class=\"yoast-schema-graph\">{\"@context\":\"https:\\\/\\\/schema.org\",\"@graph\":[{\"@type\":\"Article\",\"@id\":\"https:\\\/\\\/noticiasmercedinas.com\\\/site\\\/2019\\\/10\\\/01\\\/tras-incendio-de-sigma-asamblea-mercedina-por-la-agroecologia-exige-informacion-fidedigna-y-oficial\\\/#article\",\"isPartOf\":{\"@id\":\"https:\\\/\\\/noticiasmercedinas.com\\\/site\\\/2019\\\/10\\\/01\\\/tras-incendio-de-sigma-asamblea-mercedina-por-la-agroecologia-exige-informacion-fidedigna-y-oficial\\\/\"},\"author\":{\"name\":\"NOTICIASMERCEDINAS.COM\",\"@id\":\"https:\\\/\\\/noticiasmercedinas.com\\\/site\\\/#\\\/schema\\\/person\\\/84b59c099c28ff2e8b77d4ceec5d8063\"},\"headline\":\"Tras incendio de Sigma, Asamblea Mercedina por la Agroecolog\u00eda exige \u201cinformaci\u00f3n fidedigna y oficial\u201d\",\"datePublished\":\"2019-10-01T18:12:39+00:00\",\"dateModified\":\"2019-10-01T18:14:44+00:00\",\"mainEntityOfPage\":{\"@id\":\"https:\\\/\\\/noticiasmercedinas.com\\\/site\\\/2019\\\/10\\\/01\\\/tras-incendio-de-sigma-asamblea-mercedina-por-la-agroecologia-exige-informacion-fidedigna-y-oficial\\\/\"},\"wordCount\":323,\"commentCount\":0,\"publisher\":{\"@id\":\"https:\\\/\\\/noticiasmercedinas.com\\\/site\\\/#organization\"},\"image\":{\"@id\":\"https:\\\/\\\/noticiasmercedinas.com\\\/site\\\/2019\\\/10\\\/01\\\/tras-incendio-de-sigma-asamblea-mercedina-por-la-agroecologia-exige-informacion-fidedigna-y-oficial\\\/#primaryimage\"},\"thumbnailUrl\":\"https:\\\/\\\/noticiasmercedinas.com\\\/site\\\/wp-content\\\/uploads\\\/2019\\\/10\\\/91e23492-bb9b-4795-8081-e820aff640da.jpg\",\"keywords\":[\"Agroqu\u00edmicos\",\"incendio\",\"la verde\",\"medio ambiente\",\"sigma\"],\"articleSection\":[\"Ambiente\"],\"inLanguage\":\"es\",\"potentialAction\":[{\"@type\":\"CommentAction\",\"name\":\"Comment\",\"target\":[\"https:\\\/\\\/noticiasmercedinas.com\\\/site\\\/2019\\\/10\\\/01\\\/tras-incendio-de-sigma-asamblea-mercedina-por-la-agroecologia-exige-informacion-fidedigna-y-oficial\\\/#respond\"]}]},{\"@type\":\"WebPage\",\"@id\":\"https:\\\/\\\/noticiasmercedinas.com\\\/site\\\/2019\\\/10\\\/01\\\/tras-incendio-de-sigma-asamblea-mercedina-por-la-agroecologia-exige-informacion-fidedigna-y-oficial\\\/\",\"url\":\"https:\\\/\\\/noticiasmercedinas.com\\\/site\\\/2019\\\/10\\\/01\\\/tras-incendio-de-sigma-asamblea-mercedina-por-la-agroecologia-exige-informacion-fidedigna-y-oficial\\\/\",\"name\":\"Tras incendio de Sigma, Asamblea Mercedina por la Agroecolog\u00eda exige \u201cinformaci\u00f3n fidedigna y oficial\u201d\",\"isPartOf\":{\"@id\":\"https:\\\/\\\/noticiasmercedinas.com\\\/site\\\/#website\"},\"primaryImageOfPage\":{\"@id\":\"https:\\\/\\\/noticiasmercedinas.com\\\/site\\\/2019\\\/10\\\/01\\\/tras-incendio-de-sigma-asamblea-mercedina-por-la-agroecologia-exige-informacion-fidedigna-y-oficial\\\/#primaryimage\"},\"image\":{\"@id\":\"https:\\\/\\\/noticiasmercedinas.com\\\/site\\\/2019\\\/10\\\/01\\\/tras-incendio-de-sigma-asamblea-mercedina-por-la-agroecologia-exige-informacion-fidedigna-y-oficial\\\/#primaryimage\"},\"thumbnailUrl\":\"https:\\\/\\\/noticiasmercedinas.com\\\/site\\\/wp-content\\\/uploads\\\/2019\\\/10\\\/91e23492-bb9b-4795-8081-e820aff640da.jpg\",\"datePublished\":\"2019-10-01T18:12:39+00:00\",\"dateModified\":\"2019-10-01T18:14:44+00:00\",\"breadcrumb\":{\"@id\":\"https:\\\/\\\/noticiasmercedinas.com\\\/site\\\/2019\\\/10\\\/01\\\/tras-incendio-de-sigma-asamblea-mercedina-por-la-agroecologia-exige-informacion-fidedigna-y-oficial\\\/#breadcrumb\"},\"inLanguage\":\"es\",\"potentialAction\":[{\"@type\":\"ReadAction\",\"target\":[\"https:\\\/\\\/noticiasmercedinas.com\\\/site\\\/2019\\\/10\\\/01\\\/tras-incendio-de-sigma-asamblea-mercedina-por-la-agroecologia-exige-informacion-fidedigna-y-oficial\\\/\"]}]},{\"@type\":\"ImageObject\",\"inLanguage\":\"es\",\"@id\":\"https:\\\/\\\/noticiasmercedinas.com\\\/site\\\/2019\\\/10\\\/01\\\/tras-incendio-de-sigma-asamblea-mercedina-por-la-agroecologia-exige-informacion-fidedigna-y-oficial\\\/#primaryimage\",\"url\":\"https:\\\/\\\/noticiasmercedinas.com\\\/site\\\/wp-content\\\/uploads\\\/2019\\\/10\\\/91e23492-bb9b-4795-8081-e820aff640da.jpg\",\"contentUrl\":\"https:\\\/\\\/noticiasmercedinas.com\\\/site\\\/wp-content\\\/uploads\\\/2019\\\/10\\\/91e23492-bb9b-4795-8081-e820aff640da.jpg\",\"width\":960,\"height\":466},{\"@type\":\"BreadcrumbList\",\"@id\":\"https:\\\/\\\/noticiasmercedinas.com\\\/site\\\/2019\\\/10\\\/01\\\/tras-incendio-de-sigma-asamblea-mercedina-por-la-agroecologia-exige-informacion-fidedigna-y-oficial\\\/#breadcrumb\",\"itemListElement\":[{\"@type\":\"ListItem\",\"position\":1,\"name\":\"Portada\",\"item\":\"https:\\\/\\\/noticiasmercedinas.com\\\/site\\\/\"},{\"@type\":\"ListItem\",\"position\":2,\"name\":\"Tras incendio de Sigma, Asamblea Mercedina por la Agroecolog\u00eda exige \u201cinformaci\u00f3n fidedigna y oficial\u201d\"}]},{\"@type\":\"WebSite\",\"@id\":\"https:\\\/\\\/noticiasmercedinas.com\\\/site\\\/#website\",\"url\":\"https:\\\/\\\/noticiasmercedinas.com\\\/site\\\/\",\"name\":\"NOTICIASMERCEDINAS.COM\",\"description\":\"Mercedes, Buenos Aires, Argentina\",\"publisher\":{\"@id\":\"https:\\\/\\\/noticiasmercedinas.com\\\/site\\\/#organization\"},\"potentialAction\":[{\"@type\":\"SearchAction\",\"target\":{\"@type\":\"EntryPoint\",\"urlTemplate\":\"https:\\\/\\\/noticiasmercedinas.com\\\/site\\\/?s={search_term_string}\"},\"query-input\":{\"@type\":\"PropertyValueSpecification\",\"valueRequired\":true,\"valueName\":\"search_term_string\"}}],\"inLanguage\":\"es\"},{\"@type\":\"Organization\",\"@id\":\"https:\\\/\\\/noticiasmercedinas.com\\\/site\\\/#organization\",\"name\":\"NOTICIASMERCEDINAS.COM\",\"url\":\"https:\\\/\\\/noticiasmercedinas.com\\\/site\\\/\",\"logo\":{\"@type\":\"ImageObject\",\"inLanguage\":\"es\",\"@id\":\"https:\\\/\\\/noticiasmercedinas.com\\\/site\\\/#\\\/schema\\\/logo\\\/image\\\/\",\"url\":\"https:\\\/\\\/noticiasmercedinas.com\\\/site\\\/wp-content\\\/uploads\\\/2020\\\/06\\\/LOGO-512.jpg\",\"contentUrl\":\"https:\\\/\\\/noticiasmercedinas.com\\\/site\\\/wp-content\\\/uploads\\\/2020\\\/06\\\/LOGO-512.jpg\",\"width\":512,\"height\":512,\"caption\":\"NOTICIASMERCEDINAS.COM\"},\"image\":{\"@id\":\"https:\\\/\\\/noticiasmercedinas.com\\\/site\\\/#\\\/schema\\\/logo\\\/image\\\/\"},\"sameAs\":[\"https:\\\/\\\/www.facebook.com\\\/noticiasmercedinas\\\/\",\"https:\\\/\\\/x.com\\\/notmercedinas\",\"https:\\\/\\\/www.instagram.com\\\/noticiasmercedinas\\\/\"]},{\"@type\":\"Person\",\"@id\":\"https:\\\/\\\/noticiasmercedinas.com\\\/site\\\/#\\\/schema\\\/person\\\/84b59c099c28ff2e8b77d4ceec5d8063\",\"name\":\"NOTICIASMERCEDINAS.COM\",\"image\":{\"@type\":\"ImageObject\",\"inLanguage\":\"es\",\"@id\":\"https:\\\/\\\/secure.gravatar.com\\\/avatar\\\/4dfbf16b4d17945bfb6341b2d19043457132fcf478a5ee04f42e959fd8f5df0a?s=96&d=mm&r=g\",\"url\":\"https:\\\/\\\/secure.gravatar.com\\\/avatar\\\/4dfbf16b4d17945bfb6341b2d19043457132fcf478a5ee04f42e959fd8f5df0a?s=96&d=mm&r=g\",\"contentUrl\":\"https:\\\/\\\/secure.gravatar.com\\\/avatar\\\/4dfbf16b4d17945bfb6341b2d19043457132fcf478a5ee04f42e959fd8f5df0a?s=96&d=mm&r=g\",\"caption\":\"NOTICIASMERCEDINAS.COM\"},\"url\":\"https:\\\/\\\/noticiasmercedinas.com\\\/site\\\/author\\\/anonimo\\\/\"}]}<\/script>\n<!-- \/ Yoast SEO plugin. -->","yoast_head_json":{"title":"Tras incendio de Sigma, Asamblea Mercedina por la Agroecolog\u00eda exige \u201cinformaci\u00f3n fidedigna y oficial\u201d","robots":{"index":"index","follow":"follow","max-snippet":"max-snippet:-1","max-image-preview":"max-image-preview:large","max-video-preview":"max-video-preview:-1"},"canonical":"https:\/\/noticiasmercedinas.com\/site\/2019\/10\/01\/tras-incendio-de-sigma-asamblea-mercedina-por-la-agroecologia-exige-informacion-fidedigna-y-oficial\/","og_locale":"es_ES","og_type":"article","og_title":"Tras incendio de Sigma, Asamblea Mercedina por la Agroecolog\u00eda exige \u201cinformaci\u00f3n fidedigna y oficial\u201d","og_description":"Tras el incendio acontecido en La Verde, Partido de Mercedes, en la planta de agroqu\u00edmicos Sigma, la Asamblea Mercedina por la Agroecolog\u00eda (AMA) expres\u00f3 su preocupaci\u00f3n y solicit\u00f3 \u201cinformaci\u00f3n a las autoridades municipales y provinciales, seg\u00fan corresponda la autoridad interviniente\u201d. \u201cSolicitamos se informe a la poblaci\u00f3n sobre cu\u00e1les son los protocolos vigentes de seguridad en [&hellip;]","og_url":"https:\/\/noticiasmercedinas.com\/site\/2019\/10\/01\/tras-incendio-de-sigma-asamblea-mercedina-por-la-agroecologia-exige-informacion-fidedigna-y-oficial\/","og_site_name":"NOTICIASMERCEDINAS.COM","article_publisher":"https:\/\/www.facebook.com\/noticiasmercedinas\/","article_published_time":"2019-10-01T18:12:39+00:00","article_modified_time":"2019-10-01T18:14:44+00:00","og_image":[{"width":960,"height":466,"url":"https:\/\/noticiasmercedinas.com\/site\/wp-content\/uploads\/2019\/10\/91e23492-bb9b-4795-8081-e820aff640da.jpg","type":"image\/jpeg"}],"author":"NOTICIASMERCEDINAS.COM","twitter_card":"summary_large_image","twitter_creator":"@notmercedinas","twitter_site":"@notmercedinas","twitter_misc":{"Escrito por":"NOTICIASMERCEDINAS.COM","Tiempo de lectura":"2 minutos"},"schema":{"@context":"https:\/\/schema.org","@graph":[{"@type":"Article","@id":"https:\/\/noticiasmercedinas.com\/site\/2019\/10\/01\/tras-incendio-de-sigma-asamblea-mercedina-por-la-agroecologia-exige-informacion-fidedigna-y-oficial\/#article","isPartOf":{"@id":"https:\/\/noticiasmercedinas.com\/site\/2019\/10\/01\/tras-incendio-de-sigma-asamblea-mercedina-por-la-agroecologia-exige-informacion-fidedigna-y-oficial\/"},"author":{"name":"NOTICIASMERCEDINAS.COM","@id":"https:\/\/noticiasmercedinas.com\/site\/#\/schema\/person\/84b59c099c28ff2e8b77d4ceec5d8063"},"headline":"Tras incendio de Sigma, Asamblea Mercedina por la Agroecolog\u00eda exige \u201cinformaci\u00f3n fidedigna y oficial\u201d","datePublished":"2019-10-01T18:12:39+00:00","dateModified":"2019-10-01T18:14:44+00:00","mainEntityOfPage":{"@id":"https:\/\/noticiasmercedinas.com\/site\/2019\/10\/01\/tras-incendio-de-sigma-asamblea-mercedina-por-la-agroecologia-exige-informacion-fidedigna-y-oficial\/"},"wordCount":323,"commentCount":0,"publisher":{"@id":"https:\/\/noticiasmercedinas.com\/site\/#organization"},"image":{"@id":"https:\/\/noticiasmercedinas.com\/site\/2019\/10\/01\/tras-incendio-de-sigma-asamblea-mercedina-por-la-agroecologia-exige-informacion-fidedigna-y-oficial\/#primaryimage"},"thumbnailUrl":"https:\/\/noticiasmercedinas.com\/site\/wp-content\/uploads\/2019\/10\/91e23492-bb9b-4795-8081-e820aff640da.jpg","keywords":["Agroqu\u00edmicos","incendio","la verde","medio ambiente","sigma"],"articleSection":["Ambiente"],"inLanguage":"es","potentialAction":[{"@type":"CommentAction","name":"Comment","target":["https:\/\/noticiasmercedinas.com\/site\/2019\/10\/01\/tras-incendio-de-sigma-asamblea-mercedina-por-la-agroecologia-exige-informacion-fidedigna-y-oficial\/#respond"]}]},{"@type":"WebPage","@id":"https:\/\/noticiasmercedinas.com\/site\/2019\/10\/01\/tras-incendio-de-sigma-asamblea-mercedina-por-la-agroecologia-exige-informacion-fidedigna-y-oficial\/","url":"https:\/\/noticiasmercedinas.com\/site\/2019\/10\/01\/tras-incendio-de-sigma-asamblea-mercedina-por-la-agroecologia-exige-informacion-fidedigna-y-oficial\/","name":"Tras incendio de Sigma, Asamblea Mercedina por la Agroecolog\u00eda exige \u201cinformaci\u00f3n fidedigna y oficial\u201d","isPartOf":{"@id":"https:\/\/noticiasmercedinas.com\/site\/#website"},"primaryImageOfPage":{"@id":"https:\/\/noticiasmercedinas.com\/site\/2019\/10\/01\/tras-incendio-de-sigma-asamblea-mercedina-por-la-agroecologia-exige-informacion-fidedigna-y-oficial\/#primaryimage"},"image":{"@id":"https:\/\/noticiasmercedinas.com\/site\/2019\/10\/01\/tras-incendio-de-sigma-asamblea-mercedina-por-la-agroecologia-exige-informacion-fidedigna-y-oficial\/#primaryimage"},"thumbnailUrl":"https:\/\/noticiasmercedinas.com\/site\/wp-content\/uploads\/2019\/10\/91e23492-bb9b-4795-8081-e820aff640da.jpg","datePublished":"2019-10-01T18:12:39+00:00","dateModified":"2019-10-01T18:14:44+00:00","breadcrumb":{"@id":"https:\/\/noticiasmercedinas.com\/site\/2019\/10\/01\/tras-incendio-de-sigma-asamblea-mercedina-por-la-agroecologia-exige-informacion-fidedigna-y-oficial\/#breadcrumb"},"inLanguage":"es","potentialAction":[{"@type":"ReadAction","target":["https:\/\/noticiasmercedinas.com\/site\/2019\/10\/01\/tras-incendio-de-sigma-asamblea-mercedina-por-la-agroecologia-exige-informacion-fidedigna-y-oficial\/"]}]},{"@type":"ImageObject","inLanguage":"es","@id":"https:\/\/noticiasmercedinas.com\/site\/2019\/10\/01\/tras-incendio-de-sigma-asamblea-mercedina-por-la-agroecologia-exige-informacion-fidedigna-y-oficial\/#primaryimage","url":"https:\/\/noticiasmercedinas.com\/site\/wp-content\/uploads\/2019\/10\/91e23492-bb9b-4795-8081-e820aff640da.jpg","contentUrl":"https:\/\/noticiasmercedinas.com\/site\/wp-content\/uploads\/2019\/10\/91e23492-bb9b-4795-8081-e820aff640da.jpg","width":960,"height":466},{"@type":"BreadcrumbList","@id":"https:\/\/noticiasmercedinas.com\/site\/2019\/10\/01\/tras-incendio-de-sigma-asamblea-mercedina-por-la-agroecologia-exige-informacion-fidedigna-y-oficial\/#breadcrumb","itemListElement":[{"@type":"ListItem","position":1,"name":"Portada","item":"https:\/\/noticiasmercedinas.com\/site\/"},{"@type":"ListItem","position":2,"name":"Tras incendio de Sigma, Asamblea Mercedina por la Agroecolog\u00eda exige \u201cinformaci\u00f3n fidedigna y oficial\u201d"}]},{"@type":"WebSite","@id":"https:\/\/noticiasmercedinas.com\/site\/#website","url":"https:\/\/noticiasmercedinas.com\/site\/","name":"NOTICIASMERCEDINAS.COM","description":"Mercedes, Buenos Aires, Argentina","publisher":{"@id":"https:\/\/noticiasmercedinas.com\/site\/#organization"},"potentialAction":[{"@type":"SearchAction","target":{"@type":"EntryPoint","urlTemplate":"https:\/\/noticiasmercedinas.com\/site\/?s={search_term_string}"},"query-input":{"@type":"PropertyValueSpecification","valueRequired":true,"valueName":"search_term_string"}}],"inLanguage":"es"},{"@type":"Organization","@id":"https:\/\/noticiasmercedinas.com\/site\/#organization","name":"NOTICIASMERCEDINAS.COM","url":"https:\/\/noticiasmercedinas.com\/site\/","logo":{"@type":"ImageObject","inLanguage":"es","@id":"https:\/\/noticiasmercedinas.com\/site\/#\/schema\/logo\/image\/","url":"https:\/\/noticiasmercedinas.com\/site\/wp-content\/uploads\/2020\/06\/LOGO-512.jpg","contentUrl":"https:\/\/noticiasmercedinas.com\/site\/wp-content\/uploads\/2020\/06\/LOGO-512.jpg","width":512,"height":512,"caption":"NOTICIASMERCEDINAS.COM"},"image":{"@id":"https:\/\/noticiasmercedinas.com\/site\/#\/schema\/logo\/image\/"},"sameAs":["https:\/\/www.facebook.com\/noticiasmercedinas\/","https:\/\/x.com\/notmercedinas","https:\/\/www.instagram.com\/noticiasmercedinas\/"]},{"@type":"Person","@id":"https:\/\/noticiasmercedinas.com\/site\/#\/schema\/person\/84b59c099c28ff2e8b77d4ceec5d8063","name":"NOTICIASMERCEDINAS.COM","image":{"@type":"ImageObject","inLanguage":"es","@id":"https:\/\/secure.gravatar.com\/avatar\/4dfbf16b4d17945bfb6341b2d19043457132fcf478a5ee04f42e959fd8f5df0a?s=96&d=mm&r=g","url":"https:\/\/secure.gravatar.com\/avatar\/4dfbf16b4d17945bfb6341b2d19043457132fcf478a5ee04f42e959fd8f5df0a?s=96&d=mm&r=g","contentUrl":"https:\/\/secure.gravatar.com\/avatar\/4dfbf16b4d17945bfb6341b2d19043457132fcf478a5ee04f42e959fd8f5df0a?s=96&d=mm&r=g","caption":"NOTICIASMERCEDINAS.COM"},"url":"https:\/\/noticiasmercedinas.com\/site\/author\/anonimo\/"}]}},"amp_enabled":true,"_links":{"self":[{"href":"https:\/\/noticiasmercedinas.com\/site\/wp-json\/wp\/v2\/posts\/29726","targetHints":{"allow":["GET"]}}],"collection":[{"href":"https:\/\/noticiasmercedinas.com\/site\/wp-json\/wp\/v2\/posts"}],"about":[{"href":"https:\/\/noticiasmercedinas.com\/site\/wp-json\/wp\/v2\/types\/post"}],"author":[{"embeddable":true,"href":"https:\/\/noticiasmercedinas.com\/site\/wp-json\/wp\/v2\/users\/16"}],"replies":[{"embeddable":true,"href":"https:\/\/noticiasmercedinas.com\/site\/wp-json\/wp\/v2\/comments?post=29726"}],"version-history":[{"count":2,"href":"https:\/\/noticiasmercedinas.com\/site\/wp-json\/wp\/v2\/posts\/29726\/revisions"}],"predecessor-version":[{"id":29729,"href":"https:\/\/noticiasmercedinas.com\/site\/wp-json\/wp\/v2\/posts\/29726\/revisions\/29729"}],"wp:featuredmedia":[{"embeddable":true,"href":"https:\/\/noticiasmercedinas.com\/site\/wp-json\/wp\/v2\/media\/29727"}],"wp:attachment":[{"href":"https:\/\/noticiasmercedinas.com\/site\/wp-json\/wp\/v2\/media?parent=29726"}],"wp:term":[{"taxonomy":"category","embeddable":true,"href":"https:\/\/noticiasmercedinas.com\/site\/wp-json\/wp\/v2\/categories?post=29726"},{"taxonomy":"post_tag","embeddable":true,"href":"https:\/\/noticiasmercedinas.com\/site\/wp-json\/wp\/v2\/tags?post=29726"}],"curies":[{"name":"wp","href":"https:\/\/api.w.org\/{rel}","templated":true}]}}