{"id":29882,"date":"2019-10-03T07:38:53","date_gmt":"2019-10-03T10:38:53","guid":{"rendered":"https:\/\/noticiasmercedinas.com\/site\/?p=29882"},"modified":"2019-10-03T07:38:53","modified_gmt":"2019-10-03T10:38:53","slug":"fin-de-semana-a-toda-musica-con-el-mercedes-rock","status":"publish","type":"post","link":"https:\/\/noticiasmercedinas.com\/site\/2019\/10\/03\/fin-de-semana-a-toda-musica-con-el-mercedes-rock\/","title":{"rendered":"Fin de semana a toda m\u00fasica con el Mercedes Rock"},"content":{"rendered":"<p><img loading=\"lazy\" decoding=\"async\" class=\"alignnone size-large wp-image-29883\" src=\"https:\/\/noticiasmercedinas.com\/site\/wp-content\/uploads\/2019\/10\/Rock-1-1024x454.jpg\" alt=\"\" width=\"640\" height=\"284\" srcset=\"https:\/\/noticiasmercedinas.com\/site\/wp-content\/uploads\/2019\/10\/Rock-1-1024x454.jpg 1024w, https:\/\/noticiasmercedinas.com\/site\/wp-content\/uploads\/2019\/10\/Rock-1-300x133.jpg 300w, https:\/\/noticiasmercedinas.com\/site\/wp-content\/uploads\/2019\/10\/Rock-1-768x341.jpg 768w, https:\/\/noticiasmercedinas.com\/site\/wp-content\/uploads\/2019\/10\/Rock-1-640x284.jpg 640w, https:\/\/noticiasmercedinas.com\/site\/wp-content\/uploads\/2019\/10\/Rock-1-1280x568.jpg 1280w, https:\/\/noticiasmercedinas.com\/site\/wp-content\/uploads\/2019\/10\/Rock-1-681x302.jpg 681w, https:\/\/noticiasmercedinas.com\/site\/wp-content\/uploads\/2019\/10\/Rock-1-1362x606.jpg 1362w, https:\/\/noticiasmercedinas.com\/site\/wp-content\/uploads\/2019\/10\/Rock-1.jpg 1366w\" sizes=\"auto, (max-width: 640px) 100vw, 640px\" \/><\/p>\n<p>Una nueva edici\u00f3n del Mercedes Rock tendr\u00e1 lugar este fin de semana en la ciudad.<\/p>\n<p>Este s\u00e1bado 5 y domingo 6 de octubre en el predio del ex Mart\u00edn Rodr\u00edguez se realizar\u00e1 una vez m\u00e1s el m\u00edtico \u201cMercedes Rock\u201d. Este nuevo festival es impulsado por el Municipio de Mercedes y la Comisi\u00f3n de Rock. Tendr\u00e1 una entrada libre y gratuita y contar\u00e1 con bandas de nuestra ciudad, y el cierre estelar de la reconocida banda nacional Kapanga.<\/p>\n<p>\u201cQuiero felicitar a las diferentes \u00e1reas municipales como a toda la Comisi\u00f3n de Rock no s\u00f3lo por la organizaci\u00f3n del Mercedes Rock 2019 sino por todo el trabajo que se viene realizando durante el a\u00f1o\u201d destac\u00f3 el intendente Ustarroz.<\/p>\n<p>Junto al intendente Juan Ignacio Ustarroz, estuvieron la directora de Cultura Luc\u00eda Capaccio, la coordinadora de Juventud Eugenia C\u00f3dega y la Comisi\u00f3n de Rock de nuestra ciudad.<\/p>\n<p>A su vez remarc\u00f3, Ustarroz remarc\u00f3 \u201clo que se viene haciendo en el espacio del Centro cultural la trocha \u201cRock en el Galp\u00f3n\u201d donde todas nuestras bandas tienen su lugar, su escenario, su sonido\u201d y subray\u00f3 \u201cel compromiso que tienen con la cultura y la vocaci\u00f3n de servicio que tienen, porque desde el primer d\u00eda que se les brind\u00f3 el espacio nunca hubo un inconveniente, sino todo lo contrario, hacen un uso ejemplar del galp\u00f3n\u201d.<\/p>\n<p>\u201cCreo que es muy bueno que una ciudad apueste fuertemente a la cultura por eso apoyamos y acompa\u00f1amos estas iniciativas\u201d indic\u00f3 el intendente Juan Ignacio Ustarroz.<\/p>\n<p>Adri\u00e1n Alvarado, m\u00fasico de la ciudad y parte de la Comisi\u00f3n de Rock, se\u00f1al\u00f3 que \u201ctodo lo que vinimos trabajando durante el a\u00f1o se va a reflejar en lo que suceder\u00e1 este fin de semana\u201d y a su vez agradeci\u00f3 \u201cal se\u00f1or intendente Ustarroz y a las diferentes \u00e1reas municipales, con quienes nos venimos reuniendo y organizando para que esto sea una gran fiesta, como lo fue el a\u00f1o pasado\u201d.<\/p>\n<p>Para participar de esta nueva edici\u00f3n del Mercedes Rock se presentaron 46 bandas, duplicando por amplio margen la convocatoria del a\u00f1o anterior. Las bandas que participar\u00e1n de esta nueva edici\u00f3n ser\u00e1n 19 que fueron elegidas mediante un sorteo. \u201cLas que no quedaron sorteadas participar\u00e1n en las venideras jornadas del \u201cRock al Pasto\u201d para darles la oportunidad que toquen y no queden excluidas\u201d, se\u00f1alaron desde la Comisi\u00f3n de Rock.<\/p>\n<p>Este evento comienza a partir de las 15:00 horas, es libre, p\u00fablico y gratuito. Habr\u00e1 bandas en vivo y el cierre estar\u00e1 a cargo de Kapanga. Contar\u00e1 con dos escenarios, carpa de Expo-Rock, patio cervecero y cantina.<\/p>\n<p><iframe loading=\"lazy\" style=\"border: none; overflow: hidden;\" src=\"https:\/\/www.facebook.com\/plugins\/video.php?href=https%3A%2F%2Fwww.facebook.com%2FComisiondemusicosmercedinosdelrock%2Fvideos%2F1001344713530921%2F&amp;show_text=0&amp;width=640\" width=\"640\" height=\"330\" frameborder=\"0\" scrolling=\"no\" allowfullscreen=\"allowfullscreen\"><span data-mce-type=\"bookmark\" style=\"display: inline-block; width: 0px; overflow: hidden; line-height: 0;\" class=\"mce_SELRES_start\">\ufeff<\/span><\/iframe><\/p>\n","protected":false},"excerpt":{"rendered":"<p>Una nueva edici\u00f3n del Mercedes Rock tendr\u00e1 lugar este fin de semana en la ciudad. Este s\u00e1bado 5 y domingo 6 de octubre en el predio del ex Mart\u00edn Rodr\u00edguez se realizar\u00e1 una vez m\u00e1s el m\u00edtico \u201cMercedes Rock\u201d. Este nuevo festival es impulsado por el Municipio de Mercedes y la Comisi\u00f3n de Rock. Tendr\u00e1 [&hellip;]<\/p>\n","protected":false},"author":16,"featured_media":29883,"comment_status":"open","ping_status":"open","sticky":false,"template":"","format":"standard","meta":{"footnotes":""},"categories":[4],"tags":[1524,206,207],"class_list":["post-29882","post","type-post","status-publish","format-standard","has-post-thumbnail","hentry","category-cultura","tag-bandas","tag-mercedes-rock","tag-rock"],"yoast_head":"<!-- This site is optimized with the Yoast SEO plugin v27.5 - https:\/\/yoast.com\/product\/yoast-seo-wordpress\/ -->\n<title>Fin de semana a toda m\u00fasica con el Mercedes Rock<\/title>\n<meta name=\"robots\" content=\"index, follow, max-snippet:-1, max-image-preview:large, max-video-preview:-1\" \/>\n<link rel=\"canonical\" href=\"https:\/\/noticiasmercedinas.com\/site\/2019\/10\/03\/fin-de-semana-a-toda-musica-con-el-mercedes-rock\/\" \/>\n<meta property=\"og:locale\" content=\"es_ES\" \/>\n<meta property=\"og:type\" content=\"article\" \/>\n<meta property=\"og:title\" content=\"Fin de semana a toda m\u00fasica con el Mercedes Rock\" \/>\n<meta property=\"og:description\" content=\"Una nueva edici\u00f3n del Mercedes Rock tendr\u00e1 lugar este fin de semana en la ciudad. Este s\u00e1bado 5 y domingo 6 de octubre en el predio del ex Mart\u00edn Rodr\u00edguez se realizar\u00e1 una vez m\u00e1s el m\u00edtico \u201cMercedes Rock\u201d. Este nuevo festival es impulsado por el Municipio de Mercedes y la Comisi\u00f3n de Rock. Tendr\u00e1 [&hellip;]\" \/>\n<meta property=\"og:url\" content=\"https:\/\/noticiasmercedinas.com\/site\/2019\/10\/03\/fin-de-semana-a-toda-musica-con-el-mercedes-rock\/\" \/>\n<meta property=\"og:site_name\" content=\"NOTICIASMERCEDINAS.COM\" \/>\n<meta property=\"article:publisher\" content=\"https:\/\/www.facebook.com\/noticiasmercedinas\/\" \/>\n<meta property=\"article:published_time\" content=\"2019-10-03T10:38:53+00:00\" \/>\n<meta property=\"og:image\" content=\"https:\/\/noticiasmercedinas.com\/site\/wp-content\/uploads\/2019\/10\/Rock-1.jpg\" \/>\n\t<meta property=\"og:image:width\" content=\"1366\" \/>\n\t<meta property=\"og:image:height\" content=\"606\" \/>\n\t<meta property=\"og:image:type\" content=\"image\/jpeg\" \/>\n<meta name=\"author\" content=\"NOTICIASMERCEDINAS.COM\" \/>\n<meta name=\"twitter:card\" content=\"summary_large_image\" \/>\n<meta name=\"twitter:creator\" content=\"@notmercedinas\" \/>\n<meta name=\"twitter:site\" content=\"@notmercedinas\" \/>\n<meta name=\"twitter:label1\" content=\"Escrito por\" \/>\n\t<meta name=\"twitter:data1\" content=\"NOTICIASMERCEDINAS.COM\" \/>\n\t<meta name=\"twitter:label2\" content=\"Tiempo de lectura\" \/>\n\t<meta name=\"twitter:data2\" content=\"2 minutos\" \/>\n<script type=\"application\/ld+json\" class=\"yoast-schema-graph\">{\"@context\":\"https:\\\/\\\/schema.org\",\"@graph\":[{\"@type\":\"Article\",\"@id\":\"https:\\\/\\\/noticiasmercedinas.com\\\/site\\\/2019\\\/10\\\/03\\\/fin-de-semana-a-toda-musica-con-el-mercedes-rock\\\/#article\",\"isPartOf\":{\"@id\":\"https:\\\/\\\/noticiasmercedinas.com\\\/site\\\/2019\\\/10\\\/03\\\/fin-de-semana-a-toda-musica-con-el-mercedes-rock\\\/\"},\"author\":{\"name\":\"NOTICIASMERCEDINAS.COM\",\"@id\":\"https:\\\/\\\/noticiasmercedinas.com\\\/site\\\/#\\\/schema\\\/person\\\/84b59c099c28ff2e8b77d4ceec5d8063\"},\"headline\":\"Fin de semana a toda m\u00fasica con el Mercedes Rock\",\"datePublished\":\"2019-10-03T10:38:53+00:00\",\"mainEntityOfPage\":{\"@id\":\"https:\\\/\\\/noticiasmercedinas.com\\\/site\\\/2019\\\/10\\\/03\\\/fin-de-semana-a-toda-musica-con-el-mercedes-rock\\\/\"},\"wordCount\":459,\"commentCount\":0,\"publisher\":{\"@id\":\"https:\\\/\\\/noticiasmercedinas.com\\\/site\\\/#organization\"},\"image\":{\"@id\":\"https:\\\/\\\/noticiasmercedinas.com\\\/site\\\/2019\\\/10\\\/03\\\/fin-de-semana-a-toda-musica-con-el-mercedes-rock\\\/#primaryimage\"},\"thumbnailUrl\":\"https:\\\/\\\/noticiasmercedinas.com\\\/site\\\/wp-content\\\/uploads\\\/2019\\\/10\\\/Rock-1.jpg\",\"keywords\":[\"bandas\",\"mercedes rock\",\"rock\"],\"articleSection\":[\"Cultura\"],\"inLanguage\":\"es\",\"potentialAction\":[{\"@type\":\"CommentAction\",\"name\":\"Comment\",\"target\":[\"https:\\\/\\\/noticiasmercedinas.com\\\/site\\\/2019\\\/10\\\/03\\\/fin-de-semana-a-toda-musica-con-el-mercedes-rock\\\/#respond\"]}]},{\"@type\":\"WebPage\",\"@id\":\"https:\\\/\\\/noticiasmercedinas.com\\\/site\\\/2019\\\/10\\\/03\\\/fin-de-semana-a-toda-musica-con-el-mercedes-rock\\\/\",\"url\":\"https:\\\/\\\/noticiasmercedinas.com\\\/site\\\/2019\\\/10\\\/03\\\/fin-de-semana-a-toda-musica-con-el-mercedes-rock\\\/\",\"name\":\"Fin de semana a toda m\u00fasica con el Mercedes Rock\",\"isPartOf\":{\"@id\":\"https:\\\/\\\/noticiasmercedinas.com\\\/site\\\/#website\"},\"primaryImageOfPage\":{\"@id\":\"https:\\\/\\\/noticiasmercedinas.com\\\/site\\\/2019\\\/10\\\/03\\\/fin-de-semana-a-toda-musica-con-el-mercedes-rock\\\/#primaryimage\"},\"image\":{\"@id\":\"https:\\\/\\\/noticiasmercedinas.com\\\/site\\\/2019\\\/10\\\/03\\\/fin-de-semana-a-toda-musica-con-el-mercedes-rock\\\/#primaryimage\"},\"thumbnailUrl\":\"https:\\\/\\\/noticiasmercedinas.com\\\/site\\\/wp-content\\\/uploads\\\/2019\\\/10\\\/Rock-1.jpg\",\"datePublished\":\"2019-10-03T10:38:53+00:00\",\"breadcrumb\":{\"@id\":\"https:\\\/\\\/noticiasmercedinas.com\\\/site\\\/2019\\\/10\\\/03\\\/fin-de-semana-a-toda-musica-con-el-mercedes-rock\\\/#breadcrumb\"},\"inLanguage\":\"es\",\"potentialAction\":[{\"@type\":\"ReadAction\",\"target\":[\"https:\\\/\\\/noticiasmercedinas.com\\\/site\\\/2019\\\/10\\\/03\\\/fin-de-semana-a-toda-musica-con-el-mercedes-rock\\\/\"]}]},{\"@type\":\"ImageObject\",\"inLanguage\":\"es\",\"@id\":\"https:\\\/\\\/noticiasmercedinas.com\\\/site\\\/2019\\\/10\\\/03\\\/fin-de-semana-a-toda-musica-con-el-mercedes-rock\\\/#primaryimage\",\"url\":\"https:\\\/\\\/noticiasmercedinas.com\\\/site\\\/wp-content\\\/uploads\\\/2019\\\/10\\\/Rock-1.jpg\",\"contentUrl\":\"https:\\\/\\\/noticiasmercedinas.com\\\/site\\\/wp-content\\\/uploads\\\/2019\\\/10\\\/Rock-1.jpg\",\"width\":1366,\"height\":606},{\"@type\":\"BreadcrumbList\",\"@id\":\"https:\\\/\\\/noticiasmercedinas.com\\\/site\\\/2019\\\/10\\\/03\\\/fin-de-semana-a-toda-musica-con-el-mercedes-rock\\\/#breadcrumb\",\"itemListElement\":[{\"@type\":\"ListItem\",\"position\":1,\"name\":\"Portada\",\"item\":\"https:\\\/\\\/noticiasmercedinas.com\\\/site\\\/\"},{\"@type\":\"ListItem\",\"position\":2,\"name\":\"Fin de semana a toda m\u00fasica con el Mercedes Rock\"}]},{\"@type\":\"WebSite\",\"@id\":\"https:\\\/\\\/noticiasmercedinas.com\\\/site\\\/#website\",\"url\":\"https:\\\/\\\/noticiasmercedinas.com\\\/site\\\/\",\"name\":\"NOTICIASMERCEDINAS.COM\",\"description\":\"Mercedes, Buenos Aires, Argentina\",\"publisher\":{\"@id\":\"https:\\\/\\\/noticiasmercedinas.com\\\/site\\\/#organization\"},\"potentialAction\":[{\"@type\":\"SearchAction\",\"target\":{\"@type\":\"EntryPoint\",\"urlTemplate\":\"https:\\\/\\\/noticiasmercedinas.com\\\/site\\\/?s={search_term_string}\"},\"query-input\":{\"@type\":\"PropertyValueSpecification\",\"valueRequired\":true,\"valueName\":\"search_term_string\"}}],\"inLanguage\":\"es\"},{\"@type\":\"Organization\",\"@id\":\"https:\\\/\\\/noticiasmercedinas.com\\\/site\\\/#organization\",\"name\":\"NOTICIASMERCEDINAS.COM\",\"url\":\"https:\\\/\\\/noticiasmercedinas.com\\\/site\\\/\",\"logo\":{\"@type\":\"ImageObject\",\"inLanguage\":\"es\",\"@id\":\"https:\\\/\\\/noticiasmercedinas.com\\\/site\\\/#\\\/schema\\\/logo\\\/image\\\/\",\"url\":\"https:\\\/\\\/noticiasmercedinas.com\\\/site\\\/wp-content\\\/uploads\\\/2020\\\/06\\\/LOGO-512.jpg\",\"contentUrl\":\"https:\\\/\\\/noticiasmercedinas.com\\\/site\\\/wp-content\\\/uploads\\\/2020\\\/06\\\/LOGO-512.jpg\",\"width\":512,\"height\":512,\"caption\":\"NOTICIASMERCEDINAS.COM\"},\"image\":{\"@id\":\"https:\\\/\\\/noticiasmercedinas.com\\\/site\\\/#\\\/schema\\\/logo\\\/image\\\/\"},\"sameAs\":[\"https:\\\/\\\/www.facebook.com\\\/noticiasmercedinas\\\/\",\"https:\\\/\\\/x.com\\\/notmercedinas\",\"https:\\\/\\\/www.instagram.com\\\/noticiasmercedinas\\\/\"]},{\"@type\":\"Person\",\"@id\":\"https:\\\/\\\/noticiasmercedinas.com\\\/site\\\/#\\\/schema\\\/person\\\/84b59c099c28ff2e8b77d4ceec5d8063\",\"name\":\"NOTICIASMERCEDINAS.COM\",\"image\":{\"@type\":\"ImageObject\",\"inLanguage\":\"es\",\"@id\":\"https:\\\/\\\/secure.gravatar.com\\\/avatar\\\/4dfbf16b4d17945bfb6341b2d19043457132fcf478a5ee04f42e959fd8f5df0a?s=96&d=mm&r=g\",\"url\":\"https:\\\/\\\/secure.gravatar.com\\\/avatar\\\/4dfbf16b4d17945bfb6341b2d19043457132fcf478a5ee04f42e959fd8f5df0a?s=96&d=mm&r=g\",\"contentUrl\":\"https:\\\/\\\/secure.gravatar.com\\\/avatar\\\/4dfbf16b4d17945bfb6341b2d19043457132fcf478a5ee04f42e959fd8f5df0a?s=96&d=mm&r=g\",\"caption\":\"NOTICIASMERCEDINAS.COM\"},\"url\":\"https:\\\/\\\/noticiasmercedinas.com\\\/site\\\/author\\\/anonimo\\\/\"}]}<\/script>\n<!-- \/ Yoast SEO plugin. -->","yoast_head_json":{"title":"Fin de semana a toda m\u00fasica con el Mercedes Rock","robots":{"index":"index","follow":"follow","max-snippet":"max-snippet:-1","max-image-preview":"max-image-preview:large","max-video-preview":"max-video-preview:-1"},"canonical":"https:\/\/noticiasmercedinas.com\/site\/2019\/10\/03\/fin-de-semana-a-toda-musica-con-el-mercedes-rock\/","og_locale":"es_ES","og_type":"article","og_title":"Fin de semana a toda m\u00fasica con el Mercedes Rock","og_description":"Una nueva edici\u00f3n del Mercedes Rock tendr\u00e1 lugar este fin de semana en la ciudad. Este s\u00e1bado 5 y domingo 6 de octubre en el predio del ex Mart\u00edn Rodr\u00edguez se realizar\u00e1 una vez m\u00e1s el m\u00edtico \u201cMercedes Rock\u201d. Este nuevo festival es impulsado por el Municipio de Mercedes y la Comisi\u00f3n de Rock. Tendr\u00e1 [&hellip;]","og_url":"https:\/\/noticiasmercedinas.com\/site\/2019\/10\/03\/fin-de-semana-a-toda-musica-con-el-mercedes-rock\/","og_site_name":"NOTICIASMERCEDINAS.COM","article_publisher":"https:\/\/www.facebook.com\/noticiasmercedinas\/","article_published_time":"2019-10-03T10:38:53+00:00","og_image":[{"width":1366,"height":606,"url":"https:\/\/noticiasmercedinas.com\/site\/wp-content\/uploads\/2019\/10\/Rock-1.jpg","type":"image\/jpeg"}],"author":"NOTICIASMERCEDINAS.COM","twitter_card":"summary_large_image","twitter_creator":"@notmercedinas","twitter_site":"@notmercedinas","twitter_misc":{"Escrito por":"NOTICIASMERCEDINAS.COM","Tiempo de lectura":"2 minutos"},"schema":{"@context":"https:\/\/schema.org","@graph":[{"@type":"Article","@id":"https:\/\/noticiasmercedinas.com\/site\/2019\/10\/03\/fin-de-semana-a-toda-musica-con-el-mercedes-rock\/#article","isPartOf":{"@id":"https:\/\/noticiasmercedinas.com\/site\/2019\/10\/03\/fin-de-semana-a-toda-musica-con-el-mercedes-rock\/"},"author":{"name":"NOTICIASMERCEDINAS.COM","@id":"https:\/\/noticiasmercedinas.com\/site\/#\/schema\/person\/84b59c099c28ff2e8b77d4ceec5d8063"},"headline":"Fin de semana a toda m\u00fasica con el Mercedes Rock","datePublished":"2019-10-03T10:38:53+00:00","mainEntityOfPage":{"@id":"https:\/\/noticiasmercedinas.com\/site\/2019\/10\/03\/fin-de-semana-a-toda-musica-con-el-mercedes-rock\/"},"wordCount":459,"commentCount":0,"publisher":{"@id":"https:\/\/noticiasmercedinas.com\/site\/#organization"},"image":{"@id":"https:\/\/noticiasmercedinas.com\/site\/2019\/10\/03\/fin-de-semana-a-toda-musica-con-el-mercedes-rock\/#primaryimage"},"thumbnailUrl":"https:\/\/noticiasmercedinas.com\/site\/wp-content\/uploads\/2019\/10\/Rock-1.jpg","keywords":["bandas","mercedes rock","rock"],"articleSection":["Cultura"],"inLanguage":"es","potentialAction":[{"@type":"CommentAction","name":"Comment","target":["https:\/\/noticiasmercedinas.com\/site\/2019\/10\/03\/fin-de-semana-a-toda-musica-con-el-mercedes-rock\/#respond"]}]},{"@type":"WebPage","@id":"https:\/\/noticiasmercedinas.com\/site\/2019\/10\/03\/fin-de-semana-a-toda-musica-con-el-mercedes-rock\/","url":"https:\/\/noticiasmercedinas.com\/site\/2019\/10\/03\/fin-de-semana-a-toda-musica-con-el-mercedes-rock\/","name":"Fin de semana a toda m\u00fasica con el Mercedes Rock","isPartOf":{"@id":"https:\/\/noticiasmercedinas.com\/site\/#website"},"primaryImageOfPage":{"@id":"https:\/\/noticiasmercedinas.com\/site\/2019\/10\/03\/fin-de-semana-a-toda-musica-con-el-mercedes-rock\/#primaryimage"},"image":{"@id":"https:\/\/noticiasmercedinas.com\/site\/2019\/10\/03\/fin-de-semana-a-toda-musica-con-el-mercedes-rock\/#primaryimage"},"thumbnailUrl":"https:\/\/noticiasmercedinas.com\/site\/wp-content\/uploads\/2019\/10\/Rock-1.jpg","datePublished":"2019-10-03T10:38:53+00:00","breadcrumb":{"@id":"https:\/\/noticiasmercedinas.com\/site\/2019\/10\/03\/fin-de-semana-a-toda-musica-con-el-mercedes-rock\/#breadcrumb"},"inLanguage":"es","potentialAction":[{"@type":"ReadAction","target":["https:\/\/noticiasmercedinas.com\/site\/2019\/10\/03\/fin-de-semana-a-toda-musica-con-el-mercedes-rock\/"]}]},{"@type":"ImageObject","inLanguage":"es","@id":"https:\/\/noticiasmercedinas.com\/site\/2019\/10\/03\/fin-de-semana-a-toda-musica-con-el-mercedes-rock\/#primaryimage","url":"https:\/\/noticiasmercedinas.com\/site\/wp-content\/uploads\/2019\/10\/Rock-1.jpg","contentUrl":"https:\/\/noticiasmercedinas.com\/site\/wp-content\/uploads\/2019\/10\/Rock-1.jpg","width":1366,"height":606},{"@type":"BreadcrumbList","@id":"https:\/\/noticiasmercedinas.com\/site\/2019\/10\/03\/fin-de-semana-a-toda-musica-con-el-mercedes-rock\/#breadcrumb","itemListElement":[{"@type":"ListItem","position":1,"name":"Portada","item":"https:\/\/noticiasmercedinas.com\/site\/"},{"@type":"ListItem","position":2,"name":"Fin de semana a toda m\u00fasica con el Mercedes Rock"}]},{"@type":"WebSite","@id":"https:\/\/noticiasmercedinas.com\/site\/#website","url":"https:\/\/noticiasmercedinas.com\/site\/","name":"NOTICIASMERCEDINAS.COM","description":"Mercedes, Buenos Aires, Argentina","publisher":{"@id":"https:\/\/noticiasmercedinas.com\/site\/#organization"},"potentialAction":[{"@type":"SearchAction","target":{"@type":"EntryPoint","urlTemplate":"https:\/\/noticiasmercedinas.com\/site\/?s={search_term_string}"},"query-input":{"@type":"PropertyValueSpecification","valueRequired":true,"valueName":"search_term_string"}}],"inLanguage":"es"},{"@type":"Organization","@id":"https:\/\/noticiasmercedinas.com\/site\/#organization","name":"NOTICIASMERCEDINAS.COM","url":"https:\/\/noticiasmercedinas.com\/site\/","logo":{"@type":"ImageObject","inLanguage":"es","@id":"https:\/\/noticiasmercedinas.com\/site\/#\/schema\/logo\/image\/","url":"https:\/\/noticiasmercedinas.com\/site\/wp-content\/uploads\/2020\/06\/LOGO-512.jpg","contentUrl":"https:\/\/noticiasmercedinas.com\/site\/wp-content\/uploads\/2020\/06\/LOGO-512.jpg","width":512,"height":512,"caption":"NOTICIASMERCEDINAS.COM"},"image":{"@id":"https:\/\/noticiasmercedinas.com\/site\/#\/schema\/logo\/image\/"},"sameAs":["https:\/\/www.facebook.com\/noticiasmercedinas\/","https:\/\/x.com\/notmercedinas","https:\/\/www.instagram.com\/noticiasmercedinas\/"]},{"@type":"Person","@id":"https:\/\/noticiasmercedinas.com\/site\/#\/schema\/person\/84b59c099c28ff2e8b77d4ceec5d8063","name":"NOTICIASMERCEDINAS.COM","image":{"@type":"ImageObject","inLanguage":"es","@id":"https:\/\/secure.gravatar.com\/avatar\/4dfbf16b4d17945bfb6341b2d19043457132fcf478a5ee04f42e959fd8f5df0a?s=96&d=mm&r=g","url":"https:\/\/secure.gravatar.com\/avatar\/4dfbf16b4d17945bfb6341b2d19043457132fcf478a5ee04f42e959fd8f5df0a?s=96&d=mm&r=g","contentUrl":"https:\/\/secure.gravatar.com\/avatar\/4dfbf16b4d17945bfb6341b2d19043457132fcf478a5ee04f42e959fd8f5df0a?s=96&d=mm&r=g","caption":"NOTICIASMERCEDINAS.COM"},"url":"https:\/\/noticiasmercedinas.com\/site\/author\/anonimo\/"}]}},"amp_enabled":true,"_links":{"self":[{"href":"https:\/\/noticiasmercedinas.com\/site\/wp-json\/wp\/v2\/posts\/29882","targetHints":{"allow":["GET"]}}],"collection":[{"href":"https:\/\/noticiasmercedinas.com\/site\/wp-json\/wp\/v2\/posts"}],"about":[{"href":"https:\/\/noticiasmercedinas.com\/site\/wp-json\/wp\/v2\/types\/post"}],"author":[{"embeddable":true,"href":"https:\/\/noticiasmercedinas.com\/site\/wp-json\/wp\/v2\/users\/16"}],"replies":[{"embeddable":true,"href":"https:\/\/noticiasmercedinas.com\/site\/wp-json\/wp\/v2\/comments?post=29882"}],"version-history":[{"count":1,"href":"https:\/\/noticiasmercedinas.com\/site\/wp-json\/wp\/v2\/posts\/29882\/revisions"}],"predecessor-version":[{"id":29884,"href":"https:\/\/noticiasmercedinas.com\/site\/wp-json\/wp\/v2\/posts\/29882\/revisions\/29884"}],"wp:featuredmedia":[{"embeddable":true,"href":"https:\/\/noticiasmercedinas.com\/site\/wp-json\/wp\/v2\/media\/29883"}],"wp:attachment":[{"href":"https:\/\/noticiasmercedinas.com\/site\/wp-json\/wp\/v2\/media?parent=29882"}],"wp:term":[{"taxonomy":"category","embeddable":true,"href":"https:\/\/noticiasmercedinas.com\/site\/wp-json\/wp\/v2\/categories?post=29882"},{"taxonomy":"post_tag","embeddable":true,"href":"https:\/\/noticiasmercedinas.com\/site\/wp-json\/wp\/v2\/tags?post=29882"}],"curies":[{"name":"wp","href":"https:\/\/api.w.org\/{rel}","templated":true}]}}