{"id":29918,"date":"2019-10-03T12:56:41","date_gmt":"2019-10-03T15:56:41","guid":{"rendered":"https:\/\/noticiasmercedinas.com\/site\/?p=29918"},"modified":"2019-10-07T13:14:01","modified_gmt":"2019-10-07T16:14:01","slug":"justicia-investiga-posibles-negligencias-o-delitos-en-incendio","status":"publish","type":"post","link":"https:\/\/noticiasmercedinas.com\/site\/2019\/10\/03\/justicia-investiga-posibles-negligencias-o-delitos-en-incendio\/","title":{"rendered":"Justicia investiga posibles \u201cnegligencias o delitos\u201d en incendio"},"content":{"rendered":"<p><a href=\"https:\/\/noticiasmercedinas.com\/site\/wp-content\/uploads\/2019\/10\/sigma_bidones.jpg\"><img loading=\"lazy\" decoding=\"async\" class=\"alignnone size-full wp-image-29919\" src=\"https:\/\/noticiasmercedinas.com\/site\/wp-content\/uploads\/2019\/10\/sigma_bidones.jpg\" alt=\"\" width=\"640\" height=\"480\" srcset=\"https:\/\/noticiasmercedinas.com\/site\/wp-content\/uploads\/2019\/10\/sigma_bidones.jpg 640w, https:\/\/noticiasmercedinas.com\/site\/wp-content\/uploads\/2019\/10\/sigma_bidones-300x225.jpg 300w, https:\/\/noticiasmercedinas.com\/site\/wp-content\/uploads\/2019\/10\/sigma_bidones-80x60.jpg 80w, https:\/\/noticiasmercedinas.com\/site\/wp-content\/uploads\/2019\/10\/sigma_bidones-160x120.jpg 160w, https:\/\/noticiasmercedinas.com\/site\/wp-content\/uploads\/2019\/10\/sigma_bidones-100x75.jpg 100w, https:\/\/noticiasmercedinas.com\/site\/wp-content\/uploads\/2019\/10\/sigma_bidones-200x150.jpg 200w, https:\/\/noticiasmercedinas.com\/site\/wp-content\/uploads\/2019\/10\/sigma_bidones-180x135.jpg 180w, https:\/\/noticiasmercedinas.com\/site\/wp-content\/uploads\/2019\/10\/sigma_bidones-360x270.jpg 360w, https:\/\/noticiasmercedinas.com\/site\/wp-content\/uploads\/2019\/10\/sigma_bidones-238x178.jpg 238w, https:\/\/noticiasmercedinas.com\/site\/wp-content\/uploads\/2019\/10\/sigma_bidones-476x356.jpg 476w\" sizes=\"auto, (max-width: 640px) 100vw, 640px\" \/><\/a><\/p>\n<p>La Fiscal\u00eda (UFIJ) N\u00ba 6 de Mercedes, a cargo de Luis Carcagno, inici\u00f3 actuaciones para \u201cdeterminar si existieron negligencias o la comisi\u00f3n de delitos de acci\u00f3n p\u00fablica\u201d en el incendio del viernes 27 de septiembre en la planta de agroqu\u00edmicos \u201cSigma Agro\u201d.<\/p>\n<p>El Ministerio P\u00fablico Fiscal (MPF) procura establecer si la empresa cumpli\u00f3 con los st\u00e1ndares que regulan la actividad y no hubo negligencia en el desarrollo de la actividad al momento del siniestro en la zona de \u201cLa Verde\u201d. El agente fiscal aguarda los resultados de las pericias y reunir los elementos necesarios.<\/p>\n<p>En la misma jornada en la que se produjo el siniestro, Santiago Dall Occhio y Yesica Nocetti Dimitroff, secretarios de la Fiscal\u00eda se hicieron presentes en el predio donde mantuvieron entrevistas con los distintos actores intervinientes, inform\u00f3 el MPF.<\/p>\n<p>Entre ellos personal de Protecci\u00f3n Civil Mercedes, Departamento de Medio Ambiente, Servicios P\u00fablicos de la Municipalidad, Bomberos Voluntarios de Mercedes, Navarro, Luj\u00e1n, Suipacha, General Rodr\u00edguez y San Andr\u00e9s de Giles; el Comando de Prevenci\u00f3n Rural Mercedes, referentes de la planta en cuesti\u00f3n y tambi\u00e9n con Polic\u00eda Ecol\u00f3gica y Sustancias Peligrosas de la Polic\u00eda de la Provincia de Buenos Aires, delegaci\u00f3n San Mart\u00edn.<\/p>\n<p>De acuerdo a lo que pudo conocerse en el momento, se logr\u00f3 contener el l\u00edquido derramado a fin de minimizar el impacto; lo cual fue ratificado por autoridades en la materia como el personal policial especializado as\u00ed como desde la Organizaci\u00f3n para el Desarrollo Sustentable (OPDS), que se hicieron presentes al d\u00eda siguiente.<\/p>\n<p>Las autoridades tomaron diversas muestras, siendo que los primeros datos que se conocieron de los l\u00edquidos derramados es que se tratar\u00eda de biodiesel, glifosato y componentes para el desarrollo del mismo producto.<\/p>\n<p>En tanto, respecto del humo que eman\u00f3 por el incendio de la planta, y que fue de gran preocupaci\u00f3n en la zona, responder\u00eda a la quema de biodiesel y la combusti\u00f3n de pl\u00e1sticos en el lugar. En principio, las autoridades que concurrieron al lugar descartaron un impacto en la salud.<\/p>\n<p>Seg\u00fan declar\u00f3 el propietario del lugar la empresa tom\u00f3 todas las medidas previstas para situaciones de las caracter\u00edsticas como las que se vivieron. Adem\u00e1s, ya habr\u00eda contratado a una empresa especializada (Tradex) en evaluaci\u00f3n, contenci\u00f3n y saneamiento ambiental para que trabaje en el lugar.<\/p>\n<p>En principio, y hasta tanto concluya el relevamiento y remediaci\u00f3n de la zona afectada la OPDS dispuso la clausura preventiva del lugar. En la jornada de este mi\u00e9rcoles se hicieron presente en el lugar, nuevamente, personal para realizar una evaluaci\u00f3n de la OPDS.<\/p>\n<p><a href=\"https:\/\/noticiasmercedinas.com\/site\/wp-content\/uploads\/2019\/10\/sygma3.png\"><img loading=\"lazy\" decoding=\"async\" class=\"alignnone size-full wp-image-29920\" src=\"https:\/\/noticiasmercedinas.com\/site\/wp-content\/uploads\/2019\/10\/sygma3.png\" alt=\"\" width=\"640\" height=\"311\" srcset=\"https:\/\/noticiasmercedinas.com\/site\/wp-content\/uploads\/2019\/10\/sygma3.png 640w, https:\/\/noticiasmercedinas.com\/site\/wp-content\/uploads\/2019\/10\/sygma3-300x146.png 300w\" sizes=\"auto, (max-width: 640px) 100vw, 640px\" \/><\/a><\/p>\n","protected":false},"excerpt":{"rendered":"<p>La Fiscal\u00eda (UFIJ) N\u00ba 6 de Mercedes, a cargo de Luis Carcagno, inici\u00f3 actuaciones para \u201cdeterminar si existieron negligencias o la comisi\u00f3n de delitos de acci\u00f3n p\u00fablica\u201d en el incendio del viernes 27 de septiembre en la planta de agroqu\u00edmicos \u201cSigma Agro\u201d. El Ministerio P\u00fablico Fiscal (MPF) procura establecer si la empresa cumpli\u00f3 con los [&hellip;]<\/p>\n","protected":false},"author":16,"featured_media":29919,"comment_status":"open","ping_status":"open","sticky":false,"template":"","format":"standard","meta":{"footnotes":""},"categories":[7],"tags":[3314,1746,6258,4757,5243,6638,6663],"class_list":["post-29918","post","type-post","status-publish","format-standard","has-post-thumbnail","hentry","category-policiales","tag-agroquimicos","tag-incendio","tag-la-verde","tag-luis-carcagno","tag-ministerio-publico-fiscal","tag-sigma","tag-sigma-agro"],"yoast_head":"<!-- This site is optimized with the Yoast SEO plugin v27.4 - https:\/\/yoast.com\/product\/yoast-seo-wordpress\/ -->\n<title>Justicia investiga posibles \u201cnegligencias o delitos\u201d en incendio<\/title>\n<meta name=\"robots\" content=\"index, follow, max-snippet:-1, max-image-preview:large, max-video-preview:-1\" \/>\n<link rel=\"canonical\" href=\"https:\/\/noticiasmercedinas.com\/site\/2019\/10\/03\/justicia-investiga-posibles-negligencias-o-delitos-en-incendio\/\" \/>\n<meta property=\"og:locale\" content=\"es_ES\" \/>\n<meta property=\"og:type\" content=\"article\" \/>\n<meta property=\"og:title\" content=\"Justicia investiga posibles \u201cnegligencias o delitos\u201d en incendio\" \/>\n<meta property=\"og:description\" content=\"La Fiscal\u00eda (UFIJ) N\u00ba 6 de Mercedes, a cargo de Luis Carcagno, inici\u00f3 actuaciones para \u201cdeterminar si existieron negligencias o la comisi\u00f3n de delitos de acci\u00f3n p\u00fablica\u201d en el incendio del viernes 27 de septiembre en la planta de agroqu\u00edmicos \u201cSigma Agro\u201d. El Ministerio P\u00fablico Fiscal (MPF) procura establecer si la empresa cumpli\u00f3 con los [&hellip;]\" \/>\n<meta property=\"og:url\" content=\"https:\/\/noticiasmercedinas.com\/site\/2019\/10\/03\/justicia-investiga-posibles-negligencias-o-delitos-en-incendio\/\" \/>\n<meta property=\"og:site_name\" content=\"NOTICIASMERCEDINAS.COM\" \/>\n<meta property=\"article:publisher\" content=\"https:\/\/www.facebook.com\/noticiasmercedinas\/\" \/>\n<meta property=\"article:published_time\" content=\"2019-10-03T15:56:41+00:00\" \/>\n<meta property=\"article:modified_time\" content=\"2019-10-07T16:14:01+00:00\" \/>\n<meta property=\"og:image\" content=\"https:\/\/noticiasmercedinas.com\/site\/wp-content\/uploads\/2019\/10\/sigma_bidones.jpg\" \/>\n\t<meta property=\"og:image:width\" content=\"640\" \/>\n\t<meta property=\"og:image:height\" content=\"480\" \/>\n\t<meta property=\"og:image:type\" content=\"image\/jpeg\" \/>\n<meta name=\"author\" content=\"NOTICIASMERCEDINAS.COM\" \/>\n<meta name=\"twitter:card\" content=\"summary_large_image\" \/>\n<meta name=\"twitter:creator\" content=\"@notmercedinas\" \/>\n<meta name=\"twitter:site\" content=\"@notmercedinas\" \/>\n<meta name=\"twitter:label1\" content=\"Escrito por\" \/>\n\t<meta name=\"twitter:data1\" content=\"NOTICIASMERCEDINAS.COM\" \/>\n\t<meta name=\"twitter:label2\" content=\"Tiempo de lectura\" \/>\n\t<meta name=\"twitter:data2\" content=\"2 minutos\" \/>\n<script type=\"application\/ld+json\" class=\"yoast-schema-graph\">{\"@context\":\"https:\\\/\\\/schema.org\",\"@graph\":[{\"@type\":\"Article\",\"@id\":\"https:\\\/\\\/noticiasmercedinas.com\\\/site\\\/2019\\\/10\\\/03\\\/justicia-investiga-posibles-negligencias-o-delitos-en-incendio\\\/#article\",\"isPartOf\":{\"@id\":\"https:\\\/\\\/noticiasmercedinas.com\\\/site\\\/2019\\\/10\\\/03\\\/justicia-investiga-posibles-negligencias-o-delitos-en-incendio\\\/\"},\"author\":{\"name\":\"NOTICIASMERCEDINAS.COM\",\"@id\":\"https:\\\/\\\/noticiasmercedinas.com\\\/site\\\/#\\\/schema\\\/person\\\/84b59c099c28ff2e8b77d4ceec5d8063\"},\"headline\":\"Justicia investiga posibles \u201cnegligencias o delitos\u201d en incendio\",\"datePublished\":\"2019-10-03T15:56:41+00:00\",\"dateModified\":\"2019-10-07T16:14:01+00:00\",\"mainEntityOfPage\":{\"@id\":\"https:\\\/\\\/noticiasmercedinas.com\\\/site\\\/2019\\\/10\\\/03\\\/justicia-investiga-posibles-negligencias-o-delitos-en-incendio\\\/\"},\"wordCount\":462,\"commentCount\":0,\"publisher\":{\"@id\":\"https:\\\/\\\/noticiasmercedinas.com\\\/site\\\/#organization\"},\"image\":{\"@id\":\"https:\\\/\\\/noticiasmercedinas.com\\\/site\\\/2019\\\/10\\\/03\\\/justicia-investiga-posibles-negligencias-o-delitos-en-incendio\\\/#primaryimage\"},\"thumbnailUrl\":\"https:\\\/\\\/noticiasmercedinas.com\\\/site\\\/wp-content\\\/uploads\\\/2019\\\/10\\\/sigma_bidones.jpg\",\"keywords\":[\"Agroqu\u00edmicos\",\"incendio\",\"la verde\",\"Luis Carcagno\",\"Ministerio P\u00fablico Fiscal\",\"sigma\",\"Sigma agro\"],\"articleSection\":[\"Seguridad\"],\"inLanguage\":\"es\",\"potentialAction\":[{\"@type\":\"CommentAction\",\"name\":\"Comment\",\"target\":[\"https:\\\/\\\/noticiasmercedinas.com\\\/site\\\/2019\\\/10\\\/03\\\/justicia-investiga-posibles-negligencias-o-delitos-en-incendio\\\/#respond\"]}]},{\"@type\":\"WebPage\",\"@id\":\"https:\\\/\\\/noticiasmercedinas.com\\\/site\\\/2019\\\/10\\\/03\\\/justicia-investiga-posibles-negligencias-o-delitos-en-incendio\\\/\",\"url\":\"https:\\\/\\\/noticiasmercedinas.com\\\/site\\\/2019\\\/10\\\/03\\\/justicia-investiga-posibles-negligencias-o-delitos-en-incendio\\\/\",\"name\":\"Justicia investiga posibles \u201cnegligencias o delitos\u201d en incendio\",\"isPartOf\":{\"@id\":\"https:\\\/\\\/noticiasmercedinas.com\\\/site\\\/#website\"},\"primaryImageOfPage\":{\"@id\":\"https:\\\/\\\/noticiasmercedinas.com\\\/site\\\/2019\\\/10\\\/03\\\/justicia-investiga-posibles-negligencias-o-delitos-en-incendio\\\/#primaryimage\"},\"image\":{\"@id\":\"https:\\\/\\\/noticiasmercedinas.com\\\/site\\\/2019\\\/10\\\/03\\\/justicia-investiga-posibles-negligencias-o-delitos-en-incendio\\\/#primaryimage\"},\"thumbnailUrl\":\"https:\\\/\\\/noticiasmercedinas.com\\\/site\\\/wp-content\\\/uploads\\\/2019\\\/10\\\/sigma_bidones.jpg\",\"datePublished\":\"2019-10-03T15:56:41+00:00\",\"dateModified\":\"2019-10-07T16:14:01+00:00\",\"breadcrumb\":{\"@id\":\"https:\\\/\\\/noticiasmercedinas.com\\\/site\\\/2019\\\/10\\\/03\\\/justicia-investiga-posibles-negligencias-o-delitos-en-incendio\\\/#breadcrumb\"},\"inLanguage\":\"es\",\"potentialAction\":[{\"@type\":\"ReadAction\",\"target\":[\"https:\\\/\\\/noticiasmercedinas.com\\\/site\\\/2019\\\/10\\\/03\\\/justicia-investiga-posibles-negligencias-o-delitos-en-incendio\\\/\"]}]},{\"@type\":\"ImageObject\",\"inLanguage\":\"es\",\"@id\":\"https:\\\/\\\/noticiasmercedinas.com\\\/site\\\/2019\\\/10\\\/03\\\/justicia-investiga-posibles-negligencias-o-delitos-en-incendio\\\/#primaryimage\",\"url\":\"https:\\\/\\\/noticiasmercedinas.com\\\/site\\\/wp-content\\\/uploads\\\/2019\\\/10\\\/sigma_bidones.jpg\",\"contentUrl\":\"https:\\\/\\\/noticiasmercedinas.com\\\/site\\\/wp-content\\\/uploads\\\/2019\\\/10\\\/sigma_bidones.jpg\",\"width\":640,\"height\":480},{\"@type\":\"BreadcrumbList\",\"@id\":\"https:\\\/\\\/noticiasmercedinas.com\\\/site\\\/2019\\\/10\\\/03\\\/justicia-investiga-posibles-negligencias-o-delitos-en-incendio\\\/#breadcrumb\",\"itemListElement\":[{\"@type\":\"ListItem\",\"position\":1,\"name\":\"Portada\",\"item\":\"https:\\\/\\\/noticiasmercedinas.com\\\/site\\\/\"},{\"@type\":\"ListItem\",\"position\":2,\"name\":\"Justicia investiga posibles \u201cnegligencias o delitos\u201d en incendio\"}]},{\"@type\":\"WebSite\",\"@id\":\"https:\\\/\\\/noticiasmercedinas.com\\\/site\\\/#website\",\"url\":\"https:\\\/\\\/noticiasmercedinas.com\\\/site\\\/\",\"name\":\"NOTICIASMERCEDINAS.COM\",\"description\":\"Mercedes, Buenos Aires, Argentina\",\"publisher\":{\"@id\":\"https:\\\/\\\/noticiasmercedinas.com\\\/site\\\/#organization\"},\"potentialAction\":[{\"@type\":\"SearchAction\",\"target\":{\"@type\":\"EntryPoint\",\"urlTemplate\":\"https:\\\/\\\/noticiasmercedinas.com\\\/site\\\/?s={search_term_string}\"},\"query-input\":{\"@type\":\"PropertyValueSpecification\",\"valueRequired\":true,\"valueName\":\"search_term_string\"}}],\"inLanguage\":\"es\"},{\"@type\":\"Organization\",\"@id\":\"https:\\\/\\\/noticiasmercedinas.com\\\/site\\\/#organization\",\"name\":\"NOTICIASMERCEDINAS.COM\",\"url\":\"https:\\\/\\\/noticiasmercedinas.com\\\/site\\\/\",\"logo\":{\"@type\":\"ImageObject\",\"inLanguage\":\"es\",\"@id\":\"https:\\\/\\\/noticiasmercedinas.com\\\/site\\\/#\\\/schema\\\/logo\\\/image\\\/\",\"url\":\"https:\\\/\\\/noticiasmercedinas.com\\\/site\\\/wp-content\\\/uploads\\\/2020\\\/06\\\/LOGO-512.jpg\",\"contentUrl\":\"https:\\\/\\\/noticiasmercedinas.com\\\/site\\\/wp-content\\\/uploads\\\/2020\\\/06\\\/LOGO-512.jpg\",\"width\":512,\"height\":512,\"caption\":\"NOTICIASMERCEDINAS.COM\"},\"image\":{\"@id\":\"https:\\\/\\\/noticiasmercedinas.com\\\/site\\\/#\\\/schema\\\/logo\\\/image\\\/\"},\"sameAs\":[\"https:\\\/\\\/www.facebook.com\\\/noticiasmercedinas\\\/\",\"https:\\\/\\\/x.com\\\/notmercedinas\",\"https:\\\/\\\/www.instagram.com\\\/noticiasmercedinas\\\/\"]},{\"@type\":\"Person\",\"@id\":\"https:\\\/\\\/noticiasmercedinas.com\\\/site\\\/#\\\/schema\\\/person\\\/84b59c099c28ff2e8b77d4ceec5d8063\",\"name\":\"NOTICIASMERCEDINAS.COM\",\"image\":{\"@type\":\"ImageObject\",\"inLanguage\":\"es\",\"@id\":\"https:\\\/\\\/secure.gravatar.com\\\/avatar\\\/4dfbf16b4d17945bfb6341b2d19043457132fcf478a5ee04f42e959fd8f5df0a?s=96&d=mm&r=g\",\"url\":\"https:\\\/\\\/secure.gravatar.com\\\/avatar\\\/4dfbf16b4d17945bfb6341b2d19043457132fcf478a5ee04f42e959fd8f5df0a?s=96&d=mm&r=g\",\"contentUrl\":\"https:\\\/\\\/secure.gravatar.com\\\/avatar\\\/4dfbf16b4d17945bfb6341b2d19043457132fcf478a5ee04f42e959fd8f5df0a?s=96&d=mm&r=g\",\"caption\":\"NOTICIASMERCEDINAS.COM\"},\"url\":\"https:\\\/\\\/noticiasmercedinas.com\\\/site\\\/author\\\/anonimo\\\/\"}]}<\/script>\n<!-- \/ Yoast SEO plugin. -->","yoast_head_json":{"title":"Justicia investiga posibles \u201cnegligencias o delitos\u201d en incendio","robots":{"index":"index","follow":"follow","max-snippet":"max-snippet:-1","max-image-preview":"max-image-preview:large","max-video-preview":"max-video-preview:-1"},"canonical":"https:\/\/noticiasmercedinas.com\/site\/2019\/10\/03\/justicia-investiga-posibles-negligencias-o-delitos-en-incendio\/","og_locale":"es_ES","og_type":"article","og_title":"Justicia investiga posibles \u201cnegligencias o delitos\u201d en incendio","og_description":"La Fiscal\u00eda (UFIJ) N\u00ba 6 de Mercedes, a cargo de Luis Carcagno, inici\u00f3 actuaciones para \u201cdeterminar si existieron negligencias o la comisi\u00f3n de delitos de acci\u00f3n p\u00fablica\u201d en el incendio del viernes 27 de septiembre en la planta de agroqu\u00edmicos \u201cSigma Agro\u201d. El Ministerio P\u00fablico Fiscal (MPF) procura establecer si la empresa cumpli\u00f3 con los [&hellip;]","og_url":"https:\/\/noticiasmercedinas.com\/site\/2019\/10\/03\/justicia-investiga-posibles-negligencias-o-delitos-en-incendio\/","og_site_name":"NOTICIASMERCEDINAS.COM","article_publisher":"https:\/\/www.facebook.com\/noticiasmercedinas\/","article_published_time":"2019-10-03T15:56:41+00:00","article_modified_time":"2019-10-07T16:14:01+00:00","og_image":[{"width":640,"height":480,"url":"https:\/\/noticiasmercedinas.com\/site\/wp-content\/uploads\/2019\/10\/sigma_bidones.jpg","type":"image\/jpeg"}],"author":"NOTICIASMERCEDINAS.COM","twitter_card":"summary_large_image","twitter_creator":"@notmercedinas","twitter_site":"@notmercedinas","twitter_misc":{"Escrito por":"NOTICIASMERCEDINAS.COM","Tiempo de lectura":"2 minutos"},"schema":{"@context":"https:\/\/schema.org","@graph":[{"@type":"Article","@id":"https:\/\/noticiasmercedinas.com\/site\/2019\/10\/03\/justicia-investiga-posibles-negligencias-o-delitos-en-incendio\/#article","isPartOf":{"@id":"https:\/\/noticiasmercedinas.com\/site\/2019\/10\/03\/justicia-investiga-posibles-negligencias-o-delitos-en-incendio\/"},"author":{"name":"NOTICIASMERCEDINAS.COM","@id":"https:\/\/noticiasmercedinas.com\/site\/#\/schema\/person\/84b59c099c28ff2e8b77d4ceec5d8063"},"headline":"Justicia investiga posibles \u201cnegligencias o delitos\u201d en incendio","datePublished":"2019-10-03T15:56:41+00:00","dateModified":"2019-10-07T16:14:01+00:00","mainEntityOfPage":{"@id":"https:\/\/noticiasmercedinas.com\/site\/2019\/10\/03\/justicia-investiga-posibles-negligencias-o-delitos-en-incendio\/"},"wordCount":462,"commentCount":0,"publisher":{"@id":"https:\/\/noticiasmercedinas.com\/site\/#organization"},"image":{"@id":"https:\/\/noticiasmercedinas.com\/site\/2019\/10\/03\/justicia-investiga-posibles-negligencias-o-delitos-en-incendio\/#primaryimage"},"thumbnailUrl":"https:\/\/noticiasmercedinas.com\/site\/wp-content\/uploads\/2019\/10\/sigma_bidones.jpg","keywords":["Agroqu\u00edmicos","incendio","la verde","Luis Carcagno","Ministerio P\u00fablico Fiscal","sigma","Sigma agro"],"articleSection":["Seguridad"],"inLanguage":"es","potentialAction":[{"@type":"CommentAction","name":"Comment","target":["https:\/\/noticiasmercedinas.com\/site\/2019\/10\/03\/justicia-investiga-posibles-negligencias-o-delitos-en-incendio\/#respond"]}]},{"@type":"WebPage","@id":"https:\/\/noticiasmercedinas.com\/site\/2019\/10\/03\/justicia-investiga-posibles-negligencias-o-delitos-en-incendio\/","url":"https:\/\/noticiasmercedinas.com\/site\/2019\/10\/03\/justicia-investiga-posibles-negligencias-o-delitos-en-incendio\/","name":"Justicia investiga posibles \u201cnegligencias o delitos\u201d en incendio","isPartOf":{"@id":"https:\/\/noticiasmercedinas.com\/site\/#website"},"primaryImageOfPage":{"@id":"https:\/\/noticiasmercedinas.com\/site\/2019\/10\/03\/justicia-investiga-posibles-negligencias-o-delitos-en-incendio\/#primaryimage"},"image":{"@id":"https:\/\/noticiasmercedinas.com\/site\/2019\/10\/03\/justicia-investiga-posibles-negligencias-o-delitos-en-incendio\/#primaryimage"},"thumbnailUrl":"https:\/\/noticiasmercedinas.com\/site\/wp-content\/uploads\/2019\/10\/sigma_bidones.jpg","datePublished":"2019-10-03T15:56:41+00:00","dateModified":"2019-10-07T16:14:01+00:00","breadcrumb":{"@id":"https:\/\/noticiasmercedinas.com\/site\/2019\/10\/03\/justicia-investiga-posibles-negligencias-o-delitos-en-incendio\/#breadcrumb"},"inLanguage":"es","potentialAction":[{"@type":"ReadAction","target":["https:\/\/noticiasmercedinas.com\/site\/2019\/10\/03\/justicia-investiga-posibles-negligencias-o-delitos-en-incendio\/"]}]},{"@type":"ImageObject","inLanguage":"es","@id":"https:\/\/noticiasmercedinas.com\/site\/2019\/10\/03\/justicia-investiga-posibles-negligencias-o-delitos-en-incendio\/#primaryimage","url":"https:\/\/noticiasmercedinas.com\/site\/wp-content\/uploads\/2019\/10\/sigma_bidones.jpg","contentUrl":"https:\/\/noticiasmercedinas.com\/site\/wp-content\/uploads\/2019\/10\/sigma_bidones.jpg","width":640,"height":480},{"@type":"BreadcrumbList","@id":"https:\/\/noticiasmercedinas.com\/site\/2019\/10\/03\/justicia-investiga-posibles-negligencias-o-delitos-en-incendio\/#breadcrumb","itemListElement":[{"@type":"ListItem","position":1,"name":"Portada","item":"https:\/\/noticiasmercedinas.com\/site\/"},{"@type":"ListItem","position":2,"name":"Justicia investiga posibles \u201cnegligencias o delitos\u201d en incendio"}]},{"@type":"WebSite","@id":"https:\/\/noticiasmercedinas.com\/site\/#website","url":"https:\/\/noticiasmercedinas.com\/site\/","name":"NOTICIASMERCEDINAS.COM","description":"Mercedes, Buenos Aires, Argentina","publisher":{"@id":"https:\/\/noticiasmercedinas.com\/site\/#organization"},"potentialAction":[{"@type":"SearchAction","target":{"@type":"EntryPoint","urlTemplate":"https:\/\/noticiasmercedinas.com\/site\/?s={search_term_string}"},"query-input":{"@type":"PropertyValueSpecification","valueRequired":true,"valueName":"search_term_string"}}],"inLanguage":"es"},{"@type":"Organization","@id":"https:\/\/noticiasmercedinas.com\/site\/#organization","name":"NOTICIASMERCEDINAS.COM","url":"https:\/\/noticiasmercedinas.com\/site\/","logo":{"@type":"ImageObject","inLanguage":"es","@id":"https:\/\/noticiasmercedinas.com\/site\/#\/schema\/logo\/image\/","url":"https:\/\/noticiasmercedinas.com\/site\/wp-content\/uploads\/2020\/06\/LOGO-512.jpg","contentUrl":"https:\/\/noticiasmercedinas.com\/site\/wp-content\/uploads\/2020\/06\/LOGO-512.jpg","width":512,"height":512,"caption":"NOTICIASMERCEDINAS.COM"},"image":{"@id":"https:\/\/noticiasmercedinas.com\/site\/#\/schema\/logo\/image\/"},"sameAs":["https:\/\/www.facebook.com\/noticiasmercedinas\/","https:\/\/x.com\/notmercedinas","https:\/\/www.instagram.com\/noticiasmercedinas\/"]},{"@type":"Person","@id":"https:\/\/noticiasmercedinas.com\/site\/#\/schema\/person\/84b59c099c28ff2e8b77d4ceec5d8063","name":"NOTICIASMERCEDINAS.COM","image":{"@type":"ImageObject","inLanguage":"es","@id":"https:\/\/secure.gravatar.com\/avatar\/4dfbf16b4d17945bfb6341b2d19043457132fcf478a5ee04f42e959fd8f5df0a?s=96&d=mm&r=g","url":"https:\/\/secure.gravatar.com\/avatar\/4dfbf16b4d17945bfb6341b2d19043457132fcf478a5ee04f42e959fd8f5df0a?s=96&d=mm&r=g","contentUrl":"https:\/\/secure.gravatar.com\/avatar\/4dfbf16b4d17945bfb6341b2d19043457132fcf478a5ee04f42e959fd8f5df0a?s=96&d=mm&r=g","caption":"NOTICIASMERCEDINAS.COM"},"url":"https:\/\/noticiasmercedinas.com\/site\/author\/anonimo\/"}]}},"amp_enabled":true,"_links":{"self":[{"href":"https:\/\/noticiasmercedinas.com\/site\/wp-json\/wp\/v2\/posts\/29918","targetHints":{"allow":["GET"]}}],"collection":[{"href":"https:\/\/noticiasmercedinas.com\/site\/wp-json\/wp\/v2\/posts"}],"about":[{"href":"https:\/\/noticiasmercedinas.com\/site\/wp-json\/wp\/v2\/types\/post"}],"author":[{"embeddable":true,"href":"https:\/\/noticiasmercedinas.com\/site\/wp-json\/wp\/v2\/users\/16"}],"replies":[{"embeddable":true,"href":"https:\/\/noticiasmercedinas.com\/site\/wp-json\/wp\/v2\/comments?post=29918"}],"version-history":[{"count":4,"href":"https:\/\/noticiasmercedinas.com\/site\/wp-json\/wp\/v2\/posts\/29918\/revisions"}],"predecessor-version":[{"id":30272,"href":"https:\/\/noticiasmercedinas.com\/site\/wp-json\/wp\/v2\/posts\/29918\/revisions\/30272"}],"wp:featuredmedia":[{"embeddable":true,"href":"https:\/\/noticiasmercedinas.com\/site\/wp-json\/wp\/v2\/media\/29919"}],"wp:attachment":[{"href":"https:\/\/noticiasmercedinas.com\/site\/wp-json\/wp\/v2\/media?parent=29918"}],"wp:term":[{"taxonomy":"category","embeddable":true,"href":"https:\/\/noticiasmercedinas.com\/site\/wp-json\/wp\/v2\/categories?post=29918"},{"taxonomy":"post_tag","embeddable":true,"href":"https:\/\/noticiasmercedinas.com\/site\/wp-json\/wp\/v2\/tags?post=29918"}],"curies":[{"name":"wp","href":"https:\/\/api.w.org\/{rel}","templated":true}]}}