{"id":29946,"date":"2019-10-03T18:13:42","date_gmt":"2019-10-03T21:13:42","guid":{"rendered":"https:\/\/noticiasmercedinas.com\/site\/?p=29946"},"modified":"2019-10-03T18:13:42","modified_gmt":"2019-10-03T21:13:42","slug":"apuntes-mentales-de-un-paseo-por-el-parque","status":"publish","type":"post","link":"https:\/\/noticiasmercedinas.com\/site\/2019\/10\/03\/apuntes-mentales-de-un-paseo-por-el-parque\/","title":{"rendered":"Apuntes mentales de un paseo por el parque"},"content":{"rendered":"<p><img loading=\"lazy\" decoding=\"async\" class=\"alignnone size-full wp-image-29947\" src=\"https:\/\/noticiasmercedinas.com\/site\/wp-content\/uploads\/2019\/10\/9adbaaa1-e824-4e4f-b6db-2167cb04a5be.jpg\" alt=\"\" width=\"977\" height=\"632\" srcset=\"https:\/\/noticiasmercedinas.com\/site\/wp-content\/uploads\/2019\/10\/9adbaaa1-e824-4e4f-b6db-2167cb04a5be.jpg 977w, https:\/\/noticiasmercedinas.com\/site\/wp-content\/uploads\/2019\/10\/9adbaaa1-e824-4e4f-b6db-2167cb04a5be-300x194.jpg 300w, https:\/\/noticiasmercedinas.com\/site\/wp-content\/uploads\/2019\/10\/9adbaaa1-e824-4e4f-b6db-2167cb04a5be-768x497.jpg 768w, https:\/\/noticiasmercedinas.com\/site\/wp-content\/uploads\/2019\/10\/9adbaaa1-e824-4e4f-b6db-2167cb04a5be-600x388.jpg 600w, https:\/\/noticiasmercedinas.com\/site\/wp-content\/uploads\/2019\/10\/9adbaaa1-e824-4e4f-b6db-2167cb04a5be-341x220.jpg 341w, https:\/\/noticiasmercedinas.com\/site\/wp-content\/uploads\/2019\/10\/9adbaaa1-e824-4e4f-b6db-2167cb04a5be-682x440.jpg 682w, https:\/\/noticiasmercedinas.com\/site\/wp-content\/uploads\/2019\/10\/9adbaaa1-e824-4e4f-b6db-2167cb04a5be-640x414.jpg 640w, https:\/\/noticiasmercedinas.com\/site\/wp-content\/uploads\/2019\/10\/9adbaaa1-e824-4e4f-b6db-2167cb04a5be-681x441.jpg 681w\" sizes=\"auto, (max-width: 977px) 100vw, 977px\" \/><\/p>\n<p>Un \u00e1rbol ca\u00eddo ofrece su tronco como respaldo a una pareja de adolescentes. La regadora perfuma el aire con tierra mojada y el agua, cayendo como una lluvia, me confunde con la corriente del r\u00edo y con la peque\u00f1a cascada a la altura de la pasarela. Un conductor estaciona en la zanja y tres chicos apurados saltan del auto y corren hacia los juegos nuevos del parque viejo. Juegos coloridos, modernos y tan de Capital, que parecen haber sido puestos en helic\u00f3ptero.<\/p>\n<p>Un atleta con auriculares no puede escuchar el silencio de la naturaleza. M\u00e1s all\u00e1, una familia pasea arriba de una motito destartalada y en una mesa, un poco m\u00e1s ac\u00e1, padre e hija toman mate. Desde un auto suena una versi\u00f3n folcl\u00f3rica del tema \u201cMi viejo\u201d, de Piero. Un pibe toca una guitarra y repite los mismos tres acordes.<\/p>\n<p>Es un mi\u00e9rcoles de invierno y el parque, salvo estas excepciones, est\u00e1 desierto.<\/p>\n<p>Cuando era chico despreciaba el parque porque era nuestro. Todav\u00eda se ve\u00edan chicos ba\u00f1\u00e1ndose en el r\u00edo y otros tirando la ca\u00f1a. Eso era suficiente para mis prejuicios. El l\u00edmite de la civilizaci\u00f3n era el alambrado del Club Mercedes. M\u00e1s adelante, en la adolescencia, el muro de Berl\u00edn pas\u00f3 a ser la pasarela, que antes de unir al llamado parque viejo con el parque nuevo, separaba a la gente: los que nos cre\u00edamos parte de un nosotros, en el parque nuevo, y los otros, ellos, en el parque viejo.<\/p>\n<p>Todo lo que no sale en la tele sencillamente no existe, se dec\u00eda hace veinte a\u00f1os.<\/p>\n<p>Hoy lo pensamos de internet: si no est\u00e1 en internet, entonces no existe.<\/p>\n<p>En la p\u00e1gina <strong>argentinaturismo.com.ar<\/strong> nuestro parque -el parque-<span style=\"color: #000080;\"><a style=\"color: #000080;\" href=\"https:\/\/www.argentinaturismo.com.ar\/mercedes-buenos-aires\/parque-municipal-independencia.html\" target=\"_blank\" rel=\"noopener noreferrer\"><strong> aparece descrito como \u201cpostal paradis\u00edaca de la ciudad de Mercedes\u201d<\/strong><\/a> <\/span>y dice que \u201cel Parque Municipal Independencia impregna de vegetaci\u00f3n, frescura y aire puro la vida urbana\u201d.<\/p>\n<p>En la p\u00e1gina <strong>Tripadvisor<\/strong> \u2013la m\u00e1s consultada por viajeros\u2013 <span style=\"color: #000080;\"><a style=\"color: #000080;\" href=\"https:\/\/www.tripadvisor.com.ar\/Attraction_Review-g312750-d11803666-Reviews-Parque_Municipal_Mercedes_Pcia_de_Buenos_Aires-Mercedes_Province_of_Buenos_Aires.html\" target=\"_blank\" rel=\"noopener noreferrer\"><strong>est\u00e1 puntuado con 4.0 sobre 5 estrellas<\/strong><\/a><\/span>.<\/p>\n<p>Me pregunto, mientras googleo, si son necesarias las apreciaciones virtuales para revalorizar el lugar al que voy frecuentemente. Encuentro un art\u00edculo del diario <em>Clarin <\/em>de este a\u00f1o, en la secci\u00f3n de Viajes y Escapadas, <span style=\"color: #000080;\"><a style=\"color: #000080;\" href=\"https:\/\/www.clarin.com\/viajes\/resfrescante-paseo-100-km-buenos-aires_0_6gZ6fsI1M.html\" target=\"_blank\" rel=\"noopener noreferrer\"><strong>que bajo el t\u00edtulo \u201cUn refrescante paseo\u201d<\/strong><\/a><\/span> describe las bondades de nuestro parque. \u201cUn resguardo de flora y fauna\u201d, exagera. \u00bfFauna?, pienso.<\/p>\n<p><img loading=\"lazy\" decoding=\"async\" class=\"alignnone size-full wp-image-29948\" src=\"https:\/\/noticiasmercedinas.com\/site\/wp-content\/uploads\/2019\/10\/5bf52278-4383-406d-b133-f7e07c57e6c8.jpg\" alt=\"\" width=\"981\" height=\"648\" srcset=\"https:\/\/noticiasmercedinas.com\/site\/wp-content\/uploads\/2019\/10\/5bf52278-4383-406d-b133-f7e07c57e6c8.jpg 981w, https:\/\/noticiasmercedinas.com\/site\/wp-content\/uploads\/2019\/10\/5bf52278-4383-406d-b133-f7e07c57e6c8-300x198.jpg 300w, https:\/\/noticiasmercedinas.com\/site\/wp-content\/uploads\/2019\/10\/5bf52278-4383-406d-b133-f7e07c57e6c8-768x507.jpg 768w, https:\/\/noticiasmercedinas.com\/site\/wp-content\/uploads\/2019\/10\/5bf52278-4383-406d-b133-f7e07c57e6c8-640x423.jpg 640w, https:\/\/noticiasmercedinas.com\/site\/wp-content\/uploads\/2019\/10\/5bf52278-4383-406d-b133-f7e07c57e6c8-681x450.jpg 681w\" sizes=\"auto, (max-width: 981px) 100vw, 981px\" \/><\/p>\n<p>Me entero, por un art\u00edculo de Pozzi, que el parque viejo es un terreno de 14 hect\u00e1reas dise\u00f1ado por el ingeniero Ortiz, que las primeras plantas fueron colocadas por estudiantes, autoridades y vecinos el d\u00eda de la primavera de 1913, y que ese mismo d\u00eda la Comisi\u00f3n de Damas &#8211;integrada por mujeres, y que hab\u00eda sido formada en 1911 para recaudar fondos y comprar un terreno a fin de contar con un espacio al aire libre a la vera del r\u00edo Lujan&#8211; hizo entrega del terreno al intendente Ballesteros con el pedido de que fuese inaugurado el 9 de julio de 1914, como un homenaje al d\u00eda de la independencia.<\/p>\n<p>Ahora paseo por el parque nuevo que, al parecer, ser\u00e1 nuevo para siempre \u2013aunque esas 45 hect\u00e1reas hayan sido adquiridas por el municipio hace 37 a\u00f1os.<\/p>\n<p>Me lamento de tener un celular viejo, con poca definici\u00f3n, incapaz de retratar ese atardecer. Con una buena c\u00e1mara hubiera tenido unos cuantos likes, pienso. Y me lamento tambi\u00e9n por ser un completo analfabeto en bot\u00e1nica, incompetente para diferenciar una planta de otra, que la flora me resulte tan ajena. Lo llamo a Leonardo Belforte, que es el director de Espacios Verdes de la Municipalidad. Necesito saber qu\u00e9 tipo de plantas hay, conocerlas.<\/p>\n<p>&#8211;En el parque viejo tenemos eucaliptos, fresno americano, pl\u00e1tanos, s\u00f3fora. Tenemos algunas con\u00edferas como cedros, cipreses. Hay algunos para\u00edsos, hay moras, hay acacio blanco y acacio negro y hay casuarinas. En el parque nuevo, que se ha hecho una plantaci\u00f3n con m\u00e1s diversidad y se ha formado montes individuales, hay montes de robles de los pantanos, hay montecitos de araucaria, \u00e1lamos, monte de liquidambar. Hay cipr\u00e9s calvo, algunos sauces, s\u00f3foras, moras, fresno americano, roble europeo. Hay alguna palmera, pind\u00f3, una palmera fenix canariensis\u2026 El fin de semana pasado se han plantado tala y alguna otra planta nativa.<\/p>\n<p><strong>&#8212; \u00bfCu\u00e1l es el criterio para plantar, Leo? \u00bfY para elegir la planta?<\/strong><\/p>\n<p>&#8212; A veces remplaz\u00e1s plantas que fuiste sacando por diversos motivos. Puntualmente en esto que se plant\u00f3 hace poquito, fue a ra\u00edz de un proyecto que se llama \u201c<a href=\"https:\/\/noticiasmercedinas.com\/site\/2019\/09\/01\/300-nuevos-arboles-vecinos-participaron-de-la-creacion-del-bosque-de-los-mil-dias\/\" target=\"_blank\" rel=\"noopener noreferrer\"><strong><span style=\"color: #000080;\">Bosque de los Mil D\u00edas<\/span><\/strong><\/a>\u201d. Hay un plan que tiene el municipio que se llama Mil D\u00edas, con el que se hace un acompa\u00f1amiento a las madres que van a tener a sus hijos y se toman mil d\u00edas, desde el inicio de la concepci\u00f3n, acompa\u00f1ando a la mam\u00e1 y al chico en todo lo que es salud, nutrici\u00f3n, etc\u00e9tera. Entonces por cada chico que naci\u00f3 dentro de ese plan, se planta un \u00e1rbol. La direcci\u00f3n de Ambiente junto con la m\u00eda, de Espacios Verdes, decidimos el lugar donde plantar y qu\u00e9 \u00e1rboles poner. Se apunt\u00f3 por plantas nativas que andan bien en la zona y un poco para cuidar lo aut\u00f3ctono. Tambi\u00e9n se tiene en cuenta qu\u00e9 uso va a tener el lugar. Si es un lugar de juego o donde va a haber gente, se elige un tipo de plantas m\u00e1s segura, que se desgaje menos, que se quiebre menos. En otros casos opt\u00e1s por plantas m\u00e1s decorativas, que tengan otros colores. En lugares donde necesit\u00e1s que no se tape la luminaria eleg\u00eds otro tipo de plantas. Son distintas variables que uno va tomando en cuenta.<\/p>\n<p>Camino por el monte de araucaria \u2013ahora puedo decirlo\u2013 y veo a tres muchachos que escuchan cumbia y toman cerveza apoyados en un auto. Detr\u00e1s, otro atleta ensimismado pasa al trote bordeando el r\u00edo concentrado en la respiraci\u00f3n. Me acerco a la zona de los ba\u00f1os y leo en las paredes frases bien pintadas \u2013murales\u2013 como \u201cen defensa del arte p\u00fablico\u201d, \u201chace lo que am\u00e1s\u201d y \u201ctodos tenemos magia\u201d. Imperativos que tienen efectos en los artistas an\u00f3nimos que dejan su marca con aerosol declarando amor: \u201cTe amo Valen\u201d junto a un coraz\u00f3n, por ejemplo. Tambi\u00e9n hay huellas de amantes de distintos colegios bajo el seud\u00f3nimo del a\u00f1o de egresado. Recuerdo haber escuchado \u2013o le\u00eddo\u2013 a Hebe Uhart decir que para conocer a los habitantes de un lugar hab\u00eda que leer las paredes. En Mercedes las paredes nos dicen que los chicos aman a sus colegios tanto o m\u00e1s que a cualquier otra cosa. Que aman a sus colegios, sobre todo, en el mes de la primavera, y que son capaces de odiar con la misma intensidad \u2013para ratificar el amor\u2013 a los otros colegios.<\/p>\n<p>El sol se va poniendo en el r\u00edo y ya casi no queda nadie. Mientras menos gente mejor, pienso. No hay bullicio humano, no hay movimiento, no hay motores encendidos ni gente a quien saludar. No hay urbanidad que desv\u00ede mi atenci\u00f3n. El parque dej\u00f3 de ser tel\u00f3n de fondo para imponerse siendo \u00e9l, ahora, quien me desprecia.<\/p>\n","protected":false},"excerpt":{"rendered":"<p>Un \u00e1rbol ca\u00eddo ofrece su tronco como respaldo a una pareja de adolescentes. La regadora perfuma el aire con tierra mojada y el agua, cayendo como una lluvia, me confunde con la corriente del r\u00edo y con la peque\u00f1a cascada a la altura de la pasarela. Un conductor estaciona en la zanja y tres chicos [&hellip;]<\/p>\n","protected":false},"author":26,"featured_media":29947,"comment_status":"open","ping_status":"open","sticky":false,"template":"","format":"standard","meta":{"footnotes":""},"categories":[6576],"tags":[23,738,3523,33,6578],"class_list":["post-29946","post","type-post","status-publish","format-standard","has-post-thumbnail","hentry","category-una-mirada-de-la-ciudad","tag-mercedes","tag-parque-municipal","tag-parque-municipal-independencia","tag-turismo","tag-una-mirada-de-la-ciudad"],"yoast_head":"<!-- This site is optimized with the Yoast SEO plugin v27.5 - https:\/\/yoast.com\/product\/yoast-seo-wordpress\/ -->\n<title>Apuntes mentales de un paseo por el parque<\/title>\n<meta name=\"robots\" content=\"index, follow, max-snippet:-1, max-image-preview:large, max-video-preview:-1\" \/>\n<link rel=\"canonical\" href=\"https:\/\/noticiasmercedinas.com\/site\/2019\/10\/03\/apuntes-mentales-de-un-paseo-por-el-parque\/\" \/>\n<meta property=\"og:locale\" content=\"es_ES\" \/>\n<meta property=\"og:type\" content=\"article\" \/>\n<meta property=\"og:title\" content=\"Apuntes mentales de un paseo por el parque\" \/>\n<meta property=\"og:description\" content=\"Un \u00e1rbol ca\u00eddo ofrece su tronco como respaldo a una pareja de adolescentes. La regadora perfuma el aire con tierra mojada y el agua, cayendo como una lluvia, me confunde con la corriente del r\u00edo y con la peque\u00f1a cascada a la altura de la pasarela. Un conductor estaciona en la zanja y tres chicos [&hellip;]\" \/>\n<meta property=\"og:url\" content=\"https:\/\/noticiasmercedinas.com\/site\/2019\/10\/03\/apuntes-mentales-de-un-paseo-por-el-parque\/\" \/>\n<meta property=\"og:site_name\" content=\"NOTICIASMERCEDINAS.COM\" \/>\n<meta property=\"article:publisher\" content=\"https:\/\/www.facebook.com\/noticiasmercedinas\/\" \/>\n<meta property=\"article:author\" content=\"https:\/\/www.facebook.com\/www.untalmarcost.blogspot.com.ar\" \/>\n<meta property=\"article:published_time\" content=\"2019-10-03T21:13:42+00:00\" \/>\n<meta property=\"og:image\" content=\"https:\/\/noticiasmercedinas.com\/site\/wp-content\/uploads\/2019\/10\/9adbaaa1-e824-4e4f-b6db-2167cb04a5be.jpg\" \/>\n\t<meta property=\"og:image:width\" content=\"977\" \/>\n\t<meta property=\"og:image:height\" content=\"632\" \/>\n\t<meta property=\"og:image:type\" content=\"image\/jpeg\" \/>\n<meta name=\"author\" content=\"Marcos Tabossi\" \/>\n<meta name=\"twitter:card\" content=\"summary_large_image\" \/>\n<meta name=\"twitter:creator\" content=\"@https:\/\/twitter.com\/MarcosTabossi\" \/>\n<meta name=\"twitter:site\" content=\"@notmercedinas\" \/>\n<meta name=\"twitter:label1\" content=\"Escrito por\" \/>\n\t<meta name=\"twitter:data1\" content=\"Marcos Tabossi\" \/>\n\t<meta name=\"twitter:label2\" content=\"Tiempo de lectura\" \/>\n\t<meta name=\"twitter:data2\" content=\"6 minutos\" \/>\n<script type=\"application\/ld+json\" class=\"yoast-schema-graph\">{\"@context\":\"https:\\\/\\\/schema.org\",\"@graph\":[{\"@type\":\"Article\",\"@id\":\"https:\\\/\\\/noticiasmercedinas.com\\\/site\\\/2019\\\/10\\\/03\\\/apuntes-mentales-de-un-paseo-por-el-parque\\\/#article\",\"isPartOf\":{\"@id\":\"https:\\\/\\\/noticiasmercedinas.com\\\/site\\\/2019\\\/10\\\/03\\\/apuntes-mentales-de-un-paseo-por-el-parque\\\/\"},\"author\":{\"name\":\"Marcos Tabossi\",\"@id\":\"https:\\\/\\\/noticiasmercedinas.com\\\/site\\\/#\\\/schema\\\/person\\\/ad6432d89b9d86aa1236b4352f4f9271\"},\"headline\":\"Apuntes mentales de un paseo por el parque\",\"datePublished\":\"2019-10-03T21:13:42+00:00\",\"mainEntityOfPage\":{\"@id\":\"https:\\\/\\\/noticiasmercedinas.com\\\/site\\\/2019\\\/10\\\/03\\\/apuntes-mentales-de-un-paseo-por-el-parque\\\/\"},\"wordCount\":1248,\"commentCount\":0,\"publisher\":{\"@id\":\"https:\\\/\\\/noticiasmercedinas.com\\\/site\\\/#organization\"},\"image\":{\"@id\":\"https:\\\/\\\/noticiasmercedinas.com\\\/site\\\/2019\\\/10\\\/03\\\/apuntes-mentales-de-un-paseo-por-el-parque\\\/#primaryimage\"},\"thumbnailUrl\":\"https:\\\/\\\/noticiasmercedinas.com\\\/site\\\/wp-content\\\/uploads\\\/2019\\\/10\\\/9adbaaa1-e824-4e4f-b6db-2167cb04a5be.jpg\",\"keywords\":[\"mercedes\",\"parque municipal\",\"Parque Municipal Independencia\",\"turismo\",\"una mirada de la ciudad\"],\"articleSection\":[\"Una mirada de la ciudad\"],\"inLanguage\":\"es\",\"potentialAction\":[{\"@type\":\"CommentAction\",\"name\":\"Comment\",\"target\":[\"https:\\\/\\\/noticiasmercedinas.com\\\/site\\\/2019\\\/10\\\/03\\\/apuntes-mentales-de-un-paseo-por-el-parque\\\/#respond\"]}]},{\"@type\":\"WebPage\",\"@id\":\"https:\\\/\\\/noticiasmercedinas.com\\\/site\\\/2019\\\/10\\\/03\\\/apuntes-mentales-de-un-paseo-por-el-parque\\\/\",\"url\":\"https:\\\/\\\/noticiasmercedinas.com\\\/site\\\/2019\\\/10\\\/03\\\/apuntes-mentales-de-un-paseo-por-el-parque\\\/\",\"name\":\"Apuntes mentales de un paseo por el parque\",\"isPartOf\":{\"@id\":\"https:\\\/\\\/noticiasmercedinas.com\\\/site\\\/#website\"},\"primaryImageOfPage\":{\"@id\":\"https:\\\/\\\/noticiasmercedinas.com\\\/site\\\/2019\\\/10\\\/03\\\/apuntes-mentales-de-un-paseo-por-el-parque\\\/#primaryimage\"},\"image\":{\"@id\":\"https:\\\/\\\/noticiasmercedinas.com\\\/site\\\/2019\\\/10\\\/03\\\/apuntes-mentales-de-un-paseo-por-el-parque\\\/#primaryimage\"},\"thumbnailUrl\":\"https:\\\/\\\/noticiasmercedinas.com\\\/site\\\/wp-content\\\/uploads\\\/2019\\\/10\\\/9adbaaa1-e824-4e4f-b6db-2167cb04a5be.jpg\",\"datePublished\":\"2019-10-03T21:13:42+00:00\",\"breadcrumb\":{\"@id\":\"https:\\\/\\\/noticiasmercedinas.com\\\/site\\\/2019\\\/10\\\/03\\\/apuntes-mentales-de-un-paseo-por-el-parque\\\/#breadcrumb\"},\"inLanguage\":\"es\",\"potentialAction\":[{\"@type\":\"ReadAction\",\"target\":[\"https:\\\/\\\/noticiasmercedinas.com\\\/site\\\/2019\\\/10\\\/03\\\/apuntes-mentales-de-un-paseo-por-el-parque\\\/\"]}]},{\"@type\":\"ImageObject\",\"inLanguage\":\"es\",\"@id\":\"https:\\\/\\\/noticiasmercedinas.com\\\/site\\\/2019\\\/10\\\/03\\\/apuntes-mentales-de-un-paseo-por-el-parque\\\/#primaryimage\",\"url\":\"https:\\\/\\\/noticiasmercedinas.com\\\/site\\\/wp-content\\\/uploads\\\/2019\\\/10\\\/9adbaaa1-e824-4e4f-b6db-2167cb04a5be.jpg\",\"contentUrl\":\"https:\\\/\\\/noticiasmercedinas.com\\\/site\\\/wp-content\\\/uploads\\\/2019\\\/10\\\/9adbaaa1-e824-4e4f-b6db-2167cb04a5be.jpg\",\"width\":977,\"height\":632},{\"@type\":\"BreadcrumbList\",\"@id\":\"https:\\\/\\\/noticiasmercedinas.com\\\/site\\\/2019\\\/10\\\/03\\\/apuntes-mentales-de-un-paseo-por-el-parque\\\/#breadcrumb\",\"itemListElement\":[{\"@type\":\"ListItem\",\"position\":1,\"name\":\"Portada\",\"item\":\"https:\\\/\\\/noticiasmercedinas.com\\\/site\\\/\"},{\"@type\":\"ListItem\",\"position\":2,\"name\":\"Apuntes mentales de un paseo por el parque\"}]},{\"@type\":\"WebSite\",\"@id\":\"https:\\\/\\\/noticiasmercedinas.com\\\/site\\\/#website\",\"url\":\"https:\\\/\\\/noticiasmercedinas.com\\\/site\\\/\",\"name\":\"NOTICIASMERCEDINAS.COM\",\"description\":\"Mercedes, Buenos Aires, Argentina\",\"publisher\":{\"@id\":\"https:\\\/\\\/noticiasmercedinas.com\\\/site\\\/#organization\"},\"potentialAction\":[{\"@type\":\"SearchAction\",\"target\":{\"@type\":\"EntryPoint\",\"urlTemplate\":\"https:\\\/\\\/noticiasmercedinas.com\\\/site\\\/?s={search_term_string}\"},\"query-input\":{\"@type\":\"PropertyValueSpecification\",\"valueRequired\":true,\"valueName\":\"search_term_string\"}}],\"inLanguage\":\"es\"},{\"@type\":\"Organization\",\"@id\":\"https:\\\/\\\/noticiasmercedinas.com\\\/site\\\/#organization\",\"name\":\"NOTICIASMERCEDINAS.COM\",\"url\":\"https:\\\/\\\/noticiasmercedinas.com\\\/site\\\/\",\"logo\":{\"@type\":\"ImageObject\",\"inLanguage\":\"es\",\"@id\":\"https:\\\/\\\/noticiasmercedinas.com\\\/site\\\/#\\\/schema\\\/logo\\\/image\\\/\",\"url\":\"https:\\\/\\\/noticiasmercedinas.com\\\/site\\\/wp-content\\\/uploads\\\/2020\\\/06\\\/LOGO-512.jpg\",\"contentUrl\":\"https:\\\/\\\/noticiasmercedinas.com\\\/site\\\/wp-content\\\/uploads\\\/2020\\\/06\\\/LOGO-512.jpg\",\"width\":512,\"height\":512,\"caption\":\"NOTICIASMERCEDINAS.COM\"},\"image\":{\"@id\":\"https:\\\/\\\/noticiasmercedinas.com\\\/site\\\/#\\\/schema\\\/logo\\\/image\\\/\"},\"sameAs\":[\"https:\\\/\\\/www.facebook.com\\\/noticiasmercedinas\\\/\",\"https:\\\/\\\/x.com\\\/notmercedinas\",\"https:\\\/\\\/www.instagram.com\\\/noticiasmercedinas\\\/\"]},{\"@type\":\"Person\",\"@id\":\"https:\\\/\\\/noticiasmercedinas.com\\\/site\\\/#\\\/schema\\\/person\\\/ad6432d89b9d86aa1236b4352f4f9271\",\"name\":\"Marcos Tabossi\",\"image\":{\"@type\":\"ImageObject\",\"inLanguage\":\"es\",\"@id\":\"https:\\\/\\\/secure.gravatar.com\\\/avatar\\\/3289c5816bd32b910d17b147a61ec9a26c21417a787bc3c66c4bfd5c3ad5bd45?s=96&d=mm&r=g\",\"url\":\"https:\\\/\\\/secure.gravatar.com\\\/avatar\\\/3289c5816bd32b910d17b147a61ec9a26c21417a787bc3c66c4bfd5c3ad5bd45?s=96&d=mm&r=g\",\"contentUrl\":\"https:\\\/\\\/secure.gravatar.com\\\/avatar\\\/3289c5816bd32b910d17b147a61ec9a26c21417a787bc3c66c4bfd5c3ad5bd45?s=96&d=mm&r=g\",\"caption\":\"Marcos Tabossi\"},\"description\":\"Psic\u00f3logo, docente y escritor. Public\u00f3 \u201cLa persona de al lado\u201d (2013) y \u201cUna especie de c\u00e1rcel\u201d (Peces de Ciudad. 2017). Particip\u00f3 con cuentos en diversas antolog\u00edas y es colaborador de sitios literarios nacionales e internacionales\",\"sameAs\":[\"https:\\\/\\\/www.facebook.com\\\/www.untalmarcost.blogspot.com.ar\",\"https:\\\/\\\/www.instagram.com\\\/marcostabossi\",\"https:\\\/\\\/x.com\\\/https:\\\/\\\/twitter.com\\\/MarcosTabossi\"],\"url\":\"https:\\\/\\\/noticiasmercedinas.com\\\/site\\\/author\\\/marcos-tabosssi\\\/\"}]}<\/script>\n<!-- \/ Yoast SEO plugin. -->","yoast_head_json":{"title":"Apuntes mentales de un paseo por el parque","robots":{"index":"index","follow":"follow","max-snippet":"max-snippet:-1","max-image-preview":"max-image-preview:large","max-video-preview":"max-video-preview:-1"},"canonical":"https:\/\/noticiasmercedinas.com\/site\/2019\/10\/03\/apuntes-mentales-de-un-paseo-por-el-parque\/","og_locale":"es_ES","og_type":"article","og_title":"Apuntes mentales de un paseo por el parque","og_description":"Un \u00e1rbol ca\u00eddo ofrece su tronco como respaldo a una pareja de adolescentes. La regadora perfuma el aire con tierra mojada y el agua, cayendo como una lluvia, me confunde con la corriente del r\u00edo y con la peque\u00f1a cascada a la altura de la pasarela. Un conductor estaciona en la zanja y tres chicos [&hellip;]","og_url":"https:\/\/noticiasmercedinas.com\/site\/2019\/10\/03\/apuntes-mentales-de-un-paseo-por-el-parque\/","og_site_name":"NOTICIASMERCEDINAS.COM","article_publisher":"https:\/\/www.facebook.com\/noticiasmercedinas\/","article_author":"https:\/\/www.facebook.com\/www.untalmarcost.blogspot.com.ar","article_published_time":"2019-10-03T21:13:42+00:00","og_image":[{"width":977,"height":632,"url":"https:\/\/noticiasmercedinas.com\/site\/wp-content\/uploads\/2019\/10\/9adbaaa1-e824-4e4f-b6db-2167cb04a5be.jpg","type":"image\/jpeg"}],"author":"Marcos Tabossi","twitter_card":"summary_large_image","twitter_creator":"@https:\/\/twitter.com\/MarcosTabossi","twitter_site":"@notmercedinas","twitter_misc":{"Escrito por":"Marcos Tabossi","Tiempo de lectura":"6 minutos"},"schema":{"@context":"https:\/\/schema.org","@graph":[{"@type":"Article","@id":"https:\/\/noticiasmercedinas.com\/site\/2019\/10\/03\/apuntes-mentales-de-un-paseo-por-el-parque\/#article","isPartOf":{"@id":"https:\/\/noticiasmercedinas.com\/site\/2019\/10\/03\/apuntes-mentales-de-un-paseo-por-el-parque\/"},"author":{"name":"Marcos Tabossi","@id":"https:\/\/noticiasmercedinas.com\/site\/#\/schema\/person\/ad6432d89b9d86aa1236b4352f4f9271"},"headline":"Apuntes mentales de un paseo por el parque","datePublished":"2019-10-03T21:13:42+00:00","mainEntityOfPage":{"@id":"https:\/\/noticiasmercedinas.com\/site\/2019\/10\/03\/apuntes-mentales-de-un-paseo-por-el-parque\/"},"wordCount":1248,"commentCount":0,"publisher":{"@id":"https:\/\/noticiasmercedinas.com\/site\/#organization"},"image":{"@id":"https:\/\/noticiasmercedinas.com\/site\/2019\/10\/03\/apuntes-mentales-de-un-paseo-por-el-parque\/#primaryimage"},"thumbnailUrl":"https:\/\/noticiasmercedinas.com\/site\/wp-content\/uploads\/2019\/10\/9adbaaa1-e824-4e4f-b6db-2167cb04a5be.jpg","keywords":["mercedes","parque municipal","Parque Municipal Independencia","turismo","una mirada de la ciudad"],"articleSection":["Una mirada de la ciudad"],"inLanguage":"es","potentialAction":[{"@type":"CommentAction","name":"Comment","target":["https:\/\/noticiasmercedinas.com\/site\/2019\/10\/03\/apuntes-mentales-de-un-paseo-por-el-parque\/#respond"]}]},{"@type":"WebPage","@id":"https:\/\/noticiasmercedinas.com\/site\/2019\/10\/03\/apuntes-mentales-de-un-paseo-por-el-parque\/","url":"https:\/\/noticiasmercedinas.com\/site\/2019\/10\/03\/apuntes-mentales-de-un-paseo-por-el-parque\/","name":"Apuntes mentales de un paseo por el parque","isPartOf":{"@id":"https:\/\/noticiasmercedinas.com\/site\/#website"},"primaryImageOfPage":{"@id":"https:\/\/noticiasmercedinas.com\/site\/2019\/10\/03\/apuntes-mentales-de-un-paseo-por-el-parque\/#primaryimage"},"image":{"@id":"https:\/\/noticiasmercedinas.com\/site\/2019\/10\/03\/apuntes-mentales-de-un-paseo-por-el-parque\/#primaryimage"},"thumbnailUrl":"https:\/\/noticiasmercedinas.com\/site\/wp-content\/uploads\/2019\/10\/9adbaaa1-e824-4e4f-b6db-2167cb04a5be.jpg","datePublished":"2019-10-03T21:13:42+00:00","breadcrumb":{"@id":"https:\/\/noticiasmercedinas.com\/site\/2019\/10\/03\/apuntes-mentales-de-un-paseo-por-el-parque\/#breadcrumb"},"inLanguage":"es","potentialAction":[{"@type":"ReadAction","target":["https:\/\/noticiasmercedinas.com\/site\/2019\/10\/03\/apuntes-mentales-de-un-paseo-por-el-parque\/"]}]},{"@type":"ImageObject","inLanguage":"es","@id":"https:\/\/noticiasmercedinas.com\/site\/2019\/10\/03\/apuntes-mentales-de-un-paseo-por-el-parque\/#primaryimage","url":"https:\/\/noticiasmercedinas.com\/site\/wp-content\/uploads\/2019\/10\/9adbaaa1-e824-4e4f-b6db-2167cb04a5be.jpg","contentUrl":"https:\/\/noticiasmercedinas.com\/site\/wp-content\/uploads\/2019\/10\/9adbaaa1-e824-4e4f-b6db-2167cb04a5be.jpg","width":977,"height":632},{"@type":"BreadcrumbList","@id":"https:\/\/noticiasmercedinas.com\/site\/2019\/10\/03\/apuntes-mentales-de-un-paseo-por-el-parque\/#breadcrumb","itemListElement":[{"@type":"ListItem","position":1,"name":"Portada","item":"https:\/\/noticiasmercedinas.com\/site\/"},{"@type":"ListItem","position":2,"name":"Apuntes mentales de un paseo por el parque"}]},{"@type":"WebSite","@id":"https:\/\/noticiasmercedinas.com\/site\/#website","url":"https:\/\/noticiasmercedinas.com\/site\/","name":"NOTICIASMERCEDINAS.COM","description":"Mercedes, Buenos Aires, Argentina","publisher":{"@id":"https:\/\/noticiasmercedinas.com\/site\/#organization"},"potentialAction":[{"@type":"SearchAction","target":{"@type":"EntryPoint","urlTemplate":"https:\/\/noticiasmercedinas.com\/site\/?s={search_term_string}"},"query-input":{"@type":"PropertyValueSpecification","valueRequired":true,"valueName":"search_term_string"}}],"inLanguage":"es"},{"@type":"Organization","@id":"https:\/\/noticiasmercedinas.com\/site\/#organization","name":"NOTICIASMERCEDINAS.COM","url":"https:\/\/noticiasmercedinas.com\/site\/","logo":{"@type":"ImageObject","inLanguage":"es","@id":"https:\/\/noticiasmercedinas.com\/site\/#\/schema\/logo\/image\/","url":"https:\/\/noticiasmercedinas.com\/site\/wp-content\/uploads\/2020\/06\/LOGO-512.jpg","contentUrl":"https:\/\/noticiasmercedinas.com\/site\/wp-content\/uploads\/2020\/06\/LOGO-512.jpg","width":512,"height":512,"caption":"NOTICIASMERCEDINAS.COM"},"image":{"@id":"https:\/\/noticiasmercedinas.com\/site\/#\/schema\/logo\/image\/"},"sameAs":["https:\/\/www.facebook.com\/noticiasmercedinas\/","https:\/\/x.com\/notmercedinas","https:\/\/www.instagram.com\/noticiasmercedinas\/"]},{"@type":"Person","@id":"https:\/\/noticiasmercedinas.com\/site\/#\/schema\/person\/ad6432d89b9d86aa1236b4352f4f9271","name":"Marcos Tabossi","image":{"@type":"ImageObject","inLanguage":"es","@id":"https:\/\/secure.gravatar.com\/avatar\/3289c5816bd32b910d17b147a61ec9a26c21417a787bc3c66c4bfd5c3ad5bd45?s=96&d=mm&r=g","url":"https:\/\/secure.gravatar.com\/avatar\/3289c5816bd32b910d17b147a61ec9a26c21417a787bc3c66c4bfd5c3ad5bd45?s=96&d=mm&r=g","contentUrl":"https:\/\/secure.gravatar.com\/avatar\/3289c5816bd32b910d17b147a61ec9a26c21417a787bc3c66c4bfd5c3ad5bd45?s=96&d=mm&r=g","caption":"Marcos Tabossi"},"description":"Psic\u00f3logo, docente y escritor. Public\u00f3 \u201cLa persona de al lado\u201d (2013) y \u201cUna especie de c\u00e1rcel\u201d (Peces de Ciudad. 2017). Particip\u00f3 con cuentos en diversas antolog\u00edas y es colaborador de sitios literarios nacionales e internacionales","sameAs":["https:\/\/www.facebook.com\/www.untalmarcost.blogspot.com.ar","https:\/\/www.instagram.com\/marcostabossi","https:\/\/x.com\/https:\/\/twitter.com\/MarcosTabossi"],"url":"https:\/\/noticiasmercedinas.com\/site\/author\/marcos-tabosssi\/"}]}},"amp_enabled":true,"_links":{"self":[{"href":"https:\/\/noticiasmercedinas.com\/site\/wp-json\/wp\/v2\/posts\/29946","targetHints":{"allow":["GET"]}}],"collection":[{"href":"https:\/\/noticiasmercedinas.com\/site\/wp-json\/wp\/v2\/posts"}],"about":[{"href":"https:\/\/noticiasmercedinas.com\/site\/wp-json\/wp\/v2\/types\/post"}],"author":[{"embeddable":true,"href":"https:\/\/noticiasmercedinas.com\/site\/wp-json\/wp\/v2\/users\/26"}],"replies":[{"embeddable":true,"href":"https:\/\/noticiasmercedinas.com\/site\/wp-json\/wp\/v2\/comments?post=29946"}],"version-history":[{"count":1,"href":"https:\/\/noticiasmercedinas.com\/site\/wp-json\/wp\/v2\/posts\/29946\/revisions"}],"predecessor-version":[{"id":29949,"href":"https:\/\/noticiasmercedinas.com\/site\/wp-json\/wp\/v2\/posts\/29946\/revisions\/29949"}],"wp:featuredmedia":[{"embeddable":true,"href":"https:\/\/noticiasmercedinas.com\/site\/wp-json\/wp\/v2\/media\/29947"}],"wp:attachment":[{"href":"https:\/\/noticiasmercedinas.com\/site\/wp-json\/wp\/v2\/media?parent=29946"}],"wp:term":[{"taxonomy":"category","embeddable":true,"href":"https:\/\/noticiasmercedinas.com\/site\/wp-json\/wp\/v2\/categories?post=29946"},{"taxonomy":"post_tag","embeddable":true,"href":"https:\/\/noticiasmercedinas.com\/site\/wp-json\/wp\/v2\/tags?post=29946"}],"curies":[{"name":"wp","href":"https:\/\/api.w.org\/{rel}","templated":true}]}}