{"id":30007,"date":"2019-10-04T12:27:16","date_gmt":"2019-10-04T15:27:16","guid":{"rendered":"https:\/\/noticiasmercedinas.com\/site\/?p=30007"},"modified":"2019-10-04T12:28:03","modified_gmt":"2019-10-04T15:28:03","slug":"presentaron-la-segunda-edicion-del-festival-de-cerveceros","status":"publish","type":"post","link":"https:\/\/noticiasmercedinas.com\/site\/2019\/10\/04\/presentaron-la-segunda-edicion-del-festival-de-cerveceros\/","title":{"rendered":"Presentaron la segunda edici\u00f3n del Festival de Cerveceros"},"content":{"rendered":"<p><img loading=\"lazy\" decoding=\"async\" class=\"wp-image-30005 alignnone size-full\" src=\"https:\/\/noticiasmercedinas.com\/site\/wp-content\/uploads\/2019\/10\/img-20191004-wa00281370082290341899365.jpg\" width=\"1280\" height=\"622\" srcset=\"https:\/\/noticiasmercedinas.com\/site\/wp-content\/uploads\/2019\/10\/img-20191004-wa00281370082290341899365.jpg 1280w, https:\/\/noticiasmercedinas.com\/site\/wp-content\/uploads\/2019\/10\/img-20191004-wa00281370082290341899365-300x146.jpg 300w, https:\/\/noticiasmercedinas.com\/site\/wp-content\/uploads\/2019\/10\/img-20191004-wa00281370082290341899365-768x373.jpg 768w, https:\/\/noticiasmercedinas.com\/site\/wp-content\/uploads\/2019\/10\/img-20191004-wa00281370082290341899365-1024x498.jpg 1024w, https:\/\/noticiasmercedinas.com\/site\/wp-content\/uploads\/2019\/10\/img-20191004-wa00281370082290341899365-640x311.jpg 640w, https:\/\/noticiasmercedinas.com\/site\/wp-content\/uploads\/2019\/10\/img-20191004-wa00281370082290341899365-681x331.jpg 681w\" sizes=\"auto, (max-width: 1280px) 100vw, 1280px\" \/><\/p>\n<p>Este viernes en instalaciones del museo V\u00edctor Miguez se present\u00f3 el Festival de Cerveceros Mercedinos que tendr\u00e1 lugar el fin de semana del s\u00e1bado 12 y domingo 13 de octubre. Se anunci\u00f3 que estar\u00e1 Sul Tasto y cerrar\u00e1 Salamines el s\u00e1bado, mientras que el domingo actuar\u00e1 Julieta Venegas.<\/p>\n<p>Se inform\u00f3 en la oportunidad que se incorporar\u00e1n 14 mil eco vasos para contribuir con el medio ambiente. \u00abSe va a vender un vaso de medio litro que sera reutilizable\u00bb, explic\u00f3 a este medio Mart\u00edn Boragno e indic\u00f3 que habr\u00e1 adem\u00e1s un sector de gastronom\u00eda gourmet a cargo de restaurantes, bodegones y pizzer\u00edas de la ciudad. \u00abTodos los que ofrecen gastronom\u00eda deben brindar un men\u00fa accesible de 150 pesos para los visitantes\u00bb, indic\u00f3 el director de Turismo.<\/p>\n<p>El festival ser\u00e1 en el sector nuevo del parque y arrancar\u00e1 el s\u00e1bado desde las 12 y el domingo desde las 10 horas, con entrada general de 100 pesos, 50 pesos a jubilados y menores de 12 a\u00f1os gratis.<\/p>\n<p>Las entradas se podr\u00e1n adquirir anticipadamente en la direcci\u00f3n de Turismo.<\/p>\n<p><img loading=\"lazy\" decoding=\"async\" src=\"https:\/\/noticiasmercedinas.com\/site\/wp-content\/uploads\/2019\/10\/img-20191004-wa00291759243913440925307.jpg\" width=\"1280\" height=\"911\" class=\"wp-image-30006 alignnone size-full\" srcset=\"https:\/\/noticiasmercedinas.com\/site\/wp-content\/uploads\/2019\/10\/img-20191004-wa00291759243913440925307.jpg 1280w, https:\/\/noticiasmercedinas.com\/site\/wp-content\/uploads\/2019\/10\/img-20191004-wa00291759243913440925307-300x214.jpg 300w, https:\/\/noticiasmercedinas.com\/site\/wp-content\/uploads\/2019\/10\/img-20191004-wa00291759243913440925307-768x547.jpg 768w, https:\/\/noticiasmercedinas.com\/site\/wp-content\/uploads\/2019\/10\/img-20191004-wa00291759243913440925307-1024x729.jpg 1024w, https:\/\/noticiasmercedinas.com\/site\/wp-content\/uploads\/2019\/10\/img-20191004-wa00291759243913440925307-640x456.jpg 640w, https:\/\/noticiasmercedinas.com\/site\/wp-content\/uploads\/2019\/10\/img-20191004-wa00291759243913440925307-681x485.jpg 681w\" sizes=\"auto, (max-width: 1280px) 100vw, 1280px\" \/><\/p>\n","protected":false},"excerpt":{"rendered":"<p>Este viernes en instalaciones del museo V\u00edctor Miguez se present\u00f3 el Festival de Cerveceros Mercedinos que tendr\u00e1 lugar el fin de semana del s\u00e1bado 12 y domingo 13 de octubre. Se anunci\u00f3 que estar\u00e1 Sul Tasto y cerrar\u00e1 Salamines el s\u00e1bado, mientras que el domingo actuar\u00e1 Julieta Venegas. Se inform\u00f3 en la oportunidad que se [&hellip;]<\/p>\n","protected":false},"author":2,"featured_media":30005,"comment_status":"open","ping_status":"open","sticky":false,"template":"","format":"standard","meta":{"footnotes":""},"categories":[3],"tags":[1123,6671,23,738,33],"class_list":["post-30007","post","type-post","status-publish","format-standard","has-post-thumbnail","hentry","category-sociedad","tag-cerveza-artesanal","tag-festival-de-cerveceros","tag-mercedes","tag-parque-municipal","tag-turismo"],"yoast_head":"<!-- This site is optimized with the Yoast SEO plugin v27.5 - https:\/\/yoast.com\/product\/yoast-seo-wordpress\/ -->\n<title>Presentaron la segunda edici\u00f3n del Festival de Cerveceros<\/title>\n<meta name=\"robots\" content=\"index, follow, max-snippet:-1, max-image-preview:large, max-video-preview:-1\" \/>\n<link rel=\"canonical\" href=\"https:\/\/noticiasmercedinas.com\/site\/2019\/10\/04\/presentaron-la-segunda-edicion-del-festival-de-cerveceros\/\" \/>\n<meta property=\"og:locale\" content=\"es_ES\" \/>\n<meta property=\"og:type\" content=\"article\" \/>\n<meta property=\"og:title\" content=\"Presentaron la segunda edici\u00f3n del Festival de Cerveceros\" \/>\n<meta property=\"og:description\" content=\"Este viernes en instalaciones del museo V\u00edctor Miguez se present\u00f3 el Festival de Cerveceros Mercedinos que tendr\u00e1 lugar el fin de semana del s\u00e1bado 12 y domingo 13 de octubre. Se anunci\u00f3 que estar\u00e1 Sul Tasto y cerrar\u00e1 Salamines el s\u00e1bado, mientras que el domingo actuar\u00e1 Julieta Venegas. Se inform\u00f3 en la oportunidad que se [&hellip;]\" \/>\n<meta property=\"og:url\" content=\"https:\/\/noticiasmercedinas.com\/site\/2019\/10\/04\/presentaron-la-segunda-edicion-del-festival-de-cerveceros\/\" \/>\n<meta property=\"og:site_name\" content=\"NOTICIASMERCEDINAS.COM\" \/>\n<meta property=\"article:publisher\" content=\"https:\/\/www.facebook.com\/noticiasmercedinas\/\" \/>\n<meta property=\"article:author\" content=\"https:\/\/www.facebook.com\/cristian.falabella\" \/>\n<meta property=\"article:published_time\" content=\"2019-10-04T15:27:16+00:00\" \/>\n<meta property=\"article:modified_time\" content=\"2019-10-04T15:28:03+00:00\" \/>\n<meta property=\"og:image\" content=\"https:\/\/noticiasmercedinas.com\/site\/wp-content\/uploads\/2019\/10\/img-20191004-wa00281370082290341899365.jpg\" \/>\n\t<meta property=\"og:image:width\" content=\"1280\" \/>\n\t<meta property=\"og:image:height\" content=\"622\" \/>\n\t<meta property=\"og:image:type\" content=\"image\/jpeg\" \/>\n<meta name=\"author\" content=\"Cristian Falabella NOTICIASMERCEDINAS.COM\" \/>\n<meta name=\"twitter:card\" content=\"summary_large_image\" \/>\n<meta name=\"twitter:creator\" content=\"@https:\/\/twitter.com\/NOTMERCEDINAS\" \/>\n<meta name=\"twitter:site\" content=\"@notmercedinas\" \/>\n<meta name=\"twitter:label1\" content=\"Escrito por\" \/>\n\t<meta name=\"twitter:data1\" content=\"Cristian Falabella NOTICIASMERCEDINAS.COM\" \/>\n\t<meta name=\"twitter:label2\" content=\"Tiempo de lectura\" \/>\n\t<meta name=\"twitter:data2\" content=\"1 minuto\" \/>\n<script type=\"application\/ld+json\" class=\"yoast-schema-graph\">{\"@context\":\"https:\\\/\\\/schema.org\",\"@graph\":[{\"@type\":\"Article\",\"@id\":\"https:\\\/\\\/noticiasmercedinas.com\\\/site\\\/2019\\\/10\\\/04\\\/presentaron-la-segunda-edicion-del-festival-de-cerveceros\\\/#article\",\"isPartOf\":{\"@id\":\"https:\\\/\\\/noticiasmercedinas.com\\\/site\\\/2019\\\/10\\\/04\\\/presentaron-la-segunda-edicion-del-festival-de-cerveceros\\\/\"},\"author\":{\"name\":\"Cristian Falabella NOTICIASMERCEDINAS.COM\",\"@id\":\"https:\\\/\\\/noticiasmercedinas.com\\\/site\\\/#\\\/schema\\\/person\\\/d481a9696a5feaec13a60e2bbd991a6a\"},\"headline\":\"Presentaron la segunda edici\u00f3n del Festival de Cerveceros\",\"datePublished\":\"2019-10-04T15:27:16+00:00\",\"dateModified\":\"2019-10-04T15:28:03+00:00\",\"mainEntityOfPage\":{\"@id\":\"https:\\\/\\\/noticiasmercedinas.com\\\/site\\\/2019\\\/10\\\/04\\\/presentaron-la-segunda-edicion-del-festival-de-cerveceros\\\/\"},\"wordCount\":188,\"commentCount\":0,\"publisher\":{\"@id\":\"https:\\\/\\\/noticiasmercedinas.com\\\/site\\\/#organization\"},\"image\":{\"@id\":\"https:\\\/\\\/noticiasmercedinas.com\\\/site\\\/2019\\\/10\\\/04\\\/presentaron-la-segunda-edicion-del-festival-de-cerveceros\\\/#primaryimage\"},\"thumbnailUrl\":\"https:\\\/\\\/noticiasmercedinas.com\\\/site\\\/wp-content\\\/uploads\\\/2019\\\/10\\\/img-20191004-wa00281370082290341899365.jpg\",\"keywords\":[\"cerveza artesanal\",\"festival de Cerveceros\",\"mercedes\",\"parque municipal\",\"turismo\"],\"articleSection\":[\"Sociedad\"],\"inLanguage\":\"es\",\"potentialAction\":[{\"@type\":\"CommentAction\",\"name\":\"Comment\",\"target\":[\"https:\\\/\\\/noticiasmercedinas.com\\\/site\\\/2019\\\/10\\\/04\\\/presentaron-la-segunda-edicion-del-festival-de-cerveceros\\\/#respond\"]}]},{\"@type\":\"WebPage\",\"@id\":\"https:\\\/\\\/noticiasmercedinas.com\\\/site\\\/2019\\\/10\\\/04\\\/presentaron-la-segunda-edicion-del-festival-de-cerveceros\\\/\",\"url\":\"https:\\\/\\\/noticiasmercedinas.com\\\/site\\\/2019\\\/10\\\/04\\\/presentaron-la-segunda-edicion-del-festival-de-cerveceros\\\/\",\"name\":\"Presentaron la segunda edici\u00f3n del Festival de Cerveceros\",\"isPartOf\":{\"@id\":\"https:\\\/\\\/noticiasmercedinas.com\\\/site\\\/#website\"},\"primaryImageOfPage\":{\"@id\":\"https:\\\/\\\/noticiasmercedinas.com\\\/site\\\/2019\\\/10\\\/04\\\/presentaron-la-segunda-edicion-del-festival-de-cerveceros\\\/#primaryimage\"},\"image\":{\"@id\":\"https:\\\/\\\/noticiasmercedinas.com\\\/site\\\/2019\\\/10\\\/04\\\/presentaron-la-segunda-edicion-del-festival-de-cerveceros\\\/#primaryimage\"},\"thumbnailUrl\":\"https:\\\/\\\/noticiasmercedinas.com\\\/site\\\/wp-content\\\/uploads\\\/2019\\\/10\\\/img-20191004-wa00281370082290341899365.jpg\",\"datePublished\":\"2019-10-04T15:27:16+00:00\",\"dateModified\":\"2019-10-04T15:28:03+00:00\",\"breadcrumb\":{\"@id\":\"https:\\\/\\\/noticiasmercedinas.com\\\/site\\\/2019\\\/10\\\/04\\\/presentaron-la-segunda-edicion-del-festival-de-cerveceros\\\/#breadcrumb\"},\"inLanguage\":\"es\",\"potentialAction\":[{\"@type\":\"ReadAction\",\"target\":[\"https:\\\/\\\/noticiasmercedinas.com\\\/site\\\/2019\\\/10\\\/04\\\/presentaron-la-segunda-edicion-del-festival-de-cerveceros\\\/\"]}]},{\"@type\":\"ImageObject\",\"inLanguage\":\"es\",\"@id\":\"https:\\\/\\\/noticiasmercedinas.com\\\/site\\\/2019\\\/10\\\/04\\\/presentaron-la-segunda-edicion-del-festival-de-cerveceros\\\/#primaryimage\",\"url\":\"https:\\\/\\\/noticiasmercedinas.com\\\/site\\\/wp-content\\\/uploads\\\/2019\\\/10\\\/img-20191004-wa00281370082290341899365.jpg\",\"contentUrl\":\"https:\\\/\\\/noticiasmercedinas.com\\\/site\\\/wp-content\\\/uploads\\\/2019\\\/10\\\/img-20191004-wa00281370082290341899365.jpg\",\"width\":1280,\"height\":622},{\"@type\":\"BreadcrumbList\",\"@id\":\"https:\\\/\\\/noticiasmercedinas.com\\\/site\\\/2019\\\/10\\\/04\\\/presentaron-la-segunda-edicion-del-festival-de-cerveceros\\\/#breadcrumb\",\"itemListElement\":[{\"@type\":\"ListItem\",\"position\":1,\"name\":\"Portada\",\"item\":\"https:\\\/\\\/noticiasmercedinas.com\\\/site\\\/\"},{\"@type\":\"ListItem\",\"position\":2,\"name\":\"Presentaron la segunda edici\u00f3n del Festival de Cerveceros\"}]},{\"@type\":\"WebSite\",\"@id\":\"https:\\\/\\\/noticiasmercedinas.com\\\/site\\\/#website\",\"url\":\"https:\\\/\\\/noticiasmercedinas.com\\\/site\\\/\",\"name\":\"NOTICIASMERCEDINAS.COM\",\"description\":\"Mercedes, Buenos Aires, Argentina\",\"publisher\":{\"@id\":\"https:\\\/\\\/noticiasmercedinas.com\\\/site\\\/#organization\"},\"potentialAction\":[{\"@type\":\"SearchAction\",\"target\":{\"@type\":\"EntryPoint\",\"urlTemplate\":\"https:\\\/\\\/noticiasmercedinas.com\\\/site\\\/?s={search_term_string}\"},\"query-input\":{\"@type\":\"PropertyValueSpecification\",\"valueRequired\":true,\"valueName\":\"search_term_string\"}}],\"inLanguage\":\"es\"},{\"@type\":\"Organization\",\"@id\":\"https:\\\/\\\/noticiasmercedinas.com\\\/site\\\/#organization\",\"name\":\"NOTICIASMERCEDINAS.COM\",\"url\":\"https:\\\/\\\/noticiasmercedinas.com\\\/site\\\/\",\"logo\":{\"@type\":\"ImageObject\",\"inLanguage\":\"es\",\"@id\":\"https:\\\/\\\/noticiasmercedinas.com\\\/site\\\/#\\\/schema\\\/logo\\\/image\\\/\",\"url\":\"https:\\\/\\\/noticiasmercedinas.com\\\/site\\\/wp-content\\\/uploads\\\/2020\\\/06\\\/LOGO-512.jpg\",\"contentUrl\":\"https:\\\/\\\/noticiasmercedinas.com\\\/site\\\/wp-content\\\/uploads\\\/2020\\\/06\\\/LOGO-512.jpg\",\"width\":512,\"height\":512,\"caption\":\"NOTICIASMERCEDINAS.COM\"},\"image\":{\"@id\":\"https:\\\/\\\/noticiasmercedinas.com\\\/site\\\/#\\\/schema\\\/logo\\\/image\\\/\"},\"sameAs\":[\"https:\\\/\\\/www.facebook.com\\\/noticiasmercedinas\\\/\",\"https:\\\/\\\/x.com\\\/notmercedinas\",\"https:\\\/\\\/www.instagram.com\\\/noticiasmercedinas\\\/\"]},{\"@type\":\"Person\",\"@id\":\"https:\\\/\\\/noticiasmercedinas.com\\\/site\\\/#\\\/schema\\\/person\\\/d481a9696a5feaec13a60e2bbd991a6a\",\"name\":\"Cristian Falabella NOTICIASMERCEDINAS.COM\",\"image\":{\"@type\":\"ImageObject\",\"inLanguage\":\"es\",\"@id\":\"https:\\\/\\\/secure.gravatar.com\\\/avatar\\\/0dbbfc45970cc46bcd0e57766228574ff3511d6eed045b182f536f0f478c1f06?s=96&d=mm&r=g\",\"url\":\"https:\\\/\\\/secure.gravatar.com\\\/avatar\\\/0dbbfc45970cc46bcd0e57766228574ff3511d6eed045b182f536f0f478c1f06?s=96&d=mm&r=g\",\"contentUrl\":\"https:\\\/\\\/secure.gravatar.com\\\/avatar\\\/0dbbfc45970cc46bcd0e57766228574ff3511d6eed045b182f536f0f478c1f06?s=96&d=mm&r=g\",\"caption\":\"Cristian Falabella NOTICIASMERCEDINAS.COM\"},\"description\":\"Periodista, editor de Noticias Mercedinas. Pas\u00f3 por varias redacciones y emprendimientos de prensa, en distintos formatos y \u00e9pocas. Se especializ\u00f3 --y sigue haci\u00e9ndolo-- en comunicaci\u00f3n en la web y en junio de 2006 fund\u00f3 este diario digital.\",\"sameAs\":[\"https:\\\/\\\/noticiasmercedinas.com\",\"https:\\\/\\\/www.facebook.com\\\/cristian.falabella\",\"https:\\\/\\\/www.instagram.com\\\/noticiasmercedinas\\\/\",\"https:\\\/\\\/x.com\\\/https:\\\/\\\/twitter.com\\\/NOTMERCEDINAS\"],\"url\":\"https:\\\/\\\/noticiasmercedinas.com\\\/site\\\/author\\\/as000384\\\/\"}]}<\/script>\n<!-- \/ Yoast SEO plugin. -->","yoast_head_json":{"title":"Presentaron la segunda edici\u00f3n del Festival de Cerveceros","robots":{"index":"index","follow":"follow","max-snippet":"max-snippet:-1","max-image-preview":"max-image-preview:large","max-video-preview":"max-video-preview:-1"},"canonical":"https:\/\/noticiasmercedinas.com\/site\/2019\/10\/04\/presentaron-la-segunda-edicion-del-festival-de-cerveceros\/","og_locale":"es_ES","og_type":"article","og_title":"Presentaron la segunda edici\u00f3n del Festival de Cerveceros","og_description":"Este viernes en instalaciones del museo V\u00edctor Miguez se present\u00f3 el Festival de Cerveceros Mercedinos que tendr\u00e1 lugar el fin de semana del s\u00e1bado 12 y domingo 13 de octubre. Se anunci\u00f3 que estar\u00e1 Sul Tasto y cerrar\u00e1 Salamines el s\u00e1bado, mientras que el domingo actuar\u00e1 Julieta Venegas. Se inform\u00f3 en la oportunidad que se [&hellip;]","og_url":"https:\/\/noticiasmercedinas.com\/site\/2019\/10\/04\/presentaron-la-segunda-edicion-del-festival-de-cerveceros\/","og_site_name":"NOTICIASMERCEDINAS.COM","article_publisher":"https:\/\/www.facebook.com\/noticiasmercedinas\/","article_author":"https:\/\/www.facebook.com\/cristian.falabella","article_published_time":"2019-10-04T15:27:16+00:00","article_modified_time":"2019-10-04T15:28:03+00:00","og_image":[{"width":1280,"height":622,"url":"https:\/\/noticiasmercedinas.com\/site\/wp-content\/uploads\/2019\/10\/img-20191004-wa00281370082290341899365.jpg","type":"image\/jpeg"}],"author":"Cristian Falabella NOTICIASMERCEDINAS.COM","twitter_card":"summary_large_image","twitter_creator":"@https:\/\/twitter.com\/NOTMERCEDINAS","twitter_site":"@notmercedinas","twitter_misc":{"Escrito por":"Cristian Falabella NOTICIASMERCEDINAS.COM","Tiempo de lectura":"1 minuto"},"schema":{"@context":"https:\/\/schema.org","@graph":[{"@type":"Article","@id":"https:\/\/noticiasmercedinas.com\/site\/2019\/10\/04\/presentaron-la-segunda-edicion-del-festival-de-cerveceros\/#article","isPartOf":{"@id":"https:\/\/noticiasmercedinas.com\/site\/2019\/10\/04\/presentaron-la-segunda-edicion-del-festival-de-cerveceros\/"},"author":{"name":"Cristian Falabella NOTICIASMERCEDINAS.COM","@id":"https:\/\/noticiasmercedinas.com\/site\/#\/schema\/person\/d481a9696a5feaec13a60e2bbd991a6a"},"headline":"Presentaron la segunda edici\u00f3n del Festival de Cerveceros","datePublished":"2019-10-04T15:27:16+00:00","dateModified":"2019-10-04T15:28:03+00:00","mainEntityOfPage":{"@id":"https:\/\/noticiasmercedinas.com\/site\/2019\/10\/04\/presentaron-la-segunda-edicion-del-festival-de-cerveceros\/"},"wordCount":188,"commentCount":0,"publisher":{"@id":"https:\/\/noticiasmercedinas.com\/site\/#organization"},"image":{"@id":"https:\/\/noticiasmercedinas.com\/site\/2019\/10\/04\/presentaron-la-segunda-edicion-del-festival-de-cerveceros\/#primaryimage"},"thumbnailUrl":"https:\/\/noticiasmercedinas.com\/site\/wp-content\/uploads\/2019\/10\/img-20191004-wa00281370082290341899365.jpg","keywords":["cerveza artesanal","festival de Cerveceros","mercedes","parque municipal","turismo"],"articleSection":["Sociedad"],"inLanguage":"es","potentialAction":[{"@type":"CommentAction","name":"Comment","target":["https:\/\/noticiasmercedinas.com\/site\/2019\/10\/04\/presentaron-la-segunda-edicion-del-festival-de-cerveceros\/#respond"]}]},{"@type":"WebPage","@id":"https:\/\/noticiasmercedinas.com\/site\/2019\/10\/04\/presentaron-la-segunda-edicion-del-festival-de-cerveceros\/","url":"https:\/\/noticiasmercedinas.com\/site\/2019\/10\/04\/presentaron-la-segunda-edicion-del-festival-de-cerveceros\/","name":"Presentaron la segunda edici\u00f3n del Festival de Cerveceros","isPartOf":{"@id":"https:\/\/noticiasmercedinas.com\/site\/#website"},"primaryImageOfPage":{"@id":"https:\/\/noticiasmercedinas.com\/site\/2019\/10\/04\/presentaron-la-segunda-edicion-del-festival-de-cerveceros\/#primaryimage"},"image":{"@id":"https:\/\/noticiasmercedinas.com\/site\/2019\/10\/04\/presentaron-la-segunda-edicion-del-festival-de-cerveceros\/#primaryimage"},"thumbnailUrl":"https:\/\/noticiasmercedinas.com\/site\/wp-content\/uploads\/2019\/10\/img-20191004-wa00281370082290341899365.jpg","datePublished":"2019-10-04T15:27:16+00:00","dateModified":"2019-10-04T15:28:03+00:00","breadcrumb":{"@id":"https:\/\/noticiasmercedinas.com\/site\/2019\/10\/04\/presentaron-la-segunda-edicion-del-festival-de-cerveceros\/#breadcrumb"},"inLanguage":"es","potentialAction":[{"@type":"ReadAction","target":["https:\/\/noticiasmercedinas.com\/site\/2019\/10\/04\/presentaron-la-segunda-edicion-del-festival-de-cerveceros\/"]}]},{"@type":"ImageObject","inLanguage":"es","@id":"https:\/\/noticiasmercedinas.com\/site\/2019\/10\/04\/presentaron-la-segunda-edicion-del-festival-de-cerveceros\/#primaryimage","url":"https:\/\/noticiasmercedinas.com\/site\/wp-content\/uploads\/2019\/10\/img-20191004-wa00281370082290341899365.jpg","contentUrl":"https:\/\/noticiasmercedinas.com\/site\/wp-content\/uploads\/2019\/10\/img-20191004-wa00281370082290341899365.jpg","width":1280,"height":622},{"@type":"BreadcrumbList","@id":"https:\/\/noticiasmercedinas.com\/site\/2019\/10\/04\/presentaron-la-segunda-edicion-del-festival-de-cerveceros\/#breadcrumb","itemListElement":[{"@type":"ListItem","position":1,"name":"Portada","item":"https:\/\/noticiasmercedinas.com\/site\/"},{"@type":"ListItem","position":2,"name":"Presentaron la segunda edici\u00f3n del Festival de Cerveceros"}]},{"@type":"WebSite","@id":"https:\/\/noticiasmercedinas.com\/site\/#website","url":"https:\/\/noticiasmercedinas.com\/site\/","name":"NOTICIASMERCEDINAS.COM","description":"Mercedes, Buenos Aires, Argentina","publisher":{"@id":"https:\/\/noticiasmercedinas.com\/site\/#organization"},"potentialAction":[{"@type":"SearchAction","target":{"@type":"EntryPoint","urlTemplate":"https:\/\/noticiasmercedinas.com\/site\/?s={search_term_string}"},"query-input":{"@type":"PropertyValueSpecification","valueRequired":true,"valueName":"search_term_string"}}],"inLanguage":"es"},{"@type":"Organization","@id":"https:\/\/noticiasmercedinas.com\/site\/#organization","name":"NOTICIASMERCEDINAS.COM","url":"https:\/\/noticiasmercedinas.com\/site\/","logo":{"@type":"ImageObject","inLanguage":"es","@id":"https:\/\/noticiasmercedinas.com\/site\/#\/schema\/logo\/image\/","url":"https:\/\/noticiasmercedinas.com\/site\/wp-content\/uploads\/2020\/06\/LOGO-512.jpg","contentUrl":"https:\/\/noticiasmercedinas.com\/site\/wp-content\/uploads\/2020\/06\/LOGO-512.jpg","width":512,"height":512,"caption":"NOTICIASMERCEDINAS.COM"},"image":{"@id":"https:\/\/noticiasmercedinas.com\/site\/#\/schema\/logo\/image\/"},"sameAs":["https:\/\/www.facebook.com\/noticiasmercedinas\/","https:\/\/x.com\/notmercedinas","https:\/\/www.instagram.com\/noticiasmercedinas\/"]},{"@type":"Person","@id":"https:\/\/noticiasmercedinas.com\/site\/#\/schema\/person\/d481a9696a5feaec13a60e2bbd991a6a","name":"Cristian Falabella NOTICIASMERCEDINAS.COM","image":{"@type":"ImageObject","inLanguage":"es","@id":"https:\/\/secure.gravatar.com\/avatar\/0dbbfc45970cc46bcd0e57766228574ff3511d6eed045b182f536f0f478c1f06?s=96&d=mm&r=g","url":"https:\/\/secure.gravatar.com\/avatar\/0dbbfc45970cc46bcd0e57766228574ff3511d6eed045b182f536f0f478c1f06?s=96&d=mm&r=g","contentUrl":"https:\/\/secure.gravatar.com\/avatar\/0dbbfc45970cc46bcd0e57766228574ff3511d6eed045b182f536f0f478c1f06?s=96&d=mm&r=g","caption":"Cristian Falabella NOTICIASMERCEDINAS.COM"},"description":"Periodista, editor de Noticias Mercedinas. Pas\u00f3 por varias redacciones y emprendimientos de prensa, en distintos formatos y \u00e9pocas. Se especializ\u00f3 --y sigue haci\u00e9ndolo-- en comunicaci\u00f3n en la web y en junio de 2006 fund\u00f3 este diario digital.","sameAs":["https:\/\/noticiasmercedinas.com","https:\/\/www.facebook.com\/cristian.falabella","https:\/\/www.instagram.com\/noticiasmercedinas\/","https:\/\/x.com\/https:\/\/twitter.com\/NOTMERCEDINAS"],"url":"https:\/\/noticiasmercedinas.com\/site\/author\/as000384\/"}]}},"amp_enabled":true,"_links":{"self":[{"href":"https:\/\/noticiasmercedinas.com\/site\/wp-json\/wp\/v2\/posts\/30007","targetHints":{"allow":["GET"]}}],"collection":[{"href":"https:\/\/noticiasmercedinas.com\/site\/wp-json\/wp\/v2\/posts"}],"about":[{"href":"https:\/\/noticiasmercedinas.com\/site\/wp-json\/wp\/v2\/types\/post"}],"author":[{"embeddable":true,"href":"https:\/\/noticiasmercedinas.com\/site\/wp-json\/wp\/v2\/users\/2"}],"replies":[{"embeddable":true,"href":"https:\/\/noticiasmercedinas.com\/site\/wp-json\/wp\/v2\/comments?post=30007"}],"version-history":[{"count":1,"href":"https:\/\/noticiasmercedinas.com\/site\/wp-json\/wp\/v2\/posts\/30007\/revisions"}],"predecessor-version":[{"id":30008,"href":"https:\/\/noticiasmercedinas.com\/site\/wp-json\/wp\/v2\/posts\/30007\/revisions\/30008"}],"wp:featuredmedia":[{"embeddable":true,"href":"https:\/\/noticiasmercedinas.com\/site\/wp-json\/wp\/v2\/media\/30005"}],"wp:attachment":[{"href":"https:\/\/noticiasmercedinas.com\/site\/wp-json\/wp\/v2\/media?parent=30007"}],"wp:term":[{"taxonomy":"category","embeddable":true,"href":"https:\/\/noticiasmercedinas.com\/site\/wp-json\/wp\/v2\/categories?post=30007"},{"taxonomy":"post_tag","embeddable":true,"href":"https:\/\/noticiasmercedinas.com\/site\/wp-json\/wp\/v2\/tags?post=30007"}],"curies":[{"name":"wp","href":"https:\/\/api.w.org\/{rel}","templated":true}]}}