{"id":30238,"date":"2019-10-07T08:00:58","date_gmt":"2019-10-07T11:00:58","guid":{"rendered":"https:\/\/noticiasmercedinas.com\/site\/?p=30238"},"modified":"2019-10-07T08:00:58","modified_gmt":"2019-10-07T11:00:58","slug":"imaginacion-y-relatos-con-el-escritor-oscar-dinova-en-giles","status":"publish","type":"post","link":"https:\/\/noticiasmercedinas.com\/site\/2019\/10\/07\/imaginacion-y-relatos-con-el-escritor-oscar-dinova-en-giles\/","title":{"rendered":"Imaginaci\u00f3n y relatos con el escritor Oscar Dinova, en Giles"},"content":{"rendered":"<p><img loading=\"lazy\" decoding=\"async\" class=\"alignnone size-full wp-image-30239\" src=\"https:\/\/noticiasmercedinas.com\/site\/wp-content\/uploads\/2019\/10\/Charla-Taller-en-Sagrada-Familia-3.jpg\" alt=\"\" width=\"640\" height=\"370\" srcset=\"https:\/\/noticiasmercedinas.com\/site\/wp-content\/uploads\/2019\/10\/Charla-Taller-en-Sagrada-Familia-3.jpg 640w, https:\/\/noticiasmercedinas.com\/site\/wp-content\/uploads\/2019\/10\/Charla-Taller-en-Sagrada-Familia-3-300x173.jpg 300w\" sizes=\"auto, (max-width: 640px) 100vw, 640px\" \/><\/p>\n<p>Este viernes 4 de octubre el escritor mercedino Oscar Dinova fue invitado por las autoridades del Colegio Sagrada Familia de San Andr\u00e9s de Giles para cerrar la Semana del Arte con una charla donde participaron alumnos propios, de establecimientos invitados &#8211;secundarios y de adultos&#8211;, adem\u00e1s de docentes, autoridades y vecinos que se acercaron para disfrutar de una exposici\u00f3n amena y participativa.<\/p>\n<p>Sagrada Familia es una escuela donde el aprendizaje y la convivencia se sostienen sobre las premisas de la libertad y el compromiso en todos sus actores. Simpat\u00eda, organizaci\u00f3n, seriedad y buen gusto van de la mano. \u201cNos sentimos c\u00f3modos desde que ingresamos. Los j\u00f3venes, distendidos, se sienten identificados con el lugar, es su casa\u201d, destac\u00f3 el propio Dinova.<\/p>\n<p>La Charla-Taller sobre la fuerza de la imaginaci\u00f3n en el ser humano fluy\u00f3 con total naturalidad frente a atentos alumnos. El rol de la escritura, la lectura y los relatos a trav\u00e9s del tiempo y la importancia de recuperar esos espacios para disfrutar de la capacidad imaginativa que nos es inherente fue acompa\u00f1ado de pintorescos relatos de la infancia de nuestros abuelos y las nuestras propias. Y transmitido por una radio-escolar en directo.<\/p>\n<p>Un desaf\u00edo bucanero llevado a cabo por peque\u00f1os corsarios en los barrios de una iglesia, una ni\u00f1a que ten\u00eda como incre\u00edble mascota a un lechoncito donado a una escuela rural y un jovencito que se aferra a lo que sea para no dejar a su gran amigo de la infancia, fueron algunas de las historias que llevaron a los j\u00f3venes alumnos a universos de ternura, emoci\u00f3n y buen humor.<\/p>\n<p>\u201cLa imaginaci\u00f3n vol\u00f3 y el tiempo tambi\u00e9n y llegamos al fin de la charla inmensamente felices. Hab\u00edamos construido, entre todos, un momento en que incre\u00edbles personajes se crearon en nuestras mentes y en nuestros corazones\u201d, relat\u00f3 Dinova sobre lo vivido y agradeci\u00f3 a autoridades, j\u00f3venes y p\u00fablico por su amabilidad. Y muy especialmente a la docente Mar\u00eda del Carmen \u201cTota\u201d Marengo por la convocatoria, que no es la primera. \u201cOjal\u00e1 se vuelva a repetir\u201d, dijo.<\/p>\n<p><img loading=\"lazy\" decoding=\"async\" class=\"alignnone size-full wp-image-30240\" src=\"https:\/\/noticiasmercedinas.com\/site\/wp-content\/uploads\/2019\/10\/Charla-Taller-en-Sagrada-Familia-4.jpg\" alt=\"\" width=\"640\" height=\"408\" srcset=\"https:\/\/noticiasmercedinas.com\/site\/wp-content\/uploads\/2019\/10\/Charla-Taller-en-Sagrada-Familia-4.jpg 640w, https:\/\/noticiasmercedinas.com\/site\/wp-content\/uploads\/2019\/10\/Charla-Taller-en-Sagrada-Familia-4-300x191.jpg 300w\" sizes=\"auto, (max-width: 640px) 100vw, 640px\" \/><\/p>\n<p>&nbsp;<\/p>\n","protected":false},"excerpt":{"rendered":"<p>Este viernes 4 de octubre el escritor mercedino Oscar Dinova fue invitado por las autoridades del Colegio Sagrada Familia de San Andr\u00e9s de Giles para cerrar la Semana del Arte con una charla donde participaron alumnos propios, de establecimientos invitados &#8211;secundarios y de adultos&#8211;, adem\u00e1s de docentes, autoridades y vecinos que se acercaron para disfrutar [&hellip;]<\/p>\n","protected":false},"author":16,"featured_media":30240,"comment_status":"open","ping_status":"open","sticky":false,"template":"","format":"standard","meta":{"footnotes":""},"categories":[4],"tags":[445,6694,85,258,1656,6695],"class_list":["post-30238","post","type-post","status-publish","format-standard","has-post-thumbnail","hentry","category-cultura","tag-charla-taller","tag-colegio-sagrada-familia","tag-literatura","tag-oscar-dinova","tag-san-andres-de-giles","tag-semana-del-arte"],"yoast_head":"<!-- This site is optimized with the Yoast SEO plugin v27.4 - https:\/\/yoast.com\/product\/yoast-seo-wordpress\/ -->\n<title>Imaginaci\u00f3n y relatos con el escritor Oscar Dinova, en Giles<\/title>\n<meta name=\"robots\" content=\"index, follow, max-snippet:-1, max-image-preview:large, max-video-preview:-1\" \/>\n<link rel=\"canonical\" href=\"https:\/\/noticiasmercedinas.com\/site\/2019\/10\/07\/imaginacion-y-relatos-con-el-escritor-oscar-dinova-en-giles\/\" \/>\n<meta property=\"og:locale\" content=\"es_ES\" \/>\n<meta property=\"og:type\" content=\"article\" \/>\n<meta property=\"og:title\" content=\"Imaginaci\u00f3n y relatos con el escritor Oscar Dinova, en Giles\" \/>\n<meta property=\"og:description\" content=\"Este viernes 4 de octubre el escritor mercedino Oscar Dinova fue invitado por las autoridades del Colegio Sagrada Familia de San Andr\u00e9s de Giles para cerrar la Semana del Arte con una charla donde participaron alumnos propios, de establecimientos invitados &#8211;secundarios y de adultos&#8211;, adem\u00e1s de docentes, autoridades y vecinos que se acercaron para disfrutar [&hellip;]\" \/>\n<meta property=\"og:url\" content=\"https:\/\/noticiasmercedinas.com\/site\/2019\/10\/07\/imaginacion-y-relatos-con-el-escritor-oscar-dinova-en-giles\/\" \/>\n<meta property=\"og:site_name\" content=\"NOTICIASMERCEDINAS.COM\" \/>\n<meta property=\"article:publisher\" content=\"https:\/\/www.facebook.com\/noticiasmercedinas\/\" \/>\n<meta property=\"article:published_time\" content=\"2019-10-07T11:00:58+00:00\" \/>\n<meta property=\"og:image\" content=\"https:\/\/noticiasmercedinas.com\/site\/wp-content\/uploads\/2019\/10\/Charla-Taller-en-Sagrada-Familia-4.jpg\" \/>\n\t<meta property=\"og:image:width\" content=\"640\" \/>\n\t<meta property=\"og:image:height\" content=\"408\" \/>\n\t<meta property=\"og:image:type\" content=\"image\/jpeg\" \/>\n<meta name=\"author\" content=\"NOTICIASMERCEDINAS.COM\" \/>\n<meta name=\"twitter:card\" content=\"summary_large_image\" \/>\n<meta name=\"twitter:creator\" content=\"@notmercedinas\" \/>\n<meta name=\"twitter:site\" content=\"@notmercedinas\" \/>\n<meta name=\"twitter:label1\" content=\"Escrito por\" \/>\n\t<meta name=\"twitter:data1\" content=\"NOTICIASMERCEDINAS.COM\" \/>\n\t<meta name=\"twitter:label2\" content=\"Tiempo de lectura\" \/>\n\t<meta name=\"twitter:data2\" content=\"2 minutos\" \/>\n<script type=\"application\/ld+json\" class=\"yoast-schema-graph\">{\"@context\":\"https:\\\/\\\/schema.org\",\"@graph\":[{\"@type\":\"Article\",\"@id\":\"https:\\\/\\\/noticiasmercedinas.com\\\/site\\\/2019\\\/10\\\/07\\\/imaginacion-y-relatos-con-el-escritor-oscar-dinova-en-giles\\\/#article\",\"isPartOf\":{\"@id\":\"https:\\\/\\\/noticiasmercedinas.com\\\/site\\\/2019\\\/10\\\/07\\\/imaginacion-y-relatos-con-el-escritor-oscar-dinova-en-giles\\\/\"},\"author\":{\"name\":\"NOTICIASMERCEDINAS.COM\",\"@id\":\"https:\\\/\\\/noticiasmercedinas.com\\\/site\\\/#\\\/schema\\\/person\\\/84b59c099c28ff2e8b77d4ceec5d8063\"},\"headline\":\"Imaginaci\u00f3n y relatos con el escritor Oscar Dinova, en Giles\",\"datePublished\":\"2019-10-07T11:00:58+00:00\",\"mainEntityOfPage\":{\"@id\":\"https:\\\/\\\/noticiasmercedinas.com\\\/site\\\/2019\\\/10\\\/07\\\/imaginacion-y-relatos-con-el-escritor-oscar-dinova-en-giles\\\/\"},\"wordCount\":371,\"commentCount\":0,\"publisher\":{\"@id\":\"https:\\\/\\\/noticiasmercedinas.com\\\/site\\\/#organization\"},\"image\":{\"@id\":\"https:\\\/\\\/noticiasmercedinas.com\\\/site\\\/2019\\\/10\\\/07\\\/imaginacion-y-relatos-con-el-escritor-oscar-dinova-en-giles\\\/#primaryimage\"},\"thumbnailUrl\":\"https:\\\/\\\/noticiasmercedinas.com\\\/site\\\/wp-content\\\/uploads\\\/2019\\\/10\\\/Charla-Taller-en-Sagrada-Familia-4.jpg\",\"keywords\":[\"charla taller\",\"Colegio Sagrada Familia\",\"literatura\",\"oscar dinova\",\"san andres de giles\",\"semana del arte\"],\"articleSection\":[\"Cultura\"],\"inLanguage\":\"es\",\"potentialAction\":[{\"@type\":\"CommentAction\",\"name\":\"Comment\",\"target\":[\"https:\\\/\\\/noticiasmercedinas.com\\\/site\\\/2019\\\/10\\\/07\\\/imaginacion-y-relatos-con-el-escritor-oscar-dinova-en-giles\\\/#respond\"]}]},{\"@type\":\"WebPage\",\"@id\":\"https:\\\/\\\/noticiasmercedinas.com\\\/site\\\/2019\\\/10\\\/07\\\/imaginacion-y-relatos-con-el-escritor-oscar-dinova-en-giles\\\/\",\"url\":\"https:\\\/\\\/noticiasmercedinas.com\\\/site\\\/2019\\\/10\\\/07\\\/imaginacion-y-relatos-con-el-escritor-oscar-dinova-en-giles\\\/\",\"name\":\"Imaginaci\u00f3n y relatos con el escritor Oscar Dinova, en Giles\",\"isPartOf\":{\"@id\":\"https:\\\/\\\/noticiasmercedinas.com\\\/site\\\/#website\"},\"primaryImageOfPage\":{\"@id\":\"https:\\\/\\\/noticiasmercedinas.com\\\/site\\\/2019\\\/10\\\/07\\\/imaginacion-y-relatos-con-el-escritor-oscar-dinova-en-giles\\\/#primaryimage\"},\"image\":{\"@id\":\"https:\\\/\\\/noticiasmercedinas.com\\\/site\\\/2019\\\/10\\\/07\\\/imaginacion-y-relatos-con-el-escritor-oscar-dinova-en-giles\\\/#primaryimage\"},\"thumbnailUrl\":\"https:\\\/\\\/noticiasmercedinas.com\\\/site\\\/wp-content\\\/uploads\\\/2019\\\/10\\\/Charla-Taller-en-Sagrada-Familia-4.jpg\",\"datePublished\":\"2019-10-07T11:00:58+00:00\",\"breadcrumb\":{\"@id\":\"https:\\\/\\\/noticiasmercedinas.com\\\/site\\\/2019\\\/10\\\/07\\\/imaginacion-y-relatos-con-el-escritor-oscar-dinova-en-giles\\\/#breadcrumb\"},\"inLanguage\":\"es\",\"potentialAction\":[{\"@type\":\"ReadAction\",\"target\":[\"https:\\\/\\\/noticiasmercedinas.com\\\/site\\\/2019\\\/10\\\/07\\\/imaginacion-y-relatos-con-el-escritor-oscar-dinova-en-giles\\\/\"]}]},{\"@type\":\"ImageObject\",\"inLanguage\":\"es\",\"@id\":\"https:\\\/\\\/noticiasmercedinas.com\\\/site\\\/2019\\\/10\\\/07\\\/imaginacion-y-relatos-con-el-escritor-oscar-dinova-en-giles\\\/#primaryimage\",\"url\":\"https:\\\/\\\/noticiasmercedinas.com\\\/site\\\/wp-content\\\/uploads\\\/2019\\\/10\\\/Charla-Taller-en-Sagrada-Familia-4.jpg\",\"contentUrl\":\"https:\\\/\\\/noticiasmercedinas.com\\\/site\\\/wp-content\\\/uploads\\\/2019\\\/10\\\/Charla-Taller-en-Sagrada-Familia-4.jpg\",\"width\":640,\"height\":408},{\"@type\":\"BreadcrumbList\",\"@id\":\"https:\\\/\\\/noticiasmercedinas.com\\\/site\\\/2019\\\/10\\\/07\\\/imaginacion-y-relatos-con-el-escritor-oscar-dinova-en-giles\\\/#breadcrumb\",\"itemListElement\":[{\"@type\":\"ListItem\",\"position\":1,\"name\":\"Portada\",\"item\":\"https:\\\/\\\/noticiasmercedinas.com\\\/site\\\/\"},{\"@type\":\"ListItem\",\"position\":2,\"name\":\"Imaginaci\u00f3n y relatos con el escritor Oscar Dinova, en Giles\"}]},{\"@type\":\"WebSite\",\"@id\":\"https:\\\/\\\/noticiasmercedinas.com\\\/site\\\/#website\",\"url\":\"https:\\\/\\\/noticiasmercedinas.com\\\/site\\\/\",\"name\":\"NOTICIASMERCEDINAS.COM\",\"description\":\"Mercedes, Buenos Aires, Argentina\",\"publisher\":{\"@id\":\"https:\\\/\\\/noticiasmercedinas.com\\\/site\\\/#organization\"},\"potentialAction\":[{\"@type\":\"SearchAction\",\"target\":{\"@type\":\"EntryPoint\",\"urlTemplate\":\"https:\\\/\\\/noticiasmercedinas.com\\\/site\\\/?s={search_term_string}\"},\"query-input\":{\"@type\":\"PropertyValueSpecification\",\"valueRequired\":true,\"valueName\":\"search_term_string\"}}],\"inLanguage\":\"es\"},{\"@type\":\"Organization\",\"@id\":\"https:\\\/\\\/noticiasmercedinas.com\\\/site\\\/#organization\",\"name\":\"NOTICIASMERCEDINAS.COM\",\"url\":\"https:\\\/\\\/noticiasmercedinas.com\\\/site\\\/\",\"logo\":{\"@type\":\"ImageObject\",\"inLanguage\":\"es\",\"@id\":\"https:\\\/\\\/noticiasmercedinas.com\\\/site\\\/#\\\/schema\\\/logo\\\/image\\\/\",\"url\":\"https:\\\/\\\/noticiasmercedinas.com\\\/site\\\/wp-content\\\/uploads\\\/2020\\\/06\\\/LOGO-512.jpg\",\"contentUrl\":\"https:\\\/\\\/noticiasmercedinas.com\\\/site\\\/wp-content\\\/uploads\\\/2020\\\/06\\\/LOGO-512.jpg\",\"width\":512,\"height\":512,\"caption\":\"NOTICIASMERCEDINAS.COM\"},\"image\":{\"@id\":\"https:\\\/\\\/noticiasmercedinas.com\\\/site\\\/#\\\/schema\\\/logo\\\/image\\\/\"},\"sameAs\":[\"https:\\\/\\\/www.facebook.com\\\/noticiasmercedinas\\\/\",\"https:\\\/\\\/x.com\\\/notmercedinas\",\"https:\\\/\\\/www.instagram.com\\\/noticiasmercedinas\\\/\"]},{\"@type\":\"Person\",\"@id\":\"https:\\\/\\\/noticiasmercedinas.com\\\/site\\\/#\\\/schema\\\/person\\\/84b59c099c28ff2e8b77d4ceec5d8063\",\"name\":\"NOTICIASMERCEDINAS.COM\",\"image\":{\"@type\":\"ImageObject\",\"inLanguage\":\"es\",\"@id\":\"https:\\\/\\\/secure.gravatar.com\\\/avatar\\\/4dfbf16b4d17945bfb6341b2d19043457132fcf478a5ee04f42e959fd8f5df0a?s=96&d=mm&r=g\",\"url\":\"https:\\\/\\\/secure.gravatar.com\\\/avatar\\\/4dfbf16b4d17945bfb6341b2d19043457132fcf478a5ee04f42e959fd8f5df0a?s=96&d=mm&r=g\",\"contentUrl\":\"https:\\\/\\\/secure.gravatar.com\\\/avatar\\\/4dfbf16b4d17945bfb6341b2d19043457132fcf478a5ee04f42e959fd8f5df0a?s=96&d=mm&r=g\",\"caption\":\"NOTICIASMERCEDINAS.COM\"},\"url\":\"https:\\\/\\\/noticiasmercedinas.com\\\/site\\\/author\\\/anonimo\\\/\"}]}<\/script>\n<!-- \/ Yoast SEO plugin. -->","yoast_head_json":{"title":"Imaginaci\u00f3n y relatos con el escritor Oscar Dinova, en Giles","robots":{"index":"index","follow":"follow","max-snippet":"max-snippet:-1","max-image-preview":"max-image-preview:large","max-video-preview":"max-video-preview:-1"},"canonical":"https:\/\/noticiasmercedinas.com\/site\/2019\/10\/07\/imaginacion-y-relatos-con-el-escritor-oscar-dinova-en-giles\/","og_locale":"es_ES","og_type":"article","og_title":"Imaginaci\u00f3n y relatos con el escritor Oscar Dinova, en Giles","og_description":"Este viernes 4 de octubre el escritor mercedino Oscar Dinova fue invitado por las autoridades del Colegio Sagrada Familia de San Andr\u00e9s de Giles para cerrar la Semana del Arte con una charla donde participaron alumnos propios, de establecimientos invitados &#8211;secundarios y de adultos&#8211;, adem\u00e1s de docentes, autoridades y vecinos que se acercaron para disfrutar [&hellip;]","og_url":"https:\/\/noticiasmercedinas.com\/site\/2019\/10\/07\/imaginacion-y-relatos-con-el-escritor-oscar-dinova-en-giles\/","og_site_name":"NOTICIASMERCEDINAS.COM","article_publisher":"https:\/\/www.facebook.com\/noticiasmercedinas\/","article_published_time":"2019-10-07T11:00:58+00:00","og_image":[{"width":640,"height":408,"url":"https:\/\/noticiasmercedinas.com\/site\/wp-content\/uploads\/2019\/10\/Charla-Taller-en-Sagrada-Familia-4.jpg","type":"image\/jpeg"}],"author":"NOTICIASMERCEDINAS.COM","twitter_card":"summary_large_image","twitter_creator":"@notmercedinas","twitter_site":"@notmercedinas","twitter_misc":{"Escrito por":"NOTICIASMERCEDINAS.COM","Tiempo de lectura":"2 minutos"},"schema":{"@context":"https:\/\/schema.org","@graph":[{"@type":"Article","@id":"https:\/\/noticiasmercedinas.com\/site\/2019\/10\/07\/imaginacion-y-relatos-con-el-escritor-oscar-dinova-en-giles\/#article","isPartOf":{"@id":"https:\/\/noticiasmercedinas.com\/site\/2019\/10\/07\/imaginacion-y-relatos-con-el-escritor-oscar-dinova-en-giles\/"},"author":{"name":"NOTICIASMERCEDINAS.COM","@id":"https:\/\/noticiasmercedinas.com\/site\/#\/schema\/person\/84b59c099c28ff2e8b77d4ceec5d8063"},"headline":"Imaginaci\u00f3n y relatos con el escritor Oscar Dinova, en Giles","datePublished":"2019-10-07T11:00:58+00:00","mainEntityOfPage":{"@id":"https:\/\/noticiasmercedinas.com\/site\/2019\/10\/07\/imaginacion-y-relatos-con-el-escritor-oscar-dinova-en-giles\/"},"wordCount":371,"commentCount":0,"publisher":{"@id":"https:\/\/noticiasmercedinas.com\/site\/#organization"},"image":{"@id":"https:\/\/noticiasmercedinas.com\/site\/2019\/10\/07\/imaginacion-y-relatos-con-el-escritor-oscar-dinova-en-giles\/#primaryimage"},"thumbnailUrl":"https:\/\/noticiasmercedinas.com\/site\/wp-content\/uploads\/2019\/10\/Charla-Taller-en-Sagrada-Familia-4.jpg","keywords":["charla taller","Colegio Sagrada Familia","literatura","oscar dinova","san andres de giles","semana del arte"],"articleSection":["Cultura"],"inLanguage":"es","potentialAction":[{"@type":"CommentAction","name":"Comment","target":["https:\/\/noticiasmercedinas.com\/site\/2019\/10\/07\/imaginacion-y-relatos-con-el-escritor-oscar-dinova-en-giles\/#respond"]}]},{"@type":"WebPage","@id":"https:\/\/noticiasmercedinas.com\/site\/2019\/10\/07\/imaginacion-y-relatos-con-el-escritor-oscar-dinova-en-giles\/","url":"https:\/\/noticiasmercedinas.com\/site\/2019\/10\/07\/imaginacion-y-relatos-con-el-escritor-oscar-dinova-en-giles\/","name":"Imaginaci\u00f3n y relatos con el escritor Oscar Dinova, en Giles","isPartOf":{"@id":"https:\/\/noticiasmercedinas.com\/site\/#website"},"primaryImageOfPage":{"@id":"https:\/\/noticiasmercedinas.com\/site\/2019\/10\/07\/imaginacion-y-relatos-con-el-escritor-oscar-dinova-en-giles\/#primaryimage"},"image":{"@id":"https:\/\/noticiasmercedinas.com\/site\/2019\/10\/07\/imaginacion-y-relatos-con-el-escritor-oscar-dinova-en-giles\/#primaryimage"},"thumbnailUrl":"https:\/\/noticiasmercedinas.com\/site\/wp-content\/uploads\/2019\/10\/Charla-Taller-en-Sagrada-Familia-4.jpg","datePublished":"2019-10-07T11:00:58+00:00","breadcrumb":{"@id":"https:\/\/noticiasmercedinas.com\/site\/2019\/10\/07\/imaginacion-y-relatos-con-el-escritor-oscar-dinova-en-giles\/#breadcrumb"},"inLanguage":"es","potentialAction":[{"@type":"ReadAction","target":["https:\/\/noticiasmercedinas.com\/site\/2019\/10\/07\/imaginacion-y-relatos-con-el-escritor-oscar-dinova-en-giles\/"]}]},{"@type":"ImageObject","inLanguage":"es","@id":"https:\/\/noticiasmercedinas.com\/site\/2019\/10\/07\/imaginacion-y-relatos-con-el-escritor-oscar-dinova-en-giles\/#primaryimage","url":"https:\/\/noticiasmercedinas.com\/site\/wp-content\/uploads\/2019\/10\/Charla-Taller-en-Sagrada-Familia-4.jpg","contentUrl":"https:\/\/noticiasmercedinas.com\/site\/wp-content\/uploads\/2019\/10\/Charla-Taller-en-Sagrada-Familia-4.jpg","width":640,"height":408},{"@type":"BreadcrumbList","@id":"https:\/\/noticiasmercedinas.com\/site\/2019\/10\/07\/imaginacion-y-relatos-con-el-escritor-oscar-dinova-en-giles\/#breadcrumb","itemListElement":[{"@type":"ListItem","position":1,"name":"Portada","item":"https:\/\/noticiasmercedinas.com\/site\/"},{"@type":"ListItem","position":2,"name":"Imaginaci\u00f3n y relatos con el escritor Oscar Dinova, en Giles"}]},{"@type":"WebSite","@id":"https:\/\/noticiasmercedinas.com\/site\/#website","url":"https:\/\/noticiasmercedinas.com\/site\/","name":"NOTICIASMERCEDINAS.COM","description":"Mercedes, Buenos Aires, Argentina","publisher":{"@id":"https:\/\/noticiasmercedinas.com\/site\/#organization"},"potentialAction":[{"@type":"SearchAction","target":{"@type":"EntryPoint","urlTemplate":"https:\/\/noticiasmercedinas.com\/site\/?s={search_term_string}"},"query-input":{"@type":"PropertyValueSpecification","valueRequired":true,"valueName":"search_term_string"}}],"inLanguage":"es"},{"@type":"Organization","@id":"https:\/\/noticiasmercedinas.com\/site\/#organization","name":"NOTICIASMERCEDINAS.COM","url":"https:\/\/noticiasmercedinas.com\/site\/","logo":{"@type":"ImageObject","inLanguage":"es","@id":"https:\/\/noticiasmercedinas.com\/site\/#\/schema\/logo\/image\/","url":"https:\/\/noticiasmercedinas.com\/site\/wp-content\/uploads\/2020\/06\/LOGO-512.jpg","contentUrl":"https:\/\/noticiasmercedinas.com\/site\/wp-content\/uploads\/2020\/06\/LOGO-512.jpg","width":512,"height":512,"caption":"NOTICIASMERCEDINAS.COM"},"image":{"@id":"https:\/\/noticiasmercedinas.com\/site\/#\/schema\/logo\/image\/"},"sameAs":["https:\/\/www.facebook.com\/noticiasmercedinas\/","https:\/\/x.com\/notmercedinas","https:\/\/www.instagram.com\/noticiasmercedinas\/"]},{"@type":"Person","@id":"https:\/\/noticiasmercedinas.com\/site\/#\/schema\/person\/84b59c099c28ff2e8b77d4ceec5d8063","name":"NOTICIASMERCEDINAS.COM","image":{"@type":"ImageObject","inLanguage":"es","@id":"https:\/\/secure.gravatar.com\/avatar\/4dfbf16b4d17945bfb6341b2d19043457132fcf478a5ee04f42e959fd8f5df0a?s=96&d=mm&r=g","url":"https:\/\/secure.gravatar.com\/avatar\/4dfbf16b4d17945bfb6341b2d19043457132fcf478a5ee04f42e959fd8f5df0a?s=96&d=mm&r=g","contentUrl":"https:\/\/secure.gravatar.com\/avatar\/4dfbf16b4d17945bfb6341b2d19043457132fcf478a5ee04f42e959fd8f5df0a?s=96&d=mm&r=g","caption":"NOTICIASMERCEDINAS.COM"},"url":"https:\/\/noticiasmercedinas.com\/site\/author\/anonimo\/"}]}},"amp_enabled":true,"_links":{"self":[{"href":"https:\/\/noticiasmercedinas.com\/site\/wp-json\/wp\/v2\/posts\/30238","targetHints":{"allow":["GET"]}}],"collection":[{"href":"https:\/\/noticiasmercedinas.com\/site\/wp-json\/wp\/v2\/posts"}],"about":[{"href":"https:\/\/noticiasmercedinas.com\/site\/wp-json\/wp\/v2\/types\/post"}],"author":[{"embeddable":true,"href":"https:\/\/noticiasmercedinas.com\/site\/wp-json\/wp\/v2\/users\/16"}],"replies":[{"embeddable":true,"href":"https:\/\/noticiasmercedinas.com\/site\/wp-json\/wp\/v2\/comments?post=30238"}],"version-history":[{"count":1,"href":"https:\/\/noticiasmercedinas.com\/site\/wp-json\/wp\/v2\/posts\/30238\/revisions"}],"predecessor-version":[{"id":30241,"href":"https:\/\/noticiasmercedinas.com\/site\/wp-json\/wp\/v2\/posts\/30238\/revisions\/30241"}],"wp:featuredmedia":[{"embeddable":true,"href":"https:\/\/noticiasmercedinas.com\/site\/wp-json\/wp\/v2\/media\/30240"}],"wp:attachment":[{"href":"https:\/\/noticiasmercedinas.com\/site\/wp-json\/wp\/v2\/media?parent=30238"}],"wp:term":[{"taxonomy":"category","embeddable":true,"href":"https:\/\/noticiasmercedinas.com\/site\/wp-json\/wp\/v2\/categories?post=30238"},{"taxonomy":"post_tag","embeddable":true,"href":"https:\/\/noticiasmercedinas.com\/site\/wp-json\/wp\/v2\/tags?post=30238"}],"curies":[{"name":"wp","href":"https:\/\/api.w.org\/{rel}","templated":true}]}}