{"id":30358,"date":"2019-10-08T11:21:23","date_gmt":"2019-10-08T14:21:23","guid":{"rendered":"https:\/\/noticiasmercedinas.com\/site\/?p=30358"},"modified":"2019-10-08T15:04:35","modified_gmt":"2019-10-08T18:04:35","slug":"preocupacion-en-el-concejo-deliberante-por-inaccion-del-consejo-escolar","status":"publish","type":"post","link":"https:\/\/noticiasmercedinas.com\/site\/2019\/10\/08\/preocupacion-en-el-concejo-deliberante-por-inaccion-del-consejo-escolar\/","title":{"rendered":"Preocupaci\u00f3n en el Concejo Deliberante por inacci\u00f3n del Consejo Escolar"},"content":{"rendered":"<p><img loading=\"lazy\" decoding=\"async\" class=\"wp-image-30357 alignnone size-full\" src=\"https:\/\/noticiasmercedinas.com\/site\/wp-content\/uploads\/2019\/10\/20191008_103847190106528620171725.jpg\" width=\"3000\" height=\"1688\" srcset=\"https:\/\/noticiasmercedinas.com\/site\/wp-content\/uploads\/2019\/10\/20191008_103847190106528620171725.jpg 3000w, https:\/\/noticiasmercedinas.com\/site\/wp-content\/uploads\/2019\/10\/20191008_103847190106528620171725-300x169.jpg 300w, https:\/\/noticiasmercedinas.com\/site\/wp-content\/uploads\/2019\/10\/20191008_103847190106528620171725-768x432.jpg 768w, https:\/\/noticiasmercedinas.com\/site\/wp-content\/uploads\/2019\/10\/20191008_103847190106528620171725-1024x576.jpg 1024w, https:\/\/noticiasmercedinas.com\/site\/wp-content\/uploads\/2019\/10\/20191008_103847190106528620171725-640x360.jpg 640w, https:\/\/noticiasmercedinas.com\/site\/wp-content\/uploads\/2019\/10\/20191008_103847190106528620171725-1280x720.jpg 1280w, https:\/\/noticiasmercedinas.com\/site\/wp-content\/uploads\/2019\/10\/20191008_103847190106528620171725-681x383.jpg 681w, https:\/\/noticiasmercedinas.com\/site\/wp-content\/uploads\/2019\/10\/20191008_103847190106528620171725-1362x766.jpg 1362w\" sizes=\"auto, (max-width: 3000px) 100vw, 3000px\" \/><\/p>\n<p>Este martes se llev\u00f3 adelante una reuni\u00f3n ampliada de comisi\u00f3n de Legislaci\u00f3n en el Concejo Deliberante que incluy\u00f3 a los gremios docentes de la ciudad, algo que se origin\u00f3 en un expediente relacionado a temas de infraestructura pendientes en escuelas del distrito.<\/p>\n<p>Tambi\u00e9n estaban invitados consejeros escolares e inspectores, pero estos \u00faltimos no llegaron. Y de los consejeros solo se presentaron los de Unidad Ciudadana.<\/p>\n<p>\u00abComo legisladores ofrecemos el laburo y las herramientas para que se puedan resolver situaciones que son preocupantes\u00bb, dijo Carlos Milhomme, del bloque FR, al termino de la reuni\u00f3n.<\/p>\n<p>\u00abHab\u00eda tres expedientes sin respuesta de la Direcci\u00f3n de Escuelas y Consejo Escolar. Y lo m\u00e1s preocupante es el no funcionamiento del Consejo Escolar. De 20 sesiones en este a\u00f1o se convoc\u00f3 solo a ocho\u00bb, destac\u00f3, por su parte, el concejal Santiago Altube, de UC.<\/p>\n<p>En este sentido indicaron que les presentar\u00e1n los ejes de las carencias de que se habl\u00f3. \u00abA eso lo vamos a adjuntar al expediente que tenemos, quedaron en traernos las problem\u00e1ticas relevadas sobre las que queremos interesarnos. Los problemas son en todos los niveles y en todos los aspectos. Hay muchos temas que evaluar incluso las condiciones edilicias y de trabajo. En el d\u00eda a d\u00eda siempre surge un problema nuevo, que se agrava con que el Consejo Escolar est\u00e1 hegemonizado por Cambiemos, que eestuvo ausente\u00bb, dijo Altube.<\/p>\n<p>\u00abQueremos escuchar todas las campanas, obtener la palabra, el pensamiento y las repuestas de cada uno\u00bb, sostuvo Milhomme y Altube remarc\u00f3 que buscan \u00abuna instancia que le de un lugar supletorio al Concejo Escolar hasta que funcione normalmente\u00bb.<\/p>\n<p>\u00abNecesitamos escuchar a todos para saber lo que pasa, hoy hubo ausencias y no queremos caer en arbitrariedades\u00bb, insisti\u00f3 Milhomme.<\/p>\n<p><img loading=\"lazy\" decoding=\"async\" src=\"https:\/\/noticiasmercedinas.com\/site\/wp-content\/uploads\/2019\/10\/20191008_1500588146566414118520271.jpg\" width=\"2134\" height=\"1242\" class=\"wp-image-30364 alignnone size-full\" srcset=\"https:\/\/noticiasmercedinas.com\/site\/wp-content\/uploads\/2019\/10\/20191008_1500588146566414118520271.jpg 2134w, https:\/\/noticiasmercedinas.com\/site\/wp-content\/uploads\/2019\/10\/20191008_1500588146566414118520271-300x175.jpg 300w, https:\/\/noticiasmercedinas.com\/site\/wp-content\/uploads\/2019\/10\/20191008_1500588146566414118520271-768x447.jpg 768w, https:\/\/noticiasmercedinas.com\/site\/wp-content\/uploads\/2019\/10\/20191008_1500588146566414118520271-1024x596.jpg 1024w, https:\/\/noticiasmercedinas.com\/site\/wp-content\/uploads\/2019\/10\/20191008_1500588146566414118520271-640x372.jpg 640w, https:\/\/noticiasmercedinas.com\/site\/wp-content\/uploads\/2019\/10\/20191008_1500588146566414118520271-1280x745.jpg 1280w, https:\/\/noticiasmercedinas.com\/site\/wp-content\/uploads\/2019\/10\/20191008_1500588146566414118520271-681x396.jpg 681w, https:\/\/noticiasmercedinas.com\/site\/wp-content\/uploads\/2019\/10\/20191008_1500588146566414118520271-1362x793.jpg 1362w\" sizes=\"auto, (max-width: 2134px) 100vw, 2134px\" \/><\/p>\n","protected":false},"excerpt":{"rendered":"<p>Este martes se llev\u00f3 adelante una reuni\u00f3n ampliada de comisi\u00f3n de Legislaci\u00f3n en el Concejo Deliberante que incluy\u00f3 a los gremios docentes de la ciudad, algo que se origin\u00f3 en un expediente relacionado a temas de infraestructura pendientes en escuelas del distrito. Tambi\u00e9n estaban invitados consejeros escolares e inspectores, pero estos \u00faltimos no llegaron. Y [&hellip;]<\/p>\n","protected":false},"author":2,"featured_media":30357,"comment_status":"open","ping_status":"open","sticky":false,"template":"","format":"standard","meta":{"footnotes":""},"categories":[3],"tags":[243,267,18,6712,19],"class_list":["post-30358","post","type-post","status-publish","format-standard","has-post-thumbnail","hentry","category-sociedad","tag-concejo-deliberante","tag-consejo-escolar","tag-escuelas","tag-gremios-docentes","tag-hcd"],"yoast_head":"<!-- This site is optimized with the Yoast SEO plugin v27.5 - https:\/\/yoast.com\/product\/yoast-seo-wordpress\/ -->\n<title>Preocupaci\u00f3n en el Concejo Deliberante por inacci\u00f3n del Consejo Escolar<\/title>\n<meta name=\"robots\" content=\"index, follow, max-snippet:-1, max-image-preview:large, max-video-preview:-1\" \/>\n<link rel=\"canonical\" href=\"https:\/\/noticiasmercedinas.com\/site\/2019\/10\/08\/preocupacion-en-el-concejo-deliberante-por-inaccion-del-consejo-escolar\/\" \/>\n<meta property=\"og:locale\" content=\"es_ES\" \/>\n<meta property=\"og:type\" content=\"article\" \/>\n<meta property=\"og:title\" content=\"Preocupaci\u00f3n en el Concejo Deliberante por inacci\u00f3n del Consejo Escolar\" \/>\n<meta property=\"og:description\" content=\"Este martes se llev\u00f3 adelante una reuni\u00f3n ampliada de comisi\u00f3n de Legislaci\u00f3n en el Concejo Deliberante que incluy\u00f3 a los gremios docentes de la ciudad, algo que se origin\u00f3 en un expediente relacionado a temas de infraestructura pendientes en escuelas del distrito. Tambi\u00e9n estaban invitados consejeros escolares e inspectores, pero estos \u00faltimos no llegaron. Y [&hellip;]\" \/>\n<meta property=\"og:url\" content=\"https:\/\/noticiasmercedinas.com\/site\/2019\/10\/08\/preocupacion-en-el-concejo-deliberante-por-inaccion-del-consejo-escolar\/\" \/>\n<meta property=\"og:site_name\" content=\"NOTICIASMERCEDINAS.COM\" \/>\n<meta property=\"article:publisher\" content=\"https:\/\/www.facebook.com\/noticiasmercedinas\/\" \/>\n<meta property=\"article:author\" content=\"https:\/\/www.facebook.com\/cristian.falabella\" \/>\n<meta property=\"article:published_time\" content=\"2019-10-08T14:21:23+00:00\" \/>\n<meta property=\"article:modified_time\" content=\"2019-10-08T18:04:35+00:00\" \/>\n<meta property=\"og:image\" content=\"https:\/\/noticiasmercedinas.com\/site\/wp-content\/uploads\/2019\/10\/20191008_103847190106528620171725.jpg\" \/>\n\t<meta property=\"og:image:width\" content=\"3000\" \/>\n\t<meta property=\"og:image:height\" content=\"1688\" \/>\n\t<meta property=\"og:image:type\" content=\"image\/jpeg\" \/>\n<meta name=\"author\" content=\"Cristian Falabella NOTICIASMERCEDINAS.COM\" \/>\n<meta name=\"twitter:card\" content=\"summary_large_image\" \/>\n<meta name=\"twitter:creator\" content=\"@https:\/\/twitter.com\/NOTMERCEDINAS\" \/>\n<meta name=\"twitter:site\" content=\"@notmercedinas\" \/>\n<meta name=\"twitter:label1\" content=\"Escrito por\" \/>\n\t<meta name=\"twitter:data1\" content=\"Cristian Falabella NOTICIASMERCEDINAS.COM\" \/>\n\t<meta name=\"twitter:label2\" content=\"Tiempo de lectura\" \/>\n\t<meta name=\"twitter:data2\" content=\"1 minuto\" \/>\n<script type=\"application\/ld+json\" class=\"yoast-schema-graph\">{\"@context\":\"https:\\\/\\\/schema.org\",\"@graph\":[{\"@type\":\"Article\",\"@id\":\"https:\\\/\\\/noticiasmercedinas.com\\\/site\\\/2019\\\/10\\\/08\\\/preocupacion-en-el-concejo-deliberante-por-inaccion-del-consejo-escolar\\\/#article\",\"isPartOf\":{\"@id\":\"https:\\\/\\\/noticiasmercedinas.com\\\/site\\\/2019\\\/10\\\/08\\\/preocupacion-en-el-concejo-deliberante-por-inaccion-del-consejo-escolar\\\/\"},\"author\":{\"name\":\"Cristian Falabella NOTICIASMERCEDINAS.COM\",\"@id\":\"https:\\\/\\\/noticiasmercedinas.com\\\/site\\\/#\\\/schema\\\/person\\\/d481a9696a5feaec13a60e2bbd991a6a\"},\"headline\":\"Preocupaci\u00f3n en el Concejo Deliberante por inacci\u00f3n del Consejo Escolar\",\"datePublished\":\"2019-10-08T14:21:23+00:00\",\"dateModified\":\"2019-10-08T18:04:35+00:00\",\"mainEntityOfPage\":{\"@id\":\"https:\\\/\\\/noticiasmercedinas.com\\\/site\\\/2019\\\/10\\\/08\\\/preocupacion-en-el-concejo-deliberante-por-inaccion-del-consejo-escolar\\\/\"},\"wordCount\":308,\"commentCount\":0,\"publisher\":{\"@id\":\"https:\\\/\\\/noticiasmercedinas.com\\\/site\\\/#organization\"},\"image\":{\"@id\":\"https:\\\/\\\/noticiasmercedinas.com\\\/site\\\/2019\\\/10\\\/08\\\/preocupacion-en-el-concejo-deliberante-por-inaccion-del-consejo-escolar\\\/#primaryimage\"},\"thumbnailUrl\":\"https:\\\/\\\/noticiasmercedinas.com\\\/site\\\/wp-content\\\/uploads\\\/2019\\\/10\\\/20191008_103847190106528620171725.jpg\",\"keywords\":[\"concejo deliberante\",\"consejo escolar\",\"escuelas\",\"gremios docentes\",\"HCD\"],\"articleSection\":[\"Sociedad\"],\"inLanguage\":\"es\",\"potentialAction\":[{\"@type\":\"CommentAction\",\"name\":\"Comment\",\"target\":[\"https:\\\/\\\/noticiasmercedinas.com\\\/site\\\/2019\\\/10\\\/08\\\/preocupacion-en-el-concejo-deliberante-por-inaccion-del-consejo-escolar\\\/#respond\"]}]},{\"@type\":\"WebPage\",\"@id\":\"https:\\\/\\\/noticiasmercedinas.com\\\/site\\\/2019\\\/10\\\/08\\\/preocupacion-en-el-concejo-deliberante-por-inaccion-del-consejo-escolar\\\/\",\"url\":\"https:\\\/\\\/noticiasmercedinas.com\\\/site\\\/2019\\\/10\\\/08\\\/preocupacion-en-el-concejo-deliberante-por-inaccion-del-consejo-escolar\\\/\",\"name\":\"Preocupaci\u00f3n en el Concejo Deliberante por inacci\u00f3n del Consejo Escolar\",\"isPartOf\":{\"@id\":\"https:\\\/\\\/noticiasmercedinas.com\\\/site\\\/#website\"},\"primaryImageOfPage\":{\"@id\":\"https:\\\/\\\/noticiasmercedinas.com\\\/site\\\/2019\\\/10\\\/08\\\/preocupacion-en-el-concejo-deliberante-por-inaccion-del-consejo-escolar\\\/#primaryimage\"},\"image\":{\"@id\":\"https:\\\/\\\/noticiasmercedinas.com\\\/site\\\/2019\\\/10\\\/08\\\/preocupacion-en-el-concejo-deliberante-por-inaccion-del-consejo-escolar\\\/#primaryimage\"},\"thumbnailUrl\":\"https:\\\/\\\/noticiasmercedinas.com\\\/site\\\/wp-content\\\/uploads\\\/2019\\\/10\\\/20191008_103847190106528620171725.jpg\",\"datePublished\":\"2019-10-08T14:21:23+00:00\",\"dateModified\":\"2019-10-08T18:04:35+00:00\",\"breadcrumb\":{\"@id\":\"https:\\\/\\\/noticiasmercedinas.com\\\/site\\\/2019\\\/10\\\/08\\\/preocupacion-en-el-concejo-deliberante-por-inaccion-del-consejo-escolar\\\/#breadcrumb\"},\"inLanguage\":\"es\",\"potentialAction\":[{\"@type\":\"ReadAction\",\"target\":[\"https:\\\/\\\/noticiasmercedinas.com\\\/site\\\/2019\\\/10\\\/08\\\/preocupacion-en-el-concejo-deliberante-por-inaccion-del-consejo-escolar\\\/\"]}]},{\"@type\":\"ImageObject\",\"inLanguage\":\"es\",\"@id\":\"https:\\\/\\\/noticiasmercedinas.com\\\/site\\\/2019\\\/10\\\/08\\\/preocupacion-en-el-concejo-deliberante-por-inaccion-del-consejo-escolar\\\/#primaryimage\",\"url\":\"https:\\\/\\\/noticiasmercedinas.com\\\/site\\\/wp-content\\\/uploads\\\/2019\\\/10\\\/20191008_103847190106528620171725.jpg\",\"contentUrl\":\"https:\\\/\\\/noticiasmercedinas.com\\\/site\\\/wp-content\\\/uploads\\\/2019\\\/10\\\/20191008_103847190106528620171725.jpg\",\"width\":3000,\"height\":1688},{\"@type\":\"BreadcrumbList\",\"@id\":\"https:\\\/\\\/noticiasmercedinas.com\\\/site\\\/2019\\\/10\\\/08\\\/preocupacion-en-el-concejo-deliberante-por-inaccion-del-consejo-escolar\\\/#breadcrumb\",\"itemListElement\":[{\"@type\":\"ListItem\",\"position\":1,\"name\":\"Portada\",\"item\":\"https:\\\/\\\/noticiasmercedinas.com\\\/site\\\/\"},{\"@type\":\"ListItem\",\"position\":2,\"name\":\"Preocupaci\u00f3n en el Concejo Deliberante por inacci\u00f3n del Consejo Escolar\"}]},{\"@type\":\"WebSite\",\"@id\":\"https:\\\/\\\/noticiasmercedinas.com\\\/site\\\/#website\",\"url\":\"https:\\\/\\\/noticiasmercedinas.com\\\/site\\\/\",\"name\":\"NOTICIASMERCEDINAS.COM\",\"description\":\"Mercedes, Buenos Aires, Argentina\",\"publisher\":{\"@id\":\"https:\\\/\\\/noticiasmercedinas.com\\\/site\\\/#organization\"},\"potentialAction\":[{\"@type\":\"SearchAction\",\"target\":{\"@type\":\"EntryPoint\",\"urlTemplate\":\"https:\\\/\\\/noticiasmercedinas.com\\\/site\\\/?s={search_term_string}\"},\"query-input\":{\"@type\":\"PropertyValueSpecification\",\"valueRequired\":true,\"valueName\":\"search_term_string\"}}],\"inLanguage\":\"es\"},{\"@type\":\"Organization\",\"@id\":\"https:\\\/\\\/noticiasmercedinas.com\\\/site\\\/#organization\",\"name\":\"NOTICIASMERCEDINAS.COM\",\"url\":\"https:\\\/\\\/noticiasmercedinas.com\\\/site\\\/\",\"logo\":{\"@type\":\"ImageObject\",\"inLanguage\":\"es\",\"@id\":\"https:\\\/\\\/noticiasmercedinas.com\\\/site\\\/#\\\/schema\\\/logo\\\/image\\\/\",\"url\":\"https:\\\/\\\/noticiasmercedinas.com\\\/site\\\/wp-content\\\/uploads\\\/2020\\\/06\\\/LOGO-512.jpg\",\"contentUrl\":\"https:\\\/\\\/noticiasmercedinas.com\\\/site\\\/wp-content\\\/uploads\\\/2020\\\/06\\\/LOGO-512.jpg\",\"width\":512,\"height\":512,\"caption\":\"NOTICIASMERCEDINAS.COM\"},\"image\":{\"@id\":\"https:\\\/\\\/noticiasmercedinas.com\\\/site\\\/#\\\/schema\\\/logo\\\/image\\\/\"},\"sameAs\":[\"https:\\\/\\\/www.facebook.com\\\/noticiasmercedinas\\\/\",\"https:\\\/\\\/x.com\\\/notmercedinas\",\"https:\\\/\\\/www.instagram.com\\\/noticiasmercedinas\\\/\"]},{\"@type\":\"Person\",\"@id\":\"https:\\\/\\\/noticiasmercedinas.com\\\/site\\\/#\\\/schema\\\/person\\\/d481a9696a5feaec13a60e2bbd991a6a\",\"name\":\"Cristian Falabella NOTICIASMERCEDINAS.COM\",\"image\":{\"@type\":\"ImageObject\",\"inLanguage\":\"es\",\"@id\":\"https:\\\/\\\/secure.gravatar.com\\\/avatar\\\/0dbbfc45970cc46bcd0e57766228574ff3511d6eed045b182f536f0f478c1f06?s=96&d=mm&r=g\",\"url\":\"https:\\\/\\\/secure.gravatar.com\\\/avatar\\\/0dbbfc45970cc46bcd0e57766228574ff3511d6eed045b182f536f0f478c1f06?s=96&d=mm&r=g\",\"contentUrl\":\"https:\\\/\\\/secure.gravatar.com\\\/avatar\\\/0dbbfc45970cc46bcd0e57766228574ff3511d6eed045b182f536f0f478c1f06?s=96&d=mm&r=g\",\"caption\":\"Cristian Falabella NOTICIASMERCEDINAS.COM\"},\"description\":\"Periodista, editor de Noticias Mercedinas. Pas\u00f3 por varias redacciones y emprendimientos de prensa, en distintos formatos y \u00e9pocas. Se especializ\u00f3 --y sigue haci\u00e9ndolo-- en comunicaci\u00f3n en la web y en junio de 2006 fund\u00f3 este diario digital.\",\"sameAs\":[\"https:\\\/\\\/noticiasmercedinas.com\",\"https:\\\/\\\/www.facebook.com\\\/cristian.falabella\",\"https:\\\/\\\/www.instagram.com\\\/noticiasmercedinas\\\/\",\"https:\\\/\\\/x.com\\\/https:\\\/\\\/twitter.com\\\/NOTMERCEDINAS\"],\"url\":\"https:\\\/\\\/noticiasmercedinas.com\\\/site\\\/author\\\/as000384\\\/\"}]}<\/script>\n<!-- \/ Yoast SEO plugin. -->","yoast_head_json":{"title":"Preocupaci\u00f3n en el Concejo Deliberante por inacci\u00f3n del Consejo Escolar","robots":{"index":"index","follow":"follow","max-snippet":"max-snippet:-1","max-image-preview":"max-image-preview:large","max-video-preview":"max-video-preview:-1"},"canonical":"https:\/\/noticiasmercedinas.com\/site\/2019\/10\/08\/preocupacion-en-el-concejo-deliberante-por-inaccion-del-consejo-escolar\/","og_locale":"es_ES","og_type":"article","og_title":"Preocupaci\u00f3n en el Concejo Deliberante por inacci\u00f3n del Consejo Escolar","og_description":"Este martes se llev\u00f3 adelante una reuni\u00f3n ampliada de comisi\u00f3n de Legislaci\u00f3n en el Concejo Deliberante que incluy\u00f3 a los gremios docentes de la ciudad, algo que se origin\u00f3 en un expediente relacionado a temas de infraestructura pendientes en escuelas del distrito. Tambi\u00e9n estaban invitados consejeros escolares e inspectores, pero estos \u00faltimos no llegaron. Y [&hellip;]","og_url":"https:\/\/noticiasmercedinas.com\/site\/2019\/10\/08\/preocupacion-en-el-concejo-deliberante-por-inaccion-del-consejo-escolar\/","og_site_name":"NOTICIASMERCEDINAS.COM","article_publisher":"https:\/\/www.facebook.com\/noticiasmercedinas\/","article_author":"https:\/\/www.facebook.com\/cristian.falabella","article_published_time":"2019-10-08T14:21:23+00:00","article_modified_time":"2019-10-08T18:04:35+00:00","og_image":[{"width":3000,"height":1688,"url":"https:\/\/noticiasmercedinas.com\/site\/wp-content\/uploads\/2019\/10\/20191008_103847190106528620171725.jpg","type":"image\/jpeg"}],"author":"Cristian Falabella NOTICIASMERCEDINAS.COM","twitter_card":"summary_large_image","twitter_creator":"@https:\/\/twitter.com\/NOTMERCEDINAS","twitter_site":"@notmercedinas","twitter_misc":{"Escrito por":"Cristian Falabella NOTICIASMERCEDINAS.COM","Tiempo de lectura":"1 minuto"},"schema":{"@context":"https:\/\/schema.org","@graph":[{"@type":"Article","@id":"https:\/\/noticiasmercedinas.com\/site\/2019\/10\/08\/preocupacion-en-el-concejo-deliberante-por-inaccion-del-consejo-escolar\/#article","isPartOf":{"@id":"https:\/\/noticiasmercedinas.com\/site\/2019\/10\/08\/preocupacion-en-el-concejo-deliberante-por-inaccion-del-consejo-escolar\/"},"author":{"name":"Cristian Falabella NOTICIASMERCEDINAS.COM","@id":"https:\/\/noticiasmercedinas.com\/site\/#\/schema\/person\/d481a9696a5feaec13a60e2bbd991a6a"},"headline":"Preocupaci\u00f3n en el Concejo Deliberante por inacci\u00f3n del Consejo Escolar","datePublished":"2019-10-08T14:21:23+00:00","dateModified":"2019-10-08T18:04:35+00:00","mainEntityOfPage":{"@id":"https:\/\/noticiasmercedinas.com\/site\/2019\/10\/08\/preocupacion-en-el-concejo-deliberante-por-inaccion-del-consejo-escolar\/"},"wordCount":308,"commentCount":0,"publisher":{"@id":"https:\/\/noticiasmercedinas.com\/site\/#organization"},"image":{"@id":"https:\/\/noticiasmercedinas.com\/site\/2019\/10\/08\/preocupacion-en-el-concejo-deliberante-por-inaccion-del-consejo-escolar\/#primaryimage"},"thumbnailUrl":"https:\/\/noticiasmercedinas.com\/site\/wp-content\/uploads\/2019\/10\/20191008_103847190106528620171725.jpg","keywords":["concejo deliberante","consejo escolar","escuelas","gremios docentes","HCD"],"articleSection":["Sociedad"],"inLanguage":"es","potentialAction":[{"@type":"CommentAction","name":"Comment","target":["https:\/\/noticiasmercedinas.com\/site\/2019\/10\/08\/preocupacion-en-el-concejo-deliberante-por-inaccion-del-consejo-escolar\/#respond"]}]},{"@type":"WebPage","@id":"https:\/\/noticiasmercedinas.com\/site\/2019\/10\/08\/preocupacion-en-el-concejo-deliberante-por-inaccion-del-consejo-escolar\/","url":"https:\/\/noticiasmercedinas.com\/site\/2019\/10\/08\/preocupacion-en-el-concejo-deliberante-por-inaccion-del-consejo-escolar\/","name":"Preocupaci\u00f3n en el Concejo Deliberante por inacci\u00f3n del Consejo Escolar","isPartOf":{"@id":"https:\/\/noticiasmercedinas.com\/site\/#website"},"primaryImageOfPage":{"@id":"https:\/\/noticiasmercedinas.com\/site\/2019\/10\/08\/preocupacion-en-el-concejo-deliberante-por-inaccion-del-consejo-escolar\/#primaryimage"},"image":{"@id":"https:\/\/noticiasmercedinas.com\/site\/2019\/10\/08\/preocupacion-en-el-concejo-deliberante-por-inaccion-del-consejo-escolar\/#primaryimage"},"thumbnailUrl":"https:\/\/noticiasmercedinas.com\/site\/wp-content\/uploads\/2019\/10\/20191008_103847190106528620171725.jpg","datePublished":"2019-10-08T14:21:23+00:00","dateModified":"2019-10-08T18:04:35+00:00","breadcrumb":{"@id":"https:\/\/noticiasmercedinas.com\/site\/2019\/10\/08\/preocupacion-en-el-concejo-deliberante-por-inaccion-del-consejo-escolar\/#breadcrumb"},"inLanguage":"es","potentialAction":[{"@type":"ReadAction","target":["https:\/\/noticiasmercedinas.com\/site\/2019\/10\/08\/preocupacion-en-el-concejo-deliberante-por-inaccion-del-consejo-escolar\/"]}]},{"@type":"ImageObject","inLanguage":"es","@id":"https:\/\/noticiasmercedinas.com\/site\/2019\/10\/08\/preocupacion-en-el-concejo-deliberante-por-inaccion-del-consejo-escolar\/#primaryimage","url":"https:\/\/noticiasmercedinas.com\/site\/wp-content\/uploads\/2019\/10\/20191008_103847190106528620171725.jpg","contentUrl":"https:\/\/noticiasmercedinas.com\/site\/wp-content\/uploads\/2019\/10\/20191008_103847190106528620171725.jpg","width":3000,"height":1688},{"@type":"BreadcrumbList","@id":"https:\/\/noticiasmercedinas.com\/site\/2019\/10\/08\/preocupacion-en-el-concejo-deliberante-por-inaccion-del-consejo-escolar\/#breadcrumb","itemListElement":[{"@type":"ListItem","position":1,"name":"Portada","item":"https:\/\/noticiasmercedinas.com\/site\/"},{"@type":"ListItem","position":2,"name":"Preocupaci\u00f3n en el Concejo Deliberante por inacci\u00f3n del Consejo Escolar"}]},{"@type":"WebSite","@id":"https:\/\/noticiasmercedinas.com\/site\/#website","url":"https:\/\/noticiasmercedinas.com\/site\/","name":"NOTICIASMERCEDINAS.COM","description":"Mercedes, Buenos Aires, Argentina","publisher":{"@id":"https:\/\/noticiasmercedinas.com\/site\/#organization"},"potentialAction":[{"@type":"SearchAction","target":{"@type":"EntryPoint","urlTemplate":"https:\/\/noticiasmercedinas.com\/site\/?s={search_term_string}"},"query-input":{"@type":"PropertyValueSpecification","valueRequired":true,"valueName":"search_term_string"}}],"inLanguage":"es"},{"@type":"Organization","@id":"https:\/\/noticiasmercedinas.com\/site\/#organization","name":"NOTICIASMERCEDINAS.COM","url":"https:\/\/noticiasmercedinas.com\/site\/","logo":{"@type":"ImageObject","inLanguage":"es","@id":"https:\/\/noticiasmercedinas.com\/site\/#\/schema\/logo\/image\/","url":"https:\/\/noticiasmercedinas.com\/site\/wp-content\/uploads\/2020\/06\/LOGO-512.jpg","contentUrl":"https:\/\/noticiasmercedinas.com\/site\/wp-content\/uploads\/2020\/06\/LOGO-512.jpg","width":512,"height":512,"caption":"NOTICIASMERCEDINAS.COM"},"image":{"@id":"https:\/\/noticiasmercedinas.com\/site\/#\/schema\/logo\/image\/"},"sameAs":["https:\/\/www.facebook.com\/noticiasmercedinas\/","https:\/\/x.com\/notmercedinas","https:\/\/www.instagram.com\/noticiasmercedinas\/"]},{"@type":"Person","@id":"https:\/\/noticiasmercedinas.com\/site\/#\/schema\/person\/d481a9696a5feaec13a60e2bbd991a6a","name":"Cristian Falabella NOTICIASMERCEDINAS.COM","image":{"@type":"ImageObject","inLanguage":"es","@id":"https:\/\/secure.gravatar.com\/avatar\/0dbbfc45970cc46bcd0e57766228574ff3511d6eed045b182f536f0f478c1f06?s=96&d=mm&r=g","url":"https:\/\/secure.gravatar.com\/avatar\/0dbbfc45970cc46bcd0e57766228574ff3511d6eed045b182f536f0f478c1f06?s=96&d=mm&r=g","contentUrl":"https:\/\/secure.gravatar.com\/avatar\/0dbbfc45970cc46bcd0e57766228574ff3511d6eed045b182f536f0f478c1f06?s=96&d=mm&r=g","caption":"Cristian Falabella NOTICIASMERCEDINAS.COM"},"description":"Periodista, editor de Noticias Mercedinas. Pas\u00f3 por varias redacciones y emprendimientos de prensa, en distintos formatos y \u00e9pocas. Se especializ\u00f3 --y sigue haci\u00e9ndolo-- en comunicaci\u00f3n en la web y en junio de 2006 fund\u00f3 este diario digital.","sameAs":["https:\/\/noticiasmercedinas.com","https:\/\/www.facebook.com\/cristian.falabella","https:\/\/www.instagram.com\/noticiasmercedinas\/","https:\/\/x.com\/https:\/\/twitter.com\/NOTMERCEDINAS"],"url":"https:\/\/noticiasmercedinas.com\/site\/author\/as000384\/"}]}},"amp_enabled":true,"_links":{"self":[{"href":"https:\/\/noticiasmercedinas.com\/site\/wp-json\/wp\/v2\/posts\/30358","targetHints":{"allow":["GET"]}}],"collection":[{"href":"https:\/\/noticiasmercedinas.com\/site\/wp-json\/wp\/v2\/posts"}],"about":[{"href":"https:\/\/noticiasmercedinas.com\/site\/wp-json\/wp\/v2\/types\/post"}],"author":[{"embeddable":true,"href":"https:\/\/noticiasmercedinas.com\/site\/wp-json\/wp\/v2\/users\/2"}],"replies":[{"embeddable":true,"href":"https:\/\/noticiasmercedinas.com\/site\/wp-json\/wp\/v2\/comments?post=30358"}],"version-history":[{"count":2,"href":"https:\/\/noticiasmercedinas.com\/site\/wp-json\/wp\/v2\/posts\/30358\/revisions"}],"predecessor-version":[{"id":30365,"href":"https:\/\/noticiasmercedinas.com\/site\/wp-json\/wp\/v2\/posts\/30358\/revisions\/30365"}],"wp:featuredmedia":[{"embeddable":true,"href":"https:\/\/noticiasmercedinas.com\/site\/wp-json\/wp\/v2\/media\/30357"}],"wp:attachment":[{"href":"https:\/\/noticiasmercedinas.com\/site\/wp-json\/wp\/v2\/media?parent=30358"}],"wp:term":[{"taxonomy":"category","embeddable":true,"href":"https:\/\/noticiasmercedinas.com\/site\/wp-json\/wp\/v2\/categories?post=30358"},{"taxonomy":"post_tag","embeddable":true,"href":"https:\/\/noticiasmercedinas.com\/site\/wp-json\/wp\/v2\/tags?post=30358"}],"curies":[{"name":"wp","href":"https:\/\/api.w.org\/{rel}","templated":true}]}}