{"id":30608,"date":"2019-10-11T19:57:11","date_gmt":"2019-10-11T22:57:11","guid":{"rendered":"https:\/\/noticiasmercedinas.com\/site\/?p=30608"},"modified":"2019-10-12T11:59:46","modified_gmt":"2019-10-12T14:59:46","slug":"opds-sigue-de-cerca-a-sigma-y-espera-que-presente-plan-de-remediacion-el-lunes-14","status":"publish","type":"post","link":"https:\/\/noticiasmercedinas.com\/site\/2019\/10\/11\/opds-sigue-de-cerca-a-sigma-y-espera-que-presente-plan-de-remediacion-el-lunes-14\/","title":{"rendered":"OPDS sigue de cerca a Sigma y espera que presente plan de remediaci\u00f3n el lunes 14"},"content":{"rendered":"<p><img loading=\"lazy\" decoding=\"async\" class=\"alignnone size-large wp-image-30609\" src=\"https:\/\/noticiasmercedinas.com\/site\/wp-content\/uploads\/2019\/10\/opds-1024x617.jpg\" alt=\"\" width=\"640\" height=\"386\" srcset=\"https:\/\/noticiasmercedinas.com\/site\/wp-content\/uploads\/2019\/10\/opds-1024x617.jpg 1024w, https:\/\/noticiasmercedinas.com\/site\/wp-content\/uploads\/2019\/10\/opds-300x181.jpg 300w, https:\/\/noticiasmercedinas.com\/site\/wp-content\/uploads\/2019\/10\/opds-768x463.jpg 768w, https:\/\/noticiasmercedinas.com\/site\/wp-content\/uploads\/2019\/10\/opds-640x386.jpg 640w, https:\/\/noticiasmercedinas.com\/site\/wp-content\/uploads\/2019\/10\/opds-681x410.jpg 681w, https:\/\/noticiasmercedinas.com\/site\/wp-content\/uploads\/2019\/10\/opds.jpg 1200w\" sizes=\"auto, (max-width: 640px) 100vw, 640px\" \/><\/p>\n<p>Este viernes en las oficinas del Organismo Provincial para el Desarrollo Sostenible (OPDS), de La Plata, este medio pudo conocer detalles de las actuaciones de este organismo de control en relaci\u00f3n al <a href=\"https:\/\/noticiasmercedinas.com\/site\/2019\/09\/27\/incendio-de-grandes-proporciones-en-planta-de-agroquimicos-de-la-verde-un-herido\/\" target=\"_blank\" rel=\"noopener noreferrer\"><strong><span style=\"color: #000080;\">incendio y derrame de contaminantes de la agroqu\u00edmica Sigma, ocurrido el 27 de septiembre pasado<\/span><\/strong><\/a>. Se trata de un tema que preocupa a la sociedad por las implicancias de su afectaci\u00f3n al medio ambiente, en lo que hace principalmente a recursos como el agua y el suelo en la zona. Desde el OPDS contaron los pasos dados y dieron a conocer que tienen varios meses de trabajo por delante. Adem\u00e1s afirmaron que no hab\u00eda denuncias previas al siniestro por contaminaci\u00f3n ante ese organismo, y que la \u00faltima inspecci\u00f3n \u2013de rutina&#8211; hab\u00eda sido en 2018. Hoy el predio est\u00e1 clausurado a toda tarea productiva y se espera la presentaci\u00f3n del plan de remediaci\u00f3n, que ser\u00e1 este lunes.<\/p>\n<p>La empresa Sigma Agro se dedica a la fabricaci\u00f3n y comercializaci\u00f3n de agroqu\u00edmicos con una planta que se combustion\u00f3 en La Verde y dep\u00f3sitos en R\u00edo Cuarto, C\u00f3rdoba; Tandil, Buenos Aires; Pehuaj\u00f3, Buenos Aires; y Cintra, C\u00f3rdoba.<\/p>\n<p>En cuanto a las actuaciones del OPDS en la planta de Ruta 42, el d\u00eda 28 &#8211;tras el incendio&#8211; constat\u00f3 el impacto directo sobre el suelo y la existencia de l\u00edquidos con productos tales como glifosato, dimetilamina, biodi\u00e9sel y paraquat, entre otros. All\u00ed, seg\u00fan informaron a este medio, dieron comienzo a las tareas de limpieza y saneamiento de los sitios contaminados, y se notific\u00f3 a la empresa del \u201cimpedimento de realizar actividad productiva alguna\u201d. Desde el OPDS indicaron que ese d\u00eda del siniestro tomaron intervenci\u00f3n, adem\u00e1s, la Superintendencia de Seguridad Siniestral de Prevenci\u00f3n Ecol\u00f3gica y Sustancias Peligrosas Delegaci\u00f3n San Mart\u00edn, y personal del municipio de Mercedes en las inspecciones.<\/p>\n<p>En tanto, ya el d\u00eda 2 de octubre el OPDS constat\u00f3 en el lugar el retiro de la empresa de 250 bidones de 1000 litros cada uno, dentro de la planta, en tanto que otra parte de esos l\u00edquidos fueron derivados para su tratamiento a la empresa Industrias Tradec SRL, que se encuentra inscrita en el <span style=\"color: #000080;\"><strong><a style=\"color: #000080;\" href=\"http:\/\/sistemas.opds.gba.gov.ar\/Establecimientos\/Manifiesto\/Consultas\/ConsultaOperadoresHabilitados.php\" target=\"_blank\" rel=\"noopener noreferrer\">Registro de Operadores de Residuos Especiales, que el OPDS tiene en su sitio web<\/a><\/strong><\/span>. Asimismo en esa fecha se solicit\u00f3 a la empresa la presentaci\u00f3n de un plan de saneamiento y el monitoreo de los pozos freatrim\u00e9tricos de la napa subterr\u00e1nea, a fin de determinar la calidad del recurso e informar los resultados. Y en esta inspecci\u00f3n tambi\u00e9n acompa\u00f1\u00f3 personal de la Municipalidad de Mercedes. \u201cDe todas formas y por protocolo, de manera preventiva, la empresa suministra bidones de agua potable a los vecinos\u201d, comentaron desde el OPDS.<\/p>\n<p>Esta semana, el d\u00eda 8 se verific\u00f3 la continuidad de los trabajos de limpieza y saneamiento, retirando l\u00edquidos y suelo contaminado, deriv\u00e1ndolos a transportistas y tratadores habilitados en la Provincia. Hubo una recorrida por la empresa en la que se constat\u00f3 \u201cacumulaci\u00f3n de gran cantidad de bidones vac\u00edos que contuvieron producto, a cielo abierto, calles internas cubiertas por una pel\u00edcula de suelo natural impregnado con producto, c\u00e1maras pluviales conteniendo l\u00edquidos con producto, dos pozos abiertos sobre suelo natural (de aproximadamente 2 metros x 2 metros x 1,5 metros de profundidad) almacenando l\u00edquido en su interior y derrames sobre suelo natural de l\u00edquidos contaminados\u201d, tal cual inform\u00f3 el OPDS.<\/p>\n<p>\u201cSe concluy\u00f3 que ante eventuales lluvias se producir\u00edan nuevos derrames por arrastre de l\u00edquidos, dif\u00edciles de retener por no existir medidas de retenci\u00f3n, pudiendo entonces impactar otros sitios aun no impactados a los que ya lo fueron\u201d, explicaron desde el OPDS y puntualizaron en ese sentido que por no exhibir la documentaci\u00f3n correspondiente al plan de remediaci\u00f3n se infraccion\u00f3 a la empresa por violar el art\u00edculo 12 de la Ley 14.343 (que regula los pasivos ambientales y sitios contaminados). En ese contexto se procedi\u00f3 a efectuar la clausura preventiva total de la empresa y se constat\u00f3 que el municipio de Mercedes hab\u00eda labrado un acta de clausura el mismo d\u00eda 27 tras el siniestro. En esta inspecci\u00f3n estuvieron funcionarios municipales y Juan Trebino, subsecretario de Fiscalizaci\u00f3n y Recomposici\u00f3n de la Secretar\u00eda de Ambiente y Desarrollo Sustentable de la Naci\u00f3n.<\/p>\n<p>Por \u00faltimo, en cuanto al accionar del OPDS, el d\u00eda 9 volvieron a Mercedes para constatar las tareas de trasvase de producto de envases afectados por el siniestro a otros nuevos, as\u00ed como el movimiento de tierra y su retiro en camiones de tratadores habilitados. En este punto aclararon que \u201cla clausura no impide la realizaci\u00f3n de tareas de limpieza y saneamiento, que consisten en el retiro de tierra y l\u00edquidos contaminados para ser tratados\u201d, pero s\u00ed \u201cla realizaci\u00f3n de \u00a0tareas productivas, trabajos de ampliaci\u00f3n u otros\u201d. Ese d\u00eda el OPDS fue notificado por la empresa Sigma de que esta presentar\u00e1 su plan de remediaci\u00f3n el venidero lunes 14 de octubre, mientras que el organismo le solicit\u00f3 informes puntuales a la empresa sobre stock de insumos, materias primas y productos terminados antes del siniestro y dio vista a 20 retiros de camiones cisterna y un cami\u00f3n de tierra por parte de Tradec SRL. Asimismo, le solicit\u00f3 a la empresa \u201cintensificar el retiro de tierra contaminada y envases vac\u00edos de productos almacenados dentro de la planta\u201d.<\/p>\n<p>Lo que esperan adem\u00e1s son resultados de estudios de pozos de vecinos cercanos a la empresa y de la calidad de aire en cuatro puntos de los alrededores a la planta.<\/p>\n<p>\u201cLa firma Sigma Agro comenz\u00f3 con la primera etapa de trabajos y contin\u00faa retirando residuos s\u00f3lidos y l\u00edquidos y asegurando lo que va quedando almacenado en el lugar a la espera de tratamiento\u201d, destacaron desde el OPDS, que ahora aguarda la presentaci\u00f3n del plan de acci\u00f3n para que informe los plazos y detalle la ejecuci\u00f3n de las etapas siguientes para ser aprobadas en el marco de la clausura impuesta y para contar con referencias para las tareas fiscalizatorias.<\/p>\n<p>\u00abCuando sepamos si finalmente despu\u00e9s de la limpieza, retiro y tratamiento, los estudios de agua y suelo detectasen alg\u00fan grado de contaminaci\u00f3n o afectaci\u00f3n que requiriese remediaci\u00f3n, ah\u00ed definir\u00edamos el plazo para la misma\u00bb, concluyeron desde el OPDS.<\/p>\n<p>En cuanto a los requerimientos para funcionar, seg\u00fan indicaron desde el OPDS a este medio, la empresa exhibi\u00f3 un certificado de habilitaci\u00f3n municipal. \u201cLa Provincia no habilita, sino que otorga los permisos ambientales para la actividad. Luego el municipio eval\u00faa eso y otras cosas y es el que habilita. Sigma tiene todo presentado en tiempo y forma en OPDS. Est\u00e1 todo en el expediente, que ahora est\u00e1 en el municipio\u201d, remarcaron.<\/p>\n","protected":false},"excerpt":{"rendered":"<p>Este viernes en las oficinas del Organismo Provincial para el Desarrollo Sostenible (OPDS), de La Plata, este medio pudo conocer detalles de las actuaciones de este organismo de control en relaci\u00f3n al incendio y derrame de contaminantes de la agroqu\u00edmica Sigma, ocurrido el 27 de septiembre pasado. Se trata de un tema que preocupa a [&hellip;]<\/p>\n","protected":false},"author":2,"featured_media":30609,"comment_status":"open","ping_status":"open","sticky":false,"template":"","format":"standard","meta":{"footnotes":""},"categories":[5754,2],"tags":[3314,6745,4944,6580,6744,6038,6258,3828,6682,6743,6638,6663],"class_list":["post-30608","post","type-post","status-publish","format-standard","has-post-thumbnail","hentry","category-medio-ambiente","category-featured","tag-agroquimicos","tag-biodiesel","tag-contaminacion","tag-derrame","tag-dimetilamina","tag-glifosato","tag-la-verde","tag-opds","tag-paraquat","tag-remediacion","tag-sigma","tag-sigma-agro"],"yoast_head":"<!-- This site is optimized with the Yoast SEO plugin v27.5 - https:\/\/yoast.com\/product\/yoast-seo-wordpress\/ -->\n<title>OPDS sigue de cerca a Sigma y espera que presente plan de remediaci\u00f3n el lunes 14<\/title>\n<meta name=\"robots\" content=\"index, follow, max-snippet:-1, max-image-preview:large, max-video-preview:-1\" \/>\n<link rel=\"canonical\" href=\"https:\/\/noticiasmercedinas.com\/site\/2019\/10\/11\/opds-sigue-de-cerca-a-sigma-y-espera-que-presente-plan-de-remediacion-el-lunes-14\/\" \/>\n<meta property=\"og:locale\" content=\"es_ES\" \/>\n<meta property=\"og:type\" content=\"article\" \/>\n<meta property=\"og:title\" content=\"OPDS sigue de cerca a Sigma y espera que presente plan de remediaci\u00f3n el lunes 14\" \/>\n<meta property=\"og:description\" content=\"Este viernes en las oficinas del Organismo Provincial para el Desarrollo Sostenible (OPDS), de La Plata, este medio pudo conocer detalles de las actuaciones de este organismo de control en relaci\u00f3n al incendio y derrame de contaminantes de la agroqu\u00edmica Sigma, ocurrido el 27 de septiembre pasado. Se trata de un tema que preocupa a [&hellip;]\" \/>\n<meta property=\"og:url\" content=\"https:\/\/noticiasmercedinas.com\/site\/2019\/10\/11\/opds-sigue-de-cerca-a-sigma-y-espera-que-presente-plan-de-remediacion-el-lunes-14\/\" \/>\n<meta property=\"og:site_name\" content=\"NOTICIASMERCEDINAS.COM\" \/>\n<meta property=\"article:publisher\" content=\"https:\/\/www.facebook.com\/noticiasmercedinas\/\" \/>\n<meta property=\"article:author\" content=\"https:\/\/www.facebook.com\/cristian.falabella\" \/>\n<meta property=\"article:published_time\" content=\"2019-10-11T22:57:11+00:00\" \/>\n<meta property=\"article:modified_time\" content=\"2019-10-12T14:59:46+00:00\" \/>\n<meta property=\"og:image\" content=\"https:\/\/noticiasmercedinas.com\/site\/wp-content\/uploads\/2019\/10\/opds.jpg\" \/>\n\t<meta property=\"og:image:width\" content=\"1200\" \/>\n\t<meta property=\"og:image:height\" content=\"723\" \/>\n\t<meta property=\"og:image:type\" content=\"image\/jpeg\" \/>\n<meta name=\"author\" content=\"Cristian Falabella NOTICIASMERCEDINAS.COM\" \/>\n<meta name=\"twitter:card\" content=\"summary_large_image\" \/>\n<meta name=\"twitter:creator\" content=\"@https:\/\/twitter.com\/NOTMERCEDINAS\" \/>\n<meta name=\"twitter:site\" content=\"@notmercedinas\" \/>\n<meta name=\"twitter:label1\" content=\"Escrito por\" \/>\n\t<meta name=\"twitter:data1\" content=\"Cristian Falabella NOTICIASMERCEDINAS.COM\" \/>\n\t<meta name=\"twitter:label2\" content=\"Tiempo de lectura\" \/>\n\t<meta name=\"twitter:data2\" content=\"6 minutos\" \/>\n<script type=\"application\/ld+json\" class=\"yoast-schema-graph\">{\"@context\":\"https:\\\/\\\/schema.org\",\"@graph\":[{\"@type\":\"Article\",\"@id\":\"https:\\\/\\\/noticiasmercedinas.com\\\/site\\\/2019\\\/10\\\/11\\\/opds-sigue-de-cerca-a-sigma-y-espera-que-presente-plan-de-remediacion-el-lunes-14\\\/#article\",\"isPartOf\":{\"@id\":\"https:\\\/\\\/noticiasmercedinas.com\\\/site\\\/2019\\\/10\\\/11\\\/opds-sigue-de-cerca-a-sigma-y-espera-que-presente-plan-de-remediacion-el-lunes-14\\\/\"},\"author\":{\"name\":\"Cristian Falabella NOTICIASMERCEDINAS.COM\",\"@id\":\"https:\\\/\\\/noticiasmercedinas.com\\\/site\\\/#\\\/schema\\\/person\\\/d481a9696a5feaec13a60e2bbd991a6a\"},\"headline\":\"OPDS sigue de cerca a Sigma y espera que presente plan de remediaci\u00f3n el lunes 14\",\"datePublished\":\"2019-10-11T22:57:11+00:00\",\"dateModified\":\"2019-10-12T14:59:46+00:00\",\"mainEntityOfPage\":{\"@id\":\"https:\\\/\\\/noticiasmercedinas.com\\\/site\\\/2019\\\/10\\\/11\\\/opds-sigue-de-cerca-a-sigma-y-espera-que-presente-plan-de-remediacion-el-lunes-14\\\/\"},\"wordCount\":1161,\"commentCount\":0,\"publisher\":{\"@id\":\"https:\\\/\\\/noticiasmercedinas.com\\\/site\\\/#organization\"},\"image\":{\"@id\":\"https:\\\/\\\/noticiasmercedinas.com\\\/site\\\/2019\\\/10\\\/11\\\/opds-sigue-de-cerca-a-sigma-y-espera-que-presente-plan-de-remediacion-el-lunes-14\\\/#primaryimage\"},\"thumbnailUrl\":\"https:\\\/\\\/noticiasmercedinas.com\\\/site\\\/wp-content\\\/uploads\\\/2019\\\/10\\\/opds.jpg\",\"keywords\":[\"Agroqu\u00edmicos\",\"biodiesel\",\"contaminacion\",\"derrame\",\"dimetilamina\",\"glifosato\",\"la verde\",\"opds\",\"paraquat\",\"remediacion\",\"sigma\",\"Sigma agro\"],\"articleSection\":[\"Ambiente\",\"Especiales\"],\"inLanguage\":\"es\",\"potentialAction\":[{\"@type\":\"CommentAction\",\"name\":\"Comment\",\"target\":[\"https:\\\/\\\/noticiasmercedinas.com\\\/site\\\/2019\\\/10\\\/11\\\/opds-sigue-de-cerca-a-sigma-y-espera-que-presente-plan-de-remediacion-el-lunes-14\\\/#respond\"]}]},{\"@type\":\"WebPage\",\"@id\":\"https:\\\/\\\/noticiasmercedinas.com\\\/site\\\/2019\\\/10\\\/11\\\/opds-sigue-de-cerca-a-sigma-y-espera-que-presente-plan-de-remediacion-el-lunes-14\\\/\",\"url\":\"https:\\\/\\\/noticiasmercedinas.com\\\/site\\\/2019\\\/10\\\/11\\\/opds-sigue-de-cerca-a-sigma-y-espera-que-presente-plan-de-remediacion-el-lunes-14\\\/\",\"name\":\"OPDS sigue de cerca a Sigma y espera que presente plan de remediaci\u00f3n el lunes 14\",\"isPartOf\":{\"@id\":\"https:\\\/\\\/noticiasmercedinas.com\\\/site\\\/#website\"},\"primaryImageOfPage\":{\"@id\":\"https:\\\/\\\/noticiasmercedinas.com\\\/site\\\/2019\\\/10\\\/11\\\/opds-sigue-de-cerca-a-sigma-y-espera-que-presente-plan-de-remediacion-el-lunes-14\\\/#primaryimage\"},\"image\":{\"@id\":\"https:\\\/\\\/noticiasmercedinas.com\\\/site\\\/2019\\\/10\\\/11\\\/opds-sigue-de-cerca-a-sigma-y-espera-que-presente-plan-de-remediacion-el-lunes-14\\\/#primaryimage\"},\"thumbnailUrl\":\"https:\\\/\\\/noticiasmercedinas.com\\\/site\\\/wp-content\\\/uploads\\\/2019\\\/10\\\/opds.jpg\",\"datePublished\":\"2019-10-11T22:57:11+00:00\",\"dateModified\":\"2019-10-12T14:59:46+00:00\",\"breadcrumb\":{\"@id\":\"https:\\\/\\\/noticiasmercedinas.com\\\/site\\\/2019\\\/10\\\/11\\\/opds-sigue-de-cerca-a-sigma-y-espera-que-presente-plan-de-remediacion-el-lunes-14\\\/#breadcrumb\"},\"inLanguage\":\"es\",\"potentialAction\":[{\"@type\":\"ReadAction\",\"target\":[\"https:\\\/\\\/noticiasmercedinas.com\\\/site\\\/2019\\\/10\\\/11\\\/opds-sigue-de-cerca-a-sigma-y-espera-que-presente-plan-de-remediacion-el-lunes-14\\\/\"]}]},{\"@type\":\"ImageObject\",\"inLanguage\":\"es\",\"@id\":\"https:\\\/\\\/noticiasmercedinas.com\\\/site\\\/2019\\\/10\\\/11\\\/opds-sigue-de-cerca-a-sigma-y-espera-que-presente-plan-de-remediacion-el-lunes-14\\\/#primaryimage\",\"url\":\"https:\\\/\\\/noticiasmercedinas.com\\\/site\\\/wp-content\\\/uploads\\\/2019\\\/10\\\/opds.jpg\",\"contentUrl\":\"https:\\\/\\\/noticiasmercedinas.com\\\/site\\\/wp-content\\\/uploads\\\/2019\\\/10\\\/opds.jpg\",\"width\":1200,\"height\":723},{\"@type\":\"BreadcrumbList\",\"@id\":\"https:\\\/\\\/noticiasmercedinas.com\\\/site\\\/2019\\\/10\\\/11\\\/opds-sigue-de-cerca-a-sigma-y-espera-que-presente-plan-de-remediacion-el-lunes-14\\\/#breadcrumb\",\"itemListElement\":[{\"@type\":\"ListItem\",\"position\":1,\"name\":\"Portada\",\"item\":\"https:\\\/\\\/noticiasmercedinas.com\\\/site\\\/\"},{\"@type\":\"ListItem\",\"position\":2,\"name\":\"OPDS sigue de cerca a Sigma y espera que presente plan de remediaci\u00f3n el lunes 14\"}]},{\"@type\":\"WebSite\",\"@id\":\"https:\\\/\\\/noticiasmercedinas.com\\\/site\\\/#website\",\"url\":\"https:\\\/\\\/noticiasmercedinas.com\\\/site\\\/\",\"name\":\"NOTICIASMERCEDINAS.COM\",\"description\":\"Mercedes, Buenos Aires, Argentina\",\"publisher\":{\"@id\":\"https:\\\/\\\/noticiasmercedinas.com\\\/site\\\/#organization\"},\"potentialAction\":[{\"@type\":\"SearchAction\",\"target\":{\"@type\":\"EntryPoint\",\"urlTemplate\":\"https:\\\/\\\/noticiasmercedinas.com\\\/site\\\/?s={search_term_string}\"},\"query-input\":{\"@type\":\"PropertyValueSpecification\",\"valueRequired\":true,\"valueName\":\"search_term_string\"}}],\"inLanguage\":\"es\"},{\"@type\":\"Organization\",\"@id\":\"https:\\\/\\\/noticiasmercedinas.com\\\/site\\\/#organization\",\"name\":\"NOTICIASMERCEDINAS.COM\",\"url\":\"https:\\\/\\\/noticiasmercedinas.com\\\/site\\\/\",\"logo\":{\"@type\":\"ImageObject\",\"inLanguage\":\"es\",\"@id\":\"https:\\\/\\\/noticiasmercedinas.com\\\/site\\\/#\\\/schema\\\/logo\\\/image\\\/\",\"url\":\"https:\\\/\\\/noticiasmercedinas.com\\\/site\\\/wp-content\\\/uploads\\\/2020\\\/06\\\/LOGO-512.jpg\",\"contentUrl\":\"https:\\\/\\\/noticiasmercedinas.com\\\/site\\\/wp-content\\\/uploads\\\/2020\\\/06\\\/LOGO-512.jpg\",\"width\":512,\"height\":512,\"caption\":\"NOTICIASMERCEDINAS.COM\"},\"image\":{\"@id\":\"https:\\\/\\\/noticiasmercedinas.com\\\/site\\\/#\\\/schema\\\/logo\\\/image\\\/\"},\"sameAs\":[\"https:\\\/\\\/www.facebook.com\\\/noticiasmercedinas\\\/\",\"https:\\\/\\\/x.com\\\/notmercedinas\",\"https:\\\/\\\/www.instagram.com\\\/noticiasmercedinas\\\/\"]},{\"@type\":\"Person\",\"@id\":\"https:\\\/\\\/noticiasmercedinas.com\\\/site\\\/#\\\/schema\\\/person\\\/d481a9696a5feaec13a60e2bbd991a6a\",\"name\":\"Cristian Falabella NOTICIASMERCEDINAS.COM\",\"image\":{\"@type\":\"ImageObject\",\"inLanguage\":\"es\",\"@id\":\"https:\\\/\\\/secure.gravatar.com\\\/avatar\\\/0dbbfc45970cc46bcd0e57766228574ff3511d6eed045b182f536f0f478c1f06?s=96&d=mm&r=g\",\"url\":\"https:\\\/\\\/secure.gravatar.com\\\/avatar\\\/0dbbfc45970cc46bcd0e57766228574ff3511d6eed045b182f536f0f478c1f06?s=96&d=mm&r=g\",\"contentUrl\":\"https:\\\/\\\/secure.gravatar.com\\\/avatar\\\/0dbbfc45970cc46bcd0e57766228574ff3511d6eed045b182f536f0f478c1f06?s=96&d=mm&r=g\",\"caption\":\"Cristian Falabella NOTICIASMERCEDINAS.COM\"},\"description\":\"Periodista, editor de Noticias Mercedinas. Pas\u00f3 por varias redacciones y emprendimientos de prensa, en distintos formatos y \u00e9pocas. Se especializ\u00f3 --y sigue haci\u00e9ndolo-- en comunicaci\u00f3n en la web y en junio de 2006 fund\u00f3 este diario digital.\",\"sameAs\":[\"https:\\\/\\\/noticiasmercedinas.com\",\"https:\\\/\\\/www.facebook.com\\\/cristian.falabella\",\"https:\\\/\\\/www.instagram.com\\\/noticiasmercedinas\\\/\",\"https:\\\/\\\/x.com\\\/https:\\\/\\\/twitter.com\\\/NOTMERCEDINAS\"],\"url\":\"https:\\\/\\\/noticiasmercedinas.com\\\/site\\\/author\\\/as000384\\\/\"}]}<\/script>\n<!-- \/ Yoast SEO plugin. -->","yoast_head_json":{"title":"OPDS sigue de cerca a Sigma y espera que presente plan de remediaci\u00f3n el lunes 14","robots":{"index":"index","follow":"follow","max-snippet":"max-snippet:-1","max-image-preview":"max-image-preview:large","max-video-preview":"max-video-preview:-1"},"canonical":"https:\/\/noticiasmercedinas.com\/site\/2019\/10\/11\/opds-sigue-de-cerca-a-sigma-y-espera-que-presente-plan-de-remediacion-el-lunes-14\/","og_locale":"es_ES","og_type":"article","og_title":"OPDS sigue de cerca a Sigma y espera que presente plan de remediaci\u00f3n el lunes 14","og_description":"Este viernes en las oficinas del Organismo Provincial para el Desarrollo Sostenible (OPDS), de La Plata, este medio pudo conocer detalles de las actuaciones de este organismo de control en relaci\u00f3n al incendio y derrame de contaminantes de la agroqu\u00edmica Sigma, ocurrido el 27 de septiembre pasado. Se trata de un tema que preocupa a [&hellip;]","og_url":"https:\/\/noticiasmercedinas.com\/site\/2019\/10\/11\/opds-sigue-de-cerca-a-sigma-y-espera-que-presente-plan-de-remediacion-el-lunes-14\/","og_site_name":"NOTICIASMERCEDINAS.COM","article_publisher":"https:\/\/www.facebook.com\/noticiasmercedinas\/","article_author":"https:\/\/www.facebook.com\/cristian.falabella","article_published_time":"2019-10-11T22:57:11+00:00","article_modified_time":"2019-10-12T14:59:46+00:00","og_image":[{"width":1200,"height":723,"url":"https:\/\/noticiasmercedinas.com\/site\/wp-content\/uploads\/2019\/10\/opds.jpg","type":"image\/jpeg"}],"author":"Cristian Falabella NOTICIASMERCEDINAS.COM","twitter_card":"summary_large_image","twitter_creator":"@https:\/\/twitter.com\/NOTMERCEDINAS","twitter_site":"@notmercedinas","twitter_misc":{"Escrito por":"Cristian Falabella NOTICIASMERCEDINAS.COM","Tiempo de lectura":"6 minutos"},"schema":{"@context":"https:\/\/schema.org","@graph":[{"@type":"Article","@id":"https:\/\/noticiasmercedinas.com\/site\/2019\/10\/11\/opds-sigue-de-cerca-a-sigma-y-espera-que-presente-plan-de-remediacion-el-lunes-14\/#article","isPartOf":{"@id":"https:\/\/noticiasmercedinas.com\/site\/2019\/10\/11\/opds-sigue-de-cerca-a-sigma-y-espera-que-presente-plan-de-remediacion-el-lunes-14\/"},"author":{"name":"Cristian Falabella NOTICIASMERCEDINAS.COM","@id":"https:\/\/noticiasmercedinas.com\/site\/#\/schema\/person\/d481a9696a5feaec13a60e2bbd991a6a"},"headline":"OPDS sigue de cerca a Sigma y espera que presente plan de remediaci\u00f3n el lunes 14","datePublished":"2019-10-11T22:57:11+00:00","dateModified":"2019-10-12T14:59:46+00:00","mainEntityOfPage":{"@id":"https:\/\/noticiasmercedinas.com\/site\/2019\/10\/11\/opds-sigue-de-cerca-a-sigma-y-espera-que-presente-plan-de-remediacion-el-lunes-14\/"},"wordCount":1161,"commentCount":0,"publisher":{"@id":"https:\/\/noticiasmercedinas.com\/site\/#organization"},"image":{"@id":"https:\/\/noticiasmercedinas.com\/site\/2019\/10\/11\/opds-sigue-de-cerca-a-sigma-y-espera-que-presente-plan-de-remediacion-el-lunes-14\/#primaryimage"},"thumbnailUrl":"https:\/\/noticiasmercedinas.com\/site\/wp-content\/uploads\/2019\/10\/opds.jpg","keywords":["Agroqu\u00edmicos","biodiesel","contaminacion","derrame","dimetilamina","glifosato","la verde","opds","paraquat","remediacion","sigma","Sigma agro"],"articleSection":["Ambiente","Especiales"],"inLanguage":"es","potentialAction":[{"@type":"CommentAction","name":"Comment","target":["https:\/\/noticiasmercedinas.com\/site\/2019\/10\/11\/opds-sigue-de-cerca-a-sigma-y-espera-que-presente-plan-de-remediacion-el-lunes-14\/#respond"]}]},{"@type":"WebPage","@id":"https:\/\/noticiasmercedinas.com\/site\/2019\/10\/11\/opds-sigue-de-cerca-a-sigma-y-espera-que-presente-plan-de-remediacion-el-lunes-14\/","url":"https:\/\/noticiasmercedinas.com\/site\/2019\/10\/11\/opds-sigue-de-cerca-a-sigma-y-espera-que-presente-plan-de-remediacion-el-lunes-14\/","name":"OPDS sigue de cerca a Sigma y espera que presente plan de remediaci\u00f3n el lunes 14","isPartOf":{"@id":"https:\/\/noticiasmercedinas.com\/site\/#website"},"primaryImageOfPage":{"@id":"https:\/\/noticiasmercedinas.com\/site\/2019\/10\/11\/opds-sigue-de-cerca-a-sigma-y-espera-que-presente-plan-de-remediacion-el-lunes-14\/#primaryimage"},"image":{"@id":"https:\/\/noticiasmercedinas.com\/site\/2019\/10\/11\/opds-sigue-de-cerca-a-sigma-y-espera-que-presente-plan-de-remediacion-el-lunes-14\/#primaryimage"},"thumbnailUrl":"https:\/\/noticiasmercedinas.com\/site\/wp-content\/uploads\/2019\/10\/opds.jpg","datePublished":"2019-10-11T22:57:11+00:00","dateModified":"2019-10-12T14:59:46+00:00","breadcrumb":{"@id":"https:\/\/noticiasmercedinas.com\/site\/2019\/10\/11\/opds-sigue-de-cerca-a-sigma-y-espera-que-presente-plan-de-remediacion-el-lunes-14\/#breadcrumb"},"inLanguage":"es","potentialAction":[{"@type":"ReadAction","target":["https:\/\/noticiasmercedinas.com\/site\/2019\/10\/11\/opds-sigue-de-cerca-a-sigma-y-espera-que-presente-plan-de-remediacion-el-lunes-14\/"]}]},{"@type":"ImageObject","inLanguage":"es","@id":"https:\/\/noticiasmercedinas.com\/site\/2019\/10\/11\/opds-sigue-de-cerca-a-sigma-y-espera-que-presente-plan-de-remediacion-el-lunes-14\/#primaryimage","url":"https:\/\/noticiasmercedinas.com\/site\/wp-content\/uploads\/2019\/10\/opds.jpg","contentUrl":"https:\/\/noticiasmercedinas.com\/site\/wp-content\/uploads\/2019\/10\/opds.jpg","width":1200,"height":723},{"@type":"BreadcrumbList","@id":"https:\/\/noticiasmercedinas.com\/site\/2019\/10\/11\/opds-sigue-de-cerca-a-sigma-y-espera-que-presente-plan-de-remediacion-el-lunes-14\/#breadcrumb","itemListElement":[{"@type":"ListItem","position":1,"name":"Portada","item":"https:\/\/noticiasmercedinas.com\/site\/"},{"@type":"ListItem","position":2,"name":"OPDS sigue de cerca a Sigma y espera que presente plan de remediaci\u00f3n el lunes 14"}]},{"@type":"WebSite","@id":"https:\/\/noticiasmercedinas.com\/site\/#website","url":"https:\/\/noticiasmercedinas.com\/site\/","name":"NOTICIASMERCEDINAS.COM","description":"Mercedes, Buenos Aires, Argentina","publisher":{"@id":"https:\/\/noticiasmercedinas.com\/site\/#organization"},"potentialAction":[{"@type":"SearchAction","target":{"@type":"EntryPoint","urlTemplate":"https:\/\/noticiasmercedinas.com\/site\/?s={search_term_string}"},"query-input":{"@type":"PropertyValueSpecification","valueRequired":true,"valueName":"search_term_string"}}],"inLanguage":"es"},{"@type":"Organization","@id":"https:\/\/noticiasmercedinas.com\/site\/#organization","name":"NOTICIASMERCEDINAS.COM","url":"https:\/\/noticiasmercedinas.com\/site\/","logo":{"@type":"ImageObject","inLanguage":"es","@id":"https:\/\/noticiasmercedinas.com\/site\/#\/schema\/logo\/image\/","url":"https:\/\/noticiasmercedinas.com\/site\/wp-content\/uploads\/2020\/06\/LOGO-512.jpg","contentUrl":"https:\/\/noticiasmercedinas.com\/site\/wp-content\/uploads\/2020\/06\/LOGO-512.jpg","width":512,"height":512,"caption":"NOTICIASMERCEDINAS.COM"},"image":{"@id":"https:\/\/noticiasmercedinas.com\/site\/#\/schema\/logo\/image\/"},"sameAs":["https:\/\/www.facebook.com\/noticiasmercedinas\/","https:\/\/x.com\/notmercedinas","https:\/\/www.instagram.com\/noticiasmercedinas\/"]},{"@type":"Person","@id":"https:\/\/noticiasmercedinas.com\/site\/#\/schema\/person\/d481a9696a5feaec13a60e2bbd991a6a","name":"Cristian Falabella NOTICIASMERCEDINAS.COM","image":{"@type":"ImageObject","inLanguage":"es","@id":"https:\/\/secure.gravatar.com\/avatar\/0dbbfc45970cc46bcd0e57766228574ff3511d6eed045b182f536f0f478c1f06?s=96&d=mm&r=g","url":"https:\/\/secure.gravatar.com\/avatar\/0dbbfc45970cc46bcd0e57766228574ff3511d6eed045b182f536f0f478c1f06?s=96&d=mm&r=g","contentUrl":"https:\/\/secure.gravatar.com\/avatar\/0dbbfc45970cc46bcd0e57766228574ff3511d6eed045b182f536f0f478c1f06?s=96&d=mm&r=g","caption":"Cristian Falabella NOTICIASMERCEDINAS.COM"},"description":"Periodista, editor de Noticias Mercedinas. Pas\u00f3 por varias redacciones y emprendimientos de prensa, en distintos formatos y \u00e9pocas. Se especializ\u00f3 --y sigue haci\u00e9ndolo-- en comunicaci\u00f3n en la web y en junio de 2006 fund\u00f3 este diario digital.","sameAs":["https:\/\/noticiasmercedinas.com","https:\/\/www.facebook.com\/cristian.falabella","https:\/\/www.instagram.com\/noticiasmercedinas\/","https:\/\/x.com\/https:\/\/twitter.com\/NOTMERCEDINAS"],"url":"https:\/\/noticiasmercedinas.com\/site\/author\/as000384\/"}]}},"amp_enabled":true,"_links":{"self":[{"href":"https:\/\/noticiasmercedinas.com\/site\/wp-json\/wp\/v2\/posts\/30608","targetHints":{"allow":["GET"]}}],"collection":[{"href":"https:\/\/noticiasmercedinas.com\/site\/wp-json\/wp\/v2\/posts"}],"about":[{"href":"https:\/\/noticiasmercedinas.com\/site\/wp-json\/wp\/v2\/types\/post"}],"author":[{"embeddable":true,"href":"https:\/\/noticiasmercedinas.com\/site\/wp-json\/wp\/v2\/users\/2"}],"replies":[{"embeddable":true,"href":"https:\/\/noticiasmercedinas.com\/site\/wp-json\/wp\/v2\/comments?post=30608"}],"version-history":[{"count":5,"href":"https:\/\/noticiasmercedinas.com\/site\/wp-json\/wp\/v2\/posts\/30608\/revisions"}],"predecessor-version":[{"id":30634,"href":"https:\/\/noticiasmercedinas.com\/site\/wp-json\/wp\/v2\/posts\/30608\/revisions\/30634"}],"wp:featuredmedia":[{"embeddable":true,"href":"https:\/\/noticiasmercedinas.com\/site\/wp-json\/wp\/v2\/media\/30609"}],"wp:attachment":[{"href":"https:\/\/noticiasmercedinas.com\/site\/wp-json\/wp\/v2\/media?parent=30608"}],"wp:term":[{"taxonomy":"category","embeddable":true,"href":"https:\/\/noticiasmercedinas.com\/site\/wp-json\/wp\/v2\/categories?post=30608"},{"taxonomy":"post_tag","embeddable":true,"href":"https:\/\/noticiasmercedinas.com\/site\/wp-json\/wp\/v2\/tags?post=30608"}],"curies":[{"name":"wp","href":"https:\/\/api.w.org\/{rel}","templated":true}]}}