{"id":3066,"date":"2018-09-28T10:31:51","date_gmt":"2018-09-28T13:31:51","guid":{"rendered":"https:\/\/noticiasmercedinas.com\/site\/?p=3066"},"modified":"2018-09-28T15:39:42","modified_gmt":"2018-09-28T18:39:42","slug":"mammusic-sera-puratierra","status":"publish","type":"post","link":"https:\/\/noticiasmercedinas.com\/site\/2018\/09\/28\/mammusic-sera-puratierra\/","title":{"rendered":"MAMMusic ser\u00e1 Puratierra"},"content":{"rendered":"<p style=\"font-weight: 400;\"><strong>El domingo 7 de octubre tocar\u00e1 Puratierra en el ciclo de ac\u00fasticos del Museo de Arte. El grupo de M\u00fasica Latinoamericana seguir\u00e1 presentando su primer disco y adelantar\u00e1 lo que se viene en materia musical. El evento, de entrada libre y gratuita, ya tiene vida propia y es uno de los m\u00e1s esperados de cada mes.<br \/>\n<\/strong><em>\u00a0<img loading=\"lazy\" decoding=\"async\" class=\"alignnone size-large wp-image-3070\" src=\"https:\/\/noticiasmercedinas.com\/site\/wp-content\/uploads\/2018\/09\/Puratierra-Flyer-final-1-724x1024.jpg\" alt=\"\" width=\"640\" height=\"905\" srcset=\"https:\/\/noticiasmercedinas.com\/site\/wp-content\/uploads\/2018\/09\/Puratierra-Flyer-final-1-724x1024.jpg 724w, https:\/\/noticiasmercedinas.com\/site\/wp-content\/uploads\/2018\/09\/Puratierra-Flyer-final-1-212x300.jpg 212w, https:\/\/noticiasmercedinas.com\/site\/wp-content\/uploads\/2018\/09\/Puratierra-Flyer-final-1-768x1086.jpg 768w, https:\/\/noticiasmercedinas.com\/site\/wp-content\/uploads\/2018\/09\/Puratierra-Flyer-final-1-640x905.jpg 640w, https:\/\/noticiasmercedinas.com\/site\/wp-content\/uploads\/2018\/09\/Puratierra-Flyer-final-1-1280x1810.jpg 1280w, https:\/\/noticiasmercedinas.com\/site\/wp-content\/uploads\/2018\/09\/Puratierra-Flyer-final-1-681x963.jpg 681w, https:\/\/noticiasmercedinas.com\/site\/wp-content\/uploads\/2018\/09\/Puratierra-Flyer-final-1-1362x1926.jpg 1362w, https:\/\/noticiasmercedinas.com\/site\/wp-content\/uploads\/2018\/09\/Puratierra-Flyer-final-1.jpg 1754w\" sizes=\"auto, (max-width: 640px) 100vw, 640px\" \/><\/em><\/p>\n<p style=\"font-weight: 400;\">Vuelve al Museo de Arte el ciclo de ac\u00fasticos MAMMusic, organizado y producido por el equipo de trabajo del espacio cultural, con el apoyo incondicional de las Direcciones de Cultura y Prensa de la Municipalidad de Mercedes.<\/p>\n<p style=\"font-weight: 400;\">Luego de un intervalo en el que se llev\u00f3 adelante las Fiesta Nacional de Salame Quintero, el evento musical vuelve a ser protagonista luego de dos shows memorables a sala llena durante los meses de Julio y Agosto.<\/p>\n<p style=\"font-weight: 400;\">Para esta edici\u00f3n de octubre, subir\u00e1n al escenario los Puratierra, un grupo de m\u00fasica con ra\u00edces latinoamericanas que convive a la perfecci\u00f3n con la poes\u00eda libre y celosamente cuidada que propone desde su pluma Esteban Ismael, guitarra y voz de este pu\u00f1ado de corazones en forma de canci\u00f3n que naci\u00f3 en el ocaso de 2016 en nuestra ciudad y que cuenta con una primera producci\u00f3n discogr\u00e1fica independiente llamada \u201cFruto de esperanza\u201d. En ella se escucha vibrar el amor que desparraman los acordes c\u00e1lidos de composiciones como \u201cMandela\u201d, \u201cCerca de ti\u201d o \u201cCuando brille el sol\u201d, de los mism\u00edsimos Puratierra, aunque tambi\u00e9n proponen, en ese primer disco, grandes canciones de Rub\u00e9n Blades, Alberto Mu\u00f1oz, Inti Illimani y Son de Madera para dar un contexto de vida y estilo compartido con el latir musical de este costado del mundo.<\/p>\n<p style=\"font-weight: 400;\">Junto a Laura Ferrero, en voz, el ex guitarrista de \u201cLos Nadies\u201d comparte formaci\u00f3n con Maxi Rodr\u00edguez en percusi\u00f3n y Javier Mazzota en viol\u00edn. Los cuatro m\u00e1s algunos \u00a0invitados especiales, subir\u00e1n al escenario del MAMM en medio de la grabaci\u00f3n de su segunda placa discogr\u00e1fica que ya empezaron a grabar en los m\u00edticos y legendarios Estudios Ion, por donde pasaron, entre otros, Charly Garc\u00eda, RIFF, Ser\u00fa Gir\u00e1n, Le\u00f3n Gieco y Pez, por nombrar s\u00f3lo algunos grandes artistas de nuestro pa\u00eds.<\/p>\n<p style=\"font-weight: 400;\">El MAMMusic, que viene en constante crecimiento, es un espacio nacido para la promoci\u00f3n y difusi\u00f3n de emprendimientos de formato ac\u00fastico que buscan un lugar donde mostrar su trabajo. Por eso, el pr\u00f3ximo domingo 7 de octubre, a las 19 en el Museo de Arte de la Municipalidad de Mercedes y con entrada libre y gratuita, los Puratierra sumar\u00e1n un nuevo escenario en el recorrido musical que los ha llevado por diversos reductos de Capital Federal y alrededores, adem\u00e1s de la presentaci\u00f3n oficial en FM Folkl\u00f3rica de Radio Nacional en noviembre de 2016.<\/p>\n<p style=\"font-weight: 400;\">Con las puertas abiertas, el equipo del MUMMusic estar\u00e1 esperando un nuevo show que ser\u00e1, sin dudas, tan inolvidable como los que, hasta ahora, se han ofrecido dentro del ciclo.<\/p>\n","protected":false},"excerpt":{"rendered":"<p>El domingo 7 de octubre tocar\u00e1 Puratierra en el ciclo de ac\u00fasticos del Museo de Arte. El grupo de M\u00fasica Latinoamericana seguir\u00e1 presentando su primer disco y adelantar\u00e1 lo que se viene en materia musical. El evento, de entrada libre y gratuita, ya tiene vida propia y es uno de los m\u00e1s esperados de cada [&hellip;]<\/p>\n","protected":false},"author":2,"featured_media":3070,"comment_status":"open","ping_status":"open","sticky":false,"template":"","format":"standard","meta":{"footnotes":""},"categories":[4],"tags":[1066,87,88,1065],"class_list":["post-3066","post","type-post","status-publish","format-standard","has-post-thumbnail","hentry","category-cultura","tag-mamm-music","tag-museo-de-arte","tag-musica","tag-puratierra"],"yoast_head":"<!-- This site is optimized with the Yoast SEO plugin v27.5 - https:\/\/yoast.com\/product\/yoast-seo-wordpress\/ -->\n<title>MAMMusic ser\u00e1 Puratierra<\/title>\n<meta name=\"robots\" content=\"index, follow, max-snippet:-1, max-image-preview:large, max-video-preview:-1\" \/>\n<link rel=\"canonical\" href=\"https:\/\/noticiasmercedinas.com\/site\/2018\/09\/28\/mammusic-sera-puratierra\/\" \/>\n<meta property=\"og:locale\" content=\"es_ES\" \/>\n<meta property=\"og:type\" content=\"article\" \/>\n<meta property=\"og:title\" content=\"MAMMusic ser\u00e1 Puratierra\" \/>\n<meta property=\"og:description\" content=\"El domingo 7 de octubre tocar\u00e1 Puratierra en el ciclo de ac\u00fasticos del Museo de Arte. El grupo de M\u00fasica Latinoamericana seguir\u00e1 presentando su primer disco y adelantar\u00e1 lo que se viene en materia musical. El evento, de entrada libre y gratuita, ya tiene vida propia y es uno de los m\u00e1s esperados de cada [&hellip;]\" \/>\n<meta property=\"og:url\" content=\"https:\/\/noticiasmercedinas.com\/site\/2018\/09\/28\/mammusic-sera-puratierra\/\" \/>\n<meta property=\"og:site_name\" content=\"NOTICIASMERCEDINAS.COM\" \/>\n<meta property=\"article:publisher\" content=\"https:\/\/www.facebook.com\/noticiasmercedinas\/\" \/>\n<meta property=\"article:author\" content=\"https:\/\/www.facebook.com\/cristian.falabella\" \/>\n<meta property=\"article:published_time\" content=\"2018-09-28T13:31:51+00:00\" \/>\n<meta property=\"article:modified_time\" content=\"2018-09-28T18:39:42+00:00\" \/>\n<meta property=\"og:image\" content=\"https:\/\/noticiasmercedinas.com\/site\/wp-content\/uploads\/2018\/09\/Puratierra-Flyer-final-1.jpg\" \/>\n\t<meta property=\"og:image:width\" content=\"1754\" \/>\n\t<meta property=\"og:image:height\" content=\"2480\" \/>\n\t<meta property=\"og:image:type\" content=\"image\/jpeg\" \/>\n<meta name=\"author\" content=\"Cristian Falabella NOTICIASMERCEDINAS.COM\" \/>\n<meta name=\"twitter:card\" content=\"summary_large_image\" \/>\n<meta name=\"twitter:creator\" content=\"@https:\/\/twitter.com\/NOTMERCEDINAS\" \/>\n<meta name=\"twitter:site\" content=\"@notmercedinas\" \/>\n<meta name=\"twitter:label1\" content=\"Escrito por\" \/>\n\t<meta name=\"twitter:data1\" content=\"Cristian Falabella NOTICIASMERCEDINAS.COM\" \/>\n\t<meta name=\"twitter:label2\" content=\"Tiempo de lectura\" \/>\n\t<meta name=\"twitter:data2\" content=\"3 minutos\" \/>\n<script type=\"application\/ld+json\" class=\"yoast-schema-graph\">{\"@context\":\"https:\\\/\\\/schema.org\",\"@graph\":[{\"@type\":\"Article\",\"@id\":\"https:\\\/\\\/noticiasmercedinas.com\\\/site\\\/2018\\\/09\\\/28\\\/mammusic-sera-puratierra\\\/#article\",\"isPartOf\":{\"@id\":\"https:\\\/\\\/noticiasmercedinas.com\\\/site\\\/2018\\\/09\\\/28\\\/mammusic-sera-puratierra\\\/\"},\"author\":{\"name\":\"Cristian Falabella NOTICIASMERCEDINAS.COM\",\"@id\":\"https:\\\/\\\/noticiasmercedinas.com\\\/site\\\/#\\\/schema\\\/person\\\/d481a9696a5feaec13a60e2bbd991a6a\"},\"headline\":\"MAMMusic ser\u00e1 Puratierra\",\"datePublished\":\"2018-09-28T13:31:51+00:00\",\"dateModified\":\"2018-09-28T18:39:42+00:00\",\"mainEntityOfPage\":{\"@id\":\"https:\\\/\\\/noticiasmercedinas.com\\\/site\\\/2018\\\/09\\\/28\\\/mammusic-sera-puratierra\\\/\"},\"wordCount\":510,\"commentCount\":0,\"publisher\":{\"@id\":\"https:\\\/\\\/noticiasmercedinas.com\\\/site\\\/#organization\"},\"image\":{\"@id\":\"https:\\\/\\\/noticiasmercedinas.com\\\/site\\\/2018\\\/09\\\/28\\\/mammusic-sera-puratierra\\\/#primaryimage\"},\"thumbnailUrl\":\"https:\\\/\\\/noticiasmercedinas.com\\\/site\\\/wp-content\\\/uploads\\\/2018\\\/09\\\/Puratierra-Flyer-final-1.jpg\",\"keywords\":[\"mamm music\",\"museo de arte\",\"musica\",\"puratierra\"],\"articleSection\":[\"Cultura\"],\"inLanguage\":\"es\",\"potentialAction\":[{\"@type\":\"CommentAction\",\"name\":\"Comment\",\"target\":[\"https:\\\/\\\/noticiasmercedinas.com\\\/site\\\/2018\\\/09\\\/28\\\/mammusic-sera-puratierra\\\/#respond\"]}]},{\"@type\":\"WebPage\",\"@id\":\"https:\\\/\\\/noticiasmercedinas.com\\\/site\\\/2018\\\/09\\\/28\\\/mammusic-sera-puratierra\\\/\",\"url\":\"https:\\\/\\\/noticiasmercedinas.com\\\/site\\\/2018\\\/09\\\/28\\\/mammusic-sera-puratierra\\\/\",\"name\":\"MAMMusic ser\u00e1 Puratierra\",\"isPartOf\":{\"@id\":\"https:\\\/\\\/noticiasmercedinas.com\\\/site\\\/#website\"},\"primaryImageOfPage\":{\"@id\":\"https:\\\/\\\/noticiasmercedinas.com\\\/site\\\/2018\\\/09\\\/28\\\/mammusic-sera-puratierra\\\/#primaryimage\"},\"image\":{\"@id\":\"https:\\\/\\\/noticiasmercedinas.com\\\/site\\\/2018\\\/09\\\/28\\\/mammusic-sera-puratierra\\\/#primaryimage\"},\"thumbnailUrl\":\"https:\\\/\\\/noticiasmercedinas.com\\\/site\\\/wp-content\\\/uploads\\\/2018\\\/09\\\/Puratierra-Flyer-final-1.jpg\",\"datePublished\":\"2018-09-28T13:31:51+00:00\",\"dateModified\":\"2018-09-28T18:39:42+00:00\",\"breadcrumb\":{\"@id\":\"https:\\\/\\\/noticiasmercedinas.com\\\/site\\\/2018\\\/09\\\/28\\\/mammusic-sera-puratierra\\\/#breadcrumb\"},\"inLanguage\":\"es\",\"potentialAction\":[{\"@type\":\"ReadAction\",\"target\":[\"https:\\\/\\\/noticiasmercedinas.com\\\/site\\\/2018\\\/09\\\/28\\\/mammusic-sera-puratierra\\\/\"]}]},{\"@type\":\"ImageObject\",\"inLanguage\":\"es\",\"@id\":\"https:\\\/\\\/noticiasmercedinas.com\\\/site\\\/2018\\\/09\\\/28\\\/mammusic-sera-puratierra\\\/#primaryimage\",\"url\":\"https:\\\/\\\/noticiasmercedinas.com\\\/site\\\/wp-content\\\/uploads\\\/2018\\\/09\\\/Puratierra-Flyer-final-1.jpg\",\"contentUrl\":\"https:\\\/\\\/noticiasmercedinas.com\\\/site\\\/wp-content\\\/uploads\\\/2018\\\/09\\\/Puratierra-Flyer-final-1.jpg\",\"width\":1754,\"height\":2480},{\"@type\":\"BreadcrumbList\",\"@id\":\"https:\\\/\\\/noticiasmercedinas.com\\\/site\\\/2018\\\/09\\\/28\\\/mammusic-sera-puratierra\\\/#breadcrumb\",\"itemListElement\":[{\"@type\":\"ListItem\",\"position\":1,\"name\":\"Portada\",\"item\":\"https:\\\/\\\/noticiasmercedinas.com\\\/site\\\/\"},{\"@type\":\"ListItem\",\"position\":2,\"name\":\"MAMMusic ser\u00e1 Puratierra\"}]},{\"@type\":\"WebSite\",\"@id\":\"https:\\\/\\\/noticiasmercedinas.com\\\/site\\\/#website\",\"url\":\"https:\\\/\\\/noticiasmercedinas.com\\\/site\\\/\",\"name\":\"NOTICIASMERCEDINAS.COM\",\"description\":\"Mercedes, Buenos Aires, Argentina\",\"publisher\":{\"@id\":\"https:\\\/\\\/noticiasmercedinas.com\\\/site\\\/#organization\"},\"potentialAction\":[{\"@type\":\"SearchAction\",\"target\":{\"@type\":\"EntryPoint\",\"urlTemplate\":\"https:\\\/\\\/noticiasmercedinas.com\\\/site\\\/?s={search_term_string}\"},\"query-input\":{\"@type\":\"PropertyValueSpecification\",\"valueRequired\":true,\"valueName\":\"search_term_string\"}}],\"inLanguage\":\"es\"},{\"@type\":\"Organization\",\"@id\":\"https:\\\/\\\/noticiasmercedinas.com\\\/site\\\/#organization\",\"name\":\"NOTICIASMERCEDINAS.COM\",\"url\":\"https:\\\/\\\/noticiasmercedinas.com\\\/site\\\/\",\"logo\":{\"@type\":\"ImageObject\",\"inLanguage\":\"es\",\"@id\":\"https:\\\/\\\/noticiasmercedinas.com\\\/site\\\/#\\\/schema\\\/logo\\\/image\\\/\",\"url\":\"https:\\\/\\\/noticiasmercedinas.com\\\/site\\\/wp-content\\\/uploads\\\/2020\\\/06\\\/LOGO-512.jpg\",\"contentUrl\":\"https:\\\/\\\/noticiasmercedinas.com\\\/site\\\/wp-content\\\/uploads\\\/2020\\\/06\\\/LOGO-512.jpg\",\"width\":512,\"height\":512,\"caption\":\"NOTICIASMERCEDINAS.COM\"},\"image\":{\"@id\":\"https:\\\/\\\/noticiasmercedinas.com\\\/site\\\/#\\\/schema\\\/logo\\\/image\\\/\"},\"sameAs\":[\"https:\\\/\\\/www.facebook.com\\\/noticiasmercedinas\\\/\",\"https:\\\/\\\/x.com\\\/notmercedinas\",\"https:\\\/\\\/www.instagram.com\\\/noticiasmercedinas\\\/\"]},{\"@type\":\"Person\",\"@id\":\"https:\\\/\\\/noticiasmercedinas.com\\\/site\\\/#\\\/schema\\\/person\\\/d481a9696a5feaec13a60e2bbd991a6a\",\"name\":\"Cristian Falabella NOTICIASMERCEDINAS.COM\",\"image\":{\"@type\":\"ImageObject\",\"inLanguage\":\"es\",\"@id\":\"https:\\\/\\\/secure.gravatar.com\\\/avatar\\\/0dbbfc45970cc46bcd0e57766228574ff3511d6eed045b182f536f0f478c1f06?s=96&d=mm&r=g\",\"url\":\"https:\\\/\\\/secure.gravatar.com\\\/avatar\\\/0dbbfc45970cc46bcd0e57766228574ff3511d6eed045b182f536f0f478c1f06?s=96&d=mm&r=g\",\"contentUrl\":\"https:\\\/\\\/secure.gravatar.com\\\/avatar\\\/0dbbfc45970cc46bcd0e57766228574ff3511d6eed045b182f536f0f478c1f06?s=96&d=mm&r=g\",\"caption\":\"Cristian Falabella NOTICIASMERCEDINAS.COM\"},\"description\":\"Periodista, editor de Noticias Mercedinas. Pas\u00f3 por varias redacciones y emprendimientos de prensa, en distintos formatos y \u00e9pocas. Se especializ\u00f3 --y sigue haci\u00e9ndolo-- en comunicaci\u00f3n en la web y en junio de 2006 fund\u00f3 este diario digital.\",\"sameAs\":[\"https:\\\/\\\/noticiasmercedinas.com\",\"https:\\\/\\\/www.facebook.com\\\/cristian.falabella\",\"https:\\\/\\\/www.instagram.com\\\/noticiasmercedinas\\\/\",\"https:\\\/\\\/x.com\\\/https:\\\/\\\/twitter.com\\\/NOTMERCEDINAS\"],\"url\":\"https:\\\/\\\/noticiasmercedinas.com\\\/site\\\/author\\\/as000384\\\/\"}]}<\/script>\n<!-- \/ Yoast SEO plugin. -->","yoast_head_json":{"title":"MAMMusic ser\u00e1 Puratierra","robots":{"index":"index","follow":"follow","max-snippet":"max-snippet:-1","max-image-preview":"max-image-preview:large","max-video-preview":"max-video-preview:-1"},"canonical":"https:\/\/noticiasmercedinas.com\/site\/2018\/09\/28\/mammusic-sera-puratierra\/","og_locale":"es_ES","og_type":"article","og_title":"MAMMusic ser\u00e1 Puratierra","og_description":"El domingo 7 de octubre tocar\u00e1 Puratierra en el ciclo de ac\u00fasticos del Museo de Arte. El grupo de M\u00fasica Latinoamericana seguir\u00e1 presentando su primer disco y adelantar\u00e1 lo que se viene en materia musical. El evento, de entrada libre y gratuita, ya tiene vida propia y es uno de los m\u00e1s esperados de cada [&hellip;]","og_url":"https:\/\/noticiasmercedinas.com\/site\/2018\/09\/28\/mammusic-sera-puratierra\/","og_site_name":"NOTICIASMERCEDINAS.COM","article_publisher":"https:\/\/www.facebook.com\/noticiasmercedinas\/","article_author":"https:\/\/www.facebook.com\/cristian.falabella","article_published_time":"2018-09-28T13:31:51+00:00","article_modified_time":"2018-09-28T18:39:42+00:00","og_image":[{"width":1754,"height":2480,"url":"https:\/\/noticiasmercedinas.com\/site\/wp-content\/uploads\/2018\/09\/Puratierra-Flyer-final-1.jpg","type":"image\/jpeg"}],"author":"Cristian Falabella NOTICIASMERCEDINAS.COM","twitter_card":"summary_large_image","twitter_creator":"@https:\/\/twitter.com\/NOTMERCEDINAS","twitter_site":"@notmercedinas","twitter_misc":{"Escrito por":"Cristian Falabella NOTICIASMERCEDINAS.COM","Tiempo de lectura":"3 minutos"},"schema":{"@context":"https:\/\/schema.org","@graph":[{"@type":"Article","@id":"https:\/\/noticiasmercedinas.com\/site\/2018\/09\/28\/mammusic-sera-puratierra\/#article","isPartOf":{"@id":"https:\/\/noticiasmercedinas.com\/site\/2018\/09\/28\/mammusic-sera-puratierra\/"},"author":{"name":"Cristian Falabella NOTICIASMERCEDINAS.COM","@id":"https:\/\/noticiasmercedinas.com\/site\/#\/schema\/person\/d481a9696a5feaec13a60e2bbd991a6a"},"headline":"MAMMusic ser\u00e1 Puratierra","datePublished":"2018-09-28T13:31:51+00:00","dateModified":"2018-09-28T18:39:42+00:00","mainEntityOfPage":{"@id":"https:\/\/noticiasmercedinas.com\/site\/2018\/09\/28\/mammusic-sera-puratierra\/"},"wordCount":510,"commentCount":0,"publisher":{"@id":"https:\/\/noticiasmercedinas.com\/site\/#organization"},"image":{"@id":"https:\/\/noticiasmercedinas.com\/site\/2018\/09\/28\/mammusic-sera-puratierra\/#primaryimage"},"thumbnailUrl":"https:\/\/noticiasmercedinas.com\/site\/wp-content\/uploads\/2018\/09\/Puratierra-Flyer-final-1.jpg","keywords":["mamm music","museo de arte","musica","puratierra"],"articleSection":["Cultura"],"inLanguage":"es","potentialAction":[{"@type":"CommentAction","name":"Comment","target":["https:\/\/noticiasmercedinas.com\/site\/2018\/09\/28\/mammusic-sera-puratierra\/#respond"]}]},{"@type":"WebPage","@id":"https:\/\/noticiasmercedinas.com\/site\/2018\/09\/28\/mammusic-sera-puratierra\/","url":"https:\/\/noticiasmercedinas.com\/site\/2018\/09\/28\/mammusic-sera-puratierra\/","name":"MAMMusic ser\u00e1 Puratierra","isPartOf":{"@id":"https:\/\/noticiasmercedinas.com\/site\/#website"},"primaryImageOfPage":{"@id":"https:\/\/noticiasmercedinas.com\/site\/2018\/09\/28\/mammusic-sera-puratierra\/#primaryimage"},"image":{"@id":"https:\/\/noticiasmercedinas.com\/site\/2018\/09\/28\/mammusic-sera-puratierra\/#primaryimage"},"thumbnailUrl":"https:\/\/noticiasmercedinas.com\/site\/wp-content\/uploads\/2018\/09\/Puratierra-Flyer-final-1.jpg","datePublished":"2018-09-28T13:31:51+00:00","dateModified":"2018-09-28T18:39:42+00:00","breadcrumb":{"@id":"https:\/\/noticiasmercedinas.com\/site\/2018\/09\/28\/mammusic-sera-puratierra\/#breadcrumb"},"inLanguage":"es","potentialAction":[{"@type":"ReadAction","target":["https:\/\/noticiasmercedinas.com\/site\/2018\/09\/28\/mammusic-sera-puratierra\/"]}]},{"@type":"ImageObject","inLanguage":"es","@id":"https:\/\/noticiasmercedinas.com\/site\/2018\/09\/28\/mammusic-sera-puratierra\/#primaryimage","url":"https:\/\/noticiasmercedinas.com\/site\/wp-content\/uploads\/2018\/09\/Puratierra-Flyer-final-1.jpg","contentUrl":"https:\/\/noticiasmercedinas.com\/site\/wp-content\/uploads\/2018\/09\/Puratierra-Flyer-final-1.jpg","width":1754,"height":2480},{"@type":"BreadcrumbList","@id":"https:\/\/noticiasmercedinas.com\/site\/2018\/09\/28\/mammusic-sera-puratierra\/#breadcrumb","itemListElement":[{"@type":"ListItem","position":1,"name":"Portada","item":"https:\/\/noticiasmercedinas.com\/site\/"},{"@type":"ListItem","position":2,"name":"MAMMusic ser\u00e1 Puratierra"}]},{"@type":"WebSite","@id":"https:\/\/noticiasmercedinas.com\/site\/#website","url":"https:\/\/noticiasmercedinas.com\/site\/","name":"NOTICIASMERCEDINAS.COM","description":"Mercedes, Buenos Aires, Argentina","publisher":{"@id":"https:\/\/noticiasmercedinas.com\/site\/#organization"},"potentialAction":[{"@type":"SearchAction","target":{"@type":"EntryPoint","urlTemplate":"https:\/\/noticiasmercedinas.com\/site\/?s={search_term_string}"},"query-input":{"@type":"PropertyValueSpecification","valueRequired":true,"valueName":"search_term_string"}}],"inLanguage":"es"},{"@type":"Organization","@id":"https:\/\/noticiasmercedinas.com\/site\/#organization","name":"NOTICIASMERCEDINAS.COM","url":"https:\/\/noticiasmercedinas.com\/site\/","logo":{"@type":"ImageObject","inLanguage":"es","@id":"https:\/\/noticiasmercedinas.com\/site\/#\/schema\/logo\/image\/","url":"https:\/\/noticiasmercedinas.com\/site\/wp-content\/uploads\/2020\/06\/LOGO-512.jpg","contentUrl":"https:\/\/noticiasmercedinas.com\/site\/wp-content\/uploads\/2020\/06\/LOGO-512.jpg","width":512,"height":512,"caption":"NOTICIASMERCEDINAS.COM"},"image":{"@id":"https:\/\/noticiasmercedinas.com\/site\/#\/schema\/logo\/image\/"},"sameAs":["https:\/\/www.facebook.com\/noticiasmercedinas\/","https:\/\/x.com\/notmercedinas","https:\/\/www.instagram.com\/noticiasmercedinas\/"]},{"@type":"Person","@id":"https:\/\/noticiasmercedinas.com\/site\/#\/schema\/person\/d481a9696a5feaec13a60e2bbd991a6a","name":"Cristian Falabella NOTICIASMERCEDINAS.COM","image":{"@type":"ImageObject","inLanguage":"es","@id":"https:\/\/secure.gravatar.com\/avatar\/0dbbfc45970cc46bcd0e57766228574ff3511d6eed045b182f536f0f478c1f06?s=96&d=mm&r=g","url":"https:\/\/secure.gravatar.com\/avatar\/0dbbfc45970cc46bcd0e57766228574ff3511d6eed045b182f536f0f478c1f06?s=96&d=mm&r=g","contentUrl":"https:\/\/secure.gravatar.com\/avatar\/0dbbfc45970cc46bcd0e57766228574ff3511d6eed045b182f536f0f478c1f06?s=96&d=mm&r=g","caption":"Cristian Falabella NOTICIASMERCEDINAS.COM"},"description":"Periodista, editor de Noticias Mercedinas. Pas\u00f3 por varias redacciones y emprendimientos de prensa, en distintos formatos y \u00e9pocas. Se especializ\u00f3 --y sigue haci\u00e9ndolo-- en comunicaci\u00f3n en la web y en junio de 2006 fund\u00f3 este diario digital.","sameAs":["https:\/\/noticiasmercedinas.com","https:\/\/www.facebook.com\/cristian.falabella","https:\/\/www.instagram.com\/noticiasmercedinas\/","https:\/\/x.com\/https:\/\/twitter.com\/NOTMERCEDINAS"],"url":"https:\/\/noticiasmercedinas.com\/site\/author\/as000384\/"}]}},"amp_enabled":true,"_links":{"self":[{"href":"https:\/\/noticiasmercedinas.com\/site\/wp-json\/wp\/v2\/posts\/3066","targetHints":{"allow":["GET"]}}],"collection":[{"href":"https:\/\/noticiasmercedinas.com\/site\/wp-json\/wp\/v2\/posts"}],"about":[{"href":"https:\/\/noticiasmercedinas.com\/site\/wp-json\/wp\/v2\/types\/post"}],"author":[{"embeddable":true,"href":"https:\/\/noticiasmercedinas.com\/site\/wp-json\/wp\/v2\/users\/2"}],"replies":[{"embeddable":true,"href":"https:\/\/noticiasmercedinas.com\/site\/wp-json\/wp\/v2\/comments?post=3066"}],"version-history":[{"count":3,"href":"https:\/\/noticiasmercedinas.com\/site\/wp-json\/wp\/v2\/posts\/3066\/revisions"}],"predecessor-version":[{"id":3071,"href":"https:\/\/noticiasmercedinas.com\/site\/wp-json\/wp\/v2\/posts\/3066\/revisions\/3071"}],"wp:featuredmedia":[{"embeddable":true,"href":"https:\/\/noticiasmercedinas.com\/site\/wp-json\/wp\/v2\/media\/3070"}],"wp:attachment":[{"href":"https:\/\/noticiasmercedinas.com\/site\/wp-json\/wp\/v2\/media?parent=3066"}],"wp:term":[{"taxonomy":"category","embeddable":true,"href":"https:\/\/noticiasmercedinas.com\/site\/wp-json\/wp\/v2\/categories?post=3066"},{"taxonomy":"post_tag","embeddable":true,"href":"https:\/\/noticiasmercedinas.com\/site\/wp-json\/wp\/v2\/tags?post=3066"}],"curies":[{"name":"wp","href":"https:\/\/api.w.org\/{rel}","templated":true}]}}