{"id":30743,"date":"2019-10-13T10:09:01","date_gmt":"2019-10-13T13:09:01","guid":{"rendered":"https:\/\/noticiasmercedinas.com\/site\/?p=30743"},"modified":"2019-10-13T10:09:01","modified_gmt":"2019-10-13T13:09:01","slug":"encuentro-por-el-proyecto-jovenes-y-memoria-en-la-escuela-14","status":"publish","type":"post","link":"https:\/\/noticiasmercedinas.com\/site\/2019\/10\/13\/encuentro-por-el-proyecto-jovenes-y-memoria-en-la-escuela-14\/","title":{"rendered":"Encuentro por el proyecto \u00abJ\u00f3venes y Memoria\u00bb en la Escuela 14"},"content":{"rendered":"<p><img loading=\"lazy\" decoding=\"async\" class=\"alignnone size-full wp-image-30748\" src=\"https:\/\/noticiasmercedinas.com\/site\/wp-content\/uploads\/2019\/10\/Charla-J\u00f3venes-y-Memoria-1.jpg\" alt=\"\" width=\"996\" height=\"610\" srcset=\"https:\/\/noticiasmercedinas.com\/site\/wp-content\/uploads\/2019\/10\/Charla-J\u00f3venes-y-Memoria-1.jpg 996w, https:\/\/noticiasmercedinas.com\/site\/wp-content\/uploads\/2019\/10\/Charla-J\u00f3venes-y-Memoria-1-300x184.jpg 300w, https:\/\/noticiasmercedinas.com\/site\/wp-content\/uploads\/2019\/10\/Charla-J\u00f3venes-y-Memoria-1-768x470.jpg 768w, https:\/\/noticiasmercedinas.com\/site\/wp-content\/uploads\/2019\/10\/Charla-J\u00f3venes-y-Memoria-1-640x392.jpg 640w, https:\/\/noticiasmercedinas.com\/site\/wp-content\/uploads\/2019\/10\/Charla-J\u00f3venes-y-Memoria-1-681x417.jpg 681w\" sizes=\"auto, (max-width: 996px) 100vw, 996px\" \/><\/p>\n<p>Los alumnos de 6to a\u00f1o de la Escuela N\u00ba 14 (ubicada en calle 26 entre 13 y 15) se encontraron con el escritor Oscar Dinova en el marco de sus preparativos del \u00abProyecto de J\u00f3venes y Memoria\u00bb en el que est\u00e1n participando a nivel nacional y con el que se van a presentar\u00a0en Chapadmadal.<\/p>\n<p>La profesora <strong>Carolina Brovia<\/strong> y el docente <strong>Pablo Schafrick<\/strong>\u00a0 invitaron a Dinova, el viernes 4, a un encuentro en el marco del Proyecto mencionado.<\/p>\n<p>\u00abFue un bello y emotivo encuentro donde pude, en total libertad, testimoniar sobre los a\u00f1os 70, nuestros a\u00f1os de militancia, el contexto pol\u00edtico de la \u00e9poca, la p\u00e9rdida de la democracia y sus dram\u00e1ticas consecuencias\u00bb, coment\u00f3 Dinova.<\/p>\n<p>\u00abEn un relato pleno de agridulces recuerdos volvieron los a\u00f1os de sue\u00f1os e ideales, el compromiso adoptado por toda una generaci\u00f3n sin intereses personales, los errores cometidos y las p\u00e9rdidas de incontables vidas que una sociedad debe lamentar hasta nuestros d\u00edas\u00bb, agreg\u00f3.<\/p>\n<p>\u00abAprendizajes hechos a fuerza de dolor y reflexiones y la valoraci\u00f3n del sistema democr\u00e1tico, fueron algunos de los conceptos vertidos y acompa\u00f1ados de tramos de textos de mis libros. As\u00ed, los j\u00f3venes alumnos pudieron conocer a los protagonistas de organizaciones juveniles en cuentos como Quince Minutos, o el exilio en el Alma del Diablo y Bulul\u00fa Theatre. Luego, la posibilidad de reinsertarse en la Patria nuevamente en Tizas en el And\u00e9n. Todo qued\u00f3 documentado y ser\u00e1 la base de un documental que ellos presentar\u00e1n a nivel nacional\u00bb, destac\u00f3 y agradeci\u00f3 a los docentes \u00abque trabajan con tanta sinceridad y empe\u00f1o estos duros tramos de la historia argentina, la oportunidad de transmitir nuestras vivencias, el clima de respeto y participaci\u00f3n de los alumnos y la oportunidad de remarcar -una vez m\u00e1s y siempre- el mensaje que Nunca M\u00e1s debemos transitar los tiempos de una Dictadura y entre todos los ciudadanos ser celosos guardianes del sistema democr\u00e1tico\u00bb.<\/p>\n<p>\u00abEstar\u00e9 siempre disponible para cuando ustedes necesiten estas charlas y las estimen necesarias\u00bb, indic\u00f3 Divova.<\/p>\n<p><img loading=\"lazy\" decoding=\"async\" class=\"alignnone size-large wp-image-30747\" src=\"https:\/\/noticiasmercedinas.com\/site\/wp-content\/uploads\/2019\/10\/Charla-J\u00f3venes-y-Memoria2.jpg\" alt=\"\" width=\"640\" height=\"394\" srcset=\"https:\/\/noticiasmercedinas.com\/site\/wp-content\/uploads\/2019\/10\/Charla-J\u00f3venes-y-Memoria2.jpg 847w, https:\/\/noticiasmercedinas.com\/site\/wp-content\/uploads\/2019\/10\/Charla-J\u00f3venes-y-Memoria2-300x185.jpg 300w, https:\/\/noticiasmercedinas.com\/site\/wp-content\/uploads\/2019\/10\/Charla-J\u00f3venes-y-Memoria2-768x472.jpg 768w, https:\/\/noticiasmercedinas.com\/site\/wp-content\/uploads\/2019\/10\/Charla-J\u00f3venes-y-Memoria2-640x394.jpg 640w, https:\/\/noticiasmercedinas.com\/site\/wp-content\/uploads\/2019\/10\/Charla-J\u00f3venes-y-Memoria2-681x419.jpg 681w\" sizes=\"auto, (max-width: 640px) 100vw, 640px\" \/><br \/>\n&nbsp;<\/p>\n","protected":false},"excerpt":{"rendered":"<p>Los alumnos de 6to a\u00f1o de la Escuela N\u00ba 14 (ubicada en calle 26 entre 13 y 15) se encontraron con el escritor Oscar Dinova en el marco de sus preparativos del \u00abProyecto de J\u00f3venes y Memoria\u00bb en el que est\u00e1n participando a nivel nacional y con el que se van a presentar\u00a0en Chapadmadal. La [&hellip;]<\/p>\n","protected":false},"author":2,"featured_media":30748,"comment_status":"open","ping_status":"open","sticky":false,"template":"","format":"standard","meta":{"footnotes":""},"categories":[3],"tags":[6754,4368,768,5410,2419,258,6753],"class_list":["post-30743","post","type-post","status-publish","format-standard","has-post-thumbnail","hentry","category-sociedad","tag-carolina-brovia","tag-derechos-humanos","tag-dictadura","tag-escuela-14","tag-jovenes-y-memoria","tag-oscar-dinova","tag-pablo-schafrick"],"yoast_head":"<!-- This site is optimized with the Yoast SEO plugin v27.4 - https:\/\/yoast.com\/product\/yoast-seo-wordpress\/ -->\n<title>Encuentro por el proyecto &quot;J\u00f3venes y Memoria&quot; en la Escuela 14<\/title>\n<meta name=\"robots\" content=\"index, follow, max-snippet:-1, max-image-preview:large, max-video-preview:-1\" \/>\n<link rel=\"canonical\" href=\"https:\/\/noticiasmercedinas.com\/site\/2019\/10\/13\/encuentro-por-el-proyecto-jovenes-y-memoria-en-la-escuela-14\/\" \/>\n<meta property=\"og:locale\" content=\"es_ES\" \/>\n<meta property=\"og:type\" content=\"article\" \/>\n<meta property=\"og:title\" content=\"Encuentro por el proyecto &quot;J\u00f3venes y Memoria&quot; en la Escuela 14\" \/>\n<meta property=\"og:description\" content=\"Los alumnos de 6to a\u00f1o de la Escuela N\u00ba 14 (ubicada en calle 26 entre 13 y 15) se encontraron con el escritor Oscar Dinova en el marco de sus preparativos del \u00abProyecto de J\u00f3venes y Memoria\u00bb en el que est\u00e1n participando a nivel nacional y con el que se van a presentar\u00a0en Chapadmadal. La [&hellip;]\" \/>\n<meta property=\"og:url\" content=\"https:\/\/noticiasmercedinas.com\/site\/2019\/10\/13\/encuentro-por-el-proyecto-jovenes-y-memoria-en-la-escuela-14\/\" \/>\n<meta property=\"og:site_name\" content=\"NOTICIASMERCEDINAS.COM\" \/>\n<meta property=\"article:publisher\" content=\"https:\/\/www.facebook.com\/noticiasmercedinas\/\" \/>\n<meta property=\"article:author\" content=\"https:\/\/www.facebook.com\/cristian.falabella\" \/>\n<meta property=\"article:published_time\" content=\"2019-10-13T13:09:01+00:00\" \/>\n<meta property=\"og:image\" content=\"https:\/\/noticiasmercedinas.com\/site\/wp-content\/uploads\/2019\/10\/Charla-J\u00f3venes-y-Memoria-1.jpg\" \/>\n\t<meta property=\"og:image:width\" content=\"996\" \/>\n\t<meta property=\"og:image:height\" content=\"610\" \/>\n\t<meta property=\"og:image:type\" content=\"image\/jpeg\" \/>\n<meta name=\"author\" content=\"Cristian Falabella NOTICIASMERCEDINAS.COM\" \/>\n<meta name=\"twitter:card\" content=\"summary_large_image\" \/>\n<meta name=\"twitter:creator\" content=\"@https:\/\/twitter.com\/NOTMERCEDINAS\" \/>\n<meta name=\"twitter:site\" content=\"@notmercedinas\" \/>\n<meta name=\"twitter:label1\" content=\"Escrito por\" \/>\n\t<meta name=\"twitter:data1\" content=\"Cristian Falabella NOTICIASMERCEDINAS.COM\" \/>\n\t<meta name=\"twitter:label2\" content=\"Tiempo de lectura\" \/>\n\t<meta name=\"twitter:data2\" content=\"2 minutos\" \/>\n<script type=\"application\/ld+json\" class=\"yoast-schema-graph\">{\"@context\":\"https:\\\/\\\/schema.org\",\"@graph\":[{\"@type\":\"Article\",\"@id\":\"https:\\\/\\\/noticiasmercedinas.com\\\/site\\\/2019\\\/10\\\/13\\\/encuentro-por-el-proyecto-jovenes-y-memoria-en-la-escuela-14\\\/#article\",\"isPartOf\":{\"@id\":\"https:\\\/\\\/noticiasmercedinas.com\\\/site\\\/2019\\\/10\\\/13\\\/encuentro-por-el-proyecto-jovenes-y-memoria-en-la-escuela-14\\\/\"},\"author\":{\"name\":\"Cristian Falabella NOTICIASMERCEDINAS.COM\",\"@id\":\"https:\\\/\\\/noticiasmercedinas.com\\\/site\\\/#\\\/schema\\\/person\\\/d481a9696a5feaec13a60e2bbd991a6a\"},\"headline\":\"Encuentro por el proyecto \u00abJ\u00f3venes y Memoria\u00bb en la Escuela 14\",\"datePublished\":\"2019-10-13T13:09:01+00:00\",\"mainEntityOfPage\":{\"@id\":\"https:\\\/\\\/noticiasmercedinas.com\\\/site\\\/2019\\\/10\\\/13\\\/encuentro-por-el-proyecto-jovenes-y-memoria-en-la-escuela-14\\\/\"},\"wordCount\":358,\"commentCount\":0,\"publisher\":{\"@id\":\"https:\\\/\\\/noticiasmercedinas.com\\\/site\\\/#organization\"},\"image\":{\"@id\":\"https:\\\/\\\/noticiasmercedinas.com\\\/site\\\/2019\\\/10\\\/13\\\/encuentro-por-el-proyecto-jovenes-y-memoria-en-la-escuela-14\\\/#primaryimage\"},\"thumbnailUrl\":\"https:\\\/\\\/noticiasmercedinas.com\\\/site\\\/wp-content\\\/uploads\\\/2019\\\/10\\\/Charla-J\u00f3venes-y-Memoria-1.jpg\",\"keywords\":[\"Carolina Brovia\",\"derechos humanos\",\"dictadura\",\"escuela 14\",\"jovenes y memoria\",\"oscar dinova\",\"Pablo Schafrick\"],\"articleSection\":[\"Sociedad\"],\"inLanguage\":\"es\",\"potentialAction\":[{\"@type\":\"CommentAction\",\"name\":\"Comment\",\"target\":[\"https:\\\/\\\/noticiasmercedinas.com\\\/site\\\/2019\\\/10\\\/13\\\/encuentro-por-el-proyecto-jovenes-y-memoria-en-la-escuela-14\\\/#respond\"]}]},{\"@type\":\"WebPage\",\"@id\":\"https:\\\/\\\/noticiasmercedinas.com\\\/site\\\/2019\\\/10\\\/13\\\/encuentro-por-el-proyecto-jovenes-y-memoria-en-la-escuela-14\\\/\",\"url\":\"https:\\\/\\\/noticiasmercedinas.com\\\/site\\\/2019\\\/10\\\/13\\\/encuentro-por-el-proyecto-jovenes-y-memoria-en-la-escuela-14\\\/\",\"name\":\"Encuentro por el proyecto \\\"J\u00f3venes y Memoria\\\" en la Escuela 14\",\"isPartOf\":{\"@id\":\"https:\\\/\\\/noticiasmercedinas.com\\\/site\\\/#website\"},\"primaryImageOfPage\":{\"@id\":\"https:\\\/\\\/noticiasmercedinas.com\\\/site\\\/2019\\\/10\\\/13\\\/encuentro-por-el-proyecto-jovenes-y-memoria-en-la-escuela-14\\\/#primaryimage\"},\"image\":{\"@id\":\"https:\\\/\\\/noticiasmercedinas.com\\\/site\\\/2019\\\/10\\\/13\\\/encuentro-por-el-proyecto-jovenes-y-memoria-en-la-escuela-14\\\/#primaryimage\"},\"thumbnailUrl\":\"https:\\\/\\\/noticiasmercedinas.com\\\/site\\\/wp-content\\\/uploads\\\/2019\\\/10\\\/Charla-J\u00f3venes-y-Memoria-1.jpg\",\"datePublished\":\"2019-10-13T13:09:01+00:00\",\"breadcrumb\":{\"@id\":\"https:\\\/\\\/noticiasmercedinas.com\\\/site\\\/2019\\\/10\\\/13\\\/encuentro-por-el-proyecto-jovenes-y-memoria-en-la-escuela-14\\\/#breadcrumb\"},\"inLanguage\":\"es\",\"potentialAction\":[{\"@type\":\"ReadAction\",\"target\":[\"https:\\\/\\\/noticiasmercedinas.com\\\/site\\\/2019\\\/10\\\/13\\\/encuentro-por-el-proyecto-jovenes-y-memoria-en-la-escuela-14\\\/\"]}]},{\"@type\":\"ImageObject\",\"inLanguage\":\"es\",\"@id\":\"https:\\\/\\\/noticiasmercedinas.com\\\/site\\\/2019\\\/10\\\/13\\\/encuentro-por-el-proyecto-jovenes-y-memoria-en-la-escuela-14\\\/#primaryimage\",\"url\":\"https:\\\/\\\/noticiasmercedinas.com\\\/site\\\/wp-content\\\/uploads\\\/2019\\\/10\\\/Charla-J\u00f3venes-y-Memoria-1.jpg\",\"contentUrl\":\"https:\\\/\\\/noticiasmercedinas.com\\\/site\\\/wp-content\\\/uploads\\\/2019\\\/10\\\/Charla-J\u00f3venes-y-Memoria-1.jpg\",\"width\":996,\"height\":610},{\"@type\":\"BreadcrumbList\",\"@id\":\"https:\\\/\\\/noticiasmercedinas.com\\\/site\\\/2019\\\/10\\\/13\\\/encuentro-por-el-proyecto-jovenes-y-memoria-en-la-escuela-14\\\/#breadcrumb\",\"itemListElement\":[{\"@type\":\"ListItem\",\"position\":1,\"name\":\"Portada\",\"item\":\"https:\\\/\\\/noticiasmercedinas.com\\\/site\\\/\"},{\"@type\":\"ListItem\",\"position\":2,\"name\":\"Encuentro por el proyecto \u00abJ\u00f3venes y Memoria\u00bb en la Escuela 14\"}]},{\"@type\":\"WebSite\",\"@id\":\"https:\\\/\\\/noticiasmercedinas.com\\\/site\\\/#website\",\"url\":\"https:\\\/\\\/noticiasmercedinas.com\\\/site\\\/\",\"name\":\"NOTICIASMERCEDINAS.COM\",\"description\":\"Mercedes, Buenos Aires, Argentina\",\"publisher\":{\"@id\":\"https:\\\/\\\/noticiasmercedinas.com\\\/site\\\/#organization\"},\"potentialAction\":[{\"@type\":\"SearchAction\",\"target\":{\"@type\":\"EntryPoint\",\"urlTemplate\":\"https:\\\/\\\/noticiasmercedinas.com\\\/site\\\/?s={search_term_string}\"},\"query-input\":{\"@type\":\"PropertyValueSpecification\",\"valueRequired\":true,\"valueName\":\"search_term_string\"}}],\"inLanguage\":\"es\"},{\"@type\":\"Organization\",\"@id\":\"https:\\\/\\\/noticiasmercedinas.com\\\/site\\\/#organization\",\"name\":\"NOTICIASMERCEDINAS.COM\",\"url\":\"https:\\\/\\\/noticiasmercedinas.com\\\/site\\\/\",\"logo\":{\"@type\":\"ImageObject\",\"inLanguage\":\"es\",\"@id\":\"https:\\\/\\\/noticiasmercedinas.com\\\/site\\\/#\\\/schema\\\/logo\\\/image\\\/\",\"url\":\"https:\\\/\\\/noticiasmercedinas.com\\\/site\\\/wp-content\\\/uploads\\\/2020\\\/06\\\/LOGO-512.jpg\",\"contentUrl\":\"https:\\\/\\\/noticiasmercedinas.com\\\/site\\\/wp-content\\\/uploads\\\/2020\\\/06\\\/LOGO-512.jpg\",\"width\":512,\"height\":512,\"caption\":\"NOTICIASMERCEDINAS.COM\"},\"image\":{\"@id\":\"https:\\\/\\\/noticiasmercedinas.com\\\/site\\\/#\\\/schema\\\/logo\\\/image\\\/\"},\"sameAs\":[\"https:\\\/\\\/www.facebook.com\\\/noticiasmercedinas\\\/\",\"https:\\\/\\\/x.com\\\/notmercedinas\",\"https:\\\/\\\/www.instagram.com\\\/noticiasmercedinas\\\/\"]},{\"@type\":\"Person\",\"@id\":\"https:\\\/\\\/noticiasmercedinas.com\\\/site\\\/#\\\/schema\\\/person\\\/d481a9696a5feaec13a60e2bbd991a6a\",\"name\":\"Cristian Falabella NOTICIASMERCEDINAS.COM\",\"image\":{\"@type\":\"ImageObject\",\"inLanguage\":\"es\",\"@id\":\"https:\\\/\\\/secure.gravatar.com\\\/avatar\\\/0dbbfc45970cc46bcd0e57766228574ff3511d6eed045b182f536f0f478c1f06?s=96&d=mm&r=g\",\"url\":\"https:\\\/\\\/secure.gravatar.com\\\/avatar\\\/0dbbfc45970cc46bcd0e57766228574ff3511d6eed045b182f536f0f478c1f06?s=96&d=mm&r=g\",\"contentUrl\":\"https:\\\/\\\/secure.gravatar.com\\\/avatar\\\/0dbbfc45970cc46bcd0e57766228574ff3511d6eed045b182f536f0f478c1f06?s=96&d=mm&r=g\",\"caption\":\"Cristian Falabella NOTICIASMERCEDINAS.COM\"},\"description\":\"Periodista, editor de Noticias Mercedinas. Pas\u00f3 por varias redacciones y emprendimientos de prensa, en distintos formatos y \u00e9pocas. Se especializ\u00f3 --y sigue haci\u00e9ndolo-- en comunicaci\u00f3n en la web y en junio de 2006 fund\u00f3 este diario digital.\",\"sameAs\":[\"https:\\\/\\\/noticiasmercedinas.com\",\"https:\\\/\\\/www.facebook.com\\\/cristian.falabella\",\"https:\\\/\\\/www.instagram.com\\\/noticiasmercedinas\\\/\",\"https:\\\/\\\/x.com\\\/https:\\\/\\\/twitter.com\\\/NOTMERCEDINAS\"],\"url\":\"https:\\\/\\\/noticiasmercedinas.com\\\/site\\\/author\\\/as000384\\\/\"}]}<\/script>\n<!-- \/ Yoast SEO plugin. -->","yoast_head_json":{"title":"Encuentro por el proyecto \"J\u00f3venes y Memoria\" en la Escuela 14","robots":{"index":"index","follow":"follow","max-snippet":"max-snippet:-1","max-image-preview":"max-image-preview:large","max-video-preview":"max-video-preview:-1"},"canonical":"https:\/\/noticiasmercedinas.com\/site\/2019\/10\/13\/encuentro-por-el-proyecto-jovenes-y-memoria-en-la-escuela-14\/","og_locale":"es_ES","og_type":"article","og_title":"Encuentro por el proyecto \"J\u00f3venes y Memoria\" en la Escuela 14","og_description":"Los alumnos de 6to a\u00f1o de la Escuela N\u00ba 14 (ubicada en calle 26 entre 13 y 15) se encontraron con el escritor Oscar Dinova en el marco de sus preparativos del \u00abProyecto de J\u00f3venes y Memoria\u00bb en el que est\u00e1n participando a nivel nacional y con el que se van a presentar\u00a0en Chapadmadal. La [&hellip;]","og_url":"https:\/\/noticiasmercedinas.com\/site\/2019\/10\/13\/encuentro-por-el-proyecto-jovenes-y-memoria-en-la-escuela-14\/","og_site_name":"NOTICIASMERCEDINAS.COM","article_publisher":"https:\/\/www.facebook.com\/noticiasmercedinas\/","article_author":"https:\/\/www.facebook.com\/cristian.falabella","article_published_time":"2019-10-13T13:09:01+00:00","og_image":[{"width":996,"height":610,"url":"https:\/\/noticiasmercedinas.com\/site\/wp-content\/uploads\/2019\/10\/Charla-J\u00f3venes-y-Memoria-1.jpg","type":"image\/jpeg"}],"author":"Cristian Falabella NOTICIASMERCEDINAS.COM","twitter_card":"summary_large_image","twitter_creator":"@https:\/\/twitter.com\/NOTMERCEDINAS","twitter_site":"@notmercedinas","twitter_misc":{"Escrito por":"Cristian Falabella NOTICIASMERCEDINAS.COM","Tiempo de lectura":"2 minutos"},"schema":{"@context":"https:\/\/schema.org","@graph":[{"@type":"Article","@id":"https:\/\/noticiasmercedinas.com\/site\/2019\/10\/13\/encuentro-por-el-proyecto-jovenes-y-memoria-en-la-escuela-14\/#article","isPartOf":{"@id":"https:\/\/noticiasmercedinas.com\/site\/2019\/10\/13\/encuentro-por-el-proyecto-jovenes-y-memoria-en-la-escuela-14\/"},"author":{"name":"Cristian Falabella NOTICIASMERCEDINAS.COM","@id":"https:\/\/noticiasmercedinas.com\/site\/#\/schema\/person\/d481a9696a5feaec13a60e2bbd991a6a"},"headline":"Encuentro por el proyecto \u00abJ\u00f3venes y Memoria\u00bb en la Escuela 14","datePublished":"2019-10-13T13:09:01+00:00","mainEntityOfPage":{"@id":"https:\/\/noticiasmercedinas.com\/site\/2019\/10\/13\/encuentro-por-el-proyecto-jovenes-y-memoria-en-la-escuela-14\/"},"wordCount":358,"commentCount":0,"publisher":{"@id":"https:\/\/noticiasmercedinas.com\/site\/#organization"},"image":{"@id":"https:\/\/noticiasmercedinas.com\/site\/2019\/10\/13\/encuentro-por-el-proyecto-jovenes-y-memoria-en-la-escuela-14\/#primaryimage"},"thumbnailUrl":"https:\/\/noticiasmercedinas.com\/site\/wp-content\/uploads\/2019\/10\/Charla-J\u00f3venes-y-Memoria-1.jpg","keywords":["Carolina Brovia","derechos humanos","dictadura","escuela 14","jovenes y memoria","oscar dinova","Pablo Schafrick"],"articleSection":["Sociedad"],"inLanguage":"es","potentialAction":[{"@type":"CommentAction","name":"Comment","target":["https:\/\/noticiasmercedinas.com\/site\/2019\/10\/13\/encuentro-por-el-proyecto-jovenes-y-memoria-en-la-escuela-14\/#respond"]}]},{"@type":"WebPage","@id":"https:\/\/noticiasmercedinas.com\/site\/2019\/10\/13\/encuentro-por-el-proyecto-jovenes-y-memoria-en-la-escuela-14\/","url":"https:\/\/noticiasmercedinas.com\/site\/2019\/10\/13\/encuentro-por-el-proyecto-jovenes-y-memoria-en-la-escuela-14\/","name":"Encuentro por el proyecto \"J\u00f3venes y Memoria\" en la Escuela 14","isPartOf":{"@id":"https:\/\/noticiasmercedinas.com\/site\/#website"},"primaryImageOfPage":{"@id":"https:\/\/noticiasmercedinas.com\/site\/2019\/10\/13\/encuentro-por-el-proyecto-jovenes-y-memoria-en-la-escuela-14\/#primaryimage"},"image":{"@id":"https:\/\/noticiasmercedinas.com\/site\/2019\/10\/13\/encuentro-por-el-proyecto-jovenes-y-memoria-en-la-escuela-14\/#primaryimage"},"thumbnailUrl":"https:\/\/noticiasmercedinas.com\/site\/wp-content\/uploads\/2019\/10\/Charla-J\u00f3venes-y-Memoria-1.jpg","datePublished":"2019-10-13T13:09:01+00:00","breadcrumb":{"@id":"https:\/\/noticiasmercedinas.com\/site\/2019\/10\/13\/encuentro-por-el-proyecto-jovenes-y-memoria-en-la-escuela-14\/#breadcrumb"},"inLanguage":"es","potentialAction":[{"@type":"ReadAction","target":["https:\/\/noticiasmercedinas.com\/site\/2019\/10\/13\/encuentro-por-el-proyecto-jovenes-y-memoria-en-la-escuela-14\/"]}]},{"@type":"ImageObject","inLanguage":"es","@id":"https:\/\/noticiasmercedinas.com\/site\/2019\/10\/13\/encuentro-por-el-proyecto-jovenes-y-memoria-en-la-escuela-14\/#primaryimage","url":"https:\/\/noticiasmercedinas.com\/site\/wp-content\/uploads\/2019\/10\/Charla-J\u00f3venes-y-Memoria-1.jpg","contentUrl":"https:\/\/noticiasmercedinas.com\/site\/wp-content\/uploads\/2019\/10\/Charla-J\u00f3venes-y-Memoria-1.jpg","width":996,"height":610},{"@type":"BreadcrumbList","@id":"https:\/\/noticiasmercedinas.com\/site\/2019\/10\/13\/encuentro-por-el-proyecto-jovenes-y-memoria-en-la-escuela-14\/#breadcrumb","itemListElement":[{"@type":"ListItem","position":1,"name":"Portada","item":"https:\/\/noticiasmercedinas.com\/site\/"},{"@type":"ListItem","position":2,"name":"Encuentro por el proyecto \u00abJ\u00f3venes y Memoria\u00bb en la Escuela 14"}]},{"@type":"WebSite","@id":"https:\/\/noticiasmercedinas.com\/site\/#website","url":"https:\/\/noticiasmercedinas.com\/site\/","name":"NOTICIASMERCEDINAS.COM","description":"Mercedes, Buenos Aires, Argentina","publisher":{"@id":"https:\/\/noticiasmercedinas.com\/site\/#organization"},"potentialAction":[{"@type":"SearchAction","target":{"@type":"EntryPoint","urlTemplate":"https:\/\/noticiasmercedinas.com\/site\/?s={search_term_string}"},"query-input":{"@type":"PropertyValueSpecification","valueRequired":true,"valueName":"search_term_string"}}],"inLanguage":"es"},{"@type":"Organization","@id":"https:\/\/noticiasmercedinas.com\/site\/#organization","name":"NOTICIASMERCEDINAS.COM","url":"https:\/\/noticiasmercedinas.com\/site\/","logo":{"@type":"ImageObject","inLanguage":"es","@id":"https:\/\/noticiasmercedinas.com\/site\/#\/schema\/logo\/image\/","url":"https:\/\/noticiasmercedinas.com\/site\/wp-content\/uploads\/2020\/06\/LOGO-512.jpg","contentUrl":"https:\/\/noticiasmercedinas.com\/site\/wp-content\/uploads\/2020\/06\/LOGO-512.jpg","width":512,"height":512,"caption":"NOTICIASMERCEDINAS.COM"},"image":{"@id":"https:\/\/noticiasmercedinas.com\/site\/#\/schema\/logo\/image\/"},"sameAs":["https:\/\/www.facebook.com\/noticiasmercedinas\/","https:\/\/x.com\/notmercedinas","https:\/\/www.instagram.com\/noticiasmercedinas\/"]},{"@type":"Person","@id":"https:\/\/noticiasmercedinas.com\/site\/#\/schema\/person\/d481a9696a5feaec13a60e2bbd991a6a","name":"Cristian Falabella NOTICIASMERCEDINAS.COM","image":{"@type":"ImageObject","inLanguage":"es","@id":"https:\/\/secure.gravatar.com\/avatar\/0dbbfc45970cc46bcd0e57766228574ff3511d6eed045b182f536f0f478c1f06?s=96&d=mm&r=g","url":"https:\/\/secure.gravatar.com\/avatar\/0dbbfc45970cc46bcd0e57766228574ff3511d6eed045b182f536f0f478c1f06?s=96&d=mm&r=g","contentUrl":"https:\/\/secure.gravatar.com\/avatar\/0dbbfc45970cc46bcd0e57766228574ff3511d6eed045b182f536f0f478c1f06?s=96&d=mm&r=g","caption":"Cristian Falabella NOTICIASMERCEDINAS.COM"},"description":"Periodista, editor de Noticias Mercedinas. Pas\u00f3 por varias redacciones y emprendimientos de prensa, en distintos formatos y \u00e9pocas. Se especializ\u00f3 --y sigue haci\u00e9ndolo-- en comunicaci\u00f3n en la web y en junio de 2006 fund\u00f3 este diario digital.","sameAs":["https:\/\/noticiasmercedinas.com","https:\/\/www.facebook.com\/cristian.falabella","https:\/\/www.instagram.com\/noticiasmercedinas\/","https:\/\/x.com\/https:\/\/twitter.com\/NOTMERCEDINAS"],"url":"https:\/\/noticiasmercedinas.com\/site\/author\/as000384\/"}]}},"amp_enabled":true,"_links":{"self":[{"href":"https:\/\/noticiasmercedinas.com\/site\/wp-json\/wp\/v2\/posts\/30743","targetHints":{"allow":["GET"]}}],"collection":[{"href":"https:\/\/noticiasmercedinas.com\/site\/wp-json\/wp\/v2\/posts"}],"about":[{"href":"https:\/\/noticiasmercedinas.com\/site\/wp-json\/wp\/v2\/types\/post"}],"author":[{"embeddable":true,"href":"https:\/\/noticiasmercedinas.com\/site\/wp-json\/wp\/v2\/users\/2"}],"replies":[{"embeddable":true,"href":"https:\/\/noticiasmercedinas.com\/site\/wp-json\/wp\/v2\/comments?post=30743"}],"version-history":[{"count":1,"href":"https:\/\/noticiasmercedinas.com\/site\/wp-json\/wp\/v2\/posts\/30743\/revisions"}],"predecessor-version":[{"id":30749,"href":"https:\/\/noticiasmercedinas.com\/site\/wp-json\/wp\/v2\/posts\/30743\/revisions\/30749"}],"wp:featuredmedia":[{"embeddable":true,"href":"https:\/\/noticiasmercedinas.com\/site\/wp-json\/wp\/v2\/media\/30748"}],"wp:attachment":[{"href":"https:\/\/noticiasmercedinas.com\/site\/wp-json\/wp\/v2\/media?parent=30743"}],"wp:term":[{"taxonomy":"category","embeddable":true,"href":"https:\/\/noticiasmercedinas.com\/site\/wp-json\/wp\/v2\/categories?post=30743"},{"taxonomy":"post_tag","embeddable":true,"href":"https:\/\/noticiasmercedinas.com\/site\/wp-json\/wp\/v2\/tags?post=30743"}],"curies":[{"name":"wp","href":"https:\/\/api.w.org\/{rel}","templated":true}]}}