{"id":31022,"date":"2019-10-15T20:20:58","date_gmt":"2019-10-15T23:20:58","guid":{"rendered":"https:\/\/noticiasmercedinas.com\/site\/?p=31022"},"modified":"2019-10-15T21:05:58","modified_gmt":"2019-10-16T00:05:58","slug":"tranquila-sesion-con-27-nuevos-proyectos-de-trabajo","status":"publish","type":"post","link":"https:\/\/noticiasmercedinas.com\/site\/2019\/10\/15\/tranquila-sesion-con-27-nuevos-proyectos-de-trabajo\/","title":{"rendered":"Tranquila sesi\u00f3n con 27 nuevos proyectos de trabajo"},"content":{"rendered":"<p><img loading=\"lazy\" decoding=\"async\" class=\"alignnone wp-image-31038 size-full\" src=\"https:\/\/noticiasmercedinas.com\/site\/wp-content\/uploads\/2019\/10\/20191015_1945581144914013642165552.jpg\" width=\"3000\" height=\"1688\" srcset=\"https:\/\/noticiasmercedinas.com\/site\/wp-content\/uploads\/2019\/10\/20191015_1945581144914013642165552.jpg 3000w, https:\/\/noticiasmercedinas.com\/site\/wp-content\/uploads\/2019\/10\/20191015_1945581144914013642165552-300x169.jpg 300w, https:\/\/noticiasmercedinas.com\/site\/wp-content\/uploads\/2019\/10\/20191015_1945581144914013642165552-768x432.jpg 768w, https:\/\/noticiasmercedinas.com\/site\/wp-content\/uploads\/2019\/10\/20191015_1945581144914013642165552-1024x576.jpg 1024w, https:\/\/noticiasmercedinas.com\/site\/wp-content\/uploads\/2019\/10\/20191015_1945581144914013642165552-640x360.jpg 640w, https:\/\/noticiasmercedinas.com\/site\/wp-content\/uploads\/2019\/10\/20191015_1945581144914013642165552-1280x720.jpg 1280w, https:\/\/noticiasmercedinas.com\/site\/wp-content\/uploads\/2019\/10\/20191015_1945581144914013642165552-681x383.jpg 681w, https:\/\/noticiasmercedinas.com\/site\/wp-content\/uploads\/2019\/10\/20191015_1945581144914013642165552-1362x766.jpg 1362w\" sizes=\"auto, (max-width: 3000px) 100vw, 3000px\" \/><\/p>\n<p>Con 27 proyectos presentados, este martes por la noche se llev\u00f3 adelante una nueva sesi\u00f3n ordinaria en el Concejo Deliberante de Mercedes. Llam\u00f3 la atenci\u00f3n por su tranquilidad, a pocos d\u00edas de las elecciones, con un muy buen clima entre los diferentes bloques pol\u00edticos.<\/p>\n<p>Con varias peticiones particulares que fueron destinadas a comisi\u00f3n, entre ellas el pedido de reajustes de tarifas de taxis (a Hacienda), un pedido de excepci\u00f3n a la ordenanza de feed lot (a Planeamiento), un pedido de informes de vecinos de La Verde tras el incendio de la f\u00e1brica Sigma (a Planeamiento) y una solicitud de alumnos del Colegio Santa Mar\u00eda 3er. A\u00f1o B para la construcci\u00f3n de una bisicenda en Avenida 40 entre Ruta 41 y calle 1 (a Tr\u00e1nsito).<\/p>\n<p>Hubo 21 respuestas dadas por el Ejecutivo a pedidos de informes y dos despachos para aprobaci\u00f3n por unanimidad y dos para el archivo.<\/p>\n<p>Entre los proyectos presentados, 27 en total, hubo varias discusiones sobre tablas en el recinto y una de ellas se dio por el pretendido entubamiento del canal de calle 16 (Exp. N\u00ba 325\/19-HCD: Proy. De Resoluci\u00f3n (FC): posibilidad ampliaci\u00f3n red cloacal en calle 49 de 110 a 114) un problema que viene de a\u00f1os y que lleva contaminaci\u00f3n con l\u00edquidos por varios barrios perif\u00e9ricos para desaguar en el r\u00edo Luj\u00e1n.<\/p>\n<p><img loading=\"lazy\" decoding=\"async\" class=\"alignnone wp-image-31040 size-full\" src=\"https:\/\/noticiasmercedinas.com\/site\/wp-content\/uploads\/2019\/10\/20191015_1945246345203060201207655.jpg\" width=\"3000\" height=\"1688\" srcset=\"https:\/\/noticiasmercedinas.com\/site\/wp-content\/uploads\/2019\/10\/20191015_1945246345203060201207655.jpg 3000w, https:\/\/noticiasmercedinas.com\/site\/wp-content\/uploads\/2019\/10\/20191015_1945246345203060201207655-300x169.jpg 300w, https:\/\/noticiasmercedinas.com\/site\/wp-content\/uploads\/2019\/10\/20191015_1945246345203060201207655-768x432.jpg 768w, https:\/\/noticiasmercedinas.com\/site\/wp-content\/uploads\/2019\/10\/20191015_1945246345203060201207655-1024x576.jpg 1024w, https:\/\/noticiasmercedinas.com\/site\/wp-content\/uploads\/2019\/10\/20191015_1945246345203060201207655-640x360.jpg 640w, https:\/\/noticiasmercedinas.com\/site\/wp-content\/uploads\/2019\/10\/20191015_1945246345203060201207655-1280x720.jpg 1280w, https:\/\/noticiasmercedinas.com\/site\/wp-content\/uploads\/2019\/10\/20191015_1945246345203060201207655-681x383.jpg 681w, https:\/\/noticiasmercedinas.com\/site\/wp-content\/uploads\/2019\/10\/20191015_1945246345203060201207655-1362x766.jpg 1362w\" sizes=\"auto, (max-width: 3000px) 100vw, 3000px\" \/><\/p>\n<p>\u00abLos l\u00edquidos que se ven no son de lluvias, no sabemos de d\u00f3nde vienen y estar\u00eda bueno que dejen de llegar a la gente\u00bb, sostuvo la concejal de Cambiemos, Marilina Bustelo. En tanto, la concejal Mariana San Mart\u00edn (bloque FMPV) pidi\u00f3 que se modifique la letra del proyecto y el enfoque por ser un tema de jurisdicci\u00f3n provincial, lo que implicar\u00eda cambiar los t\u00e9rminos y enviarlo a la provincia para que lo eval\u00fae. El tema seguir\u00e1 discuti\u0117ndose en comisiones.<\/p>\n<p>Un proyecto de ordenanza (del bloque PJ Mercedes) sobre comercializaci\u00f3n y\/o promoci\u00f3n del cigarrillo electr\u00f3nico para estudiar su prohibici\u00f3n, tambien g\u00e9nero algunos di\u00e1logos, entre los concejales Carlos Milhomme y Ceferino Costa, quienes hicieron sus aportes al tema.<\/p>\n<p><img loading=\"lazy\" decoding=\"async\" class=\"alignnone size-full wp-image-31028\" src=\"https:\/\/noticiasmercedinas.com\/site\/wp-content\/uploads\/2019\/10\/20191015_19313306813445731262149365.jpg\" width=\"3000\" height=\"1688\" srcset=\"https:\/\/noticiasmercedinas.com\/site\/wp-content\/uploads\/2019\/10\/20191015_19313306813445731262149365.jpg 3000w, https:\/\/noticiasmercedinas.com\/site\/wp-content\/uploads\/2019\/10\/20191015_19313306813445731262149365-300x169.jpg 300w, https:\/\/noticiasmercedinas.com\/site\/wp-content\/uploads\/2019\/10\/20191015_19313306813445731262149365-768x432.jpg 768w, https:\/\/noticiasmercedinas.com\/site\/wp-content\/uploads\/2019\/10\/20191015_19313306813445731262149365-1024x576.jpg 1024w, https:\/\/noticiasmercedinas.com\/site\/wp-content\/uploads\/2019\/10\/20191015_19313306813445731262149365-640x360.jpg 640w, https:\/\/noticiasmercedinas.com\/site\/wp-content\/uploads\/2019\/10\/20191015_19313306813445731262149365-1280x720.jpg 1280w, https:\/\/noticiasmercedinas.com\/site\/wp-content\/uploads\/2019\/10\/20191015_19313306813445731262149365-681x383.jpg 681w, https:\/\/noticiasmercedinas.com\/site\/wp-content\/uploads\/2019\/10\/20191015_19313306813445731262149365-1362x766.jpg 1362w\" sizes=\"auto, (max-width: 3000px) 100vw, 3000px\" \/><\/p>\n<p>El pedido de realizaci\u00f3n de un \u00abestudio t\u00e9cnico para detectar y solucionar deficiencias edilicias en el CAPS de Tomas Jofre\u00bb tambi\u00e9n tuvo algunas discusiones, que seguir\u00e1n en la Comisi\u00f3n de Obras P\u00fablicas.<\/p>\n<p>En tanto, el expediente 331\/19, un proyecto de resoluci\u00f3n (del bloque FMPV) dirigida a la Agencia nacional de Administraci\u00f3n de Bienes del Estado, por la derogaci\u00f3n de la resoluci\u00f3n 392\/19, sobre la utilizaci\u00f3n de los complejos de Chapadmalal por parte de Gendarmer\u00eda tambi\u00e9n tuvo algunas discusiones con puntos de vista en apoyo a que se revea esta propuesta.<\/p>\n<p><img loading=\"lazy\" decoding=\"async\" class=\"alignnone wp-image-31029 size-full\" src=\"https:\/\/noticiasmercedinas.com\/site\/wp-content\/uploads\/2019\/10\/20191015_1932576962528695403277558.jpg\" width=\"3000\" height=\"1688\" srcset=\"https:\/\/noticiasmercedinas.com\/site\/wp-content\/uploads\/2019\/10\/20191015_1932576962528695403277558.jpg 3000w, https:\/\/noticiasmercedinas.com\/site\/wp-content\/uploads\/2019\/10\/20191015_1932576962528695403277558-300x169.jpg 300w, https:\/\/noticiasmercedinas.com\/site\/wp-content\/uploads\/2019\/10\/20191015_1932576962528695403277558-768x432.jpg 768w, https:\/\/noticiasmercedinas.com\/site\/wp-content\/uploads\/2019\/10\/20191015_1932576962528695403277558-1024x576.jpg 1024w, https:\/\/noticiasmercedinas.com\/site\/wp-content\/uploads\/2019\/10\/20191015_1932576962528695403277558-640x360.jpg 640w, https:\/\/noticiasmercedinas.com\/site\/wp-content\/uploads\/2019\/10\/20191015_1932576962528695403277558-1280x720.jpg 1280w, https:\/\/noticiasmercedinas.com\/site\/wp-content\/uploads\/2019\/10\/20191015_1932576962528695403277558-681x383.jpg 681w, https:\/\/noticiasmercedinas.com\/site\/wp-content\/uploads\/2019\/10\/20191015_1932576962528695403277558-1362x766.jpg 1362w\" sizes=\"auto, (max-width: 3000px) 100vw, 3000px\" \/><\/p>\n<p>Por su parte Milhomme agradeci\u00f3 el apoyo a un proyecto propio de extensi\u00f3n del servicio de recolecci\u00f3n de residuos en calle 30 entre 57 y 59. Y en este contexto remarc\u00f3 \u00abel trabajo de los compa\u00f1eros municipales en esta recolecci\u00f3n de residuos, que lamentablemente lo vemos muchas veces cuando no pasan\u00bb.<\/p>\n<p>En otros proyectos, hubo dos de ordenanza del Ejecutivo sobre un Convenio entre la Cooperadora del Hospital Dubarry y la Municipalidad de Mercedes, por la Guardia Pedi\u00e1trica, y un Convenio entre la Cooperadora del Hospital Dubarry y la Municipalidad de Mercedes, por colaboraci\u00f3n econ\u00f3mica. En este sentido sus pares Burone, Costa, Killmeate y Albini felicitaron al concejal Milhomme por su nuevo rol como presidente de la cooperadora del Blas Dubarry.<\/p>\n<p>Un proyecto que entr\u00f3 a \u00faltimo momento fue presentado por la concejal Maria Jose Piacentini ante el cierre de las compuertas del rio Luj\u00e1n en el club El Tim\u00f3n, en J\u00e1uregui, para pedirle al municipio de Luj\u00e1n que se comprometa a mantenerlas abiertas cuando llueve. En este contexto la concejal destac\u00f3 el rol de los integrantes de Protecci\u00f3n Civil y los propios vecinos y todos los que colaboran en esta situaci\u00f3n de inundaciones.<\/p>\n<p><img loading=\"lazy\" decoding=\"async\" class=\"alignnone wp-image-31036 size-full\" src=\"https:\/\/noticiasmercedinas.com\/site\/wp-content\/uploads\/2019\/10\/20191015_1940427873472749231492925.jpg\" width=\"3000\" height=\"1688\" srcset=\"https:\/\/noticiasmercedinas.com\/site\/wp-content\/uploads\/2019\/10\/20191015_1940427873472749231492925.jpg 3000w, https:\/\/noticiasmercedinas.com\/site\/wp-content\/uploads\/2019\/10\/20191015_1940427873472749231492925-300x169.jpg 300w, https:\/\/noticiasmercedinas.com\/site\/wp-content\/uploads\/2019\/10\/20191015_1940427873472749231492925-768x432.jpg 768w, https:\/\/noticiasmercedinas.com\/site\/wp-content\/uploads\/2019\/10\/20191015_1940427873472749231492925-1024x576.jpg 1024w, https:\/\/noticiasmercedinas.com\/site\/wp-content\/uploads\/2019\/10\/20191015_1940427873472749231492925-640x360.jpg 640w, https:\/\/noticiasmercedinas.com\/site\/wp-content\/uploads\/2019\/10\/20191015_1940427873472749231492925-1280x720.jpg 1280w, https:\/\/noticiasmercedinas.com\/site\/wp-content\/uploads\/2019\/10\/20191015_1940427873472749231492925-681x383.jpg 681w, https:\/\/noticiasmercedinas.com\/site\/wp-content\/uploads\/2019\/10\/20191015_1940427873472749231492925-1362x766.jpg 1362w\" sizes=\"auto, (max-width: 3000px) 100vw, 3000px\" \/><\/p>\n<p><img loading=\"lazy\" decoding=\"async\" class=\"alignnone wp-image-31039 size-full\" src=\"https:\/\/noticiasmercedinas.com\/site\/wp-content\/uploads\/2019\/10\/20191015_1953278009442236188569014.jpg\" width=\"3000\" height=\"1688\" srcset=\"https:\/\/noticiasmercedinas.com\/site\/wp-content\/uploads\/2019\/10\/20191015_1953278009442236188569014.jpg 3000w, https:\/\/noticiasmercedinas.com\/site\/wp-content\/uploads\/2019\/10\/20191015_1953278009442236188569014-300x169.jpg 300w, https:\/\/noticiasmercedinas.com\/site\/wp-content\/uploads\/2019\/10\/20191015_1953278009442236188569014-768x432.jpg 768w, https:\/\/noticiasmercedinas.com\/site\/wp-content\/uploads\/2019\/10\/20191015_1953278009442236188569014-1024x576.jpg 1024w, https:\/\/noticiasmercedinas.com\/site\/wp-content\/uploads\/2019\/10\/20191015_1953278009442236188569014-640x360.jpg 640w, https:\/\/noticiasmercedinas.com\/site\/wp-content\/uploads\/2019\/10\/20191015_1953278009442236188569014-1280x720.jpg 1280w, https:\/\/noticiasmercedinas.com\/site\/wp-content\/uploads\/2019\/10\/20191015_1953278009442236188569014-681x383.jpg 681w, https:\/\/noticiasmercedinas.com\/site\/wp-content\/uploads\/2019\/10\/20191015_1953278009442236188569014-1362x766.jpg 1362w\" sizes=\"auto, (max-width: 3000px) 100vw, 3000px\" \/><\/p>\n<p><img loading=\"lazy\" decoding=\"async\" class=\"alignnone wp-image-31037 size-full\" src=\"https:\/\/noticiasmercedinas.com\/site\/wp-content\/uploads\/2019\/10\/20191015_1939273297215213376898444.jpg\" width=\"3000\" height=\"1688\" srcset=\"https:\/\/noticiasmercedinas.com\/site\/wp-content\/uploads\/2019\/10\/20191015_1939273297215213376898444.jpg 3000w, https:\/\/noticiasmercedinas.com\/site\/wp-content\/uploads\/2019\/10\/20191015_1939273297215213376898444-300x169.jpg 300w, https:\/\/noticiasmercedinas.com\/site\/wp-content\/uploads\/2019\/10\/20191015_1939273297215213376898444-768x432.jpg 768w, https:\/\/noticiasmercedinas.com\/site\/wp-content\/uploads\/2019\/10\/20191015_1939273297215213376898444-1024x576.jpg 1024w, https:\/\/noticiasmercedinas.com\/site\/wp-content\/uploads\/2019\/10\/20191015_1939273297215213376898444-640x360.jpg 640w, https:\/\/noticiasmercedinas.com\/site\/wp-content\/uploads\/2019\/10\/20191015_1939273297215213376898444-1280x720.jpg 1280w, https:\/\/noticiasmercedinas.com\/site\/wp-content\/uploads\/2019\/10\/20191015_1939273297215213376898444-681x383.jpg 681w, https:\/\/noticiasmercedinas.com\/site\/wp-content\/uploads\/2019\/10\/20191015_1939273297215213376898444-1362x766.jpg 1362w\" sizes=\"auto, (max-width: 3000px) 100vw, 3000px\" \/><\/p>\n","protected":false},"excerpt":{"rendered":"<p>Con 27 proyectos presentados, este martes por la noche se llev\u00f3 adelante una nueva sesi\u00f3n ordinaria en el Concejo Deliberante de Mercedes. Llam\u00f3 la atenci\u00f3n por su tranquilidad, a pocos d\u00edas de las elecciones, con un muy buen clima entre los diferentes bloques pol\u00edticos. Con varias peticiones particulares que fueron destinadas a comisi\u00f3n, entre ellas [&hellip;]<\/p>\n","protected":false},"author":2,"featured_media":31039,"comment_status":"open","ping_status":"open","sticky":false,"template":"","format":"standard","meta":{"footnotes":""},"categories":[16],"tags":[243,19,6161,4050],"class_list":["post-31022","post","type-post","status-publish","format-standard","has-post-thumbnail","hentry","category-politica","tag-concejo-deliberante","tag-hcd","tag-proyectos","tag-sesion-ordinaria"],"yoast_head":"<!-- This site is optimized with the Yoast SEO plugin v27.4 - https:\/\/yoast.com\/product\/yoast-seo-wordpress\/ -->\n<title>Tranquila sesi\u00f3n con 27 nuevos proyectos de trabajo<\/title>\n<meta name=\"robots\" content=\"index, follow, max-snippet:-1, max-image-preview:large, max-video-preview:-1\" \/>\n<link rel=\"canonical\" href=\"https:\/\/noticiasmercedinas.com\/site\/2019\/10\/15\/tranquila-sesion-con-27-nuevos-proyectos-de-trabajo\/\" \/>\n<meta property=\"og:locale\" content=\"es_ES\" \/>\n<meta property=\"og:type\" content=\"article\" \/>\n<meta property=\"og:title\" content=\"Tranquila sesi\u00f3n con 27 nuevos proyectos de trabajo\" \/>\n<meta property=\"og:description\" content=\"Con 27 proyectos presentados, este martes por la noche se llev\u00f3 adelante una nueva sesi\u00f3n ordinaria en el Concejo Deliberante de Mercedes. Llam\u00f3 la atenci\u00f3n por su tranquilidad, a pocos d\u00edas de las elecciones, con un muy buen clima entre los diferentes bloques pol\u00edticos. Con varias peticiones particulares que fueron destinadas a comisi\u00f3n, entre ellas [&hellip;]\" \/>\n<meta property=\"og:url\" content=\"https:\/\/noticiasmercedinas.com\/site\/2019\/10\/15\/tranquila-sesion-con-27-nuevos-proyectos-de-trabajo\/\" \/>\n<meta property=\"og:site_name\" content=\"NOTICIASMERCEDINAS.COM\" \/>\n<meta property=\"article:publisher\" content=\"https:\/\/www.facebook.com\/noticiasmercedinas\/\" \/>\n<meta property=\"article:author\" content=\"https:\/\/www.facebook.com\/cristian.falabella\" \/>\n<meta property=\"article:published_time\" content=\"2019-10-15T23:20:58+00:00\" \/>\n<meta property=\"article:modified_time\" content=\"2019-10-16T00:05:58+00:00\" \/>\n<meta property=\"og:image\" content=\"https:\/\/noticiasmercedinas.com\/site\/wp-content\/uploads\/2019\/10\/20191015_1953278009442236188569014.jpg\" \/>\n\t<meta property=\"og:image:width\" content=\"3000\" \/>\n\t<meta property=\"og:image:height\" content=\"1688\" \/>\n\t<meta property=\"og:image:type\" content=\"image\/jpeg\" \/>\n<meta name=\"author\" content=\"Cristian Falabella NOTICIASMERCEDINAS.COM\" \/>\n<meta name=\"twitter:card\" content=\"summary_large_image\" \/>\n<meta name=\"twitter:creator\" content=\"@https:\/\/twitter.com\/NOTMERCEDINAS\" \/>\n<meta name=\"twitter:site\" content=\"@notmercedinas\" \/>\n<meta name=\"twitter:label1\" content=\"Escrito por\" \/>\n\t<meta name=\"twitter:data1\" content=\"Cristian Falabella NOTICIASMERCEDINAS.COM\" \/>\n\t<meta name=\"twitter:label2\" content=\"Tiempo de lectura\" \/>\n\t<meta name=\"twitter:data2\" content=\"3 minutos\" \/>\n<script type=\"application\/ld+json\" class=\"yoast-schema-graph\">{\"@context\":\"https:\\\/\\\/schema.org\",\"@graph\":[{\"@type\":\"Article\",\"@id\":\"https:\\\/\\\/noticiasmercedinas.com\\\/site\\\/2019\\\/10\\\/15\\\/tranquila-sesion-con-27-nuevos-proyectos-de-trabajo\\\/#article\",\"isPartOf\":{\"@id\":\"https:\\\/\\\/noticiasmercedinas.com\\\/site\\\/2019\\\/10\\\/15\\\/tranquila-sesion-con-27-nuevos-proyectos-de-trabajo\\\/\"},\"author\":{\"name\":\"Cristian Falabella NOTICIASMERCEDINAS.COM\",\"@id\":\"https:\\\/\\\/noticiasmercedinas.com\\\/site\\\/#\\\/schema\\\/person\\\/d481a9696a5feaec13a60e2bbd991a6a\"},\"headline\":\"Tranquila sesi\u00f3n con 27 nuevos proyectos de trabajo\",\"datePublished\":\"2019-10-15T23:20:58+00:00\",\"dateModified\":\"2019-10-16T00:05:58+00:00\",\"mainEntityOfPage\":{\"@id\":\"https:\\\/\\\/noticiasmercedinas.com\\\/site\\\/2019\\\/10\\\/15\\\/tranquila-sesion-con-27-nuevos-proyectos-de-trabajo\\\/\"},\"wordCount\":672,\"commentCount\":0,\"publisher\":{\"@id\":\"https:\\\/\\\/noticiasmercedinas.com\\\/site\\\/#organization\"},\"image\":{\"@id\":\"https:\\\/\\\/noticiasmercedinas.com\\\/site\\\/2019\\\/10\\\/15\\\/tranquila-sesion-con-27-nuevos-proyectos-de-trabajo\\\/#primaryimage\"},\"thumbnailUrl\":\"https:\\\/\\\/noticiasmercedinas.com\\\/site\\\/wp-content\\\/uploads\\\/2019\\\/10\\\/20191015_1953278009442236188569014.jpg\",\"keywords\":[\"concejo deliberante\",\"HCD\",\"proyectos\",\"sesi\u00f3n ordinaria\"],\"articleSection\":[\"Politica\"],\"inLanguage\":\"es\",\"potentialAction\":[{\"@type\":\"CommentAction\",\"name\":\"Comment\",\"target\":[\"https:\\\/\\\/noticiasmercedinas.com\\\/site\\\/2019\\\/10\\\/15\\\/tranquila-sesion-con-27-nuevos-proyectos-de-trabajo\\\/#respond\"]}]},{\"@type\":\"WebPage\",\"@id\":\"https:\\\/\\\/noticiasmercedinas.com\\\/site\\\/2019\\\/10\\\/15\\\/tranquila-sesion-con-27-nuevos-proyectos-de-trabajo\\\/\",\"url\":\"https:\\\/\\\/noticiasmercedinas.com\\\/site\\\/2019\\\/10\\\/15\\\/tranquila-sesion-con-27-nuevos-proyectos-de-trabajo\\\/\",\"name\":\"Tranquila sesi\u00f3n con 27 nuevos proyectos de trabajo\",\"isPartOf\":{\"@id\":\"https:\\\/\\\/noticiasmercedinas.com\\\/site\\\/#website\"},\"primaryImageOfPage\":{\"@id\":\"https:\\\/\\\/noticiasmercedinas.com\\\/site\\\/2019\\\/10\\\/15\\\/tranquila-sesion-con-27-nuevos-proyectos-de-trabajo\\\/#primaryimage\"},\"image\":{\"@id\":\"https:\\\/\\\/noticiasmercedinas.com\\\/site\\\/2019\\\/10\\\/15\\\/tranquila-sesion-con-27-nuevos-proyectos-de-trabajo\\\/#primaryimage\"},\"thumbnailUrl\":\"https:\\\/\\\/noticiasmercedinas.com\\\/site\\\/wp-content\\\/uploads\\\/2019\\\/10\\\/20191015_1953278009442236188569014.jpg\",\"datePublished\":\"2019-10-15T23:20:58+00:00\",\"dateModified\":\"2019-10-16T00:05:58+00:00\",\"breadcrumb\":{\"@id\":\"https:\\\/\\\/noticiasmercedinas.com\\\/site\\\/2019\\\/10\\\/15\\\/tranquila-sesion-con-27-nuevos-proyectos-de-trabajo\\\/#breadcrumb\"},\"inLanguage\":\"es\",\"potentialAction\":[{\"@type\":\"ReadAction\",\"target\":[\"https:\\\/\\\/noticiasmercedinas.com\\\/site\\\/2019\\\/10\\\/15\\\/tranquila-sesion-con-27-nuevos-proyectos-de-trabajo\\\/\"]}]},{\"@type\":\"ImageObject\",\"inLanguage\":\"es\",\"@id\":\"https:\\\/\\\/noticiasmercedinas.com\\\/site\\\/2019\\\/10\\\/15\\\/tranquila-sesion-con-27-nuevos-proyectos-de-trabajo\\\/#primaryimage\",\"url\":\"https:\\\/\\\/noticiasmercedinas.com\\\/site\\\/wp-content\\\/uploads\\\/2019\\\/10\\\/20191015_1953278009442236188569014.jpg\",\"contentUrl\":\"https:\\\/\\\/noticiasmercedinas.com\\\/site\\\/wp-content\\\/uploads\\\/2019\\\/10\\\/20191015_1953278009442236188569014.jpg\",\"width\":3000,\"height\":1688},{\"@type\":\"BreadcrumbList\",\"@id\":\"https:\\\/\\\/noticiasmercedinas.com\\\/site\\\/2019\\\/10\\\/15\\\/tranquila-sesion-con-27-nuevos-proyectos-de-trabajo\\\/#breadcrumb\",\"itemListElement\":[{\"@type\":\"ListItem\",\"position\":1,\"name\":\"Portada\",\"item\":\"https:\\\/\\\/noticiasmercedinas.com\\\/site\\\/\"},{\"@type\":\"ListItem\",\"position\":2,\"name\":\"Tranquila sesi\u00f3n con 27 nuevos proyectos de trabajo\"}]},{\"@type\":\"WebSite\",\"@id\":\"https:\\\/\\\/noticiasmercedinas.com\\\/site\\\/#website\",\"url\":\"https:\\\/\\\/noticiasmercedinas.com\\\/site\\\/\",\"name\":\"NOTICIASMERCEDINAS.COM\",\"description\":\"Mercedes, Buenos Aires, Argentina\",\"publisher\":{\"@id\":\"https:\\\/\\\/noticiasmercedinas.com\\\/site\\\/#organization\"},\"potentialAction\":[{\"@type\":\"SearchAction\",\"target\":{\"@type\":\"EntryPoint\",\"urlTemplate\":\"https:\\\/\\\/noticiasmercedinas.com\\\/site\\\/?s={search_term_string}\"},\"query-input\":{\"@type\":\"PropertyValueSpecification\",\"valueRequired\":true,\"valueName\":\"search_term_string\"}}],\"inLanguage\":\"es\"},{\"@type\":\"Organization\",\"@id\":\"https:\\\/\\\/noticiasmercedinas.com\\\/site\\\/#organization\",\"name\":\"NOTICIASMERCEDINAS.COM\",\"url\":\"https:\\\/\\\/noticiasmercedinas.com\\\/site\\\/\",\"logo\":{\"@type\":\"ImageObject\",\"inLanguage\":\"es\",\"@id\":\"https:\\\/\\\/noticiasmercedinas.com\\\/site\\\/#\\\/schema\\\/logo\\\/image\\\/\",\"url\":\"https:\\\/\\\/noticiasmercedinas.com\\\/site\\\/wp-content\\\/uploads\\\/2020\\\/06\\\/LOGO-512.jpg\",\"contentUrl\":\"https:\\\/\\\/noticiasmercedinas.com\\\/site\\\/wp-content\\\/uploads\\\/2020\\\/06\\\/LOGO-512.jpg\",\"width\":512,\"height\":512,\"caption\":\"NOTICIASMERCEDINAS.COM\"},\"image\":{\"@id\":\"https:\\\/\\\/noticiasmercedinas.com\\\/site\\\/#\\\/schema\\\/logo\\\/image\\\/\"},\"sameAs\":[\"https:\\\/\\\/www.facebook.com\\\/noticiasmercedinas\\\/\",\"https:\\\/\\\/x.com\\\/notmercedinas\",\"https:\\\/\\\/www.instagram.com\\\/noticiasmercedinas\\\/\"]},{\"@type\":\"Person\",\"@id\":\"https:\\\/\\\/noticiasmercedinas.com\\\/site\\\/#\\\/schema\\\/person\\\/d481a9696a5feaec13a60e2bbd991a6a\",\"name\":\"Cristian Falabella NOTICIASMERCEDINAS.COM\",\"image\":{\"@type\":\"ImageObject\",\"inLanguage\":\"es\",\"@id\":\"https:\\\/\\\/secure.gravatar.com\\\/avatar\\\/0dbbfc45970cc46bcd0e57766228574ff3511d6eed045b182f536f0f478c1f06?s=96&d=mm&r=g\",\"url\":\"https:\\\/\\\/secure.gravatar.com\\\/avatar\\\/0dbbfc45970cc46bcd0e57766228574ff3511d6eed045b182f536f0f478c1f06?s=96&d=mm&r=g\",\"contentUrl\":\"https:\\\/\\\/secure.gravatar.com\\\/avatar\\\/0dbbfc45970cc46bcd0e57766228574ff3511d6eed045b182f536f0f478c1f06?s=96&d=mm&r=g\",\"caption\":\"Cristian Falabella NOTICIASMERCEDINAS.COM\"},\"description\":\"Periodista, editor de Noticias Mercedinas. Pas\u00f3 por varias redacciones y emprendimientos de prensa, en distintos formatos y \u00e9pocas. Se especializ\u00f3 --y sigue haci\u00e9ndolo-- en comunicaci\u00f3n en la web y en junio de 2006 fund\u00f3 este diario digital.\",\"sameAs\":[\"https:\\\/\\\/noticiasmercedinas.com\",\"https:\\\/\\\/www.facebook.com\\\/cristian.falabella\",\"https:\\\/\\\/www.instagram.com\\\/noticiasmercedinas\\\/\",\"https:\\\/\\\/x.com\\\/https:\\\/\\\/twitter.com\\\/NOTMERCEDINAS\"],\"url\":\"https:\\\/\\\/noticiasmercedinas.com\\\/site\\\/author\\\/as000384\\\/\"}]}<\/script>\n<!-- \/ Yoast SEO plugin. -->","yoast_head_json":{"title":"Tranquila sesi\u00f3n con 27 nuevos proyectos de trabajo","robots":{"index":"index","follow":"follow","max-snippet":"max-snippet:-1","max-image-preview":"max-image-preview:large","max-video-preview":"max-video-preview:-1"},"canonical":"https:\/\/noticiasmercedinas.com\/site\/2019\/10\/15\/tranquila-sesion-con-27-nuevos-proyectos-de-trabajo\/","og_locale":"es_ES","og_type":"article","og_title":"Tranquila sesi\u00f3n con 27 nuevos proyectos de trabajo","og_description":"Con 27 proyectos presentados, este martes por la noche se llev\u00f3 adelante una nueva sesi\u00f3n ordinaria en el Concejo Deliberante de Mercedes. Llam\u00f3 la atenci\u00f3n por su tranquilidad, a pocos d\u00edas de las elecciones, con un muy buen clima entre los diferentes bloques pol\u00edticos. Con varias peticiones particulares que fueron destinadas a comisi\u00f3n, entre ellas [&hellip;]","og_url":"https:\/\/noticiasmercedinas.com\/site\/2019\/10\/15\/tranquila-sesion-con-27-nuevos-proyectos-de-trabajo\/","og_site_name":"NOTICIASMERCEDINAS.COM","article_publisher":"https:\/\/www.facebook.com\/noticiasmercedinas\/","article_author":"https:\/\/www.facebook.com\/cristian.falabella","article_published_time":"2019-10-15T23:20:58+00:00","article_modified_time":"2019-10-16T00:05:58+00:00","og_image":[{"width":3000,"height":1688,"url":"https:\/\/noticiasmercedinas.com\/site\/wp-content\/uploads\/2019\/10\/20191015_1953278009442236188569014.jpg","type":"image\/jpeg"}],"author":"Cristian Falabella NOTICIASMERCEDINAS.COM","twitter_card":"summary_large_image","twitter_creator":"@https:\/\/twitter.com\/NOTMERCEDINAS","twitter_site":"@notmercedinas","twitter_misc":{"Escrito por":"Cristian Falabella NOTICIASMERCEDINAS.COM","Tiempo de lectura":"3 minutos"},"schema":{"@context":"https:\/\/schema.org","@graph":[{"@type":"Article","@id":"https:\/\/noticiasmercedinas.com\/site\/2019\/10\/15\/tranquila-sesion-con-27-nuevos-proyectos-de-trabajo\/#article","isPartOf":{"@id":"https:\/\/noticiasmercedinas.com\/site\/2019\/10\/15\/tranquila-sesion-con-27-nuevos-proyectos-de-trabajo\/"},"author":{"name":"Cristian Falabella NOTICIASMERCEDINAS.COM","@id":"https:\/\/noticiasmercedinas.com\/site\/#\/schema\/person\/d481a9696a5feaec13a60e2bbd991a6a"},"headline":"Tranquila sesi\u00f3n con 27 nuevos proyectos de trabajo","datePublished":"2019-10-15T23:20:58+00:00","dateModified":"2019-10-16T00:05:58+00:00","mainEntityOfPage":{"@id":"https:\/\/noticiasmercedinas.com\/site\/2019\/10\/15\/tranquila-sesion-con-27-nuevos-proyectos-de-trabajo\/"},"wordCount":672,"commentCount":0,"publisher":{"@id":"https:\/\/noticiasmercedinas.com\/site\/#organization"},"image":{"@id":"https:\/\/noticiasmercedinas.com\/site\/2019\/10\/15\/tranquila-sesion-con-27-nuevos-proyectos-de-trabajo\/#primaryimage"},"thumbnailUrl":"https:\/\/noticiasmercedinas.com\/site\/wp-content\/uploads\/2019\/10\/20191015_1953278009442236188569014.jpg","keywords":["concejo deliberante","HCD","proyectos","sesi\u00f3n ordinaria"],"articleSection":["Politica"],"inLanguage":"es","potentialAction":[{"@type":"CommentAction","name":"Comment","target":["https:\/\/noticiasmercedinas.com\/site\/2019\/10\/15\/tranquila-sesion-con-27-nuevos-proyectos-de-trabajo\/#respond"]}]},{"@type":"WebPage","@id":"https:\/\/noticiasmercedinas.com\/site\/2019\/10\/15\/tranquila-sesion-con-27-nuevos-proyectos-de-trabajo\/","url":"https:\/\/noticiasmercedinas.com\/site\/2019\/10\/15\/tranquila-sesion-con-27-nuevos-proyectos-de-trabajo\/","name":"Tranquila sesi\u00f3n con 27 nuevos proyectos de trabajo","isPartOf":{"@id":"https:\/\/noticiasmercedinas.com\/site\/#website"},"primaryImageOfPage":{"@id":"https:\/\/noticiasmercedinas.com\/site\/2019\/10\/15\/tranquila-sesion-con-27-nuevos-proyectos-de-trabajo\/#primaryimage"},"image":{"@id":"https:\/\/noticiasmercedinas.com\/site\/2019\/10\/15\/tranquila-sesion-con-27-nuevos-proyectos-de-trabajo\/#primaryimage"},"thumbnailUrl":"https:\/\/noticiasmercedinas.com\/site\/wp-content\/uploads\/2019\/10\/20191015_1953278009442236188569014.jpg","datePublished":"2019-10-15T23:20:58+00:00","dateModified":"2019-10-16T00:05:58+00:00","breadcrumb":{"@id":"https:\/\/noticiasmercedinas.com\/site\/2019\/10\/15\/tranquila-sesion-con-27-nuevos-proyectos-de-trabajo\/#breadcrumb"},"inLanguage":"es","potentialAction":[{"@type":"ReadAction","target":["https:\/\/noticiasmercedinas.com\/site\/2019\/10\/15\/tranquila-sesion-con-27-nuevos-proyectos-de-trabajo\/"]}]},{"@type":"ImageObject","inLanguage":"es","@id":"https:\/\/noticiasmercedinas.com\/site\/2019\/10\/15\/tranquila-sesion-con-27-nuevos-proyectos-de-trabajo\/#primaryimage","url":"https:\/\/noticiasmercedinas.com\/site\/wp-content\/uploads\/2019\/10\/20191015_1953278009442236188569014.jpg","contentUrl":"https:\/\/noticiasmercedinas.com\/site\/wp-content\/uploads\/2019\/10\/20191015_1953278009442236188569014.jpg","width":3000,"height":1688},{"@type":"BreadcrumbList","@id":"https:\/\/noticiasmercedinas.com\/site\/2019\/10\/15\/tranquila-sesion-con-27-nuevos-proyectos-de-trabajo\/#breadcrumb","itemListElement":[{"@type":"ListItem","position":1,"name":"Portada","item":"https:\/\/noticiasmercedinas.com\/site\/"},{"@type":"ListItem","position":2,"name":"Tranquila sesi\u00f3n con 27 nuevos proyectos de trabajo"}]},{"@type":"WebSite","@id":"https:\/\/noticiasmercedinas.com\/site\/#website","url":"https:\/\/noticiasmercedinas.com\/site\/","name":"NOTICIASMERCEDINAS.COM","description":"Mercedes, Buenos Aires, Argentina","publisher":{"@id":"https:\/\/noticiasmercedinas.com\/site\/#organization"},"potentialAction":[{"@type":"SearchAction","target":{"@type":"EntryPoint","urlTemplate":"https:\/\/noticiasmercedinas.com\/site\/?s={search_term_string}"},"query-input":{"@type":"PropertyValueSpecification","valueRequired":true,"valueName":"search_term_string"}}],"inLanguage":"es"},{"@type":"Organization","@id":"https:\/\/noticiasmercedinas.com\/site\/#organization","name":"NOTICIASMERCEDINAS.COM","url":"https:\/\/noticiasmercedinas.com\/site\/","logo":{"@type":"ImageObject","inLanguage":"es","@id":"https:\/\/noticiasmercedinas.com\/site\/#\/schema\/logo\/image\/","url":"https:\/\/noticiasmercedinas.com\/site\/wp-content\/uploads\/2020\/06\/LOGO-512.jpg","contentUrl":"https:\/\/noticiasmercedinas.com\/site\/wp-content\/uploads\/2020\/06\/LOGO-512.jpg","width":512,"height":512,"caption":"NOTICIASMERCEDINAS.COM"},"image":{"@id":"https:\/\/noticiasmercedinas.com\/site\/#\/schema\/logo\/image\/"},"sameAs":["https:\/\/www.facebook.com\/noticiasmercedinas\/","https:\/\/x.com\/notmercedinas","https:\/\/www.instagram.com\/noticiasmercedinas\/"]},{"@type":"Person","@id":"https:\/\/noticiasmercedinas.com\/site\/#\/schema\/person\/d481a9696a5feaec13a60e2bbd991a6a","name":"Cristian Falabella NOTICIASMERCEDINAS.COM","image":{"@type":"ImageObject","inLanguage":"es","@id":"https:\/\/secure.gravatar.com\/avatar\/0dbbfc45970cc46bcd0e57766228574ff3511d6eed045b182f536f0f478c1f06?s=96&d=mm&r=g","url":"https:\/\/secure.gravatar.com\/avatar\/0dbbfc45970cc46bcd0e57766228574ff3511d6eed045b182f536f0f478c1f06?s=96&d=mm&r=g","contentUrl":"https:\/\/secure.gravatar.com\/avatar\/0dbbfc45970cc46bcd0e57766228574ff3511d6eed045b182f536f0f478c1f06?s=96&d=mm&r=g","caption":"Cristian Falabella NOTICIASMERCEDINAS.COM"},"description":"Periodista, editor de Noticias Mercedinas. Pas\u00f3 por varias redacciones y emprendimientos de prensa, en distintos formatos y \u00e9pocas. Se especializ\u00f3 --y sigue haci\u00e9ndolo-- en comunicaci\u00f3n en la web y en junio de 2006 fund\u00f3 este diario digital.","sameAs":["https:\/\/noticiasmercedinas.com","https:\/\/www.facebook.com\/cristian.falabella","https:\/\/www.instagram.com\/noticiasmercedinas\/","https:\/\/x.com\/https:\/\/twitter.com\/NOTMERCEDINAS"],"url":"https:\/\/noticiasmercedinas.com\/site\/author\/as000384\/"}]}},"amp_enabled":true,"_links":{"self":[{"href":"https:\/\/noticiasmercedinas.com\/site\/wp-json\/wp\/v2\/posts\/31022","targetHints":{"allow":["GET"]}}],"collection":[{"href":"https:\/\/noticiasmercedinas.com\/site\/wp-json\/wp\/v2\/posts"}],"about":[{"href":"https:\/\/noticiasmercedinas.com\/site\/wp-json\/wp\/v2\/types\/post"}],"author":[{"embeddable":true,"href":"https:\/\/noticiasmercedinas.com\/site\/wp-json\/wp\/v2\/users\/2"}],"replies":[{"embeddable":true,"href":"https:\/\/noticiasmercedinas.com\/site\/wp-json\/wp\/v2\/comments?post=31022"}],"version-history":[{"count":5,"href":"https:\/\/noticiasmercedinas.com\/site\/wp-json\/wp\/v2\/posts\/31022\/revisions"}],"predecessor-version":[{"id":31050,"href":"https:\/\/noticiasmercedinas.com\/site\/wp-json\/wp\/v2\/posts\/31022\/revisions\/31050"}],"wp:featuredmedia":[{"embeddable":true,"href":"https:\/\/noticiasmercedinas.com\/site\/wp-json\/wp\/v2\/media\/31039"}],"wp:attachment":[{"href":"https:\/\/noticiasmercedinas.com\/site\/wp-json\/wp\/v2\/media?parent=31022"}],"wp:term":[{"taxonomy":"category","embeddable":true,"href":"https:\/\/noticiasmercedinas.com\/site\/wp-json\/wp\/v2\/categories?post=31022"},{"taxonomy":"post_tag","embeddable":true,"href":"https:\/\/noticiasmercedinas.com\/site\/wp-json\/wp\/v2\/tags?post=31022"}],"curies":[{"name":"wp","href":"https:\/\/api.w.org\/{rel}","templated":true}]}}