{"id":31060,"date":"2019-10-16T09:13:39","date_gmt":"2019-10-16T12:13:39","guid":{"rendered":"https:\/\/noticiasmercedinas.com\/site\/?p=31060"},"modified":"2019-10-16T09:13:39","modified_gmt":"2019-10-16T12:13:39","slug":"sigma-vecinos-de-zona-rural-plantearon-peticion-en-el-concejo-y-aguardan-respuestas","status":"publish","type":"post","link":"https:\/\/noticiasmercedinas.com\/site\/2019\/10\/16\/sigma-vecinos-de-zona-rural-plantearon-peticion-en-el-concejo-y-aguardan-respuestas\/","title":{"rendered":"Sigma: vecinos de zona rural plantearon petici\u00f3n en el Concejo y aguardan respuestas"},"content":{"rendered":"<p><img loading=\"lazy\" decoding=\"async\" class=\"alignnone size-full wp-image-31061\" src=\"https:\/\/noticiasmercedinas.com\/site\/wp-content\/uploads\/2019\/10\/dd0586d6-63c9-4b4b-813c-1fbbdf74c239.jpg\" alt=\"\" width=\"640\" height=\"475\" srcset=\"https:\/\/noticiasmercedinas.com\/site\/wp-content\/uploads\/2019\/10\/dd0586d6-63c9-4b4b-813c-1fbbdf74c239.jpg 640w, https:\/\/noticiasmercedinas.com\/site\/wp-content\/uploads\/2019\/10\/dd0586d6-63c9-4b4b-813c-1fbbdf74c239-300x223.jpg 300w, https:\/\/noticiasmercedinas.com\/site\/wp-content\/uploads\/2019\/10\/dd0586d6-63c9-4b4b-813c-1fbbdf74c239-80x60.jpg 80w, https:\/\/noticiasmercedinas.com\/site\/wp-content\/uploads\/2019\/10\/dd0586d6-63c9-4b4b-813c-1fbbdf74c239-160x120.jpg 160w, https:\/\/noticiasmercedinas.com\/site\/wp-content\/uploads\/2019\/10\/dd0586d6-63c9-4b4b-813c-1fbbdf74c239-100x75.jpg 100w, https:\/\/noticiasmercedinas.com\/site\/wp-content\/uploads\/2019\/10\/dd0586d6-63c9-4b4b-813c-1fbbdf74c239-180x135.jpg 180w, https:\/\/noticiasmercedinas.com\/site\/wp-content\/uploads\/2019\/10\/dd0586d6-63c9-4b4b-813c-1fbbdf74c239-238x178.jpg 238w\" sizes=\"auto, (max-width: 640px) 100vw, 640px\" \/><\/p>\n<p>En la <a href=\"https:\/\/noticiasmercedinas.com\/site\/2019\/10\/15\/tranquila-sesion-con-27-nuevos-proyectos-de-trabajo\/\" target=\"_blank\" rel=\"noopener noreferrer\"><span style=\"color: #000080;\"><strong>sesi\u00f3n ordinaria de este martes por la noche<\/strong><\/span><\/a> del Concejo Deliberante de Mercedes ingres\u00f3 una petici\u00f3n particular de una serie de vecinos de la zona de La Verde, que comenzar\u00e1 a ser tratada este mediod\u00eda en comisiones del Legislativo comunal. Tras <a href=\"https:\/\/noticiasmercedinas.com\/site\/2019\/09\/27\/incendio-de-grandes-proporciones-en-planta-de-agroquimicos-de-la-verde-un-herido\/\" target=\"_blank\" rel=\"noopener noreferrer\"><span style=\"color: #000080;\"><strong>el incendio de Sigma<\/strong><\/span><\/a>, los vecinos plantean a los ediles una serie de dudas y aguardan respuestas.<\/p>\n<p>En la petici\u00f3n, que tiene fecha 3 de octubre, los vecinos se presentan como de la zona rural de la verde, Altamira, Gowland, Agote y Tom\u00e1s Jofr\u00e9 y se manifiestan \u201cpreocupados ante la situaci\u00f3n ocurrida el pasado viernes con el incendio de la f\u00e1brica Sigma en la zona de La Verde\u201d.<\/p>\n<p>\u201cCada uno de nosotros somos id\u00f3neos en lo que hacemos pero para esta situaci\u00f3n necesitamos la presencia del Estado con los organismos que correspondan\u201d, expresan y plantean varias cuestiones, a saber:<\/p>\n<p>&#8211; \u00bfQu\u00e9 productos se derramaron a la tierra y cu\u00e1ntos litros?<\/p>\n<p>&#8211; Al tomar contacto dichos productos con las aguas subterr\u00e1neas, \u00bfqu\u00e9 sucede?<\/p>\n<p>&#8211; \u00bfHacia d\u00f3nde corren las napas de agua?<\/p>\n<p>&#8211; \u00bfC\u00f3mo saber si el agua que bebemos no est\u00e1 contaminada?<\/p>\n<p>&#8211; \u00bfSe sabe si en las cercan\u00edas hay productores de animales, verduras o frutas que puedan usar agua contaminada?<\/p>\n<p>&#8211; \u00bfHay que lavar los bebederos de animales?<\/p>\n<p>&#8211; \u00bfQu\u00e9 sucede con una huerta familiar? \u00bfSe puede regar? \u00bfHay que esperar un tiempo razonable para comer esos vegetales?<\/p>\n<p>&#8211; \u00bfSe realizaron an\u00e1lisis en la actualidad y a futuro a los animales en la grasa y en la sangre?<\/p>\n<p>Preguntas de los vecinos que esperan respuesta y que comenzar\u00e1n a tratarse este mi\u00e9rcoles en la Comisi\u00f3n de Planeamiento del Concejo Deliberante de Mercedes.<\/p>\n","protected":false},"excerpt":{"rendered":"<p>En la sesi\u00f3n ordinaria de este martes por la noche del Concejo Deliberante de Mercedes ingres\u00f3 una petici\u00f3n particular de una serie de vecinos de la zona de La Verde, que comenzar\u00e1 a ser tratada este mediod\u00eda en comisiones del Legislativo comunal. Tras el incendio de Sigma, los vecinos plantean a los ediles una serie [&hellip;]<\/p>\n","protected":false},"author":2,"featured_media":31061,"comment_status":"open","ping_status":"open","sticky":false,"template":"","format":"standard","meta":{"footnotes":""},"categories":[5754,2],"tags":[243,6258,6638,6663,239],"class_list":["post-31060","post","type-post","status-publish","format-standard","has-post-thumbnail","hentry","category-medio-ambiente","category-featured","tag-concejo-deliberante","tag-la-verde","tag-sigma","tag-sigma-agro","tag-vecinos"],"yoast_head":"<!-- This site is optimized with the Yoast SEO plugin v27.4 - https:\/\/yoast.com\/product\/yoast-seo-wordpress\/ -->\n<title>Sigma: vecinos de zona rural plantearon petici\u00f3n en el Concejo y aguardan respuestas<\/title>\n<meta name=\"robots\" content=\"index, follow, max-snippet:-1, max-image-preview:large, max-video-preview:-1\" \/>\n<link rel=\"canonical\" href=\"https:\/\/noticiasmercedinas.com\/site\/2019\/10\/16\/sigma-vecinos-de-zona-rural-plantearon-peticion-en-el-concejo-y-aguardan-respuestas\/\" \/>\n<meta property=\"og:locale\" content=\"es_ES\" \/>\n<meta property=\"og:type\" content=\"article\" \/>\n<meta property=\"og:title\" content=\"Sigma: vecinos de zona rural plantearon petici\u00f3n en el Concejo y aguardan respuestas\" \/>\n<meta property=\"og:description\" content=\"En la sesi\u00f3n ordinaria de este martes por la noche del Concejo Deliberante de Mercedes ingres\u00f3 una petici\u00f3n particular de una serie de vecinos de la zona de La Verde, que comenzar\u00e1 a ser tratada este mediod\u00eda en comisiones del Legislativo comunal. Tras el incendio de Sigma, los vecinos plantean a los ediles una serie [&hellip;]\" \/>\n<meta property=\"og:url\" content=\"https:\/\/noticiasmercedinas.com\/site\/2019\/10\/16\/sigma-vecinos-de-zona-rural-plantearon-peticion-en-el-concejo-y-aguardan-respuestas\/\" \/>\n<meta property=\"og:site_name\" content=\"NOTICIASMERCEDINAS.COM\" \/>\n<meta property=\"article:publisher\" content=\"https:\/\/www.facebook.com\/noticiasmercedinas\/\" \/>\n<meta property=\"article:author\" content=\"https:\/\/www.facebook.com\/cristian.falabella\" \/>\n<meta property=\"article:published_time\" content=\"2019-10-16T12:13:39+00:00\" \/>\n<meta property=\"og:image\" content=\"https:\/\/noticiasmercedinas.com\/site\/wp-content\/uploads\/2019\/10\/dd0586d6-63c9-4b4b-813c-1fbbdf74c239.jpg\" \/>\n\t<meta property=\"og:image:width\" content=\"640\" \/>\n\t<meta property=\"og:image:height\" content=\"475\" \/>\n\t<meta property=\"og:image:type\" content=\"image\/jpeg\" \/>\n<meta name=\"author\" content=\"Cristian Falabella NOTICIASMERCEDINAS.COM\" \/>\n<meta name=\"twitter:card\" content=\"summary_large_image\" \/>\n<meta name=\"twitter:creator\" content=\"@https:\/\/twitter.com\/NOTMERCEDINAS\" \/>\n<meta name=\"twitter:site\" content=\"@notmercedinas\" \/>\n<meta name=\"twitter:label1\" content=\"Escrito por\" \/>\n\t<meta name=\"twitter:data1\" content=\"Cristian Falabella NOTICIASMERCEDINAS.COM\" \/>\n\t<meta name=\"twitter:label2\" content=\"Tiempo de lectura\" \/>\n\t<meta name=\"twitter:data2\" content=\"1 minuto\" \/>\n<script type=\"application\/ld+json\" class=\"yoast-schema-graph\">{\"@context\":\"https:\\\/\\\/schema.org\",\"@graph\":[{\"@type\":\"Article\",\"@id\":\"https:\\\/\\\/noticiasmercedinas.com\\\/site\\\/2019\\\/10\\\/16\\\/sigma-vecinos-de-zona-rural-plantearon-peticion-en-el-concejo-y-aguardan-respuestas\\\/#article\",\"isPartOf\":{\"@id\":\"https:\\\/\\\/noticiasmercedinas.com\\\/site\\\/2019\\\/10\\\/16\\\/sigma-vecinos-de-zona-rural-plantearon-peticion-en-el-concejo-y-aguardan-respuestas\\\/\"},\"author\":{\"name\":\"Cristian Falabella NOTICIASMERCEDINAS.COM\",\"@id\":\"https:\\\/\\\/noticiasmercedinas.com\\\/site\\\/#\\\/schema\\\/person\\\/d481a9696a5feaec13a60e2bbd991a6a\"},\"headline\":\"Sigma: vecinos de zona rural plantearon petici\u00f3n en el Concejo y aguardan respuestas\",\"datePublished\":\"2019-10-16T12:13:39+00:00\",\"mainEntityOfPage\":{\"@id\":\"https:\\\/\\\/noticiasmercedinas.com\\\/site\\\/2019\\\/10\\\/16\\\/sigma-vecinos-de-zona-rural-plantearon-peticion-en-el-concejo-y-aguardan-respuestas\\\/\"},\"wordCount\":306,\"commentCount\":0,\"publisher\":{\"@id\":\"https:\\\/\\\/noticiasmercedinas.com\\\/site\\\/#organization\"},\"image\":{\"@id\":\"https:\\\/\\\/noticiasmercedinas.com\\\/site\\\/2019\\\/10\\\/16\\\/sigma-vecinos-de-zona-rural-plantearon-peticion-en-el-concejo-y-aguardan-respuestas\\\/#primaryimage\"},\"thumbnailUrl\":\"https:\\\/\\\/noticiasmercedinas.com\\\/site\\\/wp-content\\\/uploads\\\/2019\\\/10\\\/dd0586d6-63c9-4b4b-813c-1fbbdf74c239.jpg\",\"keywords\":[\"concejo deliberante\",\"la verde\",\"sigma\",\"Sigma agro\",\"vecinos\"],\"articleSection\":[\"Ambiente\",\"Especiales\"],\"inLanguage\":\"es\",\"potentialAction\":[{\"@type\":\"CommentAction\",\"name\":\"Comment\",\"target\":[\"https:\\\/\\\/noticiasmercedinas.com\\\/site\\\/2019\\\/10\\\/16\\\/sigma-vecinos-de-zona-rural-plantearon-peticion-en-el-concejo-y-aguardan-respuestas\\\/#respond\"]}]},{\"@type\":\"WebPage\",\"@id\":\"https:\\\/\\\/noticiasmercedinas.com\\\/site\\\/2019\\\/10\\\/16\\\/sigma-vecinos-de-zona-rural-plantearon-peticion-en-el-concejo-y-aguardan-respuestas\\\/\",\"url\":\"https:\\\/\\\/noticiasmercedinas.com\\\/site\\\/2019\\\/10\\\/16\\\/sigma-vecinos-de-zona-rural-plantearon-peticion-en-el-concejo-y-aguardan-respuestas\\\/\",\"name\":\"Sigma: vecinos de zona rural plantearon petici\u00f3n en el Concejo y aguardan respuestas\",\"isPartOf\":{\"@id\":\"https:\\\/\\\/noticiasmercedinas.com\\\/site\\\/#website\"},\"primaryImageOfPage\":{\"@id\":\"https:\\\/\\\/noticiasmercedinas.com\\\/site\\\/2019\\\/10\\\/16\\\/sigma-vecinos-de-zona-rural-plantearon-peticion-en-el-concejo-y-aguardan-respuestas\\\/#primaryimage\"},\"image\":{\"@id\":\"https:\\\/\\\/noticiasmercedinas.com\\\/site\\\/2019\\\/10\\\/16\\\/sigma-vecinos-de-zona-rural-plantearon-peticion-en-el-concejo-y-aguardan-respuestas\\\/#primaryimage\"},\"thumbnailUrl\":\"https:\\\/\\\/noticiasmercedinas.com\\\/site\\\/wp-content\\\/uploads\\\/2019\\\/10\\\/dd0586d6-63c9-4b4b-813c-1fbbdf74c239.jpg\",\"datePublished\":\"2019-10-16T12:13:39+00:00\",\"breadcrumb\":{\"@id\":\"https:\\\/\\\/noticiasmercedinas.com\\\/site\\\/2019\\\/10\\\/16\\\/sigma-vecinos-de-zona-rural-plantearon-peticion-en-el-concejo-y-aguardan-respuestas\\\/#breadcrumb\"},\"inLanguage\":\"es\",\"potentialAction\":[{\"@type\":\"ReadAction\",\"target\":[\"https:\\\/\\\/noticiasmercedinas.com\\\/site\\\/2019\\\/10\\\/16\\\/sigma-vecinos-de-zona-rural-plantearon-peticion-en-el-concejo-y-aguardan-respuestas\\\/\"]}]},{\"@type\":\"ImageObject\",\"inLanguage\":\"es\",\"@id\":\"https:\\\/\\\/noticiasmercedinas.com\\\/site\\\/2019\\\/10\\\/16\\\/sigma-vecinos-de-zona-rural-plantearon-peticion-en-el-concejo-y-aguardan-respuestas\\\/#primaryimage\",\"url\":\"https:\\\/\\\/noticiasmercedinas.com\\\/site\\\/wp-content\\\/uploads\\\/2019\\\/10\\\/dd0586d6-63c9-4b4b-813c-1fbbdf74c239.jpg\",\"contentUrl\":\"https:\\\/\\\/noticiasmercedinas.com\\\/site\\\/wp-content\\\/uploads\\\/2019\\\/10\\\/dd0586d6-63c9-4b4b-813c-1fbbdf74c239.jpg\",\"width\":640,\"height\":475},{\"@type\":\"BreadcrumbList\",\"@id\":\"https:\\\/\\\/noticiasmercedinas.com\\\/site\\\/2019\\\/10\\\/16\\\/sigma-vecinos-de-zona-rural-plantearon-peticion-en-el-concejo-y-aguardan-respuestas\\\/#breadcrumb\",\"itemListElement\":[{\"@type\":\"ListItem\",\"position\":1,\"name\":\"Portada\",\"item\":\"https:\\\/\\\/noticiasmercedinas.com\\\/site\\\/\"},{\"@type\":\"ListItem\",\"position\":2,\"name\":\"Sigma: vecinos de zona rural plantearon petici\u00f3n en el Concejo y aguardan respuestas\"}]},{\"@type\":\"WebSite\",\"@id\":\"https:\\\/\\\/noticiasmercedinas.com\\\/site\\\/#website\",\"url\":\"https:\\\/\\\/noticiasmercedinas.com\\\/site\\\/\",\"name\":\"NOTICIASMERCEDINAS.COM\",\"description\":\"Mercedes, Buenos Aires, Argentina\",\"publisher\":{\"@id\":\"https:\\\/\\\/noticiasmercedinas.com\\\/site\\\/#organization\"},\"potentialAction\":[{\"@type\":\"SearchAction\",\"target\":{\"@type\":\"EntryPoint\",\"urlTemplate\":\"https:\\\/\\\/noticiasmercedinas.com\\\/site\\\/?s={search_term_string}\"},\"query-input\":{\"@type\":\"PropertyValueSpecification\",\"valueRequired\":true,\"valueName\":\"search_term_string\"}}],\"inLanguage\":\"es\"},{\"@type\":\"Organization\",\"@id\":\"https:\\\/\\\/noticiasmercedinas.com\\\/site\\\/#organization\",\"name\":\"NOTICIASMERCEDINAS.COM\",\"url\":\"https:\\\/\\\/noticiasmercedinas.com\\\/site\\\/\",\"logo\":{\"@type\":\"ImageObject\",\"inLanguage\":\"es\",\"@id\":\"https:\\\/\\\/noticiasmercedinas.com\\\/site\\\/#\\\/schema\\\/logo\\\/image\\\/\",\"url\":\"https:\\\/\\\/noticiasmercedinas.com\\\/site\\\/wp-content\\\/uploads\\\/2020\\\/06\\\/LOGO-512.jpg\",\"contentUrl\":\"https:\\\/\\\/noticiasmercedinas.com\\\/site\\\/wp-content\\\/uploads\\\/2020\\\/06\\\/LOGO-512.jpg\",\"width\":512,\"height\":512,\"caption\":\"NOTICIASMERCEDINAS.COM\"},\"image\":{\"@id\":\"https:\\\/\\\/noticiasmercedinas.com\\\/site\\\/#\\\/schema\\\/logo\\\/image\\\/\"},\"sameAs\":[\"https:\\\/\\\/www.facebook.com\\\/noticiasmercedinas\\\/\",\"https:\\\/\\\/x.com\\\/notmercedinas\",\"https:\\\/\\\/www.instagram.com\\\/noticiasmercedinas\\\/\"]},{\"@type\":\"Person\",\"@id\":\"https:\\\/\\\/noticiasmercedinas.com\\\/site\\\/#\\\/schema\\\/person\\\/d481a9696a5feaec13a60e2bbd991a6a\",\"name\":\"Cristian Falabella NOTICIASMERCEDINAS.COM\",\"image\":{\"@type\":\"ImageObject\",\"inLanguage\":\"es\",\"@id\":\"https:\\\/\\\/secure.gravatar.com\\\/avatar\\\/0dbbfc45970cc46bcd0e57766228574ff3511d6eed045b182f536f0f478c1f06?s=96&d=mm&r=g\",\"url\":\"https:\\\/\\\/secure.gravatar.com\\\/avatar\\\/0dbbfc45970cc46bcd0e57766228574ff3511d6eed045b182f536f0f478c1f06?s=96&d=mm&r=g\",\"contentUrl\":\"https:\\\/\\\/secure.gravatar.com\\\/avatar\\\/0dbbfc45970cc46bcd0e57766228574ff3511d6eed045b182f536f0f478c1f06?s=96&d=mm&r=g\",\"caption\":\"Cristian Falabella NOTICIASMERCEDINAS.COM\"},\"description\":\"Periodista, editor de Noticias Mercedinas. Pas\u00f3 por varias redacciones y emprendimientos de prensa, en distintos formatos y \u00e9pocas. Se especializ\u00f3 --y sigue haci\u00e9ndolo-- en comunicaci\u00f3n en la web y en junio de 2006 fund\u00f3 este diario digital.\",\"sameAs\":[\"https:\\\/\\\/noticiasmercedinas.com\",\"https:\\\/\\\/www.facebook.com\\\/cristian.falabella\",\"https:\\\/\\\/www.instagram.com\\\/noticiasmercedinas\\\/\",\"https:\\\/\\\/x.com\\\/https:\\\/\\\/twitter.com\\\/NOTMERCEDINAS\"],\"url\":\"https:\\\/\\\/noticiasmercedinas.com\\\/site\\\/author\\\/as000384\\\/\"}]}<\/script>\n<!-- \/ Yoast SEO plugin. -->","yoast_head_json":{"title":"Sigma: vecinos de zona rural plantearon petici\u00f3n en el Concejo y aguardan respuestas","robots":{"index":"index","follow":"follow","max-snippet":"max-snippet:-1","max-image-preview":"max-image-preview:large","max-video-preview":"max-video-preview:-1"},"canonical":"https:\/\/noticiasmercedinas.com\/site\/2019\/10\/16\/sigma-vecinos-de-zona-rural-plantearon-peticion-en-el-concejo-y-aguardan-respuestas\/","og_locale":"es_ES","og_type":"article","og_title":"Sigma: vecinos de zona rural plantearon petici\u00f3n en el Concejo y aguardan respuestas","og_description":"En la sesi\u00f3n ordinaria de este martes por la noche del Concejo Deliberante de Mercedes ingres\u00f3 una petici\u00f3n particular de una serie de vecinos de la zona de La Verde, que comenzar\u00e1 a ser tratada este mediod\u00eda en comisiones del Legislativo comunal. Tras el incendio de Sigma, los vecinos plantean a los ediles una serie [&hellip;]","og_url":"https:\/\/noticiasmercedinas.com\/site\/2019\/10\/16\/sigma-vecinos-de-zona-rural-plantearon-peticion-en-el-concejo-y-aguardan-respuestas\/","og_site_name":"NOTICIASMERCEDINAS.COM","article_publisher":"https:\/\/www.facebook.com\/noticiasmercedinas\/","article_author":"https:\/\/www.facebook.com\/cristian.falabella","article_published_time":"2019-10-16T12:13:39+00:00","og_image":[{"width":640,"height":475,"url":"https:\/\/noticiasmercedinas.com\/site\/wp-content\/uploads\/2019\/10\/dd0586d6-63c9-4b4b-813c-1fbbdf74c239.jpg","type":"image\/jpeg"}],"author":"Cristian Falabella NOTICIASMERCEDINAS.COM","twitter_card":"summary_large_image","twitter_creator":"@https:\/\/twitter.com\/NOTMERCEDINAS","twitter_site":"@notmercedinas","twitter_misc":{"Escrito por":"Cristian Falabella NOTICIASMERCEDINAS.COM","Tiempo de lectura":"1 minuto"},"schema":{"@context":"https:\/\/schema.org","@graph":[{"@type":"Article","@id":"https:\/\/noticiasmercedinas.com\/site\/2019\/10\/16\/sigma-vecinos-de-zona-rural-plantearon-peticion-en-el-concejo-y-aguardan-respuestas\/#article","isPartOf":{"@id":"https:\/\/noticiasmercedinas.com\/site\/2019\/10\/16\/sigma-vecinos-de-zona-rural-plantearon-peticion-en-el-concejo-y-aguardan-respuestas\/"},"author":{"name":"Cristian Falabella NOTICIASMERCEDINAS.COM","@id":"https:\/\/noticiasmercedinas.com\/site\/#\/schema\/person\/d481a9696a5feaec13a60e2bbd991a6a"},"headline":"Sigma: vecinos de zona rural plantearon petici\u00f3n en el Concejo y aguardan respuestas","datePublished":"2019-10-16T12:13:39+00:00","mainEntityOfPage":{"@id":"https:\/\/noticiasmercedinas.com\/site\/2019\/10\/16\/sigma-vecinos-de-zona-rural-plantearon-peticion-en-el-concejo-y-aguardan-respuestas\/"},"wordCount":306,"commentCount":0,"publisher":{"@id":"https:\/\/noticiasmercedinas.com\/site\/#organization"},"image":{"@id":"https:\/\/noticiasmercedinas.com\/site\/2019\/10\/16\/sigma-vecinos-de-zona-rural-plantearon-peticion-en-el-concejo-y-aguardan-respuestas\/#primaryimage"},"thumbnailUrl":"https:\/\/noticiasmercedinas.com\/site\/wp-content\/uploads\/2019\/10\/dd0586d6-63c9-4b4b-813c-1fbbdf74c239.jpg","keywords":["concejo deliberante","la verde","sigma","Sigma agro","vecinos"],"articleSection":["Ambiente","Especiales"],"inLanguage":"es","potentialAction":[{"@type":"CommentAction","name":"Comment","target":["https:\/\/noticiasmercedinas.com\/site\/2019\/10\/16\/sigma-vecinos-de-zona-rural-plantearon-peticion-en-el-concejo-y-aguardan-respuestas\/#respond"]}]},{"@type":"WebPage","@id":"https:\/\/noticiasmercedinas.com\/site\/2019\/10\/16\/sigma-vecinos-de-zona-rural-plantearon-peticion-en-el-concejo-y-aguardan-respuestas\/","url":"https:\/\/noticiasmercedinas.com\/site\/2019\/10\/16\/sigma-vecinos-de-zona-rural-plantearon-peticion-en-el-concejo-y-aguardan-respuestas\/","name":"Sigma: vecinos de zona rural plantearon petici\u00f3n en el Concejo y aguardan respuestas","isPartOf":{"@id":"https:\/\/noticiasmercedinas.com\/site\/#website"},"primaryImageOfPage":{"@id":"https:\/\/noticiasmercedinas.com\/site\/2019\/10\/16\/sigma-vecinos-de-zona-rural-plantearon-peticion-en-el-concejo-y-aguardan-respuestas\/#primaryimage"},"image":{"@id":"https:\/\/noticiasmercedinas.com\/site\/2019\/10\/16\/sigma-vecinos-de-zona-rural-plantearon-peticion-en-el-concejo-y-aguardan-respuestas\/#primaryimage"},"thumbnailUrl":"https:\/\/noticiasmercedinas.com\/site\/wp-content\/uploads\/2019\/10\/dd0586d6-63c9-4b4b-813c-1fbbdf74c239.jpg","datePublished":"2019-10-16T12:13:39+00:00","breadcrumb":{"@id":"https:\/\/noticiasmercedinas.com\/site\/2019\/10\/16\/sigma-vecinos-de-zona-rural-plantearon-peticion-en-el-concejo-y-aguardan-respuestas\/#breadcrumb"},"inLanguage":"es","potentialAction":[{"@type":"ReadAction","target":["https:\/\/noticiasmercedinas.com\/site\/2019\/10\/16\/sigma-vecinos-de-zona-rural-plantearon-peticion-en-el-concejo-y-aguardan-respuestas\/"]}]},{"@type":"ImageObject","inLanguage":"es","@id":"https:\/\/noticiasmercedinas.com\/site\/2019\/10\/16\/sigma-vecinos-de-zona-rural-plantearon-peticion-en-el-concejo-y-aguardan-respuestas\/#primaryimage","url":"https:\/\/noticiasmercedinas.com\/site\/wp-content\/uploads\/2019\/10\/dd0586d6-63c9-4b4b-813c-1fbbdf74c239.jpg","contentUrl":"https:\/\/noticiasmercedinas.com\/site\/wp-content\/uploads\/2019\/10\/dd0586d6-63c9-4b4b-813c-1fbbdf74c239.jpg","width":640,"height":475},{"@type":"BreadcrumbList","@id":"https:\/\/noticiasmercedinas.com\/site\/2019\/10\/16\/sigma-vecinos-de-zona-rural-plantearon-peticion-en-el-concejo-y-aguardan-respuestas\/#breadcrumb","itemListElement":[{"@type":"ListItem","position":1,"name":"Portada","item":"https:\/\/noticiasmercedinas.com\/site\/"},{"@type":"ListItem","position":2,"name":"Sigma: vecinos de zona rural plantearon petici\u00f3n en el Concejo y aguardan respuestas"}]},{"@type":"WebSite","@id":"https:\/\/noticiasmercedinas.com\/site\/#website","url":"https:\/\/noticiasmercedinas.com\/site\/","name":"NOTICIASMERCEDINAS.COM","description":"Mercedes, Buenos Aires, Argentina","publisher":{"@id":"https:\/\/noticiasmercedinas.com\/site\/#organization"},"potentialAction":[{"@type":"SearchAction","target":{"@type":"EntryPoint","urlTemplate":"https:\/\/noticiasmercedinas.com\/site\/?s={search_term_string}"},"query-input":{"@type":"PropertyValueSpecification","valueRequired":true,"valueName":"search_term_string"}}],"inLanguage":"es"},{"@type":"Organization","@id":"https:\/\/noticiasmercedinas.com\/site\/#organization","name":"NOTICIASMERCEDINAS.COM","url":"https:\/\/noticiasmercedinas.com\/site\/","logo":{"@type":"ImageObject","inLanguage":"es","@id":"https:\/\/noticiasmercedinas.com\/site\/#\/schema\/logo\/image\/","url":"https:\/\/noticiasmercedinas.com\/site\/wp-content\/uploads\/2020\/06\/LOGO-512.jpg","contentUrl":"https:\/\/noticiasmercedinas.com\/site\/wp-content\/uploads\/2020\/06\/LOGO-512.jpg","width":512,"height":512,"caption":"NOTICIASMERCEDINAS.COM"},"image":{"@id":"https:\/\/noticiasmercedinas.com\/site\/#\/schema\/logo\/image\/"},"sameAs":["https:\/\/www.facebook.com\/noticiasmercedinas\/","https:\/\/x.com\/notmercedinas","https:\/\/www.instagram.com\/noticiasmercedinas\/"]},{"@type":"Person","@id":"https:\/\/noticiasmercedinas.com\/site\/#\/schema\/person\/d481a9696a5feaec13a60e2bbd991a6a","name":"Cristian Falabella NOTICIASMERCEDINAS.COM","image":{"@type":"ImageObject","inLanguage":"es","@id":"https:\/\/secure.gravatar.com\/avatar\/0dbbfc45970cc46bcd0e57766228574ff3511d6eed045b182f536f0f478c1f06?s=96&d=mm&r=g","url":"https:\/\/secure.gravatar.com\/avatar\/0dbbfc45970cc46bcd0e57766228574ff3511d6eed045b182f536f0f478c1f06?s=96&d=mm&r=g","contentUrl":"https:\/\/secure.gravatar.com\/avatar\/0dbbfc45970cc46bcd0e57766228574ff3511d6eed045b182f536f0f478c1f06?s=96&d=mm&r=g","caption":"Cristian Falabella NOTICIASMERCEDINAS.COM"},"description":"Periodista, editor de Noticias Mercedinas. Pas\u00f3 por varias redacciones y emprendimientos de prensa, en distintos formatos y \u00e9pocas. Se especializ\u00f3 --y sigue haci\u00e9ndolo-- en comunicaci\u00f3n en la web y en junio de 2006 fund\u00f3 este diario digital.","sameAs":["https:\/\/noticiasmercedinas.com","https:\/\/www.facebook.com\/cristian.falabella","https:\/\/www.instagram.com\/noticiasmercedinas\/","https:\/\/x.com\/https:\/\/twitter.com\/NOTMERCEDINAS"],"url":"https:\/\/noticiasmercedinas.com\/site\/author\/as000384\/"}]}},"amp_enabled":true,"_links":{"self":[{"href":"https:\/\/noticiasmercedinas.com\/site\/wp-json\/wp\/v2\/posts\/31060","targetHints":{"allow":["GET"]}}],"collection":[{"href":"https:\/\/noticiasmercedinas.com\/site\/wp-json\/wp\/v2\/posts"}],"about":[{"href":"https:\/\/noticiasmercedinas.com\/site\/wp-json\/wp\/v2\/types\/post"}],"author":[{"embeddable":true,"href":"https:\/\/noticiasmercedinas.com\/site\/wp-json\/wp\/v2\/users\/2"}],"replies":[{"embeddable":true,"href":"https:\/\/noticiasmercedinas.com\/site\/wp-json\/wp\/v2\/comments?post=31060"}],"version-history":[{"count":1,"href":"https:\/\/noticiasmercedinas.com\/site\/wp-json\/wp\/v2\/posts\/31060\/revisions"}],"predecessor-version":[{"id":31062,"href":"https:\/\/noticiasmercedinas.com\/site\/wp-json\/wp\/v2\/posts\/31060\/revisions\/31062"}],"wp:featuredmedia":[{"embeddable":true,"href":"https:\/\/noticiasmercedinas.com\/site\/wp-json\/wp\/v2\/media\/31061"}],"wp:attachment":[{"href":"https:\/\/noticiasmercedinas.com\/site\/wp-json\/wp\/v2\/media?parent=31060"}],"wp:term":[{"taxonomy":"category","embeddable":true,"href":"https:\/\/noticiasmercedinas.com\/site\/wp-json\/wp\/v2\/categories?post=31060"},{"taxonomy":"post_tag","embeddable":true,"href":"https:\/\/noticiasmercedinas.com\/site\/wp-json\/wp\/v2\/tags?post=31060"}],"curies":[{"name":"wp","href":"https:\/\/api.w.org\/{rel}","templated":true}]}}