{"id":314,"date":"2026-09-02T21:27:50","date_gmt":"2026-09-03T00:27:50","guid":{"rendered":"https:\/\/noticiasmercedinas.com\/site\/?p=314"},"modified":"2026-09-02T21:27:50","modified_gmt":"2026-09-03T00:27:50","slug":"autoridades-municipales-acompanaron-la-cena-anual-a-beneficio-del-cef-no-40","status":"publish","type":"post","link":"https:\/\/noticiasmercedinas.com\/site\/2026\/09\/02\/autoridades-municipales-acompanaron-la-cena-anual-a-beneficio-del-cef-no-40\/","title":{"rendered":"Autoridades municipales acompa\u00f1aron la cena anual a beneficio del CEF N\u00ba 40"},"content":{"rendered":"<p><img loading=\"lazy\" decoding=\"async\" class=\"alignnone size-full wp-image-315\" src=\"https:\/\/noticiasmercedinas.com\/site\/wp-content\/uploads\/2026\/09\/WhatsApp-Image-2026-08-31-at-4.06.38-PM.jpeg\" alt=\"\" width=\"1440\" height=\"962\" srcset=\"https:\/\/noticiasmercedinas.com\/site\/wp-content\/uploads\/2026\/09\/WhatsApp-Image-2026-08-31-at-4.06.38-PM.jpeg 1440w, https:\/\/noticiasmercedinas.com\/site\/wp-content\/uploads\/2026\/09\/WhatsApp-Image-2026-08-31-at-4.06.38-PM-300x200.jpeg 300w, https:\/\/noticiasmercedinas.com\/site\/wp-content\/uploads\/2026\/09\/WhatsApp-Image-2026-08-31-at-4.06.38-PM-1024x684.jpeg 1024w, https:\/\/noticiasmercedinas.com\/site\/wp-content\/uploads\/2026\/09\/WhatsApp-Image-2026-08-31-at-4.06.38-PM-768x513.jpeg 768w, https:\/\/noticiasmercedinas.com\/site\/wp-content\/uploads\/2026\/09\/WhatsApp-Image-2026-08-31-at-4.06.38-PM-629x420.jpeg 629w, https:\/\/noticiasmercedinas.com\/site\/wp-content\/uploads\/2026\/09\/WhatsApp-Image-2026-08-31-at-4.06.38-PM-537x360.jpeg 537w, https:\/\/noticiasmercedinas.com\/site\/wp-content\/uploads\/2026\/09\/WhatsApp-Image-2026-08-31-at-4.06.38-PM-640x428.jpeg 640w, https:\/\/noticiasmercedinas.com\/site\/wp-content\/uploads\/2026\/09\/WhatsApp-Image-2026-08-31-at-4.06.38-PM-681x455.jpeg 681w\" sizes=\"auto, (max-width: 1440px) 100vw, 1440px\" \/><\/p>\n<p>El Centro de Educaci\u00f3n F\u00edsica N\u00ba 40 de la ciudad de Mercedes llev\u00f3 a cabo este pasado s\u00e1bado 29 de agosto por la noche su tradicional cena anual solidaria, un encuentro destinado a reunir a la comunidad educativa y recaudar fondos para el sostenimiento de sus actividades. La jornada cont\u00f3 con una nutrida concurrencia de vecinos y la participaci\u00f3n de autoridades del Departamento Ejecutivo y del Poder Legislativo municipal.<\/p>\n<p>La comitiva comunal estuvo encabezada por el intendente Juan Ignacio Ustarroz, la presidenta del Honorable Concejo Deliberante, Mariana San Mart\u00edn, el concejal Santiago Altube, la Directora de Deportes, Mariana Saboredo, y el referente de la secretar\u00eda, Juan Mart\u00edn Silvestre.<\/p>\n<p>Durante el desarrollo de la velada, las autoridades locales destacaron la tarea de gesti\u00f3n que lidera la directora de la instituci\u00f3n, Carolina Martinelli, junto al cuerpo docente compuesto por m\u00e1s de 60 profesores de educaci\u00f3n f\u00edsica.<\/p>\n<p>Actualmente, el CEF N\u00ba 40 brinda cobertura deportiva y recreativa a una matr\u00edcula superior a los 2000 ni\u00f1os, ni\u00f1as, adolescentes y adultos del distrito. La oferta institucional abarca disciplinas como b\u00e1squetbol, v\u00f3leibol, h\u00e1ndbol, f\u00fatbol, gimnasia art\u00edstica, talleres de vida en la naturaleza, programas adaptados y propuestas orientadas a adultos mayores.<\/p>\n<p>En paralelo a la realizaci\u00f3n del evento social, la comisi\u00f3n cooperadora de la entidad concret\u00f3 la entrega de nuevos materiales e insumos deportivos destinados al desarrollo diario de las distintas escuelas de formaci\u00f3n. El equipamiento incorporado permitir\u00e1 reforzar la pr\u00e1ctica de las actividades atl\u00e9ticas y recreativas que se dictan en el predio.<\/p>\n<p><img loading=\"lazy\" decoding=\"async\" class=\"alignnone size-full wp-image-316\" src=\"https:\/\/noticiasmercedinas.com\/site\/wp-content\/uploads\/2026\/09\/WhatsApp-Image-2026-08-31-at-4.23.56-PM.jpeg\" alt=\"\" width=\"1600\" height=\"1200\" srcset=\"https:\/\/noticiasmercedinas.com\/site\/wp-content\/uploads\/2026\/09\/WhatsApp-Image-2026-08-31-at-4.23.56-PM.jpeg 1600w, https:\/\/noticiasmercedinas.com\/site\/wp-content\/uploads\/2026\/09\/WhatsApp-Image-2026-08-31-at-4.23.56-PM-300x225.jpeg 300w, https:\/\/noticiasmercedinas.com\/site\/wp-content\/uploads\/2026\/09\/WhatsApp-Image-2026-08-31-at-4.23.56-PM-1024x768.jpeg 1024w, https:\/\/noticiasmercedinas.com\/site\/wp-content\/uploads\/2026\/09\/WhatsApp-Image-2026-08-31-at-4.23.56-PM-768x576.jpeg 768w, https:\/\/noticiasmercedinas.com\/site\/wp-content\/uploads\/2026\/09\/WhatsApp-Image-2026-08-31-at-4.23.56-PM-1536x1152.jpeg 1536w, https:\/\/noticiasmercedinas.com\/site\/wp-content\/uploads\/2026\/09\/WhatsApp-Image-2026-08-31-at-4.23.56-PM-560x420.jpeg 560w, https:\/\/noticiasmercedinas.com\/site\/wp-content\/uploads\/2026\/09\/WhatsApp-Image-2026-08-31-at-4.23.56-PM-80x60.jpeg 80w, https:\/\/noticiasmercedinas.com\/site\/wp-content\/uploads\/2026\/09\/WhatsApp-Image-2026-08-31-at-4.23.56-PM-100x75.jpeg 100w, https:\/\/noticiasmercedinas.com\/site\/wp-content\/uploads\/2026\/09\/WhatsApp-Image-2026-08-31-at-4.23.56-PM-180x135.jpeg 180w, https:\/\/noticiasmercedinas.com\/site\/wp-content\/uploads\/2026\/09\/WhatsApp-Image-2026-08-31-at-4.23.56-PM-238x178.jpeg 238w, https:\/\/noticiasmercedinas.com\/site\/wp-content\/uploads\/2026\/09\/WhatsApp-Image-2026-08-31-at-4.23.56-PM-265x198.jpeg 265w, https:\/\/noticiasmercedinas.com\/site\/wp-content\/uploads\/2026\/09\/WhatsApp-Image-2026-08-31-at-4.23.56-PM-640x480.jpeg 640w, https:\/\/noticiasmercedinas.com\/site\/wp-content\/uploads\/2026\/09\/WhatsApp-Image-2026-08-31-at-4.23.56-PM-681x511.jpeg 681w\" sizes=\"auto, (max-width: 1600px) 100vw, 1600px\" \/><\/p>\n","protected":false},"excerpt":{"rendered":"<p>\u25a0 El intendente Juan Ignacio Ustarroz encabez\u00f3 la delegaci\u00f3n comunal en la velada solidaria celebrada este s\u00e1bado. El evento busc\u00f3 respaldar la labor comunitaria de la instituci\u00f3n, que atiende a m\u00e1s de 2000 alumnos y sum\u00f3 nuevo equipamiento deportivo a trav\u00e9s de su cooperadora.<\/p>\n","protected":false},"author":1,"featured_media":315,"comment_status":"open","ping_status":"open","sticky":false,"template":"","format":"standard","meta":{"footnotes":""},"categories":[21],"tags":[60,61],"class_list":["post-314","post","type-post","status-publish","format-standard","has-post-thumbnail","hentry","category-deportes","tag-cef-40","tag-cena"],"yoast_head":"<!-- This site is optimized with the Yoast SEO plugin v28.4 - https:\/\/yoast.com\/product\/yoast-seo-wordpress\/ -->\n<title>Autoridades municipales acompa\u00f1aron la cena anual a beneficio del CEF N\u00ba 40 - Noticias Mercedinas<\/title>\n<meta name=\"description\" content=\"El intendente Juan Ignacio Ustarroz encabez\u00f3 la delegaci\u00f3n comunal en la velada solidaria celebrada este s\u00e1bado. El evento busc\u00f3 respaldar la labor comunitaria de la instituci\u00f3n, que atiende a m\u00e1s de 2000 alumnos y sum\u00f3 nuevo equipamiento deportivo a trav\u00e9s de su cooperadora.\" \/>\n<meta name=\"robots\" content=\"index, follow, max-snippet:-1, max-image-preview:large, max-video-preview:-1\" \/>\n<link rel=\"canonical\" href=\"https:\/\/noticiasmercedinas.com\/site\/2026\/09\/02\/autoridades-municipales-acompanaron-la-cena-anual-a-beneficio-del-cef-no-40\/\" \/>\n<meta property=\"og:locale\" content=\"es_ES\" \/>\n<meta property=\"og:type\" content=\"article\" \/>\n<meta property=\"og:title\" content=\"Autoridades municipales acompa\u00f1aron la cena anual a beneficio del CEF N\u00ba 40 - Noticias Mercedinas\" \/>\n<meta property=\"og:description\" content=\"El intendente Juan Ignacio Ustarroz encabez\u00f3 la delegaci\u00f3n comunal en la velada solidaria celebrada este s\u00e1bado. El evento busc\u00f3 respaldar la labor comunitaria de la instituci\u00f3n, que atiende a m\u00e1s de 2000 alumnos y sum\u00f3 nuevo equipamiento deportivo a trav\u00e9s de su cooperadora.\" \/>\n<meta property=\"og:url\" content=\"https:\/\/noticiasmercedinas.com\/site\/2026\/09\/02\/autoridades-municipales-acompanaron-la-cena-anual-a-beneficio-del-cef-no-40\/\" \/>\n<meta property=\"og:site_name\" content=\"Noticias Mercedinas\" \/>\n<meta property=\"article:published_time\" content=\"2026-09-03T00:27:50+00:00\" \/>\n<meta property=\"og:image\" content=\"https:\/\/noticiasmercedinas.com\/site\/wp-content\/uploads\/2026\/09\/WhatsApp-Image-2026-08-31-at-4.06.38-PM.jpeg\" \/>\n\t<meta property=\"og:image:width\" content=\"1440\" \/>\n\t<meta property=\"og:image:height\" content=\"962\" \/>\n\t<meta property=\"og:image:type\" content=\"image\/jpeg\" \/>\n<meta name=\"author\" content=\"Noticias Mercedinas\" \/>\n<meta name=\"twitter:card\" content=\"summary_large_image\" \/>\n<meta name=\"twitter:label1\" content=\"Escrito por\" \/>\n\t<meta name=\"twitter:data1\" content=\"Noticias Mercedinas\" \/>\n\t<meta name=\"twitter:label2\" content=\"Tiempo de lectura\" \/>\n\t<meta name=\"twitter:data2\" content=\"2 minutos\" \/>\n<script type=\"application\/ld+json\" class=\"yoast-schema-graph\">{\"@context\":\"https:\\\/\\\/schema.org\",\"@graph\":[{\"@type\":\"Article\",\"@id\":\"https:\\\/\\\/noticiasmercedinas.com\\\/site\\\/2026\\\/09\\\/02\\\/autoridades-municipales-acompanaron-la-cena-anual-a-beneficio-del-cef-no-40\\\/#article\",\"isPartOf\":{\"@id\":\"https:\\\/\\\/noticiasmercedinas.com\\\/site\\\/2026\\\/09\\\/02\\\/autoridades-municipales-acompanaron-la-cena-anual-a-beneficio-del-cef-no-40\\\/\"},\"author\":{\"name\":\"Noticias Mercedinas\",\"@id\":\"https:\\\/\\\/noticiasmercedinas.com\\\/site\\\/#\\\/schema\\\/person\\\/f72e88bb68f34f14051ca77dd9865f27\"},\"headline\":\"Autoridades municipales acompa\u00f1aron la cena anual a beneficio del CEF N\u00ba 40\",\"datePublished\":\"2026-09-03T00:27:50+00:00\",\"mainEntityOfPage\":{\"@id\":\"https:\\\/\\\/noticiasmercedinas.com\\\/site\\\/2026\\\/09\\\/02\\\/autoridades-municipales-acompanaron-la-cena-anual-a-beneficio-del-cef-no-40\\\/\"},\"wordCount\":278,\"commentCount\":0,\"image\":{\"@id\":\"https:\\\/\\\/noticiasmercedinas.com\\\/site\\\/2026\\\/09\\\/02\\\/autoridades-municipales-acompanaron-la-cena-anual-a-beneficio-del-cef-no-40\\\/#primaryimage\"},\"thumbnailUrl\":\"https:\\\/\\\/noticiasmercedinas.com\\\/site\\\/wp-content\\\/uploads\\\/2026\\\/09\\\/WhatsApp-Image-2026-08-31-at-4.06.38-PM.jpeg\",\"keywords\":[\"cef 40\",\"cena\"],\"articleSection\":[\"Deportes\"],\"inLanguage\":\"es\",\"potentialAction\":[{\"@type\":\"CommentAction\",\"name\":\"Comment\",\"target\":[\"https:\\\/\\\/noticiasmercedinas.com\\\/site\\\/2026\\\/09\\\/02\\\/autoridades-municipales-acompanaron-la-cena-anual-a-beneficio-del-cef-no-40\\\/#respond\"]}]},{\"@type\":\"WebPage\",\"@id\":\"https:\\\/\\\/noticiasmercedinas.com\\\/site\\\/2026\\\/09\\\/02\\\/autoridades-municipales-acompanaron-la-cena-anual-a-beneficio-del-cef-no-40\\\/\",\"url\":\"https:\\\/\\\/noticiasmercedinas.com\\\/site\\\/2026\\\/09\\\/02\\\/autoridades-municipales-acompanaron-la-cena-anual-a-beneficio-del-cef-no-40\\\/\",\"name\":\"Autoridades municipales acompa\u00f1aron la cena anual a beneficio del CEF N\u00ba 40 - Noticias Mercedinas\",\"isPartOf\":{\"@id\":\"https:\\\/\\\/noticiasmercedinas.com\\\/site\\\/#website\"},\"primaryImageOfPage\":{\"@id\":\"https:\\\/\\\/noticiasmercedinas.com\\\/site\\\/2026\\\/09\\\/02\\\/autoridades-municipales-acompanaron-la-cena-anual-a-beneficio-del-cef-no-40\\\/#primaryimage\"},\"image\":{\"@id\":\"https:\\\/\\\/noticiasmercedinas.com\\\/site\\\/2026\\\/09\\\/02\\\/autoridades-municipales-acompanaron-la-cena-anual-a-beneficio-del-cef-no-40\\\/#primaryimage\"},\"thumbnailUrl\":\"https:\\\/\\\/noticiasmercedinas.com\\\/site\\\/wp-content\\\/uploads\\\/2026\\\/09\\\/WhatsApp-Image-2026-08-31-at-4.06.38-PM.jpeg\",\"datePublished\":\"2026-09-03T00:27:50+00:00\",\"author\":{\"@id\":\"https:\\\/\\\/noticiasmercedinas.com\\\/site\\\/#\\\/schema\\\/person\\\/f72e88bb68f34f14051ca77dd9865f27\"},\"description\":\"El intendente Juan Ignacio Ustarroz encabez\u00f3 la delegaci\u00f3n comunal en la velada solidaria celebrada este s\u00e1bado. El evento busc\u00f3 respaldar la labor comunitaria de la instituci\u00f3n, que atiende a m\u00e1s de 2000 alumnos y sum\u00f3 nuevo equipamiento deportivo a trav\u00e9s de su cooperadora.\",\"breadcrumb\":{\"@id\":\"https:\\\/\\\/noticiasmercedinas.com\\\/site\\\/2026\\\/09\\\/02\\\/autoridades-municipales-acompanaron-la-cena-anual-a-beneficio-del-cef-no-40\\\/#breadcrumb\"},\"inLanguage\":\"es\",\"potentialAction\":[{\"@type\":\"ReadAction\",\"target\":[\"https:\\\/\\\/noticiasmercedinas.com\\\/site\\\/2026\\\/09\\\/02\\\/autoridades-municipales-acompanaron-la-cena-anual-a-beneficio-del-cef-no-40\\\/\"]}]},{\"@type\":\"ImageObject\",\"inLanguage\":\"es\",\"@id\":\"https:\\\/\\\/noticiasmercedinas.com\\\/site\\\/2026\\\/09\\\/02\\\/autoridades-municipales-acompanaron-la-cena-anual-a-beneficio-del-cef-no-40\\\/#primaryimage\",\"url\":\"https:\\\/\\\/noticiasmercedinas.com\\\/site\\\/wp-content\\\/uploads\\\/2026\\\/09\\\/WhatsApp-Image-2026-08-31-at-4.06.38-PM.jpeg\",\"contentUrl\":\"https:\\\/\\\/noticiasmercedinas.com\\\/site\\\/wp-content\\\/uploads\\\/2026\\\/09\\\/WhatsApp-Image-2026-08-31-at-4.06.38-PM.jpeg\",\"width\":1440,\"height\":962},{\"@type\":\"BreadcrumbList\",\"@id\":\"https:\\\/\\\/noticiasmercedinas.com\\\/site\\\/2026\\\/09\\\/02\\\/autoridades-municipales-acompanaron-la-cena-anual-a-beneficio-del-cef-no-40\\\/#breadcrumb\",\"itemListElement\":[{\"@type\":\"ListItem\",\"position\":1,\"name\":\"Portada\",\"item\":\"https:\\\/\\\/noticiasmercedinas.com\\\/site\\\/\"},{\"@type\":\"ListItem\",\"position\":2,\"name\":\"Autoridades municipales acompa\u00f1aron la cena anual a beneficio del CEF N\u00ba 40\"}]},{\"@type\":\"WebSite\",\"@id\":\"https:\\\/\\\/noticiasmercedinas.com\\\/site\\\/#website\",\"url\":\"https:\\\/\\\/noticiasmercedinas.com\\\/site\\\/\",\"name\":\"Noticias Mercedinas\",\"description\":\"\",\"potentialAction\":[{\"@type\":\"SearchAction\",\"target\":{\"@type\":\"EntryPoint\",\"urlTemplate\":\"https:\\\/\\\/noticiasmercedinas.com\\\/site\\\/?s={search_term_string}\"},\"query-input\":{\"@type\":\"PropertyValueSpecification\",\"valueRequired\":true,\"valueName\":\"search_term_string\"}}],\"inLanguage\":\"es\"},{\"@type\":\"Person\",\"@id\":\"https:\\\/\\\/noticiasmercedinas.com\\\/site\\\/#\\\/schema\\\/person\\\/f72e88bb68f34f14051ca77dd9865f27\",\"name\":\"Noticias Mercedinas\",\"image\":{\"@type\":\"ImageObject\",\"inLanguage\":\"es\",\"@id\":\"https:\\\/\\\/secure.gravatar.com\\\/avatar\\\/4dfbf16b4d17945bfb6341b2d19043457132fcf478a5ee04f42e959fd8f5df0a?s=96&d=mm&r=g\",\"url\":\"https:\\\/\\\/secure.gravatar.com\\\/avatar\\\/4dfbf16b4d17945bfb6341b2d19043457132fcf478a5ee04f42e959fd8f5df0a?s=96&d=mm&r=g\",\"contentUrl\":\"https:\\\/\\\/secure.gravatar.com\\\/avatar\\\/4dfbf16b4d17945bfb6341b2d19043457132fcf478a5ee04f42e959fd8f5df0a?s=96&d=mm&r=g\",\"caption\":\"Noticias Mercedinas\"},\"sameAs\":[\"https:\\\/\\\/noticiasmercedinas.com\\\/site\"],\"url\":\"https:\\\/\\\/noticiasmercedinas.com\\\/site\\\/author\\\/chinasky\\\/\"}]}<\/script>\n<!-- \/ Yoast SEO plugin. -->","yoast_head_json":{"title":"Autoridades municipales acompa\u00f1aron la cena anual a beneficio del CEF N\u00ba 40 - Noticias Mercedinas","description":"El intendente Juan Ignacio Ustarroz encabez\u00f3 la delegaci\u00f3n comunal en la velada solidaria celebrada este s\u00e1bado. El evento busc\u00f3 respaldar la labor comunitaria de la instituci\u00f3n, que atiende a m\u00e1s de 2000 alumnos y sum\u00f3 nuevo equipamiento deportivo a trav\u00e9s de su cooperadora.","robots":{"index":"index","follow":"follow","max-snippet":"max-snippet:-1","max-image-preview":"max-image-preview:large","max-video-preview":"max-video-preview:-1"},"canonical":"https:\/\/noticiasmercedinas.com\/site\/2026\/09\/02\/autoridades-municipales-acompanaron-la-cena-anual-a-beneficio-del-cef-no-40\/","og_locale":"es_ES","og_type":"article","og_title":"Autoridades municipales acompa\u00f1aron la cena anual a beneficio del CEF N\u00ba 40 - Noticias Mercedinas","og_description":"El intendente Juan Ignacio Ustarroz encabez\u00f3 la delegaci\u00f3n comunal en la velada solidaria celebrada este s\u00e1bado. El evento busc\u00f3 respaldar la labor comunitaria de la instituci\u00f3n, que atiende a m\u00e1s de 2000 alumnos y sum\u00f3 nuevo equipamiento deportivo a trav\u00e9s de su cooperadora.","og_url":"https:\/\/noticiasmercedinas.com\/site\/2026\/09\/02\/autoridades-municipales-acompanaron-la-cena-anual-a-beneficio-del-cef-no-40\/","og_site_name":"Noticias Mercedinas","article_published_time":"2026-09-03T00:27:50+00:00","og_image":[{"width":1440,"height":962,"url":"https:\/\/noticiasmercedinas.com\/site\/wp-content\/uploads\/2026\/09\/WhatsApp-Image-2026-08-31-at-4.06.38-PM.jpeg","type":"image\/jpeg"}],"author":"Noticias Mercedinas","twitter_card":"summary_large_image","twitter_misc":{"Escrito por":"Noticias Mercedinas","Tiempo de lectura":"2 minutos"},"schema":{"@context":"https:\/\/schema.org","@graph":[{"@type":"Article","@id":"https:\/\/noticiasmercedinas.com\/site\/2026\/09\/02\/autoridades-municipales-acompanaron-la-cena-anual-a-beneficio-del-cef-no-40\/#article","isPartOf":{"@id":"https:\/\/noticiasmercedinas.com\/site\/2026\/09\/02\/autoridades-municipales-acompanaron-la-cena-anual-a-beneficio-del-cef-no-40\/"},"author":{"name":"Noticias Mercedinas","@id":"https:\/\/noticiasmercedinas.com\/site\/#\/schema\/person\/f72e88bb68f34f14051ca77dd9865f27"},"headline":"Autoridades municipales acompa\u00f1aron la cena anual a beneficio del CEF N\u00ba 40","datePublished":"2026-09-03T00:27:50+00:00","mainEntityOfPage":{"@id":"https:\/\/noticiasmercedinas.com\/site\/2026\/09\/02\/autoridades-municipales-acompanaron-la-cena-anual-a-beneficio-del-cef-no-40\/"},"wordCount":278,"commentCount":0,"image":{"@id":"https:\/\/noticiasmercedinas.com\/site\/2026\/09\/02\/autoridades-municipales-acompanaron-la-cena-anual-a-beneficio-del-cef-no-40\/#primaryimage"},"thumbnailUrl":"https:\/\/noticiasmercedinas.com\/site\/wp-content\/uploads\/2026\/09\/WhatsApp-Image-2026-08-31-at-4.06.38-PM.jpeg","keywords":["cef 40","cena"],"articleSection":["Deportes"],"inLanguage":"es","potentialAction":[{"@type":"CommentAction","name":"Comment","target":["https:\/\/noticiasmercedinas.com\/site\/2026\/09\/02\/autoridades-municipales-acompanaron-la-cena-anual-a-beneficio-del-cef-no-40\/#respond"]}]},{"@type":"WebPage","@id":"https:\/\/noticiasmercedinas.com\/site\/2026\/09\/02\/autoridades-municipales-acompanaron-la-cena-anual-a-beneficio-del-cef-no-40\/","url":"https:\/\/noticiasmercedinas.com\/site\/2026\/09\/02\/autoridades-municipales-acompanaron-la-cena-anual-a-beneficio-del-cef-no-40\/","name":"Autoridades municipales acompa\u00f1aron la cena anual a beneficio del CEF N\u00ba 40 - Noticias Mercedinas","isPartOf":{"@id":"https:\/\/noticiasmercedinas.com\/site\/#website"},"primaryImageOfPage":{"@id":"https:\/\/noticiasmercedinas.com\/site\/2026\/09\/02\/autoridades-municipales-acompanaron-la-cena-anual-a-beneficio-del-cef-no-40\/#primaryimage"},"image":{"@id":"https:\/\/noticiasmercedinas.com\/site\/2026\/09\/02\/autoridades-municipales-acompanaron-la-cena-anual-a-beneficio-del-cef-no-40\/#primaryimage"},"thumbnailUrl":"https:\/\/noticiasmercedinas.com\/site\/wp-content\/uploads\/2026\/09\/WhatsApp-Image-2026-08-31-at-4.06.38-PM.jpeg","datePublished":"2026-09-03T00:27:50+00:00","author":{"@id":"https:\/\/noticiasmercedinas.com\/site\/#\/schema\/person\/f72e88bb68f34f14051ca77dd9865f27"},"description":"El intendente Juan Ignacio Ustarroz encabez\u00f3 la delegaci\u00f3n comunal en la velada solidaria celebrada este s\u00e1bado. El evento busc\u00f3 respaldar la labor comunitaria de la instituci\u00f3n, que atiende a m\u00e1s de 2000 alumnos y sum\u00f3 nuevo equipamiento deportivo a trav\u00e9s de su cooperadora.","breadcrumb":{"@id":"https:\/\/noticiasmercedinas.com\/site\/2026\/09\/02\/autoridades-municipales-acompanaron-la-cena-anual-a-beneficio-del-cef-no-40\/#breadcrumb"},"inLanguage":"es","potentialAction":[{"@type":"ReadAction","target":["https:\/\/noticiasmercedinas.com\/site\/2026\/09\/02\/autoridades-municipales-acompanaron-la-cena-anual-a-beneficio-del-cef-no-40\/"]}]},{"@type":"ImageObject","inLanguage":"es","@id":"https:\/\/noticiasmercedinas.com\/site\/2026\/09\/02\/autoridades-municipales-acompanaron-la-cena-anual-a-beneficio-del-cef-no-40\/#primaryimage","url":"https:\/\/noticiasmercedinas.com\/site\/wp-content\/uploads\/2026\/09\/WhatsApp-Image-2026-08-31-at-4.06.38-PM.jpeg","contentUrl":"https:\/\/noticiasmercedinas.com\/site\/wp-content\/uploads\/2026\/09\/WhatsApp-Image-2026-08-31-at-4.06.38-PM.jpeg","width":1440,"height":962},{"@type":"BreadcrumbList","@id":"https:\/\/noticiasmercedinas.com\/site\/2026\/09\/02\/autoridades-municipales-acompanaron-la-cena-anual-a-beneficio-del-cef-no-40\/#breadcrumb","itemListElement":[{"@type":"ListItem","position":1,"name":"Portada","item":"https:\/\/noticiasmercedinas.com\/site\/"},{"@type":"ListItem","position":2,"name":"Autoridades municipales acompa\u00f1aron la cena anual a beneficio del CEF N\u00ba 40"}]},{"@type":"WebSite","@id":"https:\/\/noticiasmercedinas.com\/site\/#website","url":"https:\/\/noticiasmercedinas.com\/site\/","name":"Noticias Mercedinas","description":"","potentialAction":[{"@type":"SearchAction","target":{"@type":"EntryPoint","urlTemplate":"https:\/\/noticiasmercedinas.com\/site\/?s={search_term_string}"},"query-input":{"@type":"PropertyValueSpecification","valueRequired":true,"valueName":"search_term_string"}}],"inLanguage":"es"},{"@type":"Person","@id":"https:\/\/noticiasmercedinas.com\/site\/#\/schema\/person\/f72e88bb68f34f14051ca77dd9865f27","name":"Noticias Mercedinas","image":{"@type":"ImageObject","inLanguage":"es","@id":"https:\/\/secure.gravatar.com\/avatar\/4dfbf16b4d17945bfb6341b2d19043457132fcf478a5ee04f42e959fd8f5df0a?s=96&d=mm&r=g","url":"https:\/\/secure.gravatar.com\/avatar\/4dfbf16b4d17945bfb6341b2d19043457132fcf478a5ee04f42e959fd8f5df0a?s=96&d=mm&r=g","contentUrl":"https:\/\/secure.gravatar.com\/avatar\/4dfbf16b4d17945bfb6341b2d19043457132fcf478a5ee04f42e959fd8f5df0a?s=96&d=mm&r=g","caption":"Noticias Mercedinas"},"sameAs":["https:\/\/noticiasmercedinas.com\/site"],"url":"https:\/\/noticiasmercedinas.com\/site\/author\/chinasky\/"}]}},"_links":{"self":[{"href":"https:\/\/noticiasmercedinas.com\/site\/wp-json\/wp\/v2\/posts\/314","targetHints":{"allow":["GET"]}}],"collection":[{"href":"https:\/\/noticiasmercedinas.com\/site\/wp-json\/wp\/v2\/posts"}],"about":[{"href":"https:\/\/noticiasmercedinas.com\/site\/wp-json\/wp\/v2\/types\/post"}],"author":[{"embeddable":true,"href":"https:\/\/noticiasmercedinas.com\/site\/wp-json\/wp\/v2\/users\/1"}],"replies":[{"embeddable":true,"href":"https:\/\/noticiasmercedinas.com\/site\/wp-json\/wp\/v2\/comments?post=314"}],"version-history":[{"count":1,"href":"https:\/\/noticiasmercedinas.com\/site\/wp-json\/wp\/v2\/posts\/314\/revisions"}],"predecessor-version":[{"id":317,"href":"https:\/\/noticiasmercedinas.com\/site\/wp-json\/wp\/v2\/posts\/314\/revisions\/317"}],"wp:featuredmedia":[{"embeddable":true,"href":"https:\/\/noticiasmercedinas.com\/site\/wp-json\/wp\/v2\/media\/315"}],"wp:attachment":[{"href":"https:\/\/noticiasmercedinas.com\/site\/wp-json\/wp\/v2\/media?parent=314"}],"wp:term":[{"taxonomy":"category","embeddable":true,"href":"https:\/\/noticiasmercedinas.com\/site\/wp-json\/wp\/v2\/categories?post=314"},{"taxonomy":"post_tag","embeddable":true,"href":"https:\/\/noticiasmercedinas.com\/site\/wp-json\/wp\/v2\/tags?post=314"}],"curies":[{"name":"wp","href":"https:\/\/api.w.org\/{rel}","templated":true}]}}