{"id":31816,"date":"2019-10-25T08:02:04","date_gmt":"2019-10-25T11:02:04","guid":{"rendered":"https:\/\/noticiasmercedinas.com\/site\/?p=31816"},"modified":"2019-10-25T08:02:04","modified_gmt":"2019-10-25T11:02:04","slug":"se-viene-una-nueva-edicion-de-la-exposicion-de-automoviles-ciudad-de-mercedes","status":"publish","type":"post","link":"https:\/\/noticiasmercedinas.com\/site\/2019\/10\/25\/se-viene-una-nueva-edicion-de-la-exposicion-de-automoviles-ciudad-de-mercedes\/","title":{"rendered":"Se viene una nueva edici\u00f3n de la Exposici\u00f3n de Autom\u00f3viles \u201cCiudad de Mercedes\u201d"},"content":{"rendered":"\r\n                <style type=\"text\/css\">\r\n                    \r\n                    #td_uid_1_69f5cc95d9f06  .td-doubleSlider-2 .td-item1 {\r\n                        background: url(https:\/\/noticiasmercedinas.com\/site\/wp-content\/uploads\/2019\/10\/IMG-20180610-WA0401-160x120.jpg) 0 0 no-repeat;\r\n                    }\r\n                    #td_uid_1_69f5cc95d9f06  .td-doubleSlider-2 .td-item2 {\r\n                        background: url(https:\/\/noticiasmercedinas.com\/site\/wp-content\/uploads\/2019\/10\/FB_IMG_1528671138111-160x120.jpg) 0 0 no-repeat;\r\n                    }\r\n                    #td_uid_1_69f5cc95d9f06  .td-doubleSlider-2 .td-item3 {\r\n                        background: url(https:\/\/noticiasmercedinas.com\/site\/wp-content\/uploads\/2019\/10\/20180610_210326-160x120.png) 0 0 no-repeat;\r\n                    }\r\n                    #td_uid_1_69f5cc95d9f06  .td-doubleSlider-2 .td-item4 {\r\n                        background: url(https:\/\/noticiasmercedinas.com\/site\/wp-content\/uploads\/2019\/10\/20180610_210125-160x120.png) 0 0 no-repeat;\r\n                    }\r\n                    #td_uid_1_69f5cc95d9f06  .td-doubleSlider-2 .td-item5 {\r\n                        background: url(https:\/\/noticiasmercedinas.com\/site\/wp-content\/uploads\/2019\/10\/20180610_205917-160x120.png) 0 0 no-repeat;\r\n                    }\r\n                    #td_uid_1_69f5cc95d9f06  .td-doubleSlider-2 .td-item6 {\r\n                        background: url(https:\/\/noticiasmercedinas.com\/site\/wp-content\/uploads\/2019\/10\/20180610_205814-160x120.png) 0 0 no-repeat;\r\n                    }\r\n                    #td_uid_1_69f5cc95d9f06  .td-doubleSlider-2 .td-item7 {\r\n                        background: url(https:\/\/noticiasmercedinas.com\/site\/wp-content\/uploads\/2019\/10\/085-160x120.jpg) 0 0 no-repeat;\r\n                    }\r\n                    #td_uid_1_69f5cc95d9f06  .td-doubleSlider-2 .td-item8 {\r\n                        background: url(https:\/\/noticiasmercedinas.com\/site\/wp-content\/uploads\/2019\/10\/063-160x120.jpg) 0 0 no-repeat;\r\n                    }\r\n                    #td_uid_1_69f5cc95d9f06  .td-doubleSlider-2 .td-item9 {\r\n                        background: url(https:\/\/noticiasmercedinas.com\/site\/wp-content\/uploads\/2019\/10\/059-b-160x120.jpg) 0 0 no-repeat;\r\n                    }\r\n                <\/style>\r\n\r\n                <div id=\"td_uid_1_69f5cc95d9f06\" class=\"td-gallery td-slide-on-2-columns\">\r\n                    <div class=\"post_td_gallery\">\r\n                        <div class=\"td-gallery-slide-top\">\r\n                           <div class=\"td-gallery-title\"><\/div>\r\n\r\n                            <div class=\"td-gallery-controls-wrapper\">\r\n                                <div class=\"td-gallery-slide-count\"><span class=\"td-gallery-slide-item-focus\">1<\/span> de 9<\/div>\r\n                                <div class=\"td-gallery-slide-prev-next-but\">\r\n                                    <i class = \"td-icon-left doubleSliderPrevButton\"><\/i>\r\n                                    <i class = \"td-icon-right doubleSliderNextButton\"><\/i>\r\n                                <\/div>\r\n                            <\/div>\r\n                        <\/div>\r\n\r\n                        <div class = \"td-doubleSlider-1 \">\r\n                            <div class = \"td-slider\">\r\n                                \r\n                    <div class = \"td-slide-item td-item1\">\r\n                        <figure class=\"td-slide-galery-figure td-slide-popup-gallery\">\r\n                            <a class=\"slide-gallery-image-link\" href=\"https:\/\/noticiasmercedinas.com\/site\/wp-content\/uploads\/2019\/10\/IMG-20180610-WA0401.jpg\" title=\"IMG-20180610-WA0401\"  data-caption=\"\"  data-description=\"\">\r\n                                <img decoding=\"async\" src=\"https:\/\/noticiasmercedinas.com\/site\/wp-content\/uploads\/2019\/10\/IMG-20180610-WA0401.jpg\" srcset=\"https:\/\/noticiasmercedinas.com\/site\/wp-content\/uploads\/2019\/10\/IMG-20180610-WA0401.jpg 1280w, https:\/\/noticiasmercedinas.com\/site\/wp-content\/uploads\/2019\/10\/IMG-20180610-WA0401-300x225.jpg 300w, https:\/\/noticiasmercedinas.com\/site\/wp-content\/uploads\/2019\/10\/IMG-20180610-WA0401-768x576.jpg 768w, https:\/\/noticiasmercedinas.com\/site\/wp-content\/uploads\/2019\/10\/IMG-20180610-WA0401-1024x768.jpg 1024w, https:\/\/noticiasmercedinas.com\/site\/wp-content\/uploads\/2019\/10\/IMG-20180610-WA0401-80x60.jpg 80w, https:\/\/noticiasmercedinas.com\/site\/wp-content\/uploads\/2019\/10\/IMG-20180610-WA0401-160x120.jpg 160w, https:\/\/noticiasmercedinas.com\/site\/wp-content\/uploads\/2019\/10\/IMG-20180610-WA0401-100x75.jpg 100w, https:\/\/noticiasmercedinas.com\/site\/wp-content\/uploads\/2019\/10\/IMG-20180610-WA0401-200x150.jpg 200w, https:\/\/noticiasmercedinas.com\/site\/wp-content\/uploads\/2019\/10\/IMG-20180610-WA0401-180x135.jpg 180w, https:\/\/noticiasmercedinas.com\/site\/wp-content\/uploads\/2019\/10\/IMG-20180610-WA0401-360x270.jpg 360w, https:\/\/noticiasmercedinas.com\/site\/wp-content\/uploads\/2019\/10\/IMG-20180610-WA0401-238x178.jpg 238w, https:\/\/noticiasmercedinas.com\/site\/wp-content\/uploads\/2019\/10\/IMG-20180610-WA0401-476x356.jpg 476w, https:\/\/noticiasmercedinas.com\/site\/wp-content\/uploads\/2019\/10\/IMG-20180610-WA0401-640x480.jpg 640w, https:\/\/noticiasmercedinas.com\/site\/wp-content\/uploads\/2019\/10\/IMG-20180610-WA0401-681x511.jpg 681w\" sizes=\"(max-width: 1280px) 100vw, 1280px\" alt=\"\">\r\n                            <\/a>\r\n                            \r\n                        <\/figure>\r\n                    <\/div>\r\n                    <div class = \"td-slide-item td-item2\">\r\n                        <figure class=\"td-slide-galery-figure td-slide-popup-gallery\">\r\n                            <a class=\"slide-gallery-image-link\" href=\"https:\/\/noticiasmercedinas.com\/site\/wp-content\/uploads\/2019\/10\/FB_IMG_1528671138111.jpg\" title=\"FB_IMG_1528671138111\"  data-caption=\"\"  data-description=\"\">\r\n                                <img decoding=\"async\" src=\"https:\/\/noticiasmercedinas.com\/site\/wp-content\/uploads\/2019\/10\/FB_IMG_1528671138111.jpg\" srcset=\"https:\/\/noticiasmercedinas.com\/site\/wp-content\/uploads\/2019\/10\/FB_IMG_1528671138111.jpg 720w, https:\/\/noticiasmercedinas.com\/site\/wp-content\/uploads\/2019\/10\/FB_IMG_1528671138111-300x225.jpg 300w, https:\/\/noticiasmercedinas.com\/site\/wp-content\/uploads\/2019\/10\/FB_IMG_1528671138111-80x60.jpg 80w, https:\/\/noticiasmercedinas.com\/site\/wp-content\/uploads\/2019\/10\/FB_IMG_1528671138111-160x120.jpg 160w, https:\/\/noticiasmercedinas.com\/site\/wp-content\/uploads\/2019\/10\/FB_IMG_1528671138111-100x75.jpg 100w, https:\/\/noticiasmercedinas.com\/site\/wp-content\/uploads\/2019\/10\/FB_IMG_1528671138111-200x150.jpg 200w, https:\/\/noticiasmercedinas.com\/site\/wp-content\/uploads\/2019\/10\/FB_IMG_1528671138111-180x135.jpg 180w, https:\/\/noticiasmercedinas.com\/site\/wp-content\/uploads\/2019\/10\/FB_IMG_1528671138111-360x270.jpg 360w, https:\/\/noticiasmercedinas.com\/site\/wp-content\/uploads\/2019\/10\/FB_IMG_1528671138111-238x178.jpg 238w, https:\/\/noticiasmercedinas.com\/site\/wp-content\/uploads\/2019\/10\/FB_IMG_1528671138111-476x356.jpg 476w, https:\/\/noticiasmercedinas.com\/site\/wp-content\/uploads\/2019\/10\/FB_IMG_1528671138111-640x480.jpg 640w, https:\/\/noticiasmercedinas.com\/site\/wp-content\/uploads\/2019\/10\/FB_IMG_1528671138111-681x511.jpg 681w\" sizes=\"(max-width: 720px) 100vw, 720px\" alt=\"\">\r\n                            <\/a>\r\n                            \r\n                        <\/figure>\r\n                    <\/div>\r\n                    <div class = \"td-slide-item td-item3\">\r\n                        <figure class=\"td-slide-galery-figure td-slide-popup-gallery\">\r\n                            <a class=\"slide-gallery-image-link\" href=\"https:\/\/noticiasmercedinas.com\/site\/wp-content\/uploads\/2019\/10\/20180610_210326.png\" title=\"20180610_210326\"  data-caption=\"\"  data-description=\"\">\r\n                                <img decoding=\"async\" src=\"https:\/\/noticiasmercedinas.com\/site\/wp-content\/uploads\/2019\/10\/20180610_210326.png\" srcset=\"https:\/\/noticiasmercedinas.com\/site\/wp-content\/uploads\/2019\/10\/20180610_210326.png 597w, https:\/\/noticiasmercedinas.com\/site\/wp-content\/uploads\/2019\/10\/20180610_210326-300x205.png 300w\" sizes=\"(max-width: 597px) 100vw, 597px\" alt=\"\">\r\n                            <\/a>\r\n                            \r\n                        <\/figure>\r\n                    <\/div>\r\n                    <div class = \"td-slide-item td-item4\">\r\n                        <figure class=\"td-slide-galery-figure td-slide-popup-gallery\">\r\n                            <a class=\"slide-gallery-image-link\" href=\"https:\/\/noticiasmercedinas.com\/site\/wp-content\/uploads\/2019\/10\/20180610_210125.png\" title=\"20180610_210125\"  data-caption=\"\"  data-description=\"\">\r\n                                <img decoding=\"async\" src=\"https:\/\/noticiasmercedinas.com\/site\/wp-content\/uploads\/2019\/10\/20180610_210125.png\" srcset=\"https:\/\/noticiasmercedinas.com\/site\/wp-content\/uploads\/2019\/10\/20180610_210125.png 514w, https:\/\/noticiasmercedinas.com\/site\/wp-content\/uploads\/2019\/10\/20180610_210125-300x275.png 300w\" sizes=\"(max-width: 514px) 100vw, 514px\" alt=\"\">\r\n                            <\/a>\r\n                            \r\n                        <\/figure>\r\n                    <\/div>\r\n                    <div class = \"td-slide-item td-item5\">\r\n                        <figure class=\"td-slide-galery-figure td-slide-popup-gallery\">\r\n                            <a class=\"slide-gallery-image-link\" href=\"https:\/\/noticiasmercedinas.com\/site\/wp-content\/uploads\/2019\/10\/20180610_205917.png\" title=\"20180610_205917\"  data-caption=\"\"  data-description=\"\">\r\n                                <img decoding=\"async\" src=\"https:\/\/noticiasmercedinas.com\/site\/wp-content\/uploads\/2019\/10\/20180610_205917.png\" srcset=\"https:\/\/noticiasmercedinas.com\/site\/wp-content\/uploads\/2019\/10\/20180610_205917.png 497w, https:\/\/noticiasmercedinas.com\/site\/wp-content\/uploads\/2019\/10\/20180610_205917-300x248.png 300w\" sizes=\"(max-width: 497px) 100vw, 497px\" alt=\"\">\r\n                            <\/a>\r\n                            \r\n                        <\/figure>\r\n                    <\/div>\r\n                    <div class = \"td-slide-item td-item6\">\r\n                        <figure class=\"td-slide-galery-figure td-slide-popup-gallery\">\r\n                            <a class=\"slide-gallery-image-link\" href=\"https:\/\/noticiasmercedinas.com\/site\/wp-content\/uploads\/2019\/10\/20180610_205814.png\" title=\"20180610_205814\"  data-caption=\"\"  data-description=\"\">\r\n                                <img decoding=\"async\" src=\"https:\/\/noticiasmercedinas.com\/site\/wp-content\/uploads\/2019\/10\/20180610_205814.png\" srcset=\"https:\/\/noticiasmercedinas.com\/site\/wp-content\/uploads\/2019\/10\/20180610_205814.png 530w, https:\/\/noticiasmercedinas.com\/site\/wp-content\/uploads\/2019\/10\/20180610_205814-300x248.png 300w\" sizes=\"(max-width: 530px) 100vw, 530px\" alt=\"\">\r\n                            <\/a>\r\n                            \r\n                        <\/figure>\r\n                    <\/div>\r\n                    <div class = \"td-slide-item td-item7\">\r\n                        <figure class=\"td-slide-galery-figure td-slide-popup-gallery\">\r\n                            <a class=\"slide-gallery-image-link\" href=\"https:\/\/noticiasmercedinas.com\/site\/wp-content\/uploads\/2019\/10\/085.jpg\" title=\"085\"  data-caption=\"\"  data-description=\"\">\r\n                                <img decoding=\"async\" src=\"https:\/\/noticiasmercedinas.com\/site\/wp-content\/uploads\/2019\/10\/085.jpg\" srcset=\"https:\/\/noticiasmercedinas.com\/site\/wp-content\/uploads\/2019\/10\/085.jpg 1280w, https:\/\/noticiasmercedinas.com\/site\/wp-content\/uploads\/2019\/10\/085-300x225.jpg 300w, https:\/\/noticiasmercedinas.com\/site\/wp-content\/uploads\/2019\/10\/085-768x576.jpg 768w, https:\/\/noticiasmercedinas.com\/site\/wp-content\/uploads\/2019\/10\/085-1024x768.jpg 1024w, https:\/\/noticiasmercedinas.com\/site\/wp-content\/uploads\/2019\/10\/085-80x60.jpg 80w, https:\/\/noticiasmercedinas.com\/site\/wp-content\/uploads\/2019\/10\/085-160x120.jpg 160w, https:\/\/noticiasmercedinas.com\/site\/wp-content\/uploads\/2019\/10\/085-100x75.jpg 100w, https:\/\/noticiasmercedinas.com\/site\/wp-content\/uploads\/2019\/10\/085-200x150.jpg 200w, https:\/\/noticiasmercedinas.com\/site\/wp-content\/uploads\/2019\/10\/085-180x135.jpg 180w, https:\/\/noticiasmercedinas.com\/site\/wp-content\/uploads\/2019\/10\/085-360x270.jpg 360w, https:\/\/noticiasmercedinas.com\/site\/wp-content\/uploads\/2019\/10\/085-238x178.jpg 238w, https:\/\/noticiasmercedinas.com\/site\/wp-content\/uploads\/2019\/10\/085-476x356.jpg 476w, https:\/\/noticiasmercedinas.com\/site\/wp-content\/uploads\/2019\/10\/085-640x480.jpg 640w, https:\/\/noticiasmercedinas.com\/site\/wp-content\/uploads\/2019\/10\/085-681x511.jpg 681w\" sizes=\"(max-width: 1280px) 100vw, 1280px\" alt=\"\">\r\n                            <\/a>\r\n                            \r\n                        <\/figure>\r\n                    <\/div>\r\n                    <div class = \"td-slide-item td-item8\">\r\n                        <figure class=\"td-slide-galery-figure td-slide-popup-gallery\">\r\n                            <a class=\"slide-gallery-image-link\" href=\"https:\/\/noticiasmercedinas.com\/site\/wp-content\/uploads\/2019\/10\/063.jpg\" title=\"063\"  data-caption=\"\"  data-description=\"\">\r\n                                <img decoding=\"async\" src=\"https:\/\/noticiasmercedinas.com\/site\/wp-content\/uploads\/2019\/10\/063.jpg\" srcset=\"https:\/\/noticiasmercedinas.com\/site\/wp-content\/uploads\/2019\/10\/063.jpg 1032w, https:\/\/noticiasmercedinas.com\/site\/wp-content\/uploads\/2019\/10\/063-300x225.jpg 300w, https:\/\/noticiasmercedinas.com\/site\/wp-content\/uploads\/2019\/10\/063-768x576.jpg 768w, https:\/\/noticiasmercedinas.com\/site\/wp-content\/uploads\/2019\/10\/063-1024x768.jpg 1024w, https:\/\/noticiasmercedinas.com\/site\/wp-content\/uploads\/2019\/10\/063-80x60.jpg 80w, https:\/\/noticiasmercedinas.com\/site\/wp-content\/uploads\/2019\/10\/063-160x120.jpg 160w, https:\/\/noticiasmercedinas.com\/site\/wp-content\/uploads\/2019\/10\/063-100x75.jpg 100w, https:\/\/noticiasmercedinas.com\/site\/wp-content\/uploads\/2019\/10\/063-200x150.jpg 200w, https:\/\/noticiasmercedinas.com\/site\/wp-content\/uploads\/2019\/10\/063-180x135.jpg 180w, https:\/\/noticiasmercedinas.com\/site\/wp-content\/uploads\/2019\/10\/063-360x270.jpg 360w, https:\/\/noticiasmercedinas.com\/site\/wp-content\/uploads\/2019\/10\/063-238x178.jpg 238w, https:\/\/noticiasmercedinas.com\/site\/wp-content\/uploads\/2019\/10\/063-476x356.jpg 476w, https:\/\/noticiasmercedinas.com\/site\/wp-content\/uploads\/2019\/10\/063-640x480.jpg 640w, https:\/\/noticiasmercedinas.com\/site\/wp-content\/uploads\/2019\/10\/063-681x511.jpg 681w\" sizes=\"(max-width: 1032px) 100vw, 1032px\" alt=\"\">\r\n                            <\/a>\r\n                            \r\n                        <\/figure>\r\n                    <\/div>\r\n                    <div class = \"td-slide-item td-item9\">\r\n                        <figure class=\"td-slide-galery-figure td-slide-popup-gallery\">\r\n                            <a class=\"slide-gallery-image-link\" href=\"https:\/\/noticiasmercedinas.com\/site\/wp-content\/uploads\/2019\/10\/059-b.jpg\" title=\"059 b\"  data-caption=\"\"  data-description=\"\">\r\n                                <img decoding=\"async\" src=\"https:\/\/noticiasmercedinas.com\/site\/wp-content\/uploads\/2019\/10\/059-b.jpg\" srcset=\"https:\/\/noticiasmercedinas.com\/site\/wp-content\/uploads\/2019\/10\/059-b.jpg 435w, https:\/\/noticiasmercedinas.com\/site\/wp-content\/uploads\/2019\/10\/059-b-300x297.jpg 300w\" sizes=\"(max-width: 435px) 100vw, 435px\" alt=\"\">\r\n                            <\/a>\r\n                            \r\n                        <\/figure>\r\n                    <\/div>\r\n                            <\/div>\r\n                        <\/div>\r\n\r\n                        <div class = \"td-doubleSlider-2\">\r\n                            <div class = \"td-slider\">\r\n                                \r\n                    <div class = \"td-button td-item1\">\r\n                        <div class = \"td-border\"><\/div>\r\n                    <\/div>\r\n                    <div class = \"td-button td-item2\">\r\n                        <div class = \"td-border\"><\/div>\r\n                    <\/div>\r\n                    <div class = \"td-button td-item3\">\r\n                        <div class = \"td-border\"><\/div>\r\n                    <\/div>\r\n                    <div class = \"td-button td-item4\">\r\n                        <div class = \"td-border\"><\/div>\r\n                    <\/div>\r\n                    <div class = \"td-button td-item5\">\r\n                        <div class = \"td-border\"><\/div>\r\n                    <\/div>\r\n                    <div class = \"td-button td-item6\">\r\n                        <div class = \"td-border\"><\/div>\r\n                    <\/div>\r\n                    <div class = \"td-button td-item7\">\r\n                        <div class = \"td-border\"><\/div>\r\n                    <\/div>\r\n                    <div class = \"td-button td-item8\">\r\n                        <div class = \"td-border\"><\/div>\r\n                    <\/div>\r\n                    <div class = \"td-button td-item9\">\r\n                        <div class = \"td-border\"><\/div>\r\n                    <\/div>\r\n                            <\/div>\r\n                        <\/div>\r\n\r\n                    <\/div>\r\n\r\n                <\/div>\r\n                \n<p>A finales del mes de marzo de este a\u00f1o, el AutoClub Mercedes anunciaba una nueva realizaci\u00f3n del grupo, la 3era Exposici\u00f3n del Autom\u00f3vil \u201cCiudad de Mercedes\u201d a concretarse el pr\u00f3ximo domingo 3 de noviembre.<\/p>\n<p>A partir de ese momento, comenzaron con las tareas de organizaci\u00f3n, que incluye los viajes a diferentes eventos y exposiciones de este tipo, siendo parte e invitando a participar de este encuentro entre autos y amigos.<\/p>\n<p>\u201cLamentablemente el clima ha hecho que se superpongan eventos este 3 de noviembre en la ciudad, pero nosotros no podemos cambiar, ya que dependemos de una organizaci\u00f3n zonal donde acordamos las fechas\u201d, explic\u00f3 Diego Mar\u00fa, conductor, animador y coordinador del AutoClub. \u201cLo hacemos con ciudades vecinas como Luj\u00e1n, General Rodr\u00edguez, Navarro, Lobos, Suipacha, Chivilcoy, San Andr\u00e9s de Giles y San Antonio de Areco\u201d, agreg\u00f3.<\/p>\n<p>\u201cYa est\u00e1 todo en marcha y hemos empezado a recibir confirmaciones de distintas localidades, agrupaciones, clubes y particulares, que se van a sumar con sus unidades a la exposici\u00f3n\u201d, coment\u00f3, recordando que la jornada es netamente solidaria. Y es as\u00ed ya que como entrada, tanto a expositores como al p\u00fablico en general, se les solicita alimentos no perecederos, que recibir\u00e1n directamente los integrantes de Caritas Catedral, en el lugar.<\/p>\n<p>\u201cHoy estamos asistiendo un n\u00famero aproximado de 200 familias en la ciudad y esto nos da una gran mano\u201d, expres\u00f3 uno de los responsables de Caritas, Juan Ignacio Carbone. \u201cLo que siempre m\u00e1s necesitamos es yerba, az\u00facar y aceite, que son de los productos que entregamos m\u00e1s caros. Pero cualquier cosa viene bien, todo suma\u201d, dijo.<\/p>\n<p>Este a\u00f1o, el evento se traslada a la avenida 2 y 5, donde funciona el Campo de Deportes del Club Palometas. \u201cLos a\u00f1os anteriores estuvimos en el predio de la Rural, un lugar incre\u00edble, hermoso, grande. Pero escuchamos a mucha gente dici\u00e9ndonos que les gustar\u00eda ir, pero que no ten\u00edan c\u00f3mo, que les quedaba lejos. Entonces fue que empezamos a buscar un lindo lugar adecuado para la exposici\u00f3n de los autos y fue que nos gust\u00f3 mucho Palometas. Y adem\u00e1s esta bueno por que el propio club se hace cargo del manejo de la cantina y todo lo que se recaude quedar\u00e1 en manos de los integrantes de la Comisi\u00f3n Directiva, quienes destinaran las ganancias a las necesidades que tengan ellos\u201d, inform\u00f3 Mar\u00fa.<\/p>\n<p>Desde las 9 horas estar\u00e1n llegando representantes de diferentes marcas. Se sabe ya la presencia de clubes y agrupaciones como Auto Uni\u00f3n y DKW de Buenos Aires, Studebaker Drivers Club, el Club Isard de la Rep\u00fablica Argentina, el Club Torino Argentino, el grupo Cl\u00e1sicos del Oeste, el NSU PRINZ, los chicos de Suipacha al Piso, amigos de Salto, Lujan, General Rodr\u00edguez, Navarro, Lobos, San Antonio de Areco, San Miguel, Chivilcoy, Saladillo y de otras localidades que van confirmando su presencia.<\/p>\n<p>Adem\u00e1s de los autos, en el predio se encontrar\u00e1 un gran paseo de compras con artesanos y diferentes puestos de venta con gran variedad para todos los gustos.<\/p>\n","protected":false},"excerpt":{"rendered":"<p>A finales del mes de marzo de este a\u00f1o, el AutoClub Mercedes anunciaba una nueva realizaci\u00f3n del grupo, la 3era Exposici\u00f3n del Autom\u00f3vil \u201cCiudad de Mercedes\u201d a concretarse el pr\u00f3ximo domingo 3 de noviembre. A partir de ese momento, comenzaron con las tareas de organizaci\u00f3n, que incluye los viajes a diferentes eventos y exposiciones de [&hellip;]<\/p>\n","protected":false},"author":16,"featured_media":31822,"comment_status":"open","ping_status":"open","sticky":false,"template":"","format":"standard","meta":{"footnotes":""},"categories":[3],"tags":[2242,2933,2244,2264,6892],"class_list":["post-31816","post","type-post","status-publish","format-standard","has-post-thumbnail","hentry","category-sociedad","tag-autos","tag-caritas-catedral","tag-diego-maru","tag-expo","tag-soliaridad"],"yoast_head":"<!-- This site is optimized with the Yoast SEO plugin v27.5 - https:\/\/yoast.com\/product\/yoast-seo-wordpress\/ -->\n<title>Se viene una nueva edici\u00f3n de la Exposici\u00f3n de Autom\u00f3viles \u201cCiudad de Mercedes\u201d<\/title>\n<meta name=\"robots\" content=\"index, follow, max-snippet:-1, max-image-preview:large, max-video-preview:-1\" \/>\n<link rel=\"canonical\" href=\"https:\/\/noticiasmercedinas.com\/site\/2019\/10\/25\/se-viene-una-nueva-edicion-de-la-exposicion-de-automoviles-ciudad-de-mercedes\/\" \/>\n<meta property=\"og:locale\" content=\"es_ES\" \/>\n<meta property=\"og:type\" content=\"article\" \/>\n<meta property=\"og:title\" content=\"Se viene una nueva edici\u00f3n de la Exposici\u00f3n de Autom\u00f3viles \u201cCiudad de Mercedes\u201d\" \/>\n<meta property=\"og:description\" content=\"A finales del mes de marzo de este a\u00f1o, el AutoClub Mercedes anunciaba una nueva realizaci\u00f3n del grupo, la 3era Exposici\u00f3n del Autom\u00f3vil \u201cCiudad de Mercedes\u201d a concretarse el pr\u00f3ximo domingo 3 de noviembre. A partir de ese momento, comenzaron con las tareas de organizaci\u00f3n, que incluye los viajes a diferentes eventos y exposiciones de [&hellip;]\" \/>\n<meta property=\"og:url\" content=\"https:\/\/noticiasmercedinas.com\/site\/2019\/10\/25\/se-viene-una-nueva-edicion-de-la-exposicion-de-automoviles-ciudad-de-mercedes\/\" \/>\n<meta property=\"og:site_name\" content=\"NOTICIASMERCEDINAS.COM\" \/>\n<meta property=\"article:publisher\" content=\"https:\/\/www.facebook.com\/noticiasmercedinas\/\" \/>\n<meta property=\"article:published_time\" content=\"2019-10-25T11:02:04+00:00\" \/>\n<meta property=\"og:image\" content=\"https:\/\/noticiasmercedinas.com\/site\/wp-content\/uploads\/2019\/10\/20180610_205814.png\" \/>\n\t<meta property=\"og:image:width\" content=\"530\" \/>\n\t<meta property=\"og:image:height\" content=\"439\" \/>\n\t<meta property=\"og:image:type\" content=\"image\/png\" \/>\n<meta name=\"author\" content=\"NOTICIASMERCEDINAS.COM\" \/>\n<meta name=\"twitter:card\" content=\"summary_large_image\" \/>\n<meta name=\"twitter:creator\" content=\"@notmercedinas\" \/>\n<meta name=\"twitter:site\" content=\"@notmercedinas\" \/>\n<meta name=\"twitter:label1\" content=\"Escrito por\" \/>\n\t<meta name=\"twitter:data1\" content=\"NOTICIASMERCEDINAS.COM\" \/>\n\t<meta name=\"twitter:label2\" content=\"Tiempo de lectura\" \/>\n\t<meta name=\"twitter:data2\" content=\"3 minutos\" \/>\n<script type=\"application\/ld+json\" class=\"yoast-schema-graph\">{\"@context\":\"https:\\\/\\\/schema.org\",\"@graph\":[{\"@type\":\"Article\",\"@id\":\"https:\\\/\\\/noticiasmercedinas.com\\\/site\\\/2019\\\/10\\\/25\\\/se-viene-una-nueva-edicion-de-la-exposicion-de-automoviles-ciudad-de-mercedes\\\/#article\",\"isPartOf\":{\"@id\":\"https:\\\/\\\/noticiasmercedinas.com\\\/site\\\/2019\\\/10\\\/25\\\/se-viene-una-nueva-edicion-de-la-exposicion-de-automoviles-ciudad-de-mercedes\\\/\"},\"author\":{\"name\":\"NOTICIASMERCEDINAS.COM\",\"@id\":\"https:\\\/\\\/noticiasmercedinas.com\\\/site\\\/#\\\/schema\\\/person\\\/84b59c099c28ff2e8b77d4ceec5d8063\"},\"headline\":\"Se viene una nueva edici\u00f3n de la Exposici\u00f3n de Autom\u00f3viles \u201cCiudad de Mercedes\u201d\",\"datePublished\":\"2019-10-25T11:02:04+00:00\",\"mainEntityOfPage\":{\"@id\":\"https:\\\/\\\/noticiasmercedinas.com\\\/site\\\/2019\\\/10\\\/25\\\/se-viene-una-nueva-edicion-de-la-exposicion-de-automoviles-ciudad-de-mercedes\\\/\"},\"wordCount\":544,\"commentCount\":0,\"publisher\":{\"@id\":\"https:\\\/\\\/noticiasmercedinas.com\\\/site\\\/#organization\"},\"image\":{\"@id\":\"https:\\\/\\\/noticiasmercedinas.com\\\/site\\\/2019\\\/10\\\/25\\\/se-viene-una-nueva-edicion-de-la-exposicion-de-automoviles-ciudad-de-mercedes\\\/#primaryimage\"},\"thumbnailUrl\":\"https:\\\/\\\/noticiasmercedinas.com\\\/site\\\/wp-content\\\/uploads\\\/2019\\\/10\\\/20180610_205814.png\",\"keywords\":[\"autos\",\"caritas catedral\",\"diego maru\",\"expo\",\"soliaridad\"],\"articleSection\":[\"Sociedad\"],\"inLanguage\":\"es\",\"potentialAction\":[{\"@type\":\"CommentAction\",\"name\":\"Comment\",\"target\":[\"https:\\\/\\\/noticiasmercedinas.com\\\/site\\\/2019\\\/10\\\/25\\\/se-viene-una-nueva-edicion-de-la-exposicion-de-automoviles-ciudad-de-mercedes\\\/#respond\"]}]},{\"@type\":\"WebPage\",\"@id\":\"https:\\\/\\\/noticiasmercedinas.com\\\/site\\\/2019\\\/10\\\/25\\\/se-viene-una-nueva-edicion-de-la-exposicion-de-automoviles-ciudad-de-mercedes\\\/\",\"url\":\"https:\\\/\\\/noticiasmercedinas.com\\\/site\\\/2019\\\/10\\\/25\\\/se-viene-una-nueva-edicion-de-la-exposicion-de-automoviles-ciudad-de-mercedes\\\/\",\"name\":\"Se viene una nueva edici\u00f3n de la Exposici\u00f3n de Autom\u00f3viles \u201cCiudad de Mercedes\u201d\",\"isPartOf\":{\"@id\":\"https:\\\/\\\/noticiasmercedinas.com\\\/site\\\/#website\"},\"primaryImageOfPage\":{\"@id\":\"https:\\\/\\\/noticiasmercedinas.com\\\/site\\\/2019\\\/10\\\/25\\\/se-viene-una-nueva-edicion-de-la-exposicion-de-automoviles-ciudad-de-mercedes\\\/#primaryimage\"},\"image\":{\"@id\":\"https:\\\/\\\/noticiasmercedinas.com\\\/site\\\/2019\\\/10\\\/25\\\/se-viene-una-nueva-edicion-de-la-exposicion-de-automoviles-ciudad-de-mercedes\\\/#primaryimage\"},\"thumbnailUrl\":\"https:\\\/\\\/noticiasmercedinas.com\\\/site\\\/wp-content\\\/uploads\\\/2019\\\/10\\\/20180610_205814.png\",\"datePublished\":\"2019-10-25T11:02:04+00:00\",\"breadcrumb\":{\"@id\":\"https:\\\/\\\/noticiasmercedinas.com\\\/site\\\/2019\\\/10\\\/25\\\/se-viene-una-nueva-edicion-de-la-exposicion-de-automoviles-ciudad-de-mercedes\\\/#breadcrumb\"},\"inLanguage\":\"es\",\"potentialAction\":[{\"@type\":\"ReadAction\",\"target\":[\"https:\\\/\\\/noticiasmercedinas.com\\\/site\\\/2019\\\/10\\\/25\\\/se-viene-una-nueva-edicion-de-la-exposicion-de-automoviles-ciudad-de-mercedes\\\/\"]}]},{\"@type\":\"ImageObject\",\"inLanguage\":\"es\",\"@id\":\"https:\\\/\\\/noticiasmercedinas.com\\\/site\\\/2019\\\/10\\\/25\\\/se-viene-una-nueva-edicion-de-la-exposicion-de-automoviles-ciudad-de-mercedes\\\/#primaryimage\",\"url\":\"https:\\\/\\\/noticiasmercedinas.com\\\/site\\\/wp-content\\\/uploads\\\/2019\\\/10\\\/20180610_205814.png\",\"contentUrl\":\"https:\\\/\\\/noticiasmercedinas.com\\\/site\\\/wp-content\\\/uploads\\\/2019\\\/10\\\/20180610_205814.png\",\"width\":530,\"height\":439},{\"@type\":\"BreadcrumbList\",\"@id\":\"https:\\\/\\\/noticiasmercedinas.com\\\/site\\\/2019\\\/10\\\/25\\\/se-viene-una-nueva-edicion-de-la-exposicion-de-automoviles-ciudad-de-mercedes\\\/#breadcrumb\",\"itemListElement\":[{\"@type\":\"ListItem\",\"position\":1,\"name\":\"Portada\",\"item\":\"https:\\\/\\\/noticiasmercedinas.com\\\/site\\\/\"},{\"@type\":\"ListItem\",\"position\":2,\"name\":\"Se viene una nueva edici\u00f3n de la Exposici\u00f3n de Autom\u00f3viles \u201cCiudad de Mercedes\u201d\"}]},{\"@type\":\"WebSite\",\"@id\":\"https:\\\/\\\/noticiasmercedinas.com\\\/site\\\/#website\",\"url\":\"https:\\\/\\\/noticiasmercedinas.com\\\/site\\\/\",\"name\":\"NOTICIASMERCEDINAS.COM\",\"description\":\"Mercedes, Buenos Aires, Argentina\",\"publisher\":{\"@id\":\"https:\\\/\\\/noticiasmercedinas.com\\\/site\\\/#organization\"},\"potentialAction\":[{\"@type\":\"SearchAction\",\"target\":{\"@type\":\"EntryPoint\",\"urlTemplate\":\"https:\\\/\\\/noticiasmercedinas.com\\\/site\\\/?s={search_term_string}\"},\"query-input\":{\"@type\":\"PropertyValueSpecification\",\"valueRequired\":true,\"valueName\":\"search_term_string\"}}],\"inLanguage\":\"es\"},{\"@type\":\"Organization\",\"@id\":\"https:\\\/\\\/noticiasmercedinas.com\\\/site\\\/#organization\",\"name\":\"NOTICIASMERCEDINAS.COM\",\"url\":\"https:\\\/\\\/noticiasmercedinas.com\\\/site\\\/\",\"logo\":{\"@type\":\"ImageObject\",\"inLanguage\":\"es\",\"@id\":\"https:\\\/\\\/noticiasmercedinas.com\\\/site\\\/#\\\/schema\\\/logo\\\/image\\\/\",\"url\":\"https:\\\/\\\/noticiasmercedinas.com\\\/site\\\/wp-content\\\/uploads\\\/2020\\\/06\\\/LOGO-512.jpg\",\"contentUrl\":\"https:\\\/\\\/noticiasmercedinas.com\\\/site\\\/wp-content\\\/uploads\\\/2020\\\/06\\\/LOGO-512.jpg\",\"width\":512,\"height\":512,\"caption\":\"NOTICIASMERCEDINAS.COM\"},\"image\":{\"@id\":\"https:\\\/\\\/noticiasmercedinas.com\\\/site\\\/#\\\/schema\\\/logo\\\/image\\\/\"},\"sameAs\":[\"https:\\\/\\\/www.facebook.com\\\/noticiasmercedinas\\\/\",\"https:\\\/\\\/x.com\\\/notmercedinas\",\"https:\\\/\\\/www.instagram.com\\\/noticiasmercedinas\\\/\"]},{\"@type\":\"Person\",\"@id\":\"https:\\\/\\\/noticiasmercedinas.com\\\/site\\\/#\\\/schema\\\/person\\\/84b59c099c28ff2e8b77d4ceec5d8063\",\"name\":\"NOTICIASMERCEDINAS.COM\",\"image\":{\"@type\":\"ImageObject\",\"inLanguage\":\"es\",\"@id\":\"https:\\\/\\\/secure.gravatar.com\\\/avatar\\\/4dfbf16b4d17945bfb6341b2d19043457132fcf478a5ee04f42e959fd8f5df0a?s=96&d=mm&r=g\",\"url\":\"https:\\\/\\\/secure.gravatar.com\\\/avatar\\\/4dfbf16b4d17945bfb6341b2d19043457132fcf478a5ee04f42e959fd8f5df0a?s=96&d=mm&r=g\",\"contentUrl\":\"https:\\\/\\\/secure.gravatar.com\\\/avatar\\\/4dfbf16b4d17945bfb6341b2d19043457132fcf478a5ee04f42e959fd8f5df0a?s=96&d=mm&r=g\",\"caption\":\"NOTICIASMERCEDINAS.COM\"},\"url\":\"https:\\\/\\\/noticiasmercedinas.com\\\/site\\\/author\\\/anonimo\\\/\"}]}<\/script>\n<!-- \/ Yoast SEO plugin. -->","yoast_head_json":{"title":"Se viene una nueva edici\u00f3n de la Exposici\u00f3n de Autom\u00f3viles \u201cCiudad de Mercedes\u201d","robots":{"index":"index","follow":"follow","max-snippet":"max-snippet:-1","max-image-preview":"max-image-preview:large","max-video-preview":"max-video-preview:-1"},"canonical":"https:\/\/noticiasmercedinas.com\/site\/2019\/10\/25\/se-viene-una-nueva-edicion-de-la-exposicion-de-automoviles-ciudad-de-mercedes\/","og_locale":"es_ES","og_type":"article","og_title":"Se viene una nueva edici\u00f3n de la Exposici\u00f3n de Autom\u00f3viles \u201cCiudad de Mercedes\u201d","og_description":"A finales del mes de marzo de este a\u00f1o, el AutoClub Mercedes anunciaba una nueva realizaci\u00f3n del grupo, la 3era Exposici\u00f3n del Autom\u00f3vil \u201cCiudad de Mercedes\u201d a concretarse el pr\u00f3ximo domingo 3 de noviembre. A partir de ese momento, comenzaron con las tareas de organizaci\u00f3n, que incluye los viajes a diferentes eventos y exposiciones de [&hellip;]","og_url":"https:\/\/noticiasmercedinas.com\/site\/2019\/10\/25\/se-viene-una-nueva-edicion-de-la-exposicion-de-automoviles-ciudad-de-mercedes\/","og_site_name":"NOTICIASMERCEDINAS.COM","article_publisher":"https:\/\/www.facebook.com\/noticiasmercedinas\/","article_published_time":"2019-10-25T11:02:04+00:00","og_image":[{"width":530,"height":439,"url":"https:\/\/noticiasmercedinas.com\/site\/wp-content\/uploads\/2019\/10\/20180610_205814.png","type":"image\/png"}],"author":"NOTICIASMERCEDINAS.COM","twitter_card":"summary_large_image","twitter_creator":"@notmercedinas","twitter_site":"@notmercedinas","twitter_misc":{"Escrito por":"NOTICIASMERCEDINAS.COM","Tiempo de lectura":"3 minutos"},"schema":{"@context":"https:\/\/schema.org","@graph":[{"@type":"Article","@id":"https:\/\/noticiasmercedinas.com\/site\/2019\/10\/25\/se-viene-una-nueva-edicion-de-la-exposicion-de-automoviles-ciudad-de-mercedes\/#article","isPartOf":{"@id":"https:\/\/noticiasmercedinas.com\/site\/2019\/10\/25\/se-viene-una-nueva-edicion-de-la-exposicion-de-automoviles-ciudad-de-mercedes\/"},"author":{"name":"NOTICIASMERCEDINAS.COM","@id":"https:\/\/noticiasmercedinas.com\/site\/#\/schema\/person\/84b59c099c28ff2e8b77d4ceec5d8063"},"headline":"Se viene una nueva edici\u00f3n de la Exposici\u00f3n de Autom\u00f3viles \u201cCiudad de Mercedes\u201d","datePublished":"2019-10-25T11:02:04+00:00","mainEntityOfPage":{"@id":"https:\/\/noticiasmercedinas.com\/site\/2019\/10\/25\/se-viene-una-nueva-edicion-de-la-exposicion-de-automoviles-ciudad-de-mercedes\/"},"wordCount":544,"commentCount":0,"publisher":{"@id":"https:\/\/noticiasmercedinas.com\/site\/#organization"},"image":{"@id":"https:\/\/noticiasmercedinas.com\/site\/2019\/10\/25\/se-viene-una-nueva-edicion-de-la-exposicion-de-automoviles-ciudad-de-mercedes\/#primaryimage"},"thumbnailUrl":"https:\/\/noticiasmercedinas.com\/site\/wp-content\/uploads\/2019\/10\/20180610_205814.png","keywords":["autos","caritas catedral","diego maru","expo","soliaridad"],"articleSection":["Sociedad"],"inLanguage":"es","potentialAction":[{"@type":"CommentAction","name":"Comment","target":["https:\/\/noticiasmercedinas.com\/site\/2019\/10\/25\/se-viene-una-nueva-edicion-de-la-exposicion-de-automoviles-ciudad-de-mercedes\/#respond"]}]},{"@type":"WebPage","@id":"https:\/\/noticiasmercedinas.com\/site\/2019\/10\/25\/se-viene-una-nueva-edicion-de-la-exposicion-de-automoviles-ciudad-de-mercedes\/","url":"https:\/\/noticiasmercedinas.com\/site\/2019\/10\/25\/se-viene-una-nueva-edicion-de-la-exposicion-de-automoviles-ciudad-de-mercedes\/","name":"Se viene una nueva edici\u00f3n de la Exposici\u00f3n de Autom\u00f3viles \u201cCiudad de Mercedes\u201d","isPartOf":{"@id":"https:\/\/noticiasmercedinas.com\/site\/#website"},"primaryImageOfPage":{"@id":"https:\/\/noticiasmercedinas.com\/site\/2019\/10\/25\/se-viene-una-nueva-edicion-de-la-exposicion-de-automoviles-ciudad-de-mercedes\/#primaryimage"},"image":{"@id":"https:\/\/noticiasmercedinas.com\/site\/2019\/10\/25\/se-viene-una-nueva-edicion-de-la-exposicion-de-automoviles-ciudad-de-mercedes\/#primaryimage"},"thumbnailUrl":"https:\/\/noticiasmercedinas.com\/site\/wp-content\/uploads\/2019\/10\/20180610_205814.png","datePublished":"2019-10-25T11:02:04+00:00","breadcrumb":{"@id":"https:\/\/noticiasmercedinas.com\/site\/2019\/10\/25\/se-viene-una-nueva-edicion-de-la-exposicion-de-automoviles-ciudad-de-mercedes\/#breadcrumb"},"inLanguage":"es","potentialAction":[{"@type":"ReadAction","target":["https:\/\/noticiasmercedinas.com\/site\/2019\/10\/25\/se-viene-una-nueva-edicion-de-la-exposicion-de-automoviles-ciudad-de-mercedes\/"]}]},{"@type":"ImageObject","inLanguage":"es","@id":"https:\/\/noticiasmercedinas.com\/site\/2019\/10\/25\/se-viene-una-nueva-edicion-de-la-exposicion-de-automoviles-ciudad-de-mercedes\/#primaryimage","url":"https:\/\/noticiasmercedinas.com\/site\/wp-content\/uploads\/2019\/10\/20180610_205814.png","contentUrl":"https:\/\/noticiasmercedinas.com\/site\/wp-content\/uploads\/2019\/10\/20180610_205814.png","width":530,"height":439},{"@type":"BreadcrumbList","@id":"https:\/\/noticiasmercedinas.com\/site\/2019\/10\/25\/se-viene-una-nueva-edicion-de-la-exposicion-de-automoviles-ciudad-de-mercedes\/#breadcrumb","itemListElement":[{"@type":"ListItem","position":1,"name":"Portada","item":"https:\/\/noticiasmercedinas.com\/site\/"},{"@type":"ListItem","position":2,"name":"Se viene una nueva edici\u00f3n de la Exposici\u00f3n de Autom\u00f3viles \u201cCiudad de Mercedes\u201d"}]},{"@type":"WebSite","@id":"https:\/\/noticiasmercedinas.com\/site\/#website","url":"https:\/\/noticiasmercedinas.com\/site\/","name":"NOTICIASMERCEDINAS.COM","description":"Mercedes, Buenos Aires, Argentina","publisher":{"@id":"https:\/\/noticiasmercedinas.com\/site\/#organization"},"potentialAction":[{"@type":"SearchAction","target":{"@type":"EntryPoint","urlTemplate":"https:\/\/noticiasmercedinas.com\/site\/?s={search_term_string}"},"query-input":{"@type":"PropertyValueSpecification","valueRequired":true,"valueName":"search_term_string"}}],"inLanguage":"es"},{"@type":"Organization","@id":"https:\/\/noticiasmercedinas.com\/site\/#organization","name":"NOTICIASMERCEDINAS.COM","url":"https:\/\/noticiasmercedinas.com\/site\/","logo":{"@type":"ImageObject","inLanguage":"es","@id":"https:\/\/noticiasmercedinas.com\/site\/#\/schema\/logo\/image\/","url":"https:\/\/noticiasmercedinas.com\/site\/wp-content\/uploads\/2020\/06\/LOGO-512.jpg","contentUrl":"https:\/\/noticiasmercedinas.com\/site\/wp-content\/uploads\/2020\/06\/LOGO-512.jpg","width":512,"height":512,"caption":"NOTICIASMERCEDINAS.COM"},"image":{"@id":"https:\/\/noticiasmercedinas.com\/site\/#\/schema\/logo\/image\/"},"sameAs":["https:\/\/www.facebook.com\/noticiasmercedinas\/","https:\/\/x.com\/notmercedinas","https:\/\/www.instagram.com\/noticiasmercedinas\/"]},{"@type":"Person","@id":"https:\/\/noticiasmercedinas.com\/site\/#\/schema\/person\/84b59c099c28ff2e8b77d4ceec5d8063","name":"NOTICIASMERCEDINAS.COM","image":{"@type":"ImageObject","inLanguage":"es","@id":"https:\/\/secure.gravatar.com\/avatar\/4dfbf16b4d17945bfb6341b2d19043457132fcf478a5ee04f42e959fd8f5df0a?s=96&d=mm&r=g","url":"https:\/\/secure.gravatar.com\/avatar\/4dfbf16b4d17945bfb6341b2d19043457132fcf478a5ee04f42e959fd8f5df0a?s=96&d=mm&r=g","contentUrl":"https:\/\/secure.gravatar.com\/avatar\/4dfbf16b4d17945bfb6341b2d19043457132fcf478a5ee04f42e959fd8f5df0a?s=96&d=mm&r=g","caption":"NOTICIASMERCEDINAS.COM"},"url":"https:\/\/noticiasmercedinas.com\/site\/author\/anonimo\/"}]}},"amp_enabled":true,"_links":{"self":[{"href":"https:\/\/noticiasmercedinas.com\/site\/wp-json\/wp\/v2\/posts\/31816","targetHints":{"allow":["GET"]}}],"collection":[{"href":"https:\/\/noticiasmercedinas.com\/site\/wp-json\/wp\/v2\/posts"}],"about":[{"href":"https:\/\/noticiasmercedinas.com\/site\/wp-json\/wp\/v2\/types\/post"}],"author":[{"embeddable":true,"href":"https:\/\/noticiasmercedinas.com\/site\/wp-json\/wp\/v2\/users\/16"}],"replies":[{"embeddable":true,"href":"https:\/\/noticiasmercedinas.com\/site\/wp-json\/wp\/v2\/comments?post=31816"}],"version-history":[{"count":1,"href":"https:\/\/noticiasmercedinas.com\/site\/wp-json\/wp\/v2\/posts\/31816\/revisions"}],"predecessor-version":[{"id":31826,"href":"https:\/\/noticiasmercedinas.com\/site\/wp-json\/wp\/v2\/posts\/31816\/revisions\/31826"}],"wp:featuredmedia":[{"embeddable":true,"href":"https:\/\/noticiasmercedinas.com\/site\/wp-json\/wp\/v2\/media\/31822"}],"wp:attachment":[{"href":"https:\/\/noticiasmercedinas.com\/site\/wp-json\/wp\/v2\/media?parent=31816"}],"wp:term":[{"taxonomy":"category","embeddable":true,"href":"https:\/\/noticiasmercedinas.com\/site\/wp-json\/wp\/v2\/categories?post=31816"},{"taxonomy":"post_tag","embeddable":true,"href":"https:\/\/noticiasmercedinas.com\/site\/wp-json\/wp\/v2\/tags?post=31816"}],"curies":[{"name":"wp","href":"https:\/\/api.w.org\/{rel}","templated":true}]}}