{"id":31905,"date":"2019-10-26T10:05:28","date_gmt":"2019-10-26T13:05:28","guid":{"rendered":"https:\/\/noticiasmercedinas.com\/site\/2019\/10\/26\/mejor-de-manana-aire-fresco-en-cablevision\/"},"modified":"2019-10-26T10:05:28","modified_gmt":"2019-10-26T13:05:28","slug":"mejor-de-manana-aire-fresco-en-cablevision","status":"publish","type":"post","link":"https:\/\/noticiasmercedinas.com\/site\/2019\/10\/26\/mejor-de-manana-aire-fresco-en-cablevision\/","title":{"rendered":"\u00abMejor de ma\u00f1ana\u00bb, aire fresco en Cablevisi\u00f3n"},"content":{"rendered":"<p><img loading=\"lazy\" decoding=\"async\" class=\"wp-image-31903 alignnone size-full\" src=\"https:\/\/noticiasmercedinas.com\/site\/wp-content\/uploads\/2019\/10\/img-20191026-wa00168013280011383181847.jpg\" width=\"1024\" height=\"769\" srcset=\"https:\/\/noticiasmercedinas.com\/site\/wp-content\/uploads\/2019\/10\/img-20191026-wa00168013280011383181847.jpg 1024w, https:\/\/noticiasmercedinas.com\/site\/wp-content\/uploads\/2019\/10\/img-20191026-wa00168013280011383181847-300x225.jpg 300w, https:\/\/noticiasmercedinas.com\/site\/wp-content\/uploads\/2019\/10\/img-20191026-wa00168013280011383181847-768x577.jpg 768w, https:\/\/noticiasmercedinas.com\/site\/wp-content\/uploads\/2019\/10\/img-20191026-wa00168013280011383181847-80x60.jpg 80w, https:\/\/noticiasmercedinas.com\/site\/wp-content\/uploads\/2019\/10\/img-20191026-wa00168013280011383181847-160x120.jpg 160w, https:\/\/noticiasmercedinas.com\/site\/wp-content\/uploads\/2019\/10\/img-20191026-wa00168013280011383181847-100x75.jpg 100w, https:\/\/noticiasmercedinas.com\/site\/wp-content\/uploads\/2019\/10\/img-20191026-wa00168013280011383181847-200x150.jpg 200w, https:\/\/noticiasmercedinas.com\/site\/wp-content\/uploads\/2019\/10\/img-20191026-wa00168013280011383181847-180x135.jpg 180w, https:\/\/noticiasmercedinas.com\/site\/wp-content\/uploads\/2019\/10\/img-20191026-wa00168013280011383181847-360x270.jpg 360w, https:\/\/noticiasmercedinas.com\/site\/wp-content\/uploads\/2019\/10\/img-20191026-wa00168013280011383181847-238x178.jpg 238w, https:\/\/noticiasmercedinas.com\/site\/wp-content\/uploads\/2019\/10\/img-20191026-wa00168013280011383181847-476x356.jpg 476w, https:\/\/noticiasmercedinas.com\/site\/wp-content\/uploads\/2019\/10\/img-20191026-wa00168013280011383181847-640x481.jpg 640w, https:\/\/noticiasmercedinas.com\/site\/wp-content\/uploads\/2019\/10\/img-20191026-wa00168013280011383181847-681x511.jpg 681w\" sizes=\"auto, (max-width: 1024px) 100vw, 1024px\" \/><\/p>\n<p>Desde el 26 de septiembre y por la se\u00f1al de Canal 7 de Cablevisi\u00f3n se puede ver un magazine diario producido por un grupo de periodistas j\u00f3venes oriundos de la ciudad de General Rodr\u00edguez.<\/p>\n<p>\u00abMejor de Ma\u00f1ana\u00bb comenz\u00f3 el jueves 26 de septiembre con un contenido b\u00e1sicamente deportivo, cubriendo los acontecimientos m\u00e1s importantes de General Rodr\u00edguez, sobre todo lo que tiene que ver con el Club Alem, Atlas (ambos participan en las divisionales \u00abD\u00bb y \u00abC\u00bb de AFA) como tambi\u00e9n el Porte\u00f1o Atl\u00e9tico Club en sus variadas disciplinas.<\/p>\n<p>La Cultura forma parte del programa, como los eventos sociales y de inter\u00e9s general que hacen el d\u00eda a d\u00eda de General Rodr\u00edguez.<\/p>\n<p>A una impronta joven que imponen sus conductores, Agustin Coelh, Celeste Juan y Agustin Kubar, se le suman Pato Angiulli, Lucas Crisafulli, Hugo \u00abChavo\u00bb Pintos en los m\u00f3viles y coberturas. La producci\u00f3n est\u00e1 a cargo de Sofia Fernandez, Elias Orellano y Juan Bianchi. Al terminar a las 13 horas, casi pegado al informativo que conduce Esteban Marcelo, tambi\u00e9n se implement\u00f3 un d\u00faplex como adelanto de las noticias m\u00e1s importantes que se desarrollan en el segmento informativo del canal.<\/p>\n<p>Desde mediados de noviembre se podr\u00e1n ver contenidos tanto de Mercedes como de Luj\u00e1n ya que la cobertura del Canal 7 de Cablevisi\u00f3n llega a estas ciudades.<\/p>\n<p>La idea de Milenio Media, productora que tiene el manejo de la se\u00f1al, es que toda la programaci\u00f3n que se emite en el canal sea m\u00e1s regional sin dejar de perder el foco de lo local, pero abarcando en un plano general lo que ocurre en la zona oeste de la provincia.<\/p>\n<p>El \u00faltimo viernes 25 el programa se traslad\u00f3 a la terraza del edificio en donde habitualmente emite su programa, cocinaron en vivo y cerraron con una banda que comprometi\u00f3 su participaci\u00f3n para los 100 programas y para el cierre de a\u00f1o.<\/p>\n<p>El programa tambi\u00e9n se puede seguir por la fanpage de Mejor de Ma\u00f1ana en Facebook y en breve por un canal de YouTube VEOTEVE, que est\u00e1 preparando contenidos exclusivos para esa plataforma.<\/p>\n<p><img loading=\"lazy\" decoding=\"async\" src=\"https:\/\/noticiasmercedinas.com\/site\/wp-content\/uploads\/2019\/10\/img-20191026-wa00159151312647561720129.jpg\" class=\"wp-image-31904 alignnone size-full\" width=\"1280\" height=\"960\" srcset=\"https:\/\/noticiasmercedinas.com\/site\/wp-content\/uploads\/2019\/10\/img-20191026-wa00159151312647561720129.jpg 1280w, https:\/\/noticiasmercedinas.com\/site\/wp-content\/uploads\/2019\/10\/img-20191026-wa00159151312647561720129-300x225.jpg 300w, https:\/\/noticiasmercedinas.com\/site\/wp-content\/uploads\/2019\/10\/img-20191026-wa00159151312647561720129-768x576.jpg 768w, https:\/\/noticiasmercedinas.com\/site\/wp-content\/uploads\/2019\/10\/img-20191026-wa00159151312647561720129-1024x768.jpg 1024w, https:\/\/noticiasmercedinas.com\/site\/wp-content\/uploads\/2019\/10\/img-20191026-wa00159151312647561720129-80x60.jpg 80w, https:\/\/noticiasmercedinas.com\/site\/wp-content\/uploads\/2019\/10\/img-20191026-wa00159151312647561720129-160x120.jpg 160w, https:\/\/noticiasmercedinas.com\/site\/wp-content\/uploads\/2019\/10\/img-20191026-wa00159151312647561720129-100x75.jpg 100w, https:\/\/noticiasmercedinas.com\/site\/wp-content\/uploads\/2019\/10\/img-20191026-wa00159151312647561720129-200x150.jpg 200w, https:\/\/noticiasmercedinas.com\/site\/wp-content\/uploads\/2019\/10\/img-20191026-wa00159151312647561720129-180x135.jpg 180w, https:\/\/noticiasmercedinas.com\/site\/wp-content\/uploads\/2019\/10\/img-20191026-wa00159151312647561720129-360x270.jpg 360w, https:\/\/noticiasmercedinas.com\/site\/wp-content\/uploads\/2019\/10\/img-20191026-wa00159151312647561720129-238x178.jpg 238w, https:\/\/noticiasmercedinas.com\/site\/wp-content\/uploads\/2019\/10\/img-20191026-wa00159151312647561720129-476x356.jpg 476w, https:\/\/noticiasmercedinas.com\/site\/wp-content\/uploads\/2019\/10\/img-20191026-wa00159151312647561720129-640x480.jpg 640w, https:\/\/noticiasmercedinas.com\/site\/wp-content\/uploads\/2019\/10\/img-20191026-wa00159151312647561720129-681x511.jpg 681w\" sizes=\"auto, (max-width: 1280px) 100vw, 1280px\" \/><\/p>\n","protected":false},"excerpt":{"rendered":"<p>Desde el 26 de septiembre y por la se\u00f1al de Canal 7 de Cablevisi\u00f3n se puede ver un magazine diario producido por un grupo de periodistas j\u00f3venes oriundos de la ciudad de General Rodr\u00edguez. \u00abMejor de Ma\u00f1ana\u00bb comenz\u00f3 el jueves 26 de septiembre con un contenido b\u00e1sicamente deportivo, cubriendo los acontecimientos m\u00e1s importantes de General [&hellip;]<\/p>\n","protected":false},"author":2,"featured_media":31903,"comment_status":"open","ping_status":"open","sticky":false,"template":"","format":"standard","meta":{"footnotes":""},"categories":[4210],"tags":[4227,25,2228],"class_list":["post-31905","post","type-post","status-publish","format-standard","has-post-thumbnail","hentry","category-medios","tag-cablevision","tag-medios","tag-television"],"yoast_head":"<!-- This site is optimized with the Yoast SEO plugin v27.5 - https:\/\/yoast.com\/product\/yoast-seo-wordpress\/ -->\n<title>&quot;Mejor de ma\u00f1ana&quot;, aire fresco en Cablevisi\u00f3n<\/title>\n<meta name=\"robots\" content=\"index, follow, max-snippet:-1, max-image-preview:large, max-video-preview:-1\" \/>\n<link rel=\"canonical\" href=\"https:\/\/noticiasmercedinas.com\/site\/2019\/10\/26\/mejor-de-manana-aire-fresco-en-cablevision\/\" \/>\n<meta property=\"og:locale\" content=\"es_ES\" \/>\n<meta property=\"og:type\" content=\"article\" \/>\n<meta property=\"og:title\" content=\"&quot;Mejor de ma\u00f1ana&quot;, aire fresco en Cablevisi\u00f3n\" \/>\n<meta property=\"og:description\" content=\"Desde el 26 de septiembre y por la se\u00f1al de Canal 7 de Cablevisi\u00f3n se puede ver un magazine diario producido por un grupo de periodistas j\u00f3venes oriundos de la ciudad de General Rodr\u00edguez. \u00abMejor de Ma\u00f1ana\u00bb comenz\u00f3 el jueves 26 de septiembre con un contenido b\u00e1sicamente deportivo, cubriendo los acontecimientos m\u00e1s importantes de General [&hellip;]\" \/>\n<meta property=\"og:url\" content=\"https:\/\/noticiasmercedinas.com\/site\/2019\/10\/26\/mejor-de-manana-aire-fresco-en-cablevision\/\" \/>\n<meta property=\"og:site_name\" content=\"NOTICIASMERCEDINAS.COM\" \/>\n<meta property=\"article:publisher\" content=\"https:\/\/www.facebook.com\/noticiasmercedinas\/\" \/>\n<meta property=\"article:author\" content=\"https:\/\/www.facebook.com\/cristian.falabella\" \/>\n<meta property=\"article:published_time\" content=\"2019-10-26T13:05:28+00:00\" \/>\n<meta property=\"og:image\" content=\"https:\/\/noticiasmercedinas.com\/site\/wp-content\/uploads\/2019\/10\/img-20191026-wa00168013280011383181847.jpg\" \/>\n\t<meta property=\"og:image:width\" content=\"1024\" \/>\n\t<meta property=\"og:image:height\" content=\"769\" \/>\n\t<meta property=\"og:image:type\" content=\"image\/jpeg\" \/>\n<meta name=\"author\" content=\"Cristian Falabella NOTICIASMERCEDINAS.COM\" \/>\n<meta name=\"twitter:card\" content=\"summary_large_image\" \/>\n<meta name=\"twitter:creator\" content=\"@https:\/\/twitter.com\/NOTMERCEDINAS\" \/>\n<meta name=\"twitter:site\" content=\"@notmercedinas\" \/>\n<meta name=\"twitter:label1\" content=\"Escrito por\" \/>\n\t<meta name=\"twitter:data1\" content=\"Cristian Falabella NOTICIASMERCEDINAS.COM\" \/>\n\t<meta name=\"twitter:label2\" content=\"Tiempo de lectura\" \/>\n\t<meta name=\"twitter:data2\" content=\"2 minutos\" \/>\n<script type=\"application\/ld+json\" class=\"yoast-schema-graph\">{\"@context\":\"https:\\\/\\\/schema.org\",\"@graph\":[{\"@type\":\"Article\",\"@id\":\"https:\\\/\\\/noticiasmercedinas.com\\\/site\\\/2019\\\/10\\\/26\\\/mejor-de-manana-aire-fresco-en-cablevision\\\/#article\",\"isPartOf\":{\"@id\":\"https:\\\/\\\/noticiasmercedinas.com\\\/site\\\/2019\\\/10\\\/26\\\/mejor-de-manana-aire-fresco-en-cablevision\\\/\"},\"author\":{\"name\":\"Cristian Falabella NOTICIASMERCEDINAS.COM\",\"@id\":\"https:\\\/\\\/noticiasmercedinas.com\\\/site\\\/#\\\/schema\\\/person\\\/d481a9696a5feaec13a60e2bbd991a6a\"},\"headline\":\"\u00abMejor de ma\u00f1ana\u00bb, aire fresco en Cablevisi\u00f3n\",\"datePublished\":\"2019-10-26T13:05:28+00:00\",\"mainEntityOfPage\":{\"@id\":\"https:\\\/\\\/noticiasmercedinas.com\\\/site\\\/2019\\\/10\\\/26\\\/mejor-de-manana-aire-fresco-en-cablevision\\\/\"},\"wordCount\":373,\"commentCount\":0,\"publisher\":{\"@id\":\"https:\\\/\\\/noticiasmercedinas.com\\\/site\\\/#organization\"},\"image\":{\"@id\":\"https:\\\/\\\/noticiasmercedinas.com\\\/site\\\/2019\\\/10\\\/26\\\/mejor-de-manana-aire-fresco-en-cablevision\\\/#primaryimage\"},\"thumbnailUrl\":\"https:\\\/\\\/noticiasmercedinas.com\\\/site\\\/wp-content\\\/uploads\\\/2019\\\/10\\\/img-20191026-wa00168013280011383181847.jpg\",\"keywords\":[\"cablevision\",\"medios\",\"television\"],\"articleSection\":[\"Medios\"],\"inLanguage\":\"es\",\"potentialAction\":[{\"@type\":\"CommentAction\",\"name\":\"Comment\",\"target\":[\"https:\\\/\\\/noticiasmercedinas.com\\\/site\\\/2019\\\/10\\\/26\\\/mejor-de-manana-aire-fresco-en-cablevision\\\/#respond\"]}]},{\"@type\":\"WebPage\",\"@id\":\"https:\\\/\\\/noticiasmercedinas.com\\\/site\\\/2019\\\/10\\\/26\\\/mejor-de-manana-aire-fresco-en-cablevision\\\/\",\"url\":\"https:\\\/\\\/noticiasmercedinas.com\\\/site\\\/2019\\\/10\\\/26\\\/mejor-de-manana-aire-fresco-en-cablevision\\\/\",\"name\":\"\\\"Mejor de ma\u00f1ana\\\", aire fresco en Cablevisi\u00f3n\",\"isPartOf\":{\"@id\":\"https:\\\/\\\/noticiasmercedinas.com\\\/site\\\/#website\"},\"primaryImageOfPage\":{\"@id\":\"https:\\\/\\\/noticiasmercedinas.com\\\/site\\\/2019\\\/10\\\/26\\\/mejor-de-manana-aire-fresco-en-cablevision\\\/#primaryimage\"},\"image\":{\"@id\":\"https:\\\/\\\/noticiasmercedinas.com\\\/site\\\/2019\\\/10\\\/26\\\/mejor-de-manana-aire-fresco-en-cablevision\\\/#primaryimage\"},\"thumbnailUrl\":\"https:\\\/\\\/noticiasmercedinas.com\\\/site\\\/wp-content\\\/uploads\\\/2019\\\/10\\\/img-20191026-wa00168013280011383181847.jpg\",\"datePublished\":\"2019-10-26T13:05:28+00:00\",\"breadcrumb\":{\"@id\":\"https:\\\/\\\/noticiasmercedinas.com\\\/site\\\/2019\\\/10\\\/26\\\/mejor-de-manana-aire-fresco-en-cablevision\\\/#breadcrumb\"},\"inLanguage\":\"es\",\"potentialAction\":[{\"@type\":\"ReadAction\",\"target\":[\"https:\\\/\\\/noticiasmercedinas.com\\\/site\\\/2019\\\/10\\\/26\\\/mejor-de-manana-aire-fresco-en-cablevision\\\/\"]}]},{\"@type\":\"ImageObject\",\"inLanguage\":\"es\",\"@id\":\"https:\\\/\\\/noticiasmercedinas.com\\\/site\\\/2019\\\/10\\\/26\\\/mejor-de-manana-aire-fresco-en-cablevision\\\/#primaryimage\",\"url\":\"https:\\\/\\\/noticiasmercedinas.com\\\/site\\\/wp-content\\\/uploads\\\/2019\\\/10\\\/img-20191026-wa00168013280011383181847.jpg\",\"contentUrl\":\"https:\\\/\\\/noticiasmercedinas.com\\\/site\\\/wp-content\\\/uploads\\\/2019\\\/10\\\/img-20191026-wa00168013280011383181847.jpg\",\"width\":1024,\"height\":769},{\"@type\":\"BreadcrumbList\",\"@id\":\"https:\\\/\\\/noticiasmercedinas.com\\\/site\\\/2019\\\/10\\\/26\\\/mejor-de-manana-aire-fresco-en-cablevision\\\/#breadcrumb\",\"itemListElement\":[{\"@type\":\"ListItem\",\"position\":1,\"name\":\"Portada\",\"item\":\"https:\\\/\\\/noticiasmercedinas.com\\\/site\\\/\"},{\"@type\":\"ListItem\",\"position\":2,\"name\":\"\u00abMejor de ma\u00f1ana\u00bb, aire fresco en Cablevisi\u00f3n\"}]},{\"@type\":\"WebSite\",\"@id\":\"https:\\\/\\\/noticiasmercedinas.com\\\/site\\\/#website\",\"url\":\"https:\\\/\\\/noticiasmercedinas.com\\\/site\\\/\",\"name\":\"NOTICIASMERCEDINAS.COM\",\"description\":\"Mercedes, Buenos Aires, Argentina\",\"publisher\":{\"@id\":\"https:\\\/\\\/noticiasmercedinas.com\\\/site\\\/#organization\"},\"potentialAction\":[{\"@type\":\"SearchAction\",\"target\":{\"@type\":\"EntryPoint\",\"urlTemplate\":\"https:\\\/\\\/noticiasmercedinas.com\\\/site\\\/?s={search_term_string}\"},\"query-input\":{\"@type\":\"PropertyValueSpecification\",\"valueRequired\":true,\"valueName\":\"search_term_string\"}}],\"inLanguage\":\"es\"},{\"@type\":\"Organization\",\"@id\":\"https:\\\/\\\/noticiasmercedinas.com\\\/site\\\/#organization\",\"name\":\"NOTICIASMERCEDINAS.COM\",\"url\":\"https:\\\/\\\/noticiasmercedinas.com\\\/site\\\/\",\"logo\":{\"@type\":\"ImageObject\",\"inLanguage\":\"es\",\"@id\":\"https:\\\/\\\/noticiasmercedinas.com\\\/site\\\/#\\\/schema\\\/logo\\\/image\\\/\",\"url\":\"https:\\\/\\\/noticiasmercedinas.com\\\/site\\\/wp-content\\\/uploads\\\/2020\\\/06\\\/LOGO-512.jpg\",\"contentUrl\":\"https:\\\/\\\/noticiasmercedinas.com\\\/site\\\/wp-content\\\/uploads\\\/2020\\\/06\\\/LOGO-512.jpg\",\"width\":512,\"height\":512,\"caption\":\"NOTICIASMERCEDINAS.COM\"},\"image\":{\"@id\":\"https:\\\/\\\/noticiasmercedinas.com\\\/site\\\/#\\\/schema\\\/logo\\\/image\\\/\"},\"sameAs\":[\"https:\\\/\\\/www.facebook.com\\\/noticiasmercedinas\\\/\",\"https:\\\/\\\/x.com\\\/notmercedinas\",\"https:\\\/\\\/www.instagram.com\\\/noticiasmercedinas\\\/\"]},{\"@type\":\"Person\",\"@id\":\"https:\\\/\\\/noticiasmercedinas.com\\\/site\\\/#\\\/schema\\\/person\\\/d481a9696a5feaec13a60e2bbd991a6a\",\"name\":\"Cristian Falabella NOTICIASMERCEDINAS.COM\",\"image\":{\"@type\":\"ImageObject\",\"inLanguage\":\"es\",\"@id\":\"https:\\\/\\\/secure.gravatar.com\\\/avatar\\\/0dbbfc45970cc46bcd0e57766228574ff3511d6eed045b182f536f0f478c1f06?s=96&d=mm&r=g\",\"url\":\"https:\\\/\\\/secure.gravatar.com\\\/avatar\\\/0dbbfc45970cc46bcd0e57766228574ff3511d6eed045b182f536f0f478c1f06?s=96&d=mm&r=g\",\"contentUrl\":\"https:\\\/\\\/secure.gravatar.com\\\/avatar\\\/0dbbfc45970cc46bcd0e57766228574ff3511d6eed045b182f536f0f478c1f06?s=96&d=mm&r=g\",\"caption\":\"Cristian Falabella NOTICIASMERCEDINAS.COM\"},\"description\":\"Periodista, editor de Noticias Mercedinas. Pas\u00f3 por varias redacciones y emprendimientos de prensa, en distintos formatos y \u00e9pocas. Se especializ\u00f3 --y sigue haci\u00e9ndolo-- en comunicaci\u00f3n en la web y en junio de 2006 fund\u00f3 este diario digital.\",\"sameAs\":[\"https:\\\/\\\/noticiasmercedinas.com\",\"https:\\\/\\\/www.facebook.com\\\/cristian.falabella\",\"https:\\\/\\\/www.instagram.com\\\/noticiasmercedinas\\\/\",\"https:\\\/\\\/x.com\\\/https:\\\/\\\/twitter.com\\\/NOTMERCEDINAS\"],\"url\":\"https:\\\/\\\/noticiasmercedinas.com\\\/site\\\/author\\\/as000384\\\/\"}]}<\/script>\n<!-- \/ Yoast SEO plugin. -->","yoast_head_json":{"title":"\"Mejor de ma\u00f1ana\", aire fresco en Cablevisi\u00f3n","robots":{"index":"index","follow":"follow","max-snippet":"max-snippet:-1","max-image-preview":"max-image-preview:large","max-video-preview":"max-video-preview:-1"},"canonical":"https:\/\/noticiasmercedinas.com\/site\/2019\/10\/26\/mejor-de-manana-aire-fresco-en-cablevision\/","og_locale":"es_ES","og_type":"article","og_title":"\"Mejor de ma\u00f1ana\", aire fresco en Cablevisi\u00f3n","og_description":"Desde el 26 de septiembre y por la se\u00f1al de Canal 7 de Cablevisi\u00f3n se puede ver un magazine diario producido por un grupo de periodistas j\u00f3venes oriundos de la ciudad de General Rodr\u00edguez. \u00abMejor de Ma\u00f1ana\u00bb comenz\u00f3 el jueves 26 de septiembre con un contenido b\u00e1sicamente deportivo, cubriendo los acontecimientos m\u00e1s importantes de General [&hellip;]","og_url":"https:\/\/noticiasmercedinas.com\/site\/2019\/10\/26\/mejor-de-manana-aire-fresco-en-cablevision\/","og_site_name":"NOTICIASMERCEDINAS.COM","article_publisher":"https:\/\/www.facebook.com\/noticiasmercedinas\/","article_author":"https:\/\/www.facebook.com\/cristian.falabella","article_published_time":"2019-10-26T13:05:28+00:00","og_image":[{"width":1024,"height":769,"url":"https:\/\/noticiasmercedinas.com\/site\/wp-content\/uploads\/2019\/10\/img-20191026-wa00168013280011383181847.jpg","type":"image\/jpeg"}],"author":"Cristian Falabella NOTICIASMERCEDINAS.COM","twitter_card":"summary_large_image","twitter_creator":"@https:\/\/twitter.com\/NOTMERCEDINAS","twitter_site":"@notmercedinas","twitter_misc":{"Escrito por":"Cristian Falabella NOTICIASMERCEDINAS.COM","Tiempo de lectura":"2 minutos"},"schema":{"@context":"https:\/\/schema.org","@graph":[{"@type":"Article","@id":"https:\/\/noticiasmercedinas.com\/site\/2019\/10\/26\/mejor-de-manana-aire-fresco-en-cablevision\/#article","isPartOf":{"@id":"https:\/\/noticiasmercedinas.com\/site\/2019\/10\/26\/mejor-de-manana-aire-fresco-en-cablevision\/"},"author":{"name":"Cristian Falabella NOTICIASMERCEDINAS.COM","@id":"https:\/\/noticiasmercedinas.com\/site\/#\/schema\/person\/d481a9696a5feaec13a60e2bbd991a6a"},"headline":"\u00abMejor de ma\u00f1ana\u00bb, aire fresco en Cablevisi\u00f3n","datePublished":"2019-10-26T13:05:28+00:00","mainEntityOfPage":{"@id":"https:\/\/noticiasmercedinas.com\/site\/2019\/10\/26\/mejor-de-manana-aire-fresco-en-cablevision\/"},"wordCount":373,"commentCount":0,"publisher":{"@id":"https:\/\/noticiasmercedinas.com\/site\/#organization"},"image":{"@id":"https:\/\/noticiasmercedinas.com\/site\/2019\/10\/26\/mejor-de-manana-aire-fresco-en-cablevision\/#primaryimage"},"thumbnailUrl":"https:\/\/noticiasmercedinas.com\/site\/wp-content\/uploads\/2019\/10\/img-20191026-wa00168013280011383181847.jpg","keywords":["cablevision","medios","television"],"articleSection":["Medios"],"inLanguage":"es","potentialAction":[{"@type":"CommentAction","name":"Comment","target":["https:\/\/noticiasmercedinas.com\/site\/2019\/10\/26\/mejor-de-manana-aire-fresco-en-cablevision\/#respond"]}]},{"@type":"WebPage","@id":"https:\/\/noticiasmercedinas.com\/site\/2019\/10\/26\/mejor-de-manana-aire-fresco-en-cablevision\/","url":"https:\/\/noticiasmercedinas.com\/site\/2019\/10\/26\/mejor-de-manana-aire-fresco-en-cablevision\/","name":"\"Mejor de ma\u00f1ana\", aire fresco en Cablevisi\u00f3n","isPartOf":{"@id":"https:\/\/noticiasmercedinas.com\/site\/#website"},"primaryImageOfPage":{"@id":"https:\/\/noticiasmercedinas.com\/site\/2019\/10\/26\/mejor-de-manana-aire-fresco-en-cablevision\/#primaryimage"},"image":{"@id":"https:\/\/noticiasmercedinas.com\/site\/2019\/10\/26\/mejor-de-manana-aire-fresco-en-cablevision\/#primaryimage"},"thumbnailUrl":"https:\/\/noticiasmercedinas.com\/site\/wp-content\/uploads\/2019\/10\/img-20191026-wa00168013280011383181847.jpg","datePublished":"2019-10-26T13:05:28+00:00","breadcrumb":{"@id":"https:\/\/noticiasmercedinas.com\/site\/2019\/10\/26\/mejor-de-manana-aire-fresco-en-cablevision\/#breadcrumb"},"inLanguage":"es","potentialAction":[{"@type":"ReadAction","target":["https:\/\/noticiasmercedinas.com\/site\/2019\/10\/26\/mejor-de-manana-aire-fresco-en-cablevision\/"]}]},{"@type":"ImageObject","inLanguage":"es","@id":"https:\/\/noticiasmercedinas.com\/site\/2019\/10\/26\/mejor-de-manana-aire-fresco-en-cablevision\/#primaryimage","url":"https:\/\/noticiasmercedinas.com\/site\/wp-content\/uploads\/2019\/10\/img-20191026-wa00168013280011383181847.jpg","contentUrl":"https:\/\/noticiasmercedinas.com\/site\/wp-content\/uploads\/2019\/10\/img-20191026-wa00168013280011383181847.jpg","width":1024,"height":769},{"@type":"BreadcrumbList","@id":"https:\/\/noticiasmercedinas.com\/site\/2019\/10\/26\/mejor-de-manana-aire-fresco-en-cablevision\/#breadcrumb","itemListElement":[{"@type":"ListItem","position":1,"name":"Portada","item":"https:\/\/noticiasmercedinas.com\/site\/"},{"@type":"ListItem","position":2,"name":"\u00abMejor de ma\u00f1ana\u00bb, aire fresco en Cablevisi\u00f3n"}]},{"@type":"WebSite","@id":"https:\/\/noticiasmercedinas.com\/site\/#website","url":"https:\/\/noticiasmercedinas.com\/site\/","name":"NOTICIASMERCEDINAS.COM","description":"Mercedes, Buenos Aires, Argentina","publisher":{"@id":"https:\/\/noticiasmercedinas.com\/site\/#organization"},"potentialAction":[{"@type":"SearchAction","target":{"@type":"EntryPoint","urlTemplate":"https:\/\/noticiasmercedinas.com\/site\/?s={search_term_string}"},"query-input":{"@type":"PropertyValueSpecification","valueRequired":true,"valueName":"search_term_string"}}],"inLanguage":"es"},{"@type":"Organization","@id":"https:\/\/noticiasmercedinas.com\/site\/#organization","name":"NOTICIASMERCEDINAS.COM","url":"https:\/\/noticiasmercedinas.com\/site\/","logo":{"@type":"ImageObject","inLanguage":"es","@id":"https:\/\/noticiasmercedinas.com\/site\/#\/schema\/logo\/image\/","url":"https:\/\/noticiasmercedinas.com\/site\/wp-content\/uploads\/2020\/06\/LOGO-512.jpg","contentUrl":"https:\/\/noticiasmercedinas.com\/site\/wp-content\/uploads\/2020\/06\/LOGO-512.jpg","width":512,"height":512,"caption":"NOTICIASMERCEDINAS.COM"},"image":{"@id":"https:\/\/noticiasmercedinas.com\/site\/#\/schema\/logo\/image\/"},"sameAs":["https:\/\/www.facebook.com\/noticiasmercedinas\/","https:\/\/x.com\/notmercedinas","https:\/\/www.instagram.com\/noticiasmercedinas\/"]},{"@type":"Person","@id":"https:\/\/noticiasmercedinas.com\/site\/#\/schema\/person\/d481a9696a5feaec13a60e2bbd991a6a","name":"Cristian Falabella NOTICIASMERCEDINAS.COM","image":{"@type":"ImageObject","inLanguage":"es","@id":"https:\/\/secure.gravatar.com\/avatar\/0dbbfc45970cc46bcd0e57766228574ff3511d6eed045b182f536f0f478c1f06?s=96&d=mm&r=g","url":"https:\/\/secure.gravatar.com\/avatar\/0dbbfc45970cc46bcd0e57766228574ff3511d6eed045b182f536f0f478c1f06?s=96&d=mm&r=g","contentUrl":"https:\/\/secure.gravatar.com\/avatar\/0dbbfc45970cc46bcd0e57766228574ff3511d6eed045b182f536f0f478c1f06?s=96&d=mm&r=g","caption":"Cristian Falabella NOTICIASMERCEDINAS.COM"},"description":"Periodista, editor de Noticias Mercedinas. Pas\u00f3 por varias redacciones y emprendimientos de prensa, en distintos formatos y \u00e9pocas. Se especializ\u00f3 --y sigue haci\u00e9ndolo-- en comunicaci\u00f3n en la web y en junio de 2006 fund\u00f3 este diario digital.","sameAs":["https:\/\/noticiasmercedinas.com","https:\/\/www.facebook.com\/cristian.falabella","https:\/\/www.instagram.com\/noticiasmercedinas\/","https:\/\/x.com\/https:\/\/twitter.com\/NOTMERCEDINAS"],"url":"https:\/\/noticiasmercedinas.com\/site\/author\/as000384\/"}]}},"amp_enabled":true,"_links":{"self":[{"href":"https:\/\/noticiasmercedinas.com\/site\/wp-json\/wp\/v2\/posts\/31905","targetHints":{"allow":["GET"]}}],"collection":[{"href":"https:\/\/noticiasmercedinas.com\/site\/wp-json\/wp\/v2\/posts"}],"about":[{"href":"https:\/\/noticiasmercedinas.com\/site\/wp-json\/wp\/v2\/types\/post"}],"author":[{"embeddable":true,"href":"https:\/\/noticiasmercedinas.com\/site\/wp-json\/wp\/v2\/users\/2"}],"replies":[{"embeddable":true,"href":"https:\/\/noticiasmercedinas.com\/site\/wp-json\/wp\/v2\/comments?post=31905"}],"version-history":[{"count":0,"href":"https:\/\/noticiasmercedinas.com\/site\/wp-json\/wp\/v2\/posts\/31905\/revisions"}],"wp:featuredmedia":[{"embeddable":true,"href":"https:\/\/noticiasmercedinas.com\/site\/wp-json\/wp\/v2\/media\/31903"}],"wp:attachment":[{"href":"https:\/\/noticiasmercedinas.com\/site\/wp-json\/wp\/v2\/media?parent=31905"}],"wp:term":[{"taxonomy":"category","embeddable":true,"href":"https:\/\/noticiasmercedinas.com\/site\/wp-json\/wp\/v2\/categories?post=31905"},{"taxonomy":"post_tag","embeddable":true,"href":"https:\/\/noticiasmercedinas.com\/site\/wp-json\/wp\/v2\/tags?post=31905"}],"curies":[{"name":"wp","href":"https:\/\/api.w.org\/{rel}","templated":true}]}}