{"id":3200,"date":"2018-09-30T10:24:43","date_gmt":"2018-09-30T13:24:43","guid":{"rendered":"https:\/\/noticiasmercedinas.com\/site\/?p=3200"},"modified":"2018-09-30T10:25:58","modified_gmt":"2018-09-30T13:25:58","slug":"comenzaran-las-obras-en-escuela-normal","status":"publish","type":"post","link":"https:\/\/noticiasmercedinas.com\/site\/2018\/09\/30\/comenzaran-las-obras-en-escuela-normal\/","title":{"rendered":"Comenzar\u00e1n las obras en Escuela Normal"},"content":{"rendered":"<p><strong>\u201cNos comprometimos, dimos nuestra palabra, gestionamos, hicimos lo que hay que hacer\u201d, sostuvo Darritchon. Cuestion\u00f3 el \u201crelato\u201d de la \u201cd\u00e9cada ganada\u201d. Una inversi\u00f3n de 45 millones de pesos que demandar\u00e1 11 meses de obra.<\/strong><\/p>\n<p><img loading=\"lazy\" decoding=\"async\" class=\"alignnone size-full wp-image-3201\" src=\"https:\/\/noticiasmercedinas.com\/site\/wp-content\/uploads\/2018\/09\/anadarr.jpg\" alt=\"\" width=\"656\" height=\"405\" srcset=\"https:\/\/noticiasmercedinas.com\/site\/wp-content\/uploads\/2018\/09\/anadarr.jpg 656w, https:\/\/noticiasmercedinas.com\/site\/wp-content\/uploads\/2018\/09\/anadarr-300x185.jpg 300w, https:\/\/noticiasmercedinas.com\/site\/wp-content\/uploads\/2018\/09\/anadarr-640x395.jpg 640w\" sizes=\"auto, (max-width: 656px) 100vw, 656px\" \/><\/p>\n<p>\u201cLa realidad siempre le gana al relato\u201d, sostuvo la presidente del Consejo Escolar, <strong>Ana Darritchon<\/strong>, luego de conocerse que finalmente comenzar\u00e1n las anunciadas obras de remodelaci\u00f3n en la Escuela Normal de Mercedes.<\/p>\n<p>\u201cHace unos a\u00f1os, mientras transcurr\u00eda la d\u00e9cada ganada, esa d\u00e9cada que prometi\u00f3, que hizo los relatos m\u00e1s aplaudidos por quienes saben escribir ficci\u00f3n, se prometi\u00f3, se anunci\u00f3 con bombos y platillos una obra para la Escuela Normal, solo era felicidad\u201d, dijo Darritchon.<\/p>\n<p>\u201cEl tiempo pas\u00f3, y como todo relato, en la realidad nada de eso se cumpli\u00f3. Por supuesto la comunidad de la escuela se desilusion\u00f3, perdi\u00f3 la esperanza, y cre\u00eda que nunca la Escuela iba a volver a estar como muchos la conocimos\u201d, agreg\u00f3 la presidente del Consejo Escolar.<\/p>\n<p>En este sentido destac\u00f3 que luego dieron \u201cnuestra palabra de que esa obra iba a hacerse, por que la escuela la necesitaba, una escuela que forma formadores, una escuela que es un ejemplo de la educaci\u00f3n p\u00fablica, de comunidad educativa, comprometida con el hacer diario de la instituci\u00f3n\u201d. \u201cNos comprometimos, dimos nuestra palabra, gestionamos, hicimos lo que hay que hacer\u201d, sostuvo Darritchon.<\/p>\n<p>\u201cAparecieron aquellos que siguen creyendo que mentir, que difamar, que poner en dudas la palabra del otro sin tener pruebas, que crear angustia, es la manera de hacer pol\u00edtica\u201d, cuestion\u00f3 luego y celebr\u00f3 que \u201cpor suerte cada vez son menos\u201d.<\/p>\n<p>\u201cLa comunidad volvi\u00f3 a creer que otra vez le hab\u00edan mentido&#8230; pero esta vez nosotros dimos nuestra palabra, gestionamos, nos ocupamos, hicimos lo que deb\u00edamos hacer\u201d, agreg\u00f3 la presidente del Concejo y confirm\u00f3 que el pasado jueves 20 la empresa adjudicada se present\u00f3 ante las autoridades de la escuela para decirles que el lunes llegaban con materiales, andamios y el personal para empezar la obra.<\/p>\n<p>\u201cEl jueves 27 firmamos el acta que organiza el trabajo de la empresa, el lugar de acopio de materiales, por donde comenzar\u00e1n las tareas\u201d, explic\u00f3 Darritchon sobre esta inversi\u00f3n de 45 millones de pesos que demandar\u00e1 11 meses de obra.<\/p>\n<p>\u201cA las que lo negaron, a los que mintieron, a los que se colgaban de la obra, a todos los desmemoriados que creen que en esta gesti\u00f3n no se hacen cosas, los invitamos a trabajar juntos\u201d, concluy\u00f3 Darritchon.<\/p>\n","protected":false},"excerpt":{"rendered":"<p>\u201cNos comprometimos, dimos nuestra palabra, gestionamos, hicimos lo que hay que hacer\u201d, sostuvo Darritchon. Cuestion\u00f3 el \u201crelato\u201d de la \u201cd\u00e9cada ganada\u201d. Una inversi\u00f3n de 45 millones de pesos que demandar\u00e1 11 meses de obra. \u201cLa realidad siempre le gana al relato\u201d, sostuvo la presidente del Consejo Escolar, Ana Darritchon, luego de conocerse que finalmente comenzar\u00e1n [&hellip;]<\/p>\n","protected":false},"author":2,"featured_media":3201,"comment_status":"open","ping_status":"open","sticky":false,"template":"","format":"standard","meta":{"footnotes":""},"categories":[3],"tags":[815,267,1098,36],"class_list":["post-3200","post","type-post","status-publish","format-standard","has-post-thumbnail","hentry","category-sociedad","tag-ana-darritchon","tag-consejo-escolar","tag-escuela-normal","tag-obras"],"yoast_head":"<!-- This site is optimized with the Yoast SEO plugin v27.5 - https:\/\/yoast.com\/product\/yoast-seo-wordpress\/ -->\n<title>Comenzar\u00e1n las obras en Escuela Normal<\/title>\n<meta name=\"robots\" content=\"index, follow, max-snippet:-1, max-image-preview:large, max-video-preview:-1\" \/>\n<link rel=\"canonical\" href=\"https:\/\/noticiasmercedinas.com\/site\/2018\/09\/30\/comenzaran-las-obras-en-escuela-normal\/\" \/>\n<meta property=\"og:locale\" content=\"es_ES\" \/>\n<meta property=\"og:type\" content=\"article\" \/>\n<meta property=\"og:title\" content=\"Comenzar\u00e1n las obras en Escuela Normal\" \/>\n<meta property=\"og:description\" content=\"\u201cNos comprometimos, dimos nuestra palabra, gestionamos, hicimos lo que hay que hacer\u201d, sostuvo Darritchon. Cuestion\u00f3 el \u201crelato\u201d de la \u201cd\u00e9cada ganada\u201d. Una inversi\u00f3n de 45 millones de pesos que demandar\u00e1 11 meses de obra. \u201cLa realidad siempre le gana al relato\u201d, sostuvo la presidente del Consejo Escolar, Ana Darritchon, luego de conocerse que finalmente comenzar\u00e1n [&hellip;]\" \/>\n<meta property=\"og:url\" content=\"https:\/\/noticiasmercedinas.com\/site\/2018\/09\/30\/comenzaran-las-obras-en-escuela-normal\/\" \/>\n<meta property=\"og:site_name\" content=\"NOTICIASMERCEDINAS.COM\" \/>\n<meta property=\"article:publisher\" content=\"https:\/\/www.facebook.com\/noticiasmercedinas\/\" \/>\n<meta property=\"article:author\" content=\"https:\/\/www.facebook.com\/cristian.falabella\" \/>\n<meta property=\"article:published_time\" content=\"2018-09-30T13:24:43+00:00\" \/>\n<meta property=\"article:modified_time\" content=\"2018-09-30T13:25:58+00:00\" \/>\n<meta property=\"og:image\" content=\"https:\/\/noticiasmercedinas.com\/site\/wp-content\/uploads\/2018\/09\/anadarr.jpg\" \/>\n\t<meta property=\"og:image:width\" content=\"656\" \/>\n\t<meta property=\"og:image:height\" content=\"405\" \/>\n\t<meta property=\"og:image:type\" content=\"image\/jpeg\" \/>\n<meta name=\"author\" content=\"Cristian Falabella NOTICIASMERCEDINAS.COM\" \/>\n<meta name=\"twitter:card\" content=\"summary_large_image\" \/>\n<meta name=\"twitter:creator\" content=\"@https:\/\/twitter.com\/NOTMERCEDINAS\" \/>\n<meta name=\"twitter:site\" content=\"@notmercedinas\" \/>\n<meta name=\"twitter:label1\" content=\"Escrito por\" \/>\n\t<meta name=\"twitter:data1\" content=\"Cristian Falabella NOTICIASMERCEDINAS.COM\" \/>\n\t<meta name=\"twitter:label2\" content=\"Tiempo de lectura\" \/>\n\t<meta name=\"twitter:data2\" content=\"2 minutos\" \/>\n<script type=\"application\/ld+json\" class=\"yoast-schema-graph\">{\"@context\":\"https:\\\/\\\/schema.org\",\"@graph\":[{\"@type\":\"Article\",\"@id\":\"https:\\\/\\\/noticiasmercedinas.com\\\/site\\\/2018\\\/09\\\/30\\\/comenzaran-las-obras-en-escuela-normal\\\/#article\",\"isPartOf\":{\"@id\":\"https:\\\/\\\/noticiasmercedinas.com\\\/site\\\/2018\\\/09\\\/30\\\/comenzaran-las-obras-en-escuela-normal\\\/\"},\"author\":{\"name\":\"Cristian Falabella NOTICIASMERCEDINAS.COM\",\"@id\":\"https:\\\/\\\/noticiasmercedinas.com\\\/site\\\/#\\\/schema\\\/person\\\/d481a9696a5feaec13a60e2bbd991a6a\"},\"headline\":\"Comenzar\u00e1n las obras en Escuela Normal\",\"datePublished\":\"2018-09-30T13:24:43+00:00\",\"dateModified\":\"2018-09-30T13:25:58+00:00\",\"mainEntityOfPage\":{\"@id\":\"https:\\\/\\\/noticiasmercedinas.com\\\/site\\\/2018\\\/09\\\/30\\\/comenzaran-las-obras-en-escuela-normal\\\/\"},\"wordCount\":422,\"commentCount\":0,\"publisher\":{\"@id\":\"https:\\\/\\\/noticiasmercedinas.com\\\/site\\\/#organization\"},\"image\":{\"@id\":\"https:\\\/\\\/noticiasmercedinas.com\\\/site\\\/2018\\\/09\\\/30\\\/comenzaran-las-obras-en-escuela-normal\\\/#primaryimage\"},\"thumbnailUrl\":\"https:\\\/\\\/noticiasmercedinas.com\\\/site\\\/wp-content\\\/uploads\\\/2018\\\/09\\\/anadarr.jpg\",\"keywords\":[\"Ana Darritchon\",\"consejo escolar\",\"escuela normal\",\"obras\"],\"articleSection\":[\"Sociedad\"],\"inLanguage\":\"es\",\"potentialAction\":[{\"@type\":\"CommentAction\",\"name\":\"Comment\",\"target\":[\"https:\\\/\\\/noticiasmercedinas.com\\\/site\\\/2018\\\/09\\\/30\\\/comenzaran-las-obras-en-escuela-normal\\\/#respond\"]}]},{\"@type\":\"WebPage\",\"@id\":\"https:\\\/\\\/noticiasmercedinas.com\\\/site\\\/2018\\\/09\\\/30\\\/comenzaran-las-obras-en-escuela-normal\\\/\",\"url\":\"https:\\\/\\\/noticiasmercedinas.com\\\/site\\\/2018\\\/09\\\/30\\\/comenzaran-las-obras-en-escuela-normal\\\/\",\"name\":\"Comenzar\u00e1n las obras en Escuela Normal\",\"isPartOf\":{\"@id\":\"https:\\\/\\\/noticiasmercedinas.com\\\/site\\\/#website\"},\"primaryImageOfPage\":{\"@id\":\"https:\\\/\\\/noticiasmercedinas.com\\\/site\\\/2018\\\/09\\\/30\\\/comenzaran-las-obras-en-escuela-normal\\\/#primaryimage\"},\"image\":{\"@id\":\"https:\\\/\\\/noticiasmercedinas.com\\\/site\\\/2018\\\/09\\\/30\\\/comenzaran-las-obras-en-escuela-normal\\\/#primaryimage\"},\"thumbnailUrl\":\"https:\\\/\\\/noticiasmercedinas.com\\\/site\\\/wp-content\\\/uploads\\\/2018\\\/09\\\/anadarr.jpg\",\"datePublished\":\"2018-09-30T13:24:43+00:00\",\"dateModified\":\"2018-09-30T13:25:58+00:00\",\"breadcrumb\":{\"@id\":\"https:\\\/\\\/noticiasmercedinas.com\\\/site\\\/2018\\\/09\\\/30\\\/comenzaran-las-obras-en-escuela-normal\\\/#breadcrumb\"},\"inLanguage\":\"es\",\"potentialAction\":[{\"@type\":\"ReadAction\",\"target\":[\"https:\\\/\\\/noticiasmercedinas.com\\\/site\\\/2018\\\/09\\\/30\\\/comenzaran-las-obras-en-escuela-normal\\\/\"]}]},{\"@type\":\"ImageObject\",\"inLanguage\":\"es\",\"@id\":\"https:\\\/\\\/noticiasmercedinas.com\\\/site\\\/2018\\\/09\\\/30\\\/comenzaran-las-obras-en-escuela-normal\\\/#primaryimage\",\"url\":\"https:\\\/\\\/noticiasmercedinas.com\\\/site\\\/wp-content\\\/uploads\\\/2018\\\/09\\\/anadarr.jpg\",\"contentUrl\":\"https:\\\/\\\/noticiasmercedinas.com\\\/site\\\/wp-content\\\/uploads\\\/2018\\\/09\\\/anadarr.jpg\",\"width\":656,\"height\":405},{\"@type\":\"BreadcrumbList\",\"@id\":\"https:\\\/\\\/noticiasmercedinas.com\\\/site\\\/2018\\\/09\\\/30\\\/comenzaran-las-obras-en-escuela-normal\\\/#breadcrumb\",\"itemListElement\":[{\"@type\":\"ListItem\",\"position\":1,\"name\":\"Portada\",\"item\":\"https:\\\/\\\/noticiasmercedinas.com\\\/site\\\/\"},{\"@type\":\"ListItem\",\"position\":2,\"name\":\"Comenzar\u00e1n las obras en Escuela Normal\"}]},{\"@type\":\"WebSite\",\"@id\":\"https:\\\/\\\/noticiasmercedinas.com\\\/site\\\/#website\",\"url\":\"https:\\\/\\\/noticiasmercedinas.com\\\/site\\\/\",\"name\":\"NOTICIASMERCEDINAS.COM\",\"description\":\"Mercedes, Buenos Aires, Argentina\",\"publisher\":{\"@id\":\"https:\\\/\\\/noticiasmercedinas.com\\\/site\\\/#organization\"},\"potentialAction\":[{\"@type\":\"SearchAction\",\"target\":{\"@type\":\"EntryPoint\",\"urlTemplate\":\"https:\\\/\\\/noticiasmercedinas.com\\\/site\\\/?s={search_term_string}\"},\"query-input\":{\"@type\":\"PropertyValueSpecification\",\"valueRequired\":true,\"valueName\":\"search_term_string\"}}],\"inLanguage\":\"es\"},{\"@type\":\"Organization\",\"@id\":\"https:\\\/\\\/noticiasmercedinas.com\\\/site\\\/#organization\",\"name\":\"NOTICIASMERCEDINAS.COM\",\"url\":\"https:\\\/\\\/noticiasmercedinas.com\\\/site\\\/\",\"logo\":{\"@type\":\"ImageObject\",\"inLanguage\":\"es\",\"@id\":\"https:\\\/\\\/noticiasmercedinas.com\\\/site\\\/#\\\/schema\\\/logo\\\/image\\\/\",\"url\":\"https:\\\/\\\/noticiasmercedinas.com\\\/site\\\/wp-content\\\/uploads\\\/2020\\\/06\\\/LOGO-512.jpg\",\"contentUrl\":\"https:\\\/\\\/noticiasmercedinas.com\\\/site\\\/wp-content\\\/uploads\\\/2020\\\/06\\\/LOGO-512.jpg\",\"width\":512,\"height\":512,\"caption\":\"NOTICIASMERCEDINAS.COM\"},\"image\":{\"@id\":\"https:\\\/\\\/noticiasmercedinas.com\\\/site\\\/#\\\/schema\\\/logo\\\/image\\\/\"},\"sameAs\":[\"https:\\\/\\\/www.facebook.com\\\/noticiasmercedinas\\\/\",\"https:\\\/\\\/x.com\\\/notmercedinas\",\"https:\\\/\\\/www.instagram.com\\\/noticiasmercedinas\\\/\"]},{\"@type\":\"Person\",\"@id\":\"https:\\\/\\\/noticiasmercedinas.com\\\/site\\\/#\\\/schema\\\/person\\\/d481a9696a5feaec13a60e2bbd991a6a\",\"name\":\"Cristian Falabella NOTICIASMERCEDINAS.COM\",\"image\":{\"@type\":\"ImageObject\",\"inLanguage\":\"es\",\"@id\":\"https:\\\/\\\/secure.gravatar.com\\\/avatar\\\/0dbbfc45970cc46bcd0e57766228574ff3511d6eed045b182f536f0f478c1f06?s=96&d=mm&r=g\",\"url\":\"https:\\\/\\\/secure.gravatar.com\\\/avatar\\\/0dbbfc45970cc46bcd0e57766228574ff3511d6eed045b182f536f0f478c1f06?s=96&d=mm&r=g\",\"contentUrl\":\"https:\\\/\\\/secure.gravatar.com\\\/avatar\\\/0dbbfc45970cc46bcd0e57766228574ff3511d6eed045b182f536f0f478c1f06?s=96&d=mm&r=g\",\"caption\":\"Cristian Falabella NOTICIASMERCEDINAS.COM\"},\"description\":\"Periodista, editor de Noticias Mercedinas. Pas\u00f3 por varias redacciones y emprendimientos de prensa, en distintos formatos y \u00e9pocas. Se especializ\u00f3 --y sigue haci\u00e9ndolo-- en comunicaci\u00f3n en la web y en junio de 2006 fund\u00f3 este diario digital.\",\"sameAs\":[\"https:\\\/\\\/noticiasmercedinas.com\",\"https:\\\/\\\/www.facebook.com\\\/cristian.falabella\",\"https:\\\/\\\/www.instagram.com\\\/noticiasmercedinas\\\/\",\"https:\\\/\\\/x.com\\\/https:\\\/\\\/twitter.com\\\/NOTMERCEDINAS\"],\"url\":\"https:\\\/\\\/noticiasmercedinas.com\\\/site\\\/author\\\/as000384\\\/\"}]}<\/script>\n<!-- \/ Yoast SEO plugin. -->","yoast_head_json":{"title":"Comenzar\u00e1n las obras en Escuela Normal","robots":{"index":"index","follow":"follow","max-snippet":"max-snippet:-1","max-image-preview":"max-image-preview:large","max-video-preview":"max-video-preview:-1"},"canonical":"https:\/\/noticiasmercedinas.com\/site\/2018\/09\/30\/comenzaran-las-obras-en-escuela-normal\/","og_locale":"es_ES","og_type":"article","og_title":"Comenzar\u00e1n las obras en Escuela Normal","og_description":"\u201cNos comprometimos, dimos nuestra palabra, gestionamos, hicimos lo que hay que hacer\u201d, sostuvo Darritchon. Cuestion\u00f3 el \u201crelato\u201d de la \u201cd\u00e9cada ganada\u201d. Una inversi\u00f3n de 45 millones de pesos que demandar\u00e1 11 meses de obra. \u201cLa realidad siempre le gana al relato\u201d, sostuvo la presidente del Consejo Escolar, Ana Darritchon, luego de conocerse que finalmente comenzar\u00e1n [&hellip;]","og_url":"https:\/\/noticiasmercedinas.com\/site\/2018\/09\/30\/comenzaran-las-obras-en-escuela-normal\/","og_site_name":"NOTICIASMERCEDINAS.COM","article_publisher":"https:\/\/www.facebook.com\/noticiasmercedinas\/","article_author":"https:\/\/www.facebook.com\/cristian.falabella","article_published_time":"2018-09-30T13:24:43+00:00","article_modified_time":"2018-09-30T13:25:58+00:00","og_image":[{"width":656,"height":405,"url":"https:\/\/noticiasmercedinas.com\/site\/wp-content\/uploads\/2018\/09\/anadarr.jpg","type":"image\/jpeg"}],"author":"Cristian Falabella NOTICIASMERCEDINAS.COM","twitter_card":"summary_large_image","twitter_creator":"@https:\/\/twitter.com\/NOTMERCEDINAS","twitter_site":"@notmercedinas","twitter_misc":{"Escrito por":"Cristian Falabella NOTICIASMERCEDINAS.COM","Tiempo de lectura":"2 minutos"},"schema":{"@context":"https:\/\/schema.org","@graph":[{"@type":"Article","@id":"https:\/\/noticiasmercedinas.com\/site\/2018\/09\/30\/comenzaran-las-obras-en-escuela-normal\/#article","isPartOf":{"@id":"https:\/\/noticiasmercedinas.com\/site\/2018\/09\/30\/comenzaran-las-obras-en-escuela-normal\/"},"author":{"name":"Cristian Falabella NOTICIASMERCEDINAS.COM","@id":"https:\/\/noticiasmercedinas.com\/site\/#\/schema\/person\/d481a9696a5feaec13a60e2bbd991a6a"},"headline":"Comenzar\u00e1n las obras en Escuela Normal","datePublished":"2018-09-30T13:24:43+00:00","dateModified":"2018-09-30T13:25:58+00:00","mainEntityOfPage":{"@id":"https:\/\/noticiasmercedinas.com\/site\/2018\/09\/30\/comenzaran-las-obras-en-escuela-normal\/"},"wordCount":422,"commentCount":0,"publisher":{"@id":"https:\/\/noticiasmercedinas.com\/site\/#organization"},"image":{"@id":"https:\/\/noticiasmercedinas.com\/site\/2018\/09\/30\/comenzaran-las-obras-en-escuela-normal\/#primaryimage"},"thumbnailUrl":"https:\/\/noticiasmercedinas.com\/site\/wp-content\/uploads\/2018\/09\/anadarr.jpg","keywords":["Ana Darritchon","consejo escolar","escuela normal","obras"],"articleSection":["Sociedad"],"inLanguage":"es","potentialAction":[{"@type":"CommentAction","name":"Comment","target":["https:\/\/noticiasmercedinas.com\/site\/2018\/09\/30\/comenzaran-las-obras-en-escuela-normal\/#respond"]}]},{"@type":"WebPage","@id":"https:\/\/noticiasmercedinas.com\/site\/2018\/09\/30\/comenzaran-las-obras-en-escuela-normal\/","url":"https:\/\/noticiasmercedinas.com\/site\/2018\/09\/30\/comenzaran-las-obras-en-escuela-normal\/","name":"Comenzar\u00e1n las obras en Escuela Normal","isPartOf":{"@id":"https:\/\/noticiasmercedinas.com\/site\/#website"},"primaryImageOfPage":{"@id":"https:\/\/noticiasmercedinas.com\/site\/2018\/09\/30\/comenzaran-las-obras-en-escuela-normal\/#primaryimage"},"image":{"@id":"https:\/\/noticiasmercedinas.com\/site\/2018\/09\/30\/comenzaran-las-obras-en-escuela-normal\/#primaryimage"},"thumbnailUrl":"https:\/\/noticiasmercedinas.com\/site\/wp-content\/uploads\/2018\/09\/anadarr.jpg","datePublished":"2018-09-30T13:24:43+00:00","dateModified":"2018-09-30T13:25:58+00:00","breadcrumb":{"@id":"https:\/\/noticiasmercedinas.com\/site\/2018\/09\/30\/comenzaran-las-obras-en-escuela-normal\/#breadcrumb"},"inLanguage":"es","potentialAction":[{"@type":"ReadAction","target":["https:\/\/noticiasmercedinas.com\/site\/2018\/09\/30\/comenzaran-las-obras-en-escuela-normal\/"]}]},{"@type":"ImageObject","inLanguage":"es","@id":"https:\/\/noticiasmercedinas.com\/site\/2018\/09\/30\/comenzaran-las-obras-en-escuela-normal\/#primaryimage","url":"https:\/\/noticiasmercedinas.com\/site\/wp-content\/uploads\/2018\/09\/anadarr.jpg","contentUrl":"https:\/\/noticiasmercedinas.com\/site\/wp-content\/uploads\/2018\/09\/anadarr.jpg","width":656,"height":405},{"@type":"BreadcrumbList","@id":"https:\/\/noticiasmercedinas.com\/site\/2018\/09\/30\/comenzaran-las-obras-en-escuela-normal\/#breadcrumb","itemListElement":[{"@type":"ListItem","position":1,"name":"Portada","item":"https:\/\/noticiasmercedinas.com\/site\/"},{"@type":"ListItem","position":2,"name":"Comenzar\u00e1n las obras en Escuela Normal"}]},{"@type":"WebSite","@id":"https:\/\/noticiasmercedinas.com\/site\/#website","url":"https:\/\/noticiasmercedinas.com\/site\/","name":"NOTICIASMERCEDINAS.COM","description":"Mercedes, Buenos Aires, Argentina","publisher":{"@id":"https:\/\/noticiasmercedinas.com\/site\/#organization"},"potentialAction":[{"@type":"SearchAction","target":{"@type":"EntryPoint","urlTemplate":"https:\/\/noticiasmercedinas.com\/site\/?s={search_term_string}"},"query-input":{"@type":"PropertyValueSpecification","valueRequired":true,"valueName":"search_term_string"}}],"inLanguage":"es"},{"@type":"Organization","@id":"https:\/\/noticiasmercedinas.com\/site\/#organization","name":"NOTICIASMERCEDINAS.COM","url":"https:\/\/noticiasmercedinas.com\/site\/","logo":{"@type":"ImageObject","inLanguage":"es","@id":"https:\/\/noticiasmercedinas.com\/site\/#\/schema\/logo\/image\/","url":"https:\/\/noticiasmercedinas.com\/site\/wp-content\/uploads\/2020\/06\/LOGO-512.jpg","contentUrl":"https:\/\/noticiasmercedinas.com\/site\/wp-content\/uploads\/2020\/06\/LOGO-512.jpg","width":512,"height":512,"caption":"NOTICIASMERCEDINAS.COM"},"image":{"@id":"https:\/\/noticiasmercedinas.com\/site\/#\/schema\/logo\/image\/"},"sameAs":["https:\/\/www.facebook.com\/noticiasmercedinas\/","https:\/\/x.com\/notmercedinas","https:\/\/www.instagram.com\/noticiasmercedinas\/"]},{"@type":"Person","@id":"https:\/\/noticiasmercedinas.com\/site\/#\/schema\/person\/d481a9696a5feaec13a60e2bbd991a6a","name":"Cristian Falabella NOTICIASMERCEDINAS.COM","image":{"@type":"ImageObject","inLanguage":"es","@id":"https:\/\/secure.gravatar.com\/avatar\/0dbbfc45970cc46bcd0e57766228574ff3511d6eed045b182f536f0f478c1f06?s=96&d=mm&r=g","url":"https:\/\/secure.gravatar.com\/avatar\/0dbbfc45970cc46bcd0e57766228574ff3511d6eed045b182f536f0f478c1f06?s=96&d=mm&r=g","contentUrl":"https:\/\/secure.gravatar.com\/avatar\/0dbbfc45970cc46bcd0e57766228574ff3511d6eed045b182f536f0f478c1f06?s=96&d=mm&r=g","caption":"Cristian Falabella NOTICIASMERCEDINAS.COM"},"description":"Periodista, editor de Noticias Mercedinas. Pas\u00f3 por varias redacciones y emprendimientos de prensa, en distintos formatos y \u00e9pocas. Se especializ\u00f3 --y sigue haci\u00e9ndolo-- en comunicaci\u00f3n en la web y en junio de 2006 fund\u00f3 este diario digital.","sameAs":["https:\/\/noticiasmercedinas.com","https:\/\/www.facebook.com\/cristian.falabella","https:\/\/www.instagram.com\/noticiasmercedinas\/","https:\/\/x.com\/https:\/\/twitter.com\/NOTMERCEDINAS"],"url":"https:\/\/noticiasmercedinas.com\/site\/author\/as000384\/"}]}},"amp_enabled":true,"_links":{"self":[{"href":"https:\/\/noticiasmercedinas.com\/site\/wp-json\/wp\/v2\/posts\/3200","targetHints":{"allow":["GET"]}}],"collection":[{"href":"https:\/\/noticiasmercedinas.com\/site\/wp-json\/wp\/v2\/posts"}],"about":[{"href":"https:\/\/noticiasmercedinas.com\/site\/wp-json\/wp\/v2\/types\/post"}],"author":[{"embeddable":true,"href":"https:\/\/noticiasmercedinas.com\/site\/wp-json\/wp\/v2\/users\/2"}],"replies":[{"embeddable":true,"href":"https:\/\/noticiasmercedinas.com\/site\/wp-json\/wp\/v2\/comments?post=3200"}],"version-history":[{"count":3,"href":"https:\/\/noticiasmercedinas.com\/site\/wp-json\/wp\/v2\/posts\/3200\/revisions"}],"predecessor-version":[{"id":3204,"href":"https:\/\/noticiasmercedinas.com\/site\/wp-json\/wp\/v2\/posts\/3200\/revisions\/3204"}],"wp:featuredmedia":[{"embeddable":true,"href":"https:\/\/noticiasmercedinas.com\/site\/wp-json\/wp\/v2\/media\/3201"}],"wp:attachment":[{"href":"https:\/\/noticiasmercedinas.com\/site\/wp-json\/wp\/v2\/media?parent=3200"}],"wp:term":[{"taxonomy":"category","embeddable":true,"href":"https:\/\/noticiasmercedinas.com\/site\/wp-json\/wp\/v2\/categories?post=3200"},{"taxonomy":"post_tag","embeddable":true,"href":"https:\/\/noticiasmercedinas.com\/site\/wp-json\/wp\/v2\/tags?post=3200"}],"curies":[{"name":"wp","href":"https:\/\/api.w.org\/{rel}","templated":true}]}}