{"id":32117,"date":"2019-10-28T13:28:56","date_gmt":"2019-10-28T16:28:56","guid":{"rendered":"https:\/\/noticiasmercedinas.com\/site\/?p=32117"},"modified":"2019-10-28T13:28:56","modified_gmt":"2019-10-28T16:28:56","slug":"polillas-de-poliester-rulo-godar-nacion-whipala-y-tren-misterioso-al-mastai","status":"publish","type":"post","link":"https:\/\/noticiasmercedinas.com\/site\/2019\/10\/28\/polillas-de-poliester-rulo-godar-nacion-whipala-y-tren-misterioso-al-mastai\/","title":{"rendered":"Polillas de Poli\u00e9ster, Rulo Godar &#038; Naci\u00f3n Whipala y Tren Misterioso, al Mastai"},"content":{"rendered":"<p><img loading=\"lazy\" decoding=\"async\" class=\"alignnone size-full wp-image-32118\" src=\"https:\/\/noticiasmercedinas.com\/site\/wp-content\/uploads\/2019\/10\/74620980_2480924185524496_4774510754059517952_n.jpg\" alt=\"\" width=\"960\" height=\"960\" srcset=\"https:\/\/noticiasmercedinas.com\/site\/wp-content\/uploads\/2019\/10\/74620980_2480924185524496_4774510754059517952_n.jpg 960w, https:\/\/noticiasmercedinas.com\/site\/wp-content\/uploads\/2019\/10\/74620980_2480924185524496_4774510754059517952_n-150x150.jpg 150w, https:\/\/noticiasmercedinas.com\/site\/wp-content\/uploads\/2019\/10\/74620980_2480924185524496_4774510754059517952_n-300x300.jpg 300w, https:\/\/noticiasmercedinas.com\/site\/wp-content\/uploads\/2019\/10\/74620980_2480924185524496_4774510754059517952_n-768x768.jpg 768w, https:\/\/noticiasmercedinas.com\/site\/wp-content\/uploads\/2019\/10\/74620980_2480924185524496_4774510754059517952_n-640x640.jpg 640w, https:\/\/noticiasmercedinas.com\/site\/wp-content\/uploads\/2019\/10\/74620980_2480924185524496_4774510754059517952_n-681x681.jpg 681w\" sizes=\"auto, (max-width: 960px) 100vw, 960px\" \/><\/p>\n<p>Finalmente y por el voto de la gente <strong>Polillas de Poli\u00e9ster<\/strong>,<strong> Rulo Godar &amp; Naci\u00f3n Whipala <\/strong>y<strong> Tren Misterioso<\/strong> ser\u00e1n las tres bandas mercedinas que formar\u00e1n parte de la edici\u00f3n Mercedes del Festival Mastai.<\/p>\n<p>De esta manera el festival Mastai en su edici\u00f3n de Mercedes tendr\u00e1 tambi\u00e9n participaci\u00f3n de bandas locales, y de las preseleccionadas las m\u00e1s votadas por el p\u00fablico ser\u00e1n las que se sumen al escenario a compartir con Manu Chao, Carajo, Wos, Divididos, Ciro y Los Persas y dem\u00e1s artistas que dir\u00e1n presente el 9 de noviembre en este mega evento el Parque Municipal.<\/p>\n<p>El Mastai es sin dudas uno de los eventos culturales del a\u00f1o y de la d\u00e9cada que tendr\u00e1 lugar en Mercedes, el 9 de noviembre pr\u00f3ximo.<\/p>\n<p>En el Parque Municipal Independencia hay una gran programaci\u00f3n que es encabezada por quienes son grandes referentes de estos tiempos en la movida art\u00edstica de la m\u00fasica, como Manu Chao, Ciro y los Persas y Divididos. Tambi\u00e9n estar\u00e1n presentes otras bandas como Carajo, Damas Gratis, El Plan de la Mariposa y Wos.<\/p>\n","protected":false},"excerpt":{"rendered":"<p>Finalmente y por el voto de la gente Polillas de Poli\u00e9ster, Rulo Godar &amp; Naci\u00f3n Whipala y Tren Misterioso ser\u00e1n las tres bandas mercedinas que formar\u00e1n parte de la edici\u00f3n Mercedes del Festival Mastai. De esta manera el festival Mastai en su edici\u00f3n de Mercedes tendr\u00e1 tambi\u00e9n participaci\u00f3n de bandas locales, y de las preseleccionadas [&hellip;]<\/p>\n","protected":false},"author":2,"featured_media":32118,"comment_status":"open","ping_status":"open","sticky":false,"template":"","format":"standard","meta":{"footnotes":""},"categories":[4],"tags":[6376,6373,6377,6372,6923,5982,6431,6374,738,6863,207,1397,4906,6375],"class_list":["post-32117","post","type-post","status-publish","format-standard","has-post-thumbnail","hentry","category-cultura","tag-carajo","tag-ciro-y-los-persas","tag-damas-gratis","tag-divididos","tag-el-plan-de-la-mariposa","tag-festival-mastai","tag-manu-chao","tag-mastai","tag-parque-municipal","tag-polillas-de-poliester","tag-rock","tag-rulo-godar-nacion-whipala","tag-tren-misterioso","tag-wos"],"yoast_head":"<!-- This site is optimized with the Yoast SEO plugin v27.5 - https:\/\/yoast.com\/product\/yoast-seo-wordpress\/ -->\n<title>Polillas de Poli\u00e9ster, Rulo Godar &amp; Naci\u00f3n Whipala y Tren Misterioso, al Mastai<\/title>\n<meta name=\"robots\" content=\"index, follow, max-snippet:-1, max-image-preview:large, max-video-preview:-1\" \/>\n<link rel=\"canonical\" href=\"https:\/\/noticiasmercedinas.com\/site\/2019\/10\/28\/polillas-de-poliester-rulo-godar-nacion-whipala-y-tren-misterioso-al-mastai\/\" \/>\n<meta property=\"og:locale\" content=\"es_ES\" \/>\n<meta property=\"og:type\" content=\"article\" \/>\n<meta property=\"og:title\" content=\"Polillas de Poli\u00e9ster, Rulo Godar &amp; Naci\u00f3n Whipala y Tren Misterioso, al Mastai\" \/>\n<meta property=\"og:description\" content=\"Finalmente y por el voto de la gente Polillas de Poli\u00e9ster, Rulo Godar &amp; Naci\u00f3n Whipala y Tren Misterioso ser\u00e1n las tres bandas mercedinas que formar\u00e1n parte de la edici\u00f3n Mercedes del Festival Mastai. De esta manera el festival Mastai en su edici\u00f3n de Mercedes tendr\u00e1 tambi\u00e9n participaci\u00f3n de bandas locales, y de las preseleccionadas [&hellip;]\" \/>\n<meta property=\"og:url\" content=\"https:\/\/noticiasmercedinas.com\/site\/2019\/10\/28\/polillas-de-poliester-rulo-godar-nacion-whipala-y-tren-misterioso-al-mastai\/\" \/>\n<meta property=\"og:site_name\" content=\"NOTICIASMERCEDINAS.COM\" \/>\n<meta property=\"article:publisher\" content=\"https:\/\/www.facebook.com\/noticiasmercedinas\/\" \/>\n<meta property=\"article:author\" content=\"https:\/\/www.facebook.com\/cristian.falabella\" \/>\n<meta property=\"article:published_time\" content=\"2019-10-28T16:28:56+00:00\" \/>\n<meta property=\"og:image\" content=\"https:\/\/noticiasmercedinas.com\/site\/wp-content\/uploads\/2019\/10\/74620980_2480924185524496_4774510754059517952_n.jpg\" \/>\n\t<meta property=\"og:image:width\" content=\"960\" \/>\n\t<meta property=\"og:image:height\" content=\"960\" \/>\n\t<meta property=\"og:image:type\" content=\"image\/jpeg\" \/>\n<meta name=\"author\" content=\"Cristian Falabella NOTICIASMERCEDINAS.COM\" \/>\n<meta name=\"twitter:card\" content=\"summary_large_image\" \/>\n<meta name=\"twitter:creator\" content=\"@https:\/\/twitter.com\/NOTMERCEDINAS\" \/>\n<meta name=\"twitter:site\" content=\"@notmercedinas\" \/>\n<meta name=\"twitter:label1\" content=\"Escrito por\" \/>\n\t<meta name=\"twitter:data1\" content=\"Cristian Falabella NOTICIASMERCEDINAS.COM\" \/>\n\t<meta name=\"twitter:label2\" content=\"Tiempo de lectura\" \/>\n\t<meta name=\"twitter:data2\" content=\"1 minuto\" \/>\n<script type=\"application\/ld+json\" class=\"yoast-schema-graph\">{\"@context\":\"https:\\\/\\\/schema.org\",\"@graph\":[{\"@type\":\"Article\",\"@id\":\"https:\\\/\\\/noticiasmercedinas.com\\\/site\\\/2019\\\/10\\\/28\\\/polillas-de-poliester-rulo-godar-nacion-whipala-y-tren-misterioso-al-mastai\\\/#article\",\"isPartOf\":{\"@id\":\"https:\\\/\\\/noticiasmercedinas.com\\\/site\\\/2019\\\/10\\\/28\\\/polillas-de-poliester-rulo-godar-nacion-whipala-y-tren-misterioso-al-mastai\\\/\"},\"author\":{\"name\":\"Cristian Falabella NOTICIASMERCEDINAS.COM\",\"@id\":\"https:\\\/\\\/noticiasmercedinas.com\\\/site\\\/#\\\/schema\\\/person\\\/d481a9696a5feaec13a60e2bbd991a6a\"},\"headline\":\"Polillas de Poli\u00e9ster, Rulo Godar &#038; Naci\u00f3n Whipala y Tren Misterioso, al Mastai\",\"datePublished\":\"2019-10-28T16:28:56+00:00\",\"mainEntityOfPage\":{\"@id\":\"https:\\\/\\\/noticiasmercedinas.com\\\/site\\\/2019\\\/10\\\/28\\\/polillas-de-poliester-rulo-godar-nacion-whipala-y-tren-misterioso-al-mastai\\\/\"},\"wordCount\":208,\"commentCount\":0,\"publisher\":{\"@id\":\"https:\\\/\\\/noticiasmercedinas.com\\\/site\\\/#organization\"},\"image\":{\"@id\":\"https:\\\/\\\/noticiasmercedinas.com\\\/site\\\/2019\\\/10\\\/28\\\/polillas-de-poliester-rulo-godar-nacion-whipala-y-tren-misterioso-al-mastai\\\/#primaryimage\"},\"thumbnailUrl\":\"https:\\\/\\\/noticiasmercedinas.com\\\/site\\\/wp-content\\\/uploads\\\/2019\\\/10\\\/74620980_2480924185524496_4774510754059517952_n.jpg\",\"keywords\":[\"carajo\",\"ciro y los persas\",\"damas gratis\",\"divididos\",\"El Plan de la Mariposa\",\"festival mastai\",\"manu chao\",\"mastai\",\"parque municipal\",\"POLILLAS DE POLIESTER\",\"rock\",\"rulo godar &amp; nacion whipala\",\"Tren Misterioso\",\"wos\"],\"articleSection\":[\"Cultura\"],\"inLanguage\":\"es\",\"potentialAction\":[{\"@type\":\"CommentAction\",\"name\":\"Comment\",\"target\":[\"https:\\\/\\\/noticiasmercedinas.com\\\/site\\\/2019\\\/10\\\/28\\\/polillas-de-poliester-rulo-godar-nacion-whipala-y-tren-misterioso-al-mastai\\\/#respond\"]}]},{\"@type\":\"WebPage\",\"@id\":\"https:\\\/\\\/noticiasmercedinas.com\\\/site\\\/2019\\\/10\\\/28\\\/polillas-de-poliester-rulo-godar-nacion-whipala-y-tren-misterioso-al-mastai\\\/\",\"url\":\"https:\\\/\\\/noticiasmercedinas.com\\\/site\\\/2019\\\/10\\\/28\\\/polillas-de-poliester-rulo-godar-nacion-whipala-y-tren-misterioso-al-mastai\\\/\",\"name\":\"Polillas de Poli\u00e9ster, Rulo Godar & Naci\u00f3n Whipala y Tren Misterioso, al Mastai\",\"isPartOf\":{\"@id\":\"https:\\\/\\\/noticiasmercedinas.com\\\/site\\\/#website\"},\"primaryImageOfPage\":{\"@id\":\"https:\\\/\\\/noticiasmercedinas.com\\\/site\\\/2019\\\/10\\\/28\\\/polillas-de-poliester-rulo-godar-nacion-whipala-y-tren-misterioso-al-mastai\\\/#primaryimage\"},\"image\":{\"@id\":\"https:\\\/\\\/noticiasmercedinas.com\\\/site\\\/2019\\\/10\\\/28\\\/polillas-de-poliester-rulo-godar-nacion-whipala-y-tren-misterioso-al-mastai\\\/#primaryimage\"},\"thumbnailUrl\":\"https:\\\/\\\/noticiasmercedinas.com\\\/site\\\/wp-content\\\/uploads\\\/2019\\\/10\\\/74620980_2480924185524496_4774510754059517952_n.jpg\",\"datePublished\":\"2019-10-28T16:28:56+00:00\",\"breadcrumb\":{\"@id\":\"https:\\\/\\\/noticiasmercedinas.com\\\/site\\\/2019\\\/10\\\/28\\\/polillas-de-poliester-rulo-godar-nacion-whipala-y-tren-misterioso-al-mastai\\\/#breadcrumb\"},\"inLanguage\":\"es\",\"potentialAction\":[{\"@type\":\"ReadAction\",\"target\":[\"https:\\\/\\\/noticiasmercedinas.com\\\/site\\\/2019\\\/10\\\/28\\\/polillas-de-poliester-rulo-godar-nacion-whipala-y-tren-misterioso-al-mastai\\\/\"]}]},{\"@type\":\"ImageObject\",\"inLanguage\":\"es\",\"@id\":\"https:\\\/\\\/noticiasmercedinas.com\\\/site\\\/2019\\\/10\\\/28\\\/polillas-de-poliester-rulo-godar-nacion-whipala-y-tren-misterioso-al-mastai\\\/#primaryimage\",\"url\":\"https:\\\/\\\/noticiasmercedinas.com\\\/site\\\/wp-content\\\/uploads\\\/2019\\\/10\\\/74620980_2480924185524496_4774510754059517952_n.jpg\",\"contentUrl\":\"https:\\\/\\\/noticiasmercedinas.com\\\/site\\\/wp-content\\\/uploads\\\/2019\\\/10\\\/74620980_2480924185524496_4774510754059517952_n.jpg\",\"width\":960,\"height\":960},{\"@type\":\"BreadcrumbList\",\"@id\":\"https:\\\/\\\/noticiasmercedinas.com\\\/site\\\/2019\\\/10\\\/28\\\/polillas-de-poliester-rulo-godar-nacion-whipala-y-tren-misterioso-al-mastai\\\/#breadcrumb\",\"itemListElement\":[{\"@type\":\"ListItem\",\"position\":1,\"name\":\"Portada\",\"item\":\"https:\\\/\\\/noticiasmercedinas.com\\\/site\\\/\"},{\"@type\":\"ListItem\",\"position\":2,\"name\":\"Polillas de Poli\u00e9ster, Rulo Godar &#038; Naci\u00f3n Whipala y Tren Misterioso, al Mastai\"}]},{\"@type\":\"WebSite\",\"@id\":\"https:\\\/\\\/noticiasmercedinas.com\\\/site\\\/#website\",\"url\":\"https:\\\/\\\/noticiasmercedinas.com\\\/site\\\/\",\"name\":\"NOTICIASMERCEDINAS.COM\",\"description\":\"Mercedes, Buenos Aires, Argentina\",\"publisher\":{\"@id\":\"https:\\\/\\\/noticiasmercedinas.com\\\/site\\\/#organization\"},\"potentialAction\":[{\"@type\":\"SearchAction\",\"target\":{\"@type\":\"EntryPoint\",\"urlTemplate\":\"https:\\\/\\\/noticiasmercedinas.com\\\/site\\\/?s={search_term_string}\"},\"query-input\":{\"@type\":\"PropertyValueSpecification\",\"valueRequired\":true,\"valueName\":\"search_term_string\"}}],\"inLanguage\":\"es\"},{\"@type\":\"Organization\",\"@id\":\"https:\\\/\\\/noticiasmercedinas.com\\\/site\\\/#organization\",\"name\":\"NOTICIASMERCEDINAS.COM\",\"url\":\"https:\\\/\\\/noticiasmercedinas.com\\\/site\\\/\",\"logo\":{\"@type\":\"ImageObject\",\"inLanguage\":\"es\",\"@id\":\"https:\\\/\\\/noticiasmercedinas.com\\\/site\\\/#\\\/schema\\\/logo\\\/image\\\/\",\"url\":\"https:\\\/\\\/noticiasmercedinas.com\\\/site\\\/wp-content\\\/uploads\\\/2020\\\/06\\\/LOGO-512.jpg\",\"contentUrl\":\"https:\\\/\\\/noticiasmercedinas.com\\\/site\\\/wp-content\\\/uploads\\\/2020\\\/06\\\/LOGO-512.jpg\",\"width\":512,\"height\":512,\"caption\":\"NOTICIASMERCEDINAS.COM\"},\"image\":{\"@id\":\"https:\\\/\\\/noticiasmercedinas.com\\\/site\\\/#\\\/schema\\\/logo\\\/image\\\/\"},\"sameAs\":[\"https:\\\/\\\/www.facebook.com\\\/noticiasmercedinas\\\/\",\"https:\\\/\\\/x.com\\\/notmercedinas\",\"https:\\\/\\\/www.instagram.com\\\/noticiasmercedinas\\\/\"]},{\"@type\":\"Person\",\"@id\":\"https:\\\/\\\/noticiasmercedinas.com\\\/site\\\/#\\\/schema\\\/person\\\/d481a9696a5feaec13a60e2bbd991a6a\",\"name\":\"Cristian Falabella NOTICIASMERCEDINAS.COM\",\"image\":{\"@type\":\"ImageObject\",\"inLanguage\":\"es\",\"@id\":\"https:\\\/\\\/secure.gravatar.com\\\/avatar\\\/0dbbfc45970cc46bcd0e57766228574ff3511d6eed045b182f536f0f478c1f06?s=96&d=mm&r=g\",\"url\":\"https:\\\/\\\/secure.gravatar.com\\\/avatar\\\/0dbbfc45970cc46bcd0e57766228574ff3511d6eed045b182f536f0f478c1f06?s=96&d=mm&r=g\",\"contentUrl\":\"https:\\\/\\\/secure.gravatar.com\\\/avatar\\\/0dbbfc45970cc46bcd0e57766228574ff3511d6eed045b182f536f0f478c1f06?s=96&d=mm&r=g\",\"caption\":\"Cristian Falabella NOTICIASMERCEDINAS.COM\"},\"description\":\"Periodista, editor de Noticias Mercedinas. Pas\u00f3 por varias redacciones y emprendimientos de prensa, en distintos formatos y \u00e9pocas. Se especializ\u00f3 --y sigue haci\u00e9ndolo-- en comunicaci\u00f3n en la web y en junio de 2006 fund\u00f3 este diario digital.\",\"sameAs\":[\"https:\\\/\\\/noticiasmercedinas.com\",\"https:\\\/\\\/www.facebook.com\\\/cristian.falabella\",\"https:\\\/\\\/www.instagram.com\\\/noticiasmercedinas\\\/\",\"https:\\\/\\\/x.com\\\/https:\\\/\\\/twitter.com\\\/NOTMERCEDINAS\"],\"url\":\"https:\\\/\\\/noticiasmercedinas.com\\\/site\\\/author\\\/as000384\\\/\"}]}<\/script>\n<!-- \/ Yoast SEO plugin. -->","yoast_head_json":{"title":"Polillas de Poli\u00e9ster, Rulo Godar & Naci\u00f3n Whipala y Tren Misterioso, al Mastai","robots":{"index":"index","follow":"follow","max-snippet":"max-snippet:-1","max-image-preview":"max-image-preview:large","max-video-preview":"max-video-preview:-1"},"canonical":"https:\/\/noticiasmercedinas.com\/site\/2019\/10\/28\/polillas-de-poliester-rulo-godar-nacion-whipala-y-tren-misterioso-al-mastai\/","og_locale":"es_ES","og_type":"article","og_title":"Polillas de Poli\u00e9ster, Rulo Godar & Naci\u00f3n Whipala y Tren Misterioso, al Mastai","og_description":"Finalmente y por el voto de la gente Polillas de Poli\u00e9ster, Rulo Godar &amp; Naci\u00f3n Whipala y Tren Misterioso ser\u00e1n las tres bandas mercedinas que formar\u00e1n parte de la edici\u00f3n Mercedes del Festival Mastai. De esta manera el festival Mastai en su edici\u00f3n de Mercedes tendr\u00e1 tambi\u00e9n participaci\u00f3n de bandas locales, y de las preseleccionadas [&hellip;]","og_url":"https:\/\/noticiasmercedinas.com\/site\/2019\/10\/28\/polillas-de-poliester-rulo-godar-nacion-whipala-y-tren-misterioso-al-mastai\/","og_site_name":"NOTICIASMERCEDINAS.COM","article_publisher":"https:\/\/www.facebook.com\/noticiasmercedinas\/","article_author":"https:\/\/www.facebook.com\/cristian.falabella","article_published_time":"2019-10-28T16:28:56+00:00","og_image":[{"width":960,"height":960,"url":"https:\/\/noticiasmercedinas.com\/site\/wp-content\/uploads\/2019\/10\/74620980_2480924185524496_4774510754059517952_n.jpg","type":"image\/jpeg"}],"author":"Cristian Falabella NOTICIASMERCEDINAS.COM","twitter_card":"summary_large_image","twitter_creator":"@https:\/\/twitter.com\/NOTMERCEDINAS","twitter_site":"@notmercedinas","twitter_misc":{"Escrito por":"Cristian Falabella NOTICIASMERCEDINAS.COM","Tiempo de lectura":"1 minuto"},"schema":{"@context":"https:\/\/schema.org","@graph":[{"@type":"Article","@id":"https:\/\/noticiasmercedinas.com\/site\/2019\/10\/28\/polillas-de-poliester-rulo-godar-nacion-whipala-y-tren-misterioso-al-mastai\/#article","isPartOf":{"@id":"https:\/\/noticiasmercedinas.com\/site\/2019\/10\/28\/polillas-de-poliester-rulo-godar-nacion-whipala-y-tren-misterioso-al-mastai\/"},"author":{"name":"Cristian Falabella NOTICIASMERCEDINAS.COM","@id":"https:\/\/noticiasmercedinas.com\/site\/#\/schema\/person\/d481a9696a5feaec13a60e2bbd991a6a"},"headline":"Polillas de Poli\u00e9ster, Rulo Godar &#038; Naci\u00f3n Whipala y Tren Misterioso, al Mastai","datePublished":"2019-10-28T16:28:56+00:00","mainEntityOfPage":{"@id":"https:\/\/noticiasmercedinas.com\/site\/2019\/10\/28\/polillas-de-poliester-rulo-godar-nacion-whipala-y-tren-misterioso-al-mastai\/"},"wordCount":208,"commentCount":0,"publisher":{"@id":"https:\/\/noticiasmercedinas.com\/site\/#organization"},"image":{"@id":"https:\/\/noticiasmercedinas.com\/site\/2019\/10\/28\/polillas-de-poliester-rulo-godar-nacion-whipala-y-tren-misterioso-al-mastai\/#primaryimage"},"thumbnailUrl":"https:\/\/noticiasmercedinas.com\/site\/wp-content\/uploads\/2019\/10\/74620980_2480924185524496_4774510754059517952_n.jpg","keywords":["carajo","ciro y los persas","damas gratis","divididos","El Plan de la Mariposa","festival mastai","manu chao","mastai","parque municipal","POLILLAS DE POLIESTER","rock","rulo godar &amp; nacion whipala","Tren Misterioso","wos"],"articleSection":["Cultura"],"inLanguage":"es","potentialAction":[{"@type":"CommentAction","name":"Comment","target":["https:\/\/noticiasmercedinas.com\/site\/2019\/10\/28\/polillas-de-poliester-rulo-godar-nacion-whipala-y-tren-misterioso-al-mastai\/#respond"]}]},{"@type":"WebPage","@id":"https:\/\/noticiasmercedinas.com\/site\/2019\/10\/28\/polillas-de-poliester-rulo-godar-nacion-whipala-y-tren-misterioso-al-mastai\/","url":"https:\/\/noticiasmercedinas.com\/site\/2019\/10\/28\/polillas-de-poliester-rulo-godar-nacion-whipala-y-tren-misterioso-al-mastai\/","name":"Polillas de Poli\u00e9ster, Rulo Godar & Naci\u00f3n Whipala y Tren Misterioso, al Mastai","isPartOf":{"@id":"https:\/\/noticiasmercedinas.com\/site\/#website"},"primaryImageOfPage":{"@id":"https:\/\/noticiasmercedinas.com\/site\/2019\/10\/28\/polillas-de-poliester-rulo-godar-nacion-whipala-y-tren-misterioso-al-mastai\/#primaryimage"},"image":{"@id":"https:\/\/noticiasmercedinas.com\/site\/2019\/10\/28\/polillas-de-poliester-rulo-godar-nacion-whipala-y-tren-misterioso-al-mastai\/#primaryimage"},"thumbnailUrl":"https:\/\/noticiasmercedinas.com\/site\/wp-content\/uploads\/2019\/10\/74620980_2480924185524496_4774510754059517952_n.jpg","datePublished":"2019-10-28T16:28:56+00:00","breadcrumb":{"@id":"https:\/\/noticiasmercedinas.com\/site\/2019\/10\/28\/polillas-de-poliester-rulo-godar-nacion-whipala-y-tren-misterioso-al-mastai\/#breadcrumb"},"inLanguage":"es","potentialAction":[{"@type":"ReadAction","target":["https:\/\/noticiasmercedinas.com\/site\/2019\/10\/28\/polillas-de-poliester-rulo-godar-nacion-whipala-y-tren-misterioso-al-mastai\/"]}]},{"@type":"ImageObject","inLanguage":"es","@id":"https:\/\/noticiasmercedinas.com\/site\/2019\/10\/28\/polillas-de-poliester-rulo-godar-nacion-whipala-y-tren-misterioso-al-mastai\/#primaryimage","url":"https:\/\/noticiasmercedinas.com\/site\/wp-content\/uploads\/2019\/10\/74620980_2480924185524496_4774510754059517952_n.jpg","contentUrl":"https:\/\/noticiasmercedinas.com\/site\/wp-content\/uploads\/2019\/10\/74620980_2480924185524496_4774510754059517952_n.jpg","width":960,"height":960},{"@type":"BreadcrumbList","@id":"https:\/\/noticiasmercedinas.com\/site\/2019\/10\/28\/polillas-de-poliester-rulo-godar-nacion-whipala-y-tren-misterioso-al-mastai\/#breadcrumb","itemListElement":[{"@type":"ListItem","position":1,"name":"Portada","item":"https:\/\/noticiasmercedinas.com\/site\/"},{"@type":"ListItem","position":2,"name":"Polillas de Poli\u00e9ster, Rulo Godar &#038; Naci\u00f3n Whipala y Tren Misterioso, al Mastai"}]},{"@type":"WebSite","@id":"https:\/\/noticiasmercedinas.com\/site\/#website","url":"https:\/\/noticiasmercedinas.com\/site\/","name":"NOTICIASMERCEDINAS.COM","description":"Mercedes, Buenos Aires, Argentina","publisher":{"@id":"https:\/\/noticiasmercedinas.com\/site\/#organization"},"potentialAction":[{"@type":"SearchAction","target":{"@type":"EntryPoint","urlTemplate":"https:\/\/noticiasmercedinas.com\/site\/?s={search_term_string}"},"query-input":{"@type":"PropertyValueSpecification","valueRequired":true,"valueName":"search_term_string"}}],"inLanguage":"es"},{"@type":"Organization","@id":"https:\/\/noticiasmercedinas.com\/site\/#organization","name":"NOTICIASMERCEDINAS.COM","url":"https:\/\/noticiasmercedinas.com\/site\/","logo":{"@type":"ImageObject","inLanguage":"es","@id":"https:\/\/noticiasmercedinas.com\/site\/#\/schema\/logo\/image\/","url":"https:\/\/noticiasmercedinas.com\/site\/wp-content\/uploads\/2020\/06\/LOGO-512.jpg","contentUrl":"https:\/\/noticiasmercedinas.com\/site\/wp-content\/uploads\/2020\/06\/LOGO-512.jpg","width":512,"height":512,"caption":"NOTICIASMERCEDINAS.COM"},"image":{"@id":"https:\/\/noticiasmercedinas.com\/site\/#\/schema\/logo\/image\/"},"sameAs":["https:\/\/www.facebook.com\/noticiasmercedinas\/","https:\/\/x.com\/notmercedinas","https:\/\/www.instagram.com\/noticiasmercedinas\/"]},{"@type":"Person","@id":"https:\/\/noticiasmercedinas.com\/site\/#\/schema\/person\/d481a9696a5feaec13a60e2bbd991a6a","name":"Cristian Falabella NOTICIASMERCEDINAS.COM","image":{"@type":"ImageObject","inLanguage":"es","@id":"https:\/\/secure.gravatar.com\/avatar\/0dbbfc45970cc46bcd0e57766228574ff3511d6eed045b182f536f0f478c1f06?s=96&d=mm&r=g","url":"https:\/\/secure.gravatar.com\/avatar\/0dbbfc45970cc46bcd0e57766228574ff3511d6eed045b182f536f0f478c1f06?s=96&d=mm&r=g","contentUrl":"https:\/\/secure.gravatar.com\/avatar\/0dbbfc45970cc46bcd0e57766228574ff3511d6eed045b182f536f0f478c1f06?s=96&d=mm&r=g","caption":"Cristian Falabella NOTICIASMERCEDINAS.COM"},"description":"Periodista, editor de Noticias Mercedinas. Pas\u00f3 por varias redacciones y emprendimientos de prensa, en distintos formatos y \u00e9pocas. Se especializ\u00f3 --y sigue haci\u00e9ndolo-- en comunicaci\u00f3n en la web y en junio de 2006 fund\u00f3 este diario digital.","sameAs":["https:\/\/noticiasmercedinas.com","https:\/\/www.facebook.com\/cristian.falabella","https:\/\/www.instagram.com\/noticiasmercedinas\/","https:\/\/x.com\/https:\/\/twitter.com\/NOTMERCEDINAS"],"url":"https:\/\/noticiasmercedinas.com\/site\/author\/as000384\/"}]}},"amp_enabled":true,"_links":{"self":[{"href":"https:\/\/noticiasmercedinas.com\/site\/wp-json\/wp\/v2\/posts\/32117","targetHints":{"allow":["GET"]}}],"collection":[{"href":"https:\/\/noticiasmercedinas.com\/site\/wp-json\/wp\/v2\/posts"}],"about":[{"href":"https:\/\/noticiasmercedinas.com\/site\/wp-json\/wp\/v2\/types\/post"}],"author":[{"embeddable":true,"href":"https:\/\/noticiasmercedinas.com\/site\/wp-json\/wp\/v2\/users\/2"}],"replies":[{"embeddable":true,"href":"https:\/\/noticiasmercedinas.com\/site\/wp-json\/wp\/v2\/comments?post=32117"}],"version-history":[{"count":1,"href":"https:\/\/noticiasmercedinas.com\/site\/wp-json\/wp\/v2\/posts\/32117\/revisions"}],"predecessor-version":[{"id":32119,"href":"https:\/\/noticiasmercedinas.com\/site\/wp-json\/wp\/v2\/posts\/32117\/revisions\/32119"}],"wp:featuredmedia":[{"embeddable":true,"href":"https:\/\/noticiasmercedinas.com\/site\/wp-json\/wp\/v2\/media\/32118"}],"wp:attachment":[{"href":"https:\/\/noticiasmercedinas.com\/site\/wp-json\/wp\/v2\/media?parent=32117"}],"wp:term":[{"taxonomy":"category","embeddable":true,"href":"https:\/\/noticiasmercedinas.com\/site\/wp-json\/wp\/v2\/categories?post=32117"},{"taxonomy":"post_tag","embeddable":true,"href":"https:\/\/noticiasmercedinas.com\/site\/wp-json\/wp\/v2\/tags?post=32117"}],"curies":[{"name":"wp","href":"https:\/\/api.w.org\/{rel}","templated":true}]}}