{"id":32388,"date":"2019-10-31T09:04:17","date_gmt":"2019-10-31T12:04:17","guid":{"rendered":"https:\/\/noticiasmercedinas.com\/site\/?p=32388"},"modified":"2019-10-31T09:04:17","modified_gmt":"2019-10-31T12:04:17","slug":"gabriel-gratzer-y-los-big-tequilas-este-sabado-en-borromeo-bar","status":"publish","type":"post","link":"https:\/\/noticiasmercedinas.com\/site\/2019\/10\/31\/gabriel-gratzer-y-los-big-tequilas-este-sabado-en-borromeo-bar\/","title":{"rendered":"Gabriel Gr\u00e4tzer y los Big Tequilas, este s\u00e1bado en Borromeo Bar"},"content":{"rendered":"<p><img loading=\"lazy\" decoding=\"async\" class=\"alignnone size-large wp-image-32389\" src=\"https:\/\/noticiasmercedinas.com\/site\/wp-content\/uploads\/2019\/10\/bc62769a-91bf-4adf-91e9-8ccc0dfa3bdc-723x1024.jpg\" alt=\"\" width=\"640\" height=\"906\" srcset=\"https:\/\/noticiasmercedinas.com\/site\/wp-content\/uploads\/2019\/10\/bc62769a-91bf-4adf-91e9-8ccc0dfa3bdc-723x1024.jpg 723w, https:\/\/noticiasmercedinas.com\/site\/wp-content\/uploads\/2019\/10\/bc62769a-91bf-4adf-91e9-8ccc0dfa3bdc-212x300.jpg 212w, https:\/\/noticiasmercedinas.com\/site\/wp-content\/uploads\/2019\/10\/bc62769a-91bf-4adf-91e9-8ccc0dfa3bdc-768x1087.jpg 768w, https:\/\/noticiasmercedinas.com\/site\/wp-content\/uploads\/2019\/10\/bc62769a-91bf-4adf-91e9-8ccc0dfa3bdc-640x906.jpg 640w, https:\/\/noticiasmercedinas.com\/site\/wp-content\/uploads\/2019\/10\/bc62769a-91bf-4adf-91e9-8ccc0dfa3bdc-681x964.jpg 681w, https:\/\/noticiasmercedinas.com\/site\/wp-content\/uploads\/2019\/10\/bc62769a-91bf-4adf-91e9-8ccc0dfa3bdc.jpg 904w\" sizes=\"auto, (max-width: 640px) 100vw, 640px\" \/><\/p>\n<p>De la mano del programa de radio \u00abLlegaron los blues\u00bb llegan a Mercedes <strong>Gabriel Gr\u00e4tzer y los Big Tequilas<\/strong>, para ofrecer una noche de blues este s\u00e1bado 2 de noviembre desde las 22 horas en Borromeo Bar, de avenida 29 casi esquina 26.<\/p>\n<p>\u00abEstamos muy contentos de poder volver a contar con la presencia del embajador del blues en la ciudad. Gratzer es un gran m\u00fasico que nos privilegia una vez m\u00e1s con su visita, as\u00ed que invitamos a los amigos que lo conocen y a quienes no, y gustan de la buena m\u00fasica, a disfrutar de este show que dar\u00e1 el s\u00e1bado en Borromeo\u00bb, destac\u00f3 Hern\u00e1n Rivero, conductor de \u00abLlegaron los blues\u00bb, programa que se emite por FM Santa Mar\u00eda 88.1.<\/p>\n<p>Gr\u00e4tzer comenz\u00f3 su carrera como m\u00fasico de blues y gospel en 1989 integrando el coro de Cristina Aguayo. \u200bDurante la d\u00e9cada de los 90 grab\u00f3 tres discos, siendo los dos primeros producidos por el m\u00fasico de blues Fernando Goin, y en el a\u00f1o 2013 edit\u00f3 su cuarto y \u00faltimo disco, El blues lleva tiempo. En su carrera ha tocado tanto como solista como en los grupos The country blues boys, The gospel singers, los Big Tequilas y The Boulevard Gospel Singers, de los que fue creador.<\/p>\n<p>Adem\u00e1s de grabar y tocar en vivo, Gr\u00e4tzer se ha dedicado a la investigaci\u00f3n sobre la historia de la m\u00fasica afroamericana y su difusi\u00f3n a trav\u00e9s de notas, libros, programas de radio y la producci\u00f3n de eventos, y a la ense\u00f1anza de la m\u00fasica, en particular de los estilos de blues, gospel y country.<\/p>\n<p>En 2017, sus libros Blues por Regiones y Bien al Sur, Historia del Blues en Argentina, fueron presentados en la Blues Foundation de Memphis y en la Universidad de Oxford, Mississippi, siendo ingresados, de forma permanente, a la Biblioteca de Blues del Sal\u00f3n del Hall de la Fama del Blues y en el Archivo de Blues de la Universidad, como as\u00ed tambi\u00e9n en la Biblioteca de Blues de la Universidad de Memphis. Estos logros tuvieron el reconocimiento de la Embajada de los Estados Unidos en Argentina.<\/p>\n<p>Adem\u00e1s, a partir del a\u00f1o 1996 comenz\u00f3 a realizar conciertos educativos en el Teatro Col\u00f3n, convirti\u00e9ndose en el primer m\u00fasico argentino en realizar conciertos de blues en este teatro, y es desde el a\u00f1o 2000 el creador y director de la Escuela de Blues con sede en Buenos Aires, la primera en su tipo a nivel internacional.<\/p>\n<p>Su labor educativa tanto en Argentina como en el extranjero le vali\u00f3 el reconocimiento oficial del Ministerio de Educaci\u00f3n y del Ministerio de Cultura de la Ciudad de La Plata, y en 2005 fue distinguido como Embajador Argentino del Blues en el Mundo por la Canciller\u00eda argentina.<\/p>\n","protected":false},"excerpt":{"rendered":"<p>De la mano del programa de radio \u00abLlegaron los blues\u00bb llegan a Mercedes Gabriel Gr\u00e4tzer y los Big Tequilas, para ofrecer una noche de blues este s\u00e1bado 2 de noviembre desde las 22 horas en Borromeo Bar, de avenida 29 casi esquina 26. \u00abEstamos muy contentos de poder volver a contar con la presencia del [&hellip;]<\/p>\n","protected":false},"author":2,"featured_media":32389,"comment_status":"open","ping_status":"open","sticky":false,"template":"","format":"standard","meta":{"footnotes":""},"categories":[4],"tags":[6980,1087,2761,1088,55,2762,88],"class_list":["post-32388","post","type-post","status-publish","format-standard","has-post-thumbnail","hentry","category-cultura","tag-big-tequilas","tag-blues","tag-borromeo-bar","tag-gabriel-gratzer","tag-hernan-rivero","tag-llegaron-los-blues","tag-musica"],"yoast_head":"<!-- This site is optimized with the Yoast SEO plugin v28.3 - https:\/\/yoast.com\/product\/yoast-seo-wordpress\/ -->\n<title>Gabriel Gr\u00e4tzer y los Big Tequilas, este s\u00e1bado en Borromeo Bar<\/title>\n<meta name=\"robots\" content=\"index, follow, max-snippet:-1, max-image-preview:large, max-video-preview:-1\" \/>\n<link rel=\"canonical\" href=\"https:\/\/noticiasmercedinas.com\/site\/2019\/10\/31\/gabriel-gratzer-y-los-big-tequilas-este-sabado-en-borromeo-bar\/\" \/>\n<meta property=\"og:locale\" content=\"es_ES\" \/>\n<meta property=\"og:type\" content=\"article\" \/>\n<meta property=\"og:title\" content=\"Gabriel Gr\u00e4tzer y los Big Tequilas, este s\u00e1bado en Borromeo Bar\" \/>\n<meta property=\"og:description\" content=\"De la mano del programa de radio \u00abLlegaron los blues\u00bb llegan a Mercedes Gabriel Gr\u00e4tzer y los Big Tequilas, para ofrecer una noche de blues este s\u00e1bado 2 de noviembre desde las 22 horas en Borromeo Bar, de avenida 29 casi esquina 26. \u00abEstamos muy contentos de poder volver a contar con la presencia del [&hellip;]\" \/>\n<meta property=\"og:url\" content=\"https:\/\/noticiasmercedinas.com\/site\/2019\/10\/31\/gabriel-gratzer-y-los-big-tequilas-este-sabado-en-borromeo-bar\/\" \/>\n<meta property=\"og:site_name\" content=\"NOTICIASMERCEDINAS.COM\" \/>\n<meta property=\"article:publisher\" content=\"https:\/\/www.facebook.com\/noticiasmercedinas\/\" \/>\n<meta property=\"article:author\" content=\"https:\/\/www.facebook.com\/cristian.falabella\" \/>\n<meta property=\"article:published_time\" content=\"2019-10-31T12:04:17+00:00\" \/>\n<meta property=\"og:image\" content=\"https:\/\/noticiasmercedinas.com\/site\/wp-content\/uploads\/2019\/10\/bc62769a-91bf-4adf-91e9-8ccc0dfa3bdc.jpg\" \/>\n\t<meta property=\"og:image:width\" content=\"904\" \/>\n\t<meta property=\"og:image:height\" content=\"1280\" \/>\n\t<meta property=\"og:image:type\" content=\"image\/jpeg\" \/>\n<meta name=\"author\" content=\"Cristian Falabella NOTICIASMERCEDINAS.COM\" \/>\n<meta name=\"twitter:card\" content=\"summary_large_image\" \/>\n<meta name=\"twitter:creator\" content=\"@https:\/\/twitter.com\/NOTMERCEDINAS\" \/>\n<meta name=\"twitter:site\" content=\"@notmercedinas\" \/>\n<meta name=\"twitter:label1\" content=\"Escrito por\" \/>\n\t<meta name=\"twitter:data1\" content=\"Cristian Falabella NOTICIASMERCEDINAS.COM\" \/>\n\t<meta name=\"twitter:label2\" content=\"Tiempo de lectura\" \/>\n\t<meta name=\"twitter:data2\" content=\"2 minutos\" \/>\n<script type=\"application\/ld+json\" class=\"yoast-schema-graph\">{\"@context\":\"https:\\\/\\\/schema.org\",\"@graph\":[{\"@type\":\"Article\",\"@id\":\"https:\\\/\\\/noticiasmercedinas.com\\\/site\\\/2019\\\/10\\\/31\\\/gabriel-gratzer-y-los-big-tequilas-este-sabado-en-borromeo-bar\\\/#article\",\"isPartOf\":{\"@id\":\"https:\\\/\\\/noticiasmercedinas.com\\\/site\\\/2019\\\/10\\\/31\\\/gabriel-gratzer-y-los-big-tequilas-este-sabado-en-borromeo-bar\\\/\"},\"author\":{\"name\":\"Cristian Falabella NOTICIASMERCEDINAS.COM\",\"@id\":\"https:\\\/\\\/noticiasmercedinas.com\\\/site\\\/#\\\/schema\\\/person\\\/d481a9696a5feaec13a60e2bbd991a6a\"},\"headline\":\"Gabriel Gr\u00e4tzer y los Big Tequilas, este s\u00e1bado en Borromeo Bar\",\"datePublished\":\"2019-10-31T12:04:17+00:00\",\"mainEntityOfPage\":{\"@id\":\"https:\\\/\\\/noticiasmercedinas.com\\\/site\\\/2019\\\/10\\\/31\\\/gabriel-gratzer-y-los-big-tequilas-este-sabado-en-borromeo-bar\\\/\"},\"wordCount\":485,\"commentCount\":0,\"publisher\":{\"@id\":\"https:\\\/\\\/noticiasmercedinas.com\\\/site\\\/#organization\"},\"image\":{\"@id\":\"https:\\\/\\\/noticiasmercedinas.com\\\/site\\\/2019\\\/10\\\/31\\\/gabriel-gratzer-y-los-big-tequilas-este-sabado-en-borromeo-bar\\\/#primaryimage\"},\"thumbnailUrl\":\"https:\\\/\\\/noticiasmercedinas.com\\\/site\\\/wp-content\\\/uploads\\\/2019\\\/10\\\/bc62769a-91bf-4adf-91e9-8ccc0dfa3bdc.jpg\",\"keywords\":[\"Big Tequilas\",\"blues\",\"borromeo bar\",\"Gabriel Gratzer\",\"Hernan Rivero\",\"llegaron los blues\",\"musica\"],\"articleSection\":[\"Cultura\"],\"inLanguage\":\"es\",\"potentialAction\":[{\"@type\":\"CommentAction\",\"name\":\"Comment\",\"target\":[\"https:\\\/\\\/noticiasmercedinas.com\\\/site\\\/2019\\\/10\\\/31\\\/gabriel-gratzer-y-los-big-tequilas-este-sabado-en-borromeo-bar\\\/#respond\"]}]},{\"@type\":\"WebPage\",\"@id\":\"https:\\\/\\\/noticiasmercedinas.com\\\/site\\\/2019\\\/10\\\/31\\\/gabriel-gratzer-y-los-big-tequilas-este-sabado-en-borromeo-bar\\\/\",\"url\":\"https:\\\/\\\/noticiasmercedinas.com\\\/site\\\/2019\\\/10\\\/31\\\/gabriel-gratzer-y-los-big-tequilas-este-sabado-en-borromeo-bar\\\/\",\"name\":\"Gabriel Gr\u00e4tzer y los Big Tequilas, este s\u00e1bado en Borromeo Bar\",\"isPartOf\":{\"@id\":\"https:\\\/\\\/noticiasmercedinas.com\\\/site\\\/#website\"},\"primaryImageOfPage\":{\"@id\":\"https:\\\/\\\/noticiasmercedinas.com\\\/site\\\/2019\\\/10\\\/31\\\/gabriel-gratzer-y-los-big-tequilas-este-sabado-en-borromeo-bar\\\/#primaryimage\"},\"image\":{\"@id\":\"https:\\\/\\\/noticiasmercedinas.com\\\/site\\\/2019\\\/10\\\/31\\\/gabriel-gratzer-y-los-big-tequilas-este-sabado-en-borromeo-bar\\\/#primaryimage\"},\"thumbnailUrl\":\"https:\\\/\\\/noticiasmercedinas.com\\\/site\\\/wp-content\\\/uploads\\\/2019\\\/10\\\/bc62769a-91bf-4adf-91e9-8ccc0dfa3bdc.jpg\",\"datePublished\":\"2019-10-31T12:04:17+00:00\",\"breadcrumb\":{\"@id\":\"https:\\\/\\\/noticiasmercedinas.com\\\/site\\\/2019\\\/10\\\/31\\\/gabriel-gratzer-y-los-big-tequilas-este-sabado-en-borromeo-bar\\\/#breadcrumb\"},\"inLanguage\":\"es\",\"potentialAction\":[{\"@type\":\"ReadAction\",\"target\":[\"https:\\\/\\\/noticiasmercedinas.com\\\/site\\\/2019\\\/10\\\/31\\\/gabriel-gratzer-y-los-big-tequilas-este-sabado-en-borromeo-bar\\\/\"]}]},{\"@type\":\"ImageObject\",\"inLanguage\":\"es\",\"@id\":\"https:\\\/\\\/noticiasmercedinas.com\\\/site\\\/2019\\\/10\\\/31\\\/gabriel-gratzer-y-los-big-tequilas-este-sabado-en-borromeo-bar\\\/#primaryimage\",\"url\":\"https:\\\/\\\/noticiasmercedinas.com\\\/site\\\/wp-content\\\/uploads\\\/2019\\\/10\\\/bc62769a-91bf-4adf-91e9-8ccc0dfa3bdc.jpg\",\"contentUrl\":\"https:\\\/\\\/noticiasmercedinas.com\\\/site\\\/wp-content\\\/uploads\\\/2019\\\/10\\\/bc62769a-91bf-4adf-91e9-8ccc0dfa3bdc.jpg\",\"width\":904,\"height\":1280},{\"@type\":\"BreadcrumbList\",\"@id\":\"https:\\\/\\\/noticiasmercedinas.com\\\/site\\\/2019\\\/10\\\/31\\\/gabriel-gratzer-y-los-big-tequilas-este-sabado-en-borromeo-bar\\\/#breadcrumb\",\"itemListElement\":[{\"@type\":\"ListItem\",\"position\":1,\"name\":\"Portada\",\"item\":\"https:\\\/\\\/noticiasmercedinas.com\\\/site\\\/\"},{\"@type\":\"ListItem\",\"position\":2,\"name\":\"Gabriel Gr\u00e4tzer y los Big Tequilas, este s\u00e1bado en Borromeo Bar\"}]},{\"@type\":\"WebSite\",\"@id\":\"https:\\\/\\\/noticiasmercedinas.com\\\/site\\\/#website\",\"url\":\"https:\\\/\\\/noticiasmercedinas.com\\\/site\\\/\",\"name\":\"NOTICIASMERCEDINAS.COM\",\"description\":\"Mercedes, Buenos Aires, Argentina\",\"publisher\":{\"@id\":\"https:\\\/\\\/noticiasmercedinas.com\\\/site\\\/#organization\"},\"potentialAction\":[{\"@type\":\"SearchAction\",\"target\":{\"@type\":\"EntryPoint\",\"urlTemplate\":\"https:\\\/\\\/noticiasmercedinas.com\\\/site\\\/?s={search_term_string}\"},\"query-input\":{\"@type\":\"PropertyValueSpecification\",\"valueRequired\":true,\"valueName\":\"search_term_string\"}}],\"inLanguage\":\"es\"},{\"@type\":\"Organization\",\"@id\":\"https:\\\/\\\/noticiasmercedinas.com\\\/site\\\/#organization\",\"name\":\"NOTICIASMERCEDINAS.COM\",\"url\":\"https:\\\/\\\/noticiasmercedinas.com\\\/site\\\/\",\"logo\":{\"@type\":\"ImageObject\",\"inLanguage\":\"es\",\"@id\":\"https:\\\/\\\/noticiasmercedinas.com\\\/site\\\/#\\\/schema\\\/logo\\\/image\\\/\",\"url\":\"https:\\\/\\\/noticiasmercedinas.com\\\/site\\\/wp-content\\\/uploads\\\/2020\\\/06\\\/LOGO-512.jpg\",\"contentUrl\":\"https:\\\/\\\/noticiasmercedinas.com\\\/site\\\/wp-content\\\/uploads\\\/2020\\\/06\\\/LOGO-512.jpg\",\"width\":512,\"height\":512,\"caption\":\"NOTICIASMERCEDINAS.COM\"},\"image\":{\"@id\":\"https:\\\/\\\/noticiasmercedinas.com\\\/site\\\/#\\\/schema\\\/logo\\\/image\\\/\"},\"sameAs\":[\"https:\\\/\\\/www.facebook.com\\\/noticiasmercedinas\\\/\",\"https:\\\/\\\/x.com\\\/notmercedinas\",\"https:\\\/\\\/www.instagram.com\\\/noticiasmercedinas\\\/\"]},{\"@type\":\"Person\",\"@id\":\"https:\\\/\\\/noticiasmercedinas.com\\\/site\\\/#\\\/schema\\\/person\\\/d481a9696a5feaec13a60e2bbd991a6a\",\"name\":\"Cristian Falabella NOTICIASMERCEDINAS.COM\",\"image\":{\"@type\":\"ImageObject\",\"inLanguage\":\"es\",\"@id\":\"https:\\\/\\\/secure.gravatar.com\\\/avatar\\\/0dbbfc45970cc46bcd0e57766228574ff3511d6eed045b182f536f0f478c1f06?s=96&d=mm&r=g\",\"url\":\"https:\\\/\\\/secure.gravatar.com\\\/avatar\\\/0dbbfc45970cc46bcd0e57766228574ff3511d6eed045b182f536f0f478c1f06?s=96&d=mm&r=g\",\"contentUrl\":\"https:\\\/\\\/secure.gravatar.com\\\/avatar\\\/0dbbfc45970cc46bcd0e57766228574ff3511d6eed045b182f536f0f478c1f06?s=96&d=mm&r=g\",\"caption\":\"Cristian Falabella NOTICIASMERCEDINAS.COM\"},\"description\":\"Periodista, editor de Noticias Mercedinas. Pas\u00f3 por varias redacciones y emprendimientos de prensa, en distintos formatos y \u00e9pocas. Se especializ\u00f3 --y sigue haci\u00e9ndolo-- en comunicaci\u00f3n en la web y en junio de 2006 fund\u00f3 este diario digital.\",\"sameAs\":[\"https:\\\/\\\/noticiasmercedinas.com\",\"https:\\\/\\\/www.facebook.com\\\/cristian.falabella\",\"https:\\\/\\\/www.instagram.com\\\/noticiasmercedinas\\\/\",\"https:\\\/\\\/x.com\\\/https:\\\/\\\/twitter.com\\\/NOTMERCEDINAS\"],\"url\":\"https:\\\/\\\/noticiasmercedinas.com\\\/site\\\/author\\\/as000384\\\/\"}]}<\/script>\n<!-- \/ Yoast SEO plugin. -->","yoast_head_json":{"title":"Gabriel Gr\u00e4tzer y los Big Tequilas, este s\u00e1bado en Borromeo Bar","robots":{"index":"index","follow":"follow","max-snippet":"max-snippet:-1","max-image-preview":"max-image-preview:large","max-video-preview":"max-video-preview:-1"},"canonical":"https:\/\/noticiasmercedinas.com\/site\/2019\/10\/31\/gabriel-gratzer-y-los-big-tequilas-este-sabado-en-borromeo-bar\/","og_locale":"es_ES","og_type":"article","og_title":"Gabriel Gr\u00e4tzer y los Big Tequilas, este s\u00e1bado en Borromeo Bar","og_description":"De la mano del programa de radio \u00abLlegaron los blues\u00bb llegan a Mercedes Gabriel Gr\u00e4tzer y los Big Tequilas, para ofrecer una noche de blues este s\u00e1bado 2 de noviembre desde las 22 horas en Borromeo Bar, de avenida 29 casi esquina 26. \u00abEstamos muy contentos de poder volver a contar con la presencia del [&hellip;]","og_url":"https:\/\/noticiasmercedinas.com\/site\/2019\/10\/31\/gabriel-gratzer-y-los-big-tequilas-este-sabado-en-borromeo-bar\/","og_site_name":"NOTICIASMERCEDINAS.COM","article_publisher":"https:\/\/www.facebook.com\/noticiasmercedinas\/","article_author":"https:\/\/www.facebook.com\/cristian.falabella","article_published_time":"2019-10-31T12:04:17+00:00","og_image":[{"width":904,"height":1280,"url":"https:\/\/noticiasmercedinas.com\/site\/wp-content\/uploads\/2019\/10\/bc62769a-91bf-4adf-91e9-8ccc0dfa3bdc.jpg","type":"image\/jpeg"}],"author":"Cristian Falabella NOTICIASMERCEDINAS.COM","twitter_card":"summary_large_image","twitter_creator":"@https:\/\/twitter.com\/NOTMERCEDINAS","twitter_site":"@notmercedinas","twitter_misc":{"Escrito por":"Cristian Falabella NOTICIASMERCEDINAS.COM","Tiempo de lectura":"2 minutos"},"schema":{"@context":"https:\/\/schema.org","@graph":[{"@type":"Article","@id":"https:\/\/noticiasmercedinas.com\/site\/2019\/10\/31\/gabriel-gratzer-y-los-big-tequilas-este-sabado-en-borromeo-bar\/#article","isPartOf":{"@id":"https:\/\/noticiasmercedinas.com\/site\/2019\/10\/31\/gabriel-gratzer-y-los-big-tequilas-este-sabado-en-borromeo-bar\/"},"author":{"name":"Cristian Falabella NOTICIASMERCEDINAS.COM","@id":"https:\/\/noticiasmercedinas.com\/site\/#\/schema\/person\/d481a9696a5feaec13a60e2bbd991a6a"},"headline":"Gabriel Gr\u00e4tzer y los Big Tequilas, este s\u00e1bado en Borromeo Bar","datePublished":"2019-10-31T12:04:17+00:00","mainEntityOfPage":{"@id":"https:\/\/noticiasmercedinas.com\/site\/2019\/10\/31\/gabriel-gratzer-y-los-big-tequilas-este-sabado-en-borromeo-bar\/"},"wordCount":485,"commentCount":0,"publisher":{"@id":"https:\/\/noticiasmercedinas.com\/site\/#organization"},"image":{"@id":"https:\/\/noticiasmercedinas.com\/site\/2019\/10\/31\/gabriel-gratzer-y-los-big-tequilas-este-sabado-en-borromeo-bar\/#primaryimage"},"thumbnailUrl":"https:\/\/noticiasmercedinas.com\/site\/wp-content\/uploads\/2019\/10\/bc62769a-91bf-4adf-91e9-8ccc0dfa3bdc.jpg","keywords":["Big Tequilas","blues","borromeo bar","Gabriel Gratzer","Hernan Rivero","llegaron los blues","musica"],"articleSection":["Cultura"],"inLanguage":"es","potentialAction":[{"@type":"CommentAction","name":"Comment","target":["https:\/\/noticiasmercedinas.com\/site\/2019\/10\/31\/gabriel-gratzer-y-los-big-tequilas-este-sabado-en-borromeo-bar\/#respond"]}]},{"@type":"WebPage","@id":"https:\/\/noticiasmercedinas.com\/site\/2019\/10\/31\/gabriel-gratzer-y-los-big-tequilas-este-sabado-en-borromeo-bar\/","url":"https:\/\/noticiasmercedinas.com\/site\/2019\/10\/31\/gabriel-gratzer-y-los-big-tequilas-este-sabado-en-borromeo-bar\/","name":"Gabriel Gr\u00e4tzer y los Big Tequilas, este s\u00e1bado en Borromeo Bar","isPartOf":{"@id":"https:\/\/noticiasmercedinas.com\/site\/#website"},"primaryImageOfPage":{"@id":"https:\/\/noticiasmercedinas.com\/site\/2019\/10\/31\/gabriel-gratzer-y-los-big-tequilas-este-sabado-en-borromeo-bar\/#primaryimage"},"image":{"@id":"https:\/\/noticiasmercedinas.com\/site\/2019\/10\/31\/gabriel-gratzer-y-los-big-tequilas-este-sabado-en-borromeo-bar\/#primaryimage"},"thumbnailUrl":"https:\/\/noticiasmercedinas.com\/site\/wp-content\/uploads\/2019\/10\/bc62769a-91bf-4adf-91e9-8ccc0dfa3bdc.jpg","datePublished":"2019-10-31T12:04:17+00:00","breadcrumb":{"@id":"https:\/\/noticiasmercedinas.com\/site\/2019\/10\/31\/gabriel-gratzer-y-los-big-tequilas-este-sabado-en-borromeo-bar\/#breadcrumb"},"inLanguage":"es","potentialAction":[{"@type":"ReadAction","target":["https:\/\/noticiasmercedinas.com\/site\/2019\/10\/31\/gabriel-gratzer-y-los-big-tequilas-este-sabado-en-borromeo-bar\/"]}]},{"@type":"ImageObject","inLanguage":"es","@id":"https:\/\/noticiasmercedinas.com\/site\/2019\/10\/31\/gabriel-gratzer-y-los-big-tequilas-este-sabado-en-borromeo-bar\/#primaryimage","url":"https:\/\/noticiasmercedinas.com\/site\/wp-content\/uploads\/2019\/10\/bc62769a-91bf-4adf-91e9-8ccc0dfa3bdc.jpg","contentUrl":"https:\/\/noticiasmercedinas.com\/site\/wp-content\/uploads\/2019\/10\/bc62769a-91bf-4adf-91e9-8ccc0dfa3bdc.jpg","width":904,"height":1280},{"@type":"BreadcrumbList","@id":"https:\/\/noticiasmercedinas.com\/site\/2019\/10\/31\/gabriel-gratzer-y-los-big-tequilas-este-sabado-en-borromeo-bar\/#breadcrumb","itemListElement":[{"@type":"ListItem","position":1,"name":"Portada","item":"https:\/\/noticiasmercedinas.com\/site\/"},{"@type":"ListItem","position":2,"name":"Gabriel Gr\u00e4tzer y los Big Tequilas, este s\u00e1bado en Borromeo Bar"}]},{"@type":"WebSite","@id":"https:\/\/noticiasmercedinas.com\/site\/#website","url":"https:\/\/noticiasmercedinas.com\/site\/","name":"NOTICIASMERCEDINAS.COM","description":"Mercedes, Buenos Aires, Argentina","publisher":{"@id":"https:\/\/noticiasmercedinas.com\/site\/#organization"},"potentialAction":[{"@type":"SearchAction","target":{"@type":"EntryPoint","urlTemplate":"https:\/\/noticiasmercedinas.com\/site\/?s={search_term_string}"},"query-input":{"@type":"PropertyValueSpecification","valueRequired":true,"valueName":"search_term_string"}}],"inLanguage":"es"},{"@type":"Organization","@id":"https:\/\/noticiasmercedinas.com\/site\/#organization","name":"NOTICIASMERCEDINAS.COM","url":"https:\/\/noticiasmercedinas.com\/site\/","logo":{"@type":"ImageObject","inLanguage":"es","@id":"https:\/\/noticiasmercedinas.com\/site\/#\/schema\/logo\/image\/","url":"https:\/\/noticiasmercedinas.com\/site\/wp-content\/uploads\/2020\/06\/LOGO-512.jpg","contentUrl":"https:\/\/noticiasmercedinas.com\/site\/wp-content\/uploads\/2020\/06\/LOGO-512.jpg","width":512,"height":512,"caption":"NOTICIASMERCEDINAS.COM"},"image":{"@id":"https:\/\/noticiasmercedinas.com\/site\/#\/schema\/logo\/image\/"},"sameAs":["https:\/\/www.facebook.com\/noticiasmercedinas\/","https:\/\/x.com\/notmercedinas","https:\/\/www.instagram.com\/noticiasmercedinas\/"]},{"@type":"Person","@id":"https:\/\/noticiasmercedinas.com\/site\/#\/schema\/person\/d481a9696a5feaec13a60e2bbd991a6a","name":"Cristian Falabella NOTICIASMERCEDINAS.COM","image":{"@type":"ImageObject","inLanguage":"es","@id":"https:\/\/secure.gravatar.com\/avatar\/0dbbfc45970cc46bcd0e57766228574ff3511d6eed045b182f536f0f478c1f06?s=96&d=mm&r=g","url":"https:\/\/secure.gravatar.com\/avatar\/0dbbfc45970cc46bcd0e57766228574ff3511d6eed045b182f536f0f478c1f06?s=96&d=mm&r=g","contentUrl":"https:\/\/secure.gravatar.com\/avatar\/0dbbfc45970cc46bcd0e57766228574ff3511d6eed045b182f536f0f478c1f06?s=96&d=mm&r=g","caption":"Cristian Falabella NOTICIASMERCEDINAS.COM"},"description":"Periodista, editor de Noticias Mercedinas. Pas\u00f3 por varias redacciones y emprendimientos de prensa, en distintos formatos y \u00e9pocas. Se especializ\u00f3 --y sigue haci\u00e9ndolo-- en comunicaci\u00f3n en la web y en junio de 2006 fund\u00f3 este diario digital.","sameAs":["https:\/\/noticiasmercedinas.com","https:\/\/www.facebook.com\/cristian.falabella","https:\/\/www.instagram.com\/noticiasmercedinas\/","https:\/\/x.com\/https:\/\/twitter.com\/NOTMERCEDINAS"],"url":"https:\/\/noticiasmercedinas.com\/site\/author\/as000384\/"}]}},"amp_enabled":true,"_links":{"self":[{"href":"https:\/\/noticiasmercedinas.com\/site\/wp-json\/wp\/v2\/posts\/32388","targetHints":{"allow":["GET"]}}],"collection":[{"href":"https:\/\/noticiasmercedinas.com\/site\/wp-json\/wp\/v2\/posts"}],"about":[{"href":"https:\/\/noticiasmercedinas.com\/site\/wp-json\/wp\/v2\/types\/post"}],"author":[{"embeddable":true,"href":"https:\/\/noticiasmercedinas.com\/site\/wp-json\/wp\/v2\/users\/2"}],"replies":[{"embeddable":true,"href":"https:\/\/noticiasmercedinas.com\/site\/wp-json\/wp\/v2\/comments?post=32388"}],"version-history":[{"count":1,"href":"https:\/\/noticiasmercedinas.com\/site\/wp-json\/wp\/v2\/posts\/32388\/revisions"}],"predecessor-version":[{"id":32390,"href":"https:\/\/noticiasmercedinas.com\/site\/wp-json\/wp\/v2\/posts\/32388\/revisions\/32390"}],"wp:featuredmedia":[{"embeddable":true,"href":"https:\/\/noticiasmercedinas.com\/site\/wp-json\/wp\/v2\/media\/32389"}],"wp:attachment":[{"href":"https:\/\/noticiasmercedinas.com\/site\/wp-json\/wp\/v2\/media?parent=32388"}],"wp:term":[{"taxonomy":"category","embeddable":true,"href":"https:\/\/noticiasmercedinas.com\/site\/wp-json\/wp\/v2\/categories?post=32388"},{"taxonomy":"post_tag","embeddable":true,"href":"https:\/\/noticiasmercedinas.com\/site\/wp-json\/wp\/v2\/tags?post=32388"}],"curies":[{"name":"wp","href":"https:\/\/api.w.org\/{rel}","templated":true}]}}