{"id":32764,"date":"2019-11-04T15:19:07","date_gmt":"2019-11-04T18:19:07","guid":{"rendered":"https:\/\/noticiasmercedinas.com\/site\/2019\/11\/04\/la-2da-edicion-del-festival-de-cerveceros-fue-un-gran-exito\/"},"modified":"2019-11-04T15:19:07","modified_gmt":"2019-11-04T18:19:07","slug":"la-2da-edicion-del-festival-de-cerveceros-fue-un-gran-exito","status":"publish","type":"post","link":"https:\/\/noticiasmercedinas.com\/site\/2019\/11\/04\/la-2da-edicion-del-festival-de-cerveceros-fue-un-gran-exito\/","title":{"rendered":"La 2da edici\u00f3n del Festival de Cerveceros fue un gran \u00e9xito"},"content":{"rendered":"<p><img loading=\"lazy\" decoding=\"async\" class=\"alignnone size-full wp-image-32761\" src=\"https:\/\/noticiasmercedinas.com\/site\/wp-content\/uploads\/2019\/11\/cerveza-2019DSC04896.jpg\" width=\"1200\" height=\"800\" srcset=\"https:\/\/noticiasmercedinas.com\/site\/wp-content\/uploads\/2019\/11\/cerveza-2019DSC04896.jpg 1200w, https:\/\/noticiasmercedinas.com\/site\/wp-content\/uploads\/2019\/11\/cerveza-2019DSC04896-300x200.jpg 300w, https:\/\/noticiasmercedinas.com\/site\/wp-content\/uploads\/2019\/11\/cerveza-2019DSC04896-768x512.jpg 768w, https:\/\/noticiasmercedinas.com\/site\/wp-content\/uploads\/2019\/11\/cerveza-2019DSC04896-1024x683.jpg 1024w, https:\/\/noticiasmercedinas.com\/site\/wp-content\/uploads\/2019\/11\/cerveza-2019DSC04896-640x427.jpg 640w, https:\/\/noticiasmercedinas.com\/site\/wp-content\/uploads\/2019\/11\/cerveza-2019DSC04896-681x454.jpg 681w\" sizes=\"auto, (max-width: 1200px) 100vw, 1200px\" \/><\/p>\n<p>El 2\u00b0 Festival de Cerveceros Mercedinos fue un \u00e9xito. Cont\u00f3 con miles de asistentes que colmaron el fin de semana el Parque Municipal. Scheitler fue el cervecero del a\u00f1o y Fernando Bustos en el rubro home brew. Ustarroz destac\u00f3 el \u201cgran trabajo realizado para volver a contar con una gran fiesta familiar\u201d que \u201cpromueven el encuentro, el trabajo y la cultura mercedina\u201d. El cierre fue con la mexicana Julieta Venegas con un show impecable. Hubo muchas novedades en una fiesta que mostr\u00f3 avances respecto a la edici\u00f3n anterior y ratific\u00f3 que \u201cen Mercedes siempre hay algo para disfrutar\u201d.<\/p>\n<p>La fiesta el s\u00e1bado cont\u00f3 con un excelente marco de p\u00fablico que se acerc\u00f3 al parque sector nuevo. All\u00ed hubo en el escenario principal artistas para todos los gustos, como ser Doble Carolina, Pura Tierra, Nueve Tr\u00edo, Interk\u00f3smicos, B\u00e1jame un tono, Sul tasto, Gaiteros escoceses y el juego musical con videos en las pantallas gigantes que permit\u00edan desde todos los sectores vivir cada momento.<\/p>\n<p>El domingo desde el mediod\u00eda empez\u00f3 a arribar el p\u00fablico al predio. El escenario principal arranc\u00f3 con Botija Mujica, Santa Milonguita, Drumritmia, Orquesta Org\u00e1nica, Mamabora y el cierre con un destacado marco de p\u00fablico con la internacional Julieta Venegas, que por primera vez se present\u00f3 en la zona generando amplio inter\u00e9s.<\/p>\n<p><img loading=\"lazy\" decoding=\"async\" src=\"https:\/\/noticiasmercedinas.com\/site\/wp-content\/uploads\/2019\/11\/img-20191104-wa00014015473262955887016.jpg\" width=\"1100\" height=\"733\" class=\"alignnone wp-image-32762 size-full\" srcset=\"https:\/\/noticiasmercedinas.com\/site\/wp-content\/uploads\/2019\/11\/img-20191104-wa00014015473262955887016.jpg 1100w, https:\/\/noticiasmercedinas.com\/site\/wp-content\/uploads\/2019\/11\/img-20191104-wa00014015473262955887016-300x200.jpg 300w, https:\/\/noticiasmercedinas.com\/site\/wp-content\/uploads\/2019\/11\/img-20191104-wa00014015473262955887016-768x512.jpg 768w, https:\/\/noticiasmercedinas.com\/site\/wp-content\/uploads\/2019\/11\/img-20191104-wa00014015473262955887016-1024x682.jpg 1024w, https:\/\/noticiasmercedinas.com\/site\/wp-content\/uploads\/2019\/11\/img-20191104-wa00014015473262955887016-640x426.jpg 640w, https:\/\/noticiasmercedinas.com\/site\/wp-content\/uploads\/2019\/11\/img-20191104-wa00014015473262955887016-681x454.jpg 681w\" sizes=\"auto, (max-width: 1100px) 100vw, 1100px\" \/><\/p>\n<p>Premiaci\u00f3n<\/p>\n<p>Este a\u00f1o se pudo votar. Desde la Municipalidad se habilit\u00f3 un sistema de votaci\u00f3n online donde ingresando por Facebook o por la web municipal los propios vecinos y turistas pod\u00edan elegir qu\u00e9 cerveza le gust\u00f3 m\u00e1s tanto en home brew como cervecer\u00edas.<\/p>\n<p>Sobre el escenario, Francisco Scheittler, quien adem\u00e1s fue el ganador del a\u00f1o pasado, sostuvo que \u201cotro a\u00f1o y otra gran emoci\u00f3n, este es el segundo premio en el segundo festival, se\u00f1al de que estamos haciendo una buena cerveza\u201d y destac\u00f3 \u201cquiero agradecer a todos\u201d y mencion\u00f3 que \u201cdesde ac\u00e1 se puede observar mejor la gran cantidad de gente que vino, se\u00f1al de que esta fiesta va a seguir creciendo, como seguramente lo seguir\u00e1 haciendo la industria cervecera de nuestra ciudad\u201d.<\/p>\n<p>A su vez, en la categor\u00eda home brew, quien fue elegida \u201cBirmania\u201d. Fernando Bustos al recibir la menci\u00f3n expres\u00f3 \u201cgracias a todos por el voto, me alegra que hayan consumido la cerveza y les haya gustado\u201d y agreg\u00f3 \u201cquiero destacar el trabajo de todos y el del Municipio porque es excelente\u201d para sostener que \u201cen estas fiestas no s\u00f3lo trabajamos los cerveceros sino que trabajamos todos, as\u00ed que est\u00e1 buen\u00edsimo esto, muchas gracias\u201d.<\/p>\n<p>Juan Ignacio Ustarroz afirm\u00f3 por su parte que \u201cquiero empezar agradeciendo a los productores por confiar en la municipalidad, creo que esta nueva fiesta, qcomo dije el a\u00f1o pasado, vino para quedarse\u201d.<\/p>\n<p>A su vez, el Dr. Ustarroz pidi\u00f3 un fuerte aplauso \u201cpara todos los trabajadores municipales que son los que mantienen el Parque y hacen que todos nosotros podamos disfrutarlo\u201d y subray\u00f3 \u201ccada fiesta es una nueva oportunidad, en este marco de crisis, poder generar trabajo y encontrarnos como pueblo, es sin duda muy valioso. Nuevamente felicitaciones a todos y much\u00edsimas gracias\u201d.<\/p>\n<p>Fiesta<\/p>\n<p>La fiesta cont\u00f3 con inflables gratis, parrillada, helader\u00eda, puesto de hidrataci\u00f3n gratis, control de alcoholemia y bebidas gratis para el conductor asignado, estacionamiento solidario para el club de Rugby, cuidados desde salud y protecci\u00f3n civil, barber\u00eda, tatuador, artesanos, gran cantidad de canillas cerveceras, salame quintero, patio gourmet, bar, pizzerias y vasos ecol\u00f3gicos recargables donde todos los gustos ten\u00edan su opci\u00f3n. El parque, adem\u00e1s, volvi\u00f3 a mostrar un predio hermoso, con una gran labor previa de los trabajadores municipales de todas las \u00e1reas sabiendo que habr\u00eda miles de visitantes que sin duda volver\u00e1n.<\/p>\n<p>Se viene<\/p>\n<p>Y una vez terminada la Fiesta ya se piensa en el pr\u00f3ximo fin de semana donde miles de turistas arribar\u00e1n a Mercedes con lo que ser\u00e1 la primera vez que llega a la ciudad el afamado Festival Mastai que tiene artistas de la talla de Manu Chao, Ciro y los Persas, Divididos, Wos y mucho m\u00e1s.<\/p>\n<p><img loading=\"lazy\" decoding=\"async\" src=\"https:\/\/noticiasmercedinas.com\/site\/wp-content\/uploads\/2019\/11\/img-20191104-wa00021049375163562562041.jpg\" width=\"1100\" height=\"619\" class=\"alignnone wp-image-32763 size-full\" srcset=\"https:\/\/noticiasmercedinas.com\/site\/wp-content\/uploads\/2019\/11\/img-20191104-wa00021049375163562562041.jpg 1100w, https:\/\/noticiasmercedinas.com\/site\/wp-content\/uploads\/2019\/11\/img-20191104-wa00021049375163562562041-300x169.jpg 300w, https:\/\/noticiasmercedinas.com\/site\/wp-content\/uploads\/2019\/11\/img-20191104-wa00021049375163562562041-768x432.jpg 768w, https:\/\/noticiasmercedinas.com\/site\/wp-content\/uploads\/2019\/11\/img-20191104-wa00021049375163562562041-1024x576.jpg 1024w, https:\/\/noticiasmercedinas.com\/site\/wp-content\/uploads\/2019\/11\/img-20191104-wa00021049375163562562041-640x360.jpg 640w, https:\/\/noticiasmercedinas.com\/site\/wp-content\/uploads\/2019\/11\/img-20191104-wa00021049375163562562041-681x383.jpg 681w\" sizes=\"auto, (max-width: 1100px) 100vw, 1100px\" \/><\/p>\n","protected":false},"excerpt":{"rendered":"<p>El 2\u00b0 Festival de Cerveceros Mercedinos fue un \u00e9xito. Cont\u00f3 con miles de asistentes que colmaron el fin de semana el Parque Municipal. Scheitler fue el cervecero del a\u00f1o y Fernando Bustos en el rubro home brew. Ustarroz destac\u00f3 el \u201cgran trabajo realizado para volver a contar con una gran fiesta familiar\u201d que \u201cpromueven el [&hellip;]<\/p>\n","protected":false},"author":2,"featured_media":32763,"comment_status":"open","ping_status":"open","sticky":false,"template":"","format":"standard","meta":{"footnotes":""},"categories":[4],"tags":[1124,6925,738],"class_list":["post-32764","post","type-post","status-publish","format-standard","has-post-thumbnail","hentry","category-cultura","tag-festival-de-cerveceros-mercedinos","tag-julieta-venegas","tag-parque-municipal"],"yoast_head":"<!-- This site is optimized with the Yoast SEO plugin v27.4 - https:\/\/yoast.com\/product\/yoast-seo-wordpress\/ -->\n<title>La 2da edici\u00f3n del Festival de Cerveceros fue un gran \u00e9xito<\/title>\n<meta name=\"robots\" content=\"index, follow, max-snippet:-1, max-image-preview:large, max-video-preview:-1\" \/>\n<link rel=\"canonical\" href=\"https:\/\/noticiasmercedinas.com\/site\/2019\/11\/04\/la-2da-edicion-del-festival-de-cerveceros-fue-un-gran-exito\/\" \/>\n<meta property=\"og:locale\" content=\"es_ES\" \/>\n<meta property=\"og:type\" content=\"article\" \/>\n<meta property=\"og:title\" content=\"La 2da edici\u00f3n del Festival de Cerveceros fue un gran \u00e9xito\" \/>\n<meta property=\"og:description\" content=\"El 2\u00b0 Festival de Cerveceros Mercedinos fue un \u00e9xito. Cont\u00f3 con miles de asistentes que colmaron el fin de semana el Parque Municipal. Scheitler fue el cervecero del a\u00f1o y Fernando Bustos en el rubro home brew. Ustarroz destac\u00f3 el \u201cgran trabajo realizado para volver a contar con una gran fiesta familiar\u201d que \u201cpromueven el [&hellip;]\" \/>\n<meta property=\"og:url\" content=\"https:\/\/noticiasmercedinas.com\/site\/2019\/11\/04\/la-2da-edicion-del-festival-de-cerveceros-fue-un-gran-exito\/\" \/>\n<meta property=\"og:site_name\" content=\"NOTICIASMERCEDINAS.COM\" \/>\n<meta property=\"article:publisher\" content=\"https:\/\/www.facebook.com\/noticiasmercedinas\/\" \/>\n<meta property=\"article:author\" content=\"https:\/\/www.facebook.com\/cristian.falabella\" \/>\n<meta property=\"article:published_time\" content=\"2019-11-04T18:19:07+00:00\" \/>\n<meta property=\"og:image\" content=\"https:\/\/noticiasmercedinas.com\/site\/wp-content\/uploads\/2019\/11\/img-20191104-wa00021049375163562562041.jpg\" \/>\n\t<meta property=\"og:image:width\" content=\"1100\" \/>\n\t<meta property=\"og:image:height\" content=\"619\" \/>\n\t<meta property=\"og:image:type\" content=\"image\/jpeg\" \/>\n<meta name=\"author\" content=\"Cristian Falabella NOTICIASMERCEDINAS.COM\" \/>\n<meta name=\"twitter:card\" content=\"summary_large_image\" \/>\n<meta name=\"twitter:creator\" content=\"@https:\/\/twitter.com\/NOTMERCEDINAS\" \/>\n<meta name=\"twitter:site\" content=\"@notmercedinas\" \/>\n<meta name=\"twitter:label1\" content=\"Escrito por\" \/>\n\t<meta name=\"twitter:data1\" content=\"Cristian Falabella NOTICIASMERCEDINAS.COM\" \/>\n\t<meta name=\"twitter:label2\" content=\"Tiempo de lectura\" \/>\n\t<meta name=\"twitter:data2\" content=\"3 minutos\" \/>\n<script type=\"application\/ld+json\" class=\"yoast-schema-graph\">{\"@context\":\"https:\\\/\\\/schema.org\",\"@graph\":[{\"@type\":\"Article\",\"@id\":\"https:\\\/\\\/noticiasmercedinas.com\\\/site\\\/2019\\\/11\\\/04\\\/la-2da-edicion-del-festival-de-cerveceros-fue-un-gran-exito\\\/#article\",\"isPartOf\":{\"@id\":\"https:\\\/\\\/noticiasmercedinas.com\\\/site\\\/2019\\\/11\\\/04\\\/la-2da-edicion-del-festival-de-cerveceros-fue-un-gran-exito\\\/\"},\"author\":{\"name\":\"Cristian Falabella NOTICIASMERCEDINAS.COM\",\"@id\":\"https:\\\/\\\/noticiasmercedinas.com\\\/site\\\/#\\\/schema\\\/person\\\/d481a9696a5feaec13a60e2bbd991a6a\"},\"headline\":\"La 2da edici\u00f3n del Festival de Cerveceros fue un gran \u00e9xito\",\"datePublished\":\"2019-11-04T18:19:07+00:00\",\"mainEntityOfPage\":{\"@id\":\"https:\\\/\\\/noticiasmercedinas.com\\\/site\\\/2019\\\/11\\\/04\\\/la-2da-edicion-del-festival-de-cerveceros-fue-un-gran-exito\\\/\"},\"wordCount\":708,\"commentCount\":0,\"publisher\":{\"@id\":\"https:\\\/\\\/noticiasmercedinas.com\\\/site\\\/#organization\"},\"image\":{\"@id\":\"https:\\\/\\\/noticiasmercedinas.com\\\/site\\\/2019\\\/11\\\/04\\\/la-2da-edicion-del-festival-de-cerveceros-fue-un-gran-exito\\\/#primaryimage\"},\"thumbnailUrl\":\"https:\\\/\\\/noticiasmercedinas.com\\\/site\\\/wp-content\\\/uploads\\\/2019\\\/11\\\/img-20191104-wa00021049375163562562041.jpg\",\"keywords\":[\"festival de cerveceros mercedinos\",\"Julieta Venegas\",\"parque municipal\"],\"articleSection\":[\"Cultura\"],\"inLanguage\":\"es\",\"potentialAction\":[{\"@type\":\"CommentAction\",\"name\":\"Comment\",\"target\":[\"https:\\\/\\\/noticiasmercedinas.com\\\/site\\\/2019\\\/11\\\/04\\\/la-2da-edicion-del-festival-de-cerveceros-fue-un-gran-exito\\\/#respond\"]}]},{\"@type\":\"WebPage\",\"@id\":\"https:\\\/\\\/noticiasmercedinas.com\\\/site\\\/2019\\\/11\\\/04\\\/la-2da-edicion-del-festival-de-cerveceros-fue-un-gran-exito\\\/\",\"url\":\"https:\\\/\\\/noticiasmercedinas.com\\\/site\\\/2019\\\/11\\\/04\\\/la-2da-edicion-del-festival-de-cerveceros-fue-un-gran-exito\\\/\",\"name\":\"La 2da edici\u00f3n del Festival de Cerveceros fue un gran \u00e9xito\",\"isPartOf\":{\"@id\":\"https:\\\/\\\/noticiasmercedinas.com\\\/site\\\/#website\"},\"primaryImageOfPage\":{\"@id\":\"https:\\\/\\\/noticiasmercedinas.com\\\/site\\\/2019\\\/11\\\/04\\\/la-2da-edicion-del-festival-de-cerveceros-fue-un-gran-exito\\\/#primaryimage\"},\"image\":{\"@id\":\"https:\\\/\\\/noticiasmercedinas.com\\\/site\\\/2019\\\/11\\\/04\\\/la-2da-edicion-del-festival-de-cerveceros-fue-un-gran-exito\\\/#primaryimage\"},\"thumbnailUrl\":\"https:\\\/\\\/noticiasmercedinas.com\\\/site\\\/wp-content\\\/uploads\\\/2019\\\/11\\\/img-20191104-wa00021049375163562562041.jpg\",\"datePublished\":\"2019-11-04T18:19:07+00:00\",\"breadcrumb\":{\"@id\":\"https:\\\/\\\/noticiasmercedinas.com\\\/site\\\/2019\\\/11\\\/04\\\/la-2da-edicion-del-festival-de-cerveceros-fue-un-gran-exito\\\/#breadcrumb\"},\"inLanguage\":\"es\",\"potentialAction\":[{\"@type\":\"ReadAction\",\"target\":[\"https:\\\/\\\/noticiasmercedinas.com\\\/site\\\/2019\\\/11\\\/04\\\/la-2da-edicion-del-festival-de-cerveceros-fue-un-gran-exito\\\/\"]}]},{\"@type\":\"ImageObject\",\"inLanguage\":\"es\",\"@id\":\"https:\\\/\\\/noticiasmercedinas.com\\\/site\\\/2019\\\/11\\\/04\\\/la-2da-edicion-del-festival-de-cerveceros-fue-un-gran-exito\\\/#primaryimage\",\"url\":\"https:\\\/\\\/noticiasmercedinas.com\\\/site\\\/wp-content\\\/uploads\\\/2019\\\/11\\\/img-20191104-wa00021049375163562562041.jpg\",\"contentUrl\":\"https:\\\/\\\/noticiasmercedinas.com\\\/site\\\/wp-content\\\/uploads\\\/2019\\\/11\\\/img-20191104-wa00021049375163562562041.jpg\",\"width\":1100,\"height\":619},{\"@type\":\"BreadcrumbList\",\"@id\":\"https:\\\/\\\/noticiasmercedinas.com\\\/site\\\/2019\\\/11\\\/04\\\/la-2da-edicion-del-festival-de-cerveceros-fue-un-gran-exito\\\/#breadcrumb\",\"itemListElement\":[{\"@type\":\"ListItem\",\"position\":1,\"name\":\"Portada\",\"item\":\"https:\\\/\\\/noticiasmercedinas.com\\\/site\\\/\"},{\"@type\":\"ListItem\",\"position\":2,\"name\":\"La 2da edici\u00f3n del Festival de Cerveceros fue un gran \u00e9xito\"}]},{\"@type\":\"WebSite\",\"@id\":\"https:\\\/\\\/noticiasmercedinas.com\\\/site\\\/#website\",\"url\":\"https:\\\/\\\/noticiasmercedinas.com\\\/site\\\/\",\"name\":\"NOTICIASMERCEDINAS.COM\",\"description\":\"Mercedes, Buenos Aires, Argentina\",\"publisher\":{\"@id\":\"https:\\\/\\\/noticiasmercedinas.com\\\/site\\\/#organization\"},\"potentialAction\":[{\"@type\":\"SearchAction\",\"target\":{\"@type\":\"EntryPoint\",\"urlTemplate\":\"https:\\\/\\\/noticiasmercedinas.com\\\/site\\\/?s={search_term_string}\"},\"query-input\":{\"@type\":\"PropertyValueSpecification\",\"valueRequired\":true,\"valueName\":\"search_term_string\"}}],\"inLanguage\":\"es\"},{\"@type\":\"Organization\",\"@id\":\"https:\\\/\\\/noticiasmercedinas.com\\\/site\\\/#organization\",\"name\":\"NOTICIASMERCEDINAS.COM\",\"url\":\"https:\\\/\\\/noticiasmercedinas.com\\\/site\\\/\",\"logo\":{\"@type\":\"ImageObject\",\"inLanguage\":\"es\",\"@id\":\"https:\\\/\\\/noticiasmercedinas.com\\\/site\\\/#\\\/schema\\\/logo\\\/image\\\/\",\"url\":\"https:\\\/\\\/noticiasmercedinas.com\\\/site\\\/wp-content\\\/uploads\\\/2020\\\/06\\\/LOGO-512.jpg\",\"contentUrl\":\"https:\\\/\\\/noticiasmercedinas.com\\\/site\\\/wp-content\\\/uploads\\\/2020\\\/06\\\/LOGO-512.jpg\",\"width\":512,\"height\":512,\"caption\":\"NOTICIASMERCEDINAS.COM\"},\"image\":{\"@id\":\"https:\\\/\\\/noticiasmercedinas.com\\\/site\\\/#\\\/schema\\\/logo\\\/image\\\/\"},\"sameAs\":[\"https:\\\/\\\/www.facebook.com\\\/noticiasmercedinas\\\/\",\"https:\\\/\\\/x.com\\\/notmercedinas\",\"https:\\\/\\\/www.instagram.com\\\/noticiasmercedinas\\\/\"]},{\"@type\":\"Person\",\"@id\":\"https:\\\/\\\/noticiasmercedinas.com\\\/site\\\/#\\\/schema\\\/person\\\/d481a9696a5feaec13a60e2bbd991a6a\",\"name\":\"Cristian Falabella NOTICIASMERCEDINAS.COM\",\"image\":{\"@type\":\"ImageObject\",\"inLanguage\":\"es\",\"@id\":\"https:\\\/\\\/secure.gravatar.com\\\/avatar\\\/0dbbfc45970cc46bcd0e57766228574ff3511d6eed045b182f536f0f478c1f06?s=96&d=mm&r=g\",\"url\":\"https:\\\/\\\/secure.gravatar.com\\\/avatar\\\/0dbbfc45970cc46bcd0e57766228574ff3511d6eed045b182f536f0f478c1f06?s=96&d=mm&r=g\",\"contentUrl\":\"https:\\\/\\\/secure.gravatar.com\\\/avatar\\\/0dbbfc45970cc46bcd0e57766228574ff3511d6eed045b182f536f0f478c1f06?s=96&d=mm&r=g\",\"caption\":\"Cristian Falabella NOTICIASMERCEDINAS.COM\"},\"description\":\"Periodista, editor de Noticias Mercedinas. Pas\u00f3 por varias redacciones y emprendimientos de prensa, en distintos formatos y \u00e9pocas. Se especializ\u00f3 --y sigue haci\u00e9ndolo-- en comunicaci\u00f3n en la web y en junio de 2006 fund\u00f3 este diario digital.\",\"sameAs\":[\"https:\\\/\\\/noticiasmercedinas.com\",\"https:\\\/\\\/www.facebook.com\\\/cristian.falabella\",\"https:\\\/\\\/www.instagram.com\\\/noticiasmercedinas\\\/\",\"https:\\\/\\\/x.com\\\/https:\\\/\\\/twitter.com\\\/NOTMERCEDINAS\"],\"url\":\"https:\\\/\\\/noticiasmercedinas.com\\\/site\\\/author\\\/as000384\\\/\"}]}<\/script>\n<!-- \/ Yoast SEO plugin. -->","yoast_head_json":{"title":"La 2da edici\u00f3n del Festival de Cerveceros fue un gran \u00e9xito","robots":{"index":"index","follow":"follow","max-snippet":"max-snippet:-1","max-image-preview":"max-image-preview:large","max-video-preview":"max-video-preview:-1"},"canonical":"https:\/\/noticiasmercedinas.com\/site\/2019\/11\/04\/la-2da-edicion-del-festival-de-cerveceros-fue-un-gran-exito\/","og_locale":"es_ES","og_type":"article","og_title":"La 2da edici\u00f3n del Festival de Cerveceros fue un gran \u00e9xito","og_description":"El 2\u00b0 Festival de Cerveceros Mercedinos fue un \u00e9xito. Cont\u00f3 con miles de asistentes que colmaron el fin de semana el Parque Municipal. Scheitler fue el cervecero del a\u00f1o y Fernando Bustos en el rubro home brew. Ustarroz destac\u00f3 el \u201cgran trabajo realizado para volver a contar con una gran fiesta familiar\u201d que \u201cpromueven el [&hellip;]","og_url":"https:\/\/noticiasmercedinas.com\/site\/2019\/11\/04\/la-2da-edicion-del-festival-de-cerveceros-fue-un-gran-exito\/","og_site_name":"NOTICIASMERCEDINAS.COM","article_publisher":"https:\/\/www.facebook.com\/noticiasmercedinas\/","article_author":"https:\/\/www.facebook.com\/cristian.falabella","article_published_time":"2019-11-04T18:19:07+00:00","og_image":[{"width":1100,"height":619,"url":"https:\/\/noticiasmercedinas.com\/site\/wp-content\/uploads\/2019\/11\/img-20191104-wa00021049375163562562041.jpg","type":"image\/jpeg"}],"author":"Cristian Falabella NOTICIASMERCEDINAS.COM","twitter_card":"summary_large_image","twitter_creator":"@https:\/\/twitter.com\/NOTMERCEDINAS","twitter_site":"@notmercedinas","twitter_misc":{"Escrito por":"Cristian Falabella NOTICIASMERCEDINAS.COM","Tiempo de lectura":"3 minutos"},"schema":{"@context":"https:\/\/schema.org","@graph":[{"@type":"Article","@id":"https:\/\/noticiasmercedinas.com\/site\/2019\/11\/04\/la-2da-edicion-del-festival-de-cerveceros-fue-un-gran-exito\/#article","isPartOf":{"@id":"https:\/\/noticiasmercedinas.com\/site\/2019\/11\/04\/la-2da-edicion-del-festival-de-cerveceros-fue-un-gran-exito\/"},"author":{"name":"Cristian Falabella NOTICIASMERCEDINAS.COM","@id":"https:\/\/noticiasmercedinas.com\/site\/#\/schema\/person\/d481a9696a5feaec13a60e2bbd991a6a"},"headline":"La 2da edici\u00f3n del Festival de Cerveceros fue un gran \u00e9xito","datePublished":"2019-11-04T18:19:07+00:00","mainEntityOfPage":{"@id":"https:\/\/noticiasmercedinas.com\/site\/2019\/11\/04\/la-2da-edicion-del-festival-de-cerveceros-fue-un-gran-exito\/"},"wordCount":708,"commentCount":0,"publisher":{"@id":"https:\/\/noticiasmercedinas.com\/site\/#organization"},"image":{"@id":"https:\/\/noticiasmercedinas.com\/site\/2019\/11\/04\/la-2da-edicion-del-festival-de-cerveceros-fue-un-gran-exito\/#primaryimage"},"thumbnailUrl":"https:\/\/noticiasmercedinas.com\/site\/wp-content\/uploads\/2019\/11\/img-20191104-wa00021049375163562562041.jpg","keywords":["festival de cerveceros mercedinos","Julieta Venegas","parque municipal"],"articleSection":["Cultura"],"inLanguage":"es","potentialAction":[{"@type":"CommentAction","name":"Comment","target":["https:\/\/noticiasmercedinas.com\/site\/2019\/11\/04\/la-2da-edicion-del-festival-de-cerveceros-fue-un-gran-exito\/#respond"]}]},{"@type":"WebPage","@id":"https:\/\/noticiasmercedinas.com\/site\/2019\/11\/04\/la-2da-edicion-del-festival-de-cerveceros-fue-un-gran-exito\/","url":"https:\/\/noticiasmercedinas.com\/site\/2019\/11\/04\/la-2da-edicion-del-festival-de-cerveceros-fue-un-gran-exito\/","name":"La 2da edici\u00f3n del Festival de Cerveceros fue un gran \u00e9xito","isPartOf":{"@id":"https:\/\/noticiasmercedinas.com\/site\/#website"},"primaryImageOfPage":{"@id":"https:\/\/noticiasmercedinas.com\/site\/2019\/11\/04\/la-2da-edicion-del-festival-de-cerveceros-fue-un-gran-exito\/#primaryimage"},"image":{"@id":"https:\/\/noticiasmercedinas.com\/site\/2019\/11\/04\/la-2da-edicion-del-festival-de-cerveceros-fue-un-gran-exito\/#primaryimage"},"thumbnailUrl":"https:\/\/noticiasmercedinas.com\/site\/wp-content\/uploads\/2019\/11\/img-20191104-wa00021049375163562562041.jpg","datePublished":"2019-11-04T18:19:07+00:00","breadcrumb":{"@id":"https:\/\/noticiasmercedinas.com\/site\/2019\/11\/04\/la-2da-edicion-del-festival-de-cerveceros-fue-un-gran-exito\/#breadcrumb"},"inLanguage":"es","potentialAction":[{"@type":"ReadAction","target":["https:\/\/noticiasmercedinas.com\/site\/2019\/11\/04\/la-2da-edicion-del-festival-de-cerveceros-fue-un-gran-exito\/"]}]},{"@type":"ImageObject","inLanguage":"es","@id":"https:\/\/noticiasmercedinas.com\/site\/2019\/11\/04\/la-2da-edicion-del-festival-de-cerveceros-fue-un-gran-exito\/#primaryimage","url":"https:\/\/noticiasmercedinas.com\/site\/wp-content\/uploads\/2019\/11\/img-20191104-wa00021049375163562562041.jpg","contentUrl":"https:\/\/noticiasmercedinas.com\/site\/wp-content\/uploads\/2019\/11\/img-20191104-wa00021049375163562562041.jpg","width":1100,"height":619},{"@type":"BreadcrumbList","@id":"https:\/\/noticiasmercedinas.com\/site\/2019\/11\/04\/la-2da-edicion-del-festival-de-cerveceros-fue-un-gran-exito\/#breadcrumb","itemListElement":[{"@type":"ListItem","position":1,"name":"Portada","item":"https:\/\/noticiasmercedinas.com\/site\/"},{"@type":"ListItem","position":2,"name":"La 2da edici\u00f3n del Festival de Cerveceros fue un gran \u00e9xito"}]},{"@type":"WebSite","@id":"https:\/\/noticiasmercedinas.com\/site\/#website","url":"https:\/\/noticiasmercedinas.com\/site\/","name":"NOTICIASMERCEDINAS.COM","description":"Mercedes, Buenos Aires, Argentina","publisher":{"@id":"https:\/\/noticiasmercedinas.com\/site\/#organization"},"potentialAction":[{"@type":"SearchAction","target":{"@type":"EntryPoint","urlTemplate":"https:\/\/noticiasmercedinas.com\/site\/?s={search_term_string}"},"query-input":{"@type":"PropertyValueSpecification","valueRequired":true,"valueName":"search_term_string"}}],"inLanguage":"es"},{"@type":"Organization","@id":"https:\/\/noticiasmercedinas.com\/site\/#organization","name":"NOTICIASMERCEDINAS.COM","url":"https:\/\/noticiasmercedinas.com\/site\/","logo":{"@type":"ImageObject","inLanguage":"es","@id":"https:\/\/noticiasmercedinas.com\/site\/#\/schema\/logo\/image\/","url":"https:\/\/noticiasmercedinas.com\/site\/wp-content\/uploads\/2020\/06\/LOGO-512.jpg","contentUrl":"https:\/\/noticiasmercedinas.com\/site\/wp-content\/uploads\/2020\/06\/LOGO-512.jpg","width":512,"height":512,"caption":"NOTICIASMERCEDINAS.COM"},"image":{"@id":"https:\/\/noticiasmercedinas.com\/site\/#\/schema\/logo\/image\/"},"sameAs":["https:\/\/www.facebook.com\/noticiasmercedinas\/","https:\/\/x.com\/notmercedinas","https:\/\/www.instagram.com\/noticiasmercedinas\/"]},{"@type":"Person","@id":"https:\/\/noticiasmercedinas.com\/site\/#\/schema\/person\/d481a9696a5feaec13a60e2bbd991a6a","name":"Cristian Falabella NOTICIASMERCEDINAS.COM","image":{"@type":"ImageObject","inLanguage":"es","@id":"https:\/\/secure.gravatar.com\/avatar\/0dbbfc45970cc46bcd0e57766228574ff3511d6eed045b182f536f0f478c1f06?s=96&d=mm&r=g","url":"https:\/\/secure.gravatar.com\/avatar\/0dbbfc45970cc46bcd0e57766228574ff3511d6eed045b182f536f0f478c1f06?s=96&d=mm&r=g","contentUrl":"https:\/\/secure.gravatar.com\/avatar\/0dbbfc45970cc46bcd0e57766228574ff3511d6eed045b182f536f0f478c1f06?s=96&d=mm&r=g","caption":"Cristian Falabella NOTICIASMERCEDINAS.COM"},"description":"Periodista, editor de Noticias Mercedinas. Pas\u00f3 por varias redacciones y emprendimientos de prensa, en distintos formatos y \u00e9pocas. Se especializ\u00f3 --y sigue haci\u00e9ndolo-- en comunicaci\u00f3n en la web y en junio de 2006 fund\u00f3 este diario digital.","sameAs":["https:\/\/noticiasmercedinas.com","https:\/\/www.facebook.com\/cristian.falabella","https:\/\/www.instagram.com\/noticiasmercedinas\/","https:\/\/x.com\/https:\/\/twitter.com\/NOTMERCEDINAS"],"url":"https:\/\/noticiasmercedinas.com\/site\/author\/as000384\/"}]}},"amp_enabled":true,"_links":{"self":[{"href":"https:\/\/noticiasmercedinas.com\/site\/wp-json\/wp\/v2\/posts\/32764","targetHints":{"allow":["GET"]}}],"collection":[{"href":"https:\/\/noticiasmercedinas.com\/site\/wp-json\/wp\/v2\/posts"}],"about":[{"href":"https:\/\/noticiasmercedinas.com\/site\/wp-json\/wp\/v2\/types\/post"}],"author":[{"embeddable":true,"href":"https:\/\/noticiasmercedinas.com\/site\/wp-json\/wp\/v2\/users\/2"}],"replies":[{"embeddable":true,"href":"https:\/\/noticiasmercedinas.com\/site\/wp-json\/wp\/v2\/comments?post=32764"}],"version-history":[{"count":0,"href":"https:\/\/noticiasmercedinas.com\/site\/wp-json\/wp\/v2\/posts\/32764\/revisions"}],"wp:featuredmedia":[{"embeddable":true,"href":"https:\/\/noticiasmercedinas.com\/site\/wp-json\/wp\/v2\/media\/32763"}],"wp:attachment":[{"href":"https:\/\/noticiasmercedinas.com\/site\/wp-json\/wp\/v2\/media?parent=32764"}],"wp:term":[{"taxonomy":"category","embeddable":true,"href":"https:\/\/noticiasmercedinas.com\/site\/wp-json\/wp\/v2\/categories?post=32764"},{"taxonomy":"post_tag","embeddable":true,"href":"https:\/\/noticiasmercedinas.com\/site\/wp-json\/wp\/v2\/tags?post=32764"}],"curies":[{"name":"wp","href":"https:\/\/api.w.org\/{rel}","templated":true}]}}