{"id":328,"date":"2026-09-02T22:46:37","date_gmt":"2026-09-03T01:46:37","guid":{"rendered":"https:\/\/noticiasmercedinas.com\/site\/?p=328"},"modified":"2026-09-02T23:00:04","modified_gmt":"2026-09-03T02:00:04","slug":"homenaje-a-lucho-goicochea-descubriran-una-placa-en-su-memoria-en-el-palacio-de-tribunales","status":"publish","type":"post","link":"https:\/\/noticiasmercedinas.com\/site\/2026\/09\/02\/homenaje-a-lucho-goicochea-descubriran-una-placa-en-su-memoria-en-el-palacio-de-tribunales\/","title":{"rendered":"Homenaje a Lucho Goicochea: descubrir\u00e1n una placa en su memoria en el Palacio de Tribunales"},"content":{"rendered":"<p><img loading=\"lazy\" decoding=\"async\" class=\"alignnone size-full wp-image-329\" src=\"https:\/\/noticiasmercedinas.com\/site\/wp-content\/uploads\/2026\/09\/LUCHO.jpg\" alt=\"\" width=\"1200\" height=\"849\" srcset=\"https:\/\/noticiasmercedinas.com\/site\/wp-content\/uploads\/2026\/09\/LUCHO.jpg 1200w, https:\/\/noticiasmercedinas.com\/site\/wp-content\/uploads\/2026\/09\/LUCHO-300x212.jpg 300w, https:\/\/noticiasmercedinas.com\/site\/wp-content\/uploads\/2026\/09\/LUCHO-1024x724.jpg 1024w, https:\/\/noticiasmercedinas.com\/site\/wp-content\/uploads\/2026\/09\/LUCHO-768x543.jpg 768w, https:\/\/noticiasmercedinas.com\/site\/wp-content\/uploads\/2026\/09\/LUCHO-594x420.jpg 594w, https:\/\/noticiasmercedinas.com\/site\/wp-content\/uploads\/2026\/09\/LUCHO-640x453.jpg 640w, https:\/\/noticiasmercedinas.com\/site\/wp-content\/uploads\/2026\/09\/LUCHO-681x482.jpg 681w\" sizes=\"auto, (max-width: 1200px) 100vw, 1200px\" \/><\/p>\n<p>\u200bEste jueves 3 de septiembre, a las 9:00 horas, se llevara a cabo el descubrimiento de una placa en conmemoraci\u00f3n y homenaje a Lucho Goicochea en el Palacio de Tribunales de Mercedes, ubicado en la esquina de las calles 26 y 27.<\/p>\n<p>El reconocimiento busca mantener viva la memoria de Goicochea, quien fue una de las v\u00edctimas de la \u00faltima dictadura militar en la Argentina.<\/p>\n<blockquote><p>\u200bEl encuentro se desarrolla en el marco del A\u00f1o de los Derechos Humanos, por la Memoria, la Verdad y la Justicia, al cumplirse 50 a\u00f1os de la \u00faltima dictadura c\u00edvico-militar.<\/p><\/blockquote>\n<p>\u200bEl acto institucional contar\u00e1 con la participaci\u00f3n central del presidente de la Suprema Corte de Justicia de la Provincia de Buenos Aires, Dr. Sergio Gabriel Torres. Asimismo, estar\u00e1n presentes familiares del homenajeado, integrantes de la Comisi\u00f3n de Familiares de Detenidos, Desaparecidos y Asesinados de Mercedes, adem\u00e1s de vecinos y vecinas de la ciudad.<\/p>\n<p>\u200bLa iniciativa se enmarca en las actividades conmemorativas de 2026, declaradas institucionalmente como el \u00abA\u00f1o de los Derechos Humanos, por la Memoria, la Verdad y la Justicia\u00bb, al cumplirse 50 a\u00f1os del golpe de Estado y el inicio de la \u00faltima dictadura c\u00edvico-militar en el pa\u00eds.<\/p>\n<p class=\"paragraph decoration-primary\/6 max-w-3xl w-full print:break-inside-avoid text-start self-start justify-start\" data-cover-aware-text=\"\">\u201cLucho\u201d \u00f3 \u201cTablita\u201d, como le dec\u00edan sus amigos, naci\u00f3 el 13 de octubre de 1951 en Mercedes, provincia de Buenos Aires. Hizo la primaria en la Escuela N\u00b0 1 y el secundario en el colegio Nacional y en San Patricio, recibi\u00e9ndose de bachiller en 1969. Luego estudi\u00f3 Pedagog\u00eda y Filosof\u00eda en el Instituto de Profesorado y la Universidad de Buenos Aires. Para costearse sus estudios trabaj\u00f3 en los tribunales de su ciudad natal.<\/p>\n<p class=\"paragraph decoration-primary\/6 max-w-3xl w-full print:break-inside-avoid text-start self-start justify-start\" data-cover-aware-text=\"\">En su adolescencia form\u00f3 parte de los grupos juveniles de la Acci\u00f3n Cat\u00f3lica y otros movimientos cristianos que desarrollaban tareas sociales en los barrios humildes y carenciados de Mercedes con su compa\u00f1era,<span id=\"base-ui-_R_1t3l39bsnqj6iv5ubsnpfivb_\"><a class=\"underline decoration-[max(0.07em,1px)] underline-offset-2 links-accent:underline-offset-4 links-default:decoration-primary\/6 links-default:text-primary-subtle hover:links-default:text-primary-strong contrast-more:links-default:text-primary contrast-more:hover:links-default:text-primary-strong links-accent:decoration-primary-subtle hover:links-accent:decoration-[3px] hover:links-accent:[text-decoration-skip-ink:none] transition-all duration-100\" href=\"https:\/\/robertobaschetti.com\/riveiro-adriana-teresita\/\"> Adriana Teresita Riveiro<\/a><\/span>. A\u00f1os posteriores participaron en la Casa de la Juventud, militaron en la <span id=\"base-ui-_R_1u3l39bsnqj6iv5ubsnpfivb_\"><a class=\"underline decoration-[max(0.07em,1px)] underline-offset-2 links-accent:underline-offset-4 links-default:decoration-primary\/6 links-default:text-primary-subtle hover:links-default:text-primary-strong contrast-more:links-default:text-primary contrast-more:hover:links-default:text-primary-strong links-accent:decoration-primary-subtle hover:links-accent:decoration-[3px] hover:links-accent:[text-decoration-skip-ink:none] transition-all duration-100\" href=\"https:\/\/documentos.atesantafe.com.ar\/sembrando-memoria\/glosario#juventud-peronista-jp\">Juventud Peronista (JP) <\/a><\/span>y se casaron el 26 de junio de 1975. De esa feliz y s\u00f3lida uni\u00f3n naci\u00f3 Mariano Ignacio, su hijo.<\/p>\n<p class=\"paragraph decoration-primary\/6 max-w-3xl w-full print:break-inside-avoid text-start self-start justify-start\" data-cover-aware-text=\"\">Poco tiempo despu\u00e9s, militando Luis en Montoneros, en una estructura clandestina de Santa Fe, fue asesinado por fuerzas represivas el 27 de octubre de 1976, en una casa de calle 4 de Enero al 7200. Sus restos fueron devueltos a la familia, e inhumados en el cementerio de su ciudad natal.<\/p>\n<p class=\"paragraph decoration-primary\/6 max-w-3xl w-full print:break-inside-avoid text-start self-start justify-start\" data-cover-aware-text=\"\">El 24 de Septiembre de 1979, Adriana fue secuestrada y desaparecida de su domicilio en la Capital Federal, por un grupo operativo del aparato represivo del Terrorismo de Estado.<\/p>\n<p>&nbsp;<\/p>\n","protected":false},"excerpt":{"rendered":"<p>\u25a0 \u200bEn el marco del \u00abA\u00f1o de los Derechos Humanos, por la Memoria, la Verdad y la Justicia\u00bb, se realizar\u00e1 este jueves un acto conmemorativo en el edificio judicial de Mercedes con la presencia de autoridades provinciales, familiares y miembros de la comunidad.<\/p>\n","protected":false},"author":1,"featured_media":329,"comment_status":"open","ping_status":"open","sticky":false,"template":"","format":"standard","meta":{"footnotes":""},"categories":[18,34],"tags":[65,64,66],"class_list":["post-328","post","type-post","status-publish","format-standard","has-post-thumbnail","hentry","category-sociedad","category-ultimo-momento","tag-ddhh","tag-luis-goicochea","tag-memoria"],"yoast_head":"<!-- This site is optimized with the Yoast SEO plugin v28.4 - https:\/\/yoast.com\/product\/yoast-seo-wordpress\/ -->\n<title>Homenaje a Lucho Goicochea: descubrir\u00e1n una placa en su memoria en el Palacio de Tribunales - Noticias Mercedinas<\/title>\n<meta name=\"description\" content=\"\u200bEn el marco del &quot;A\u00f1o de los Derechos Humanos, por la Memoria, la Verdad y la Justicia&quot;, se realizar\u00e1 este jueves un acto conmemorativo en el edificio judicial de Mercedes con la presencia de autoridades provinciales, familiares y miembros de la comunidad.\" \/>\n<meta name=\"robots\" content=\"index, follow, max-snippet:-1, max-image-preview:large, max-video-preview:-1\" \/>\n<link rel=\"canonical\" href=\"https:\/\/noticiasmercedinas.com\/site\/2026\/09\/02\/homenaje-a-lucho-goicochea-descubriran-una-placa-en-su-memoria-en-el-palacio-de-tribunales\/\" \/>\n<meta property=\"og:locale\" content=\"es_ES\" \/>\n<meta property=\"og:type\" content=\"article\" \/>\n<meta property=\"og:title\" content=\"Homenaje a Lucho Goicochea: descubrir\u00e1n una placa en su memoria en el Palacio de Tribunales - Noticias Mercedinas\" \/>\n<meta property=\"og:description\" content=\"\u200bEn el marco del &quot;A\u00f1o de los Derechos Humanos, por la Memoria, la Verdad y la Justicia&quot;, se realizar\u00e1 este jueves un acto conmemorativo en el edificio judicial de Mercedes con la presencia de autoridades provinciales, familiares y miembros de la comunidad.\" \/>\n<meta property=\"og:url\" content=\"https:\/\/noticiasmercedinas.com\/site\/2026\/09\/02\/homenaje-a-lucho-goicochea-descubriran-una-placa-en-su-memoria-en-el-palacio-de-tribunales\/\" \/>\n<meta property=\"og:site_name\" content=\"Noticias Mercedinas\" \/>\n<meta property=\"article:published_time\" content=\"2026-09-03T01:46:37+00:00\" \/>\n<meta property=\"article:modified_time\" content=\"2026-09-03T02:00:04+00:00\" \/>\n<meta property=\"og:image\" content=\"https:\/\/noticiasmercedinas.com\/site\/wp-content\/uploads\/2026\/09\/LUCHO.jpg\" \/>\n\t<meta property=\"og:image:width\" content=\"1200\" \/>\n\t<meta property=\"og:image:height\" content=\"849\" \/>\n\t<meta property=\"og:image:type\" content=\"image\/jpeg\" \/>\n<meta name=\"author\" content=\"Noticias Mercedinas\" \/>\n<meta name=\"twitter:card\" content=\"summary_large_image\" \/>\n<meta name=\"twitter:label1\" content=\"Escrito por\" \/>\n\t<meta name=\"twitter:data1\" content=\"Noticias Mercedinas\" \/>\n\t<meta name=\"twitter:label2\" content=\"Tiempo de lectura\" \/>\n\t<meta name=\"twitter:data2\" content=\"3 minutos\" \/>\n<script type=\"application\/ld+json\" class=\"yoast-schema-graph\">{\"@context\":\"https:\\\/\\\/schema.org\",\"@graph\":[{\"@type\":\"Article\",\"@id\":\"https:\\\/\\\/noticiasmercedinas.com\\\/site\\\/2026\\\/09\\\/02\\\/homenaje-a-lucho-goicochea-descubriran-una-placa-en-su-memoria-en-el-palacio-de-tribunales\\\/#article\",\"isPartOf\":{\"@id\":\"https:\\\/\\\/noticiasmercedinas.com\\\/site\\\/2026\\\/09\\\/02\\\/homenaje-a-lucho-goicochea-descubriran-una-placa-en-su-memoria-en-el-palacio-de-tribunales\\\/\"},\"author\":{\"name\":\"Noticias Mercedinas\",\"@id\":\"https:\\\/\\\/noticiasmercedinas.com\\\/site\\\/#\\\/schema\\\/person\\\/f72e88bb68f34f14051ca77dd9865f27\"},\"headline\":\"Homenaje a Lucho Goicochea: descubrir\u00e1n una placa en su memoria en el Palacio de Tribunales\",\"datePublished\":\"2026-09-03T01:46:37+00:00\",\"dateModified\":\"2026-09-03T02:00:04+00:00\",\"mainEntityOfPage\":{\"@id\":\"https:\\\/\\\/noticiasmercedinas.com\\\/site\\\/2026\\\/09\\\/02\\\/homenaje-a-lucho-goicochea-descubriran-una-placa-en-su-memoria-en-el-palacio-de-tribunales\\\/\"},\"wordCount\":438,\"commentCount\":0,\"image\":{\"@id\":\"https:\\\/\\\/noticiasmercedinas.com\\\/site\\\/2026\\\/09\\\/02\\\/homenaje-a-lucho-goicochea-descubriran-una-placa-en-su-memoria-en-el-palacio-de-tribunales\\\/#primaryimage\"},\"thumbnailUrl\":\"https:\\\/\\\/noticiasmercedinas.com\\\/site\\\/wp-content\\\/uploads\\\/2026\\\/09\\\/LUCHO.jpg\",\"keywords\":[\"ddhh\",\"luis goicochea\",\"memoria\"],\"articleSection\":[\"Sociedad\",\"Ultimo momento\"],\"inLanguage\":\"es\",\"potentialAction\":[{\"@type\":\"CommentAction\",\"name\":\"Comment\",\"target\":[\"https:\\\/\\\/noticiasmercedinas.com\\\/site\\\/2026\\\/09\\\/02\\\/homenaje-a-lucho-goicochea-descubriran-una-placa-en-su-memoria-en-el-palacio-de-tribunales\\\/#respond\"]}]},{\"@type\":\"WebPage\",\"@id\":\"https:\\\/\\\/noticiasmercedinas.com\\\/site\\\/2026\\\/09\\\/02\\\/homenaje-a-lucho-goicochea-descubriran-una-placa-en-su-memoria-en-el-palacio-de-tribunales\\\/\",\"url\":\"https:\\\/\\\/noticiasmercedinas.com\\\/site\\\/2026\\\/09\\\/02\\\/homenaje-a-lucho-goicochea-descubriran-una-placa-en-su-memoria-en-el-palacio-de-tribunales\\\/\",\"name\":\"Homenaje a Lucho Goicochea: descubrir\u00e1n una placa en su memoria en el Palacio de Tribunales - Noticias Mercedinas\",\"isPartOf\":{\"@id\":\"https:\\\/\\\/noticiasmercedinas.com\\\/site\\\/#website\"},\"primaryImageOfPage\":{\"@id\":\"https:\\\/\\\/noticiasmercedinas.com\\\/site\\\/2026\\\/09\\\/02\\\/homenaje-a-lucho-goicochea-descubriran-una-placa-en-su-memoria-en-el-palacio-de-tribunales\\\/#primaryimage\"},\"image\":{\"@id\":\"https:\\\/\\\/noticiasmercedinas.com\\\/site\\\/2026\\\/09\\\/02\\\/homenaje-a-lucho-goicochea-descubriran-una-placa-en-su-memoria-en-el-palacio-de-tribunales\\\/#primaryimage\"},\"thumbnailUrl\":\"https:\\\/\\\/noticiasmercedinas.com\\\/site\\\/wp-content\\\/uploads\\\/2026\\\/09\\\/LUCHO.jpg\",\"datePublished\":\"2026-09-03T01:46:37+00:00\",\"dateModified\":\"2026-09-03T02:00:04+00:00\",\"author\":{\"@id\":\"https:\\\/\\\/noticiasmercedinas.com\\\/site\\\/#\\\/schema\\\/person\\\/f72e88bb68f34f14051ca77dd9865f27\"},\"description\":\"\u200bEn el marco del \\\"A\u00f1o de los Derechos Humanos, por la Memoria, la Verdad y la Justicia\\\", se realizar\u00e1 este jueves un acto conmemorativo en el edificio judicial de Mercedes con la presencia de autoridades provinciales, familiares y miembros de la comunidad.\",\"breadcrumb\":{\"@id\":\"https:\\\/\\\/noticiasmercedinas.com\\\/site\\\/2026\\\/09\\\/02\\\/homenaje-a-lucho-goicochea-descubriran-una-placa-en-su-memoria-en-el-palacio-de-tribunales\\\/#breadcrumb\"},\"inLanguage\":\"es\",\"potentialAction\":[{\"@type\":\"ReadAction\",\"target\":[\"https:\\\/\\\/noticiasmercedinas.com\\\/site\\\/2026\\\/09\\\/02\\\/homenaje-a-lucho-goicochea-descubriran-una-placa-en-su-memoria-en-el-palacio-de-tribunales\\\/\"]}]},{\"@type\":\"ImageObject\",\"inLanguage\":\"es\",\"@id\":\"https:\\\/\\\/noticiasmercedinas.com\\\/site\\\/2026\\\/09\\\/02\\\/homenaje-a-lucho-goicochea-descubriran-una-placa-en-su-memoria-en-el-palacio-de-tribunales\\\/#primaryimage\",\"url\":\"https:\\\/\\\/noticiasmercedinas.com\\\/site\\\/wp-content\\\/uploads\\\/2026\\\/09\\\/LUCHO.jpg\",\"contentUrl\":\"https:\\\/\\\/noticiasmercedinas.com\\\/site\\\/wp-content\\\/uploads\\\/2026\\\/09\\\/LUCHO.jpg\",\"width\":1200,\"height\":849},{\"@type\":\"BreadcrumbList\",\"@id\":\"https:\\\/\\\/noticiasmercedinas.com\\\/site\\\/2026\\\/09\\\/02\\\/homenaje-a-lucho-goicochea-descubriran-una-placa-en-su-memoria-en-el-palacio-de-tribunales\\\/#breadcrumb\",\"itemListElement\":[{\"@type\":\"ListItem\",\"position\":1,\"name\":\"Portada\",\"item\":\"https:\\\/\\\/noticiasmercedinas.com\\\/site\\\/\"},{\"@type\":\"ListItem\",\"position\":2,\"name\":\"Homenaje a Lucho Goicochea: descubrir\u00e1n una placa en su memoria en el Palacio de Tribunales\"}]},{\"@type\":\"WebSite\",\"@id\":\"https:\\\/\\\/noticiasmercedinas.com\\\/site\\\/#website\",\"url\":\"https:\\\/\\\/noticiasmercedinas.com\\\/site\\\/\",\"name\":\"Noticias Mercedinas\",\"description\":\"\",\"potentialAction\":[{\"@type\":\"SearchAction\",\"target\":{\"@type\":\"EntryPoint\",\"urlTemplate\":\"https:\\\/\\\/noticiasmercedinas.com\\\/site\\\/?s={search_term_string}\"},\"query-input\":{\"@type\":\"PropertyValueSpecification\",\"valueRequired\":true,\"valueName\":\"search_term_string\"}}],\"inLanguage\":\"es\"},{\"@type\":\"Person\",\"@id\":\"https:\\\/\\\/noticiasmercedinas.com\\\/site\\\/#\\\/schema\\\/person\\\/f72e88bb68f34f14051ca77dd9865f27\",\"name\":\"Noticias Mercedinas\",\"image\":{\"@type\":\"ImageObject\",\"inLanguage\":\"es\",\"@id\":\"https:\\\/\\\/secure.gravatar.com\\\/avatar\\\/4dfbf16b4d17945bfb6341b2d19043457132fcf478a5ee04f42e959fd8f5df0a?s=96&d=mm&r=g\",\"url\":\"https:\\\/\\\/secure.gravatar.com\\\/avatar\\\/4dfbf16b4d17945bfb6341b2d19043457132fcf478a5ee04f42e959fd8f5df0a?s=96&d=mm&r=g\",\"contentUrl\":\"https:\\\/\\\/secure.gravatar.com\\\/avatar\\\/4dfbf16b4d17945bfb6341b2d19043457132fcf478a5ee04f42e959fd8f5df0a?s=96&d=mm&r=g\",\"caption\":\"Noticias Mercedinas\"},\"sameAs\":[\"https:\\\/\\\/noticiasmercedinas.com\\\/site\"],\"url\":\"https:\\\/\\\/noticiasmercedinas.com\\\/site\\\/author\\\/chinasky\\\/\"}]}<\/script>\n<!-- \/ Yoast SEO plugin. -->","yoast_head_json":{"title":"Homenaje a Lucho Goicochea: descubrir\u00e1n una placa en su memoria en el Palacio de Tribunales - Noticias Mercedinas","description":"\u200bEn el marco del \"A\u00f1o de los Derechos Humanos, por la Memoria, la Verdad y la Justicia\", se realizar\u00e1 este jueves un acto conmemorativo en el edificio judicial de Mercedes con la presencia de autoridades provinciales, familiares y miembros de la comunidad.","robots":{"index":"index","follow":"follow","max-snippet":"max-snippet:-1","max-image-preview":"max-image-preview:large","max-video-preview":"max-video-preview:-1"},"canonical":"https:\/\/noticiasmercedinas.com\/site\/2026\/09\/02\/homenaje-a-lucho-goicochea-descubriran-una-placa-en-su-memoria-en-el-palacio-de-tribunales\/","og_locale":"es_ES","og_type":"article","og_title":"Homenaje a Lucho Goicochea: descubrir\u00e1n una placa en su memoria en el Palacio de Tribunales - Noticias Mercedinas","og_description":"\u200bEn el marco del \"A\u00f1o de los Derechos Humanos, por la Memoria, la Verdad y la Justicia\", se realizar\u00e1 este jueves un acto conmemorativo en el edificio judicial de Mercedes con la presencia de autoridades provinciales, familiares y miembros de la comunidad.","og_url":"https:\/\/noticiasmercedinas.com\/site\/2026\/09\/02\/homenaje-a-lucho-goicochea-descubriran-una-placa-en-su-memoria-en-el-palacio-de-tribunales\/","og_site_name":"Noticias Mercedinas","article_published_time":"2026-09-03T01:46:37+00:00","article_modified_time":"2026-09-03T02:00:04+00:00","og_image":[{"width":1200,"height":849,"url":"https:\/\/noticiasmercedinas.com\/site\/wp-content\/uploads\/2026\/09\/LUCHO.jpg","type":"image\/jpeg"}],"author":"Noticias Mercedinas","twitter_card":"summary_large_image","twitter_misc":{"Escrito por":"Noticias Mercedinas","Tiempo de lectura":"3 minutos"},"schema":{"@context":"https:\/\/schema.org","@graph":[{"@type":"Article","@id":"https:\/\/noticiasmercedinas.com\/site\/2026\/09\/02\/homenaje-a-lucho-goicochea-descubriran-una-placa-en-su-memoria-en-el-palacio-de-tribunales\/#article","isPartOf":{"@id":"https:\/\/noticiasmercedinas.com\/site\/2026\/09\/02\/homenaje-a-lucho-goicochea-descubriran-una-placa-en-su-memoria-en-el-palacio-de-tribunales\/"},"author":{"name":"Noticias Mercedinas","@id":"https:\/\/noticiasmercedinas.com\/site\/#\/schema\/person\/f72e88bb68f34f14051ca77dd9865f27"},"headline":"Homenaje a Lucho Goicochea: descubrir\u00e1n una placa en su memoria en el Palacio de Tribunales","datePublished":"2026-09-03T01:46:37+00:00","dateModified":"2026-09-03T02:00:04+00:00","mainEntityOfPage":{"@id":"https:\/\/noticiasmercedinas.com\/site\/2026\/09\/02\/homenaje-a-lucho-goicochea-descubriran-una-placa-en-su-memoria-en-el-palacio-de-tribunales\/"},"wordCount":438,"commentCount":0,"image":{"@id":"https:\/\/noticiasmercedinas.com\/site\/2026\/09\/02\/homenaje-a-lucho-goicochea-descubriran-una-placa-en-su-memoria-en-el-palacio-de-tribunales\/#primaryimage"},"thumbnailUrl":"https:\/\/noticiasmercedinas.com\/site\/wp-content\/uploads\/2026\/09\/LUCHO.jpg","keywords":["ddhh","luis goicochea","memoria"],"articleSection":["Sociedad","Ultimo momento"],"inLanguage":"es","potentialAction":[{"@type":"CommentAction","name":"Comment","target":["https:\/\/noticiasmercedinas.com\/site\/2026\/09\/02\/homenaje-a-lucho-goicochea-descubriran-una-placa-en-su-memoria-en-el-palacio-de-tribunales\/#respond"]}]},{"@type":"WebPage","@id":"https:\/\/noticiasmercedinas.com\/site\/2026\/09\/02\/homenaje-a-lucho-goicochea-descubriran-una-placa-en-su-memoria-en-el-palacio-de-tribunales\/","url":"https:\/\/noticiasmercedinas.com\/site\/2026\/09\/02\/homenaje-a-lucho-goicochea-descubriran-una-placa-en-su-memoria-en-el-palacio-de-tribunales\/","name":"Homenaje a Lucho Goicochea: descubrir\u00e1n una placa en su memoria en el Palacio de Tribunales - Noticias Mercedinas","isPartOf":{"@id":"https:\/\/noticiasmercedinas.com\/site\/#website"},"primaryImageOfPage":{"@id":"https:\/\/noticiasmercedinas.com\/site\/2026\/09\/02\/homenaje-a-lucho-goicochea-descubriran-una-placa-en-su-memoria-en-el-palacio-de-tribunales\/#primaryimage"},"image":{"@id":"https:\/\/noticiasmercedinas.com\/site\/2026\/09\/02\/homenaje-a-lucho-goicochea-descubriran-una-placa-en-su-memoria-en-el-palacio-de-tribunales\/#primaryimage"},"thumbnailUrl":"https:\/\/noticiasmercedinas.com\/site\/wp-content\/uploads\/2026\/09\/LUCHO.jpg","datePublished":"2026-09-03T01:46:37+00:00","dateModified":"2026-09-03T02:00:04+00:00","author":{"@id":"https:\/\/noticiasmercedinas.com\/site\/#\/schema\/person\/f72e88bb68f34f14051ca77dd9865f27"},"description":"\u200bEn el marco del \"A\u00f1o de los Derechos Humanos, por la Memoria, la Verdad y la Justicia\", se realizar\u00e1 este jueves un acto conmemorativo en el edificio judicial de Mercedes con la presencia de autoridades provinciales, familiares y miembros de la comunidad.","breadcrumb":{"@id":"https:\/\/noticiasmercedinas.com\/site\/2026\/09\/02\/homenaje-a-lucho-goicochea-descubriran-una-placa-en-su-memoria-en-el-palacio-de-tribunales\/#breadcrumb"},"inLanguage":"es","potentialAction":[{"@type":"ReadAction","target":["https:\/\/noticiasmercedinas.com\/site\/2026\/09\/02\/homenaje-a-lucho-goicochea-descubriran-una-placa-en-su-memoria-en-el-palacio-de-tribunales\/"]}]},{"@type":"ImageObject","inLanguage":"es","@id":"https:\/\/noticiasmercedinas.com\/site\/2026\/09\/02\/homenaje-a-lucho-goicochea-descubriran-una-placa-en-su-memoria-en-el-palacio-de-tribunales\/#primaryimage","url":"https:\/\/noticiasmercedinas.com\/site\/wp-content\/uploads\/2026\/09\/LUCHO.jpg","contentUrl":"https:\/\/noticiasmercedinas.com\/site\/wp-content\/uploads\/2026\/09\/LUCHO.jpg","width":1200,"height":849},{"@type":"BreadcrumbList","@id":"https:\/\/noticiasmercedinas.com\/site\/2026\/09\/02\/homenaje-a-lucho-goicochea-descubriran-una-placa-en-su-memoria-en-el-palacio-de-tribunales\/#breadcrumb","itemListElement":[{"@type":"ListItem","position":1,"name":"Portada","item":"https:\/\/noticiasmercedinas.com\/site\/"},{"@type":"ListItem","position":2,"name":"Homenaje a Lucho Goicochea: descubrir\u00e1n una placa en su memoria en el Palacio de Tribunales"}]},{"@type":"WebSite","@id":"https:\/\/noticiasmercedinas.com\/site\/#website","url":"https:\/\/noticiasmercedinas.com\/site\/","name":"Noticias Mercedinas","description":"","potentialAction":[{"@type":"SearchAction","target":{"@type":"EntryPoint","urlTemplate":"https:\/\/noticiasmercedinas.com\/site\/?s={search_term_string}"},"query-input":{"@type":"PropertyValueSpecification","valueRequired":true,"valueName":"search_term_string"}}],"inLanguage":"es"},{"@type":"Person","@id":"https:\/\/noticiasmercedinas.com\/site\/#\/schema\/person\/f72e88bb68f34f14051ca77dd9865f27","name":"Noticias Mercedinas","image":{"@type":"ImageObject","inLanguage":"es","@id":"https:\/\/secure.gravatar.com\/avatar\/4dfbf16b4d17945bfb6341b2d19043457132fcf478a5ee04f42e959fd8f5df0a?s=96&d=mm&r=g","url":"https:\/\/secure.gravatar.com\/avatar\/4dfbf16b4d17945bfb6341b2d19043457132fcf478a5ee04f42e959fd8f5df0a?s=96&d=mm&r=g","contentUrl":"https:\/\/secure.gravatar.com\/avatar\/4dfbf16b4d17945bfb6341b2d19043457132fcf478a5ee04f42e959fd8f5df0a?s=96&d=mm&r=g","caption":"Noticias Mercedinas"},"sameAs":["https:\/\/noticiasmercedinas.com\/site"],"url":"https:\/\/noticiasmercedinas.com\/site\/author\/chinasky\/"}]}},"_links":{"self":[{"href":"https:\/\/noticiasmercedinas.com\/site\/wp-json\/wp\/v2\/posts\/328","targetHints":{"allow":["GET"]}}],"collection":[{"href":"https:\/\/noticiasmercedinas.com\/site\/wp-json\/wp\/v2\/posts"}],"about":[{"href":"https:\/\/noticiasmercedinas.com\/site\/wp-json\/wp\/v2\/types\/post"}],"author":[{"embeddable":true,"href":"https:\/\/noticiasmercedinas.com\/site\/wp-json\/wp\/v2\/users\/1"}],"replies":[{"embeddable":true,"href":"https:\/\/noticiasmercedinas.com\/site\/wp-json\/wp\/v2\/comments?post=328"}],"version-history":[{"count":2,"href":"https:\/\/noticiasmercedinas.com\/site\/wp-json\/wp\/v2\/posts\/328\/revisions"}],"predecessor-version":[{"id":333,"href":"https:\/\/noticiasmercedinas.com\/site\/wp-json\/wp\/v2\/posts\/328\/revisions\/333"}],"wp:featuredmedia":[{"embeddable":true,"href":"https:\/\/noticiasmercedinas.com\/site\/wp-json\/wp\/v2\/media\/329"}],"wp:attachment":[{"href":"https:\/\/noticiasmercedinas.com\/site\/wp-json\/wp\/v2\/media?parent=328"}],"wp:term":[{"taxonomy":"category","embeddable":true,"href":"https:\/\/noticiasmercedinas.com\/site\/wp-json\/wp\/v2\/categories?post=328"},{"taxonomy":"post_tag","embeddable":true,"href":"https:\/\/noticiasmercedinas.com\/site\/wp-json\/wp\/v2\/tags?post=328"}],"curies":[{"name":"wp","href":"https:\/\/api.w.org\/{rel}","templated":true}]}}