{"id":32800,"date":"2019-11-05T08:20:27","date_gmt":"2019-11-05T11:20:27","guid":{"rendered":"https:\/\/noticiasmercedinas.com\/site\/?p=32800"},"modified":"2019-11-05T08:20:27","modified_gmt":"2019-11-05T11:20:27","slug":"la-argentina-nos-desafia-a-empezar-otra-etapa","status":"publish","type":"post","link":"https:\/\/noticiasmercedinas.com\/site\/2019\/11\/05\/la-argentina-nos-desafia-a-empezar-otra-etapa\/","title":{"rendered":"\u201cLa Argentina nos desaf\u00eda a empezar otra etapa\u201d"},"content":{"rendered":"<p><img loading=\"lazy\" decoding=\"async\" class=\"alignnone size-large wp-image-32801\" src=\"https:\/\/noticiasmercedinas.com\/site\/wp-content\/uploads\/2019\/11\/MEV-191104-CCK-GabineteAmpliado-DSN3830-1024x685.jpg\" alt=\"\" width=\"640\" height=\"428\" srcset=\"https:\/\/noticiasmercedinas.com\/site\/wp-content\/uploads\/2019\/11\/MEV-191104-CCK-GabineteAmpliado-DSN3830-1024x685.jpg 1024w, https:\/\/noticiasmercedinas.com\/site\/wp-content\/uploads\/2019\/11\/MEV-191104-CCK-GabineteAmpliado-DSN3830-300x201.jpg 300w, https:\/\/noticiasmercedinas.com\/site\/wp-content\/uploads\/2019\/11\/MEV-191104-CCK-GabineteAmpliado-DSN3830-768x514.jpg 768w, https:\/\/noticiasmercedinas.com\/site\/wp-content\/uploads\/2019\/11\/MEV-191104-CCK-GabineteAmpliado-DSN3830-537x360.jpg 537w, https:\/\/noticiasmercedinas.com\/site\/wp-content\/uploads\/2019\/11\/MEV-191104-CCK-GabineteAmpliado-DSN3830-1074x720.jpg 1074w, https:\/\/noticiasmercedinas.com\/site\/wp-content\/uploads\/2019\/11\/MEV-191104-CCK-GabineteAmpliado-DSN3830-640x428.jpg 640w, https:\/\/noticiasmercedinas.com\/site\/wp-content\/uploads\/2019\/11\/MEV-191104-CCK-GabineteAmpliado-DSN3830-1280x856.jpg 1280w, https:\/\/noticiasmercedinas.com\/site\/wp-content\/uploads\/2019\/11\/MEV-191104-CCK-GabineteAmpliado-DSN3830-681x456.jpg 681w, https:\/\/noticiasmercedinas.com\/site\/wp-content\/uploads\/2019\/11\/MEV-191104-CCK-GabineteAmpliado-DSN3830-1362x911.jpg 1362w\" sizes=\"auto, (max-width: 640px) 100vw, 640px\" \/><\/p>\n<p>La gobernadora de la Provincia de Buenos Aires, <strong>Mar\u00eda Eugenia Vidal<\/strong>, particip\u00f3 este lunes de la reuni\u00f3n de gabinete ampliado del Gobierno Nacional en el CCK.<\/p>\n<p>Del encuentro, liderado por el presidente de la Naci\u00f3n, Mauricio Macri; tambi\u00e9n participaron la vicepresidenta, Gabriela Michetti; el jefe de Gobierno de la Ciudad, Horacio Rodr\u00edguez Larreta y el senador Nacional, Miguel \u00c1ngel Pichetto; adem\u00e1s de funcionarios nacionales y provinciales.<\/p>\n<p>\u201cDe nuevo la Argentina nos desaf\u00eda a empezar otra etapa. Esto puede ser algo que termina o algo nuevo que empieza\u201d, dijo Vidal. \u201cYo prefiero verlo como algo que empieza. Gracias a todos los que trabajamos en equipo durante estos 4 a\u00f1os y no nos rendimos jam\u00e1s\u201d, sostuvo entre otros conceptos.<\/p>\n<p><img loading=\"lazy\" decoding=\"async\" class=\"alignnone size-large wp-image-32802\" src=\"https:\/\/noticiasmercedinas.com\/site\/wp-content\/uploads\/2019\/11\/EIkF6qVXYAAThZN-1024x683.jpg\" alt=\"\" width=\"640\" height=\"427\" srcset=\"https:\/\/noticiasmercedinas.com\/site\/wp-content\/uploads\/2019\/11\/EIkF6qVXYAAThZN-1024x683.jpg 1024w, https:\/\/noticiasmercedinas.com\/site\/wp-content\/uploads\/2019\/11\/EIkF6qVXYAAThZN-300x200.jpg 300w, https:\/\/noticiasmercedinas.com\/site\/wp-content\/uploads\/2019\/11\/EIkF6qVXYAAThZN-768x512.jpg 768w, https:\/\/noticiasmercedinas.com\/site\/wp-content\/uploads\/2019\/11\/EIkF6qVXYAAThZN-640x427.jpg 640w, https:\/\/noticiasmercedinas.com\/site\/wp-content\/uploads\/2019\/11\/EIkF6qVXYAAThZN.jpg 1280w, https:\/\/noticiasmercedinas.com\/site\/wp-content\/uploads\/2019\/11\/EIkF6qVXYAAThZN-681x454.jpg 681w\" sizes=\"auto, (max-width: 640px) 100vw, 640px\" \/><\/p>\n","protected":false},"excerpt":{"rendered":"<p>La gobernadora de la Provincia de Buenos Aires, Mar\u00eda Eugenia Vidal, particip\u00f3 este lunes de la reuni\u00f3n de gabinete ampliado del Gobierno Nacional en el CCK. Del encuentro, liderado por el presidente de la Naci\u00f3n, Mauricio Macri; tambi\u00e9n participaron la vicepresidenta, Gabriela Michetti; el jefe de Gobierno de la Ciudad, Horacio Rodr\u00edguez Larreta y el [&hellip;]<\/p>\n","protected":false},"author":16,"featured_media":32801,"comment_status":"open","ping_status":"open","sticky":false,"template":"","format":"standard","meta":{"footnotes":""},"categories":[139],"tags":[141,7036,422],"class_list":["post-32800","post","type-post","status-publish","format-standard","has-post-thumbnail","hentry","category-regionales","tag-buenos-aires","tag-cck","tag-maria-eugenia-vidal"],"yoast_head":"<!-- This site is optimized with the Yoast SEO plugin v27.5 - https:\/\/yoast.com\/product\/yoast-seo-wordpress\/ -->\n<title>\u201cLa Argentina nos desaf\u00eda a empezar otra etapa\u201d<\/title>\n<meta name=\"robots\" content=\"index, follow, max-snippet:-1, max-image-preview:large, max-video-preview:-1\" \/>\n<link rel=\"canonical\" href=\"https:\/\/noticiasmercedinas.com\/site\/2019\/11\/05\/la-argentina-nos-desafia-a-empezar-otra-etapa\/\" \/>\n<meta property=\"og:locale\" content=\"es_ES\" \/>\n<meta property=\"og:type\" content=\"article\" \/>\n<meta property=\"og:title\" content=\"\u201cLa Argentina nos desaf\u00eda a empezar otra etapa\u201d\" \/>\n<meta property=\"og:description\" content=\"La gobernadora de la Provincia de Buenos Aires, Mar\u00eda Eugenia Vidal, particip\u00f3 este lunes de la reuni\u00f3n de gabinete ampliado del Gobierno Nacional en el CCK. Del encuentro, liderado por el presidente de la Naci\u00f3n, Mauricio Macri; tambi\u00e9n participaron la vicepresidenta, Gabriela Michetti; el jefe de Gobierno de la Ciudad, Horacio Rodr\u00edguez Larreta y el [&hellip;]\" \/>\n<meta property=\"og:url\" content=\"https:\/\/noticiasmercedinas.com\/site\/2019\/11\/05\/la-argentina-nos-desafia-a-empezar-otra-etapa\/\" \/>\n<meta property=\"og:site_name\" content=\"NOTICIASMERCEDINAS.COM\" \/>\n<meta property=\"article:publisher\" content=\"https:\/\/www.facebook.com\/noticiasmercedinas\/\" \/>\n<meta property=\"article:published_time\" content=\"2019-11-05T11:20:27+00:00\" \/>\n<meta property=\"og:image\" content=\"https:\/\/noticiasmercedinas.com\/site\/wp-content\/uploads\/2019\/11\/MEV-191104-CCK-GabineteAmpliado-DSN3830.jpg\" \/>\n\t<meta property=\"og:image:width\" content=\"3000\" \/>\n\t<meta property=\"og:image:height\" content=\"2007\" \/>\n\t<meta property=\"og:image:type\" content=\"image\/jpeg\" \/>\n<meta name=\"author\" content=\"NOTICIASMERCEDINAS.COM\" \/>\n<meta name=\"twitter:card\" content=\"summary_large_image\" \/>\n<meta name=\"twitter:creator\" content=\"@notmercedinas\" \/>\n<meta name=\"twitter:site\" content=\"@notmercedinas\" \/>\n<meta name=\"twitter:label1\" content=\"Escrito por\" \/>\n\t<meta name=\"twitter:data1\" content=\"NOTICIASMERCEDINAS.COM\" \/>\n\t<meta name=\"twitter:label2\" content=\"Tiempo de lectura\" \/>\n\t<meta name=\"twitter:data2\" content=\"1 minuto\" \/>\n<script type=\"application\/ld+json\" class=\"yoast-schema-graph\">{\"@context\":\"https:\\\/\\\/schema.org\",\"@graph\":[{\"@type\":\"Article\",\"@id\":\"https:\\\/\\\/noticiasmercedinas.com\\\/site\\\/2019\\\/11\\\/05\\\/la-argentina-nos-desafia-a-empezar-otra-etapa\\\/#article\",\"isPartOf\":{\"@id\":\"https:\\\/\\\/noticiasmercedinas.com\\\/site\\\/2019\\\/11\\\/05\\\/la-argentina-nos-desafia-a-empezar-otra-etapa\\\/\"},\"author\":{\"name\":\"NOTICIASMERCEDINAS.COM\",\"@id\":\"https:\\\/\\\/noticiasmercedinas.com\\\/site\\\/#\\\/schema\\\/person\\\/84b59c099c28ff2e8b77d4ceec5d8063\"},\"headline\":\"\u201cLa Argentina nos desaf\u00eda a empezar otra etapa\u201d\",\"datePublished\":\"2019-11-05T11:20:27+00:00\",\"mainEntityOfPage\":{\"@id\":\"https:\\\/\\\/noticiasmercedinas.com\\\/site\\\/2019\\\/11\\\/05\\\/la-argentina-nos-desafia-a-empezar-otra-etapa\\\/\"},\"wordCount\":134,\"commentCount\":0,\"publisher\":{\"@id\":\"https:\\\/\\\/noticiasmercedinas.com\\\/site\\\/#organization\"},\"image\":{\"@id\":\"https:\\\/\\\/noticiasmercedinas.com\\\/site\\\/2019\\\/11\\\/05\\\/la-argentina-nos-desafia-a-empezar-otra-etapa\\\/#primaryimage\"},\"thumbnailUrl\":\"https:\\\/\\\/noticiasmercedinas.com\\\/site\\\/wp-content\\\/uploads\\\/2019\\\/11\\\/MEV-191104-CCK-GabineteAmpliado-DSN3830.jpg\",\"keywords\":[\"buenos aires\",\"cck\",\"maria eugenia vidal\"],\"articleSection\":[\"Regionales\"],\"inLanguage\":\"es\",\"potentialAction\":[{\"@type\":\"CommentAction\",\"name\":\"Comment\",\"target\":[\"https:\\\/\\\/noticiasmercedinas.com\\\/site\\\/2019\\\/11\\\/05\\\/la-argentina-nos-desafia-a-empezar-otra-etapa\\\/#respond\"]}]},{\"@type\":\"WebPage\",\"@id\":\"https:\\\/\\\/noticiasmercedinas.com\\\/site\\\/2019\\\/11\\\/05\\\/la-argentina-nos-desafia-a-empezar-otra-etapa\\\/\",\"url\":\"https:\\\/\\\/noticiasmercedinas.com\\\/site\\\/2019\\\/11\\\/05\\\/la-argentina-nos-desafia-a-empezar-otra-etapa\\\/\",\"name\":\"\u201cLa Argentina nos desaf\u00eda a empezar otra etapa\u201d\",\"isPartOf\":{\"@id\":\"https:\\\/\\\/noticiasmercedinas.com\\\/site\\\/#website\"},\"primaryImageOfPage\":{\"@id\":\"https:\\\/\\\/noticiasmercedinas.com\\\/site\\\/2019\\\/11\\\/05\\\/la-argentina-nos-desafia-a-empezar-otra-etapa\\\/#primaryimage\"},\"image\":{\"@id\":\"https:\\\/\\\/noticiasmercedinas.com\\\/site\\\/2019\\\/11\\\/05\\\/la-argentina-nos-desafia-a-empezar-otra-etapa\\\/#primaryimage\"},\"thumbnailUrl\":\"https:\\\/\\\/noticiasmercedinas.com\\\/site\\\/wp-content\\\/uploads\\\/2019\\\/11\\\/MEV-191104-CCK-GabineteAmpliado-DSN3830.jpg\",\"datePublished\":\"2019-11-05T11:20:27+00:00\",\"breadcrumb\":{\"@id\":\"https:\\\/\\\/noticiasmercedinas.com\\\/site\\\/2019\\\/11\\\/05\\\/la-argentina-nos-desafia-a-empezar-otra-etapa\\\/#breadcrumb\"},\"inLanguage\":\"es\",\"potentialAction\":[{\"@type\":\"ReadAction\",\"target\":[\"https:\\\/\\\/noticiasmercedinas.com\\\/site\\\/2019\\\/11\\\/05\\\/la-argentina-nos-desafia-a-empezar-otra-etapa\\\/\"]}]},{\"@type\":\"ImageObject\",\"inLanguage\":\"es\",\"@id\":\"https:\\\/\\\/noticiasmercedinas.com\\\/site\\\/2019\\\/11\\\/05\\\/la-argentina-nos-desafia-a-empezar-otra-etapa\\\/#primaryimage\",\"url\":\"https:\\\/\\\/noticiasmercedinas.com\\\/site\\\/wp-content\\\/uploads\\\/2019\\\/11\\\/MEV-191104-CCK-GabineteAmpliado-DSN3830.jpg\",\"contentUrl\":\"https:\\\/\\\/noticiasmercedinas.com\\\/site\\\/wp-content\\\/uploads\\\/2019\\\/11\\\/MEV-191104-CCK-GabineteAmpliado-DSN3830.jpg\",\"width\":3000,\"height\":2007},{\"@type\":\"BreadcrumbList\",\"@id\":\"https:\\\/\\\/noticiasmercedinas.com\\\/site\\\/2019\\\/11\\\/05\\\/la-argentina-nos-desafia-a-empezar-otra-etapa\\\/#breadcrumb\",\"itemListElement\":[{\"@type\":\"ListItem\",\"position\":1,\"name\":\"Portada\",\"item\":\"https:\\\/\\\/noticiasmercedinas.com\\\/site\\\/\"},{\"@type\":\"ListItem\",\"position\":2,\"name\":\"\u201cLa Argentina nos desaf\u00eda a empezar otra etapa\u201d\"}]},{\"@type\":\"WebSite\",\"@id\":\"https:\\\/\\\/noticiasmercedinas.com\\\/site\\\/#website\",\"url\":\"https:\\\/\\\/noticiasmercedinas.com\\\/site\\\/\",\"name\":\"NOTICIASMERCEDINAS.COM\",\"description\":\"Mercedes, Buenos Aires, Argentina\",\"publisher\":{\"@id\":\"https:\\\/\\\/noticiasmercedinas.com\\\/site\\\/#organization\"},\"potentialAction\":[{\"@type\":\"SearchAction\",\"target\":{\"@type\":\"EntryPoint\",\"urlTemplate\":\"https:\\\/\\\/noticiasmercedinas.com\\\/site\\\/?s={search_term_string}\"},\"query-input\":{\"@type\":\"PropertyValueSpecification\",\"valueRequired\":true,\"valueName\":\"search_term_string\"}}],\"inLanguage\":\"es\"},{\"@type\":\"Organization\",\"@id\":\"https:\\\/\\\/noticiasmercedinas.com\\\/site\\\/#organization\",\"name\":\"NOTICIASMERCEDINAS.COM\",\"url\":\"https:\\\/\\\/noticiasmercedinas.com\\\/site\\\/\",\"logo\":{\"@type\":\"ImageObject\",\"inLanguage\":\"es\",\"@id\":\"https:\\\/\\\/noticiasmercedinas.com\\\/site\\\/#\\\/schema\\\/logo\\\/image\\\/\",\"url\":\"https:\\\/\\\/noticiasmercedinas.com\\\/site\\\/wp-content\\\/uploads\\\/2020\\\/06\\\/LOGO-512.jpg\",\"contentUrl\":\"https:\\\/\\\/noticiasmercedinas.com\\\/site\\\/wp-content\\\/uploads\\\/2020\\\/06\\\/LOGO-512.jpg\",\"width\":512,\"height\":512,\"caption\":\"NOTICIASMERCEDINAS.COM\"},\"image\":{\"@id\":\"https:\\\/\\\/noticiasmercedinas.com\\\/site\\\/#\\\/schema\\\/logo\\\/image\\\/\"},\"sameAs\":[\"https:\\\/\\\/www.facebook.com\\\/noticiasmercedinas\\\/\",\"https:\\\/\\\/x.com\\\/notmercedinas\",\"https:\\\/\\\/www.instagram.com\\\/noticiasmercedinas\\\/\"]},{\"@type\":\"Person\",\"@id\":\"https:\\\/\\\/noticiasmercedinas.com\\\/site\\\/#\\\/schema\\\/person\\\/84b59c099c28ff2e8b77d4ceec5d8063\",\"name\":\"NOTICIASMERCEDINAS.COM\",\"image\":{\"@type\":\"ImageObject\",\"inLanguage\":\"es\",\"@id\":\"https:\\\/\\\/secure.gravatar.com\\\/avatar\\\/4dfbf16b4d17945bfb6341b2d19043457132fcf478a5ee04f42e959fd8f5df0a?s=96&d=mm&r=g\",\"url\":\"https:\\\/\\\/secure.gravatar.com\\\/avatar\\\/4dfbf16b4d17945bfb6341b2d19043457132fcf478a5ee04f42e959fd8f5df0a?s=96&d=mm&r=g\",\"contentUrl\":\"https:\\\/\\\/secure.gravatar.com\\\/avatar\\\/4dfbf16b4d17945bfb6341b2d19043457132fcf478a5ee04f42e959fd8f5df0a?s=96&d=mm&r=g\",\"caption\":\"NOTICIASMERCEDINAS.COM\"},\"url\":\"https:\\\/\\\/noticiasmercedinas.com\\\/site\\\/author\\\/anonimo\\\/\"}]}<\/script>\n<!-- \/ Yoast SEO plugin. -->","yoast_head_json":{"title":"\u201cLa Argentina nos desaf\u00eda a empezar otra etapa\u201d","robots":{"index":"index","follow":"follow","max-snippet":"max-snippet:-1","max-image-preview":"max-image-preview:large","max-video-preview":"max-video-preview:-1"},"canonical":"https:\/\/noticiasmercedinas.com\/site\/2019\/11\/05\/la-argentina-nos-desafia-a-empezar-otra-etapa\/","og_locale":"es_ES","og_type":"article","og_title":"\u201cLa Argentina nos desaf\u00eda a empezar otra etapa\u201d","og_description":"La gobernadora de la Provincia de Buenos Aires, Mar\u00eda Eugenia Vidal, particip\u00f3 este lunes de la reuni\u00f3n de gabinete ampliado del Gobierno Nacional en el CCK. Del encuentro, liderado por el presidente de la Naci\u00f3n, Mauricio Macri; tambi\u00e9n participaron la vicepresidenta, Gabriela Michetti; el jefe de Gobierno de la Ciudad, Horacio Rodr\u00edguez Larreta y el [&hellip;]","og_url":"https:\/\/noticiasmercedinas.com\/site\/2019\/11\/05\/la-argentina-nos-desafia-a-empezar-otra-etapa\/","og_site_name":"NOTICIASMERCEDINAS.COM","article_publisher":"https:\/\/www.facebook.com\/noticiasmercedinas\/","article_published_time":"2019-11-05T11:20:27+00:00","og_image":[{"width":3000,"height":2007,"url":"https:\/\/noticiasmercedinas.com\/site\/wp-content\/uploads\/2019\/11\/MEV-191104-CCK-GabineteAmpliado-DSN3830.jpg","type":"image\/jpeg"}],"author":"NOTICIASMERCEDINAS.COM","twitter_card":"summary_large_image","twitter_creator":"@notmercedinas","twitter_site":"@notmercedinas","twitter_misc":{"Escrito por":"NOTICIASMERCEDINAS.COM","Tiempo de lectura":"1 minuto"},"schema":{"@context":"https:\/\/schema.org","@graph":[{"@type":"Article","@id":"https:\/\/noticiasmercedinas.com\/site\/2019\/11\/05\/la-argentina-nos-desafia-a-empezar-otra-etapa\/#article","isPartOf":{"@id":"https:\/\/noticiasmercedinas.com\/site\/2019\/11\/05\/la-argentina-nos-desafia-a-empezar-otra-etapa\/"},"author":{"name":"NOTICIASMERCEDINAS.COM","@id":"https:\/\/noticiasmercedinas.com\/site\/#\/schema\/person\/84b59c099c28ff2e8b77d4ceec5d8063"},"headline":"\u201cLa Argentina nos desaf\u00eda a empezar otra etapa\u201d","datePublished":"2019-11-05T11:20:27+00:00","mainEntityOfPage":{"@id":"https:\/\/noticiasmercedinas.com\/site\/2019\/11\/05\/la-argentina-nos-desafia-a-empezar-otra-etapa\/"},"wordCount":134,"commentCount":0,"publisher":{"@id":"https:\/\/noticiasmercedinas.com\/site\/#organization"},"image":{"@id":"https:\/\/noticiasmercedinas.com\/site\/2019\/11\/05\/la-argentina-nos-desafia-a-empezar-otra-etapa\/#primaryimage"},"thumbnailUrl":"https:\/\/noticiasmercedinas.com\/site\/wp-content\/uploads\/2019\/11\/MEV-191104-CCK-GabineteAmpliado-DSN3830.jpg","keywords":["buenos aires","cck","maria eugenia vidal"],"articleSection":["Regionales"],"inLanguage":"es","potentialAction":[{"@type":"CommentAction","name":"Comment","target":["https:\/\/noticiasmercedinas.com\/site\/2019\/11\/05\/la-argentina-nos-desafia-a-empezar-otra-etapa\/#respond"]}]},{"@type":"WebPage","@id":"https:\/\/noticiasmercedinas.com\/site\/2019\/11\/05\/la-argentina-nos-desafia-a-empezar-otra-etapa\/","url":"https:\/\/noticiasmercedinas.com\/site\/2019\/11\/05\/la-argentina-nos-desafia-a-empezar-otra-etapa\/","name":"\u201cLa Argentina nos desaf\u00eda a empezar otra etapa\u201d","isPartOf":{"@id":"https:\/\/noticiasmercedinas.com\/site\/#website"},"primaryImageOfPage":{"@id":"https:\/\/noticiasmercedinas.com\/site\/2019\/11\/05\/la-argentina-nos-desafia-a-empezar-otra-etapa\/#primaryimage"},"image":{"@id":"https:\/\/noticiasmercedinas.com\/site\/2019\/11\/05\/la-argentina-nos-desafia-a-empezar-otra-etapa\/#primaryimage"},"thumbnailUrl":"https:\/\/noticiasmercedinas.com\/site\/wp-content\/uploads\/2019\/11\/MEV-191104-CCK-GabineteAmpliado-DSN3830.jpg","datePublished":"2019-11-05T11:20:27+00:00","breadcrumb":{"@id":"https:\/\/noticiasmercedinas.com\/site\/2019\/11\/05\/la-argentina-nos-desafia-a-empezar-otra-etapa\/#breadcrumb"},"inLanguage":"es","potentialAction":[{"@type":"ReadAction","target":["https:\/\/noticiasmercedinas.com\/site\/2019\/11\/05\/la-argentina-nos-desafia-a-empezar-otra-etapa\/"]}]},{"@type":"ImageObject","inLanguage":"es","@id":"https:\/\/noticiasmercedinas.com\/site\/2019\/11\/05\/la-argentina-nos-desafia-a-empezar-otra-etapa\/#primaryimage","url":"https:\/\/noticiasmercedinas.com\/site\/wp-content\/uploads\/2019\/11\/MEV-191104-CCK-GabineteAmpliado-DSN3830.jpg","contentUrl":"https:\/\/noticiasmercedinas.com\/site\/wp-content\/uploads\/2019\/11\/MEV-191104-CCK-GabineteAmpliado-DSN3830.jpg","width":3000,"height":2007},{"@type":"BreadcrumbList","@id":"https:\/\/noticiasmercedinas.com\/site\/2019\/11\/05\/la-argentina-nos-desafia-a-empezar-otra-etapa\/#breadcrumb","itemListElement":[{"@type":"ListItem","position":1,"name":"Portada","item":"https:\/\/noticiasmercedinas.com\/site\/"},{"@type":"ListItem","position":2,"name":"\u201cLa Argentina nos desaf\u00eda a empezar otra etapa\u201d"}]},{"@type":"WebSite","@id":"https:\/\/noticiasmercedinas.com\/site\/#website","url":"https:\/\/noticiasmercedinas.com\/site\/","name":"NOTICIASMERCEDINAS.COM","description":"Mercedes, Buenos Aires, Argentina","publisher":{"@id":"https:\/\/noticiasmercedinas.com\/site\/#organization"},"potentialAction":[{"@type":"SearchAction","target":{"@type":"EntryPoint","urlTemplate":"https:\/\/noticiasmercedinas.com\/site\/?s={search_term_string}"},"query-input":{"@type":"PropertyValueSpecification","valueRequired":true,"valueName":"search_term_string"}}],"inLanguage":"es"},{"@type":"Organization","@id":"https:\/\/noticiasmercedinas.com\/site\/#organization","name":"NOTICIASMERCEDINAS.COM","url":"https:\/\/noticiasmercedinas.com\/site\/","logo":{"@type":"ImageObject","inLanguage":"es","@id":"https:\/\/noticiasmercedinas.com\/site\/#\/schema\/logo\/image\/","url":"https:\/\/noticiasmercedinas.com\/site\/wp-content\/uploads\/2020\/06\/LOGO-512.jpg","contentUrl":"https:\/\/noticiasmercedinas.com\/site\/wp-content\/uploads\/2020\/06\/LOGO-512.jpg","width":512,"height":512,"caption":"NOTICIASMERCEDINAS.COM"},"image":{"@id":"https:\/\/noticiasmercedinas.com\/site\/#\/schema\/logo\/image\/"},"sameAs":["https:\/\/www.facebook.com\/noticiasmercedinas\/","https:\/\/x.com\/notmercedinas","https:\/\/www.instagram.com\/noticiasmercedinas\/"]},{"@type":"Person","@id":"https:\/\/noticiasmercedinas.com\/site\/#\/schema\/person\/84b59c099c28ff2e8b77d4ceec5d8063","name":"NOTICIASMERCEDINAS.COM","image":{"@type":"ImageObject","inLanguage":"es","@id":"https:\/\/secure.gravatar.com\/avatar\/4dfbf16b4d17945bfb6341b2d19043457132fcf478a5ee04f42e959fd8f5df0a?s=96&d=mm&r=g","url":"https:\/\/secure.gravatar.com\/avatar\/4dfbf16b4d17945bfb6341b2d19043457132fcf478a5ee04f42e959fd8f5df0a?s=96&d=mm&r=g","contentUrl":"https:\/\/secure.gravatar.com\/avatar\/4dfbf16b4d17945bfb6341b2d19043457132fcf478a5ee04f42e959fd8f5df0a?s=96&d=mm&r=g","caption":"NOTICIASMERCEDINAS.COM"},"url":"https:\/\/noticiasmercedinas.com\/site\/author\/anonimo\/"}]}},"amp_enabled":true,"_links":{"self":[{"href":"https:\/\/noticiasmercedinas.com\/site\/wp-json\/wp\/v2\/posts\/32800","targetHints":{"allow":["GET"]}}],"collection":[{"href":"https:\/\/noticiasmercedinas.com\/site\/wp-json\/wp\/v2\/posts"}],"about":[{"href":"https:\/\/noticiasmercedinas.com\/site\/wp-json\/wp\/v2\/types\/post"}],"author":[{"embeddable":true,"href":"https:\/\/noticiasmercedinas.com\/site\/wp-json\/wp\/v2\/users\/16"}],"replies":[{"embeddable":true,"href":"https:\/\/noticiasmercedinas.com\/site\/wp-json\/wp\/v2\/comments?post=32800"}],"version-history":[{"count":1,"href":"https:\/\/noticiasmercedinas.com\/site\/wp-json\/wp\/v2\/posts\/32800\/revisions"}],"predecessor-version":[{"id":32803,"href":"https:\/\/noticiasmercedinas.com\/site\/wp-json\/wp\/v2\/posts\/32800\/revisions\/32803"}],"wp:featuredmedia":[{"embeddable":true,"href":"https:\/\/noticiasmercedinas.com\/site\/wp-json\/wp\/v2\/media\/32801"}],"wp:attachment":[{"href":"https:\/\/noticiasmercedinas.com\/site\/wp-json\/wp\/v2\/media?parent=32800"}],"wp:term":[{"taxonomy":"category","embeddable":true,"href":"https:\/\/noticiasmercedinas.com\/site\/wp-json\/wp\/v2\/categories?post=32800"},{"taxonomy":"post_tag","embeddable":true,"href":"https:\/\/noticiasmercedinas.com\/site\/wp-json\/wp\/v2\/tags?post=32800"}],"curies":[{"name":"wp","href":"https:\/\/api.w.org\/{rel}","templated":true}]}}