{"id":33385,"date":"2019-11-12T16:34:47","date_gmt":"2019-11-12T19:34:47","guid":{"rendered":"https:\/\/noticiasmercedinas.com\/site\/?p=33385"},"modified":"2019-11-12T16:34:47","modified_gmt":"2019-11-12T19:34:47","slug":"silvia-gandolfi-deja-la-ueb-es-necesaria-la-alternancia-en-todas-las-conducciones","status":"publish","type":"post","link":"https:\/\/noticiasmercedinas.com\/site\/2019\/11\/12\/silvia-gandolfi-deja-la-ueb-es-necesaria-la-alternancia-en-todas-las-conducciones\/","title":{"rendered":"Silvia Gandolfi deja la UEB: \u201cEs necesaria la alternancia en todas las conducciones\u201d"},"content":{"rendered":"<p><img loading=\"lazy\" decoding=\"async\" class=\"alignnone size-full wp-image-33386\" src=\"https:\/\/noticiasmercedinas.com\/site\/wp-content\/uploads\/2019\/11\/20191112_115305.jpg\" alt=\"\" width=\"640\" height=\"329\" srcset=\"https:\/\/noticiasmercedinas.com\/site\/wp-content\/uploads\/2019\/11\/20191112_115305.jpg 640w, https:\/\/noticiasmercedinas.com\/site\/wp-content\/uploads\/2019\/11\/20191112_115305-300x154.jpg 300w\" sizes=\"auto, (max-width: 640px) 100vw, 640px\" \/><\/p>\n<p>Tras tres d\u00e9cadas como gremialista, <strong>Silvia Gandolfi<\/strong>, quien hasta hoy ejerc\u00eda la secretar\u00eda general de la Uni\u00f3n de Educadores Bonaerenses, se retira de la actividad sindical. Aunque afirma que seguir\u00e1 ligada en distintas organizaciones sociales que la tienen como part\u00edcipe.<\/p>\n<p>Desde hace tres d\u00e9cadas, desde fines de 1989, que comienzo como secretaria de finanzas y lo sostuvo por 4 a\u00f1os, para luego ser secretaria adjunta de Carmen Gioscio hasta 2007, que fue electa secretaria general, Silvia Gandolfi est\u00e1 ligada a la UEB.<\/p>\n<p>Este martes hay elecciones en el gremio de calles 31 y 18 y eso no es algo excepcional. Lo que s\u00ed resulta novedoso es no verla a Gandolfi en ninguna lista. \u201cSiempre se han cumplido los plazos y hemos vivido estas instancias. Yo en esta oportunidad no es que rechazo el cargo sino que creo que hay que dar la posibilidad a un recambio. Y esto est\u00e1 dado en que mi percepci\u00f3n y convicci\u00f3n es que es necesaria la alternancia en todas las conducciones. Sea un gremio u otra organizaci\u00f3n\u201d, sostiene Gandolfi.<\/p>\n<p><strong>-\u00bfQu<\/strong><strong>\u00e9 fue lo que te llev\u00f3 a involucrarte con el gremialismo en 1989?<\/strong><\/p>\n<p>Tal vez algo que tra\u00eda de joven, la militancia social. En los barrios, con 15 a\u00f1os, hac\u00eda esa actividad. Luego estuve 8 a\u00f1os como docente en Moreno y ah\u00ed fue una prueba de fuego, con vivencias y un crecimiento importante. Conciencia de participaci\u00f3n no ten\u00eda pero cuando el gremio docente de Mercedes convoca a elecciones me invitan a una reuni\u00f3n en la Escuela 8, yo ven\u00eda de la Escuela Rural 17, participo y se informa que hab\u00eda que conformar una nueva comisi\u00f3n, y ah\u00ed conoc\u00ed a Carmen Gioscio, Ana Mar\u00eda Colazo, Juan Carlos Blanco y N\u00e9lida Beyer, que despu\u00e9s conformaron la comisi\u00f3n directiva. Preguntaban qui\u00e9n quer\u00eda participar y yo levant\u00e9 la mano. Entre todos los miembros de la lista coincidimos qui\u00e9n iba a ocupar cada cargo y a m\u00ed me eligieron como tesorera, algo que conoc\u00eda a trav\u00e9s de las cooperadoras de escuela. Y a la conciencia sindical la fui adquiriendo con el tiempo, como baluarte y basamento que somos trabajadores, tenemos derechos y vamos por m\u00e1s, es una construcci\u00f3n. Tuve la posibilidad de este crecimiento por las personas que estuvieron alrededor m\u00edo, con mucha convicci\u00f3n de legitimar la existencia de las conducciones gremiales.<\/p>\n<p><strong>-\u00bfQu\u00e9 fue lo m\u00e1s lindo que te pas\u00f3, un hecho que te haya marcado en este tiempo?<\/strong><\/p>\n<p>El conocimiento. Este me llev\u00f3 a descubrir verdades no absolutas pero verdades al fin. Y tambi\u00e9n ese conocimiento me hizo llegar mucho m\u00e1s a las personas y tomar conciencia de los problemas, de la dimensi\u00f3n humana. Eso me ayud\u00f3 y es lo que m\u00e1s rescato de todo este caminar en lo gremial.<\/p>\n<p><strong>-\u00bfY el momento m\u00e1s feo, el m\u00e1s dif\u00edcil?<\/strong><\/p>\n<p>Fueron algunas controversias internas. Yo las viv\u00ed y otros miembros de comisi\u00f3n tambi\u00e9n. Controversias casi sin razones teniendo la perspectiva de que es un gremio y a partir del 89 tuvo como premisa fundamental ser un gremio universal, para todos los trabajadores de educaci\u00f3n sin distinciones pol\u00edticas partidarias ni religiosas. Y hoy que me estoy yendo puedo decir que lo hemos cumplido a rajatabla. Eso lleva a la credibilidad, a la confianza y al acercamiento de docentes afiliados y no afiliados. Es importante saber que las instituciones est\u00e1n para ser parte de la organizaci\u00f3n de la sociedad. Y si esa organizaci\u00f3n no se replica en el cumplimiento de lo que normativamente tenemos aceptado como sociedad y esas organizaciones no van por dignificar a las personas no tendr\u00edan sentido de existir. Y creo que este gremio con casi 900 afiliados tiene esa mirada, esa consideraci\u00f3n de que por algo pertenecen a este gremio.<br \/>\n<strong><br \/>\n-\u00bfC\u00f3mo te imagin\u00e1s tu futuro de aqu\u00ed en m\u00e1s?<\/strong><\/p>\n<p>Ya tengo el futuro. Mi presente es el futuro. Como gremio no nos hemos encerrado, si bien hubo periodos en los cuales las controversias o coyunturas hicieron que nos abroquel\u00e1ramos como entidad, desde hace unos a\u00f1os nos venimos abriendo y participando en otras organizaciones activamente, como la Mesa Sindical o la Asamblea por la Agroecolog\u00eda. Estamos en esas organizaciones y ese es el futuro en el cual estamos representados y seguir\u00e9. Tambi\u00e9n como ciudadana, no me voy a desprender de algo que considero es necesario que nos involucremos y seguir\u00e9 involucrada, aunque tambi\u00e9n tengo otras perspectivas de actividades de militancia social. En este momento me desprendo solo de la militancia gremial<\/p>\n<p><strong>En estos a\u00f1os te habr\u00e1n tentado m\u00e1s de una vez para ocupar una lista partidaria y ser postulante a concejal o consejero escolar\u2026<\/strong><\/p>\n<p>S\u00ed, hubo ofrecimientos. Me dec\u00edan que los gremios deb\u00edan estar dentro de un partido pol\u00edtico, que no era contradictorio, pero tal vez yo consciente de mis propias limitaciones no puedo hacer ambas militancias a la vez. Estar dentro de un gremio en el cual muchas veces hay que pelear \u00a0por lo que tenemos y lo que nos falta, eso demanda tiempo completo, estar muy atento, tener mucho conocimiento y estar relacionados con otros sindicatos. Nunca acced\u00ed a ning\u00fan cargo pol\u00edtico partidario.<\/p>\n","protected":false},"excerpt":{"rendered":"<p>Tras tres d\u00e9cadas como gremialista, Silvia Gandolfi, quien hasta hoy ejerc\u00eda la secretar\u00eda general de la Uni\u00f3n de Educadores Bonaerenses, se retira de la actividad sindical. Aunque afirma que seguir\u00e1 ligada en distintas organizaciones sociales que la tienen como part\u00edcipe. Desde hace tres d\u00e9cadas, desde fines de 1989, que comienzo como secretaria de finanzas y [&hellip;]<\/p>\n","protected":false},"author":2,"featured_media":33386,"comment_status":"open","ping_status":"open","sticky":false,"template":"","format":"standard","meta":{"footnotes":""},"categories":[9],"tags":[118,281,795,259,2738],"class_list":["post-33385","post","type-post","status-publish","format-standard","has-post-thumbnail","hentry","category-entrevistas","tag-docentes","tag-feb","tag-silvia-gandolfi","tag-ueb","tag-union-educadores-bonaerenses"],"yoast_head":"<!-- This site is optimized with the Yoast SEO plugin v27.4 - https:\/\/yoast.com\/product\/yoast-seo-wordpress\/ -->\n<title>Silvia Gandolfi deja la UEB: \u201cEs necesaria la alternancia en todas las conducciones\u201d<\/title>\n<meta name=\"robots\" content=\"index, follow, max-snippet:-1, max-image-preview:large, max-video-preview:-1\" \/>\n<link rel=\"canonical\" href=\"https:\/\/noticiasmercedinas.com\/site\/2019\/11\/12\/silvia-gandolfi-deja-la-ueb-es-necesaria-la-alternancia-en-todas-las-conducciones\/\" \/>\n<meta property=\"og:locale\" content=\"es_ES\" \/>\n<meta property=\"og:type\" content=\"article\" \/>\n<meta property=\"og:title\" content=\"Silvia Gandolfi deja la UEB: \u201cEs necesaria la alternancia en todas las conducciones\u201d\" \/>\n<meta property=\"og:description\" content=\"Tras tres d\u00e9cadas como gremialista, Silvia Gandolfi, quien hasta hoy ejerc\u00eda la secretar\u00eda general de la Uni\u00f3n de Educadores Bonaerenses, se retira de la actividad sindical. Aunque afirma que seguir\u00e1 ligada en distintas organizaciones sociales que la tienen como part\u00edcipe. Desde hace tres d\u00e9cadas, desde fines de 1989, que comienzo como secretaria de finanzas y [&hellip;]\" \/>\n<meta property=\"og:url\" content=\"https:\/\/noticiasmercedinas.com\/site\/2019\/11\/12\/silvia-gandolfi-deja-la-ueb-es-necesaria-la-alternancia-en-todas-las-conducciones\/\" \/>\n<meta property=\"og:site_name\" content=\"NOTICIASMERCEDINAS.COM\" \/>\n<meta property=\"article:publisher\" content=\"https:\/\/www.facebook.com\/noticiasmercedinas\/\" \/>\n<meta property=\"article:author\" content=\"https:\/\/www.facebook.com\/cristian.falabella\" \/>\n<meta property=\"article:published_time\" content=\"2019-11-12T19:34:47+00:00\" \/>\n<meta property=\"og:image\" content=\"https:\/\/noticiasmercedinas.com\/site\/wp-content\/uploads\/2019\/11\/20191112_115305.jpg\" \/>\n\t<meta property=\"og:image:width\" content=\"640\" \/>\n\t<meta property=\"og:image:height\" content=\"329\" \/>\n\t<meta property=\"og:image:type\" content=\"image\/jpeg\" \/>\n<meta name=\"author\" content=\"Cristian Falabella NOTICIASMERCEDINAS.COM\" \/>\n<meta name=\"twitter:card\" content=\"summary_large_image\" \/>\n<meta name=\"twitter:creator\" content=\"@https:\/\/twitter.com\/NOTMERCEDINAS\" \/>\n<meta name=\"twitter:site\" content=\"@notmercedinas\" \/>\n<meta name=\"twitter:label1\" content=\"Escrito por\" \/>\n\t<meta name=\"twitter:data1\" content=\"Cristian Falabella NOTICIASMERCEDINAS.COM\" \/>\n\t<meta name=\"twitter:label2\" content=\"Tiempo de lectura\" \/>\n\t<meta name=\"twitter:data2\" content=\"4 minutos\" \/>\n<script type=\"application\/ld+json\" class=\"yoast-schema-graph\">{\"@context\":\"https:\\\/\\\/schema.org\",\"@graph\":[{\"@type\":\"Article\",\"@id\":\"https:\\\/\\\/noticiasmercedinas.com\\\/site\\\/2019\\\/11\\\/12\\\/silvia-gandolfi-deja-la-ueb-es-necesaria-la-alternancia-en-todas-las-conducciones\\\/#article\",\"isPartOf\":{\"@id\":\"https:\\\/\\\/noticiasmercedinas.com\\\/site\\\/2019\\\/11\\\/12\\\/silvia-gandolfi-deja-la-ueb-es-necesaria-la-alternancia-en-todas-las-conducciones\\\/\"},\"author\":{\"name\":\"Cristian Falabella NOTICIASMERCEDINAS.COM\",\"@id\":\"https:\\\/\\\/noticiasmercedinas.com\\\/site\\\/#\\\/schema\\\/person\\\/d481a9696a5feaec13a60e2bbd991a6a\"},\"headline\":\"Silvia Gandolfi deja la UEB: \u201cEs necesaria la alternancia en todas las conducciones\u201d\",\"datePublished\":\"2019-11-12T19:34:47+00:00\",\"mainEntityOfPage\":{\"@id\":\"https:\\\/\\\/noticiasmercedinas.com\\\/site\\\/2019\\\/11\\\/12\\\/silvia-gandolfi-deja-la-ueb-es-necesaria-la-alternancia-en-todas-las-conducciones\\\/\"},\"wordCount\":905,\"commentCount\":0,\"publisher\":{\"@id\":\"https:\\\/\\\/noticiasmercedinas.com\\\/site\\\/#organization\"},\"image\":{\"@id\":\"https:\\\/\\\/noticiasmercedinas.com\\\/site\\\/2019\\\/11\\\/12\\\/silvia-gandolfi-deja-la-ueb-es-necesaria-la-alternancia-en-todas-las-conducciones\\\/#primaryimage\"},\"thumbnailUrl\":\"https:\\\/\\\/noticiasmercedinas.com\\\/site\\\/wp-content\\\/uploads\\\/2019\\\/11\\\/20191112_115305.jpg\",\"keywords\":[\"docentes\",\"feb\",\"silvia gandolfi\",\"ueb\",\"union educadores bonaerenses\"],\"articleSection\":[\"Entrevistas\"],\"inLanguage\":\"es\",\"potentialAction\":[{\"@type\":\"CommentAction\",\"name\":\"Comment\",\"target\":[\"https:\\\/\\\/noticiasmercedinas.com\\\/site\\\/2019\\\/11\\\/12\\\/silvia-gandolfi-deja-la-ueb-es-necesaria-la-alternancia-en-todas-las-conducciones\\\/#respond\"]}]},{\"@type\":\"WebPage\",\"@id\":\"https:\\\/\\\/noticiasmercedinas.com\\\/site\\\/2019\\\/11\\\/12\\\/silvia-gandolfi-deja-la-ueb-es-necesaria-la-alternancia-en-todas-las-conducciones\\\/\",\"url\":\"https:\\\/\\\/noticiasmercedinas.com\\\/site\\\/2019\\\/11\\\/12\\\/silvia-gandolfi-deja-la-ueb-es-necesaria-la-alternancia-en-todas-las-conducciones\\\/\",\"name\":\"Silvia Gandolfi deja la UEB: \u201cEs necesaria la alternancia en todas las conducciones\u201d\",\"isPartOf\":{\"@id\":\"https:\\\/\\\/noticiasmercedinas.com\\\/site\\\/#website\"},\"primaryImageOfPage\":{\"@id\":\"https:\\\/\\\/noticiasmercedinas.com\\\/site\\\/2019\\\/11\\\/12\\\/silvia-gandolfi-deja-la-ueb-es-necesaria-la-alternancia-en-todas-las-conducciones\\\/#primaryimage\"},\"image\":{\"@id\":\"https:\\\/\\\/noticiasmercedinas.com\\\/site\\\/2019\\\/11\\\/12\\\/silvia-gandolfi-deja-la-ueb-es-necesaria-la-alternancia-en-todas-las-conducciones\\\/#primaryimage\"},\"thumbnailUrl\":\"https:\\\/\\\/noticiasmercedinas.com\\\/site\\\/wp-content\\\/uploads\\\/2019\\\/11\\\/20191112_115305.jpg\",\"datePublished\":\"2019-11-12T19:34:47+00:00\",\"breadcrumb\":{\"@id\":\"https:\\\/\\\/noticiasmercedinas.com\\\/site\\\/2019\\\/11\\\/12\\\/silvia-gandolfi-deja-la-ueb-es-necesaria-la-alternancia-en-todas-las-conducciones\\\/#breadcrumb\"},\"inLanguage\":\"es\",\"potentialAction\":[{\"@type\":\"ReadAction\",\"target\":[\"https:\\\/\\\/noticiasmercedinas.com\\\/site\\\/2019\\\/11\\\/12\\\/silvia-gandolfi-deja-la-ueb-es-necesaria-la-alternancia-en-todas-las-conducciones\\\/\"]}]},{\"@type\":\"ImageObject\",\"inLanguage\":\"es\",\"@id\":\"https:\\\/\\\/noticiasmercedinas.com\\\/site\\\/2019\\\/11\\\/12\\\/silvia-gandolfi-deja-la-ueb-es-necesaria-la-alternancia-en-todas-las-conducciones\\\/#primaryimage\",\"url\":\"https:\\\/\\\/noticiasmercedinas.com\\\/site\\\/wp-content\\\/uploads\\\/2019\\\/11\\\/20191112_115305.jpg\",\"contentUrl\":\"https:\\\/\\\/noticiasmercedinas.com\\\/site\\\/wp-content\\\/uploads\\\/2019\\\/11\\\/20191112_115305.jpg\",\"width\":640,\"height\":329},{\"@type\":\"BreadcrumbList\",\"@id\":\"https:\\\/\\\/noticiasmercedinas.com\\\/site\\\/2019\\\/11\\\/12\\\/silvia-gandolfi-deja-la-ueb-es-necesaria-la-alternancia-en-todas-las-conducciones\\\/#breadcrumb\",\"itemListElement\":[{\"@type\":\"ListItem\",\"position\":1,\"name\":\"Portada\",\"item\":\"https:\\\/\\\/noticiasmercedinas.com\\\/site\\\/\"},{\"@type\":\"ListItem\",\"position\":2,\"name\":\"Silvia Gandolfi deja la UEB: \u201cEs necesaria la alternancia en todas las conducciones\u201d\"}]},{\"@type\":\"WebSite\",\"@id\":\"https:\\\/\\\/noticiasmercedinas.com\\\/site\\\/#website\",\"url\":\"https:\\\/\\\/noticiasmercedinas.com\\\/site\\\/\",\"name\":\"NOTICIASMERCEDINAS.COM\",\"description\":\"Mercedes, Buenos Aires, Argentina\",\"publisher\":{\"@id\":\"https:\\\/\\\/noticiasmercedinas.com\\\/site\\\/#organization\"},\"potentialAction\":[{\"@type\":\"SearchAction\",\"target\":{\"@type\":\"EntryPoint\",\"urlTemplate\":\"https:\\\/\\\/noticiasmercedinas.com\\\/site\\\/?s={search_term_string}\"},\"query-input\":{\"@type\":\"PropertyValueSpecification\",\"valueRequired\":true,\"valueName\":\"search_term_string\"}}],\"inLanguage\":\"es\"},{\"@type\":\"Organization\",\"@id\":\"https:\\\/\\\/noticiasmercedinas.com\\\/site\\\/#organization\",\"name\":\"NOTICIASMERCEDINAS.COM\",\"url\":\"https:\\\/\\\/noticiasmercedinas.com\\\/site\\\/\",\"logo\":{\"@type\":\"ImageObject\",\"inLanguage\":\"es\",\"@id\":\"https:\\\/\\\/noticiasmercedinas.com\\\/site\\\/#\\\/schema\\\/logo\\\/image\\\/\",\"url\":\"https:\\\/\\\/noticiasmercedinas.com\\\/site\\\/wp-content\\\/uploads\\\/2020\\\/06\\\/LOGO-512.jpg\",\"contentUrl\":\"https:\\\/\\\/noticiasmercedinas.com\\\/site\\\/wp-content\\\/uploads\\\/2020\\\/06\\\/LOGO-512.jpg\",\"width\":512,\"height\":512,\"caption\":\"NOTICIASMERCEDINAS.COM\"},\"image\":{\"@id\":\"https:\\\/\\\/noticiasmercedinas.com\\\/site\\\/#\\\/schema\\\/logo\\\/image\\\/\"},\"sameAs\":[\"https:\\\/\\\/www.facebook.com\\\/noticiasmercedinas\\\/\",\"https:\\\/\\\/x.com\\\/notmercedinas\",\"https:\\\/\\\/www.instagram.com\\\/noticiasmercedinas\\\/\"]},{\"@type\":\"Person\",\"@id\":\"https:\\\/\\\/noticiasmercedinas.com\\\/site\\\/#\\\/schema\\\/person\\\/d481a9696a5feaec13a60e2bbd991a6a\",\"name\":\"Cristian Falabella NOTICIASMERCEDINAS.COM\",\"image\":{\"@type\":\"ImageObject\",\"inLanguage\":\"es\",\"@id\":\"https:\\\/\\\/secure.gravatar.com\\\/avatar\\\/0dbbfc45970cc46bcd0e57766228574ff3511d6eed045b182f536f0f478c1f06?s=96&d=mm&r=g\",\"url\":\"https:\\\/\\\/secure.gravatar.com\\\/avatar\\\/0dbbfc45970cc46bcd0e57766228574ff3511d6eed045b182f536f0f478c1f06?s=96&d=mm&r=g\",\"contentUrl\":\"https:\\\/\\\/secure.gravatar.com\\\/avatar\\\/0dbbfc45970cc46bcd0e57766228574ff3511d6eed045b182f536f0f478c1f06?s=96&d=mm&r=g\",\"caption\":\"Cristian Falabella NOTICIASMERCEDINAS.COM\"},\"description\":\"Periodista, editor de Noticias Mercedinas. Pas\u00f3 por varias redacciones y emprendimientos de prensa, en distintos formatos y \u00e9pocas. Se especializ\u00f3 --y sigue haci\u00e9ndolo-- en comunicaci\u00f3n en la web y en junio de 2006 fund\u00f3 este diario digital.\",\"sameAs\":[\"https:\\\/\\\/noticiasmercedinas.com\",\"https:\\\/\\\/www.facebook.com\\\/cristian.falabella\",\"https:\\\/\\\/www.instagram.com\\\/noticiasmercedinas\\\/\",\"https:\\\/\\\/x.com\\\/https:\\\/\\\/twitter.com\\\/NOTMERCEDINAS\"],\"url\":\"https:\\\/\\\/noticiasmercedinas.com\\\/site\\\/author\\\/as000384\\\/\"}]}<\/script>\n<!-- \/ Yoast SEO plugin. -->","yoast_head_json":{"title":"Silvia Gandolfi deja la UEB: \u201cEs necesaria la alternancia en todas las conducciones\u201d","robots":{"index":"index","follow":"follow","max-snippet":"max-snippet:-1","max-image-preview":"max-image-preview:large","max-video-preview":"max-video-preview:-1"},"canonical":"https:\/\/noticiasmercedinas.com\/site\/2019\/11\/12\/silvia-gandolfi-deja-la-ueb-es-necesaria-la-alternancia-en-todas-las-conducciones\/","og_locale":"es_ES","og_type":"article","og_title":"Silvia Gandolfi deja la UEB: \u201cEs necesaria la alternancia en todas las conducciones\u201d","og_description":"Tras tres d\u00e9cadas como gremialista, Silvia Gandolfi, quien hasta hoy ejerc\u00eda la secretar\u00eda general de la Uni\u00f3n de Educadores Bonaerenses, se retira de la actividad sindical. Aunque afirma que seguir\u00e1 ligada en distintas organizaciones sociales que la tienen como part\u00edcipe. Desde hace tres d\u00e9cadas, desde fines de 1989, que comienzo como secretaria de finanzas y [&hellip;]","og_url":"https:\/\/noticiasmercedinas.com\/site\/2019\/11\/12\/silvia-gandolfi-deja-la-ueb-es-necesaria-la-alternancia-en-todas-las-conducciones\/","og_site_name":"NOTICIASMERCEDINAS.COM","article_publisher":"https:\/\/www.facebook.com\/noticiasmercedinas\/","article_author":"https:\/\/www.facebook.com\/cristian.falabella","article_published_time":"2019-11-12T19:34:47+00:00","og_image":[{"width":640,"height":329,"url":"https:\/\/noticiasmercedinas.com\/site\/wp-content\/uploads\/2019\/11\/20191112_115305.jpg","type":"image\/jpeg"}],"author":"Cristian Falabella NOTICIASMERCEDINAS.COM","twitter_card":"summary_large_image","twitter_creator":"@https:\/\/twitter.com\/NOTMERCEDINAS","twitter_site":"@notmercedinas","twitter_misc":{"Escrito por":"Cristian Falabella NOTICIASMERCEDINAS.COM","Tiempo de lectura":"4 minutos"},"schema":{"@context":"https:\/\/schema.org","@graph":[{"@type":"Article","@id":"https:\/\/noticiasmercedinas.com\/site\/2019\/11\/12\/silvia-gandolfi-deja-la-ueb-es-necesaria-la-alternancia-en-todas-las-conducciones\/#article","isPartOf":{"@id":"https:\/\/noticiasmercedinas.com\/site\/2019\/11\/12\/silvia-gandolfi-deja-la-ueb-es-necesaria-la-alternancia-en-todas-las-conducciones\/"},"author":{"name":"Cristian Falabella NOTICIASMERCEDINAS.COM","@id":"https:\/\/noticiasmercedinas.com\/site\/#\/schema\/person\/d481a9696a5feaec13a60e2bbd991a6a"},"headline":"Silvia Gandolfi deja la UEB: \u201cEs necesaria la alternancia en todas las conducciones\u201d","datePublished":"2019-11-12T19:34:47+00:00","mainEntityOfPage":{"@id":"https:\/\/noticiasmercedinas.com\/site\/2019\/11\/12\/silvia-gandolfi-deja-la-ueb-es-necesaria-la-alternancia-en-todas-las-conducciones\/"},"wordCount":905,"commentCount":0,"publisher":{"@id":"https:\/\/noticiasmercedinas.com\/site\/#organization"},"image":{"@id":"https:\/\/noticiasmercedinas.com\/site\/2019\/11\/12\/silvia-gandolfi-deja-la-ueb-es-necesaria-la-alternancia-en-todas-las-conducciones\/#primaryimage"},"thumbnailUrl":"https:\/\/noticiasmercedinas.com\/site\/wp-content\/uploads\/2019\/11\/20191112_115305.jpg","keywords":["docentes","feb","silvia gandolfi","ueb","union educadores bonaerenses"],"articleSection":["Entrevistas"],"inLanguage":"es","potentialAction":[{"@type":"CommentAction","name":"Comment","target":["https:\/\/noticiasmercedinas.com\/site\/2019\/11\/12\/silvia-gandolfi-deja-la-ueb-es-necesaria-la-alternancia-en-todas-las-conducciones\/#respond"]}]},{"@type":"WebPage","@id":"https:\/\/noticiasmercedinas.com\/site\/2019\/11\/12\/silvia-gandolfi-deja-la-ueb-es-necesaria-la-alternancia-en-todas-las-conducciones\/","url":"https:\/\/noticiasmercedinas.com\/site\/2019\/11\/12\/silvia-gandolfi-deja-la-ueb-es-necesaria-la-alternancia-en-todas-las-conducciones\/","name":"Silvia Gandolfi deja la UEB: \u201cEs necesaria la alternancia en todas las conducciones\u201d","isPartOf":{"@id":"https:\/\/noticiasmercedinas.com\/site\/#website"},"primaryImageOfPage":{"@id":"https:\/\/noticiasmercedinas.com\/site\/2019\/11\/12\/silvia-gandolfi-deja-la-ueb-es-necesaria-la-alternancia-en-todas-las-conducciones\/#primaryimage"},"image":{"@id":"https:\/\/noticiasmercedinas.com\/site\/2019\/11\/12\/silvia-gandolfi-deja-la-ueb-es-necesaria-la-alternancia-en-todas-las-conducciones\/#primaryimage"},"thumbnailUrl":"https:\/\/noticiasmercedinas.com\/site\/wp-content\/uploads\/2019\/11\/20191112_115305.jpg","datePublished":"2019-11-12T19:34:47+00:00","breadcrumb":{"@id":"https:\/\/noticiasmercedinas.com\/site\/2019\/11\/12\/silvia-gandolfi-deja-la-ueb-es-necesaria-la-alternancia-en-todas-las-conducciones\/#breadcrumb"},"inLanguage":"es","potentialAction":[{"@type":"ReadAction","target":["https:\/\/noticiasmercedinas.com\/site\/2019\/11\/12\/silvia-gandolfi-deja-la-ueb-es-necesaria-la-alternancia-en-todas-las-conducciones\/"]}]},{"@type":"ImageObject","inLanguage":"es","@id":"https:\/\/noticiasmercedinas.com\/site\/2019\/11\/12\/silvia-gandolfi-deja-la-ueb-es-necesaria-la-alternancia-en-todas-las-conducciones\/#primaryimage","url":"https:\/\/noticiasmercedinas.com\/site\/wp-content\/uploads\/2019\/11\/20191112_115305.jpg","contentUrl":"https:\/\/noticiasmercedinas.com\/site\/wp-content\/uploads\/2019\/11\/20191112_115305.jpg","width":640,"height":329},{"@type":"BreadcrumbList","@id":"https:\/\/noticiasmercedinas.com\/site\/2019\/11\/12\/silvia-gandolfi-deja-la-ueb-es-necesaria-la-alternancia-en-todas-las-conducciones\/#breadcrumb","itemListElement":[{"@type":"ListItem","position":1,"name":"Portada","item":"https:\/\/noticiasmercedinas.com\/site\/"},{"@type":"ListItem","position":2,"name":"Silvia Gandolfi deja la UEB: \u201cEs necesaria la alternancia en todas las conducciones\u201d"}]},{"@type":"WebSite","@id":"https:\/\/noticiasmercedinas.com\/site\/#website","url":"https:\/\/noticiasmercedinas.com\/site\/","name":"NOTICIASMERCEDINAS.COM","description":"Mercedes, Buenos Aires, Argentina","publisher":{"@id":"https:\/\/noticiasmercedinas.com\/site\/#organization"},"potentialAction":[{"@type":"SearchAction","target":{"@type":"EntryPoint","urlTemplate":"https:\/\/noticiasmercedinas.com\/site\/?s={search_term_string}"},"query-input":{"@type":"PropertyValueSpecification","valueRequired":true,"valueName":"search_term_string"}}],"inLanguage":"es"},{"@type":"Organization","@id":"https:\/\/noticiasmercedinas.com\/site\/#organization","name":"NOTICIASMERCEDINAS.COM","url":"https:\/\/noticiasmercedinas.com\/site\/","logo":{"@type":"ImageObject","inLanguage":"es","@id":"https:\/\/noticiasmercedinas.com\/site\/#\/schema\/logo\/image\/","url":"https:\/\/noticiasmercedinas.com\/site\/wp-content\/uploads\/2020\/06\/LOGO-512.jpg","contentUrl":"https:\/\/noticiasmercedinas.com\/site\/wp-content\/uploads\/2020\/06\/LOGO-512.jpg","width":512,"height":512,"caption":"NOTICIASMERCEDINAS.COM"},"image":{"@id":"https:\/\/noticiasmercedinas.com\/site\/#\/schema\/logo\/image\/"},"sameAs":["https:\/\/www.facebook.com\/noticiasmercedinas\/","https:\/\/x.com\/notmercedinas","https:\/\/www.instagram.com\/noticiasmercedinas\/"]},{"@type":"Person","@id":"https:\/\/noticiasmercedinas.com\/site\/#\/schema\/person\/d481a9696a5feaec13a60e2bbd991a6a","name":"Cristian Falabella NOTICIASMERCEDINAS.COM","image":{"@type":"ImageObject","inLanguage":"es","@id":"https:\/\/secure.gravatar.com\/avatar\/0dbbfc45970cc46bcd0e57766228574ff3511d6eed045b182f536f0f478c1f06?s=96&d=mm&r=g","url":"https:\/\/secure.gravatar.com\/avatar\/0dbbfc45970cc46bcd0e57766228574ff3511d6eed045b182f536f0f478c1f06?s=96&d=mm&r=g","contentUrl":"https:\/\/secure.gravatar.com\/avatar\/0dbbfc45970cc46bcd0e57766228574ff3511d6eed045b182f536f0f478c1f06?s=96&d=mm&r=g","caption":"Cristian Falabella NOTICIASMERCEDINAS.COM"},"description":"Periodista, editor de Noticias Mercedinas. Pas\u00f3 por varias redacciones y emprendimientos de prensa, en distintos formatos y \u00e9pocas. Se especializ\u00f3 --y sigue haci\u00e9ndolo-- en comunicaci\u00f3n en la web y en junio de 2006 fund\u00f3 este diario digital.","sameAs":["https:\/\/noticiasmercedinas.com","https:\/\/www.facebook.com\/cristian.falabella","https:\/\/www.instagram.com\/noticiasmercedinas\/","https:\/\/x.com\/https:\/\/twitter.com\/NOTMERCEDINAS"],"url":"https:\/\/noticiasmercedinas.com\/site\/author\/as000384\/"}]}},"amp_enabled":true,"_links":{"self":[{"href":"https:\/\/noticiasmercedinas.com\/site\/wp-json\/wp\/v2\/posts\/33385","targetHints":{"allow":["GET"]}}],"collection":[{"href":"https:\/\/noticiasmercedinas.com\/site\/wp-json\/wp\/v2\/posts"}],"about":[{"href":"https:\/\/noticiasmercedinas.com\/site\/wp-json\/wp\/v2\/types\/post"}],"author":[{"embeddable":true,"href":"https:\/\/noticiasmercedinas.com\/site\/wp-json\/wp\/v2\/users\/2"}],"replies":[{"embeddable":true,"href":"https:\/\/noticiasmercedinas.com\/site\/wp-json\/wp\/v2\/comments?post=33385"}],"version-history":[{"count":1,"href":"https:\/\/noticiasmercedinas.com\/site\/wp-json\/wp\/v2\/posts\/33385\/revisions"}],"predecessor-version":[{"id":33387,"href":"https:\/\/noticiasmercedinas.com\/site\/wp-json\/wp\/v2\/posts\/33385\/revisions\/33387"}],"wp:featuredmedia":[{"embeddable":true,"href":"https:\/\/noticiasmercedinas.com\/site\/wp-json\/wp\/v2\/media\/33386"}],"wp:attachment":[{"href":"https:\/\/noticiasmercedinas.com\/site\/wp-json\/wp\/v2\/media?parent=33385"}],"wp:term":[{"taxonomy":"category","embeddable":true,"href":"https:\/\/noticiasmercedinas.com\/site\/wp-json\/wp\/v2\/categories?post=33385"},{"taxonomy":"post_tag","embeddable":true,"href":"https:\/\/noticiasmercedinas.com\/site\/wp-json\/wp\/v2\/tags?post=33385"}],"curies":[{"name":"wp","href":"https:\/\/api.w.org\/{rel}","templated":true}]}}