{"id":3346,"date":"2018-10-02T08:16:10","date_gmt":"2018-10-02T11:16:10","guid":{"rendered":"https:\/\/noticiasmercedinas.com\/site\/?p=3346"},"modified":"2018-10-02T08:18:04","modified_gmt":"2018-10-02T11:18:04","slug":"arranca-intensa-campana-contra-el-sarampion","status":"publish","type":"post","link":"https:\/\/noticiasmercedinas.com\/site\/2018\/10\/02\/arranca-intensa-campana-contra-el-sarampion\/","title":{"rendered":"Arranca intensa campa\u00f1a contra el sarampi\u00f3n"},"content":{"rendered":"<p><img loading=\"lazy\" decoding=\"async\" class=\"alignnone size-full wp-image-3347\" src=\"https:\/\/noticiasmercedinas.com\/site\/wp-content\/uploads\/2018\/10\/VC1.jpg\" alt=\"\" width=\"650\" height=\"427\" srcset=\"https:\/\/noticiasmercedinas.com\/site\/wp-content\/uploads\/2018\/10\/VC1.jpg 650w, https:\/\/noticiasmercedinas.com\/site\/wp-content\/uploads\/2018\/10\/VC1-300x197.jpg 300w, https:\/\/noticiasmercedinas.com\/site\/wp-content\/uploads\/2018\/10\/VC1-640x420.jpg 640w\" sizes=\"auto, (max-width: 650px) 100vw, 650px\" \/><\/p>\n<p>El Municipio de Mercedes, a trav\u00e9s de la Secretar\u00eda de Salud, puso en marcha la campa\u00f1a de vacunaci\u00f3n contra el sarampi\u00f3n. Apunta a aplicar un refuerzo de la vacuna triple viral (sarampi\u00f3n-rubeola-parotiditis) en los peque\u00f1os de entre 13 meses y 4 a\u00f1os. De esta manera, el \u00e1rea de Salud recorrer\u00e1 los jardines de infantes de nuestra ciudad, priorizando los p\u00fablicos. Asimismo, todos los CAPS (Centro de Atenci\u00f3n Primaria de la Salud) estar\u00e1n efectuando la vacunaci\u00f3n desde sus respectivos establecimientos. \u201cEs importante resaltar la gran tarea que se vienen haciendo los haciendo desde la Secretar\u00eda de Salud Municipal todos los trabajadores, que ante una problem\u00e1tica que afecta a nuestros ni\u00f1os, ampl\u00edan la oferta y lanzan este nuevo cronograma de vacunaci\u00f3n\u201d destac\u00f3 el jefe comunal, Juan Ignacio Ustarroz.<\/p>\n<p>En ese sentido, el Intendente Ustarroz puntualiz\u00f3 que \u201ceste tipo de medidas, que afectan la salud de nuestros chicos, son necesarias e imprescindibles. Por ese motivo, no dudamos en ponerlas en marcha\u201d.<\/p>\n<p>La vacuna es gratuita y no requiere orden m\u00e9dica. No obstante, si existen dudas se pueden acercar a los CAPS que est\u00e1n diseminados en diferentes puntos de nuestra ciudad y hacer su consulta.<\/p>\n<p>Por su parte, el secretario de Salud, doctor Pablo Cassiani, aclar\u00f3: \u201cLas vacunas salvan millones de vidas al a\u00f1o en el mundo entero. Es el segundo hito m\u00e1s importante en materia sanitaria luego de la potabilizaci\u00f3n del agua\u201d.<\/p>\n<p>\u201cRecordemos que este a\u00f1o ya tuvimos 8 casos de sarampi\u00f3n aut\u00f3ctonos en nuestro pa\u00eds, una enfermedad que no ten\u00edamos desde el a\u00f1o 2000\u201d, remarc\u00f3.<\/p>\n<p>Es importante destacar que en este 2018 la realidad epidemiol\u00f3gica cambi\u00f3, debido a que, en abril, se registr\u00f3 un caso en la Ciudad Aut\u00f3noma de Buenos Aires, sin tener antecedentes -tanto de la persona como su familia- de haber realizado un viaje o contacto con alguien que s\u00ed lo hubiera hecho. Es decir, se reconoce como un caso aut\u00f3ctono.<\/p>\n<p>\u201cCon esta nueva campa\u00f1a de vacunaci\u00f3n lo que buscamos es proteger lo m\u00e1s preciado de nuestra sociedad, los ni\u00f1os. Por eso invitamos a los vecinos de nuestra ciudad a que se acerquen, se informen y se vacunen\u201d, declar\u00f3 Pablo Cassiani.<\/p>\n<table width=\"0\">\n<tbody>\n<tr>\n<td width=\"131\"><strong>Instituci\u00f3n<\/strong><\/td>\n<td width=\"128\"><strong>Direcci\u00f3n<\/strong><\/td>\n<td width=\"118\"><strong>Fecha<\/strong><\/td>\n<\/tr>\n<tr>\n<td width=\"131\">Jard\u00edn 901<\/p>\n<p>&nbsp;<\/td>\n<td width=\"128\">17 N\u00b0 484<\/td>\n<td width=\"118\"><strong>1\/10\/2018<\/strong><\/td>\n<\/tr>\n<tr>\n<td width=\"131\">Jard\u00edn 902<\/p>\n<p>&nbsp;<\/td>\n<td width=\"128\">44 y 27<\/td>\n<td width=\"118\"><strong>1\/10\/2018<\/strong><\/td>\n<\/tr>\n<tr>\n<td width=\"131\">Jard\u00edn 903<\/p>\n<p>&nbsp;<\/td>\n<td width=\"128\">8\u00a0 y 59<\/td>\n<td width=\"118\"><strong>1\/10\/2018<\/strong><\/td>\n<\/tr>\n<tr>\n<td width=\"131\">Jard\u00edn 904<\/p>\n<p>&nbsp;<\/td>\n<td width=\"128\">35 y 106<\/td>\n<td width=\"118\"><strong>2\/10\/2018<\/strong><\/td>\n<\/tr>\n<tr>\n<td width=\"131\">Jard\u00edn 905<\/p>\n<p>&nbsp;<\/td>\n<td width=\"128\">31 N\u00b0 725<\/td>\n<td width=\"118\"><strong>5\/10\/2018<\/strong><\/td>\n<\/tr>\n<tr>\n<td width=\"131\">Jard\u00edn 906<\/p>\n<p>&nbsp;<\/td>\n<td width=\"128\">29 N\u00b0 289<\/td>\n<td width=\"118\"><strong>2\/10\/2018<\/strong><\/td>\n<\/tr>\n<tr>\n<td width=\"131\">Jard\u00edn 907<\/p>\n<p>&nbsp;<\/td>\n<td width=\"128\">47 N\u00b0 870<\/td>\n<td width=\"118\"><strong>5\/10\/2018<\/strong><\/td>\n<\/tr>\n<tr>\n<td width=\"131\">Jard\u00edn 908<\/p>\n<p>&nbsp;<\/td>\n<td width=\"128\">Agote<\/td>\n<td width=\"118\"><strong>4\/10\/2018<\/strong><\/td>\n<\/tr>\n<\/tbody>\n<\/table>\n","protected":false},"excerpt":{"rendered":"<p>El Municipio de Mercedes, a trav\u00e9s de la Secretar\u00eda de Salud, puso en marcha la campa\u00f1a de vacunaci\u00f3n contra el sarampi\u00f3n. Apunta a aplicar un refuerzo de la vacuna triple viral (sarampi\u00f3n-rubeola-parotiditis) en los peque\u00f1os de entre 13 meses y 4 a\u00f1os. De esta manera, el \u00e1rea de Salud recorrer\u00e1 los jardines de infantes de [&hellip;]<\/p>\n","protected":false},"author":2,"featured_media":3347,"comment_status":"open","ping_status":"open","sticky":false,"template":"","format":"standard","meta":{"footnotes":""},"categories":[3],"tags":[144,71,222,365],"class_list":["post-3346","post","type-post","status-publish","format-standard","has-post-thumbnail","hentry","category-sociedad","tag-pablo-cassiani","tag-salud","tag-sarampion","tag-vacunacion"],"yoast_head":"<!-- This site is optimized with the Yoast SEO plugin v27.5 - https:\/\/yoast.com\/product\/yoast-seo-wordpress\/ -->\n<title>Arranca intensa campa\u00f1a contra el sarampi\u00f3n<\/title>\n<meta name=\"robots\" content=\"index, follow, max-snippet:-1, max-image-preview:large, max-video-preview:-1\" \/>\n<link rel=\"canonical\" href=\"https:\/\/noticiasmercedinas.com\/site\/2018\/10\/02\/arranca-intensa-campana-contra-el-sarampion\/\" \/>\n<meta property=\"og:locale\" content=\"es_ES\" \/>\n<meta property=\"og:type\" content=\"article\" \/>\n<meta property=\"og:title\" content=\"Arranca intensa campa\u00f1a contra el sarampi\u00f3n\" \/>\n<meta property=\"og:description\" content=\"El Municipio de Mercedes, a trav\u00e9s de la Secretar\u00eda de Salud, puso en marcha la campa\u00f1a de vacunaci\u00f3n contra el sarampi\u00f3n. Apunta a aplicar un refuerzo de la vacuna triple viral (sarampi\u00f3n-rubeola-parotiditis) en los peque\u00f1os de entre 13 meses y 4 a\u00f1os. De esta manera, el \u00e1rea de Salud recorrer\u00e1 los jardines de infantes de [&hellip;]\" \/>\n<meta property=\"og:url\" content=\"https:\/\/noticiasmercedinas.com\/site\/2018\/10\/02\/arranca-intensa-campana-contra-el-sarampion\/\" \/>\n<meta property=\"og:site_name\" content=\"NOTICIASMERCEDINAS.COM\" \/>\n<meta property=\"article:publisher\" content=\"https:\/\/www.facebook.com\/noticiasmercedinas\/\" \/>\n<meta property=\"article:author\" content=\"https:\/\/www.facebook.com\/cristian.falabella\" \/>\n<meta property=\"article:published_time\" content=\"2018-10-02T11:16:10+00:00\" \/>\n<meta property=\"article:modified_time\" content=\"2018-10-02T11:18:04+00:00\" \/>\n<meta property=\"og:image\" content=\"https:\/\/noticiasmercedinas.com\/site\/wp-content\/uploads\/2018\/10\/VC1.jpg\" \/>\n\t<meta property=\"og:image:width\" content=\"650\" \/>\n\t<meta property=\"og:image:height\" content=\"427\" \/>\n\t<meta property=\"og:image:type\" content=\"image\/jpeg\" \/>\n<meta name=\"author\" content=\"Cristian Falabella NOTICIASMERCEDINAS.COM\" \/>\n<meta name=\"twitter:card\" content=\"summary_large_image\" \/>\n<meta name=\"twitter:creator\" content=\"@https:\/\/twitter.com\/NOTMERCEDINAS\" \/>\n<meta name=\"twitter:site\" content=\"@notmercedinas\" \/>\n<meta name=\"twitter:label1\" content=\"Escrito por\" \/>\n\t<meta name=\"twitter:data1\" content=\"Cristian Falabella NOTICIASMERCEDINAS.COM\" \/>\n\t<meta name=\"twitter:label2\" content=\"Tiempo de lectura\" \/>\n\t<meta name=\"twitter:data2\" content=\"2 minutos\" \/>\n<script type=\"application\/ld+json\" class=\"yoast-schema-graph\">{\"@context\":\"https:\\\/\\\/schema.org\",\"@graph\":[{\"@type\":\"Article\",\"@id\":\"https:\\\/\\\/noticiasmercedinas.com\\\/site\\\/2018\\\/10\\\/02\\\/arranca-intensa-campana-contra-el-sarampion\\\/#article\",\"isPartOf\":{\"@id\":\"https:\\\/\\\/noticiasmercedinas.com\\\/site\\\/2018\\\/10\\\/02\\\/arranca-intensa-campana-contra-el-sarampion\\\/\"},\"author\":{\"name\":\"Cristian Falabella NOTICIASMERCEDINAS.COM\",\"@id\":\"https:\\\/\\\/noticiasmercedinas.com\\\/site\\\/#\\\/schema\\\/person\\\/d481a9696a5feaec13a60e2bbd991a6a\"},\"headline\":\"Arranca intensa campa\u00f1a contra el sarampi\u00f3n\",\"datePublished\":\"2018-10-02T11:16:10+00:00\",\"dateModified\":\"2018-10-02T11:18:04+00:00\",\"mainEntityOfPage\":{\"@id\":\"https:\\\/\\\/noticiasmercedinas.com\\\/site\\\/2018\\\/10\\\/02\\\/arranca-intensa-campana-contra-el-sarampion\\\/\"},\"wordCount\":427,\"commentCount\":0,\"publisher\":{\"@id\":\"https:\\\/\\\/noticiasmercedinas.com\\\/site\\\/#organization\"},\"image\":{\"@id\":\"https:\\\/\\\/noticiasmercedinas.com\\\/site\\\/2018\\\/10\\\/02\\\/arranca-intensa-campana-contra-el-sarampion\\\/#primaryimage\"},\"thumbnailUrl\":\"https:\\\/\\\/noticiasmercedinas.com\\\/site\\\/wp-content\\\/uploads\\\/2018\\\/10\\\/VC1.jpg\",\"keywords\":[\"pablo cassiani\",\"salud\",\"sarampion\",\"vacunacion\"],\"articleSection\":[\"Sociedad\"],\"inLanguage\":\"es\",\"potentialAction\":[{\"@type\":\"CommentAction\",\"name\":\"Comment\",\"target\":[\"https:\\\/\\\/noticiasmercedinas.com\\\/site\\\/2018\\\/10\\\/02\\\/arranca-intensa-campana-contra-el-sarampion\\\/#respond\"]}]},{\"@type\":\"WebPage\",\"@id\":\"https:\\\/\\\/noticiasmercedinas.com\\\/site\\\/2018\\\/10\\\/02\\\/arranca-intensa-campana-contra-el-sarampion\\\/\",\"url\":\"https:\\\/\\\/noticiasmercedinas.com\\\/site\\\/2018\\\/10\\\/02\\\/arranca-intensa-campana-contra-el-sarampion\\\/\",\"name\":\"Arranca intensa campa\u00f1a contra el sarampi\u00f3n\",\"isPartOf\":{\"@id\":\"https:\\\/\\\/noticiasmercedinas.com\\\/site\\\/#website\"},\"primaryImageOfPage\":{\"@id\":\"https:\\\/\\\/noticiasmercedinas.com\\\/site\\\/2018\\\/10\\\/02\\\/arranca-intensa-campana-contra-el-sarampion\\\/#primaryimage\"},\"image\":{\"@id\":\"https:\\\/\\\/noticiasmercedinas.com\\\/site\\\/2018\\\/10\\\/02\\\/arranca-intensa-campana-contra-el-sarampion\\\/#primaryimage\"},\"thumbnailUrl\":\"https:\\\/\\\/noticiasmercedinas.com\\\/site\\\/wp-content\\\/uploads\\\/2018\\\/10\\\/VC1.jpg\",\"datePublished\":\"2018-10-02T11:16:10+00:00\",\"dateModified\":\"2018-10-02T11:18:04+00:00\",\"breadcrumb\":{\"@id\":\"https:\\\/\\\/noticiasmercedinas.com\\\/site\\\/2018\\\/10\\\/02\\\/arranca-intensa-campana-contra-el-sarampion\\\/#breadcrumb\"},\"inLanguage\":\"es\",\"potentialAction\":[{\"@type\":\"ReadAction\",\"target\":[\"https:\\\/\\\/noticiasmercedinas.com\\\/site\\\/2018\\\/10\\\/02\\\/arranca-intensa-campana-contra-el-sarampion\\\/\"]}]},{\"@type\":\"ImageObject\",\"inLanguage\":\"es\",\"@id\":\"https:\\\/\\\/noticiasmercedinas.com\\\/site\\\/2018\\\/10\\\/02\\\/arranca-intensa-campana-contra-el-sarampion\\\/#primaryimage\",\"url\":\"https:\\\/\\\/noticiasmercedinas.com\\\/site\\\/wp-content\\\/uploads\\\/2018\\\/10\\\/VC1.jpg\",\"contentUrl\":\"https:\\\/\\\/noticiasmercedinas.com\\\/site\\\/wp-content\\\/uploads\\\/2018\\\/10\\\/VC1.jpg\",\"width\":650,\"height\":427},{\"@type\":\"BreadcrumbList\",\"@id\":\"https:\\\/\\\/noticiasmercedinas.com\\\/site\\\/2018\\\/10\\\/02\\\/arranca-intensa-campana-contra-el-sarampion\\\/#breadcrumb\",\"itemListElement\":[{\"@type\":\"ListItem\",\"position\":1,\"name\":\"Portada\",\"item\":\"https:\\\/\\\/noticiasmercedinas.com\\\/site\\\/\"},{\"@type\":\"ListItem\",\"position\":2,\"name\":\"Arranca intensa campa\u00f1a contra el sarampi\u00f3n\"}]},{\"@type\":\"WebSite\",\"@id\":\"https:\\\/\\\/noticiasmercedinas.com\\\/site\\\/#website\",\"url\":\"https:\\\/\\\/noticiasmercedinas.com\\\/site\\\/\",\"name\":\"NOTICIASMERCEDINAS.COM\",\"description\":\"Mercedes, Buenos Aires, Argentina\",\"publisher\":{\"@id\":\"https:\\\/\\\/noticiasmercedinas.com\\\/site\\\/#organization\"},\"potentialAction\":[{\"@type\":\"SearchAction\",\"target\":{\"@type\":\"EntryPoint\",\"urlTemplate\":\"https:\\\/\\\/noticiasmercedinas.com\\\/site\\\/?s={search_term_string}\"},\"query-input\":{\"@type\":\"PropertyValueSpecification\",\"valueRequired\":true,\"valueName\":\"search_term_string\"}}],\"inLanguage\":\"es\"},{\"@type\":\"Organization\",\"@id\":\"https:\\\/\\\/noticiasmercedinas.com\\\/site\\\/#organization\",\"name\":\"NOTICIASMERCEDINAS.COM\",\"url\":\"https:\\\/\\\/noticiasmercedinas.com\\\/site\\\/\",\"logo\":{\"@type\":\"ImageObject\",\"inLanguage\":\"es\",\"@id\":\"https:\\\/\\\/noticiasmercedinas.com\\\/site\\\/#\\\/schema\\\/logo\\\/image\\\/\",\"url\":\"https:\\\/\\\/noticiasmercedinas.com\\\/site\\\/wp-content\\\/uploads\\\/2020\\\/06\\\/LOGO-512.jpg\",\"contentUrl\":\"https:\\\/\\\/noticiasmercedinas.com\\\/site\\\/wp-content\\\/uploads\\\/2020\\\/06\\\/LOGO-512.jpg\",\"width\":512,\"height\":512,\"caption\":\"NOTICIASMERCEDINAS.COM\"},\"image\":{\"@id\":\"https:\\\/\\\/noticiasmercedinas.com\\\/site\\\/#\\\/schema\\\/logo\\\/image\\\/\"},\"sameAs\":[\"https:\\\/\\\/www.facebook.com\\\/noticiasmercedinas\\\/\",\"https:\\\/\\\/x.com\\\/notmercedinas\",\"https:\\\/\\\/www.instagram.com\\\/noticiasmercedinas\\\/\"]},{\"@type\":\"Person\",\"@id\":\"https:\\\/\\\/noticiasmercedinas.com\\\/site\\\/#\\\/schema\\\/person\\\/d481a9696a5feaec13a60e2bbd991a6a\",\"name\":\"Cristian Falabella NOTICIASMERCEDINAS.COM\",\"image\":{\"@type\":\"ImageObject\",\"inLanguage\":\"es\",\"@id\":\"https:\\\/\\\/secure.gravatar.com\\\/avatar\\\/0dbbfc45970cc46bcd0e57766228574ff3511d6eed045b182f536f0f478c1f06?s=96&d=mm&r=g\",\"url\":\"https:\\\/\\\/secure.gravatar.com\\\/avatar\\\/0dbbfc45970cc46bcd0e57766228574ff3511d6eed045b182f536f0f478c1f06?s=96&d=mm&r=g\",\"contentUrl\":\"https:\\\/\\\/secure.gravatar.com\\\/avatar\\\/0dbbfc45970cc46bcd0e57766228574ff3511d6eed045b182f536f0f478c1f06?s=96&d=mm&r=g\",\"caption\":\"Cristian Falabella NOTICIASMERCEDINAS.COM\"},\"description\":\"Periodista, editor de Noticias Mercedinas. Pas\u00f3 por varias redacciones y emprendimientos de prensa, en distintos formatos y \u00e9pocas. Se especializ\u00f3 --y sigue haci\u00e9ndolo-- en comunicaci\u00f3n en la web y en junio de 2006 fund\u00f3 este diario digital.\",\"sameAs\":[\"https:\\\/\\\/noticiasmercedinas.com\",\"https:\\\/\\\/www.facebook.com\\\/cristian.falabella\",\"https:\\\/\\\/www.instagram.com\\\/noticiasmercedinas\\\/\",\"https:\\\/\\\/x.com\\\/https:\\\/\\\/twitter.com\\\/NOTMERCEDINAS\"],\"url\":\"https:\\\/\\\/noticiasmercedinas.com\\\/site\\\/author\\\/as000384\\\/\"}]}<\/script>\n<!-- \/ Yoast SEO plugin. -->","yoast_head_json":{"title":"Arranca intensa campa\u00f1a contra el sarampi\u00f3n","robots":{"index":"index","follow":"follow","max-snippet":"max-snippet:-1","max-image-preview":"max-image-preview:large","max-video-preview":"max-video-preview:-1"},"canonical":"https:\/\/noticiasmercedinas.com\/site\/2018\/10\/02\/arranca-intensa-campana-contra-el-sarampion\/","og_locale":"es_ES","og_type":"article","og_title":"Arranca intensa campa\u00f1a contra el sarampi\u00f3n","og_description":"El Municipio de Mercedes, a trav\u00e9s de la Secretar\u00eda de Salud, puso en marcha la campa\u00f1a de vacunaci\u00f3n contra el sarampi\u00f3n. Apunta a aplicar un refuerzo de la vacuna triple viral (sarampi\u00f3n-rubeola-parotiditis) en los peque\u00f1os de entre 13 meses y 4 a\u00f1os. De esta manera, el \u00e1rea de Salud recorrer\u00e1 los jardines de infantes de [&hellip;]","og_url":"https:\/\/noticiasmercedinas.com\/site\/2018\/10\/02\/arranca-intensa-campana-contra-el-sarampion\/","og_site_name":"NOTICIASMERCEDINAS.COM","article_publisher":"https:\/\/www.facebook.com\/noticiasmercedinas\/","article_author":"https:\/\/www.facebook.com\/cristian.falabella","article_published_time":"2018-10-02T11:16:10+00:00","article_modified_time":"2018-10-02T11:18:04+00:00","og_image":[{"width":650,"height":427,"url":"https:\/\/noticiasmercedinas.com\/site\/wp-content\/uploads\/2018\/10\/VC1.jpg","type":"image\/jpeg"}],"author":"Cristian Falabella NOTICIASMERCEDINAS.COM","twitter_card":"summary_large_image","twitter_creator":"@https:\/\/twitter.com\/NOTMERCEDINAS","twitter_site":"@notmercedinas","twitter_misc":{"Escrito por":"Cristian Falabella NOTICIASMERCEDINAS.COM","Tiempo de lectura":"2 minutos"},"schema":{"@context":"https:\/\/schema.org","@graph":[{"@type":"Article","@id":"https:\/\/noticiasmercedinas.com\/site\/2018\/10\/02\/arranca-intensa-campana-contra-el-sarampion\/#article","isPartOf":{"@id":"https:\/\/noticiasmercedinas.com\/site\/2018\/10\/02\/arranca-intensa-campana-contra-el-sarampion\/"},"author":{"name":"Cristian Falabella NOTICIASMERCEDINAS.COM","@id":"https:\/\/noticiasmercedinas.com\/site\/#\/schema\/person\/d481a9696a5feaec13a60e2bbd991a6a"},"headline":"Arranca intensa campa\u00f1a contra el sarampi\u00f3n","datePublished":"2018-10-02T11:16:10+00:00","dateModified":"2018-10-02T11:18:04+00:00","mainEntityOfPage":{"@id":"https:\/\/noticiasmercedinas.com\/site\/2018\/10\/02\/arranca-intensa-campana-contra-el-sarampion\/"},"wordCount":427,"commentCount":0,"publisher":{"@id":"https:\/\/noticiasmercedinas.com\/site\/#organization"},"image":{"@id":"https:\/\/noticiasmercedinas.com\/site\/2018\/10\/02\/arranca-intensa-campana-contra-el-sarampion\/#primaryimage"},"thumbnailUrl":"https:\/\/noticiasmercedinas.com\/site\/wp-content\/uploads\/2018\/10\/VC1.jpg","keywords":["pablo cassiani","salud","sarampion","vacunacion"],"articleSection":["Sociedad"],"inLanguage":"es","potentialAction":[{"@type":"CommentAction","name":"Comment","target":["https:\/\/noticiasmercedinas.com\/site\/2018\/10\/02\/arranca-intensa-campana-contra-el-sarampion\/#respond"]}]},{"@type":"WebPage","@id":"https:\/\/noticiasmercedinas.com\/site\/2018\/10\/02\/arranca-intensa-campana-contra-el-sarampion\/","url":"https:\/\/noticiasmercedinas.com\/site\/2018\/10\/02\/arranca-intensa-campana-contra-el-sarampion\/","name":"Arranca intensa campa\u00f1a contra el sarampi\u00f3n","isPartOf":{"@id":"https:\/\/noticiasmercedinas.com\/site\/#website"},"primaryImageOfPage":{"@id":"https:\/\/noticiasmercedinas.com\/site\/2018\/10\/02\/arranca-intensa-campana-contra-el-sarampion\/#primaryimage"},"image":{"@id":"https:\/\/noticiasmercedinas.com\/site\/2018\/10\/02\/arranca-intensa-campana-contra-el-sarampion\/#primaryimage"},"thumbnailUrl":"https:\/\/noticiasmercedinas.com\/site\/wp-content\/uploads\/2018\/10\/VC1.jpg","datePublished":"2018-10-02T11:16:10+00:00","dateModified":"2018-10-02T11:18:04+00:00","breadcrumb":{"@id":"https:\/\/noticiasmercedinas.com\/site\/2018\/10\/02\/arranca-intensa-campana-contra-el-sarampion\/#breadcrumb"},"inLanguage":"es","potentialAction":[{"@type":"ReadAction","target":["https:\/\/noticiasmercedinas.com\/site\/2018\/10\/02\/arranca-intensa-campana-contra-el-sarampion\/"]}]},{"@type":"ImageObject","inLanguage":"es","@id":"https:\/\/noticiasmercedinas.com\/site\/2018\/10\/02\/arranca-intensa-campana-contra-el-sarampion\/#primaryimage","url":"https:\/\/noticiasmercedinas.com\/site\/wp-content\/uploads\/2018\/10\/VC1.jpg","contentUrl":"https:\/\/noticiasmercedinas.com\/site\/wp-content\/uploads\/2018\/10\/VC1.jpg","width":650,"height":427},{"@type":"BreadcrumbList","@id":"https:\/\/noticiasmercedinas.com\/site\/2018\/10\/02\/arranca-intensa-campana-contra-el-sarampion\/#breadcrumb","itemListElement":[{"@type":"ListItem","position":1,"name":"Portada","item":"https:\/\/noticiasmercedinas.com\/site\/"},{"@type":"ListItem","position":2,"name":"Arranca intensa campa\u00f1a contra el sarampi\u00f3n"}]},{"@type":"WebSite","@id":"https:\/\/noticiasmercedinas.com\/site\/#website","url":"https:\/\/noticiasmercedinas.com\/site\/","name":"NOTICIASMERCEDINAS.COM","description":"Mercedes, Buenos Aires, Argentina","publisher":{"@id":"https:\/\/noticiasmercedinas.com\/site\/#organization"},"potentialAction":[{"@type":"SearchAction","target":{"@type":"EntryPoint","urlTemplate":"https:\/\/noticiasmercedinas.com\/site\/?s={search_term_string}"},"query-input":{"@type":"PropertyValueSpecification","valueRequired":true,"valueName":"search_term_string"}}],"inLanguage":"es"},{"@type":"Organization","@id":"https:\/\/noticiasmercedinas.com\/site\/#organization","name":"NOTICIASMERCEDINAS.COM","url":"https:\/\/noticiasmercedinas.com\/site\/","logo":{"@type":"ImageObject","inLanguage":"es","@id":"https:\/\/noticiasmercedinas.com\/site\/#\/schema\/logo\/image\/","url":"https:\/\/noticiasmercedinas.com\/site\/wp-content\/uploads\/2020\/06\/LOGO-512.jpg","contentUrl":"https:\/\/noticiasmercedinas.com\/site\/wp-content\/uploads\/2020\/06\/LOGO-512.jpg","width":512,"height":512,"caption":"NOTICIASMERCEDINAS.COM"},"image":{"@id":"https:\/\/noticiasmercedinas.com\/site\/#\/schema\/logo\/image\/"},"sameAs":["https:\/\/www.facebook.com\/noticiasmercedinas\/","https:\/\/x.com\/notmercedinas","https:\/\/www.instagram.com\/noticiasmercedinas\/"]},{"@type":"Person","@id":"https:\/\/noticiasmercedinas.com\/site\/#\/schema\/person\/d481a9696a5feaec13a60e2bbd991a6a","name":"Cristian Falabella NOTICIASMERCEDINAS.COM","image":{"@type":"ImageObject","inLanguage":"es","@id":"https:\/\/secure.gravatar.com\/avatar\/0dbbfc45970cc46bcd0e57766228574ff3511d6eed045b182f536f0f478c1f06?s=96&d=mm&r=g","url":"https:\/\/secure.gravatar.com\/avatar\/0dbbfc45970cc46bcd0e57766228574ff3511d6eed045b182f536f0f478c1f06?s=96&d=mm&r=g","contentUrl":"https:\/\/secure.gravatar.com\/avatar\/0dbbfc45970cc46bcd0e57766228574ff3511d6eed045b182f536f0f478c1f06?s=96&d=mm&r=g","caption":"Cristian Falabella NOTICIASMERCEDINAS.COM"},"description":"Periodista, editor de Noticias Mercedinas. Pas\u00f3 por varias redacciones y emprendimientos de prensa, en distintos formatos y \u00e9pocas. Se especializ\u00f3 --y sigue haci\u00e9ndolo-- en comunicaci\u00f3n en la web y en junio de 2006 fund\u00f3 este diario digital.","sameAs":["https:\/\/noticiasmercedinas.com","https:\/\/www.facebook.com\/cristian.falabella","https:\/\/www.instagram.com\/noticiasmercedinas\/","https:\/\/x.com\/https:\/\/twitter.com\/NOTMERCEDINAS"],"url":"https:\/\/noticiasmercedinas.com\/site\/author\/as000384\/"}]}},"amp_enabled":true,"_links":{"self":[{"href":"https:\/\/noticiasmercedinas.com\/site\/wp-json\/wp\/v2\/posts\/3346","targetHints":{"allow":["GET"]}}],"collection":[{"href":"https:\/\/noticiasmercedinas.com\/site\/wp-json\/wp\/v2\/posts"}],"about":[{"href":"https:\/\/noticiasmercedinas.com\/site\/wp-json\/wp\/v2\/types\/post"}],"author":[{"embeddable":true,"href":"https:\/\/noticiasmercedinas.com\/site\/wp-json\/wp\/v2\/users\/2"}],"replies":[{"embeddable":true,"href":"https:\/\/noticiasmercedinas.com\/site\/wp-json\/wp\/v2\/comments?post=3346"}],"version-history":[{"count":2,"href":"https:\/\/noticiasmercedinas.com\/site\/wp-json\/wp\/v2\/posts\/3346\/revisions"}],"predecessor-version":[{"id":3349,"href":"https:\/\/noticiasmercedinas.com\/site\/wp-json\/wp\/v2\/posts\/3346\/revisions\/3349"}],"wp:featuredmedia":[{"embeddable":true,"href":"https:\/\/noticiasmercedinas.com\/site\/wp-json\/wp\/v2\/media\/3347"}],"wp:attachment":[{"href":"https:\/\/noticiasmercedinas.com\/site\/wp-json\/wp\/v2\/media?parent=3346"}],"wp:term":[{"taxonomy":"category","embeddable":true,"href":"https:\/\/noticiasmercedinas.com\/site\/wp-json\/wp\/v2\/categories?post=3346"},{"taxonomy":"post_tag","embeddable":true,"href":"https:\/\/noticiasmercedinas.com\/site\/wp-json\/wp\/v2\/tags?post=3346"}],"curies":[{"name":"wp","href":"https:\/\/api.w.org\/{rel}","templated":true}]}}