{"id":33480,"date":"2019-11-13T15:04:47","date_gmt":"2019-11-13T18:04:47","guid":{"rendered":"https:\/\/noticiasmercedinas.com\/site\/?p=33480"},"modified":"2019-11-13T15:04:47","modified_gmt":"2019-11-13T18:04:47","slug":"sigma-cuestionan-que-se-detuvieron-las-tareas-de-remediacion-en-la-verde","status":"publish","type":"post","link":"https:\/\/noticiasmercedinas.com\/site\/2019\/11\/13\/sigma-cuestionan-que-se-detuvieron-las-tareas-de-remediacion-en-la-verde\/","title":{"rendered":"Sigma: cuestionan que se detuvieron las tareas de remediaci\u00f3n en La Verde"},"content":{"rendered":"<p><img loading=\"lazy\" decoding=\"async\" class=\"alignnone size-full wp-image-33481\" src=\"https:\/\/noticiasmercedinas.com\/site\/wp-content\/uploads\/2019\/11\/74571737_515601329169712_3099176567465574400_o.jpg\" alt=\"\" width=\"960\" height=\"540\" srcset=\"https:\/\/noticiasmercedinas.com\/site\/wp-content\/uploads\/2019\/11\/74571737_515601329169712_3099176567465574400_o.jpg 960w, https:\/\/noticiasmercedinas.com\/site\/wp-content\/uploads\/2019\/11\/74571737_515601329169712_3099176567465574400_o-300x169.jpg 300w, https:\/\/noticiasmercedinas.com\/site\/wp-content\/uploads\/2019\/11\/74571737_515601329169712_3099176567465574400_o-768x432.jpg 768w, https:\/\/noticiasmercedinas.com\/site\/wp-content\/uploads\/2019\/11\/74571737_515601329169712_3099176567465574400_o-640x360.jpg 640w, https:\/\/noticiasmercedinas.com\/site\/wp-content\/uploads\/2019\/11\/74571737_515601329169712_3099176567465574400_o-681x383.jpg 681w\" sizes=\"auto, (max-width: 960px) 100vw, 960px\" \/><\/p>\n<p>Desde la Asamblea Mercedina por la Agroecolog\u00eda (AMA) se\u00f1alaron que hay \u201clamentables novedades\u201d en el caso de Sigma S.A. por el desastre en La Verde.<\/p>\n<p>\u201cPasado un mes y medio del desastre socioambiental provocado por la empresa Sigma Agro S.A. las nuevas no son buenas ni tranquilizantes. Las reuniones que se suceden entre vecinos, funcionarios del municipio, de la Secretar\u00eda de Ambiente nacional y la OPDS (organismo provincial dedicado a desarrollo sustentable) repiten una din\u00e1mica que tiende al desgaste y la canalizaci\u00f3n burocr\u00e1tica del asunto: exposiciones de mero contenido t\u00e9cnico de dificultosa comprensi\u00f3n, desreponsabilizaci\u00f3n del problema de fondo de cada estrato estatal, ausencia de debate genuino sobre el modelo productivo que permite la existencia de empresas como Sigma, presencia testimonial de funcionarios sin capacidad de brindar soluciones concretas, etc. Como si fuera poco, la empresa hace al menos 10 d\u00edas que detuvo sin explicaci\u00f3n alguna las tareas de remediaci\u00f3n que le corresponde efectuar, mientras el rol del municipio se reduce a constatar esto sin intervenci\u00f3n sustancial alguna\u201d, se\u00f1alaron mediante un comunicado desde la AMA.<\/p>\n<p>\u201cEn este contexto de des\u00e1nimo, el expediente judicial presenta un documento de una supuesta habilitaci\u00f3n municipal de la planta Sigma. Sera el \u00e1mbito judicial quien deber\u00e1 establecer la autenticidad o no de la misma, pero en cualquier caso da lugar a establecer responsabilidades pol\u00edticas y penales al respecto: o el municipio es c\u00f3mplice directo por habilitar una planta cuyo funcionamiento irregular y contaminante provoc\u00f3 el mayor desastre socioambiental de la zona, o la amplia lista de irregularidades de Sigma suma otro cap\u00edtulo bajo la forma del delito de falsificaci\u00f3n de documentos\u201d, agregaron.<\/p>\n<p>\u201cMientras tanto los vecinos expresan su desconcierto frente a los movimientos en el predio de Sigma y reclaman el cierre definitivo de la planta; reclamo al que esta Asamblea adhiere y respalda. Mientras en Mercedes las recientes elecciones confirmaron las preferencias que se hab\u00edan manifestado hace cuatro a\u00f1os, la fiesta de cerveceros y el MASTAI terminaron de forma exitosa, y las agendas pol\u00edticas de los principales partidos locales contin\u00faan ignorando la dimensi\u00f3n de lo sucedido en La Verde, se vuelve imperiosa una voz cr\u00edtica que siga proponiendo la Agroecolog\u00eda como alternativa al modelo extractivista y contaminante del agronegocio (que beneficia a empresas como SIGMA AGRO S.A. y que cuenta con voces y silencios complacientes). Ya lo dijimos y lo seguiremos diciendo: agroecolog\u00eda o barbarie, esa es la cuesti\u00f3n, en Mercedes, en Argentina y en Nuestra Am\u00e9rica\u201d, completaron.<\/p>\n","protected":false},"excerpt":{"rendered":"<p>Desde la Asamblea Mercedina por la Agroecolog\u00eda (AMA) se\u00f1alaron que hay \u201clamentables novedades\u201d en el caso de Sigma S.A. por el desastre en La Verde. \u201cPasado un mes y medio del desastre socioambiental provocado por la empresa Sigma Agro S.A. las nuevas no son buenas ni tranquilizantes. Las reuniones que se suceden entre vecinos, funcionarios [&hellip;]<\/p>\n","protected":false},"author":16,"featured_media":33481,"comment_status":"open","ping_status":"open","sticky":false,"template":"","format":"standard","meta":{"footnotes":""},"categories":[5754],"tags":[3314,1220,7180,1746,6258,6638,6663],"class_list":["post-33480","post","type-post","status-publish","format-standard","has-post-thumbnail","hentry","category-medio-ambiente","tag-agroquimicos","tag-ama","tag-asamblea-ambiental-mercedina","tag-incendio","tag-la-verde","tag-sigma","tag-sigma-agro"],"yoast_head":"<!-- This site is optimized with the Yoast SEO plugin v27.4 - https:\/\/yoast.com\/product\/yoast-seo-wordpress\/ -->\n<title>Sigma: cuestionan que se detuvieron las tareas de remediaci\u00f3n en La Verde<\/title>\n<meta name=\"robots\" content=\"index, follow, max-snippet:-1, max-image-preview:large, max-video-preview:-1\" \/>\n<link rel=\"canonical\" href=\"https:\/\/noticiasmercedinas.com\/site\/2019\/11\/13\/sigma-cuestionan-que-se-detuvieron-las-tareas-de-remediacion-en-la-verde\/\" \/>\n<meta property=\"og:locale\" content=\"es_ES\" \/>\n<meta property=\"og:type\" content=\"article\" \/>\n<meta property=\"og:title\" content=\"Sigma: cuestionan que se detuvieron las tareas de remediaci\u00f3n en La Verde\" \/>\n<meta property=\"og:description\" content=\"Desde la Asamblea Mercedina por la Agroecolog\u00eda (AMA) se\u00f1alaron que hay \u201clamentables novedades\u201d en el caso de Sigma S.A. por el desastre en La Verde. \u201cPasado un mes y medio del desastre socioambiental provocado por la empresa Sigma Agro S.A. las nuevas no son buenas ni tranquilizantes. Las reuniones que se suceden entre vecinos, funcionarios [&hellip;]\" \/>\n<meta property=\"og:url\" content=\"https:\/\/noticiasmercedinas.com\/site\/2019\/11\/13\/sigma-cuestionan-que-se-detuvieron-las-tareas-de-remediacion-en-la-verde\/\" \/>\n<meta property=\"og:site_name\" content=\"NOTICIASMERCEDINAS.COM\" \/>\n<meta property=\"article:publisher\" content=\"https:\/\/www.facebook.com\/noticiasmercedinas\/\" \/>\n<meta property=\"article:published_time\" content=\"2019-11-13T18:04:47+00:00\" \/>\n<meta property=\"og:image\" content=\"https:\/\/noticiasmercedinas.com\/site\/wp-content\/uploads\/2019\/11\/74571737_515601329169712_3099176567465574400_o.jpg\" \/>\n\t<meta property=\"og:image:width\" content=\"960\" \/>\n\t<meta property=\"og:image:height\" content=\"540\" \/>\n\t<meta property=\"og:image:type\" content=\"image\/jpeg\" \/>\n<meta name=\"author\" content=\"NOTICIASMERCEDINAS.COM\" \/>\n<meta name=\"twitter:card\" content=\"summary_large_image\" \/>\n<meta name=\"twitter:creator\" content=\"@notmercedinas\" \/>\n<meta name=\"twitter:site\" content=\"@notmercedinas\" \/>\n<meta name=\"twitter:label1\" content=\"Escrito por\" \/>\n\t<meta name=\"twitter:data1\" content=\"NOTICIASMERCEDINAS.COM\" \/>\n\t<meta name=\"twitter:label2\" content=\"Tiempo de lectura\" \/>\n\t<meta name=\"twitter:data2\" content=\"2 minutos\" \/>\n<script type=\"application\/ld+json\" class=\"yoast-schema-graph\">{\"@context\":\"https:\\\/\\\/schema.org\",\"@graph\":[{\"@type\":\"Article\",\"@id\":\"https:\\\/\\\/noticiasmercedinas.com\\\/site\\\/2019\\\/11\\\/13\\\/sigma-cuestionan-que-se-detuvieron-las-tareas-de-remediacion-en-la-verde\\\/#article\",\"isPartOf\":{\"@id\":\"https:\\\/\\\/noticiasmercedinas.com\\\/site\\\/2019\\\/11\\\/13\\\/sigma-cuestionan-que-se-detuvieron-las-tareas-de-remediacion-en-la-verde\\\/\"},\"author\":{\"name\":\"NOTICIASMERCEDINAS.COM\",\"@id\":\"https:\\\/\\\/noticiasmercedinas.com\\\/site\\\/#\\\/schema\\\/person\\\/84b59c099c28ff2e8b77d4ceec5d8063\"},\"headline\":\"Sigma: cuestionan que se detuvieron las tareas de remediaci\u00f3n en La Verde\",\"datePublished\":\"2019-11-13T18:04:47+00:00\",\"mainEntityOfPage\":{\"@id\":\"https:\\\/\\\/noticiasmercedinas.com\\\/site\\\/2019\\\/11\\\/13\\\/sigma-cuestionan-que-se-detuvieron-las-tareas-de-remediacion-en-la-verde\\\/\"},\"wordCount\":448,\"commentCount\":0,\"publisher\":{\"@id\":\"https:\\\/\\\/noticiasmercedinas.com\\\/site\\\/#organization\"},\"image\":{\"@id\":\"https:\\\/\\\/noticiasmercedinas.com\\\/site\\\/2019\\\/11\\\/13\\\/sigma-cuestionan-que-se-detuvieron-las-tareas-de-remediacion-en-la-verde\\\/#primaryimage\"},\"thumbnailUrl\":\"https:\\\/\\\/noticiasmercedinas.com\\\/site\\\/wp-content\\\/uploads\\\/2019\\\/11\\\/74571737_515601329169712_3099176567465574400_o.jpg\",\"keywords\":[\"Agroqu\u00edmicos\",\"ama\",\"asamblea ambiental mercedina\",\"incendio\",\"la verde\",\"sigma\",\"Sigma agro\"],\"articleSection\":[\"Ambiente\"],\"inLanguage\":\"es\",\"potentialAction\":[{\"@type\":\"CommentAction\",\"name\":\"Comment\",\"target\":[\"https:\\\/\\\/noticiasmercedinas.com\\\/site\\\/2019\\\/11\\\/13\\\/sigma-cuestionan-que-se-detuvieron-las-tareas-de-remediacion-en-la-verde\\\/#respond\"]}]},{\"@type\":\"WebPage\",\"@id\":\"https:\\\/\\\/noticiasmercedinas.com\\\/site\\\/2019\\\/11\\\/13\\\/sigma-cuestionan-que-se-detuvieron-las-tareas-de-remediacion-en-la-verde\\\/\",\"url\":\"https:\\\/\\\/noticiasmercedinas.com\\\/site\\\/2019\\\/11\\\/13\\\/sigma-cuestionan-que-se-detuvieron-las-tareas-de-remediacion-en-la-verde\\\/\",\"name\":\"Sigma: cuestionan que se detuvieron las tareas de remediaci\u00f3n en La Verde\",\"isPartOf\":{\"@id\":\"https:\\\/\\\/noticiasmercedinas.com\\\/site\\\/#website\"},\"primaryImageOfPage\":{\"@id\":\"https:\\\/\\\/noticiasmercedinas.com\\\/site\\\/2019\\\/11\\\/13\\\/sigma-cuestionan-que-se-detuvieron-las-tareas-de-remediacion-en-la-verde\\\/#primaryimage\"},\"image\":{\"@id\":\"https:\\\/\\\/noticiasmercedinas.com\\\/site\\\/2019\\\/11\\\/13\\\/sigma-cuestionan-que-se-detuvieron-las-tareas-de-remediacion-en-la-verde\\\/#primaryimage\"},\"thumbnailUrl\":\"https:\\\/\\\/noticiasmercedinas.com\\\/site\\\/wp-content\\\/uploads\\\/2019\\\/11\\\/74571737_515601329169712_3099176567465574400_o.jpg\",\"datePublished\":\"2019-11-13T18:04:47+00:00\",\"breadcrumb\":{\"@id\":\"https:\\\/\\\/noticiasmercedinas.com\\\/site\\\/2019\\\/11\\\/13\\\/sigma-cuestionan-que-se-detuvieron-las-tareas-de-remediacion-en-la-verde\\\/#breadcrumb\"},\"inLanguage\":\"es\",\"potentialAction\":[{\"@type\":\"ReadAction\",\"target\":[\"https:\\\/\\\/noticiasmercedinas.com\\\/site\\\/2019\\\/11\\\/13\\\/sigma-cuestionan-que-se-detuvieron-las-tareas-de-remediacion-en-la-verde\\\/\"]}]},{\"@type\":\"ImageObject\",\"inLanguage\":\"es\",\"@id\":\"https:\\\/\\\/noticiasmercedinas.com\\\/site\\\/2019\\\/11\\\/13\\\/sigma-cuestionan-que-se-detuvieron-las-tareas-de-remediacion-en-la-verde\\\/#primaryimage\",\"url\":\"https:\\\/\\\/noticiasmercedinas.com\\\/site\\\/wp-content\\\/uploads\\\/2019\\\/11\\\/74571737_515601329169712_3099176567465574400_o.jpg\",\"contentUrl\":\"https:\\\/\\\/noticiasmercedinas.com\\\/site\\\/wp-content\\\/uploads\\\/2019\\\/11\\\/74571737_515601329169712_3099176567465574400_o.jpg\",\"width\":960,\"height\":540},{\"@type\":\"BreadcrumbList\",\"@id\":\"https:\\\/\\\/noticiasmercedinas.com\\\/site\\\/2019\\\/11\\\/13\\\/sigma-cuestionan-que-se-detuvieron-las-tareas-de-remediacion-en-la-verde\\\/#breadcrumb\",\"itemListElement\":[{\"@type\":\"ListItem\",\"position\":1,\"name\":\"Portada\",\"item\":\"https:\\\/\\\/noticiasmercedinas.com\\\/site\\\/\"},{\"@type\":\"ListItem\",\"position\":2,\"name\":\"Sigma: cuestionan que se detuvieron las tareas de remediaci\u00f3n en La Verde\"}]},{\"@type\":\"WebSite\",\"@id\":\"https:\\\/\\\/noticiasmercedinas.com\\\/site\\\/#website\",\"url\":\"https:\\\/\\\/noticiasmercedinas.com\\\/site\\\/\",\"name\":\"NOTICIASMERCEDINAS.COM\",\"description\":\"Mercedes, Buenos Aires, Argentina\",\"publisher\":{\"@id\":\"https:\\\/\\\/noticiasmercedinas.com\\\/site\\\/#organization\"},\"potentialAction\":[{\"@type\":\"SearchAction\",\"target\":{\"@type\":\"EntryPoint\",\"urlTemplate\":\"https:\\\/\\\/noticiasmercedinas.com\\\/site\\\/?s={search_term_string}\"},\"query-input\":{\"@type\":\"PropertyValueSpecification\",\"valueRequired\":true,\"valueName\":\"search_term_string\"}}],\"inLanguage\":\"es\"},{\"@type\":\"Organization\",\"@id\":\"https:\\\/\\\/noticiasmercedinas.com\\\/site\\\/#organization\",\"name\":\"NOTICIASMERCEDINAS.COM\",\"url\":\"https:\\\/\\\/noticiasmercedinas.com\\\/site\\\/\",\"logo\":{\"@type\":\"ImageObject\",\"inLanguage\":\"es\",\"@id\":\"https:\\\/\\\/noticiasmercedinas.com\\\/site\\\/#\\\/schema\\\/logo\\\/image\\\/\",\"url\":\"https:\\\/\\\/noticiasmercedinas.com\\\/site\\\/wp-content\\\/uploads\\\/2020\\\/06\\\/LOGO-512.jpg\",\"contentUrl\":\"https:\\\/\\\/noticiasmercedinas.com\\\/site\\\/wp-content\\\/uploads\\\/2020\\\/06\\\/LOGO-512.jpg\",\"width\":512,\"height\":512,\"caption\":\"NOTICIASMERCEDINAS.COM\"},\"image\":{\"@id\":\"https:\\\/\\\/noticiasmercedinas.com\\\/site\\\/#\\\/schema\\\/logo\\\/image\\\/\"},\"sameAs\":[\"https:\\\/\\\/www.facebook.com\\\/noticiasmercedinas\\\/\",\"https:\\\/\\\/x.com\\\/notmercedinas\",\"https:\\\/\\\/www.instagram.com\\\/noticiasmercedinas\\\/\"]},{\"@type\":\"Person\",\"@id\":\"https:\\\/\\\/noticiasmercedinas.com\\\/site\\\/#\\\/schema\\\/person\\\/84b59c099c28ff2e8b77d4ceec5d8063\",\"name\":\"NOTICIASMERCEDINAS.COM\",\"image\":{\"@type\":\"ImageObject\",\"inLanguage\":\"es\",\"@id\":\"https:\\\/\\\/secure.gravatar.com\\\/avatar\\\/4dfbf16b4d17945bfb6341b2d19043457132fcf478a5ee04f42e959fd8f5df0a?s=96&d=mm&r=g\",\"url\":\"https:\\\/\\\/secure.gravatar.com\\\/avatar\\\/4dfbf16b4d17945bfb6341b2d19043457132fcf478a5ee04f42e959fd8f5df0a?s=96&d=mm&r=g\",\"contentUrl\":\"https:\\\/\\\/secure.gravatar.com\\\/avatar\\\/4dfbf16b4d17945bfb6341b2d19043457132fcf478a5ee04f42e959fd8f5df0a?s=96&d=mm&r=g\",\"caption\":\"NOTICIASMERCEDINAS.COM\"},\"url\":\"https:\\\/\\\/noticiasmercedinas.com\\\/site\\\/author\\\/anonimo\\\/\"}]}<\/script>\n<!-- \/ Yoast SEO plugin. -->","yoast_head_json":{"title":"Sigma: cuestionan que se detuvieron las tareas de remediaci\u00f3n en La Verde","robots":{"index":"index","follow":"follow","max-snippet":"max-snippet:-1","max-image-preview":"max-image-preview:large","max-video-preview":"max-video-preview:-1"},"canonical":"https:\/\/noticiasmercedinas.com\/site\/2019\/11\/13\/sigma-cuestionan-que-se-detuvieron-las-tareas-de-remediacion-en-la-verde\/","og_locale":"es_ES","og_type":"article","og_title":"Sigma: cuestionan que se detuvieron las tareas de remediaci\u00f3n en La Verde","og_description":"Desde la Asamblea Mercedina por la Agroecolog\u00eda (AMA) se\u00f1alaron que hay \u201clamentables novedades\u201d en el caso de Sigma S.A. por el desastre en La Verde. \u201cPasado un mes y medio del desastre socioambiental provocado por la empresa Sigma Agro S.A. las nuevas no son buenas ni tranquilizantes. Las reuniones que se suceden entre vecinos, funcionarios [&hellip;]","og_url":"https:\/\/noticiasmercedinas.com\/site\/2019\/11\/13\/sigma-cuestionan-que-se-detuvieron-las-tareas-de-remediacion-en-la-verde\/","og_site_name":"NOTICIASMERCEDINAS.COM","article_publisher":"https:\/\/www.facebook.com\/noticiasmercedinas\/","article_published_time":"2019-11-13T18:04:47+00:00","og_image":[{"width":960,"height":540,"url":"https:\/\/noticiasmercedinas.com\/site\/wp-content\/uploads\/2019\/11\/74571737_515601329169712_3099176567465574400_o.jpg","type":"image\/jpeg"}],"author":"NOTICIASMERCEDINAS.COM","twitter_card":"summary_large_image","twitter_creator":"@notmercedinas","twitter_site":"@notmercedinas","twitter_misc":{"Escrito por":"NOTICIASMERCEDINAS.COM","Tiempo de lectura":"2 minutos"},"schema":{"@context":"https:\/\/schema.org","@graph":[{"@type":"Article","@id":"https:\/\/noticiasmercedinas.com\/site\/2019\/11\/13\/sigma-cuestionan-que-se-detuvieron-las-tareas-de-remediacion-en-la-verde\/#article","isPartOf":{"@id":"https:\/\/noticiasmercedinas.com\/site\/2019\/11\/13\/sigma-cuestionan-que-se-detuvieron-las-tareas-de-remediacion-en-la-verde\/"},"author":{"name":"NOTICIASMERCEDINAS.COM","@id":"https:\/\/noticiasmercedinas.com\/site\/#\/schema\/person\/84b59c099c28ff2e8b77d4ceec5d8063"},"headline":"Sigma: cuestionan que se detuvieron las tareas de remediaci\u00f3n en La Verde","datePublished":"2019-11-13T18:04:47+00:00","mainEntityOfPage":{"@id":"https:\/\/noticiasmercedinas.com\/site\/2019\/11\/13\/sigma-cuestionan-que-se-detuvieron-las-tareas-de-remediacion-en-la-verde\/"},"wordCount":448,"commentCount":0,"publisher":{"@id":"https:\/\/noticiasmercedinas.com\/site\/#organization"},"image":{"@id":"https:\/\/noticiasmercedinas.com\/site\/2019\/11\/13\/sigma-cuestionan-que-se-detuvieron-las-tareas-de-remediacion-en-la-verde\/#primaryimage"},"thumbnailUrl":"https:\/\/noticiasmercedinas.com\/site\/wp-content\/uploads\/2019\/11\/74571737_515601329169712_3099176567465574400_o.jpg","keywords":["Agroqu\u00edmicos","ama","asamblea ambiental mercedina","incendio","la verde","sigma","Sigma agro"],"articleSection":["Ambiente"],"inLanguage":"es","potentialAction":[{"@type":"CommentAction","name":"Comment","target":["https:\/\/noticiasmercedinas.com\/site\/2019\/11\/13\/sigma-cuestionan-que-se-detuvieron-las-tareas-de-remediacion-en-la-verde\/#respond"]}]},{"@type":"WebPage","@id":"https:\/\/noticiasmercedinas.com\/site\/2019\/11\/13\/sigma-cuestionan-que-se-detuvieron-las-tareas-de-remediacion-en-la-verde\/","url":"https:\/\/noticiasmercedinas.com\/site\/2019\/11\/13\/sigma-cuestionan-que-se-detuvieron-las-tareas-de-remediacion-en-la-verde\/","name":"Sigma: cuestionan que se detuvieron las tareas de remediaci\u00f3n en La Verde","isPartOf":{"@id":"https:\/\/noticiasmercedinas.com\/site\/#website"},"primaryImageOfPage":{"@id":"https:\/\/noticiasmercedinas.com\/site\/2019\/11\/13\/sigma-cuestionan-que-se-detuvieron-las-tareas-de-remediacion-en-la-verde\/#primaryimage"},"image":{"@id":"https:\/\/noticiasmercedinas.com\/site\/2019\/11\/13\/sigma-cuestionan-que-se-detuvieron-las-tareas-de-remediacion-en-la-verde\/#primaryimage"},"thumbnailUrl":"https:\/\/noticiasmercedinas.com\/site\/wp-content\/uploads\/2019\/11\/74571737_515601329169712_3099176567465574400_o.jpg","datePublished":"2019-11-13T18:04:47+00:00","breadcrumb":{"@id":"https:\/\/noticiasmercedinas.com\/site\/2019\/11\/13\/sigma-cuestionan-que-se-detuvieron-las-tareas-de-remediacion-en-la-verde\/#breadcrumb"},"inLanguage":"es","potentialAction":[{"@type":"ReadAction","target":["https:\/\/noticiasmercedinas.com\/site\/2019\/11\/13\/sigma-cuestionan-que-se-detuvieron-las-tareas-de-remediacion-en-la-verde\/"]}]},{"@type":"ImageObject","inLanguage":"es","@id":"https:\/\/noticiasmercedinas.com\/site\/2019\/11\/13\/sigma-cuestionan-que-se-detuvieron-las-tareas-de-remediacion-en-la-verde\/#primaryimage","url":"https:\/\/noticiasmercedinas.com\/site\/wp-content\/uploads\/2019\/11\/74571737_515601329169712_3099176567465574400_o.jpg","contentUrl":"https:\/\/noticiasmercedinas.com\/site\/wp-content\/uploads\/2019\/11\/74571737_515601329169712_3099176567465574400_o.jpg","width":960,"height":540},{"@type":"BreadcrumbList","@id":"https:\/\/noticiasmercedinas.com\/site\/2019\/11\/13\/sigma-cuestionan-que-se-detuvieron-las-tareas-de-remediacion-en-la-verde\/#breadcrumb","itemListElement":[{"@type":"ListItem","position":1,"name":"Portada","item":"https:\/\/noticiasmercedinas.com\/site\/"},{"@type":"ListItem","position":2,"name":"Sigma: cuestionan que se detuvieron las tareas de remediaci\u00f3n en La Verde"}]},{"@type":"WebSite","@id":"https:\/\/noticiasmercedinas.com\/site\/#website","url":"https:\/\/noticiasmercedinas.com\/site\/","name":"NOTICIASMERCEDINAS.COM","description":"Mercedes, Buenos Aires, Argentina","publisher":{"@id":"https:\/\/noticiasmercedinas.com\/site\/#organization"},"potentialAction":[{"@type":"SearchAction","target":{"@type":"EntryPoint","urlTemplate":"https:\/\/noticiasmercedinas.com\/site\/?s={search_term_string}"},"query-input":{"@type":"PropertyValueSpecification","valueRequired":true,"valueName":"search_term_string"}}],"inLanguage":"es"},{"@type":"Organization","@id":"https:\/\/noticiasmercedinas.com\/site\/#organization","name":"NOTICIASMERCEDINAS.COM","url":"https:\/\/noticiasmercedinas.com\/site\/","logo":{"@type":"ImageObject","inLanguage":"es","@id":"https:\/\/noticiasmercedinas.com\/site\/#\/schema\/logo\/image\/","url":"https:\/\/noticiasmercedinas.com\/site\/wp-content\/uploads\/2020\/06\/LOGO-512.jpg","contentUrl":"https:\/\/noticiasmercedinas.com\/site\/wp-content\/uploads\/2020\/06\/LOGO-512.jpg","width":512,"height":512,"caption":"NOTICIASMERCEDINAS.COM"},"image":{"@id":"https:\/\/noticiasmercedinas.com\/site\/#\/schema\/logo\/image\/"},"sameAs":["https:\/\/www.facebook.com\/noticiasmercedinas\/","https:\/\/x.com\/notmercedinas","https:\/\/www.instagram.com\/noticiasmercedinas\/"]},{"@type":"Person","@id":"https:\/\/noticiasmercedinas.com\/site\/#\/schema\/person\/84b59c099c28ff2e8b77d4ceec5d8063","name":"NOTICIASMERCEDINAS.COM","image":{"@type":"ImageObject","inLanguage":"es","@id":"https:\/\/secure.gravatar.com\/avatar\/4dfbf16b4d17945bfb6341b2d19043457132fcf478a5ee04f42e959fd8f5df0a?s=96&d=mm&r=g","url":"https:\/\/secure.gravatar.com\/avatar\/4dfbf16b4d17945bfb6341b2d19043457132fcf478a5ee04f42e959fd8f5df0a?s=96&d=mm&r=g","contentUrl":"https:\/\/secure.gravatar.com\/avatar\/4dfbf16b4d17945bfb6341b2d19043457132fcf478a5ee04f42e959fd8f5df0a?s=96&d=mm&r=g","caption":"NOTICIASMERCEDINAS.COM"},"url":"https:\/\/noticiasmercedinas.com\/site\/author\/anonimo\/"}]}},"amp_enabled":true,"_links":{"self":[{"href":"https:\/\/noticiasmercedinas.com\/site\/wp-json\/wp\/v2\/posts\/33480","targetHints":{"allow":["GET"]}}],"collection":[{"href":"https:\/\/noticiasmercedinas.com\/site\/wp-json\/wp\/v2\/posts"}],"about":[{"href":"https:\/\/noticiasmercedinas.com\/site\/wp-json\/wp\/v2\/types\/post"}],"author":[{"embeddable":true,"href":"https:\/\/noticiasmercedinas.com\/site\/wp-json\/wp\/v2\/users\/16"}],"replies":[{"embeddable":true,"href":"https:\/\/noticiasmercedinas.com\/site\/wp-json\/wp\/v2\/comments?post=33480"}],"version-history":[{"count":1,"href":"https:\/\/noticiasmercedinas.com\/site\/wp-json\/wp\/v2\/posts\/33480\/revisions"}],"predecessor-version":[{"id":33483,"href":"https:\/\/noticiasmercedinas.com\/site\/wp-json\/wp\/v2\/posts\/33480\/revisions\/33483"}],"wp:featuredmedia":[{"embeddable":true,"href":"https:\/\/noticiasmercedinas.com\/site\/wp-json\/wp\/v2\/media\/33481"}],"wp:attachment":[{"href":"https:\/\/noticiasmercedinas.com\/site\/wp-json\/wp\/v2\/media?parent=33480"}],"wp:term":[{"taxonomy":"category","embeddable":true,"href":"https:\/\/noticiasmercedinas.com\/site\/wp-json\/wp\/v2\/categories?post=33480"},{"taxonomy":"post_tag","embeddable":true,"href":"https:\/\/noticiasmercedinas.com\/site\/wp-json\/wp\/v2\/tags?post=33480"}],"curies":[{"name":"wp","href":"https:\/\/api.w.org\/{rel}","templated":true}]}}