{"id":33599,"date":"2019-11-14T23:48:55","date_gmt":"2019-11-15T02:48:55","guid":{"rendered":"https:\/\/noticiasmercedinas.com\/site\/?p=33599"},"modified":"2019-11-14T23:49:17","modified_gmt":"2019-11-15T02:49:17","slug":"avanza-la-construccion-del-jardin-espacio-primera-infancia-de-villa-industrial-este","status":"publish","type":"post","link":"https:\/\/noticiasmercedinas.com\/site\/2019\/11\/14\/avanza-la-construccion-del-jardin-espacio-primera-infancia-de-villa-industrial-este\/","title":{"rendered":"Avanza la construcci\u00f3n del Jard\u00edn Espacio Primera Infancia de Villa Industrial Este"},"content":{"rendered":"<p><img loading=\"lazy\" decoding=\"async\" class=\"alignnone size-large wp-image-33600\" src=\"https:\/\/noticiasmercedinas.com\/site\/wp-content\/uploads\/2019\/11\/EpiVI-2-1024x576.jpeg\" alt=\"\" width=\"640\" height=\"360\" srcset=\"https:\/\/noticiasmercedinas.com\/site\/wp-content\/uploads\/2019\/11\/EpiVI-2-1024x576.jpeg 1024w, https:\/\/noticiasmercedinas.com\/site\/wp-content\/uploads\/2019\/11\/EpiVI-2-300x169.jpeg 300w, https:\/\/noticiasmercedinas.com\/site\/wp-content\/uploads\/2019\/11\/EpiVI-2-768x432.jpeg 768w, https:\/\/noticiasmercedinas.com\/site\/wp-content\/uploads\/2019\/11\/EpiVI-2-640x360.jpeg 640w, https:\/\/noticiasmercedinas.com\/site\/wp-content\/uploads\/2019\/11\/EpiVI-2-681x383.jpeg 681w, https:\/\/noticiasmercedinas.com\/site\/wp-content\/uploads\/2019\/11\/EpiVI-2.jpeg 1032w\" sizes=\"auto, (max-width: 640px) 100vw, 640px\" \/><\/p>\n<p>La ni\u00f1ez sigue siendo un eje fundamental para el Municipio de Mercedes y se puede observar tambi\u00e9n en el avance de la obra de construcci\u00f3n de diferentes espacios que beneficiar\u00e1n a vecinos de toda la ciudad y fundamentalmente a la primera infancia. Es as\u00ed como en el barrio Villa Industrial Este ya se comienza a vislumbrar lo que ser\u00e1 un nuevo jard\u00edn Espacio Primera Infancia (en calle 23 y 112).<\/p>\n<p>\u201cNosotros trabajamos, como siempre decimos, pensando en el futuro. Por eso estos espacios para la ni\u00f1ez son muy importantes\u201d, dijo Juan Ignacio Ustarroz.<\/p>\n<p>Por su parte, el jefe de Gabinete, Mat\u00edas Dematei se\u00f1al\u00f3 que \u201cya son 7 los EPI que hemos hecho a nuevo en la ciudad, sumado a los jardines maternales\u201d.<\/p>\n<p>\u201cPara nosotros es muy importante la primera infancia y entendemos que es prioritario trabajar en estos dispositivos que apuntan al cuidado de los ni\u00f1os\u201d, dijo.<\/p>\n<p>\u201cEstamos realmente muy orgullosos y felices de poder mantener estas pol\u00edticas que son necesarias para las familias, d\u00f3nde sin duda, estamos aportando a un futuro mejor para la ciudad\u201d manifest\u00f3 Dematei y remarc\u00f3 que \u201cse ve claramente la idea del intendente, no se trabaj\u00f3 para las elecciones, se trabaj\u00f3 y trabaja para las futuras generaciones, para el bienestar de los vecinos\u201d,.<\/p>\n<p>Hace poco Mercedes fue premiada por su gesti\u00f3n, siendo el \u00fanico municipio en todo el pa\u00eds, premio que recibir\u00e1 el pr\u00f3ximo 28 de noviembre y, parte de ellos, se debe a sus pol\u00edticas de ni\u00f1ez y primera infancia.<\/p>\n<p>\u201cSabemos que trabajar en ni\u00f1ez es hacerlo en las estructuras de una sociedad mejor, de un futuro mejor\u201d, afirm\u00f3 Ustarroz y remarc\u00f3 que \u201cpor eso el CETIM, Mil D\u00edas, Estaci\u00f3n Juego, Mercedes Aprende, Esfuerzos Compartidos, Viv\u00ed Mercedes, son pol\u00edticas de un Estado presente que cuida al vecino y nos llenan de orgullo, como los Jardines Espacio Primera Infancia\u201d.<\/p>\n<p>Es importante destacar que todas estas obras se realizan con recursos municipales, donde una de las premisas a las empresas es la contrataci\u00f3n de mano de obra mercedina.<\/p>\n","protected":false},"excerpt":{"rendered":"<p>La ni\u00f1ez sigue siendo un eje fundamental para el Municipio de Mercedes y se puede observar tambi\u00e9n en el avance de la obra de construcci\u00f3n de diferentes espacios que beneficiar\u00e1n a vecinos de toda la ciudad y fundamentalmente a la primera infancia. Es as\u00ed como en el barrio Villa Industrial Este ya se comienza a [&hellip;]<\/p>\n","protected":false},"author":16,"featured_media":33600,"comment_status":"open","ping_status":"open","sticky":false,"template":"","format":"standard","meta":{"footnotes":""},"categories":[3],"tags":[38,1579,6481,71,7202],"class_list":["post-33599","post","type-post","status-publish","format-standard","has-post-thumbnail","hentry","category-sociedad","tag-educacion","tag-epi","tag-espacio-primera-infancia","tag-salud","tag-villa-industrial-este"],"yoast_head":"<!-- This site is optimized with the Yoast SEO plugin v27.5 - https:\/\/yoast.com\/product\/yoast-seo-wordpress\/ -->\n<title>Avanza la construcci\u00f3n del Jard\u00edn Espacio Primera Infancia de Villa Industrial Este<\/title>\n<meta name=\"robots\" content=\"index, follow, max-snippet:-1, max-image-preview:large, max-video-preview:-1\" \/>\n<link rel=\"canonical\" href=\"https:\/\/noticiasmercedinas.com\/site\/2019\/11\/14\/avanza-la-construccion-del-jardin-espacio-primera-infancia-de-villa-industrial-este\/\" \/>\n<meta property=\"og:locale\" content=\"es_ES\" \/>\n<meta property=\"og:type\" content=\"article\" \/>\n<meta property=\"og:title\" content=\"Avanza la construcci\u00f3n del Jard\u00edn Espacio Primera Infancia de Villa Industrial Este\" \/>\n<meta property=\"og:description\" content=\"La ni\u00f1ez sigue siendo un eje fundamental para el Municipio de Mercedes y se puede observar tambi\u00e9n en el avance de la obra de construcci\u00f3n de diferentes espacios que beneficiar\u00e1n a vecinos de toda la ciudad y fundamentalmente a la primera infancia. Es as\u00ed como en el barrio Villa Industrial Este ya se comienza a [&hellip;]\" \/>\n<meta property=\"og:url\" content=\"https:\/\/noticiasmercedinas.com\/site\/2019\/11\/14\/avanza-la-construccion-del-jardin-espacio-primera-infancia-de-villa-industrial-este\/\" \/>\n<meta property=\"og:site_name\" content=\"NOTICIASMERCEDINAS.COM\" \/>\n<meta property=\"article:publisher\" content=\"https:\/\/www.facebook.com\/noticiasmercedinas\/\" \/>\n<meta property=\"article:published_time\" content=\"2019-11-15T02:48:55+00:00\" \/>\n<meta property=\"article:modified_time\" content=\"2019-11-15T02:49:17+00:00\" \/>\n<meta property=\"og:image\" content=\"https:\/\/noticiasmercedinas.com\/site\/wp-content\/uploads\/2019\/11\/EpiVI-2.jpeg\" \/>\n\t<meta property=\"og:image:width\" content=\"1032\" \/>\n\t<meta property=\"og:image:height\" content=\"581\" \/>\n\t<meta property=\"og:image:type\" content=\"image\/jpeg\" \/>\n<meta name=\"author\" content=\"NOTICIASMERCEDINAS.COM\" \/>\n<meta name=\"twitter:card\" content=\"summary_large_image\" \/>\n<meta name=\"twitter:creator\" content=\"@notmercedinas\" \/>\n<meta name=\"twitter:site\" content=\"@notmercedinas\" \/>\n<meta name=\"twitter:label1\" content=\"Escrito por\" \/>\n\t<meta name=\"twitter:data1\" content=\"NOTICIASMERCEDINAS.COM\" \/>\n\t<meta name=\"twitter:label2\" content=\"Tiempo de lectura\" \/>\n\t<meta name=\"twitter:data2\" content=\"2 minutos\" \/>\n<script type=\"application\/ld+json\" class=\"yoast-schema-graph\">{\"@context\":\"https:\\\/\\\/schema.org\",\"@graph\":[{\"@type\":\"Article\",\"@id\":\"https:\\\/\\\/noticiasmercedinas.com\\\/site\\\/2019\\\/11\\\/14\\\/avanza-la-construccion-del-jardin-espacio-primera-infancia-de-villa-industrial-este\\\/#article\",\"isPartOf\":{\"@id\":\"https:\\\/\\\/noticiasmercedinas.com\\\/site\\\/2019\\\/11\\\/14\\\/avanza-la-construccion-del-jardin-espacio-primera-infancia-de-villa-industrial-este\\\/\"},\"author\":{\"name\":\"NOTICIASMERCEDINAS.COM\",\"@id\":\"https:\\\/\\\/noticiasmercedinas.com\\\/site\\\/#\\\/schema\\\/person\\\/84b59c099c28ff2e8b77d4ceec5d8063\"},\"headline\":\"Avanza la construcci\u00f3n del Jard\u00edn Espacio Primera Infancia de Villa Industrial Este\",\"datePublished\":\"2019-11-15T02:48:55+00:00\",\"dateModified\":\"2019-11-15T02:49:17+00:00\",\"mainEntityOfPage\":{\"@id\":\"https:\\\/\\\/noticiasmercedinas.com\\\/site\\\/2019\\\/11\\\/14\\\/avanza-la-construccion-del-jardin-espacio-primera-infancia-de-villa-industrial-este\\\/\"},\"wordCount\":363,\"commentCount\":0,\"publisher\":{\"@id\":\"https:\\\/\\\/noticiasmercedinas.com\\\/site\\\/#organization\"},\"image\":{\"@id\":\"https:\\\/\\\/noticiasmercedinas.com\\\/site\\\/2019\\\/11\\\/14\\\/avanza-la-construccion-del-jardin-espacio-primera-infancia-de-villa-industrial-este\\\/#primaryimage\"},\"thumbnailUrl\":\"https:\\\/\\\/noticiasmercedinas.com\\\/site\\\/wp-content\\\/uploads\\\/2019\\\/11\\\/EpiVI-2.jpeg\",\"keywords\":[\"educacion\",\"epi\",\"espacio primera infancia\",\"salud\",\"Villa Industrial Este\"],\"articleSection\":[\"Sociedad\"],\"inLanguage\":\"es\",\"potentialAction\":[{\"@type\":\"CommentAction\",\"name\":\"Comment\",\"target\":[\"https:\\\/\\\/noticiasmercedinas.com\\\/site\\\/2019\\\/11\\\/14\\\/avanza-la-construccion-del-jardin-espacio-primera-infancia-de-villa-industrial-este\\\/#respond\"]}]},{\"@type\":\"WebPage\",\"@id\":\"https:\\\/\\\/noticiasmercedinas.com\\\/site\\\/2019\\\/11\\\/14\\\/avanza-la-construccion-del-jardin-espacio-primera-infancia-de-villa-industrial-este\\\/\",\"url\":\"https:\\\/\\\/noticiasmercedinas.com\\\/site\\\/2019\\\/11\\\/14\\\/avanza-la-construccion-del-jardin-espacio-primera-infancia-de-villa-industrial-este\\\/\",\"name\":\"Avanza la construcci\u00f3n del Jard\u00edn Espacio Primera Infancia de Villa Industrial Este\",\"isPartOf\":{\"@id\":\"https:\\\/\\\/noticiasmercedinas.com\\\/site\\\/#website\"},\"primaryImageOfPage\":{\"@id\":\"https:\\\/\\\/noticiasmercedinas.com\\\/site\\\/2019\\\/11\\\/14\\\/avanza-la-construccion-del-jardin-espacio-primera-infancia-de-villa-industrial-este\\\/#primaryimage\"},\"image\":{\"@id\":\"https:\\\/\\\/noticiasmercedinas.com\\\/site\\\/2019\\\/11\\\/14\\\/avanza-la-construccion-del-jardin-espacio-primera-infancia-de-villa-industrial-este\\\/#primaryimage\"},\"thumbnailUrl\":\"https:\\\/\\\/noticiasmercedinas.com\\\/site\\\/wp-content\\\/uploads\\\/2019\\\/11\\\/EpiVI-2.jpeg\",\"datePublished\":\"2019-11-15T02:48:55+00:00\",\"dateModified\":\"2019-11-15T02:49:17+00:00\",\"breadcrumb\":{\"@id\":\"https:\\\/\\\/noticiasmercedinas.com\\\/site\\\/2019\\\/11\\\/14\\\/avanza-la-construccion-del-jardin-espacio-primera-infancia-de-villa-industrial-este\\\/#breadcrumb\"},\"inLanguage\":\"es\",\"potentialAction\":[{\"@type\":\"ReadAction\",\"target\":[\"https:\\\/\\\/noticiasmercedinas.com\\\/site\\\/2019\\\/11\\\/14\\\/avanza-la-construccion-del-jardin-espacio-primera-infancia-de-villa-industrial-este\\\/\"]}]},{\"@type\":\"ImageObject\",\"inLanguage\":\"es\",\"@id\":\"https:\\\/\\\/noticiasmercedinas.com\\\/site\\\/2019\\\/11\\\/14\\\/avanza-la-construccion-del-jardin-espacio-primera-infancia-de-villa-industrial-este\\\/#primaryimage\",\"url\":\"https:\\\/\\\/noticiasmercedinas.com\\\/site\\\/wp-content\\\/uploads\\\/2019\\\/11\\\/EpiVI-2.jpeg\",\"contentUrl\":\"https:\\\/\\\/noticiasmercedinas.com\\\/site\\\/wp-content\\\/uploads\\\/2019\\\/11\\\/EpiVI-2.jpeg\",\"width\":1032,\"height\":581},{\"@type\":\"BreadcrumbList\",\"@id\":\"https:\\\/\\\/noticiasmercedinas.com\\\/site\\\/2019\\\/11\\\/14\\\/avanza-la-construccion-del-jardin-espacio-primera-infancia-de-villa-industrial-este\\\/#breadcrumb\",\"itemListElement\":[{\"@type\":\"ListItem\",\"position\":1,\"name\":\"Portada\",\"item\":\"https:\\\/\\\/noticiasmercedinas.com\\\/site\\\/\"},{\"@type\":\"ListItem\",\"position\":2,\"name\":\"Avanza la construcci\u00f3n del Jard\u00edn Espacio Primera Infancia de Villa Industrial Este\"}]},{\"@type\":\"WebSite\",\"@id\":\"https:\\\/\\\/noticiasmercedinas.com\\\/site\\\/#website\",\"url\":\"https:\\\/\\\/noticiasmercedinas.com\\\/site\\\/\",\"name\":\"NOTICIASMERCEDINAS.COM\",\"description\":\"Mercedes, Buenos Aires, Argentina\",\"publisher\":{\"@id\":\"https:\\\/\\\/noticiasmercedinas.com\\\/site\\\/#organization\"},\"potentialAction\":[{\"@type\":\"SearchAction\",\"target\":{\"@type\":\"EntryPoint\",\"urlTemplate\":\"https:\\\/\\\/noticiasmercedinas.com\\\/site\\\/?s={search_term_string}\"},\"query-input\":{\"@type\":\"PropertyValueSpecification\",\"valueRequired\":true,\"valueName\":\"search_term_string\"}}],\"inLanguage\":\"es\"},{\"@type\":\"Organization\",\"@id\":\"https:\\\/\\\/noticiasmercedinas.com\\\/site\\\/#organization\",\"name\":\"NOTICIASMERCEDINAS.COM\",\"url\":\"https:\\\/\\\/noticiasmercedinas.com\\\/site\\\/\",\"logo\":{\"@type\":\"ImageObject\",\"inLanguage\":\"es\",\"@id\":\"https:\\\/\\\/noticiasmercedinas.com\\\/site\\\/#\\\/schema\\\/logo\\\/image\\\/\",\"url\":\"https:\\\/\\\/noticiasmercedinas.com\\\/site\\\/wp-content\\\/uploads\\\/2020\\\/06\\\/LOGO-512.jpg\",\"contentUrl\":\"https:\\\/\\\/noticiasmercedinas.com\\\/site\\\/wp-content\\\/uploads\\\/2020\\\/06\\\/LOGO-512.jpg\",\"width\":512,\"height\":512,\"caption\":\"NOTICIASMERCEDINAS.COM\"},\"image\":{\"@id\":\"https:\\\/\\\/noticiasmercedinas.com\\\/site\\\/#\\\/schema\\\/logo\\\/image\\\/\"},\"sameAs\":[\"https:\\\/\\\/www.facebook.com\\\/noticiasmercedinas\\\/\",\"https:\\\/\\\/x.com\\\/notmercedinas\",\"https:\\\/\\\/www.instagram.com\\\/noticiasmercedinas\\\/\"]},{\"@type\":\"Person\",\"@id\":\"https:\\\/\\\/noticiasmercedinas.com\\\/site\\\/#\\\/schema\\\/person\\\/84b59c099c28ff2e8b77d4ceec5d8063\",\"name\":\"NOTICIASMERCEDINAS.COM\",\"image\":{\"@type\":\"ImageObject\",\"inLanguage\":\"es\",\"@id\":\"https:\\\/\\\/secure.gravatar.com\\\/avatar\\\/4dfbf16b4d17945bfb6341b2d19043457132fcf478a5ee04f42e959fd8f5df0a?s=96&d=mm&r=g\",\"url\":\"https:\\\/\\\/secure.gravatar.com\\\/avatar\\\/4dfbf16b4d17945bfb6341b2d19043457132fcf478a5ee04f42e959fd8f5df0a?s=96&d=mm&r=g\",\"contentUrl\":\"https:\\\/\\\/secure.gravatar.com\\\/avatar\\\/4dfbf16b4d17945bfb6341b2d19043457132fcf478a5ee04f42e959fd8f5df0a?s=96&d=mm&r=g\",\"caption\":\"NOTICIASMERCEDINAS.COM\"},\"url\":\"https:\\\/\\\/noticiasmercedinas.com\\\/site\\\/author\\\/anonimo\\\/\"}]}<\/script>\n<!-- \/ Yoast SEO plugin. -->","yoast_head_json":{"title":"Avanza la construcci\u00f3n del Jard\u00edn Espacio Primera Infancia de Villa Industrial Este","robots":{"index":"index","follow":"follow","max-snippet":"max-snippet:-1","max-image-preview":"max-image-preview:large","max-video-preview":"max-video-preview:-1"},"canonical":"https:\/\/noticiasmercedinas.com\/site\/2019\/11\/14\/avanza-la-construccion-del-jardin-espacio-primera-infancia-de-villa-industrial-este\/","og_locale":"es_ES","og_type":"article","og_title":"Avanza la construcci\u00f3n del Jard\u00edn Espacio Primera Infancia de Villa Industrial Este","og_description":"La ni\u00f1ez sigue siendo un eje fundamental para el Municipio de Mercedes y se puede observar tambi\u00e9n en el avance de la obra de construcci\u00f3n de diferentes espacios que beneficiar\u00e1n a vecinos de toda la ciudad y fundamentalmente a la primera infancia. Es as\u00ed como en el barrio Villa Industrial Este ya se comienza a [&hellip;]","og_url":"https:\/\/noticiasmercedinas.com\/site\/2019\/11\/14\/avanza-la-construccion-del-jardin-espacio-primera-infancia-de-villa-industrial-este\/","og_site_name":"NOTICIASMERCEDINAS.COM","article_publisher":"https:\/\/www.facebook.com\/noticiasmercedinas\/","article_published_time":"2019-11-15T02:48:55+00:00","article_modified_time":"2019-11-15T02:49:17+00:00","og_image":[{"width":1032,"height":581,"url":"https:\/\/noticiasmercedinas.com\/site\/wp-content\/uploads\/2019\/11\/EpiVI-2.jpeg","type":"image\/jpeg"}],"author":"NOTICIASMERCEDINAS.COM","twitter_card":"summary_large_image","twitter_creator":"@notmercedinas","twitter_site":"@notmercedinas","twitter_misc":{"Escrito por":"NOTICIASMERCEDINAS.COM","Tiempo de lectura":"2 minutos"},"schema":{"@context":"https:\/\/schema.org","@graph":[{"@type":"Article","@id":"https:\/\/noticiasmercedinas.com\/site\/2019\/11\/14\/avanza-la-construccion-del-jardin-espacio-primera-infancia-de-villa-industrial-este\/#article","isPartOf":{"@id":"https:\/\/noticiasmercedinas.com\/site\/2019\/11\/14\/avanza-la-construccion-del-jardin-espacio-primera-infancia-de-villa-industrial-este\/"},"author":{"name":"NOTICIASMERCEDINAS.COM","@id":"https:\/\/noticiasmercedinas.com\/site\/#\/schema\/person\/84b59c099c28ff2e8b77d4ceec5d8063"},"headline":"Avanza la construcci\u00f3n del Jard\u00edn Espacio Primera Infancia de Villa Industrial Este","datePublished":"2019-11-15T02:48:55+00:00","dateModified":"2019-11-15T02:49:17+00:00","mainEntityOfPage":{"@id":"https:\/\/noticiasmercedinas.com\/site\/2019\/11\/14\/avanza-la-construccion-del-jardin-espacio-primera-infancia-de-villa-industrial-este\/"},"wordCount":363,"commentCount":0,"publisher":{"@id":"https:\/\/noticiasmercedinas.com\/site\/#organization"},"image":{"@id":"https:\/\/noticiasmercedinas.com\/site\/2019\/11\/14\/avanza-la-construccion-del-jardin-espacio-primera-infancia-de-villa-industrial-este\/#primaryimage"},"thumbnailUrl":"https:\/\/noticiasmercedinas.com\/site\/wp-content\/uploads\/2019\/11\/EpiVI-2.jpeg","keywords":["educacion","epi","espacio primera infancia","salud","Villa Industrial Este"],"articleSection":["Sociedad"],"inLanguage":"es","potentialAction":[{"@type":"CommentAction","name":"Comment","target":["https:\/\/noticiasmercedinas.com\/site\/2019\/11\/14\/avanza-la-construccion-del-jardin-espacio-primera-infancia-de-villa-industrial-este\/#respond"]}]},{"@type":"WebPage","@id":"https:\/\/noticiasmercedinas.com\/site\/2019\/11\/14\/avanza-la-construccion-del-jardin-espacio-primera-infancia-de-villa-industrial-este\/","url":"https:\/\/noticiasmercedinas.com\/site\/2019\/11\/14\/avanza-la-construccion-del-jardin-espacio-primera-infancia-de-villa-industrial-este\/","name":"Avanza la construcci\u00f3n del Jard\u00edn Espacio Primera Infancia de Villa Industrial Este","isPartOf":{"@id":"https:\/\/noticiasmercedinas.com\/site\/#website"},"primaryImageOfPage":{"@id":"https:\/\/noticiasmercedinas.com\/site\/2019\/11\/14\/avanza-la-construccion-del-jardin-espacio-primera-infancia-de-villa-industrial-este\/#primaryimage"},"image":{"@id":"https:\/\/noticiasmercedinas.com\/site\/2019\/11\/14\/avanza-la-construccion-del-jardin-espacio-primera-infancia-de-villa-industrial-este\/#primaryimage"},"thumbnailUrl":"https:\/\/noticiasmercedinas.com\/site\/wp-content\/uploads\/2019\/11\/EpiVI-2.jpeg","datePublished":"2019-11-15T02:48:55+00:00","dateModified":"2019-11-15T02:49:17+00:00","breadcrumb":{"@id":"https:\/\/noticiasmercedinas.com\/site\/2019\/11\/14\/avanza-la-construccion-del-jardin-espacio-primera-infancia-de-villa-industrial-este\/#breadcrumb"},"inLanguage":"es","potentialAction":[{"@type":"ReadAction","target":["https:\/\/noticiasmercedinas.com\/site\/2019\/11\/14\/avanza-la-construccion-del-jardin-espacio-primera-infancia-de-villa-industrial-este\/"]}]},{"@type":"ImageObject","inLanguage":"es","@id":"https:\/\/noticiasmercedinas.com\/site\/2019\/11\/14\/avanza-la-construccion-del-jardin-espacio-primera-infancia-de-villa-industrial-este\/#primaryimage","url":"https:\/\/noticiasmercedinas.com\/site\/wp-content\/uploads\/2019\/11\/EpiVI-2.jpeg","contentUrl":"https:\/\/noticiasmercedinas.com\/site\/wp-content\/uploads\/2019\/11\/EpiVI-2.jpeg","width":1032,"height":581},{"@type":"BreadcrumbList","@id":"https:\/\/noticiasmercedinas.com\/site\/2019\/11\/14\/avanza-la-construccion-del-jardin-espacio-primera-infancia-de-villa-industrial-este\/#breadcrumb","itemListElement":[{"@type":"ListItem","position":1,"name":"Portada","item":"https:\/\/noticiasmercedinas.com\/site\/"},{"@type":"ListItem","position":2,"name":"Avanza la construcci\u00f3n del Jard\u00edn Espacio Primera Infancia de Villa Industrial Este"}]},{"@type":"WebSite","@id":"https:\/\/noticiasmercedinas.com\/site\/#website","url":"https:\/\/noticiasmercedinas.com\/site\/","name":"NOTICIASMERCEDINAS.COM","description":"Mercedes, Buenos Aires, Argentina","publisher":{"@id":"https:\/\/noticiasmercedinas.com\/site\/#organization"},"potentialAction":[{"@type":"SearchAction","target":{"@type":"EntryPoint","urlTemplate":"https:\/\/noticiasmercedinas.com\/site\/?s={search_term_string}"},"query-input":{"@type":"PropertyValueSpecification","valueRequired":true,"valueName":"search_term_string"}}],"inLanguage":"es"},{"@type":"Organization","@id":"https:\/\/noticiasmercedinas.com\/site\/#organization","name":"NOTICIASMERCEDINAS.COM","url":"https:\/\/noticiasmercedinas.com\/site\/","logo":{"@type":"ImageObject","inLanguage":"es","@id":"https:\/\/noticiasmercedinas.com\/site\/#\/schema\/logo\/image\/","url":"https:\/\/noticiasmercedinas.com\/site\/wp-content\/uploads\/2020\/06\/LOGO-512.jpg","contentUrl":"https:\/\/noticiasmercedinas.com\/site\/wp-content\/uploads\/2020\/06\/LOGO-512.jpg","width":512,"height":512,"caption":"NOTICIASMERCEDINAS.COM"},"image":{"@id":"https:\/\/noticiasmercedinas.com\/site\/#\/schema\/logo\/image\/"},"sameAs":["https:\/\/www.facebook.com\/noticiasmercedinas\/","https:\/\/x.com\/notmercedinas","https:\/\/www.instagram.com\/noticiasmercedinas\/"]},{"@type":"Person","@id":"https:\/\/noticiasmercedinas.com\/site\/#\/schema\/person\/84b59c099c28ff2e8b77d4ceec5d8063","name":"NOTICIASMERCEDINAS.COM","image":{"@type":"ImageObject","inLanguage":"es","@id":"https:\/\/secure.gravatar.com\/avatar\/4dfbf16b4d17945bfb6341b2d19043457132fcf478a5ee04f42e959fd8f5df0a?s=96&d=mm&r=g","url":"https:\/\/secure.gravatar.com\/avatar\/4dfbf16b4d17945bfb6341b2d19043457132fcf478a5ee04f42e959fd8f5df0a?s=96&d=mm&r=g","contentUrl":"https:\/\/secure.gravatar.com\/avatar\/4dfbf16b4d17945bfb6341b2d19043457132fcf478a5ee04f42e959fd8f5df0a?s=96&d=mm&r=g","caption":"NOTICIASMERCEDINAS.COM"},"url":"https:\/\/noticiasmercedinas.com\/site\/author\/anonimo\/"}]}},"amp_enabled":true,"_links":{"self":[{"href":"https:\/\/noticiasmercedinas.com\/site\/wp-json\/wp\/v2\/posts\/33599","targetHints":{"allow":["GET"]}}],"collection":[{"href":"https:\/\/noticiasmercedinas.com\/site\/wp-json\/wp\/v2\/posts"}],"about":[{"href":"https:\/\/noticiasmercedinas.com\/site\/wp-json\/wp\/v2\/types\/post"}],"author":[{"embeddable":true,"href":"https:\/\/noticiasmercedinas.com\/site\/wp-json\/wp\/v2\/users\/16"}],"replies":[{"embeddable":true,"href":"https:\/\/noticiasmercedinas.com\/site\/wp-json\/wp\/v2\/comments?post=33599"}],"version-history":[{"count":2,"href":"https:\/\/noticiasmercedinas.com\/site\/wp-json\/wp\/v2\/posts\/33599\/revisions"}],"predecessor-version":[{"id":33602,"href":"https:\/\/noticiasmercedinas.com\/site\/wp-json\/wp\/v2\/posts\/33599\/revisions\/33602"}],"wp:featuredmedia":[{"embeddable":true,"href":"https:\/\/noticiasmercedinas.com\/site\/wp-json\/wp\/v2\/media\/33600"}],"wp:attachment":[{"href":"https:\/\/noticiasmercedinas.com\/site\/wp-json\/wp\/v2\/media?parent=33599"}],"wp:term":[{"taxonomy":"category","embeddable":true,"href":"https:\/\/noticiasmercedinas.com\/site\/wp-json\/wp\/v2\/categories?post=33599"},{"taxonomy":"post_tag","embeddable":true,"href":"https:\/\/noticiasmercedinas.com\/site\/wp-json\/wp\/v2\/tags?post=33599"}],"curies":[{"name":"wp","href":"https:\/\/api.w.org\/{rel}","templated":true}]}}