{"id":33825,"date":"2019-11-17T10:05:19","date_gmt":"2019-11-17T13:05:19","guid":{"rendered":"https:\/\/noticiasmercedinas.com\/site\/?p=33825"},"modified":"2019-11-17T20:22:24","modified_gmt":"2019-11-17T23:22:24","slug":"militancia-y-solidaridad-la-campora-mercedes-pinto-el-jardin-914","status":"publish","type":"post","link":"https:\/\/noticiasmercedinas.com\/site\/2019\/11\/17\/militancia-y-solidaridad-la-campora-mercedes-pinto-el-jardin-914\/","title":{"rendered":"Solidaridad: j\u00f3venes pintaron el Jard\u00edn 914"},"content":{"rendered":"\r\n                <style type=\"text\/css\">\r\n                    \r\n                    #td_uid_1_69ef41c4e8aed  .td-doubleSlider-2 .td-item1 {\r\n                        background: url(https:\/\/noticiasmercedinas.com\/site\/wp-content\/uploads\/2019\/11\/75474179_3256468067757844_7044029631418073088_o-160x120.jpg) 0 0 no-repeat;\r\n                    }\r\n                    #td_uid_1_69ef41c4e8aed  .td-doubleSlider-2 .td-item2 {\r\n                        background: url(https:\/\/noticiasmercedinas.com\/site\/wp-content\/uploads\/2019\/11\/75047327_3256467937757857_5950041443253878784_n-160x120.jpg) 0 0 no-repeat;\r\n                    }\r\n                    #td_uid_1_69ef41c4e8aed  .td-doubleSlider-2 .td-item3 {\r\n                        background: url(https:\/\/noticiasmercedinas.com\/site\/wp-content\/uploads\/2019\/11\/75481755_3256467864424531_7072789788994043904_o-160x120.jpg) 0 0 no-repeat;\r\n                    }\r\n                    #td_uid_1_69ef41c4e8aed  .td-doubleSlider-2 .td-item4 {\r\n                        background: url(https:\/\/noticiasmercedinas.com\/site\/wp-content\/uploads\/2019\/11\/75348989_3256467711091213_1808622372001939456_o-160x120.jpg) 0 0 no-repeat;\r\n                    }\r\n                    #td_uid_1_69ef41c4e8aed  .td-doubleSlider-2 .td-item5 {\r\n                        background: url(https:\/\/noticiasmercedinas.com\/site\/wp-content\/uploads\/2019\/11\/75491727_3256467597757891_4436457906870681600_n-160x120.jpg) 0 0 no-repeat;\r\n                    }\r\n                    #td_uid_1_69ef41c4e8aed  .td-doubleSlider-2 .td-item6 {\r\n                        background: url(https:\/\/noticiasmercedinas.com\/site\/wp-content\/uploads\/2019\/11\/75199924_3256467474424570_651531824245243904_o-160x120.jpg) 0 0 no-repeat;\r\n                    }\r\n                    #td_uid_1_69ef41c4e8aed  .td-doubleSlider-2 .td-item7 {\r\n                        background: url(https:\/\/noticiasmercedinas.com\/site\/wp-content\/uploads\/2019\/11\/75550486_3256467337757917_2258540528633118720_o-160x120.jpg) 0 0 no-repeat;\r\n                    }\r\n                    #td_uid_1_69ef41c4e8aed  .td-doubleSlider-2 .td-item8 {\r\n                        background: url(https:\/\/noticiasmercedinas.com\/site\/wp-content\/uploads\/2019\/11\/76689022_3256467174424600_7127501045210546176_o-160x120.jpg) 0 0 no-repeat;\r\n                    }\r\n                    #td_uid_1_69ef41c4e8aed  .td-doubleSlider-2 .td-item9 {\r\n                        background: url(https:\/\/noticiasmercedinas.com\/site\/wp-content\/uploads\/2019\/11\/78153455_3256467021091282_3180708202228482048_o-160x120.jpg) 0 0 no-repeat;\r\n                    }\r\n                <\/style>\r\n\r\n                <div id=\"td_uid_1_69ef41c4e8aed\" class=\"td-gallery td-slide-on-2-columns\">\r\n                    <div class=\"post_td_gallery\">\r\n                        <div class=\"td-gallery-slide-top\">\r\n                           <div class=\"td-gallery-title\">Jornada solidaria<\/div>\r\n\r\n                            <div class=\"td-gallery-controls-wrapper\">\r\n                                <div class=\"td-gallery-slide-count\"><span class=\"td-gallery-slide-item-focus\">1<\/span> de 9<\/div>\r\n                                <div class=\"td-gallery-slide-prev-next-but\">\r\n                                    <i class = \"td-icon-left doubleSliderPrevButton\"><\/i>\r\n                                    <i class = \"td-icon-right doubleSliderNextButton\"><\/i>\r\n                                <\/div>\r\n                            <\/div>\r\n                        <\/div>\r\n\r\n                        <div class = \"td-doubleSlider-1 \">\r\n                            <div class = \"td-slider\">\r\n                                \r\n                    <div class = \"td-slide-item td-item1\">\r\n                        <figure class=\"td-slide-galery-figure td-slide-popup-gallery\">\r\n                            <a class=\"slide-gallery-image-link\" href=\"https:\/\/noticiasmercedinas.com\/site\/wp-content\/uploads\/2019\/11\/75474179_3256468067757844_7044029631418073088_o.jpg\" title=\"75474179_3256468067757844_7044029631418073088_o\"  data-caption=\"\"  data-description=\"\">\r\n                                <img decoding=\"async\" src=\"https:\/\/noticiasmercedinas.com\/site\/wp-content\/uploads\/2019\/11\/75474179_3256468067757844_7044029631418073088_o.jpg\" srcset=\"https:\/\/noticiasmercedinas.com\/site\/wp-content\/uploads\/2019\/11\/75474179_3256468067757844_7044029631418073088_o.jpg 960w, https:\/\/noticiasmercedinas.com\/site\/wp-content\/uploads\/2019\/11\/75474179_3256468067757844_7044029631418073088_o-300x225.jpg 300w, https:\/\/noticiasmercedinas.com\/site\/wp-content\/uploads\/2019\/11\/75474179_3256468067757844_7044029631418073088_o-768x576.jpg 768w, https:\/\/noticiasmercedinas.com\/site\/wp-content\/uploads\/2019\/11\/75474179_3256468067757844_7044029631418073088_o-80x60.jpg 80w, https:\/\/noticiasmercedinas.com\/site\/wp-content\/uploads\/2019\/11\/75474179_3256468067757844_7044029631418073088_o-160x120.jpg 160w, https:\/\/noticiasmercedinas.com\/site\/wp-content\/uploads\/2019\/11\/75474179_3256468067757844_7044029631418073088_o-100x75.jpg 100w, https:\/\/noticiasmercedinas.com\/site\/wp-content\/uploads\/2019\/11\/75474179_3256468067757844_7044029631418073088_o-200x150.jpg 200w, https:\/\/noticiasmercedinas.com\/site\/wp-content\/uploads\/2019\/11\/75474179_3256468067757844_7044029631418073088_o-180x135.jpg 180w, https:\/\/noticiasmercedinas.com\/site\/wp-content\/uploads\/2019\/11\/75474179_3256468067757844_7044029631418073088_o-360x270.jpg 360w, https:\/\/noticiasmercedinas.com\/site\/wp-content\/uploads\/2019\/11\/75474179_3256468067757844_7044029631418073088_o-238x178.jpg 238w, https:\/\/noticiasmercedinas.com\/site\/wp-content\/uploads\/2019\/11\/75474179_3256468067757844_7044029631418073088_o-476x356.jpg 476w, https:\/\/noticiasmercedinas.com\/site\/wp-content\/uploads\/2019\/11\/75474179_3256468067757844_7044029631418073088_o-640x480.jpg 640w, https:\/\/noticiasmercedinas.com\/site\/wp-content\/uploads\/2019\/11\/75474179_3256468067757844_7044029631418073088_o-681x511.jpg 681w\" sizes=\"(max-width: 960px) 100vw, 960px\" alt=\"\">\r\n                            <\/a>\r\n                            \r\n                        <\/figure>\r\n                    <\/div>\r\n                    <div class = \"td-slide-item td-item2\">\r\n                        <figure class=\"td-slide-galery-figure td-slide-popup-gallery\">\r\n                            <a class=\"slide-gallery-image-link\" href=\"https:\/\/noticiasmercedinas.com\/site\/wp-content\/uploads\/2019\/11\/75047327_3256467937757857_5950041443253878784_n.jpg\" title=\"75047327_3256467937757857_5950041443253878784_n\"  data-caption=\"\"  data-description=\"\">\r\n                                <img decoding=\"async\" src=\"https:\/\/noticiasmercedinas.com\/site\/wp-content\/uploads\/2019\/11\/75047327_3256467937757857_5950041443253878784_n.jpg\" srcset=\"https:\/\/noticiasmercedinas.com\/site\/wp-content\/uploads\/2019\/11\/75047327_3256467937757857_5950041443253878784_n.jpg 774w, https:\/\/noticiasmercedinas.com\/site\/wp-content\/uploads\/2019\/11\/75047327_3256467937757857_5950041443253878784_n-300x225.jpg 300w, https:\/\/noticiasmercedinas.com\/site\/wp-content\/uploads\/2019\/11\/75047327_3256467937757857_5950041443253878784_n-768x576.jpg 768w, https:\/\/noticiasmercedinas.com\/site\/wp-content\/uploads\/2019\/11\/75047327_3256467937757857_5950041443253878784_n-80x60.jpg 80w, https:\/\/noticiasmercedinas.com\/site\/wp-content\/uploads\/2019\/11\/75047327_3256467937757857_5950041443253878784_n-160x120.jpg 160w, https:\/\/noticiasmercedinas.com\/site\/wp-content\/uploads\/2019\/11\/75047327_3256467937757857_5950041443253878784_n-100x75.jpg 100w, https:\/\/noticiasmercedinas.com\/site\/wp-content\/uploads\/2019\/11\/75047327_3256467937757857_5950041443253878784_n-200x150.jpg 200w, https:\/\/noticiasmercedinas.com\/site\/wp-content\/uploads\/2019\/11\/75047327_3256467937757857_5950041443253878784_n-180x135.jpg 180w, https:\/\/noticiasmercedinas.com\/site\/wp-content\/uploads\/2019\/11\/75047327_3256467937757857_5950041443253878784_n-360x270.jpg 360w, https:\/\/noticiasmercedinas.com\/site\/wp-content\/uploads\/2019\/11\/75047327_3256467937757857_5950041443253878784_n-238x178.jpg 238w, https:\/\/noticiasmercedinas.com\/site\/wp-content\/uploads\/2019\/11\/75047327_3256467937757857_5950041443253878784_n-476x356.jpg 476w, https:\/\/noticiasmercedinas.com\/site\/wp-content\/uploads\/2019\/11\/75047327_3256467937757857_5950041443253878784_n-640x480.jpg 640w, https:\/\/noticiasmercedinas.com\/site\/wp-content\/uploads\/2019\/11\/75047327_3256467937757857_5950041443253878784_n-681x511.jpg 681w\" sizes=\"(max-width: 774px) 100vw, 774px\" alt=\"\">\r\n                            <\/a>\r\n                            \r\n                        <\/figure>\r\n                    <\/div>\r\n                    <div class = \"td-slide-item td-item3\">\r\n                        <figure class=\"td-slide-galery-figure td-slide-popup-gallery\">\r\n                            <a class=\"slide-gallery-image-link\" href=\"https:\/\/noticiasmercedinas.com\/site\/wp-content\/uploads\/2019\/11\/75481755_3256467864424531_7072789788994043904_o.jpg\" title=\"75481755_3256467864424531_7072789788994043904_o\"  data-caption=\"\"  data-description=\"\">\r\n                                <img decoding=\"async\" src=\"https:\/\/noticiasmercedinas.com\/site\/wp-content\/uploads\/2019\/11\/75481755_3256467864424531_7072789788994043904_o.jpg\" srcset=\"https:\/\/noticiasmercedinas.com\/site\/wp-content\/uploads\/2019\/11\/75481755_3256467864424531_7072789788994043904_o.jpg 960w, https:\/\/noticiasmercedinas.com\/site\/wp-content\/uploads\/2019\/11\/75481755_3256467864424531_7072789788994043904_o-300x225.jpg 300w, https:\/\/noticiasmercedinas.com\/site\/wp-content\/uploads\/2019\/11\/75481755_3256467864424531_7072789788994043904_o-768x576.jpg 768w, https:\/\/noticiasmercedinas.com\/site\/wp-content\/uploads\/2019\/11\/75481755_3256467864424531_7072789788994043904_o-80x60.jpg 80w, https:\/\/noticiasmercedinas.com\/site\/wp-content\/uploads\/2019\/11\/75481755_3256467864424531_7072789788994043904_o-160x120.jpg 160w, https:\/\/noticiasmercedinas.com\/site\/wp-content\/uploads\/2019\/11\/75481755_3256467864424531_7072789788994043904_o-100x75.jpg 100w, https:\/\/noticiasmercedinas.com\/site\/wp-content\/uploads\/2019\/11\/75481755_3256467864424531_7072789788994043904_o-200x150.jpg 200w, https:\/\/noticiasmercedinas.com\/site\/wp-content\/uploads\/2019\/11\/75481755_3256467864424531_7072789788994043904_o-180x135.jpg 180w, https:\/\/noticiasmercedinas.com\/site\/wp-content\/uploads\/2019\/11\/75481755_3256467864424531_7072789788994043904_o-360x270.jpg 360w, https:\/\/noticiasmercedinas.com\/site\/wp-content\/uploads\/2019\/11\/75481755_3256467864424531_7072789788994043904_o-238x178.jpg 238w, https:\/\/noticiasmercedinas.com\/site\/wp-content\/uploads\/2019\/11\/75481755_3256467864424531_7072789788994043904_o-476x356.jpg 476w, https:\/\/noticiasmercedinas.com\/site\/wp-content\/uploads\/2019\/11\/75481755_3256467864424531_7072789788994043904_o-640x480.jpg 640w, https:\/\/noticiasmercedinas.com\/site\/wp-content\/uploads\/2019\/11\/75481755_3256467864424531_7072789788994043904_o-681x511.jpg 681w\" sizes=\"(max-width: 960px) 100vw, 960px\" alt=\"\">\r\n                            <\/a>\r\n                            \r\n                        <\/figure>\r\n                    <\/div>\r\n                    <div class = \"td-slide-item td-item4\">\r\n                        <figure class=\"td-slide-galery-figure td-slide-popup-gallery\">\r\n                            <a class=\"slide-gallery-image-link\" href=\"https:\/\/noticiasmercedinas.com\/site\/wp-content\/uploads\/2019\/11\/75348989_3256467711091213_1808622372001939456_o.jpg\" title=\"75348989_3256467711091213_1808622372001939456_o\"  data-caption=\"\"  data-description=\"\">\r\n                                <img decoding=\"async\" src=\"https:\/\/noticiasmercedinas.com\/site\/wp-content\/uploads\/2019\/11\/75348989_3256467711091213_1808622372001939456_o.jpg\" srcset=\"https:\/\/noticiasmercedinas.com\/site\/wp-content\/uploads\/2019\/11\/75348989_3256467711091213_1808622372001939456_o.jpg 960w, https:\/\/noticiasmercedinas.com\/site\/wp-content\/uploads\/2019\/11\/75348989_3256467711091213_1808622372001939456_o-300x225.jpg 300w, https:\/\/noticiasmercedinas.com\/site\/wp-content\/uploads\/2019\/11\/75348989_3256467711091213_1808622372001939456_o-768x576.jpg 768w, https:\/\/noticiasmercedinas.com\/site\/wp-content\/uploads\/2019\/11\/75348989_3256467711091213_1808622372001939456_o-80x60.jpg 80w, https:\/\/noticiasmercedinas.com\/site\/wp-content\/uploads\/2019\/11\/75348989_3256467711091213_1808622372001939456_o-160x120.jpg 160w, https:\/\/noticiasmercedinas.com\/site\/wp-content\/uploads\/2019\/11\/75348989_3256467711091213_1808622372001939456_o-100x75.jpg 100w, https:\/\/noticiasmercedinas.com\/site\/wp-content\/uploads\/2019\/11\/75348989_3256467711091213_1808622372001939456_o-200x150.jpg 200w, https:\/\/noticiasmercedinas.com\/site\/wp-content\/uploads\/2019\/11\/75348989_3256467711091213_1808622372001939456_o-180x135.jpg 180w, https:\/\/noticiasmercedinas.com\/site\/wp-content\/uploads\/2019\/11\/75348989_3256467711091213_1808622372001939456_o-360x270.jpg 360w, https:\/\/noticiasmercedinas.com\/site\/wp-content\/uploads\/2019\/11\/75348989_3256467711091213_1808622372001939456_o-238x178.jpg 238w, https:\/\/noticiasmercedinas.com\/site\/wp-content\/uploads\/2019\/11\/75348989_3256467711091213_1808622372001939456_o-476x356.jpg 476w, https:\/\/noticiasmercedinas.com\/site\/wp-content\/uploads\/2019\/11\/75348989_3256467711091213_1808622372001939456_o-640x480.jpg 640w, https:\/\/noticiasmercedinas.com\/site\/wp-content\/uploads\/2019\/11\/75348989_3256467711091213_1808622372001939456_o-681x511.jpg 681w\" sizes=\"(max-width: 960px) 100vw, 960px\" alt=\"\">\r\n                            <\/a>\r\n                            \r\n                        <\/figure>\r\n                    <\/div>\r\n                    <div class = \"td-slide-item td-item5\">\r\n                        <figure class=\"td-slide-galery-figure td-slide-popup-gallery\">\r\n                            <a class=\"slide-gallery-image-link\" href=\"https:\/\/noticiasmercedinas.com\/site\/wp-content\/uploads\/2019\/11\/75491727_3256467597757891_4436457906870681600_n.jpg\" title=\"75491727_3256467597757891_4436457906870681600_n\"  data-caption=\"\"  data-description=\"\">\r\n                                <img decoding=\"async\" src=\"https:\/\/noticiasmercedinas.com\/site\/wp-content\/uploads\/2019\/11\/75491727_3256467597757891_4436457906870681600_n.jpg\" srcset=\"https:\/\/noticiasmercedinas.com\/site\/wp-content\/uploads\/2019\/11\/75491727_3256467597757891_4436457906870681600_n.jpg 775w, https:\/\/noticiasmercedinas.com\/site\/wp-content\/uploads\/2019\/11\/75491727_3256467597757891_4436457906870681600_n-300x225.jpg 300w, https:\/\/noticiasmercedinas.com\/site\/wp-content\/uploads\/2019\/11\/75491727_3256467597757891_4436457906870681600_n-768x576.jpg 768w, https:\/\/noticiasmercedinas.com\/site\/wp-content\/uploads\/2019\/11\/75491727_3256467597757891_4436457906870681600_n-80x60.jpg 80w, https:\/\/noticiasmercedinas.com\/site\/wp-content\/uploads\/2019\/11\/75491727_3256467597757891_4436457906870681600_n-160x120.jpg 160w, https:\/\/noticiasmercedinas.com\/site\/wp-content\/uploads\/2019\/11\/75491727_3256467597757891_4436457906870681600_n-100x75.jpg 100w, https:\/\/noticiasmercedinas.com\/site\/wp-content\/uploads\/2019\/11\/75491727_3256467597757891_4436457906870681600_n-200x150.jpg 200w, https:\/\/noticiasmercedinas.com\/site\/wp-content\/uploads\/2019\/11\/75491727_3256467597757891_4436457906870681600_n-180x135.jpg 180w, https:\/\/noticiasmercedinas.com\/site\/wp-content\/uploads\/2019\/11\/75491727_3256467597757891_4436457906870681600_n-360x270.jpg 360w, https:\/\/noticiasmercedinas.com\/site\/wp-content\/uploads\/2019\/11\/75491727_3256467597757891_4436457906870681600_n-238x178.jpg 238w, https:\/\/noticiasmercedinas.com\/site\/wp-content\/uploads\/2019\/11\/75491727_3256467597757891_4436457906870681600_n-476x356.jpg 476w, https:\/\/noticiasmercedinas.com\/site\/wp-content\/uploads\/2019\/11\/75491727_3256467597757891_4436457906870681600_n-640x480.jpg 640w, https:\/\/noticiasmercedinas.com\/site\/wp-content\/uploads\/2019\/11\/75491727_3256467597757891_4436457906870681600_n-681x511.jpg 681w\" sizes=\"(max-width: 775px) 100vw, 775px\" alt=\"\">\r\n                            <\/a>\r\n                            \r\n                        <\/figure>\r\n                    <\/div>\r\n                    <div class = \"td-slide-item td-item6\">\r\n                        <figure class=\"td-slide-galery-figure td-slide-popup-gallery\">\r\n                            <a class=\"slide-gallery-image-link\" href=\"https:\/\/noticiasmercedinas.com\/site\/wp-content\/uploads\/2019\/11\/75199924_3256467474424570_651531824245243904_o.jpg\" title=\"75199924_3256467474424570_651531824245243904_o\"  data-caption=\"\"  data-description=\"\">\r\n                                <img decoding=\"async\" src=\"https:\/\/noticiasmercedinas.com\/site\/wp-content\/uploads\/2019\/11\/75199924_3256467474424570_651531824245243904_o.jpg\" srcset=\"https:\/\/noticiasmercedinas.com\/site\/wp-content\/uploads\/2019\/11\/75199924_3256467474424570_651531824245243904_o.jpg 960w, https:\/\/noticiasmercedinas.com\/site\/wp-content\/uploads\/2019\/11\/75199924_3256467474424570_651531824245243904_o-300x225.jpg 300w, https:\/\/noticiasmercedinas.com\/site\/wp-content\/uploads\/2019\/11\/75199924_3256467474424570_651531824245243904_o-768x576.jpg 768w, https:\/\/noticiasmercedinas.com\/site\/wp-content\/uploads\/2019\/11\/75199924_3256467474424570_651531824245243904_o-80x60.jpg 80w, https:\/\/noticiasmercedinas.com\/site\/wp-content\/uploads\/2019\/11\/75199924_3256467474424570_651531824245243904_o-160x120.jpg 160w, https:\/\/noticiasmercedinas.com\/site\/wp-content\/uploads\/2019\/11\/75199924_3256467474424570_651531824245243904_o-100x75.jpg 100w, https:\/\/noticiasmercedinas.com\/site\/wp-content\/uploads\/2019\/11\/75199924_3256467474424570_651531824245243904_o-200x150.jpg 200w, https:\/\/noticiasmercedinas.com\/site\/wp-content\/uploads\/2019\/11\/75199924_3256467474424570_651531824245243904_o-180x135.jpg 180w, https:\/\/noticiasmercedinas.com\/site\/wp-content\/uploads\/2019\/11\/75199924_3256467474424570_651531824245243904_o-360x270.jpg 360w, https:\/\/noticiasmercedinas.com\/site\/wp-content\/uploads\/2019\/11\/75199924_3256467474424570_651531824245243904_o-238x178.jpg 238w, https:\/\/noticiasmercedinas.com\/site\/wp-content\/uploads\/2019\/11\/75199924_3256467474424570_651531824245243904_o-476x356.jpg 476w, https:\/\/noticiasmercedinas.com\/site\/wp-content\/uploads\/2019\/11\/75199924_3256467474424570_651531824245243904_o-640x480.jpg 640w, https:\/\/noticiasmercedinas.com\/site\/wp-content\/uploads\/2019\/11\/75199924_3256467474424570_651531824245243904_o-681x511.jpg 681w\" sizes=\"(max-width: 960px) 100vw, 960px\" alt=\"\">\r\n                            <\/a>\r\n                            \r\n                        <\/figure>\r\n                    <\/div>\r\n                    <div class = \"td-slide-item td-item7\">\r\n                        <figure class=\"td-slide-galery-figure td-slide-popup-gallery\">\r\n                            <a class=\"slide-gallery-image-link\" href=\"https:\/\/noticiasmercedinas.com\/site\/wp-content\/uploads\/2019\/11\/75550486_3256467337757917_2258540528633118720_o.jpg\" title=\"75550486_3256467337757917_2258540528633118720_o\"  data-caption=\"\"  data-description=\"\">\r\n                                <img decoding=\"async\" src=\"https:\/\/noticiasmercedinas.com\/site\/wp-content\/uploads\/2019\/11\/75550486_3256467337757917_2258540528633118720_o.jpg\" srcset=\"https:\/\/noticiasmercedinas.com\/site\/wp-content\/uploads\/2019\/11\/75550486_3256467337757917_2258540528633118720_o.jpg 960w, https:\/\/noticiasmercedinas.com\/site\/wp-content\/uploads\/2019\/11\/75550486_3256467337757917_2258540528633118720_o-300x225.jpg 300w, https:\/\/noticiasmercedinas.com\/site\/wp-content\/uploads\/2019\/11\/75550486_3256467337757917_2258540528633118720_o-768x576.jpg 768w, https:\/\/noticiasmercedinas.com\/site\/wp-content\/uploads\/2019\/11\/75550486_3256467337757917_2258540528633118720_o-80x60.jpg 80w, https:\/\/noticiasmercedinas.com\/site\/wp-content\/uploads\/2019\/11\/75550486_3256467337757917_2258540528633118720_o-160x120.jpg 160w, https:\/\/noticiasmercedinas.com\/site\/wp-content\/uploads\/2019\/11\/75550486_3256467337757917_2258540528633118720_o-100x75.jpg 100w, https:\/\/noticiasmercedinas.com\/site\/wp-content\/uploads\/2019\/11\/75550486_3256467337757917_2258540528633118720_o-200x150.jpg 200w, https:\/\/noticiasmercedinas.com\/site\/wp-content\/uploads\/2019\/11\/75550486_3256467337757917_2258540528633118720_o-180x135.jpg 180w, https:\/\/noticiasmercedinas.com\/site\/wp-content\/uploads\/2019\/11\/75550486_3256467337757917_2258540528633118720_o-360x270.jpg 360w, https:\/\/noticiasmercedinas.com\/site\/wp-content\/uploads\/2019\/11\/75550486_3256467337757917_2258540528633118720_o-238x178.jpg 238w, https:\/\/noticiasmercedinas.com\/site\/wp-content\/uploads\/2019\/11\/75550486_3256467337757917_2258540528633118720_o-476x356.jpg 476w, https:\/\/noticiasmercedinas.com\/site\/wp-content\/uploads\/2019\/11\/75550486_3256467337757917_2258540528633118720_o-640x480.jpg 640w, https:\/\/noticiasmercedinas.com\/site\/wp-content\/uploads\/2019\/11\/75550486_3256467337757917_2258540528633118720_o-681x511.jpg 681w\" sizes=\"(max-width: 960px) 100vw, 960px\" alt=\"\">\r\n                            <\/a>\r\n                            \r\n                        <\/figure>\r\n                    <\/div>\r\n                    <div class = \"td-slide-item td-item8\">\r\n                        <figure class=\"td-slide-galery-figure td-slide-popup-gallery\">\r\n                            <a class=\"slide-gallery-image-link\" href=\"https:\/\/noticiasmercedinas.com\/site\/wp-content\/uploads\/2019\/11\/76689022_3256467174424600_7127501045210546176_o.jpg\" title=\"76689022_3256467174424600_7127501045210546176_o\"  data-caption=\"\"  data-description=\"\">\r\n                                <img decoding=\"async\" src=\"https:\/\/noticiasmercedinas.com\/site\/wp-content\/uploads\/2019\/11\/76689022_3256467174424600_7127501045210546176_o.jpg\" srcset=\"https:\/\/noticiasmercedinas.com\/site\/wp-content\/uploads\/2019\/11\/76689022_3256467174424600_7127501045210546176_o.jpg 960w, https:\/\/noticiasmercedinas.com\/site\/wp-content\/uploads\/2019\/11\/76689022_3256467174424600_7127501045210546176_o-300x225.jpg 300w, https:\/\/noticiasmercedinas.com\/site\/wp-content\/uploads\/2019\/11\/76689022_3256467174424600_7127501045210546176_o-768x576.jpg 768w, https:\/\/noticiasmercedinas.com\/site\/wp-content\/uploads\/2019\/11\/76689022_3256467174424600_7127501045210546176_o-80x60.jpg 80w, https:\/\/noticiasmercedinas.com\/site\/wp-content\/uploads\/2019\/11\/76689022_3256467174424600_7127501045210546176_o-160x120.jpg 160w, https:\/\/noticiasmercedinas.com\/site\/wp-content\/uploads\/2019\/11\/76689022_3256467174424600_7127501045210546176_o-100x75.jpg 100w, https:\/\/noticiasmercedinas.com\/site\/wp-content\/uploads\/2019\/11\/76689022_3256467174424600_7127501045210546176_o-200x150.jpg 200w, https:\/\/noticiasmercedinas.com\/site\/wp-content\/uploads\/2019\/11\/76689022_3256467174424600_7127501045210546176_o-180x135.jpg 180w, https:\/\/noticiasmercedinas.com\/site\/wp-content\/uploads\/2019\/11\/76689022_3256467174424600_7127501045210546176_o-360x270.jpg 360w, https:\/\/noticiasmercedinas.com\/site\/wp-content\/uploads\/2019\/11\/76689022_3256467174424600_7127501045210546176_o-238x178.jpg 238w, https:\/\/noticiasmercedinas.com\/site\/wp-content\/uploads\/2019\/11\/76689022_3256467174424600_7127501045210546176_o-476x356.jpg 476w, https:\/\/noticiasmercedinas.com\/site\/wp-content\/uploads\/2019\/11\/76689022_3256467174424600_7127501045210546176_o-640x480.jpg 640w, https:\/\/noticiasmercedinas.com\/site\/wp-content\/uploads\/2019\/11\/76689022_3256467174424600_7127501045210546176_o-681x511.jpg 681w\" sizes=\"(max-width: 960px) 100vw, 960px\" alt=\"\">\r\n                            <\/a>\r\n                            \r\n                        <\/figure>\r\n                    <\/div>\r\n                    <div class = \"td-slide-item td-item9\">\r\n                        <figure class=\"td-slide-galery-figure td-slide-popup-gallery\">\r\n                            <a class=\"slide-gallery-image-link\" href=\"https:\/\/noticiasmercedinas.com\/site\/wp-content\/uploads\/2019\/11\/78153455_3256467021091282_3180708202228482048_o.jpg\" title=\"78153455_3256467021091282_3180708202228482048_o\"  data-caption=\"\"  data-description=\"\">\r\n                                <img decoding=\"async\" src=\"https:\/\/noticiasmercedinas.com\/site\/wp-content\/uploads\/2019\/11\/78153455_3256467021091282_3180708202228482048_o.jpg\" srcset=\"https:\/\/noticiasmercedinas.com\/site\/wp-content\/uploads\/2019\/11\/78153455_3256467021091282_3180708202228482048_o.jpg 960w, https:\/\/noticiasmercedinas.com\/site\/wp-content\/uploads\/2019\/11\/78153455_3256467021091282_3180708202228482048_o-300x225.jpg 300w, https:\/\/noticiasmercedinas.com\/site\/wp-content\/uploads\/2019\/11\/78153455_3256467021091282_3180708202228482048_o-768x576.jpg 768w, https:\/\/noticiasmercedinas.com\/site\/wp-content\/uploads\/2019\/11\/78153455_3256467021091282_3180708202228482048_o-80x60.jpg 80w, https:\/\/noticiasmercedinas.com\/site\/wp-content\/uploads\/2019\/11\/78153455_3256467021091282_3180708202228482048_o-160x120.jpg 160w, https:\/\/noticiasmercedinas.com\/site\/wp-content\/uploads\/2019\/11\/78153455_3256467021091282_3180708202228482048_o-100x75.jpg 100w, https:\/\/noticiasmercedinas.com\/site\/wp-content\/uploads\/2019\/11\/78153455_3256467021091282_3180708202228482048_o-200x150.jpg 200w, https:\/\/noticiasmercedinas.com\/site\/wp-content\/uploads\/2019\/11\/78153455_3256467021091282_3180708202228482048_o-180x135.jpg 180w, https:\/\/noticiasmercedinas.com\/site\/wp-content\/uploads\/2019\/11\/78153455_3256467021091282_3180708202228482048_o-360x270.jpg 360w, https:\/\/noticiasmercedinas.com\/site\/wp-content\/uploads\/2019\/11\/78153455_3256467021091282_3180708202228482048_o-238x178.jpg 238w, https:\/\/noticiasmercedinas.com\/site\/wp-content\/uploads\/2019\/11\/78153455_3256467021091282_3180708202228482048_o-476x356.jpg 476w, https:\/\/noticiasmercedinas.com\/site\/wp-content\/uploads\/2019\/11\/78153455_3256467021091282_3180708202228482048_o-640x480.jpg 640w, https:\/\/noticiasmercedinas.com\/site\/wp-content\/uploads\/2019\/11\/78153455_3256467021091282_3180708202228482048_o-681x511.jpg 681w\" sizes=\"(max-width: 960px) 100vw, 960px\" alt=\"\">\r\n                            <\/a>\r\n                            \r\n                        <\/figure>\r\n                    <\/div>\r\n                            <\/div>\r\n                        <\/div>\r\n\r\n                        <div class = \"td-doubleSlider-2\">\r\n                            <div class = \"td-slider\">\r\n                                \r\n                    <div class = \"td-button td-item1\">\r\n                        <div class = \"td-border\"><\/div>\r\n                    <\/div>\r\n                    <div class = \"td-button td-item2\">\r\n                        <div class = \"td-border\"><\/div>\r\n                    <\/div>\r\n                    <div class = \"td-button td-item3\">\r\n                        <div class = \"td-border\"><\/div>\r\n                    <\/div>\r\n                    <div class = \"td-button td-item4\">\r\n                        <div class = \"td-border\"><\/div>\r\n                    <\/div>\r\n                    <div class = \"td-button td-item5\">\r\n                        <div class = \"td-border\"><\/div>\r\n                    <\/div>\r\n                    <div class = \"td-button td-item6\">\r\n                        <div class = \"td-border\"><\/div>\r\n                    <\/div>\r\n                    <div class = \"td-button td-item7\">\r\n                        <div class = \"td-border\"><\/div>\r\n                    <\/div>\r\n                    <div class = \"td-button td-item8\">\r\n                        <div class = \"td-border\"><\/div>\r\n                    <\/div>\r\n                    <div class = \"td-button td-item9\">\r\n                        <div class = \"td-border\"><\/div>\r\n                    <\/div>\r\n                            <\/div>\r\n                        <\/div>\r\n\r\n                    <\/div>\r\n\r\n                <\/div>\r\n                \n<p>Impulsados por la Coordinaci\u00f3n de Juventud de la Municipalidad un importante grupo de j\u00f3venes encar\u00f3 una nueva jornada solidaria de pintura de una instituci\u00f3n educativa, este s\u00e1bado.<\/p>\n<p>As\u00ed es que los j\u00f3venes estuvieron \u2013m\u00e1s all\u00e1 de la lluviosa ma\u00f1ana, porque cuando hay ganas todo se puede\u2014pintando el Jard\u00edn de Infantes N\u00ba 914.<\/p>\n<p>Entre los j\u00f3venes se pudo ver adem\u00e1s a algunos dirigentes, como el consejero escolar reelecto Jos\u00e9 Luis Pisano e incluso el intendente Juan Ignacio Ustarroz.<\/p>\n<p>Desde la Coordinaci\u00f3n de Juventud apoyan distintas propuestas solidarias.<\/p>\n<p>\u00abEste tipo de encuentros nos llena de orgullo\u00bb, afirm\u00f3 el jefe comunal Juan Ustarroz. \u00abTenemos una juventud solidaria, comprometida y que piensa en sus vecinos y en la ni\u00f1ez, que dedica su tiempo en una tarea noble y hermosa como es mejorar las instalaciones donde ni\u00f1os y ni\u00f1as se educan y forman. Sin duda la juventud nos permite so\u00f1ar con un futuro mejor\u00bb, dijo.<\/p>\n","protected":false},"excerpt":{"rendered":"<p>Impulsados por la Coordinaci\u00f3n de Juventud de la Municipalidad un importante grupo de j\u00f3venes encar\u00f3 una nueva jornada solidaria de pintura de una instituci\u00f3n educativa, este s\u00e1bado. As\u00ed es que los j\u00f3venes estuvieron \u2013m\u00e1s all\u00e1 de la lluviosa ma\u00f1ana, porque cuando hay ganas todo se puede\u2014pintando el Jard\u00edn de Infantes N\u00ba 914. Entre los j\u00f3venes [&hellip;]<\/p>\n","protected":false},"author":16,"featured_media":33829,"comment_status":"open","ping_status":"open","sticky":false,"template":"","format":"standard","meta":{"footnotes":""},"categories":[3],"tags":[6782,154,81],"class_list":["post-33825","post","type-post","status-publish","format-standard","has-post-thumbnail","hentry","category-sociedad","tag-jardin-914","tag-juventud","tag-solidaridad"],"yoast_head":"<!-- This site is optimized with the Yoast SEO plugin v27.4 - https:\/\/yoast.com\/product\/yoast-seo-wordpress\/ -->\n<title>Solidaridad: j\u00f3venes pintaron el Jard\u00edn 914<\/title>\n<meta name=\"robots\" content=\"index, follow, max-snippet:-1, max-image-preview:large, max-video-preview:-1\" \/>\n<link rel=\"canonical\" href=\"https:\/\/noticiasmercedinas.com\/site\/2019\/11\/17\/militancia-y-solidaridad-la-campora-mercedes-pinto-el-jardin-914\/\" \/>\n<meta property=\"og:locale\" content=\"es_ES\" \/>\n<meta property=\"og:type\" content=\"article\" \/>\n<meta property=\"og:title\" content=\"Solidaridad: j\u00f3venes pintaron el Jard\u00edn 914\" \/>\n<meta property=\"og:description\" content=\"Impulsados por la Coordinaci\u00f3n de Juventud de la Municipalidad un importante grupo de j\u00f3venes encar\u00f3 una nueva jornada solidaria de pintura de una instituci\u00f3n educativa, este s\u00e1bado. As\u00ed es que los j\u00f3venes estuvieron \u2013m\u00e1s all\u00e1 de la lluviosa ma\u00f1ana, porque cuando hay ganas todo se puede\u2014pintando el Jard\u00edn de Infantes N\u00ba 914. Entre los j\u00f3venes [&hellip;]\" \/>\n<meta property=\"og:url\" content=\"https:\/\/noticiasmercedinas.com\/site\/2019\/11\/17\/militancia-y-solidaridad-la-campora-mercedes-pinto-el-jardin-914\/\" \/>\n<meta property=\"og:site_name\" content=\"NOTICIASMERCEDINAS.COM\" \/>\n<meta property=\"article:publisher\" content=\"https:\/\/www.facebook.com\/noticiasmercedinas\/\" \/>\n<meta property=\"article:published_time\" content=\"2019-11-17T13:05:19+00:00\" \/>\n<meta property=\"article:modified_time\" content=\"2019-11-17T23:22:24+00:00\" \/>\n<meta property=\"og:image\" content=\"https:\/\/noticiasmercedinas.com\/site\/wp-content\/uploads\/2019\/11\/75348989_3256467711091213_1808622372001939456_o.jpg\" \/>\n\t<meta property=\"og:image:width\" content=\"960\" \/>\n\t<meta property=\"og:image:height\" content=\"720\" \/>\n\t<meta property=\"og:image:type\" content=\"image\/jpeg\" \/>\n<meta name=\"author\" content=\"NOTICIASMERCEDINAS.COM\" \/>\n<meta name=\"twitter:card\" content=\"summary_large_image\" \/>\n<meta name=\"twitter:creator\" content=\"@notmercedinas\" \/>\n<meta name=\"twitter:site\" content=\"@notmercedinas\" \/>\n<meta name=\"twitter:label1\" content=\"Escrito por\" \/>\n\t<meta name=\"twitter:data1\" content=\"NOTICIASMERCEDINAS.COM\" \/>\n\t<meta name=\"twitter:label2\" content=\"Tiempo de lectura\" \/>\n\t<meta name=\"twitter:data2\" content=\"1 minuto\" \/>\n<script type=\"application\/ld+json\" class=\"yoast-schema-graph\">{\"@context\":\"https:\\\/\\\/schema.org\",\"@graph\":[{\"@type\":\"Article\",\"@id\":\"https:\\\/\\\/noticiasmercedinas.com\\\/site\\\/2019\\\/11\\\/17\\\/militancia-y-solidaridad-la-campora-mercedes-pinto-el-jardin-914\\\/#article\",\"isPartOf\":{\"@id\":\"https:\\\/\\\/noticiasmercedinas.com\\\/site\\\/2019\\\/11\\\/17\\\/militancia-y-solidaridad-la-campora-mercedes-pinto-el-jardin-914\\\/\"},\"author\":{\"name\":\"NOTICIASMERCEDINAS.COM\",\"@id\":\"https:\\\/\\\/noticiasmercedinas.com\\\/site\\\/#\\\/schema\\\/person\\\/84b59c099c28ff2e8b77d4ceec5d8063\"},\"headline\":\"Solidaridad: j\u00f3venes pintaron el Jard\u00edn 914\",\"datePublished\":\"2019-11-17T13:05:19+00:00\",\"dateModified\":\"2019-11-17T23:22:24+00:00\",\"mainEntityOfPage\":{\"@id\":\"https:\\\/\\\/noticiasmercedinas.com\\\/site\\\/2019\\\/11\\\/17\\\/militancia-y-solidaridad-la-campora-mercedes-pinto-el-jardin-914\\\/\"},\"wordCount\":189,\"commentCount\":0,\"publisher\":{\"@id\":\"https:\\\/\\\/noticiasmercedinas.com\\\/site\\\/#organization\"},\"image\":{\"@id\":\"https:\\\/\\\/noticiasmercedinas.com\\\/site\\\/2019\\\/11\\\/17\\\/militancia-y-solidaridad-la-campora-mercedes-pinto-el-jardin-914\\\/#primaryimage\"},\"thumbnailUrl\":\"https:\\\/\\\/noticiasmercedinas.com\\\/site\\\/wp-content\\\/uploads\\\/2019\\\/11\\\/75348989_3256467711091213_1808622372001939456_o.jpg\",\"keywords\":[\"jardin 914\",\"juventud\",\"solidaridad\"],\"articleSection\":[\"Sociedad\"],\"inLanguage\":\"es\",\"potentialAction\":[{\"@type\":\"CommentAction\",\"name\":\"Comment\",\"target\":[\"https:\\\/\\\/noticiasmercedinas.com\\\/site\\\/2019\\\/11\\\/17\\\/militancia-y-solidaridad-la-campora-mercedes-pinto-el-jardin-914\\\/#respond\"]}]},{\"@type\":\"WebPage\",\"@id\":\"https:\\\/\\\/noticiasmercedinas.com\\\/site\\\/2019\\\/11\\\/17\\\/militancia-y-solidaridad-la-campora-mercedes-pinto-el-jardin-914\\\/\",\"url\":\"https:\\\/\\\/noticiasmercedinas.com\\\/site\\\/2019\\\/11\\\/17\\\/militancia-y-solidaridad-la-campora-mercedes-pinto-el-jardin-914\\\/\",\"name\":\"Solidaridad: j\u00f3venes pintaron el Jard\u00edn 914\",\"isPartOf\":{\"@id\":\"https:\\\/\\\/noticiasmercedinas.com\\\/site\\\/#website\"},\"primaryImageOfPage\":{\"@id\":\"https:\\\/\\\/noticiasmercedinas.com\\\/site\\\/2019\\\/11\\\/17\\\/militancia-y-solidaridad-la-campora-mercedes-pinto-el-jardin-914\\\/#primaryimage\"},\"image\":{\"@id\":\"https:\\\/\\\/noticiasmercedinas.com\\\/site\\\/2019\\\/11\\\/17\\\/militancia-y-solidaridad-la-campora-mercedes-pinto-el-jardin-914\\\/#primaryimage\"},\"thumbnailUrl\":\"https:\\\/\\\/noticiasmercedinas.com\\\/site\\\/wp-content\\\/uploads\\\/2019\\\/11\\\/75348989_3256467711091213_1808622372001939456_o.jpg\",\"datePublished\":\"2019-11-17T13:05:19+00:00\",\"dateModified\":\"2019-11-17T23:22:24+00:00\",\"breadcrumb\":{\"@id\":\"https:\\\/\\\/noticiasmercedinas.com\\\/site\\\/2019\\\/11\\\/17\\\/militancia-y-solidaridad-la-campora-mercedes-pinto-el-jardin-914\\\/#breadcrumb\"},\"inLanguage\":\"es\",\"potentialAction\":[{\"@type\":\"ReadAction\",\"target\":[\"https:\\\/\\\/noticiasmercedinas.com\\\/site\\\/2019\\\/11\\\/17\\\/militancia-y-solidaridad-la-campora-mercedes-pinto-el-jardin-914\\\/\"]}]},{\"@type\":\"ImageObject\",\"inLanguage\":\"es\",\"@id\":\"https:\\\/\\\/noticiasmercedinas.com\\\/site\\\/2019\\\/11\\\/17\\\/militancia-y-solidaridad-la-campora-mercedes-pinto-el-jardin-914\\\/#primaryimage\",\"url\":\"https:\\\/\\\/noticiasmercedinas.com\\\/site\\\/wp-content\\\/uploads\\\/2019\\\/11\\\/75348989_3256467711091213_1808622372001939456_o.jpg\",\"contentUrl\":\"https:\\\/\\\/noticiasmercedinas.com\\\/site\\\/wp-content\\\/uploads\\\/2019\\\/11\\\/75348989_3256467711091213_1808622372001939456_o.jpg\",\"width\":960,\"height\":720},{\"@type\":\"BreadcrumbList\",\"@id\":\"https:\\\/\\\/noticiasmercedinas.com\\\/site\\\/2019\\\/11\\\/17\\\/militancia-y-solidaridad-la-campora-mercedes-pinto-el-jardin-914\\\/#breadcrumb\",\"itemListElement\":[{\"@type\":\"ListItem\",\"position\":1,\"name\":\"Portada\",\"item\":\"https:\\\/\\\/noticiasmercedinas.com\\\/site\\\/\"},{\"@type\":\"ListItem\",\"position\":2,\"name\":\"Solidaridad: j\u00f3venes pintaron el Jard\u00edn 914\"}]},{\"@type\":\"WebSite\",\"@id\":\"https:\\\/\\\/noticiasmercedinas.com\\\/site\\\/#website\",\"url\":\"https:\\\/\\\/noticiasmercedinas.com\\\/site\\\/\",\"name\":\"NOTICIASMERCEDINAS.COM\",\"description\":\"Mercedes, Buenos Aires, Argentina\",\"publisher\":{\"@id\":\"https:\\\/\\\/noticiasmercedinas.com\\\/site\\\/#organization\"},\"potentialAction\":[{\"@type\":\"SearchAction\",\"target\":{\"@type\":\"EntryPoint\",\"urlTemplate\":\"https:\\\/\\\/noticiasmercedinas.com\\\/site\\\/?s={search_term_string}\"},\"query-input\":{\"@type\":\"PropertyValueSpecification\",\"valueRequired\":true,\"valueName\":\"search_term_string\"}}],\"inLanguage\":\"es\"},{\"@type\":\"Organization\",\"@id\":\"https:\\\/\\\/noticiasmercedinas.com\\\/site\\\/#organization\",\"name\":\"NOTICIASMERCEDINAS.COM\",\"url\":\"https:\\\/\\\/noticiasmercedinas.com\\\/site\\\/\",\"logo\":{\"@type\":\"ImageObject\",\"inLanguage\":\"es\",\"@id\":\"https:\\\/\\\/noticiasmercedinas.com\\\/site\\\/#\\\/schema\\\/logo\\\/image\\\/\",\"url\":\"https:\\\/\\\/noticiasmercedinas.com\\\/site\\\/wp-content\\\/uploads\\\/2020\\\/06\\\/LOGO-512.jpg\",\"contentUrl\":\"https:\\\/\\\/noticiasmercedinas.com\\\/site\\\/wp-content\\\/uploads\\\/2020\\\/06\\\/LOGO-512.jpg\",\"width\":512,\"height\":512,\"caption\":\"NOTICIASMERCEDINAS.COM\"},\"image\":{\"@id\":\"https:\\\/\\\/noticiasmercedinas.com\\\/site\\\/#\\\/schema\\\/logo\\\/image\\\/\"},\"sameAs\":[\"https:\\\/\\\/www.facebook.com\\\/noticiasmercedinas\\\/\",\"https:\\\/\\\/x.com\\\/notmercedinas\",\"https:\\\/\\\/www.instagram.com\\\/noticiasmercedinas\\\/\"]},{\"@type\":\"Person\",\"@id\":\"https:\\\/\\\/noticiasmercedinas.com\\\/site\\\/#\\\/schema\\\/person\\\/84b59c099c28ff2e8b77d4ceec5d8063\",\"name\":\"NOTICIASMERCEDINAS.COM\",\"image\":{\"@type\":\"ImageObject\",\"inLanguage\":\"es\",\"@id\":\"https:\\\/\\\/secure.gravatar.com\\\/avatar\\\/4dfbf16b4d17945bfb6341b2d19043457132fcf478a5ee04f42e959fd8f5df0a?s=96&d=mm&r=g\",\"url\":\"https:\\\/\\\/secure.gravatar.com\\\/avatar\\\/4dfbf16b4d17945bfb6341b2d19043457132fcf478a5ee04f42e959fd8f5df0a?s=96&d=mm&r=g\",\"contentUrl\":\"https:\\\/\\\/secure.gravatar.com\\\/avatar\\\/4dfbf16b4d17945bfb6341b2d19043457132fcf478a5ee04f42e959fd8f5df0a?s=96&d=mm&r=g\",\"caption\":\"NOTICIASMERCEDINAS.COM\"},\"url\":\"https:\\\/\\\/noticiasmercedinas.com\\\/site\\\/author\\\/anonimo\\\/\"}]}<\/script>\n<!-- \/ Yoast SEO plugin. -->","yoast_head_json":{"title":"Solidaridad: j\u00f3venes pintaron el Jard\u00edn 914","robots":{"index":"index","follow":"follow","max-snippet":"max-snippet:-1","max-image-preview":"max-image-preview:large","max-video-preview":"max-video-preview:-1"},"canonical":"https:\/\/noticiasmercedinas.com\/site\/2019\/11\/17\/militancia-y-solidaridad-la-campora-mercedes-pinto-el-jardin-914\/","og_locale":"es_ES","og_type":"article","og_title":"Solidaridad: j\u00f3venes pintaron el Jard\u00edn 914","og_description":"Impulsados por la Coordinaci\u00f3n de Juventud de la Municipalidad un importante grupo de j\u00f3venes encar\u00f3 una nueva jornada solidaria de pintura de una instituci\u00f3n educativa, este s\u00e1bado. As\u00ed es que los j\u00f3venes estuvieron \u2013m\u00e1s all\u00e1 de la lluviosa ma\u00f1ana, porque cuando hay ganas todo se puede\u2014pintando el Jard\u00edn de Infantes N\u00ba 914. Entre los j\u00f3venes [&hellip;]","og_url":"https:\/\/noticiasmercedinas.com\/site\/2019\/11\/17\/militancia-y-solidaridad-la-campora-mercedes-pinto-el-jardin-914\/","og_site_name":"NOTICIASMERCEDINAS.COM","article_publisher":"https:\/\/www.facebook.com\/noticiasmercedinas\/","article_published_time":"2019-11-17T13:05:19+00:00","article_modified_time":"2019-11-17T23:22:24+00:00","og_image":[{"width":960,"height":720,"url":"https:\/\/noticiasmercedinas.com\/site\/wp-content\/uploads\/2019\/11\/75348989_3256467711091213_1808622372001939456_o.jpg","type":"image\/jpeg"}],"author":"NOTICIASMERCEDINAS.COM","twitter_card":"summary_large_image","twitter_creator":"@notmercedinas","twitter_site":"@notmercedinas","twitter_misc":{"Escrito por":"NOTICIASMERCEDINAS.COM","Tiempo de lectura":"1 minuto"},"schema":{"@context":"https:\/\/schema.org","@graph":[{"@type":"Article","@id":"https:\/\/noticiasmercedinas.com\/site\/2019\/11\/17\/militancia-y-solidaridad-la-campora-mercedes-pinto-el-jardin-914\/#article","isPartOf":{"@id":"https:\/\/noticiasmercedinas.com\/site\/2019\/11\/17\/militancia-y-solidaridad-la-campora-mercedes-pinto-el-jardin-914\/"},"author":{"name":"NOTICIASMERCEDINAS.COM","@id":"https:\/\/noticiasmercedinas.com\/site\/#\/schema\/person\/84b59c099c28ff2e8b77d4ceec5d8063"},"headline":"Solidaridad: j\u00f3venes pintaron el Jard\u00edn 914","datePublished":"2019-11-17T13:05:19+00:00","dateModified":"2019-11-17T23:22:24+00:00","mainEntityOfPage":{"@id":"https:\/\/noticiasmercedinas.com\/site\/2019\/11\/17\/militancia-y-solidaridad-la-campora-mercedes-pinto-el-jardin-914\/"},"wordCount":189,"commentCount":0,"publisher":{"@id":"https:\/\/noticiasmercedinas.com\/site\/#organization"},"image":{"@id":"https:\/\/noticiasmercedinas.com\/site\/2019\/11\/17\/militancia-y-solidaridad-la-campora-mercedes-pinto-el-jardin-914\/#primaryimage"},"thumbnailUrl":"https:\/\/noticiasmercedinas.com\/site\/wp-content\/uploads\/2019\/11\/75348989_3256467711091213_1808622372001939456_o.jpg","keywords":["jardin 914","juventud","solidaridad"],"articleSection":["Sociedad"],"inLanguage":"es","potentialAction":[{"@type":"CommentAction","name":"Comment","target":["https:\/\/noticiasmercedinas.com\/site\/2019\/11\/17\/militancia-y-solidaridad-la-campora-mercedes-pinto-el-jardin-914\/#respond"]}]},{"@type":"WebPage","@id":"https:\/\/noticiasmercedinas.com\/site\/2019\/11\/17\/militancia-y-solidaridad-la-campora-mercedes-pinto-el-jardin-914\/","url":"https:\/\/noticiasmercedinas.com\/site\/2019\/11\/17\/militancia-y-solidaridad-la-campora-mercedes-pinto-el-jardin-914\/","name":"Solidaridad: j\u00f3venes pintaron el Jard\u00edn 914","isPartOf":{"@id":"https:\/\/noticiasmercedinas.com\/site\/#website"},"primaryImageOfPage":{"@id":"https:\/\/noticiasmercedinas.com\/site\/2019\/11\/17\/militancia-y-solidaridad-la-campora-mercedes-pinto-el-jardin-914\/#primaryimage"},"image":{"@id":"https:\/\/noticiasmercedinas.com\/site\/2019\/11\/17\/militancia-y-solidaridad-la-campora-mercedes-pinto-el-jardin-914\/#primaryimage"},"thumbnailUrl":"https:\/\/noticiasmercedinas.com\/site\/wp-content\/uploads\/2019\/11\/75348989_3256467711091213_1808622372001939456_o.jpg","datePublished":"2019-11-17T13:05:19+00:00","dateModified":"2019-11-17T23:22:24+00:00","breadcrumb":{"@id":"https:\/\/noticiasmercedinas.com\/site\/2019\/11\/17\/militancia-y-solidaridad-la-campora-mercedes-pinto-el-jardin-914\/#breadcrumb"},"inLanguage":"es","potentialAction":[{"@type":"ReadAction","target":["https:\/\/noticiasmercedinas.com\/site\/2019\/11\/17\/militancia-y-solidaridad-la-campora-mercedes-pinto-el-jardin-914\/"]}]},{"@type":"ImageObject","inLanguage":"es","@id":"https:\/\/noticiasmercedinas.com\/site\/2019\/11\/17\/militancia-y-solidaridad-la-campora-mercedes-pinto-el-jardin-914\/#primaryimage","url":"https:\/\/noticiasmercedinas.com\/site\/wp-content\/uploads\/2019\/11\/75348989_3256467711091213_1808622372001939456_o.jpg","contentUrl":"https:\/\/noticiasmercedinas.com\/site\/wp-content\/uploads\/2019\/11\/75348989_3256467711091213_1808622372001939456_o.jpg","width":960,"height":720},{"@type":"BreadcrumbList","@id":"https:\/\/noticiasmercedinas.com\/site\/2019\/11\/17\/militancia-y-solidaridad-la-campora-mercedes-pinto-el-jardin-914\/#breadcrumb","itemListElement":[{"@type":"ListItem","position":1,"name":"Portada","item":"https:\/\/noticiasmercedinas.com\/site\/"},{"@type":"ListItem","position":2,"name":"Solidaridad: j\u00f3venes pintaron el Jard\u00edn 914"}]},{"@type":"WebSite","@id":"https:\/\/noticiasmercedinas.com\/site\/#website","url":"https:\/\/noticiasmercedinas.com\/site\/","name":"NOTICIASMERCEDINAS.COM","description":"Mercedes, Buenos Aires, Argentina","publisher":{"@id":"https:\/\/noticiasmercedinas.com\/site\/#organization"},"potentialAction":[{"@type":"SearchAction","target":{"@type":"EntryPoint","urlTemplate":"https:\/\/noticiasmercedinas.com\/site\/?s={search_term_string}"},"query-input":{"@type":"PropertyValueSpecification","valueRequired":true,"valueName":"search_term_string"}}],"inLanguage":"es"},{"@type":"Organization","@id":"https:\/\/noticiasmercedinas.com\/site\/#organization","name":"NOTICIASMERCEDINAS.COM","url":"https:\/\/noticiasmercedinas.com\/site\/","logo":{"@type":"ImageObject","inLanguage":"es","@id":"https:\/\/noticiasmercedinas.com\/site\/#\/schema\/logo\/image\/","url":"https:\/\/noticiasmercedinas.com\/site\/wp-content\/uploads\/2020\/06\/LOGO-512.jpg","contentUrl":"https:\/\/noticiasmercedinas.com\/site\/wp-content\/uploads\/2020\/06\/LOGO-512.jpg","width":512,"height":512,"caption":"NOTICIASMERCEDINAS.COM"},"image":{"@id":"https:\/\/noticiasmercedinas.com\/site\/#\/schema\/logo\/image\/"},"sameAs":["https:\/\/www.facebook.com\/noticiasmercedinas\/","https:\/\/x.com\/notmercedinas","https:\/\/www.instagram.com\/noticiasmercedinas\/"]},{"@type":"Person","@id":"https:\/\/noticiasmercedinas.com\/site\/#\/schema\/person\/84b59c099c28ff2e8b77d4ceec5d8063","name":"NOTICIASMERCEDINAS.COM","image":{"@type":"ImageObject","inLanguage":"es","@id":"https:\/\/secure.gravatar.com\/avatar\/4dfbf16b4d17945bfb6341b2d19043457132fcf478a5ee04f42e959fd8f5df0a?s=96&d=mm&r=g","url":"https:\/\/secure.gravatar.com\/avatar\/4dfbf16b4d17945bfb6341b2d19043457132fcf478a5ee04f42e959fd8f5df0a?s=96&d=mm&r=g","contentUrl":"https:\/\/secure.gravatar.com\/avatar\/4dfbf16b4d17945bfb6341b2d19043457132fcf478a5ee04f42e959fd8f5df0a?s=96&d=mm&r=g","caption":"NOTICIASMERCEDINAS.COM"},"url":"https:\/\/noticiasmercedinas.com\/site\/author\/anonimo\/"}]}},"amp_enabled":true,"_links":{"self":[{"href":"https:\/\/noticiasmercedinas.com\/site\/wp-json\/wp\/v2\/posts\/33825","targetHints":{"allow":["GET"]}}],"collection":[{"href":"https:\/\/noticiasmercedinas.com\/site\/wp-json\/wp\/v2\/posts"}],"about":[{"href":"https:\/\/noticiasmercedinas.com\/site\/wp-json\/wp\/v2\/types\/post"}],"author":[{"embeddable":true,"href":"https:\/\/noticiasmercedinas.com\/site\/wp-json\/wp\/v2\/users\/16"}],"replies":[{"embeddable":true,"href":"https:\/\/noticiasmercedinas.com\/site\/wp-json\/wp\/v2\/comments?post=33825"}],"version-history":[{"count":5,"href":"https:\/\/noticiasmercedinas.com\/site\/wp-json\/wp\/v2\/posts\/33825\/revisions"}],"predecessor-version":[{"id":33889,"href":"https:\/\/noticiasmercedinas.com\/site\/wp-json\/wp\/v2\/posts\/33825\/revisions\/33889"}],"wp:featuredmedia":[{"embeddable":true,"href":"https:\/\/noticiasmercedinas.com\/site\/wp-json\/wp\/v2\/media\/33829"}],"wp:attachment":[{"href":"https:\/\/noticiasmercedinas.com\/site\/wp-json\/wp\/v2\/media?parent=33825"}],"wp:term":[{"taxonomy":"category","embeddable":true,"href":"https:\/\/noticiasmercedinas.com\/site\/wp-json\/wp\/v2\/categories?post=33825"},{"taxonomy":"post_tag","embeddable":true,"href":"https:\/\/noticiasmercedinas.com\/site\/wp-json\/wp\/v2\/tags?post=33825"}],"curies":[{"name":"wp","href":"https:\/\/api.w.org\/{rel}","templated":true}]}}