{"id":33942,"date":"2019-11-18T10:02:28","date_gmt":"2019-11-18T13:02:28","guid":{"rendered":"https:\/\/noticiasmercedinas.com\/site\/?p=33942"},"modified":"2019-11-18T10:02:28","modified_gmt":"2019-11-18T13:02:28","slug":"la-defensoria-fue-a-la-justicia-para-que-se-frene-el-aumento-de-la-luz","status":"publish","type":"post","link":"https:\/\/noticiasmercedinas.com\/site\/2019\/11\/18\/la-defensoria-fue-a-la-justicia-para-que-se-frene-el-aumento-de-la-luz\/","title":{"rendered":"La Defensor\u00eda fue a la Justicia para que se frene el aumento de la luz"},"content":{"rendered":"<p><img loading=\"lazy\" decoding=\"async\" class=\"alignnone size-full wp-image-33943\" src=\"https:\/\/noticiasmercedinas.com\/site\/wp-content\/uploads\/2019\/11\/45310.jpg\" alt=\"\" width=\"900\" height=\"675\" srcset=\"https:\/\/noticiasmercedinas.com\/site\/wp-content\/uploads\/2019\/11\/45310.jpg 900w, https:\/\/noticiasmercedinas.com\/site\/wp-content\/uploads\/2019\/11\/45310-300x225.jpg 300w, https:\/\/noticiasmercedinas.com\/site\/wp-content\/uploads\/2019\/11\/45310-768x576.jpg 768w, https:\/\/noticiasmercedinas.com\/site\/wp-content\/uploads\/2019\/11\/45310-80x60.jpg 80w, https:\/\/noticiasmercedinas.com\/site\/wp-content\/uploads\/2019\/11\/45310-160x120.jpg 160w, https:\/\/noticiasmercedinas.com\/site\/wp-content\/uploads\/2019\/11\/45310-100x75.jpg 100w, https:\/\/noticiasmercedinas.com\/site\/wp-content\/uploads\/2019\/11\/45310-200x150.jpg 200w, https:\/\/noticiasmercedinas.com\/site\/wp-content\/uploads\/2019\/11\/45310-180x135.jpg 180w, https:\/\/noticiasmercedinas.com\/site\/wp-content\/uploads\/2019\/11\/45310-360x270.jpg 360w, https:\/\/noticiasmercedinas.com\/site\/wp-content\/uploads\/2019\/11\/45310-238x178.jpg 238w, https:\/\/noticiasmercedinas.com\/site\/wp-content\/uploads\/2019\/11\/45310-476x356.jpg 476w, https:\/\/noticiasmercedinas.com\/site\/wp-content\/uploads\/2019\/11\/45310-640x480.jpg 640w, https:\/\/noticiasmercedinas.com\/site\/wp-content\/uploads\/2019\/11\/45310-681x511.jpg 681w\" sizes=\"auto, (max-width: 900px) 100vw, 900px\" \/><\/p>\n<p>El organismo que conduce Guido Lorenzino present\u00f3 un planteo de nulidad con la intenci\u00f3n de que se anule la suba del 25% que el gobierno provincial habilit\u00f3 a partir de 2020.<\/p>\n<p>El Defensor del Pueblo bonaerense, Guido Lorenzino, fue a la Justicia para exigir que se frene el aumento tarifario del 25% que el gobierno provincial autoriz\u00f3 para el servicio el\u00e9ctrico a partir de enero de 2020.<\/p>\n<p>Con un planteo de nulidad hecho al Juzgado Contencioso Administrativo N\u00b04 de La Plata, el organismo reclam\u00f3 que el incremento no tenga lugar, al considerar que la resoluci\u00f3n que lo habilit\u00f3 es de manifiesta ilegalidad y arbitrariedad y genera un grave da\u00f1o a los habitantes de la Provincia.<\/p>\n<p>\u201cEstamos frente a una medida que vulnera a\u00fan m\u00e1s los intereses econ\u00f3micos de los usuarios y consumidores, quienes vienen de a\u00f1os de sufrir tarifazos en un contexto de estancamiento de la actividad econ\u00f3mica, de inflaci\u00f3n y de p\u00e9rdida de poder adquisitivo\u201d, sostuvo Lorenzino.<\/p>\n<p>En esa l\u00ednea, el Defensor del Pueblo cuestion\u00f3 a las autoridades provinciales por habilitar un aumento que se aplicar\u00e1 cuando ya no est\u00e9n en el gobierno, y consider\u00f3 que la decisi\u00f3n \u201cresponde nuevamente a la forma que tienen de analizar las tarifas como si estuvieran sometidas a las leyes de mercado, cuando en realidad se trata del pago de una contraprestaci\u00f3n por la utilizaci\u00f3n de un servicio p\u00fablico esencial\u201d.<\/p>\n<p>La Defensor\u00eda ya hab\u00eda rechazado el aumento anunciado por Mar\u00eda Eugenia Vidal para el servicio que prestan EDELAP, EDEA, EDEN, EDES y las 200 cooperativas que operan en la Provincia. En ese sentido, hizo una presentaci\u00f3n administrativa ante el OCEBA y la Direcci\u00f3n Provincial de Energ\u00eda para que se d\u00e9 marcha atr\u00e1s con la suba a aplicarse a partir del primer d\u00eda del a\u00f1o que viene.<\/p>\n","protected":false},"excerpt":{"rendered":"<p>El organismo que conduce Guido Lorenzino present\u00f3 un planteo de nulidad con la intenci\u00f3n de que se anule la suba del 25% que el gobierno provincial habilit\u00f3 a partir de 2020. El Defensor del Pueblo bonaerense, Guido Lorenzino, fue a la Justicia para exigir que se frene el aumento tarifario del 25% que el gobierno [&hellip;]<\/p>\n","protected":false},"author":16,"featured_media":33943,"comment_status":"open","ping_status":"open","sticky":false,"template":"","format":"standard","meta":{"footnotes":""},"categories":[139],"tags":[285,7262,7261,34,7263,286,524],"class_list":["post-33942","post","type-post","status-publish","format-standard","has-post-thumbnail","hentry","category-regionales","tag-defensor-del-pueblo","tag-edea","tag-edelap","tag-eden","tag-edes","tag-guido-lorenzino","tag-justicia"],"yoast_head":"<!-- This site is optimized with the Yoast SEO plugin v27.4 - https:\/\/yoast.com\/product\/yoast-seo-wordpress\/ -->\n<title>La Defensor\u00eda fue a la Justicia para que se frene el aumento de la luz<\/title>\n<meta name=\"robots\" content=\"index, follow, max-snippet:-1, max-image-preview:large, max-video-preview:-1\" \/>\n<link rel=\"canonical\" href=\"https:\/\/noticiasmercedinas.com\/site\/2019\/11\/18\/la-defensoria-fue-a-la-justicia-para-que-se-frene-el-aumento-de-la-luz\/\" \/>\n<meta property=\"og:locale\" content=\"es_ES\" \/>\n<meta property=\"og:type\" content=\"article\" \/>\n<meta property=\"og:title\" content=\"La Defensor\u00eda fue a la Justicia para que se frene el aumento de la luz\" \/>\n<meta property=\"og:description\" content=\"El organismo que conduce Guido Lorenzino present\u00f3 un planteo de nulidad con la intenci\u00f3n de que se anule la suba del 25% que el gobierno provincial habilit\u00f3 a partir de 2020. El Defensor del Pueblo bonaerense, Guido Lorenzino, fue a la Justicia para exigir que se frene el aumento tarifario del 25% que el gobierno [&hellip;]\" \/>\n<meta property=\"og:url\" content=\"https:\/\/noticiasmercedinas.com\/site\/2019\/11\/18\/la-defensoria-fue-a-la-justicia-para-que-se-frene-el-aumento-de-la-luz\/\" \/>\n<meta property=\"og:site_name\" content=\"NOTICIASMERCEDINAS.COM\" \/>\n<meta property=\"article:publisher\" content=\"https:\/\/www.facebook.com\/noticiasmercedinas\/\" \/>\n<meta property=\"article:published_time\" content=\"2019-11-18T13:02:28+00:00\" \/>\n<meta property=\"og:image\" content=\"https:\/\/noticiasmercedinas.com\/site\/wp-content\/uploads\/2019\/11\/45310.jpg\" \/>\n\t<meta property=\"og:image:width\" content=\"900\" \/>\n\t<meta property=\"og:image:height\" content=\"675\" \/>\n\t<meta property=\"og:image:type\" content=\"image\/jpeg\" \/>\n<meta name=\"author\" content=\"NOTICIASMERCEDINAS.COM\" \/>\n<meta name=\"twitter:card\" content=\"summary_large_image\" \/>\n<meta name=\"twitter:creator\" content=\"@notmercedinas\" \/>\n<meta name=\"twitter:site\" content=\"@notmercedinas\" \/>\n<meta name=\"twitter:label1\" content=\"Escrito por\" \/>\n\t<meta name=\"twitter:data1\" content=\"NOTICIASMERCEDINAS.COM\" \/>\n\t<meta name=\"twitter:label2\" content=\"Tiempo de lectura\" \/>\n\t<meta name=\"twitter:data2\" content=\"2 minutos\" \/>\n<script type=\"application\/ld+json\" class=\"yoast-schema-graph\">{\"@context\":\"https:\\\/\\\/schema.org\",\"@graph\":[{\"@type\":\"Article\",\"@id\":\"https:\\\/\\\/noticiasmercedinas.com\\\/site\\\/2019\\\/11\\\/18\\\/la-defensoria-fue-a-la-justicia-para-que-se-frene-el-aumento-de-la-luz\\\/#article\",\"isPartOf\":{\"@id\":\"https:\\\/\\\/noticiasmercedinas.com\\\/site\\\/2019\\\/11\\\/18\\\/la-defensoria-fue-a-la-justicia-para-que-se-frene-el-aumento-de-la-luz\\\/\"},\"author\":{\"name\":\"NOTICIASMERCEDINAS.COM\",\"@id\":\"https:\\\/\\\/noticiasmercedinas.com\\\/site\\\/#\\\/schema\\\/person\\\/84b59c099c28ff2e8b77d4ceec5d8063\"},\"headline\":\"La Defensor\u00eda fue a la Justicia para que se frene el aumento de la luz\",\"datePublished\":\"2019-11-18T13:02:28+00:00\",\"mainEntityOfPage\":{\"@id\":\"https:\\\/\\\/noticiasmercedinas.com\\\/site\\\/2019\\\/11\\\/18\\\/la-defensoria-fue-a-la-justicia-para-que-se-frene-el-aumento-de-la-luz\\\/\"},\"wordCount\":330,\"commentCount\":0,\"publisher\":{\"@id\":\"https:\\\/\\\/noticiasmercedinas.com\\\/site\\\/#organization\"},\"image\":{\"@id\":\"https:\\\/\\\/noticiasmercedinas.com\\\/site\\\/2019\\\/11\\\/18\\\/la-defensoria-fue-a-la-justicia-para-que-se-frene-el-aumento-de-la-luz\\\/#primaryimage\"},\"thumbnailUrl\":\"https:\\\/\\\/noticiasmercedinas.com\\\/site\\\/wp-content\\\/uploads\\\/2019\\\/11\\\/45310.jpg\",\"keywords\":[\"defensor del pueblo\",\"EDEA\",\"EDELAP\",\"eden\",\"EDES\",\"guido lorenzino\",\"justicia\"],\"articleSection\":[\"Regionales\"],\"inLanguage\":\"es\",\"potentialAction\":[{\"@type\":\"CommentAction\",\"name\":\"Comment\",\"target\":[\"https:\\\/\\\/noticiasmercedinas.com\\\/site\\\/2019\\\/11\\\/18\\\/la-defensoria-fue-a-la-justicia-para-que-se-frene-el-aumento-de-la-luz\\\/#respond\"]}]},{\"@type\":\"WebPage\",\"@id\":\"https:\\\/\\\/noticiasmercedinas.com\\\/site\\\/2019\\\/11\\\/18\\\/la-defensoria-fue-a-la-justicia-para-que-se-frene-el-aumento-de-la-luz\\\/\",\"url\":\"https:\\\/\\\/noticiasmercedinas.com\\\/site\\\/2019\\\/11\\\/18\\\/la-defensoria-fue-a-la-justicia-para-que-se-frene-el-aumento-de-la-luz\\\/\",\"name\":\"La Defensor\u00eda fue a la Justicia para que se frene el aumento de la luz\",\"isPartOf\":{\"@id\":\"https:\\\/\\\/noticiasmercedinas.com\\\/site\\\/#website\"},\"primaryImageOfPage\":{\"@id\":\"https:\\\/\\\/noticiasmercedinas.com\\\/site\\\/2019\\\/11\\\/18\\\/la-defensoria-fue-a-la-justicia-para-que-se-frene-el-aumento-de-la-luz\\\/#primaryimage\"},\"image\":{\"@id\":\"https:\\\/\\\/noticiasmercedinas.com\\\/site\\\/2019\\\/11\\\/18\\\/la-defensoria-fue-a-la-justicia-para-que-se-frene-el-aumento-de-la-luz\\\/#primaryimage\"},\"thumbnailUrl\":\"https:\\\/\\\/noticiasmercedinas.com\\\/site\\\/wp-content\\\/uploads\\\/2019\\\/11\\\/45310.jpg\",\"datePublished\":\"2019-11-18T13:02:28+00:00\",\"breadcrumb\":{\"@id\":\"https:\\\/\\\/noticiasmercedinas.com\\\/site\\\/2019\\\/11\\\/18\\\/la-defensoria-fue-a-la-justicia-para-que-se-frene-el-aumento-de-la-luz\\\/#breadcrumb\"},\"inLanguage\":\"es\",\"potentialAction\":[{\"@type\":\"ReadAction\",\"target\":[\"https:\\\/\\\/noticiasmercedinas.com\\\/site\\\/2019\\\/11\\\/18\\\/la-defensoria-fue-a-la-justicia-para-que-se-frene-el-aumento-de-la-luz\\\/\"]}]},{\"@type\":\"ImageObject\",\"inLanguage\":\"es\",\"@id\":\"https:\\\/\\\/noticiasmercedinas.com\\\/site\\\/2019\\\/11\\\/18\\\/la-defensoria-fue-a-la-justicia-para-que-se-frene-el-aumento-de-la-luz\\\/#primaryimage\",\"url\":\"https:\\\/\\\/noticiasmercedinas.com\\\/site\\\/wp-content\\\/uploads\\\/2019\\\/11\\\/45310.jpg\",\"contentUrl\":\"https:\\\/\\\/noticiasmercedinas.com\\\/site\\\/wp-content\\\/uploads\\\/2019\\\/11\\\/45310.jpg\",\"width\":900,\"height\":675},{\"@type\":\"BreadcrumbList\",\"@id\":\"https:\\\/\\\/noticiasmercedinas.com\\\/site\\\/2019\\\/11\\\/18\\\/la-defensoria-fue-a-la-justicia-para-que-se-frene-el-aumento-de-la-luz\\\/#breadcrumb\",\"itemListElement\":[{\"@type\":\"ListItem\",\"position\":1,\"name\":\"Portada\",\"item\":\"https:\\\/\\\/noticiasmercedinas.com\\\/site\\\/\"},{\"@type\":\"ListItem\",\"position\":2,\"name\":\"La Defensor\u00eda fue a la Justicia para que se frene el aumento de la luz\"}]},{\"@type\":\"WebSite\",\"@id\":\"https:\\\/\\\/noticiasmercedinas.com\\\/site\\\/#website\",\"url\":\"https:\\\/\\\/noticiasmercedinas.com\\\/site\\\/\",\"name\":\"NOTICIASMERCEDINAS.COM\",\"description\":\"Mercedes, Buenos Aires, Argentina\",\"publisher\":{\"@id\":\"https:\\\/\\\/noticiasmercedinas.com\\\/site\\\/#organization\"},\"potentialAction\":[{\"@type\":\"SearchAction\",\"target\":{\"@type\":\"EntryPoint\",\"urlTemplate\":\"https:\\\/\\\/noticiasmercedinas.com\\\/site\\\/?s={search_term_string}\"},\"query-input\":{\"@type\":\"PropertyValueSpecification\",\"valueRequired\":true,\"valueName\":\"search_term_string\"}}],\"inLanguage\":\"es\"},{\"@type\":\"Organization\",\"@id\":\"https:\\\/\\\/noticiasmercedinas.com\\\/site\\\/#organization\",\"name\":\"NOTICIASMERCEDINAS.COM\",\"url\":\"https:\\\/\\\/noticiasmercedinas.com\\\/site\\\/\",\"logo\":{\"@type\":\"ImageObject\",\"inLanguage\":\"es\",\"@id\":\"https:\\\/\\\/noticiasmercedinas.com\\\/site\\\/#\\\/schema\\\/logo\\\/image\\\/\",\"url\":\"https:\\\/\\\/noticiasmercedinas.com\\\/site\\\/wp-content\\\/uploads\\\/2020\\\/06\\\/LOGO-512.jpg\",\"contentUrl\":\"https:\\\/\\\/noticiasmercedinas.com\\\/site\\\/wp-content\\\/uploads\\\/2020\\\/06\\\/LOGO-512.jpg\",\"width\":512,\"height\":512,\"caption\":\"NOTICIASMERCEDINAS.COM\"},\"image\":{\"@id\":\"https:\\\/\\\/noticiasmercedinas.com\\\/site\\\/#\\\/schema\\\/logo\\\/image\\\/\"},\"sameAs\":[\"https:\\\/\\\/www.facebook.com\\\/noticiasmercedinas\\\/\",\"https:\\\/\\\/x.com\\\/notmercedinas\",\"https:\\\/\\\/www.instagram.com\\\/noticiasmercedinas\\\/\"]},{\"@type\":\"Person\",\"@id\":\"https:\\\/\\\/noticiasmercedinas.com\\\/site\\\/#\\\/schema\\\/person\\\/84b59c099c28ff2e8b77d4ceec5d8063\",\"name\":\"NOTICIASMERCEDINAS.COM\",\"image\":{\"@type\":\"ImageObject\",\"inLanguage\":\"es\",\"@id\":\"https:\\\/\\\/secure.gravatar.com\\\/avatar\\\/4dfbf16b4d17945bfb6341b2d19043457132fcf478a5ee04f42e959fd8f5df0a?s=96&d=mm&r=g\",\"url\":\"https:\\\/\\\/secure.gravatar.com\\\/avatar\\\/4dfbf16b4d17945bfb6341b2d19043457132fcf478a5ee04f42e959fd8f5df0a?s=96&d=mm&r=g\",\"contentUrl\":\"https:\\\/\\\/secure.gravatar.com\\\/avatar\\\/4dfbf16b4d17945bfb6341b2d19043457132fcf478a5ee04f42e959fd8f5df0a?s=96&d=mm&r=g\",\"caption\":\"NOTICIASMERCEDINAS.COM\"},\"url\":\"https:\\\/\\\/noticiasmercedinas.com\\\/site\\\/author\\\/anonimo\\\/\"}]}<\/script>\n<!-- \/ Yoast SEO plugin. -->","yoast_head_json":{"title":"La Defensor\u00eda fue a la Justicia para que se frene el aumento de la luz","robots":{"index":"index","follow":"follow","max-snippet":"max-snippet:-1","max-image-preview":"max-image-preview:large","max-video-preview":"max-video-preview:-1"},"canonical":"https:\/\/noticiasmercedinas.com\/site\/2019\/11\/18\/la-defensoria-fue-a-la-justicia-para-que-se-frene-el-aumento-de-la-luz\/","og_locale":"es_ES","og_type":"article","og_title":"La Defensor\u00eda fue a la Justicia para que se frene el aumento de la luz","og_description":"El organismo que conduce Guido Lorenzino present\u00f3 un planteo de nulidad con la intenci\u00f3n de que se anule la suba del 25% que el gobierno provincial habilit\u00f3 a partir de 2020. El Defensor del Pueblo bonaerense, Guido Lorenzino, fue a la Justicia para exigir que se frene el aumento tarifario del 25% que el gobierno [&hellip;]","og_url":"https:\/\/noticiasmercedinas.com\/site\/2019\/11\/18\/la-defensoria-fue-a-la-justicia-para-que-se-frene-el-aumento-de-la-luz\/","og_site_name":"NOTICIASMERCEDINAS.COM","article_publisher":"https:\/\/www.facebook.com\/noticiasmercedinas\/","article_published_time":"2019-11-18T13:02:28+00:00","og_image":[{"width":900,"height":675,"url":"https:\/\/noticiasmercedinas.com\/site\/wp-content\/uploads\/2019\/11\/45310.jpg","type":"image\/jpeg"}],"author":"NOTICIASMERCEDINAS.COM","twitter_card":"summary_large_image","twitter_creator":"@notmercedinas","twitter_site":"@notmercedinas","twitter_misc":{"Escrito por":"NOTICIASMERCEDINAS.COM","Tiempo de lectura":"2 minutos"},"schema":{"@context":"https:\/\/schema.org","@graph":[{"@type":"Article","@id":"https:\/\/noticiasmercedinas.com\/site\/2019\/11\/18\/la-defensoria-fue-a-la-justicia-para-que-se-frene-el-aumento-de-la-luz\/#article","isPartOf":{"@id":"https:\/\/noticiasmercedinas.com\/site\/2019\/11\/18\/la-defensoria-fue-a-la-justicia-para-que-se-frene-el-aumento-de-la-luz\/"},"author":{"name":"NOTICIASMERCEDINAS.COM","@id":"https:\/\/noticiasmercedinas.com\/site\/#\/schema\/person\/84b59c099c28ff2e8b77d4ceec5d8063"},"headline":"La Defensor\u00eda fue a la Justicia para que se frene el aumento de la luz","datePublished":"2019-11-18T13:02:28+00:00","mainEntityOfPage":{"@id":"https:\/\/noticiasmercedinas.com\/site\/2019\/11\/18\/la-defensoria-fue-a-la-justicia-para-que-se-frene-el-aumento-de-la-luz\/"},"wordCount":330,"commentCount":0,"publisher":{"@id":"https:\/\/noticiasmercedinas.com\/site\/#organization"},"image":{"@id":"https:\/\/noticiasmercedinas.com\/site\/2019\/11\/18\/la-defensoria-fue-a-la-justicia-para-que-se-frene-el-aumento-de-la-luz\/#primaryimage"},"thumbnailUrl":"https:\/\/noticiasmercedinas.com\/site\/wp-content\/uploads\/2019\/11\/45310.jpg","keywords":["defensor del pueblo","EDEA","EDELAP","eden","EDES","guido lorenzino","justicia"],"articleSection":["Regionales"],"inLanguage":"es","potentialAction":[{"@type":"CommentAction","name":"Comment","target":["https:\/\/noticiasmercedinas.com\/site\/2019\/11\/18\/la-defensoria-fue-a-la-justicia-para-que-se-frene-el-aumento-de-la-luz\/#respond"]}]},{"@type":"WebPage","@id":"https:\/\/noticiasmercedinas.com\/site\/2019\/11\/18\/la-defensoria-fue-a-la-justicia-para-que-se-frene-el-aumento-de-la-luz\/","url":"https:\/\/noticiasmercedinas.com\/site\/2019\/11\/18\/la-defensoria-fue-a-la-justicia-para-que-se-frene-el-aumento-de-la-luz\/","name":"La Defensor\u00eda fue a la Justicia para que se frene el aumento de la luz","isPartOf":{"@id":"https:\/\/noticiasmercedinas.com\/site\/#website"},"primaryImageOfPage":{"@id":"https:\/\/noticiasmercedinas.com\/site\/2019\/11\/18\/la-defensoria-fue-a-la-justicia-para-que-se-frene-el-aumento-de-la-luz\/#primaryimage"},"image":{"@id":"https:\/\/noticiasmercedinas.com\/site\/2019\/11\/18\/la-defensoria-fue-a-la-justicia-para-que-se-frene-el-aumento-de-la-luz\/#primaryimage"},"thumbnailUrl":"https:\/\/noticiasmercedinas.com\/site\/wp-content\/uploads\/2019\/11\/45310.jpg","datePublished":"2019-11-18T13:02:28+00:00","breadcrumb":{"@id":"https:\/\/noticiasmercedinas.com\/site\/2019\/11\/18\/la-defensoria-fue-a-la-justicia-para-que-se-frene-el-aumento-de-la-luz\/#breadcrumb"},"inLanguage":"es","potentialAction":[{"@type":"ReadAction","target":["https:\/\/noticiasmercedinas.com\/site\/2019\/11\/18\/la-defensoria-fue-a-la-justicia-para-que-se-frene-el-aumento-de-la-luz\/"]}]},{"@type":"ImageObject","inLanguage":"es","@id":"https:\/\/noticiasmercedinas.com\/site\/2019\/11\/18\/la-defensoria-fue-a-la-justicia-para-que-se-frene-el-aumento-de-la-luz\/#primaryimage","url":"https:\/\/noticiasmercedinas.com\/site\/wp-content\/uploads\/2019\/11\/45310.jpg","contentUrl":"https:\/\/noticiasmercedinas.com\/site\/wp-content\/uploads\/2019\/11\/45310.jpg","width":900,"height":675},{"@type":"BreadcrumbList","@id":"https:\/\/noticiasmercedinas.com\/site\/2019\/11\/18\/la-defensoria-fue-a-la-justicia-para-que-se-frene-el-aumento-de-la-luz\/#breadcrumb","itemListElement":[{"@type":"ListItem","position":1,"name":"Portada","item":"https:\/\/noticiasmercedinas.com\/site\/"},{"@type":"ListItem","position":2,"name":"La Defensor\u00eda fue a la Justicia para que se frene el aumento de la luz"}]},{"@type":"WebSite","@id":"https:\/\/noticiasmercedinas.com\/site\/#website","url":"https:\/\/noticiasmercedinas.com\/site\/","name":"NOTICIASMERCEDINAS.COM","description":"Mercedes, Buenos Aires, Argentina","publisher":{"@id":"https:\/\/noticiasmercedinas.com\/site\/#organization"},"potentialAction":[{"@type":"SearchAction","target":{"@type":"EntryPoint","urlTemplate":"https:\/\/noticiasmercedinas.com\/site\/?s={search_term_string}"},"query-input":{"@type":"PropertyValueSpecification","valueRequired":true,"valueName":"search_term_string"}}],"inLanguage":"es"},{"@type":"Organization","@id":"https:\/\/noticiasmercedinas.com\/site\/#organization","name":"NOTICIASMERCEDINAS.COM","url":"https:\/\/noticiasmercedinas.com\/site\/","logo":{"@type":"ImageObject","inLanguage":"es","@id":"https:\/\/noticiasmercedinas.com\/site\/#\/schema\/logo\/image\/","url":"https:\/\/noticiasmercedinas.com\/site\/wp-content\/uploads\/2020\/06\/LOGO-512.jpg","contentUrl":"https:\/\/noticiasmercedinas.com\/site\/wp-content\/uploads\/2020\/06\/LOGO-512.jpg","width":512,"height":512,"caption":"NOTICIASMERCEDINAS.COM"},"image":{"@id":"https:\/\/noticiasmercedinas.com\/site\/#\/schema\/logo\/image\/"},"sameAs":["https:\/\/www.facebook.com\/noticiasmercedinas\/","https:\/\/x.com\/notmercedinas","https:\/\/www.instagram.com\/noticiasmercedinas\/"]},{"@type":"Person","@id":"https:\/\/noticiasmercedinas.com\/site\/#\/schema\/person\/84b59c099c28ff2e8b77d4ceec5d8063","name":"NOTICIASMERCEDINAS.COM","image":{"@type":"ImageObject","inLanguage":"es","@id":"https:\/\/secure.gravatar.com\/avatar\/4dfbf16b4d17945bfb6341b2d19043457132fcf478a5ee04f42e959fd8f5df0a?s=96&d=mm&r=g","url":"https:\/\/secure.gravatar.com\/avatar\/4dfbf16b4d17945bfb6341b2d19043457132fcf478a5ee04f42e959fd8f5df0a?s=96&d=mm&r=g","contentUrl":"https:\/\/secure.gravatar.com\/avatar\/4dfbf16b4d17945bfb6341b2d19043457132fcf478a5ee04f42e959fd8f5df0a?s=96&d=mm&r=g","caption":"NOTICIASMERCEDINAS.COM"},"url":"https:\/\/noticiasmercedinas.com\/site\/author\/anonimo\/"}]}},"amp_enabled":true,"_links":{"self":[{"href":"https:\/\/noticiasmercedinas.com\/site\/wp-json\/wp\/v2\/posts\/33942","targetHints":{"allow":["GET"]}}],"collection":[{"href":"https:\/\/noticiasmercedinas.com\/site\/wp-json\/wp\/v2\/posts"}],"about":[{"href":"https:\/\/noticiasmercedinas.com\/site\/wp-json\/wp\/v2\/types\/post"}],"author":[{"embeddable":true,"href":"https:\/\/noticiasmercedinas.com\/site\/wp-json\/wp\/v2\/users\/16"}],"replies":[{"embeddable":true,"href":"https:\/\/noticiasmercedinas.com\/site\/wp-json\/wp\/v2\/comments?post=33942"}],"version-history":[{"count":1,"href":"https:\/\/noticiasmercedinas.com\/site\/wp-json\/wp\/v2\/posts\/33942\/revisions"}],"predecessor-version":[{"id":33944,"href":"https:\/\/noticiasmercedinas.com\/site\/wp-json\/wp\/v2\/posts\/33942\/revisions\/33944"}],"wp:featuredmedia":[{"embeddable":true,"href":"https:\/\/noticiasmercedinas.com\/site\/wp-json\/wp\/v2\/media\/33943"}],"wp:attachment":[{"href":"https:\/\/noticiasmercedinas.com\/site\/wp-json\/wp\/v2\/media?parent=33942"}],"wp:term":[{"taxonomy":"category","embeddable":true,"href":"https:\/\/noticiasmercedinas.com\/site\/wp-json\/wp\/v2\/categories?post=33942"},{"taxonomy":"post_tag","embeddable":true,"href":"https:\/\/noticiasmercedinas.com\/site\/wp-json\/wp\/v2\/tags?post=33942"}],"curies":[{"name":"wp","href":"https:\/\/api.w.org\/{rel}","templated":true}]}}