{"id":344,"date":"2018-08-23T18:45:33","date_gmt":"2018-08-23T21:45:33","guid":{"rendered":"http:\/\/noticiasmercedinas.com\/site\/?p=344"},"modified":"2018-08-23T18:45:33","modified_gmt":"2018-08-23T21:45:33","slug":"virginia-altube-presentara-su-nuevo-disco","status":"publish","type":"post","link":"https:\/\/noticiasmercedinas.com\/site\/2018\/08\/23\/virginia-altube-presentara-su-nuevo-disco\/","title":{"rendered":"Virginia Altube presentar\u00e1 su nuevo disco"},"content":{"rendered":"<p>Tal cual coment\u00f3 la cantante Virginia Altube, se viene la presentaci\u00f3n de su nuevo disco \u201cBajo esta luz\u201d. Ser\u00e1 con un recital el venidero 27 de octubre en La Cultural Dumer.<\/p>\n<p><img loading=\"lazy\" decoding=\"async\" class=\"aligncenter size-full wp-image-345\" src=\"http:\/\/noticiasmercedinas.com\/site\/wp-content\/uploads\/2018\/08\/bajoestaluz.jpg\" alt=\"\" width=\"512\" height=\"370\" srcset=\"https:\/\/noticiasmercedinas.com\/site\/wp-content\/uploads\/2018\/08\/bajoestaluz.jpg 512w, https:\/\/noticiasmercedinas.com\/site\/wp-content\/uploads\/2018\/08\/bajoestaluz-300x217.jpg 300w, https:\/\/noticiasmercedinas.com\/site\/wp-content\/uploads\/2018\/08\/bajoestaluz-511x370.jpg 511w\" sizes=\"auto, (max-width: 512px) 100vw, 512px\" \/><\/p>\n<p>En este a\u00f1o 2018 estuvo tocando en verano en Capilla del Monte junto a un m\u00fasico local, Nahuel Roman\u00ed, en la cooperativa cultural Viaraba. Tambi\u00e9n fue invitada por Rulo Godar a tocar y por el artista Lucas Maidana, quien la convoc\u00f3 junto a Adri\u00e1n Maggi, los L\u00f3pez Heredia y otros artistas. El pasado 12 de mayo, adem\u00e1s, Virginia Altube estuvo en la pe\u00f1a organizada por Los Amigos Pe\u00f1eros, en el Quilmes, y en abril hab\u00eda compartido con Dami\u00e1n Tessore y Oscar Rossello el espacio de Vinilo. En tanto, el pasado 2 de junio ha sido invitada por Roxana Cann\u00e9, que present\u00f3 su disco en el Colegio de Escribanos.<\/p>\n<p>&nbsp;<\/p>\n","protected":false},"excerpt":{"rendered":"<p>Tal cual coment\u00f3 la cantante Virginia Altube, se viene la presentaci\u00f3n de su nuevo disco \u201cBajo esta luz\u201d. Ser\u00e1 con un recital el venidero 27 de octubre en La Cultural Dumer. En este a\u00f1o 2018 estuvo tocando en verano en Capilla del Monte junto a un m\u00fasico local, Nahuel Roman\u00ed, en la cooperativa cultural Viaraba. [&hellip;]<\/p>\n","protected":false},"author":2,"featured_media":345,"comment_status":"open","ping_status":"open","sticky":false,"template":"","format":"standard","meta":{"footnotes":""},"categories":[4],"tags":[164],"class_list":["post-344","post","type-post","status-publish","format-standard","has-post-thumbnail","hentry","category-cultura","tag-virginia-altube"],"yoast_head":"<!-- This site is optimized with the Yoast SEO plugin v27.5 - https:\/\/yoast.com\/product\/yoast-seo-wordpress\/ -->\n<title>Virginia Altube presentar\u00e1 su nuevo disco<\/title>\n<meta name=\"robots\" content=\"index, follow, max-snippet:-1, max-image-preview:large, max-video-preview:-1\" \/>\n<link rel=\"canonical\" href=\"https:\/\/noticiasmercedinas.com\/site\/2018\/08\/23\/virginia-altube-presentara-su-nuevo-disco\/\" \/>\n<meta property=\"og:locale\" content=\"es_ES\" \/>\n<meta property=\"og:type\" content=\"article\" \/>\n<meta property=\"og:title\" content=\"Virginia Altube presentar\u00e1 su nuevo disco\" \/>\n<meta property=\"og:description\" content=\"Tal cual coment\u00f3 la cantante Virginia Altube, se viene la presentaci\u00f3n de su nuevo disco \u201cBajo esta luz\u201d. Ser\u00e1 con un recital el venidero 27 de octubre en La Cultural Dumer. En este a\u00f1o 2018 estuvo tocando en verano en Capilla del Monte junto a un m\u00fasico local, Nahuel Roman\u00ed, en la cooperativa cultural Viaraba. [&hellip;]\" \/>\n<meta property=\"og:url\" content=\"https:\/\/noticiasmercedinas.com\/site\/2018\/08\/23\/virginia-altube-presentara-su-nuevo-disco\/\" \/>\n<meta property=\"og:site_name\" content=\"NOTICIASMERCEDINAS.COM\" \/>\n<meta property=\"article:publisher\" content=\"https:\/\/www.facebook.com\/noticiasmercedinas\/\" \/>\n<meta property=\"article:author\" content=\"https:\/\/www.facebook.com\/cristian.falabella\" \/>\n<meta property=\"article:published_time\" content=\"2018-08-23T21:45:33+00:00\" \/>\n<meta property=\"og:image\" content=\"https:\/\/noticiasmercedinas.com\/site\/wp-content\/uploads\/2018\/08\/bajoestaluz.jpg\" \/>\n\t<meta property=\"og:image:width\" content=\"512\" \/>\n\t<meta property=\"og:image:height\" content=\"370\" \/>\n\t<meta property=\"og:image:type\" content=\"image\/jpeg\" \/>\n<meta name=\"author\" content=\"Cristian Falabella NOTICIASMERCEDINAS.COM\" \/>\n<meta name=\"twitter:card\" content=\"summary_large_image\" \/>\n<meta name=\"twitter:creator\" content=\"@https:\/\/twitter.com\/NOTMERCEDINAS\" \/>\n<meta name=\"twitter:site\" content=\"@notmercedinas\" \/>\n<meta name=\"twitter:label1\" content=\"Escrito por\" \/>\n\t<meta name=\"twitter:data1\" content=\"Cristian Falabella NOTICIASMERCEDINAS.COM\" \/>\n\t<meta name=\"twitter:label2\" content=\"Tiempo de lectura\" \/>\n\t<meta name=\"twitter:data2\" content=\"1 minuto\" \/>\n<script type=\"application\/ld+json\" class=\"yoast-schema-graph\">{\"@context\":\"https:\\\/\\\/schema.org\",\"@graph\":[{\"@type\":\"Article\",\"@id\":\"https:\\\/\\\/noticiasmercedinas.com\\\/site\\\/2018\\\/08\\\/23\\\/virginia-altube-presentara-su-nuevo-disco\\\/#article\",\"isPartOf\":{\"@id\":\"https:\\\/\\\/noticiasmercedinas.com\\\/site\\\/2018\\\/08\\\/23\\\/virginia-altube-presentara-su-nuevo-disco\\\/\"},\"author\":{\"name\":\"Cristian Falabella NOTICIASMERCEDINAS.COM\",\"@id\":\"https:\\\/\\\/noticiasmercedinas.com\\\/site\\\/#\\\/schema\\\/person\\\/d481a9696a5feaec13a60e2bbd991a6a\"},\"headline\":\"Virginia Altube presentar\u00e1 su nuevo disco\",\"datePublished\":\"2018-08-23T21:45:33+00:00\",\"mainEntityOfPage\":{\"@id\":\"https:\\\/\\\/noticiasmercedinas.com\\\/site\\\/2018\\\/08\\\/23\\\/virginia-altube-presentara-su-nuevo-disco\\\/\"},\"wordCount\":153,\"commentCount\":0,\"publisher\":{\"@id\":\"https:\\\/\\\/noticiasmercedinas.com\\\/site\\\/#organization\"},\"image\":{\"@id\":\"https:\\\/\\\/noticiasmercedinas.com\\\/site\\\/2018\\\/08\\\/23\\\/virginia-altube-presentara-su-nuevo-disco\\\/#primaryimage\"},\"thumbnailUrl\":\"https:\\\/\\\/noticiasmercedinas.com\\\/site\\\/wp-content\\\/uploads\\\/2018\\\/08\\\/bajoestaluz.jpg\",\"keywords\":[\"virginia altube\"],\"articleSection\":[\"Cultura\"],\"inLanguage\":\"es\",\"potentialAction\":[{\"@type\":\"CommentAction\",\"name\":\"Comment\",\"target\":[\"https:\\\/\\\/noticiasmercedinas.com\\\/site\\\/2018\\\/08\\\/23\\\/virginia-altube-presentara-su-nuevo-disco\\\/#respond\"]}]},{\"@type\":\"WebPage\",\"@id\":\"https:\\\/\\\/noticiasmercedinas.com\\\/site\\\/2018\\\/08\\\/23\\\/virginia-altube-presentara-su-nuevo-disco\\\/\",\"url\":\"https:\\\/\\\/noticiasmercedinas.com\\\/site\\\/2018\\\/08\\\/23\\\/virginia-altube-presentara-su-nuevo-disco\\\/\",\"name\":\"Virginia Altube presentar\u00e1 su nuevo disco\",\"isPartOf\":{\"@id\":\"https:\\\/\\\/noticiasmercedinas.com\\\/site\\\/#website\"},\"primaryImageOfPage\":{\"@id\":\"https:\\\/\\\/noticiasmercedinas.com\\\/site\\\/2018\\\/08\\\/23\\\/virginia-altube-presentara-su-nuevo-disco\\\/#primaryimage\"},\"image\":{\"@id\":\"https:\\\/\\\/noticiasmercedinas.com\\\/site\\\/2018\\\/08\\\/23\\\/virginia-altube-presentara-su-nuevo-disco\\\/#primaryimage\"},\"thumbnailUrl\":\"https:\\\/\\\/noticiasmercedinas.com\\\/site\\\/wp-content\\\/uploads\\\/2018\\\/08\\\/bajoestaluz.jpg\",\"datePublished\":\"2018-08-23T21:45:33+00:00\",\"breadcrumb\":{\"@id\":\"https:\\\/\\\/noticiasmercedinas.com\\\/site\\\/2018\\\/08\\\/23\\\/virginia-altube-presentara-su-nuevo-disco\\\/#breadcrumb\"},\"inLanguage\":\"es\",\"potentialAction\":[{\"@type\":\"ReadAction\",\"target\":[\"https:\\\/\\\/noticiasmercedinas.com\\\/site\\\/2018\\\/08\\\/23\\\/virginia-altube-presentara-su-nuevo-disco\\\/\"]}]},{\"@type\":\"ImageObject\",\"inLanguage\":\"es\",\"@id\":\"https:\\\/\\\/noticiasmercedinas.com\\\/site\\\/2018\\\/08\\\/23\\\/virginia-altube-presentara-su-nuevo-disco\\\/#primaryimage\",\"url\":\"https:\\\/\\\/noticiasmercedinas.com\\\/site\\\/wp-content\\\/uploads\\\/2018\\\/08\\\/bajoestaluz.jpg\",\"contentUrl\":\"https:\\\/\\\/noticiasmercedinas.com\\\/site\\\/wp-content\\\/uploads\\\/2018\\\/08\\\/bajoestaluz.jpg\",\"width\":512,\"height\":370},{\"@type\":\"BreadcrumbList\",\"@id\":\"https:\\\/\\\/noticiasmercedinas.com\\\/site\\\/2018\\\/08\\\/23\\\/virginia-altube-presentara-su-nuevo-disco\\\/#breadcrumb\",\"itemListElement\":[{\"@type\":\"ListItem\",\"position\":1,\"name\":\"Portada\",\"item\":\"https:\\\/\\\/noticiasmercedinas.com\\\/site\\\/\"},{\"@type\":\"ListItem\",\"position\":2,\"name\":\"Virginia Altube presentar\u00e1 su nuevo disco\"}]},{\"@type\":\"WebSite\",\"@id\":\"https:\\\/\\\/noticiasmercedinas.com\\\/site\\\/#website\",\"url\":\"https:\\\/\\\/noticiasmercedinas.com\\\/site\\\/\",\"name\":\"NOTICIASMERCEDINAS.COM\",\"description\":\"Mercedes, Buenos Aires, Argentina\",\"publisher\":{\"@id\":\"https:\\\/\\\/noticiasmercedinas.com\\\/site\\\/#organization\"},\"potentialAction\":[{\"@type\":\"SearchAction\",\"target\":{\"@type\":\"EntryPoint\",\"urlTemplate\":\"https:\\\/\\\/noticiasmercedinas.com\\\/site\\\/?s={search_term_string}\"},\"query-input\":{\"@type\":\"PropertyValueSpecification\",\"valueRequired\":true,\"valueName\":\"search_term_string\"}}],\"inLanguage\":\"es\"},{\"@type\":\"Organization\",\"@id\":\"https:\\\/\\\/noticiasmercedinas.com\\\/site\\\/#organization\",\"name\":\"NOTICIASMERCEDINAS.COM\",\"url\":\"https:\\\/\\\/noticiasmercedinas.com\\\/site\\\/\",\"logo\":{\"@type\":\"ImageObject\",\"inLanguage\":\"es\",\"@id\":\"https:\\\/\\\/noticiasmercedinas.com\\\/site\\\/#\\\/schema\\\/logo\\\/image\\\/\",\"url\":\"https:\\\/\\\/noticiasmercedinas.com\\\/site\\\/wp-content\\\/uploads\\\/2020\\\/06\\\/LOGO-512.jpg\",\"contentUrl\":\"https:\\\/\\\/noticiasmercedinas.com\\\/site\\\/wp-content\\\/uploads\\\/2020\\\/06\\\/LOGO-512.jpg\",\"width\":512,\"height\":512,\"caption\":\"NOTICIASMERCEDINAS.COM\"},\"image\":{\"@id\":\"https:\\\/\\\/noticiasmercedinas.com\\\/site\\\/#\\\/schema\\\/logo\\\/image\\\/\"},\"sameAs\":[\"https:\\\/\\\/www.facebook.com\\\/noticiasmercedinas\\\/\",\"https:\\\/\\\/x.com\\\/notmercedinas\",\"https:\\\/\\\/www.instagram.com\\\/noticiasmercedinas\\\/\"]},{\"@type\":\"Person\",\"@id\":\"https:\\\/\\\/noticiasmercedinas.com\\\/site\\\/#\\\/schema\\\/person\\\/d481a9696a5feaec13a60e2bbd991a6a\",\"name\":\"Cristian Falabella NOTICIASMERCEDINAS.COM\",\"image\":{\"@type\":\"ImageObject\",\"inLanguage\":\"es\",\"@id\":\"https:\\\/\\\/secure.gravatar.com\\\/avatar\\\/0dbbfc45970cc46bcd0e57766228574ff3511d6eed045b182f536f0f478c1f06?s=96&d=mm&r=g\",\"url\":\"https:\\\/\\\/secure.gravatar.com\\\/avatar\\\/0dbbfc45970cc46bcd0e57766228574ff3511d6eed045b182f536f0f478c1f06?s=96&d=mm&r=g\",\"contentUrl\":\"https:\\\/\\\/secure.gravatar.com\\\/avatar\\\/0dbbfc45970cc46bcd0e57766228574ff3511d6eed045b182f536f0f478c1f06?s=96&d=mm&r=g\",\"caption\":\"Cristian Falabella NOTICIASMERCEDINAS.COM\"},\"description\":\"Periodista, editor de Noticias Mercedinas. Pas\u00f3 por varias redacciones y emprendimientos de prensa, en distintos formatos y \u00e9pocas. Se especializ\u00f3 --y sigue haci\u00e9ndolo-- en comunicaci\u00f3n en la web y en junio de 2006 fund\u00f3 este diario digital.\",\"sameAs\":[\"https:\\\/\\\/noticiasmercedinas.com\",\"https:\\\/\\\/www.facebook.com\\\/cristian.falabella\",\"https:\\\/\\\/www.instagram.com\\\/noticiasmercedinas\\\/\",\"https:\\\/\\\/x.com\\\/https:\\\/\\\/twitter.com\\\/NOTMERCEDINAS\"],\"url\":\"https:\\\/\\\/noticiasmercedinas.com\\\/site\\\/author\\\/as000384\\\/\"}]}<\/script>\n<!-- \/ Yoast SEO plugin. -->","yoast_head_json":{"title":"Virginia Altube presentar\u00e1 su nuevo disco","robots":{"index":"index","follow":"follow","max-snippet":"max-snippet:-1","max-image-preview":"max-image-preview:large","max-video-preview":"max-video-preview:-1"},"canonical":"https:\/\/noticiasmercedinas.com\/site\/2018\/08\/23\/virginia-altube-presentara-su-nuevo-disco\/","og_locale":"es_ES","og_type":"article","og_title":"Virginia Altube presentar\u00e1 su nuevo disco","og_description":"Tal cual coment\u00f3 la cantante Virginia Altube, se viene la presentaci\u00f3n de su nuevo disco \u201cBajo esta luz\u201d. Ser\u00e1 con un recital el venidero 27 de octubre en La Cultural Dumer. En este a\u00f1o 2018 estuvo tocando en verano en Capilla del Monte junto a un m\u00fasico local, Nahuel Roman\u00ed, en la cooperativa cultural Viaraba. [&hellip;]","og_url":"https:\/\/noticiasmercedinas.com\/site\/2018\/08\/23\/virginia-altube-presentara-su-nuevo-disco\/","og_site_name":"NOTICIASMERCEDINAS.COM","article_publisher":"https:\/\/www.facebook.com\/noticiasmercedinas\/","article_author":"https:\/\/www.facebook.com\/cristian.falabella","article_published_time":"2018-08-23T21:45:33+00:00","og_image":[{"width":512,"height":370,"url":"https:\/\/noticiasmercedinas.com\/site\/wp-content\/uploads\/2018\/08\/bajoestaluz.jpg","type":"image\/jpeg"}],"author":"Cristian Falabella NOTICIASMERCEDINAS.COM","twitter_card":"summary_large_image","twitter_creator":"@https:\/\/twitter.com\/NOTMERCEDINAS","twitter_site":"@notmercedinas","twitter_misc":{"Escrito por":"Cristian Falabella NOTICIASMERCEDINAS.COM","Tiempo de lectura":"1 minuto"},"schema":{"@context":"https:\/\/schema.org","@graph":[{"@type":"Article","@id":"https:\/\/noticiasmercedinas.com\/site\/2018\/08\/23\/virginia-altube-presentara-su-nuevo-disco\/#article","isPartOf":{"@id":"https:\/\/noticiasmercedinas.com\/site\/2018\/08\/23\/virginia-altube-presentara-su-nuevo-disco\/"},"author":{"name":"Cristian Falabella NOTICIASMERCEDINAS.COM","@id":"https:\/\/noticiasmercedinas.com\/site\/#\/schema\/person\/d481a9696a5feaec13a60e2bbd991a6a"},"headline":"Virginia Altube presentar\u00e1 su nuevo disco","datePublished":"2018-08-23T21:45:33+00:00","mainEntityOfPage":{"@id":"https:\/\/noticiasmercedinas.com\/site\/2018\/08\/23\/virginia-altube-presentara-su-nuevo-disco\/"},"wordCount":153,"commentCount":0,"publisher":{"@id":"https:\/\/noticiasmercedinas.com\/site\/#organization"},"image":{"@id":"https:\/\/noticiasmercedinas.com\/site\/2018\/08\/23\/virginia-altube-presentara-su-nuevo-disco\/#primaryimage"},"thumbnailUrl":"https:\/\/noticiasmercedinas.com\/site\/wp-content\/uploads\/2018\/08\/bajoestaluz.jpg","keywords":["virginia altube"],"articleSection":["Cultura"],"inLanguage":"es","potentialAction":[{"@type":"CommentAction","name":"Comment","target":["https:\/\/noticiasmercedinas.com\/site\/2018\/08\/23\/virginia-altube-presentara-su-nuevo-disco\/#respond"]}]},{"@type":"WebPage","@id":"https:\/\/noticiasmercedinas.com\/site\/2018\/08\/23\/virginia-altube-presentara-su-nuevo-disco\/","url":"https:\/\/noticiasmercedinas.com\/site\/2018\/08\/23\/virginia-altube-presentara-su-nuevo-disco\/","name":"Virginia Altube presentar\u00e1 su nuevo disco","isPartOf":{"@id":"https:\/\/noticiasmercedinas.com\/site\/#website"},"primaryImageOfPage":{"@id":"https:\/\/noticiasmercedinas.com\/site\/2018\/08\/23\/virginia-altube-presentara-su-nuevo-disco\/#primaryimage"},"image":{"@id":"https:\/\/noticiasmercedinas.com\/site\/2018\/08\/23\/virginia-altube-presentara-su-nuevo-disco\/#primaryimage"},"thumbnailUrl":"https:\/\/noticiasmercedinas.com\/site\/wp-content\/uploads\/2018\/08\/bajoestaluz.jpg","datePublished":"2018-08-23T21:45:33+00:00","breadcrumb":{"@id":"https:\/\/noticiasmercedinas.com\/site\/2018\/08\/23\/virginia-altube-presentara-su-nuevo-disco\/#breadcrumb"},"inLanguage":"es","potentialAction":[{"@type":"ReadAction","target":["https:\/\/noticiasmercedinas.com\/site\/2018\/08\/23\/virginia-altube-presentara-su-nuevo-disco\/"]}]},{"@type":"ImageObject","inLanguage":"es","@id":"https:\/\/noticiasmercedinas.com\/site\/2018\/08\/23\/virginia-altube-presentara-su-nuevo-disco\/#primaryimage","url":"https:\/\/noticiasmercedinas.com\/site\/wp-content\/uploads\/2018\/08\/bajoestaluz.jpg","contentUrl":"https:\/\/noticiasmercedinas.com\/site\/wp-content\/uploads\/2018\/08\/bajoestaluz.jpg","width":512,"height":370},{"@type":"BreadcrumbList","@id":"https:\/\/noticiasmercedinas.com\/site\/2018\/08\/23\/virginia-altube-presentara-su-nuevo-disco\/#breadcrumb","itemListElement":[{"@type":"ListItem","position":1,"name":"Portada","item":"https:\/\/noticiasmercedinas.com\/site\/"},{"@type":"ListItem","position":2,"name":"Virginia Altube presentar\u00e1 su nuevo disco"}]},{"@type":"WebSite","@id":"https:\/\/noticiasmercedinas.com\/site\/#website","url":"https:\/\/noticiasmercedinas.com\/site\/","name":"NOTICIASMERCEDINAS.COM","description":"Mercedes, Buenos Aires, Argentina","publisher":{"@id":"https:\/\/noticiasmercedinas.com\/site\/#organization"},"potentialAction":[{"@type":"SearchAction","target":{"@type":"EntryPoint","urlTemplate":"https:\/\/noticiasmercedinas.com\/site\/?s={search_term_string}"},"query-input":{"@type":"PropertyValueSpecification","valueRequired":true,"valueName":"search_term_string"}}],"inLanguage":"es"},{"@type":"Organization","@id":"https:\/\/noticiasmercedinas.com\/site\/#organization","name":"NOTICIASMERCEDINAS.COM","url":"https:\/\/noticiasmercedinas.com\/site\/","logo":{"@type":"ImageObject","inLanguage":"es","@id":"https:\/\/noticiasmercedinas.com\/site\/#\/schema\/logo\/image\/","url":"https:\/\/noticiasmercedinas.com\/site\/wp-content\/uploads\/2020\/06\/LOGO-512.jpg","contentUrl":"https:\/\/noticiasmercedinas.com\/site\/wp-content\/uploads\/2020\/06\/LOGO-512.jpg","width":512,"height":512,"caption":"NOTICIASMERCEDINAS.COM"},"image":{"@id":"https:\/\/noticiasmercedinas.com\/site\/#\/schema\/logo\/image\/"},"sameAs":["https:\/\/www.facebook.com\/noticiasmercedinas\/","https:\/\/x.com\/notmercedinas","https:\/\/www.instagram.com\/noticiasmercedinas\/"]},{"@type":"Person","@id":"https:\/\/noticiasmercedinas.com\/site\/#\/schema\/person\/d481a9696a5feaec13a60e2bbd991a6a","name":"Cristian Falabella NOTICIASMERCEDINAS.COM","image":{"@type":"ImageObject","inLanguage":"es","@id":"https:\/\/secure.gravatar.com\/avatar\/0dbbfc45970cc46bcd0e57766228574ff3511d6eed045b182f536f0f478c1f06?s=96&d=mm&r=g","url":"https:\/\/secure.gravatar.com\/avatar\/0dbbfc45970cc46bcd0e57766228574ff3511d6eed045b182f536f0f478c1f06?s=96&d=mm&r=g","contentUrl":"https:\/\/secure.gravatar.com\/avatar\/0dbbfc45970cc46bcd0e57766228574ff3511d6eed045b182f536f0f478c1f06?s=96&d=mm&r=g","caption":"Cristian Falabella NOTICIASMERCEDINAS.COM"},"description":"Periodista, editor de Noticias Mercedinas. Pas\u00f3 por varias redacciones y emprendimientos de prensa, en distintos formatos y \u00e9pocas. Se especializ\u00f3 --y sigue haci\u00e9ndolo-- en comunicaci\u00f3n en la web y en junio de 2006 fund\u00f3 este diario digital.","sameAs":["https:\/\/noticiasmercedinas.com","https:\/\/www.facebook.com\/cristian.falabella","https:\/\/www.instagram.com\/noticiasmercedinas\/","https:\/\/x.com\/https:\/\/twitter.com\/NOTMERCEDINAS"],"url":"https:\/\/noticiasmercedinas.com\/site\/author\/as000384\/"}]}},"amp_enabled":true,"_links":{"self":[{"href":"https:\/\/noticiasmercedinas.com\/site\/wp-json\/wp\/v2\/posts\/344","targetHints":{"allow":["GET"]}}],"collection":[{"href":"https:\/\/noticiasmercedinas.com\/site\/wp-json\/wp\/v2\/posts"}],"about":[{"href":"https:\/\/noticiasmercedinas.com\/site\/wp-json\/wp\/v2\/types\/post"}],"author":[{"embeddable":true,"href":"https:\/\/noticiasmercedinas.com\/site\/wp-json\/wp\/v2\/users\/2"}],"replies":[{"embeddable":true,"href":"https:\/\/noticiasmercedinas.com\/site\/wp-json\/wp\/v2\/comments?post=344"}],"version-history":[{"count":1,"href":"https:\/\/noticiasmercedinas.com\/site\/wp-json\/wp\/v2\/posts\/344\/revisions"}],"predecessor-version":[{"id":346,"href":"https:\/\/noticiasmercedinas.com\/site\/wp-json\/wp\/v2\/posts\/344\/revisions\/346"}],"wp:featuredmedia":[{"embeddable":true,"href":"https:\/\/noticiasmercedinas.com\/site\/wp-json\/wp\/v2\/media\/345"}],"wp:attachment":[{"href":"https:\/\/noticiasmercedinas.com\/site\/wp-json\/wp\/v2\/media?parent=344"}],"wp:term":[{"taxonomy":"category","embeddable":true,"href":"https:\/\/noticiasmercedinas.com\/site\/wp-json\/wp\/v2\/categories?post=344"},{"taxonomy":"post_tag","embeddable":true,"href":"https:\/\/noticiasmercedinas.com\/site\/wp-json\/wp\/v2\/tags?post=344"}],"curies":[{"name":"wp","href":"https:\/\/api.w.org\/{rel}","templated":true}]}}