{"id":34526,"date":"2019-11-25T08:28:23","date_gmt":"2019-11-25T11:28:23","guid":{"rendered":"https:\/\/noticiasmercedinas.com\/site\/?p=34526"},"modified":"2019-11-25T08:28:23","modified_gmt":"2019-11-25T11:28:23","slug":"proyectan-crear-centro-de-formacion-deportiva-que-se-llamara-armando-ponce","status":"publish","type":"post","link":"https:\/\/noticiasmercedinas.com\/site\/2019\/11\/25\/proyectan-crear-centro-de-formacion-deportiva-que-se-llamara-armando-ponce\/","title":{"rendered":"Proyectan crear Centro de Formaci\u00f3n Deportiva que se llamar\u00e1 \u201cArmando Ponce\u201d"},"content":{"rendered":"<figure id=\"attachment_34527\" aria-describedby=\"caption-attachment-34527\" style=\"width: 640px\" class=\"wp-caption alignnone\"><img loading=\"lazy\" decoding=\"async\" class=\"wp-image-34527\" src=\"https:\/\/noticiasmercedinas.com\/site\/wp-content\/uploads\/2019\/11\/ponceIMAG0003.jpg\" alt=\"\" width=\"640\" height=\"445\" srcset=\"https:\/\/noticiasmercedinas.com\/site\/wp-content\/uploads\/2019\/11\/ponceIMAG0003.jpg 512w, https:\/\/noticiasmercedinas.com\/site\/wp-content\/uploads\/2019\/11\/ponceIMAG0003-300x209.jpg 300w\" sizes=\"auto, (max-width: 640px) 100vw, 640px\" \/><figcaption id=\"caption-attachment-34527\" class=\"wp-caption-text\">Armando Ponce, fallecido ex dirigente del f\u00fatbol local<\/figcaption><\/figure>\n<p>Por estas horas mediante un proyecto de ordenanza que ingres\u00f3 al Concejo Deliberante por parte del bloque Frente Mercedino para la Victoria se formaliza la idea de crear un centro de capacitaci\u00f3n deportivo que llevar\u00e1 el nombre de \u201cArmando Ponce\u201d.<\/p>\n<p>Para esta concreci\u00f3n tienen en vista el Art\u00edculo 3, Inciso C, de la Ley Nacional N\u00b020.655 de Promoci\u00f3n de las actividades deportivas de todo el pa\u00eds,\u00a0 que sostiene la necesidad de \u201cvelar para que el personal que asuma la responsabilidad profesional de la educaci\u00f3n f\u00edsica y el deporte tenga la competencia y la formaci\u00f3n apropiadas\u201d; el art\u00edculo I, inciso 2 de la Ley de la Provincia de Buenos Aires N\u00b012.108 de Promoci\u00f3n y Fiscalizaci\u00f3n del Deporte que sostiene la idea de \u201cpromover la formaci\u00f3n de docentes, t\u00e9cnicos, dirigentes y \u00e1rbitros, asign\u00e1ndole especial preferencia a la ense\u00f1anza y dirigencia deportiva; y el Art\u00edculo 7.1 de la Carta Internacional de la Educaci\u00f3n F\u00edsica, la actividad f\u00edsica y el deporte de la UNESCO que sostiene que \u201ctodo el personal que asuma la responsabilidad profesional de la educaci\u00f3n f\u00edsica, la actividad f\u00edsica y el deporte debe tener las cualificaciones, la formaci\u00f3n y el perfeccionamiento profesional permanente apropiados\u201d.<\/p>\n<p>\u201cEs notoria la escasez de programas de formaci\u00f3n y capacitaci\u00f3n deportiva en nuestra ciudad\u201d, argumentan los ediles en el proyecto y remarcan que en los \u00faltimos tres a\u00f1os se ha realizado \u201cuna gran inversi\u00f3n en infraestructura en las entidades deportivas y que esa inversi\u00f3n debe ser acompa\u00f1ada con un mayor desarrollo en la formaci\u00f3n y capacitaci\u00f3n\u00a0 tanto de los entrenadores, ayudantes, t\u00e9cnicos y dirigentes deportivos\u201d.<\/p>\n<p>La elecci\u00f3n del nombre tiene que ver con una persona que siempre estuvo ligada al deporte mercedino en diferentes instituciones como as\u00ed tambi\u00e9n en la Liga de F\u00fatbol, entidad que acompa\u00f1a este pedido del nombre de Armando Ponce y en su memoria a modo de homenaje.<\/p>\n<p>Mediante el proyecto de ordenanza se pretende entonces crear el Centro de Formaci\u00f3n Deportiva Municipal \u201cArmando Ponce\u201d para promover, organizar, ejecutar y evaluar proyectos formativos y capacitaciones dirigidas a los actores relacionados al deporte tanto en materia t\u00e9cnica como pedag\u00f3gica.<\/p>\n<p>Algunas ideas pasan por:<\/p>\n<ul>\n<li>Propiciar una mayor y mejor participaci\u00f3n de la poblaci\u00f3n en las actividades que se programen, haciendo realidad el derecho de todo ciudadano a desarrollar o ejercitar sus habilidades f\u00edsicas en un ambiente saludable y amigable garantizando el acceso masivo en igualdad de condiciones y oportunidades.<\/li>\n<li>Proponer la firma de convenios entre los sectores p\u00fablicos, sociales y privados con el objeto de programar y organizar capacitaciones y cursos de formaci\u00f3n deportivo<\/li>\n<li>Formular, incentivar, apoyar y ejecutar programas de capacitaci\u00f3n dirigidos a los actores que participan del deporte mercedino.<\/li>\n<li>Estimular mediante una distinci\u00f3n la labor de los agentes deportivos que hayan contribuido a desarrollar o promocionar el deporte, la educaci\u00f3n f\u00edsica y la recreaci\u00f3n.<\/li>\n<\/ul>\n<p>El Centro de formaci\u00f3n deportiva depender\u00e1 de la Direcci\u00f3n de Deportes del municipio y estar\u00e1 a cargo de un coordinador designado por la misma quien ser\u00e1 el encargado de llevar adelante las acciones tendientes al funcionamiento del mismo.<\/p>\n<p>Le corresponder\u00e1 al municipio dar a conocer la agenda estipulada a\u00f1o tras a\u00f1o a fin de que se conozcan los proyectos formativos que brindar\u00e1 el Centro de Formaci\u00f3n Deportiva.<\/p>\n<p>Vale recordar que Armando Ponce, el homenajeado<strong><a href=\"https:\/\/noticiasmercedinas.com\/141020ponce.htm\" target=\"_blank\" rel=\"noopener noreferrer\">, <span style=\"color: #000080;\">falleci\u00f3 hace 5 a\u00f1os atr\u00e1s<\/span><\/a><\/strong> mientras ejerc\u00eda funciones como tesorero de la Liga Mercedina de F\u00fatbol.<\/p>\n","protected":false},"excerpt":{"rendered":"<p>Por estas horas mediante un proyecto de ordenanza que ingres\u00f3 al Concejo Deliberante por parte del bloque Frente Mercedino para la Victoria se formaliza la idea de crear un centro de capacitaci\u00f3n deportivo que llevar\u00e1 el nombre de \u201cArmando Ponce\u201d. Para esta concreci\u00f3n tienen en vista el Art\u00edculo 3, Inciso C, de la Ley Nacional [&hellip;]<\/p>\n","protected":false},"author":16,"featured_media":34527,"comment_status":"open","ping_status":"open","sticky":false,"template":"","format":"standard","meta":{"footnotes":""},"categories":[5],"tags":[7361,7362,38,431,27],"class_list":["post-34526","post","type-post","status-publish","format-standard","has-post-thumbnail","hentry","category-deportes","tag-armando-ponce","tag-centro-de-formacion-deportiva-municipal","tag-educacion","tag-formacion","tag-futbol"],"yoast_head":"<!-- This site is optimized with the Yoast SEO plugin v27.5 - https:\/\/yoast.com\/product\/yoast-seo-wordpress\/ -->\n<title>Proyectan crear Centro de Formaci\u00f3n Deportiva que se llamar\u00e1 \u201cArmando Ponce\u201d<\/title>\n<meta name=\"robots\" content=\"index, follow, max-snippet:-1, max-image-preview:large, max-video-preview:-1\" \/>\n<link rel=\"canonical\" href=\"https:\/\/noticiasmercedinas.com\/site\/2019\/11\/25\/proyectan-crear-centro-de-formacion-deportiva-que-se-llamara-armando-ponce\/\" \/>\n<meta property=\"og:locale\" content=\"es_ES\" \/>\n<meta property=\"og:type\" content=\"article\" \/>\n<meta property=\"og:title\" content=\"Proyectan crear Centro de Formaci\u00f3n Deportiva que se llamar\u00e1 \u201cArmando Ponce\u201d\" \/>\n<meta property=\"og:description\" content=\"Por estas horas mediante un proyecto de ordenanza que ingres\u00f3 al Concejo Deliberante por parte del bloque Frente Mercedino para la Victoria se formaliza la idea de crear un centro de capacitaci\u00f3n deportivo que llevar\u00e1 el nombre de \u201cArmando Ponce\u201d. Para esta concreci\u00f3n tienen en vista el Art\u00edculo 3, Inciso C, de la Ley Nacional [&hellip;]\" \/>\n<meta property=\"og:url\" content=\"https:\/\/noticiasmercedinas.com\/site\/2019\/11\/25\/proyectan-crear-centro-de-formacion-deportiva-que-se-llamara-armando-ponce\/\" \/>\n<meta property=\"og:site_name\" content=\"NOTICIASMERCEDINAS.COM\" \/>\n<meta property=\"article:publisher\" content=\"https:\/\/www.facebook.com\/noticiasmercedinas\/\" \/>\n<meta property=\"article:published_time\" content=\"2019-11-25T11:28:23+00:00\" \/>\n<meta property=\"og:image\" content=\"https:\/\/noticiasmercedinas.com\/site\/wp-content\/uploads\/2019\/11\/ponceIMAG0003.jpg\" \/>\n\t<meta property=\"og:image:width\" content=\"512\" \/>\n\t<meta property=\"og:image:height\" content=\"356\" \/>\n\t<meta property=\"og:image:type\" content=\"image\/jpeg\" \/>\n<meta name=\"author\" content=\"NOTICIASMERCEDINAS.COM\" \/>\n<meta name=\"twitter:card\" content=\"summary_large_image\" \/>\n<meta name=\"twitter:creator\" content=\"@notmercedinas\" \/>\n<meta name=\"twitter:site\" content=\"@notmercedinas\" \/>\n<meta name=\"twitter:label1\" content=\"Escrito por\" \/>\n\t<meta name=\"twitter:data1\" content=\"NOTICIASMERCEDINAS.COM\" \/>\n\t<meta name=\"twitter:label2\" content=\"Tiempo de lectura\" \/>\n\t<meta name=\"twitter:data2\" content=\"3 minutos\" \/>\n<script type=\"application\/ld+json\" class=\"yoast-schema-graph\">{\"@context\":\"https:\\\/\\\/schema.org\",\"@graph\":[{\"@type\":\"Article\",\"@id\":\"https:\\\/\\\/noticiasmercedinas.com\\\/site\\\/2019\\\/11\\\/25\\\/proyectan-crear-centro-de-formacion-deportiva-que-se-llamara-armando-ponce\\\/#article\",\"isPartOf\":{\"@id\":\"https:\\\/\\\/noticiasmercedinas.com\\\/site\\\/2019\\\/11\\\/25\\\/proyectan-crear-centro-de-formacion-deportiva-que-se-llamara-armando-ponce\\\/\"},\"author\":{\"name\":\"NOTICIASMERCEDINAS.COM\",\"@id\":\"https:\\\/\\\/noticiasmercedinas.com\\\/site\\\/#\\\/schema\\\/person\\\/84b59c099c28ff2e8b77d4ceec5d8063\"},\"headline\":\"Proyectan crear Centro de Formaci\u00f3n Deportiva que se llamar\u00e1 \u201cArmando Ponce\u201d\",\"datePublished\":\"2019-11-25T11:28:23+00:00\",\"mainEntityOfPage\":{\"@id\":\"https:\\\/\\\/noticiasmercedinas.com\\\/site\\\/2019\\\/11\\\/25\\\/proyectan-crear-centro-de-formacion-deportiva-que-se-llamara-armando-ponce\\\/\"},\"wordCount\":632,\"commentCount\":0,\"publisher\":{\"@id\":\"https:\\\/\\\/noticiasmercedinas.com\\\/site\\\/#organization\"},\"image\":{\"@id\":\"https:\\\/\\\/noticiasmercedinas.com\\\/site\\\/2019\\\/11\\\/25\\\/proyectan-crear-centro-de-formacion-deportiva-que-se-llamara-armando-ponce\\\/#primaryimage\"},\"thumbnailUrl\":\"https:\\\/\\\/noticiasmercedinas.com\\\/site\\\/wp-content\\\/uploads\\\/2019\\\/11\\\/ponceIMAG0003.jpg\",\"keywords\":[\"armando ponce\",\"Centro de Formaci\u00f3n Deportiva Municipal\",\"educacion\",\"formacion\",\"futbol\"],\"articleSection\":[\"Deportes\"],\"inLanguage\":\"es\",\"potentialAction\":[{\"@type\":\"CommentAction\",\"name\":\"Comment\",\"target\":[\"https:\\\/\\\/noticiasmercedinas.com\\\/site\\\/2019\\\/11\\\/25\\\/proyectan-crear-centro-de-formacion-deportiva-que-se-llamara-armando-ponce\\\/#respond\"]}]},{\"@type\":\"WebPage\",\"@id\":\"https:\\\/\\\/noticiasmercedinas.com\\\/site\\\/2019\\\/11\\\/25\\\/proyectan-crear-centro-de-formacion-deportiva-que-se-llamara-armando-ponce\\\/\",\"url\":\"https:\\\/\\\/noticiasmercedinas.com\\\/site\\\/2019\\\/11\\\/25\\\/proyectan-crear-centro-de-formacion-deportiva-que-se-llamara-armando-ponce\\\/\",\"name\":\"Proyectan crear Centro de Formaci\u00f3n Deportiva que se llamar\u00e1 \u201cArmando Ponce\u201d\",\"isPartOf\":{\"@id\":\"https:\\\/\\\/noticiasmercedinas.com\\\/site\\\/#website\"},\"primaryImageOfPage\":{\"@id\":\"https:\\\/\\\/noticiasmercedinas.com\\\/site\\\/2019\\\/11\\\/25\\\/proyectan-crear-centro-de-formacion-deportiva-que-se-llamara-armando-ponce\\\/#primaryimage\"},\"image\":{\"@id\":\"https:\\\/\\\/noticiasmercedinas.com\\\/site\\\/2019\\\/11\\\/25\\\/proyectan-crear-centro-de-formacion-deportiva-que-se-llamara-armando-ponce\\\/#primaryimage\"},\"thumbnailUrl\":\"https:\\\/\\\/noticiasmercedinas.com\\\/site\\\/wp-content\\\/uploads\\\/2019\\\/11\\\/ponceIMAG0003.jpg\",\"datePublished\":\"2019-11-25T11:28:23+00:00\",\"breadcrumb\":{\"@id\":\"https:\\\/\\\/noticiasmercedinas.com\\\/site\\\/2019\\\/11\\\/25\\\/proyectan-crear-centro-de-formacion-deportiva-que-se-llamara-armando-ponce\\\/#breadcrumb\"},\"inLanguage\":\"es\",\"potentialAction\":[{\"@type\":\"ReadAction\",\"target\":[\"https:\\\/\\\/noticiasmercedinas.com\\\/site\\\/2019\\\/11\\\/25\\\/proyectan-crear-centro-de-formacion-deportiva-que-se-llamara-armando-ponce\\\/\"]}]},{\"@type\":\"ImageObject\",\"inLanguage\":\"es\",\"@id\":\"https:\\\/\\\/noticiasmercedinas.com\\\/site\\\/2019\\\/11\\\/25\\\/proyectan-crear-centro-de-formacion-deportiva-que-se-llamara-armando-ponce\\\/#primaryimage\",\"url\":\"https:\\\/\\\/noticiasmercedinas.com\\\/site\\\/wp-content\\\/uploads\\\/2019\\\/11\\\/ponceIMAG0003.jpg\",\"contentUrl\":\"https:\\\/\\\/noticiasmercedinas.com\\\/site\\\/wp-content\\\/uploads\\\/2019\\\/11\\\/ponceIMAG0003.jpg\",\"width\":512,\"height\":356},{\"@type\":\"BreadcrumbList\",\"@id\":\"https:\\\/\\\/noticiasmercedinas.com\\\/site\\\/2019\\\/11\\\/25\\\/proyectan-crear-centro-de-formacion-deportiva-que-se-llamara-armando-ponce\\\/#breadcrumb\",\"itemListElement\":[{\"@type\":\"ListItem\",\"position\":1,\"name\":\"Portada\",\"item\":\"https:\\\/\\\/noticiasmercedinas.com\\\/site\\\/\"},{\"@type\":\"ListItem\",\"position\":2,\"name\":\"Proyectan crear Centro de Formaci\u00f3n Deportiva que se llamar\u00e1 \u201cArmando Ponce\u201d\"}]},{\"@type\":\"WebSite\",\"@id\":\"https:\\\/\\\/noticiasmercedinas.com\\\/site\\\/#website\",\"url\":\"https:\\\/\\\/noticiasmercedinas.com\\\/site\\\/\",\"name\":\"NOTICIASMERCEDINAS.COM\",\"description\":\"Mercedes, Buenos Aires, Argentina\",\"publisher\":{\"@id\":\"https:\\\/\\\/noticiasmercedinas.com\\\/site\\\/#organization\"},\"potentialAction\":[{\"@type\":\"SearchAction\",\"target\":{\"@type\":\"EntryPoint\",\"urlTemplate\":\"https:\\\/\\\/noticiasmercedinas.com\\\/site\\\/?s={search_term_string}\"},\"query-input\":{\"@type\":\"PropertyValueSpecification\",\"valueRequired\":true,\"valueName\":\"search_term_string\"}}],\"inLanguage\":\"es\"},{\"@type\":\"Organization\",\"@id\":\"https:\\\/\\\/noticiasmercedinas.com\\\/site\\\/#organization\",\"name\":\"NOTICIASMERCEDINAS.COM\",\"url\":\"https:\\\/\\\/noticiasmercedinas.com\\\/site\\\/\",\"logo\":{\"@type\":\"ImageObject\",\"inLanguage\":\"es\",\"@id\":\"https:\\\/\\\/noticiasmercedinas.com\\\/site\\\/#\\\/schema\\\/logo\\\/image\\\/\",\"url\":\"https:\\\/\\\/noticiasmercedinas.com\\\/site\\\/wp-content\\\/uploads\\\/2020\\\/06\\\/LOGO-512.jpg\",\"contentUrl\":\"https:\\\/\\\/noticiasmercedinas.com\\\/site\\\/wp-content\\\/uploads\\\/2020\\\/06\\\/LOGO-512.jpg\",\"width\":512,\"height\":512,\"caption\":\"NOTICIASMERCEDINAS.COM\"},\"image\":{\"@id\":\"https:\\\/\\\/noticiasmercedinas.com\\\/site\\\/#\\\/schema\\\/logo\\\/image\\\/\"},\"sameAs\":[\"https:\\\/\\\/www.facebook.com\\\/noticiasmercedinas\\\/\",\"https:\\\/\\\/x.com\\\/notmercedinas\",\"https:\\\/\\\/www.instagram.com\\\/noticiasmercedinas\\\/\"]},{\"@type\":\"Person\",\"@id\":\"https:\\\/\\\/noticiasmercedinas.com\\\/site\\\/#\\\/schema\\\/person\\\/84b59c099c28ff2e8b77d4ceec5d8063\",\"name\":\"NOTICIASMERCEDINAS.COM\",\"image\":{\"@type\":\"ImageObject\",\"inLanguage\":\"es\",\"@id\":\"https:\\\/\\\/secure.gravatar.com\\\/avatar\\\/4dfbf16b4d17945bfb6341b2d19043457132fcf478a5ee04f42e959fd8f5df0a?s=96&d=mm&r=g\",\"url\":\"https:\\\/\\\/secure.gravatar.com\\\/avatar\\\/4dfbf16b4d17945bfb6341b2d19043457132fcf478a5ee04f42e959fd8f5df0a?s=96&d=mm&r=g\",\"contentUrl\":\"https:\\\/\\\/secure.gravatar.com\\\/avatar\\\/4dfbf16b4d17945bfb6341b2d19043457132fcf478a5ee04f42e959fd8f5df0a?s=96&d=mm&r=g\",\"caption\":\"NOTICIASMERCEDINAS.COM\"},\"url\":\"https:\\\/\\\/noticiasmercedinas.com\\\/site\\\/author\\\/anonimo\\\/\"}]}<\/script>\n<!-- \/ Yoast SEO plugin. -->","yoast_head_json":{"title":"Proyectan crear Centro de Formaci\u00f3n Deportiva que se llamar\u00e1 \u201cArmando Ponce\u201d","robots":{"index":"index","follow":"follow","max-snippet":"max-snippet:-1","max-image-preview":"max-image-preview:large","max-video-preview":"max-video-preview:-1"},"canonical":"https:\/\/noticiasmercedinas.com\/site\/2019\/11\/25\/proyectan-crear-centro-de-formacion-deportiva-que-se-llamara-armando-ponce\/","og_locale":"es_ES","og_type":"article","og_title":"Proyectan crear Centro de Formaci\u00f3n Deportiva que se llamar\u00e1 \u201cArmando Ponce\u201d","og_description":"Por estas horas mediante un proyecto de ordenanza que ingres\u00f3 al Concejo Deliberante por parte del bloque Frente Mercedino para la Victoria se formaliza la idea de crear un centro de capacitaci\u00f3n deportivo que llevar\u00e1 el nombre de \u201cArmando Ponce\u201d. Para esta concreci\u00f3n tienen en vista el Art\u00edculo 3, Inciso C, de la Ley Nacional [&hellip;]","og_url":"https:\/\/noticiasmercedinas.com\/site\/2019\/11\/25\/proyectan-crear-centro-de-formacion-deportiva-que-se-llamara-armando-ponce\/","og_site_name":"NOTICIASMERCEDINAS.COM","article_publisher":"https:\/\/www.facebook.com\/noticiasmercedinas\/","article_published_time":"2019-11-25T11:28:23+00:00","og_image":[{"width":512,"height":356,"url":"https:\/\/noticiasmercedinas.com\/site\/wp-content\/uploads\/2019\/11\/ponceIMAG0003.jpg","type":"image\/jpeg"}],"author":"NOTICIASMERCEDINAS.COM","twitter_card":"summary_large_image","twitter_creator":"@notmercedinas","twitter_site":"@notmercedinas","twitter_misc":{"Escrito por":"NOTICIASMERCEDINAS.COM","Tiempo de lectura":"3 minutos"},"schema":{"@context":"https:\/\/schema.org","@graph":[{"@type":"Article","@id":"https:\/\/noticiasmercedinas.com\/site\/2019\/11\/25\/proyectan-crear-centro-de-formacion-deportiva-que-se-llamara-armando-ponce\/#article","isPartOf":{"@id":"https:\/\/noticiasmercedinas.com\/site\/2019\/11\/25\/proyectan-crear-centro-de-formacion-deportiva-que-se-llamara-armando-ponce\/"},"author":{"name":"NOTICIASMERCEDINAS.COM","@id":"https:\/\/noticiasmercedinas.com\/site\/#\/schema\/person\/84b59c099c28ff2e8b77d4ceec5d8063"},"headline":"Proyectan crear Centro de Formaci\u00f3n Deportiva que se llamar\u00e1 \u201cArmando Ponce\u201d","datePublished":"2019-11-25T11:28:23+00:00","mainEntityOfPage":{"@id":"https:\/\/noticiasmercedinas.com\/site\/2019\/11\/25\/proyectan-crear-centro-de-formacion-deportiva-que-se-llamara-armando-ponce\/"},"wordCount":632,"commentCount":0,"publisher":{"@id":"https:\/\/noticiasmercedinas.com\/site\/#organization"},"image":{"@id":"https:\/\/noticiasmercedinas.com\/site\/2019\/11\/25\/proyectan-crear-centro-de-formacion-deportiva-que-se-llamara-armando-ponce\/#primaryimage"},"thumbnailUrl":"https:\/\/noticiasmercedinas.com\/site\/wp-content\/uploads\/2019\/11\/ponceIMAG0003.jpg","keywords":["armando ponce","Centro de Formaci\u00f3n Deportiva Municipal","educacion","formacion","futbol"],"articleSection":["Deportes"],"inLanguage":"es","potentialAction":[{"@type":"CommentAction","name":"Comment","target":["https:\/\/noticiasmercedinas.com\/site\/2019\/11\/25\/proyectan-crear-centro-de-formacion-deportiva-que-se-llamara-armando-ponce\/#respond"]}]},{"@type":"WebPage","@id":"https:\/\/noticiasmercedinas.com\/site\/2019\/11\/25\/proyectan-crear-centro-de-formacion-deportiva-que-se-llamara-armando-ponce\/","url":"https:\/\/noticiasmercedinas.com\/site\/2019\/11\/25\/proyectan-crear-centro-de-formacion-deportiva-que-se-llamara-armando-ponce\/","name":"Proyectan crear Centro de Formaci\u00f3n Deportiva que se llamar\u00e1 \u201cArmando Ponce\u201d","isPartOf":{"@id":"https:\/\/noticiasmercedinas.com\/site\/#website"},"primaryImageOfPage":{"@id":"https:\/\/noticiasmercedinas.com\/site\/2019\/11\/25\/proyectan-crear-centro-de-formacion-deportiva-que-se-llamara-armando-ponce\/#primaryimage"},"image":{"@id":"https:\/\/noticiasmercedinas.com\/site\/2019\/11\/25\/proyectan-crear-centro-de-formacion-deportiva-que-se-llamara-armando-ponce\/#primaryimage"},"thumbnailUrl":"https:\/\/noticiasmercedinas.com\/site\/wp-content\/uploads\/2019\/11\/ponceIMAG0003.jpg","datePublished":"2019-11-25T11:28:23+00:00","breadcrumb":{"@id":"https:\/\/noticiasmercedinas.com\/site\/2019\/11\/25\/proyectan-crear-centro-de-formacion-deportiva-que-se-llamara-armando-ponce\/#breadcrumb"},"inLanguage":"es","potentialAction":[{"@type":"ReadAction","target":["https:\/\/noticiasmercedinas.com\/site\/2019\/11\/25\/proyectan-crear-centro-de-formacion-deportiva-que-se-llamara-armando-ponce\/"]}]},{"@type":"ImageObject","inLanguage":"es","@id":"https:\/\/noticiasmercedinas.com\/site\/2019\/11\/25\/proyectan-crear-centro-de-formacion-deportiva-que-se-llamara-armando-ponce\/#primaryimage","url":"https:\/\/noticiasmercedinas.com\/site\/wp-content\/uploads\/2019\/11\/ponceIMAG0003.jpg","contentUrl":"https:\/\/noticiasmercedinas.com\/site\/wp-content\/uploads\/2019\/11\/ponceIMAG0003.jpg","width":512,"height":356},{"@type":"BreadcrumbList","@id":"https:\/\/noticiasmercedinas.com\/site\/2019\/11\/25\/proyectan-crear-centro-de-formacion-deportiva-que-se-llamara-armando-ponce\/#breadcrumb","itemListElement":[{"@type":"ListItem","position":1,"name":"Portada","item":"https:\/\/noticiasmercedinas.com\/site\/"},{"@type":"ListItem","position":2,"name":"Proyectan crear Centro de Formaci\u00f3n Deportiva que se llamar\u00e1 \u201cArmando Ponce\u201d"}]},{"@type":"WebSite","@id":"https:\/\/noticiasmercedinas.com\/site\/#website","url":"https:\/\/noticiasmercedinas.com\/site\/","name":"NOTICIASMERCEDINAS.COM","description":"Mercedes, Buenos Aires, Argentina","publisher":{"@id":"https:\/\/noticiasmercedinas.com\/site\/#organization"},"potentialAction":[{"@type":"SearchAction","target":{"@type":"EntryPoint","urlTemplate":"https:\/\/noticiasmercedinas.com\/site\/?s={search_term_string}"},"query-input":{"@type":"PropertyValueSpecification","valueRequired":true,"valueName":"search_term_string"}}],"inLanguage":"es"},{"@type":"Organization","@id":"https:\/\/noticiasmercedinas.com\/site\/#organization","name":"NOTICIASMERCEDINAS.COM","url":"https:\/\/noticiasmercedinas.com\/site\/","logo":{"@type":"ImageObject","inLanguage":"es","@id":"https:\/\/noticiasmercedinas.com\/site\/#\/schema\/logo\/image\/","url":"https:\/\/noticiasmercedinas.com\/site\/wp-content\/uploads\/2020\/06\/LOGO-512.jpg","contentUrl":"https:\/\/noticiasmercedinas.com\/site\/wp-content\/uploads\/2020\/06\/LOGO-512.jpg","width":512,"height":512,"caption":"NOTICIASMERCEDINAS.COM"},"image":{"@id":"https:\/\/noticiasmercedinas.com\/site\/#\/schema\/logo\/image\/"},"sameAs":["https:\/\/www.facebook.com\/noticiasmercedinas\/","https:\/\/x.com\/notmercedinas","https:\/\/www.instagram.com\/noticiasmercedinas\/"]},{"@type":"Person","@id":"https:\/\/noticiasmercedinas.com\/site\/#\/schema\/person\/84b59c099c28ff2e8b77d4ceec5d8063","name":"NOTICIASMERCEDINAS.COM","image":{"@type":"ImageObject","inLanguage":"es","@id":"https:\/\/secure.gravatar.com\/avatar\/4dfbf16b4d17945bfb6341b2d19043457132fcf478a5ee04f42e959fd8f5df0a?s=96&d=mm&r=g","url":"https:\/\/secure.gravatar.com\/avatar\/4dfbf16b4d17945bfb6341b2d19043457132fcf478a5ee04f42e959fd8f5df0a?s=96&d=mm&r=g","contentUrl":"https:\/\/secure.gravatar.com\/avatar\/4dfbf16b4d17945bfb6341b2d19043457132fcf478a5ee04f42e959fd8f5df0a?s=96&d=mm&r=g","caption":"NOTICIASMERCEDINAS.COM"},"url":"https:\/\/noticiasmercedinas.com\/site\/author\/anonimo\/"}]}},"amp_enabled":true,"_links":{"self":[{"href":"https:\/\/noticiasmercedinas.com\/site\/wp-json\/wp\/v2\/posts\/34526","targetHints":{"allow":["GET"]}}],"collection":[{"href":"https:\/\/noticiasmercedinas.com\/site\/wp-json\/wp\/v2\/posts"}],"about":[{"href":"https:\/\/noticiasmercedinas.com\/site\/wp-json\/wp\/v2\/types\/post"}],"author":[{"embeddable":true,"href":"https:\/\/noticiasmercedinas.com\/site\/wp-json\/wp\/v2\/users\/16"}],"replies":[{"embeddable":true,"href":"https:\/\/noticiasmercedinas.com\/site\/wp-json\/wp\/v2\/comments?post=34526"}],"version-history":[{"count":1,"href":"https:\/\/noticiasmercedinas.com\/site\/wp-json\/wp\/v2\/posts\/34526\/revisions"}],"predecessor-version":[{"id":34528,"href":"https:\/\/noticiasmercedinas.com\/site\/wp-json\/wp\/v2\/posts\/34526\/revisions\/34528"}],"wp:featuredmedia":[{"embeddable":true,"href":"https:\/\/noticiasmercedinas.com\/site\/wp-json\/wp\/v2\/media\/34527"}],"wp:attachment":[{"href":"https:\/\/noticiasmercedinas.com\/site\/wp-json\/wp\/v2\/media?parent=34526"}],"wp:term":[{"taxonomy":"category","embeddable":true,"href":"https:\/\/noticiasmercedinas.com\/site\/wp-json\/wp\/v2\/categories?post=34526"},{"taxonomy":"post_tag","embeddable":true,"href":"https:\/\/noticiasmercedinas.com\/site\/wp-json\/wp\/v2\/tags?post=34526"}],"curies":[{"name":"wp","href":"https:\/\/api.w.org\/{rel}","templated":true}]}}