{"id":3456,"date":"2018-10-03T13:19:11","date_gmt":"2018-10-03T16:19:11","guid":{"rendered":"https:\/\/noticiasmercedinas.com\/site\/?p=3456"},"modified":"2018-10-03T13:29:09","modified_gmt":"2018-10-03T16:29:09","slug":"ya-salio-el-disco-bajo-esta-luz-de-virginia-altube","status":"publish","type":"post","link":"https:\/\/noticiasmercedinas.com\/site\/2018\/10\/03\/ya-salio-el-disco-bajo-esta-luz-de-virginia-altube\/","title":{"rendered":"Ya sali\u00f3 el disco \u00abBajo esta luz\u00bb, de Virginia Altube"},"content":{"rendered":"<p><img loading=\"lazy\" decoding=\"async\" class=\"alignnone wp-image-3459 size-full\" src=\"https:\/\/noticiasmercedinas.com\/site\/wp-content\/uploads\/2018\/10\/IMG_20181003_131227_708.jpg\" width=\"2257\" height=\"1440\" srcset=\"https:\/\/noticiasmercedinas.com\/site\/wp-content\/uploads\/2018\/10\/IMG_20181003_131227_708.jpg 2257w, https:\/\/noticiasmercedinas.com\/site\/wp-content\/uploads\/2018\/10\/IMG_20181003_131227_708-300x191.jpg 300w, https:\/\/noticiasmercedinas.com\/site\/wp-content\/uploads\/2018\/10\/IMG_20181003_131227_708-768x490.jpg 768w, https:\/\/noticiasmercedinas.com\/site\/wp-content\/uploads\/2018\/10\/IMG_20181003_131227_708-1024x653.jpg 1024w, https:\/\/noticiasmercedinas.com\/site\/wp-content\/uploads\/2018\/10\/IMG_20181003_131227_708-640x408.jpg 640w, https:\/\/noticiasmercedinas.com\/site\/wp-content\/uploads\/2018\/10\/IMG_20181003_131227_708-1280x817.jpg 1280w, https:\/\/noticiasmercedinas.com\/site\/wp-content\/uploads\/2018\/10\/IMG_20181003_131227_708-681x434.jpg 681w, https:\/\/noticiasmercedinas.com\/site\/wp-content\/uploads\/2018\/10\/IMG_20181003_131227_708-1362x869.jpg 1362w\" sizes=\"auto, (max-width: 2257px) 100vw, 2257px\" \/><\/p>\n<p>El disco \u00abBajo esta luz\u00bb, segundo de Virginia Altube, ya est\u00e1 en las calles. El venidero 27 de octubre desde las 21 horas ser\u00e1 presentado en La Cultural Dumer.<\/p>\n<p>El nuevo trabajo discogr\u00e1fico de Virginia Altube tiene once canciones e incluye creaciones de grandes autores tradicionales y otras de otros m\u00e1s cercanos como el mercedino Osvaldo Sanguinetti, Leopoldo Caracoche y la propia Altube junto a Dami\u00e1n Tessore.<\/p>\n<p>\u00abMe gust\u00f3 haber encontrado en este proceso de la grabaci\u00f3n a tanta buena gente\u00bb, dijo la artista, quien aclar\u00f3 que este material discogr\u00e1fico es un beneficio del INAMU (Instituto Nacional de la M\u00fasica).<\/p>\n<p>\u00abEs un disco conceptual y a la vez ecl\u00e9ctico\u00bb, indic\u00f3 Altube. \u00abEst\u00e1 envuelto en la tem\u00e1tica de la tierra pero hay otras improntas\u00bb, agreg\u00f3 y resalt\u00f3 el trabajo del productor musical Dami\u00e1n Tessore, quien fue t\u00e9cnico de grabaci\u00f3n y toc\u00f3 varios instrumentos (guitarra, bajo y accesorios) en este disco que se grab\u00f3 en Piruca Estudios.<\/p>\n<p>Otros aportes importantes desde lo est\u00e9tico en \u00abBajo esta luz\u00bb son el dise\u00f1o gr\u00e1fico y fotograf\u00edas de Ainara Lizarribar, y la fotograf\u00eda de Claudio Pietrzykowski.<\/p>\n<p>\u00abFui variando en la idea\u00bb, concedi\u00f3 la cantante sobre c\u00f3mo se fue dando el trabajo. \u00abMe gust\u00f3 c\u00f3mo qued\u00f3 y me siento identificada mas all\u00e1 de que siempre se puede mejorar. Este es un producto que me identifica como cantante y los arreglos me identifican. En \u00e9l se puede escuchar algo que tiene que ver conmigo, con mi historia, mis gustos musicales y referentes\u00bb, sintetiz\u00f3 Altube.<\/p>\n<p>El 27 se la podr\u00e1 ver en La Dumer. Virginia Altube se presentar\u00e1 junto a sus m\u00fasicos Juan Lopez Courtade (percusi\u00f3n), Rodrigo Acttis (arm\u00f3nica) y Damian Tessore (guitarras). Adem\u00e1s estar\u00e1n invitados Emanuel Damele, Leandro Massa, Elias Barreto y Santi Pauli, como percusionistas. \u00abAdem\u00e1s habr\u00e1 alg\u00fan musico sorpresa\u00bb, adelant\u00f3 Altube, dando a entender que alguno de los invitados de la grabaci\u00f3n (Lucas Guinot, Maxi Rodriguez, Gabriel \u00c1lvarez, Tiago Camerano, Nacho Delagnes, Christian Lamonica, Sebasti\u00e1n Caracoche y Magdalena Caracoche) pueda estar presente en vivo.<\/p>\n<p>El disco se podr\u00e1 conseguir en disquer\u00edas de la ciudad. Quienes vayan al show del 27 en La Dumer podr\u00e1n tenerlo junto a la entrada por 200 pesos.<\/p>\n","protected":false},"excerpt":{"rendered":"<p>El disco \u00abBajo esta luz\u00bb, segundo de Virginia Altube, ya est\u00e1 en las calles. El venidero 27 de octubre desde las 21 horas ser\u00e1 presentado en La Cultural Dumer. El nuevo trabajo discogr\u00e1fico de Virginia Altube tiene once canciones e incluye creaciones de grandes autores tradicionales y otras de otros m\u00e1s cercanos como el mercedino [&hellip;]<\/p>\n","protected":false},"author":2,"featured_media":3459,"comment_status":"open","ping_status":"open","sticky":false,"template":"","format":"standard","meta":{"footnotes":""},"categories":[4],"tags":[873,714,1151,497,1155,1150,1153,1154,1152,164],"class_list":["post-3456","post","type-post","status-publish","format-standard","has-post-thumbnail","hentry","category-cultura","tag-christian-lamonica","tag-damian-tessore","tag-gabriel-alvarez","tag-lucas-guinot","tag-magdalena-caracoche","tag-maxi-rodriguez","tag-nacho-delagnes","tag-sebastian-caracoche","tag-tiago-camerano","tag-virginia-altube"],"yoast_head":"<!-- This site is optimized with the Yoast SEO plugin v27.5 - https:\/\/yoast.com\/product\/yoast-seo-wordpress\/ -->\n<title>Ya sali\u00f3 el disco &quot;Bajo esta luz&quot;, de Virginia Altube<\/title>\n<meta name=\"robots\" content=\"index, follow, max-snippet:-1, max-image-preview:large, max-video-preview:-1\" \/>\n<link rel=\"canonical\" href=\"https:\/\/noticiasmercedinas.com\/site\/2018\/10\/03\/ya-salio-el-disco-bajo-esta-luz-de-virginia-altube\/\" \/>\n<meta property=\"og:locale\" content=\"es_ES\" \/>\n<meta property=\"og:type\" content=\"article\" \/>\n<meta property=\"og:title\" content=\"Ya sali\u00f3 el disco &quot;Bajo esta luz&quot;, de Virginia Altube\" \/>\n<meta property=\"og:description\" content=\"El disco \u00abBajo esta luz\u00bb, segundo de Virginia Altube, ya est\u00e1 en las calles. El venidero 27 de octubre desde las 21 horas ser\u00e1 presentado en La Cultural Dumer. El nuevo trabajo discogr\u00e1fico de Virginia Altube tiene once canciones e incluye creaciones de grandes autores tradicionales y otras de otros m\u00e1s cercanos como el mercedino [&hellip;]\" \/>\n<meta property=\"og:url\" content=\"https:\/\/noticiasmercedinas.com\/site\/2018\/10\/03\/ya-salio-el-disco-bajo-esta-luz-de-virginia-altube\/\" \/>\n<meta property=\"og:site_name\" content=\"NOTICIASMERCEDINAS.COM\" \/>\n<meta property=\"article:publisher\" content=\"https:\/\/www.facebook.com\/noticiasmercedinas\/\" \/>\n<meta property=\"article:author\" content=\"https:\/\/www.facebook.com\/cristian.falabella\" \/>\n<meta property=\"article:published_time\" content=\"2018-10-03T16:19:11+00:00\" \/>\n<meta property=\"article:modified_time\" content=\"2018-10-03T16:29:09+00:00\" \/>\n<meta property=\"og:image\" content=\"https:\/\/noticiasmercedinas.com\/site\/wp-content\/uploads\/2018\/10\/IMG_20181003_131227_708.jpg\" \/>\n\t<meta property=\"og:image:width\" content=\"2257\" \/>\n\t<meta property=\"og:image:height\" content=\"1440\" \/>\n\t<meta property=\"og:image:type\" content=\"image\/jpeg\" \/>\n<meta name=\"author\" content=\"Cristian Falabella NOTICIASMERCEDINAS.COM\" \/>\n<meta name=\"twitter:card\" content=\"summary_large_image\" \/>\n<meta name=\"twitter:creator\" content=\"@https:\/\/twitter.com\/NOTMERCEDINAS\" \/>\n<meta name=\"twitter:site\" content=\"@notmercedinas\" \/>\n<meta name=\"twitter:label1\" content=\"Escrito por\" \/>\n\t<meta name=\"twitter:data1\" content=\"Cristian Falabella NOTICIASMERCEDINAS.COM\" \/>\n\t<meta name=\"twitter:label2\" content=\"Tiempo de lectura\" \/>\n\t<meta name=\"twitter:data2\" content=\"2 minutos\" \/>\n<script type=\"application\/ld+json\" class=\"yoast-schema-graph\">{\"@context\":\"https:\\\/\\\/schema.org\",\"@graph\":[{\"@type\":\"Article\",\"@id\":\"https:\\\/\\\/noticiasmercedinas.com\\\/site\\\/2018\\\/10\\\/03\\\/ya-salio-el-disco-bajo-esta-luz-de-virginia-altube\\\/#article\",\"isPartOf\":{\"@id\":\"https:\\\/\\\/noticiasmercedinas.com\\\/site\\\/2018\\\/10\\\/03\\\/ya-salio-el-disco-bajo-esta-luz-de-virginia-altube\\\/\"},\"author\":{\"name\":\"Cristian Falabella NOTICIASMERCEDINAS.COM\",\"@id\":\"https:\\\/\\\/noticiasmercedinas.com\\\/site\\\/#\\\/schema\\\/person\\\/d481a9696a5feaec13a60e2bbd991a6a\"},\"headline\":\"Ya sali\u00f3 el disco \u00abBajo esta luz\u00bb, de Virginia Altube\",\"datePublished\":\"2018-10-03T16:19:11+00:00\",\"dateModified\":\"2018-10-03T16:29:09+00:00\",\"mainEntityOfPage\":{\"@id\":\"https:\\\/\\\/noticiasmercedinas.com\\\/site\\\/2018\\\/10\\\/03\\\/ya-salio-el-disco-bajo-esta-luz-de-virginia-altube\\\/\"},\"wordCount\":390,\"commentCount\":0,\"publisher\":{\"@id\":\"https:\\\/\\\/noticiasmercedinas.com\\\/site\\\/#organization\"},\"image\":{\"@id\":\"https:\\\/\\\/noticiasmercedinas.com\\\/site\\\/2018\\\/10\\\/03\\\/ya-salio-el-disco-bajo-esta-luz-de-virginia-altube\\\/#primaryimage\"},\"thumbnailUrl\":\"https:\\\/\\\/noticiasmercedinas.com\\\/site\\\/wp-content\\\/uploads\\\/2018\\\/10\\\/IMG_20181003_131227_708.jpg\",\"keywords\":[\"Christian Lamonica\",\"damian tessore\",\"Gabriel \u00c1lvarez\",\"Lucas Guinot\",\"Magdalena Caracoche\",\"Maxi Rodriguez\",\"Nacho Delagnes\",\"Sebasti\u00e1n Caracoche\",\"Tiago Camerano\",\"virginia altube\"],\"articleSection\":[\"Cultura\"],\"inLanguage\":\"es\",\"potentialAction\":[{\"@type\":\"CommentAction\",\"name\":\"Comment\",\"target\":[\"https:\\\/\\\/noticiasmercedinas.com\\\/site\\\/2018\\\/10\\\/03\\\/ya-salio-el-disco-bajo-esta-luz-de-virginia-altube\\\/#respond\"]}]},{\"@type\":\"WebPage\",\"@id\":\"https:\\\/\\\/noticiasmercedinas.com\\\/site\\\/2018\\\/10\\\/03\\\/ya-salio-el-disco-bajo-esta-luz-de-virginia-altube\\\/\",\"url\":\"https:\\\/\\\/noticiasmercedinas.com\\\/site\\\/2018\\\/10\\\/03\\\/ya-salio-el-disco-bajo-esta-luz-de-virginia-altube\\\/\",\"name\":\"Ya sali\u00f3 el disco \\\"Bajo esta luz\\\", de Virginia Altube\",\"isPartOf\":{\"@id\":\"https:\\\/\\\/noticiasmercedinas.com\\\/site\\\/#website\"},\"primaryImageOfPage\":{\"@id\":\"https:\\\/\\\/noticiasmercedinas.com\\\/site\\\/2018\\\/10\\\/03\\\/ya-salio-el-disco-bajo-esta-luz-de-virginia-altube\\\/#primaryimage\"},\"image\":{\"@id\":\"https:\\\/\\\/noticiasmercedinas.com\\\/site\\\/2018\\\/10\\\/03\\\/ya-salio-el-disco-bajo-esta-luz-de-virginia-altube\\\/#primaryimage\"},\"thumbnailUrl\":\"https:\\\/\\\/noticiasmercedinas.com\\\/site\\\/wp-content\\\/uploads\\\/2018\\\/10\\\/IMG_20181003_131227_708.jpg\",\"datePublished\":\"2018-10-03T16:19:11+00:00\",\"dateModified\":\"2018-10-03T16:29:09+00:00\",\"breadcrumb\":{\"@id\":\"https:\\\/\\\/noticiasmercedinas.com\\\/site\\\/2018\\\/10\\\/03\\\/ya-salio-el-disco-bajo-esta-luz-de-virginia-altube\\\/#breadcrumb\"},\"inLanguage\":\"es\",\"potentialAction\":[{\"@type\":\"ReadAction\",\"target\":[\"https:\\\/\\\/noticiasmercedinas.com\\\/site\\\/2018\\\/10\\\/03\\\/ya-salio-el-disco-bajo-esta-luz-de-virginia-altube\\\/\"]}]},{\"@type\":\"ImageObject\",\"inLanguage\":\"es\",\"@id\":\"https:\\\/\\\/noticiasmercedinas.com\\\/site\\\/2018\\\/10\\\/03\\\/ya-salio-el-disco-bajo-esta-luz-de-virginia-altube\\\/#primaryimage\",\"url\":\"https:\\\/\\\/noticiasmercedinas.com\\\/site\\\/wp-content\\\/uploads\\\/2018\\\/10\\\/IMG_20181003_131227_708.jpg\",\"contentUrl\":\"https:\\\/\\\/noticiasmercedinas.com\\\/site\\\/wp-content\\\/uploads\\\/2018\\\/10\\\/IMG_20181003_131227_708.jpg\",\"width\":2257,\"height\":1440},{\"@type\":\"BreadcrumbList\",\"@id\":\"https:\\\/\\\/noticiasmercedinas.com\\\/site\\\/2018\\\/10\\\/03\\\/ya-salio-el-disco-bajo-esta-luz-de-virginia-altube\\\/#breadcrumb\",\"itemListElement\":[{\"@type\":\"ListItem\",\"position\":1,\"name\":\"Portada\",\"item\":\"https:\\\/\\\/noticiasmercedinas.com\\\/site\\\/\"},{\"@type\":\"ListItem\",\"position\":2,\"name\":\"Ya sali\u00f3 el disco \u00abBajo esta luz\u00bb, de Virginia Altube\"}]},{\"@type\":\"WebSite\",\"@id\":\"https:\\\/\\\/noticiasmercedinas.com\\\/site\\\/#website\",\"url\":\"https:\\\/\\\/noticiasmercedinas.com\\\/site\\\/\",\"name\":\"NOTICIASMERCEDINAS.COM\",\"description\":\"Mercedes, Buenos Aires, Argentina\",\"publisher\":{\"@id\":\"https:\\\/\\\/noticiasmercedinas.com\\\/site\\\/#organization\"},\"potentialAction\":[{\"@type\":\"SearchAction\",\"target\":{\"@type\":\"EntryPoint\",\"urlTemplate\":\"https:\\\/\\\/noticiasmercedinas.com\\\/site\\\/?s={search_term_string}\"},\"query-input\":{\"@type\":\"PropertyValueSpecification\",\"valueRequired\":true,\"valueName\":\"search_term_string\"}}],\"inLanguage\":\"es\"},{\"@type\":\"Organization\",\"@id\":\"https:\\\/\\\/noticiasmercedinas.com\\\/site\\\/#organization\",\"name\":\"NOTICIASMERCEDINAS.COM\",\"url\":\"https:\\\/\\\/noticiasmercedinas.com\\\/site\\\/\",\"logo\":{\"@type\":\"ImageObject\",\"inLanguage\":\"es\",\"@id\":\"https:\\\/\\\/noticiasmercedinas.com\\\/site\\\/#\\\/schema\\\/logo\\\/image\\\/\",\"url\":\"https:\\\/\\\/noticiasmercedinas.com\\\/site\\\/wp-content\\\/uploads\\\/2020\\\/06\\\/LOGO-512.jpg\",\"contentUrl\":\"https:\\\/\\\/noticiasmercedinas.com\\\/site\\\/wp-content\\\/uploads\\\/2020\\\/06\\\/LOGO-512.jpg\",\"width\":512,\"height\":512,\"caption\":\"NOTICIASMERCEDINAS.COM\"},\"image\":{\"@id\":\"https:\\\/\\\/noticiasmercedinas.com\\\/site\\\/#\\\/schema\\\/logo\\\/image\\\/\"},\"sameAs\":[\"https:\\\/\\\/www.facebook.com\\\/noticiasmercedinas\\\/\",\"https:\\\/\\\/x.com\\\/notmercedinas\",\"https:\\\/\\\/www.instagram.com\\\/noticiasmercedinas\\\/\"]},{\"@type\":\"Person\",\"@id\":\"https:\\\/\\\/noticiasmercedinas.com\\\/site\\\/#\\\/schema\\\/person\\\/d481a9696a5feaec13a60e2bbd991a6a\",\"name\":\"Cristian Falabella NOTICIASMERCEDINAS.COM\",\"image\":{\"@type\":\"ImageObject\",\"inLanguage\":\"es\",\"@id\":\"https:\\\/\\\/secure.gravatar.com\\\/avatar\\\/0dbbfc45970cc46bcd0e57766228574ff3511d6eed045b182f536f0f478c1f06?s=96&d=mm&r=g\",\"url\":\"https:\\\/\\\/secure.gravatar.com\\\/avatar\\\/0dbbfc45970cc46bcd0e57766228574ff3511d6eed045b182f536f0f478c1f06?s=96&d=mm&r=g\",\"contentUrl\":\"https:\\\/\\\/secure.gravatar.com\\\/avatar\\\/0dbbfc45970cc46bcd0e57766228574ff3511d6eed045b182f536f0f478c1f06?s=96&d=mm&r=g\",\"caption\":\"Cristian Falabella NOTICIASMERCEDINAS.COM\"},\"description\":\"Periodista, editor de Noticias Mercedinas. Pas\u00f3 por varias redacciones y emprendimientos de prensa, en distintos formatos y \u00e9pocas. Se especializ\u00f3 --y sigue haci\u00e9ndolo-- en comunicaci\u00f3n en la web y en junio de 2006 fund\u00f3 este diario digital.\",\"sameAs\":[\"https:\\\/\\\/noticiasmercedinas.com\",\"https:\\\/\\\/www.facebook.com\\\/cristian.falabella\",\"https:\\\/\\\/www.instagram.com\\\/noticiasmercedinas\\\/\",\"https:\\\/\\\/x.com\\\/https:\\\/\\\/twitter.com\\\/NOTMERCEDINAS\"],\"url\":\"https:\\\/\\\/noticiasmercedinas.com\\\/site\\\/author\\\/as000384\\\/\"}]}<\/script>\n<!-- \/ Yoast SEO plugin. -->","yoast_head_json":{"title":"Ya sali\u00f3 el disco \"Bajo esta luz\", de Virginia Altube","robots":{"index":"index","follow":"follow","max-snippet":"max-snippet:-1","max-image-preview":"max-image-preview:large","max-video-preview":"max-video-preview:-1"},"canonical":"https:\/\/noticiasmercedinas.com\/site\/2018\/10\/03\/ya-salio-el-disco-bajo-esta-luz-de-virginia-altube\/","og_locale":"es_ES","og_type":"article","og_title":"Ya sali\u00f3 el disco \"Bajo esta luz\", de Virginia Altube","og_description":"El disco \u00abBajo esta luz\u00bb, segundo de Virginia Altube, ya est\u00e1 en las calles. El venidero 27 de octubre desde las 21 horas ser\u00e1 presentado en La Cultural Dumer. El nuevo trabajo discogr\u00e1fico de Virginia Altube tiene once canciones e incluye creaciones de grandes autores tradicionales y otras de otros m\u00e1s cercanos como el mercedino [&hellip;]","og_url":"https:\/\/noticiasmercedinas.com\/site\/2018\/10\/03\/ya-salio-el-disco-bajo-esta-luz-de-virginia-altube\/","og_site_name":"NOTICIASMERCEDINAS.COM","article_publisher":"https:\/\/www.facebook.com\/noticiasmercedinas\/","article_author":"https:\/\/www.facebook.com\/cristian.falabella","article_published_time":"2018-10-03T16:19:11+00:00","article_modified_time":"2018-10-03T16:29:09+00:00","og_image":[{"width":2257,"height":1440,"url":"https:\/\/noticiasmercedinas.com\/site\/wp-content\/uploads\/2018\/10\/IMG_20181003_131227_708.jpg","type":"image\/jpeg"}],"author":"Cristian Falabella NOTICIASMERCEDINAS.COM","twitter_card":"summary_large_image","twitter_creator":"@https:\/\/twitter.com\/NOTMERCEDINAS","twitter_site":"@notmercedinas","twitter_misc":{"Escrito por":"Cristian Falabella NOTICIASMERCEDINAS.COM","Tiempo de lectura":"2 minutos"},"schema":{"@context":"https:\/\/schema.org","@graph":[{"@type":"Article","@id":"https:\/\/noticiasmercedinas.com\/site\/2018\/10\/03\/ya-salio-el-disco-bajo-esta-luz-de-virginia-altube\/#article","isPartOf":{"@id":"https:\/\/noticiasmercedinas.com\/site\/2018\/10\/03\/ya-salio-el-disco-bajo-esta-luz-de-virginia-altube\/"},"author":{"name":"Cristian Falabella NOTICIASMERCEDINAS.COM","@id":"https:\/\/noticiasmercedinas.com\/site\/#\/schema\/person\/d481a9696a5feaec13a60e2bbd991a6a"},"headline":"Ya sali\u00f3 el disco \u00abBajo esta luz\u00bb, de Virginia Altube","datePublished":"2018-10-03T16:19:11+00:00","dateModified":"2018-10-03T16:29:09+00:00","mainEntityOfPage":{"@id":"https:\/\/noticiasmercedinas.com\/site\/2018\/10\/03\/ya-salio-el-disco-bajo-esta-luz-de-virginia-altube\/"},"wordCount":390,"commentCount":0,"publisher":{"@id":"https:\/\/noticiasmercedinas.com\/site\/#organization"},"image":{"@id":"https:\/\/noticiasmercedinas.com\/site\/2018\/10\/03\/ya-salio-el-disco-bajo-esta-luz-de-virginia-altube\/#primaryimage"},"thumbnailUrl":"https:\/\/noticiasmercedinas.com\/site\/wp-content\/uploads\/2018\/10\/IMG_20181003_131227_708.jpg","keywords":["Christian Lamonica","damian tessore","Gabriel \u00c1lvarez","Lucas Guinot","Magdalena Caracoche","Maxi Rodriguez","Nacho Delagnes","Sebasti\u00e1n Caracoche","Tiago Camerano","virginia altube"],"articleSection":["Cultura"],"inLanguage":"es","potentialAction":[{"@type":"CommentAction","name":"Comment","target":["https:\/\/noticiasmercedinas.com\/site\/2018\/10\/03\/ya-salio-el-disco-bajo-esta-luz-de-virginia-altube\/#respond"]}]},{"@type":"WebPage","@id":"https:\/\/noticiasmercedinas.com\/site\/2018\/10\/03\/ya-salio-el-disco-bajo-esta-luz-de-virginia-altube\/","url":"https:\/\/noticiasmercedinas.com\/site\/2018\/10\/03\/ya-salio-el-disco-bajo-esta-luz-de-virginia-altube\/","name":"Ya sali\u00f3 el disco \"Bajo esta luz\", de Virginia Altube","isPartOf":{"@id":"https:\/\/noticiasmercedinas.com\/site\/#website"},"primaryImageOfPage":{"@id":"https:\/\/noticiasmercedinas.com\/site\/2018\/10\/03\/ya-salio-el-disco-bajo-esta-luz-de-virginia-altube\/#primaryimage"},"image":{"@id":"https:\/\/noticiasmercedinas.com\/site\/2018\/10\/03\/ya-salio-el-disco-bajo-esta-luz-de-virginia-altube\/#primaryimage"},"thumbnailUrl":"https:\/\/noticiasmercedinas.com\/site\/wp-content\/uploads\/2018\/10\/IMG_20181003_131227_708.jpg","datePublished":"2018-10-03T16:19:11+00:00","dateModified":"2018-10-03T16:29:09+00:00","breadcrumb":{"@id":"https:\/\/noticiasmercedinas.com\/site\/2018\/10\/03\/ya-salio-el-disco-bajo-esta-luz-de-virginia-altube\/#breadcrumb"},"inLanguage":"es","potentialAction":[{"@type":"ReadAction","target":["https:\/\/noticiasmercedinas.com\/site\/2018\/10\/03\/ya-salio-el-disco-bajo-esta-luz-de-virginia-altube\/"]}]},{"@type":"ImageObject","inLanguage":"es","@id":"https:\/\/noticiasmercedinas.com\/site\/2018\/10\/03\/ya-salio-el-disco-bajo-esta-luz-de-virginia-altube\/#primaryimage","url":"https:\/\/noticiasmercedinas.com\/site\/wp-content\/uploads\/2018\/10\/IMG_20181003_131227_708.jpg","contentUrl":"https:\/\/noticiasmercedinas.com\/site\/wp-content\/uploads\/2018\/10\/IMG_20181003_131227_708.jpg","width":2257,"height":1440},{"@type":"BreadcrumbList","@id":"https:\/\/noticiasmercedinas.com\/site\/2018\/10\/03\/ya-salio-el-disco-bajo-esta-luz-de-virginia-altube\/#breadcrumb","itemListElement":[{"@type":"ListItem","position":1,"name":"Portada","item":"https:\/\/noticiasmercedinas.com\/site\/"},{"@type":"ListItem","position":2,"name":"Ya sali\u00f3 el disco \u00abBajo esta luz\u00bb, de Virginia Altube"}]},{"@type":"WebSite","@id":"https:\/\/noticiasmercedinas.com\/site\/#website","url":"https:\/\/noticiasmercedinas.com\/site\/","name":"NOTICIASMERCEDINAS.COM","description":"Mercedes, Buenos Aires, Argentina","publisher":{"@id":"https:\/\/noticiasmercedinas.com\/site\/#organization"},"potentialAction":[{"@type":"SearchAction","target":{"@type":"EntryPoint","urlTemplate":"https:\/\/noticiasmercedinas.com\/site\/?s={search_term_string}"},"query-input":{"@type":"PropertyValueSpecification","valueRequired":true,"valueName":"search_term_string"}}],"inLanguage":"es"},{"@type":"Organization","@id":"https:\/\/noticiasmercedinas.com\/site\/#organization","name":"NOTICIASMERCEDINAS.COM","url":"https:\/\/noticiasmercedinas.com\/site\/","logo":{"@type":"ImageObject","inLanguage":"es","@id":"https:\/\/noticiasmercedinas.com\/site\/#\/schema\/logo\/image\/","url":"https:\/\/noticiasmercedinas.com\/site\/wp-content\/uploads\/2020\/06\/LOGO-512.jpg","contentUrl":"https:\/\/noticiasmercedinas.com\/site\/wp-content\/uploads\/2020\/06\/LOGO-512.jpg","width":512,"height":512,"caption":"NOTICIASMERCEDINAS.COM"},"image":{"@id":"https:\/\/noticiasmercedinas.com\/site\/#\/schema\/logo\/image\/"},"sameAs":["https:\/\/www.facebook.com\/noticiasmercedinas\/","https:\/\/x.com\/notmercedinas","https:\/\/www.instagram.com\/noticiasmercedinas\/"]},{"@type":"Person","@id":"https:\/\/noticiasmercedinas.com\/site\/#\/schema\/person\/d481a9696a5feaec13a60e2bbd991a6a","name":"Cristian Falabella NOTICIASMERCEDINAS.COM","image":{"@type":"ImageObject","inLanguage":"es","@id":"https:\/\/secure.gravatar.com\/avatar\/0dbbfc45970cc46bcd0e57766228574ff3511d6eed045b182f536f0f478c1f06?s=96&d=mm&r=g","url":"https:\/\/secure.gravatar.com\/avatar\/0dbbfc45970cc46bcd0e57766228574ff3511d6eed045b182f536f0f478c1f06?s=96&d=mm&r=g","contentUrl":"https:\/\/secure.gravatar.com\/avatar\/0dbbfc45970cc46bcd0e57766228574ff3511d6eed045b182f536f0f478c1f06?s=96&d=mm&r=g","caption":"Cristian Falabella NOTICIASMERCEDINAS.COM"},"description":"Periodista, editor de Noticias Mercedinas. Pas\u00f3 por varias redacciones y emprendimientos de prensa, en distintos formatos y \u00e9pocas. Se especializ\u00f3 --y sigue haci\u00e9ndolo-- en comunicaci\u00f3n en la web y en junio de 2006 fund\u00f3 este diario digital.","sameAs":["https:\/\/noticiasmercedinas.com","https:\/\/www.facebook.com\/cristian.falabella","https:\/\/www.instagram.com\/noticiasmercedinas\/","https:\/\/x.com\/https:\/\/twitter.com\/NOTMERCEDINAS"],"url":"https:\/\/noticiasmercedinas.com\/site\/author\/as000384\/"}]}},"amp_enabled":true,"_links":{"self":[{"href":"https:\/\/noticiasmercedinas.com\/site\/wp-json\/wp\/v2\/posts\/3456","targetHints":{"allow":["GET"]}}],"collection":[{"href":"https:\/\/noticiasmercedinas.com\/site\/wp-json\/wp\/v2\/posts"}],"about":[{"href":"https:\/\/noticiasmercedinas.com\/site\/wp-json\/wp\/v2\/types\/post"}],"author":[{"embeddable":true,"href":"https:\/\/noticiasmercedinas.com\/site\/wp-json\/wp\/v2\/users\/2"}],"replies":[{"embeddable":true,"href":"https:\/\/noticiasmercedinas.com\/site\/wp-json\/wp\/v2\/comments?post=3456"}],"version-history":[{"count":5,"href":"https:\/\/noticiasmercedinas.com\/site\/wp-json\/wp\/v2\/posts\/3456\/revisions"}],"predecessor-version":[{"id":3462,"href":"https:\/\/noticiasmercedinas.com\/site\/wp-json\/wp\/v2\/posts\/3456\/revisions\/3462"}],"wp:featuredmedia":[{"embeddable":true,"href":"https:\/\/noticiasmercedinas.com\/site\/wp-json\/wp\/v2\/media\/3459"}],"wp:attachment":[{"href":"https:\/\/noticiasmercedinas.com\/site\/wp-json\/wp\/v2\/media?parent=3456"}],"wp:term":[{"taxonomy":"category","embeddable":true,"href":"https:\/\/noticiasmercedinas.com\/site\/wp-json\/wp\/v2\/categories?post=3456"},{"taxonomy":"post_tag","embeddable":true,"href":"https:\/\/noticiasmercedinas.com\/site\/wp-json\/wp\/v2\/tags?post=3456"}],"curies":[{"name":"wp","href":"https:\/\/api.w.org\/{rel}","templated":true}]}}