{"id":347,"date":"2018-08-23T18:49:51","date_gmt":"2018-08-23T21:49:51","guid":{"rendered":"http:\/\/noticiasmercedinas.com\/site\/?p=347"},"modified":"2018-08-23T18:49:51","modified_gmt":"2018-08-23T21:49:51","slug":"dulces-o-saladas-asi-se-degustan-las-girgolas-en-lujan","status":"publish","type":"post","link":"https:\/\/noticiasmercedinas.com\/site\/2018\/08\/23\/dulces-o-saladas-asi-se-degustan-las-girgolas-en-lujan\/","title":{"rendered":"Dulces o saladas, as\u00ed se degustan las girgolas en Luj\u00e1n"},"content":{"rendered":"<p style=\"font-weight: 400;\">En el pueblo tur\u00edstico de Carlos Keen, partido de Luj\u00e1n, las girgolas, un tipo de hongo con una importante riqueza nutricional, se saborean de diferentes formas: en escabeche, en panes y en alm\u00edbar, acompa\u00f1adas por crema o helado.<\/p>\n<p><img loading=\"lazy\" decoding=\"async\" class=\"aligncenter size-full wp-image-348\" src=\"http:\/\/noticiasmercedinas.com\/site\/wp-content\/uploads\/2018\/08\/Carlos-Keen.jpg\" alt=\"\" width=\"800\" height=\"470\" srcset=\"https:\/\/noticiasmercedinas.com\/site\/wp-content\/uploads\/2018\/08\/Carlos-Keen.jpg 800w, https:\/\/noticiasmercedinas.com\/site\/wp-content\/uploads\/2018\/08\/Carlos-Keen-300x176.jpg 300w, https:\/\/noticiasmercedinas.com\/site\/wp-content\/uploads\/2018\/08\/Carlos-Keen-768x451.jpg 768w, https:\/\/noticiasmercedinas.com\/site\/wp-content\/uploads\/2018\/08\/Carlos-Keen-640x376.jpg 640w, https:\/\/noticiasmercedinas.com\/site\/wp-content\/uploads\/2018\/08\/Carlos-Keen-681x400.jpg 681w\" sizes=\"auto, (max-width: 800px) 100vw, 800px\" \/><\/p>\n<p style=\"font-weight: 400;\">A diferencia de otras variedades como los portobellos, champignones y hongos de pino, las girgolas \u201ctienen una consistencia m\u00e1s parecida a la carne y por ejemplo se puede hacer en milanesa\u201d explic\u00f3 Leandro Hern\u00e1ndez, quien est\u00e1 al frente del \u201cMirando al Sur\u201d, establecimiento al que pueden hacerse visitas guiadas para conocer de cerca el proceso de producci\u00f3n.<\/p>\n<p style=\"font-weight: 400;\">Este tipo de hongo se caracteriza por su alto valor nutricional ya que contiene una gran cantidad de vitamina A y C, es f\u00e1cil de digerir y adem\u00e1s produce una importante sensaci\u00f3n de saciedad seg\u00fan detall\u00f3 este productor que comenz\u00f3 con su emprendimiento en 2001 cuando se mud\u00f3 a esa peque\u00f1a localidad.<\/p>\n<p style=\"font-weight: 400;\">Con respecto a las diversas formas de degustar las girgolas, las hermanas Julia y Bel\u00e9n C\u00f3dega, due\u00f1as de la Casa de T\u00e9 \u201cCinco sentidos\u201d, describieron sus dos modos de elaborarlas: \u201cEn la versi\u00f3n dulce hacemos las girgolas a la naranja, la verdad tiene mucha aceptaci\u00f3n por parte del p\u00fablico. Tiene la textura y el gusto muy parecido a lo que es un higo en alm\u00edbar, la naranja le da\u00a0\u00a0un plus y ayuda a realzar el sabor de la girgola. Nosotras las servimos con crema o con helado. Tambi\u00e9n las hacemos en pancitos salados para acompa\u00f1ar quiz\u00e1s alguna picada o cerveza\u201d.<\/p>\n<p style=\"font-weight: 400;\">Esas propuestas gastron\u00f3micas pueden degustarse s\u00e1bados, domingos y feriados desde las 10 hasta las 20.<\/p>\n<p style=\"font-weight: 400;\">Otra opci\u00f3n es la que sugiere \u201cLa Casa de la \u00d1ata\u201d: \u201cUn escabeche de girgolas que es recontra sencillo: es cebolla, morr\u00f3n y zanahoria, los pongo a cocinar bastante con un poco de laurel, sal y pimienta, les pongo las girgolas cortadas en juliana, vino blanco, aceite de oliva,\u00a0\u00a0y ya est\u00e1n. Aparte esta preparaci\u00f3n la pod\u00e9s usar para un mont\u00f3n de cosas: para salsa, para hacer una tarteleta, lo que sea. En el restor\u00e1n adem\u00e1s de servirlas en escabeche, las servimos en salsa para las pastas\u201d, explic\u00f3 Miriam Dar\u00e1n, quien desde hace ocho a\u00f1os lleva adelante este negocio familiar que puede visitarse los viernes por la noche; s\u00e1bados, al mediod\u00eda y a la noche; y domingos y feriados al mediod\u00eda.<\/p>\n<p style=\"font-weight: 400;\">\u00a0El pueblo de Carlos Keen ofrece sabores novedosos en un marco natural y rural de absoluta tranquilidad.<\/p>\n","protected":false},"excerpt":{"rendered":"<p>En el pueblo tur\u00edstico de Carlos Keen, partido de Luj\u00e1n, las girgolas, un tipo de hongo con una importante riqueza nutricional, se saborean de diferentes formas: en escabeche, en panes y en alm\u00edbar, acompa\u00f1adas por crema o helado. A diferencia de otras variedades como los portobellos, champignones y hongos de pino, las girgolas \u201ctienen una [&hellip;]<\/p>\n","protected":false},"author":2,"featured_media":348,"comment_status":"open","ping_status":"open","sticky":false,"template":"","format":"standard","meta":{"footnotes":""},"categories":[139],"tags":[165,33],"class_list":["post-347","post","type-post","status-publish","format-standard","has-post-thumbnail","hentry","category-regionales","tag-carlos-keen","tag-turismo"],"yoast_head":"<!-- This site is optimized with the Yoast SEO plugin v27.4 - https:\/\/yoast.com\/product\/yoast-seo-wordpress\/ -->\n<title>Dulces o saladas, as\u00ed se degustan las girgolas en Luj\u00e1n<\/title>\n<meta name=\"robots\" content=\"index, follow, max-snippet:-1, max-image-preview:large, max-video-preview:-1\" \/>\n<link rel=\"canonical\" href=\"https:\/\/noticiasmercedinas.com\/site\/2018\/08\/23\/dulces-o-saladas-asi-se-degustan-las-girgolas-en-lujan\/\" \/>\n<meta property=\"og:locale\" content=\"es_ES\" \/>\n<meta property=\"og:type\" content=\"article\" \/>\n<meta property=\"og:title\" content=\"Dulces o saladas, as\u00ed se degustan las girgolas en Luj\u00e1n\" \/>\n<meta property=\"og:description\" content=\"En el pueblo tur\u00edstico de Carlos Keen, partido de Luj\u00e1n, las girgolas, un tipo de hongo con una importante riqueza nutricional, se saborean de diferentes formas: en escabeche, en panes y en alm\u00edbar, acompa\u00f1adas por crema o helado. A diferencia de otras variedades como los portobellos, champignones y hongos de pino, las girgolas \u201ctienen una [&hellip;]\" \/>\n<meta property=\"og:url\" content=\"https:\/\/noticiasmercedinas.com\/site\/2018\/08\/23\/dulces-o-saladas-asi-se-degustan-las-girgolas-en-lujan\/\" \/>\n<meta property=\"og:site_name\" content=\"NOTICIASMERCEDINAS.COM\" \/>\n<meta property=\"article:publisher\" content=\"https:\/\/www.facebook.com\/noticiasmercedinas\/\" \/>\n<meta property=\"article:author\" content=\"https:\/\/www.facebook.com\/cristian.falabella\" \/>\n<meta property=\"article:published_time\" content=\"2018-08-23T21:49:51+00:00\" \/>\n<meta property=\"og:image\" content=\"https:\/\/noticiasmercedinas.com\/site\/wp-content\/uploads\/2018\/08\/Carlos-Keen.jpg\" \/>\n\t<meta property=\"og:image:width\" content=\"800\" \/>\n\t<meta property=\"og:image:height\" content=\"470\" \/>\n\t<meta property=\"og:image:type\" content=\"image\/jpeg\" \/>\n<meta name=\"author\" content=\"Cristian Falabella NOTICIASMERCEDINAS.COM\" \/>\n<meta name=\"twitter:card\" content=\"summary_large_image\" \/>\n<meta name=\"twitter:creator\" content=\"@https:\/\/twitter.com\/NOTMERCEDINAS\" \/>\n<meta name=\"twitter:site\" content=\"@notmercedinas\" \/>\n<meta name=\"twitter:label1\" content=\"Escrito por\" \/>\n\t<meta name=\"twitter:data1\" content=\"Cristian Falabella NOTICIASMERCEDINAS.COM\" \/>\n\t<meta name=\"twitter:label2\" content=\"Tiempo de lectura\" \/>\n\t<meta name=\"twitter:data2\" content=\"2 minutos\" \/>\n<script type=\"application\/ld+json\" class=\"yoast-schema-graph\">{\"@context\":\"https:\\\/\\\/schema.org\",\"@graph\":[{\"@type\":\"Article\",\"@id\":\"https:\\\/\\\/noticiasmercedinas.com\\\/site\\\/2018\\\/08\\\/23\\\/dulces-o-saladas-asi-se-degustan-las-girgolas-en-lujan\\\/#article\",\"isPartOf\":{\"@id\":\"https:\\\/\\\/noticiasmercedinas.com\\\/site\\\/2018\\\/08\\\/23\\\/dulces-o-saladas-asi-se-degustan-las-girgolas-en-lujan\\\/\"},\"author\":{\"name\":\"Cristian Falabella NOTICIASMERCEDINAS.COM\",\"@id\":\"https:\\\/\\\/noticiasmercedinas.com\\\/site\\\/#\\\/schema\\\/person\\\/d481a9696a5feaec13a60e2bbd991a6a\"},\"headline\":\"Dulces o saladas, as\u00ed se degustan las girgolas en Luj\u00e1n\",\"datePublished\":\"2018-08-23T21:49:51+00:00\",\"mainEntityOfPage\":{\"@id\":\"https:\\\/\\\/noticiasmercedinas.com\\\/site\\\/2018\\\/08\\\/23\\\/dulces-o-saladas-asi-se-degustan-las-girgolas-en-lujan\\\/\"},\"wordCount\":446,\"commentCount\":0,\"publisher\":{\"@id\":\"https:\\\/\\\/noticiasmercedinas.com\\\/site\\\/#organization\"},\"image\":{\"@id\":\"https:\\\/\\\/noticiasmercedinas.com\\\/site\\\/2018\\\/08\\\/23\\\/dulces-o-saladas-asi-se-degustan-las-girgolas-en-lujan\\\/#primaryimage\"},\"thumbnailUrl\":\"https:\\\/\\\/noticiasmercedinas.com\\\/site\\\/wp-content\\\/uploads\\\/2018\\\/08\\\/Carlos-Keen.jpg\",\"keywords\":[\"carlos keen\",\"turismo\"],\"articleSection\":[\"Regionales\"],\"inLanguage\":\"es\",\"potentialAction\":[{\"@type\":\"CommentAction\",\"name\":\"Comment\",\"target\":[\"https:\\\/\\\/noticiasmercedinas.com\\\/site\\\/2018\\\/08\\\/23\\\/dulces-o-saladas-asi-se-degustan-las-girgolas-en-lujan\\\/#respond\"]}]},{\"@type\":\"WebPage\",\"@id\":\"https:\\\/\\\/noticiasmercedinas.com\\\/site\\\/2018\\\/08\\\/23\\\/dulces-o-saladas-asi-se-degustan-las-girgolas-en-lujan\\\/\",\"url\":\"https:\\\/\\\/noticiasmercedinas.com\\\/site\\\/2018\\\/08\\\/23\\\/dulces-o-saladas-asi-se-degustan-las-girgolas-en-lujan\\\/\",\"name\":\"Dulces o saladas, as\u00ed se degustan las girgolas en Luj\u00e1n\",\"isPartOf\":{\"@id\":\"https:\\\/\\\/noticiasmercedinas.com\\\/site\\\/#website\"},\"primaryImageOfPage\":{\"@id\":\"https:\\\/\\\/noticiasmercedinas.com\\\/site\\\/2018\\\/08\\\/23\\\/dulces-o-saladas-asi-se-degustan-las-girgolas-en-lujan\\\/#primaryimage\"},\"image\":{\"@id\":\"https:\\\/\\\/noticiasmercedinas.com\\\/site\\\/2018\\\/08\\\/23\\\/dulces-o-saladas-asi-se-degustan-las-girgolas-en-lujan\\\/#primaryimage\"},\"thumbnailUrl\":\"https:\\\/\\\/noticiasmercedinas.com\\\/site\\\/wp-content\\\/uploads\\\/2018\\\/08\\\/Carlos-Keen.jpg\",\"datePublished\":\"2018-08-23T21:49:51+00:00\",\"breadcrumb\":{\"@id\":\"https:\\\/\\\/noticiasmercedinas.com\\\/site\\\/2018\\\/08\\\/23\\\/dulces-o-saladas-asi-se-degustan-las-girgolas-en-lujan\\\/#breadcrumb\"},\"inLanguage\":\"es\",\"potentialAction\":[{\"@type\":\"ReadAction\",\"target\":[\"https:\\\/\\\/noticiasmercedinas.com\\\/site\\\/2018\\\/08\\\/23\\\/dulces-o-saladas-asi-se-degustan-las-girgolas-en-lujan\\\/\"]}]},{\"@type\":\"ImageObject\",\"inLanguage\":\"es\",\"@id\":\"https:\\\/\\\/noticiasmercedinas.com\\\/site\\\/2018\\\/08\\\/23\\\/dulces-o-saladas-asi-se-degustan-las-girgolas-en-lujan\\\/#primaryimage\",\"url\":\"https:\\\/\\\/noticiasmercedinas.com\\\/site\\\/wp-content\\\/uploads\\\/2018\\\/08\\\/Carlos-Keen.jpg\",\"contentUrl\":\"https:\\\/\\\/noticiasmercedinas.com\\\/site\\\/wp-content\\\/uploads\\\/2018\\\/08\\\/Carlos-Keen.jpg\",\"width\":800,\"height\":470},{\"@type\":\"BreadcrumbList\",\"@id\":\"https:\\\/\\\/noticiasmercedinas.com\\\/site\\\/2018\\\/08\\\/23\\\/dulces-o-saladas-asi-se-degustan-las-girgolas-en-lujan\\\/#breadcrumb\",\"itemListElement\":[{\"@type\":\"ListItem\",\"position\":1,\"name\":\"Portada\",\"item\":\"https:\\\/\\\/noticiasmercedinas.com\\\/site\\\/\"},{\"@type\":\"ListItem\",\"position\":2,\"name\":\"Dulces o saladas, as\u00ed se degustan las girgolas en Luj\u00e1n\"}]},{\"@type\":\"WebSite\",\"@id\":\"https:\\\/\\\/noticiasmercedinas.com\\\/site\\\/#website\",\"url\":\"https:\\\/\\\/noticiasmercedinas.com\\\/site\\\/\",\"name\":\"NOTICIASMERCEDINAS.COM\",\"description\":\"Mercedes, Buenos Aires, Argentina\",\"publisher\":{\"@id\":\"https:\\\/\\\/noticiasmercedinas.com\\\/site\\\/#organization\"},\"potentialAction\":[{\"@type\":\"SearchAction\",\"target\":{\"@type\":\"EntryPoint\",\"urlTemplate\":\"https:\\\/\\\/noticiasmercedinas.com\\\/site\\\/?s={search_term_string}\"},\"query-input\":{\"@type\":\"PropertyValueSpecification\",\"valueRequired\":true,\"valueName\":\"search_term_string\"}}],\"inLanguage\":\"es\"},{\"@type\":\"Organization\",\"@id\":\"https:\\\/\\\/noticiasmercedinas.com\\\/site\\\/#organization\",\"name\":\"NOTICIASMERCEDINAS.COM\",\"url\":\"https:\\\/\\\/noticiasmercedinas.com\\\/site\\\/\",\"logo\":{\"@type\":\"ImageObject\",\"inLanguage\":\"es\",\"@id\":\"https:\\\/\\\/noticiasmercedinas.com\\\/site\\\/#\\\/schema\\\/logo\\\/image\\\/\",\"url\":\"https:\\\/\\\/noticiasmercedinas.com\\\/site\\\/wp-content\\\/uploads\\\/2020\\\/06\\\/LOGO-512.jpg\",\"contentUrl\":\"https:\\\/\\\/noticiasmercedinas.com\\\/site\\\/wp-content\\\/uploads\\\/2020\\\/06\\\/LOGO-512.jpg\",\"width\":512,\"height\":512,\"caption\":\"NOTICIASMERCEDINAS.COM\"},\"image\":{\"@id\":\"https:\\\/\\\/noticiasmercedinas.com\\\/site\\\/#\\\/schema\\\/logo\\\/image\\\/\"},\"sameAs\":[\"https:\\\/\\\/www.facebook.com\\\/noticiasmercedinas\\\/\",\"https:\\\/\\\/x.com\\\/notmercedinas\",\"https:\\\/\\\/www.instagram.com\\\/noticiasmercedinas\\\/\"]},{\"@type\":\"Person\",\"@id\":\"https:\\\/\\\/noticiasmercedinas.com\\\/site\\\/#\\\/schema\\\/person\\\/d481a9696a5feaec13a60e2bbd991a6a\",\"name\":\"Cristian Falabella NOTICIASMERCEDINAS.COM\",\"image\":{\"@type\":\"ImageObject\",\"inLanguage\":\"es\",\"@id\":\"https:\\\/\\\/secure.gravatar.com\\\/avatar\\\/0dbbfc45970cc46bcd0e57766228574ff3511d6eed045b182f536f0f478c1f06?s=96&d=mm&r=g\",\"url\":\"https:\\\/\\\/secure.gravatar.com\\\/avatar\\\/0dbbfc45970cc46bcd0e57766228574ff3511d6eed045b182f536f0f478c1f06?s=96&d=mm&r=g\",\"contentUrl\":\"https:\\\/\\\/secure.gravatar.com\\\/avatar\\\/0dbbfc45970cc46bcd0e57766228574ff3511d6eed045b182f536f0f478c1f06?s=96&d=mm&r=g\",\"caption\":\"Cristian Falabella NOTICIASMERCEDINAS.COM\"},\"description\":\"Periodista, editor de Noticias Mercedinas. Pas\u00f3 por varias redacciones y emprendimientos de prensa, en distintos formatos y \u00e9pocas. Se especializ\u00f3 --y sigue haci\u00e9ndolo-- en comunicaci\u00f3n en la web y en junio de 2006 fund\u00f3 este diario digital.\",\"sameAs\":[\"https:\\\/\\\/noticiasmercedinas.com\",\"https:\\\/\\\/www.facebook.com\\\/cristian.falabella\",\"https:\\\/\\\/www.instagram.com\\\/noticiasmercedinas\\\/\",\"https:\\\/\\\/x.com\\\/https:\\\/\\\/twitter.com\\\/NOTMERCEDINAS\"],\"url\":\"https:\\\/\\\/noticiasmercedinas.com\\\/site\\\/author\\\/as000384\\\/\"}]}<\/script>\n<!-- \/ Yoast SEO plugin. -->","yoast_head_json":{"title":"Dulces o saladas, as\u00ed se degustan las girgolas en Luj\u00e1n","robots":{"index":"index","follow":"follow","max-snippet":"max-snippet:-1","max-image-preview":"max-image-preview:large","max-video-preview":"max-video-preview:-1"},"canonical":"https:\/\/noticiasmercedinas.com\/site\/2018\/08\/23\/dulces-o-saladas-asi-se-degustan-las-girgolas-en-lujan\/","og_locale":"es_ES","og_type":"article","og_title":"Dulces o saladas, as\u00ed se degustan las girgolas en Luj\u00e1n","og_description":"En el pueblo tur\u00edstico de Carlos Keen, partido de Luj\u00e1n, las girgolas, un tipo de hongo con una importante riqueza nutricional, se saborean de diferentes formas: en escabeche, en panes y en alm\u00edbar, acompa\u00f1adas por crema o helado. A diferencia de otras variedades como los portobellos, champignones y hongos de pino, las girgolas \u201ctienen una [&hellip;]","og_url":"https:\/\/noticiasmercedinas.com\/site\/2018\/08\/23\/dulces-o-saladas-asi-se-degustan-las-girgolas-en-lujan\/","og_site_name":"NOTICIASMERCEDINAS.COM","article_publisher":"https:\/\/www.facebook.com\/noticiasmercedinas\/","article_author":"https:\/\/www.facebook.com\/cristian.falabella","article_published_time":"2018-08-23T21:49:51+00:00","og_image":[{"width":800,"height":470,"url":"https:\/\/noticiasmercedinas.com\/site\/wp-content\/uploads\/2018\/08\/Carlos-Keen.jpg","type":"image\/jpeg"}],"author":"Cristian Falabella NOTICIASMERCEDINAS.COM","twitter_card":"summary_large_image","twitter_creator":"@https:\/\/twitter.com\/NOTMERCEDINAS","twitter_site":"@notmercedinas","twitter_misc":{"Escrito por":"Cristian Falabella NOTICIASMERCEDINAS.COM","Tiempo de lectura":"2 minutos"},"schema":{"@context":"https:\/\/schema.org","@graph":[{"@type":"Article","@id":"https:\/\/noticiasmercedinas.com\/site\/2018\/08\/23\/dulces-o-saladas-asi-se-degustan-las-girgolas-en-lujan\/#article","isPartOf":{"@id":"https:\/\/noticiasmercedinas.com\/site\/2018\/08\/23\/dulces-o-saladas-asi-se-degustan-las-girgolas-en-lujan\/"},"author":{"name":"Cristian Falabella NOTICIASMERCEDINAS.COM","@id":"https:\/\/noticiasmercedinas.com\/site\/#\/schema\/person\/d481a9696a5feaec13a60e2bbd991a6a"},"headline":"Dulces o saladas, as\u00ed se degustan las girgolas en Luj\u00e1n","datePublished":"2018-08-23T21:49:51+00:00","mainEntityOfPage":{"@id":"https:\/\/noticiasmercedinas.com\/site\/2018\/08\/23\/dulces-o-saladas-asi-se-degustan-las-girgolas-en-lujan\/"},"wordCount":446,"commentCount":0,"publisher":{"@id":"https:\/\/noticiasmercedinas.com\/site\/#organization"},"image":{"@id":"https:\/\/noticiasmercedinas.com\/site\/2018\/08\/23\/dulces-o-saladas-asi-se-degustan-las-girgolas-en-lujan\/#primaryimage"},"thumbnailUrl":"https:\/\/noticiasmercedinas.com\/site\/wp-content\/uploads\/2018\/08\/Carlos-Keen.jpg","keywords":["carlos keen","turismo"],"articleSection":["Regionales"],"inLanguage":"es","potentialAction":[{"@type":"CommentAction","name":"Comment","target":["https:\/\/noticiasmercedinas.com\/site\/2018\/08\/23\/dulces-o-saladas-asi-se-degustan-las-girgolas-en-lujan\/#respond"]}]},{"@type":"WebPage","@id":"https:\/\/noticiasmercedinas.com\/site\/2018\/08\/23\/dulces-o-saladas-asi-se-degustan-las-girgolas-en-lujan\/","url":"https:\/\/noticiasmercedinas.com\/site\/2018\/08\/23\/dulces-o-saladas-asi-se-degustan-las-girgolas-en-lujan\/","name":"Dulces o saladas, as\u00ed se degustan las girgolas en Luj\u00e1n","isPartOf":{"@id":"https:\/\/noticiasmercedinas.com\/site\/#website"},"primaryImageOfPage":{"@id":"https:\/\/noticiasmercedinas.com\/site\/2018\/08\/23\/dulces-o-saladas-asi-se-degustan-las-girgolas-en-lujan\/#primaryimage"},"image":{"@id":"https:\/\/noticiasmercedinas.com\/site\/2018\/08\/23\/dulces-o-saladas-asi-se-degustan-las-girgolas-en-lujan\/#primaryimage"},"thumbnailUrl":"https:\/\/noticiasmercedinas.com\/site\/wp-content\/uploads\/2018\/08\/Carlos-Keen.jpg","datePublished":"2018-08-23T21:49:51+00:00","breadcrumb":{"@id":"https:\/\/noticiasmercedinas.com\/site\/2018\/08\/23\/dulces-o-saladas-asi-se-degustan-las-girgolas-en-lujan\/#breadcrumb"},"inLanguage":"es","potentialAction":[{"@type":"ReadAction","target":["https:\/\/noticiasmercedinas.com\/site\/2018\/08\/23\/dulces-o-saladas-asi-se-degustan-las-girgolas-en-lujan\/"]}]},{"@type":"ImageObject","inLanguage":"es","@id":"https:\/\/noticiasmercedinas.com\/site\/2018\/08\/23\/dulces-o-saladas-asi-se-degustan-las-girgolas-en-lujan\/#primaryimage","url":"https:\/\/noticiasmercedinas.com\/site\/wp-content\/uploads\/2018\/08\/Carlos-Keen.jpg","contentUrl":"https:\/\/noticiasmercedinas.com\/site\/wp-content\/uploads\/2018\/08\/Carlos-Keen.jpg","width":800,"height":470},{"@type":"BreadcrumbList","@id":"https:\/\/noticiasmercedinas.com\/site\/2018\/08\/23\/dulces-o-saladas-asi-se-degustan-las-girgolas-en-lujan\/#breadcrumb","itemListElement":[{"@type":"ListItem","position":1,"name":"Portada","item":"https:\/\/noticiasmercedinas.com\/site\/"},{"@type":"ListItem","position":2,"name":"Dulces o saladas, as\u00ed se degustan las girgolas en Luj\u00e1n"}]},{"@type":"WebSite","@id":"https:\/\/noticiasmercedinas.com\/site\/#website","url":"https:\/\/noticiasmercedinas.com\/site\/","name":"NOTICIASMERCEDINAS.COM","description":"Mercedes, Buenos Aires, Argentina","publisher":{"@id":"https:\/\/noticiasmercedinas.com\/site\/#organization"},"potentialAction":[{"@type":"SearchAction","target":{"@type":"EntryPoint","urlTemplate":"https:\/\/noticiasmercedinas.com\/site\/?s={search_term_string}"},"query-input":{"@type":"PropertyValueSpecification","valueRequired":true,"valueName":"search_term_string"}}],"inLanguage":"es"},{"@type":"Organization","@id":"https:\/\/noticiasmercedinas.com\/site\/#organization","name":"NOTICIASMERCEDINAS.COM","url":"https:\/\/noticiasmercedinas.com\/site\/","logo":{"@type":"ImageObject","inLanguage":"es","@id":"https:\/\/noticiasmercedinas.com\/site\/#\/schema\/logo\/image\/","url":"https:\/\/noticiasmercedinas.com\/site\/wp-content\/uploads\/2020\/06\/LOGO-512.jpg","contentUrl":"https:\/\/noticiasmercedinas.com\/site\/wp-content\/uploads\/2020\/06\/LOGO-512.jpg","width":512,"height":512,"caption":"NOTICIASMERCEDINAS.COM"},"image":{"@id":"https:\/\/noticiasmercedinas.com\/site\/#\/schema\/logo\/image\/"},"sameAs":["https:\/\/www.facebook.com\/noticiasmercedinas\/","https:\/\/x.com\/notmercedinas","https:\/\/www.instagram.com\/noticiasmercedinas\/"]},{"@type":"Person","@id":"https:\/\/noticiasmercedinas.com\/site\/#\/schema\/person\/d481a9696a5feaec13a60e2bbd991a6a","name":"Cristian Falabella NOTICIASMERCEDINAS.COM","image":{"@type":"ImageObject","inLanguage":"es","@id":"https:\/\/secure.gravatar.com\/avatar\/0dbbfc45970cc46bcd0e57766228574ff3511d6eed045b182f536f0f478c1f06?s=96&d=mm&r=g","url":"https:\/\/secure.gravatar.com\/avatar\/0dbbfc45970cc46bcd0e57766228574ff3511d6eed045b182f536f0f478c1f06?s=96&d=mm&r=g","contentUrl":"https:\/\/secure.gravatar.com\/avatar\/0dbbfc45970cc46bcd0e57766228574ff3511d6eed045b182f536f0f478c1f06?s=96&d=mm&r=g","caption":"Cristian Falabella NOTICIASMERCEDINAS.COM"},"description":"Periodista, editor de Noticias Mercedinas. Pas\u00f3 por varias redacciones y emprendimientos de prensa, en distintos formatos y \u00e9pocas. Se especializ\u00f3 --y sigue haci\u00e9ndolo-- en comunicaci\u00f3n en la web y en junio de 2006 fund\u00f3 este diario digital.","sameAs":["https:\/\/noticiasmercedinas.com","https:\/\/www.facebook.com\/cristian.falabella","https:\/\/www.instagram.com\/noticiasmercedinas\/","https:\/\/x.com\/https:\/\/twitter.com\/NOTMERCEDINAS"],"url":"https:\/\/noticiasmercedinas.com\/site\/author\/as000384\/"}]}},"amp_enabled":true,"_links":{"self":[{"href":"https:\/\/noticiasmercedinas.com\/site\/wp-json\/wp\/v2\/posts\/347","targetHints":{"allow":["GET"]}}],"collection":[{"href":"https:\/\/noticiasmercedinas.com\/site\/wp-json\/wp\/v2\/posts"}],"about":[{"href":"https:\/\/noticiasmercedinas.com\/site\/wp-json\/wp\/v2\/types\/post"}],"author":[{"embeddable":true,"href":"https:\/\/noticiasmercedinas.com\/site\/wp-json\/wp\/v2\/users\/2"}],"replies":[{"embeddable":true,"href":"https:\/\/noticiasmercedinas.com\/site\/wp-json\/wp\/v2\/comments?post=347"}],"version-history":[{"count":1,"href":"https:\/\/noticiasmercedinas.com\/site\/wp-json\/wp\/v2\/posts\/347\/revisions"}],"predecessor-version":[{"id":349,"href":"https:\/\/noticiasmercedinas.com\/site\/wp-json\/wp\/v2\/posts\/347\/revisions\/349"}],"wp:featuredmedia":[{"embeddable":true,"href":"https:\/\/noticiasmercedinas.com\/site\/wp-json\/wp\/v2\/media\/348"}],"wp:attachment":[{"href":"https:\/\/noticiasmercedinas.com\/site\/wp-json\/wp\/v2\/media?parent=347"}],"wp:term":[{"taxonomy":"category","embeddable":true,"href":"https:\/\/noticiasmercedinas.com\/site\/wp-json\/wp\/v2\/categories?post=347"},{"taxonomy":"post_tag","embeddable":true,"href":"https:\/\/noticiasmercedinas.com\/site\/wp-json\/wp\/v2\/tags?post=347"}],"curies":[{"name":"wp","href":"https:\/\/api.w.org\/{rel}","templated":true}]}}