{"id":35020,"date":"2019-12-02T07:51:07","date_gmt":"2019-12-02T10:51:07","guid":{"rendered":"https:\/\/noticiasmercedinas.com\/site\/?p=35020"},"modified":"2019-12-02T07:51:39","modified_gmt":"2019-12-02T10:51:39","slug":"que-se-espera-de-la-cop25","status":"publish","type":"post","link":"https:\/\/noticiasmercedinas.com\/site\/2019\/12\/02\/que-se-espera-de-la-cop25\/","title":{"rendered":"Qu\u00e9 se espera de la COP25"},"content":{"rendered":"<p><img loading=\"lazy\" decoding=\"async\" class=\"alignnone wp-image-35021\" src=\"https:\/\/noticiasmercedinas.com\/site\/wp-content\/uploads\/2019\/12\/cop25.png\" alt=\"\" width=\"640\" height=\"361\" srcset=\"https:\/\/noticiasmercedinas.com\/site\/wp-content\/uploads\/2019\/12\/cop25.png 582w, https:\/\/noticiasmercedinas.com\/site\/wp-content\/uploads\/2019\/12\/cop25-300x169.png 300w\" sizes=\"auto, (max-width: 640px) 100vw, 640px\" \/><\/p>\n<p>Hoy comienza la vig\u00e9sima quinta Conferencia de las partes sobre cambio clim\u00e1tico (COP25). El evento que en principio estaba programado para realizarse en Chile, tuvo que ser trasladado a Madrid, debido al estallido social, por todos conocido, por lo que el vecino pa\u00eds tuvo que resignar la organizaci\u00f3n y control de la conferencia traspas\u00e1ndosela a Espa\u00f1a.<\/p>\n<p>El cambio clim\u00e1tico ya es un hecho innegable, La ONU hace a\u00f1os que viene advirtiendo con una rogativa constante sobre el perjuicio que supone no controlar los gases de efecto invernadero, cuyas emisiones han tenido desde hace mucho un crecimiento imparable. Ni siquiera se ha podido lograr disminuir esas emisiones o detenerlas en alg\u00fan punto.<\/p>\n<p>Si las tendencias actuales contin\u00faan, se espera que la temperatura del planeta aumente entre 3,4 y 3,9 grados Celsius en este siglo. Si tenemos en cuenta que hasta ahora el mundo ya es 1,1 grados Celsius. M\u00e1s c\u00e1lido que en la era preindustrial, el impacto sobre la tierra y en la vida de las personas ya es significativo, qu\u00e9 podr\u00eda suceder si a fin de siglo el aumento de la temperatura llegase a 3,9 grados Celsius, como se est\u00e1 preanunciando.<\/p>\n<p>La Cumbre de Acci\u00f3n Clim\u00e1tica que se realiz\u00f3 en septiembre en Nueva York, fue una iniciativa del Secretario General de la ONU para centrar la atenci\u00f3n y advertir a la comunidad internacional sobre la emergencia clim\u00e1tica y acelerar las acciones para revertirla, haciendo notar que los compromisos esencialmente asumidos por los pa\u00edses desarrollados no se estaban cumpliendo, en el entendimiento de que la obligaci\u00f3n de cuidar el planeta es de todos, pero que las responsabilidades son diferenciadas, puesto que los pa\u00edses m\u00e1s altamente desarrollados son los que m\u00e1s contaminan.<\/p>\n<p>Destacada participaci\u00f3n en esta cumbre tuvo Greta Thunberg, adolescente activista por el medio ambiente que lleg\u00f3 a la cumbre en un velero, despu\u00e9s de una larga traves\u00eda, para advertirle al mundo que \u201cSi el sistema es incompatible con el cuidado del medio ambiente, hay que cambiar el sistema\u201d. Su osad\u00eda le granje\u00f3 ser objeto hasta de burlas.<\/p>\n<p>Se espera que en caso de no poder revertir los efectos del cambio clim\u00e1tico, Las generaciones futuras enfrentar\u00e1n impactos cada vez m\u00e1s severos; fuerte olas de calor, estr\u00e9s h\u00eddrico \u2013deterioro de los recursos de agua dulce\u2013, aumento del nivel del mar y la destrucci\u00f3n de ecosistemas marinos y terrestres.<\/p>\n<p>Al parecer la COP25 tendr\u00e1 algunas particularidades a tener en cuenta. Se supo que m\u00e1s de cien l\u00edderes del sector privado se comprometieron a acelerar la econom\u00eda verde. Un grupo de los propietarios de activos m\u00e1s grandes del mundo que controla dos billones de d\u00f3lares, prometieron a pasar carteras de inversi\u00f3n neutra en carbono para 2050.<\/p>\n<p>Por otra parte, una reciente llamada de los administradores de activos que representan casi la mitad el capital invertido en el mundo, unos 34 billones de d\u00f3lares, para que los l\u00edderes mundiales pongan un impuesto al carbono y se eliminen gradualmente los subsidios a los combustibles f\u00f3siles y la energ\u00eda t\u00e9rmica a base de carb\u00f3n en todo el mundo.<\/p>\n<p>Finalmente, la COP25 es la \u00faltima antes del 2020, considerado el a\u00f1o definitorio para que muchas naciones presenten nuevos planes de acci\u00f3n clim\u00e1tica y tambi\u00e9n dentro de los muchos elementos que tienen que ser resueltos, est\u00e1 el financiamiento de la acci\u00f3n clim\u00e1tica en todo el mundo.<\/p>\n<p>Sin embargo, la meta para la reversi\u00f3n parece alejarse cada vez m\u00e1s, si el 2020 era un hito para detener el deterioro del clima, ahora se reconoce que no se est\u00e1 haciendo lo suficiente para cumplir los tres objetivos clim\u00e1ticos: reducir las emisiones en un 45% para el 2030; lograr la neutralidad clim\u00e1tica para el 2050 (emisi\u00f3n cero de carbono) y estabilizar el aumento de la temperatura global en 1,5 grados.<\/p>\n<p>Esperaremos expectantes qu\u00e9 se resuelve. Por ahora no se nota que la conferencia haya llamado la atenci\u00f3n de los grandes medios.<\/p>\n<p><img loading=\"lazy\" decoding=\"async\" class=\"alignnone size-full wp-image-35022\" src=\"https:\/\/noticiasmercedinas.com\/site\/wp-content\/uploads\/2019\/12\/cop25-chile-madrid-1-740x430.jpg\" alt=\"\" width=\"740\" height=\"430\" srcset=\"https:\/\/noticiasmercedinas.com\/site\/wp-content\/uploads\/2019\/12\/cop25-chile-madrid-1-740x430.jpg 740w, https:\/\/noticiasmercedinas.com\/site\/wp-content\/uploads\/2019\/12\/cop25-chile-madrid-1-740x430-300x174.jpg 300w, https:\/\/noticiasmercedinas.com\/site\/wp-content\/uploads\/2019\/12\/cop25-chile-madrid-1-740x430-640x372.jpg 640w, https:\/\/noticiasmercedinas.com\/site\/wp-content\/uploads\/2019\/12\/cop25-chile-madrid-1-740x430-681x396.jpg 681w\" sizes=\"auto, (max-width: 740px) 100vw, 740px\" \/><\/p>\n","protected":false},"excerpt":{"rendered":"<p>Hoy comienza la vig\u00e9sima quinta Conferencia de las partes sobre cambio clim\u00e1tico (COP25). El evento que en principio estaba programado para realizarse en Chile, tuvo que ser trasladado a Madrid, debido al estallido social, por todos conocido, por lo que el vecino pa\u00eds tuvo que resignar la organizaci\u00f3n y control de la conferencia traspas\u00e1ndosela a [&hellip;]<\/p>\n","protected":false},"author":25,"featured_media":35022,"comment_status":"open","ping_status":"open","sticky":false,"template":"","format":"standard","meta":{"footnotes":""},"categories":[5754],"tags":[307,5892],"class_list":["post-35020","post","type-post","status-publish","format-standard","has-post-thumbnail","hentry","category-medio-ambiente","tag-cambio-climatico","tag-cop25"],"yoast_head":"<!-- This site is optimized with the Yoast SEO plugin v27.5 - https:\/\/yoast.com\/product\/yoast-seo-wordpress\/ -->\n<title>Qu\u00e9 se espera de la COP25<\/title>\n<meta name=\"robots\" content=\"index, follow, max-snippet:-1, max-image-preview:large, max-video-preview:-1\" \/>\n<link rel=\"canonical\" href=\"https:\/\/noticiasmercedinas.com\/site\/2019\/12\/02\/que-se-espera-de-la-cop25\/\" \/>\n<meta property=\"og:locale\" content=\"es_ES\" \/>\n<meta property=\"og:type\" content=\"article\" \/>\n<meta property=\"og:title\" content=\"Qu\u00e9 se espera de la COP25\" \/>\n<meta property=\"og:description\" content=\"Hoy comienza la vig\u00e9sima quinta Conferencia de las partes sobre cambio clim\u00e1tico (COP25). El evento que en principio estaba programado para realizarse en Chile, tuvo que ser trasladado a Madrid, debido al estallido social, por todos conocido, por lo que el vecino pa\u00eds tuvo que resignar la organizaci\u00f3n y control de la conferencia traspas\u00e1ndosela a [&hellip;]\" \/>\n<meta property=\"og:url\" content=\"https:\/\/noticiasmercedinas.com\/site\/2019\/12\/02\/que-se-espera-de-la-cop25\/\" \/>\n<meta property=\"og:site_name\" content=\"NOTICIASMERCEDINAS.COM\" \/>\n<meta property=\"article:publisher\" content=\"https:\/\/www.facebook.com\/noticiasmercedinas\/\" \/>\n<meta property=\"article:published_time\" content=\"2019-12-02T10:51:07+00:00\" \/>\n<meta property=\"article:modified_time\" content=\"2019-12-02T10:51:39+00:00\" \/>\n<meta property=\"og:image\" content=\"https:\/\/noticiasmercedinas.com\/site\/wp-content\/uploads\/2019\/12\/cop25-chile-madrid-1-740x430.jpg\" \/>\n\t<meta property=\"og:image:width\" content=\"740\" \/>\n\t<meta property=\"og:image:height\" content=\"430\" \/>\n\t<meta property=\"og:image:type\" content=\"image\/jpeg\" \/>\n<meta name=\"author\" content=\"Luis Aros Peralta\" \/>\n<meta name=\"twitter:card\" content=\"summary_large_image\" \/>\n<meta name=\"twitter:creator\" content=\"@notmercedinas\" \/>\n<meta name=\"twitter:site\" content=\"@notmercedinas\" \/>\n<meta name=\"twitter:label1\" content=\"Escrito por\" \/>\n\t<meta name=\"twitter:data1\" content=\"Luis Aros Peralta\" \/>\n\t<meta name=\"twitter:label2\" content=\"Tiempo de lectura\" \/>\n\t<meta name=\"twitter:data2\" content=\"3 minutos\" \/>\n<script type=\"application\/ld+json\" class=\"yoast-schema-graph\">{\"@context\":\"https:\\\/\\\/schema.org\",\"@graph\":[{\"@type\":\"Article\",\"@id\":\"https:\\\/\\\/noticiasmercedinas.com\\\/site\\\/2019\\\/12\\\/02\\\/que-se-espera-de-la-cop25\\\/#article\",\"isPartOf\":{\"@id\":\"https:\\\/\\\/noticiasmercedinas.com\\\/site\\\/2019\\\/12\\\/02\\\/que-se-espera-de-la-cop25\\\/\"},\"author\":{\"name\":\"Luis Aros Peralta\",\"@id\":\"https:\\\/\\\/noticiasmercedinas.com\\\/site\\\/#\\\/schema\\\/person\\\/643e455c24c13217c5a0b23717575e36\"},\"headline\":\"Qu\u00e9 se espera de la COP25\",\"datePublished\":\"2019-12-02T10:51:07+00:00\",\"dateModified\":\"2019-12-02T10:51:39+00:00\",\"mainEntityOfPage\":{\"@id\":\"https:\\\/\\\/noticiasmercedinas.com\\\/site\\\/2019\\\/12\\\/02\\\/que-se-espera-de-la-cop25\\\/\"},\"wordCount\":689,\"commentCount\":0,\"publisher\":{\"@id\":\"https:\\\/\\\/noticiasmercedinas.com\\\/site\\\/#organization\"},\"image\":{\"@id\":\"https:\\\/\\\/noticiasmercedinas.com\\\/site\\\/2019\\\/12\\\/02\\\/que-se-espera-de-la-cop25\\\/#primaryimage\"},\"thumbnailUrl\":\"https:\\\/\\\/noticiasmercedinas.com\\\/site\\\/wp-content\\\/uploads\\\/2019\\\/12\\\/cop25-chile-madrid-1-740x430.jpg\",\"keywords\":[\"cambio climatico\",\"cop25\"],\"articleSection\":[\"Ambiente\"],\"inLanguage\":\"es\",\"potentialAction\":[{\"@type\":\"CommentAction\",\"name\":\"Comment\",\"target\":[\"https:\\\/\\\/noticiasmercedinas.com\\\/site\\\/2019\\\/12\\\/02\\\/que-se-espera-de-la-cop25\\\/#respond\"]}]},{\"@type\":\"WebPage\",\"@id\":\"https:\\\/\\\/noticiasmercedinas.com\\\/site\\\/2019\\\/12\\\/02\\\/que-se-espera-de-la-cop25\\\/\",\"url\":\"https:\\\/\\\/noticiasmercedinas.com\\\/site\\\/2019\\\/12\\\/02\\\/que-se-espera-de-la-cop25\\\/\",\"name\":\"Qu\u00e9 se espera de la COP25\",\"isPartOf\":{\"@id\":\"https:\\\/\\\/noticiasmercedinas.com\\\/site\\\/#website\"},\"primaryImageOfPage\":{\"@id\":\"https:\\\/\\\/noticiasmercedinas.com\\\/site\\\/2019\\\/12\\\/02\\\/que-se-espera-de-la-cop25\\\/#primaryimage\"},\"image\":{\"@id\":\"https:\\\/\\\/noticiasmercedinas.com\\\/site\\\/2019\\\/12\\\/02\\\/que-se-espera-de-la-cop25\\\/#primaryimage\"},\"thumbnailUrl\":\"https:\\\/\\\/noticiasmercedinas.com\\\/site\\\/wp-content\\\/uploads\\\/2019\\\/12\\\/cop25-chile-madrid-1-740x430.jpg\",\"datePublished\":\"2019-12-02T10:51:07+00:00\",\"dateModified\":\"2019-12-02T10:51:39+00:00\",\"breadcrumb\":{\"@id\":\"https:\\\/\\\/noticiasmercedinas.com\\\/site\\\/2019\\\/12\\\/02\\\/que-se-espera-de-la-cop25\\\/#breadcrumb\"},\"inLanguage\":\"es\",\"potentialAction\":[{\"@type\":\"ReadAction\",\"target\":[\"https:\\\/\\\/noticiasmercedinas.com\\\/site\\\/2019\\\/12\\\/02\\\/que-se-espera-de-la-cop25\\\/\"]}]},{\"@type\":\"ImageObject\",\"inLanguage\":\"es\",\"@id\":\"https:\\\/\\\/noticiasmercedinas.com\\\/site\\\/2019\\\/12\\\/02\\\/que-se-espera-de-la-cop25\\\/#primaryimage\",\"url\":\"https:\\\/\\\/noticiasmercedinas.com\\\/site\\\/wp-content\\\/uploads\\\/2019\\\/12\\\/cop25-chile-madrid-1-740x430.jpg\",\"contentUrl\":\"https:\\\/\\\/noticiasmercedinas.com\\\/site\\\/wp-content\\\/uploads\\\/2019\\\/12\\\/cop25-chile-madrid-1-740x430.jpg\",\"width\":740,\"height\":430},{\"@type\":\"BreadcrumbList\",\"@id\":\"https:\\\/\\\/noticiasmercedinas.com\\\/site\\\/2019\\\/12\\\/02\\\/que-se-espera-de-la-cop25\\\/#breadcrumb\",\"itemListElement\":[{\"@type\":\"ListItem\",\"position\":1,\"name\":\"Portada\",\"item\":\"https:\\\/\\\/noticiasmercedinas.com\\\/site\\\/\"},{\"@type\":\"ListItem\",\"position\":2,\"name\":\"Qu\u00e9 se espera de la COP25\"}]},{\"@type\":\"WebSite\",\"@id\":\"https:\\\/\\\/noticiasmercedinas.com\\\/site\\\/#website\",\"url\":\"https:\\\/\\\/noticiasmercedinas.com\\\/site\\\/\",\"name\":\"NOTICIASMERCEDINAS.COM\",\"description\":\"Mercedes, Buenos Aires, Argentina\",\"publisher\":{\"@id\":\"https:\\\/\\\/noticiasmercedinas.com\\\/site\\\/#organization\"},\"potentialAction\":[{\"@type\":\"SearchAction\",\"target\":{\"@type\":\"EntryPoint\",\"urlTemplate\":\"https:\\\/\\\/noticiasmercedinas.com\\\/site\\\/?s={search_term_string}\"},\"query-input\":{\"@type\":\"PropertyValueSpecification\",\"valueRequired\":true,\"valueName\":\"search_term_string\"}}],\"inLanguage\":\"es\"},{\"@type\":\"Organization\",\"@id\":\"https:\\\/\\\/noticiasmercedinas.com\\\/site\\\/#organization\",\"name\":\"NOTICIASMERCEDINAS.COM\",\"url\":\"https:\\\/\\\/noticiasmercedinas.com\\\/site\\\/\",\"logo\":{\"@type\":\"ImageObject\",\"inLanguage\":\"es\",\"@id\":\"https:\\\/\\\/noticiasmercedinas.com\\\/site\\\/#\\\/schema\\\/logo\\\/image\\\/\",\"url\":\"https:\\\/\\\/noticiasmercedinas.com\\\/site\\\/wp-content\\\/uploads\\\/2020\\\/06\\\/LOGO-512.jpg\",\"contentUrl\":\"https:\\\/\\\/noticiasmercedinas.com\\\/site\\\/wp-content\\\/uploads\\\/2020\\\/06\\\/LOGO-512.jpg\",\"width\":512,\"height\":512,\"caption\":\"NOTICIASMERCEDINAS.COM\"},\"image\":{\"@id\":\"https:\\\/\\\/noticiasmercedinas.com\\\/site\\\/#\\\/schema\\\/logo\\\/image\\\/\"},\"sameAs\":[\"https:\\\/\\\/www.facebook.com\\\/noticiasmercedinas\\\/\",\"https:\\\/\\\/x.com\\\/notmercedinas\",\"https:\\\/\\\/www.instagram.com\\\/noticiasmercedinas\\\/\"]},{\"@type\":\"Person\",\"@id\":\"https:\\\/\\\/noticiasmercedinas.com\\\/site\\\/#\\\/schema\\\/person\\\/643e455c24c13217c5a0b23717575e36\",\"name\":\"Luis Aros Peralta\",\"image\":{\"@type\":\"ImageObject\",\"inLanguage\":\"es\",\"@id\":\"https:\\\/\\\/secure.gravatar.com\\\/avatar\\\/ffaa7ed15185bce2ed0ebdb26992f46d5b4d7813fefe3ec23f4beadf7f9403af?s=96&d=mm&r=g\",\"url\":\"https:\\\/\\\/secure.gravatar.com\\\/avatar\\\/ffaa7ed15185bce2ed0ebdb26992f46d5b4d7813fefe3ec23f4beadf7f9403af?s=96&d=mm&r=g\",\"contentUrl\":\"https:\\\/\\\/secure.gravatar.com\\\/avatar\\\/ffaa7ed15185bce2ed0ebdb26992f46d5b4d7813fefe3ec23f4beadf7f9403af?s=96&d=mm&r=g\",\"caption\":\"Luis Aros Peralta\"},\"url\":\"https:\\\/\\\/noticiasmercedinas.com\\\/site\\\/author\\\/luis-aros-peralta\\\/\"}]}<\/script>\n<!-- \/ Yoast SEO plugin. -->","yoast_head_json":{"title":"Qu\u00e9 se espera de la COP25","robots":{"index":"index","follow":"follow","max-snippet":"max-snippet:-1","max-image-preview":"max-image-preview:large","max-video-preview":"max-video-preview:-1"},"canonical":"https:\/\/noticiasmercedinas.com\/site\/2019\/12\/02\/que-se-espera-de-la-cop25\/","og_locale":"es_ES","og_type":"article","og_title":"Qu\u00e9 se espera de la COP25","og_description":"Hoy comienza la vig\u00e9sima quinta Conferencia de las partes sobre cambio clim\u00e1tico (COP25). El evento que en principio estaba programado para realizarse en Chile, tuvo que ser trasladado a Madrid, debido al estallido social, por todos conocido, por lo que el vecino pa\u00eds tuvo que resignar la organizaci\u00f3n y control de la conferencia traspas\u00e1ndosela a [&hellip;]","og_url":"https:\/\/noticiasmercedinas.com\/site\/2019\/12\/02\/que-se-espera-de-la-cop25\/","og_site_name":"NOTICIASMERCEDINAS.COM","article_publisher":"https:\/\/www.facebook.com\/noticiasmercedinas\/","article_published_time":"2019-12-02T10:51:07+00:00","article_modified_time":"2019-12-02T10:51:39+00:00","og_image":[{"width":740,"height":430,"url":"https:\/\/noticiasmercedinas.com\/site\/wp-content\/uploads\/2019\/12\/cop25-chile-madrid-1-740x430.jpg","type":"image\/jpeg"}],"author":"Luis Aros Peralta","twitter_card":"summary_large_image","twitter_creator":"@notmercedinas","twitter_site":"@notmercedinas","twitter_misc":{"Escrito por":"Luis Aros Peralta","Tiempo de lectura":"3 minutos"},"schema":{"@context":"https:\/\/schema.org","@graph":[{"@type":"Article","@id":"https:\/\/noticiasmercedinas.com\/site\/2019\/12\/02\/que-se-espera-de-la-cop25\/#article","isPartOf":{"@id":"https:\/\/noticiasmercedinas.com\/site\/2019\/12\/02\/que-se-espera-de-la-cop25\/"},"author":{"name":"Luis Aros Peralta","@id":"https:\/\/noticiasmercedinas.com\/site\/#\/schema\/person\/643e455c24c13217c5a0b23717575e36"},"headline":"Qu\u00e9 se espera de la COP25","datePublished":"2019-12-02T10:51:07+00:00","dateModified":"2019-12-02T10:51:39+00:00","mainEntityOfPage":{"@id":"https:\/\/noticiasmercedinas.com\/site\/2019\/12\/02\/que-se-espera-de-la-cop25\/"},"wordCount":689,"commentCount":0,"publisher":{"@id":"https:\/\/noticiasmercedinas.com\/site\/#organization"},"image":{"@id":"https:\/\/noticiasmercedinas.com\/site\/2019\/12\/02\/que-se-espera-de-la-cop25\/#primaryimage"},"thumbnailUrl":"https:\/\/noticiasmercedinas.com\/site\/wp-content\/uploads\/2019\/12\/cop25-chile-madrid-1-740x430.jpg","keywords":["cambio climatico","cop25"],"articleSection":["Ambiente"],"inLanguage":"es","potentialAction":[{"@type":"CommentAction","name":"Comment","target":["https:\/\/noticiasmercedinas.com\/site\/2019\/12\/02\/que-se-espera-de-la-cop25\/#respond"]}]},{"@type":"WebPage","@id":"https:\/\/noticiasmercedinas.com\/site\/2019\/12\/02\/que-se-espera-de-la-cop25\/","url":"https:\/\/noticiasmercedinas.com\/site\/2019\/12\/02\/que-se-espera-de-la-cop25\/","name":"Qu\u00e9 se espera de la COP25","isPartOf":{"@id":"https:\/\/noticiasmercedinas.com\/site\/#website"},"primaryImageOfPage":{"@id":"https:\/\/noticiasmercedinas.com\/site\/2019\/12\/02\/que-se-espera-de-la-cop25\/#primaryimage"},"image":{"@id":"https:\/\/noticiasmercedinas.com\/site\/2019\/12\/02\/que-se-espera-de-la-cop25\/#primaryimage"},"thumbnailUrl":"https:\/\/noticiasmercedinas.com\/site\/wp-content\/uploads\/2019\/12\/cop25-chile-madrid-1-740x430.jpg","datePublished":"2019-12-02T10:51:07+00:00","dateModified":"2019-12-02T10:51:39+00:00","breadcrumb":{"@id":"https:\/\/noticiasmercedinas.com\/site\/2019\/12\/02\/que-se-espera-de-la-cop25\/#breadcrumb"},"inLanguage":"es","potentialAction":[{"@type":"ReadAction","target":["https:\/\/noticiasmercedinas.com\/site\/2019\/12\/02\/que-se-espera-de-la-cop25\/"]}]},{"@type":"ImageObject","inLanguage":"es","@id":"https:\/\/noticiasmercedinas.com\/site\/2019\/12\/02\/que-se-espera-de-la-cop25\/#primaryimage","url":"https:\/\/noticiasmercedinas.com\/site\/wp-content\/uploads\/2019\/12\/cop25-chile-madrid-1-740x430.jpg","contentUrl":"https:\/\/noticiasmercedinas.com\/site\/wp-content\/uploads\/2019\/12\/cop25-chile-madrid-1-740x430.jpg","width":740,"height":430},{"@type":"BreadcrumbList","@id":"https:\/\/noticiasmercedinas.com\/site\/2019\/12\/02\/que-se-espera-de-la-cop25\/#breadcrumb","itemListElement":[{"@type":"ListItem","position":1,"name":"Portada","item":"https:\/\/noticiasmercedinas.com\/site\/"},{"@type":"ListItem","position":2,"name":"Qu\u00e9 se espera de la COP25"}]},{"@type":"WebSite","@id":"https:\/\/noticiasmercedinas.com\/site\/#website","url":"https:\/\/noticiasmercedinas.com\/site\/","name":"NOTICIASMERCEDINAS.COM","description":"Mercedes, Buenos Aires, Argentina","publisher":{"@id":"https:\/\/noticiasmercedinas.com\/site\/#organization"},"potentialAction":[{"@type":"SearchAction","target":{"@type":"EntryPoint","urlTemplate":"https:\/\/noticiasmercedinas.com\/site\/?s={search_term_string}"},"query-input":{"@type":"PropertyValueSpecification","valueRequired":true,"valueName":"search_term_string"}}],"inLanguage":"es"},{"@type":"Organization","@id":"https:\/\/noticiasmercedinas.com\/site\/#organization","name":"NOTICIASMERCEDINAS.COM","url":"https:\/\/noticiasmercedinas.com\/site\/","logo":{"@type":"ImageObject","inLanguage":"es","@id":"https:\/\/noticiasmercedinas.com\/site\/#\/schema\/logo\/image\/","url":"https:\/\/noticiasmercedinas.com\/site\/wp-content\/uploads\/2020\/06\/LOGO-512.jpg","contentUrl":"https:\/\/noticiasmercedinas.com\/site\/wp-content\/uploads\/2020\/06\/LOGO-512.jpg","width":512,"height":512,"caption":"NOTICIASMERCEDINAS.COM"},"image":{"@id":"https:\/\/noticiasmercedinas.com\/site\/#\/schema\/logo\/image\/"},"sameAs":["https:\/\/www.facebook.com\/noticiasmercedinas\/","https:\/\/x.com\/notmercedinas","https:\/\/www.instagram.com\/noticiasmercedinas\/"]},{"@type":"Person","@id":"https:\/\/noticiasmercedinas.com\/site\/#\/schema\/person\/643e455c24c13217c5a0b23717575e36","name":"Luis Aros Peralta","image":{"@type":"ImageObject","inLanguage":"es","@id":"https:\/\/secure.gravatar.com\/avatar\/ffaa7ed15185bce2ed0ebdb26992f46d5b4d7813fefe3ec23f4beadf7f9403af?s=96&d=mm&r=g","url":"https:\/\/secure.gravatar.com\/avatar\/ffaa7ed15185bce2ed0ebdb26992f46d5b4d7813fefe3ec23f4beadf7f9403af?s=96&d=mm&r=g","contentUrl":"https:\/\/secure.gravatar.com\/avatar\/ffaa7ed15185bce2ed0ebdb26992f46d5b4d7813fefe3ec23f4beadf7f9403af?s=96&d=mm&r=g","caption":"Luis Aros Peralta"},"url":"https:\/\/noticiasmercedinas.com\/site\/author\/luis-aros-peralta\/"}]}},"amp_enabled":true,"_links":{"self":[{"href":"https:\/\/noticiasmercedinas.com\/site\/wp-json\/wp\/v2\/posts\/35020","targetHints":{"allow":["GET"]}}],"collection":[{"href":"https:\/\/noticiasmercedinas.com\/site\/wp-json\/wp\/v2\/posts"}],"about":[{"href":"https:\/\/noticiasmercedinas.com\/site\/wp-json\/wp\/v2\/types\/post"}],"author":[{"embeddable":true,"href":"https:\/\/noticiasmercedinas.com\/site\/wp-json\/wp\/v2\/users\/25"}],"replies":[{"embeddable":true,"href":"https:\/\/noticiasmercedinas.com\/site\/wp-json\/wp\/v2\/comments?post=35020"}],"version-history":[{"count":2,"href":"https:\/\/noticiasmercedinas.com\/site\/wp-json\/wp\/v2\/posts\/35020\/revisions"}],"predecessor-version":[{"id":35024,"href":"https:\/\/noticiasmercedinas.com\/site\/wp-json\/wp\/v2\/posts\/35020\/revisions\/35024"}],"wp:featuredmedia":[{"embeddable":true,"href":"https:\/\/noticiasmercedinas.com\/site\/wp-json\/wp\/v2\/media\/35022"}],"wp:attachment":[{"href":"https:\/\/noticiasmercedinas.com\/site\/wp-json\/wp\/v2\/media?parent=35020"}],"wp:term":[{"taxonomy":"category","embeddable":true,"href":"https:\/\/noticiasmercedinas.com\/site\/wp-json\/wp\/v2\/categories?post=35020"},{"taxonomy":"post_tag","embeddable":true,"href":"https:\/\/noticiasmercedinas.com\/site\/wp-json\/wp\/v2\/tags?post=35020"}],"curies":[{"name":"wp","href":"https:\/\/api.w.org\/{rel}","templated":true}]}}