{"id":35116,"date":"2019-12-03T07:50:56","date_gmt":"2019-12-03T10:50:56","guid":{"rendered":"https:\/\/noticiasmercedinas.com\/site\/?p=35116"},"modified":"2019-12-03T07:53:33","modified_gmt":"2019-12-03T10:53:33","slug":"noche-inolvidable-para-los-egresados","status":"publish","type":"post","link":"https:\/\/noticiasmercedinas.com\/site\/2019\/12\/03\/noche-inolvidable-para-los-egresados\/","title":{"rendered":"Noche inolvidable para los egresados"},"content":{"rendered":"\r\n                <style type=\"text\/css\">\r\n                    \r\n                    #td_uid_1_69ec94296b466  .td-doubleSlider-2 .td-item1 {\r\n                        background: url(https:\/\/noticiasmercedinas.com\/site\/wp-content\/uploads\/2019\/12\/egresados06-160x120.jpg) 0 0 no-repeat;\r\n                    }\r\n                    #td_uid_1_69ec94296b466  .td-doubleSlider-2 .td-item2 {\r\n                        background: url(https:\/\/noticiasmercedinas.com\/site\/wp-content\/uploads\/2019\/12\/egresados05-160x120.jpg) 0 0 no-repeat;\r\n                    }\r\n                    #td_uid_1_69ec94296b466  .td-doubleSlider-2 .td-item3 {\r\n                        background: url(https:\/\/noticiasmercedinas.com\/site\/wp-content\/uploads\/2019\/12\/egresados04-160x120.jpg) 0 0 no-repeat;\r\n                    }\r\n                    #td_uid_1_69ec94296b466  .td-doubleSlider-2 .td-item4 {\r\n                        background: url(https:\/\/noticiasmercedinas.com\/site\/wp-content\/uploads\/2019\/12\/egresados03-160x120.jpg) 0 0 no-repeat;\r\n                    }\r\n                    #td_uid_1_69ec94296b466  .td-doubleSlider-2 .td-item5 {\r\n                        background: url(https:\/\/noticiasmercedinas.com\/site\/wp-content\/uploads\/2019\/12\/egresados02-160x120.jpg) 0 0 no-repeat;\r\n                    }\r\n                    #td_uid_1_69ec94296b466  .td-doubleSlider-2 .td-item6 {\r\n                        background: url(https:\/\/noticiasmercedinas.com\/site\/wp-content\/uploads\/2019\/12\/egresados01-160x120.jpg) 0 0 no-repeat;\r\n                    }\r\n                <\/style>\r\n\r\n                <div id=\"td_uid_1_69ec94296b466\" class=\"td-gallery td-slide-on-2-columns\">\r\n                    <div class=\"post_td_gallery\">\r\n                        <div class=\"td-gallery-slide-top\">\r\n                           <div class=\"td-gallery-title\"><\/div>\r\n\r\n                            <div class=\"td-gallery-controls-wrapper\">\r\n                                <div class=\"td-gallery-slide-count\"><span class=\"td-gallery-slide-item-focus\">1<\/span> de 6<\/div>\r\n                                <div class=\"td-gallery-slide-prev-next-but\">\r\n                                    <i class = \"td-icon-left doubleSliderPrevButton\"><\/i>\r\n                                    <i class = \"td-icon-right doubleSliderNextButton\"><\/i>\r\n                                <\/div>\r\n                            <\/div>\r\n                        <\/div>\r\n\r\n                        <div class = \"td-doubleSlider-1 \">\r\n                            <div class = \"td-slider\">\r\n                                \r\n                    <div class = \"td-slide-item td-item1\">\r\n                        <figure class=\"td-slide-galery-figure td-slide-popup-gallery\">\r\n                            <a class=\"slide-gallery-image-link\" href=\"https:\/\/noticiasmercedinas.com\/site\/wp-content\/uploads\/2019\/12\/egresados06.jpg\" title=\"egresados06\"  data-caption=\"\"  data-description=\"\">\r\n                                <img decoding=\"async\" src=\"https:\/\/noticiasmercedinas.com\/site\/wp-content\/uploads\/2019\/12\/egresados06.jpg\" srcset=\"https:\/\/noticiasmercedinas.com\/site\/wp-content\/uploads\/2019\/12\/egresados06.jpg 616w, https:\/\/noticiasmercedinas.com\/site\/wp-content\/uploads\/2019\/12\/egresados06-247x300.jpg 247w\" sizes=\"(max-width: 616px) 100vw, 616px\" alt=\"\">\r\n                            <\/a>\r\n                            \r\n                        <\/figure>\r\n                    <\/div>\r\n                    <div class = \"td-slide-item td-item2\">\r\n                        <figure class=\"td-slide-galery-figure td-slide-popup-gallery\">\r\n                            <a class=\"slide-gallery-image-link\" href=\"https:\/\/noticiasmercedinas.com\/site\/wp-content\/uploads\/2019\/12\/egresados05.jpg\" title=\"egresados05\"  data-caption=\"\"  data-description=\"\">\r\n                                <img decoding=\"async\" src=\"https:\/\/noticiasmercedinas.com\/site\/wp-content\/uploads\/2019\/12\/egresados05.jpg\" srcset=\"https:\/\/noticiasmercedinas.com\/site\/wp-content\/uploads\/2019\/12\/egresados05.jpg 960w, https:\/\/noticiasmercedinas.com\/site\/wp-content\/uploads\/2019\/12\/egresados05-300x216.jpg 300w, https:\/\/noticiasmercedinas.com\/site\/wp-content\/uploads\/2019\/12\/egresados05-768x552.jpg 768w, https:\/\/noticiasmercedinas.com\/site\/wp-content\/uploads\/2019\/12\/egresados05-640x460.jpg 640w, https:\/\/noticiasmercedinas.com\/site\/wp-content\/uploads\/2019\/12\/egresados05-681x489.jpg 681w\" sizes=\"(max-width: 960px) 100vw, 960px\" alt=\"\">\r\n                            <\/a>\r\n                            \r\n                        <\/figure>\r\n                    <\/div>\r\n                    <div class = \"td-slide-item td-item3\">\r\n                        <figure class=\"td-slide-galery-figure td-slide-popup-gallery\">\r\n                            <a class=\"slide-gallery-image-link\" href=\"https:\/\/noticiasmercedinas.com\/site\/wp-content\/uploads\/2019\/12\/egresados04.jpg\" title=\"egresados04\"  data-caption=\"\"  data-description=\"\">\r\n                                <img decoding=\"async\" src=\"https:\/\/noticiasmercedinas.com\/site\/wp-content\/uploads\/2019\/12\/egresados04.jpg\" srcset=\"https:\/\/noticiasmercedinas.com\/site\/wp-content\/uploads\/2019\/12\/egresados04.jpg 960w, https:\/\/noticiasmercedinas.com\/site\/wp-content\/uploads\/2019\/12\/egresados04-300x185.jpg 300w, https:\/\/noticiasmercedinas.com\/site\/wp-content\/uploads\/2019\/12\/egresados04-768x474.jpg 768w, https:\/\/noticiasmercedinas.com\/site\/wp-content\/uploads\/2019\/12\/egresados04-640x395.jpg 640w, https:\/\/noticiasmercedinas.com\/site\/wp-content\/uploads\/2019\/12\/egresados04-681x420.jpg 681w\" sizes=\"(max-width: 960px) 100vw, 960px\" alt=\"\">\r\n                            <\/a>\r\n                            \r\n                        <\/figure>\r\n                    <\/div>\r\n                    <div class = \"td-slide-item td-item4\">\r\n                        <figure class=\"td-slide-galery-figure td-slide-popup-gallery\">\r\n                            <a class=\"slide-gallery-image-link\" href=\"https:\/\/noticiasmercedinas.com\/site\/wp-content\/uploads\/2019\/12\/egresados03.jpg\" title=\"egresados03\"  data-caption=\"\"  data-description=\"\">\r\n                                <img decoding=\"async\" src=\"https:\/\/noticiasmercedinas.com\/site\/wp-content\/uploads\/2019\/12\/egresados03.jpg\" srcset=\"https:\/\/noticiasmercedinas.com\/site\/wp-content\/uploads\/2019\/12\/egresados03.jpg 887w, https:\/\/noticiasmercedinas.com\/site\/wp-content\/uploads\/2019\/12\/egresados03-300x262.jpg 300w, https:\/\/noticiasmercedinas.com\/site\/wp-content\/uploads\/2019\/12\/egresados03-768x670.jpg 768w, https:\/\/noticiasmercedinas.com\/site\/wp-content\/uploads\/2019\/12\/egresados03-640x558.jpg 640w, https:\/\/noticiasmercedinas.com\/site\/wp-content\/uploads\/2019\/12\/egresados03-681x594.jpg 681w\" sizes=\"(max-width: 887px) 100vw, 887px\" alt=\"\">\r\n                            <\/a>\r\n                            \r\n                        <\/figure>\r\n                    <\/div>\r\n                    <div class = \"td-slide-item td-item5\">\r\n                        <figure class=\"td-slide-galery-figure td-slide-popup-gallery\">\r\n                            <a class=\"slide-gallery-image-link\" href=\"https:\/\/noticiasmercedinas.com\/site\/wp-content\/uploads\/2019\/12\/egresados02.jpg\" title=\"egresados02\"  data-caption=\"\"  data-description=\"\">\r\n                                <img decoding=\"async\" src=\"https:\/\/noticiasmercedinas.com\/site\/wp-content\/uploads\/2019\/12\/egresados02.jpg\" srcset=\"https:\/\/noticiasmercedinas.com\/site\/wp-content\/uploads\/2019\/12\/egresados02.jpg 1032w, https:\/\/noticiasmercedinas.com\/site\/wp-content\/uploads\/2019\/12\/egresados02-300x169.jpg 300w, https:\/\/noticiasmercedinas.com\/site\/wp-content\/uploads\/2019\/12\/egresados02-1024x576.jpg 1024w, https:\/\/noticiasmercedinas.com\/site\/wp-content\/uploads\/2019\/12\/egresados02-768x432.jpg 768w, https:\/\/noticiasmercedinas.com\/site\/wp-content\/uploads\/2019\/12\/egresados02-640x360.jpg 640w, https:\/\/noticiasmercedinas.com\/site\/wp-content\/uploads\/2019\/12\/egresados02-681x383.jpg 681w\" sizes=\"(max-width: 1032px) 100vw, 1032px\" alt=\"\">\r\n                            <\/a>\r\n                            \r\n                        <\/figure>\r\n                    <\/div>\r\n                    <div class = \"td-slide-item td-item6\">\r\n                        <figure class=\"td-slide-galery-figure td-slide-popup-gallery\">\r\n                            <a class=\"slide-gallery-image-link\" href=\"https:\/\/noticiasmercedinas.com\/site\/wp-content\/uploads\/2019\/12\/egresados01.jpg\" title=\"egresados01\"  data-caption=\"\"  data-description=\"\">\r\n                                <img decoding=\"async\" src=\"https:\/\/noticiasmercedinas.com\/site\/wp-content\/uploads\/2019\/12\/egresados01.jpg\" srcset=\"https:\/\/noticiasmercedinas.com\/site\/wp-content\/uploads\/2019\/12\/egresados01.jpg 1280w, https:\/\/noticiasmercedinas.com\/site\/wp-content\/uploads\/2019\/12\/egresados01-300x169.jpg 300w, https:\/\/noticiasmercedinas.com\/site\/wp-content\/uploads\/2019\/12\/egresados01-1024x576.jpg 1024w, https:\/\/noticiasmercedinas.com\/site\/wp-content\/uploads\/2019\/12\/egresados01-768x432.jpg 768w, https:\/\/noticiasmercedinas.com\/site\/wp-content\/uploads\/2019\/12\/egresados01-640x360.jpg 640w, https:\/\/noticiasmercedinas.com\/site\/wp-content\/uploads\/2019\/12\/egresados01-681x383.jpg 681w\" sizes=\"(max-width: 1280px) 100vw, 1280px\" alt=\"\">\r\n                            <\/a>\r\n                            \r\n                        <\/figure>\r\n                    <\/div>\r\n                            <\/div>\r\n                        <\/div>\r\n\r\n                        <div class = \"td-doubleSlider-2\">\r\n                            <div class = \"td-slider\">\r\n                                \r\n                    <div class = \"td-button td-item1\">\r\n                        <div class = \"td-border\"><\/div>\r\n                    <\/div>\r\n                    <div class = \"td-button td-item2\">\r\n                        <div class = \"td-border\"><\/div>\r\n                    <\/div>\r\n                    <div class = \"td-button td-item3\">\r\n                        <div class = \"td-border\"><\/div>\r\n                    <\/div>\r\n                    <div class = \"td-button td-item4\">\r\n                        <div class = \"td-border\"><\/div>\r\n                    <\/div>\r\n                    <div class = \"td-button td-item5\">\r\n                        <div class = \"td-border\"><\/div>\r\n                    <\/div>\r\n                    <div class = \"td-button td-item6\">\r\n                        <div class = \"td-border\"><\/div>\r\n                    <\/div>\r\n                            <\/div>\r\n                        <\/div>\r\n\r\n                    <\/div>\r\n\r\n                <\/div>\r\n                \n<p>Los egresados del nivel secundario de todos los establecimientos educativos p\u00fablicos y privados y el Plan Fines tuvieron su noche de gala con la pasarela en un muy participativo evento que cont\u00f3 con miles de asistentes en el predio del ex Mart\u00edn Rodr\u00edguez.<\/p>\n<p>La actividad tuvo la siempre destacada conducci\u00f3n de Diego Mar\u00fa y Carolina Galeano, quienes le pusieron \u00e1nimo en muchos casos a los nervios de los adolescentes y no tanto que atravesaban este momento crucial en sus vidas y lo hac\u00edan ante familiares y amigos, congregados en la noche y ansiosos por verlos desfilar con sus bandas de egresados.<\/p>\n<p>La Pasarela de Egresados cont\u00f3 con una previa que incluy\u00f3 espect\u00e1culos de acrobacia y un tramo musical en vivo con Bajame un tono. Con organizaci\u00f3n de Agust\u00edn Cufr\u00e9 Mena y Joel Albanese una vez m\u00e1s se vivi\u00f3 una noche inolvidable.<\/p>\n<p>El orden de pasada fue FINES y Adultos, Nacional, Media 1, Normal, Escuelas Rama Especial, Camila Rol\u00f3n, T\u00e9cnica 2, Escuelas P\u00fablicas, Agro, Misericordia, Industrial T\u00e9cnica 1, San Benito, Parroquial, San Antonio, Santa Mar\u00eda y San Patricio.<\/p>\n<p>Las fotos se podr\u00e1n conseguir desde este martes por la tarde en <strong>Casa Ricca foto y video<\/strong>, de calles 24 casi esquina 25.<\/p>\n","protected":false},"excerpt":{"rendered":"<p>Los egresados del nivel secundario de todos los establecimientos educativos p\u00fablicos y privados y el Plan Fines tuvieron su noche de gala con la pasarela en un muy participativo evento que cont\u00f3 con miles de asistentes en el predio del ex Mart\u00edn Rodr\u00edguez. La actividad tuvo la siempre destacada conducci\u00f3n de Diego Mar\u00fa y Carolina [&hellip;]<\/p>\n","protected":false},"author":16,"featured_media":35122,"comment_status":"open","ping_status":"open","sticky":false,"template":"","format":"standard","meta":{"footnotes":""},"categories":[3],"tags":[2892,3891,7453,1628,1808,2572,18,7456,7454,5650,5281,4975,217,1250,5509,4973,2538,3643,1704,1751,7458,7457,7455],"class_list":["post-35116","post","type-post","status-publish","format-standard","has-post-thumbnail","hentry","category-sociedad","tag-adultos","tag-agro","tag-agustin-cufre","tag-bajame-un-tono","tag-camila-rolon","tag-egresados","tag-escuelas","tag-escuelas-publicas","tag-escuelas-rama-especial","tag-fines","tag-industrial","tag-media-1","tag-misericordia","tag-nacional","tag-normal","tag-parroquial","tag-pasarela","tag-san-antonio","tag-san-benito","tag-san-patricio","tag-santa-maria","tag-tecnica-1","tag-tecnica-2"],"yoast_head":"<!-- This site is optimized with the Yoast SEO plugin v27.4 - https:\/\/yoast.com\/product\/yoast-seo-wordpress\/ -->\n<title>Noche inolvidable para los egresados<\/title>\n<meta name=\"robots\" content=\"index, follow, max-snippet:-1, max-image-preview:large, max-video-preview:-1\" \/>\n<link rel=\"canonical\" href=\"https:\/\/noticiasmercedinas.com\/site\/2019\/12\/03\/noche-inolvidable-para-los-egresados\/\" \/>\n<meta property=\"og:locale\" content=\"es_ES\" \/>\n<meta property=\"og:type\" content=\"article\" \/>\n<meta property=\"og:title\" content=\"Noche inolvidable para los egresados\" \/>\n<meta property=\"og:description\" content=\"Los egresados del nivel secundario de todos los establecimientos educativos p\u00fablicos y privados y el Plan Fines tuvieron su noche de gala con la pasarela en un muy participativo evento que cont\u00f3 con miles de asistentes en el predio del ex Mart\u00edn Rodr\u00edguez. La actividad tuvo la siempre destacada conducci\u00f3n de Diego Mar\u00fa y Carolina [&hellip;]\" \/>\n<meta property=\"og:url\" content=\"https:\/\/noticiasmercedinas.com\/site\/2019\/12\/03\/noche-inolvidable-para-los-egresados\/\" \/>\n<meta property=\"og:site_name\" content=\"NOTICIASMERCEDINAS.COM\" \/>\n<meta property=\"article:publisher\" content=\"https:\/\/www.facebook.com\/noticiasmercedinas\/\" \/>\n<meta property=\"article:published_time\" content=\"2019-12-03T10:50:56+00:00\" \/>\n<meta property=\"article:modified_time\" content=\"2019-12-03T10:53:33+00:00\" \/>\n<meta property=\"og:image\" content=\"https:\/\/noticiasmercedinas.com\/site\/wp-content\/uploads\/2019\/12\/egresados01.jpg\" \/>\n\t<meta property=\"og:image:width\" content=\"1280\" \/>\n\t<meta property=\"og:image:height\" content=\"720\" \/>\n\t<meta property=\"og:image:type\" content=\"image\/jpeg\" \/>\n<meta name=\"author\" content=\"NOTICIASMERCEDINAS.COM\" \/>\n<meta name=\"twitter:card\" content=\"summary_large_image\" \/>\n<meta name=\"twitter:creator\" content=\"@notmercedinas\" \/>\n<meta name=\"twitter:site\" content=\"@notmercedinas\" \/>\n<meta name=\"twitter:label1\" content=\"Escrito por\" \/>\n\t<meta name=\"twitter:data1\" content=\"NOTICIASMERCEDINAS.COM\" \/>\n\t<meta name=\"twitter:label2\" content=\"Tiempo de lectura\" \/>\n\t<meta name=\"twitter:data2\" content=\"1 minuto\" \/>\n<script type=\"application\/ld+json\" class=\"yoast-schema-graph\">{\"@context\":\"https:\\\/\\\/schema.org\",\"@graph\":[{\"@type\":\"Article\",\"@id\":\"https:\\\/\\\/noticiasmercedinas.com\\\/site\\\/2019\\\/12\\\/03\\\/noche-inolvidable-para-los-egresados\\\/#article\",\"isPartOf\":{\"@id\":\"https:\\\/\\\/noticiasmercedinas.com\\\/site\\\/2019\\\/12\\\/03\\\/noche-inolvidable-para-los-egresados\\\/\"},\"author\":{\"name\":\"NOTICIASMERCEDINAS.COM\",\"@id\":\"https:\\\/\\\/noticiasmercedinas.com\\\/site\\\/#\\\/schema\\\/person\\\/84b59c099c28ff2e8b77d4ceec5d8063\"},\"headline\":\"Noche inolvidable para los egresados\",\"datePublished\":\"2019-12-03T10:50:56+00:00\",\"dateModified\":\"2019-12-03T10:53:33+00:00\",\"mainEntityOfPage\":{\"@id\":\"https:\\\/\\\/noticiasmercedinas.com\\\/site\\\/2019\\\/12\\\/03\\\/noche-inolvidable-para-los-egresados\\\/\"},\"wordCount\":226,\"commentCount\":0,\"publisher\":{\"@id\":\"https:\\\/\\\/noticiasmercedinas.com\\\/site\\\/#organization\"},\"image\":{\"@id\":\"https:\\\/\\\/noticiasmercedinas.com\\\/site\\\/2019\\\/12\\\/03\\\/noche-inolvidable-para-los-egresados\\\/#primaryimage\"},\"thumbnailUrl\":\"https:\\\/\\\/noticiasmercedinas.com\\\/site\\\/wp-content\\\/uploads\\\/2019\\\/12\\\/egresados01.jpg\",\"keywords\":[\"adultos\",\"agro\",\"agustin cufre\",\"bajame un tono\",\"camila rolon\",\"egresados\",\"escuelas\",\"Escuelas P\u00fablicas\",\"Escuelas Rama Especial\",\"fines\",\"industrial\",\"media 1\",\"misericordia\",\"nacional\",\"normal\",\"parroquial\",\"pasarela\",\"San Antonio\",\"san benito\",\"san patricio\",\"Santa Mar\u00eda\",\"T\u00e9cnica 1\",\"T\u00e9cnica 2\"],\"articleSection\":[\"Sociedad\"],\"inLanguage\":\"es\",\"potentialAction\":[{\"@type\":\"CommentAction\",\"name\":\"Comment\",\"target\":[\"https:\\\/\\\/noticiasmercedinas.com\\\/site\\\/2019\\\/12\\\/03\\\/noche-inolvidable-para-los-egresados\\\/#respond\"]}]},{\"@type\":\"WebPage\",\"@id\":\"https:\\\/\\\/noticiasmercedinas.com\\\/site\\\/2019\\\/12\\\/03\\\/noche-inolvidable-para-los-egresados\\\/\",\"url\":\"https:\\\/\\\/noticiasmercedinas.com\\\/site\\\/2019\\\/12\\\/03\\\/noche-inolvidable-para-los-egresados\\\/\",\"name\":\"Noche inolvidable para los egresados\",\"isPartOf\":{\"@id\":\"https:\\\/\\\/noticiasmercedinas.com\\\/site\\\/#website\"},\"primaryImageOfPage\":{\"@id\":\"https:\\\/\\\/noticiasmercedinas.com\\\/site\\\/2019\\\/12\\\/03\\\/noche-inolvidable-para-los-egresados\\\/#primaryimage\"},\"image\":{\"@id\":\"https:\\\/\\\/noticiasmercedinas.com\\\/site\\\/2019\\\/12\\\/03\\\/noche-inolvidable-para-los-egresados\\\/#primaryimage\"},\"thumbnailUrl\":\"https:\\\/\\\/noticiasmercedinas.com\\\/site\\\/wp-content\\\/uploads\\\/2019\\\/12\\\/egresados01.jpg\",\"datePublished\":\"2019-12-03T10:50:56+00:00\",\"dateModified\":\"2019-12-03T10:53:33+00:00\",\"breadcrumb\":{\"@id\":\"https:\\\/\\\/noticiasmercedinas.com\\\/site\\\/2019\\\/12\\\/03\\\/noche-inolvidable-para-los-egresados\\\/#breadcrumb\"},\"inLanguage\":\"es\",\"potentialAction\":[{\"@type\":\"ReadAction\",\"target\":[\"https:\\\/\\\/noticiasmercedinas.com\\\/site\\\/2019\\\/12\\\/03\\\/noche-inolvidable-para-los-egresados\\\/\"]}]},{\"@type\":\"ImageObject\",\"inLanguage\":\"es\",\"@id\":\"https:\\\/\\\/noticiasmercedinas.com\\\/site\\\/2019\\\/12\\\/03\\\/noche-inolvidable-para-los-egresados\\\/#primaryimage\",\"url\":\"https:\\\/\\\/noticiasmercedinas.com\\\/site\\\/wp-content\\\/uploads\\\/2019\\\/12\\\/egresados01.jpg\",\"contentUrl\":\"https:\\\/\\\/noticiasmercedinas.com\\\/site\\\/wp-content\\\/uploads\\\/2019\\\/12\\\/egresados01.jpg\",\"width\":1280,\"height\":720},{\"@type\":\"BreadcrumbList\",\"@id\":\"https:\\\/\\\/noticiasmercedinas.com\\\/site\\\/2019\\\/12\\\/03\\\/noche-inolvidable-para-los-egresados\\\/#breadcrumb\",\"itemListElement\":[{\"@type\":\"ListItem\",\"position\":1,\"name\":\"Portada\",\"item\":\"https:\\\/\\\/noticiasmercedinas.com\\\/site\\\/\"},{\"@type\":\"ListItem\",\"position\":2,\"name\":\"Noche inolvidable para los egresados\"}]},{\"@type\":\"WebSite\",\"@id\":\"https:\\\/\\\/noticiasmercedinas.com\\\/site\\\/#website\",\"url\":\"https:\\\/\\\/noticiasmercedinas.com\\\/site\\\/\",\"name\":\"NOTICIASMERCEDINAS.COM\",\"description\":\"Mercedes, Buenos Aires, Argentina\",\"publisher\":{\"@id\":\"https:\\\/\\\/noticiasmercedinas.com\\\/site\\\/#organization\"},\"potentialAction\":[{\"@type\":\"SearchAction\",\"target\":{\"@type\":\"EntryPoint\",\"urlTemplate\":\"https:\\\/\\\/noticiasmercedinas.com\\\/site\\\/?s={search_term_string}\"},\"query-input\":{\"@type\":\"PropertyValueSpecification\",\"valueRequired\":true,\"valueName\":\"search_term_string\"}}],\"inLanguage\":\"es\"},{\"@type\":\"Organization\",\"@id\":\"https:\\\/\\\/noticiasmercedinas.com\\\/site\\\/#organization\",\"name\":\"NOTICIASMERCEDINAS.COM\",\"url\":\"https:\\\/\\\/noticiasmercedinas.com\\\/site\\\/\",\"logo\":{\"@type\":\"ImageObject\",\"inLanguage\":\"es\",\"@id\":\"https:\\\/\\\/noticiasmercedinas.com\\\/site\\\/#\\\/schema\\\/logo\\\/image\\\/\",\"url\":\"https:\\\/\\\/noticiasmercedinas.com\\\/site\\\/wp-content\\\/uploads\\\/2020\\\/06\\\/LOGO-512.jpg\",\"contentUrl\":\"https:\\\/\\\/noticiasmercedinas.com\\\/site\\\/wp-content\\\/uploads\\\/2020\\\/06\\\/LOGO-512.jpg\",\"width\":512,\"height\":512,\"caption\":\"NOTICIASMERCEDINAS.COM\"},\"image\":{\"@id\":\"https:\\\/\\\/noticiasmercedinas.com\\\/site\\\/#\\\/schema\\\/logo\\\/image\\\/\"},\"sameAs\":[\"https:\\\/\\\/www.facebook.com\\\/noticiasmercedinas\\\/\",\"https:\\\/\\\/x.com\\\/notmercedinas\",\"https:\\\/\\\/www.instagram.com\\\/noticiasmercedinas\\\/\"]},{\"@type\":\"Person\",\"@id\":\"https:\\\/\\\/noticiasmercedinas.com\\\/site\\\/#\\\/schema\\\/person\\\/84b59c099c28ff2e8b77d4ceec5d8063\",\"name\":\"NOTICIASMERCEDINAS.COM\",\"image\":{\"@type\":\"ImageObject\",\"inLanguage\":\"es\",\"@id\":\"https:\\\/\\\/secure.gravatar.com\\\/avatar\\\/4dfbf16b4d17945bfb6341b2d19043457132fcf478a5ee04f42e959fd8f5df0a?s=96&d=mm&r=g\",\"url\":\"https:\\\/\\\/secure.gravatar.com\\\/avatar\\\/4dfbf16b4d17945bfb6341b2d19043457132fcf478a5ee04f42e959fd8f5df0a?s=96&d=mm&r=g\",\"contentUrl\":\"https:\\\/\\\/secure.gravatar.com\\\/avatar\\\/4dfbf16b4d17945bfb6341b2d19043457132fcf478a5ee04f42e959fd8f5df0a?s=96&d=mm&r=g\",\"caption\":\"NOTICIASMERCEDINAS.COM\"},\"url\":\"https:\\\/\\\/noticiasmercedinas.com\\\/site\\\/author\\\/anonimo\\\/\"}]}<\/script>\n<!-- \/ Yoast SEO plugin. -->","yoast_head_json":{"title":"Noche inolvidable para los egresados","robots":{"index":"index","follow":"follow","max-snippet":"max-snippet:-1","max-image-preview":"max-image-preview:large","max-video-preview":"max-video-preview:-1"},"canonical":"https:\/\/noticiasmercedinas.com\/site\/2019\/12\/03\/noche-inolvidable-para-los-egresados\/","og_locale":"es_ES","og_type":"article","og_title":"Noche inolvidable para los egresados","og_description":"Los egresados del nivel secundario de todos los establecimientos educativos p\u00fablicos y privados y el Plan Fines tuvieron su noche de gala con la pasarela en un muy participativo evento que cont\u00f3 con miles de asistentes en el predio del ex Mart\u00edn Rodr\u00edguez. La actividad tuvo la siempre destacada conducci\u00f3n de Diego Mar\u00fa y Carolina [&hellip;]","og_url":"https:\/\/noticiasmercedinas.com\/site\/2019\/12\/03\/noche-inolvidable-para-los-egresados\/","og_site_name":"NOTICIASMERCEDINAS.COM","article_publisher":"https:\/\/www.facebook.com\/noticiasmercedinas\/","article_published_time":"2019-12-03T10:50:56+00:00","article_modified_time":"2019-12-03T10:53:33+00:00","og_image":[{"width":1280,"height":720,"url":"https:\/\/noticiasmercedinas.com\/site\/wp-content\/uploads\/2019\/12\/egresados01.jpg","type":"image\/jpeg"}],"author":"NOTICIASMERCEDINAS.COM","twitter_card":"summary_large_image","twitter_creator":"@notmercedinas","twitter_site":"@notmercedinas","twitter_misc":{"Escrito por":"NOTICIASMERCEDINAS.COM","Tiempo de lectura":"1 minuto"},"schema":{"@context":"https:\/\/schema.org","@graph":[{"@type":"Article","@id":"https:\/\/noticiasmercedinas.com\/site\/2019\/12\/03\/noche-inolvidable-para-los-egresados\/#article","isPartOf":{"@id":"https:\/\/noticiasmercedinas.com\/site\/2019\/12\/03\/noche-inolvidable-para-los-egresados\/"},"author":{"name":"NOTICIASMERCEDINAS.COM","@id":"https:\/\/noticiasmercedinas.com\/site\/#\/schema\/person\/84b59c099c28ff2e8b77d4ceec5d8063"},"headline":"Noche inolvidable para los egresados","datePublished":"2019-12-03T10:50:56+00:00","dateModified":"2019-12-03T10:53:33+00:00","mainEntityOfPage":{"@id":"https:\/\/noticiasmercedinas.com\/site\/2019\/12\/03\/noche-inolvidable-para-los-egresados\/"},"wordCount":226,"commentCount":0,"publisher":{"@id":"https:\/\/noticiasmercedinas.com\/site\/#organization"},"image":{"@id":"https:\/\/noticiasmercedinas.com\/site\/2019\/12\/03\/noche-inolvidable-para-los-egresados\/#primaryimage"},"thumbnailUrl":"https:\/\/noticiasmercedinas.com\/site\/wp-content\/uploads\/2019\/12\/egresados01.jpg","keywords":["adultos","agro","agustin cufre","bajame un tono","camila rolon","egresados","escuelas","Escuelas P\u00fablicas","Escuelas Rama Especial","fines","industrial","media 1","misericordia","nacional","normal","parroquial","pasarela","San Antonio","san benito","san patricio","Santa Mar\u00eda","T\u00e9cnica 1","T\u00e9cnica 2"],"articleSection":["Sociedad"],"inLanguage":"es","potentialAction":[{"@type":"CommentAction","name":"Comment","target":["https:\/\/noticiasmercedinas.com\/site\/2019\/12\/03\/noche-inolvidable-para-los-egresados\/#respond"]}]},{"@type":"WebPage","@id":"https:\/\/noticiasmercedinas.com\/site\/2019\/12\/03\/noche-inolvidable-para-los-egresados\/","url":"https:\/\/noticiasmercedinas.com\/site\/2019\/12\/03\/noche-inolvidable-para-los-egresados\/","name":"Noche inolvidable para los egresados","isPartOf":{"@id":"https:\/\/noticiasmercedinas.com\/site\/#website"},"primaryImageOfPage":{"@id":"https:\/\/noticiasmercedinas.com\/site\/2019\/12\/03\/noche-inolvidable-para-los-egresados\/#primaryimage"},"image":{"@id":"https:\/\/noticiasmercedinas.com\/site\/2019\/12\/03\/noche-inolvidable-para-los-egresados\/#primaryimage"},"thumbnailUrl":"https:\/\/noticiasmercedinas.com\/site\/wp-content\/uploads\/2019\/12\/egresados01.jpg","datePublished":"2019-12-03T10:50:56+00:00","dateModified":"2019-12-03T10:53:33+00:00","breadcrumb":{"@id":"https:\/\/noticiasmercedinas.com\/site\/2019\/12\/03\/noche-inolvidable-para-los-egresados\/#breadcrumb"},"inLanguage":"es","potentialAction":[{"@type":"ReadAction","target":["https:\/\/noticiasmercedinas.com\/site\/2019\/12\/03\/noche-inolvidable-para-los-egresados\/"]}]},{"@type":"ImageObject","inLanguage":"es","@id":"https:\/\/noticiasmercedinas.com\/site\/2019\/12\/03\/noche-inolvidable-para-los-egresados\/#primaryimage","url":"https:\/\/noticiasmercedinas.com\/site\/wp-content\/uploads\/2019\/12\/egresados01.jpg","contentUrl":"https:\/\/noticiasmercedinas.com\/site\/wp-content\/uploads\/2019\/12\/egresados01.jpg","width":1280,"height":720},{"@type":"BreadcrumbList","@id":"https:\/\/noticiasmercedinas.com\/site\/2019\/12\/03\/noche-inolvidable-para-los-egresados\/#breadcrumb","itemListElement":[{"@type":"ListItem","position":1,"name":"Portada","item":"https:\/\/noticiasmercedinas.com\/site\/"},{"@type":"ListItem","position":2,"name":"Noche inolvidable para los egresados"}]},{"@type":"WebSite","@id":"https:\/\/noticiasmercedinas.com\/site\/#website","url":"https:\/\/noticiasmercedinas.com\/site\/","name":"NOTICIASMERCEDINAS.COM","description":"Mercedes, Buenos Aires, Argentina","publisher":{"@id":"https:\/\/noticiasmercedinas.com\/site\/#organization"},"potentialAction":[{"@type":"SearchAction","target":{"@type":"EntryPoint","urlTemplate":"https:\/\/noticiasmercedinas.com\/site\/?s={search_term_string}"},"query-input":{"@type":"PropertyValueSpecification","valueRequired":true,"valueName":"search_term_string"}}],"inLanguage":"es"},{"@type":"Organization","@id":"https:\/\/noticiasmercedinas.com\/site\/#organization","name":"NOTICIASMERCEDINAS.COM","url":"https:\/\/noticiasmercedinas.com\/site\/","logo":{"@type":"ImageObject","inLanguage":"es","@id":"https:\/\/noticiasmercedinas.com\/site\/#\/schema\/logo\/image\/","url":"https:\/\/noticiasmercedinas.com\/site\/wp-content\/uploads\/2020\/06\/LOGO-512.jpg","contentUrl":"https:\/\/noticiasmercedinas.com\/site\/wp-content\/uploads\/2020\/06\/LOGO-512.jpg","width":512,"height":512,"caption":"NOTICIASMERCEDINAS.COM"},"image":{"@id":"https:\/\/noticiasmercedinas.com\/site\/#\/schema\/logo\/image\/"},"sameAs":["https:\/\/www.facebook.com\/noticiasmercedinas\/","https:\/\/x.com\/notmercedinas","https:\/\/www.instagram.com\/noticiasmercedinas\/"]},{"@type":"Person","@id":"https:\/\/noticiasmercedinas.com\/site\/#\/schema\/person\/84b59c099c28ff2e8b77d4ceec5d8063","name":"NOTICIASMERCEDINAS.COM","image":{"@type":"ImageObject","inLanguage":"es","@id":"https:\/\/secure.gravatar.com\/avatar\/4dfbf16b4d17945bfb6341b2d19043457132fcf478a5ee04f42e959fd8f5df0a?s=96&d=mm&r=g","url":"https:\/\/secure.gravatar.com\/avatar\/4dfbf16b4d17945bfb6341b2d19043457132fcf478a5ee04f42e959fd8f5df0a?s=96&d=mm&r=g","contentUrl":"https:\/\/secure.gravatar.com\/avatar\/4dfbf16b4d17945bfb6341b2d19043457132fcf478a5ee04f42e959fd8f5df0a?s=96&d=mm&r=g","caption":"NOTICIASMERCEDINAS.COM"},"url":"https:\/\/noticiasmercedinas.com\/site\/author\/anonimo\/"}]}},"amp_enabled":true,"_links":{"self":[{"href":"https:\/\/noticiasmercedinas.com\/site\/wp-json\/wp\/v2\/posts\/35116","targetHints":{"allow":["GET"]}}],"collection":[{"href":"https:\/\/noticiasmercedinas.com\/site\/wp-json\/wp\/v2\/posts"}],"about":[{"href":"https:\/\/noticiasmercedinas.com\/site\/wp-json\/wp\/v2\/types\/post"}],"author":[{"embeddable":true,"href":"https:\/\/noticiasmercedinas.com\/site\/wp-json\/wp\/v2\/users\/16"}],"replies":[{"embeddable":true,"href":"https:\/\/noticiasmercedinas.com\/site\/wp-json\/wp\/v2\/comments?post=35116"}],"version-history":[{"count":2,"href":"https:\/\/noticiasmercedinas.com\/site\/wp-json\/wp\/v2\/posts\/35116\/revisions"}],"predecessor-version":[{"id":35124,"href":"https:\/\/noticiasmercedinas.com\/site\/wp-json\/wp\/v2\/posts\/35116\/revisions\/35124"}],"wp:featuredmedia":[{"embeddable":true,"href":"https:\/\/noticiasmercedinas.com\/site\/wp-json\/wp\/v2\/media\/35122"}],"wp:attachment":[{"href":"https:\/\/noticiasmercedinas.com\/site\/wp-json\/wp\/v2\/media?parent=35116"}],"wp:term":[{"taxonomy":"category","embeddable":true,"href":"https:\/\/noticiasmercedinas.com\/site\/wp-json\/wp\/v2\/categories?post=35116"},{"taxonomy":"post_tag","embeddable":true,"href":"https:\/\/noticiasmercedinas.com\/site\/wp-json\/wp\/v2\/tags?post=35116"}],"curies":[{"name":"wp","href":"https:\/\/api.w.org\/{rel}","templated":true}]}}