{"id":35205,"date":"2019-12-03T19:23:07","date_gmt":"2019-12-03T22:23:07","guid":{"rendered":"https:\/\/noticiasmercedinas.com\/site\/2019\/12\/03\/programa-radial-llegaron-los-blues-con-victor-hamudis-este-viernes\/"},"modified":"2019-12-03T19:23:07","modified_gmt":"2019-12-03T22:23:07","slug":"programa-radial-llegaron-los-blues-con-victor-hamudis-este-viernes","status":"publish","type":"post","link":"https:\/\/noticiasmercedinas.com\/site\/2019\/12\/03\/programa-radial-llegaron-los-blues-con-victor-hamudis-este-viernes\/","title":{"rendered":"Programa radial \u00abLlegaron los blues\u00bb con V\u00edctor Hamudis, este viernes"},"content":{"rendered":"<p><img loading=\"lazy\" decoding=\"async\" src=\"https:\/\/noticiasmercedinas.com\/site\/wp-content\/uploads\/2019\/12\/img-20191203-wa00826866709686183475108.jpg\" class=\"wp-image-35204 alignnone size-full\" width=\"822\" height=\"1280\" srcset=\"https:\/\/noticiasmercedinas.com\/site\/wp-content\/uploads\/2019\/12\/img-20191203-wa00826866709686183475108.jpg 822w, https:\/\/noticiasmercedinas.com\/site\/wp-content\/uploads\/2019\/12\/img-20191203-wa00826866709686183475108-193x300.jpg 193w, https:\/\/noticiasmercedinas.com\/site\/wp-content\/uploads\/2019\/12\/img-20191203-wa00826866709686183475108-658x1024.jpg 658w, https:\/\/noticiasmercedinas.com\/site\/wp-content\/uploads\/2019\/12\/img-20191203-wa00826866709686183475108-768x1196.jpg 768w, https:\/\/noticiasmercedinas.com\/site\/wp-content\/uploads\/2019\/12\/img-20191203-wa00826866709686183475108-640x997.jpg 640w, https:\/\/noticiasmercedinas.com\/site\/wp-content\/uploads\/2019\/12\/img-20191203-wa00826866709686183475108-681x1060.jpg 681w\" sizes=\"auto, (max-width: 822px) 100vw, 822px\" \/><\/p>\n<p>El programa radial \u00abLlegaron los blues\u00bb que conduce el doctor Hern\u00e1n Rivero por FM Santa Mar\u00eda, presentar\u00e1 este viernes a las 18.30 horas una entrevista exclusiva a Victor Hamudis.<\/p>\n<p>El m\u00fasico naci\u00f3 en Buenos Aires el 8 de noviembre de 1954. Viene tocando desde los tempranos 60s con infinidad de bandas y solistas. Comenzo tocando la bater\u00eda para m\u00fasicos tales como Teddy Vega, cantante de HAIR (obra de teatro), Nacho Smilari de la Barra de Chocolate, VOX DEI, Willy Pedemonte, y la Pesada del Rock &amp; Roll.<\/p>\n<p>M\u00fasico de Claudia Puyo, tambi\u00e9n form\u00f3 parte de los m\u00fasicos en la era de LA FALDA ROCK. En los 70 funda junto a Yalo Lopez &amp; Botafogo STUDEBAKER, recordada banda de blues porte\u00f1o. Siguiendo en los 70s, cambia integrantes en su formaci\u00f3n e incorpora otro baterista en sus filas, siendo la \u00fanica formaci\u00f3n musical en Argentina que tocaba a dos bater\u00edas, por lo que fue la banda mas cool de esa \u00e9poca. Lamentablemente, no pudieron llegar a grabar, pero ten\u00edan mucha influencia del sonido Allman Brothers. Los integrantes de esa nueva formaci\u00f3n eran: Danny Vincent y Pipi SG en guitarras, Yalo Lopez en bajo, Marcos Lamer en hammond b3, Daniel DeMaria y Victor Hamudis en bater\u00edas.<\/p>\n<p>Forma parte de la mitica CAROLINA junto a Botafogo, Suri Frexas &amp; Gruingui Herrera (Capusotto cuenta en sus memorias, que CAROLINA fue la mejor banda que vio).<\/p>\n<p>En 1978 emigra hacia Europa, recalando en Espa\u00f1a. All\u00ed conoci\u00f3 al multifac\u00e9tico y pol\u00e9mico RAMONCIN, cantante de rock espa\u00f1ol, con el que grab\u00f3 una placa discogr\u00e1fica, la cual tuvo tremendo \u00e9xito en el pa\u00eds \u00edbero.<\/p>\n<p>A principios de los 80 vuelve a Buenos Aires y forma junto a Botafogo, nuevamente; y a Yalo Lopez, DURAZNO de GALA, banda de blues porte\u00f1a, \u00fanica en su estilo y recordada hasta estos d\u00edas como la mejor banda de blues argentina de los 80\/90.<\/p>\n<p>Forma parte de Durazno de Gala por 7 a\u00f1os grabando tres placas discogr\u00e1ficas. En los comienzos de Durazno, Victor Hamudis cambia su instrumento principal, la bater\u00eda, por el saxo tenor, ya que todo el mundo lo recuerda como saxofonista de Durazno de Gala.<\/p>\n<p>Luego llega a fines de los 80 hasta mediados de los 90 BLUES EXPRESS junto a Gabriel \u00abConejo\u00bb Jolivet. A fines de los 90 y hasta la actualidad, forma junto con Yalo L\u00f3pez el proyecto \u00abYalo L\u00f3pez &amp; R\u00edo M\u00edstico\u00bb.<\/p>\n<p>Despues de grabar su primera placa con Yalo Lopez &amp; R\u00edo M\u00edstico, de corte southern songs &amp; country, son llamados para tocar junto a Vargas Blues Band en Espa\u00f1a. Edita dos trabajos discogr\u00e1ficos con Yalo Lopez &amp; R\u00edo M\u00edstico.<\/p>\n<p>Actualmente est\u00e1 terminando de grabar su primer disco solista llamado \u00abOne foot in the blues, one foot in the country\u00bb con la base de Patricio \u00abPatito\u00bb Raffo en bater\u00eda y Daniel \u00abPato\u00bb Altieri en bajo y teclados, contando la participaci\u00f3n especial de Pol Castillo como invitado en uno de sus temas.<\/p>\n<p>Regularmente toca en el circuito Cordoba &#8211; Buenos Aires junto a sus m\u00fasicos o los m\u00fasicos de Pol Castillo.<\/p>\n","protected":false},"excerpt":{"rendered":"<p>El programa radial \u00abLlegaron los blues\u00bb que conduce el doctor Hern\u00e1n Rivero por FM Santa Mar\u00eda, presentar\u00e1 este viernes a las 18.30 horas una entrevista exclusiva a Victor Hamudis. El m\u00fasico naci\u00f3 en Buenos Aires el 8 de noviembre de 1954. Viene tocando desde los tempranos 60s con infinidad de bandas y solistas. Comenzo tocando [&hellip;]<\/p>\n","protected":false},"author":2,"featured_media":35204,"comment_status":"open","ping_status":"open","sticky":false,"template":"","format":"standard","meta":{"footnotes":""},"categories":[4210],"tags":[1087,553,2762,554],"class_list":["post-35205","post","type-post","status-publish","format-standard","has-post-thumbnail","hentry","category-medios","tag-blues","tag-fm-santa-maria","tag-llegaron-los-blues","tag-radio"],"yoast_head":"<!-- This site is optimized with the Yoast SEO plugin v27.5 - https:\/\/yoast.com\/product\/yoast-seo-wordpress\/ -->\n<title>Programa radial &quot;Llegaron los blues&quot; con V\u00edctor Hamudis, este viernes<\/title>\n<meta name=\"robots\" content=\"index, follow, max-snippet:-1, max-image-preview:large, max-video-preview:-1\" \/>\n<link rel=\"canonical\" href=\"https:\/\/noticiasmercedinas.com\/site\/2019\/12\/03\/programa-radial-llegaron-los-blues-con-victor-hamudis-este-viernes\/\" \/>\n<meta property=\"og:locale\" content=\"es_ES\" \/>\n<meta property=\"og:type\" content=\"article\" \/>\n<meta property=\"og:title\" content=\"Programa radial &quot;Llegaron los blues&quot; con V\u00edctor Hamudis, este viernes\" \/>\n<meta property=\"og:description\" content=\"El programa radial \u00abLlegaron los blues\u00bb que conduce el doctor Hern\u00e1n Rivero por FM Santa Mar\u00eda, presentar\u00e1 este viernes a las 18.30 horas una entrevista exclusiva a Victor Hamudis. El m\u00fasico naci\u00f3 en Buenos Aires el 8 de noviembre de 1954. Viene tocando desde los tempranos 60s con infinidad de bandas y solistas. Comenzo tocando [&hellip;]\" \/>\n<meta property=\"og:url\" content=\"https:\/\/noticiasmercedinas.com\/site\/2019\/12\/03\/programa-radial-llegaron-los-blues-con-victor-hamudis-este-viernes\/\" \/>\n<meta property=\"og:site_name\" content=\"NOTICIASMERCEDINAS.COM\" \/>\n<meta property=\"article:publisher\" content=\"https:\/\/www.facebook.com\/noticiasmercedinas\/\" \/>\n<meta property=\"article:author\" content=\"https:\/\/www.facebook.com\/cristian.falabella\" \/>\n<meta property=\"article:published_time\" content=\"2019-12-03T22:23:07+00:00\" \/>\n<meta property=\"og:image\" content=\"https:\/\/noticiasmercedinas.com\/site\/wp-content\/uploads\/2019\/12\/img-20191203-wa00826866709686183475108.jpg\" \/>\n\t<meta property=\"og:image:width\" content=\"822\" \/>\n\t<meta property=\"og:image:height\" content=\"1280\" \/>\n\t<meta property=\"og:image:type\" content=\"image\/jpeg\" \/>\n<meta name=\"author\" content=\"Cristian Falabella NOTICIASMERCEDINAS.COM\" \/>\n<meta name=\"twitter:card\" content=\"summary_large_image\" \/>\n<meta name=\"twitter:creator\" content=\"@https:\/\/twitter.com\/NOTMERCEDINAS\" \/>\n<meta name=\"twitter:site\" content=\"@notmercedinas\" \/>\n<meta name=\"twitter:label1\" content=\"Escrito por\" \/>\n\t<meta name=\"twitter:data1\" content=\"Cristian Falabella NOTICIASMERCEDINAS.COM\" \/>\n\t<meta name=\"twitter:label2\" content=\"Tiempo de lectura\" \/>\n\t<meta name=\"twitter:data2\" content=\"3 minutos\" \/>\n<script type=\"application\/ld+json\" class=\"yoast-schema-graph\">{\"@context\":\"https:\\\/\\\/schema.org\",\"@graph\":[{\"@type\":\"Article\",\"@id\":\"https:\\\/\\\/noticiasmercedinas.com\\\/site\\\/2019\\\/12\\\/03\\\/programa-radial-llegaron-los-blues-con-victor-hamudis-este-viernes\\\/#article\",\"isPartOf\":{\"@id\":\"https:\\\/\\\/noticiasmercedinas.com\\\/site\\\/2019\\\/12\\\/03\\\/programa-radial-llegaron-los-blues-con-victor-hamudis-este-viernes\\\/\"},\"author\":{\"name\":\"Cristian Falabella NOTICIASMERCEDINAS.COM\",\"@id\":\"https:\\\/\\\/noticiasmercedinas.com\\\/site\\\/#\\\/schema\\\/person\\\/d481a9696a5feaec13a60e2bbd991a6a\"},\"headline\":\"Programa radial \u00abLlegaron los blues\u00bb con V\u00edctor Hamudis, este viernes\",\"datePublished\":\"2019-12-03T22:23:07+00:00\",\"mainEntityOfPage\":{\"@id\":\"https:\\\/\\\/noticiasmercedinas.com\\\/site\\\/2019\\\/12\\\/03\\\/programa-radial-llegaron-los-blues-con-victor-hamudis-este-viernes\\\/\"},\"wordCount\":542,\"commentCount\":0,\"publisher\":{\"@id\":\"https:\\\/\\\/noticiasmercedinas.com\\\/site\\\/#organization\"},\"image\":{\"@id\":\"https:\\\/\\\/noticiasmercedinas.com\\\/site\\\/2019\\\/12\\\/03\\\/programa-radial-llegaron-los-blues-con-victor-hamudis-este-viernes\\\/#primaryimage\"},\"thumbnailUrl\":\"https:\\\/\\\/noticiasmercedinas.com\\\/site\\\/wp-content\\\/uploads\\\/2019\\\/12\\\/img-20191203-wa00826866709686183475108.jpg\",\"keywords\":[\"blues\",\"fm santa maria\",\"llegaron los blues\",\"radio\"],\"articleSection\":[\"Medios\"],\"inLanguage\":\"es\",\"potentialAction\":[{\"@type\":\"CommentAction\",\"name\":\"Comment\",\"target\":[\"https:\\\/\\\/noticiasmercedinas.com\\\/site\\\/2019\\\/12\\\/03\\\/programa-radial-llegaron-los-blues-con-victor-hamudis-este-viernes\\\/#respond\"]}]},{\"@type\":\"WebPage\",\"@id\":\"https:\\\/\\\/noticiasmercedinas.com\\\/site\\\/2019\\\/12\\\/03\\\/programa-radial-llegaron-los-blues-con-victor-hamudis-este-viernes\\\/\",\"url\":\"https:\\\/\\\/noticiasmercedinas.com\\\/site\\\/2019\\\/12\\\/03\\\/programa-radial-llegaron-los-blues-con-victor-hamudis-este-viernes\\\/\",\"name\":\"Programa radial \\\"Llegaron los blues\\\" con V\u00edctor Hamudis, este viernes\",\"isPartOf\":{\"@id\":\"https:\\\/\\\/noticiasmercedinas.com\\\/site\\\/#website\"},\"primaryImageOfPage\":{\"@id\":\"https:\\\/\\\/noticiasmercedinas.com\\\/site\\\/2019\\\/12\\\/03\\\/programa-radial-llegaron-los-blues-con-victor-hamudis-este-viernes\\\/#primaryimage\"},\"image\":{\"@id\":\"https:\\\/\\\/noticiasmercedinas.com\\\/site\\\/2019\\\/12\\\/03\\\/programa-radial-llegaron-los-blues-con-victor-hamudis-este-viernes\\\/#primaryimage\"},\"thumbnailUrl\":\"https:\\\/\\\/noticiasmercedinas.com\\\/site\\\/wp-content\\\/uploads\\\/2019\\\/12\\\/img-20191203-wa00826866709686183475108.jpg\",\"datePublished\":\"2019-12-03T22:23:07+00:00\",\"breadcrumb\":{\"@id\":\"https:\\\/\\\/noticiasmercedinas.com\\\/site\\\/2019\\\/12\\\/03\\\/programa-radial-llegaron-los-blues-con-victor-hamudis-este-viernes\\\/#breadcrumb\"},\"inLanguage\":\"es\",\"potentialAction\":[{\"@type\":\"ReadAction\",\"target\":[\"https:\\\/\\\/noticiasmercedinas.com\\\/site\\\/2019\\\/12\\\/03\\\/programa-radial-llegaron-los-blues-con-victor-hamudis-este-viernes\\\/\"]}]},{\"@type\":\"ImageObject\",\"inLanguage\":\"es\",\"@id\":\"https:\\\/\\\/noticiasmercedinas.com\\\/site\\\/2019\\\/12\\\/03\\\/programa-radial-llegaron-los-blues-con-victor-hamudis-este-viernes\\\/#primaryimage\",\"url\":\"https:\\\/\\\/noticiasmercedinas.com\\\/site\\\/wp-content\\\/uploads\\\/2019\\\/12\\\/img-20191203-wa00826866709686183475108.jpg\",\"contentUrl\":\"https:\\\/\\\/noticiasmercedinas.com\\\/site\\\/wp-content\\\/uploads\\\/2019\\\/12\\\/img-20191203-wa00826866709686183475108.jpg\",\"width\":822,\"height\":1280},{\"@type\":\"BreadcrumbList\",\"@id\":\"https:\\\/\\\/noticiasmercedinas.com\\\/site\\\/2019\\\/12\\\/03\\\/programa-radial-llegaron-los-blues-con-victor-hamudis-este-viernes\\\/#breadcrumb\",\"itemListElement\":[{\"@type\":\"ListItem\",\"position\":1,\"name\":\"Portada\",\"item\":\"https:\\\/\\\/noticiasmercedinas.com\\\/site\\\/\"},{\"@type\":\"ListItem\",\"position\":2,\"name\":\"Programa radial \u00abLlegaron los blues\u00bb con V\u00edctor Hamudis, este viernes\"}]},{\"@type\":\"WebSite\",\"@id\":\"https:\\\/\\\/noticiasmercedinas.com\\\/site\\\/#website\",\"url\":\"https:\\\/\\\/noticiasmercedinas.com\\\/site\\\/\",\"name\":\"NOTICIASMERCEDINAS.COM\",\"description\":\"Mercedes, Buenos Aires, Argentina\",\"publisher\":{\"@id\":\"https:\\\/\\\/noticiasmercedinas.com\\\/site\\\/#organization\"},\"potentialAction\":[{\"@type\":\"SearchAction\",\"target\":{\"@type\":\"EntryPoint\",\"urlTemplate\":\"https:\\\/\\\/noticiasmercedinas.com\\\/site\\\/?s={search_term_string}\"},\"query-input\":{\"@type\":\"PropertyValueSpecification\",\"valueRequired\":true,\"valueName\":\"search_term_string\"}}],\"inLanguage\":\"es\"},{\"@type\":\"Organization\",\"@id\":\"https:\\\/\\\/noticiasmercedinas.com\\\/site\\\/#organization\",\"name\":\"NOTICIASMERCEDINAS.COM\",\"url\":\"https:\\\/\\\/noticiasmercedinas.com\\\/site\\\/\",\"logo\":{\"@type\":\"ImageObject\",\"inLanguage\":\"es\",\"@id\":\"https:\\\/\\\/noticiasmercedinas.com\\\/site\\\/#\\\/schema\\\/logo\\\/image\\\/\",\"url\":\"https:\\\/\\\/noticiasmercedinas.com\\\/site\\\/wp-content\\\/uploads\\\/2020\\\/06\\\/LOGO-512.jpg\",\"contentUrl\":\"https:\\\/\\\/noticiasmercedinas.com\\\/site\\\/wp-content\\\/uploads\\\/2020\\\/06\\\/LOGO-512.jpg\",\"width\":512,\"height\":512,\"caption\":\"NOTICIASMERCEDINAS.COM\"},\"image\":{\"@id\":\"https:\\\/\\\/noticiasmercedinas.com\\\/site\\\/#\\\/schema\\\/logo\\\/image\\\/\"},\"sameAs\":[\"https:\\\/\\\/www.facebook.com\\\/noticiasmercedinas\\\/\",\"https:\\\/\\\/x.com\\\/notmercedinas\",\"https:\\\/\\\/www.instagram.com\\\/noticiasmercedinas\\\/\"]},{\"@type\":\"Person\",\"@id\":\"https:\\\/\\\/noticiasmercedinas.com\\\/site\\\/#\\\/schema\\\/person\\\/d481a9696a5feaec13a60e2bbd991a6a\",\"name\":\"Cristian Falabella NOTICIASMERCEDINAS.COM\",\"image\":{\"@type\":\"ImageObject\",\"inLanguage\":\"es\",\"@id\":\"https:\\\/\\\/secure.gravatar.com\\\/avatar\\\/0dbbfc45970cc46bcd0e57766228574ff3511d6eed045b182f536f0f478c1f06?s=96&d=mm&r=g\",\"url\":\"https:\\\/\\\/secure.gravatar.com\\\/avatar\\\/0dbbfc45970cc46bcd0e57766228574ff3511d6eed045b182f536f0f478c1f06?s=96&d=mm&r=g\",\"contentUrl\":\"https:\\\/\\\/secure.gravatar.com\\\/avatar\\\/0dbbfc45970cc46bcd0e57766228574ff3511d6eed045b182f536f0f478c1f06?s=96&d=mm&r=g\",\"caption\":\"Cristian Falabella NOTICIASMERCEDINAS.COM\"},\"description\":\"Periodista, editor de Noticias Mercedinas. Pas\u00f3 por varias redacciones y emprendimientos de prensa, en distintos formatos y \u00e9pocas. Se especializ\u00f3 --y sigue haci\u00e9ndolo-- en comunicaci\u00f3n en la web y en junio de 2006 fund\u00f3 este diario digital.\",\"sameAs\":[\"https:\\\/\\\/noticiasmercedinas.com\",\"https:\\\/\\\/www.facebook.com\\\/cristian.falabella\",\"https:\\\/\\\/www.instagram.com\\\/noticiasmercedinas\\\/\",\"https:\\\/\\\/x.com\\\/https:\\\/\\\/twitter.com\\\/NOTMERCEDINAS\"],\"url\":\"https:\\\/\\\/noticiasmercedinas.com\\\/site\\\/author\\\/as000384\\\/\"}]}<\/script>\n<!-- \/ Yoast SEO plugin. -->","yoast_head_json":{"title":"Programa radial \"Llegaron los blues\" con V\u00edctor Hamudis, este viernes","robots":{"index":"index","follow":"follow","max-snippet":"max-snippet:-1","max-image-preview":"max-image-preview:large","max-video-preview":"max-video-preview:-1"},"canonical":"https:\/\/noticiasmercedinas.com\/site\/2019\/12\/03\/programa-radial-llegaron-los-blues-con-victor-hamudis-este-viernes\/","og_locale":"es_ES","og_type":"article","og_title":"Programa radial \"Llegaron los blues\" con V\u00edctor Hamudis, este viernes","og_description":"El programa radial \u00abLlegaron los blues\u00bb que conduce el doctor Hern\u00e1n Rivero por FM Santa Mar\u00eda, presentar\u00e1 este viernes a las 18.30 horas una entrevista exclusiva a Victor Hamudis. El m\u00fasico naci\u00f3 en Buenos Aires el 8 de noviembre de 1954. Viene tocando desde los tempranos 60s con infinidad de bandas y solistas. Comenzo tocando [&hellip;]","og_url":"https:\/\/noticiasmercedinas.com\/site\/2019\/12\/03\/programa-radial-llegaron-los-blues-con-victor-hamudis-este-viernes\/","og_site_name":"NOTICIASMERCEDINAS.COM","article_publisher":"https:\/\/www.facebook.com\/noticiasmercedinas\/","article_author":"https:\/\/www.facebook.com\/cristian.falabella","article_published_time":"2019-12-03T22:23:07+00:00","og_image":[{"width":822,"height":1280,"url":"https:\/\/noticiasmercedinas.com\/site\/wp-content\/uploads\/2019\/12\/img-20191203-wa00826866709686183475108.jpg","type":"image\/jpeg"}],"author":"Cristian Falabella NOTICIASMERCEDINAS.COM","twitter_card":"summary_large_image","twitter_creator":"@https:\/\/twitter.com\/NOTMERCEDINAS","twitter_site":"@notmercedinas","twitter_misc":{"Escrito por":"Cristian Falabella NOTICIASMERCEDINAS.COM","Tiempo de lectura":"3 minutos"},"schema":{"@context":"https:\/\/schema.org","@graph":[{"@type":"Article","@id":"https:\/\/noticiasmercedinas.com\/site\/2019\/12\/03\/programa-radial-llegaron-los-blues-con-victor-hamudis-este-viernes\/#article","isPartOf":{"@id":"https:\/\/noticiasmercedinas.com\/site\/2019\/12\/03\/programa-radial-llegaron-los-blues-con-victor-hamudis-este-viernes\/"},"author":{"name":"Cristian Falabella NOTICIASMERCEDINAS.COM","@id":"https:\/\/noticiasmercedinas.com\/site\/#\/schema\/person\/d481a9696a5feaec13a60e2bbd991a6a"},"headline":"Programa radial \u00abLlegaron los blues\u00bb con V\u00edctor Hamudis, este viernes","datePublished":"2019-12-03T22:23:07+00:00","mainEntityOfPage":{"@id":"https:\/\/noticiasmercedinas.com\/site\/2019\/12\/03\/programa-radial-llegaron-los-blues-con-victor-hamudis-este-viernes\/"},"wordCount":542,"commentCount":0,"publisher":{"@id":"https:\/\/noticiasmercedinas.com\/site\/#organization"},"image":{"@id":"https:\/\/noticiasmercedinas.com\/site\/2019\/12\/03\/programa-radial-llegaron-los-blues-con-victor-hamudis-este-viernes\/#primaryimage"},"thumbnailUrl":"https:\/\/noticiasmercedinas.com\/site\/wp-content\/uploads\/2019\/12\/img-20191203-wa00826866709686183475108.jpg","keywords":["blues","fm santa maria","llegaron los blues","radio"],"articleSection":["Medios"],"inLanguage":"es","potentialAction":[{"@type":"CommentAction","name":"Comment","target":["https:\/\/noticiasmercedinas.com\/site\/2019\/12\/03\/programa-radial-llegaron-los-blues-con-victor-hamudis-este-viernes\/#respond"]}]},{"@type":"WebPage","@id":"https:\/\/noticiasmercedinas.com\/site\/2019\/12\/03\/programa-radial-llegaron-los-blues-con-victor-hamudis-este-viernes\/","url":"https:\/\/noticiasmercedinas.com\/site\/2019\/12\/03\/programa-radial-llegaron-los-blues-con-victor-hamudis-este-viernes\/","name":"Programa radial \"Llegaron los blues\" con V\u00edctor Hamudis, este viernes","isPartOf":{"@id":"https:\/\/noticiasmercedinas.com\/site\/#website"},"primaryImageOfPage":{"@id":"https:\/\/noticiasmercedinas.com\/site\/2019\/12\/03\/programa-radial-llegaron-los-blues-con-victor-hamudis-este-viernes\/#primaryimage"},"image":{"@id":"https:\/\/noticiasmercedinas.com\/site\/2019\/12\/03\/programa-radial-llegaron-los-blues-con-victor-hamudis-este-viernes\/#primaryimage"},"thumbnailUrl":"https:\/\/noticiasmercedinas.com\/site\/wp-content\/uploads\/2019\/12\/img-20191203-wa00826866709686183475108.jpg","datePublished":"2019-12-03T22:23:07+00:00","breadcrumb":{"@id":"https:\/\/noticiasmercedinas.com\/site\/2019\/12\/03\/programa-radial-llegaron-los-blues-con-victor-hamudis-este-viernes\/#breadcrumb"},"inLanguage":"es","potentialAction":[{"@type":"ReadAction","target":["https:\/\/noticiasmercedinas.com\/site\/2019\/12\/03\/programa-radial-llegaron-los-blues-con-victor-hamudis-este-viernes\/"]}]},{"@type":"ImageObject","inLanguage":"es","@id":"https:\/\/noticiasmercedinas.com\/site\/2019\/12\/03\/programa-radial-llegaron-los-blues-con-victor-hamudis-este-viernes\/#primaryimage","url":"https:\/\/noticiasmercedinas.com\/site\/wp-content\/uploads\/2019\/12\/img-20191203-wa00826866709686183475108.jpg","contentUrl":"https:\/\/noticiasmercedinas.com\/site\/wp-content\/uploads\/2019\/12\/img-20191203-wa00826866709686183475108.jpg","width":822,"height":1280},{"@type":"BreadcrumbList","@id":"https:\/\/noticiasmercedinas.com\/site\/2019\/12\/03\/programa-radial-llegaron-los-blues-con-victor-hamudis-este-viernes\/#breadcrumb","itemListElement":[{"@type":"ListItem","position":1,"name":"Portada","item":"https:\/\/noticiasmercedinas.com\/site\/"},{"@type":"ListItem","position":2,"name":"Programa radial \u00abLlegaron los blues\u00bb con V\u00edctor Hamudis, este viernes"}]},{"@type":"WebSite","@id":"https:\/\/noticiasmercedinas.com\/site\/#website","url":"https:\/\/noticiasmercedinas.com\/site\/","name":"NOTICIASMERCEDINAS.COM","description":"Mercedes, Buenos Aires, Argentina","publisher":{"@id":"https:\/\/noticiasmercedinas.com\/site\/#organization"},"potentialAction":[{"@type":"SearchAction","target":{"@type":"EntryPoint","urlTemplate":"https:\/\/noticiasmercedinas.com\/site\/?s={search_term_string}"},"query-input":{"@type":"PropertyValueSpecification","valueRequired":true,"valueName":"search_term_string"}}],"inLanguage":"es"},{"@type":"Organization","@id":"https:\/\/noticiasmercedinas.com\/site\/#organization","name":"NOTICIASMERCEDINAS.COM","url":"https:\/\/noticiasmercedinas.com\/site\/","logo":{"@type":"ImageObject","inLanguage":"es","@id":"https:\/\/noticiasmercedinas.com\/site\/#\/schema\/logo\/image\/","url":"https:\/\/noticiasmercedinas.com\/site\/wp-content\/uploads\/2020\/06\/LOGO-512.jpg","contentUrl":"https:\/\/noticiasmercedinas.com\/site\/wp-content\/uploads\/2020\/06\/LOGO-512.jpg","width":512,"height":512,"caption":"NOTICIASMERCEDINAS.COM"},"image":{"@id":"https:\/\/noticiasmercedinas.com\/site\/#\/schema\/logo\/image\/"},"sameAs":["https:\/\/www.facebook.com\/noticiasmercedinas\/","https:\/\/x.com\/notmercedinas","https:\/\/www.instagram.com\/noticiasmercedinas\/"]},{"@type":"Person","@id":"https:\/\/noticiasmercedinas.com\/site\/#\/schema\/person\/d481a9696a5feaec13a60e2bbd991a6a","name":"Cristian Falabella NOTICIASMERCEDINAS.COM","image":{"@type":"ImageObject","inLanguage":"es","@id":"https:\/\/secure.gravatar.com\/avatar\/0dbbfc45970cc46bcd0e57766228574ff3511d6eed045b182f536f0f478c1f06?s=96&d=mm&r=g","url":"https:\/\/secure.gravatar.com\/avatar\/0dbbfc45970cc46bcd0e57766228574ff3511d6eed045b182f536f0f478c1f06?s=96&d=mm&r=g","contentUrl":"https:\/\/secure.gravatar.com\/avatar\/0dbbfc45970cc46bcd0e57766228574ff3511d6eed045b182f536f0f478c1f06?s=96&d=mm&r=g","caption":"Cristian Falabella NOTICIASMERCEDINAS.COM"},"description":"Periodista, editor de Noticias Mercedinas. Pas\u00f3 por varias redacciones y emprendimientos de prensa, en distintos formatos y \u00e9pocas. Se especializ\u00f3 --y sigue haci\u00e9ndolo-- en comunicaci\u00f3n en la web y en junio de 2006 fund\u00f3 este diario digital.","sameAs":["https:\/\/noticiasmercedinas.com","https:\/\/www.facebook.com\/cristian.falabella","https:\/\/www.instagram.com\/noticiasmercedinas\/","https:\/\/x.com\/https:\/\/twitter.com\/NOTMERCEDINAS"],"url":"https:\/\/noticiasmercedinas.com\/site\/author\/as000384\/"}]}},"amp_enabled":true,"_links":{"self":[{"href":"https:\/\/noticiasmercedinas.com\/site\/wp-json\/wp\/v2\/posts\/35205","targetHints":{"allow":["GET"]}}],"collection":[{"href":"https:\/\/noticiasmercedinas.com\/site\/wp-json\/wp\/v2\/posts"}],"about":[{"href":"https:\/\/noticiasmercedinas.com\/site\/wp-json\/wp\/v2\/types\/post"}],"author":[{"embeddable":true,"href":"https:\/\/noticiasmercedinas.com\/site\/wp-json\/wp\/v2\/users\/2"}],"replies":[{"embeddable":true,"href":"https:\/\/noticiasmercedinas.com\/site\/wp-json\/wp\/v2\/comments?post=35205"}],"version-history":[{"count":0,"href":"https:\/\/noticiasmercedinas.com\/site\/wp-json\/wp\/v2\/posts\/35205\/revisions"}],"wp:featuredmedia":[{"embeddable":true,"href":"https:\/\/noticiasmercedinas.com\/site\/wp-json\/wp\/v2\/media\/35204"}],"wp:attachment":[{"href":"https:\/\/noticiasmercedinas.com\/site\/wp-json\/wp\/v2\/media?parent=35205"}],"wp:term":[{"taxonomy":"category","embeddable":true,"href":"https:\/\/noticiasmercedinas.com\/site\/wp-json\/wp\/v2\/categories?post=35205"},{"taxonomy":"post_tag","embeddable":true,"href":"https:\/\/noticiasmercedinas.com\/site\/wp-json\/wp\/v2\/tags?post=35205"}],"curies":[{"name":"wp","href":"https:\/\/api.w.org\/{rel}","templated":true}]}}