{"id":35206,"date":"2019-12-04T07:59:08","date_gmt":"2019-12-04T10:59:08","guid":{"rendered":"https:\/\/noticiasmercedinas.com\/site\/?p=35206"},"modified":"2019-12-04T08:14:58","modified_gmt":"2019-12-04T11:14:58","slug":"segun-la-defensoria-la-canasta-navidena-subio-casi-65-en-un-ano","status":"publish","type":"post","link":"https:\/\/noticiasmercedinas.com\/site\/2019\/12\/04\/segun-la-defensoria-la-canasta-navidena-subio-casi-65-en-un-ano\/","title":{"rendered":"Seg\u00fan la Defensor\u00eda, la canasta navide\u00f1a subi\u00f3 casi 65% en un a\u00f1o"},"content":{"rendered":"<p><img loading=\"lazy\" decoding=\"async\" class=\"alignnone size-large wp-image-35207\" src=\"https:\/\/noticiasmercedinas.com\/site\/wp-content\/uploads\/2019\/12\/1542676928165-1024x585.png\" alt=\"\" width=\"640\" height=\"366\" srcset=\"https:\/\/noticiasmercedinas.com\/site\/wp-content\/uploads\/2019\/12\/1542676928165-1024x585.png 1024w, https:\/\/noticiasmercedinas.com\/site\/wp-content\/uploads\/2019\/12\/1542676928165-300x171.png 300w, https:\/\/noticiasmercedinas.com\/site\/wp-content\/uploads\/2019\/12\/1542676928165-768x439.png 768w, https:\/\/noticiasmercedinas.com\/site\/wp-content\/uploads\/2019\/12\/1542676928165-640x366.png 640w, https:\/\/noticiasmercedinas.com\/site\/wp-content\/uploads\/2019\/12\/1542676928165-1280x731.png 1280w, https:\/\/noticiasmercedinas.com\/site\/wp-content\/uploads\/2019\/12\/1542676928165-681x389.png 681w, https:\/\/noticiasmercedinas.com\/site\/wp-content\/uploads\/2019\/12\/1542676928165-1362x778.png 1362w, https:\/\/noticiasmercedinas.com\/site\/wp-content\/uploads\/2019\/12\/1542676928165.png 1500w\" sizes=\"auto, (max-width: 640px) 100vw, 640px\" \/><\/p>\n<p>Con las confituras, los frutos secos y los productos de almac\u00e9n como los que m\u00e1s aumentaron, la canasta navide\u00f1a registr\u00f3 una suba de precios interanual del 64,63%, tal como lo registr\u00f3 la Defensor\u00eda del Pueblo bonaerense mediante un relevamiento en distintos puntos de la Provincia.<\/p>\n<p>El estudio tom\u00f3 en cuenta 24 productos de consumo de primeras y segundas marcas en un centenar de comercios -tanto grandes cadenas como almacenes- de 31 municipios bonaerenses, y arroj\u00f3 que esta canasta pas\u00f3 de costar $4.483,02 en 2018 a $ 7.380,32 en 2019.<\/p>\n<p>Adem\u00e1s, el incremento acumulado en los \u00faltimos dos a\u00f1os fue un 148,87%.<\/p>\n<p>Al analizar las subas en detalle, el informe elaborado por el organismo que conduce Guido Lorenzino mostr\u00f3 que el mayor aumento se observ\u00f3 en el grupo \u201cConfituras\u201d, con un alza interanual del 91,10%, seguido por \u201cFrutos secos\u201d, con un 70%, y \u201cAlmac\u00e9n\u201d con un 67,41%. M\u00e1s atr\u00e1s aparecen los \u201cPanificados dulces\u201d, \u201cAsado y pollo\u201d y \u201cBebidas alcoh\u00f3licas\u201d.<\/p>\n<p>Si el an\u00e1lisis se hace comparando 2017 con 2019, los rubros que sufrieron un mayor incremento fueron los productos de \u201cAlmac\u00e9n\u201d, con un aumento acumulado del 206,31%, \u201cFrutos secos\u201d, con un 170,63%, las \u201cConfituras\u201d, con un 140%, y las \u201cFrutas frescas\u201d, con un 138,21%.<\/p>\n<p>El relevamiento tambi\u00e9n puso el foco en los productos que m\u00e1s subieron su precio, y arroj\u00f3 que las mayores alzas se registraron en las almendras peladas, con un 118,50%; seguido por el turr\u00f3n de man\u00ed de 120 grs. de una primera marca, con un 111,62%; y un sidra de 720 cm3 tambi\u00e9n de una primera marca, con un 85,43%.<\/p>\n<p>\u201cEl deterioro de la econom\u00eda real se evidencia significativamente en este relevamiento que muestro lo caro que se volvi\u00f3 para las familias pasar las fiestas. La inflaci\u00f3n sin freno es el peor escenario para los bonaerenses, sobre todos los m\u00e1s pobres, quienes finalizar\u00e1n el a\u00f1o golpeados por la crisis\u201d, sostuvo Lorenzino.<\/p>\n<p>El relevamiento fue realizado en Azul, Bah\u00eda Blanca, Balcarce, Berazategui, Bol\u00edvar, Chacabuco, Chivilcoy, Coronel Suarez, Dolores, Ituzaing\u00f3, Jun\u00edn, La Plata, Lincoln, Lomas de Zamora, Mar Chiquita, General Pueyrred\u00f3n, Mercedes, Miramar, Navarro, Necochea, Olavarr\u00eda, Pergamino, Pig\u00fc\u00e9, Rojas, Roque P\u00e9rez, Saladillo, San Nicol\u00e1s, San Pedro, Tandil, Tigre y Z\u00e1rate.<\/p>\n","protected":false},"excerpt":{"rendered":"<p>Con las confituras, los frutos secos y los productos de almac\u00e9n como los que m\u00e1s aumentaron, la canasta navide\u00f1a registr\u00f3 una suba de precios interanual del 64,63%, tal como lo registr\u00f3 la Defensor\u00eda del Pueblo bonaerense mediante un relevamiento en distintos puntos de la Provincia. El estudio tom\u00f3 en cuenta 24 productos de consumo de [&hellip;]<\/p>\n","protected":false},"author":16,"featured_media":35207,"comment_status":"open","ping_status":"open","sticky":false,"template":"","format":"standard","meta":{"footnotes":""},"categories":[139],"tags":[2963,2975,3711,2979,3705,7484,3708,203,2973,995,3719,7485,286,4696,1744,155,2974,2271,5633,23,2700,253,2649,2966,2548,4126,3723,492,2303,4697,2734,1786,1070,4698,802],"class_list":["post-35206","post","type-post","status-publish","format-standard","has-post-thumbnail","hentry","category-regionales","tag-azul","tag-bahia-blanca","tag-balcarce","tag-berazategui","tag-bolivar","tag-canasta-navidena","tag-chacabuco","tag-chivilcoy","tag-coronel-suarez","tag-defensoria-del-pueblo","tag-dolores","tag-general-pueyrredon","tag-guido-lorenzino","tag-ituzaingo","tag-junin","tag-la-plata","tag-lincoln","tag-lomas-de-zamora","tag-mar-chiquita","tag-mercedes","tag-miramar","tag-navarro","tag-navidad","tag-necochea","tag-olavarria","tag-pergamino","tag-pigue","tag-rojas","tag-roque-perez","tag-saladillo","tag-san-nicolas","tag-san-pedro","tag-tandil","tag-tigre","tag-zarate"],"yoast_head":"<!-- This site is optimized with the Yoast SEO plugin v28.3 - https:\/\/yoast.com\/product\/yoast-seo-wordpress\/ -->\n<title>Seg\u00fan la Defensor\u00eda, la canasta navide\u00f1a subi\u00f3 casi 65% en un a\u00f1o<\/title>\n<meta name=\"robots\" content=\"index, follow, max-snippet:-1, max-image-preview:large, max-video-preview:-1\" \/>\n<link rel=\"canonical\" href=\"https:\/\/noticiasmercedinas.com\/site\/2019\/12\/04\/segun-la-defensoria-la-canasta-navidena-subio-casi-65-en-un-ano\/\" \/>\n<meta property=\"og:locale\" content=\"es_ES\" \/>\n<meta property=\"og:type\" content=\"article\" \/>\n<meta property=\"og:title\" content=\"Seg\u00fan la Defensor\u00eda, la canasta navide\u00f1a subi\u00f3 casi 65% en un a\u00f1o\" \/>\n<meta property=\"og:description\" content=\"Con las confituras, los frutos secos y los productos de almac\u00e9n como los que m\u00e1s aumentaron, la canasta navide\u00f1a registr\u00f3 una suba de precios interanual del 64,63%, tal como lo registr\u00f3 la Defensor\u00eda del Pueblo bonaerense mediante un relevamiento en distintos puntos de la Provincia. El estudio tom\u00f3 en cuenta 24 productos de consumo de [&hellip;]\" \/>\n<meta property=\"og:url\" content=\"https:\/\/noticiasmercedinas.com\/site\/2019\/12\/04\/segun-la-defensoria-la-canasta-navidena-subio-casi-65-en-un-ano\/\" \/>\n<meta property=\"og:site_name\" content=\"NOTICIASMERCEDINAS.COM\" \/>\n<meta property=\"article:publisher\" content=\"https:\/\/www.facebook.com\/noticiasmercedinas\/\" \/>\n<meta property=\"article:published_time\" content=\"2019-12-04T10:59:08+00:00\" \/>\n<meta property=\"article:modified_time\" content=\"2019-12-04T11:14:58+00:00\" \/>\n<meta property=\"og:image\" content=\"https:\/\/noticiasmercedinas.com\/site\/wp-content\/uploads\/2019\/12\/1542676928165.png\" \/>\n\t<meta property=\"og:image:width\" content=\"1500\" \/>\n\t<meta property=\"og:image:height\" content=\"857\" \/>\n\t<meta property=\"og:image:type\" content=\"image\/png\" \/>\n<meta name=\"author\" content=\"NOTICIASMERCEDINAS.COM\" \/>\n<meta name=\"twitter:card\" content=\"summary_large_image\" \/>\n<meta name=\"twitter:creator\" content=\"@notmercedinas\" \/>\n<meta name=\"twitter:site\" content=\"@notmercedinas\" \/>\n<meta name=\"twitter:label1\" content=\"Escrito por\" \/>\n\t<meta name=\"twitter:data1\" content=\"NOTICIASMERCEDINAS.COM\" \/>\n\t<meta name=\"twitter:label2\" content=\"Tiempo de lectura\" \/>\n\t<meta name=\"twitter:data2\" content=\"2 minutos\" \/>\n<script type=\"application\/ld+json\" class=\"yoast-schema-graph\">{\"@context\":\"https:\\\/\\\/schema.org\",\"@graph\":[{\"@type\":\"Article\",\"@id\":\"https:\\\/\\\/noticiasmercedinas.com\\\/site\\\/2019\\\/12\\\/04\\\/segun-la-defensoria-la-canasta-navidena-subio-casi-65-en-un-ano\\\/#article\",\"isPartOf\":{\"@id\":\"https:\\\/\\\/noticiasmercedinas.com\\\/site\\\/2019\\\/12\\\/04\\\/segun-la-defensoria-la-canasta-navidena-subio-casi-65-en-un-ano\\\/\"},\"author\":{\"name\":\"NOTICIASMERCEDINAS.COM\",\"@id\":\"https:\\\/\\\/noticiasmercedinas.com\\\/site\\\/#\\\/schema\\\/person\\\/84b59c099c28ff2e8b77d4ceec5d8063\"},\"headline\":\"Seg\u00fan la Defensor\u00eda, la canasta navide\u00f1a subi\u00f3 casi 65% en un a\u00f1o\",\"datePublished\":\"2019-12-04T10:59:08+00:00\",\"dateModified\":\"2019-12-04T11:14:58+00:00\",\"mainEntityOfPage\":{\"@id\":\"https:\\\/\\\/noticiasmercedinas.com\\\/site\\\/2019\\\/12\\\/04\\\/segun-la-defensoria-la-canasta-navidena-subio-casi-65-en-un-ano\\\/\"},\"wordCount\":380,\"commentCount\":0,\"publisher\":{\"@id\":\"https:\\\/\\\/noticiasmercedinas.com\\\/site\\\/#organization\"},\"image\":{\"@id\":\"https:\\\/\\\/noticiasmercedinas.com\\\/site\\\/2019\\\/12\\\/04\\\/segun-la-defensoria-la-canasta-navidena-subio-casi-65-en-un-ano\\\/#primaryimage\"},\"thumbnailUrl\":\"https:\\\/\\\/noticiasmercedinas.com\\\/site\\\/wp-content\\\/uploads\\\/2019\\\/12\\\/1542676928165.png\",\"keywords\":[\"Azul\",\"Bah\u00eda Blanca\",\"Balcarce\",\"Berazategui\",\"Bol\u00edvar\",\"canasta navide\u00f1a\",\"Chacabuco\",\"chivilcoy\",\"Coronel Su\u00e1rez\",\"Defensor\u00eda del Pueblo\",\"Dolores\",\"General Pueyrred\u00f3n\",\"guido lorenzino\",\"Ituzaing\u00f3\",\"Junin\",\"la plata\",\"Lincoln\",\"Lomas de Zamora\",\"Mar Chiquita\",\"mercedes\",\"miramar\",\"navarro\",\"navidad\",\"Necochea\",\"olavarria\",\"pergamino\",\"Pig\u00fc\u00e9\",\"rojas\",\"Roque P\u00e9rez\",\"Saladillo\",\"San Nicol\u00e1s\",\"san pedro\",\"tandil\",\"Tigre\",\"zarate\"],\"articleSection\":[\"Regionales\"],\"inLanguage\":\"es\",\"potentialAction\":[{\"@type\":\"CommentAction\",\"name\":\"Comment\",\"target\":[\"https:\\\/\\\/noticiasmercedinas.com\\\/site\\\/2019\\\/12\\\/04\\\/segun-la-defensoria-la-canasta-navidena-subio-casi-65-en-un-ano\\\/#respond\"]}]},{\"@type\":\"WebPage\",\"@id\":\"https:\\\/\\\/noticiasmercedinas.com\\\/site\\\/2019\\\/12\\\/04\\\/segun-la-defensoria-la-canasta-navidena-subio-casi-65-en-un-ano\\\/\",\"url\":\"https:\\\/\\\/noticiasmercedinas.com\\\/site\\\/2019\\\/12\\\/04\\\/segun-la-defensoria-la-canasta-navidena-subio-casi-65-en-un-ano\\\/\",\"name\":\"Seg\u00fan la Defensor\u00eda, la canasta navide\u00f1a subi\u00f3 casi 65% en un a\u00f1o\",\"isPartOf\":{\"@id\":\"https:\\\/\\\/noticiasmercedinas.com\\\/site\\\/#website\"},\"primaryImageOfPage\":{\"@id\":\"https:\\\/\\\/noticiasmercedinas.com\\\/site\\\/2019\\\/12\\\/04\\\/segun-la-defensoria-la-canasta-navidena-subio-casi-65-en-un-ano\\\/#primaryimage\"},\"image\":{\"@id\":\"https:\\\/\\\/noticiasmercedinas.com\\\/site\\\/2019\\\/12\\\/04\\\/segun-la-defensoria-la-canasta-navidena-subio-casi-65-en-un-ano\\\/#primaryimage\"},\"thumbnailUrl\":\"https:\\\/\\\/noticiasmercedinas.com\\\/site\\\/wp-content\\\/uploads\\\/2019\\\/12\\\/1542676928165.png\",\"datePublished\":\"2019-12-04T10:59:08+00:00\",\"dateModified\":\"2019-12-04T11:14:58+00:00\",\"breadcrumb\":{\"@id\":\"https:\\\/\\\/noticiasmercedinas.com\\\/site\\\/2019\\\/12\\\/04\\\/segun-la-defensoria-la-canasta-navidena-subio-casi-65-en-un-ano\\\/#breadcrumb\"},\"inLanguage\":\"es\",\"potentialAction\":[{\"@type\":\"ReadAction\",\"target\":[\"https:\\\/\\\/noticiasmercedinas.com\\\/site\\\/2019\\\/12\\\/04\\\/segun-la-defensoria-la-canasta-navidena-subio-casi-65-en-un-ano\\\/\"]}]},{\"@type\":\"ImageObject\",\"inLanguage\":\"es\",\"@id\":\"https:\\\/\\\/noticiasmercedinas.com\\\/site\\\/2019\\\/12\\\/04\\\/segun-la-defensoria-la-canasta-navidena-subio-casi-65-en-un-ano\\\/#primaryimage\",\"url\":\"https:\\\/\\\/noticiasmercedinas.com\\\/site\\\/wp-content\\\/uploads\\\/2019\\\/12\\\/1542676928165.png\",\"contentUrl\":\"https:\\\/\\\/noticiasmercedinas.com\\\/site\\\/wp-content\\\/uploads\\\/2019\\\/12\\\/1542676928165.png\",\"width\":1500,\"height\":857},{\"@type\":\"BreadcrumbList\",\"@id\":\"https:\\\/\\\/noticiasmercedinas.com\\\/site\\\/2019\\\/12\\\/04\\\/segun-la-defensoria-la-canasta-navidena-subio-casi-65-en-un-ano\\\/#breadcrumb\",\"itemListElement\":[{\"@type\":\"ListItem\",\"position\":1,\"name\":\"Portada\",\"item\":\"https:\\\/\\\/noticiasmercedinas.com\\\/site\\\/\"},{\"@type\":\"ListItem\",\"position\":2,\"name\":\"Seg\u00fan la Defensor\u00eda, la canasta navide\u00f1a subi\u00f3 casi 65% en un a\u00f1o\"}]},{\"@type\":\"WebSite\",\"@id\":\"https:\\\/\\\/noticiasmercedinas.com\\\/site\\\/#website\",\"url\":\"https:\\\/\\\/noticiasmercedinas.com\\\/site\\\/\",\"name\":\"NOTICIASMERCEDINAS.COM\",\"description\":\"Mercedes, Buenos Aires, Argentina\",\"publisher\":{\"@id\":\"https:\\\/\\\/noticiasmercedinas.com\\\/site\\\/#organization\"},\"potentialAction\":[{\"@type\":\"SearchAction\",\"target\":{\"@type\":\"EntryPoint\",\"urlTemplate\":\"https:\\\/\\\/noticiasmercedinas.com\\\/site\\\/?s={search_term_string}\"},\"query-input\":{\"@type\":\"PropertyValueSpecification\",\"valueRequired\":true,\"valueName\":\"search_term_string\"}}],\"inLanguage\":\"es\"},{\"@type\":\"Organization\",\"@id\":\"https:\\\/\\\/noticiasmercedinas.com\\\/site\\\/#organization\",\"name\":\"NOTICIASMERCEDINAS.COM\",\"url\":\"https:\\\/\\\/noticiasmercedinas.com\\\/site\\\/\",\"logo\":{\"@type\":\"ImageObject\",\"inLanguage\":\"es\",\"@id\":\"https:\\\/\\\/noticiasmercedinas.com\\\/site\\\/#\\\/schema\\\/logo\\\/image\\\/\",\"url\":\"https:\\\/\\\/noticiasmercedinas.com\\\/site\\\/wp-content\\\/uploads\\\/2020\\\/06\\\/LOGO-512.jpg\",\"contentUrl\":\"https:\\\/\\\/noticiasmercedinas.com\\\/site\\\/wp-content\\\/uploads\\\/2020\\\/06\\\/LOGO-512.jpg\",\"width\":512,\"height\":512,\"caption\":\"NOTICIASMERCEDINAS.COM\"},\"image\":{\"@id\":\"https:\\\/\\\/noticiasmercedinas.com\\\/site\\\/#\\\/schema\\\/logo\\\/image\\\/\"},\"sameAs\":[\"https:\\\/\\\/www.facebook.com\\\/noticiasmercedinas\\\/\",\"https:\\\/\\\/x.com\\\/notmercedinas\",\"https:\\\/\\\/www.instagram.com\\\/noticiasmercedinas\\\/\"]},{\"@type\":\"Person\",\"@id\":\"https:\\\/\\\/noticiasmercedinas.com\\\/site\\\/#\\\/schema\\\/person\\\/84b59c099c28ff2e8b77d4ceec5d8063\",\"name\":\"NOTICIASMERCEDINAS.COM\",\"image\":{\"@type\":\"ImageObject\",\"inLanguage\":\"es\",\"@id\":\"https:\\\/\\\/secure.gravatar.com\\\/avatar\\\/4dfbf16b4d17945bfb6341b2d19043457132fcf478a5ee04f42e959fd8f5df0a?s=96&d=mm&r=g\",\"url\":\"https:\\\/\\\/secure.gravatar.com\\\/avatar\\\/4dfbf16b4d17945bfb6341b2d19043457132fcf478a5ee04f42e959fd8f5df0a?s=96&d=mm&r=g\",\"contentUrl\":\"https:\\\/\\\/secure.gravatar.com\\\/avatar\\\/4dfbf16b4d17945bfb6341b2d19043457132fcf478a5ee04f42e959fd8f5df0a?s=96&d=mm&r=g\",\"caption\":\"NOTICIASMERCEDINAS.COM\"},\"url\":\"https:\\\/\\\/noticiasmercedinas.com\\\/site\\\/author\\\/anonimo\\\/\"}]}<\/script>\n<!-- \/ Yoast SEO plugin. -->","yoast_head_json":{"title":"Seg\u00fan la Defensor\u00eda, la canasta navide\u00f1a subi\u00f3 casi 65% en un a\u00f1o","robots":{"index":"index","follow":"follow","max-snippet":"max-snippet:-1","max-image-preview":"max-image-preview:large","max-video-preview":"max-video-preview:-1"},"canonical":"https:\/\/noticiasmercedinas.com\/site\/2019\/12\/04\/segun-la-defensoria-la-canasta-navidena-subio-casi-65-en-un-ano\/","og_locale":"es_ES","og_type":"article","og_title":"Seg\u00fan la Defensor\u00eda, la canasta navide\u00f1a subi\u00f3 casi 65% en un a\u00f1o","og_description":"Con las confituras, los frutos secos y los productos de almac\u00e9n como los que m\u00e1s aumentaron, la canasta navide\u00f1a registr\u00f3 una suba de precios interanual del 64,63%, tal como lo registr\u00f3 la Defensor\u00eda del Pueblo bonaerense mediante un relevamiento en distintos puntos de la Provincia. El estudio tom\u00f3 en cuenta 24 productos de consumo de [&hellip;]","og_url":"https:\/\/noticiasmercedinas.com\/site\/2019\/12\/04\/segun-la-defensoria-la-canasta-navidena-subio-casi-65-en-un-ano\/","og_site_name":"NOTICIASMERCEDINAS.COM","article_publisher":"https:\/\/www.facebook.com\/noticiasmercedinas\/","article_published_time":"2019-12-04T10:59:08+00:00","article_modified_time":"2019-12-04T11:14:58+00:00","og_image":[{"width":1500,"height":857,"url":"https:\/\/noticiasmercedinas.com\/site\/wp-content\/uploads\/2019\/12\/1542676928165.png","type":"image\/png"}],"author":"NOTICIASMERCEDINAS.COM","twitter_card":"summary_large_image","twitter_creator":"@notmercedinas","twitter_site":"@notmercedinas","twitter_misc":{"Escrito por":"NOTICIASMERCEDINAS.COM","Tiempo de lectura":"2 minutos"},"schema":{"@context":"https:\/\/schema.org","@graph":[{"@type":"Article","@id":"https:\/\/noticiasmercedinas.com\/site\/2019\/12\/04\/segun-la-defensoria-la-canasta-navidena-subio-casi-65-en-un-ano\/#article","isPartOf":{"@id":"https:\/\/noticiasmercedinas.com\/site\/2019\/12\/04\/segun-la-defensoria-la-canasta-navidena-subio-casi-65-en-un-ano\/"},"author":{"name":"NOTICIASMERCEDINAS.COM","@id":"https:\/\/noticiasmercedinas.com\/site\/#\/schema\/person\/84b59c099c28ff2e8b77d4ceec5d8063"},"headline":"Seg\u00fan la Defensor\u00eda, la canasta navide\u00f1a subi\u00f3 casi 65% en un a\u00f1o","datePublished":"2019-12-04T10:59:08+00:00","dateModified":"2019-12-04T11:14:58+00:00","mainEntityOfPage":{"@id":"https:\/\/noticiasmercedinas.com\/site\/2019\/12\/04\/segun-la-defensoria-la-canasta-navidena-subio-casi-65-en-un-ano\/"},"wordCount":380,"commentCount":0,"publisher":{"@id":"https:\/\/noticiasmercedinas.com\/site\/#organization"},"image":{"@id":"https:\/\/noticiasmercedinas.com\/site\/2019\/12\/04\/segun-la-defensoria-la-canasta-navidena-subio-casi-65-en-un-ano\/#primaryimage"},"thumbnailUrl":"https:\/\/noticiasmercedinas.com\/site\/wp-content\/uploads\/2019\/12\/1542676928165.png","keywords":["Azul","Bah\u00eda Blanca","Balcarce","Berazategui","Bol\u00edvar","canasta navide\u00f1a","Chacabuco","chivilcoy","Coronel Su\u00e1rez","Defensor\u00eda del Pueblo","Dolores","General Pueyrred\u00f3n","guido lorenzino","Ituzaing\u00f3","Junin","la plata","Lincoln","Lomas de Zamora","Mar Chiquita","mercedes","miramar","navarro","navidad","Necochea","olavarria","pergamino","Pig\u00fc\u00e9","rojas","Roque P\u00e9rez","Saladillo","San Nicol\u00e1s","san pedro","tandil","Tigre","zarate"],"articleSection":["Regionales"],"inLanguage":"es","potentialAction":[{"@type":"CommentAction","name":"Comment","target":["https:\/\/noticiasmercedinas.com\/site\/2019\/12\/04\/segun-la-defensoria-la-canasta-navidena-subio-casi-65-en-un-ano\/#respond"]}]},{"@type":"WebPage","@id":"https:\/\/noticiasmercedinas.com\/site\/2019\/12\/04\/segun-la-defensoria-la-canasta-navidena-subio-casi-65-en-un-ano\/","url":"https:\/\/noticiasmercedinas.com\/site\/2019\/12\/04\/segun-la-defensoria-la-canasta-navidena-subio-casi-65-en-un-ano\/","name":"Seg\u00fan la Defensor\u00eda, la canasta navide\u00f1a subi\u00f3 casi 65% en un a\u00f1o","isPartOf":{"@id":"https:\/\/noticiasmercedinas.com\/site\/#website"},"primaryImageOfPage":{"@id":"https:\/\/noticiasmercedinas.com\/site\/2019\/12\/04\/segun-la-defensoria-la-canasta-navidena-subio-casi-65-en-un-ano\/#primaryimage"},"image":{"@id":"https:\/\/noticiasmercedinas.com\/site\/2019\/12\/04\/segun-la-defensoria-la-canasta-navidena-subio-casi-65-en-un-ano\/#primaryimage"},"thumbnailUrl":"https:\/\/noticiasmercedinas.com\/site\/wp-content\/uploads\/2019\/12\/1542676928165.png","datePublished":"2019-12-04T10:59:08+00:00","dateModified":"2019-12-04T11:14:58+00:00","breadcrumb":{"@id":"https:\/\/noticiasmercedinas.com\/site\/2019\/12\/04\/segun-la-defensoria-la-canasta-navidena-subio-casi-65-en-un-ano\/#breadcrumb"},"inLanguage":"es","potentialAction":[{"@type":"ReadAction","target":["https:\/\/noticiasmercedinas.com\/site\/2019\/12\/04\/segun-la-defensoria-la-canasta-navidena-subio-casi-65-en-un-ano\/"]}]},{"@type":"ImageObject","inLanguage":"es","@id":"https:\/\/noticiasmercedinas.com\/site\/2019\/12\/04\/segun-la-defensoria-la-canasta-navidena-subio-casi-65-en-un-ano\/#primaryimage","url":"https:\/\/noticiasmercedinas.com\/site\/wp-content\/uploads\/2019\/12\/1542676928165.png","contentUrl":"https:\/\/noticiasmercedinas.com\/site\/wp-content\/uploads\/2019\/12\/1542676928165.png","width":1500,"height":857},{"@type":"BreadcrumbList","@id":"https:\/\/noticiasmercedinas.com\/site\/2019\/12\/04\/segun-la-defensoria-la-canasta-navidena-subio-casi-65-en-un-ano\/#breadcrumb","itemListElement":[{"@type":"ListItem","position":1,"name":"Portada","item":"https:\/\/noticiasmercedinas.com\/site\/"},{"@type":"ListItem","position":2,"name":"Seg\u00fan la Defensor\u00eda, la canasta navide\u00f1a subi\u00f3 casi 65% en un a\u00f1o"}]},{"@type":"WebSite","@id":"https:\/\/noticiasmercedinas.com\/site\/#website","url":"https:\/\/noticiasmercedinas.com\/site\/","name":"NOTICIASMERCEDINAS.COM","description":"Mercedes, Buenos Aires, Argentina","publisher":{"@id":"https:\/\/noticiasmercedinas.com\/site\/#organization"},"potentialAction":[{"@type":"SearchAction","target":{"@type":"EntryPoint","urlTemplate":"https:\/\/noticiasmercedinas.com\/site\/?s={search_term_string}"},"query-input":{"@type":"PropertyValueSpecification","valueRequired":true,"valueName":"search_term_string"}}],"inLanguage":"es"},{"@type":"Organization","@id":"https:\/\/noticiasmercedinas.com\/site\/#organization","name":"NOTICIASMERCEDINAS.COM","url":"https:\/\/noticiasmercedinas.com\/site\/","logo":{"@type":"ImageObject","inLanguage":"es","@id":"https:\/\/noticiasmercedinas.com\/site\/#\/schema\/logo\/image\/","url":"https:\/\/noticiasmercedinas.com\/site\/wp-content\/uploads\/2020\/06\/LOGO-512.jpg","contentUrl":"https:\/\/noticiasmercedinas.com\/site\/wp-content\/uploads\/2020\/06\/LOGO-512.jpg","width":512,"height":512,"caption":"NOTICIASMERCEDINAS.COM"},"image":{"@id":"https:\/\/noticiasmercedinas.com\/site\/#\/schema\/logo\/image\/"},"sameAs":["https:\/\/www.facebook.com\/noticiasmercedinas\/","https:\/\/x.com\/notmercedinas","https:\/\/www.instagram.com\/noticiasmercedinas\/"]},{"@type":"Person","@id":"https:\/\/noticiasmercedinas.com\/site\/#\/schema\/person\/84b59c099c28ff2e8b77d4ceec5d8063","name":"NOTICIASMERCEDINAS.COM","image":{"@type":"ImageObject","inLanguage":"es","@id":"https:\/\/secure.gravatar.com\/avatar\/4dfbf16b4d17945bfb6341b2d19043457132fcf478a5ee04f42e959fd8f5df0a?s=96&d=mm&r=g","url":"https:\/\/secure.gravatar.com\/avatar\/4dfbf16b4d17945bfb6341b2d19043457132fcf478a5ee04f42e959fd8f5df0a?s=96&d=mm&r=g","contentUrl":"https:\/\/secure.gravatar.com\/avatar\/4dfbf16b4d17945bfb6341b2d19043457132fcf478a5ee04f42e959fd8f5df0a?s=96&d=mm&r=g","caption":"NOTICIASMERCEDINAS.COM"},"url":"https:\/\/noticiasmercedinas.com\/site\/author\/anonimo\/"}]}},"amp_enabled":true,"_links":{"self":[{"href":"https:\/\/noticiasmercedinas.com\/site\/wp-json\/wp\/v2\/posts\/35206","targetHints":{"allow":["GET"]}}],"collection":[{"href":"https:\/\/noticiasmercedinas.com\/site\/wp-json\/wp\/v2\/posts"}],"about":[{"href":"https:\/\/noticiasmercedinas.com\/site\/wp-json\/wp\/v2\/types\/post"}],"author":[{"embeddable":true,"href":"https:\/\/noticiasmercedinas.com\/site\/wp-json\/wp\/v2\/users\/16"}],"replies":[{"embeddable":true,"href":"https:\/\/noticiasmercedinas.com\/site\/wp-json\/wp\/v2\/comments?post=35206"}],"version-history":[{"count":1,"href":"https:\/\/noticiasmercedinas.com\/site\/wp-json\/wp\/v2\/posts\/35206\/revisions"}],"predecessor-version":[{"id":35208,"href":"https:\/\/noticiasmercedinas.com\/site\/wp-json\/wp\/v2\/posts\/35206\/revisions\/35208"}],"wp:featuredmedia":[{"embeddable":true,"href":"https:\/\/noticiasmercedinas.com\/site\/wp-json\/wp\/v2\/media\/35207"}],"wp:attachment":[{"href":"https:\/\/noticiasmercedinas.com\/site\/wp-json\/wp\/v2\/media?parent=35206"}],"wp:term":[{"taxonomy":"category","embeddable":true,"href":"https:\/\/noticiasmercedinas.com\/site\/wp-json\/wp\/v2\/categories?post=35206"},{"taxonomy":"post_tag","embeddable":true,"href":"https:\/\/noticiasmercedinas.com\/site\/wp-json\/wp\/v2\/tags?post=35206"}],"curies":[{"name":"wp","href":"https:\/\/api.w.org\/{rel}","templated":true}]}}