{"id":35412,"date":"2019-12-06T18:15:16","date_gmt":"2019-12-06T21:15:16","guid":{"rendered":"https:\/\/noticiasmercedinas.com\/site\/?p=35412"},"modified":"2019-12-06T18:35:19","modified_gmt":"2019-12-06T21:35:19","slug":"culminaron-cursos-de-capacitacion-de-la-sapi","status":"publish","type":"post","link":"https:\/\/noticiasmercedinas.com\/site\/2019\/12\/06\/culminaron-cursos-de-capacitacion-de-la-sapi\/","title":{"rendered":"Culminaron cursos de capacitaci\u00f3n de la SAPI"},"content":{"rendered":"<p><img loading=\"lazy\" decoding=\"async\" class=\"wp-image-35411 alignnone size-full\" src=\"https:\/\/noticiasmercedinas.com\/site\/wp-content\/uploads\/2019\/12\/dsc_00182002783762875816682.jpg\" width=\"1270\" height=\"631\" srcset=\"https:\/\/noticiasmercedinas.com\/site\/wp-content\/uploads\/2019\/12\/dsc_00182002783762875816682.jpg 1270w, https:\/\/noticiasmercedinas.com\/site\/wp-content\/uploads\/2019\/12\/dsc_00182002783762875816682-300x149.jpg 300w, https:\/\/noticiasmercedinas.com\/site\/wp-content\/uploads\/2019\/12\/dsc_00182002783762875816682-1024x509.jpg 1024w, https:\/\/noticiasmercedinas.com\/site\/wp-content\/uploads\/2019\/12\/dsc_00182002783762875816682-768x382.jpg 768w, https:\/\/noticiasmercedinas.com\/site\/wp-content\/uploads\/2019\/12\/dsc_00182002783762875816682-640x318.jpg 640w, https:\/\/noticiasmercedinas.com\/site\/wp-content\/uploads\/2019\/12\/dsc_00182002783762875816682-681x338.jpg 681w\" sizes=\"auto, (max-width: 1270px) 100vw, 1270px\" \/><\/p>\n<p>El Municipio de Mercedes contin\u00faa trabajando y potenciando a los profesionales que trabajan todos los d\u00edas en pol\u00edticas de ni\u00f1ez en la ciudad. Es as\u00ed como de manera conjunta la comuna y la Sociedad Argentina de Primera Infancia (SAPI) vienen desarrollando capacitaciones y pensando nuevas l\u00edneas y programas pensando en los ni\u00f1os.<\/p>\n<p>De esta manera, por segundo a\u00f1o consecutivo, se culminaron cursos llevados adelante por SAPI en la capacitaci\u00f3n de abordaje interdisciplinario de la primera infancia.<\/p>\n<p>\u201cDebemos agradecer a todos y a todas por el compromiso, y el apoyo brindado por la SAPI ha sido fundamental\u201d, manifest\u00f3 el intendente Juan Ignacio Ustarroz.<\/p>\n<p><img loading=\"lazy\" decoding=\"async\" class=\"alignnone size-large wp-image-35413\" src=\"https:\/\/noticiasmercedinas.com\/site\/wp-content\/uploads\/2019\/12\/fb7413ef-f87a-421c-aec7-703d8705ce88-1024x682.jpg\" alt=\"\" width=\"640\" height=\"426\" srcset=\"https:\/\/noticiasmercedinas.com\/site\/wp-content\/uploads\/2019\/12\/fb7413ef-f87a-421c-aec7-703d8705ce88-1024x682.jpg 1024w, https:\/\/noticiasmercedinas.com\/site\/wp-content\/uploads\/2019\/12\/fb7413ef-f87a-421c-aec7-703d8705ce88-300x200.jpg 300w, https:\/\/noticiasmercedinas.com\/site\/wp-content\/uploads\/2019\/12\/fb7413ef-f87a-421c-aec7-703d8705ce88-768x512.jpg 768w, https:\/\/noticiasmercedinas.com\/site\/wp-content\/uploads\/2019\/12\/fb7413ef-f87a-421c-aec7-703d8705ce88-640x427.jpg 640w, https:\/\/noticiasmercedinas.com\/site\/wp-content\/uploads\/2019\/12\/fb7413ef-f87a-421c-aec7-703d8705ce88-681x454.jpg 681w, https:\/\/noticiasmercedinas.com\/site\/wp-content\/uploads\/2019\/12\/fb7413ef-f87a-421c-aec7-703d8705ce88.jpg 1280w\" sizes=\"auto, (max-width: 640px) 100vw, 640px\" \/><\/p>\n<p>Asimismo, Ustarroz se\u00f1al\u00f3: \u201cDesde nuestra gesti\u00f3n siempre ha sido un eje fundamental la ni\u00f1ez y la infancia, algo que vamos a apuntalar a\u00fan m\u00e1s para poder dar un salto a\u00fan m\u00e1s grande en lo que refiere la acci\u00f3n e interacci\u00f3n de toda la comunidad\u201d, y agreg\u00f3 \u201ctratando de hacer extensivo a todas las escuelas, a los clubes y a todas las instituciones de la ciudad\u201d.<\/p>\n<p>Por su parte, Alejandra Giacobone, Presidente de la SAPI, expres\u00f3: \u201cAgradecemos a la ciudad y al Municipio porque gracias al espacio que nos han brindado, nuestra labor cobra sentido y se visibiliza todo aquello por lo que trabajamos. En estos dos a\u00f1os de trabajo nos dieron lugar donde poder llevar adelante nuestras utop\u00edas y sue\u00f1os\u201d.<\/p>\n<p>En tanto, la Licenciada Magdalena Leverman, una de las referentes de Mil D\u00edas, destac\u00f3: \u201cAgradecemos la presencia de todos los docentes de SAPI, este es el segundo a\u00f1o trabajando con ellos y ha sido muy enriquecedor\u201d, y agradeci\u00f3 \u201cespecialmente al intendente Ustarroz por generar estos espacios\u201d.<\/p>\n<p><img loading=\"lazy\" decoding=\"async\" class=\"wp-image-35410 alignnone size-full\" src=\"https:\/\/noticiasmercedinas.com\/site\/wp-content\/uploads\/2019\/12\/dsc_00102325822566225304328.jpg\" width=\"948\" height=\"632\" srcset=\"https:\/\/noticiasmercedinas.com\/site\/wp-content\/uploads\/2019\/12\/dsc_00102325822566225304328.jpg 948w, https:\/\/noticiasmercedinas.com\/site\/wp-content\/uploads\/2019\/12\/dsc_00102325822566225304328-300x200.jpg 300w, https:\/\/noticiasmercedinas.com\/site\/wp-content\/uploads\/2019\/12\/dsc_00102325822566225304328-768x512.jpg 768w, https:\/\/noticiasmercedinas.com\/site\/wp-content\/uploads\/2019\/12\/dsc_00102325822566225304328-640x427.jpg 640w, https:\/\/noticiasmercedinas.com\/site\/wp-content\/uploads\/2019\/12\/dsc_00102325822566225304328-681x454.jpg 681w\" sizes=\"auto, (max-width: 948px) 100vw, 948px\" \/><\/p>\n","protected":false},"excerpt":{"rendered":"<p>El Municipio de Mercedes contin\u00faa trabajando y potenciando a los profesionales que trabajan todos los d\u00edas en pol\u00edticas de ni\u00f1ez en la ciudad. Es as\u00ed como de manera conjunta la comuna y la Sociedad Argentina de Primera Infancia (SAPI) vienen desarrollando capacitaciones y pensando nuevas l\u00edneas y programas pensando en los ni\u00f1os. De esta manera, [&hellip;]<\/p>\n","protected":false},"author":16,"featured_media":35413,"comment_status":"open","ping_status":"open","sticky":false,"template":"","format":"standard","meta":{"footnotes":""},"categories":[3],"tags":[1538,573,71,3784],"class_list":["post-35412","post","type-post","status-publish","format-standard","has-post-thumbnail","hentry","category-sociedad","tag-infancia","tag-primeros-mil-dias","tag-salud","tag-sapi"],"yoast_head":"<!-- This site is optimized with the Yoast SEO plugin v27.4 - https:\/\/yoast.com\/product\/yoast-seo-wordpress\/ -->\n<title>Culminaron cursos de capacitaci\u00f3n de la SAPI<\/title>\n<meta name=\"robots\" content=\"index, follow, max-snippet:-1, max-image-preview:large, max-video-preview:-1\" \/>\n<link rel=\"canonical\" href=\"https:\/\/noticiasmercedinas.com\/site\/2019\/12\/06\/culminaron-cursos-de-capacitacion-de-la-sapi\/\" \/>\n<meta property=\"og:locale\" content=\"es_ES\" \/>\n<meta property=\"og:type\" content=\"article\" \/>\n<meta property=\"og:title\" content=\"Culminaron cursos de capacitaci\u00f3n de la SAPI\" \/>\n<meta property=\"og:description\" content=\"El Municipio de Mercedes contin\u00faa trabajando y potenciando a los profesionales que trabajan todos los d\u00edas en pol\u00edticas de ni\u00f1ez en la ciudad. Es as\u00ed como de manera conjunta la comuna y la Sociedad Argentina de Primera Infancia (SAPI) vienen desarrollando capacitaciones y pensando nuevas l\u00edneas y programas pensando en los ni\u00f1os. De esta manera, [&hellip;]\" \/>\n<meta property=\"og:url\" content=\"https:\/\/noticiasmercedinas.com\/site\/2019\/12\/06\/culminaron-cursos-de-capacitacion-de-la-sapi\/\" \/>\n<meta property=\"og:site_name\" content=\"NOTICIASMERCEDINAS.COM\" \/>\n<meta property=\"article:publisher\" content=\"https:\/\/www.facebook.com\/noticiasmercedinas\/\" \/>\n<meta property=\"article:published_time\" content=\"2019-12-06T21:15:16+00:00\" \/>\n<meta property=\"article:modified_time\" content=\"2019-12-06T21:35:19+00:00\" \/>\n<meta property=\"og:image\" content=\"https:\/\/noticiasmercedinas.com\/site\/wp-content\/uploads\/2019\/12\/fb7413ef-f87a-421c-aec7-703d8705ce88.jpg\" \/>\n\t<meta property=\"og:image:width\" content=\"1280\" \/>\n\t<meta property=\"og:image:height\" content=\"853\" \/>\n\t<meta property=\"og:image:type\" content=\"image\/jpeg\" \/>\n<meta name=\"author\" content=\"NOTICIASMERCEDINAS.COM\" \/>\n<meta name=\"twitter:card\" content=\"summary_large_image\" \/>\n<meta name=\"twitter:creator\" content=\"@notmercedinas\" \/>\n<meta name=\"twitter:site\" content=\"@notmercedinas\" \/>\n<meta name=\"twitter:label1\" content=\"Escrito por\" \/>\n\t<meta name=\"twitter:data1\" content=\"NOTICIASMERCEDINAS.COM\" \/>\n\t<meta name=\"twitter:label2\" content=\"Tiempo de lectura\" \/>\n\t<meta name=\"twitter:data2\" content=\"1 minuto\" \/>\n<script type=\"application\/ld+json\" class=\"yoast-schema-graph\">{\"@context\":\"https:\\\/\\\/schema.org\",\"@graph\":[{\"@type\":\"Article\",\"@id\":\"https:\\\/\\\/noticiasmercedinas.com\\\/site\\\/2019\\\/12\\\/06\\\/culminaron-cursos-de-capacitacion-de-la-sapi\\\/#article\",\"isPartOf\":{\"@id\":\"https:\\\/\\\/noticiasmercedinas.com\\\/site\\\/2019\\\/12\\\/06\\\/culminaron-cursos-de-capacitacion-de-la-sapi\\\/\"},\"author\":{\"name\":\"NOTICIASMERCEDINAS.COM\",\"@id\":\"https:\\\/\\\/noticiasmercedinas.com\\\/site\\\/#\\\/schema\\\/person\\\/84b59c099c28ff2e8b77d4ceec5d8063\"},\"headline\":\"Culminaron cursos de capacitaci\u00f3n de la SAPI\",\"datePublished\":\"2019-12-06T21:15:16+00:00\",\"dateModified\":\"2019-12-06T21:35:19+00:00\",\"mainEntityOfPage\":{\"@id\":\"https:\\\/\\\/noticiasmercedinas.com\\\/site\\\/2019\\\/12\\\/06\\\/culminaron-cursos-de-capacitacion-de-la-sapi\\\/\"},\"wordCount\":298,\"commentCount\":0,\"publisher\":{\"@id\":\"https:\\\/\\\/noticiasmercedinas.com\\\/site\\\/#organization\"},\"image\":{\"@id\":\"https:\\\/\\\/noticiasmercedinas.com\\\/site\\\/2019\\\/12\\\/06\\\/culminaron-cursos-de-capacitacion-de-la-sapi\\\/#primaryimage\"},\"thumbnailUrl\":\"https:\\\/\\\/noticiasmercedinas.com\\\/site\\\/wp-content\\\/uploads\\\/2019\\\/12\\\/fb7413ef-f87a-421c-aec7-703d8705ce88.jpg\",\"keywords\":[\"infancia\",\"primeros mil dias\",\"salud\",\"SAPI\"],\"articleSection\":[\"Sociedad\"],\"inLanguage\":\"es\",\"potentialAction\":[{\"@type\":\"CommentAction\",\"name\":\"Comment\",\"target\":[\"https:\\\/\\\/noticiasmercedinas.com\\\/site\\\/2019\\\/12\\\/06\\\/culminaron-cursos-de-capacitacion-de-la-sapi\\\/#respond\"]}]},{\"@type\":\"WebPage\",\"@id\":\"https:\\\/\\\/noticiasmercedinas.com\\\/site\\\/2019\\\/12\\\/06\\\/culminaron-cursos-de-capacitacion-de-la-sapi\\\/\",\"url\":\"https:\\\/\\\/noticiasmercedinas.com\\\/site\\\/2019\\\/12\\\/06\\\/culminaron-cursos-de-capacitacion-de-la-sapi\\\/\",\"name\":\"Culminaron cursos de capacitaci\u00f3n de la SAPI\",\"isPartOf\":{\"@id\":\"https:\\\/\\\/noticiasmercedinas.com\\\/site\\\/#website\"},\"primaryImageOfPage\":{\"@id\":\"https:\\\/\\\/noticiasmercedinas.com\\\/site\\\/2019\\\/12\\\/06\\\/culminaron-cursos-de-capacitacion-de-la-sapi\\\/#primaryimage\"},\"image\":{\"@id\":\"https:\\\/\\\/noticiasmercedinas.com\\\/site\\\/2019\\\/12\\\/06\\\/culminaron-cursos-de-capacitacion-de-la-sapi\\\/#primaryimage\"},\"thumbnailUrl\":\"https:\\\/\\\/noticiasmercedinas.com\\\/site\\\/wp-content\\\/uploads\\\/2019\\\/12\\\/fb7413ef-f87a-421c-aec7-703d8705ce88.jpg\",\"datePublished\":\"2019-12-06T21:15:16+00:00\",\"dateModified\":\"2019-12-06T21:35:19+00:00\",\"breadcrumb\":{\"@id\":\"https:\\\/\\\/noticiasmercedinas.com\\\/site\\\/2019\\\/12\\\/06\\\/culminaron-cursos-de-capacitacion-de-la-sapi\\\/#breadcrumb\"},\"inLanguage\":\"es\",\"potentialAction\":[{\"@type\":\"ReadAction\",\"target\":[\"https:\\\/\\\/noticiasmercedinas.com\\\/site\\\/2019\\\/12\\\/06\\\/culminaron-cursos-de-capacitacion-de-la-sapi\\\/\"]}]},{\"@type\":\"ImageObject\",\"inLanguage\":\"es\",\"@id\":\"https:\\\/\\\/noticiasmercedinas.com\\\/site\\\/2019\\\/12\\\/06\\\/culminaron-cursos-de-capacitacion-de-la-sapi\\\/#primaryimage\",\"url\":\"https:\\\/\\\/noticiasmercedinas.com\\\/site\\\/wp-content\\\/uploads\\\/2019\\\/12\\\/fb7413ef-f87a-421c-aec7-703d8705ce88.jpg\",\"contentUrl\":\"https:\\\/\\\/noticiasmercedinas.com\\\/site\\\/wp-content\\\/uploads\\\/2019\\\/12\\\/fb7413ef-f87a-421c-aec7-703d8705ce88.jpg\",\"width\":1280,\"height\":853},{\"@type\":\"BreadcrumbList\",\"@id\":\"https:\\\/\\\/noticiasmercedinas.com\\\/site\\\/2019\\\/12\\\/06\\\/culminaron-cursos-de-capacitacion-de-la-sapi\\\/#breadcrumb\",\"itemListElement\":[{\"@type\":\"ListItem\",\"position\":1,\"name\":\"Portada\",\"item\":\"https:\\\/\\\/noticiasmercedinas.com\\\/site\\\/\"},{\"@type\":\"ListItem\",\"position\":2,\"name\":\"Culminaron cursos de capacitaci\u00f3n de la SAPI\"}]},{\"@type\":\"WebSite\",\"@id\":\"https:\\\/\\\/noticiasmercedinas.com\\\/site\\\/#website\",\"url\":\"https:\\\/\\\/noticiasmercedinas.com\\\/site\\\/\",\"name\":\"NOTICIASMERCEDINAS.COM\",\"description\":\"Mercedes, Buenos Aires, Argentina\",\"publisher\":{\"@id\":\"https:\\\/\\\/noticiasmercedinas.com\\\/site\\\/#organization\"},\"potentialAction\":[{\"@type\":\"SearchAction\",\"target\":{\"@type\":\"EntryPoint\",\"urlTemplate\":\"https:\\\/\\\/noticiasmercedinas.com\\\/site\\\/?s={search_term_string}\"},\"query-input\":{\"@type\":\"PropertyValueSpecification\",\"valueRequired\":true,\"valueName\":\"search_term_string\"}}],\"inLanguage\":\"es\"},{\"@type\":\"Organization\",\"@id\":\"https:\\\/\\\/noticiasmercedinas.com\\\/site\\\/#organization\",\"name\":\"NOTICIASMERCEDINAS.COM\",\"url\":\"https:\\\/\\\/noticiasmercedinas.com\\\/site\\\/\",\"logo\":{\"@type\":\"ImageObject\",\"inLanguage\":\"es\",\"@id\":\"https:\\\/\\\/noticiasmercedinas.com\\\/site\\\/#\\\/schema\\\/logo\\\/image\\\/\",\"url\":\"https:\\\/\\\/noticiasmercedinas.com\\\/site\\\/wp-content\\\/uploads\\\/2020\\\/06\\\/LOGO-512.jpg\",\"contentUrl\":\"https:\\\/\\\/noticiasmercedinas.com\\\/site\\\/wp-content\\\/uploads\\\/2020\\\/06\\\/LOGO-512.jpg\",\"width\":512,\"height\":512,\"caption\":\"NOTICIASMERCEDINAS.COM\"},\"image\":{\"@id\":\"https:\\\/\\\/noticiasmercedinas.com\\\/site\\\/#\\\/schema\\\/logo\\\/image\\\/\"},\"sameAs\":[\"https:\\\/\\\/www.facebook.com\\\/noticiasmercedinas\\\/\",\"https:\\\/\\\/x.com\\\/notmercedinas\",\"https:\\\/\\\/www.instagram.com\\\/noticiasmercedinas\\\/\"]},{\"@type\":\"Person\",\"@id\":\"https:\\\/\\\/noticiasmercedinas.com\\\/site\\\/#\\\/schema\\\/person\\\/84b59c099c28ff2e8b77d4ceec5d8063\",\"name\":\"NOTICIASMERCEDINAS.COM\",\"image\":{\"@type\":\"ImageObject\",\"inLanguage\":\"es\",\"@id\":\"https:\\\/\\\/secure.gravatar.com\\\/avatar\\\/4dfbf16b4d17945bfb6341b2d19043457132fcf478a5ee04f42e959fd8f5df0a?s=96&d=mm&r=g\",\"url\":\"https:\\\/\\\/secure.gravatar.com\\\/avatar\\\/4dfbf16b4d17945bfb6341b2d19043457132fcf478a5ee04f42e959fd8f5df0a?s=96&d=mm&r=g\",\"contentUrl\":\"https:\\\/\\\/secure.gravatar.com\\\/avatar\\\/4dfbf16b4d17945bfb6341b2d19043457132fcf478a5ee04f42e959fd8f5df0a?s=96&d=mm&r=g\",\"caption\":\"NOTICIASMERCEDINAS.COM\"},\"url\":\"https:\\\/\\\/noticiasmercedinas.com\\\/site\\\/author\\\/anonimo\\\/\"}]}<\/script>\n<!-- \/ Yoast SEO plugin. -->","yoast_head_json":{"title":"Culminaron cursos de capacitaci\u00f3n de la SAPI","robots":{"index":"index","follow":"follow","max-snippet":"max-snippet:-1","max-image-preview":"max-image-preview:large","max-video-preview":"max-video-preview:-1"},"canonical":"https:\/\/noticiasmercedinas.com\/site\/2019\/12\/06\/culminaron-cursos-de-capacitacion-de-la-sapi\/","og_locale":"es_ES","og_type":"article","og_title":"Culminaron cursos de capacitaci\u00f3n de la SAPI","og_description":"El Municipio de Mercedes contin\u00faa trabajando y potenciando a los profesionales que trabajan todos los d\u00edas en pol\u00edticas de ni\u00f1ez en la ciudad. Es as\u00ed como de manera conjunta la comuna y la Sociedad Argentina de Primera Infancia (SAPI) vienen desarrollando capacitaciones y pensando nuevas l\u00edneas y programas pensando en los ni\u00f1os. De esta manera, [&hellip;]","og_url":"https:\/\/noticiasmercedinas.com\/site\/2019\/12\/06\/culminaron-cursos-de-capacitacion-de-la-sapi\/","og_site_name":"NOTICIASMERCEDINAS.COM","article_publisher":"https:\/\/www.facebook.com\/noticiasmercedinas\/","article_published_time":"2019-12-06T21:15:16+00:00","article_modified_time":"2019-12-06T21:35:19+00:00","og_image":[{"width":1280,"height":853,"url":"https:\/\/noticiasmercedinas.com\/site\/wp-content\/uploads\/2019\/12\/fb7413ef-f87a-421c-aec7-703d8705ce88.jpg","type":"image\/jpeg"}],"author":"NOTICIASMERCEDINAS.COM","twitter_card":"summary_large_image","twitter_creator":"@notmercedinas","twitter_site":"@notmercedinas","twitter_misc":{"Escrito por":"NOTICIASMERCEDINAS.COM","Tiempo de lectura":"1 minuto"},"schema":{"@context":"https:\/\/schema.org","@graph":[{"@type":"Article","@id":"https:\/\/noticiasmercedinas.com\/site\/2019\/12\/06\/culminaron-cursos-de-capacitacion-de-la-sapi\/#article","isPartOf":{"@id":"https:\/\/noticiasmercedinas.com\/site\/2019\/12\/06\/culminaron-cursos-de-capacitacion-de-la-sapi\/"},"author":{"name":"NOTICIASMERCEDINAS.COM","@id":"https:\/\/noticiasmercedinas.com\/site\/#\/schema\/person\/84b59c099c28ff2e8b77d4ceec5d8063"},"headline":"Culminaron cursos de capacitaci\u00f3n de la SAPI","datePublished":"2019-12-06T21:15:16+00:00","dateModified":"2019-12-06T21:35:19+00:00","mainEntityOfPage":{"@id":"https:\/\/noticiasmercedinas.com\/site\/2019\/12\/06\/culminaron-cursos-de-capacitacion-de-la-sapi\/"},"wordCount":298,"commentCount":0,"publisher":{"@id":"https:\/\/noticiasmercedinas.com\/site\/#organization"},"image":{"@id":"https:\/\/noticiasmercedinas.com\/site\/2019\/12\/06\/culminaron-cursos-de-capacitacion-de-la-sapi\/#primaryimage"},"thumbnailUrl":"https:\/\/noticiasmercedinas.com\/site\/wp-content\/uploads\/2019\/12\/fb7413ef-f87a-421c-aec7-703d8705ce88.jpg","keywords":["infancia","primeros mil dias","salud","SAPI"],"articleSection":["Sociedad"],"inLanguage":"es","potentialAction":[{"@type":"CommentAction","name":"Comment","target":["https:\/\/noticiasmercedinas.com\/site\/2019\/12\/06\/culminaron-cursos-de-capacitacion-de-la-sapi\/#respond"]}]},{"@type":"WebPage","@id":"https:\/\/noticiasmercedinas.com\/site\/2019\/12\/06\/culminaron-cursos-de-capacitacion-de-la-sapi\/","url":"https:\/\/noticiasmercedinas.com\/site\/2019\/12\/06\/culminaron-cursos-de-capacitacion-de-la-sapi\/","name":"Culminaron cursos de capacitaci\u00f3n de la SAPI","isPartOf":{"@id":"https:\/\/noticiasmercedinas.com\/site\/#website"},"primaryImageOfPage":{"@id":"https:\/\/noticiasmercedinas.com\/site\/2019\/12\/06\/culminaron-cursos-de-capacitacion-de-la-sapi\/#primaryimage"},"image":{"@id":"https:\/\/noticiasmercedinas.com\/site\/2019\/12\/06\/culminaron-cursos-de-capacitacion-de-la-sapi\/#primaryimage"},"thumbnailUrl":"https:\/\/noticiasmercedinas.com\/site\/wp-content\/uploads\/2019\/12\/fb7413ef-f87a-421c-aec7-703d8705ce88.jpg","datePublished":"2019-12-06T21:15:16+00:00","dateModified":"2019-12-06T21:35:19+00:00","breadcrumb":{"@id":"https:\/\/noticiasmercedinas.com\/site\/2019\/12\/06\/culminaron-cursos-de-capacitacion-de-la-sapi\/#breadcrumb"},"inLanguage":"es","potentialAction":[{"@type":"ReadAction","target":["https:\/\/noticiasmercedinas.com\/site\/2019\/12\/06\/culminaron-cursos-de-capacitacion-de-la-sapi\/"]}]},{"@type":"ImageObject","inLanguage":"es","@id":"https:\/\/noticiasmercedinas.com\/site\/2019\/12\/06\/culminaron-cursos-de-capacitacion-de-la-sapi\/#primaryimage","url":"https:\/\/noticiasmercedinas.com\/site\/wp-content\/uploads\/2019\/12\/fb7413ef-f87a-421c-aec7-703d8705ce88.jpg","contentUrl":"https:\/\/noticiasmercedinas.com\/site\/wp-content\/uploads\/2019\/12\/fb7413ef-f87a-421c-aec7-703d8705ce88.jpg","width":1280,"height":853},{"@type":"BreadcrumbList","@id":"https:\/\/noticiasmercedinas.com\/site\/2019\/12\/06\/culminaron-cursos-de-capacitacion-de-la-sapi\/#breadcrumb","itemListElement":[{"@type":"ListItem","position":1,"name":"Portada","item":"https:\/\/noticiasmercedinas.com\/site\/"},{"@type":"ListItem","position":2,"name":"Culminaron cursos de capacitaci\u00f3n de la SAPI"}]},{"@type":"WebSite","@id":"https:\/\/noticiasmercedinas.com\/site\/#website","url":"https:\/\/noticiasmercedinas.com\/site\/","name":"NOTICIASMERCEDINAS.COM","description":"Mercedes, Buenos Aires, Argentina","publisher":{"@id":"https:\/\/noticiasmercedinas.com\/site\/#organization"},"potentialAction":[{"@type":"SearchAction","target":{"@type":"EntryPoint","urlTemplate":"https:\/\/noticiasmercedinas.com\/site\/?s={search_term_string}"},"query-input":{"@type":"PropertyValueSpecification","valueRequired":true,"valueName":"search_term_string"}}],"inLanguage":"es"},{"@type":"Organization","@id":"https:\/\/noticiasmercedinas.com\/site\/#organization","name":"NOTICIASMERCEDINAS.COM","url":"https:\/\/noticiasmercedinas.com\/site\/","logo":{"@type":"ImageObject","inLanguage":"es","@id":"https:\/\/noticiasmercedinas.com\/site\/#\/schema\/logo\/image\/","url":"https:\/\/noticiasmercedinas.com\/site\/wp-content\/uploads\/2020\/06\/LOGO-512.jpg","contentUrl":"https:\/\/noticiasmercedinas.com\/site\/wp-content\/uploads\/2020\/06\/LOGO-512.jpg","width":512,"height":512,"caption":"NOTICIASMERCEDINAS.COM"},"image":{"@id":"https:\/\/noticiasmercedinas.com\/site\/#\/schema\/logo\/image\/"},"sameAs":["https:\/\/www.facebook.com\/noticiasmercedinas\/","https:\/\/x.com\/notmercedinas","https:\/\/www.instagram.com\/noticiasmercedinas\/"]},{"@type":"Person","@id":"https:\/\/noticiasmercedinas.com\/site\/#\/schema\/person\/84b59c099c28ff2e8b77d4ceec5d8063","name":"NOTICIASMERCEDINAS.COM","image":{"@type":"ImageObject","inLanguage":"es","@id":"https:\/\/secure.gravatar.com\/avatar\/4dfbf16b4d17945bfb6341b2d19043457132fcf478a5ee04f42e959fd8f5df0a?s=96&d=mm&r=g","url":"https:\/\/secure.gravatar.com\/avatar\/4dfbf16b4d17945bfb6341b2d19043457132fcf478a5ee04f42e959fd8f5df0a?s=96&d=mm&r=g","contentUrl":"https:\/\/secure.gravatar.com\/avatar\/4dfbf16b4d17945bfb6341b2d19043457132fcf478a5ee04f42e959fd8f5df0a?s=96&d=mm&r=g","caption":"NOTICIASMERCEDINAS.COM"},"url":"https:\/\/noticiasmercedinas.com\/site\/author\/anonimo\/"}]}},"amp_enabled":true,"_links":{"self":[{"href":"https:\/\/noticiasmercedinas.com\/site\/wp-json\/wp\/v2\/posts\/35412","targetHints":{"allow":["GET"]}}],"collection":[{"href":"https:\/\/noticiasmercedinas.com\/site\/wp-json\/wp\/v2\/posts"}],"about":[{"href":"https:\/\/noticiasmercedinas.com\/site\/wp-json\/wp\/v2\/types\/post"}],"author":[{"embeddable":true,"href":"https:\/\/noticiasmercedinas.com\/site\/wp-json\/wp\/v2\/users\/16"}],"replies":[{"embeddable":true,"href":"https:\/\/noticiasmercedinas.com\/site\/wp-json\/wp\/v2\/comments?post=35412"}],"version-history":[{"count":1,"href":"https:\/\/noticiasmercedinas.com\/site\/wp-json\/wp\/v2\/posts\/35412\/revisions"}],"predecessor-version":[{"id":35414,"href":"https:\/\/noticiasmercedinas.com\/site\/wp-json\/wp\/v2\/posts\/35412\/revisions\/35414"}],"wp:featuredmedia":[{"embeddable":true,"href":"https:\/\/noticiasmercedinas.com\/site\/wp-json\/wp\/v2\/media\/35413"}],"wp:attachment":[{"href":"https:\/\/noticiasmercedinas.com\/site\/wp-json\/wp\/v2\/media?parent=35412"}],"wp:term":[{"taxonomy":"category","embeddable":true,"href":"https:\/\/noticiasmercedinas.com\/site\/wp-json\/wp\/v2\/categories?post=35412"},{"taxonomy":"post_tag","embeddable":true,"href":"https:\/\/noticiasmercedinas.com\/site\/wp-json\/wp\/v2\/tags?post=35412"}],"curies":[{"name":"wp","href":"https:\/\/api.w.org\/{rel}","templated":true}]}}