{"id":35449,"date":"2019-12-07T08:58:01","date_gmt":"2019-12-07T11:58:01","guid":{"rendered":"https:\/\/noticiasmercedinas.com\/site\/?p=35449"},"modified":"2019-12-07T08:58:01","modified_gmt":"2019-12-07T11:58:01","slug":"ausencia-en-sesiones-no-es-un-actuar-caprichoso-aseguro-la-concejal-bustelo","status":"publish","type":"post","link":"https:\/\/noticiasmercedinas.com\/site\/2019\/12\/07\/ausencia-en-sesiones-no-es-un-actuar-caprichoso-aseguro-la-concejal-bustelo\/","title":{"rendered":"Ausencia en sesiones: \u201cNo es un actuar caprichoso\u201d, asegur\u00f3 la concejal Bustelo"},"content":{"rendered":"<p><img loading=\"lazy\" decoding=\"async\" class=\"alignnone wp-image-35450\" src=\"https:\/\/noticiasmercedinas.com\/site\/wp-content\/uploads\/2019\/12\/marilinabustelo.jpg\" alt=\"\" width=\"640\" height=\"420\" srcset=\"https:\/\/noticiasmercedinas.com\/site\/wp-content\/uploads\/2019\/12\/marilinabustelo.jpg 512w, https:\/\/noticiasmercedinas.com\/site\/wp-content\/uploads\/2019\/12\/marilinabustelo-300x197.jpg 300w\" sizes=\"auto, (max-width: 640px) 100vw, 640px\" \/><\/p>\n<p>La concejal <strong>Marilina Bustelo<\/strong>, del Frente Cambiemos, expres\u00f3 ante este medio su sentir con respecto a las discusiones en torno a la no presentaci\u00f3n del bloque que integra a la hora de dar tratamiento a la ampliaci\u00f3n del presupuesto del a\u00f1o en curso, asegurando que no es un actuar caprichoso y dando algunos de los motivos por los que, personalmente, considera no dieron qu\u00f3rum.<\/p>\n<p>Tras los dos intentes de sesiones extraordinarias, que no tuvieron qu\u00f3rum, y en miras al nuevo llamado del lunes, Bustelo indic\u00f3: \u201cNo es un actuar caprichoso nuestro el no dar qu\u00f3rum\u201d.<\/p>\n<p>Lo que dijo es que el expediente anexo en la extraordinaria solo beneficia a la planta pol\u00edtica y no al empleado raso, con lo que no est\u00e1n de acuerdo. \u201cEl expediente 6090\/19, desde donde se lo vea hace referencia a un aumento en el salario de la planta pol\u00edtica. Y no solo eso, el Departamento Ejecutivo desea hacerlo retroactivo al 01\/01 de este a\u00f1o\u201d, afirm\u00f3 Bustelo, quien tiene mandato hasta 2021.<\/p>\n<p>Seg\u00fan la edil de Cambiemos, hay \u201cconceptos que nunca cobraron o no deber\u00edan haber cobrado quienes desempe\u00f1an estos puestos, ya que quedan excluidos del cobro tanto concejales como as\u00ed tambi\u00e9n la planta pol\u00edtica, algo acordado dentro del convenio colectivo de trabajo firmado por el se\u00f1or intendente en el a\u00f1o 2018\u201d.<\/p>\n<p>\u201cUn a\u00f1o despu\u00e9s se pretende que se apruebe a trav\u00e9s de este Concejo Deliberante esos aumentos que en nada benefician al empleado municipal, sino que por el contrario solo benefician a los empleados que ocupan puestos pol\u00edticos\u201d, objet\u00f3.<\/p>\n<p>\u201cNo acompa\u00f1aremos de ninguna manera estas medidas, y si realmente el Departamento Ejecutivo quieren dar un beneficio para el empleado municipal, que a estos aumentos los vuelquen a los sueldos b\u00e1sico\u201d, dijo.<\/p>\n","protected":false},"excerpt":{"rendered":"<p>La concejal Marilina Bustelo, del Frente Cambiemos, expres\u00f3 ante este medio su sentir con respecto a las discusiones en torno a la no presentaci\u00f3n del bloque que integra a la hora de dar tratamiento a la ampliaci\u00f3n del presupuesto del a\u00f1o en curso, asegurando que no es un actuar caprichoso y dando algunos de los [&hellip;]<\/p>\n","protected":false},"author":2,"featured_media":35450,"comment_status":"open","ping_status":"open","sticky":false,"template":"","format":"standard","meta":{"footnotes":""},"categories":[16],"tags":[129,19,1194,7519,4229],"class_list":["post-35449","post","type-post","status-publish","format-standard","has-post-thumbnail","hentry","category-politica","tag-cambiemos","tag-hcd","tag-marilina-bustelo","tag-quorum","tag-sesion"],"yoast_head":"<!-- This site is optimized with the Yoast SEO plugin v27.5 - https:\/\/yoast.com\/product\/yoast-seo-wordpress\/ -->\n<title>Ausencia en sesiones: \u201cNo es un actuar caprichoso\u201d, asegur\u00f3 la concejal Bustelo<\/title>\n<meta name=\"robots\" content=\"index, follow, max-snippet:-1, max-image-preview:large, max-video-preview:-1\" \/>\n<link rel=\"canonical\" href=\"https:\/\/noticiasmercedinas.com\/site\/2019\/12\/07\/ausencia-en-sesiones-no-es-un-actuar-caprichoso-aseguro-la-concejal-bustelo\/\" \/>\n<meta property=\"og:locale\" content=\"es_ES\" \/>\n<meta property=\"og:type\" content=\"article\" \/>\n<meta property=\"og:title\" content=\"Ausencia en sesiones: \u201cNo es un actuar caprichoso\u201d, asegur\u00f3 la concejal Bustelo\" \/>\n<meta property=\"og:description\" content=\"La concejal Marilina Bustelo, del Frente Cambiemos, expres\u00f3 ante este medio su sentir con respecto a las discusiones en torno a la no presentaci\u00f3n del bloque que integra a la hora de dar tratamiento a la ampliaci\u00f3n del presupuesto del a\u00f1o en curso, asegurando que no es un actuar caprichoso y dando algunos de los [&hellip;]\" \/>\n<meta property=\"og:url\" content=\"https:\/\/noticiasmercedinas.com\/site\/2019\/12\/07\/ausencia-en-sesiones-no-es-un-actuar-caprichoso-aseguro-la-concejal-bustelo\/\" \/>\n<meta property=\"og:site_name\" content=\"NOTICIASMERCEDINAS.COM\" \/>\n<meta property=\"article:publisher\" content=\"https:\/\/www.facebook.com\/noticiasmercedinas\/\" \/>\n<meta property=\"article:author\" content=\"https:\/\/www.facebook.com\/cristian.falabella\" \/>\n<meta property=\"article:published_time\" content=\"2019-12-07T11:58:01+00:00\" \/>\n<meta property=\"og:image\" content=\"https:\/\/noticiasmercedinas.com\/site\/wp-content\/uploads\/2019\/12\/marilinabustelo.jpg\" \/>\n\t<meta property=\"og:image:width\" content=\"512\" \/>\n\t<meta property=\"og:image:height\" content=\"336\" \/>\n\t<meta property=\"og:image:type\" content=\"image\/jpeg\" \/>\n<meta name=\"author\" content=\"Cristian Falabella NOTICIASMERCEDINAS.COM\" \/>\n<meta name=\"twitter:card\" content=\"summary_large_image\" \/>\n<meta name=\"twitter:creator\" content=\"@https:\/\/twitter.com\/NOTMERCEDINAS\" \/>\n<meta name=\"twitter:site\" content=\"@notmercedinas\" \/>\n<meta name=\"twitter:label1\" content=\"Escrito por\" \/>\n\t<meta name=\"twitter:data1\" content=\"Cristian Falabella NOTICIASMERCEDINAS.COM\" \/>\n\t<meta name=\"twitter:label2\" content=\"Tiempo de lectura\" \/>\n\t<meta name=\"twitter:data2\" content=\"2 minutos\" \/>\n<script type=\"application\/ld+json\" class=\"yoast-schema-graph\">{\"@context\":\"https:\\\/\\\/schema.org\",\"@graph\":[{\"@type\":\"Article\",\"@id\":\"https:\\\/\\\/noticiasmercedinas.com\\\/site\\\/2019\\\/12\\\/07\\\/ausencia-en-sesiones-no-es-un-actuar-caprichoso-aseguro-la-concejal-bustelo\\\/#article\",\"isPartOf\":{\"@id\":\"https:\\\/\\\/noticiasmercedinas.com\\\/site\\\/2019\\\/12\\\/07\\\/ausencia-en-sesiones-no-es-un-actuar-caprichoso-aseguro-la-concejal-bustelo\\\/\"},\"author\":{\"name\":\"Cristian Falabella NOTICIASMERCEDINAS.COM\",\"@id\":\"https:\\\/\\\/noticiasmercedinas.com\\\/site\\\/#\\\/schema\\\/person\\\/d481a9696a5feaec13a60e2bbd991a6a\"},\"headline\":\"Ausencia en sesiones: \u201cNo es un actuar caprichoso\u201d, asegur\u00f3 la concejal Bustelo\",\"datePublished\":\"2019-12-07T11:58:01+00:00\",\"mainEntityOfPage\":{\"@id\":\"https:\\\/\\\/noticiasmercedinas.com\\\/site\\\/2019\\\/12\\\/07\\\/ausencia-en-sesiones-no-es-un-actuar-caprichoso-aseguro-la-concejal-bustelo\\\/\"},\"wordCount\":317,\"commentCount\":0,\"publisher\":{\"@id\":\"https:\\\/\\\/noticiasmercedinas.com\\\/site\\\/#organization\"},\"image\":{\"@id\":\"https:\\\/\\\/noticiasmercedinas.com\\\/site\\\/2019\\\/12\\\/07\\\/ausencia-en-sesiones-no-es-un-actuar-caprichoso-aseguro-la-concejal-bustelo\\\/#primaryimage\"},\"thumbnailUrl\":\"https:\\\/\\\/noticiasmercedinas.com\\\/site\\\/wp-content\\\/uploads\\\/2019\\\/12\\\/marilinabustelo.jpg\",\"keywords\":[\"cambiemos\",\"HCD\",\"Marilina Bustelo\",\"quorum\",\"sesion\"],\"articleSection\":[\"Politica\"],\"inLanguage\":\"es\",\"potentialAction\":[{\"@type\":\"CommentAction\",\"name\":\"Comment\",\"target\":[\"https:\\\/\\\/noticiasmercedinas.com\\\/site\\\/2019\\\/12\\\/07\\\/ausencia-en-sesiones-no-es-un-actuar-caprichoso-aseguro-la-concejal-bustelo\\\/#respond\"]}]},{\"@type\":\"WebPage\",\"@id\":\"https:\\\/\\\/noticiasmercedinas.com\\\/site\\\/2019\\\/12\\\/07\\\/ausencia-en-sesiones-no-es-un-actuar-caprichoso-aseguro-la-concejal-bustelo\\\/\",\"url\":\"https:\\\/\\\/noticiasmercedinas.com\\\/site\\\/2019\\\/12\\\/07\\\/ausencia-en-sesiones-no-es-un-actuar-caprichoso-aseguro-la-concejal-bustelo\\\/\",\"name\":\"Ausencia en sesiones: \u201cNo es un actuar caprichoso\u201d, asegur\u00f3 la concejal Bustelo\",\"isPartOf\":{\"@id\":\"https:\\\/\\\/noticiasmercedinas.com\\\/site\\\/#website\"},\"primaryImageOfPage\":{\"@id\":\"https:\\\/\\\/noticiasmercedinas.com\\\/site\\\/2019\\\/12\\\/07\\\/ausencia-en-sesiones-no-es-un-actuar-caprichoso-aseguro-la-concejal-bustelo\\\/#primaryimage\"},\"image\":{\"@id\":\"https:\\\/\\\/noticiasmercedinas.com\\\/site\\\/2019\\\/12\\\/07\\\/ausencia-en-sesiones-no-es-un-actuar-caprichoso-aseguro-la-concejal-bustelo\\\/#primaryimage\"},\"thumbnailUrl\":\"https:\\\/\\\/noticiasmercedinas.com\\\/site\\\/wp-content\\\/uploads\\\/2019\\\/12\\\/marilinabustelo.jpg\",\"datePublished\":\"2019-12-07T11:58:01+00:00\",\"breadcrumb\":{\"@id\":\"https:\\\/\\\/noticiasmercedinas.com\\\/site\\\/2019\\\/12\\\/07\\\/ausencia-en-sesiones-no-es-un-actuar-caprichoso-aseguro-la-concejal-bustelo\\\/#breadcrumb\"},\"inLanguage\":\"es\",\"potentialAction\":[{\"@type\":\"ReadAction\",\"target\":[\"https:\\\/\\\/noticiasmercedinas.com\\\/site\\\/2019\\\/12\\\/07\\\/ausencia-en-sesiones-no-es-un-actuar-caprichoso-aseguro-la-concejal-bustelo\\\/\"]}]},{\"@type\":\"ImageObject\",\"inLanguage\":\"es\",\"@id\":\"https:\\\/\\\/noticiasmercedinas.com\\\/site\\\/2019\\\/12\\\/07\\\/ausencia-en-sesiones-no-es-un-actuar-caprichoso-aseguro-la-concejal-bustelo\\\/#primaryimage\",\"url\":\"https:\\\/\\\/noticiasmercedinas.com\\\/site\\\/wp-content\\\/uploads\\\/2019\\\/12\\\/marilinabustelo.jpg\",\"contentUrl\":\"https:\\\/\\\/noticiasmercedinas.com\\\/site\\\/wp-content\\\/uploads\\\/2019\\\/12\\\/marilinabustelo.jpg\",\"width\":512,\"height\":336},{\"@type\":\"BreadcrumbList\",\"@id\":\"https:\\\/\\\/noticiasmercedinas.com\\\/site\\\/2019\\\/12\\\/07\\\/ausencia-en-sesiones-no-es-un-actuar-caprichoso-aseguro-la-concejal-bustelo\\\/#breadcrumb\",\"itemListElement\":[{\"@type\":\"ListItem\",\"position\":1,\"name\":\"Portada\",\"item\":\"https:\\\/\\\/noticiasmercedinas.com\\\/site\\\/\"},{\"@type\":\"ListItem\",\"position\":2,\"name\":\"Ausencia en sesiones: \u201cNo es un actuar caprichoso\u201d, asegur\u00f3 la concejal Bustelo\"}]},{\"@type\":\"WebSite\",\"@id\":\"https:\\\/\\\/noticiasmercedinas.com\\\/site\\\/#website\",\"url\":\"https:\\\/\\\/noticiasmercedinas.com\\\/site\\\/\",\"name\":\"NOTICIASMERCEDINAS.COM\",\"description\":\"Mercedes, Buenos Aires, Argentina\",\"publisher\":{\"@id\":\"https:\\\/\\\/noticiasmercedinas.com\\\/site\\\/#organization\"},\"potentialAction\":[{\"@type\":\"SearchAction\",\"target\":{\"@type\":\"EntryPoint\",\"urlTemplate\":\"https:\\\/\\\/noticiasmercedinas.com\\\/site\\\/?s={search_term_string}\"},\"query-input\":{\"@type\":\"PropertyValueSpecification\",\"valueRequired\":true,\"valueName\":\"search_term_string\"}}],\"inLanguage\":\"es\"},{\"@type\":\"Organization\",\"@id\":\"https:\\\/\\\/noticiasmercedinas.com\\\/site\\\/#organization\",\"name\":\"NOTICIASMERCEDINAS.COM\",\"url\":\"https:\\\/\\\/noticiasmercedinas.com\\\/site\\\/\",\"logo\":{\"@type\":\"ImageObject\",\"inLanguage\":\"es\",\"@id\":\"https:\\\/\\\/noticiasmercedinas.com\\\/site\\\/#\\\/schema\\\/logo\\\/image\\\/\",\"url\":\"https:\\\/\\\/noticiasmercedinas.com\\\/site\\\/wp-content\\\/uploads\\\/2020\\\/06\\\/LOGO-512.jpg\",\"contentUrl\":\"https:\\\/\\\/noticiasmercedinas.com\\\/site\\\/wp-content\\\/uploads\\\/2020\\\/06\\\/LOGO-512.jpg\",\"width\":512,\"height\":512,\"caption\":\"NOTICIASMERCEDINAS.COM\"},\"image\":{\"@id\":\"https:\\\/\\\/noticiasmercedinas.com\\\/site\\\/#\\\/schema\\\/logo\\\/image\\\/\"},\"sameAs\":[\"https:\\\/\\\/www.facebook.com\\\/noticiasmercedinas\\\/\",\"https:\\\/\\\/x.com\\\/notmercedinas\",\"https:\\\/\\\/www.instagram.com\\\/noticiasmercedinas\\\/\"]},{\"@type\":\"Person\",\"@id\":\"https:\\\/\\\/noticiasmercedinas.com\\\/site\\\/#\\\/schema\\\/person\\\/d481a9696a5feaec13a60e2bbd991a6a\",\"name\":\"Cristian Falabella NOTICIASMERCEDINAS.COM\",\"image\":{\"@type\":\"ImageObject\",\"inLanguage\":\"es\",\"@id\":\"https:\\\/\\\/secure.gravatar.com\\\/avatar\\\/0dbbfc45970cc46bcd0e57766228574ff3511d6eed045b182f536f0f478c1f06?s=96&d=mm&r=g\",\"url\":\"https:\\\/\\\/secure.gravatar.com\\\/avatar\\\/0dbbfc45970cc46bcd0e57766228574ff3511d6eed045b182f536f0f478c1f06?s=96&d=mm&r=g\",\"contentUrl\":\"https:\\\/\\\/secure.gravatar.com\\\/avatar\\\/0dbbfc45970cc46bcd0e57766228574ff3511d6eed045b182f536f0f478c1f06?s=96&d=mm&r=g\",\"caption\":\"Cristian Falabella NOTICIASMERCEDINAS.COM\"},\"description\":\"Periodista, editor de Noticias Mercedinas. Pas\u00f3 por varias redacciones y emprendimientos de prensa, en distintos formatos y \u00e9pocas. Se especializ\u00f3 --y sigue haci\u00e9ndolo-- en comunicaci\u00f3n en la web y en junio de 2006 fund\u00f3 este diario digital.\",\"sameAs\":[\"https:\\\/\\\/noticiasmercedinas.com\",\"https:\\\/\\\/www.facebook.com\\\/cristian.falabella\",\"https:\\\/\\\/www.instagram.com\\\/noticiasmercedinas\\\/\",\"https:\\\/\\\/x.com\\\/https:\\\/\\\/twitter.com\\\/NOTMERCEDINAS\"],\"url\":\"https:\\\/\\\/noticiasmercedinas.com\\\/site\\\/author\\\/as000384\\\/\"}]}<\/script>\n<!-- \/ Yoast SEO plugin. -->","yoast_head_json":{"title":"Ausencia en sesiones: \u201cNo es un actuar caprichoso\u201d, asegur\u00f3 la concejal Bustelo","robots":{"index":"index","follow":"follow","max-snippet":"max-snippet:-1","max-image-preview":"max-image-preview:large","max-video-preview":"max-video-preview:-1"},"canonical":"https:\/\/noticiasmercedinas.com\/site\/2019\/12\/07\/ausencia-en-sesiones-no-es-un-actuar-caprichoso-aseguro-la-concejal-bustelo\/","og_locale":"es_ES","og_type":"article","og_title":"Ausencia en sesiones: \u201cNo es un actuar caprichoso\u201d, asegur\u00f3 la concejal Bustelo","og_description":"La concejal Marilina Bustelo, del Frente Cambiemos, expres\u00f3 ante este medio su sentir con respecto a las discusiones en torno a la no presentaci\u00f3n del bloque que integra a la hora de dar tratamiento a la ampliaci\u00f3n del presupuesto del a\u00f1o en curso, asegurando que no es un actuar caprichoso y dando algunos de los [&hellip;]","og_url":"https:\/\/noticiasmercedinas.com\/site\/2019\/12\/07\/ausencia-en-sesiones-no-es-un-actuar-caprichoso-aseguro-la-concejal-bustelo\/","og_site_name":"NOTICIASMERCEDINAS.COM","article_publisher":"https:\/\/www.facebook.com\/noticiasmercedinas\/","article_author":"https:\/\/www.facebook.com\/cristian.falabella","article_published_time":"2019-12-07T11:58:01+00:00","og_image":[{"width":512,"height":336,"url":"https:\/\/noticiasmercedinas.com\/site\/wp-content\/uploads\/2019\/12\/marilinabustelo.jpg","type":"image\/jpeg"}],"author":"Cristian Falabella NOTICIASMERCEDINAS.COM","twitter_card":"summary_large_image","twitter_creator":"@https:\/\/twitter.com\/NOTMERCEDINAS","twitter_site":"@notmercedinas","twitter_misc":{"Escrito por":"Cristian Falabella NOTICIASMERCEDINAS.COM","Tiempo de lectura":"2 minutos"},"schema":{"@context":"https:\/\/schema.org","@graph":[{"@type":"Article","@id":"https:\/\/noticiasmercedinas.com\/site\/2019\/12\/07\/ausencia-en-sesiones-no-es-un-actuar-caprichoso-aseguro-la-concejal-bustelo\/#article","isPartOf":{"@id":"https:\/\/noticiasmercedinas.com\/site\/2019\/12\/07\/ausencia-en-sesiones-no-es-un-actuar-caprichoso-aseguro-la-concejal-bustelo\/"},"author":{"name":"Cristian Falabella NOTICIASMERCEDINAS.COM","@id":"https:\/\/noticiasmercedinas.com\/site\/#\/schema\/person\/d481a9696a5feaec13a60e2bbd991a6a"},"headline":"Ausencia en sesiones: \u201cNo es un actuar caprichoso\u201d, asegur\u00f3 la concejal Bustelo","datePublished":"2019-12-07T11:58:01+00:00","mainEntityOfPage":{"@id":"https:\/\/noticiasmercedinas.com\/site\/2019\/12\/07\/ausencia-en-sesiones-no-es-un-actuar-caprichoso-aseguro-la-concejal-bustelo\/"},"wordCount":317,"commentCount":0,"publisher":{"@id":"https:\/\/noticiasmercedinas.com\/site\/#organization"},"image":{"@id":"https:\/\/noticiasmercedinas.com\/site\/2019\/12\/07\/ausencia-en-sesiones-no-es-un-actuar-caprichoso-aseguro-la-concejal-bustelo\/#primaryimage"},"thumbnailUrl":"https:\/\/noticiasmercedinas.com\/site\/wp-content\/uploads\/2019\/12\/marilinabustelo.jpg","keywords":["cambiemos","HCD","Marilina Bustelo","quorum","sesion"],"articleSection":["Politica"],"inLanguage":"es","potentialAction":[{"@type":"CommentAction","name":"Comment","target":["https:\/\/noticiasmercedinas.com\/site\/2019\/12\/07\/ausencia-en-sesiones-no-es-un-actuar-caprichoso-aseguro-la-concejal-bustelo\/#respond"]}]},{"@type":"WebPage","@id":"https:\/\/noticiasmercedinas.com\/site\/2019\/12\/07\/ausencia-en-sesiones-no-es-un-actuar-caprichoso-aseguro-la-concejal-bustelo\/","url":"https:\/\/noticiasmercedinas.com\/site\/2019\/12\/07\/ausencia-en-sesiones-no-es-un-actuar-caprichoso-aseguro-la-concejal-bustelo\/","name":"Ausencia en sesiones: \u201cNo es un actuar caprichoso\u201d, asegur\u00f3 la concejal Bustelo","isPartOf":{"@id":"https:\/\/noticiasmercedinas.com\/site\/#website"},"primaryImageOfPage":{"@id":"https:\/\/noticiasmercedinas.com\/site\/2019\/12\/07\/ausencia-en-sesiones-no-es-un-actuar-caprichoso-aseguro-la-concejal-bustelo\/#primaryimage"},"image":{"@id":"https:\/\/noticiasmercedinas.com\/site\/2019\/12\/07\/ausencia-en-sesiones-no-es-un-actuar-caprichoso-aseguro-la-concejal-bustelo\/#primaryimage"},"thumbnailUrl":"https:\/\/noticiasmercedinas.com\/site\/wp-content\/uploads\/2019\/12\/marilinabustelo.jpg","datePublished":"2019-12-07T11:58:01+00:00","breadcrumb":{"@id":"https:\/\/noticiasmercedinas.com\/site\/2019\/12\/07\/ausencia-en-sesiones-no-es-un-actuar-caprichoso-aseguro-la-concejal-bustelo\/#breadcrumb"},"inLanguage":"es","potentialAction":[{"@type":"ReadAction","target":["https:\/\/noticiasmercedinas.com\/site\/2019\/12\/07\/ausencia-en-sesiones-no-es-un-actuar-caprichoso-aseguro-la-concejal-bustelo\/"]}]},{"@type":"ImageObject","inLanguage":"es","@id":"https:\/\/noticiasmercedinas.com\/site\/2019\/12\/07\/ausencia-en-sesiones-no-es-un-actuar-caprichoso-aseguro-la-concejal-bustelo\/#primaryimage","url":"https:\/\/noticiasmercedinas.com\/site\/wp-content\/uploads\/2019\/12\/marilinabustelo.jpg","contentUrl":"https:\/\/noticiasmercedinas.com\/site\/wp-content\/uploads\/2019\/12\/marilinabustelo.jpg","width":512,"height":336},{"@type":"BreadcrumbList","@id":"https:\/\/noticiasmercedinas.com\/site\/2019\/12\/07\/ausencia-en-sesiones-no-es-un-actuar-caprichoso-aseguro-la-concejal-bustelo\/#breadcrumb","itemListElement":[{"@type":"ListItem","position":1,"name":"Portada","item":"https:\/\/noticiasmercedinas.com\/site\/"},{"@type":"ListItem","position":2,"name":"Ausencia en sesiones: \u201cNo es un actuar caprichoso\u201d, asegur\u00f3 la concejal Bustelo"}]},{"@type":"WebSite","@id":"https:\/\/noticiasmercedinas.com\/site\/#website","url":"https:\/\/noticiasmercedinas.com\/site\/","name":"NOTICIASMERCEDINAS.COM","description":"Mercedes, Buenos Aires, Argentina","publisher":{"@id":"https:\/\/noticiasmercedinas.com\/site\/#organization"},"potentialAction":[{"@type":"SearchAction","target":{"@type":"EntryPoint","urlTemplate":"https:\/\/noticiasmercedinas.com\/site\/?s={search_term_string}"},"query-input":{"@type":"PropertyValueSpecification","valueRequired":true,"valueName":"search_term_string"}}],"inLanguage":"es"},{"@type":"Organization","@id":"https:\/\/noticiasmercedinas.com\/site\/#organization","name":"NOTICIASMERCEDINAS.COM","url":"https:\/\/noticiasmercedinas.com\/site\/","logo":{"@type":"ImageObject","inLanguage":"es","@id":"https:\/\/noticiasmercedinas.com\/site\/#\/schema\/logo\/image\/","url":"https:\/\/noticiasmercedinas.com\/site\/wp-content\/uploads\/2020\/06\/LOGO-512.jpg","contentUrl":"https:\/\/noticiasmercedinas.com\/site\/wp-content\/uploads\/2020\/06\/LOGO-512.jpg","width":512,"height":512,"caption":"NOTICIASMERCEDINAS.COM"},"image":{"@id":"https:\/\/noticiasmercedinas.com\/site\/#\/schema\/logo\/image\/"},"sameAs":["https:\/\/www.facebook.com\/noticiasmercedinas\/","https:\/\/x.com\/notmercedinas","https:\/\/www.instagram.com\/noticiasmercedinas\/"]},{"@type":"Person","@id":"https:\/\/noticiasmercedinas.com\/site\/#\/schema\/person\/d481a9696a5feaec13a60e2bbd991a6a","name":"Cristian Falabella NOTICIASMERCEDINAS.COM","image":{"@type":"ImageObject","inLanguage":"es","@id":"https:\/\/secure.gravatar.com\/avatar\/0dbbfc45970cc46bcd0e57766228574ff3511d6eed045b182f536f0f478c1f06?s=96&d=mm&r=g","url":"https:\/\/secure.gravatar.com\/avatar\/0dbbfc45970cc46bcd0e57766228574ff3511d6eed045b182f536f0f478c1f06?s=96&d=mm&r=g","contentUrl":"https:\/\/secure.gravatar.com\/avatar\/0dbbfc45970cc46bcd0e57766228574ff3511d6eed045b182f536f0f478c1f06?s=96&d=mm&r=g","caption":"Cristian Falabella NOTICIASMERCEDINAS.COM"},"description":"Periodista, editor de Noticias Mercedinas. Pas\u00f3 por varias redacciones y emprendimientos de prensa, en distintos formatos y \u00e9pocas. Se especializ\u00f3 --y sigue haci\u00e9ndolo-- en comunicaci\u00f3n en la web y en junio de 2006 fund\u00f3 este diario digital.","sameAs":["https:\/\/noticiasmercedinas.com","https:\/\/www.facebook.com\/cristian.falabella","https:\/\/www.instagram.com\/noticiasmercedinas\/","https:\/\/x.com\/https:\/\/twitter.com\/NOTMERCEDINAS"],"url":"https:\/\/noticiasmercedinas.com\/site\/author\/as000384\/"}]}},"amp_enabled":true,"_links":{"self":[{"href":"https:\/\/noticiasmercedinas.com\/site\/wp-json\/wp\/v2\/posts\/35449","targetHints":{"allow":["GET"]}}],"collection":[{"href":"https:\/\/noticiasmercedinas.com\/site\/wp-json\/wp\/v2\/posts"}],"about":[{"href":"https:\/\/noticiasmercedinas.com\/site\/wp-json\/wp\/v2\/types\/post"}],"author":[{"embeddable":true,"href":"https:\/\/noticiasmercedinas.com\/site\/wp-json\/wp\/v2\/users\/2"}],"replies":[{"embeddable":true,"href":"https:\/\/noticiasmercedinas.com\/site\/wp-json\/wp\/v2\/comments?post=35449"}],"version-history":[{"count":1,"href":"https:\/\/noticiasmercedinas.com\/site\/wp-json\/wp\/v2\/posts\/35449\/revisions"}],"predecessor-version":[{"id":35451,"href":"https:\/\/noticiasmercedinas.com\/site\/wp-json\/wp\/v2\/posts\/35449\/revisions\/35451"}],"wp:featuredmedia":[{"embeddable":true,"href":"https:\/\/noticiasmercedinas.com\/site\/wp-json\/wp\/v2\/media\/35450"}],"wp:attachment":[{"href":"https:\/\/noticiasmercedinas.com\/site\/wp-json\/wp\/v2\/media?parent=35449"}],"wp:term":[{"taxonomy":"category","embeddable":true,"href":"https:\/\/noticiasmercedinas.com\/site\/wp-json\/wp\/v2\/categories?post=35449"},{"taxonomy":"post_tag","embeddable":true,"href":"https:\/\/noticiasmercedinas.com\/site\/wp-json\/wp\/v2\/tags?post=35449"}],"curies":[{"name":"wp","href":"https:\/\/api.w.org\/{rel}","templated":true}]}}