{"id":3554,"date":"2018-10-04T15:01:48","date_gmt":"2018-10-04T18:01:48","guid":{"rendered":"https:\/\/noticiasmercedinas.com\/site\/?p=3554"},"modified":"2018-10-04T15:02:11","modified_gmt":"2018-10-04T18:02:11","slug":"secretario-de-salud-presente-en-marcha-por-la-defensa-de-la-salud-publica","status":"publish","type":"post","link":"https:\/\/noticiasmercedinas.com\/site\/2018\/10\/04\/secretario-de-salud-presente-en-marcha-por-la-defensa-de-la-salud-publica\/","title":{"rendered":"Secretario de Salud, presente en Marcha por la Defensa de la Salud P\u00fablica"},"content":{"rendered":"<p><img loading=\"lazy\" decoding=\"async\" class=\"alignnone size-full wp-image-3555\" src=\"https:\/\/noticiasmercedinas.com\/site\/wp-content\/uploads\/2018\/10\/cassiani.jpg\" alt=\"\" width=\"650\" height=\"366\" srcset=\"https:\/\/noticiasmercedinas.com\/site\/wp-content\/uploads\/2018\/10\/cassiani.jpg 650w, https:\/\/noticiasmercedinas.com\/site\/wp-content\/uploads\/2018\/10\/cassiani-300x169.jpg 300w, https:\/\/noticiasmercedinas.com\/site\/wp-content\/uploads\/2018\/10\/cassiani-640x360.jpg 640w\" sizes=\"auto, (max-width: 650px) 100vw, 650px\" \/><\/p>\n<audio class=\"wp-audio-shortcode\" id=\"audio-3554-1\" preload=\"none\" style=\"width: 100%;\" controls=\"controls\"><source type=\"audio\/mpeg\" src=\"https:\/\/noticiasmercedinas.com\/site\/wp-content\/uploads\/2018\/10\/WhatsApp-Ptt-2018-10-04-at-2.16.12-PM.mp3?_=1\" \/><a href=\"https:\/\/noticiasmercedinas.com\/site\/wp-content\/uploads\/2018\/10\/WhatsApp-Ptt-2018-10-04-at-2.16.12-PM.mp3\">https:\/\/noticiasmercedinas.com\/site\/wp-content\/uploads\/2018\/10\/WhatsApp-Ptt-2018-10-04-at-2.16.12-PM.mp3<\/a><\/audio>\n<p>El doctor Pablo Cassiani, secretario de Salud de la Municipalidad de Mercedes, fue parte este jueves de la Marcha Federal por la Salud P\u00fablica, en la Ciudad de Buenos Aires.<\/p>\n<p>Sobre su participaci\u00f3n, Cassiani indic\u00f3: \u201c\u00bfC\u00f3mo no marchar en defensa de la salud p\u00fablica, en un contexto en el cual el gobierno nacional ha devaluado el ministerio a rango de secretar\u00eda? Hay quita y baja de programas, por falta de log\u00edstica de gesti\u00f3n o por falta de voluntad pol\u00edtica. Se dan de baja programas como el plan de M\u00e9dicos Comunitarios, se quita el programa Remediar, se recorta el programa de enfermedades de transmisi\u00f3n sexual, HIV SIDA y Tuberculosis\u201d.<\/p>\n<p>Seg\u00fan Cassiani, el pueblo de Mercedes \u201csufre los recortes del gobierno nacional y provincial en materia de salud\u201d: \u201cY yo me siento en la necesidad de venir a manifestarme a favor de la salud p\u00fablica. La salud como un derecho fundamental e inalienable de la persona humana. Si no podemos ejercer nuestro derecho a la salud, \u00bfc\u00f3mo vamos a ejercer el resto de nuestros derechos?\u201d, pregunt\u00f3 Pablo Cassiani al ser entrevistado por NOTICIASMERCEDINAS.COM en medio de la manifestaci\u00f3n de la que fue parte junto a otros secretarios de Salud de la regi\u00f3n que conforman la Red Argentina de Municipios por la Salud.<\/p>\n<p>Contra el desmantelamiento y el ajuste en salud es la consigna de la Marcha Federal en Defensa de la Salud P\u00fablica. Es as\u00ed que organizaciones gremiales, sociales, pol\u00edticas, estudiantiles, de derechos humanos y pacientes participan este jueves de la gran Marcha Federal en defensa de la salud p\u00fablica. A las 13, partieron desde el Ministerio de Salud y se dirigieron a la Plaza de Mayo.<\/p>\n<p><img loading=\"lazy\" decoding=\"async\" class=\"alignnone size-full wp-image-3556\" src=\"https:\/\/noticiasmercedinas.com\/site\/wp-content\/uploads\/2018\/10\/ba0f7a55-f5be-4c11-a8b9-1e4e38a21d61.jpg\" alt=\"\" width=\"1000\" height=\"1000\" srcset=\"https:\/\/noticiasmercedinas.com\/site\/wp-content\/uploads\/2018\/10\/ba0f7a55-f5be-4c11-a8b9-1e4e38a21d61.jpg 1000w, https:\/\/noticiasmercedinas.com\/site\/wp-content\/uploads\/2018\/10\/ba0f7a55-f5be-4c11-a8b9-1e4e38a21d61-150x150.jpg 150w, https:\/\/noticiasmercedinas.com\/site\/wp-content\/uploads\/2018\/10\/ba0f7a55-f5be-4c11-a8b9-1e4e38a21d61-300x300.jpg 300w, https:\/\/noticiasmercedinas.com\/site\/wp-content\/uploads\/2018\/10\/ba0f7a55-f5be-4c11-a8b9-1e4e38a21d61-768x768.jpg 768w, https:\/\/noticiasmercedinas.com\/site\/wp-content\/uploads\/2018\/10\/ba0f7a55-f5be-4c11-a8b9-1e4e38a21d61-640x640.jpg 640w, https:\/\/noticiasmercedinas.com\/site\/wp-content\/uploads\/2018\/10\/ba0f7a55-f5be-4c11-a8b9-1e4e38a21d61-681x681.jpg 681w\" sizes=\"auto, (max-width: 1000px) 100vw, 1000px\" \/><\/p>\n","protected":false},"excerpt":{"rendered":"<p>El doctor Pablo Cassiani, secretario de Salud de la Municipalidad de Mercedes, fue parte este jueves de la Marcha Federal por la Salud P\u00fablica, en la Ciudad de Buenos Aires. Sobre su participaci\u00f3n, Cassiani indic\u00f3: \u201c\u00bfC\u00f3mo no marchar en defensa de la salud p\u00fablica, en un contexto en el cual el gobierno nacional ha devaluado [&hellip;]<\/p>\n","protected":false},"author":2,"featured_media":3555,"comment_status":"open","ping_status":"open","sticky":false,"template":"","format":"standard","meta":{"footnotes":""},"categories":[3],"tags":[1175,144,71],"class_list":["post-3554","post","type-post","status-publish","format-standard","has-post-thumbnail","hentry","category-sociedad","tag-marcha-por-la-defensa-de-la-salud-publica","tag-pablo-cassiani","tag-salud"],"yoast_head":"<!-- This site is optimized with the Yoast SEO plugin v27.5 - https:\/\/yoast.com\/product\/yoast-seo-wordpress\/ -->\n<title>Secretario de Salud, presente en Marcha por la Defensa de la Salud P\u00fablica<\/title>\n<meta name=\"robots\" content=\"index, follow, max-snippet:-1, max-image-preview:large, max-video-preview:-1\" \/>\n<link rel=\"canonical\" href=\"https:\/\/noticiasmercedinas.com\/site\/2018\/10\/04\/secretario-de-salud-presente-en-marcha-por-la-defensa-de-la-salud-publica\/\" \/>\n<meta property=\"og:locale\" content=\"es_ES\" \/>\n<meta property=\"og:type\" content=\"article\" \/>\n<meta property=\"og:title\" content=\"Secretario de Salud, presente en Marcha por la Defensa de la Salud P\u00fablica\" \/>\n<meta property=\"og:description\" content=\"El doctor Pablo Cassiani, secretario de Salud de la Municipalidad de Mercedes, fue parte este jueves de la Marcha Federal por la Salud P\u00fablica, en la Ciudad de Buenos Aires. Sobre su participaci\u00f3n, Cassiani indic\u00f3: \u201c\u00bfC\u00f3mo no marchar en defensa de la salud p\u00fablica, en un contexto en el cual el gobierno nacional ha devaluado [&hellip;]\" \/>\n<meta property=\"og:url\" content=\"https:\/\/noticiasmercedinas.com\/site\/2018\/10\/04\/secretario-de-salud-presente-en-marcha-por-la-defensa-de-la-salud-publica\/\" \/>\n<meta property=\"og:site_name\" content=\"NOTICIASMERCEDINAS.COM\" \/>\n<meta property=\"article:publisher\" content=\"https:\/\/www.facebook.com\/noticiasmercedinas\/\" \/>\n<meta property=\"article:author\" content=\"https:\/\/www.facebook.com\/cristian.falabella\" \/>\n<meta property=\"article:published_time\" content=\"2018-10-04T18:01:48+00:00\" \/>\n<meta property=\"article:modified_time\" content=\"2018-10-04T18:02:11+00:00\" \/>\n<meta property=\"og:image\" content=\"https:\/\/noticiasmercedinas.com\/site\/wp-content\/uploads\/2018\/10\/cassiani.jpg\" \/>\n\t<meta property=\"og:image:width\" content=\"650\" \/>\n\t<meta property=\"og:image:height\" content=\"366\" \/>\n\t<meta property=\"og:image:type\" content=\"image\/jpeg\" \/>\n<meta name=\"author\" content=\"Cristian Falabella NOTICIASMERCEDINAS.COM\" \/>\n<meta name=\"twitter:card\" content=\"summary_large_image\" \/>\n<meta name=\"twitter:creator\" content=\"@https:\/\/twitter.com\/NOTMERCEDINAS\" \/>\n<meta name=\"twitter:site\" content=\"@notmercedinas\" \/>\n<meta name=\"twitter:label1\" content=\"Escrito por\" \/>\n\t<meta name=\"twitter:data1\" content=\"Cristian Falabella NOTICIASMERCEDINAS.COM\" \/>\n\t<meta name=\"twitter:label2\" content=\"Tiempo de lectura\" \/>\n\t<meta name=\"twitter:data2\" content=\"2 minutos\" \/>\n<script type=\"application\/ld+json\" class=\"yoast-schema-graph\">{\"@context\":\"https:\\\/\\\/schema.org\",\"@graph\":[{\"@type\":\"Article\",\"@id\":\"https:\\\/\\\/noticiasmercedinas.com\\\/site\\\/2018\\\/10\\\/04\\\/secretario-de-salud-presente-en-marcha-por-la-defensa-de-la-salud-publica\\\/#article\",\"isPartOf\":{\"@id\":\"https:\\\/\\\/noticiasmercedinas.com\\\/site\\\/2018\\\/10\\\/04\\\/secretario-de-salud-presente-en-marcha-por-la-defensa-de-la-salud-publica\\\/\"},\"author\":{\"name\":\"Cristian Falabella NOTICIASMERCEDINAS.COM\",\"@id\":\"https:\\\/\\\/noticiasmercedinas.com\\\/site\\\/#\\\/schema\\\/person\\\/d481a9696a5feaec13a60e2bbd991a6a\"},\"headline\":\"Secretario de Salud, presente en Marcha por la Defensa de la Salud P\u00fablica\",\"datePublished\":\"2018-10-04T18:01:48+00:00\",\"dateModified\":\"2018-10-04T18:02:11+00:00\",\"mainEntityOfPage\":{\"@id\":\"https:\\\/\\\/noticiasmercedinas.com\\\/site\\\/2018\\\/10\\\/04\\\/secretario-de-salud-presente-en-marcha-por-la-defensa-de-la-salud-publica\\\/\"},\"wordCount\":322,\"commentCount\":0,\"publisher\":{\"@id\":\"https:\\\/\\\/noticiasmercedinas.com\\\/site\\\/#organization\"},\"image\":{\"@id\":\"https:\\\/\\\/noticiasmercedinas.com\\\/site\\\/2018\\\/10\\\/04\\\/secretario-de-salud-presente-en-marcha-por-la-defensa-de-la-salud-publica\\\/#primaryimage\"},\"thumbnailUrl\":\"https:\\\/\\\/noticiasmercedinas.com\\\/site\\\/wp-content\\\/uploads\\\/2018\\\/10\\\/cassiani.jpg\",\"keywords\":[\"marcha por la defensa de la salud publica\",\"pablo cassiani\",\"salud\"],\"articleSection\":[\"Sociedad\"],\"inLanguage\":\"es\",\"potentialAction\":[{\"@type\":\"CommentAction\",\"name\":\"Comment\",\"target\":[\"https:\\\/\\\/noticiasmercedinas.com\\\/site\\\/2018\\\/10\\\/04\\\/secretario-de-salud-presente-en-marcha-por-la-defensa-de-la-salud-publica\\\/#respond\"]}]},{\"@type\":\"WebPage\",\"@id\":\"https:\\\/\\\/noticiasmercedinas.com\\\/site\\\/2018\\\/10\\\/04\\\/secretario-de-salud-presente-en-marcha-por-la-defensa-de-la-salud-publica\\\/\",\"url\":\"https:\\\/\\\/noticiasmercedinas.com\\\/site\\\/2018\\\/10\\\/04\\\/secretario-de-salud-presente-en-marcha-por-la-defensa-de-la-salud-publica\\\/\",\"name\":\"Secretario de Salud, presente en Marcha por la Defensa de la Salud P\u00fablica\",\"isPartOf\":{\"@id\":\"https:\\\/\\\/noticiasmercedinas.com\\\/site\\\/#website\"},\"primaryImageOfPage\":{\"@id\":\"https:\\\/\\\/noticiasmercedinas.com\\\/site\\\/2018\\\/10\\\/04\\\/secretario-de-salud-presente-en-marcha-por-la-defensa-de-la-salud-publica\\\/#primaryimage\"},\"image\":{\"@id\":\"https:\\\/\\\/noticiasmercedinas.com\\\/site\\\/2018\\\/10\\\/04\\\/secretario-de-salud-presente-en-marcha-por-la-defensa-de-la-salud-publica\\\/#primaryimage\"},\"thumbnailUrl\":\"https:\\\/\\\/noticiasmercedinas.com\\\/site\\\/wp-content\\\/uploads\\\/2018\\\/10\\\/cassiani.jpg\",\"datePublished\":\"2018-10-04T18:01:48+00:00\",\"dateModified\":\"2018-10-04T18:02:11+00:00\",\"breadcrumb\":{\"@id\":\"https:\\\/\\\/noticiasmercedinas.com\\\/site\\\/2018\\\/10\\\/04\\\/secretario-de-salud-presente-en-marcha-por-la-defensa-de-la-salud-publica\\\/#breadcrumb\"},\"inLanguage\":\"es\",\"potentialAction\":[{\"@type\":\"ReadAction\",\"target\":[\"https:\\\/\\\/noticiasmercedinas.com\\\/site\\\/2018\\\/10\\\/04\\\/secretario-de-salud-presente-en-marcha-por-la-defensa-de-la-salud-publica\\\/\"]}]},{\"@type\":\"ImageObject\",\"inLanguage\":\"es\",\"@id\":\"https:\\\/\\\/noticiasmercedinas.com\\\/site\\\/2018\\\/10\\\/04\\\/secretario-de-salud-presente-en-marcha-por-la-defensa-de-la-salud-publica\\\/#primaryimage\",\"url\":\"https:\\\/\\\/noticiasmercedinas.com\\\/site\\\/wp-content\\\/uploads\\\/2018\\\/10\\\/cassiani.jpg\",\"contentUrl\":\"https:\\\/\\\/noticiasmercedinas.com\\\/site\\\/wp-content\\\/uploads\\\/2018\\\/10\\\/cassiani.jpg\",\"width\":650,\"height\":366},{\"@type\":\"BreadcrumbList\",\"@id\":\"https:\\\/\\\/noticiasmercedinas.com\\\/site\\\/2018\\\/10\\\/04\\\/secretario-de-salud-presente-en-marcha-por-la-defensa-de-la-salud-publica\\\/#breadcrumb\",\"itemListElement\":[{\"@type\":\"ListItem\",\"position\":1,\"name\":\"Portada\",\"item\":\"https:\\\/\\\/noticiasmercedinas.com\\\/site\\\/\"},{\"@type\":\"ListItem\",\"position\":2,\"name\":\"Secretario de Salud, presente en Marcha por la Defensa de la Salud P\u00fablica\"}]},{\"@type\":\"WebSite\",\"@id\":\"https:\\\/\\\/noticiasmercedinas.com\\\/site\\\/#website\",\"url\":\"https:\\\/\\\/noticiasmercedinas.com\\\/site\\\/\",\"name\":\"NOTICIASMERCEDINAS.COM\",\"description\":\"Mercedes, Buenos Aires, Argentina\",\"publisher\":{\"@id\":\"https:\\\/\\\/noticiasmercedinas.com\\\/site\\\/#organization\"},\"potentialAction\":[{\"@type\":\"SearchAction\",\"target\":{\"@type\":\"EntryPoint\",\"urlTemplate\":\"https:\\\/\\\/noticiasmercedinas.com\\\/site\\\/?s={search_term_string}\"},\"query-input\":{\"@type\":\"PropertyValueSpecification\",\"valueRequired\":true,\"valueName\":\"search_term_string\"}}],\"inLanguage\":\"es\"},{\"@type\":\"Organization\",\"@id\":\"https:\\\/\\\/noticiasmercedinas.com\\\/site\\\/#organization\",\"name\":\"NOTICIASMERCEDINAS.COM\",\"url\":\"https:\\\/\\\/noticiasmercedinas.com\\\/site\\\/\",\"logo\":{\"@type\":\"ImageObject\",\"inLanguage\":\"es\",\"@id\":\"https:\\\/\\\/noticiasmercedinas.com\\\/site\\\/#\\\/schema\\\/logo\\\/image\\\/\",\"url\":\"https:\\\/\\\/noticiasmercedinas.com\\\/site\\\/wp-content\\\/uploads\\\/2020\\\/06\\\/LOGO-512.jpg\",\"contentUrl\":\"https:\\\/\\\/noticiasmercedinas.com\\\/site\\\/wp-content\\\/uploads\\\/2020\\\/06\\\/LOGO-512.jpg\",\"width\":512,\"height\":512,\"caption\":\"NOTICIASMERCEDINAS.COM\"},\"image\":{\"@id\":\"https:\\\/\\\/noticiasmercedinas.com\\\/site\\\/#\\\/schema\\\/logo\\\/image\\\/\"},\"sameAs\":[\"https:\\\/\\\/www.facebook.com\\\/noticiasmercedinas\\\/\",\"https:\\\/\\\/x.com\\\/notmercedinas\",\"https:\\\/\\\/www.instagram.com\\\/noticiasmercedinas\\\/\"]},{\"@type\":\"Person\",\"@id\":\"https:\\\/\\\/noticiasmercedinas.com\\\/site\\\/#\\\/schema\\\/person\\\/d481a9696a5feaec13a60e2bbd991a6a\",\"name\":\"Cristian Falabella NOTICIASMERCEDINAS.COM\",\"image\":{\"@type\":\"ImageObject\",\"inLanguage\":\"es\",\"@id\":\"https:\\\/\\\/secure.gravatar.com\\\/avatar\\\/0dbbfc45970cc46bcd0e57766228574ff3511d6eed045b182f536f0f478c1f06?s=96&d=mm&r=g\",\"url\":\"https:\\\/\\\/secure.gravatar.com\\\/avatar\\\/0dbbfc45970cc46bcd0e57766228574ff3511d6eed045b182f536f0f478c1f06?s=96&d=mm&r=g\",\"contentUrl\":\"https:\\\/\\\/secure.gravatar.com\\\/avatar\\\/0dbbfc45970cc46bcd0e57766228574ff3511d6eed045b182f536f0f478c1f06?s=96&d=mm&r=g\",\"caption\":\"Cristian Falabella NOTICIASMERCEDINAS.COM\"},\"description\":\"Periodista, editor de Noticias Mercedinas. Pas\u00f3 por varias redacciones y emprendimientos de prensa, en distintos formatos y \u00e9pocas. Se especializ\u00f3 --y sigue haci\u00e9ndolo-- en comunicaci\u00f3n en la web y en junio de 2006 fund\u00f3 este diario digital.\",\"sameAs\":[\"https:\\\/\\\/noticiasmercedinas.com\",\"https:\\\/\\\/www.facebook.com\\\/cristian.falabella\",\"https:\\\/\\\/www.instagram.com\\\/noticiasmercedinas\\\/\",\"https:\\\/\\\/x.com\\\/https:\\\/\\\/twitter.com\\\/NOTMERCEDINAS\"],\"url\":\"https:\\\/\\\/noticiasmercedinas.com\\\/site\\\/author\\\/as000384\\\/\"}]}<\/script>\n<!-- \/ Yoast SEO plugin. -->","yoast_head_json":{"title":"Secretario de Salud, presente en Marcha por la Defensa de la Salud P\u00fablica","robots":{"index":"index","follow":"follow","max-snippet":"max-snippet:-1","max-image-preview":"max-image-preview:large","max-video-preview":"max-video-preview:-1"},"canonical":"https:\/\/noticiasmercedinas.com\/site\/2018\/10\/04\/secretario-de-salud-presente-en-marcha-por-la-defensa-de-la-salud-publica\/","og_locale":"es_ES","og_type":"article","og_title":"Secretario de Salud, presente en Marcha por la Defensa de la Salud P\u00fablica","og_description":"El doctor Pablo Cassiani, secretario de Salud de la Municipalidad de Mercedes, fue parte este jueves de la Marcha Federal por la Salud P\u00fablica, en la Ciudad de Buenos Aires. Sobre su participaci\u00f3n, Cassiani indic\u00f3: \u201c\u00bfC\u00f3mo no marchar en defensa de la salud p\u00fablica, en un contexto en el cual el gobierno nacional ha devaluado [&hellip;]","og_url":"https:\/\/noticiasmercedinas.com\/site\/2018\/10\/04\/secretario-de-salud-presente-en-marcha-por-la-defensa-de-la-salud-publica\/","og_site_name":"NOTICIASMERCEDINAS.COM","article_publisher":"https:\/\/www.facebook.com\/noticiasmercedinas\/","article_author":"https:\/\/www.facebook.com\/cristian.falabella","article_published_time":"2018-10-04T18:01:48+00:00","article_modified_time":"2018-10-04T18:02:11+00:00","og_image":[{"width":650,"height":366,"url":"https:\/\/noticiasmercedinas.com\/site\/wp-content\/uploads\/2018\/10\/cassiani.jpg","type":"image\/jpeg"}],"author":"Cristian Falabella NOTICIASMERCEDINAS.COM","twitter_card":"summary_large_image","twitter_creator":"@https:\/\/twitter.com\/NOTMERCEDINAS","twitter_site":"@notmercedinas","twitter_misc":{"Escrito por":"Cristian Falabella NOTICIASMERCEDINAS.COM","Tiempo de lectura":"2 minutos"},"schema":{"@context":"https:\/\/schema.org","@graph":[{"@type":"Article","@id":"https:\/\/noticiasmercedinas.com\/site\/2018\/10\/04\/secretario-de-salud-presente-en-marcha-por-la-defensa-de-la-salud-publica\/#article","isPartOf":{"@id":"https:\/\/noticiasmercedinas.com\/site\/2018\/10\/04\/secretario-de-salud-presente-en-marcha-por-la-defensa-de-la-salud-publica\/"},"author":{"name":"Cristian Falabella NOTICIASMERCEDINAS.COM","@id":"https:\/\/noticiasmercedinas.com\/site\/#\/schema\/person\/d481a9696a5feaec13a60e2bbd991a6a"},"headline":"Secretario de Salud, presente en Marcha por la Defensa de la Salud P\u00fablica","datePublished":"2018-10-04T18:01:48+00:00","dateModified":"2018-10-04T18:02:11+00:00","mainEntityOfPage":{"@id":"https:\/\/noticiasmercedinas.com\/site\/2018\/10\/04\/secretario-de-salud-presente-en-marcha-por-la-defensa-de-la-salud-publica\/"},"wordCount":322,"commentCount":0,"publisher":{"@id":"https:\/\/noticiasmercedinas.com\/site\/#organization"},"image":{"@id":"https:\/\/noticiasmercedinas.com\/site\/2018\/10\/04\/secretario-de-salud-presente-en-marcha-por-la-defensa-de-la-salud-publica\/#primaryimage"},"thumbnailUrl":"https:\/\/noticiasmercedinas.com\/site\/wp-content\/uploads\/2018\/10\/cassiani.jpg","keywords":["marcha por la defensa de la salud publica","pablo cassiani","salud"],"articleSection":["Sociedad"],"inLanguage":"es","potentialAction":[{"@type":"CommentAction","name":"Comment","target":["https:\/\/noticiasmercedinas.com\/site\/2018\/10\/04\/secretario-de-salud-presente-en-marcha-por-la-defensa-de-la-salud-publica\/#respond"]}]},{"@type":"WebPage","@id":"https:\/\/noticiasmercedinas.com\/site\/2018\/10\/04\/secretario-de-salud-presente-en-marcha-por-la-defensa-de-la-salud-publica\/","url":"https:\/\/noticiasmercedinas.com\/site\/2018\/10\/04\/secretario-de-salud-presente-en-marcha-por-la-defensa-de-la-salud-publica\/","name":"Secretario de Salud, presente en Marcha por la Defensa de la Salud P\u00fablica","isPartOf":{"@id":"https:\/\/noticiasmercedinas.com\/site\/#website"},"primaryImageOfPage":{"@id":"https:\/\/noticiasmercedinas.com\/site\/2018\/10\/04\/secretario-de-salud-presente-en-marcha-por-la-defensa-de-la-salud-publica\/#primaryimage"},"image":{"@id":"https:\/\/noticiasmercedinas.com\/site\/2018\/10\/04\/secretario-de-salud-presente-en-marcha-por-la-defensa-de-la-salud-publica\/#primaryimage"},"thumbnailUrl":"https:\/\/noticiasmercedinas.com\/site\/wp-content\/uploads\/2018\/10\/cassiani.jpg","datePublished":"2018-10-04T18:01:48+00:00","dateModified":"2018-10-04T18:02:11+00:00","breadcrumb":{"@id":"https:\/\/noticiasmercedinas.com\/site\/2018\/10\/04\/secretario-de-salud-presente-en-marcha-por-la-defensa-de-la-salud-publica\/#breadcrumb"},"inLanguage":"es","potentialAction":[{"@type":"ReadAction","target":["https:\/\/noticiasmercedinas.com\/site\/2018\/10\/04\/secretario-de-salud-presente-en-marcha-por-la-defensa-de-la-salud-publica\/"]}]},{"@type":"ImageObject","inLanguage":"es","@id":"https:\/\/noticiasmercedinas.com\/site\/2018\/10\/04\/secretario-de-salud-presente-en-marcha-por-la-defensa-de-la-salud-publica\/#primaryimage","url":"https:\/\/noticiasmercedinas.com\/site\/wp-content\/uploads\/2018\/10\/cassiani.jpg","contentUrl":"https:\/\/noticiasmercedinas.com\/site\/wp-content\/uploads\/2018\/10\/cassiani.jpg","width":650,"height":366},{"@type":"BreadcrumbList","@id":"https:\/\/noticiasmercedinas.com\/site\/2018\/10\/04\/secretario-de-salud-presente-en-marcha-por-la-defensa-de-la-salud-publica\/#breadcrumb","itemListElement":[{"@type":"ListItem","position":1,"name":"Portada","item":"https:\/\/noticiasmercedinas.com\/site\/"},{"@type":"ListItem","position":2,"name":"Secretario de Salud, presente en Marcha por la Defensa de la Salud P\u00fablica"}]},{"@type":"WebSite","@id":"https:\/\/noticiasmercedinas.com\/site\/#website","url":"https:\/\/noticiasmercedinas.com\/site\/","name":"NOTICIASMERCEDINAS.COM","description":"Mercedes, Buenos Aires, Argentina","publisher":{"@id":"https:\/\/noticiasmercedinas.com\/site\/#organization"},"potentialAction":[{"@type":"SearchAction","target":{"@type":"EntryPoint","urlTemplate":"https:\/\/noticiasmercedinas.com\/site\/?s={search_term_string}"},"query-input":{"@type":"PropertyValueSpecification","valueRequired":true,"valueName":"search_term_string"}}],"inLanguage":"es"},{"@type":"Organization","@id":"https:\/\/noticiasmercedinas.com\/site\/#organization","name":"NOTICIASMERCEDINAS.COM","url":"https:\/\/noticiasmercedinas.com\/site\/","logo":{"@type":"ImageObject","inLanguage":"es","@id":"https:\/\/noticiasmercedinas.com\/site\/#\/schema\/logo\/image\/","url":"https:\/\/noticiasmercedinas.com\/site\/wp-content\/uploads\/2020\/06\/LOGO-512.jpg","contentUrl":"https:\/\/noticiasmercedinas.com\/site\/wp-content\/uploads\/2020\/06\/LOGO-512.jpg","width":512,"height":512,"caption":"NOTICIASMERCEDINAS.COM"},"image":{"@id":"https:\/\/noticiasmercedinas.com\/site\/#\/schema\/logo\/image\/"},"sameAs":["https:\/\/www.facebook.com\/noticiasmercedinas\/","https:\/\/x.com\/notmercedinas","https:\/\/www.instagram.com\/noticiasmercedinas\/"]},{"@type":"Person","@id":"https:\/\/noticiasmercedinas.com\/site\/#\/schema\/person\/d481a9696a5feaec13a60e2bbd991a6a","name":"Cristian Falabella NOTICIASMERCEDINAS.COM","image":{"@type":"ImageObject","inLanguage":"es","@id":"https:\/\/secure.gravatar.com\/avatar\/0dbbfc45970cc46bcd0e57766228574ff3511d6eed045b182f536f0f478c1f06?s=96&d=mm&r=g","url":"https:\/\/secure.gravatar.com\/avatar\/0dbbfc45970cc46bcd0e57766228574ff3511d6eed045b182f536f0f478c1f06?s=96&d=mm&r=g","contentUrl":"https:\/\/secure.gravatar.com\/avatar\/0dbbfc45970cc46bcd0e57766228574ff3511d6eed045b182f536f0f478c1f06?s=96&d=mm&r=g","caption":"Cristian Falabella NOTICIASMERCEDINAS.COM"},"description":"Periodista, editor de Noticias Mercedinas. Pas\u00f3 por varias redacciones y emprendimientos de prensa, en distintos formatos y \u00e9pocas. Se especializ\u00f3 --y sigue haci\u00e9ndolo-- en comunicaci\u00f3n en la web y en junio de 2006 fund\u00f3 este diario digital.","sameAs":["https:\/\/noticiasmercedinas.com","https:\/\/www.facebook.com\/cristian.falabella","https:\/\/www.instagram.com\/noticiasmercedinas\/","https:\/\/x.com\/https:\/\/twitter.com\/NOTMERCEDINAS"],"url":"https:\/\/noticiasmercedinas.com\/site\/author\/as000384\/"}]}},"amp_enabled":true,"_links":{"self":[{"href":"https:\/\/noticiasmercedinas.com\/site\/wp-json\/wp\/v2\/posts\/3554","targetHints":{"allow":["GET"]}}],"collection":[{"href":"https:\/\/noticiasmercedinas.com\/site\/wp-json\/wp\/v2\/posts"}],"about":[{"href":"https:\/\/noticiasmercedinas.com\/site\/wp-json\/wp\/v2\/types\/post"}],"author":[{"embeddable":true,"href":"https:\/\/noticiasmercedinas.com\/site\/wp-json\/wp\/v2\/users\/2"}],"replies":[{"embeddable":true,"href":"https:\/\/noticiasmercedinas.com\/site\/wp-json\/wp\/v2\/comments?post=3554"}],"version-history":[{"count":1,"href":"https:\/\/noticiasmercedinas.com\/site\/wp-json\/wp\/v2\/posts\/3554\/revisions"}],"predecessor-version":[{"id":3557,"href":"https:\/\/noticiasmercedinas.com\/site\/wp-json\/wp\/v2\/posts\/3554\/revisions\/3557"}],"wp:featuredmedia":[{"embeddable":true,"href":"https:\/\/noticiasmercedinas.com\/site\/wp-json\/wp\/v2\/media\/3555"}],"wp:attachment":[{"href":"https:\/\/noticiasmercedinas.com\/site\/wp-json\/wp\/v2\/media?parent=3554"}],"wp:term":[{"taxonomy":"category","embeddable":true,"href":"https:\/\/noticiasmercedinas.com\/site\/wp-json\/wp\/v2\/categories?post=3554"},{"taxonomy":"post_tag","embeddable":true,"href":"https:\/\/noticiasmercedinas.com\/site\/wp-json\/wp\/v2\/tags?post=3554"}],"curies":[{"name":"wp","href":"https:\/\/api.w.org\/{rel}","templated":true}]}}