{"id":35575,"date":"2019-12-08T11:06:07","date_gmt":"2019-12-08T14:06:07","guid":{"rendered":"https:\/\/noticiasmercedinas.com\/site\/?p=35575"},"modified":"2019-12-08T11:06:07","modified_gmt":"2019-12-08T14:06:07","slug":"gaston-vigo-entre-los-primeros-100-en-el-cruce-de-los-andes","status":"publish","type":"post","link":"https:\/\/noticiasmercedinas.com\/site\/2019\/12\/08\/gaston-vigo-entre-los-primeros-100-en-el-cruce-de-los-andes\/","title":{"rendered":"Gast\u00f3n Vigo, entre los primeros 100 en el Cruce de Los Andes"},"content":{"rendered":"<p><img loading=\"lazy\" decoding=\"async\" class=\"alignnone size-large wp-image-35576\" src=\"https:\/\/noticiasmercedinas.com\/site\/wp-content\/uploads\/2019\/12\/c5510fe6-0bb4-4082-8171-dce18f27c278-687x1024.jpg\" alt=\"\" width=\"640\" height=\"954\" srcset=\"https:\/\/noticiasmercedinas.com\/site\/wp-content\/uploads\/2019\/12\/c5510fe6-0bb4-4082-8171-dce18f27c278-687x1024.jpg 687w, https:\/\/noticiasmercedinas.com\/site\/wp-content\/uploads\/2019\/12\/c5510fe6-0bb4-4082-8171-dce18f27c278-201x300.jpg 201w, https:\/\/noticiasmercedinas.com\/site\/wp-content\/uploads\/2019\/12\/c5510fe6-0bb4-4082-8171-dce18f27c278-768x1144.jpg 768w, https:\/\/noticiasmercedinas.com\/site\/wp-content\/uploads\/2019\/12\/c5510fe6-0bb4-4082-8171-dce18f27c278-640x954.jpg 640w, https:\/\/noticiasmercedinas.com\/site\/wp-content\/uploads\/2019\/12\/c5510fe6-0bb4-4082-8171-dce18f27c278-681x1015.jpg 681w, https:\/\/noticiasmercedinas.com\/site\/wp-content\/uploads\/2019\/12\/c5510fe6-0bb4-4082-8171-dce18f27c278.jpg 859w\" sizes=\"auto, (max-width: 640px) 100vw, 640px\" \/><\/p>\n<p>El mercedino <strong>Gast\u00f3n Vigo<\/strong> fue uno de los casi 1700 atletas que se animaron al Cruce de Los Andes, y obtuvo un muy buen resultado ya que complet\u00f3 la competencia entre los primeros 100.<\/p>\n<p>Vigo corri\u00f3 con el n\u00famero 2514 el Cruce de Los Andes y clasific\u00f3 muy bien. Es amateur y lleg\u00f3 100 sobre 1647 competidores, en 100 km de carrera y tras tres etapas. En su categor\u00eda lleg\u00f3 37\u00ba y entre los hombres 89\u00ba sobre 900 competidores.<\/p>\n<p>Vigo empez\u00f3 a competir hace un a\u00f1o, tiene 37 a\u00f1os y en esta carrera logr\u00f3 llegar y clasificar. Junto a su equipo, el Fusion Running Team, integrado por los profesionales Nicol\u00e1s Grassi y Nahuel Piaggio, tuvo un entrenamiento s\u00faper cuidado de 6 meses para poder ser parte de esta carrera, que incluy\u00f3 control de nutricionista cada 10 d\u00edas.<\/p>\n<p>Vigo se inici\u00f3 a correr junto a Ramiro Pedeuboy, en medio de unas vacaciones, de ah\u00ed empez\u00f3 y no par\u00f3 m\u00e1s.<\/p>\n<p><img loading=\"lazy\" decoding=\"async\" class=\"alignnone size-large wp-image-35577\" src=\"https:\/\/noticiasmercedinas.com\/site\/wp-content\/uploads\/2019\/12\/68e79bcb-9ab7-4551-b0a9-14bdd29b88bd-1024x1024.jpg\" alt=\"\" width=\"640\" height=\"640\" srcset=\"https:\/\/noticiasmercedinas.com\/site\/wp-content\/uploads\/2019\/12\/68e79bcb-9ab7-4551-b0a9-14bdd29b88bd.jpg 1024w, https:\/\/noticiasmercedinas.com\/site\/wp-content\/uploads\/2019\/12\/68e79bcb-9ab7-4551-b0a9-14bdd29b88bd-300x300.jpg 300w, https:\/\/noticiasmercedinas.com\/site\/wp-content\/uploads\/2019\/12\/68e79bcb-9ab7-4551-b0a9-14bdd29b88bd-150x150.jpg 150w, https:\/\/noticiasmercedinas.com\/site\/wp-content\/uploads\/2019\/12\/68e79bcb-9ab7-4551-b0a9-14bdd29b88bd-768x768.jpg 768w, https:\/\/noticiasmercedinas.com\/site\/wp-content\/uploads\/2019\/12\/68e79bcb-9ab7-4551-b0a9-14bdd29b88bd-640x640.jpg 640w, https:\/\/noticiasmercedinas.com\/site\/wp-content\/uploads\/2019\/12\/68e79bcb-9ab7-4551-b0a9-14bdd29b88bd-681x681.jpg 681w\" sizes=\"auto, (max-width: 640px) 100vw, 640px\" \/><\/p>\n","protected":false},"excerpt":{"rendered":"<p>El mercedino Gast\u00f3n Vigo fue uno de los casi 1700 atletas que se animaron al Cruce de Los Andes, y obtuvo un muy buen resultado ya que complet\u00f3 la competencia entre los primeros 100. Vigo corri\u00f3 con el n\u00famero 2514 el Cruce de Los Andes y clasific\u00f3 muy bien. Es amateur y lleg\u00f3 100 sobre [&hellip;]<\/p>\n","protected":false},"author":16,"featured_media":35578,"comment_status":"open","ping_status":"open","sticky":false,"template":"","format":"standard","meta":{"footnotes":""},"categories":[5],"tags":[7553,7554,3009,2823],"class_list":["post-35575","post","type-post","status-publish","format-standard","has-post-thumbnail","hentry","category-deportes","tag-crce-de-los-andes","tag-fusion-running-team","tag-gaston-vigo","tag-running"],"yoast_head":"<!-- This site is optimized with the Yoast SEO plugin v27.5 - https:\/\/yoast.com\/product\/yoast-seo-wordpress\/ -->\n<title>Gast\u00f3n Vigo, entre los primeros 100 en el Cruce de Los Andes<\/title>\n<meta name=\"robots\" content=\"index, follow, max-snippet:-1, max-image-preview:large, max-video-preview:-1\" \/>\n<link rel=\"canonical\" href=\"https:\/\/noticiasmercedinas.com\/site\/2019\/12\/08\/gaston-vigo-entre-los-primeros-100-en-el-cruce-de-los-andes\/\" \/>\n<meta property=\"og:locale\" content=\"es_ES\" \/>\n<meta property=\"og:type\" content=\"article\" \/>\n<meta property=\"og:title\" content=\"Gast\u00f3n Vigo, entre los primeros 100 en el Cruce de Los Andes\" \/>\n<meta property=\"og:description\" content=\"El mercedino Gast\u00f3n Vigo fue uno de los casi 1700 atletas que se animaron al Cruce de Los Andes, y obtuvo un muy buen resultado ya que complet\u00f3 la competencia entre los primeros 100. Vigo corri\u00f3 con el n\u00famero 2514 el Cruce de Los Andes y clasific\u00f3 muy bien. Es amateur y lleg\u00f3 100 sobre [&hellip;]\" \/>\n<meta property=\"og:url\" content=\"https:\/\/noticiasmercedinas.com\/site\/2019\/12\/08\/gaston-vigo-entre-los-primeros-100-en-el-cruce-de-los-andes\/\" \/>\n<meta property=\"og:site_name\" content=\"NOTICIASMERCEDINAS.COM\" \/>\n<meta property=\"article:publisher\" content=\"https:\/\/www.facebook.com\/noticiasmercedinas\/\" \/>\n<meta property=\"article:published_time\" content=\"2019-12-08T14:06:07+00:00\" \/>\n<meta property=\"og:image\" content=\"https:\/\/noticiasmercedinas.com\/site\/wp-content\/uploads\/2019\/12\/vigo.jpg\" \/>\n\t<meta property=\"og:image:width\" content=\"859\" \/>\n\t<meta property=\"og:image:height\" content=\"634\" \/>\n\t<meta property=\"og:image:type\" content=\"image\/jpeg\" \/>\n<meta name=\"author\" content=\"NOTICIASMERCEDINAS.COM\" \/>\n<meta name=\"twitter:card\" content=\"summary_large_image\" \/>\n<meta name=\"twitter:creator\" content=\"@notmercedinas\" \/>\n<meta name=\"twitter:site\" content=\"@notmercedinas\" \/>\n<meta name=\"twitter:label1\" content=\"Escrito por\" \/>\n\t<meta name=\"twitter:data1\" content=\"NOTICIASMERCEDINAS.COM\" \/>\n\t<meta name=\"twitter:label2\" content=\"Tiempo de lectura\" \/>\n\t<meta name=\"twitter:data2\" content=\"1 minuto\" \/>\n<script type=\"application\/ld+json\" class=\"yoast-schema-graph\">{\"@context\":\"https:\\\/\\\/schema.org\",\"@graph\":[{\"@type\":\"Article\",\"@id\":\"https:\\\/\\\/noticiasmercedinas.com\\\/site\\\/2019\\\/12\\\/08\\\/gaston-vigo-entre-los-primeros-100-en-el-cruce-de-los-andes\\\/#article\",\"isPartOf\":{\"@id\":\"https:\\\/\\\/noticiasmercedinas.com\\\/site\\\/2019\\\/12\\\/08\\\/gaston-vigo-entre-los-primeros-100-en-el-cruce-de-los-andes\\\/\"},\"author\":{\"name\":\"NOTICIASMERCEDINAS.COM\",\"@id\":\"https:\\\/\\\/noticiasmercedinas.com\\\/site\\\/#\\\/schema\\\/person\\\/84b59c099c28ff2e8b77d4ceec5d8063\"},\"headline\":\"Gast\u00f3n Vigo, entre los primeros 100 en el Cruce de Los Andes\",\"datePublished\":\"2019-12-08T14:06:07+00:00\",\"mainEntityOfPage\":{\"@id\":\"https:\\\/\\\/noticiasmercedinas.com\\\/site\\\/2019\\\/12\\\/08\\\/gaston-vigo-entre-los-primeros-100-en-el-cruce-de-los-andes\\\/\"},\"wordCount\":167,\"commentCount\":0,\"publisher\":{\"@id\":\"https:\\\/\\\/noticiasmercedinas.com\\\/site\\\/#organization\"},\"image\":{\"@id\":\"https:\\\/\\\/noticiasmercedinas.com\\\/site\\\/2019\\\/12\\\/08\\\/gaston-vigo-entre-los-primeros-100-en-el-cruce-de-los-andes\\\/#primaryimage\"},\"thumbnailUrl\":\"https:\\\/\\\/noticiasmercedinas.com\\\/site\\\/wp-content\\\/uploads\\\/2019\\\/12\\\/vigo.jpg\",\"keywords\":[\"crce de los andes\",\"Fusion Running Team\",\"gaston vigo\",\"running\"],\"articleSection\":[\"Deportes\"],\"inLanguage\":\"es\",\"potentialAction\":[{\"@type\":\"CommentAction\",\"name\":\"Comment\",\"target\":[\"https:\\\/\\\/noticiasmercedinas.com\\\/site\\\/2019\\\/12\\\/08\\\/gaston-vigo-entre-los-primeros-100-en-el-cruce-de-los-andes\\\/#respond\"]}]},{\"@type\":\"WebPage\",\"@id\":\"https:\\\/\\\/noticiasmercedinas.com\\\/site\\\/2019\\\/12\\\/08\\\/gaston-vigo-entre-los-primeros-100-en-el-cruce-de-los-andes\\\/\",\"url\":\"https:\\\/\\\/noticiasmercedinas.com\\\/site\\\/2019\\\/12\\\/08\\\/gaston-vigo-entre-los-primeros-100-en-el-cruce-de-los-andes\\\/\",\"name\":\"Gast\u00f3n Vigo, entre los primeros 100 en el Cruce de Los Andes\",\"isPartOf\":{\"@id\":\"https:\\\/\\\/noticiasmercedinas.com\\\/site\\\/#website\"},\"primaryImageOfPage\":{\"@id\":\"https:\\\/\\\/noticiasmercedinas.com\\\/site\\\/2019\\\/12\\\/08\\\/gaston-vigo-entre-los-primeros-100-en-el-cruce-de-los-andes\\\/#primaryimage\"},\"image\":{\"@id\":\"https:\\\/\\\/noticiasmercedinas.com\\\/site\\\/2019\\\/12\\\/08\\\/gaston-vigo-entre-los-primeros-100-en-el-cruce-de-los-andes\\\/#primaryimage\"},\"thumbnailUrl\":\"https:\\\/\\\/noticiasmercedinas.com\\\/site\\\/wp-content\\\/uploads\\\/2019\\\/12\\\/vigo.jpg\",\"datePublished\":\"2019-12-08T14:06:07+00:00\",\"breadcrumb\":{\"@id\":\"https:\\\/\\\/noticiasmercedinas.com\\\/site\\\/2019\\\/12\\\/08\\\/gaston-vigo-entre-los-primeros-100-en-el-cruce-de-los-andes\\\/#breadcrumb\"},\"inLanguage\":\"es\",\"potentialAction\":[{\"@type\":\"ReadAction\",\"target\":[\"https:\\\/\\\/noticiasmercedinas.com\\\/site\\\/2019\\\/12\\\/08\\\/gaston-vigo-entre-los-primeros-100-en-el-cruce-de-los-andes\\\/\"]}]},{\"@type\":\"ImageObject\",\"inLanguage\":\"es\",\"@id\":\"https:\\\/\\\/noticiasmercedinas.com\\\/site\\\/2019\\\/12\\\/08\\\/gaston-vigo-entre-los-primeros-100-en-el-cruce-de-los-andes\\\/#primaryimage\",\"url\":\"https:\\\/\\\/noticiasmercedinas.com\\\/site\\\/wp-content\\\/uploads\\\/2019\\\/12\\\/vigo.jpg\",\"contentUrl\":\"https:\\\/\\\/noticiasmercedinas.com\\\/site\\\/wp-content\\\/uploads\\\/2019\\\/12\\\/vigo.jpg\",\"width\":859,\"height\":634},{\"@type\":\"BreadcrumbList\",\"@id\":\"https:\\\/\\\/noticiasmercedinas.com\\\/site\\\/2019\\\/12\\\/08\\\/gaston-vigo-entre-los-primeros-100-en-el-cruce-de-los-andes\\\/#breadcrumb\",\"itemListElement\":[{\"@type\":\"ListItem\",\"position\":1,\"name\":\"Portada\",\"item\":\"https:\\\/\\\/noticiasmercedinas.com\\\/site\\\/\"},{\"@type\":\"ListItem\",\"position\":2,\"name\":\"Gast\u00f3n Vigo, entre los primeros 100 en el Cruce de Los Andes\"}]},{\"@type\":\"WebSite\",\"@id\":\"https:\\\/\\\/noticiasmercedinas.com\\\/site\\\/#website\",\"url\":\"https:\\\/\\\/noticiasmercedinas.com\\\/site\\\/\",\"name\":\"NOTICIASMERCEDINAS.COM\",\"description\":\"Mercedes, Buenos Aires, Argentina\",\"publisher\":{\"@id\":\"https:\\\/\\\/noticiasmercedinas.com\\\/site\\\/#organization\"},\"potentialAction\":[{\"@type\":\"SearchAction\",\"target\":{\"@type\":\"EntryPoint\",\"urlTemplate\":\"https:\\\/\\\/noticiasmercedinas.com\\\/site\\\/?s={search_term_string}\"},\"query-input\":{\"@type\":\"PropertyValueSpecification\",\"valueRequired\":true,\"valueName\":\"search_term_string\"}}],\"inLanguage\":\"es\"},{\"@type\":\"Organization\",\"@id\":\"https:\\\/\\\/noticiasmercedinas.com\\\/site\\\/#organization\",\"name\":\"NOTICIASMERCEDINAS.COM\",\"url\":\"https:\\\/\\\/noticiasmercedinas.com\\\/site\\\/\",\"logo\":{\"@type\":\"ImageObject\",\"inLanguage\":\"es\",\"@id\":\"https:\\\/\\\/noticiasmercedinas.com\\\/site\\\/#\\\/schema\\\/logo\\\/image\\\/\",\"url\":\"https:\\\/\\\/noticiasmercedinas.com\\\/site\\\/wp-content\\\/uploads\\\/2020\\\/06\\\/LOGO-512.jpg\",\"contentUrl\":\"https:\\\/\\\/noticiasmercedinas.com\\\/site\\\/wp-content\\\/uploads\\\/2020\\\/06\\\/LOGO-512.jpg\",\"width\":512,\"height\":512,\"caption\":\"NOTICIASMERCEDINAS.COM\"},\"image\":{\"@id\":\"https:\\\/\\\/noticiasmercedinas.com\\\/site\\\/#\\\/schema\\\/logo\\\/image\\\/\"},\"sameAs\":[\"https:\\\/\\\/www.facebook.com\\\/noticiasmercedinas\\\/\",\"https:\\\/\\\/x.com\\\/notmercedinas\",\"https:\\\/\\\/www.instagram.com\\\/noticiasmercedinas\\\/\"]},{\"@type\":\"Person\",\"@id\":\"https:\\\/\\\/noticiasmercedinas.com\\\/site\\\/#\\\/schema\\\/person\\\/84b59c099c28ff2e8b77d4ceec5d8063\",\"name\":\"NOTICIASMERCEDINAS.COM\",\"image\":{\"@type\":\"ImageObject\",\"inLanguage\":\"es\",\"@id\":\"https:\\\/\\\/secure.gravatar.com\\\/avatar\\\/4dfbf16b4d17945bfb6341b2d19043457132fcf478a5ee04f42e959fd8f5df0a?s=96&d=mm&r=g\",\"url\":\"https:\\\/\\\/secure.gravatar.com\\\/avatar\\\/4dfbf16b4d17945bfb6341b2d19043457132fcf478a5ee04f42e959fd8f5df0a?s=96&d=mm&r=g\",\"contentUrl\":\"https:\\\/\\\/secure.gravatar.com\\\/avatar\\\/4dfbf16b4d17945bfb6341b2d19043457132fcf478a5ee04f42e959fd8f5df0a?s=96&d=mm&r=g\",\"caption\":\"NOTICIASMERCEDINAS.COM\"},\"url\":\"https:\\\/\\\/noticiasmercedinas.com\\\/site\\\/author\\\/anonimo\\\/\"}]}<\/script>\n<!-- \/ Yoast SEO plugin. -->","yoast_head_json":{"title":"Gast\u00f3n Vigo, entre los primeros 100 en el Cruce de Los Andes","robots":{"index":"index","follow":"follow","max-snippet":"max-snippet:-1","max-image-preview":"max-image-preview:large","max-video-preview":"max-video-preview:-1"},"canonical":"https:\/\/noticiasmercedinas.com\/site\/2019\/12\/08\/gaston-vigo-entre-los-primeros-100-en-el-cruce-de-los-andes\/","og_locale":"es_ES","og_type":"article","og_title":"Gast\u00f3n Vigo, entre los primeros 100 en el Cruce de Los Andes","og_description":"El mercedino Gast\u00f3n Vigo fue uno de los casi 1700 atletas que se animaron al Cruce de Los Andes, y obtuvo un muy buen resultado ya que complet\u00f3 la competencia entre los primeros 100. Vigo corri\u00f3 con el n\u00famero 2514 el Cruce de Los Andes y clasific\u00f3 muy bien. Es amateur y lleg\u00f3 100 sobre [&hellip;]","og_url":"https:\/\/noticiasmercedinas.com\/site\/2019\/12\/08\/gaston-vigo-entre-los-primeros-100-en-el-cruce-de-los-andes\/","og_site_name":"NOTICIASMERCEDINAS.COM","article_publisher":"https:\/\/www.facebook.com\/noticiasmercedinas\/","article_published_time":"2019-12-08T14:06:07+00:00","og_image":[{"width":859,"height":634,"url":"https:\/\/noticiasmercedinas.com\/site\/wp-content\/uploads\/2019\/12\/vigo.jpg","type":"image\/jpeg"}],"author":"NOTICIASMERCEDINAS.COM","twitter_card":"summary_large_image","twitter_creator":"@notmercedinas","twitter_site":"@notmercedinas","twitter_misc":{"Escrito por":"NOTICIASMERCEDINAS.COM","Tiempo de lectura":"1 minuto"},"schema":{"@context":"https:\/\/schema.org","@graph":[{"@type":"Article","@id":"https:\/\/noticiasmercedinas.com\/site\/2019\/12\/08\/gaston-vigo-entre-los-primeros-100-en-el-cruce-de-los-andes\/#article","isPartOf":{"@id":"https:\/\/noticiasmercedinas.com\/site\/2019\/12\/08\/gaston-vigo-entre-los-primeros-100-en-el-cruce-de-los-andes\/"},"author":{"name":"NOTICIASMERCEDINAS.COM","@id":"https:\/\/noticiasmercedinas.com\/site\/#\/schema\/person\/84b59c099c28ff2e8b77d4ceec5d8063"},"headline":"Gast\u00f3n Vigo, entre los primeros 100 en el Cruce de Los Andes","datePublished":"2019-12-08T14:06:07+00:00","mainEntityOfPage":{"@id":"https:\/\/noticiasmercedinas.com\/site\/2019\/12\/08\/gaston-vigo-entre-los-primeros-100-en-el-cruce-de-los-andes\/"},"wordCount":167,"commentCount":0,"publisher":{"@id":"https:\/\/noticiasmercedinas.com\/site\/#organization"},"image":{"@id":"https:\/\/noticiasmercedinas.com\/site\/2019\/12\/08\/gaston-vigo-entre-los-primeros-100-en-el-cruce-de-los-andes\/#primaryimage"},"thumbnailUrl":"https:\/\/noticiasmercedinas.com\/site\/wp-content\/uploads\/2019\/12\/vigo.jpg","keywords":["crce de los andes","Fusion Running Team","gaston vigo","running"],"articleSection":["Deportes"],"inLanguage":"es","potentialAction":[{"@type":"CommentAction","name":"Comment","target":["https:\/\/noticiasmercedinas.com\/site\/2019\/12\/08\/gaston-vigo-entre-los-primeros-100-en-el-cruce-de-los-andes\/#respond"]}]},{"@type":"WebPage","@id":"https:\/\/noticiasmercedinas.com\/site\/2019\/12\/08\/gaston-vigo-entre-los-primeros-100-en-el-cruce-de-los-andes\/","url":"https:\/\/noticiasmercedinas.com\/site\/2019\/12\/08\/gaston-vigo-entre-los-primeros-100-en-el-cruce-de-los-andes\/","name":"Gast\u00f3n Vigo, entre los primeros 100 en el Cruce de Los Andes","isPartOf":{"@id":"https:\/\/noticiasmercedinas.com\/site\/#website"},"primaryImageOfPage":{"@id":"https:\/\/noticiasmercedinas.com\/site\/2019\/12\/08\/gaston-vigo-entre-los-primeros-100-en-el-cruce-de-los-andes\/#primaryimage"},"image":{"@id":"https:\/\/noticiasmercedinas.com\/site\/2019\/12\/08\/gaston-vigo-entre-los-primeros-100-en-el-cruce-de-los-andes\/#primaryimage"},"thumbnailUrl":"https:\/\/noticiasmercedinas.com\/site\/wp-content\/uploads\/2019\/12\/vigo.jpg","datePublished":"2019-12-08T14:06:07+00:00","breadcrumb":{"@id":"https:\/\/noticiasmercedinas.com\/site\/2019\/12\/08\/gaston-vigo-entre-los-primeros-100-en-el-cruce-de-los-andes\/#breadcrumb"},"inLanguage":"es","potentialAction":[{"@type":"ReadAction","target":["https:\/\/noticiasmercedinas.com\/site\/2019\/12\/08\/gaston-vigo-entre-los-primeros-100-en-el-cruce-de-los-andes\/"]}]},{"@type":"ImageObject","inLanguage":"es","@id":"https:\/\/noticiasmercedinas.com\/site\/2019\/12\/08\/gaston-vigo-entre-los-primeros-100-en-el-cruce-de-los-andes\/#primaryimage","url":"https:\/\/noticiasmercedinas.com\/site\/wp-content\/uploads\/2019\/12\/vigo.jpg","contentUrl":"https:\/\/noticiasmercedinas.com\/site\/wp-content\/uploads\/2019\/12\/vigo.jpg","width":859,"height":634},{"@type":"BreadcrumbList","@id":"https:\/\/noticiasmercedinas.com\/site\/2019\/12\/08\/gaston-vigo-entre-los-primeros-100-en-el-cruce-de-los-andes\/#breadcrumb","itemListElement":[{"@type":"ListItem","position":1,"name":"Portada","item":"https:\/\/noticiasmercedinas.com\/site\/"},{"@type":"ListItem","position":2,"name":"Gast\u00f3n Vigo, entre los primeros 100 en el Cruce de Los Andes"}]},{"@type":"WebSite","@id":"https:\/\/noticiasmercedinas.com\/site\/#website","url":"https:\/\/noticiasmercedinas.com\/site\/","name":"NOTICIASMERCEDINAS.COM","description":"Mercedes, Buenos Aires, Argentina","publisher":{"@id":"https:\/\/noticiasmercedinas.com\/site\/#organization"},"potentialAction":[{"@type":"SearchAction","target":{"@type":"EntryPoint","urlTemplate":"https:\/\/noticiasmercedinas.com\/site\/?s={search_term_string}"},"query-input":{"@type":"PropertyValueSpecification","valueRequired":true,"valueName":"search_term_string"}}],"inLanguage":"es"},{"@type":"Organization","@id":"https:\/\/noticiasmercedinas.com\/site\/#organization","name":"NOTICIASMERCEDINAS.COM","url":"https:\/\/noticiasmercedinas.com\/site\/","logo":{"@type":"ImageObject","inLanguage":"es","@id":"https:\/\/noticiasmercedinas.com\/site\/#\/schema\/logo\/image\/","url":"https:\/\/noticiasmercedinas.com\/site\/wp-content\/uploads\/2020\/06\/LOGO-512.jpg","contentUrl":"https:\/\/noticiasmercedinas.com\/site\/wp-content\/uploads\/2020\/06\/LOGO-512.jpg","width":512,"height":512,"caption":"NOTICIASMERCEDINAS.COM"},"image":{"@id":"https:\/\/noticiasmercedinas.com\/site\/#\/schema\/logo\/image\/"},"sameAs":["https:\/\/www.facebook.com\/noticiasmercedinas\/","https:\/\/x.com\/notmercedinas","https:\/\/www.instagram.com\/noticiasmercedinas\/"]},{"@type":"Person","@id":"https:\/\/noticiasmercedinas.com\/site\/#\/schema\/person\/84b59c099c28ff2e8b77d4ceec5d8063","name":"NOTICIASMERCEDINAS.COM","image":{"@type":"ImageObject","inLanguage":"es","@id":"https:\/\/secure.gravatar.com\/avatar\/4dfbf16b4d17945bfb6341b2d19043457132fcf478a5ee04f42e959fd8f5df0a?s=96&d=mm&r=g","url":"https:\/\/secure.gravatar.com\/avatar\/4dfbf16b4d17945bfb6341b2d19043457132fcf478a5ee04f42e959fd8f5df0a?s=96&d=mm&r=g","contentUrl":"https:\/\/secure.gravatar.com\/avatar\/4dfbf16b4d17945bfb6341b2d19043457132fcf478a5ee04f42e959fd8f5df0a?s=96&d=mm&r=g","caption":"NOTICIASMERCEDINAS.COM"},"url":"https:\/\/noticiasmercedinas.com\/site\/author\/anonimo\/"}]}},"amp_enabled":true,"_links":{"self":[{"href":"https:\/\/noticiasmercedinas.com\/site\/wp-json\/wp\/v2\/posts\/35575","targetHints":{"allow":["GET"]}}],"collection":[{"href":"https:\/\/noticiasmercedinas.com\/site\/wp-json\/wp\/v2\/posts"}],"about":[{"href":"https:\/\/noticiasmercedinas.com\/site\/wp-json\/wp\/v2\/types\/post"}],"author":[{"embeddable":true,"href":"https:\/\/noticiasmercedinas.com\/site\/wp-json\/wp\/v2\/users\/16"}],"replies":[{"embeddable":true,"href":"https:\/\/noticiasmercedinas.com\/site\/wp-json\/wp\/v2\/comments?post=35575"}],"version-history":[{"count":1,"href":"https:\/\/noticiasmercedinas.com\/site\/wp-json\/wp\/v2\/posts\/35575\/revisions"}],"predecessor-version":[{"id":35579,"href":"https:\/\/noticiasmercedinas.com\/site\/wp-json\/wp\/v2\/posts\/35575\/revisions\/35579"}],"wp:featuredmedia":[{"embeddable":true,"href":"https:\/\/noticiasmercedinas.com\/site\/wp-json\/wp\/v2\/media\/35578"}],"wp:attachment":[{"href":"https:\/\/noticiasmercedinas.com\/site\/wp-json\/wp\/v2\/media?parent=35575"}],"wp:term":[{"taxonomy":"category","embeddable":true,"href":"https:\/\/noticiasmercedinas.com\/site\/wp-json\/wp\/v2\/categories?post=35575"},{"taxonomy":"post_tag","embeddable":true,"href":"https:\/\/noticiasmercedinas.com\/site\/wp-json\/wp\/v2\/tags?post=35575"}],"curies":[{"name":"wp","href":"https:\/\/api.w.org\/{rel}","templated":true}]}}