{"id":35598,"date":"2019-12-08T20:16:27","date_gmt":"2019-12-08T23:16:27","guid":{"rendered":"https:\/\/noticiasmercedinas.com\/site\/?p=35598"},"modified":"2019-12-08T20:16:27","modified_gmt":"2019-12-08T23:16:27","slug":"premiaron-los-productores-del-ano-en-la-43-fiesta-nacional-del-durazno","status":"publish","type":"post","link":"https:\/\/noticiasmercedinas.com\/site\/2019\/12\/08\/premiaron-los-productores-del-ano-en-la-43-fiesta-nacional-del-durazno\/","title":{"rendered":"Premiaron los productores del a\u00f1o en la 43\u00b0 Fiesta Nacional del Durazno"},"content":{"rendered":"\r\n                <style type=\"text\/css\">\r\n                    \r\n                    #td_uid_1_69f5d8d0113e4  .td-doubleSlider-2 .td-item1 {\r\n                        background: url(https:\/\/noticiasmercedinas.com\/site\/wp-content\/uploads\/2019\/12\/8-4-160x120.jpeg) 0 0 no-repeat;\r\n                    }\r\n                    #td_uid_1_69f5d8d0113e4  .td-doubleSlider-2 .td-item2 {\r\n                        background: url(https:\/\/noticiasmercedinas.com\/site\/wp-content\/uploads\/2019\/12\/10-2-160x120.jpeg) 0 0 no-repeat;\r\n                    }\r\n                    #td_uid_1_69f5d8d0113e4  .td-doubleSlider-2 .td-item3 {\r\n                        background: url(https:\/\/noticiasmercedinas.com\/site\/wp-content\/uploads\/2019\/12\/7-5-160x120.jpeg) 0 0 no-repeat;\r\n                    }\r\n                    #td_uid_1_69f5d8d0113e4  .td-doubleSlider-2 .td-item4 {\r\n                        background: url(https:\/\/noticiasmercedinas.com\/site\/wp-content\/uploads\/2019\/12\/4-11-160x120.jpeg) 0 0 no-repeat;\r\n                    }\r\n                    #td_uid_1_69f5d8d0113e4  .td-doubleSlider-2 .td-item5 {\r\n                        background: url(https:\/\/noticiasmercedinas.com\/site\/wp-content\/uploads\/2019\/12\/3-12-160x120.jpeg) 0 0 no-repeat;\r\n                    }\r\n                    #td_uid_1_69f5d8d0113e4  .td-doubleSlider-2 .td-item6 {\r\n                        background: url(https:\/\/noticiasmercedinas.com\/site\/wp-content\/uploads\/2019\/12\/DSC_0165-160x120.jpg) 0 0 no-repeat;\r\n                    }\r\n                <\/style>\r\n\r\n                <div id=\"td_uid_1_69f5d8d0113e4\" class=\"td-gallery td-slide-on-2-columns\">\r\n                    <div class=\"post_td_gallery\">\r\n                        <div class=\"td-gallery-slide-top\">\r\n                           <div class=\"td-gallery-title\"><\/div>\r\n\r\n                            <div class=\"td-gallery-controls-wrapper\">\r\n                                <div class=\"td-gallery-slide-count\"><span class=\"td-gallery-slide-item-focus\">1<\/span> de 6<\/div>\r\n                                <div class=\"td-gallery-slide-prev-next-but\">\r\n                                    <i class = \"td-icon-left doubleSliderPrevButton\"><\/i>\r\n                                    <i class = \"td-icon-right doubleSliderNextButton\"><\/i>\r\n                                <\/div>\r\n                            <\/div>\r\n                        <\/div>\r\n\r\n                        <div class = \"td-doubleSlider-1 \">\r\n                            <div class = \"td-slider\">\r\n                                \r\n                    <div class = \"td-slide-item td-item1\">\r\n                        <figure class=\"td-slide-galery-figure td-slide-popup-gallery\">\r\n                            <a class=\"slide-gallery-image-link\" href=\"https:\/\/noticiasmercedinas.com\/site\/wp-content\/uploads\/2019\/12\/8-4.jpeg\" title=\"8 (4)\"  data-caption=\"\"  data-description=\"\">\r\n                                <img decoding=\"async\" src=\"https:\/\/noticiasmercedinas.com\/site\/wp-content\/uploads\/2019\/12\/8-4.jpeg\" srcset=\"https:\/\/noticiasmercedinas.com\/site\/wp-content\/uploads\/2019\/12\/8-4.jpeg 1280w, https:\/\/noticiasmercedinas.com\/site\/wp-content\/uploads\/2019\/12\/8-4-300x200.jpeg 300w, https:\/\/noticiasmercedinas.com\/site\/wp-content\/uploads\/2019\/12\/8-4-1024x684.jpeg 1024w, https:\/\/noticiasmercedinas.com\/site\/wp-content\/uploads\/2019\/12\/8-4-768x513.jpeg 768w, https:\/\/noticiasmercedinas.com\/site\/wp-content\/uploads\/2019\/12\/8-4-537x360.jpeg 537w, https:\/\/noticiasmercedinas.com\/site\/wp-content\/uploads\/2019\/12\/8-4-640x428.jpeg 640w, https:\/\/noticiasmercedinas.com\/site\/wp-content\/uploads\/2019\/12\/8-4-681x455.jpeg 681w\" sizes=\"(max-width: 1280px) 100vw, 1280px\" alt=\"\">\r\n                            <\/a>\r\n                            \r\n                        <\/figure>\r\n                    <\/div>\r\n                    <div class = \"td-slide-item td-item2\">\r\n                        <figure class=\"td-slide-galery-figure td-slide-popup-gallery\">\r\n                            <a class=\"slide-gallery-image-link\" href=\"https:\/\/noticiasmercedinas.com\/site\/wp-content\/uploads\/2019\/12\/10-2.jpeg\" title=\"10 (2)\"  data-caption=\"\"  data-description=\"\">\r\n                                <img decoding=\"async\" src=\"https:\/\/noticiasmercedinas.com\/site\/wp-content\/uploads\/2019\/12\/10-2.jpeg\" srcset=\"https:\/\/noticiasmercedinas.com\/site\/wp-content\/uploads\/2019\/12\/10-2.jpeg 1280w, https:\/\/noticiasmercedinas.com\/site\/wp-content\/uploads\/2019\/12\/10-2-300x200.jpeg 300w, https:\/\/noticiasmercedinas.com\/site\/wp-content\/uploads\/2019\/12\/10-2-1024x684.jpeg 1024w, https:\/\/noticiasmercedinas.com\/site\/wp-content\/uploads\/2019\/12\/10-2-768x513.jpeg 768w, https:\/\/noticiasmercedinas.com\/site\/wp-content\/uploads\/2019\/12\/10-2-537x360.jpeg 537w, https:\/\/noticiasmercedinas.com\/site\/wp-content\/uploads\/2019\/12\/10-2-640x428.jpeg 640w, https:\/\/noticiasmercedinas.com\/site\/wp-content\/uploads\/2019\/12\/10-2-681x455.jpeg 681w\" sizes=\"(max-width: 1280px) 100vw, 1280px\" alt=\"\">\r\n                            <\/a>\r\n                            \r\n                        <\/figure>\r\n                    <\/div>\r\n                    <div class = \"td-slide-item td-item3\">\r\n                        <figure class=\"td-slide-galery-figure td-slide-popup-gallery\">\r\n                            <a class=\"slide-gallery-image-link\" href=\"https:\/\/noticiasmercedinas.com\/site\/wp-content\/uploads\/2019\/12\/7-5.jpeg\" title=\"7 (5)\"  data-caption=\"\"  data-description=\"\">\r\n                                <img decoding=\"async\" src=\"https:\/\/noticiasmercedinas.com\/site\/wp-content\/uploads\/2019\/12\/7-5.jpeg\" srcset=\"https:\/\/noticiasmercedinas.com\/site\/wp-content\/uploads\/2019\/12\/7-5.jpeg 1280w, https:\/\/noticiasmercedinas.com\/site\/wp-content\/uploads\/2019\/12\/7-5-300x200.jpeg 300w, https:\/\/noticiasmercedinas.com\/site\/wp-content\/uploads\/2019\/12\/7-5-1024x684.jpeg 1024w, https:\/\/noticiasmercedinas.com\/site\/wp-content\/uploads\/2019\/12\/7-5-768x513.jpeg 768w, https:\/\/noticiasmercedinas.com\/site\/wp-content\/uploads\/2019\/12\/7-5-537x360.jpeg 537w, https:\/\/noticiasmercedinas.com\/site\/wp-content\/uploads\/2019\/12\/7-5-640x428.jpeg 640w, https:\/\/noticiasmercedinas.com\/site\/wp-content\/uploads\/2019\/12\/7-5-681x455.jpeg 681w\" sizes=\"(max-width: 1280px) 100vw, 1280px\" alt=\"\">\r\n                            <\/a>\r\n                            \r\n                        <\/figure>\r\n                    <\/div>\r\n                    <div class = \"td-slide-item td-item4\">\r\n                        <figure class=\"td-slide-galery-figure td-slide-popup-gallery\">\r\n                            <a class=\"slide-gallery-image-link\" href=\"https:\/\/noticiasmercedinas.com\/site\/wp-content\/uploads\/2019\/12\/4-11.jpeg\" title=\"4 (11)\"  data-caption=\"\"  data-description=\"\">\r\n                                <img decoding=\"async\" src=\"https:\/\/noticiasmercedinas.com\/site\/wp-content\/uploads\/2019\/12\/4-11.jpeg\" srcset=\"https:\/\/noticiasmercedinas.com\/site\/wp-content\/uploads\/2019\/12\/4-11.jpeg 1280w, https:\/\/noticiasmercedinas.com\/site\/wp-content\/uploads\/2019\/12\/4-11-300x200.jpeg 300w, https:\/\/noticiasmercedinas.com\/site\/wp-content\/uploads\/2019\/12\/4-11-1024x684.jpeg 1024w, https:\/\/noticiasmercedinas.com\/site\/wp-content\/uploads\/2019\/12\/4-11-768x513.jpeg 768w, https:\/\/noticiasmercedinas.com\/site\/wp-content\/uploads\/2019\/12\/4-11-537x360.jpeg 537w, https:\/\/noticiasmercedinas.com\/site\/wp-content\/uploads\/2019\/12\/4-11-640x428.jpeg 640w, https:\/\/noticiasmercedinas.com\/site\/wp-content\/uploads\/2019\/12\/4-11-681x455.jpeg 681w\" sizes=\"(max-width: 1280px) 100vw, 1280px\" alt=\"\">\r\n                            <\/a>\r\n                            \r\n                        <\/figure>\r\n                    <\/div>\r\n                    <div class = \"td-slide-item td-item5\">\r\n                        <figure class=\"td-slide-galery-figure td-slide-popup-gallery\">\r\n                            <a class=\"slide-gallery-image-link\" href=\"https:\/\/noticiasmercedinas.com\/site\/wp-content\/uploads\/2019\/12\/3-12.jpeg\" title=\"3 (12)\"  data-caption=\"\"  data-description=\"\">\r\n                                <img decoding=\"async\" src=\"https:\/\/noticiasmercedinas.com\/site\/wp-content\/uploads\/2019\/12\/3-12.jpeg\" srcset=\"https:\/\/noticiasmercedinas.com\/site\/wp-content\/uploads\/2019\/12\/3-12.jpeg 1280w, https:\/\/noticiasmercedinas.com\/site\/wp-content\/uploads\/2019\/12\/3-12-300x200.jpeg 300w, https:\/\/noticiasmercedinas.com\/site\/wp-content\/uploads\/2019\/12\/3-12-1024x684.jpeg 1024w, https:\/\/noticiasmercedinas.com\/site\/wp-content\/uploads\/2019\/12\/3-12-768x513.jpeg 768w, https:\/\/noticiasmercedinas.com\/site\/wp-content\/uploads\/2019\/12\/3-12-537x360.jpeg 537w, https:\/\/noticiasmercedinas.com\/site\/wp-content\/uploads\/2019\/12\/3-12-640x428.jpeg 640w, https:\/\/noticiasmercedinas.com\/site\/wp-content\/uploads\/2019\/12\/3-12-681x455.jpeg 681w\" sizes=\"(max-width: 1280px) 100vw, 1280px\" alt=\"\">\r\n                            <\/a>\r\n                            \r\n                        <\/figure>\r\n                    <\/div>\r\n                    <div class = \"td-slide-item td-item6\">\r\n                        <figure class=\"td-slide-galery-figure td-slide-popup-gallery\">\r\n                            <a class=\"slide-gallery-image-link\" href=\"https:\/\/noticiasmercedinas.com\/site\/wp-content\/uploads\/2019\/12\/DSC_0165.jpg\" title=\"DSC_0165\"  data-caption=\"\"  data-description=\"\">\r\n                                <img decoding=\"async\" src=\"https:\/\/noticiasmercedinas.com\/site\/wp-content\/uploads\/2019\/12\/DSC_0165.jpg\" srcset=\"https:\/\/noticiasmercedinas.com\/site\/wp-content\/uploads\/2019\/12\/DSC_0165.jpg 948w, https:\/\/noticiasmercedinas.com\/site\/wp-content\/uploads\/2019\/12\/DSC_0165-300x200.jpg 300w, https:\/\/noticiasmercedinas.com\/site\/wp-content\/uploads\/2019\/12\/DSC_0165-768x512.jpg 768w, https:\/\/noticiasmercedinas.com\/site\/wp-content\/uploads\/2019\/12\/DSC_0165-640x427.jpg 640w, https:\/\/noticiasmercedinas.com\/site\/wp-content\/uploads\/2019\/12\/DSC_0165-681x454.jpg 681w\" sizes=\"(max-width: 948px) 100vw, 948px\" alt=\"\">\r\n                            <\/a>\r\n                            \r\n                        <\/figure>\r\n                    <\/div>\r\n                            <\/div>\r\n                        <\/div>\r\n\r\n                        <div class = \"td-doubleSlider-2\">\r\n                            <div class = \"td-slider\">\r\n                                \r\n                    <div class = \"td-button td-item1\">\r\n                        <div class = \"td-border\"><\/div>\r\n                    <\/div>\r\n                    <div class = \"td-button td-item2\">\r\n                        <div class = \"td-border\"><\/div>\r\n                    <\/div>\r\n                    <div class = \"td-button td-item3\">\r\n                        <div class = \"td-border\"><\/div>\r\n                    <\/div>\r\n                    <div class = \"td-button td-item4\">\r\n                        <div class = \"td-border\"><\/div>\r\n                    <\/div>\r\n                    <div class = \"td-button td-item5\">\r\n                        <div class = \"td-border\"><\/div>\r\n                    <\/div>\r\n                    <div class = \"td-button td-item6\">\r\n                        <div class = \"td-border\"><\/div>\r\n                    <\/div>\r\n                            <\/div>\r\n                        <\/div>\r\n\r\n                    <\/div>\r\n\r\n                <\/div>\r\n                \n<p>La Fiesta Nacional del Durazno tambi\u00e9n premia a los productores. Como cada a\u00f1o se reciben muestras y se efect\u00faan con un jurado las distintas acciones que permiten medir calidad y exposici\u00f3n de los frutos. Este a\u00f1o fue para un productor de San Pedro el primer lugar.<\/p>\n<p>A la hora de conocerse el resultado se pudo o\u00edr a distintos protagonistas que celebraron una nueva edici\u00f3n de la gran fiesta de fin de a\u00f1o.<\/p>\n<p>Susana Castagneto afirm\u00f3 que \u201ctenemos un gran grupo en Mercedes, con el grupo Resurgir, las mujeres rurales, los productores\u201d y sostuvo que esta \u201ces una fiesta que queremos mucho. La producci\u00f3n de durazno no es f\u00e1cil, pero hemos logrado un crecimiento y eso nos pone felices por eso para nosotros es un gran festejo en familia. Agradecemos mucho todo el apoyo de la municipalidad, del se\u00f1or intendente y de todos los funcionarios que son equipo. Hemos logrado una fiesta gratis y para todos, es una alegr\u00eda gigante, nuevamente gracias\u201d afirm\u00f3 desde el Grupo Resurgir.<\/p>\n<p>Por su parte, Jorge Guinart, oriundo de la localidad de San Pedro, de \u201cEl Nuevo Pampero \u2013 Plantas y Frutas\u201d afirm\u00f3 en el escenario mayor: \u201cHemos recibido varios premios. Hace a\u00f1os que nosotros venimos a Mercedes y somos siempre muy bien atendidos. Agradezco el premio y estamos muy orgullosos. Gracias al intendente y a todos\u201d.<\/p>\n<p>Por su parte, el intendente municipal, a la hora de tomar la palabra tras la premiaci\u00f3n, sostuvo: \u201cQuiero agradecer en la persona de Susana a todo el Grupo Resurgir, destacando que el hecho de hacerlo en La Trocha, de manera gratuita, es muy importante. Genera mucho trabajo y oportunidad para que muchos vecinos disfruten. Eso tambi\u00e9n es la esencia de las fiestas populares que sirven para promover la labor de los productores, pero tambi\u00e9n el trabajo de los artesanos, los food trucks, las cantinas solidarias, es decir, la fiesta popular para que todo el pueblo se encuentre, disfrute de los talentosos artistas, conozca los productores y celebremos unidos\u201d y remarc\u00f3 que \u201chemos tenido un gran clima de alegr\u00eda, muchas gracias a todos\u201d entre otros conceptos.<\/p>\n<p>La fiesta como cada a\u00f1o da la oportunidad de premiar los frutos de los distintos productores.<\/p>\n<p>En esta ocasi\u00f3n el primer premio fue para \u201cEl Nuevo Pampero\u201d de la localidad de San Pedro, al igual que el segundo que fue para \u201cEcofrutas\u201d de la familia Girart mientras que desde el km 95 de nuestra ciudad fue Celeste Pescio la que obtuvo el tercer puesto.<\/p>\n","protected":false},"excerpt":{"rendered":"<p>La Fiesta Nacional del Durazno tambi\u00e9n premia a los productores. Como cada a\u00f1o se reciben muestras y se efect\u00faan con un jurado las distintas acciones que permiten medir calidad y exposici\u00f3n de los frutos. Este a\u00f1o fue para un productor de San Pedro el primer lugar. A la hora de conocerse el resultado se pudo [&hellip;]<\/p>\n","protected":false},"author":16,"featured_media":35602,"comment_status":"open","ping_status":"open","sticky":false,"template":"","format":"standard","meta":{"footnotes":""},"categories":[3],"tags":[1310,3156,32,1786],"class_list":["post-35598","post","type-post","status-publish","format-standard","has-post-thumbnail","hentry","category-sociedad","tag-fiesta-del-durazno","tag-premios","tag-produccion","tag-san-pedro"],"yoast_head":"<!-- This site is optimized with the Yoast SEO plugin v27.5 - https:\/\/yoast.com\/product\/yoast-seo-wordpress\/ -->\n<title>Premiaron los productores del a\u00f1o en la 43\u00b0 Fiesta Nacional del Durazno<\/title>\n<meta name=\"robots\" content=\"index, follow, max-snippet:-1, max-image-preview:large, max-video-preview:-1\" \/>\n<link rel=\"canonical\" href=\"https:\/\/noticiasmercedinas.com\/site\/2019\/12\/08\/premiaron-los-productores-del-ano-en-la-43-fiesta-nacional-del-durazno\/\" \/>\n<meta property=\"og:locale\" content=\"es_ES\" \/>\n<meta property=\"og:type\" content=\"article\" \/>\n<meta property=\"og:title\" content=\"Premiaron los productores del a\u00f1o en la 43\u00b0 Fiesta Nacional del Durazno\" \/>\n<meta property=\"og:description\" content=\"La Fiesta Nacional del Durazno tambi\u00e9n premia a los productores. Como cada a\u00f1o se reciben muestras y se efect\u00faan con un jurado las distintas acciones que permiten medir calidad y exposici\u00f3n de los frutos. Este a\u00f1o fue para un productor de San Pedro el primer lugar. A la hora de conocerse el resultado se pudo [&hellip;]\" \/>\n<meta property=\"og:url\" content=\"https:\/\/noticiasmercedinas.com\/site\/2019\/12\/08\/premiaron-los-productores-del-ano-en-la-43-fiesta-nacional-del-durazno\/\" \/>\n<meta property=\"og:site_name\" content=\"NOTICIASMERCEDINAS.COM\" \/>\n<meta property=\"article:publisher\" content=\"https:\/\/www.facebook.com\/noticiasmercedinas\/\" \/>\n<meta property=\"article:published_time\" content=\"2019-12-08T23:16:27+00:00\" \/>\n<meta property=\"og:image\" content=\"https:\/\/noticiasmercedinas.com\/site\/wp-content\/uploads\/2019\/12\/4-11.jpeg\" \/>\n\t<meta property=\"og:image:width\" content=\"1280\" \/>\n\t<meta property=\"og:image:height\" content=\"855\" \/>\n\t<meta property=\"og:image:type\" content=\"image\/jpeg\" \/>\n<meta name=\"author\" content=\"NOTICIASMERCEDINAS.COM\" \/>\n<meta name=\"twitter:card\" content=\"summary_large_image\" \/>\n<meta name=\"twitter:creator\" content=\"@notmercedinas\" \/>\n<meta name=\"twitter:site\" content=\"@notmercedinas\" \/>\n<meta name=\"twitter:label1\" content=\"Escrito por\" \/>\n\t<meta name=\"twitter:data1\" content=\"NOTICIASMERCEDINAS.COM\" \/>\n\t<meta name=\"twitter:label2\" content=\"Tiempo de lectura\" \/>\n\t<meta name=\"twitter:data2\" content=\"2 minutos\" \/>\n<script type=\"application\/ld+json\" class=\"yoast-schema-graph\">{\"@context\":\"https:\\\/\\\/schema.org\",\"@graph\":[{\"@type\":\"Article\",\"@id\":\"https:\\\/\\\/noticiasmercedinas.com\\\/site\\\/2019\\\/12\\\/08\\\/premiaron-los-productores-del-ano-en-la-43-fiesta-nacional-del-durazno\\\/#article\",\"isPartOf\":{\"@id\":\"https:\\\/\\\/noticiasmercedinas.com\\\/site\\\/2019\\\/12\\\/08\\\/premiaron-los-productores-del-ano-en-la-43-fiesta-nacional-del-durazno\\\/\"},\"author\":{\"name\":\"NOTICIASMERCEDINAS.COM\",\"@id\":\"https:\\\/\\\/noticiasmercedinas.com\\\/site\\\/#\\\/schema\\\/person\\\/84b59c099c28ff2e8b77d4ceec5d8063\"},\"headline\":\"Premiaron los productores del a\u00f1o en la 43\u00b0 Fiesta Nacional del Durazno\",\"datePublished\":\"2019-12-08T23:16:27+00:00\",\"mainEntityOfPage\":{\"@id\":\"https:\\\/\\\/noticiasmercedinas.com\\\/site\\\/2019\\\/12\\\/08\\\/premiaron-los-productores-del-ano-en-la-43-fiesta-nacional-del-durazno\\\/\"},\"wordCount\":448,\"commentCount\":0,\"publisher\":{\"@id\":\"https:\\\/\\\/noticiasmercedinas.com\\\/site\\\/#organization\"},\"image\":{\"@id\":\"https:\\\/\\\/noticiasmercedinas.com\\\/site\\\/2019\\\/12\\\/08\\\/premiaron-los-productores-del-ano-en-la-43-fiesta-nacional-del-durazno\\\/#primaryimage\"},\"thumbnailUrl\":\"https:\\\/\\\/noticiasmercedinas.com\\\/site\\\/wp-content\\\/uploads\\\/2019\\\/12\\\/4-11.jpeg\",\"keywords\":[\"fiesta del durazno\",\"premios\",\"produccion\",\"san pedro\"],\"articleSection\":[\"Sociedad\"],\"inLanguage\":\"es\",\"potentialAction\":[{\"@type\":\"CommentAction\",\"name\":\"Comment\",\"target\":[\"https:\\\/\\\/noticiasmercedinas.com\\\/site\\\/2019\\\/12\\\/08\\\/premiaron-los-productores-del-ano-en-la-43-fiesta-nacional-del-durazno\\\/#respond\"]}]},{\"@type\":\"WebPage\",\"@id\":\"https:\\\/\\\/noticiasmercedinas.com\\\/site\\\/2019\\\/12\\\/08\\\/premiaron-los-productores-del-ano-en-la-43-fiesta-nacional-del-durazno\\\/\",\"url\":\"https:\\\/\\\/noticiasmercedinas.com\\\/site\\\/2019\\\/12\\\/08\\\/premiaron-los-productores-del-ano-en-la-43-fiesta-nacional-del-durazno\\\/\",\"name\":\"Premiaron los productores del a\u00f1o en la 43\u00b0 Fiesta Nacional del Durazno\",\"isPartOf\":{\"@id\":\"https:\\\/\\\/noticiasmercedinas.com\\\/site\\\/#website\"},\"primaryImageOfPage\":{\"@id\":\"https:\\\/\\\/noticiasmercedinas.com\\\/site\\\/2019\\\/12\\\/08\\\/premiaron-los-productores-del-ano-en-la-43-fiesta-nacional-del-durazno\\\/#primaryimage\"},\"image\":{\"@id\":\"https:\\\/\\\/noticiasmercedinas.com\\\/site\\\/2019\\\/12\\\/08\\\/premiaron-los-productores-del-ano-en-la-43-fiesta-nacional-del-durazno\\\/#primaryimage\"},\"thumbnailUrl\":\"https:\\\/\\\/noticiasmercedinas.com\\\/site\\\/wp-content\\\/uploads\\\/2019\\\/12\\\/4-11.jpeg\",\"datePublished\":\"2019-12-08T23:16:27+00:00\",\"breadcrumb\":{\"@id\":\"https:\\\/\\\/noticiasmercedinas.com\\\/site\\\/2019\\\/12\\\/08\\\/premiaron-los-productores-del-ano-en-la-43-fiesta-nacional-del-durazno\\\/#breadcrumb\"},\"inLanguage\":\"es\",\"potentialAction\":[{\"@type\":\"ReadAction\",\"target\":[\"https:\\\/\\\/noticiasmercedinas.com\\\/site\\\/2019\\\/12\\\/08\\\/premiaron-los-productores-del-ano-en-la-43-fiesta-nacional-del-durazno\\\/\"]}]},{\"@type\":\"ImageObject\",\"inLanguage\":\"es\",\"@id\":\"https:\\\/\\\/noticiasmercedinas.com\\\/site\\\/2019\\\/12\\\/08\\\/premiaron-los-productores-del-ano-en-la-43-fiesta-nacional-del-durazno\\\/#primaryimage\",\"url\":\"https:\\\/\\\/noticiasmercedinas.com\\\/site\\\/wp-content\\\/uploads\\\/2019\\\/12\\\/4-11.jpeg\",\"contentUrl\":\"https:\\\/\\\/noticiasmercedinas.com\\\/site\\\/wp-content\\\/uploads\\\/2019\\\/12\\\/4-11.jpeg\",\"width\":1280,\"height\":855},{\"@type\":\"BreadcrumbList\",\"@id\":\"https:\\\/\\\/noticiasmercedinas.com\\\/site\\\/2019\\\/12\\\/08\\\/premiaron-los-productores-del-ano-en-la-43-fiesta-nacional-del-durazno\\\/#breadcrumb\",\"itemListElement\":[{\"@type\":\"ListItem\",\"position\":1,\"name\":\"Portada\",\"item\":\"https:\\\/\\\/noticiasmercedinas.com\\\/site\\\/\"},{\"@type\":\"ListItem\",\"position\":2,\"name\":\"Premiaron los productores del a\u00f1o en la 43\u00b0 Fiesta Nacional del Durazno\"}]},{\"@type\":\"WebSite\",\"@id\":\"https:\\\/\\\/noticiasmercedinas.com\\\/site\\\/#website\",\"url\":\"https:\\\/\\\/noticiasmercedinas.com\\\/site\\\/\",\"name\":\"NOTICIASMERCEDINAS.COM\",\"description\":\"Mercedes, Buenos Aires, Argentina\",\"publisher\":{\"@id\":\"https:\\\/\\\/noticiasmercedinas.com\\\/site\\\/#organization\"},\"potentialAction\":[{\"@type\":\"SearchAction\",\"target\":{\"@type\":\"EntryPoint\",\"urlTemplate\":\"https:\\\/\\\/noticiasmercedinas.com\\\/site\\\/?s={search_term_string}\"},\"query-input\":{\"@type\":\"PropertyValueSpecification\",\"valueRequired\":true,\"valueName\":\"search_term_string\"}}],\"inLanguage\":\"es\"},{\"@type\":\"Organization\",\"@id\":\"https:\\\/\\\/noticiasmercedinas.com\\\/site\\\/#organization\",\"name\":\"NOTICIASMERCEDINAS.COM\",\"url\":\"https:\\\/\\\/noticiasmercedinas.com\\\/site\\\/\",\"logo\":{\"@type\":\"ImageObject\",\"inLanguage\":\"es\",\"@id\":\"https:\\\/\\\/noticiasmercedinas.com\\\/site\\\/#\\\/schema\\\/logo\\\/image\\\/\",\"url\":\"https:\\\/\\\/noticiasmercedinas.com\\\/site\\\/wp-content\\\/uploads\\\/2020\\\/06\\\/LOGO-512.jpg\",\"contentUrl\":\"https:\\\/\\\/noticiasmercedinas.com\\\/site\\\/wp-content\\\/uploads\\\/2020\\\/06\\\/LOGO-512.jpg\",\"width\":512,\"height\":512,\"caption\":\"NOTICIASMERCEDINAS.COM\"},\"image\":{\"@id\":\"https:\\\/\\\/noticiasmercedinas.com\\\/site\\\/#\\\/schema\\\/logo\\\/image\\\/\"},\"sameAs\":[\"https:\\\/\\\/www.facebook.com\\\/noticiasmercedinas\\\/\",\"https:\\\/\\\/x.com\\\/notmercedinas\",\"https:\\\/\\\/www.instagram.com\\\/noticiasmercedinas\\\/\"]},{\"@type\":\"Person\",\"@id\":\"https:\\\/\\\/noticiasmercedinas.com\\\/site\\\/#\\\/schema\\\/person\\\/84b59c099c28ff2e8b77d4ceec5d8063\",\"name\":\"NOTICIASMERCEDINAS.COM\",\"image\":{\"@type\":\"ImageObject\",\"inLanguage\":\"es\",\"@id\":\"https:\\\/\\\/secure.gravatar.com\\\/avatar\\\/4dfbf16b4d17945bfb6341b2d19043457132fcf478a5ee04f42e959fd8f5df0a?s=96&d=mm&r=g\",\"url\":\"https:\\\/\\\/secure.gravatar.com\\\/avatar\\\/4dfbf16b4d17945bfb6341b2d19043457132fcf478a5ee04f42e959fd8f5df0a?s=96&d=mm&r=g\",\"contentUrl\":\"https:\\\/\\\/secure.gravatar.com\\\/avatar\\\/4dfbf16b4d17945bfb6341b2d19043457132fcf478a5ee04f42e959fd8f5df0a?s=96&d=mm&r=g\",\"caption\":\"NOTICIASMERCEDINAS.COM\"},\"url\":\"https:\\\/\\\/noticiasmercedinas.com\\\/site\\\/author\\\/anonimo\\\/\"}]}<\/script>\n<!-- \/ Yoast SEO plugin. -->","yoast_head_json":{"title":"Premiaron los productores del a\u00f1o en la 43\u00b0 Fiesta Nacional del Durazno","robots":{"index":"index","follow":"follow","max-snippet":"max-snippet:-1","max-image-preview":"max-image-preview:large","max-video-preview":"max-video-preview:-1"},"canonical":"https:\/\/noticiasmercedinas.com\/site\/2019\/12\/08\/premiaron-los-productores-del-ano-en-la-43-fiesta-nacional-del-durazno\/","og_locale":"es_ES","og_type":"article","og_title":"Premiaron los productores del a\u00f1o en la 43\u00b0 Fiesta Nacional del Durazno","og_description":"La Fiesta Nacional del Durazno tambi\u00e9n premia a los productores. Como cada a\u00f1o se reciben muestras y se efect\u00faan con un jurado las distintas acciones que permiten medir calidad y exposici\u00f3n de los frutos. Este a\u00f1o fue para un productor de San Pedro el primer lugar. A la hora de conocerse el resultado se pudo [&hellip;]","og_url":"https:\/\/noticiasmercedinas.com\/site\/2019\/12\/08\/premiaron-los-productores-del-ano-en-la-43-fiesta-nacional-del-durazno\/","og_site_name":"NOTICIASMERCEDINAS.COM","article_publisher":"https:\/\/www.facebook.com\/noticiasmercedinas\/","article_published_time":"2019-12-08T23:16:27+00:00","og_image":[{"width":1280,"height":855,"url":"https:\/\/noticiasmercedinas.com\/site\/wp-content\/uploads\/2019\/12\/4-11.jpeg","type":"image\/jpeg"}],"author":"NOTICIASMERCEDINAS.COM","twitter_card":"summary_large_image","twitter_creator":"@notmercedinas","twitter_site":"@notmercedinas","twitter_misc":{"Escrito por":"NOTICIASMERCEDINAS.COM","Tiempo de lectura":"2 minutos"},"schema":{"@context":"https:\/\/schema.org","@graph":[{"@type":"Article","@id":"https:\/\/noticiasmercedinas.com\/site\/2019\/12\/08\/premiaron-los-productores-del-ano-en-la-43-fiesta-nacional-del-durazno\/#article","isPartOf":{"@id":"https:\/\/noticiasmercedinas.com\/site\/2019\/12\/08\/premiaron-los-productores-del-ano-en-la-43-fiesta-nacional-del-durazno\/"},"author":{"name":"NOTICIASMERCEDINAS.COM","@id":"https:\/\/noticiasmercedinas.com\/site\/#\/schema\/person\/84b59c099c28ff2e8b77d4ceec5d8063"},"headline":"Premiaron los productores del a\u00f1o en la 43\u00b0 Fiesta Nacional del Durazno","datePublished":"2019-12-08T23:16:27+00:00","mainEntityOfPage":{"@id":"https:\/\/noticiasmercedinas.com\/site\/2019\/12\/08\/premiaron-los-productores-del-ano-en-la-43-fiesta-nacional-del-durazno\/"},"wordCount":448,"commentCount":0,"publisher":{"@id":"https:\/\/noticiasmercedinas.com\/site\/#organization"},"image":{"@id":"https:\/\/noticiasmercedinas.com\/site\/2019\/12\/08\/premiaron-los-productores-del-ano-en-la-43-fiesta-nacional-del-durazno\/#primaryimage"},"thumbnailUrl":"https:\/\/noticiasmercedinas.com\/site\/wp-content\/uploads\/2019\/12\/4-11.jpeg","keywords":["fiesta del durazno","premios","produccion","san pedro"],"articleSection":["Sociedad"],"inLanguage":"es","potentialAction":[{"@type":"CommentAction","name":"Comment","target":["https:\/\/noticiasmercedinas.com\/site\/2019\/12\/08\/premiaron-los-productores-del-ano-en-la-43-fiesta-nacional-del-durazno\/#respond"]}]},{"@type":"WebPage","@id":"https:\/\/noticiasmercedinas.com\/site\/2019\/12\/08\/premiaron-los-productores-del-ano-en-la-43-fiesta-nacional-del-durazno\/","url":"https:\/\/noticiasmercedinas.com\/site\/2019\/12\/08\/premiaron-los-productores-del-ano-en-la-43-fiesta-nacional-del-durazno\/","name":"Premiaron los productores del a\u00f1o en la 43\u00b0 Fiesta Nacional del Durazno","isPartOf":{"@id":"https:\/\/noticiasmercedinas.com\/site\/#website"},"primaryImageOfPage":{"@id":"https:\/\/noticiasmercedinas.com\/site\/2019\/12\/08\/premiaron-los-productores-del-ano-en-la-43-fiesta-nacional-del-durazno\/#primaryimage"},"image":{"@id":"https:\/\/noticiasmercedinas.com\/site\/2019\/12\/08\/premiaron-los-productores-del-ano-en-la-43-fiesta-nacional-del-durazno\/#primaryimage"},"thumbnailUrl":"https:\/\/noticiasmercedinas.com\/site\/wp-content\/uploads\/2019\/12\/4-11.jpeg","datePublished":"2019-12-08T23:16:27+00:00","breadcrumb":{"@id":"https:\/\/noticiasmercedinas.com\/site\/2019\/12\/08\/premiaron-los-productores-del-ano-en-la-43-fiesta-nacional-del-durazno\/#breadcrumb"},"inLanguage":"es","potentialAction":[{"@type":"ReadAction","target":["https:\/\/noticiasmercedinas.com\/site\/2019\/12\/08\/premiaron-los-productores-del-ano-en-la-43-fiesta-nacional-del-durazno\/"]}]},{"@type":"ImageObject","inLanguage":"es","@id":"https:\/\/noticiasmercedinas.com\/site\/2019\/12\/08\/premiaron-los-productores-del-ano-en-la-43-fiesta-nacional-del-durazno\/#primaryimage","url":"https:\/\/noticiasmercedinas.com\/site\/wp-content\/uploads\/2019\/12\/4-11.jpeg","contentUrl":"https:\/\/noticiasmercedinas.com\/site\/wp-content\/uploads\/2019\/12\/4-11.jpeg","width":1280,"height":855},{"@type":"BreadcrumbList","@id":"https:\/\/noticiasmercedinas.com\/site\/2019\/12\/08\/premiaron-los-productores-del-ano-en-la-43-fiesta-nacional-del-durazno\/#breadcrumb","itemListElement":[{"@type":"ListItem","position":1,"name":"Portada","item":"https:\/\/noticiasmercedinas.com\/site\/"},{"@type":"ListItem","position":2,"name":"Premiaron los productores del a\u00f1o en la 43\u00b0 Fiesta Nacional del Durazno"}]},{"@type":"WebSite","@id":"https:\/\/noticiasmercedinas.com\/site\/#website","url":"https:\/\/noticiasmercedinas.com\/site\/","name":"NOTICIASMERCEDINAS.COM","description":"Mercedes, Buenos Aires, Argentina","publisher":{"@id":"https:\/\/noticiasmercedinas.com\/site\/#organization"},"potentialAction":[{"@type":"SearchAction","target":{"@type":"EntryPoint","urlTemplate":"https:\/\/noticiasmercedinas.com\/site\/?s={search_term_string}"},"query-input":{"@type":"PropertyValueSpecification","valueRequired":true,"valueName":"search_term_string"}}],"inLanguage":"es"},{"@type":"Organization","@id":"https:\/\/noticiasmercedinas.com\/site\/#organization","name":"NOTICIASMERCEDINAS.COM","url":"https:\/\/noticiasmercedinas.com\/site\/","logo":{"@type":"ImageObject","inLanguage":"es","@id":"https:\/\/noticiasmercedinas.com\/site\/#\/schema\/logo\/image\/","url":"https:\/\/noticiasmercedinas.com\/site\/wp-content\/uploads\/2020\/06\/LOGO-512.jpg","contentUrl":"https:\/\/noticiasmercedinas.com\/site\/wp-content\/uploads\/2020\/06\/LOGO-512.jpg","width":512,"height":512,"caption":"NOTICIASMERCEDINAS.COM"},"image":{"@id":"https:\/\/noticiasmercedinas.com\/site\/#\/schema\/logo\/image\/"},"sameAs":["https:\/\/www.facebook.com\/noticiasmercedinas\/","https:\/\/x.com\/notmercedinas","https:\/\/www.instagram.com\/noticiasmercedinas\/"]},{"@type":"Person","@id":"https:\/\/noticiasmercedinas.com\/site\/#\/schema\/person\/84b59c099c28ff2e8b77d4ceec5d8063","name":"NOTICIASMERCEDINAS.COM","image":{"@type":"ImageObject","inLanguage":"es","@id":"https:\/\/secure.gravatar.com\/avatar\/4dfbf16b4d17945bfb6341b2d19043457132fcf478a5ee04f42e959fd8f5df0a?s=96&d=mm&r=g","url":"https:\/\/secure.gravatar.com\/avatar\/4dfbf16b4d17945bfb6341b2d19043457132fcf478a5ee04f42e959fd8f5df0a?s=96&d=mm&r=g","contentUrl":"https:\/\/secure.gravatar.com\/avatar\/4dfbf16b4d17945bfb6341b2d19043457132fcf478a5ee04f42e959fd8f5df0a?s=96&d=mm&r=g","caption":"NOTICIASMERCEDINAS.COM"},"url":"https:\/\/noticiasmercedinas.com\/site\/author\/anonimo\/"}]}},"amp_enabled":true,"_links":{"self":[{"href":"https:\/\/noticiasmercedinas.com\/site\/wp-json\/wp\/v2\/posts\/35598","targetHints":{"allow":["GET"]}}],"collection":[{"href":"https:\/\/noticiasmercedinas.com\/site\/wp-json\/wp\/v2\/posts"}],"about":[{"href":"https:\/\/noticiasmercedinas.com\/site\/wp-json\/wp\/v2\/types\/post"}],"author":[{"embeddable":true,"href":"https:\/\/noticiasmercedinas.com\/site\/wp-json\/wp\/v2\/users\/16"}],"replies":[{"embeddable":true,"href":"https:\/\/noticiasmercedinas.com\/site\/wp-json\/wp\/v2\/comments?post=35598"}],"version-history":[{"count":1,"href":"https:\/\/noticiasmercedinas.com\/site\/wp-json\/wp\/v2\/posts\/35598\/revisions"}],"predecessor-version":[{"id":35606,"href":"https:\/\/noticiasmercedinas.com\/site\/wp-json\/wp\/v2\/posts\/35598\/revisions\/35606"}],"wp:featuredmedia":[{"embeddable":true,"href":"https:\/\/noticiasmercedinas.com\/site\/wp-json\/wp\/v2\/media\/35602"}],"wp:attachment":[{"href":"https:\/\/noticiasmercedinas.com\/site\/wp-json\/wp\/v2\/media?parent=35598"}],"wp:term":[{"taxonomy":"category","embeddable":true,"href":"https:\/\/noticiasmercedinas.com\/site\/wp-json\/wp\/v2\/categories?post=35598"},{"taxonomy":"post_tag","embeddable":true,"href":"https:\/\/noticiasmercedinas.com\/site\/wp-json\/wp\/v2\/tags?post=35598"}],"curies":[{"name":"wp","href":"https:\/\/api.w.org\/{rel}","templated":true}]}}