{"id":36207,"date":"2019-12-15T12:34:50","date_gmt":"2019-12-15T15:34:50","guid":{"rendered":"https:\/\/noticiasmercedinas.com\/site\/?p=36207"},"modified":"2019-12-15T12:34:50","modified_gmt":"2019-12-15T15:34:50","slug":"campo-mas-ciudad-convoca-contra-las-retenciones-y-la-emergencia-economica","status":"publish","type":"post","link":"https:\/\/noticiasmercedinas.com\/site\/2019\/12\/15\/campo-mas-ciudad-convoca-contra-las-retenciones-y-la-emergencia-economica\/","title":{"rendered":"\u201cCampo m\u00e1s Ciudad\u201d convoca contra las retenciones y la emergencia econ\u00f3mica"},"content":{"rendered":"<p><a href=\"https:\/\/noticiasmercedinas.com\/site\/wp-content\/uploads\/2019\/12\/soja.png\"><img loading=\"lazy\" decoding=\"async\" class=\"alignnone size-full wp-image-36208\" src=\"https:\/\/noticiasmercedinas.com\/site\/wp-content\/uploads\/2019\/12\/soja.png\" alt=\"\" width=\"640\" height=\"425\" srcset=\"https:\/\/noticiasmercedinas.com\/site\/wp-content\/uploads\/2019\/12\/soja.png 640w, https:\/\/noticiasmercedinas.com\/site\/wp-content\/uploads\/2019\/12\/soja-300x199.png 300w\" sizes=\"auto, (max-width: 640px) 100vw, 640px\" \/><\/a><\/p>\n<p>La organizaci\u00f3n \u201cCampo m\u00e1s Ciudad\u201d, cuyo referente en Mercedes es el administrador agropecuario Mart\u00edn Bossi, invita a una reuni\u00f3n hoy domingo 15 a las 17 horas en el cruce de las Ruta 5 y 41, para manifestar el malestar por la suba de las retenciones y el proyecto de Ley de Emergencia Econ\u00f3mica.<\/p>\n<p>\u201cEs una convocatoria pac\u00edfica, sin corte de ruta ni nada que afecte al tr\u00e1nsito\u201d, explic\u00f3 Bossi a NOTICIASMERCEDINAS.COM y cont\u00f3 que surgi\u00f3 de una iniciativa del diputado provincial Luciano \u201cLucho\u201d Bugallo, cercano a la diputada nacional Elisa Carri\u00f3, de la Coalici\u00f3n C\u00edvica (CC).<\/p>\n<p>Bossi, quien tambi\u00e9n pertenece a la CC y fue candidato a concejal de Juntos por el Cambio en 2019, aclar\u00f3 que \u201cno es una convocatoria partidaria sino ciudadana\u201d de Campo m\u00e1s Ciudad dirigida \u201ca productores agropecuarios y a quienes viven en las ciudades pero est\u00e1n interesados en que al sector le vaya bien\u201d.<\/p>\n<p>En di\u00e1logo con este medio, Bossi consider\u00f3 que aumentar los derechos de exportaci\u00f3n \u201ces ponerle el pie encima a un sector productivo del pa\u00eds y va en contra de la recaudaci\u00f3n\u201d. Respecto de la Emergencia Econ\u00f3mica indic\u00f3 que \u201cno puede ser que pasen todas las decisiones por el Ejecutivo sin ning\u00fan control\u201d.<\/p>\n","protected":false},"excerpt":{"rendered":"<p>La organizaci\u00f3n \u201cCampo m\u00e1s Ciudad\u201d, cuyo referente en Mercedes es el administrador agropecuario Mart\u00edn Bossi, invita a una reuni\u00f3n hoy domingo 15 a las 17 horas en el cruce de las Ruta 5 y 41, para manifestar el malestar por la suba de las retenciones y el proyecto de Ley de Emergencia Econ\u00f3mica. \u201cEs una [&hellip;]<\/p>\n","protected":false},"author":16,"featured_media":36208,"comment_status":"open","ping_status":"open","sticky":false,"template":"","format":"standard","meta":{"footnotes":""},"categories":[16],"tags":[7673,7675,7672,5428,7674],"class_list":["post-36207","post","type-post","status-publish","format-standard","has-post-thumbnail","hentry","category-politica","tag-campo-mas-ciudad","tag-emergencia-economica","tag-luciano-bugallo","tag-martin-bossi","tag-retenciones"],"yoast_head":"<!-- This site is optimized with the Yoast SEO plugin v27.4 - https:\/\/yoast.com\/product\/yoast-seo-wordpress\/ -->\n<title>\u201cCampo m\u00e1s Ciudad\u201d convoca contra las retenciones y la emergencia econ\u00f3mica<\/title>\n<meta name=\"robots\" content=\"index, follow, max-snippet:-1, max-image-preview:large, max-video-preview:-1\" \/>\n<link rel=\"canonical\" href=\"https:\/\/noticiasmercedinas.com\/site\/2019\/12\/15\/campo-mas-ciudad-convoca-contra-las-retenciones-y-la-emergencia-economica\/\" \/>\n<meta property=\"og:locale\" content=\"es_ES\" \/>\n<meta property=\"og:type\" content=\"article\" \/>\n<meta property=\"og:title\" content=\"\u201cCampo m\u00e1s Ciudad\u201d convoca contra las retenciones y la emergencia econ\u00f3mica\" \/>\n<meta property=\"og:description\" content=\"La organizaci\u00f3n \u201cCampo m\u00e1s Ciudad\u201d, cuyo referente en Mercedes es el administrador agropecuario Mart\u00edn Bossi, invita a una reuni\u00f3n hoy domingo 15 a las 17 horas en el cruce de las Ruta 5 y 41, para manifestar el malestar por la suba de las retenciones y el proyecto de Ley de Emergencia Econ\u00f3mica. \u201cEs una [&hellip;]\" \/>\n<meta property=\"og:url\" content=\"https:\/\/noticiasmercedinas.com\/site\/2019\/12\/15\/campo-mas-ciudad-convoca-contra-las-retenciones-y-la-emergencia-economica\/\" \/>\n<meta property=\"og:site_name\" content=\"NOTICIASMERCEDINAS.COM\" \/>\n<meta property=\"article:publisher\" content=\"https:\/\/www.facebook.com\/noticiasmercedinas\/\" \/>\n<meta property=\"article:published_time\" content=\"2019-12-15T15:34:50+00:00\" \/>\n<meta property=\"og:image\" content=\"https:\/\/noticiasmercedinas.com\/site\/wp-content\/uploads\/2019\/12\/soja.png\" \/>\n\t<meta property=\"og:image:width\" content=\"640\" \/>\n\t<meta property=\"og:image:height\" content=\"425\" \/>\n\t<meta property=\"og:image:type\" content=\"image\/png\" \/>\n<meta name=\"author\" content=\"NOTICIASMERCEDINAS.COM\" \/>\n<meta name=\"twitter:card\" content=\"summary_large_image\" \/>\n<meta name=\"twitter:creator\" content=\"@notmercedinas\" \/>\n<meta name=\"twitter:site\" content=\"@notmercedinas\" \/>\n<meta name=\"twitter:label1\" content=\"Escrito por\" \/>\n\t<meta name=\"twitter:data1\" content=\"NOTICIASMERCEDINAS.COM\" \/>\n\t<meta name=\"twitter:label2\" content=\"Tiempo de lectura\" \/>\n\t<meta name=\"twitter:data2\" content=\"1 minuto\" \/>\n<script type=\"application\/ld+json\" class=\"yoast-schema-graph\">{\"@context\":\"https:\\\/\\\/schema.org\",\"@graph\":[{\"@type\":\"Article\",\"@id\":\"https:\\\/\\\/noticiasmercedinas.com\\\/site\\\/2019\\\/12\\\/15\\\/campo-mas-ciudad-convoca-contra-las-retenciones-y-la-emergencia-economica\\\/#article\",\"isPartOf\":{\"@id\":\"https:\\\/\\\/noticiasmercedinas.com\\\/site\\\/2019\\\/12\\\/15\\\/campo-mas-ciudad-convoca-contra-las-retenciones-y-la-emergencia-economica\\\/\"},\"author\":{\"name\":\"NOTICIASMERCEDINAS.COM\",\"@id\":\"https:\\\/\\\/noticiasmercedinas.com\\\/site\\\/#\\\/schema\\\/person\\\/84b59c099c28ff2e8b77d4ceec5d8063\"},\"headline\":\"\u201cCampo m\u00e1s Ciudad\u201d convoca contra las retenciones y la emergencia econ\u00f3mica\",\"datePublished\":\"2019-12-15T15:34:50+00:00\",\"mainEntityOfPage\":{\"@id\":\"https:\\\/\\\/noticiasmercedinas.com\\\/site\\\/2019\\\/12\\\/15\\\/campo-mas-ciudad-convoca-contra-las-retenciones-y-la-emergencia-economica\\\/\"},\"wordCount\":228,\"commentCount\":0,\"publisher\":{\"@id\":\"https:\\\/\\\/noticiasmercedinas.com\\\/site\\\/#organization\"},\"image\":{\"@id\":\"https:\\\/\\\/noticiasmercedinas.com\\\/site\\\/2019\\\/12\\\/15\\\/campo-mas-ciudad-convoca-contra-las-retenciones-y-la-emergencia-economica\\\/#primaryimage\"},\"thumbnailUrl\":\"https:\\\/\\\/noticiasmercedinas.com\\\/site\\\/wp-content\\\/uploads\\\/2019\\\/12\\\/soja.png\",\"keywords\":[\"Campo m\u00e1s ciudad\",\"emergencia econ\u00f3mica\",\"Luciano Bugallo\",\"Mart\u00edn Bossi\",\"retenciones\"],\"articleSection\":[\"Politica\"],\"inLanguage\":\"es\",\"potentialAction\":[{\"@type\":\"CommentAction\",\"name\":\"Comment\",\"target\":[\"https:\\\/\\\/noticiasmercedinas.com\\\/site\\\/2019\\\/12\\\/15\\\/campo-mas-ciudad-convoca-contra-las-retenciones-y-la-emergencia-economica\\\/#respond\"]}]},{\"@type\":\"WebPage\",\"@id\":\"https:\\\/\\\/noticiasmercedinas.com\\\/site\\\/2019\\\/12\\\/15\\\/campo-mas-ciudad-convoca-contra-las-retenciones-y-la-emergencia-economica\\\/\",\"url\":\"https:\\\/\\\/noticiasmercedinas.com\\\/site\\\/2019\\\/12\\\/15\\\/campo-mas-ciudad-convoca-contra-las-retenciones-y-la-emergencia-economica\\\/\",\"name\":\"\u201cCampo m\u00e1s Ciudad\u201d convoca contra las retenciones y la emergencia econ\u00f3mica\",\"isPartOf\":{\"@id\":\"https:\\\/\\\/noticiasmercedinas.com\\\/site\\\/#website\"},\"primaryImageOfPage\":{\"@id\":\"https:\\\/\\\/noticiasmercedinas.com\\\/site\\\/2019\\\/12\\\/15\\\/campo-mas-ciudad-convoca-contra-las-retenciones-y-la-emergencia-economica\\\/#primaryimage\"},\"image\":{\"@id\":\"https:\\\/\\\/noticiasmercedinas.com\\\/site\\\/2019\\\/12\\\/15\\\/campo-mas-ciudad-convoca-contra-las-retenciones-y-la-emergencia-economica\\\/#primaryimage\"},\"thumbnailUrl\":\"https:\\\/\\\/noticiasmercedinas.com\\\/site\\\/wp-content\\\/uploads\\\/2019\\\/12\\\/soja.png\",\"datePublished\":\"2019-12-15T15:34:50+00:00\",\"breadcrumb\":{\"@id\":\"https:\\\/\\\/noticiasmercedinas.com\\\/site\\\/2019\\\/12\\\/15\\\/campo-mas-ciudad-convoca-contra-las-retenciones-y-la-emergencia-economica\\\/#breadcrumb\"},\"inLanguage\":\"es\",\"potentialAction\":[{\"@type\":\"ReadAction\",\"target\":[\"https:\\\/\\\/noticiasmercedinas.com\\\/site\\\/2019\\\/12\\\/15\\\/campo-mas-ciudad-convoca-contra-las-retenciones-y-la-emergencia-economica\\\/\"]}]},{\"@type\":\"ImageObject\",\"inLanguage\":\"es\",\"@id\":\"https:\\\/\\\/noticiasmercedinas.com\\\/site\\\/2019\\\/12\\\/15\\\/campo-mas-ciudad-convoca-contra-las-retenciones-y-la-emergencia-economica\\\/#primaryimage\",\"url\":\"https:\\\/\\\/noticiasmercedinas.com\\\/site\\\/wp-content\\\/uploads\\\/2019\\\/12\\\/soja.png\",\"contentUrl\":\"https:\\\/\\\/noticiasmercedinas.com\\\/site\\\/wp-content\\\/uploads\\\/2019\\\/12\\\/soja.png\",\"width\":640,\"height\":425},{\"@type\":\"BreadcrumbList\",\"@id\":\"https:\\\/\\\/noticiasmercedinas.com\\\/site\\\/2019\\\/12\\\/15\\\/campo-mas-ciudad-convoca-contra-las-retenciones-y-la-emergencia-economica\\\/#breadcrumb\",\"itemListElement\":[{\"@type\":\"ListItem\",\"position\":1,\"name\":\"Portada\",\"item\":\"https:\\\/\\\/noticiasmercedinas.com\\\/site\\\/\"},{\"@type\":\"ListItem\",\"position\":2,\"name\":\"\u201cCampo m\u00e1s Ciudad\u201d convoca contra las retenciones y la emergencia econ\u00f3mica\"}]},{\"@type\":\"WebSite\",\"@id\":\"https:\\\/\\\/noticiasmercedinas.com\\\/site\\\/#website\",\"url\":\"https:\\\/\\\/noticiasmercedinas.com\\\/site\\\/\",\"name\":\"NOTICIASMERCEDINAS.COM\",\"description\":\"Mercedes, Buenos Aires, Argentina\",\"publisher\":{\"@id\":\"https:\\\/\\\/noticiasmercedinas.com\\\/site\\\/#organization\"},\"potentialAction\":[{\"@type\":\"SearchAction\",\"target\":{\"@type\":\"EntryPoint\",\"urlTemplate\":\"https:\\\/\\\/noticiasmercedinas.com\\\/site\\\/?s={search_term_string}\"},\"query-input\":{\"@type\":\"PropertyValueSpecification\",\"valueRequired\":true,\"valueName\":\"search_term_string\"}}],\"inLanguage\":\"es\"},{\"@type\":\"Organization\",\"@id\":\"https:\\\/\\\/noticiasmercedinas.com\\\/site\\\/#organization\",\"name\":\"NOTICIASMERCEDINAS.COM\",\"url\":\"https:\\\/\\\/noticiasmercedinas.com\\\/site\\\/\",\"logo\":{\"@type\":\"ImageObject\",\"inLanguage\":\"es\",\"@id\":\"https:\\\/\\\/noticiasmercedinas.com\\\/site\\\/#\\\/schema\\\/logo\\\/image\\\/\",\"url\":\"https:\\\/\\\/noticiasmercedinas.com\\\/site\\\/wp-content\\\/uploads\\\/2020\\\/06\\\/LOGO-512.jpg\",\"contentUrl\":\"https:\\\/\\\/noticiasmercedinas.com\\\/site\\\/wp-content\\\/uploads\\\/2020\\\/06\\\/LOGO-512.jpg\",\"width\":512,\"height\":512,\"caption\":\"NOTICIASMERCEDINAS.COM\"},\"image\":{\"@id\":\"https:\\\/\\\/noticiasmercedinas.com\\\/site\\\/#\\\/schema\\\/logo\\\/image\\\/\"},\"sameAs\":[\"https:\\\/\\\/www.facebook.com\\\/noticiasmercedinas\\\/\",\"https:\\\/\\\/x.com\\\/notmercedinas\",\"https:\\\/\\\/www.instagram.com\\\/noticiasmercedinas\\\/\"]},{\"@type\":\"Person\",\"@id\":\"https:\\\/\\\/noticiasmercedinas.com\\\/site\\\/#\\\/schema\\\/person\\\/84b59c099c28ff2e8b77d4ceec5d8063\",\"name\":\"NOTICIASMERCEDINAS.COM\",\"image\":{\"@type\":\"ImageObject\",\"inLanguage\":\"es\",\"@id\":\"https:\\\/\\\/secure.gravatar.com\\\/avatar\\\/4dfbf16b4d17945bfb6341b2d19043457132fcf478a5ee04f42e959fd8f5df0a?s=96&d=mm&r=g\",\"url\":\"https:\\\/\\\/secure.gravatar.com\\\/avatar\\\/4dfbf16b4d17945bfb6341b2d19043457132fcf478a5ee04f42e959fd8f5df0a?s=96&d=mm&r=g\",\"contentUrl\":\"https:\\\/\\\/secure.gravatar.com\\\/avatar\\\/4dfbf16b4d17945bfb6341b2d19043457132fcf478a5ee04f42e959fd8f5df0a?s=96&d=mm&r=g\",\"caption\":\"NOTICIASMERCEDINAS.COM\"},\"url\":\"https:\\\/\\\/noticiasmercedinas.com\\\/site\\\/author\\\/anonimo\\\/\"}]}<\/script>\n<!-- \/ Yoast SEO plugin. -->","yoast_head_json":{"title":"\u201cCampo m\u00e1s Ciudad\u201d convoca contra las retenciones y la emergencia econ\u00f3mica","robots":{"index":"index","follow":"follow","max-snippet":"max-snippet:-1","max-image-preview":"max-image-preview:large","max-video-preview":"max-video-preview:-1"},"canonical":"https:\/\/noticiasmercedinas.com\/site\/2019\/12\/15\/campo-mas-ciudad-convoca-contra-las-retenciones-y-la-emergencia-economica\/","og_locale":"es_ES","og_type":"article","og_title":"\u201cCampo m\u00e1s Ciudad\u201d convoca contra las retenciones y la emergencia econ\u00f3mica","og_description":"La organizaci\u00f3n \u201cCampo m\u00e1s Ciudad\u201d, cuyo referente en Mercedes es el administrador agropecuario Mart\u00edn Bossi, invita a una reuni\u00f3n hoy domingo 15 a las 17 horas en el cruce de las Ruta 5 y 41, para manifestar el malestar por la suba de las retenciones y el proyecto de Ley de Emergencia Econ\u00f3mica. \u201cEs una [&hellip;]","og_url":"https:\/\/noticiasmercedinas.com\/site\/2019\/12\/15\/campo-mas-ciudad-convoca-contra-las-retenciones-y-la-emergencia-economica\/","og_site_name":"NOTICIASMERCEDINAS.COM","article_publisher":"https:\/\/www.facebook.com\/noticiasmercedinas\/","article_published_time":"2019-12-15T15:34:50+00:00","og_image":[{"width":640,"height":425,"url":"https:\/\/noticiasmercedinas.com\/site\/wp-content\/uploads\/2019\/12\/soja.png","type":"image\/png"}],"author":"NOTICIASMERCEDINAS.COM","twitter_card":"summary_large_image","twitter_creator":"@notmercedinas","twitter_site":"@notmercedinas","twitter_misc":{"Escrito por":"NOTICIASMERCEDINAS.COM","Tiempo de lectura":"1 minuto"},"schema":{"@context":"https:\/\/schema.org","@graph":[{"@type":"Article","@id":"https:\/\/noticiasmercedinas.com\/site\/2019\/12\/15\/campo-mas-ciudad-convoca-contra-las-retenciones-y-la-emergencia-economica\/#article","isPartOf":{"@id":"https:\/\/noticiasmercedinas.com\/site\/2019\/12\/15\/campo-mas-ciudad-convoca-contra-las-retenciones-y-la-emergencia-economica\/"},"author":{"name":"NOTICIASMERCEDINAS.COM","@id":"https:\/\/noticiasmercedinas.com\/site\/#\/schema\/person\/84b59c099c28ff2e8b77d4ceec5d8063"},"headline":"\u201cCampo m\u00e1s Ciudad\u201d convoca contra las retenciones y la emergencia econ\u00f3mica","datePublished":"2019-12-15T15:34:50+00:00","mainEntityOfPage":{"@id":"https:\/\/noticiasmercedinas.com\/site\/2019\/12\/15\/campo-mas-ciudad-convoca-contra-las-retenciones-y-la-emergencia-economica\/"},"wordCount":228,"commentCount":0,"publisher":{"@id":"https:\/\/noticiasmercedinas.com\/site\/#organization"},"image":{"@id":"https:\/\/noticiasmercedinas.com\/site\/2019\/12\/15\/campo-mas-ciudad-convoca-contra-las-retenciones-y-la-emergencia-economica\/#primaryimage"},"thumbnailUrl":"https:\/\/noticiasmercedinas.com\/site\/wp-content\/uploads\/2019\/12\/soja.png","keywords":["Campo m\u00e1s ciudad","emergencia econ\u00f3mica","Luciano Bugallo","Mart\u00edn Bossi","retenciones"],"articleSection":["Politica"],"inLanguage":"es","potentialAction":[{"@type":"CommentAction","name":"Comment","target":["https:\/\/noticiasmercedinas.com\/site\/2019\/12\/15\/campo-mas-ciudad-convoca-contra-las-retenciones-y-la-emergencia-economica\/#respond"]}]},{"@type":"WebPage","@id":"https:\/\/noticiasmercedinas.com\/site\/2019\/12\/15\/campo-mas-ciudad-convoca-contra-las-retenciones-y-la-emergencia-economica\/","url":"https:\/\/noticiasmercedinas.com\/site\/2019\/12\/15\/campo-mas-ciudad-convoca-contra-las-retenciones-y-la-emergencia-economica\/","name":"\u201cCampo m\u00e1s Ciudad\u201d convoca contra las retenciones y la emergencia econ\u00f3mica","isPartOf":{"@id":"https:\/\/noticiasmercedinas.com\/site\/#website"},"primaryImageOfPage":{"@id":"https:\/\/noticiasmercedinas.com\/site\/2019\/12\/15\/campo-mas-ciudad-convoca-contra-las-retenciones-y-la-emergencia-economica\/#primaryimage"},"image":{"@id":"https:\/\/noticiasmercedinas.com\/site\/2019\/12\/15\/campo-mas-ciudad-convoca-contra-las-retenciones-y-la-emergencia-economica\/#primaryimage"},"thumbnailUrl":"https:\/\/noticiasmercedinas.com\/site\/wp-content\/uploads\/2019\/12\/soja.png","datePublished":"2019-12-15T15:34:50+00:00","breadcrumb":{"@id":"https:\/\/noticiasmercedinas.com\/site\/2019\/12\/15\/campo-mas-ciudad-convoca-contra-las-retenciones-y-la-emergencia-economica\/#breadcrumb"},"inLanguage":"es","potentialAction":[{"@type":"ReadAction","target":["https:\/\/noticiasmercedinas.com\/site\/2019\/12\/15\/campo-mas-ciudad-convoca-contra-las-retenciones-y-la-emergencia-economica\/"]}]},{"@type":"ImageObject","inLanguage":"es","@id":"https:\/\/noticiasmercedinas.com\/site\/2019\/12\/15\/campo-mas-ciudad-convoca-contra-las-retenciones-y-la-emergencia-economica\/#primaryimage","url":"https:\/\/noticiasmercedinas.com\/site\/wp-content\/uploads\/2019\/12\/soja.png","contentUrl":"https:\/\/noticiasmercedinas.com\/site\/wp-content\/uploads\/2019\/12\/soja.png","width":640,"height":425},{"@type":"BreadcrumbList","@id":"https:\/\/noticiasmercedinas.com\/site\/2019\/12\/15\/campo-mas-ciudad-convoca-contra-las-retenciones-y-la-emergencia-economica\/#breadcrumb","itemListElement":[{"@type":"ListItem","position":1,"name":"Portada","item":"https:\/\/noticiasmercedinas.com\/site\/"},{"@type":"ListItem","position":2,"name":"\u201cCampo m\u00e1s Ciudad\u201d convoca contra las retenciones y la emergencia econ\u00f3mica"}]},{"@type":"WebSite","@id":"https:\/\/noticiasmercedinas.com\/site\/#website","url":"https:\/\/noticiasmercedinas.com\/site\/","name":"NOTICIASMERCEDINAS.COM","description":"Mercedes, Buenos Aires, Argentina","publisher":{"@id":"https:\/\/noticiasmercedinas.com\/site\/#organization"},"potentialAction":[{"@type":"SearchAction","target":{"@type":"EntryPoint","urlTemplate":"https:\/\/noticiasmercedinas.com\/site\/?s={search_term_string}"},"query-input":{"@type":"PropertyValueSpecification","valueRequired":true,"valueName":"search_term_string"}}],"inLanguage":"es"},{"@type":"Organization","@id":"https:\/\/noticiasmercedinas.com\/site\/#organization","name":"NOTICIASMERCEDINAS.COM","url":"https:\/\/noticiasmercedinas.com\/site\/","logo":{"@type":"ImageObject","inLanguage":"es","@id":"https:\/\/noticiasmercedinas.com\/site\/#\/schema\/logo\/image\/","url":"https:\/\/noticiasmercedinas.com\/site\/wp-content\/uploads\/2020\/06\/LOGO-512.jpg","contentUrl":"https:\/\/noticiasmercedinas.com\/site\/wp-content\/uploads\/2020\/06\/LOGO-512.jpg","width":512,"height":512,"caption":"NOTICIASMERCEDINAS.COM"},"image":{"@id":"https:\/\/noticiasmercedinas.com\/site\/#\/schema\/logo\/image\/"},"sameAs":["https:\/\/www.facebook.com\/noticiasmercedinas\/","https:\/\/x.com\/notmercedinas","https:\/\/www.instagram.com\/noticiasmercedinas\/"]},{"@type":"Person","@id":"https:\/\/noticiasmercedinas.com\/site\/#\/schema\/person\/84b59c099c28ff2e8b77d4ceec5d8063","name":"NOTICIASMERCEDINAS.COM","image":{"@type":"ImageObject","inLanguage":"es","@id":"https:\/\/secure.gravatar.com\/avatar\/4dfbf16b4d17945bfb6341b2d19043457132fcf478a5ee04f42e959fd8f5df0a?s=96&d=mm&r=g","url":"https:\/\/secure.gravatar.com\/avatar\/4dfbf16b4d17945bfb6341b2d19043457132fcf478a5ee04f42e959fd8f5df0a?s=96&d=mm&r=g","contentUrl":"https:\/\/secure.gravatar.com\/avatar\/4dfbf16b4d17945bfb6341b2d19043457132fcf478a5ee04f42e959fd8f5df0a?s=96&d=mm&r=g","caption":"NOTICIASMERCEDINAS.COM"},"url":"https:\/\/noticiasmercedinas.com\/site\/author\/anonimo\/"}]}},"amp_enabled":true,"_links":{"self":[{"href":"https:\/\/noticiasmercedinas.com\/site\/wp-json\/wp\/v2\/posts\/36207","targetHints":{"allow":["GET"]}}],"collection":[{"href":"https:\/\/noticiasmercedinas.com\/site\/wp-json\/wp\/v2\/posts"}],"about":[{"href":"https:\/\/noticiasmercedinas.com\/site\/wp-json\/wp\/v2\/types\/post"}],"author":[{"embeddable":true,"href":"https:\/\/noticiasmercedinas.com\/site\/wp-json\/wp\/v2\/users\/16"}],"replies":[{"embeddable":true,"href":"https:\/\/noticiasmercedinas.com\/site\/wp-json\/wp\/v2\/comments?post=36207"}],"version-history":[{"count":2,"href":"https:\/\/noticiasmercedinas.com\/site\/wp-json\/wp\/v2\/posts\/36207\/revisions"}],"predecessor-version":[{"id":36210,"href":"https:\/\/noticiasmercedinas.com\/site\/wp-json\/wp\/v2\/posts\/36207\/revisions\/36210"}],"wp:featuredmedia":[{"embeddable":true,"href":"https:\/\/noticiasmercedinas.com\/site\/wp-json\/wp\/v2\/media\/36208"}],"wp:attachment":[{"href":"https:\/\/noticiasmercedinas.com\/site\/wp-json\/wp\/v2\/media?parent=36207"}],"wp:term":[{"taxonomy":"category","embeddable":true,"href":"https:\/\/noticiasmercedinas.com\/site\/wp-json\/wp\/v2\/categories?post=36207"},{"taxonomy":"post_tag","embeddable":true,"href":"https:\/\/noticiasmercedinas.com\/site\/wp-json\/wp\/v2\/tags?post=36207"}],"curies":[{"name":"wp","href":"https:\/\/api.w.org\/{rel}","templated":true}]}}