{"id":36280,"date":"2019-12-16T09:33:50","date_gmt":"2019-12-16T12:33:50","guid":{"rendered":"https:\/\/noticiasmercedinas.com\/site\/?p=36280"},"modified":"2019-12-16T09:33:50","modified_gmt":"2019-12-16T12:33:50","slug":"campo-mas-ciudad-reunio-a-productores-agropecuarios-en-mercedes","status":"publish","type":"post","link":"https:\/\/noticiasmercedinas.com\/site\/2019\/12\/16\/campo-mas-ciudad-reunio-a-productores-agropecuarios-en-mercedes\/","title":{"rendered":"\u201cCampo m\u00e1s ciudad\u201d reuni\u00f3 a productores agropecuarios en Mercedes"},"content":{"rendered":"<p><a href=\"https:\/\/noticiasmercedinas.com\/site\/wp-content\/uploads\/2019\/12\/bossi_campo.png\"><img loading=\"lazy\" decoding=\"async\" class=\"alignnone size-full wp-image-36281\" src=\"https:\/\/noticiasmercedinas.com\/site\/wp-content\/uploads\/2019\/12\/bossi_campo.png\" alt=\"\" width=\"640\" height=\"411\" srcset=\"https:\/\/noticiasmercedinas.com\/site\/wp-content\/uploads\/2019\/12\/bossi_campo.png 640w, https:\/\/noticiasmercedinas.com\/site\/wp-content\/uploads\/2019\/12\/bossi_campo-300x194.png 300w, https:\/\/noticiasmercedinas.com\/site\/wp-content\/uploads\/2019\/12\/bossi_campo-341x220.png 341w\" sizes=\"auto, (max-width: 640px) 100vw, 640px\" \/><\/a><\/p>\n<p>Cerca de 30 personas provenientes de Luj\u00e1n, Chivilcoy, San Andr\u00e9s de Giles y Mercedes se reunieron ayer en el cruce de las rutas 5 y 41 \u201cpara manifestar la preocupaci\u00f3n que nos causa el nuevo esquema de retenciones a los sectores productivos y la ley de emergencia econ\u00f3mica\u201d.<\/p>\n<p>La convocatoria fue del administrador agropecuario mercedino Mart\u00edn Bossi, en representaci\u00f3n del Grupo \u201cCampo+Ciudad\u201d, del que participa el diputado provincial Luciano\u201dLucho\u201dBugallo, legislador que llam\u00f3 en las redes a definir estrategias \u201cfrente a la expropiaci\u00f3n de recursos por parte del gobierno K\u201d.<\/p>\n<p>En Mercedes, desde la caja de una camioneta, Bossi advirti\u00f3 que la Emergencia Econ\u00f3mica \u201cde aprobarse dar\u00e1 al Ejecutivo facultades para el uso discrecional de los fondos sin ning\u00fan tipo de contralor por parte de los miembros del Congreso que son al fin y al cabo quienes nos representan\u201d.<\/p>\n<p>Finalizada la reuni\u00f3n, Bossi inform\u00f3 a NOTICIASMERCEDINAS.COM que \u201cse qued\u00f3 en estado de alerta y en contacto para ver c\u00f3mo seguir\u201d.<\/p>\n<p><a href=\"https:\/\/noticiasmercedinas.com\/site\/wp-content\/uploads\/2019\/12\/bossi_campo2.jpeg\"><img loading=\"lazy\" decoding=\"async\" class=\"alignnone size-full wp-image-36282\" src=\"https:\/\/noticiasmercedinas.com\/site\/wp-content\/uploads\/2019\/12\/bossi_campo2.jpeg\" alt=\"\" width=\"800\" height=\"389\" srcset=\"https:\/\/noticiasmercedinas.com\/site\/wp-content\/uploads\/2019\/12\/bossi_campo2.jpeg 800w, https:\/\/noticiasmercedinas.com\/site\/wp-content\/uploads\/2019\/12\/bossi_campo2-300x146.jpeg 300w, https:\/\/noticiasmercedinas.com\/site\/wp-content\/uploads\/2019\/12\/bossi_campo2-768x373.jpeg 768w, https:\/\/noticiasmercedinas.com\/site\/wp-content\/uploads\/2019\/12\/bossi_campo2-640x311.jpeg 640w, https:\/\/noticiasmercedinas.com\/site\/wp-content\/uploads\/2019\/12\/bossi_campo2-681x331.jpeg 681w\" sizes=\"auto, (max-width: 800px) 100vw, 800px\" \/><\/a><\/p>\n","protected":false},"excerpt":{"rendered":"<p>Cerca de 30 personas provenientes de Luj\u00e1n, Chivilcoy, San Andr\u00e9s de Giles y Mercedes se reunieron ayer en el cruce de las rutas 5 y 41 \u201cpara manifestar la preocupaci\u00f3n que nos causa el nuevo esquema de retenciones a los sectores productivos y la ley de emergencia econ\u00f3mica\u201d. La convocatoria fue del administrador agropecuario mercedino [&hellip;]<\/p>\n","protected":false},"author":16,"featured_media":36281,"comment_status":"open","ping_status":"open","sticky":false,"template":"","format":"standard","meta":{"footnotes":""},"categories":[16],"tags":[7673,7685,7672,5428,7674],"class_list":["post-36280","post","type-post","status-publish","format-standard","has-post-thumbnail","hentry","category-politica","tag-campo-mas-ciudad","tag-emerfgencia-economica","tag-luciano-bugallo","tag-martin-bossi","tag-retenciones"],"yoast_head":"<!-- This site is optimized with the Yoast SEO plugin v27.4 - https:\/\/yoast.com\/product\/yoast-seo-wordpress\/ -->\n<title>\u201cCampo m\u00e1s ciudad\u201d reuni\u00f3 a productores agropecuarios en Mercedes<\/title>\n<meta name=\"robots\" content=\"index, follow, max-snippet:-1, max-image-preview:large, max-video-preview:-1\" \/>\n<link rel=\"canonical\" href=\"https:\/\/noticiasmercedinas.com\/site\/2019\/12\/16\/campo-mas-ciudad-reunio-a-productores-agropecuarios-en-mercedes\/\" \/>\n<meta property=\"og:locale\" content=\"es_ES\" \/>\n<meta property=\"og:type\" content=\"article\" \/>\n<meta property=\"og:title\" content=\"\u201cCampo m\u00e1s ciudad\u201d reuni\u00f3 a productores agropecuarios en Mercedes\" \/>\n<meta property=\"og:description\" content=\"Cerca de 30 personas provenientes de Luj\u00e1n, Chivilcoy, San Andr\u00e9s de Giles y Mercedes se reunieron ayer en el cruce de las rutas 5 y 41 \u201cpara manifestar la preocupaci\u00f3n que nos causa el nuevo esquema de retenciones a los sectores productivos y la ley de emergencia econ\u00f3mica\u201d. La convocatoria fue del administrador agropecuario mercedino [&hellip;]\" \/>\n<meta property=\"og:url\" content=\"https:\/\/noticiasmercedinas.com\/site\/2019\/12\/16\/campo-mas-ciudad-reunio-a-productores-agropecuarios-en-mercedes\/\" \/>\n<meta property=\"og:site_name\" content=\"NOTICIASMERCEDINAS.COM\" \/>\n<meta property=\"article:publisher\" content=\"https:\/\/www.facebook.com\/noticiasmercedinas\/\" \/>\n<meta property=\"article:published_time\" content=\"2019-12-16T12:33:50+00:00\" \/>\n<meta property=\"og:image\" content=\"https:\/\/noticiasmercedinas.com\/site\/wp-content\/uploads\/2019\/12\/bossi_campo.png\" \/>\n\t<meta property=\"og:image:width\" content=\"640\" \/>\n\t<meta property=\"og:image:height\" content=\"411\" \/>\n\t<meta property=\"og:image:type\" content=\"image\/png\" \/>\n<meta name=\"author\" content=\"NOTICIASMERCEDINAS.COM\" \/>\n<meta name=\"twitter:card\" content=\"summary_large_image\" \/>\n<meta name=\"twitter:creator\" content=\"@notmercedinas\" \/>\n<meta name=\"twitter:site\" content=\"@notmercedinas\" \/>\n<meta name=\"twitter:label1\" content=\"Escrito por\" \/>\n\t<meta name=\"twitter:data1\" content=\"NOTICIASMERCEDINAS.COM\" \/>\n\t<meta name=\"twitter:label2\" content=\"Tiempo de lectura\" \/>\n\t<meta name=\"twitter:data2\" content=\"1 minuto\" \/>\n<script type=\"application\/ld+json\" class=\"yoast-schema-graph\">{\"@context\":\"https:\\\/\\\/schema.org\",\"@graph\":[{\"@type\":\"Article\",\"@id\":\"https:\\\/\\\/noticiasmercedinas.com\\\/site\\\/2019\\\/12\\\/16\\\/campo-mas-ciudad-reunio-a-productores-agropecuarios-en-mercedes\\\/#article\",\"isPartOf\":{\"@id\":\"https:\\\/\\\/noticiasmercedinas.com\\\/site\\\/2019\\\/12\\\/16\\\/campo-mas-ciudad-reunio-a-productores-agropecuarios-en-mercedes\\\/\"},\"author\":{\"name\":\"NOTICIASMERCEDINAS.COM\",\"@id\":\"https:\\\/\\\/noticiasmercedinas.com\\\/site\\\/#\\\/schema\\\/person\\\/84b59c099c28ff2e8b77d4ceec5d8063\"},\"headline\":\"\u201cCampo m\u00e1s ciudad\u201d reuni\u00f3 a productores agropecuarios en Mercedes\",\"datePublished\":\"2019-12-16T12:33:50+00:00\",\"mainEntityOfPage\":{\"@id\":\"https:\\\/\\\/noticiasmercedinas.com\\\/site\\\/2019\\\/12\\\/16\\\/campo-mas-ciudad-reunio-a-productores-agropecuarios-en-mercedes\\\/\"},\"wordCount\":181,\"commentCount\":0,\"publisher\":{\"@id\":\"https:\\\/\\\/noticiasmercedinas.com\\\/site\\\/#organization\"},\"image\":{\"@id\":\"https:\\\/\\\/noticiasmercedinas.com\\\/site\\\/2019\\\/12\\\/16\\\/campo-mas-ciudad-reunio-a-productores-agropecuarios-en-mercedes\\\/#primaryimage\"},\"thumbnailUrl\":\"https:\\\/\\\/noticiasmercedinas.com\\\/site\\\/wp-content\\\/uploads\\\/2019\\\/12\\\/bossi_campo.png\",\"keywords\":[\"Campo m\u00e1s ciudad\",\"Emerfgencia econ\u00f3mica\",\"Luciano Bugallo\",\"Mart\u00edn Bossi\",\"retenciones\"],\"articleSection\":[\"Politica\"],\"inLanguage\":\"es\",\"potentialAction\":[{\"@type\":\"CommentAction\",\"name\":\"Comment\",\"target\":[\"https:\\\/\\\/noticiasmercedinas.com\\\/site\\\/2019\\\/12\\\/16\\\/campo-mas-ciudad-reunio-a-productores-agropecuarios-en-mercedes\\\/#respond\"]}]},{\"@type\":\"WebPage\",\"@id\":\"https:\\\/\\\/noticiasmercedinas.com\\\/site\\\/2019\\\/12\\\/16\\\/campo-mas-ciudad-reunio-a-productores-agropecuarios-en-mercedes\\\/\",\"url\":\"https:\\\/\\\/noticiasmercedinas.com\\\/site\\\/2019\\\/12\\\/16\\\/campo-mas-ciudad-reunio-a-productores-agropecuarios-en-mercedes\\\/\",\"name\":\"\u201cCampo m\u00e1s ciudad\u201d reuni\u00f3 a productores agropecuarios en Mercedes\",\"isPartOf\":{\"@id\":\"https:\\\/\\\/noticiasmercedinas.com\\\/site\\\/#website\"},\"primaryImageOfPage\":{\"@id\":\"https:\\\/\\\/noticiasmercedinas.com\\\/site\\\/2019\\\/12\\\/16\\\/campo-mas-ciudad-reunio-a-productores-agropecuarios-en-mercedes\\\/#primaryimage\"},\"image\":{\"@id\":\"https:\\\/\\\/noticiasmercedinas.com\\\/site\\\/2019\\\/12\\\/16\\\/campo-mas-ciudad-reunio-a-productores-agropecuarios-en-mercedes\\\/#primaryimage\"},\"thumbnailUrl\":\"https:\\\/\\\/noticiasmercedinas.com\\\/site\\\/wp-content\\\/uploads\\\/2019\\\/12\\\/bossi_campo.png\",\"datePublished\":\"2019-12-16T12:33:50+00:00\",\"breadcrumb\":{\"@id\":\"https:\\\/\\\/noticiasmercedinas.com\\\/site\\\/2019\\\/12\\\/16\\\/campo-mas-ciudad-reunio-a-productores-agropecuarios-en-mercedes\\\/#breadcrumb\"},\"inLanguage\":\"es\",\"potentialAction\":[{\"@type\":\"ReadAction\",\"target\":[\"https:\\\/\\\/noticiasmercedinas.com\\\/site\\\/2019\\\/12\\\/16\\\/campo-mas-ciudad-reunio-a-productores-agropecuarios-en-mercedes\\\/\"]}]},{\"@type\":\"ImageObject\",\"inLanguage\":\"es\",\"@id\":\"https:\\\/\\\/noticiasmercedinas.com\\\/site\\\/2019\\\/12\\\/16\\\/campo-mas-ciudad-reunio-a-productores-agropecuarios-en-mercedes\\\/#primaryimage\",\"url\":\"https:\\\/\\\/noticiasmercedinas.com\\\/site\\\/wp-content\\\/uploads\\\/2019\\\/12\\\/bossi_campo.png\",\"contentUrl\":\"https:\\\/\\\/noticiasmercedinas.com\\\/site\\\/wp-content\\\/uploads\\\/2019\\\/12\\\/bossi_campo.png\",\"width\":640,\"height\":411},{\"@type\":\"BreadcrumbList\",\"@id\":\"https:\\\/\\\/noticiasmercedinas.com\\\/site\\\/2019\\\/12\\\/16\\\/campo-mas-ciudad-reunio-a-productores-agropecuarios-en-mercedes\\\/#breadcrumb\",\"itemListElement\":[{\"@type\":\"ListItem\",\"position\":1,\"name\":\"Portada\",\"item\":\"https:\\\/\\\/noticiasmercedinas.com\\\/site\\\/\"},{\"@type\":\"ListItem\",\"position\":2,\"name\":\"\u201cCampo m\u00e1s ciudad\u201d reuni\u00f3 a productores agropecuarios en Mercedes\"}]},{\"@type\":\"WebSite\",\"@id\":\"https:\\\/\\\/noticiasmercedinas.com\\\/site\\\/#website\",\"url\":\"https:\\\/\\\/noticiasmercedinas.com\\\/site\\\/\",\"name\":\"NOTICIASMERCEDINAS.COM\",\"description\":\"Mercedes, Buenos Aires, Argentina\",\"publisher\":{\"@id\":\"https:\\\/\\\/noticiasmercedinas.com\\\/site\\\/#organization\"},\"potentialAction\":[{\"@type\":\"SearchAction\",\"target\":{\"@type\":\"EntryPoint\",\"urlTemplate\":\"https:\\\/\\\/noticiasmercedinas.com\\\/site\\\/?s={search_term_string}\"},\"query-input\":{\"@type\":\"PropertyValueSpecification\",\"valueRequired\":true,\"valueName\":\"search_term_string\"}}],\"inLanguage\":\"es\"},{\"@type\":\"Organization\",\"@id\":\"https:\\\/\\\/noticiasmercedinas.com\\\/site\\\/#organization\",\"name\":\"NOTICIASMERCEDINAS.COM\",\"url\":\"https:\\\/\\\/noticiasmercedinas.com\\\/site\\\/\",\"logo\":{\"@type\":\"ImageObject\",\"inLanguage\":\"es\",\"@id\":\"https:\\\/\\\/noticiasmercedinas.com\\\/site\\\/#\\\/schema\\\/logo\\\/image\\\/\",\"url\":\"https:\\\/\\\/noticiasmercedinas.com\\\/site\\\/wp-content\\\/uploads\\\/2020\\\/06\\\/LOGO-512.jpg\",\"contentUrl\":\"https:\\\/\\\/noticiasmercedinas.com\\\/site\\\/wp-content\\\/uploads\\\/2020\\\/06\\\/LOGO-512.jpg\",\"width\":512,\"height\":512,\"caption\":\"NOTICIASMERCEDINAS.COM\"},\"image\":{\"@id\":\"https:\\\/\\\/noticiasmercedinas.com\\\/site\\\/#\\\/schema\\\/logo\\\/image\\\/\"},\"sameAs\":[\"https:\\\/\\\/www.facebook.com\\\/noticiasmercedinas\\\/\",\"https:\\\/\\\/x.com\\\/notmercedinas\",\"https:\\\/\\\/www.instagram.com\\\/noticiasmercedinas\\\/\"]},{\"@type\":\"Person\",\"@id\":\"https:\\\/\\\/noticiasmercedinas.com\\\/site\\\/#\\\/schema\\\/person\\\/84b59c099c28ff2e8b77d4ceec5d8063\",\"name\":\"NOTICIASMERCEDINAS.COM\",\"image\":{\"@type\":\"ImageObject\",\"inLanguage\":\"es\",\"@id\":\"https:\\\/\\\/secure.gravatar.com\\\/avatar\\\/4dfbf16b4d17945bfb6341b2d19043457132fcf478a5ee04f42e959fd8f5df0a?s=96&d=mm&r=g\",\"url\":\"https:\\\/\\\/secure.gravatar.com\\\/avatar\\\/4dfbf16b4d17945bfb6341b2d19043457132fcf478a5ee04f42e959fd8f5df0a?s=96&d=mm&r=g\",\"contentUrl\":\"https:\\\/\\\/secure.gravatar.com\\\/avatar\\\/4dfbf16b4d17945bfb6341b2d19043457132fcf478a5ee04f42e959fd8f5df0a?s=96&d=mm&r=g\",\"caption\":\"NOTICIASMERCEDINAS.COM\"},\"url\":\"https:\\\/\\\/noticiasmercedinas.com\\\/site\\\/author\\\/anonimo\\\/\"}]}<\/script>\n<!-- \/ Yoast SEO plugin. -->","yoast_head_json":{"title":"\u201cCampo m\u00e1s ciudad\u201d reuni\u00f3 a productores agropecuarios en Mercedes","robots":{"index":"index","follow":"follow","max-snippet":"max-snippet:-1","max-image-preview":"max-image-preview:large","max-video-preview":"max-video-preview:-1"},"canonical":"https:\/\/noticiasmercedinas.com\/site\/2019\/12\/16\/campo-mas-ciudad-reunio-a-productores-agropecuarios-en-mercedes\/","og_locale":"es_ES","og_type":"article","og_title":"\u201cCampo m\u00e1s ciudad\u201d reuni\u00f3 a productores agropecuarios en Mercedes","og_description":"Cerca de 30 personas provenientes de Luj\u00e1n, Chivilcoy, San Andr\u00e9s de Giles y Mercedes se reunieron ayer en el cruce de las rutas 5 y 41 \u201cpara manifestar la preocupaci\u00f3n que nos causa el nuevo esquema de retenciones a los sectores productivos y la ley de emergencia econ\u00f3mica\u201d. La convocatoria fue del administrador agropecuario mercedino [&hellip;]","og_url":"https:\/\/noticiasmercedinas.com\/site\/2019\/12\/16\/campo-mas-ciudad-reunio-a-productores-agropecuarios-en-mercedes\/","og_site_name":"NOTICIASMERCEDINAS.COM","article_publisher":"https:\/\/www.facebook.com\/noticiasmercedinas\/","article_published_time":"2019-12-16T12:33:50+00:00","og_image":[{"width":640,"height":411,"url":"https:\/\/noticiasmercedinas.com\/site\/wp-content\/uploads\/2019\/12\/bossi_campo.png","type":"image\/png"}],"author":"NOTICIASMERCEDINAS.COM","twitter_card":"summary_large_image","twitter_creator":"@notmercedinas","twitter_site":"@notmercedinas","twitter_misc":{"Escrito por":"NOTICIASMERCEDINAS.COM","Tiempo de lectura":"1 minuto"},"schema":{"@context":"https:\/\/schema.org","@graph":[{"@type":"Article","@id":"https:\/\/noticiasmercedinas.com\/site\/2019\/12\/16\/campo-mas-ciudad-reunio-a-productores-agropecuarios-en-mercedes\/#article","isPartOf":{"@id":"https:\/\/noticiasmercedinas.com\/site\/2019\/12\/16\/campo-mas-ciudad-reunio-a-productores-agropecuarios-en-mercedes\/"},"author":{"name":"NOTICIASMERCEDINAS.COM","@id":"https:\/\/noticiasmercedinas.com\/site\/#\/schema\/person\/84b59c099c28ff2e8b77d4ceec5d8063"},"headline":"\u201cCampo m\u00e1s ciudad\u201d reuni\u00f3 a productores agropecuarios en Mercedes","datePublished":"2019-12-16T12:33:50+00:00","mainEntityOfPage":{"@id":"https:\/\/noticiasmercedinas.com\/site\/2019\/12\/16\/campo-mas-ciudad-reunio-a-productores-agropecuarios-en-mercedes\/"},"wordCount":181,"commentCount":0,"publisher":{"@id":"https:\/\/noticiasmercedinas.com\/site\/#organization"},"image":{"@id":"https:\/\/noticiasmercedinas.com\/site\/2019\/12\/16\/campo-mas-ciudad-reunio-a-productores-agropecuarios-en-mercedes\/#primaryimage"},"thumbnailUrl":"https:\/\/noticiasmercedinas.com\/site\/wp-content\/uploads\/2019\/12\/bossi_campo.png","keywords":["Campo m\u00e1s ciudad","Emerfgencia econ\u00f3mica","Luciano Bugallo","Mart\u00edn Bossi","retenciones"],"articleSection":["Politica"],"inLanguage":"es","potentialAction":[{"@type":"CommentAction","name":"Comment","target":["https:\/\/noticiasmercedinas.com\/site\/2019\/12\/16\/campo-mas-ciudad-reunio-a-productores-agropecuarios-en-mercedes\/#respond"]}]},{"@type":"WebPage","@id":"https:\/\/noticiasmercedinas.com\/site\/2019\/12\/16\/campo-mas-ciudad-reunio-a-productores-agropecuarios-en-mercedes\/","url":"https:\/\/noticiasmercedinas.com\/site\/2019\/12\/16\/campo-mas-ciudad-reunio-a-productores-agropecuarios-en-mercedes\/","name":"\u201cCampo m\u00e1s ciudad\u201d reuni\u00f3 a productores agropecuarios en Mercedes","isPartOf":{"@id":"https:\/\/noticiasmercedinas.com\/site\/#website"},"primaryImageOfPage":{"@id":"https:\/\/noticiasmercedinas.com\/site\/2019\/12\/16\/campo-mas-ciudad-reunio-a-productores-agropecuarios-en-mercedes\/#primaryimage"},"image":{"@id":"https:\/\/noticiasmercedinas.com\/site\/2019\/12\/16\/campo-mas-ciudad-reunio-a-productores-agropecuarios-en-mercedes\/#primaryimage"},"thumbnailUrl":"https:\/\/noticiasmercedinas.com\/site\/wp-content\/uploads\/2019\/12\/bossi_campo.png","datePublished":"2019-12-16T12:33:50+00:00","breadcrumb":{"@id":"https:\/\/noticiasmercedinas.com\/site\/2019\/12\/16\/campo-mas-ciudad-reunio-a-productores-agropecuarios-en-mercedes\/#breadcrumb"},"inLanguage":"es","potentialAction":[{"@type":"ReadAction","target":["https:\/\/noticiasmercedinas.com\/site\/2019\/12\/16\/campo-mas-ciudad-reunio-a-productores-agropecuarios-en-mercedes\/"]}]},{"@type":"ImageObject","inLanguage":"es","@id":"https:\/\/noticiasmercedinas.com\/site\/2019\/12\/16\/campo-mas-ciudad-reunio-a-productores-agropecuarios-en-mercedes\/#primaryimage","url":"https:\/\/noticiasmercedinas.com\/site\/wp-content\/uploads\/2019\/12\/bossi_campo.png","contentUrl":"https:\/\/noticiasmercedinas.com\/site\/wp-content\/uploads\/2019\/12\/bossi_campo.png","width":640,"height":411},{"@type":"BreadcrumbList","@id":"https:\/\/noticiasmercedinas.com\/site\/2019\/12\/16\/campo-mas-ciudad-reunio-a-productores-agropecuarios-en-mercedes\/#breadcrumb","itemListElement":[{"@type":"ListItem","position":1,"name":"Portada","item":"https:\/\/noticiasmercedinas.com\/site\/"},{"@type":"ListItem","position":2,"name":"\u201cCampo m\u00e1s ciudad\u201d reuni\u00f3 a productores agropecuarios en Mercedes"}]},{"@type":"WebSite","@id":"https:\/\/noticiasmercedinas.com\/site\/#website","url":"https:\/\/noticiasmercedinas.com\/site\/","name":"NOTICIASMERCEDINAS.COM","description":"Mercedes, Buenos Aires, Argentina","publisher":{"@id":"https:\/\/noticiasmercedinas.com\/site\/#organization"},"potentialAction":[{"@type":"SearchAction","target":{"@type":"EntryPoint","urlTemplate":"https:\/\/noticiasmercedinas.com\/site\/?s={search_term_string}"},"query-input":{"@type":"PropertyValueSpecification","valueRequired":true,"valueName":"search_term_string"}}],"inLanguage":"es"},{"@type":"Organization","@id":"https:\/\/noticiasmercedinas.com\/site\/#organization","name":"NOTICIASMERCEDINAS.COM","url":"https:\/\/noticiasmercedinas.com\/site\/","logo":{"@type":"ImageObject","inLanguage":"es","@id":"https:\/\/noticiasmercedinas.com\/site\/#\/schema\/logo\/image\/","url":"https:\/\/noticiasmercedinas.com\/site\/wp-content\/uploads\/2020\/06\/LOGO-512.jpg","contentUrl":"https:\/\/noticiasmercedinas.com\/site\/wp-content\/uploads\/2020\/06\/LOGO-512.jpg","width":512,"height":512,"caption":"NOTICIASMERCEDINAS.COM"},"image":{"@id":"https:\/\/noticiasmercedinas.com\/site\/#\/schema\/logo\/image\/"},"sameAs":["https:\/\/www.facebook.com\/noticiasmercedinas\/","https:\/\/x.com\/notmercedinas","https:\/\/www.instagram.com\/noticiasmercedinas\/"]},{"@type":"Person","@id":"https:\/\/noticiasmercedinas.com\/site\/#\/schema\/person\/84b59c099c28ff2e8b77d4ceec5d8063","name":"NOTICIASMERCEDINAS.COM","image":{"@type":"ImageObject","inLanguage":"es","@id":"https:\/\/secure.gravatar.com\/avatar\/4dfbf16b4d17945bfb6341b2d19043457132fcf478a5ee04f42e959fd8f5df0a?s=96&d=mm&r=g","url":"https:\/\/secure.gravatar.com\/avatar\/4dfbf16b4d17945bfb6341b2d19043457132fcf478a5ee04f42e959fd8f5df0a?s=96&d=mm&r=g","contentUrl":"https:\/\/secure.gravatar.com\/avatar\/4dfbf16b4d17945bfb6341b2d19043457132fcf478a5ee04f42e959fd8f5df0a?s=96&d=mm&r=g","caption":"NOTICIASMERCEDINAS.COM"},"url":"https:\/\/noticiasmercedinas.com\/site\/author\/anonimo\/"}]}},"amp_enabled":true,"_links":{"self":[{"href":"https:\/\/noticiasmercedinas.com\/site\/wp-json\/wp\/v2\/posts\/36280","targetHints":{"allow":["GET"]}}],"collection":[{"href":"https:\/\/noticiasmercedinas.com\/site\/wp-json\/wp\/v2\/posts"}],"about":[{"href":"https:\/\/noticiasmercedinas.com\/site\/wp-json\/wp\/v2\/types\/post"}],"author":[{"embeddable":true,"href":"https:\/\/noticiasmercedinas.com\/site\/wp-json\/wp\/v2\/users\/16"}],"replies":[{"embeddable":true,"href":"https:\/\/noticiasmercedinas.com\/site\/wp-json\/wp\/v2\/comments?post=36280"}],"version-history":[{"count":4,"href":"https:\/\/noticiasmercedinas.com\/site\/wp-json\/wp\/v2\/posts\/36280\/revisions"}],"predecessor-version":[{"id":36286,"href":"https:\/\/noticiasmercedinas.com\/site\/wp-json\/wp\/v2\/posts\/36280\/revisions\/36286"}],"wp:featuredmedia":[{"embeddable":true,"href":"https:\/\/noticiasmercedinas.com\/site\/wp-json\/wp\/v2\/media\/36281"}],"wp:attachment":[{"href":"https:\/\/noticiasmercedinas.com\/site\/wp-json\/wp\/v2\/media?parent=36280"}],"wp:term":[{"taxonomy":"category","embeddable":true,"href":"https:\/\/noticiasmercedinas.com\/site\/wp-json\/wp\/v2\/categories?post=36280"},{"taxonomy":"post_tag","embeddable":true,"href":"https:\/\/noticiasmercedinas.com\/site\/wp-json\/wp\/v2\/tags?post=36280"}],"curies":[{"name":"wp","href":"https:\/\/api.w.org\/{rel}","templated":true}]}}