{"id":36287,"date":"2019-12-16T09:56:34","date_gmt":"2019-12-16T12:56:34","guid":{"rendered":"https:\/\/noticiasmercedinas.com\/site\/?p=36287"},"modified":"2019-12-16T09:56:34","modified_gmt":"2019-12-16T12:56:34","slug":"otra-vez-fracasa-la-cumbre-mundial-del-clima-cop25","status":"publish","type":"post","link":"https:\/\/noticiasmercedinas.com\/site\/2019\/12\/16\/otra-vez-fracasa-la-cumbre-mundial-del-clima-cop25\/","title":{"rendered":"Otra vez fracasa la Cumbre Mundial del Clima COP25"},"content":{"rendered":"<p><img loading=\"lazy\" decoding=\"async\" class=\"alignnone size-full wp-image-36288\" src=\"https:\/\/noticiasmercedinas.com\/site\/wp-content\/uploads\/2019\/12\/cop25.jpg_258117318.jpg\" alt=\"\" width=\"829\" height=\"466\" srcset=\"https:\/\/noticiasmercedinas.com\/site\/wp-content\/uploads\/2019\/12\/cop25.jpg_258117318.jpg 829w, https:\/\/noticiasmercedinas.com\/site\/wp-content\/uploads\/2019\/12\/cop25.jpg_258117318-300x169.jpg 300w, https:\/\/noticiasmercedinas.com\/site\/wp-content\/uploads\/2019\/12\/cop25.jpg_258117318-768x432.jpg 768w, https:\/\/noticiasmercedinas.com\/site\/wp-content\/uploads\/2019\/12\/cop25.jpg_258117318-640x360.jpg 640w, https:\/\/noticiasmercedinas.com\/site\/wp-content\/uploads\/2019\/12\/cop25.jpg_258117318-681x383.jpg 681w\" sizes=\"auto, (max-width: 829px) 100vw, 829px\" \/><\/p>\n<p>Lo ven\u00edamos presagiando. La Conferencia sobre Cambio Clim\u00e1tico termin\u00f3 sin ning\u00fan acuerdo. Se reunieron para pautar acciones concretas que conlleven a mitigar los efectos del cambio clim\u00e1tico. Aunque las deliberaciones se prolongaron por 48 horas \u2013estaba programado que la conferencia terminar\u00eda el viernes y hubo de prolongarse hasta el domingo\u2013 aun as\u00ed, \u00a0no se alcanz\u00f3 ning\u00fan compromiso, que era el prop\u00f3sito central del certamen.<\/p>\n<p>Tanto es as\u00ed que el documento final no contiene ni una sola frase que apele al esfuerzo de los pa\u00edses por presentar proyectos para reducir los gases de efecto invernadero. En concreto se eval\u00faa que, aun teniendo en cuenta las evidencias cient\u00edficas sobre la urgencia de tratar de frenar el deterioro del clima, los resultados han sido paup\u00e9rrimos. Como corolario de esto se han pospuesto todas las decisiones importantes para la COP26, que se realizar\u00e1 en Glasgow Escocia en el 2020.<\/p>\n<p>Por otra parte, qued\u00f3 demostrado que los pa\u00edses altamente desarrollados &#8211;que son los que m\u00e1s contaminan&#8211; enviaron a la conferencia representantes de sus gobiernos de tercera l\u00ednea, demostrando su desinter\u00e9s por arribar a acuerdos concretos para detener el avance de las emisiones perniciosas que deterioran el clima. En este grupo est\u00e1n los EE.UU, Rusia y China, pese a los grandes incendios que asolaron al polo norte y los que ahora mismo se tornan imparables en California.<\/p>\n<p>Sectores importantes de distintas \u00e1reas del conocimiento cient\u00edfico relacionado con la naturaleza, que estuvieron observando el desarrollo de la cumbre, culparon por el pobre resultado a los pa\u00edses del G20. Y a las principales compa\u00f1\u00edas petroleras, gas y carb\u00f3n, a las que acusan de socavar la \u201cambici\u00f3n\u201d clim\u00e1tica. Estos mismos observadores acotaron que otros pa\u00edses como Australia, Brasil y Arabia Saudita, cuyos presidentes se mostraron impasibles ante los devastadores incendios en Sydney y en la Amazon\u00eda este a\u00f1o, en los que se destruyeron ecosistemas maravillosos y dejaron miles de personas sin hogar.<\/p>\n<p>En otros pasajes de la discusi\u00f3n, se aludieron a las principales econom\u00edas como Canad\u00e1, Jap\u00f3n, la India y China, estos fueron acusados por su autocomplacencia y no prestar apoyo a las naciones m\u00e1s vulnerables que han sido impactadas por el deterioro del clima y por no promover acciones concretas para que se d\u00e9\u00a0 una respuesta colectiva en el 2020.<\/p>\n<p>El texto de la decisi\u00f3n final de la COP25 \u00abreitera con gran preocupaci\u00f3n la urgente necesidad de abordar la importante brecha entre el efecto agregado de los esfuerzos de mitigaci\u00f3n de las Partes [pa\u00edses] en t\u00e9rminos de emisiones globales anuales de gases de efecto invernadero para 2020 (&#8230;)\u00bb, al mismo tiempo que \u00absubraya la urgencia de una mayor ambici\u00f3n para asegurar los mayores esfuerzos de mitigaci\u00f3n y adaptaci\u00f3n posibles de todas las Partes\u00bb.<\/p>\n<p>Sin embargo, el texto final es m\u00e1s d\u00e9bil que la versi\u00f3n anterior. Su plazo de financiaci\u00f3n, \u201cinsta\u201d a aumentar el apoyo de los pa\u00edses desarrollados y otras Partes que est\u00e1n en condiciones de hacerlo, as\u00ed como de las organizaciones privadas y no gubernamentales, los fondos y otras partes interesadas; pero s\u00f3lo invita a la Junta Directiva del Fondo Verde para el Clima (GCF) a seguir proporcionando recursos para p\u00e9rdidas y da\u00f1os.<\/p>\n<p>La frase \u201cAmbici\u00f3n Clim\u00e1tica\u201d se us\u00f3 reiteradamente en los textos que emanaron de la cumbre, y cabe preguntarse entonces \u00bfc\u00f3mo es que con una ambici\u00f3n casi obsesiva por la soluci\u00f3n de los problemas del clima no logran despu\u00e9s de 15 d\u00edas, arribar un consenso m\u00ednimo sobre algo \u00a0que se acerque a los objetivos propuestos en la cumbre? Habr\u00eda que preguntarse entonces si estamos frente a una distorsi\u00f3n sem\u00e1ntica o a una ch\u00e1chara en las que est\u00e1n involucrados casi la totalidad de los pa\u00edses del mundo.<\/p>\n<p>Todo esto ocurre en simult\u00e1neo con el derretimiento de los casquetes polares que es continuo y persistente y cada a\u00f1o se registra un r\u00e9cord respecto de la falta de hielo en los polos. Se cree que esta es la peor d\u00e9cada de la crisis clim\u00e1tica, la que se ha venido incrementando de manera exponencial a partir del siglo XXI.<\/p>\n<p>Otro importante t\u00f3pico del deterioro, es la acidificaci\u00f3n de los oc\u00e9anos que es una respuesta directa al calentamiento global que hasta ahora ha crecido un 26% a partir de la era industrial, que es el momento en que empieza el uso de los combustibles f\u00f3siles. Se estima que de continuar este proceso, en 70 a\u00f1os se acabar\u00eda la vida en el mar. Todos estos fen\u00f3menos fueron instigados por la acci\u00f3n antr\u00f3pica, desmesurada e irresponsable.<\/p>\n<p>Si optamos por ver el vaso medio lleno, cabe mencionar que cada vez m\u00e1s gente se moviliza en el mundo por causas ambientales, especialmente agrupaciones de j\u00f3venes y organizaciones de car\u00e1cter cient\u00edfico preocupados por la decadencia medioambiental en el planeta. Las manifestaciones en las calles, en las redes y las plazas de todo el mundo, dejan en claro que est\u00e1n muy por encima de sus representantes.<\/p>\n","protected":false},"excerpt":{"rendered":"<p>Lo ven\u00edamos presagiando. La Conferencia sobre Cambio Clim\u00e1tico termin\u00f3 sin ning\u00fan acuerdo. Se reunieron para pautar acciones concretas que conlleven a mitigar los efectos del cambio clim\u00e1tico. Aunque las deliberaciones se prolongaron por 48 horas \u2013estaba programado que la conferencia terminar\u00eda el viernes y hubo de prolongarse hasta el domingo\u2013 aun as\u00ed, \u00a0no se alcanz\u00f3 [&hellip;]<\/p>\n","protected":false},"author":25,"featured_media":36288,"comment_status":"open","ping_status":"open","sticky":false,"template":"","format":"standard","meta":{"footnotes":""},"categories":[5754],"tags":[5892,7598,146],"class_list":["post-36287","post","type-post","status-publish","format-standard","has-post-thumbnail","hentry","category-medio-ambiente","tag-cop25","tag-cumbre","tag-medio-ambiente"],"yoast_head":"<!-- This site is optimized with the Yoast SEO plugin v27.4 - https:\/\/yoast.com\/product\/yoast-seo-wordpress\/ -->\n<title>Otra vez fracasa la Cumbre Mundial del Clima COP25<\/title>\n<meta name=\"robots\" content=\"index, follow, max-snippet:-1, max-image-preview:large, max-video-preview:-1\" \/>\n<link rel=\"canonical\" href=\"https:\/\/noticiasmercedinas.com\/site\/2019\/12\/16\/otra-vez-fracasa-la-cumbre-mundial-del-clima-cop25\/\" \/>\n<meta property=\"og:locale\" content=\"es_ES\" \/>\n<meta property=\"og:type\" content=\"article\" \/>\n<meta property=\"og:title\" content=\"Otra vez fracasa la Cumbre Mundial del Clima COP25\" \/>\n<meta property=\"og:description\" content=\"Lo ven\u00edamos presagiando. La Conferencia sobre Cambio Clim\u00e1tico termin\u00f3 sin ning\u00fan acuerdo. Se reunieron para pautar acciones concretas que conlleven a mitigar los efectos del cambio clim\u00e1tico. Aunque las deliberaciones se prolongaron por 48 horas \u2013estaba programado que la conferencia terminar\u00eda el viernes y hubo de prolongarse hasta el domingo\u2013 aun as\u00ed, \u00a0no se alcanz\u00f3 [&hellip;]\" \/>\n<meta property=\"og:url\" content=\"https:\/\/noticiasmercedinas.com\/site\/2019\/12\/16\/otra-vez-fracasa-la-cumbre-mundial-del-clima-cop25\/\" \/>\n<meta property=\"og:site_name\" content=\"NOTICIASMERCEDINAS.COM\" \/>\n<meta property=\"article:publisher\" content=\"https:\/\/www.facebook.com\/noticiasmercedinas\/\" \/>\n<meta property=\"article:published_time\" content=\"2019-12-16T12:56:34+00:00\" \/>\n<meta property=\"og:image\" content=\"https:\/\/noticiasmercedinas.com\/site\/wp-content\/uploads\/2019\/12\/cop25.jpg_258117318.jpg\" \/>\n\t<meta property=\"og:image:width\" content=\"829\" \/>\n\t<meta property=\"og:image:height\" content=\"466\" \/>\n\t<meta property=\"og:image:type\" content=\"image\/jpeg\" \/>\n<meta name=\"author\" content=\"Luis Aros Peralta\" \/>\n<meta name=\"twitter:card\" content=\"summary_large_image\" \/>\n<meta name=\"twitter:creator\" content=\"@notmercedinas\" \/>\n<meta name=\"twitter:site\" content=\"@notmercedinas\" \/>\n<meta name=\"twitter:label1\" content=\"Escrito por\" \/>\n\t<meta name=\"twitter:data1\" content=\"Luis Aros Peralta\" \/>\n\t<meta name=\"twitter:label2\" content=\"Tiempo de lectura\" \/>\n\t<meta name=\"twitter:data2\" content=\"4 minutos\" \/>\n<script type=\"application\/ld+json\" class=\"yoast-schema-graph\">{\"@context\":\"https:\\\/\\\/schema.org\",\"@graph\":[{\"@type\":\"Article\",\"@id\":\"https:\\\/\\\/noticiasmercedinas.com\\\/site\\\/2019\\\/12\\\/16\\\/otra-vez-fracasa-la-cumbre-mundial-del-clima-cop25\\\/#article\",\"isPartOf\":{\"@id\":\"https:\\\/\\\/noticiasmercedinas.com\\\/site\\\/2019\\\/12\\\/16\\\/otra-vez-fracasa-la-cumbre-mundial-del-clima-cop25\\\/\"},\"author\":{\"name\":\"Luis Aros Peralta\",\"@id\":\"https:\\\/\\\/noticiasmercedinas.com\\\/site\\\/#\\\/schema\\\/person\\\/643e455c24c13217c5a0b23717575e36\"},\"headline\":\"Otra vez fracasa la Cumbre Mundial del Clima COP25\",\"datePublished\":\"2019-12-16T12:56:34+00:00\",\"mainEntityOfPage\":{\"@id\":\"https:\\\/\\\/noticiasmercedinas.com\\\/site\\\/2019\\\/12\\\/16\\\/otra-vez-fracasa-la-cumbre-mundial-del-clima-cop25\\\/\"},\"wordCount\":881,\"commentCount\":0,\"publisher\":{\"@id\":\"https:\\\/\\\/noticiasmercedinas.com\\\/site\\\/#organization\"},\"image\":{\"@id\":\"https:\\\/\\\/noticiasmercedinas.com\\\/site\\\/2019\\\/12\\\/16\\\/otra-vez-fracasa-la-cumbre-mundial-del-clima-cop25\\\/#primaryimage\"},\"thumbnailUrl\":\"https:\\\/\\\/noticiasmercedinas.com\\\/site\\\/wp-content\\\/uploads\\\/2019\\\/12\\\/cop25.jpg_258117318.jpg\",\"keywords\":[\"cop25\",\"cumbre\",\"medio ambiente\"],\"articleSection\":[\"Ambiente\"],\"inLanguage\":\"es\",\"potentialAction\":[{\"@type\":\"CommentAction\",\"name\":\"Comment\",\"target\":[\"https:\\\/\\\/noticiasmercedinas.com\\\/site\\\/2019\\\/12\\\/16\\\/otra-vez-fracasa-la-cumbre-mundial-del-clima-cop25\\\/#respond\"]}]},{\"@type\":\"WebPage\",\"@id\":\"https:\\\/\\\/noticiasmercedinas.com\\\/site\\\/2019\\\/12\\\/16\\\/otra-vez-fracasa-la-cumbre-mundial-del-clima-cop25\\\/\",\"url\":\"https:\\\/\\\/noticiasmercedinas.com\\\/site\\\/2019\\\/12\\\/16\\\/otra-vez-fracasa-la-cumbre-mundial-del-clima-cop25\\\/\",\"name\":\"Otra vez fracasa la Cumbre Mundial del Clima COP25\",\"isPartOf\":{\"@id\":\"https:\\\/\\\/noticiasmercedinas.com\\\/site\\\/#website\"},\"primaryImageOfPage\":{\"@id\":\"https:\\\/\\\/noticiasmercedinas.com\\\/site\\\/2019\\\/12\\\/16\\\/otra-vez-fracasa-la-cumbre-mundial-del-clima-cop25\\\/#primaryimage\"},\"image\":{\"@id\":\"https:\\\/\\\/noticiasmercedinas.com\\\/site\\\/2019\\\/12\\\/16\\\/otra-vez-fracasa-la-cumbre-mundial-del-clima-cop25\\\/#primaryimage\"},\"thumbnailUrl\":\"https:\\\/\\\/noticiasmercedinas.com\\\/site\\\/wp-content\\\/uploads\\\/2019\\\/12\\\/cop25.jpg_258117318.jpg\",\"datePublished\":\"2019-12-16T12:56:34+00:00\",\"breadcrumb\":{\"@id\":\"https:\\\/\\\/noticiasmercedinas.com\\\/site\\\/2019\\\/12\\\/16\\\/otra-vez-fracasa-la-cumbre-mundial-del-clima-cop25\\\/#breadcrumb\"},\"inLanguage\":\"es\",\"potentialAction\":[{\"@type\":\"ReadAction\",\"target\":[\"https:\\\/\\\/noticiasmercedinas.com\\\/site\\\/2019\\\/12\\\/16\\\/otra-vez-fracasa-la-cumbre-mundial-del-clima-cop25\\\/\"]}]},{\"@type\":\"ImageObject\",\"inLanguage\":\"es\",\"@id\":\"https:\\\/\\\/noticiasmercedinas.com\\\/site\\\/2019\\\/12\\\/16\\\/otra-vez-fracasa-la-cumbre-mundial-del-clima-cop25\\\/#primaryimage\",\"url\":\"https:\\\/\\\/noticiasmercedinas.com\\\/site\\\/wp-content\\\/uploads\\\/2019\\\/12\\\/cop25.jpg_258117318.jpg\",\"contentUrl\":\"https:\\\/\\\/noticiasmercedinas.com\\\/site\\\/wp-content\\\/uploads\\\/2019\\\/12\\\/cop25.jpg_258117318.jpg\",\"width\":829,\"height\":466},{\"@type\":\"BreadcrumbList\",\"@id\":\"https:\\\/\\\/noticiasmercedinas.com\\\/site\\\/2019\\\/12\\\/16\\\/otra-vez-fracasa-la-cumbre-mundial-del-clima-cop25\\\/#breadcrumb\",\"itemListElement\":[{\"@type\":\"ListItem\",\"position\":1,\"name\":\"Portada\",\"item\":\"https:\\\/\\\/noticiasmercedinas.com\\\/site\\\/\"},{\"@type\":\"ListItem\",\"position\":2,\"name\":\"Otra vez fracasa la Cumbre Mundial del Clima COP25\"}]},{\"@type\":\"WebSite\",\"@id\":\"https:\\\/\\\/noticiasmercedinas.com\\\/site\\\/#website\",\"url\":\"https:\\\/\\\/noticiasmercedinas.com\\\/site\\\/\",\"name\":\"NOTICIASMERCEDINAS.COM\",\"description\":\"Mercedes, Buenos Aires, Argentina\",\"publisher\":{\"@id\":\"https:\\\/\\\/noticiasmercedinas.com\\\/site\\\/#organization\"},\"potentialAction\":[{\"@type\":\"SearchAction\",\"target\":{\"@type\":\"EntryPoint\",\"urlTemplate\":\"https:\\\/\\\/noticiasmercedinas.com\\\/site\\\/?s={search_term_string}\"},\"query-input\":{\"@type\":\"PropertyValueSpecification\",\"valueRequired\":true,\"valueName\":\"search_term_string\"}}],\"inLanguage\":\"es\"},{\"@type\":\"Organization\",\"@id\":\"https:\\\/\\\/noticiasmercedinas.com\\\/site\\\/#organization\",\"name\":\"NOTICIASMERCEDINAS.COM\",\"url\":\"https:\\\/\\\/noticiasmercedinas.com\\\/site\\\/\",\"logo\":{\"@type\":\"ImageObject\",\"inLanguage\":\"es\",\"@id\":\"https:\\\/\\\/noticiasmercedinas.com\\\/site\\\/#\\\/schema\\\/logo\\\/image\\\/\",\"url\":\"https:\\\/\\\/noticiasmercedinas.com\\\/site\\\/wp-content\\\/uploads\\\/2020\\\/06\\\/LOGO-512.jpg\",\"contentUrl\":\"https:\\\/\\\/noticiasmercedinas.com\\\/site\\\/wp-content\\\/uploads\\\/2020\\\/06\\\/LOGO-512.jpg\",\"width\":512,\"height\":512,\"caption\":\"NOTICIASMERCEDINAS.COM\"},\"image\":{\"@id\":\"https:\\\/\\\/noticiasmercedinas.com\\\/site\\\/#\\\/schema\\\/logo\\\/image\\\/\"},\"sameAs\":[\"https:\\\/\\\/www.facebook.com\\\/noticiasmercedinas\\\/\",\"https:\\\/\\\/x.com\\\/notmercedinas\",\"https:\\\/\\\/www.instagram.com\\\/noticiasmercedinas\\\/\"]},{\"@type\":\"Person\",\"@id\":\"https:\\\/\\\/noticiasmercedinas.com\\\/site\\\/#\\\/schema\\\/person\\\/643e455c24c13217c5a0b23717575e36\",\"name\":\"Luis Aros Peralta\",\"image\":{\"@type\":\"ImageObject\",\"inLanguage\":\"es\",\"@id\":\"https:\\\/\\\/secure.gravatar.com\\\/avatar\\\/ffaa7ed15185bce2ed0ebdb26992f46d5b4d7813fefe3ec23f4beadf7f9403af?s=96&d=mm&r=g\",\"url\":\"https:\\\/\\\/secure.gravatar.com\\\/avatar\\\/ffaa7ed15185bce2ed0ebdb26992f46d5b4d7813fefe3ec23f4beadf7f9403af?s=96&d=mm&r=g\",\"contentUrl\":\"https:\\\/\\\/secure.gravatar.com\\\/avatar\\\/ffaa7ed15185bce2ed0ebdb26992f46d5b4d7813fefe3ec23f4beadf7f9403af?s=96&d=mm&r=g\",\"caption\":\"Luis Aros Peralta\"},\"url\":\"https:\\\/\\\/noticiasmercedinas.com\\\/site\\\/author\\\/luis-aros-peralta\\\/\"}]}<\/script>\n<!-- \/ Yoast SEO plugin. -->","yoast_head_json":{"title":"Otra vez fracasa la Cumbre Mundial del Clima COP25","robots":{"index":"index","follow":"follow","max-snippet":"max-snippet:-1","max-image-preview":"max-image-preview:large","max-video-preview":"max-video-preview:-1"},"canonical":"https:\/\/noticiasmercedinas.com\/site\/2019\/12\/16\/otra-vez-fracasa-la-cumbre-mundial-del-clima-cop25\/","og_locale":"es_ES","og_type":"article","og_title":"Otra vez fracasa la Cumbre Mundial del Clima COP25","og_description":"Lo ven\u00edamos presagiando. La Conferencia sobre Cambio Clim\u00e1tico termin\u00f3 sin ning\u00fan acuerdo. Se reunieron para pautar acciones concretas que conlleven a mitigar los efectos del cambio clim\u00e1tico. Aunque las deliberaciones se prolongaron por 48 horas \u2013estaba programado que la conferencia terminar\u00eda el viernes y hubo de prolongarse hasta el domingo\u2013 aun as\u00ed, \u00a0no se alcanz\u00f3 [&hellip;]","og_url":"https:\/\/noticiasmercedinas.com\/site\/2019\/12\/16\/otra-vez-fracasa-la-cumbre-mundial-del-clima-cop25\/","og_site_name":"NOTICIASMERCEDINAS.COM","article_publisher":"https:\/\/www.facebook.com\/noticiasmercedinas\/","article_published_time":"2019-12-16T12:56:34+00:00","og_image":[{"width":829,"height":466,"url":"https:\/\/noticiasmercedinas.com\/site\/wp-content\/uploads\/2019\/12\/cop25.jpg_258117318.jpg","type":"image\/jpeg"}],"author":"Luis Aros Peralta","twitter_card":"summary_large_image","twitter_creator":"@notmercedinas","twitter_site":"@notmercedinas","twitter_misc":{"Escrito por":"Luis Aros Peralta","Tiempo de lectura":"4 minutos"},"schema":{"@context":"https:\/\/schema.org","@graph":[{"@type":"Article","@id":"https:\/\/noticiasmercedinas.com\/site\/2019\/12\/16\/otra-vez-fracasa-la-cumbre-mundial-del-clima-cop25\/#article","isPartOf":{"@id":"https:\/\/noticiasmercedinas.com\/site\/2019\/12\/16\/otra-vez-fracasa-la-cumbre-mundial-del-clima-cop25\/"},"author":{"name":"Luis Aros Peralta","@id":"https:\/\/noticiasmercedinas.com\/site\/#\/schema\/person\/643e455c24c13217c5a0b23717575e36"},"headline":"Otra vez fracasa la Cumbre Mundial del Clima COP25","datePublished":"2019-12-16T12:56:34+00:00","mainEntityOfPage":{"@id":"https:\/\/noticiasmercedinas.com\/site\/2019\/12\/16\/otra-vez-fracasa-la-cumbre-mundial-del-clima-cop25\/"},"wordCount":881,"commentCount":0,"publisher":{"@id":"https:\/\/noticiasmercedinas.com\/site\/#organization"},"image":{"@id":"https:\/\/noticiasmercedinas.com\/site\/2019\/12\/16\/otra-vez-fracasa-la-cumbre-mundial-del-clima-cop25\/#primaryimage"},"thumbnailUrl":"https:\/\/noticiasmercedinas.com\/site\/wp-content\/uploads\/2019\/12\/cop25.jpg_258117318.jpg","keywords":["cop25","cumbre","medio ambiente"],"articleSection":["Ambiente"],"inLanguage":"es","potentialAction":[{"@type":"CommentAction","name":"Comment","target":["https:\/\/noticiasmercedinas.com\/site\/2019\/12\/16\/otra-vez-fracasa-la-cumbre-mundial-del-clima-cop25\/#respond"]}]},{"@type":"WebPage","@id":"https:\/\/noticiasmercedinas.com\/site\/2019\/12\/16\/otra-vez-fracasa-la-cumbre-mundial-del-clima-cop25\/","url":"https:\/\/noticiasmercedinas.com\/site\/2019\/12\/16\/otra-vez-fracasa-la-cumbre-mundial-del-clima-cop25\/","name":"Otra vez fracasa la Cumbre Mundial del Clima COP25","isPartOf":{"@id":"https:\/\/noticiasmercedinas.com\/site\/#website"},"primaryImageOfPage":{"@id":"https:\/\/noticiasmercedinas.com\/site\/2019\/12\/16\/otra-vez-fracasa-la-cumbre-mundial-del-clima-cop25\/#primaryimage"},"image":{"@id":"https:\/\/noticiasmercedinas.com\/site\/2019\/12\/16\/otra-vez-fracasa-la-cumbre-mundial-del-clima-cop25\/#primaryimage"},"thumbnailUrl":"https:\/\/noticiasmercedinas.com\/site\/wp-content\/uploads\/2019\/12\/cop25.jpg_258117318.jpg","datePublished":"2019-12-16T12:56:34+00:00","breadcrumb":{"@id":"https:\/\/noticiasmercedinas.com\/site\/2019\/12\/16\/otra-vez-fracasa-la-cumbre-mundial-del-clima-cop25\/#breadcrumb"},"inLanguage":"es","potentialAction":[{"@type":"ReadAction","target":["https:\/\/noticiasmercedinas.com\/site\/2019\/12\/16\/otra-vez-fracasa-la-cumbre-mundial-del-clima-cop25\/"]}]},{"@type":"ImageObject","inLanguage":"es","@id":"https:\/\/noticiasmercedinas.com\/site\/2019\/12\/16\/otra-vez-fracasa-la-cumbre-mundial-del-clima-cop25\/#primaryimage","url":"https:\/\/noticiasmercedinas.com\/site\/wp-content\/uploads\/2019\/12\/cop25.jpg_258117318.jpg","contentUrl":"https:\/\/noticiasmercedinas.com\/site\/wp-content\/uploads\/2019\/12\/cop25.jpg_258117318.jpg","width":829,"height":466},{"@type":"BreadcrumbList","@id":"https:\/\/noticiasmercedinas.com\/site\/2019\/12\/16\/otra-vez-fracasa-la-cumbre-mundial-del-clima-cop25\/#breadcrumb","itemListElement":[{"@type":"ListItem","position":1,"name":"Portada","item":"https:\/\/noticiasmercedinas.com\/site\/"},{"@type":"ListItem","position":2,"name":"Otra vez fracasa la Cumbre Mundial del Clima COP25"}]},{"@type":"WebSite","@id":"https:\/\/noticiasmercedinas.com\/site\/#website","url":"https:\/\/noticiasmercedinas.com\/site\/","name":"NOTICIASMERCEDINAS.COM","description":"Mercedes, Buenos Aires, Argentina","publisher":{"@id":"https:\/\/noticiasmercedinas.com\/site\/#organization"},"potentialAction":[{"@type":"SearchAction","target":{"@type":"EntryPoint","urlTemplate":"https:\/\/noticiasmercedinas.com\/site\/?s={search_term_string}"},"query-input":{"@type":"PropertyValueSpecification","valueRequired":true,"valueName":"search_term_string"}}],"inLanguage":"es"},{"@type":"Organization","@id":"https:\/\/noticiasmercedinas.com\/site\/#organization","name":"NOTICIASMERCEDINAS.COM","url":"https:\/\/noticiasmercedinas.com\/site\/","logo":{"@type":"ImageObject","inLanguage":"es","@id":"https:\/\/noticiasmercedinas.com\/site\/#\/schema\/logo\/image\/","url":"https:\/\/noticiasmercedinas.com\/site\/wp-content\/uploads\/2020\/06\/LOGO-512.jpg","contentUrl":"https:\/\/noticiasmercedinas.com\/site\/wp-content\/uploads\/2020\/06\/LOGO-512.jpg","width":512,"height":512,"caption":"NOTICIASMERCEDINAS.COM"},"image":{"@id":"https:\/\/noticiasmercedinas.com\/site\/#\/schema\/logo\/image\/"},"sameAs":["https:\/\/www.facebook.com\/noticiasmercedinas\/","https:\/\/x.com\/notmercedinas","https:\/\/www.instagram.com\/noticiasmercedinas\/"]},{"@type":"Person","@id":"https:\/\/noticiasmercedinas.com\/site\/#\/schema\/person\/643e455c24c13217c5a0b23717575e36","name":"Luis Aros Peralta","image":{"@type":"ImageObject","inLanguage":"es","@id":"https:\/\/secure.gravatar.com\/avatar\/ffaa7ed15185bce2ed0ebdb26992f46d5b4d7813fefe3ec23f4beadf7f9403af?s=96&d=mm&r=g","url":"https:\/\/secure.gravatar.com\/avatar\/ffaa7ed15185bce2ed0ebdb26992f46d5b4d7813fefe3ec23f4beadf7f9403af?s=96&d=mm&r=g","contentUrl":"https:\/\/secure.gravatar.com\/avatar\/ffaa7ed15185bce2ed0ebdb26992f46d5b4d7813fefe3ec23f4beadf7f9403af?s=96&d=mm&r=g","caption":"Luis Aros Peralta"},"url":"https:\/\/noticiasmercedinas.com\/site\/author\/luis-aros-peralta\/"}]}},"amp_enabled":true,"_links":{"self":[{"href":"https:\/\/noticiasmercedinas.com\/site\/wp-json\/wp\/v2\/posts\/36287","targetHints":{"allow":["GET"]}}],"collection":[{"href":"https:\/\/noticiasmercedinas.com\/site\/wp-json\/wp\/v2\/posts"}],"about":[{"href":"https:\/\/noticiasmercedinas.com\/site\/wp-json\/wp\/v2\/types\/post"}],"author":[{"embeddable":true,"href":"https:\/\/noticiasmercedinas.com\/site\/wp-json\/wp\/v2\/users\/25"}],"replies":[{"embeddable":true,"href":"https:\/\/noticiasmercedinas.com\/site\/wp-json\/wp\/v2\/comments?post=36287"}],"version-history":[{"count":1,"href":"https:\/\/noticiasmercedinas.com\/site\/wp-json\/wp\/v2\/posts\/36287\/revisions"}],"predecessor-version":[{"id":36289,"href":"https:\/\/noticiasmercedinas.com\/site\/wp-json\/wp\/v2\/posts\/36287\/revisions\/36289"}],"wp:featuredmedia":[{"embeddable":true,"href":"https:\/\/noticiasmercedinas.com\/site\/wp-json\/wp\/v2\/media\/36288"}],"wp:attachment":[{"href":"https:\/\/noticiasmercedinas.com\/site\/wp-json\/wp\/v2\/media?parent=36287"}],"wp:term":[{"taxonomy":"category","embeddable":true,"href":"https:\/\/noticiasmercedinas.com\/site\/wp-json\/wp\/v2\/categories?post=36287"},{"taxonomy":"post_tag","embeddable":true,"href":"https:\/\/noticiasmercedinas.com\/site\/wp-json\/wp\/v2\/tags?post=36287"}],"curies":[{"name":"wp","href":"https:\/\/api.w.org\/{rel}","templated":true}]}}