{"id":36369,"date":"2019-12-17T10:50:06","date_gmt":"2019-12-17T13:50:06","guid":{"rendered":"https:\/\/noticiasmercedinas.com\/site\/?p=36369"},"modified":"2019-12-17T10:50:06","modified_gmt":"2019-12-17T13:50:06","slug":"manuel-asenzo-lanzo-una-nueva-partida","status":"publish","type":"post","link":"https:\/\/noticiasmercedinas.com\/site\/2019\/12\/17\/manuel-asenzo-lanzo-una-nueva-partida\/","title":{"rendered":"Manuel Asenzo lanz\u00f3 \u201cUna nueva partida\u201d"},"content":{"rendered":"<p><img loading=\"lazy\" decoding=\"async\" class=\"alignnone size-large wp-image-36370\" src=\"https:\/\/noticiasmercedinas.com\/site\/wp-content\/uploads\/2019\/12\/c82de5ab-5a98-43ab-a4ae-c627d27ddc94-1024x1024.jpg\" alt=\"\" width=\"640\" height=\"640\" srcset=\"https:\/\/noticiasmercedinas.com\/site\/wp-content\/uploads\/2019\/12\/c82de5ab-5a98-43ab-a4ae-c627d27ddc94-1024x1024.jpg 1024w, https:\/\/noticiasmercedinas.com\/site\/wp-content\/uploads\/2019\/12\/c82de5ab-5a98-43ab-a4ae-c627d27ddc94-300x300.jpg 300w, https:\/\/noticiasmercedinas.com\/site\/wp-content\/uploads\/2019\/12\/c82de5ab-5a98-43ab-a4ae-c627d27ddc94-150x150.jpg 150w, https:\/\/noticiasmercedinas.com\/site\/wp-content\/uploads\/2019\/12\/c82de5ab-5a98-43ab-a4ae-c627d27ddc94-768x768.jpg 768w, https:\/\/noticiasmercedinas.com\/site\/wp-content\/uploads\/2019\/12\/c82de5ab-5a98-43ab-a4ae-c627d27ddc94-640x640.jpg 640w, https:\/\/noticiasmercedinas.com\/site\/wp-content\/uploads\/2019\/12\/c82de5ab-5a98-43ab-a4ae-c627d27ddc94-681x681.jpg 681w, https:\/\/noticiasmercedinas.com\/site\/wp-content\/uploads\/2019\/12\/c82de5ab-5a98-43ab-a4ae-c627d27ddc94.jpg 1280w\" sizes=\"auto, (max-width: 640px) 100vw, 640px\" \/><\/p>\n<p>El cantautor <strong>Manuel Asenzo<\/strong> ya tiene su primer disco titulado \u201cUna nueva partida\u201d. Se trata de un joven suipachense de 32 a\u00f1os, con mucha relaci\u00f3n con la ciudad de Mercedes, donde de hecho grab\u00f3 el material, en Piruca Estudio, que consta de doce canciones.<\/p>\n<p>\u201cUna nueva partida\u201d, \u201cCanci\u00f3n de un \u00e1ngel\u201d, \u201cCharla con Jes\u00fas\u201d, \u201cCristo ya venci\u00f3\u201d, \u201cMadre, quiero dec\u00edrtelo\u201d, \u201cAhora estoy de pie\u201d, \u201cEns\u00e9\u00f1ame Leonor\u201d (Dedicada a la V. Madre Leonor Maturana), \u201cTu amor no es invisible a sus ojos\u201d (dedicada a las hermanas carmelitas), \u201cSolo una pregunta\u201d, entre otras, son los temas que configuran este \u00e1lbum de m\u00fasica cat\u00f3lica con ritmos e instrumentaciones variadas: hay zambas, m\u00fasica con aire espa\u00f1ol y latino.<\/p>\n<p>Los temas que se tratan en las letras son sobre b\u00fasqueda, encuentro con el Se\u00f1or, conversi\u00f3n, esperanza en Cristo, alegr\u00eda en la resurrecci\u00f3n, santidad, valoraci\u00f3n de la oraci\u00f3n y de la vida consagrada, igualdad ante los ojos de Dios, duda y amor a Dios. \u201cDurante algunos a\u00f1os (m\u00e1s de cuatro) fui escribiendo y rezando por ellas y por este don, para ver que quer\u00eda el Se\u00f1or con esto en mi vida\u201d, cuenta el propio Asenzo.<\/p>\n<p>\u201cMi mayor tranquilidad es la inmensa paz y gozo que siento en el coraz\u00f3n cuando canto, que viene de \u00c9l y es para los dem\u00e1s. Por ello, ahora la l\u00e1mpara que supe esconder mientras oraba, va a estar sobre la mesa para que ilumine a quien el Se\u00f1or quiera\u201d, agrega.<\/p>\n<p><img loading=\"lazy\" decoding=\"async\" class=\"alignnone size-large wp-image-36371\" src=\"https:\/\/noticiasmercedinas.com\/site\/wp-content\/uploads\/2019\/12\/5eec436d-1586-4be7-b6a1-366ba45d163f-1024x1024.jpg\" alt=\"\" width=\"640\" height=\"640\" srcset=\"https:\/\/noticiasmercedinas.com\/site\/wp-content\/uploads\/2019\/12\/5eec436d-1586-4be7-b6a1-366ba45d163f-1024x1024.jpg 1024w, https:\/\/noticiasmercedinas.com\/site\/wp-content\/uploads\/2019\/12\/5eec436d-1586-4be7-b6a1-366ba45d163f-300x300.jpg 300w, https:\/\/noticiasmercedinas.com\/site\/wp-content\/uploads\/2019\/12\/5eec436d-1586-4be7-b6a1-366ba45d163f-150x150.jpg 150w, https:\/\/noticiasmercedinas.com\/site\/wp-content\/uploads\/2019\/12\/5eec436d-1586-4be7-b6a1-366ba45d163f-768x768.jpg 768w, https:\/\/noticiasmercedinas.com\/site\/wp-content\/uploads\/2019\/12\/5eec436d-1586-4be7-b6a1-366ba45d163f-640x640.jpg 640w, https:\/\/noticiasmercedinas.com\/site\/wp-content\/uploads\/2019\/12\/5eec436d-1586-4be7-b6a1-366ba45d163f-681x681.jpg 681w, https:\/\/noticiasmercedinas.com\/site\/wp-content\/uploads\/2019\/12\/5eec436d-1586-4be7-b6a1-366ba45d163f.jpg 1280w\" sizes=\"auto, (max-width: 640px) 100vw, 640px\" \/><\/p>\n<p>\u201cMi conversi\u00f3n fue de grande en 2011, en una peregrinaci\u00f3n Mariana a Salta, de ah\u00ed la canci\u00f3n \u201cMadre, quiero dec\u00edrtelo\u201d. Por medio de la Inmaculada Madre del Divino Coraz\u00f3n Eucar\u00edstico de Jes\u00fas conoc\u00ed a Jes\u00fas, y qued\u00e9 enamorado de El. Antes nunca hab\u00eda escrito nada po\u00e9tico, esto se despert\u00f3 desde el coraz\u00f3n y por la necesidad de expresi\u00f3n de cosas que me iban pasando al caminar la conversi\u00f3n. A veces siento que tengo algo dentro que quiere salir, o una frase que escucho y cala profundamente en alg\u00fan momento de mi vida (como el t\u00edtulo de la canci\u00f3n \u201cCristo ya venci\u00f3\u201d), en ese momento, me pongo en oraci\u00f3n y le pido al Se\u00f1or que env\u00ede su Esp\u00edritu Santo, y que, si es su voluntad, se exprese por medio de la m\u00fasica\u201d, explica.<\/p>\n<p>En el \u00e1lbum, ya disponible en Youtube, hay canciones basadas en personas y momentos del Evangelio, como el encuentro de Jes\u00fas con Mar\u00eda Magdalena en \u201cAhora estoy de pie\u201d, o la canci\u00f3n dedicada al \u00e1ngel de la guarda, \u201cCanci\u00f3n de un \u00e1ngel\u201d.<\/p>\n<p>\u201cTodo fue muy providencial en el lanzamiento de este cd, desde lo musical a lo econ\u00f3mico. Han participado de este trabajo amigos en la fe, amigos de otros credos, y amigos que creen en el amor sin una religi\u00f3n concreta. Quiero agradecer de coraz\u00f3n a todos los que me acompa\u00f1aron para que hoy se est\u00e9 cumpliendo esta meta y espero que este material llegue a donde el Se\u00f1or quiera, y que sea una herramienta donde corra la gracia de Dios, para que cada vez m\u00e1s volvamos los ojos a El\u201d, completa.<\/p>\n<p><iframe loading=\"lazy\" title=\"Una nueva partida\" width=\"640\" height=\"360\" src=\"https:\/\/www.youtube.com\/embed\/videoseries?list=PL-aQmophVD3cJx4D1eVlu6gYemRc3uC00\" frameborder=\"0\" allow=\"accelerometer; autoplay; clipboard-write; encrypted-media; gyroscope; picture-in-picture; web-share\" referrerpolicy=\"strict-origin-when-cross-origin\" allowfullscreen><\/iframe><\/p>\n<p>&nbsp;<\/p>\n","protected":false},"excerpt":{"rendered":"<p>El cantautor Manuel Asenzo ya tiene su primer disco titulado \u201cUna nueva partida\u201d. Se trata de un joven suipachense de 32 a\u00f1os, con mucha relaci\u00f3n con la ciudad de Mercedes, donde de hecho grab\u00f3 el material, en Piruca Estudio, que consta de doce canciones. \u201cUna nueva partida\u201d, \u201cCanci\u00f3n de un \u00e1ngel\u201d, \u201cCharla con Jes\u00fas\u201d, \u201cCristo [&hellip;]<\/p>\n","protected":false},"author":2,"featured_media":36370,"comment_status":"open","ping_status":"open","sticky":false,"template":"","format":"standard","meta":{"footnotes":""},"categories":[4],"tags":[1776,6541,88,7703],"class_list":["post-36369","post","type-post","status-publish","format-standard","has-post-thumbnail","hentry","category-cultura","tag-disco","tag-manuel-asenzo","tag-musica","tag-una-nueva-partida"],"yoast_head":"<!-- This site is optimized with the Yoast SEO plugin v27.4 - https:\/\/yoast.com\/product\/yoast-seo-wordpress\/ -->\n<title>Manuel Asenzo lanz\u00f3 \u201cUna nueva partida\u201d<\/title>\n<meta name=\"robots\" content=\"index, follow, max-snippet:-1, max-image-preview:large, max-video-preview:-1\" \/>\n<link rel=\"canonical\" href=\"https:\/\/noticiasmercedinas.com\/site\/2019\/12\/17\/manuel-asenzo-lanzo-una-nueva-partida\/\" \/>\n<meta property=\"og:locale\" content=\"es_ES\" \/>\n<meta property=\"og:type\" content=\"article\" \/>\n<meta property=\"og:title\" content=\"Manuel Asenzo lanz\u00f3 \u201cUna nueva partida\u201d\" \/>\n<meta property=\"og:description\" content=\"El cantautor Manuel Asenzo ya tiene su primer disco titulado \u201cUna nueva partida\u201d. Se trata de un joven suipachense de 32 a\u00f1os, con mucha relaci\u00f3n con la ciudad de Mercedes, donde de hecho grab\u00f3 el material, en Piruca Estudio, que consta de doce canciones. \u201cUna nueva partida\u201d, \u201cCanci\u00f3n de un \u00e1ngel\u201d, \u201cCharla con Jes\u00fas\u201d, \u201cCristo [&hellip;]\" \/>\n<meta property=\"og:url\" content=\"https:\/\/noticiasmercedinas.com\/site\/2019\/12\/17\/manuel-asenzo-lanzo-una-nueva-partida\/\" \/>\n<meta property=\"og:site_name\" content=\"NOTICIASMERCEDINAS.COM\" \/>\n<meta property=\"article:publisher\" content=\"https:\/\/www.facebook.com\/noticiasmercedinas\/\" \/>\n<meta property=\"article:author\" content=\"https:\/\/www.facebook.com\/cristian.falabella\" \/>\n<meta property=\"article:published_time\" content=\"2019-12-17T13:50:06+00:00\" \/>\n<meta property=\"og:image\" content=\"https:\/\/noticiasmercedinas.com\/site\/wp-content\/uploads\/2019\/12\/c82de5ab-5a98-43ab-a4ae-c627d27ddc94.jpg\" \/>\n\t<meta property=\"og:image:width\" content=\"1280\" \/>\n\t<meta property=\"og:image:height\" content=\"1280\" \/>\n\t<meta property=\"og:image:type\" content=\"image\/jpeg\" \/>\n<meta name=\"author\" content=\"Cristian Falabella NOTICIASMERCEDINAS.COM\" \/>\n<meta name=\"twitter:card\" content=\"summary_large_image\" \/>\n<meta name=\"twitter:creator\" content=\"@https:\/\/twitter.com\/NOTMERCEDINAS\" \/>\n<meta name=\"twitter:site\" content=\"@notmercedinas\" \/>\n<meta name=\"twitter:label1\" content=\"Escrito por\" \/>\n\t<meta name=\"twitter:data1\" content=\"Cristian Falabella NOTICIASMERCEDINAS.COM\" \/>\n\t<meta name=\"twitter:label2\" content=\"Tiempo de lectura\" \/>\n\t<meta name=\"twitter:data2\" content=\"3 minutos\" \/>\n<script type=\"application\/ld+json\" class=\"yoast-schema-graph\">{\"@context\":\"https:\\\/\\\/schema.org\",\"@graph\":[{\"@type\":\"Article\",\"@id\":\"https:\\\/\\\/noticiasmercedinas.com\\\/site\\\/2019\\\/12\\\/17\\\/manuel-asenzo-lanzo-una-nueva-partida\\\/#article\",\"isPartOf\":{\"@id\":\"https:\\\/\\\/noticiasmercedinas.com\\\/site\\\/2019\\\/12\\\/17\\\/manuel-asenzo-lanzo-una-nueva-partida\\\/\"},\"author\":{\"name\":\"Cristian Falabella NOTICIASMERCEDINAS.COM\",\"@id\":\"https:\\\/\\\/noticiasmercedinas.com\\\/site\\\/#\\\/schema\\\/person\\\/d481a9696a5feaec13a60e2bbd991a6a\"},\"headline\":\"Manuel Asenzo lanz\u00f3 \u201cUna nueva partida\u201d\",\"datePublished\":\"2019-12-17T13:50:06+00:00\",\"mainEntityOfPage\":{\"@id\":\"https:\\\/\\\/noticiasmercedinas.com\\\/site\\\/2019\\\/12\\\/17\\\/manuel-asenzo-lanzo-una-nueva-partida\\\/\"},\"wordCount\":577,\"commentCount\":0,\"publisher\":{\"@id\":\"https:\\\/\\\/noticiasmercedinas.com\\\/site\\\/#organization\"},\"image\":{\"@id\":\"https:\\\/\\\/noticiasmercedinas.com\\\/site\\\/2019\\\/12\\\/17\\\/manuel-asenzo-lanzo-una-nueva-partida\\\/#primaryimage\"},\"thumbnailUrl\":\"https:\\\/\\\/noticiasmercedinas.com\\\/site\\\/wp-content\\\/uploads\\\/2019\\\/12\\\/c82de5ab-5a98-43ab-a4ae-c627d27ddc94.jpg\",\"keywords\":[\"disco\",\"Manuel Asenzo\",\"musica\",\"una nueva partida\"],\"articleSection\":[\"Cultura\"],\"inLanguage\":\"es\",\"potentialAction\":[{\"@type\":\"CommentAction\",\"name\":\"Comment\",\"target\":[\"https:\\\/\\\/noticiasmercedinas.com\\\/site\\\/2019\\\/12\\\/17\\\/manuel-asenzo-lanzo-una-nueva-partida\\\/#respond\"]}]},{\"@type\":\"WebPage\",\"@id\":\"https:\\\/\\\/noticiasmercedinas.com\\\/site\\\/2019\\\/12\\\/17\\\/manuel-asenzo-lanzo-una-nueva-partida\\\/\",\"url\":\"https:\\\/\\\/noticiasmercedinas.com\\\/site\\\/2019\\\/12\\\/17\\\/manuel-asenzo-lanzo-una-nueva-partida\\\/\",\"name\":\"Manuel Asenzo lanz\u00f3 \u201cUna nueva partida\u201d\",\"isPartOf\":{\"@id\":\"https:\\\/\\\/noticiasmercedinas.com\\\/site\\\/#website\"},\"primaryImageOfPage\":{\"@id\":\"https:\\\/\\\/noticiasmercedinas.com\\\/site\\\/2019\\\/12\\\/17\\\/manuel-asenzo-lanzo-una-nueva-partida\\\/#primaryimage\"},\"image\":{\"@id\":\"https:\\\/\\\/noticiasmercedinas.com\\\/site\\\/2019\\\/12\\\/17\\\/manuel-asenzo-lanzo-una-nueva-partida\\\/#primaryimage\"},\"thumbnailUrl\":\"https:\\\/\\\/noticiasmercedinas.com\\\/site\\\/wp-content\\\/uploads\\\/2019\\\/12\\\/c82de5ab-5a98-43ab-a4ae-c627d27ddc94.jpg\",\"datePublished\":\"2019-12-17T13:50:06+00:00\",\"breadcrumb\":{\"@id\":\"https:\\\/\\\/noticiasmercedinas.com\\\/site\\\/2019\\\/12\\\/17\\\/manuel-asenzo-lanzo-una-nueva-partida\\\/#breadcrumb\"},\"inLanguage\":\"es\",\"potentialAction\":[{\"@type\":\"ReadAction\",\"target\":[\"https:\\\/\\\/noticiasmercedinas.com\\\/site\\\/2019\\\/12\\\/17\\\/manuel-asenzo-lanzo-una-nueva-partida\\\/\"]}]},{\"@type\":\"ImageObject\",\"inLanguage\":\"es\",\"@id\":\"https:\\\/\\\/noticiasmercedinas.com\\\/site\\\/2019\\\/12\\\/17\\\/manuel-asenzo-lanzo-una-nueva-partida\\\/#primaryimage\",\"url\":\"https:\\\/\\\/noticiasmercedinas.com\\\/site\\\/wp-content\\\/uploads\\\/2019\\\/12\\\/c82de5ab-5a98-43ab-a4ae-c627d27ddc94.jpg\",\"contentUrl\":\"https:\\\/\\\/noticiasmercedinas.com\\\/site\\\/wp-content\\\/uploads\\\/2019\\\/12\\\/c82de5ab-5a98-43ab-a4ae-c627d27ddc94.jpg\",\"width\":1280,\"height\":1280},{\"@type\":\"BreadcrumbList\",\"@id\":\"https:\\\/\\\/noticiasmercedinas.com\\\/site\\\/2019\\\/12\\\/17\\\/manuel-asenzo-lanzo-una-nueva-partida\\\/#breadcrumb\",\"itemListElement\":[{\"@type\":\"ListItem\",\"position\":1,\"name\":\"Portada\",\"item\":\"https:\\\/\\\/noticiasmercedinas.com\\\/site\\\/\"},{\"@type\":\"ListItem\",\"position\":2,\"name\":\"Manuel Asenzo lanz\u00f3 \u201cUna nueva partida\u201d\"}]},{\"@type\":\"WebSite\",\"@id\":\"https:\\\/\\\/noticiasmercedinas.com\\\/site\\\/#website\",\"url\":\"https:\\\/\\\/noticiasmercedinas.com\\\/site\\\/\",\"name\":\"NOTICIASMERCEDINAS.COM\",\"description\":\"Mercedes, Buenos Aires, Argentina\",\"publisher\":{\"@id\":\"https:\\\/\\\/noticiasmercedinas.com\\\/site\\\/#organization\"},\"potentialAction\":[{\"@type\":\"SearchAction\",\"target\":{\"@type\":\"EntryPoint\",\"urlTemplate\":\"https:\\\/\\\/noticiasmercedinas.com\\\/site\\\/?s={search_term_string}\"},\"query-input\":{\"@type\":\"PropertyValueSpecification\",\"valueRequired\":true,\"valueName\":\"search_term_string\"}}],\"inLanguage\":\"es\"},{\"@type\":\"Organization\",\"@id\":\"https:\\\/\\\/noticiasmercedinas.com\\\/site\\\/#organization\",\"name\":\"NOTICIASMERCEDINAS.COM\",\"url\":\"https:\\\/\\\/noticiasmercedinas.com\\\/site\\\/\",\"logo\":{\"@type\":\"ImageObject\",\"inLanguage\":\"es\",\"@id\":\"https:\\\/\\\/noticiasmercedinas.com\\\/site\\\/#\\\/schema\\\/logo\\\/image\\\/\",\"url\":\"https:\\\/\\\/noticiasmercedinas.com\\\/site\\\/wp-content\\\/uploads\\\/2020\\\/06\\\/LOGO-512.jpg\",\"contentUrl\":\"https:\\\/\\\/noticiasmercedinas.com\\\/site\\\/wp-content\\\/uploads\\\/2020\\\/06\\\/LOGO-512.jpg\",\"width\":512,\"height\":512,\"caption\":\"NOTICIASMERCEDINAS.COM\"},\"image\":{\"@id\":\"https:\\\/\\\/noticiasmercedinas.com\\\/site\\\/#\\\/schema\\\/logo\\\/image\\\/\"},\"sameAs\":[\"https:\\\/\\\/www.facebook.com\\\/noticiasmercedinas\\\/\",\"https:\\\/\\\/x.com\\\/notmercedinas\",\"https:\\\/\\\/www.instagram.com\\\/noticiasmercedinas\\\/\"]},{\"@type\":\"Person\",\"@id\":\"https:\\\/\\\/noticiasmercedinas.com\\\/site\\\/#\\\/schema\\\/person\\\/d481a9696a5feaec13a60e2bbd991a6a\",\"name\":\"Cristian Falabella NOTICIASMERCEDINAS.COM\",\"image\":{\"@type\":\"ImageObject\",\"inLanguage\":\"es\",\"@id\":\"https:\\\/\\\/secure.gravatar.com\\\/avatar\\\/0dbbfc45970cc46bcd0e57766228574ff3511d6eed045b182f536f0f478c1f06?s=96&d=mm&r=g\",\"url\":\"https:\\\/\\\/secure.gravatar.com\\\/avatar\\\/0dbbfc45970cc46bcd0e57766228574ff3511d6eed045b182f536f0f478c1f06?s=96&d=mm&r=g\",\"contentUrl\":\"https:\\\/\\\/secure.gravatar.com\\\/avatar\\\/0dbbfc45970cc46bcd0e57766228574ff3511d6eed045b182f536f0f478c1f06?s=96&d=mm&r=g\",\"caption\":\"Cristian Falabella NOTICIASMERCEDINAS.COM\"},\"description\":\"Periodista, editor de Noticias Mercedinas. Pas\u00f3 por varias redacciones y emprendimientos de prensa, en distintos formatos y \u00e9pocas. Se especializ\u00f3 --y sigue haci\u00e9ndolo-- en comunicaci\u00f3n en la web y en junio de 2006 fund\u00f3 este diario digital.\",\"sameAs\":[\"https:\\\/\\\/noticiasmercedinas.com\",\"https:\\\/\\\/www.facebook.com\\\/cristian.falabella\",\"https:\\\/\\\/www.instagram.com\\\/noticiasmercedinas\\\/\",\"https:\\\/\\\/x.com\\\/https:\\\/\\\/twitter.com\\\/NOTMERCEDINAS\"],\"url\":\"https:\\\/\\\/noticiasmercedinas.com\\\/site\\\/author\\\/as000384\\\/\"}]}<\/script>\n<!-- \/ Yoast SEO plugin. -->","yoast_head_json":{"title":"Manuel Asenzo lanz\u00f3 \u201cUna nueva partida\u201d","robots":{"index":"index","follow":"follow","max-snippet":"max-snippet:-1","max-image-preview":"max-image-preview:large","max-video-preview":"max-video-preview:-1"},"canonical":"https:\/\/noticiasmercedinas.com\/site\/2019\/12\/17\/manuel-asenzo-lanzo-una-nueva-partida\/","og_locale":"es_ES","og_type":"article","og_title":"Manuel Asenzo lanz\u00f3 \u201cUna nueva partida\u201d","og_description":"El cantautor Manuel Asenzo ya tiene su primer disco titulado \u201cUna nueva partida\u201d. Se trata de un joven suipachense de 32 a\u00f1os, con mucha relaci\u00f3n con la ciudad de Mercedes, donde de hecho grab\u00f3 el material, en Piruca Estudio, que consta de doce canciones. \u201cUna nueva partida\u201d, \u201cCanci\u00f3n de un \u00e1ngel\u201d, \u201cCharla con Jes\u00fas\u201d, \u201cCristo [&hellip;]","og_url":"https:\/\/noticiasmercedinas.com\/site\/2019\/12\/17\/manuel-asenzo-lanzo-una-nueva-partida\/","og_site_name":"NOTICIASMERCEDINAS.COM","article_publisher":"https:\/\/www.facebook.com\/noticiasmercedinas\/","article_author":"https:\/\/www.facebook.com\/cristian.falabella","article_published_time":"2019-12-17T13:50:06+00:00","og_image":[{"width":1280,"height":1280,"url":"https:\/\/noticiasmercedinas.com\/site\/wp-content\/uploads\/2019\/12\/c82de5ab-5a98-43ab-a4ae-c627d27ddc94.jpg","type":"image\/jpeg"}],"author":"Cristian Falabella NOTICIASMERCEDINAS.COM","twitter_card":"summary_large_image","twitter_creator":"@https:\/\/twitter.com\/NOTMERCEDINAS","twitter_site":"@notmercedinas","twitter_misc":{"Escrito por":"Cristian Falabella NOTICIASMERCEDINAS.COM","Tiempo de lectura":"3 minutos"},"schema":{"@context":"https:\/\/schema.org","@graph":[{"@type":"Article","@id":"https:\/\/noticiasmercedinas.com\/site\/2019\/12\/17\/manuel-asenzo-lanzo-una-nueva-partida\/#article","isPartOf":{"@id":"https:\/\/noticiasmercedinas.com\/site\/2019\/12\/17\/manuel-asenzo-lanzo-una-nueva-partida\/"},"author":{"name":"Cristian Falabella NOTICIASMERCEDINAS.COM","@id":"https:\/\/noticiasmercedinas.com\/site\/#\/schema\/person\/d481a9696a5feaec13a60e2bbd991a6a"},"headline":"Manuel Asenzo lanz\u00f3 \u201cUna nueva partida\u201d","datePublished":"2019-12-17T13:50:06+00:00","mainEntityOfPage":{"@id":"https:\/\/noticiasmercedinas.com\/site\/2019\/12\/17\/manuel-asenzo-lanzo-una-nueva-partida\/"},"wordCount":577,"commentCount":0,"publisher":{"@id":"https:\/\/noticiasmercedinas.com\/site\/#organization"},"image":{"@id":"https:\/\/noticiasmercedinas.com\/site\/2019\/12\/17\/manuel-asenzo-lanzo-una-nueva-partida\/#primaryimage"},"thumbnailUrl":"https:\/\/noticiasmercedinas.com\/site\/wp-content\/uploads\/2019\/12\/c82de5ab-5a98-43ab-a4ae-c627d27ddc94.jpg","keywords":["disco","Manuel Asenzo","musica","una nueva partida"],"articleSection":["Cultura"],"inLanguage":"es","potentialAction":[{"@type":"CommentAction","name":"Comment","target":["https:\/\/noticiasmercedinas.com\/site\/2019\/12\/17\/manuel-asenzo-lanzo-una-nueva-partida\/#respond"]}]},{"@type":"WebPage","@id":"https:\/\/noticiasmercedinas.com\/site\/2019\/12\/17\/manuel-asenzo-lanzo-una-nueva-partida\/","url":"https:\/\/noticiasmercedinas.com\/site\/2019\/12\/17\/manuel-asenzo-lanzo-una-nueva-partida\/","name":"Manuel Asenzo lanz\u00f3 \u201cUna nueva partida\u201d","isPartOf":{"@id":"https:\/\/noticiasmercedinas.com\/site\/#website"},"primaryImageOfPage":{"@id":"https:\/\/noticiasmercedinas.com\/site\/2019\/12\/17\/manuel-asenzo-lanzo-una-nueva-partida\/#primaryimage"},"image":{"@id":"https:\/\/noticiasmercedinas.com\/site\/2019\/12\/17\/manuel-asenzo-lanzo-una-nueva-partida\/#primaryimage"},"thumbnailUrl":"https:\/\/noticiasmercedinas.com\/site\/wp-content\/uploads\/2019\/12\/c82de5ab-5a98-43ab-a4ae-c627d27ddc94.jpg","datePublished":"2019-12-17T13:50:06+00:00","breadcrumb":{"@id":"https:\/\/noticiasmercedinas.com\/site\/2019\/12\/17\/manuel-asenzo-lanzo-una-nueva-partida\/#breadcrumb"},"inLanguage":"es","potentialAction":[{"@type":"ReadAction","target":["https:\/\/noticiasmercedinas.com\/site\/2019\/12\/17\/manuel-asenzo-lanzo-una-nueva-partida\/"]}]},{"@type":"ImageObject","inLanguage":"es","@id":"https:\/\/noticiasmercedinas.com\/site\/2019\/12\/17\/manuel-asenzo-lanzo-una-nueva-partida\/#primaryimage","url":"https:\/\/noticiasmercedinas.com\/site\/wp-content\/uploads\/2019\/12\/c82de5ab-5a98-43ab-a4ae-c627d27ddc94.jpg","contentUrl":"https:\/\/noticiasmercedinas.com\/site\/wp-content\/uploads\/2019\/12\/c82de5ab-5a98-43ab-a4ae-c627d27ddc94.jpg","width":1280,"height":1280},{"@type":"BreadcrumbList","@id":"https:\/\/noticiasmercedinas.com\/site\/2019\/12\/17\/manuel-asenzo-lanzo-una-nueva-partida\/#breadcrumb","itemListElement":[{"@type":"ListItem","position":1,"name":"Portada","item":"https:\/\/noticiasmercedinas.com\/site\/"},{"@type":"ListItem","position":2,"name":"Manuel Asenzo lanz\u00f3 \u201cUna nueva partida\u201d"}]},{"@type":"WebSite","@id":"https:\/\/noticiasmercedinas.com\/site\/#website","url":"https:\/\/noticiasmercedinas.com\/site\/","name":"NOTICIASMERCEDINAS.COM","description":"Mercedes, Buenos Aires, Argentina","publisher":{"@id":"https:\/\/noticiasmercedinas.com\/site\/#organization"},"potentialAction":[{"@type":"SearchAction","target":{"@type":"EntryPoint","urlTemplate":"https:\/\/noticiasmercedinas.com\/site\/?s={search_term_string}"},"query-input":{"@type":"PropertyValueSpecification","valueRequired":true,"valueName":"search_term_string"}}],"inLanguage":"es"},{"@type":"Organization","@id":"https:\/\/noticiasmercedinas.com\/site\/#organization","name":"NOTICIASMERCEDINAS.COM","url":"https:\/\/noticiasmercedinas.com\/site\/","logo":{"@type":"ImageObject","inLanguage":"es","@id":"https:\/\/noticiasmercedinas.com\/site\/#\/schema\/logo\/image\/","url":"https:\/\/noticiasmercedinas.com\/site\/wp-content\/uploads\/2020\/06\/LOGO-512.jpg","contentUrl":"https:\/\/noticiasmercedinas.com\/site\/wp-content\/uploads\/2020\/06\/LOGO-512.jpg","width":512,"height":512,"caption":"NOTICIASMERCEDINAS.COM"},"image":{"@id":"https:\/\/noticiasmercedinas.com\/site\/#\/schema\/logo\/image\/"},"sameAs":["https:\/\/www.facebook.com\/noticiasmercedinas\/","https:\/\/x.com\/notmercedinas","https:\/\/www.instagram.com\/noticiasmercedinas\/"]},{"@type":"Person","@id":"https:\/\/noticiasmercedinas.com\/site\/#\/schema\/person\/d481a9696a5feaec13a60e2bbd991a6a","name":"Cristian Falabella NOTICIASMERCEDINAS.COM","image":{"@type":"ImageObject","inLanguage":"es","@id":"https:\/\/secure.gravatar.com\/avatar\/0dbbfc45970cc46bcd0e57766228574ff3511d6eed045b182f536f0f478c1f06?s=96&d=mm&r=g","url":"https:\/\/secure.gravatar.com\/avatar\/0dbbfc45970cc46bcd0e57766228574ff3511d6eed045b182f536f0f478c1f06?s=96&d=mm&r=g","contentUrl":"https:\/\/secure.gravatar.com\/avatar\/0dbbfc45970cc46bcd0e57766228574ff3511d6eed045b182f536f0f478c1f06?s=96&d=mm&r=g","caption":"Cristian Falabella NOTICIASMERCEDINAS.COM"},"description":"Periodista, editor de Noticias Mercedinas. Pas\u00f3 por varias redacciones y emprendimientos de prensa, en distintos formatos y \u00e9pocas. Se especializ\u00f3 --y sigue haci\u00e9ndolo-- en comunicaci\u00f3n en la web y en junio de 2006 fund\u00f3 este diario digital.","sameAs":["https:\/\/noticiasmercedinas.com","https:\/\/www.facebook.com\/cristian.falabella","https:\/\/www.instagram.com\/noticiasmercedinas\/","https:\/\/x.com\/https:\/\/twitter.com\/NOTMERCEDINAS"],"url":"https:\/\/noticiasmercedinas.com\/site\/author\/as000384\/"}]}},"amp_enabled":true,"_links":{"self":[{"href":"https:\/\/noticiasmercedinas.com\/site\/wp-json\/wp\/v2\/posts\/36369","targetHints":{"allow":["GET"]}}],"collection":[{"href":"https:\/\/noticiasmercedinas.com\/site\/wp-json\/wp\/v2\/posts"}],"about":[{"href":"https:\/\/noticiasmercedinas.com\/site\/wp-json\/wp\/v2\/types\/post"}],"author":[{"embeddable":true,"href":"https:\/\/noticiasmercedinas.com\/site\/wp-json\/wp\/v2\/users\/2"}],"replies":[{"embeddable":true,"href":"https:\/\/noticiasmercedinas.com\/site\/wp-json\/wp\/v2\/comments?post=36369"}],"version-history":[{"count":1,"href":"https:\/\/noticiasmercedinas.com\/site\/wp-json\/wp\/v2\/posts\/36369\/revisions"}],"predecessor-version":[{"id":36372,"href":"https:\/\/noticiasmercedinas.com\/site\/wp-json\/wp\/v2\/posts\/36369\/revisions\/36372"}],"wp:featuredmedia":[{"embeddable":true,"href":"https:\/\/noticiasmercedinas.com\/site\/wp-json\/wp\/v2\/media\/36370"}],"wp:attachment":[{"href":"https:\/\/noticiasmercedinas.com\/site\/wp-json\/wp\/v2\/media?parent=36369"}],"wp:term":[{"taxonomy":"category","embeddable":true,"href":"https:\/\/noticiasmercedinas.com\/site\/wp-json\/wp\/v2\/categories?post=36369"},{"taxonomy":"post_tag","embeddable":true,"href":"https:\/\/noticiasmercedinas.com\/site\/wp-json\/wp\/v2\/tags?post=36369"}],"curies":[{"name":"wp","href":"https:\/\/api.w.org\/{rel}","templated":true}]}}