{"id":36596,"date":"2019-12-19T14:53:11","date_gmt":"2019-12-19T17:53:11","guid":{"rendered":"https:\/\/noticiasmercedinas.com\/site\/?p=36596"},"modified":"2019-12-19T14:53:11","modified_gmt":"2019-12-19T17:53:11","slug":"emergencia-productiva-bonaerense-la-provincia-esta-en-una-situacion-critica","status":"publish","type":"post","link":"https:\/\/noticiasmercedinas.com\/site\/2019\/12\/19\/emergencia-productiva-bonaerense-la-provincia-esta-en-una-situacion-critica\/","title":{"rendered":"Emergencia productiva bonaerense:\u00a0\u201cLa provincia est\u00e1 en una situaci\u00f3n cr\u00edtica\u201d"},"content":{"rendered":"<p><strong>As\u00ed lo afirm\u00f3 el flamante Ministro de Producci\u00f3n, Ciencia e Innovaci\u00f3n Tecnol\u00f3gica de la provincia de Buenos Aires, Augusto Costa, ayer por la tarde, al brindar detalles sobre la necesidad de sancionar el proyecto de Ley que declare la emergencia social, econ\u00f3mica, productiva y energ\u00e9tica en ese territorio.<\/strong><\/p>\n<p><img loading=\"lazy\" decoding=\"async\" class=\"alignnone size-large wp-image-36597\" src=\"https:\/\/noticiasmercedinas.com\/site\/wp-content\/uploads\/2019\/12\/EPPBA1-1024x634.jpg\" alt=\"\" width=\"640\" height=\"396\" srcset=\"https:\/\/noticiasmercedinas.com\/site\/wp-content\/uploads\/2019\/12\/EPPBA1-1024x634.jpg 1024w, https:\/\/noticiasmercedinas.com\/site\/wp-content\/uploads\/2019\/12\/EPPBA1-300x186.jpg 300w, https:\/\/noticiasmercedinas.com\/site\/wp-content\/uploads\/2019\/12\/EPPBA1-768x476.jpg 768w, https:\/\/noticiasmercedinas.com\/site\/wp-content\/uploads\/2019\/12\/EPPBA1-1536x951.jpg 1536w, https:\/\/noticiasmercedinas.com\/site\/wp-content\/uploads\/2019\/12\/EPPBA1-2048x1268.jpg 2048w, https:\/\/noticiasmercedinas.com\/site\/wp-content\/uploads\/2019\/12\/EPPBA1-640x396.jpg 640w, https:\/\/noticiasmercedinas.com\/site\/wp-content\/uploads\/2019\/12\/EPPBA1-1280x793.jpg 1280w, https:\/\/noticiasmercedinas.com\/site\/wp-content\/uploads\/2019\/12\/EPPBA1-681x422.jpg 681w, https:\/\/noticiasmercedinas.com\/site\/wp-content\/uploads\/2019\/12\/EPPBA1-1362x843.jpg 1362w\" sizes=\"auto, (max-width: 640px) 100vw, 640px\" \/><\/p>\n<p>En la sede del Senado bonaerense, ante una gran concurrencia de funcionarios legislativos de distintos partidos pol\u00edticos y del ejecutivo provincial, <strong>Augusto Costa,<\/strong> manifest\u00f3 que\u00a0\u201cla econom\u00eda de la provincia cayo m\u00e1s que la actividad econ\u00f3mica de la naci\u00f3n\u201d.<\/p>\n<p>Y agreg\u00f3:\u00a0\u201cVenimos de 7 trimestres consecutivos de recesi\u00f3n, con una tendencia que se encuentra lejos de revertirse. Enfrentamos una situaci\u00f3n de deterioro sistem\u00e1tico que impacta de lleno sobre las posibilidades de inversi\u00f3n, en el poder adquisitivo y en la conformaci\u00f3n de precios, gener\u00e1ndose indicadores sociales preocupantes con mayor pobreza e indigencia\u201d.<\/p>\n<p>Respecto del proyecto legislativo, manifest\u00f3 que\u00a0\u201cla ley plantea que la Provincia tenga herramientas propias para ser parte de las soluciones a los problemas que tienen nuestras empresas y el sector productivo, no podemos cruzarnos de brazos a esperar que hace el gobierno nacional. No se trata de listar y gobernar con un parche permanente. Tenemos que dar vuelta la tendencia y salir para arriba, sino seguiremos estando peor. La crisis abarca a todos los sectores de la econom\u00eda y a todos los municipios de la provincia, es una situaci\u00f3n a revertir que amerita una soluci\u00f3n urgente. Necesitamos las herramientas para que no cierre una empresa m\u00e1s\u201d.<\/p>\n<p>\u201cEl PBI de la Provincia cay\u00f3 4% promedio, con fuertes ca\u00eddas en los sectores que m\u00e1s pesan en la composici\u00f3n de la producci\u00f3n bonaerense\u201d y \u201cla tasa de desocupaci\u00f3n est\u00e1 por arriba del promedio nacional, con picos importantes como Mar del Plata que alcanza el 13,4%\u201d, continu\u00f3 exponiendo el titular de la cartera productiva.<\/p>\n<p>\u201cEsta provincia no es inviable, pero necesita que desde el gobierno bonaerense entendamos cuales son las especificidades de cada actor productivo a fin de desarrollar un programa adecuado para cada sector y empresa\u201d, concluy\u00f3 Costa.<\/p>\n<p>Adem\u00e1s, el actual gobierno intenta prorrogar las emergencias en seguridad, infraestructura y administrativa establecidas durante la gesti\u00f3n anterior.<\/p>\n<p>El plan de emergencia, presentado por el Ejecutivo bonaerense, advierte que en los \u00faltimos cuatro a\u00f1os cerraron, aproximadamente, 3.300 PyMEs industriales y 9500 comercios. Tampoco se abrieron nuevos parques industriales y por parte del Banco Provincia cay\u00f3 la asistencia a las PyMEs.<\/p>\n<p>Desde diciembre de 2015, 97.710 trabajadores registrados en el sector privado perdieron sus empleos. S\u00f3lo en el \u00faltimo a\u00f1o hubo 73 mil nuevos desocupados y la tasa de desempleo, en su conjunto, lleg\u00f3 al 12,4% a principios de 2019.<\/p>\n<p><img loading=\"lazy\" decoding=\"async\" class=\"alignnone size-large wp-image-36598\" src=\"https:\/\/noticiasmercedinas.com\/site\/wp-content\/uploads\/2019\/12\/EPPBA2-1024x660.jpg\" alt=\"\" width=\"640\" height=\"413\" srcset=\"https:\/\/noticiasmercedinas.com\/site\/wp-content\/uploads\/2019\/12\/EPPBA2-1024x660.jpg 1024w, https:\/\/noticiasmercedinas.com\/site\/wp-content\/uploads\/2019\/12\/EPPBA2-300x194.jpg 300w, https:\/\/noticiasmercedinas.com\/site\/wp-content\/uploads\/2019\/12\/EPPBA2-768x495.jpg 768w, https:\/\/noticiasmercedinas.com\/site\/wp-content\/uploads\/2019\/12\/EPPBA2-1536x990.jpg 1536w, https:\/\/noticiasmercedinas.com\/site\/wp-content\/uploads\/2019\/12\/EPPBA2-2048x1319.jpg 2048w, https:\/\/noticiasmercedinas.com\/site\/wp-content\/uploads\/2019\/12\/EPPBA2-600x388.jpg 600w, https:\/\/noticiasmercedinas.com\/site\/wp-content\/uploads\/2019\/12\/EPPBA2-341x220.jpg 341w, https:\/\/noticiasmercedinas.com\/site\/wp-content\/uploads\/2019\/12\/EPPBA2-682x440.jpg 682w, https:\/\/noticiasmercedinas.com\/site\/wp-content\/uploads\/2019\/12\/EPPBA2-640x412.jpg 640w, https:\/\/noticiasmercedinas.com\/site\/wp-content\/uploads\/2019\/12\/EPPBA2-1280x825.jpg 1280w, https:\/\/noticiasmercedinas.com\/site\/wp-content\/uploads\/2019\/12\/EPPBA2-681x439.jpg 681w, https:\/\/noticiasmercedinas.com\/site\/wp-content\/uploads\/2019\/12\/EPPBA2-1362x877.jpg 1362w\" sizes=\"auto, (max-width: 640px) 100vw, 640px\" \/><\/p>\n","protected":false},"excerpt":{"rendered":"<p>As\u00ed lo afirm\u00f3 el flamante Ministro de Producci\u00f3n, Ciencia e Innovaci\u00f3n Tecnol\u00f3gica de la provincia de Buenos Aires, Augusto Costa, ayer por la tarde, al brindar detalles sobre la necesidad de sancionar el proyecto de Ley que declare la emergencia social, econ\u00f3mica, productiva y energ\u00e9tica en ese territorio. En la sede del Senado bonaerense, ante [&hellip;]<\/p>\n","protected":false},"author":16,"featured_media":36598,"comment_status":"open","ping_status":"open","sticky":false,"template":"","format":"standard","meta":{"footnotes":""},"categories":[139],"tags":[7731,7730,7729,32,142],"class_list":["post-36596","post","type-post","status-publish","format-standard","has-post-thumbnail","hentry","category-regionales","tag-augusto-costa","tag-ciencia-e-innovacion-tecnologica","tag-ministerio-de-produccion","tag-produccion","tag-provincia"],"yoast_head":"<!-- This site is optimized with the Yoast SEO plugin v27.5 - https:\/\/yoast.com\/product\/yoast-seo-wordpress\/ -->\n<title>Emergencia productiva bonaerense:\u00a0\u201cLa provincia est\u00e1 en una situaci\u00f3n cr\u00edtica\u201d<\/title>\n<meta name=\"robots\" content=\"index, follow, max-snippet:-1, max-image-preview:large, max-video-preview:-1\" \/>\n<link rel=\"canonical\" href=\"https:\/\/noticiasmercedinas.com\/site\/2019\/12\/19\/emergencia-productiva-bonaerense-la-provincia-esta-en-una-situacion-critica\/\" \/>\n<meta property=\"og:locale\" content=\"es_ES\" \/>\n<meta property=\"og:type\" content=\"article\" \/>\n<meta property=\"og:title\" content=\"Emergencia productiva bonaerense:\u00a0\u201cLa provincia est\u00e1 en una situaci\u00f3n cr\u00edtica\u201d\" \/>\n<meta property=\"og:description\" content=\"As\u00ed lo afirm\u00f3 el flamante Ministro de Producci\u00f3n, Ciencia e Innovaci\u00f3n Tecnol\u00f3gica de la provincia de Buenos Aires, Augusto Costa, ayer por la tarde, al brindar detalles sobre la necesidad de sancionar el proyecto de Ley que declare la emergencia social, econ\u00f3mica, productiva y energ\u00e9tica en ese territorio. En la sede del Senado bonaerense, ante [&hellip;]\" \/>\n<meta property=\"og:url\" content=\"https:\/\/noticiasmercedinas.com\/site\/2019\/12\/19\/emergencia-productiva-bonaerense-la-provincia-esta-en-una-situacion-critica\/\" \/>\n<meta property=\"og:site_name\" content=\"NOTICIASMERCEDINAS.COM\" \/>\n<meta property=\"article:publisher\" content=\"https:\/\/www.facebook.com\/noticiasmercedinas\/\" \/>\n<meta property=\"article:published_time\" content=\"2019-12-19T17:53:11+00:00\" \/>\n<meta property=\"og:image\" content=\"https:\/\/noticiasmercedinas.com\/site\/wp-content\/uploads\/2019\/12\/EPPBA2-scaled.jpg\" \/>\n\t<meta property=\"og:image:width\" content=\"2560\" \/>\n\t<meta property=\"og:image:height\" content=\"1649\" \/>\n\t<meta property=\"og:image:type\" content=\"image\/jpeg\" \/>\n<meta name=\"author\" content=\"NOTICIASMERCEDINAS.COM\" \/>\n<meta name=\"twitter:card\" content=\"summary_large_image\" \/>\n<meta name=\"twitter:creator\" content=\"@notmercedinas\" \/>\n<meta name=\"twitter:site\" content=\"@notmercedinas\" \/>\n<meta name=\"twitter:label1\" content=\"Escrito por\" \/>\n\t<meta name=\"twitter:data1\" content=\"NOTICIASMERCEDINAS.COM\" \/>\n\t<meta name=\"twitter:label2\" content=\"Tiempo de lectura\" \/>\n\t<meta name=\"twitter:data2\" content=\"2 minutos\" \/>\n<script type=\"application\/ld+json\" class=\"yoast-schema-graph\">{\"@context\":\"https:\\\/\\\/schema.org\",\"@graph\":[{\"@type\":\"Article\",\"@id\":\"https:\\\/\\\/noticiasmercedinas.com\\\/site\\\/2019\\\/12\\\/19\\\/emergencia-productiva-bonaerense-la-provincia-esta-en-una-situacion-critica\\\/#article\",\"isPartOf\":{\"@id\":\"https:\\\/\\\/noticiasmercedinas.com\\\/site\\\/2019\\\/12\\\/19\\\/emergencia-productiva-bonaerense-la-provincia-esta-en-una-situacion-critica\\\/\"},\"author\":{\"name\":\"NOTICIASMERCEDINAS.COM\",\"@id\":\"https:\\\/\\\/noticiasmercedinas.com\\\/site\\\/#\\\/schema\\\/person\\\/84b59c099c28ff2e8b77d4ceec5d8063\"},\"headline\":\"Emergencia productiva bonaerense:\u00a0\u201cLa provincia est\u00e1 en una situaci\u00f3n cr\u00edtica\u201d\",\"datePublished\":\"2019-12-19T17:53:11+00:00\",\"mainEntityOfPage\":{\"@id\":\"https:\\\/\\\/noticiasmercedinas.com\\\/site\\\/2019\\\/12\\\/19\\\/emergencia-productiva-bonaerense-la-provincia-esta-en-una-situacion-critica\\\/\"},\"wordCount\":466,\"commentCount\":0,\"publisher\":{\"@id\":\"https:\\\/\\\/noticiasmercedinas.com\\\/site\\\/#organization\"},\"image\":{\"@id\":\"https:\\\/\\\/noticiasmercedinas.com\\\/site\\\/2019\\\/12\\\/19\\\/emergencia-productiva-bonaerense-la-provincia-esta-en-una-situacion-critica\\\/#primaryimage\"},\"thumbnailUrl\":\"https:\\\/\\\/noticiasmercedinas.com\\\/site\\\/wp-content\\\/uploads\\\/2019\\\/12\\\/EPPBA2-scaled.jpg\",\"keywords\":[\"Augusto Costa\",\"Ciencia e Innovaci\u00f3n Tecnol\u00f3gica\",\"Ministerio de Producci\u00f3n\",\"produccion\",\"provincia\"],\"articleSection\":[\"Regionales\"],\"inLanguage\":\"es\",\"potentialAction\":[{\"@type\":\"CommentAction\",\"name\":\"Comment\",\"target\":[\"https:\\\/\\\/noticiasmercedinas.com\\\/site\\\/2019\\\/12\\\/19\\\/emergencia-productiva-bonaerense-la-provincia-esta-en-una-situacion-critica\\\/#respond\"]}]},{\"@type\":\"WebPage\",\"@id\":\"https:\\\/\\\/noticiasmercedinas.com\\\/site\\\/2019\\\/12\\\/19\\\/emergencia-productiva-bonaerense-la-provincia-esta-en-una-situacion-critica\\\/\",\"url\":\"https:\\\/\\\/noticiasmercedinas.com\\\/site\\\/2019\\\/12\\\/19\\\/emergencia-productiva-bonaerense-la-provincia-esta-en-una-situacion-critica\\\/\",\"name\":\"Emergencia productiva bonaerense:\u00a0\u201cLa provincia est\u00e1 en una situaci\u00f3n cr\u00edtica\u201d\",\"isPartOf\":{\"@id\":\"https:\\\/\\\/noticiasmercedinas.com\\\/site\\\/#website\"},\"primaryImageOfPage\":{\"@id\":\"https:\\\/\\\/noticiasmercedinas.com\\\/site\\\/2019\\\/12\\\/19\\\/emergencia-productiva-bonaerense-la-provincia-esta-en-una-situacion-critica\\\/#primaryimage\"},\"image\":{\"@id\":\"https:\\\/\\\/noticiasmercedinas.com\\\/site\\\/2019\\\/12\\\/19\\\/emergencia-productiva-bonaerense-la-provincia-esta-en-una-situacion-critica\\\/#primaryimage\"},\"thumbnailUrl\":\"https:\\\/\\\/noticiasmercedinas.com\\\/site\\\/wp-content\\\/uploads\\\/2019\\\/12\\\/EPPBA2-scaled.jpg\",\"datePublished\":\"2019-12-19T17:53:11+00:00\",\"breadcrumb\":{\"@id\":\"https:\\\/\\\/noticiasmercedinas.com\\\/site\\\/2019\\\/12\\\/19\\\/emergencia-productiva-bonaerense-la-provincia-esta-en-una-situacion-critica\\\/#breadcrumb\"},\"inLanguage\":\"es\",\"potentialAction\":[{\"@type\":\"ReadAction\",\"target\":[\"https:\\\/\\\/noticiasmercedinas.com\\\/site\\\/2019\\\/12\\\/19\\\/emergencia-productiva-bonaerense-la-provincia-esta-en-una-situacion-critica\\\/\"]}]},{\"@type\":\"ImageObject\",\"inLanguage\":\"es\",\"@id\":\"https:\\\/\\\/noticiasmercedinas.com\\\/site\\\/2019\\\/12\\\/19\\\/emergencia-productiva-bonaerense-la-provincia-esta-en-una-situacion-critica\\\/#primaryimage\",\"url\":\"https:\\\/\\\/noticiasmercedinas.com\\\/site\\\/wp-content\\\/uploads\\\/2019\\\/12\\\/EPPBA2-scaled.jpg\",\"contentUrl\":\"https:\\\/\\\/noticiasmercedinas.com\\\/site\\\/wp-content\\\/uploads\\\/2019\\\/12\\\/EPPBA2-scaled.jpg\",\"width\":2560,\"height\":1649},{\"@type\":\"BreadcrumbList\",\"@id\":\"https:\\\/\\\/noticiasmercedinas.com\\\/site\\\/2019\\\/12\\\/19\\\/emergencia-productiva-bonaerense-la-provincia-esta-en-una-situacion-critica\\\/#breadcrumb\",\"itemListElement\":[{\"@type\":\"ListItem\",\"position\":1,\"name\":\"Portada\",\"item\":\"https:\\\/\\\/noticiasmercedinas.com\\\/site\\\/\"},{\"@type\":\"ListItem\",\"position\":2,\"name\":\"Emergencia productiva bonaerense:\u00a0\u201cLa provincia est\u00e1 en una situaci\u00f3n cr\u00edtica\u201d\"}]},{\"@type\":\"WebSite\",\"@id\":\"https:\\\/\\\/noticiasmercedinas.com\\\/site\\\/#website\",\"url\":\"https:\\\/\\\/noticiasmercedinas.com\\\/site\\\/\",\"name\":\"NOTICIASMERCEDINAS.COM\",\"description\":\"Mercedes, Buenos Aires, Argentina\",\"publisher\":{\"@id\":\"https:\\\/\\\/noticiasmercedinas.com\\\/site\\\/#organization\"},\"potentialAction\":[{\"@type\":\"SearchAction\",\"target\":{\"@type\":\"EntryPoint\",\"urlTemplate\":\"https:\\\/\\\/noticiasmercedinas.com\\\/site\\\/?s={search_term_string}\"},\"query-input\":{\"@type\":\"PropertyValueSpecification\",\"valueRequired\":true,\"valueName\":\"search_term_string\"}}],\"inLanguage\":\"es\"},{\"@type\":\"Organization\",\"@id\":\"https:\\\/\\\/noticiasmercedinas.com\\\/site\\\/#organization\",\"name\":\"NOTICIASMERCEDINAS.COM\",\"url\":\"https:\\\/\\\/noticiasmercedinas.com\\\/site\\\/\",\"logo\":{\"@type\":\"ImageObject\",\"inLanguage\":\"es\",\"@id\":\"https:\\\/\\\/noticiasmercedinas.com\\\/site\\\/#\\\/schema\\\/logo\\\/image\\\/\",\"url\":\"https:\\\/\\\/noticiasmercedinas.com\\\/site\\\/wp-content\\\/uploads\\\/2020\\\/06\\\/LOGO-512.jpg\",\"contentUrl\":\"https:\\\/\\\/noticiasmercedinas.com\\\/site\\\/wp-content\\\/uploads\\\/2020\\\/06\\\/LOGO-512.jpg\",\"width\":512,\"height\":512,\"caption\":\"NOTICIASMERCEDINAS.COM\"},\"image\":{\"@id\":\"https:\\\/\\\/noticiasmercedinas.com\\\/site\\\/#\\\/schema\\\/logo\\\/image\\\/\"},\"sameAs\":[\"https:\\\/\\\/www.facebook.com\\\/noticiasmercedinas\\\/\",\"https:\\\/\\\/x.com\\\/notmercedinas\",\"https:\\\/\\\/www.instagram.com\\\/noticiasmercedinas\\\/\"]},{\"@type\":\"Person\",\"@id\":\"https:\\\/\\\/noticiasmercedinas.com\\\/site\\\/#\\\/schema\\\/person\\\/84b59c099c28ff2e8b77d4ceec5d8063\",\"name\":\"NOTICIASMERCEDINAS.COM\",\"image\":{\"@type\":\"ImageObject\",\"inLanguage\":\"es\",\"@id\":\"https:\\\/\\\/secure.gravatar.com\\\/avatar\\\/4dfbf16b4d17945bfb6341b2d19043457132fcf478a5ee04f42e959fd8f5df0a?s=96&d=mm&r=g\",\"url\":\"https:\\\/\\\/secure.gravatar.com\\\/avatar\\\/4dfbf16b4d17945bfb6341b2d19043457132fcf478a5ee04f42e959fd8f5df0a?s=96&d=mm&r=g\",\"contentUrl\":\"https:\\\/\\\/secure.gravatar.com\\\/avatar\\\/4dfbf16b4d17945bfb6341b2d19043457132fcf478a5ee04f42e959fd8f5df0a?s=96&d=mm&r=g\",\"caption\":\"NOTICIASMERCEDINAS.COM\"},\"url\":\"https:\\\/\\\/noticiasmercedinas.com\\\/site\\\/author\\\/anonimo\\\/\"}]}<\/script>\n<!-- \/ Yoast SEO plugin. -->","yoast_head_json":{"title":"Emergencia productiva bonaerense:\u00a0\u201cLa provincia est\u00e1 en una situaci\u00f3n cr\u00edtica\u201d","robots":{"index":"index","follow":"follow","max-snippet":"max-snippet:-1","max-image-preview":"max-image-preview:large","max-video-preview":"max-video-preview:-1"},"canonical":"https:\/\/noticiasmercedinas.com\/site\/2019\/12\/19\/emergencia-productiva-bonaerense-la-provincia-esta-en-una-situacion-critica\/","og_locale":"es_ES","og_type":"article","og_title":"Emergencia productiva bonaerense:\u00a0\u201cLa provincia est\u00e1 en una situaci\u00f3n cr\u00edtica\u201d","og_description":"As\u00ed lo afirm\u00f3 el flamante Ministro de Producci\u00f3n, Ciencia e Innovaci\u00f3n Tecnol\u00f3gica de la provincia de Buenos Aires, Augusto Costa, ayer por la tarde, al brindar detalles sobre la necesidad de sancionar el proyecto de Ley que declare la emergencia social, econ\u00f3mica, productiva y energ\u00e9tica en ese territorio. En la sede del Senado bonaerense, ante [&hellip;]","og_url":"https:\/\/noticiasmercedinas.com\/site\/2019\/12\/19\/emergencia-productiva-bonaerense-la-provincia-esta-en-una-situacion-critica\/","og_site_name":"NOTICIASMERCEDINAS.COM","article_publisher":"https:\/\/www.facebook.com\/noticiasmercedinas\/","article_published_time":"2019-12-19T17:53:11+00:00","og_image":[{"width":2560,"height":1649,"url":"https:\/\/noticiasmercedinas.com\/site\/wp-content\/uploads\/2019\/12\/EPPBA2-scaled.jpg","type":"image\/jpeg"}],"author":"NOTICIASMERCEDINAS.COM","twitter_card":"summary_large_image","twitter_creator":"@notmercedinas","twitter_site":"@notmercedinas","twitter_misc":{"Escrito por":"NOTICIASMERCEDINAS.COM","Tiempo de lectura":"2 minutos"},"schema":{"@context":"https:\/\/schema.org","@graph":[{"@type":"Article","@id":"https:\/\/noticiasmercedinas.com\/site\/2019\/12\/19\/emergencia-productiva-bonaerense-la-provincia-esta-en-una-situacion-critica\/#article","isPartOf":{"@id":"https:\/\/noticiasmercedinas.com\/site\/2019\/12\/19\/emergencia-productiva-bonaerense-la-provincia-esta-en-una-situacion-critica\/"},"author":{"name":"NOTICIASMERCEDINAS.COM","@id":"https:\/\/noticiasmercedinas.com\/site\/#\/schema\/person\/84b59c099c28ff2e8b77d4ceec5d8063"},"headline":"Emergencia productiva bonaerense:\u00a0\u201cLa provincia est\u00e1 en una situaci\u00f3n cr\u00edtica\u201d","datePublished":"2019-12-19T17:53:11+00:00","mainEntityOfPage":{"@id":"https:\/\/noticiasmercedinas.com\/site\/2019\/12\/19\/emergencia-productiva-bonaerense-la-provincia-esta-en-una-situacion-critica\/"},"wordCount":466,"commentCount":0,"publisher":{"@id":"https:\/\/noticiasmercedinas.com\/site\/#organization"},"image":{"@id":"https:\/\/noticiasmercedinas.com\/site\/2019\/12\/19\/emergencia-productiva-bonaerense-la-provincia-esta-en-una-situacion-critica\/#primaryimage"},"thumbnailUrl":"https:\/\/noticiasmercedinas.com\/site\/wp-content\/uploads\/2019\/12\/EPPBA2-scaled.jpg","keywords":["Augusto Costa","Ciencia e Innovaci\u00f3n Tecnol\u00f3gica","Ministerio de Producci\u00f3n","produccion","provincia"],"articleSection":["Regionales"],"inLanguage":"es","potentialAction":[{"@type":"CommentAction","name":"Comment","target":["https:\/\/noticiasmercedinas.com\/site\/2019\/12\/19\/emergencia-productiva-bonaerense-la-provincia-esta-en-una-situacion-critica\/#respond"]}]},{"@type":"WebPage","@id":"https:\/\/noticiasmercedinas.com\/site\/2019\/12\/19\/emergencia-productiva-bonaerense-la-provincia-esta-en-una-situacion-critica\/","url":"https:\/\/noticiasmercedinas.com\/site\/2019\/12\/19\/emergencia-productiva-bonaerense-la-provincia-esta-en-una-situacion-critica\/","name":"Emergencia productiva bonaerense:\u00a0\u201cLa provincia est\u00e1 en una situaci\u00f3n cr\u00edtica\u201d","isPartOf":{"@id":"https:\/\/noticiasmercedinas.com\/site\/#website"},"primaryImageOfPage":{"@id":"https:\/\/noticiasmercedinas.com\/site\/2019\/12\/19\/emergencia-productiva-bonaerense-la-provincia-esta-en-una-situacion-critica\/#primaryimage"},"image":{"@id":"https:\/\/noticiasmercedinas.com\/site\/2019\/12\/19\/emergencia-productiva-bonaerense-la-provincia-esta-en-una-situacion-critica\/#primaryimage"},"thumbnailUrl":"https:\/\/noticiasmercedinas.com\/site\/wp-content\/uploads\/2019\/12\/EPPBA2-scaled.jpg","datePublished":"2019-12-19T17:53:11+00:00","breadcrumb":{"@id":"https:\/\/noticiasmercedinas.com\/site\/2019\/12\/19\/emergencia-productiva-bonaerense-la-provincia-esta-en-una-situacion-critica\/#breadcrumb"},"inLanguage":"es","potentialAction":[{"@type":"ReadAction","target":["https:\/\/noticiasmercedinas.com\/site\/2019\/12\/19\/emergencia-productiva-bonaerense-la-provincia-esta-en-una-situacion-critica\/"]}]},{"@type":"ImageObject","inLanguage":"es","@id":"https:\/\/noticiasmercedinas.com\/site\/2019\/12\/19\/emergencia-productiva-bonaerense-la-provincia-esta-en-una-situacion-critica\/#primaryimage","url":"https:\/\/noticiasmercedinas.com\/site\/wp-content\/uploads\/2019\/12\/EPPBA2-scaled.jpg","contentUrl":"https:\/\/noticiasmercedinas.com\/site\/wp-content\/uploads\/2019\/12\/EPPBA2-scaled.jpg","width":2560,"height":1649},{"@type":"BreadcrumbList","@id":"https:\/\/noticiasmercedinas.com\/site\/2019\/12\/19\/emergencia-productiva-bonaerense-la-provincia-esta-en-una-situacion-critica\/#breadcrumb","itemListElement":[{"@type":"ListItem","position":1,"name":"Portada","item":"https:\/\/noticiasmercedinas.com\/site\/"},{"@type":"ListItem","position":2,"name":"Emergencia productiva bonaerense:\u00a0\u201cLa provincia est\u00e1 en una situaci\u00f3n cr\u00edtica\u201d"}]},{"@type":"WebSite","@id":"https:\/\/noticiasmercedinas.com\/site\/#website","url":"https:\/\/noticiasmercedinas.com\/site\/","name":"NOTICIASMERCEDINAS.COM","description":"Mercedes, Buenos Aires, Argentina","publisher":{"@id":"https:\/\/noticiasmercedinas.com\/site\/#organization"},"potentialAction":[{"@type":"SearchAction","target":{"@type":"EntryPoint","urlTemplate":"https:\/\/noticiasmercedinas.com\/site\/?s={search_term_string}"},"query-input":{"@type":"PropertyValueSpecification","valueRequired":true,"valueName":"search_term_string"}}],"inLanguage":"es"},{"@type":"Organization","@id":"https:\/\/noticiasmercedinas.com\/site\/#organization","name":"NOTICIASMERCEDINAS.COM","url":"https:\/\/noticiasmercedinas.com\/site\/","logo":{"@type":"ImageObject","inLanguage":"es","@id":"https:\/\/noticiasmercedinas.com\/site\/#\/schema\/logo\/image\/","url":"https:\/\/noticiasmercedinas.com\/site\/wp-content\/uploads\/2020\/06\/LOGO-512.jpg","contentUrl":"https:\/\/noticiasmercedinas.com\/site\/wp-content\/uploads\/2020\/06\/LOGO-512.jpg","width":512,"height":512,"caption":"NOTICIASMERCEDINAS.COM"},"image":{"@id":"https:\/\/noticiasmercedinas.com\/site\/#\/schema\/logo\/image\/"},"sameAs":["https:\/\/www.facebook.com\/noticiasmercedinas\/","https:\/\/x.com\/notmercedinas","https:\/\/www.instagram.com\/noticiasmercedinas\/"]},{"@type":"Person","@id":"https:\/\/noticiasmercedinas.com\/site\/#\/schema\/person\/84b59c099c28ff2e8b77d4ceec5d8063","name":"NOTICIASMERCEDINAS.COM","image":{"@type":"ImageObject","inLanguage":"es","@id":"https:\/\/secure.gravatar.com\/avatar\/4dfbf16b4d17945bfb6341b2d19043457132fcf478a5ee04f42e959fd8f5df0a?s=96&d=mm&r=g","url":"https:\/\/secure.gravatar.com\/avatar\/4dfbf16b4d17945bfb6341b2d19043457132fcf478a5ee04f42e959fd8f5df0a?s=96&d=mm&r=g","contentUrl":"https:\/\/secure.gravatar.com\/avatar\/4dfbf16b4d17945bfb6341b2d19043457132fcf478a5ee04f42e959fd8f5df0a?s=96&d=mm&r=g","caption":"NOTICIASMERCEDINAS.COM"},"url":"https:\/\/noticiasmercedinas.com\/site\/author\/anonimo\/"}]}},"amp_enabled":true,"_links":{"self":[{"href":"https:\/\/noticiasmercedinas.com\/site\/wp-json\/wp\/v2\/posts\/36596","targetHints":{"allow":["GET"]}}],"collection":[{"href":"https:\/\/noticiasmercedinas.com\/site\/wp-json\/wp\/v2\/posts"}],"about":[{"href":"https:\/\/noticiasmercedinas.com\/site\/wp-json\/wp\/v2\/types\/post"}],"author":[{"embeddable":true,"href":"https:\/\/noticiasmercedinas.com\/site\/wp-json\/wp\/v2\/users\/16"}],"replies":[{"embeddable":true,"href":"https:\/\/noticiasmercedinas.com\/site\/wp-json\/wp\/v2\/comments?post=36596"}],"version-history":[{"count":1,"href":"https:\/\/noticiasmercedinas.com\/site\/wp-json\/wp\/v2\/posts\/36596\/revisions"}],"predecessor-version":[{"id":36599,"href":"https:\/\/noticiasmercedinas.com\/site\/wp-json\/wp\/v2\/posts\/36596\/revisions\/36599"}],"wp:featuredmedia":[{"embeddable":true,"href":"https:\/\/noticiasmercedinas.com\/site\/wp-json\/wp\/v2\/media\/36598"}],"wp:attachment":[{"href":"https:\/\/noticiasmercedinas.com\/site\/wp-json\/wp\/v2\/media?parent=36596"}],"wp:term":[{"taxonomy":"category","embeddable":true,"href":"https:\/\/noticiasmercedinas.com\/site\/wp-json\/wp\/v2\/categories?post=36596"},{"taxonomy":"post_tag","embeddable":true,"href":"https:\/\/noticiasmercedinas.com\/site\/wp-json\/wp\/v2\/tags?post=36596"}],"curies":[{"name":"wp","href":"https:\/\/api.w.org\/{rel}","templated":true}]}}