{"id":36776,"date":"2019-12-23T09:54:56","date_gmt":"2019-12-23T12:54:56","guid":{"rendered":"https:\/\/noticiasmercedinas.com\/site\/?p=36776"},"modified":"2019-12-23T09:54:56","modified_gmt":"2019-12-23T12:54:56","slug":"el-paracaidismo-en-mercedes-es-una-realidad-y-ya-se-disfruta-en-el-aeroclub","status":"publish","type":"post","link":"https:\/\/noticiasmercedinas.com\/site\/2019\/12\/23\/el-paracaidismo-en-mercedes-es-una-realidad-y-ya-se-disfruta-en-el-aeroclub\/","title":{"rendered":"El paracaidismo en Mercedes es una realidad y ya se disfruta en el Aeroclub"},"content":{"rendered":"\r\n                <style type=\"text\/css\">\r\n                    \r\n                    #td_uid_1_69f5d72f08206  .td-doubleSlider-2 .td-item1 {\r\n                        background: url(https:\/\/noticiasmercedinas.com\/site\/wp-content\/uploads\/2019\/12\/paracaidismoDSC04445-20191222-160447-160x120.jpg) 0 0 no-repeat;\r\n                    }\r\n                    #td_uid_1_69f5d72f08206  .td-doubleSlider-2 .td-item2 {\r\n                        background: url(https:\/\/noticiasmercedinas.com\/site\/wp-content\/uploads\/2019\/12\/paracaidismoDSC04223-20191222-160444-160x120.jpg) 0 0 no-repeat;\r\n                    }\r\n                    #td_uid_1_69f5d72f08206  .td-doubleSlider-2 .td-item3 {\r\n                        background: url(https:\/\/noticiasmercedinas.com\/site\/wp-content\/uploads\/2019\/12\/paracaidismoDSC04257-20191222-160445-160x120.jpg) 0 0 no-repeat;\r\n                    }\r\n                    #td_uid_1_69f5d72f08206  .td-doubleSlider-2 .td-item4 {\r\n                        background: url(https:\/\/noticiasmercedinas.com\/site\/wp-content\/uploads\/2019\/12\/paracaidismoDSC04122-20191222-160439-160x120.jpg) 0 0 no-repeat;\r\n                    }\r\n                <\/style>\r\n\r\n                <div id=\"td_uid_1_69f5d72f08206\" class=\"td-gallery td-slide-on-2-columns\">\r\n                    <div class=\"post_td_gallery\">\r\n                        <div class=\"td-gallery-slide-top\">\r\n                           <div class=\"td-gallery-title\"><\/div>\r\n\r\n                            <div class=\"td-gallery-controls-wrapper\">\r\n                                <div class=\"td-gallery-slide-count\"><span class=\"td-gallery-slide-item-focus\">1<\/span> de 4<\/div>\r\n                                <div class=\"td-gallery-slide-prev-next-but\">\r\n                                    <i class = \"td-icon-left doubleSliderPrevButton\"><\/i>\r\n                                    <i class = \"td-icon-right doubleSliderNextButton\"><\/i>\r\n                                <\/div>\r\n                            <\/div>\r\n                        <\/div>\r\n\r\n                        <div class = \"td-doubleSlider-1 \">\r\n                            <div class = \"td-slider\">\r\n                                \r\n                    <div class = \"td-slide-item td-item1\">\r\n                        <figure class=\"td-slide-galery-figure td-slide-popup-gallery\">\r\n                            <a class=\"slide-gallery-image-link\" href=\"https:\/\/noticiasmercedinas.com\/site\/wp-content\/uploads\/2019\/12\/paracaidismoDSC04445-20191222-160447.jpg\" title=\"paracaidismoDSC04445-20191222-160447\"  data-caption=\"\"  data-description=\"\">\r\n                                <img decoding=\"async\" src=\"https:\/\/noticiasmercedinas.com\/site\/wp-content\/uploads\/2019\/12\/paracaidismoDSC04445-20191222-160447.jpg\" srcset=\"https:\/\/noticiasmercedinas.com\/site\/wp-content\/uploads\/2019\/12\/paracaidismoDSC04445-20191222-160447.jpg 1500w, https:\/\/noticiasmercedinas.com\/site\/wp-content\/uploads\/2019\/12\/paracaidismoDSC04445-20191222-160447-300x200.jpg 300w, https:\/\/noticiasmercedinas.com\/site\/wp-content\/uploads\/2019\/12\/paracaidismoDSC04445-20191222-160447-1024x683.jpg 1024w, https:\/\/noticiasmercedinas.com\/site\/wp-content\/uploads\/2019\/12\/paracaidismoDSC04445-20191222-160447-768x512.jpg 768w, https:\/\/noticiasmercedinas.com\/site\/wp-content\/uploads\/2019\/12\/paracaidismoDSC04445-20191222-160447-640x427.jpg 640w, https:\/\/noticiasmercedinas.com\/site\/wp-content\/uploads\/2019\/12\/paracaidismoDSC04445-20191222-160447-1280x853.jpg 1280w, https:\/\/noticiasmercedinas.com\/site\/wp-content\/uploads\/2019\/12\/paracaidismoDSC04445-20191222-160447-681x454.jpg 681w, https:\/\/noticiasmercedinas.com\/site\/wp-content\/uploads\/2019\/12\/paracaidismoDSC04445-20191222-160447-1362x908.jpg 1362w\" sizes=\"(max-width: 1500px) 100vw, 1500px\" alt=\"\">\r\n                            <\/a>\r\n                            \r\n                        <\/figure>\r\n                    <\/div>\r\n                    <div class = \"td-slide-item td-item2\">\r\n                        <figure class=\"td-slide-galery-figure td-slide-popup-gallery\">\r\n                            <a class=\"slide-gallery-image-link\" href=\"https:\/\/noticiasmercedinas.com\/site\/wp-content\/uploads\/2019\/12\/paracaidismoDSC04223-20191222-160444.jpg\" title=\"paracaidismoDSC04223-20191222-160444\"  data-caption=\"\"  data-description=\"\">\r\n                                <img decoding=\"async\" src=\"https:\/\/noticiasmercedinas.com\/site\/wp-content\/uploads\/2019\/12\/paracaidismoDSC04223-20191222-160444.jpg\" srcset=\"https:\/\/noticiasmercedinas.com\/site\/wp-content\/uploads\/2019\/12\/paracaidismoDSC04223-20191222-160444.jpg 1500w, https:\/\/noticiasmercedinas.com\/site\/wp-content\/uploads\/2019\/12\/paracaidismoDSC04223-20191222-160444-300x200.jpg 300w, https:\/\/noticiasmercedinas.com\/site\/wp-content\/uploads\/2019\/12\/paracaidismoDSC04223-20191222-160444-1024x683.jpg 1024w, https:\/\/noticiasmercedinas.com\/site\/wp-content\/uploads\/2019\/12\/paracaidismoDSC04223-20191222-160444-768x512.jpg 768w, https:\/\/noticiasmercedinas.com\/site\/wp-content\/uploads\/2019\/12\/paracaidismoDSC04223-20191222-160444-640x427.jpg 640w, https:\/\/noticiasmercedinas.com\/site\/wp-content\/uploads\/2019\/12\/paracaidismoDSC04223-20191222-160444-1280x853.jpg 1280w, https:\/\/noticiasmercedinas.com\/site\/wp-content\/uploads\/2019\/12\/paracaidismoDSC04223-20191222-160444-681x454.jpg 681w, https:\/\/noticiasmercedinas.com\/site\/wp-content\/uploads\/2019\/12\/paracaidismoDSC04223-20191222-160444-1362x908.jpg 1362w\" sizes=\"(max-width: 1500px) 100vw, 1500px\" alt=\"\">\r\n                            <\/a>\r\n                            \r\n                        <\/figure>\r\n                    <\/div>\r\n                    <div class = \"td-slide-item td-item3\">\r\n                        <figure class=\"td-slide-galery-figure td-slide-popup-gallery\">\r\n                            <a class=\"slide-gallery-image-link\" href=\"https:\/\/noticiasmercedinas.com\/site\/wp-content\/uploads\/2019\/12\/paracaidismoDSC04257-20191222-160445.jpg\" title=\"paracaidismoDSC04257-20191222-160445\"  data-caption=\"\"  data-description=\"\">\r\n                                <img decoding=\"async\" src=\"https:\/\/noticiasmercedinas.com\/site\/wp-content\/uploads\/2019\/12\/paracaidismoDSC04257-20191222-160445.jpg\" srcset=\"https:\/\/noticiasmercedinas.com\/site\/wp-content\/uploads\/2019\/12\/paracaidismoDSC04257-20191222-160445.jpg 1500w, https:\/\/noticiasmercedinas.com\/site\/wp-content\/uploads\/2019\/12\/paracaidismoDSC04257-20191222-160445-300x200.jpg 300w, https:\/\/noticiasmercedinas.com\/site\/wp-content\/uploads\/2019\/12\/paracaidismoDSC04257-20191222-160445-1024x683.jpg 1024w, https:\/\/noticiasmercedinas.com\/site\/wp-content\/uploads\/2019\/12\/paracaidismoDSC04257-20191222-160445-768x512.jpg 768w, https:\/\/noticiasmercedinas.com\/site\/wp-content\/uploads\/2019\/12\/paracaidismoDSC04257-20191222-160445-640x427.jpg 640w, https:\/\/noticiasmercedinas.com\/site\/wp-content\/uploads\/2019\/12\/paracaidismoDSC04257-20191222-160445-1280x853.jpg 1280w, https:\/\/noticiasmercedinas.com\/site\/wp-content\/uploads\/2019\/12\/paracaidismoDSC04257-20191222-160445-681x454.jpg 681w, https:\/\/noticiasmercedinas.com\/site\/wp-content\/uploads\/2019\/12\/paracaidismoDSC04257-20191222-160445-1362x908.jpg 1362w\" sizes=\"(max-width: 1500px) 100vw, 1500px\" alt=\"\">\r\n                            <\/a>\r\n                            \r\n                        <\/figure>\r\n                    <\/div>\r\n                    <div class = \"td-slide-item td-item4\">\r\n                        <figure class=\"td-slide-galery-figure td-slide-popup-gallery\">\r\n                            <a class=\"slide-gallery-image-link\" href=\"https:\/\/noticiasmercedinas.com\/site\/wp-content\/uploads\/2019\/12\/paracaidismoDSC04122-20191222-160439.jpg\" title=\"paracaidismoDSC04122-20191222-160439\"  data-caption=\"\"  data-description=\"\">\r\n                                <img decoding=\"async\" src=\"https:\/\/noticiasmercedinas.com\/site\/wp-content\/uploads\/2019\/12\/paracaidismoDSC04122-20191222-160439.jpg\" srcset=\"https:\/\/noticiasmercedinas.com\/site\/wp-content\/uploads\/2019\/12\/paracaidismoDSC04122-20191222-160439.jpg 1500w, https:\/\/noticiasmercedinas.com\/site\/wp-content\/uploads\/2019\/12\/paracaidismoDSC04122-20191222-160439-300x200.jpg 300w, https:\/\/noticiasmercedinas.com\/site\/wp-content\/uploads\/2019\/12\/paracaidismoDSC04122-20191222-160439-1024x683.jpg 1024w, https:\/\/noticiasmercedinas.com\/site\/wp-content\/uploads\/2019\/12\/paracaidismoDSC04122-20191222-160439-768x512.jpg 768w, https:\/\/noticiasmercedinas.com\/site\/wp-content\/uploads\/2019\/12\/paracaidismoDSC04122-20191222-160439-640x427.jpg 640w, https:\/\/noticiasmercedinas.com\/site\/wp-content\/uploads\/2019\/12\/paracaidismoDSC04122-20191222-160439-1280x853.jpg 1280w, https:\/\/noticiasmercedinas.com\/site\/wp-content\/uploads\/2019\/12\/paracaidismoDSC04122-20191222-160439-681x454.jpg 681w, https:\/\/noticiasmercedinas.com\/site\/wp-content\/uploads\/2019\/12\/paracaidismoDSC04122-20191222-160439-1362x908.jpg 1362w\" sizes=\"(max-width: 1500px) 100vw, 1500px\" alt=\"\">\r\n                            <\/a>\r\n                            \r\n                        <\/figure>\r\n                    <\/div>\r\n                            <\/div>\r\n                        <\/div>\r\n\r\n                        <div class = \"td-doubleSlider-2\">\r\n                            <div class = \"td-slider\">\r\n                                \r\n                    <div class = \"td-button td-item1\">\r\n                        <div class = \"td-border\"><\/div>\r\n                    <\/div>\r\n                    <div class = \"td-button td-item2\">\r\n                        <div class = \"td-border\"><\/div>\r\n                    <\/div>\r\n                    <div class = \"td-button td-item3\">\r\n                        <div class = \"td-border\"><\/div>\r\n                    <\/div>\r\n                    <div class = \"td-button td-item4\">\r\n                        <div class = \"td-border\"><\/div>\r\n                    <\/div>\r\n                            <\/div>\r\n                        <\/div>\r\n\r\n                    <\/div>\r\n\r\n                <\/div>\r\n                \n<p>&nbsp;<\/p>\n<p>La empresa SkyDiveAndes ya funciona a pleno en las instalaciones del Aeroclub Mercedes donde efectu\u00f3 una importante inversi\u00f3n, trajo un avi\u00f3n y contrat\u00f3 personal para brindar todas las comodidades y seguridades a los turistas que vienen a practicar el afamado deporte del paracaidismo.<\/p>\n<p>\u201cYa es el segundo fin de semana que se concreta en nuestra ciudad esta importante actividad\u201d, expres\u00f3 Mart\u00edn Boragno, desde la Direcci\u00f3n de Turismo quien tambi\u00e9n remarc\u00f3 que es muy beneficioso para toda la ciudad, la hoteler\u00eda, los comercios, restaurantes, etc.<\/p>\n<p>En el lugar, tiempo atr\u00e1s, se mostr\u00f3 como se invirti\u00f3 en un hangar, en el traslado de un avi\u00f3n, en un escenario y la recuperaci\u00f3n del restaurante efectuado a nuevo. Adem\u00e1s se contrat\u00f3 a mercedinos que ahora son parte de los trabajos que en el lugar se llevan adelante.<\/p>\n<p>Tiempo atr\u00e1s, ante los medios, Gabriel Mart\u00edn, uno de los responsables el proyecto, comentaba en que \u201cen nombre de los socios de Skydive Andes Paracaidismo queremos agradecerles el apoyo recibido desde que empezamos. Gracias a ello estamos ac\u00e1 trabajando\u201d y remarcaba que hay \u201cparacaidismo de nivel mundial y trabajamos para que Mercedes sea una referencia de paracaidismo en Argentina\u201d.<\/p>\n<p>Como informaci\u00f3n oficial la empresa expone: \u201cNuestro curso b\u00e1sico de paracaidismo deportivo consiste en dos fases; una te\u00f3rica en nuestras oficinas y otra pr\u00e1ctica en nuestra zona de salto de Mercedes. En la teor\u00eda impartimos al menos 10 horas acad\u00e9micas a trav\u00e9s de clases presenciales apoyadas por diversos materiales did\u00e1cticos. En la fase pr\u00e1ctica nos ocupamos de que completes un total de 8 saltos progresivos, donde los 2 primeros son en modalidad t\u00e1ndem y los siguientes 6 son utilizando tu propio paraca\u00eddas en compa\u00f1\u00eda de un instructor\u201d.<\/p>\n","protected":false},"excerpt":{"rendered":"<p>&nbsp; La empresa SkyDiveAndes ya funciona a pleno en las instalaciones del Aeroclub Mercedes donde efectu\u00f3 una importante inversi\u00f3n, trajo un avi\u00f3n y contrat\u00f3 personal para brindar todas las comodidades y seguridades a los turistas que vienen a practicar el afamado deporte del paracaidismo. \u201cYa es el segundo fin de semana que se concreta en [&hellip;]<\/p>\n","protected":false},"author":16,"featured_media":36778,"comment_status":"open","ping_status":"open","sticky":false,"template":"","format":"standard","meta":{"footnotes":""},"categories":[74],"tags":[7755,7753,7754],"class_list":["post-36776","post","type-post","status-publish","format-standard","has-post-thumbnail","hentry","category-emprendimientos","tag-aero-club","tag-paracaidismo","tag-skydiveandes"],"yoast_head":"<!-- This site is optimized with the Yoast SEO plugin v27.5 - https:\/\/yoast.com\/product\/yoast-seo-wordpress\/ -->\n<title>El paracaidismo en Mercedes es una realidad y ya se disfruta en el Aeroclub<\/title>\n<meta name=\"robots\" content=\"index, follow, max-snippet:-1, max-image-preview:large, max-video-preview:-1\" \/>\n<link rel=\"canonical\" href=\"https:\/\/noticiasmercedinas.com\/site\/2019\/12\/23\/el-paracaidismo-en-mercedes-es-una-realidad-y-ya-se-disfruta-en-el-aeroclub\/\" \/>\n<meta property=\"og:locale\" content=\"es_ES\" \/>\n<meta property=\"og:type\" content=\"article\" \/>\n<meta property=\"og:title\" content=\"El paracaidismo en Mercedes es una realidad y ya se disfruta en el Aeroclub\" \/>\n<meta property=\"og:description\" content=\"&nbsp; La empresa SkyDiveAndes ya funciona a pleno en las instalaciones del Aeroclub Mercedes donde efectu\u00f3 una importante inversi\u00f3n, trajo un avi\u00f3n y contrat\u00f3 personal para brindar todas las comodidades y seguridades a los turistas que vienen a practicar el afamado deporte del paracaidismo. \u201cYa es el segundo fin de semana que se concreta en [&hellip;]\" \/>\n<meta property=\"og:url\" content=\"https:\/\/noticiasmercedinas.com\/site\/2019\/12\/23\/el-paracaidismo-en-mercedes-es-una-realidad-y-ya-se-disfruta-en-el-aeroclub\/\" \/>\n<meta property=\"og:site_name\" content=\"NOTICIASMERCEDINAS.COM\" \/>\n<meta property=\"article:publisher\" content=\"https:\/\/www.facebook.com\/noticiasmercedinas\/\" \/>\n<meta property=\"article:published_time\" content=\"2019-12-23T12:54:56+00:00\" \/>\n<meta property=\"og:image\" content=\"https:\/\/noticiasmercedinas.com\/site\/wp-content\/uploads\/2019\/12\/paracaidismoDSC04223-20191222-160444.jpg\" \/>\n\t<meta property=\"og:image:width\" content=\"1500\" \/>\n\t<meta property=\"og:image:height\" content=\"1000\" \/>\n\t<meta property=\"og:image:type\" content=\"image\/jpeg\" \/>\n<meta name=\"author\" content=\"NOTICIASMERCEDINAS.COM\" \/>\n<meta name=\"twitter:card\" content=\"summary_large_image\" \/>\n<meta name=\"twitter:creator\" content=\"@notmercedinas\" \/>\n<meta name=\"twitter:site\" content=\"@notmercedinas\" \/>\n<meta name=\"twitter:label1\" content=\"Escrito por\" \/>\n\t<meta name=\"twitter:data1\" content=\"NOTICIASMERCEDINAS.COM\" \/>\n\t<meta name=\"twitter:label2\" content=\"Tiempo de lectura\" \/>\n\t<meta name=\"twitter:data2\" content=\"2 minutos\" \/>\n<script type=\"application\/ld+json\" class=\"yoast-schema-graph\">{\"@context\":\"https:\\\/\\\/schema.org\",\"@graph\":[{\"@type\":\"Article\",\"@id\":\"https:\\\/\\\/noticiasmercedinas.com\\\/site\\\/2019\\\/12\\\/23\\\/el-paracaidismo-en-mercedes-es-una-realidad-y-ya-se-disfruta-en-el-aeroclub\\\/#article\",\"isPartOf\":{\"@id\":\"https:\\\/\\\/noticiasmercedinas.com\\\/site\\\/2019\\\/12\\\/23\\\/el-paracaidismo-en-mercedes-es-una-realidad-y-ya-se-disfruta-en-el-aeroclub\\\/\"},\"author\":{\"name\":\"NOTICIASMERCEDINAS.COM\",\"@id\":\"https:\\\/\\\/noticiasmercedinas.com\\\/site\\\/#\\\/schema\\\/person\\\/84b59c099c28ff2e8b77d4ceec5d8063\"},\"headline\":\"El paracaidismo en Mercedes es una realidad y ya se disfruta en el Aeroclub\",\"datePublished\":\"2019-12-23T12:54:56+00:00\",\"mainEntityOfPage\":{\"@id\":\"https:\\\/\\\/noticiasmercedinas.com\\\/site\\\/2019\\\/12\\\/23\\\/el-paracaidismo-en-mercedes-es-una-realidad-y-ya-se-disfruta-en-el-aeroclub\\\/\"},\"wordCount\":325,\"commentCount\":0,\"publisher\":{\"@id\":\"https:\\\/\\\/noticiasmercedinas.com\\\/site\\\/#organization\"},\"image\":{\"@id\":\"https:\\\/\\\/noticiasmercedinas.com\\\/site\\\/2019\\\/12\\\/23\\\/el-paracaidismo-en-mercedes-es-una-realidad-y-ya-se-disfruta-en-el-aeroclub\\\/#primaryimage\"},\"thumbnailUrl\":\"https:\\\/\\\/noticiasmercedinas.com\\\/site\\\/wp-content\\\/uploads\\\/2019\\\/12\\\/paracaidismoDSC04223-20191222-160444.jpg\",\"keywords\":[\"aero club\",\"paracaidismo\",\"skydiveandes\"],\"articleSection\":[\"Emprendimientos\"],\"inLanguage\":\"es\",\"potentialAction\":[{\"@type\":\"CommentAction\",\"name\":\"Comment\",\"target\":[\"https:\\\/\\\/noticiasmercedinas.com\\\/site\\\/2019\\\/12\\\/23\\\/el-paracaidismo-en-mercedes-es-una-realidad-y-ya-se-disfruta-en-el-aeroclub\\\/#respond\"]}]},{\"@type\":\"WebPage\",\"@id\":\"https:\\\/\\\/noticiasmercedinas.com\\\/site\\\/2019\\\/12\\\/23\\\/el-paracaidismo-en-mercedes-es-una-realidad-y-ya-se-disfruta-en-el-aeroclub\\\/\",\"url\":\"https:\\\/\\\/noticiasmercedinas.com\\\/site\\\/2019\\\/12\\\/23\\\/el-paracaidismo-en-mercedes-es-una-realidad-y-ya-se-disfruta-en-el-aeroclub\\\/\",\"name\":\"El paracaidismo en Mercedes es una realidad y ya se disfruta en el Aeroclub\",\"isPartOf\":{\"@id\":\"https:\\\/\\\/noticiasmercedinas.com\\\/site\\\/#website\"},\"primaryImageOfPage\":{\"@id\":\"https:\\\/\\\/noticiasmercedinas.com\\\/site\\\/2019\\\/12\\\/23\\\/el-paracaidismo-en-mercedes-es-una-realidad-y-ya-se-disfruta-en-el-aeroclub\\\/#primaryimage\"},\"image\":{\"@id\":\"https:\\\/\\\/noticiasmercedinas.com\\\/site\\\/2019\\\/12\\\/23\\\/el-paracaidismo-en-mercedes-es-una-realidad-y-ya-se-disfruta-en-el-aeroclub\\\/#primaryimage\"},\"thumbnailUrl\":\"https:\\\/\\\/noticiasmercedinas.com\\\/site\\\/wp-content\\\/uploads\\\/2019\\\/12\\\/paracaidismoDSC04223-20191222-160444.jpg\",\"datePublished\":\"2019-12-23T12:54:56+00:00\",\"breadcrumb\":{\"@id\":\"https:\\\/\\\/noticiasmercedinas.com\\\/site\\\/2019\\\/12\\\/23\\\/el-paracaidismo-en-mercedes-es-una-realidad-y-ya-se-disfruta-en-el-aeroclub\\\/#breadcrumb\"},\"inLanguage\":\"es\",\"potentialAction\":[{\"@type\":\"ReadAction\",\"target\":[\"https:\\\/\\\/noticiasmercedinas.com\\\/site\\\/2019\\\/12\\\/23\\\/el-paracaidismo-en-mercedes-es-una-realidad-y-ya-se-disfruta-en-el-aeroclub\\\/\"]}]},{\"@type\":\"ImageObject\",\"inLanguage\":\"es\",\"@id\":\"https:\\\/\\\/noticiasmercedinas.com\\\/site\\\/2019\\\/12\\\/23\\\/el-paracaidismo-en-mercedes-es-una-realidad-y-ya-se-disfruta-en-el-aeroclub\\\/#primaryimage\",\"url\":\"https:\\\/\\\/noticiasmercedinas.com\\\/site\\\/wp-content\\\/uploads\\\/2019\\\/12\\\/paracaidismoDSC04223-20191222-160444.jpg\",\"contentUrl\":\"https:\\\/\\\/noticiasmercedinas.com\\\/site\\\/wp-content\\\/uploads\\\/2019\\\/12\\\/paracaidismoDSC04223-20191222-160444.jpg\",\"width\":1500,\"height\":1000},{\"@type\":\"BreadcrumbList\",\"@id\":\"https:\\\/\\\/noticiasmercedinas.com\\\/site\\\/2019\\\/12\\\/23\\\/el-paracaidismo-en-mercedes-es-una-realidad-y-ya-se-disfruta-en-el-aeroclub\\\/#breadcrumb\",\"itemListElement\":[{\"@type\":\"ListItem\",\"position\":1,\"name\":\"Portada\",\"item\":\"https:\\\/\\\/noticiasmercedinas.com\\\/site\\\/\"},{\"@type\":\"ListItem\",\"position\":2,\"name\":\"El paracaidismo en Mercedes es una realidad y ya se disfruta en el Aeroclub\"}]},{\"@type\":\"WebSite\",\"@id\":\"https:\\\/\\\/noticiasmercedinas.com\\\/site\\\/#website\",\"url\":\"https:\\\/\\\/noticiasmercedinas.com\\\/site\\\/\",\"name\":\"NOTICIASMERCEDINAS.COM\",\"description\":\"Mercedes, Buenos Aires, Argentina\",\"publisher\":{\"@id\":\"https:\\\/\\\/noticiasmercedinas.com\\\/site\\\/#organization\"},\"potentialAction\":[{\"@type\":\"SearchAction\",\"target\":{\"@type\":\"EntryPoint\",\"urlTemplate\":\"https:\\\/\\\/noticiasmercedinas.com\\\/site\\\/?s={search_term_string}\"},\"query-input\":{\"@type\":\"PropertyValueSpecification\",\"valueRequired\":true,\"valueName\":\"search_term_string\"}}],\"inLanguage\":\"es\"},{\"@type\":\"Organization\",\"@id\":\"https:\\\/\\\/noticiasmercedinas.com\\\/site\\\/#organization\",\"name\":\"NOTICIASMERCEDINAS.COM\",\"url\":\"https:\\\/\\\/noticiasmercedinas.com\\\/site\\\/\",\"logo\":{\"@type\":\"ImageObject\",\"inLanguage\":\"es\",\"@id\":\"https:\\\/\\\/noticiasmercedinas.com\\\/site\\\/#\\\/schema\\\/logo\\\/image\\\/\",\"url\":\"https:\\\/\\\/noticiasmercedinas.com\\\/site\\\/wp-content\\\/uploads\\\/2020\\\/06\\\/LOGO-512.jpg\",\"contentUrl\":\"https:\\\/\\\/noticiasmercedinas.com\\\/site\\\/wp-content\\\/uploads\\\/2020\\\/06\\\/LOGO-512.jpg\",\"width\":512,\"height\":512,\"caption\":\"NOTICIASMERCEDINAS.COM\"},\"image\":{\"@id\":\"https:\\\/\\\/noticiasmercedinas.com\\\/site\\\/#\\\/schema\\\/logo\\\/image\\\/\"},\"sameAs\":[\"https:\\\/\\\/www.facebook.com\\\/noticiasmercedinas\\\/\",\"https:\\\/\\\/x.com\\\/notmercedinas\",\"https:\\\/\\\/www.instagram.com\\\/noticiasmercedinas\\\/\"]},{\"@type\":\"Person\",\"@id\":\"https:\\\/\\\/noticiasmercedinas.com\\\/site\\\/#\\\/schema\\\/person\\\/84b59c099c28ff2e8b77d4ceec5d8063\",\"name\":\"NOTICIASMERCEDINAS.COM\",\"image\":{\"@type\":\"ImageObject\",\"inLanguage\":\"es\",\"@id\":\"https:\\\/\\\/secure.gravatar.com\\\/avatar\\\/4dfbf16b4d17945bfb6341b2d19043457132fcf478a5ee04f42e959fd8f5df0a?s=96&d=mm&r=g\",\"url\":\"https:\\\/\\\/secure.gravatar.com\\\/avatar\\\/4dfbf16b4d17945bfb6341b2d19043457132fcf478a5ee04f42e959fd8f5df0a?s=96&d=mm&r=g\",\"contentUrl\":\"https:\\\/\\\/secure.gravatar.com\\\/avatar\\\/4dfbf16b4d17945bfb6341b2d19043457132fcf478a5ee04f42e959fd8f5df0a?s=96&d=mm&r=g\",\"caption\":\"NOTICIASMERCEDINAS.COM\"},\"url\":\"https:\\\/\\\/noticiasmercedinas.com\\\/site\\\/author\\\/anonimo\\\/\"}]}<\/script>\n<!-- \/ Yoast SEO plugin. -->","yoast_head_json":{"title":"El paracaidismo en Mercedes es una realidad y ya se disfruta en el Aeroclub","robots":{"index":"index","follow":"follow","max-snippet":"max-snippet:-1","max-image-preview":"max-image-preview:large","max-video-preview":"max-video-preview:-1"},"canonical":"https:\/\/noticiasmercedinas.com\/site\/2019\/12\/23\/el-paracaidismo-en-mercedes-es-una-realidad-y-ya-se-disfruta-en-el-aeroclub\/","og_locale":"es_ES","og_type":"article","og_title":"El paracaidismo en Mercedes es una realidad y ya se disfruta en el Aeroclub","og_description":"&nbsp; La empresa SkyDiveAndes ya funciona a pleno en las instalaciones del Aeroclub Mercedes donde efectu\u00f3 una importante inversi\u00f3n, trajo un avi\u00f3n y contrat\u00f3 personal para brindar todas las comodidades y seguridades a los turistas que vienen a practicar el afamado deporte del paracaidismo. \u201cYa es el segundo fin de semana que se concreta en [&hellip;]","og_url":"https:\/\/noticiasmercedinas.com\/site\/2019\/12\/23\/el-paracaidismo-en-mercedes-es-una-realidad-y-ya-se-disfruta-en-el-aeroclub\/","og_site_name":"NOTICIASMERCEDINAS.COM","article_publisher":"https:\/\/www.facebook.com\/noticiasmercedinas\/","article_published_time":"2019-12-23T12:54:56+00:00","og_image":[{"width":1500,"height":1000,"url":"https:\/\/noticiasmercedinas.com\/site\/wp-content\/uploads\/2019\/12\/paracaidismoDSC04223-20191222-160444.jpg","type":"image\/jpeg"}],"author":"NOTICIASMERCEDINAS.COM","twitter_card":"summary_large_image","twitter_creator":"@notmercedinas","twitter_site":"@notmercedinas","twitter_misc":{"Escrito por":"NOTICIASMERCEDINAS.COM","Tiempo de lectura":"2 minutos"},"schema":{"@context":"https:\/\/schema.org","@graph":[{"@type":"Article","@id":"https:\/\/noticiasmercedinas.com\/site\/2019\/12\/23\/el-paracaidismo-en-mercedes-es-una-realidad-y-ya-se-disfruta-en-el-aeroclub\/#article","isPartOf":{"@id":"https:\/\/noticiasmercedinas.com\/site\/2019\/12\/23\/el-paracaidismo-en-mercedes-es-una-realidad-y-ya-se-disfruta-en-el-aeroclub\/"},"author":{"name":"NOTICIASMERCEDINAS.COM","@id":"https:\/\/noticiasmercedinas.com\/site\/#\/schema\/person\/84b59c099c28ff2e8b77d4ceec5d8063"},"headline":"El paracaidismo en Mercedes es una realidad y ya se disfruta en el Aeroclub","datePublished":"2019-12-23T12:54:56+00:00","mainEntityOfPage":{"@id":"https:\/\/noticiasmercedinas.com\/site\/2019\/12\/23\/el-paracaidismo-en-mercedes-es-una-realidad-y-ya-se-disfruta-en-el-aeroclub\/"},"wordCount":325,"commentCount":0,"publisher":{"@id":"https:\/\/noticiasmercedinas.com\/site\/#organization"},"image":{"@id":"https:\/\/noticiasmercedinas.com\/site\/2019\/12\/23\/el-paracaidismo-en-mercedes-es-una-realidad-y-ya-se-disfruta-en-el-aeroclub\/#primaryimage"},"thumbnailUrl":"https:\/\/noticiasmercedinas.com\/site\/wp-content\/uploads\/2019\/12\/paracaidismoDSC04223-20191222-160444.jpg","keywords":["aero club","paracaidismo","skydiveandes"],"articleSection":["Emprendimientos"],"inLanguage":"es","potentialAction":[{"@type":"CommentAction","name":"Comment","target":["https:\/\/noticiasmercedinas.com\/site\/2019\/12\/23\/el-paracaidismo-en-mercedes-es-una-realidad-y-ya-se-disfruta-en-el-aeroclub\/#respond"]}]},{"@type":"WebPage","@id":"https:\/\/noticiasmercedinas.com\/site\/2019\/12\/23\/el-paracaidismo-en-mercedes-es-una-realidad-y-ya-se-disfruta-en-el-aeroclub\/","url":"https:\/\/noticiasmercedinas.com\/site\/2019\/12\/23\/el-paracaidismo-en-mercedes-es-una-realidad-y-ya-se-disfruta-en-el-aeroclub\/","name":"El paracaidismo en Mercedes es una realidad y ya se disfruta en el Aeroclub","isPartOf":{"@id":"https:\/\/noticiasmercedinas.com\/site\/#website"},"primaryImageOfPage":{"@id":"https:\/\/noticiasmercedinas.com\/site\/2019\/12\/23\/el-paracaidismo-en-mercedes-es-una-realidad-y-ya-se-disfruta-en-el-aeroclub\/#primaryimage"},"image":{"@id":"https:\/\/noticiasmercedinas.com\/site\/2019\/12\/23\/el-paracaidismo-en-mercedes-es-una-realidad-y-ya-se-disfruta-en-el-aeroclub\/#primaryimage"},"thumbnailUrl":"https:\/\/noticiasmercedinas.com\/site\/wp-content\/uploads\/2019\/12\/paracaidismoDSC04223-20191222-160444.jpg","datePublished":"2019-12-23T12:54:56+00:00","breadcrumb":{"@id":"https:\/\/noticiasmercedinas.com\/site\/2019\/12\/23\/el-paracaidismo-en-mercedes-es-una-realidad-y-ya-se-disfruta-en-el-aeroclub\/#breadcrumb"},"inLanguage":"es","potentialAction":[{"@type":"ReadAction","target":["https:\/\/noticiasmercedinas.com\/site\/2019\/12\/23\/el-paracaidismo-en-mercedes-es-una-realidad-y-ya-se-disfruta-en-el-aeroclub\/"]}]},{"@type":"ImageObject","inLanguage":"es","@id":"https:\/\/noticiasmercedinas.com\/site\/2019\/12\/23\/el-paracaidismo-en-mercedes-es-una-realidad-y-ya-se-disfruta-en-el-aeroclub\/#primaryimage","url":"https:\/\/noticiasmercedinas.com\/site\/wp-content\/uploads\/2019\/12\/paracaidismoDSC04223-20191222-160444.jpg","contentUrl":"https:\/\/noticiasmercedinas.com\/site\/wp-content\/uploads\/2019\/12\/paracaidismoDSC04223-20191222-160444.jpg","width":1500,"height":1000},{"@type":"BreadcrumbList","@id":"https:\/\/noticiasmercedinas.com\/site\/2019\/12\/23\/el-paracaidismo-en-mercedes-es-una-realidad-y-ya-se-disfruta-en-el-aeroclub\/#breadcrumb","itemListElement":[{"@type":"ListItem","position":1,"name":"Portada","item":"https:\/\/noticiasmercedinas.com\/site\/"},{"@type":"ListItem","position":2,"name":"El paracaidismo en Mercedes es una realidad y ya se disfruta en el Aeroclub"}]},{"@type":"WebSite","@id":"https:\/\/noticiasmercedinas.com\/site\/#website","url":"https:\/\/noticiasmercedinas.com\/site\/","name":"NOTICIASMERCEDINAS.COM","description":"Mercedes, Buenos Aires, Argentina","publisher":{"@id":"https:\/\/noticiasmercedinas.com\/site\/#organization"},"potentialAction":[{"@type":"SearchAction","target":{"@type":"EntryPoint","urlTemplate":"https:\/\/noticiasmercedinas.com\/site\/?s={search_term_string}"},"query-input":{"@type":"PropertyValueSpecification","valueRequired":true,"valueName":"search_term_string"}}],"inLanguage":"es"},{"@type":"Organization","@id":"https:\/\/noticiasmercedinas.com\/site\/#organization","name":"NOTICIASMERCEDINAS.COM","url":"https:\/\/noticiasmercedinas.com\/site\/","logo":{"@type":"ImageObject","inLanguage":"es","@id":"https:\/\/noticiasmercedinas.com\/site\/#\/schema\/logo\/image\/","url":"https:\/\/noticiasmercedinas.com\/site\/wp-content\/uploads\/2020\/06\/LOGO-512.jpg","contentUrl":"https:\/\/noticiasmercedinas.com\/site\/wp-content\/uploads\/2020\/06\/LOGO-512.jpg","width":512,"height":512,"caption":"NOTICIASMERCEDINAS.COM"},"image":{"@id":"https:\/\/noticiasmercedinas.com\/site\/#\/schema\/logo\/image\/"},"sameAs":["https:\/\/www.facebook.com\/noticiasmercedinas\/","https:\/\/x.com\/notmercedinas","https:\/\/www.instagram.com\/noticiasmercedinas\/"]},{"@type":"Person","@id":"https:\/\/noticiasmercedinas.com\/site\/#\/schema\/person\/84b59c099c28ff2e8b77d4ceec5d8063","name":"NOTICIASMERCEDINAS.COM","image":{"@type":"ImageObject","inLanguage":"es","@id":"https:\/\/secure.gravatar.com\/avatar\/4dfbf16b4d17945bfb6341b2d19043457132fcf478a5ee04f42e959fd8f5df0a?s=96&d=mm&r=g","url":"https:\/\/secure.gravatar.com\/avatar\/4dfbf16b4d17945bfb6341b2d19043457132fcf478a5ee04f42e959fd8f5df0a?s=96&d=mm&r=g","contentUrl":"https:\/\/secure.gravatar.com\/avatar\/4dfbf16b4d17945bfb6341b2d19043457132fcf478a5ee04f42e959fd8f5df0a?s=96&d=mm&r=g","caption":"NOTICIASMERCEDINAS.COM"},"url":"https:\/\/noticiasmercedinas.com\/site\/author\/anonimo\/"}]}},"amp_enabled":true,"_links":{"self":[{"href":"https:\/\/noticiasmercedinas.com\/site\/wp-json\/wp\/v2\/posts\/36776","targetHints":{"allow":["GET"]}}],"collection":[{"href":"https:\/\/noticiasmercedinas.com\/site\/wp-json\/wp\/v2\/posts"}],"about":[{"href":"https:\/\/noticiasmercedinas.com\/site\/wp-json\/wp\/v2\/types\/post"}],"author":[{"embeddable":true,"href":"https:\/\/noticiasmercedinas.com\/site\/wp-json\/wp\/v2\/users\/16"}],"replies":[{"embeddable":true,"href":"https:\/\/noticiasmercedinas.com\/site\/wp-json\/wp\/v2\/comments?post=36776"}],"version-history":[{"count":1,"href":"https:\/\/noticiasmercedinas.com\/site\/wp-json\/wp\/v2\/posts\/36776\/revisions"}],"predecessor-version":[{"id":36781,"href":"https:\/\/noticiasmercedinas.com\/site\/wp-json\/wp\/v2\/posts\/36776\/revisions\/36781"}],"wp:featuredmedia":[{"embeddable":true,"href":"https:\/\/noticiasmercedinas.com\/site\/wp-json\/wp\/v2\/media\/36778"}],"wp:attachment":[{"href":"https:\/\/noticiasmercedinas.com\/site\/wp-json\/wp\/v2\/media?parent=36776"}],"wp:term":[{"taxonomy":"category","embeddable":true,"href":"https:\/\/noticiasmercedinas.com\/site\/wp-json\/wp\/v2\/categories?post=36776"},{"taxonomy":"post_tag","embeddable":true,"href":"https:\/\/noticiasmercedinas.com\/site\/wp-json\/wp\/v2\/tags?post=36776"}],"curies":[{"name":"wp","href":"https:\/\/api.w.org\/{rel}","templated":true}]}}