{"id":3695,"date":"2018-10-06T13:06:23","date_gmt":"2018-10-06T16:06:23","guid":{"rendered":"https:\/\/noticiasmercedinas.com\/site\/2018\/10\/06\/ruben-goldin-dara-un-seminario-de-canto-en-mercedes\/"},"modified":"2024-02-29T09:15:01","modified_gmt":"2024-02-29T12:15:01","slug":"ruben-goldin-dara-un-seminario-de-canto-en-mercedes","status":"publish","type":"post","link":"https:\/\/noticiasmercedinas.com\/site\/2018\/10\/06\/ruben-goldin-dara-un-seminario-de-canto-en-mercedes\/","title":{"rendered":"Rub\u00e9n Gold\u00edn dar\u00e1 un seminario de canto en Mercedes"},"content":{"rendered":"<p><img loading=\"lazy\" decoding=\"async\" class=\"alignnone wp-image-3694 size-full\" src=\"https:\/\/noticiasmercedinas.com\/site\/wp-content\/uploads\/2018\/10\/Ruben.jpg\" width=\"960\" height=\"634\" srcset=\"https:\/\/noticiasmercedinas.com\/site\/wp-content\/uploads\/2018\/10\/Ruben.jpg 960w, https:\/\/noticiasmercedinas.com\/site\/wp-content\/uploads\/2018\/10\/Ruben-300x198.jpg 300w, https:\/\/noticiasmercedinas.com\/site\/wp-content\/uploads\/2018\/10\/Ruben-768x507.jpg 768w, https:\/\/noticiasmercedinas.com\/site\/wp-content\/uploads\/2018\/10\/Ruben-640x423.jpg 640w, https:\/\/noticiasmercedinas.com\/site\/wp-content\/uploads\/2018\/10\/Ruben-681x450.jpg 681w\" sizes=\"auto, (max-width: 960px) 100vw, 960px\" \/><\/p>\n<p>Rub\u00e9n Gold\u00edn, cantante y guitarrista de gran trayectoria, integrante de la m\u00edtica Trova Rosarina, con vasta experiencia docente, brindar\u00e1 en nuestra ciudad una cl\u00ednica intensiva de canto. La cita tendr\u00e1 lugar el pr\u00f3ximo s\u00e1bado 13 de octubre -entre las 14 y las 19 hs. aproximadamente-, en MOVE Estudio de Danza y Arte (calle 20 n\u00b0 727).<\/p>\n<p>Las tem\u00e1ticas a abordarse en el taller son las siguientes: Explicaci\u00f3n de las caracter\u00edsticas y funcionamiento del <a href=\"https:\/\/www.vozviva.es\/aparato-fonador-humano-partes\/\">aparato fonador<\/a>, Ubicaci\u00f3n de Resonadores, Ejercicios de relajaci\u00f3n, Vocalizaci\u00f3n, Posturas, Proyecci\u00f3n de la voz, Respiraci\u00f3n, Repertorio, Observando a los grandes, Interacci\u00f3n e interpretaci\u00f3n con los alumnos dando devoluciones y correcciones en el caso de necesitarlo.<\/p>\n<p>El seminario no requiere conocimientos previos de canto y es apto para adolescentes y adultos de todas las edades.<\/p>\n<p>Gold\u00edn fue integrante fundacional y arreglador, en sociedad con Fito P\u00e1ez, de la primer banda de Juan Carlos Baglietto \u2013de la que tambi\u00e9n formaron parte, entre otros, Silvina Garr\u00e9 y Lalo de los Santos\u2013, y ha compartido grabaciones y actuaciones con Pedro Aznar, Fito P\u00e1ez, Juan Carlos Baglietto, Sandra Mihanovich, Alejandro Lerner, V\u00edctor Heredia, Luis Alberto Spinetta, Charly Garc\u00eda, Los Enanitos Verdes, Liliana Herrero, Litto Nebbia, Silvina Garr\u00e9, Jorge Fandermole, Fabi\u00e1n Gallardo, Pappo, Nito Mestre, Fabiana Cantilo, Lito Vitale, Patricia Sosa, Joan Manuel Serrat, Le\u00f3n Gieco, Ricardo Soul\u00e9, Ra\u00fal Porchetto, Santiago Feli\u00fa (Cuba) y Tania Libertad (M\u00e9xico) entre muchos otros.<\/p>\n<p>Sus canciones fueron grabadas por artistas como Baglietto y Fabiana Cantilo, y desarroll\u00f3 una interesante carrera solista que incluye los discos:\u201cDestiempo\u201d (1985), \u201cProfano\u201d (1988),\u201cPiedras Preciosas\u201d (1990), \u201cBrilla el sol\u201d (1992), Rosarinos (1997) -junto a Jorge Fandermole, Adri\u00e1n Abonizio y Lalo de los Santos-, \u201cCronolog\u00eda\u201d (2003), Nadar (2013) y el trabajo folkl\u00f3ricoGirasoles (2017), pr\u00f3ximo a editarse en formato f\u00edsico.<\/p>\n<p>Rub\u00e9n Gold\u00edn posee asimismo una larga trayectoria docente que desarroll\u00f3 por a\u00f1os en su propia academia en Rosario y dando clases y seminarios por todo el pa\u00eds, integrando adem\u00e1s el equipo de coachs del programa de Telef\u00e9 Operaci\u00f3n Triunfo y el ciclo \u201cVioletta\u201d.<\/p>\n<p>Para informes comunicarse por mensaje privado a la p\u00e1gina de Facebook del Estudio de Danza y Arte Move, o al 02324-15501222. Los cupos son limitados.<\/p>\n","protected":false},"excerpt":{"rendered":"<p>Rub\u00e9n Gold\u00edn, cantante y guitarrista de gran trayectoria, integrante de la m\u00edtica Trova Rosarina, con vasta experiencia docente, brindar\u00e1 en nuestra ciudad una cl\u00ednica intensiva de canto. La cita tendr\u00e1 lugar el pr\u00f3ximo s\u00e1bado 13 de octubre -entre las 14 y las 19 hs. aproximadamente-, en MOVE Estudio de Danza y Arte (calle 20 n\u00b0 [&hellip;]<\/p>\n","protected":false},"author":16,"featured_media":3694,"comment_status":"open","ping_status":"open","sticky":false,"template":"","format":"standard","meta":{"footnotes":""},"categories":[4],"tags":[1216,88,1214,1215],"class_list":["post-3695","post","type-post","status-publish","format-standard","has-post-thumbnail","hentry","category-cultura","tag-move","tag-musica","tag-ruben-goldin","tag-seminario"],"yoast_head":"<!-- This site is optimized with the Yoast SEO plugin v27.5 - https:\/\/yoast.com\/product\/yoast-seo-wordpress\/ -->\n<title>Rub\u00e9n Gold\u00edn dar\u00e1 un seminario de canto en Mercedes<\/title>\n<meta name=\"robots\" content=\"index, follow, max-snippet:-1, max-image-preview:large, max-video-preview:-1\" \/>\n<link rel=\"canonical\" href=\"https:\/\/noticiasmercedinas.com\/site\/2018\/10\/06\/ruben-goldin-dara-un-seminario-de-canto-en-mercedes\/\" \/>\n<meta property=\"og:locale\" content=\"es_ES\" \/>\n<meta property=\"og:type\" content=\"article\" \/>\n<meta property=\"og:title\" content=\"Rub\u00e9n Gold\u00edn dar\u00e1 un seminario de canto en Mercedes\" \/>\n<meta property=\"og:description\" content=\"Rub\u00e9n Gold\u00edn, cantante y guitarrista de gran trayectoria, integrante de la m\u00edtica Trova Rosarina, con vasta experiencia docente, brindar\u00e1 en nuestra ciudad una cl\u00ednica intensiva de canto. La cita tendr\u00e1 lugar el pr\u00f3ximo s\u00e1bado 13 de octubre -entre las 14 y las 19 hs. aproximadamente-, en MOVE Estudio de Danza y Arte (calle 20 n\u00b0 [&hellip;]\" \/>\n<meta property=\"og:url\" content=\"https:\/\/noticiasmercedinas.com\/site\/2018\/10\/06\/ruben-goldin-dara-un-seminario-de-canto-en-mercedes\/\" \/>\n<meta property=\"og:site_name\" content=\"NOTICIASMERCEDINAS.COM\" \/>\n<meta property=\"article:publisher\" content=\"https:\/\/www.facebook.com\/noticiasmercedinas\/\" \/>\n<meta property=\"article:published_time\" content=\"2018-10-06T16:06:23+00:00\" \/>\n<meta property=\"article:modified_time\" content=\"2024-02-29T12:15:01+00:00\" \/>\n<meta property=\"og:image\" content=\"https:\/\/noticiasmercedinas.com\/site\/wp-content\/uploads\/2018\/10\/Ruben.jpg\" \/>\n\t<meta property=\"og:image:width\" content=\"960\" \/>\n\t<meta property=\"og:image:height\" content=\"634\" \/>\n\t<meta property=\"og:image:type\" content=\"image\/jpeg\" \/>\n<meta name=\"author\" content=\"NOTICIASMERCEDINAS.COM\" \/>\n<meta name=\"twitter:card\" content=\"summary_large_image\" \/>\n<meta name=\"twitter:creator\" content=\"@notmercedinas\" \/>\n<meta name=\"twitter:site\" content=\"@notmercedinas\" \/>\n<meta name=\"twitter:label1\" content=\"Escrito por\" \/>\n\t<meta name=\"twitter:data1\" content=\"NOTICIASMERCEDINAS.COM\" \/>\n\t<meta name=\"twitter:label2\" content=\"Tiempo de lectura\" \/>\n\t<meta name=\"twitter:data2\" content=\"3 minutos\" \/>\n<script type=\"application\/ld+json\" class=\"yoast-schema-graph\">{\"@context\":\"https:\\\/\\\/schema.org\",\"@graph\":[{\"@type\":\"Article\",\"@id\":\"https:\\\/\\\/noticiasmercedinas.com\\\/site\\\/2018\\\/10\\\/06\\\/ruben-goldin-dara-un-seminario-de-canto-en-mercedes\\\/#article\",\"isPartOf\":{\"@id\":\"https:\\\/\\\/noticiasmercedinas.com\\\/site\\\/2018\\\/10\\\/06\\\/ruben-goldin-dara-un-seminario-de-canto-en-mercedes\\\/\"},\"author\":{\"name\":\"NOTICIASMERCEDINAS.COM\",\"@id\":\"https:\\\/\\\/noticiasmercedinas.com\\\/site\\\/#\\\/schema\\\/person\\\/84b59c099c28ff2e8b77d4ceec5d8063\"},\"headline\":\"Rub\u00e9n Gold\u00edn dar\u00e1 un seminario de canto en Mercedes\",\"datePublished\":\"2018-10-06T16:06:23+00:00\",\"dateModified\":\"2024-02-29T12:15:01+00:00\",\"mainEntityOfPage\":{\"@id\":\"https:\\\/\\\/noticiasmercedinas.com\\\/site\\\/2018\\\/10\\\/06\\\/ruben-goldin-dara-un-seminario-de-canto-en-mercedes\\\/\"},\"wordCount\":391,\"commentCount\":0,\"publisher\":{\"@id\":\"https:\\\/\\\/noticiasmercedinas.com\\\/site\\\/#organization\"},\"image\":{\"@id\":\"https:\\\/\\\/noticiasmercedinas.com\\\/site\\\/2018\\\/10\\\/06\\\/ruben-goldin-dara-un-seminario-de-canto-en-mercedes\\\/#primaryimage\"},\"thumbnailUrl\":\"https:\\\/\\\/noticiasmercedinas.com\\\/site\\\/wp-content\\\/uploads\\\/2018\\\/10\\\/Ruben.jpg\",\"keywords\":[\"move\",\"musica\",\"RUBEN goldin\",\"seminario\"],\"articleSection\":[\"Cultura\"],\"inLanguage\":\"es\",\"potentialAction\":[{\"@type\":\"CommentAction\",\"name\":\"Comment\",\"target\":[\"https:\\\/\\\/noticiasmercedinas.com\\\/site\\\/2018\\\/10\\\/06\\\/ruben-goldin-dara-un-seminario-de-canto-en-mercedes\\\/#respond\"]}]},{\"@type\":\"WebPage\",\"@id\":\"https:\\\/\\\/noticiasmercedinas.com\\\/site\\\/2018\\\/10\\\/06\\\/ruben-goldin-dara-un-seminario-de-canto-en-mercedes\\\/\",\"url\":\"https:\\\/\\\/noticiasmercedinas.com\\\/site\\\/2018\\\/10\\\/06\\\/ruben-goldin-dara-un-seminario-de-canto-en-mercedes\\\/\",\"name\":\"Rub\u00e9n Gold\u00edn dar\u00e1 un seminario de canto en Mercedes\",\"isPartOf\":{\"@id\":\"https:\\\/\\\/noticiasmercedinas.com\\\/site\\\/#website\"},\"primaryImageOfPage\":{\"@id\":\"https:\\\/\\\/noticiasmercedinas.com\\\/site\\\/2018\\\/10\\\/06\\\/ruben-goldin-dara-un-seminario-de-canto-en-mercedes\\\/#primaryimage\"},\"image\":{\"@id\":\"https:\\\/\\\/noticiasmercedinas.com\\\/site\\\/2018\\\/10\\\/06\\\/ruben-goldin-dara-un-seminario-de-canto-en-mercedes\\\/#primaryimage\"},\"thumbnailUrl\":\"https:\\\/\\\/noticiasmercedinas.com\\\/site\\\/wp-content\\\/uploads\\\/2018\\\/10\\\/Ruben.jpg\",\"datePublished\":\"2018-10-06T16:06:23+00:00\",\"dateModified\":\"2024-02-29T12:15:01+00:00\",\"breadcrumb\":{\"@id\":\"https:\\\/\\\/noticiasmercedinas.com\\\/site\\\/2018\\\/10\\\/06\\\/ruben-goldin-dara-un-seminario-de-canto-en-mercedes\\\/#breadcrumb\"},\"inLanguage\":\"es\",\"potentialAction\":[{\"@type\":\"ReadAction\",\"target\":[\"https:\\\/\\\/noticiasmercedinas.com\\\/site\\\/2018\\\/10\\\/06\\\/ruben-goldin-dara-un-seminario-de-canto-en-mercedes\\\/\"]}]},{\"@type\":\"ImageObject\",\"inLanguage\":\"es\",\"@id\":\"https:\\\/\\\/noticiasmercedinas.com\\\/site\\\/2018\\\/10\\\/06\\\/ruben-goldin-dara-un-seminario-de-canto-en-mercedes\\\/#primaryimage\",\"url\":\"https:\\\/\\\/noticiasmercedinas.com\\\/site\\\/wp-content\\\/uploads\\\/2018\\\/10\\\/Ruben.jpg\",\"contentUrl\":\"https:\\\/\\\/noticiasmercedinas.com\\\/site\\\/wp-content\\\/uploads\\\/2018\\\/10\\\/Ruben.jpg\",\"width\":960,\"height\":634},{\"@type\":\"BreadcrumbList\",\"@id\":\"https:\\\/\\\/noticiasmercedinas.com\\\/site\\\/2018\\\/10\\\/06\\\/ruben-goldin-dara-un-seminario-de-canto-en-mercedes\\\/#breadcrumb\",\"itemListElement\":[{\"@type\":\"ListItem\",\"position\":1,\"name\":\"Portada\",\"item\":\"https:\\\/\\\/noticiasmercedinas.com\\\/site\\\/\"},{\"@type\":\"ListItem\",\"position\":2,\"name\":\"Rub\u00e9n Gold\u00edn dar\u00e1 un seminario de canto en Mercedes\"}]},{\"@type\":\"WebSite\",\"@id\":\"https:\\\/\\\/noticiasmercedinas.com\\\/site\\\/#website\",\"url\":\"https:\\\/\\\/noticiasmercedinas.com\\\/site\\\/\",\"name\":\"NOTICIASMERCEDINAS.COM\",\"description\":\"Mercedes, Buenos Aires, Argentina\",\"publisher\":{\"@id\":\"https:\\\/\\\/noticiasmercedinas.com\\\/site\\\/#organization\"},\"potentialAction\":[{\"@type\":\"SearchAction\",\"target\":{\"@type\":\"EntryPoint\",\"urlTemplate\":\"https:\\\/\\\/noticiasmercedinas.com\\\/site\\\/?s={search_term_string}\"},\"query-input\":{\"@type\":\"PropertyValueSpecification\",\"valueRequired\":true,\"valueName\":\"search_term_string\"}}],\"inLanguage\":\"es\"},{\"@type\":\"Organization\",\"@id\":\"https:\\\/\\\/noticiasmercedinas.com\\\/site\\\/#organization\",\"name\":\"NOTICIASMERCEDINAS.COM\",\"url\":\"https:\\\/\\\/noticiasmercedinas.com\\\/site\\\/\",\"logo\":{\"@type\":\"ImageObject\",\"inLanguage\":\"es\",\"@id\":\"https:\\\/\\\/noticiasmercedinas.com\\\/site\\\/#\\\/schema\\\/logo\\\/image\\\/\",\"url\":\"https:\\\/\\\/noticiasmercedinas.com\\\/site\\\/wp-content\\\/uploads\\\/2020\\\/06\\\/LOGO-512.jpg\",\"contentUrl\":\"https:\\\/\\\/noticiasmercedinas.com\\\/site\\\/wp-content\\\/uploads\\\/2020\\\/06\\\/LOGO-512.jpg\",\"width\":512,\"height\":512,\"caption\":\"NOTICIASMERCEDINAS.COM\"},\"image\":{\"@id\":\"https:\\\/\\\/noticiasmercedinas.com\\\/site\\\/#\\\/schema\\\/logo\\\/image\\\/\"},\"sameAs\":[\"https:\\\/\\\/www.facebook.com\\\/noticiasmercedinas\\\/\",\"https:\\\/\\\/x.com\\\/notmercedinas\",\"https:\\\/\\\/www.instagram.com\\\/noticiasmercedinas\\\/\"]},{\"@type\":\"Person\",\"@id\":\"https:\\\/\\\/noticiasmercedinas.com\\\/site\\\/#\\\/schema\\\/person\\\/84b59c099c28ff2e8b77d4ceec5d8063\",\"name\":\"NOTICIASMERCEDINAS.COM\",\"image\":{\"@type\":\"ImageObject\",\"inLanguage\":\"es\",\"@id\":\"https:\\\/\\\/secure.gravatar.com\\\/avatar\\\/4dfbf16b4d17945bfb6341b2d19043457132fcf478a5ee04f42e959fd8f5df0a?s=96&d=mm&r=g\",\"url\":\"https:\\\/\\\/secure.gravatar.com\\\/avatar\\\/4dfbf16b4d17945bfb6341b2d19043457132fcf478a5ee04f42e959fd8f5df0a?s=96&d=mm&r=g\",\"contentUrl\":\"https:\\\/\\\/secure.gravatar.com\\\/avatar\\\/4dfbf16b4d17945bfb6341b2d19043457132fcf478a5ee04f42e959fd8f5df0a?s=96&d=mm&r=g\",\"caption\":\"NOTICIASMERCEDINAS.COM\"},\"url\":\"https:\\\/\\\/noticiasmercedinas.com\\\/site\\\/author\\\/anonimo\\\/\"}]}<\/script>\n<!-- \/ Yoast SEO plugin. -->","yoast_head_json":{"title":"Rub\u00e9n Gold\u00edn dar\u00e1 un seminario de canto en Mercedes","robots":{"index":"index","follow":"follow","max-snippet":"max-snippet:-1","max-image-preview":"max-image-preview:large","max-video-preview":"max-video-preview:-1"},"canonical":"https:\/\/noticiasmercedinas.com\/site\/2018\/10\/06\/ruben-goldin-dara-un-seminario-de-canto-en-mercedes\/","og_locale":"es_ES","og_type":"article","og_title":"Rub\u00e9n Gold\u00edn dar\u00e1 un seminario de canto en Mercedes","og_description":"Rub\u00e9n Gold\u00edn, cantante y guitarrista de gran trayectoria, integrante de la m\u00edtica Trova Rosarina, con vasta experiencia docente, brindar\u00e1 en nuestra ciudad una cl\u00ednica intensiva de canto. La cita tendr\u00e1 lugar el pr\u00f3ximo s\u00e1bado 13 de octubre -entre las 14 y las 19 hs. aproximadamente-, en MOVE Estudio de Danza y Arte (calle 20 n\u00b0 [&hellip;]","og_url":"https:\/\/noticiasmercedinas.com\/site\/2018\/10\/06\/ruben-goldin-dara-un-seminario-de-canto-en-mercedes\/","og_site_name":"NOTICIASMERCEDINAS.COM","article_publisher":"https:\/\/www.facebook.com\/noticiasmercedinas\/","article_published_time":"2018-10-06T16:06:23+00:00","article_modified_time":"2024-02-29T12:15:01+00:00","og_image":[{"width":960,"height":634,"url":"https:\/\/noticiasmercedinas.com\/site\/wp-content\/uploads\/2018\/10\/Ruben.jpg","type":"image\/jpeg"}],"author":"NOTICIASMERCEDINAS.COM","twitter_card":"summary_large_image","twitter_creator":"@notmercedinas","twitter_site":"@notmercedinas","twitter_misc":{"Escrito por":"NOTICIASMERCEDINAS.COM","Tiempo de lectura":"3 minutos"},"schema":{"@context":"https:\/\/schema.org","@graph":[{"@type":"Article","@id":"https:\/\/noticiasmercedinas.com\/site\/2018\/10\/06\/ruben-goldin-dara-un-seminario-de-canto-en-mercedes\/#article","isPartOf":{"@id":"https:\/\/noticiasmercedinas.com\/site\/2018\/10\/06\/ruben-goldin-dara-un-seminario-de-canto-en-mercedes\/"},"author":{"name":"NOTICIASMERCEDINAS.COM","@id":"https:\/\/noticiasmercedinas.com\/site\/#\/schema\/person\/84b59c099c28ff2e8b77d4ceec5d8063"},"headline":"Rub\u00e9n Gold\u00edn dar\u00e1 un seminario de canto en Mercedes","datePublished":"2018-10-06T16:06:23+00:00","dateModified":"2024-02-29T12:15:01+00:00","mainEntityOfPage":{"@id":"https:\/\/noticiasmercedinas.com\/site\/2018\/10\/06\/ruben-goldin-dara-un-seminario-de-canto-en-mercedes\/"},"wordCount":391,"commentCount":0,"publisher":{"@id":"https:\/\/noticiasmercedinas.com\/site\/#organization"},"image":{"@id":"https:\/\/noticiasmercedinas.com\/site\/2018\/10\/06\/ruben-goldin-dara-un-seminario-de-canto-en-mercedes\/#primaryimage"},"thumbnailUrl":"https:\/\/noticiasmercedinas.com\/site\/wp-content\/uploads\/2018\/10\/Ruben.jpg","keywords":["move","musica","RUBEN goldin","seminario"],"articleSection":["Cultura"],"inLanguage":"es","potentialAction":[{"@type":"CommentAction","name":"Comment","target":["https:\/\/noticiasmercedinas.com\/site\/2018\/10\/06\/ruben-goldin-dara-un-seminario-de-canto-en-mercedes\/#respond"]}]},{"@type":"WebPage","@id":"https:\/\/noticiasmercedinas.com\/site\/2018\/10\/06\/ruben-goldin-dara-un-seminario-de-canto-en-mercedes\/","url":"https:\/\/noticiasmercedinas.com\/site\/2018\/10\/06\/ruben-goldin-dara-un-seminario-de-canto-en-mercedes\/","name":"Rub\u00e9n Gold\u00edn dar\u00e1 un seminario de canto en Mercedes","isPartOf":{"@id":"https:\/\/noticiasmercedinas.com\/site\/#website"},"primaryImageOfPage":{"@id":"https:\/\/noticiasmercedinas.com\/site\/2018\/10\/06\/ruben-goldin-dara-un-seminario-de-canto-en-mercedes\/#primaryimage"},"image":{"@id":"https:\/\/noticiasmercedinas.com\/site\/2018\/10\/06\/ruben-goldin-dara-un-seminario-de-canto-en-mercedes\/#primaryimage"},"thumbnailUrl":"https:\/\/noticiasmercedinas.com\/site\/wp-content\/uploads\/2018\/10\/Ruben.jpg","datePublished":"2018-10-06T16:06:23+00:00","dateModified":"2024-02-29T12:15:01+00:00","breadcrumb":{"@id":"https:\/\/noticiasmercedinas.com\/site\/2018\/10\/06\/ruben-goldin-dara-un-seminario-de-canto-en-mercedes\/#breadcrumb"},"inLanguage":"es","potentialAction":[{"@type":"ReadAction","target":["https:\/\/noticiasmercedinas.com\/site\/2018\/10\/06\/ruben-goldin-dara-un-seminario-de-canto-en-mercedes\/"]}]},{"@type":"ImageObject","inLanguage":"es","@id":"https:\/\/noticiasmercedinas.com\/site\/2018\/10\/06\/ruben-goldin-dara-un-seminario-de-canto-en-mercedes\/#primaryimage","url":"https:\/\/noticiasmercedinas.com\/site\/wp-content\/uploads\/2018\/10\/Ruben.jpg","contentUrl":"https:\/\/noticiasmercedinas.com\/site\/wp-content\/uploads\/2018\/10\/Ruben.jpg","width":960,"height":634},{"@type":"BreadcrumbList","@id":"https:\/\/noticiasmercedinas.com\/site\/2018\/10\/06\/ruben-goldin-dara-un-seminario-de-canto-en-mercedes\/#breadcrumb","itemListElement":[{"@type":"ListItem","position":1,"name":"Portada","item":"https:\/\/noticiasmercedinas.com\/site\/"},{"@type":"ListItem","position":2,"name":"Rub\u00e9n Gold\u00edn dar\u00e1 un seminario de canto en Mercedes"}]},{"@type":"WebSite","@id":"https:\/\/noticiasmercedinas.com\/site\/#website","url":"https:\/\/noticiasmercedinas.com\/site\/","name":"NOTICIASMERCEDINAS.COM","description":"Mercedes, Buenos Aires, Argentina","publisher":{"@id":"https:\/\/noticiasmercedinas.com\/site\/#organization"},"potentialAction":[{"@type":"SearchAction","target":{"@type":"EntryPoint","urlTemplate":"https:\/\/noticiasmercedinas.com\/site\/?s={search_term_string}"},"query-input":{"@type":"PropertyValueSpecification","valueRequired":true,"valueName":"search_term_string"}}],"inLanguage":"es"},{"@type":"Organization","@id":"https:\/\/noticiasmercedinas.com\/site\/#organization","name":"NOTICIASMERCEDINAS.COM","url":"https:\/\/noticiasmercedinas.com\/site\/","logo":{"@type":"ImageObject","inLanguage":"es","@id":"https:\/\/noticiasmercedinas.com\/site\/#\/schema\/logo\/image\/","url":"https:\/\/noticiasmercedinas.com\/site\/wp-content\/uploads\/2020\/06\/LOGO-512.jpg","contentUrl":"https:\/\/noticiasmercedinas.com\/site\/wp-content\/uploads\/2020\/06\/LOGO-512.jpg","width":512,"height":512,"caption":"NOTICIASMERCEDINAS.COM"},"image":{"@id":"https:\/\/noticiasmercedinas.com\/site\/#\/schema\/logo\/image\/"},"sameAs":["https:\/\/www.facebook.com\/noticiasmercedinas\/","https:\/\/x.com\/notmercedinas","https:\/\/www.instagram.com\/noticiasmercedinas\/"]},{"@type":"Person","@id":"https:\/\/noticiasmercedinas.com\/site\/#\/schema\/person\/84b59c099c28ff2e8b77d4ceec5d8063","name":"NOTICIASMERCEDINAS.COM","image":{"@type":"ImageObject","inLanguage":"es","@id":"https:\/\/secure.gravatar.com\/avatar\/4dfbf16b4d17945bfb6341b2d19043457132fcf478a5ee04f42e959fd8f5df0a?s=96&d=mm&r=g","url":"https:\/\/secure.gravatar.com\/avatar\/4dfbf16b4d17945bfb6341b2d19043457132fcf478a5ee04f42e959fd8f5df0a?s=96&d=mm&r=g","contentUrl":"https:\/\/secure.gravatar.com\/avatar\/4dfbf16b4d17945bfb6341b2d19043457132fcf478a5ee04f42e959fd8f5df0a?s=96&d=mm&r=g","caption":"NOTICIASMERCEDINAS.COM"},"url":"https:\/\/noticiasmercedinas.com\/site\/author\/anonimo\/"}]}},"amp_enabled":true,"_links":{"self":[{"href":"https:\/\/noticiasmercedinas.com\/site\/wp-json\/wp\/v2\/posts\/3695","targetHints":{"allow":["GET"]}}],"collection":[{"href":"https:\/\/noticiasmercedinas.com\/site\/wp-json\/wp\/v2\/posts"}],"about":[{"href":"https:\/\/noticiasmercedinas.com\/site\/wp-json\/wp\/v2\/types\/post"}],"author":[{"embeddable":true,"href":"https:\/\/noticiasmercedinas.com\/site\/wp-json\/wp\/v2\/users\/16"}],"replies":[{"embeddable":true,"href":"https:\/\/noticiasmercedinas.com\/site\/wp-json\/wp\/v2\/comments?post=3695"}],"version-history":[{"count":1,"href":"https:\/\/noticiasmercedinas.com\/site\/wp-json\/wp\/v2\/posts\/3695\/revisions"}],"predecessor-version":[{"id":131553,"href":"https:\/\/noticiasmercedinas.com\/site\/wp-json\/wp\/v2\/posts\/3695\/revisions\/131553"}],"wp:featuredmedia":[{"embeddable":true,"href":"https:\/\/noticiasmercedinas.com\/site\/wp-json\/wp\/v2\/media\/3694"}],"wp:attachment":[{"href":"https:\/\/noticiasmercedinas.com\/site\/wp-json\/wp\/v2\/media?parent=3695"}],"wp:term":[{"taxonomy":"category","embeddable":true,"href":"https:\/\/noticiasmercedinas.com\/site\/wp-json\/wp\/v2\/categories?post=3695"},{"taxonomy":"post_tag","embeddable":true,"href":"https:\/\/noticiasmercedinas.com\/site\/wp-json\/wp\/v2\/tags?post=3695"}],"curies":[{"name":"wp","href":"https:\/\/api.w.org\/{rel}","templated":true}]}}