{"id":37226,"date":"2019-12-31T08:41:49","date_gmt":"2019-12-31T11:41:49","guid":{"rendered":"https:\/\/noticiasmercedinas.com\/site\/?p=37226"},"modified":"2019-12-31T08:44:55","modified_gmt":"2019-12-31T11:44:55","slug":"cerelmer-agradece-ayuda-y-donaciones-a-particulares-y-a-fundacion-bigand","status":"publish","type":"post","link":"https:\/\/noticiasmercedinas.com\/site\/2019\/12\/31\/cerelmer-agradece-ayuda-y-donaciones-a-particulares-y-a-fundacion-bigand\/","title":{"rendered":"CERELMER agradece ayuda y donaciones a particulares y a fundaci\u00f3n Bigand"},"content":{"rendered":"<p><img loading=\"lazy\" decoding=\"async\" class=\"alignnone wp-image-37228 size-full\" src=\"https:\/\/noticiasmercedinas.com\/site\/wp-content\/uploads\/2019\/12\/wp-1577792424625.jpg\" width=\"1200\" height=\"898\" srcset=\"https:\/\/noticiasmercedinas.com\/site\/wp-content\/uploads\/2019\/12\/wp-1577792424625.jpg 1200w, https:\/\/noticiasmercedinas.com\/site\/wp-content\/uploads\/2019\/12\/wp-1577792424625-300x225.jpg 300w, https:\/\/noticiasmercedinas.com\/site\/wp-content\/uploads\/2019\/12\/wp-1577792424625-1024x766.jpg 1024w, https:\/\/noticiasmercedinas.com\/site\/wp-content\/uploads\/2019\/12\/wp-1577792424625-768x575.jpg 768w, https:\/\/noticiasmercedinas.com\/site\/wp-content\/uploads\/2019\/12\/wp-1577792424625-80x60.jpg 80w, https:\/\/noticiasmercedinas.com\/site\/wp-content\/uploads\/2019\/12\/wp-1577792424625-160x120.jpg 160w, https:\/\/noticiasmercedinas.com\/site\/wp-content\/uploads\/2019\/12\/wp-1577792424625-100x75.jpg 100w, https:\/\/noticiasmercedinas.com\/site\/wp-content\/uploads\/2019\/12\/wp-1577792424625-200x150.jpg 200w, https:\/\/noticiasmercedinas.com\/site\/wp-content\/uploads\/2019\/12\/wp-1577792424625-180x135.jpg 180w, https:\/\/noticiasmercedinas.com\/site\/wp-content\/uploads\/2019\/12\/wp-1577792424625-360x270.jpg 360w, https:\/\/noticiasmercedinas.com\/site\/wp-content\/uploads\/2019\/12\/wp-1577792424625-238x178.jpg 238w, https:\/\/noticiasmercedinas.com\/site\/wp-content\/uploads\/2019\/12\/wp-1577792424625-476x356.jpg 476w, https:\/\/noticiasmercedinas.com\/site\/wp-content\/uploads\/2019\/12\/wp-1577792424625-640x479.jpg 640w, https:\/\/noticiasmercedinas.com\/site\/wp-content\/uploads\/2019\/12\/wp-1577792424625-681x510.jpg 681w\" sizes=\"auto, (max-width: 1200px) 100vw, 1200px\" \/><\/p>\n<p>Con motivo del cierre del a\u00f1o 2019, CERELMER saluda a toda la comunidad mercedina y le desea un 2020 pr\u00f3spero en generosidad, en paz, en pensamientos y acciones positivos, en salud y en encuentros beneficiosos.<\/p>\n<p>Asimismo, CERELMER desea agradecer profundamente a todas y a cada una de las personas y familias que durante 2019 han acercado su ayuda para que esta instituci\u00f3n casi sexagenaria pueda afrontar sus actividades diarias: \u00abA quienes lo han hecho an\u00f3nimamente a trav\u00e9s de donaciones, adquiriendo los bonos o vales en cada evento, a los medios period\u00edsticos y especialmente a la Fundaci\u00f3n Bigand, entidad que \u2013en los \u00faltimos d\u00edas del a\u00f1o que finaliza&#8211; ha hecho efectiva la provisi\u00f3n de dos aparatos de magnetoterapia con sus respectivos campos envolventes, tres equipos de aire acondicionado inverter y su correspondiente colocaci\u00f3n, y los materiales y mano de obra para la reparaci\u00f3n y actualizaci\u00f3n del sistema el\u00e9ctrico.<\/p>\n<p>\u00abTanto el peque\u00f1o granito de arena\tque cada ciudadano solidario aporta en cada oportunidad cuando se lo requiere cuanto la importante donaci\u00f3n recibida de la Fundaci\u00f3n Bigand reconcilian al ser humano consigo mismo, pues muestran los mejores rasgos que habitan en el coraz\u00f3n de cada uno\u00bb, sostuvieron y desearon un \u00abbuen a\u00f1o y buena energ\u00eda, para seguir trabajando\u00bb.<\/p>\n<p>CERELMER es el Centro de Rehabilitacion de Liciado Mercedes y funciona en calles 25 entre 30 y 32.<\/p>\n","protected":false},"excerpt":{"rendered":"<p>Con motivo del cierre del a\u00f1o 2019, CERELMER saluda a toda la comunidad mercedina y le desea un 2020 pr\u00f3spero en generosidad, en paz, en pensamientos y acciones positivos, en salud y en encuentros beneficiosos. Asimismo, CERELMER desea agradecer profundamente a todas y a cada una de las personas y familias que durante 2019 han [&hellip;]<\/p>\n","protected":false},"author":2,"featured_media":37228,"comment_status":"open","ping_status":"open","sticky":false,"template":"","format":"standard","meta":{"footnotes":""},"categories":[3],"tags":[3368,987,7833],"class_list":["post-37226","post","type-post","status-publish","format-standard","has-post-thumbnail","hentry","category-sociedad","tag-ayuda","tag-cerelmer","tag-fundacion-bigand"],"yoast_head":"<!-- This site is optimized with the Yoast SEO plugin v27.4 - https:\/\/yoast.com\/product\/yoast-seo-wordpress\/ -->\n<title>CERELMER agradece ayuda y donaciones a particulares y a fundaci\u00f3n Bigand<\/title>\n<meta name=\"robots\" content=\"index, follow, max-snippet:-1, max-image-preview:large, max-video-preview:-1\" \/>\n<link rel=\"canonical\" href=\"https:\/\/noticiasmercedinas.com\/site\/2019\/12\/31\/cerelmer-agradece-ayuda-y-donaciones-a-particulares-y-a-fundacion-bigand\/\" \/>\n<meta property=\"og:locale\" content=\"es_ES\" \/>\n<meta property=\"og:type\" content=\"article\" \/>\n<meta property=\"og:title\" content=\"CERELMER agradece ayuda y donaciones a particulares y a fundaci\u00f3n Bigand\" \/>\n<meta property=\"og:description\" content=\"Con motivo del cierre del a\u00f1o 2019, CERELMER saluda a toda la comunidad mercedina y le desea un 2020 pr\u00f3spero en generosidad, en paz, en pensamientos y acciones positivos, en salud y en encuentros beneficiosos. Asimismo, CERELMER desea agradecer profundamente a todas y a cada una de las personas y familias que durante 2019 han [&hellip;]\" \/>\n<meta property=\"og:url\" content=\"https:\/\/noticiasmercedinas.com\/site\/2019\/12\/31\/cerelmer-agradece-ayuda-y-donaciones-a-particulares-y-a-fundacion-bigand\/\" \/>\n<meta property=\"og:site_name\" content=\"NOTICIASMERCEDINAS.COM\" \/>\n<meta property=\"article:publisher\" content=\"https:\/\/www.facebook.com\/noticiasmercedinas\/\" \/>\n<meta property=\"article:author\" content=\"https:\/\/www.facebook.com\/cristian.falabella\" \/>\n<meta property=\"article:published_time\" content=\"2019-12-31T11:41:49+00:00\" \/>\n<meta property=\"article:modified_time\" content=\"2019-12-31T11:44:55+00:00\" \/>\n<meta property=\"og:image\" content=\"https:\/\/noticiasmercedinas.com\/site\/wp-content\/uploads\/2019\/12\/wp-1577792424625.jpg\" \/>\n\t<meta property=\"og:image:width\" content=\"1200\" \/>\n\t<meta property=\"og:image:height\" content=\"898\" \/>\n\t<meta property=\"og:image:type\" content=\"image\/jpeg\" \/>\n<meta name=\"author\" content=\"Cristian Falabella NOTICIASMERCEDINAS.COM\" \/>\n<meta name=\"twitter:card\" content=\"summary_large_image\" \/>\n<meta name=\"twitter:creator\" content=\"@https:\/\/twitter.com\/NOTMERCEDINAS\" \/>\n<meta name=\"twitter:site\" content=\"@notmercedinas\" \/>\n<meta name=\"twitter:label1\" content=\"Escrito por\" \/>\n\t<meta name=\"twitter:data1\" content=\"Cristian Falabella NOTICIASMERCEDINAS.COM\" \/>\n\t<meta name=\"twitter:label2\" content=\"Tiempo de lectura\" \/>\n\t<meta name=\"twitter:data2\" content=\"1 minuto\" \/>\n<script type=\"application\/ld+json\" class=\"yoast-schema-graph\">{\"@context\":\"https:\\\/\\\/schema.org\",\"@graph\":[{\"@type\":\"Article\",\"@id\":\"https:\\\/\\\/noticiasmercedinas.com\\\/site\\\/2019\\\/12\\\/31\\\/cerelmer-agradece-ayuda-y-donaciones-a-particulares-y-a-fundacion-bigand\\\/#article\",\"isPartOf\":{\"@id\":\"https:\\\/\\\/noticiasmercedinas.com\\\/site\\\/2019\\\/12\\\/31\\\/cerelmer-agradece-ayuda-y-donaciones-a-particulares-y-a-fundacion-bigand\\\/\"},\"author\":{\"name\":\"Cristian Falabella NOTICIASMERCEDINAS.COM\",\"@id\":\"https:\\\/\\\/noticiasmercedinas.com\\\/site\\\/#\\\/schema\\\/person\\\/d481a9696a5feaec13a60e2bbd991a6a\"},\"headline\":\"CERELMER agradece ayuda y donaciones a particulares y a fundaci\u00f3n Bigand\",\"datePublished\":\"2019-12-31T11:41:49+00:00\",\"dateModified\":\"2019-12-31T11:44:55+00:00\",\"mainEntityOfPage\":{\"@id\":\"https:\\\/\\\/noticiasmercedinas.com\\\/site\\\/2019\\\/12\\\/31\\\/cerelmer-agradece-ayuda-y-donaciones-a-particulares-y-a-fundacion-bigand\\\/\"},\"wordCount\":249,\"commentCount\":0,\"publisher\":{\"@id\":\"https:\\\/\\\/noticiasmercedinas.com\\\/site\\\/#organization\"},\"image\":{\"@id\":\"https:\\\/\\\/noticiasmercedinas.com\\\/site\\\/2019\\\/12\\\/31\\\/cerelmer-agradece-ayuda-y-donaciones-a-particulares-y-a-fundacion-bigand\\\/#primaryimage\"},\"thumbnailUrl\":\"https:\\\/\\\/noticiasmercedinas.com\\\/site\\\/wp-content\\\/uploads\\\/2019\\\/12\\\/wp-1577792424625.jpg\",\"keywords\":[\"ayuda\",\"cerelmer\",\"fundaci\u00f3n bigand\"],\"articleSection\":[\"Sociedad\"],\"inLanguage\":\"es\",\"potentialAction\":[{\"@type\":\"CommentAction\",\"name\":\"Comment\",\"target\":[\"https:\\\/\\\/noticiasmercedinas.com\\\/site\\\/2019\\\/12\\\/31\\\/cerelmer-agradece-ayuda-y-donaciones-a-particulares-y-a-fundacion-bigand\\\/#respond\"]}]},{\"@type\":\"WebPage\",\"@id\":\"https:\\\/\\\/noticiasmercedinas.com\\\/site\\\/2019\\\/12\\\/31\\\/cerelmer-agradece-ayuda-y-donaciones-a-particulares-y-a-fundacion-bigand\\\/\",\"url\":\"https:\\\/\\\/noticiasmercedinas.com\\\/site\\\/2019\\\/12\\\/31\\\/cerelmer-agradece-ayuda-y-donaciones-a-particulares-y-a-fundacion-bigand\\\/\",\"name\":\"CERELMER agradece ayuda y donaciones a particulares y a fundaci\u00f3n Bigand\",\"isPartOf\":{\"@id\":\"https:\\\/\\\/noticiasmercedinas.com\\\/site\\\/#website\"},\"primaryImageOfPage\":{\"@id\":\"https:\\\/\\\/noticiasmercedinas.com\\\/site\\\/2019\\\/12\\\/31\\\/cerelmer-agradece-ayuda-y-donaciones-a-particulares-y-a-fundacion-bigand\\\/#primaryimage\"},\"image\":{\"@id\":\"https:\\\/\\\/noticiasmercedinas.com\\\/site\\\/2019\\\/12\\\/31\\\/cerelmer-agradece-ayuda-y-donaciones-a-particulares-y-a-fundacion-bigand\\\/#primaryimage\"},\"thumbnailUrl\":\"https:\\\/\\\/noticiasmercedinas.com\\\/site\\\/wp-content\\\/uploads\\\/2019\\\/12\\\/wp-1577792424625.jpg\",\"datePublished\":\"2019-12-31T11:41:49+00:00\",\"dateModified\":\"2019-12-31T11:44:55+00:00\",\"breadcrumb\":{\"@id\":\"https:\\\/\\\/noticiasmercedinas.com\\\/site\\\/2019\\\/12\\\/31\\\/cerelmer-agradece-ayuda-y-donaciones-a-particulares-y-a-fundacion-bigand\\\/#breadcrumb\"},\"inLanguage\":\"es\",\"potentialAction\":[{\"@type\":\"ReadAction\",\"target\":[\"https:\\\/\\\/noticiasmercedinas.com\\\/site\\\/2019\\\/12\\\/31\\\/cerelmer-agradece-ayuda-y-donaciones-a-particulares-y-a-fundacion-bigand\\\/\"]}]},{\"@type\":\"ImageObject\",\"inLanguage\":\"es\",\"@id\":\"https:\\\/\\\/noticiasmercedinas.com\\\/site\\\/2019\\\/12\\\/31\\\/cerelmer-agradece-ayuda-y-donaciones-a-particulares-y-a-fundacion-bigand\\\/#primaryimage\",\"url\":\"https:\\\/\\\/noticiasmercedinas.com\\\/site\\\/wp-content\\\/uploads\\\/2019\\\/12\\\/wp-1577792424625.jpg\",\"contentUrl\":\"https:\\\/\\\/noticiasmercedinas.com\\\/site\\\/wp-content\\\/uploads\\\/2019\\\/12\\\/wp-1577792424625.jpg\",\"width\":1200,\"height\":898},{\"@type\":\"BreadcrumbList\",\"@id\":\"https:\\\/\\\/noticiasmercedinas.com\\\/site\\\/2019\\\/12\\\/31\\\/cerelmer-agradece-ayuda-y-donaciones-a-particulares-y-a-fundacion-bigand\\\/#breadcrumb\",\"itemListElement\":[{\"@type\":\"ListItem\",\"position\":1,\"name\":\"Portada\",\"item\":\"https:\\\/\\\/noticiasmercedinas.com\\\/site\\\/\"},{\"@type\":\"ListItem\",\"position\":2,\"name\":\"CERELMER agradece ayuda y donaciones a particulares y a fundaci\u00f3n Bigand\"}]},{\"@type\":\"WebSite\",\"@id\":\"https:\\\/\\\/noticiasmercedinas.com\\\/site\\\/#website\",\"url\":\"https:\\\/\\\/noticiasmercedinas.com\\\/site\\\/\",\"name\":\"NOTICIASMERCEDINAS.COM\",\"description\":\"Mercedes, Buenos Aires, Argentina\",\"publisher\":{\"@id\":\"https:\\\/\\\/noticiasmercedinas.com\\\/site\\\/#organization\"},\"potentialAction\":[{\"@type\":\"SearchAction\",\"target\":{\"@type\":\"EntryPoint\",\"urlTemplate\":\"https:\\\/\\\/noticiasmercedinas.com\\\/site\\\/?s={search_term_string}\"},\"query-input\":{\"@type\":\"PropertyValueSpecification\",\"valueRequired\":true,\"valueName\":\"search_term_string\"}}],\"inLanguage\":\"es\"},{\"@type\":\"Organization\",\"@id\":\"https:\\\/\\\/noticiasmercedinas.com\\\/site\\\/#organization\",\"name\":\"NOTICIASMERCEDINAS.COM\",\"url\":\"https:\\\/\\\/noticiasmercedinas.com\\\/site\\\/\",\"logo\":{\"@type\":\"ImageObject\",\"inLanguage\":\"es\",\"@id\":\"https:\\\/\\\/noticiasmercedinas.com\\\/site\\\/#\\\/schema\\\/logo\\\/image\\\/\",\"url\":\"https:\\\/\\\/noticiasmercedinas.com\\\/site\\\/wp-content\\\/uploads\\\/2020\\\/06\\\/LOGO-512.jpg\",\"contentUrl\":\"https:\\\/\\\/noticiasmercedinas.com\\\/site\\\/wp-content\\\/uploads\\\/2020\\\/06\\\/LOGO-512.jpg\",\"width\":512,\"height\":512,\"caption\":\"NOTICIASMERCEDINAS.COM\"},\"image\":{\"@id\":\"https:\\\/\\\/noticiasmercedinas.com\\\/site\\\/#\\\/schema\\\/logo\\\/image\\\/\"},\"sameAs\":[\"https:\\\/\\\/www.facebook.com\\\/noticiasmercedinas\\\/\",\"https:\\\/\\\/x.com\\\/notmercedinas\",\"https:\\\/\\\/www.instagram.com\\\/noticiasmercedinas\\\/\"]},{\"@type\":\"Person\",\"@id\":\"https:\\\/\\\/noticiasmercedinas.com\\\/site\\\/#\\\/schema\\\/person\\\/d481a9696a5feaec13a60e2bbd991a6a\",\"name\":\"Cristian Falabella NOTICIASMERCEDINAS.COM\",\"image\":{\"@type\":\"ImageObject\",\"inLanguage\":\"es\",\"@id\":\"https:\\\/\\\/secure.gravatar.com\\\/avatar\\\/0dbbfc45970cc46bcd0e57766228574ff3511d6eed045b182f536f0f478c1f06?s=96&d=mm&r=g\",\"url\":\"https:\\\/\\\/secure.gravatar.com\\\/avatar\\\/0dbbfc45970cc46bcd0e57766228574ff3511d6eed045b182f536f0f478c1f06?s=96&d=mm&r=g\",\"contentUrl\":\"https:\\\/\\\/secure.gravatar.com\\\/avatar\\\/0dbbfc45970cc46bcd0e57766228574ff3511d6eed045b182f536f0f478c1f06?s=96&d=mm&r=g\",\"caption\":\"Cristian Falabella NOTICIASMERCEDINAS.COM\"},\"description\":\"Periodista, editor de Noticias Mercedinas. Pas\u00f3 por varias redacciones y emprendimientos de prensa, en distintos formatos y \u00e9pocas. Se especializ\u00f3 --y sigue haci\u00e9ndolo-- en comunicaci\u00f3n en la web y en junio de 2006 fund\u00f3 este diario digital.\",\"sameAs\":[\"https:\\\/\\\/noticiasmercedinas.com\",\"https:\\\/\\\/www.facebook.com\\\/cristian.falabella\",\"https:\\\/\\\/www.instagram.com\\\/noticiasmercedinas\\\/\",\"https:\\\/\\\/x.com\\\/https:\\\/\\\/twitter.com\\\/NOTMERCEDINAS\"],\"url\":\"https:\\\/\\\/noticiasmercedinas.com\\\/site\\\/author\\\/as000384\\\/\"}]}<\/script>\n<!-- \/ Yoast SEO plugin. -->","yoast_head_json":{"title":"CERELMER agradece ayuda y donaciones a particulares y a fundaci\u00f3n Bigand","robots":{"index":"index","follow":"follow","max-snippet":"max-snippet:-1","max-image-preview":"max-image-preview:large","max-video-preview":"max-video-preview:-1"},"canonical":"https:\/\/noticiasmercedinas.com\/site\/2019\/12\/31\/cerelmer-agradece-ayuda-y-donaciones-a-particulares-y-a-fundacion-bigand\/","og_locale":"es_ES","og_type":"article","og_title":"CERELMER agradece ayuda y donaciones a particulares y a fundaci\u00f3n Bigand","og_description":"Con motivo del cierre del a\u00f1o 2019, CERELMER saluda a toda la comunidad mercedina y le desea un 2020 pr\u00f3spero en generosidad, en paz, en pensamientos y acciones positivos, en salud y en encuentros beneficiosos. Asimismo, CERELMER desea agradecer profundamente a todas y a cada una de las personas y familias que durante 2019 han [&hellip;]","og_url":"https:\/\/noticiasmercedinas.com\/site\/2019\/12\/31\/cerelmer-agradece-ayuda-y-donaciones-a-particulares-y-a-fundacion-bigand\/","og_site_name":"NOTICIASMERCEDINAS.COM","article_publisher":"https:\/\/www.facebook.com\/noticiasmercedinas\/","article_author":"https:\/\/www.facebook.com\/cristian.falabella","article_published_time":"2019-12-31T11:41:49+00:00","article_modified_time":"2019-12-31T11:44:55+00:00","og_image":[{"width":1200,"height":898,"url":"https:\/\/noticiasmercedinas.com\/site\/wp-content\/uploads\/2019\/12\/wp-1577792424625.jpg","type":"image\/jpeg"}],"author":"Cristian Falabella NOTICIASMERCEDINAS.COM","twitter_card":"summary_large_image","twitter_creator":"@https:\/\/twitter.com\/NOTMERCEDINAS","twitter_site":"@notmercedinas","twitter_misc":{"Escrito por":"Cristian Falabella NOTICIASMERCEDINAS.COM","Tiempo de lectura":"1 minuto"},"schema":{"@context":"https:\/\/schema.org","@graph":[{"@type":"Article","@id":"https:\/\/noticiasmercedinas.com\/site\/2019\/12\/31\/cerelmer-agradece-ayuda-y-donaciones-a-particulares-y-a-fundacion-bigand\/#article","isPartOf":{"@id":"https:\/\/noticiasmercedinas.com\/site\/2019\/12\/31\/cerelmer-agradece-ayuda-y-donaciones-a-particulares-y-a-fundacion-bigand\/"},"author":{"name":"Cristian Falabella NOTICIASMERCEDINAS.COM","@id":"https:\/\/noticiasmercedinas.com\/site\/#\/schema\/person\/d481a9696a5feaec13a60e2bbd991a6a"},"headline":"CERELMER agradece ayuda y donaciones a particulares y a fundaci\u00f3n Bigand","datePublished":"2019-12-31T11:41:49+00:00","dateModified":"2019-12-31T11:44:55+00:00","mainEntityOfPage":{"@id":"https:\/\/noticiasmercedinas.com\/site\/2019\/12\/31\/cerelmer-agradece-ayuda-y-donaciones-a-particulares-y-a-fundacion-bigand\/"},"wordCount":249,"commentCount":0,"publisher":{"@id":"https:\/\/noticiasmercedinas.com\/site\/#organization"},"image":{"@id":"https:\/\/noticiasmercedinas.com\/site\/2019\/12\/31\/cerelmer-agradece-ayuda-y-donaciones-a-particulares-y-a-fundacion-bigand\/#primaryimage"},"thumbnailUrl":"https:\/\/noticiasmercedinas.com\/site\/wp-content\/uploads\/2019\/12\/wp-1577792424625.jpg","keywords":["ayuda","cerelmer","fundaci\u00f3n bigand"],"articleSection":["Sociedad"],"inLanguage":"es","potentialAction":[{"@type":"CommentAction","name":"Comment","target":["https:\/\/noticiasmercedinas.com\/site\/2019\/12\/31\/cerelmer-agradece-ayuda-y-donaciones-a-particulares-y-a-fundacion-bigand\/#respond"]}]},{"@type":"WebPage","@id":"https:\/\/noticiasmercedinas.com\/site\/2019\/12\/31\/cerelmer-agradece-ayuda-y-donaciones-a-particulares-y-a-fundacion-bigand\/","url":"https:\/\/noticiasmercedinas.com\/site\/2019\/12\/31\/cerelmer-agradece-ayuda-y-donaciones-a-particulares-y-a-fundacion-bigand\/","name":"CERELMER agradece ayuda y donaciones a particulares y a fundaci\u00f3n Bigand","isPartOf":{"@id":"https:\/\/noticiasmercedinas.com\/site\/#website"},"primaryImageOfPage":{"@id":"https:\/\/noticiasmercedinas.com\/site\/2019\/12\/31\/cerelmer-agradece-ayuda-y-donaciones-a-particulares-y-a-fundacion-bigand\/#primaryimage"},"image":{"@id":"https:\/\/noticiasmercedinas.com\/site\/2019\/12\/31\/cerelmer-agradece-ayuda-y-donaciones-a-particulares-y-a-fundacion-bigand\/#primaryimage"},"thumbnailUrl":"https:\/\/noticiasmercedinas.com\/site\/wp-content\/uploads\/2019\/12\/wp-1577792424625.jpg","datePublished":"2019-12-31T11:41:49+00:00","dateModified":"2019-12-31T11:44:55+00:00","breadcrumb":{"@id":"https:\/\/noticiasmercedinas.com\/site\/2019\/12\/31\/cerelmer-agradece-ayuda-y-donaciones-a-particulares-y-a-fundacion-bigand\/#breadcrumb"},"inLanguage":"es","potentialAction":[{"@type":"ReadAction","target":["https:\/\/noticiasmercedinas.com\/site\/2019\/12\/31\/cerelmer-agradece-ayuda-y-donaciones-a-particulares-y-a-fundacion-bigand\/"]}]},{"@type":"ImageObject","inLanguage":"es","@id":"https:\/\/noticiasmercedinas.com\/site\/2019\/12\/31\/cerelmer-agradece-ayuda-y-donaciones-a-particulares-y-a-fundacion-bigand\/#primaryimage","url":"https:\/\/noticiasmercedinas.com\/site\/wp-content\/uploads\/2019\/12\/wp-1577792424625.jpg","contentUrl":"https:\/\/noticiasmercedinas.com\/site\/wp-content\/uploads\/2019\/12\/wp-1577792424625.jpg","width":1200,"height":898},{"@type":"BreadcrumbList","@id":"https:\/\/noticiasmercedinas.com\/site\/2019\/12\/31\/cerelmer-agradece-ayuda-y-donaciones-a-particulares-y-a-fundacion-bigand\/#breadcrumb","itemListElement":[{"@type":"ListItem","position":1,"name":"Portada","item":"https:\/\/noticiasmercedinas.com\/site\/"},{"@type":"ListItem","position":2,"name":"CERELMER agradece ayuda y donaciones a particulares y a fundaci\u00f3n Bigand"}]},{"@type":"WebSite","@id":"https:\/\/noticiasmercedinas.com\/site\/#website","url":"https:\/\/noticiasmercedinas.com\/site\/","name":"NOTICIASMERCEDINAS.COM","description":"Mercedes, Buenos Aires, Argentina","publisher":{"@id":"https:\/\/noticiasmercedinas.com\/site\/#organization"},"potentialAction":[{"@type":"SearchAction","target":{"@type":"EntryPoint","urlTemplate":"https:\/\/noticiasmercedinas.com\/site\/?s={search_term_string}"},"query-input":{"@type":"PropertyValueSpecification","valueRequired":true,"valueName":"search_term_string"}}],"inLanguage":"es"},{"@type":"Organization","@id":"https:\/\/noticiasmercedinas.com\/site\/#organization","name":"NOTICIASMERCEDINAS.COM","url":"https:\/\/noticiasmercedinas.com\/site\/","logo":{"@type":"ImageObject","inLanguage":"es","@id":"https:\/\/noticiasmercedinas.com\/site\/#\/schema\/logo\/image\/","url":"https:\/\/noticiasmercedinas.com\/site\/wp-content\/uploads\/2020\/06\/LOGO-512.jpg","contentUrl":"https:\/\/noticiasmercedinas.com\/site\/wp-content\/uploads\/2020\/06\/LOGO-512.jpg","width":512,"height":512,"caption":"NOTICIASMERCEDINAS.COM"},"image":{"@id":"https:\/\/noticiasmercedinas.com\/site\/#\/schema\/logo\/image\/"},"sameAs":["https:\/\/www.facebook.com\/noticiasmercedinas\/","https:\/\/x.com\/notmercedinas","https:\/\/www.instagram.com\/noticiasmercedinas\/"]},{"@type":"Person","@id":"https:\/\/noticiasmercedinas.com\/site\/#\/schema\/person\/d481a9696a5feaec13a60e2bbd991a6a","name":"Cristian Falabella NOTICIASMERCEDINAS.COM","image":{"@type":"ImageObject","inLanguage":"es","@id":"https:\/\/secure.gravatar.com\/avatar\/0dbbfc45970cc46bcd0e57766228574ff3511d6eed045b182f536f0f478c1f06?s=96&d=mm&r=g","url":"https:\/\/secure.gravatar.com\/avatar\/0dbbfc45970cc46bcd0e57766228574ff3511d6eed045b182f536f0f478c1f06?s=96&d=mm&r=g","contentUrl":"https:\/\/secure.gravatar.com\/avatar\/0dbbfc45970cc46bcd0e57766228574ff3511d6eed045b182f536f0f478c1f06?s=96&d=mm&r=g","caption":"Cristian Falabella NOTICIASMERCEDINAS.COM"},"description":"Periodista, editor de Noticias Mercedinas. Pas\u00f3 por varias redacciones y emprendimientos de prensa, en distintos formatos y \u00e9pocas. Se especializ\u00f3 --y sigue haci\u00e9ndolo-- en comunicaci\u00f3n en la web y en junio de 2006 fund\u00f3 este diario digital.","sameAs":["https:\/\/noticiasmercedinas.com","https:\/\/www.facebook.com\/cristian.falabella","https:\/\/www.instagram.com\/noticiasmercedinas\/","https:\/\/x.com\/https:\/\/twitter.com\/NOTMERCEDINAS"],"url":"https:\/\/noticiasmercedinas.com\/site\/author\/as000384\/"}]}},"amp_enabled":true,"_links":{"self":[{"href":"https:\/\/noticiasmercedinas.com\/site\/wp-json\/wp\/v2\/posts\/37226","targetHints":{"allow":["GET"]}}],"collection":[{"href":"https:\/\/noticiasmercedinas.com\/site\/wp-json\/wp\/v2\/posts"}],"about":[{"href":"https:\/\/noticiasmercedinas.com\/site\/wp-json\/wp\/v2\/types\/post"}],"author":[{"embeddable":true,"href":"https:\/\/noticiasmercedinas.com\/site\/wp-json\/wp\/v2\/users\/2"}],"replies":[{"embeddable":true,"href":"https:\/\/noticiasmercedinas.com\/site\/wp-json\/wp\/v2\/comments?post=37226"}],"version-history":[{"count":3,"href":"https:\/\/noticiasmercedinas.com\/site\/wp-json\/wp\/v2\/posts\/37226\/revisions"}],"predecessor-version":[{"id":37231,"href":"https:\/\/noticiasmercedinas.com\/site\/wp-json\/wp\/v2\/posts\/37226\/revisions\/37231"}],"wp:featuredmedia":[{"embeddable":true,"href":"https:\/\/noticiasmercedinas.com\/site\/wp-json\/wp\/v2\/media\/37228"}],"wp:attachment":[{"href":"https:\/\/noticiasmercedinas.com\/site\/wp-json\/wp\/v2\/media?parent=37226"}],"wp:term":[{"taxonomy":"category","embeddable":true,"href":"https:\/\/noticiasmercedinas.com\/site\/wp-json\/wp\/v2\/categories?post=37226"},{"taxonomy":"post_tag","embeddable":true,"href":"https:\/\/noticiasmercedinas.com\/site\/wp-json\/wp\/v2\/tags?post=37226"}],"curies":[{"name":"wp","href":"https:\/\/api.w.org\/{rel}","templated":true}]}}