{"id":37277,"date":"2020-01-01T20:19:48","date_gmt":"2020-01-01T23:19:48","guid":{"rendered":"https:\/\/noticiasmercedinas.com\/site\/?p=37277"},"modified":"2020-01-01T20:21:49","modified_gmt":"2020-01-01T23:21:49","slug":"fueron-49-los-periodistas-asesinados-en-2019","status":"publish","type":"post","link":"https:\/\/noticiasmercedinas.com\/site\/2020\/01\/01\/fueron-49-los-periodistas-asesinados-en-2019\/","title":{"rendered":"Fueron 49 los periodistas asesinados en 2019"},"content":{"rendered":"<p><img loading=\"lazy\" decoding=\"async\" src=\"https:\/\/noticiasmercedinas.com\/site\/wp-content\/uploads\/2020\/01\/csm_2019_graphics_pie_chart_d285297c2e7302209939061145566.jpg\" class=\"wp-image-37279 alignnone size-full\" width=\"540\" height=\"375\" srcset=\"https:\/\/noticiasmercedinas.com\/site\/wp-content\/uploads\/2020\/01\/csm_2019_graphics_pie_chart_d285297c2e7302209939061145566.jpg 540w, https:\/\/noticiasmercedinas.com\/site\/wp-content\/uploads\/2020\/01\/csm_2019_graphics_pie_chart_d285297c2e7302209939061145566-300x208.jpg 300w\" sizes=\"auto, (max-width: 540px) 100vw, 540px\" \/><\/p>\n<p>\u00abEl n\u00famero de muertes de periodistas registrado este a\u00f1o (49) es el m\u00e1s bajo desde el a\u00f1o 2000 (37). Sin embargo, los motivos de estos asesinatos siguen siendo los mismos hoy que en aquel entonces\u00bb, se\u00f1ala la Federaci\u00f3n Internacional de Periodismo, que publica la lista de asesinatos de periodistas en 2019.<\/p>\n<p>La FIP ha registrado un total de 49 asesinatos de periodistas y trabajadores\/as de medios de comunicaci\u00f3n en 2019, un descenso significativo con respecto a los 95 asesinatos registrados en 2018. La FIP considera que aunque el descenso de muertes de periodistas resulta de gran alivio, el alto n\u00famero de pa\u00edses afectados as\u00ed como los motivos de detr\u00e1s de cada asesinato son serios recordatorios de que la violencia contra periodistas sigue siendo generalizada y que el fracaso en la lucha contra la impunidad de estos cr\u00edmenes sigue siendo motivo de cr\u00edtica a aquellos que ostentan el poder.<\/p>\n<p>La FIP ha identificado 18 pa\u00edses repartidos en todas partes del mundo donde han sido asesinados\/as periodistas desde que comenzara el a\u00f1o, incluyendo \u00c1frica (9), Asia &#8211; Pac\u00edfico (12), Europa (2), Am\u00e9rica Latina (18) y Oriente Medio y el mundo \u00e1rabe (8). La FIP tambi\u00e9n registr\u00f3 seis muertes accidentales relacionadas con el trabajo en Tanzania (5) y los Estados Unidos (1).<\/p>\n<p>El n\u00famero de muertes es el m\u00e1s bajo desde el a\u00f1o 2000, a\u00f1o en el que murieron un total de 37 periodistas y trabajadores de medios de comunicaci\u00f3n. Sin embargo, los motivos de estas muertes siguen siendo hoy los mismos que por aquel entonces. M\u00e9xico encabeza la lista de pa\u00edses m\u00e1s peligrosos con 10 asesinatos de periodistas cuya actividad period\u00edstica puso en jaque a funcionarios corruptos y c\u00e1rteles de la droga. Afganist\u00e1n (5) y Pakist\u00e1n (4) tambi\u00e9n sufrieron asesinatos selectivos de periodistas.<br \/>\nPor otro lado, situaciones de fuego cruzado y ataques con bombas han causado la muerte de periodistas en Siria (5), Somalia (3) y Yemen (2). Otros compa\u00f1eros\/as murieron en el transcurso de disturbios civiles y pol\u00edticos o mientras informaban sobre estos incidentes en Hait\u00ed (1), Nigeria (1), Filipinas (1) e Irlanda del Norte (1).<\/p>\n<p>\u201cQue haya menos muertes de periodistas debe ser un motivo de alivio para todos\/as los que se han unido a la lucha por garantizar la seguridad de los\/as periodistas, una causa que ha liderado la FIP durante d\u00e9cadas\u201d, ha dicho el presidente de la FIP, Younes Mjahed. \u201cSin embargo, no resulta tan satisfactorio ver c\u00f3mo nuestros informes revelan contantemente que se producen m\u00e1s muertes de periodistas en pa\u00edses en situaciones de paz por informar sobre corrupci\u00f3n, crimen organizado y abuso de poder que en zonas de guerra. El fracaso de los gobiernos para detener la impunidad de estos cr\u00edmenes debe ser abordado a trav\u00e9s de la Convenci\u00f3n de la ONU para la protecci\u00f3n de periodistas que estamos promoviendo\u00bb.<\/p>\n<p>Las estad\u00edsticas de periodistas y personal de medios de comunicaci\u00f3n asesinados en 2019 son las siguientes:<\/p>\n<p>Ataques con bombas y asesinatos en situaciones de fuego cruzado: 49<br \/>\nMuertes accidentales : 6<br \/>\nN\u00famero total de muertes: 55<\/p>\n<p>Los pa\u00edses donde se han registrado m\u00e1s asesinatos de periodistas o trabajadores\/as de medios de comunicaci\u00f3n son:<\/p>\n<p>M\u00e9xico: 10<br \/>\nAfganist\u00e1n: 5<br \/>\nSiria: 5<br \/>\nPakist\u00e1n: 4<br \/>\nSomalia: 3<br \/>\nYemen: 2<br \/>\nFilipinas: 2<br \/>\nBrasil: 2<br \/>\nHait\u00ed: 2<br \/>\nHonduras: 2<\/p>\n","protected":false},"excerpt":{"rendered":"<p>\u00abEl n\u00famero de muertes de periodistas registrado este a\u00f1o (49) es el m\u00e1s bajo desde el a\u00f1o 2000 (37). Sin embargo, los motivos de estos asesinatos siguen siendo los mismos hoy que en aquel entonces\u00bb, se\u00f1ala la Federaci\u00f3n Internacional de Periodismo, que publica la lista de asesinatos de periodistas en 2019. La FIP ha registrado [&hellip;]<\/p>\n","protected":false},"author":2,"featured_media":37279,"comment_status":"open","ping_status":"open","sticky":false,"template":"","format":"standard","meta":{"footnotes":""},"categories":[4210],"tags":[1368,7838,179,568],"class_list":["post-37277","post","type-post","status-publish","format-standard","has-post-thumbnail","hentry","category-medios","tag-1368","tag-fip","tag-periodistas","tag-prensa"],"yoast_head":"<!-- This site is optimized with the Yoast SEO plugin v28.3 - https:\/\/yoast.com\/product\/yoast-seo-wordpress\/ -->\n<title>Fueron 49 los periodistas asesinados en 2019<\/title>\n<meta name=\"robots\" content=\"index, follow, max-snippet:-1, max-image-preview:large, max-video-preview:-1\" \/>\n<link rel=\"canonical\" href=\"https:\/\/noticiasmercedinas.com\/site\/2020\/01\/01\/fueron-49-los-periodistas-asesinados-en-2019\/\" \/>\n<meta property=\"og:locale\" content=\"es_ES\" \/>\n<meta property=\"og:type\" content=\"article\" \/>\n<meta property=\"og:title\" content=\"Fueron 49 los periodistas asesinados en 2019\" \/>\n<meta property=\"og:description\" content=\"\u00abEl n\u00famero de muertes de periodistas registrado este a\u00f1o (49) es el m\u00e1s bajo desde el a\u00f1o 2000 (37). Sin embargo, los motivos de estos asesinatos siguen siendo los mismos hoy que en aquel entonces\u00bb, se\u00f1ala la Federaci\u00f3n Internacional de Periodismo, que publica la lista de asesinatos de periodistas en 2019. La FIP ha registrado [&hellip;]\" \/>\n<meta property=\"og:url\" content=\"https:\/\/noticiasmercedinas.com\/site\/2020\/01\/01\/fueron-49-los-periodistas-asesinados-en-2019\/\" \/>\n<meta property=\"og:site_name\" content=\"NOTICIASMERCEDINAS.COM\" \/>\n<meta property=\"article:publisher\" content=\"https:\/\/www.facebook.com\/noticiasmercedinas\/\" \/>\n<meta property=\"article:author\" content=\"https:\/\/www.facebook.com\/cristian.falabella\" \/>\n<meta property=\"article:published_time\" content=\"2020-01-01T23:19:48+00:00\" \/>\n<meta property=\"article:modified_time\" content=\"2020-01-01T23:21:49+00:00\" \/>\n<meta property=\"og:image\" content=\"https:\/\/noticiasmercedinas.com\/site\/wp-content\/uploads\/2020\/01\/csm_2019_graphics_pie_chart_d285297c2e7302209939061145566.jpg\" \/>\n\t<meta property=\"og:image:width\" content=\"540\" \/>\n\t<meta property=\"og:image:height\" content=\"375\" \/>\n\t<meta property=\"og:image:type\" content=\"image\/jpeg\" \/>\n<meta name=\"author\" content=\"Cristian Falabella NOTICIASMERCEDINAS.COM\" \/>\n<meta name=\"twitter:card\" content=\"summary_large_image\" \/>\n<meta name=\"twitter:creator\" content=\"@https:\/\/twitter.com\/NOTMERCEDINAS\" \/>\n<meta name=\"twitter:site\" content=\"@notmercedinas\" \/>\n<meta name=\"twitter:label1\" content=\"Escrito por\" \/>\n\t<meta name=\"twitter:data1\" content=\"Cristian Falabella NOTICIASMERCEDINAS.COM\" \/>\n\t<meta name=\"twitter:label2\" content=\"Tiempo de lectura\" \/>\n\t<meta name=\"twitter:data2\" content=\"3 minutos\" \/>\n<script type=\"application\/ld+json\" class=\"yoast-schema-graph\">{\"@context\":\"https:\\\/\\\/schema.org\",\"@graph\":[{\"@type\":\"Article\",\"@id\":\"https:\\\/\\\/noticiasmercedinas.com\\\/site\\\/2020\\\/01\\\/01\\\/fueron-49-los-periodistas-asesinados-en-2019\\\/#article\",\"isPartOf\":{\"@id\":\"https:\\\/\\\/noticiasmercedinas.com\\\/site\\\/2020\\\/01\\\/01\\\/fueron-49-los-periodistas-asesinados-en-2019\\\/\"},\"author\":{\"name\":\"Cristian Falabella NOTICIASMERCEDINAS.COM\",\"@id\":\"https:\\\/\\\/noticiasmercedinas.com\\\/site\\\/#\\\/schema\\\/person\\\/d481a9696a5feaec13a60e2bbd991a6a\"},\"headline\":\"Fueron 49 los periodistas asesinados en 2019\",\"datePublished\":\"2020-01-01T23:19:48+00:00\",\"dateModified\":\"2020-01-01T23:21:49+00:00\",\"mainEntityOfPage\":{\"@id\":\"https:\\\/\\\/noticiasmercedinas.com\\\/site\\\/2020\\\/01\\\/01\\\/fueron-49-los-periodistas-asesinados-en-2019\\\/\"},\"wordCount\":554,\"commentCount\":0,\"publisher\":{\"@id\":\"https:\\\/\\\/noticiasmercedinas.com\\\/site\\\/#organization\"},\"image\":{\"@id\":\"https:\\\/\\\/noticiasmercedinas.com\\\/site\\\/2020\\\/01\\\/01\\\/fueron-49-los-periodistas-asesinados-en-2019\\\/#primaryimage\"},\"thumbnailUrl\":\"https:\\\/\\\/noticiasmercedinas.com\\\/site\\\/wp-content\\\/uploads\\\/2020\\\/01\\\/csm_2019_graphics_pie_chart_d285297c2e7302209939061145566.jpg\",\"keywords\":[\"2019\",\"fip\",\"periodistas\",\"Prensa\"],\"articleSection\":[\"Medios\"],\"inLanguage\":\"es\",\"potentialAction\":[{\"@type\":\"CommentAction\",\"name\":\"Comment\",\"target\":[\"https:\\\/\\\/noticiasmercedinas.com\\\/site\\\/2020\\\/01\\\/01\\\/fueron-49-los-periodistas-asesinados-en-2019\\\/#respond\"]}]},{\"@type\":\"WebPage\",\"@id\":\"https:\\\/\\\/noticiasmercedinas.com\\\/site\\\/2020\\\/01\\\/01\\\/fueron-49-los-periodistas-asesinados-en-2019\\\/\",\"url\":\"https:\\\/\\\/noticiasmercedinas.com\\\/site\\\/2020\\\/01\\\/01\\\/fueron-49-los-periodistas-asesinados-en-2019\\\/\",\"name\":\"Fueron 49 los periodistas asesinados en 2019\",\"isPartOf\":{\"@id\":\"https:\\\/\\\/noticiasmercedinas.com\\\/site\\\/#website\"},\"primaryImageOfPage\":{\"@id\":\"https:\\\/\\\/noticiasmercedinas.com\\\/site\\\/2020\\\/01\\\/01\\\/fueron-49-los-periodistas-asesinados-en-2019\\\/#primaryimage\"},\"image\":{\"@id\":\"https:\\\/\\\/noticiasmercedinas.com\\\/site\\\/2020\\\/01\\\/01\\\/fueron-49-los-periodistas-asesinados-en-2019\\\/#primaryimage\"},\"thumbnailUrl\":\"https:\\\/\\\/noticiasmercedinas.com\\\/site\\\/wp-content\\\/uploads\\\/2020\\\/01\\\/csm_2019_graphics_pie_chart_d285297c2e7302209939061145566.jpg\",\"datePublished\":\"2020-01-01T23:19:48+00:00\",\"dateModified\":\"2020-01-01T23:21:49+00:00\",\"breadcrumb\":{\"@id\":\"https:\\\/\\\/noticiasmercedinas.com\\\/site\\\/2020\\\/01\\\/01\\\/fueron-49-los-periodistas-asesinados-en-2019\\\/#breadcrumb\"},\"inLanguage\":\"es\",\"potentialAction\":[{\"@type\":\"ReadAction\",\"target\":[\"https:\\\/\\\/noticiasmercedinas.com\\\/site\\\/2020\\\/01\\\/01\\\/fueron-49-los-periodistas-asesinados-en-2019\\\/\"]}]},{\"@type\":\"ImageObject\",\"inLanguage\":\"es\",\"@id\":\"https:\\\/\\\/noticiasmercedinas.com\\\/site\\\/2020\\\/01\\\/01\\\/fueron-49-los-periodistas-asesinados-en-2019\\\/#primaryimage\",\"url\":\"https:\\\/\\\/noticiasmercedinas.com\\\/site\\\/wp-content\\\/uploads\\\/2020\\\/01\\\/csm_2019_graphics_pie_chart_d285297c2e7302209939061145566.jpg\",\"contentUrl\":\"https:\\\/\\\/noticiasmercedinas.com\\\/site\\\/wp-content\\\/uploads\\\/2020\\\/01\\\/csm_2019_graphics_pie_chart_d285297c2e7302209939061145566.jpg\",\"width\":540,\"height\":375},{\"@type\":\"BreadcrumbList\",\"@id\":\"https:\\\/\\\/noticiasmercedinas.com\\\/site\\\/2020\\\/01\\\/01\\\/fueron-49-los-periodistas-asesinados-en-2019\\\/#breadcrumb\",\"itemListElement\":[{\"@type\":\"ListItem\",\"position\":1,\"name\":\"Portada\",\"item\":\"https:\\\/\\\/noticiasmercedinas.com\\\/site\\\/\"},{\"@type\":\"ListItem\",\"position\":2,\"name\":\"Fueron 49 los periodistas asesinados en 2019\"}]},{\"@type\":\"WebSite\",\"@id\":\"https:\\\/\\\/noticiasmercedinas.com\\\/site\\\/#website\",\"url\":\"https:\\\/\\\/noticiasmercedinas.com\\\/site\\\/\",\"name\":\"NOTICIASMERCEDINAS.COM\",\"description\":\"Mercedes, Buenos Aires, Argentina\",\"publisher\":{\"@id\":\"https:\\\/\\\/noticiasmercedinas.com\\\/site\\\/#organization\"},\"potentialAction\":[{\"@type\":\"SearchAction\",\"target\":{\"@type\":\"EntryPoint\",\"urlTemplate\":\"https:\\\/\\\/noticiasmercedinas.com\\\/site\\\/?s={search_term_string}\"},\"query-input\":{\"@type\":\"PropertyValueSpecification\",\"valueRequired\":true,\"valueName\":\"search_term_string\"}}],\"inLanguage\":\"es\"},{\"@type\":\"Organization\",\"@id\":\"https:\\\/\\\/noticiasmercedinas.com\\\/site\\\/#organization\",\"name\":\"NOTICIASMERCEDINAS.COM\",\"url\":\"https:\\\/\\\/noticiasmercedinas.com\\\/site\\\/\",\"logo\":{\"@type\":\"ImageObject\",\"inLanguage\":\"es\",\"@id\":\"https:\\\/\\\/noticiasmercedinas.com\\\/site\\\/#\\\/schema\\\/logo\\\/image\\\/\",\"url\":\"https:\\\/\\\/noticiasmercedinas.com\\\/site\\\/wp-content\\\/uploads\\\/2020\\\/06\\\/LOGO-512.jpg\",\"contentUrl\":\"https:\\\/\\\/noticiasmercedinas.com\\\/site\\\/wp-content\\\/uploads\\\/2020\\\/06\\\/LOGO-512.jpg\",\"width\":512,\"height\":512,\"caption\":\"NOTICIASMERCEDINAS.COM\"},\"image\":{\"@id\":\"https:\\\/\\\/noticiasmercedinas.com\\\/site\\\/#\\\/schema\\\/logo\\\/image\\\/\"},\"sameAs\":[\"https:\\\/\\\/www.facebook.com\\\/noticiasmercedinas\\\/\",\"https:\\\/\\\/x.com\\\/notmercedinas\",\"https:\\\/\\\/www.instagram.com\\\/noticiasmercedinas\\\/\"]},{\"@type\":\"Person\",\"@id\":\"https:\\\/\\\/noticiasmercedinas.com\\\/site\\\/#\\\/schema\\\/person\\\/d481a9696a5feaec13a60e2bbd991a6a\",\"name\":\"Cristian Falabella NOTICIASMERCEDINAS.COM\",\"image\":{\"@type\":\"ImageObject\",\"inLanguage\":\"es\",\"@id\":\"https:\\\/\\\/secure.gravatar.com\\\/avatar\\\/0dbbfc45970cc46bcd0e57766228574ff3511d6eed045b182f536f0f478c1f06?s=96&d=mm&r=g\",\"url\":\"https:\\\/\\\/secure.gravatar.com\\\/avatar\\\/0dbbfc45970cc46bcd0e57766228574ff3511d6eed045b182f536f0f478c1f06?s=96&d=mm&r=g\",\"contentUrl\":\"https:\\\/\\\/secure.gravatar.com\\\/avatar\\\/0dbbfc45970cc46bcd0e57766228574ff3511d6eed045b182f536f0f478c1f06?s=96&d=mm&r=g\",\"caption\":\"Cristian Falabella NOTICIASMERCEDINAS.COM\"},\"description\":\"Periodista, editor de Noticias Mercedinas. Pas\u00f3 por varias redacciones y emprendimientos de prensa, en distintos formatos y \u00e9pocas. Se especializ\u00f3 --y sigue haci\u00e9ndolo-- en comunicaci\u00f3n en la web y en junio de 2006 fund\u00f3 este diario digital.\",\"sameAs\":[\"https:\\\/\\\/noticiasmercedinas.com\",\"https:\\\/\\\/www.facebook.com\\\/cristian.falabella\",\"https:\\\/\\\/www.instagram.com\\\/noticiasmercedinas\\\/\",\"https:\\\/\\\/x.com\\\/https:\\\/\\\/twitter.com\\\/NOTMERCEDINAS\"],\"url\":\"https:\\\/\\\/noticiasmercedinas.com\\\/site\\\/author\\\/as000384\\\/\"}]}<\/script>\n<!-- \/ Yoast SEO plugin. -->","yoast_head_json":{"title":"Fueron 49 los periodistas asesinados en 2019","robots":{"index":"index","follow":"follow","max-snippet":"max-snippet:-1","max-image-preview":"max-image-preview:large","max-video-preview":"max-video-preview:-1"},"canonical":"https:\/\/noticiasmercedinas.com\/site\/2020\/01\/01\/fueron-49-los-periodistas-asesinados-en-2019\/","og_locale":"es_ES","og_type":"article","og_title":"Fueron 49 los periodistas asesinados en 2019","og_description":"\u00abEl n\u00famero de muertes de periodistas registrado este a\u00f1o (49) es el m\u00e1s bajo desde el a\u00f1o 2000 (37). Sin embargo, los motivos de estos asesinatos siguen siendo los mismos hoy que en aquel entonces\u00bb, se\u00f1ala la Federaci\u00f3n Internacional de Periodismo, que publica la lista de asesinatos de periodistas en 2019. La FIP ha registrado [&hellip;]","og_url":"https:\/\/noticiasmercedinas.com\/site\/2020\/01\/01\/fueron-49-los-periodistas-asesinados-en-2019\/","og_site_name":"NOTICIASMERCEDINAS.COM","article_publisher":"https:\/\/www.facebook.com\/noticiasmercedinas\/","article_author":"https:\/\/www.facebook.com\/cristian.falabella","article_published_time":"2020-01-01T23:19:48+00:00","article_modified_time":"2020-01-01T23:21:49+00:00","og_image":[{"width":540,"height":375,"url":"https:\/\/noticiasmercedinas.com\/site\/wp-content\/uploads\/2020\/01\/csm_2019_graphics_pie_chart_d285297c2e7302209939061145566.jpg","type":"image\/jpeg"}],"author":"Cristian Falabella NOTICIASMERCEDINAS.COM","twitter_card":"summary_large_image","twitter_creator":"@https:\/\/twitter.com\/NOTMERCEDINAS","twitter_site":"@notmercedinas","twitter_misc":{"Escrito por":"Cristian Falabella NOTICIASMERCEDINAS.COM","Tiempo de lectura":"3 minutos"},"schema":{"@context":"https:\/\/schema.org","@graph":[{"@type":"Article","@id":"https:\/\/noticiasmercedinas.com\/site\/2020\/01\/01\/fueron-49-los-periodistas-asesinados-en-2019\/#article","isPartOf":{"@id":"https:\/\/noticiasmercedinas.com\/site\/2020\/01\/01\/fueron-49-los-periodistas-asesinados-en-2019\/"},"author":{"name":"Cristian Falabella NOTICIASMERCEDINAS.COM","@id":"https:\/\/noticiasmercedinas.com\/site\/#\/schema\/person\/d481a9696a5feaec13a60e2bbd991a6a"},"headline":"Fueron 49 los periodistas asesinados en 2019","datePublished":"2020-01-01T23:19:48+00:00","dateModified":"2020-01-01T23:21:49+00:00","mainEntityOfPage":{"@id":"https:\/\/noticiasmercedinas.com\/site\/2020\/01\/01\/fueron-49-los-periodistas-asesinados-en-2019\/"},"wordCount":554,"commentCount":0,"publisher":{"@id":"https:\/\/noticiasmercedinas.com\/site\/#organization"},"image":{"@id":"https:\/\/noticiasmercedinas.com\/site\/2020\/01\/01\/fueron-49-los-periodistas-asesinados-en-2019\/#primaryimage"},"thumbnailUrl":"https:\/\/noticiasmercedinas.com\/site\/wp-content\/uploads\/2020\/01\/csm_2019_graphics_pie_chart_d285297c2e7302209939061145566.jpg","keywords":["2019","fip","periodistas","Prensa"],"articleSection":["Medios"],"inLanguage":"es","potentialAction":[{"@type":"CommentAction","name":"Comment","target":["https:\/\/noticiasmercedinas.com\/site\/2020\/01\/01\/fueron-49-los-periodistas-asesinados-en-2019\/#respond"]}]},{"@type":"WebPage","@id":"https:\/\/noticiasmercedinas.com\/site\/2020\/01\/01\/fueron-49-los-periodistas-asesinados-en-2019\/","url":"https:\/\/noticiasmercedinas.com\/site\/2020\/01\/01\/fueron-49-los-periodistas-asesinados-en-2019\/","name":"Fueron 49 los periodistas asesinados en 2019","isPartOf":{"@id":"https:\/\/noticiasmercedinas.com\/site\/#website"},"primaryImageOfPage":{"@id":"https:\/\/noticiasmercedinas.com\/site\/2020\/01\/01\/fueron-49-los-periodistas-asesinados-en-2019\/#primaryimage"},"image":{"@id":"https:\/\/noticiasmercedinas.com\/site\/2020\/01\/01\/fueron-49-los-periodistas-asesinados-en-2019\/#primaryimage"},"thumbnailUrl":"https:\/\/noticiasmercedinas.com\/site\/wp-content\/uploads\/2020\/01\/csm_2019_graphics_pie_chart_d285297c2e7302209939061145566.jpg","datePublished":"2020-01-01T23:19:48+00:00","dateModified":"2020-01-01T23:21:49+00:00","breadcrumb":{"@id":"https:\/\/noticiasmercedinas.com\/site\/2020\/01\/01\/fueron-49-los-periodistas-asesinados-en-2019\/#breadcrumb"},"inLanguage":"es","potentialAction":[{"@type":"ReadAction","target":["https:\/\/noticiasmercedinas.com\/site\/2020\/01\/01\/fueron-49-los-periodistas-asesinados-en-2019\/"]}]},{"@type":"ImageObject","inLanguage":"es","@id":"https:\/\/noticiasmercedinas.com\/site\/2020\/01\/01\/fueron-49-los-periodistas-asesinados-en-2019\/#primaryimage","url":"https:\/\/noticiasmercedinas.com\/site\/wp-content\/uploads\/2020\/01\/csm_2019_graphics_pie_chart_d285297c2e7302209939061145566.jpg","contentUrl":"https:\/\/noticiasmercedinas.com\/site\/wp-content\/uploads\/2020\/01\/csm_2019_graphics_pie_chart_d285297c2e7302209939061145566.jpg","width":540,"height":375},{"@type":"BreadcrumbList","@id":"https:\/\/noticiasmercedinas.com\/site\/2020\/01\/01\/fueron-49-los-periodistas-asesinados-en-2019\/#breadcrumb","itemListElement":[{"@type":"ListItem","position":1,"name":"Portada","item":"https:\/\/noticiasmercedinas.com\/site\/"},{"@type":"ListItem","position":2,"name":"Fueron 49 los periodistas asesinados en 2019"}]},{"@type":"WebSite","@id":"https:\/\/noticiasmercedinas.com\/site\/#website","url":"https:\/\/noticiasmercedinas.com\/site\/","name":"NOTICIASMERCEDINAS.COM","description":"Mercedes, Buenos Aires, Argentina","publisher":{"@id":"https:\/\/noticiasmercedinas.com\/site\/#organization"},"potentialAction":[{"@type":"SearchAction","target":{"@type":"EntryPoint","urlTemplate":"https:\/\/noticiasmercedinas.com\/site\/?s={search_term_string}"},"query-input":{"@type":"PropertyValueSpecification","valueRequired":true,"valueName":"search_term_string"}}],"inLanguage":"es"},{"@type":"Organization","@id":"https:\/\/noticiasmercedinas.com\/site\/#organization","name":"NOTICIASMERCEDINAS.COM","url":"https:\/\/noticiasmercedinas.com\/site\/","logo":{"@type":"ImageObject","inLanguage":"es","@id":"https:\/\/noticiasmercedinas.com\/site\/#\/schema\/logo\/image\/","url":"https:\/\/noticiasmercedinas.com\/site\/wp-content\/uploads\/2020\/06\/LOGO-512.jpg","contentUrl":"https:\/\/noticiasmercedinas.com\/site\/wp-content\/uploads\/2020\/06\/LOGO-512.jpg","width":512,"height":512,"caption":"NOTICIASMERCEDINAS.COM"},"image":{"@id":"https:\/\/noticiasmercedinas.com\/site\/#\/schema\/logo\/image\/"},"sameAs":["https:\/\/www.facebook.com\/noticiasmercedinas\/","https:\/\/x.com\/notmercedinas","https:\/\/www.instagram.com\/noticiasmercedinas\/"]},{"@type":"Person","@id":"https:\/\/noticiasmercedinas.com\/site\/#\/schema\/person\/d481a9696a5feaec13a60e2bbd991a6a","name":"Cristian Falabella NOTICIASMERCEDINAS.COM","image":{"@type":"ImageObject","inLanguage":"es","@id":"https:\/\/secure.gravatar.com\/avatar\/0dbbfc45970cc46bcd0e57766228574ff3511d6eed045b182f536f0f478c1f06?s=96&d=mm&r=g","url":"https:\/\/secure.gravatar.com\/avatar\/0dbbfc45970cc46bcd0e57766228574ff3511d6eed045b182f536f0f478c1f06?s=96&d=mm&r=g","contentUrl":"https:\/\/secure.gravatar.com\/avatar\/0dbbfc45970cc46bcd0e57766228574ff3511d6eed045b182f536f0f478c1f06?s=96&d=mm&r=g","caption":"Cristian Falabella NOTICIASMERCEDINAS.COM"},"description":"Periodista, editor de Noticias Mercedinas. Pas\u00f3 por varias redacciones y emprendimientos de prensa, en distintos formatos y \u00e9pocas. Se especializ\u00f3 --y sigue haci\u00e9ndolo-- en comunicaci\u00f3n en la web y en junio de 2006 fund\u00f3 este diario digital.","sameAs":["https:\/\/noticiasmercedinas.com","https:\/\/www.facebook.com\/cristian.falabella","https:\/\/www.instagram.com\/noticiasmercedinas\/","https:\/\/x.com\/https:\/\/twitter.com\/NOTMERCEDINAS"],"url":"https:\/\/noticiasmercedinas.com\/site\/author\/as000384\/"}]}},"amp_enabled":true,"_links":{"self":[{"href":"https:\/\/noticiasmercedinas.com\/site\/wp-json\/wp\/v2\/posts\/37277","targetHints":{"allow":["GET"]}}],"collection":[{"href":"https:\/\/noticiasmercedinas.com\/site\/wp-json\/wp\/v2\/posts"}],"about":[{"href":"https:\/\/noticiasmercedinas.com\/site\/wp-json\/wp\/v2\/types\/post"}],"author":[{"embeddable":true,"href":"https:\/\/noticiasmercedinas.com\/site\/wp-json\/wp\/v2\/users\/2"}],"replies":[{"embeddable":true,"href":"https:\/\/noticiasmercedinas.com\/site\/wp-json\/wp\/v2\/comments?post=37277"}],"version-history":[{"count":2,"href":"https:\/\/noticiasmercedinas.com\/site\/wp-json\/wp\/v2\/posts\/37277\/revisions"}],"predecessor-version":[{"id":37280,"href":"https:\/\/noticiasmercedinas.com\/site\/wp-json\/wp\/v2\/posts\/37277\/revisions\/37280"}],"wp:featuredmedia":[{"embeddable":true,"href":"https:\/\/noticiasmercedinas.com\/site\/wp-json\/wp\/v2\/media\/37279"}],"wp:attachment":[{"href":"https:\/\/noticiasmercedinas.com\/site\/wp-json\/wp\/v2\/media?parent=37277"}],"wp:term":[{"taxonomy":"category","embeddable":true,"href":"https:\/\/noticiasmercedinas.com\/site\/wp-json\/wp\/v2\/categories?post=37277"},{"taxonomy":"post_tag","embeddable":true,"href":"https:\/\/noticiasmercedinas.com\/site\/wp-json\/wp\/v2\/tags?post=37277"}],"curies":[{"name":"wp","href":"https:\/\/api.w.org\/{rel}","templated":true}]}}